{"id":1066,"date":"2024-05-13T12:32:44","date_gmt":"2024-05-13T15:32:44","guid":{"rendered":"https:\/\/universoesportivo.net\/?p=1066"},"modified":"2024-05-13T12:35:51","modified_gmt":"2024-05-13T15:35:51","slug":"wellington-cirino-assume-a-vice-lideranca-na-copa-truck-apos-disputar-a-etapa-de-londrina","status":"publish","type":"post","link":"https:\/\/universoesportivo.net\/index.php\/2024\/05\/13\/wellington-cirino-assume-a-vice-lideranca-na-copa-truck-apos-disputar-a-etapa-de-londrina\/","title":{"rendered":"Wellington Cirino assume a vice-lideran\u00e7a na Copa Truck ap\u00f3s disputar a etapa de Londrina"},"content":{"rendered":"\n<p class=\"has-medium-font-size\">Competindo em seu Estado natal, o Paran\u00e1, Wellington Cirino (Iveco do Brasil | Usual Brinquedos | Cresol | Elring Das Original | Librelato | Nino Far\u00f3is | Cirino Sabadin | Meritor | Embreagex | Piloto Diesel) viveu um final de semana extremamente positivo na 3\u00aa etapa da Copa Truck.<\/p>\n\n\n\n<p class=\"has-medium-font-size\">Em Londrina, no Aut\u00f3dromo Ayrton Senna, o piloto da equipe Iveco Usual Racing conquistou o 4\u00ba lugar nas duas provas da rodada e assumiu a vice-lideran\u00e7a na classifica\u00e7\u00e3o da principal categoria do campeonato, a Super Truck Pr\u00f3. Mas, mais do que isso, o pentacampe\u00e3o brasileiro em provas de caminh\u00e3o diminuiu em tr\u00eas pontos sua diferen\u00e7a para o l\u00edder.<\/p>\n\n\n\n<p class=\"has-medium-font-size\">\u201cFoi um \u00f3timo final de semana em termos de campeonato, pois agora a diferen\u00e7a baixou para 11 pontos e, al\u00e9m de tudo, sou o vice-l\u00edder\u201d, resumiu Wellington Cirino.<\/p>\n\n\n\n<p class=\"has-medium-font-size\">O trabalho da equipe Iveco Usual Racing foi novamente exemplar ao longo dos treinos oficiais, quando Wellington Cirino e o time buscaram o acerto ideal de seu caminh\u00e3o Iveco.<\/p>\n\n\n\n<p class=\"has-medium-font-size\">\u201cTrabalhamos bastante em busca das medidas corretas para termos um caminh\u00e3o bem acertado, mas chegamos a este objetivo apenas na tomada de tempos\u201d, relembra Cirino.<\/p>\n\n\n\n<p class=\"has-medium-font-size\">S\u00e9timo colocado na tomada de tempos, Cirino se habilitou a participar do Top Qualifying, que reunia os oito pilotos mais r\u00e1pidos da sess\u00e3o classificat\u00f3ria. E, na sequ\u00eancia, mostrou ainda mais evolu\u00e7\u00e3o ao garantir a quarta posi\u00e7\u00e3o no grid de largada da primeira prova da etapa.<\/p>\n\n\n\n<p class=\"has-medium-font-size\">Depois, nas provas, Wellington Cirino finalizou na quarta posi\u00e7\u00e3o em ambas, somando respectivamente 16 e 12 pontos que lhe permitiram comemorar e comprovar seu crescimento na competi\u00e7\u00e3o.<\/p>\n\n\n\n<p class=\"has-medium-font-size\">A Copa Truck e Wellington Cirino voltam \u00e0 pista nos dias 14, 15 e 16 de junho, quando ser\u00e1 realizada a 4\u00aa etapa da temporada, no Aut\u00f3dromo Potenza, em Minas Gerais.<\/p>\n\n\n\n<p class=\"has-medium-font-size\">KG COM Assessoria de Comunica\u00e7\u00e3o &#8211; Erno Drehmer \/ Foto: Rodrigo Ruiz<\/p>\n","protected":false},"excerpt":{"rendered":"<p>Piloto da equipe Iveco Usual Racing conquistou o 4\u00ba lugar nas duas provas da rodada e assumiu a vice-lideran\u00e7a na classifica\u00e7\u00e3o da principal categoria do campeonato.<\/p>\n","protected":false},"author":2,"featured_media":1069,"comment_status":"closed","ping_status":"closed","sticky":false,"template":"","format":"standard","meta":{"colormag_page_container_layout":"default_layout","colormag_page_sidebar_layout":"default_layout","footnotes":""},"categories":[17,54],"tags":[],"class_list":["post-1066","post","type-post","status-publish","format-standard","has-post-thumbnail","hentry","category-esportes","category-truck"],"magazineBlocksPostFeaturedMedia":{"thumbnail":"https:\/\/universoesportivo.net\/wp-content\/uploads\/2024\/05\/cirino3-150x150.jpg","medium":"https:\/\/universoesportivo.net\/wp-content\/uploads\/2024\/05\/cirino3-300x200.jpg","medium_large":"https:\/\/universoesportivo.net\/wp-content\/uploads\/2024\/05\/cirino3.jpg","large":"https:\/\/universoesportivo.net\/wp-content\/uploads\/2024\/05\/cirino3.jpg","1536x1536":"https:\/\/universoesportivo.net\/wp-content\/uploads\/2024\/05\/cirino3.jpg","2048x2048":"https:\/\/universoesportivo.net\/wp-content\/uploads\/2024\/05\/cirino3.jpg","trp-custom-language-flag":"https:\/\/universoesportivo.net\/wp-content\/uploads\/2024\/05\/cirino3-18x12.jpg","colormag-highlighted-post":"https:\/\/universoesportivo.net\/wp-content\/uploads\/2024\/05\/cirino3-392x272.jpg","colormag-featured-post-medium":"https:\/\/universoesportivo.net\/wp-content\/uploads\/2024\/05\/cirino3-390x205.jpg","colormag-featured-post-small":"https:\/\/universoesportivo.net\/wp-content\/uploads\/2024\/05\/cirino3-130x90.jpg","colormag-featured-image":"https:\/\/universoesportivo.net\/wp-content\/uploads\/2024\/05\/cirino3.jpg","colormag-default-news":"https:\/\/universoesportivo.net\/wp-content\/uploads\/2024\/05\/cirino3-150x150.jpg","colormag-featured-image-large":"https:\/\/universoesportivo.net\/wp-content\/uploads\/2024\/05\/cirino3.jpg","colormag-elementor-block-extra-large-thumbnail":"https:\/\/universoesportivo.net\/wp-content\/uploads\/2024\/05\/cirino3.jpg","colormag-elementor-grid-large-thumbnail":"https:\/\/universoesportivo.net\/wp-content\/uploads\/2024\/05\/cirino3.jpg","colormag-elementor-grid-small-thumbnail":"https:\/\/universoesportivo.net\/wp-content\/uploads\/2024\/05\/cirino3-285x307.jpg","colormag-elementor-grid-medium-large-thumbnail":"https:\/\/universoesportivo.net\/wp-content\/uploads\/2024\/05\/cirino3-461x198.jpg"},"magazineBlocksPostAuthor":{"name":"Tiago Lotto","avatar":"https:\/\/secure.gravatar.com\/avatar\/fd6891125b3fb6ba0b794cd20c3398d5bb0fa20d2b9963a95f19470e5a6192f7?s=96&d=mm&r=g"},"magazineBlocksPostCommentsNumber":false,"magazineBlocksPostExcerpt":"Piloto da equipe Iveco Usual Racing conquistou o 4\u00ba lugar nas duas provas da rodada e assumiu a vice-lideran\u00e7a na classifica\u00e7\u00e3o da principal categoria do campeonato.","magazineBlocksPostCategories":["ESPORTES","Truck"],"magazineBlocksPostViewCount":28,"magazineBlocksPostReadTime":2,"magazine_blocks_featured_image_url":{"full":["https:\/\/universoesportivo.net\/wp-content\/uploads\/2024\/05\/cirino3.jpg",461,307,false],"medium":["https:\/\/universoesportivo.net\/wp-content\/uploads\/2024\/05\/cirino3-300x200.jpg",300,200,true],"thumbnail":["https:\/\/universoesportivo.net\/wp-content\/uploads\/2024\/05\/cirino3-150x150.jpg",150,150,true]},"magazine_blocks_author":{"display_name":"Tiago Lotto","author_link":"https:\/\/universoesportivo.net\/index.php\/author\/tiago-lotto\/"},"magazine_blocks_comment":0,"magazine_blocks_author_image":"https:\/\/secure.gravatar.com\/avatar\/fd6891125b3fb6ba0b794cd20c3398d5bb0fa20d2b9963a95f19470e5a6192f7?s=96&d=mm&r=g","magazine_blocks_category":"<a href=\"#\" class=\"category-link category-link-17\">ESPORTES<\/a> <a href=\"#\" class=\"category-link category-link-54\">Truck<\/a>","yoast_head":"<!-- This site is optimized with the Yoast SEO plugin v27.4 - https:\/\/yoast.com\/product\/yoast-seo-wordpress\/ -->\n<title>Wellington Cirino assume a vice-lideran\u00e7a na Copa Truck ap\u00f3s disputar a etapa de Londrina - Universo Esportivo<\/title>\n<meta name=\"robots\" content=\"index, follow, max-snippet:-1, max-image-preview:large, max-video-preview:-1\" \/>\n<link rel=\"canonical\" href=\"https:\/\/universoesportivo.net\/index.php\/2024\/05\/13\/wellington-cirino-assume-a-vice-lideranca-na-copa-truck-apos-disputar-a-etapa-de-londrina\/\" \/>\n<meta property=\"og:locale\" content=\"pt_BR\" \/>\n<meta property=\"og:type\" content=\"article\" \/>\n<meta property=\"og:title\" content=\"Wellington Cirino assume a vice-lideran\u00e7a na Copa Truck ap\u00f3s disputar a etapa de Londrina - Universo Esportivo\" \/>\n<meta property=\"og:description\" content=\"Piloto da equipe Iveco Usual Racing conquistou o 4\u00ba lugar nas duas provas da rodada e assumiu a vice-lideran\u00e7a na classifica\u00e7\u00e3o da principal categoria do campeonato.\" \/>\n<meta property=\"og:url\" content=\"https:\/\/universoesportivo.net\/index.php\/2024\/05\/13\/wellington-cirino-assume-a-vice-lideranca-na-copa-truck-apos-disputar-a-etapa-de-londrina\/\" \/>\n<meta property=\"og:site_name\" content=\"Universo Esportivo\" \/>\n<meta property=\"article:publisher\" content=\"https:\/\/www.facebook.com\/universoesportivo.net\" \/>\n<meta property=\"article:published_time\" content=\"2024-05-13T15:32:44+00:00\" \/>\n<meta property=\"article:modified_time\" content=\"2024-05-13T15:35:51+00:00\" \/>\n<meta property=\"og:image\" content=\"https:\/\/universoesportivo.net\/wp-content\/uploads\/2024\/05\/cirino3.jpg\" \/>\n\t<meta property=\"og:image:width\" content=\"461\" \/>\n\t<meta property=\"og:image:height\" content=\"307\" \/>\n\t<meta property=\"og:image:type\" content=\"image\/jpeg\" \/>\n<meta name=\"author\" content=\"Tiago Lotto\" \/>\n<meta name=\"twitter:card\" content=\"summary_large_image\" \/>\n<meta name=\"twitter:label1\" content=\"Escrito por\" \/>\n\t<meta name=\"twitter:data1\" content=\"Tiago Lotto\" \/>\n\t<meta name=\"twitter:label2\" content=\"Est. tempo de leitura\" \/>\n\t<meta name=\"twitter:data2\" content=\"2 minutos\" \/>\n<script type=\"application\/ld+json\" class=\"yoast-schema-graph\">{\"@context\":\"https:\\\/\\\/schema.org\",\"@graph\":[{\"@type\":\"Article\",\"@id\":\"https:\\\/\\\/universoesportivo.net\\\/index.php\\\/2024\\\/05\\\/13\\\/wellington-cirino-assume-a-vice-lideranca-na-copa-truck-apos-disputar-a-etapa-de-londrina\\\/#article\",\"isPartOf\":{\"@id\":\"https:\\\/\\\/universoesportivo.net\\\/index.php\\\/2024\\\/05\\\/13\\\/wellington-cirino-assume-a-vice-lideranca-na-copa-truck-apos-disputar-a-etapa-de-londrina\\\/\"},\"author\":{\"name\":\"Tiago Lotto\",\"@id\":\"https:\\\/\\\/universoesportivo.net\\\/#\\\/schema\\\/person\\\/62bc311bc7def56a6bc83711536e74bd\"},\"headline\":\"Wellington Cirino assume a vice-lideran\u00e7a na Copa Truck ap\u00f3s disputar a etapa de Londrina\",\"datePublished\":\"2024-05-13T15:32:44+00:00\",\"dateModified\":\"2024-05-13T15:35:51+00:00\",\"mainEntityOfPage\":{\"@id\":\"https:\\\/\\\/universoesportivo.net\\\/index.php\\\/2024\\\/05\\\/13\\\/wellington-cirino-assume-a-vice-lideranca-na-copa-truck-apos-disputar-a-etapa-de-londrina\\\/\"},\"wordCount\":325,\"publisher\":{\"@id\":\"https:\\\/\\\/universoesportivo.net\\\/#organization\"},\"image\":{\"@id\":\"https:\\\/\\\/universoesportivo.net\\\/index.php\\\/2024\\\/05\\\/13\\\/wellington-cirino-assume-a-vice-lideranca-na-copa-truck-apos-disputar-a-etapa-de-londrina\\\/#primaryimage\"},\"thumbnailUrl\":\"https:\\\/\\\/universoesportivo.net\\\/wp-content\\\/uploads\\\/2024\\\/05\\\/cirino3.jpg\",\"articleSection\":[\"ESPORTES\",\"Truck\"],\"inLanguage\":\"pt-BR\"},{\"@type\":\"WebPage\",\"@id\":\"https:\\\/\\\/universoesportivo.net\\\/index.php\\\/2024\\\/05\\\/13\\\/wellington-cirino-assume-a-vice-lideranca-na-copa-truck-apos-disputar-a-etapa-de-londrina\\\/\",\"url\":\"https:\\\/\\\/universoesportivo.net\\\/index.php\\\/2024\\\/05\\\/13\\\/wellington-cirino-assume-a-vice-lideranca-na-copa-truck-apos-disputar-a-etapa-de-londrina\\\/\",\"name\":\"Wellington Cirino assume a vice-lideran\u00e7a na Copa Truck ap\u00f3s disputar a etapa de Londrina - Universo Esportivo\",\"isPartOf\":{\"@id\":\"https:\\\/\\\/universoesportivo.net\\\/#website\"},\"primaryImageOfPage\":{\"@id\":\"https:\\\/\\\/universoesportivo.net\\\/index.php\\\/2024\\\/05\\\/13\\\/wellington-cirino-assume-a-vice-lideranca-na-copa-truck-apos-disputar-a-etapa-de-londrina\\\/#primaryimage\"},\"image\":{\"@id\":\"https:\\\/\\\/universoesportivo.net\\\/index.php\\\/2024\\\/05\\\/13\\\/wellington-cirino-assume-a-vice-lideranca-na-copa-truck-apos-disputar-a-etapa-de-londrina\\\/#primaryimage\"},\"thumbnailUrl\":\"https:\\\/\\\/universoesportivo.net\\\/wp-content\\\/uploads\\\/2024\\\/05\\\/cirino3.jpg\",\"datePublished\":\"2024-05-13T15:32:44+00:00\",\"dateModified\":\"2024-05-13T15:35:51+00:00\",\"breadcrumb\":{\"@id\":\"https:\\\/\\\/universoesportivo.net\\\/index.php\\\/2024\\\/05\\\/13\\\/wellington-cirino-assume-a-vice-lideranca-na-copa-truck-apos-disputar-a-etapa-de-londrina\\\/#breadcrumb\"},\"inLanguage\":\"pt-BR\",\"potentialAction\":[{\"@type\":\"ReadAction\",\"target\":[\"https:\\\/\\\/universoesportivo.net\\\/index.php\\\/2024\\\/05\\\/13\\\/wellington-cirino-assume-a-vice-lideranca-na-copa-truck-apos-disputar-a-etapa-de-londrina\\\/\"]}]},{\"@type\":\"ImageObject\",\"inLanguage\":\"pt-BR\",\"@id\":\"https:\\\/\\\/universoesportivo.net\\\/index.php\\\/2024\\\/05\\\/13\\\/wellington-cirino-assume-a-vice-lideranca-na-copa-truck-apos-disputar-a-etapa-de-londrina\\\/#primaryimage\",\"url\":\"https:\\\/\\\/universoesportivo.net\\\/wp-content\\\/uploads\\\/2024\\\/05\\\/cirino3.jpg\",\"contentUrl\":\"https:\\\/\\\/universoesportivo.net\\\/wp-content\\\/uploads\\\/2024\\\/05\\\/cirino3.jpg\",\"width\":461,\"height\":307},{\"@type\":\"BreadcrumbList\",\"@id\":\"https:\\\/\\\/universoesportivo.net\\\/index.php\\\/2024\\\/05\\\/13\\\/wellington-cirino-assume-a-vice-lideranca-na-copa-truck-apos-disputar-a-etapa-de-londrina\\\/#breadcrumb\",\"itemListElement\":[{\"@type\":\"ListItem\",\"position\":1,\"name\":\"In\u00edcio\",\"item\":\"https:\\\/\\\/universoesportivo.net\\\/\"},{\"@type\":\"ListItem\",\"position\":2,\"name\":\"Wellington Cirino assume a vice-lideran\u00e7a na Copa Truck ap\u00f3s disputar a etapa de Londrina\"}]},{\"@type\":\"WebSite\",\"@id\":\"https:\\\/\\\/universoesportivo.net\\\/#website\",\"url\":\"https:\\\/\\\/universoesportivo.net\\\/\",\"name\":\"Universo Esportivo\",\"description\":\"O portal de todas as modalidades esportivas!\",\"publisher\":{\"@id\":\"https:\\\/\\\/universoesportivo.net\\\/#organization\"},\"alternateName\":\"Jornalista Tiago Contador Lotto\",\"potentialAction\":[{\"@type\":\"SearchAction\",\"target\":{\"@type\":\"EntryPoint\",\"urlTemplate\":\"https:\\\/\\\/universoesportivo.net\\\/?s={search_term_string}\"},\"query-input\":{\"@type\":\"PropertyValueSpecification\",\"valueRequired\":true,\"valueName\":\"search_term_string\"}}],\"inLanguage\":\"pt-BR\"},{\"@type\":\"Organization\",\"@id\":\"https:\\\/\\\/universoesportivo.net\\\/#organization\",\"name\":\"Universo Esportivo\",\"alternateName\":\"Tiago Lotto\",\"url\":\"https:\\\/\\\/universoesportivo.net\\\/\",\"logo\":{\"@type\":\"ImageObject\",\"inLanguage\":\"pt-BR\",\"@id\":\"https:\\\/\\\/universoesportivo.net\\\/#\\\/schema\\\/logo\\\/image\\\/\",\"url\":\"https:\\\/\\\/universoesportivo.net\\\/wp-content\\\/uploads\\\/2024\\\/05\\\/cropped-cropped-universo-6.png\",\"contentUrl\":\"https:\\\/\\\/universoesportivo.net\\\/wp-content\\\/uploads\\\/2024\\\/05\\\/cropped-cropped-universo-6.png\",\"width\":413,\"height\":295,\"caption\":\"Universo Esportivo\"},\"image\":{\"@id\":\"https:\\\/\\\/universoesportivo.net\\\/#\\\/schema\\\/logo\\\/image\\\/\"},\"sameAs\":[\"https:\\\/\\\/www.facebook.com\\\/universoesportivo.net\"]},{\"@type\":\"Person\",\"@id\":\"https:\\\/\\\/universoesportivo.net\\\/#\\\/schema\\\/person\\\/62bc311bc7def56a6bc83711536e74bd\",\"name\":\"Tiago Lotto\",\"image\":{\"@type\":\"ImageObject\",\"inLanguage\":\"pt-BR\",\"@id\":\"https:\\\/\\\/secure.gravatar.com\\\/avatar\\\/fd6891125b3fb6ba0b794cd20c3398d5bb0fa20d2b9963a95f19470e5a6192f7?s=96&d=mm&r=g\",\"url\":\"https:\\\/\\\/secure.gravatar.com\\\/avatar\\\/fd6891125b3fb6ba0b794cd20c3398d5bb0fa20d2b9963a95f19470e5a6192f7?s=96&d=mm&r=g\",\"contentUrl\":\"https:\\\/\\\/secure.gravatar.com\\\/avatar\\\/fd6891125b3fb6ba0b794cd20c3398d5bb0fa20d2b9963a95f19470e5a6192f7?s=96&d=mm&r=g\",\"caption\":\"Tiago Lotto\"},\"url\":\"https:\\\/\\\/universoesportivo.net\\\/index.php\\\/author\\\/tiago-lotto\\\/\"}]}<\/script>\n<!-- \/ Yoast SEO plugin. -->","yoast_head_json":{"title":"Wellington Cirino assume a vice-lideran\u00e7a na Copa Truck ap\u00f3s disputar a etapa de Londrina - Universo Esportivo","robots":{"index":"index","follow":"follow","max-snippet":"max-snippet:-1","max-image-preview":"max-image-preview:large","max-video-preview":"max-video-preview:-1"},"canonical":"https:\/\/universoesportivo.net\/index.php\/2024\/05\/13\/wellington-cirino-assume-a-vice-lideranca-na-copa-truck-apos-disputar-a-etapa-de-londrina\/","og_locale":"pt_BR","og_type":"article","og_title":"Wellington Cirino assume a vice-lideran\u00e7a na Copa Truck ap\u00f3s disputar a etapa de Londrina - Universo Esportivo","og_description":"Piloto da equipe Iveco Usual Racing conquistou o 4\u00ba lugar nas duas provas da rodada e assumiu a vice-lideran\u00e7a na classifica\u00e7\u00e3o da principal categoria do campeonato.","og_url":"https:\/\/universoesportivo.net\/index.php\/2024\/05\/13\/wellington-cirino-assume-a-vice-lideranca-na-copa-truck-apos-disputar-a-etapa-de-londrina\/","og_site_name":"Universo Esportivo","article_publisher":"https:\/\/www.facebook.com\/universoesportivo.net","article_published_time":"2024-05-13T15:32:44+00:00","article_modified_time":"2024-05-13T15:35:51+00:00","og_image":[{"width":461,"height":307,"url":"https:\/\/universoesportivo.net\/wp-content\/uploads\/2024\/05\/cirino3.jpg","type":"image\/jpeg"}],"author":"Tiago Lotto","twitter_card":"summary_large_image","twitter_misc":{"Escrito por":"Tiago Lotto","Est. tempo de leitura":"2 minutos"},"schema":{"@context":"https:\/\/schema.org","@graph":[{"@type":"Article","@id":"https:\/\/universoesportivo.net\/index.php\/2024\/05\/13\/wellington-cirino-assume-a-vice-lideranca-na-copa-truck-apos-disputar-a-etapa-de-londrina\/#article","isPartOf":{"@id":"https:\/\/universoesportivo.net\/index.php\/2024\/05\/13\/wellington-cirino-assume-a-vice-lideranca-na-copa-truck-apos-disputar-a-etapa-de-londrina\/"},"author":{"name":"Tiago Lotto","@id":"https:\/\/universoesportivo.net\/#\/schema\/person\/62bc311bc7def56a6bc83711536e74bd"},"headline":"Wellington Cirino assume a vice-lideran\u00e7a na Copa Truck ap\u00f3s disputar a etapa de Londrina","datePublished":"2024-05-13T15:32:44+00:00","dateModified":"2024-05-13T15:35:51+00:00","mainEntityOfPage":{"@id":"https:\/\/universoesportivo.net\/index.php\/2024\/05\/13\/wellington-cirino-assume-a-vice-lideranca-na-copa-truck-apos-disputar-a-etapa-de-londrina\/"},"wordCount":325,"publisher":{"@id":"https:\/\/universoesportivo.net\/#organization"},"image":{"@id":"https:\/\/universoesportivo.net\/index.php\/2024\/05\/13\/wellington-cirino-assume-a-vice-lideranca-na-copa-truck-apos-disputar-a-etapa-de-londrina\/#primaryimage"},"thumbnailUrl":"https:\/\/universoesportivo.net\/wp-content\/uploads\/2024\/05\/cirino3.jpg","articleSection":["ESPORTES","Truck"],"inLanguage":"pt-BR"},{"@type":"WebPage","@id":"https:\/\/universoesportivo.net\/index.php\/2024\/05\/13\/wellington-cirino-assume-a-vice-lideranca-na-copa-truck-apos-disputar-a-etapa-de-londrina\/","url":"https:\/\/universoesportivo.net\/index.php\/2024\/05\/13\/wellington-cirino-assume-a-vice-lideranca-na-copa-truck-apos-disputar-a-etapa-de-londrina\/","name":"Wellington Cirino assume a vice-lideran\u00e7a na Copa Truck ap\u00f3s disputar a etapa de Londrina - Universo Esportivo","isPartOf":{"@id":"https:\/\/universoesportivo.net\/#website"},"primaryImageOfPage":{"@id":"https:\/\/universoesportivo.net\/index.php\/2024\/05\/13\/wellington-cirino-assume-a-vice-lideranca-na-copa-truck-apos-disputar-a-etapa-de-londrina\/#primaryimage"},"image":{"@id":"https:\/\/universoesportivo.net\/index.php\/2024\/05\/13\/wellington-cirino-assume-a-vice-lideranca-na-copa-truck-apos-disputar-a-etapa-de-londrina\/#primaryimage"},"thumbnailUrl":"https:\/\/universoesportivo.net\/wp-content\/uploads\/2024\/05\/cirino3.jpg","datePublished":"2024-05-13T15:32:44+00:00","dateModified":"2024-05-13T15:35:51+00:00","breadcrumb":{"@id":"https:\/\/universoesportivo.net\/index.php\/2024\/05\/13\/wellington-cirino-assume-a-vice-lideranca-na-copa-truck-apos-disputar-a-etapa-de-londrina\/#breadcrumb"},"inLanguage":"pt-BR","potentialAction":[{"@type":"ReadAction","target":["https:\/\/universoesportivo.net\/index.php\/2024\/05\/13\/wellington-cirino-assume-a-vice-lideranca-na-copa-truck-apos-disputar-a-etapa-de-londrina\/"]}]},{"@type":"ImageObject","inLanguage":"pt-BR","@id":"https:\/\/universoesportivo.net\/index.php\/2024\/05\/13\/wellington-cirino-assume-a-vice-lideranca-na-copa-truck-apos-disputar-a-etapa-de-londrina\/#primaryimage","url":"https:\/\/universoesportivo.net\/wp-content\/uploads\/2024\/05\/cirino3.jpg","contentUrl":"https:\/\/universoesportivo.net\/wp-content\/uploads\/2024\/05\/cirino3.jpg","width":461,"height":307},{"@type":"BreadcrumbList","@id":"https:\/\/universoesportivo.net\/index.php\/2024\/05\/13\/wellington-cirino-assume-a-vice-lideranca-na-copa-truck-apos-disputar-a-etapa-de-londrina\/#breadcrumb","itemListElement":[{"@type":"ListItem","position":1,"name":"In\u00edcio","item":"https:\/\/universoesportivo.net\/"},{"@type":"ListItem","position":2,"name":"Wellington Cirino assume a vice-lideran\u00e7a na Copa Truck ap\u00f3s disputar a etapa de Londrina"}]},{"@type":"WebSite","@id":"https:\/\/universoesportivo.net\/#website","url":"https:\/\/universoesportivo.net\/","name":"Universo Esportivo","description":"O portal de todas as modalidades esportivas!","publisher":{"@id":"https:\/\/universoesportivo.net\/#organization"},"alternateName":"Jornalista Tiago Contador Lotto","potentialAction":[{"@type":"SearchAction","target":{"@type":"EntryPoint","urlTemplate":"https:\/\/universoesportivo.net\/?s={search_term_string}"},"query-input":{"@type":"PropertyValueSpecification","valueRequired":true,"valueName":"search_term_string"}}],"inLanguage":"pt-BR"},{"@type":"Organization","@id":"https:\/\/universoesportivo.net\/#organization","name":"Universo Esportivo","alternateName":"Tiago Lotto","url":"https:\/\/universoesportivo.net\/","logo":{"@type":"ImageObject","inLanguage":"pt-BR","@id":"https:\/\/universoesportivo.net\/#\/schema\/logo\/image\/","url":"https:\/\/universoesportivo.net\/wp-content\/uploads\/2024\/05\/cropped-cropped-universo-6.png","contentUrl":"https:\/\/universoesportivo.net\/wp-content\/uploads\/2024\/05\/cropped-cropped-universo-6.png","width":413,"height":295,"caption":"Universo Esportivo"},"image":{"@id":"https:\/\/universoesportivo.net\/#\/schema\/logo\/image\/"},"sameAs":["https:\/\/www.facebook.com\/universoesportivo.net"]},{"@type":"Person","@id":"https:\/\/universoesportivo.net\/#\/schema\/person\/62bc311bc7def56a6bc83711536e74bd","name":"Tiago Lotto","image":{"@type":"ImageObject","inLanguage":"pt-BR","@id":"https:\/\/secure.gravatar.com\/avatar\/fd6891125b3fb6ba0b794cd20c3398d5bb0fa20d2b9963a95f19470e5a6192f7?s=96&d=mm&r=g","url":"https:\/\/secure.gravatar.com\/avatar\/fd6891125b3fb6ba0b794cd20c3398d5bb0fa20d2b9963a95f19470e5a6192f7?s=96&d=mm&r=g","contentUrl":"https:\/\/secure.gravatar.com\/avatar\/fd6891125b3fb6ba0b794cd20c3398d5bb0fa20d2b9963a95f19470e5a6192f7?s=96&d=mm&r=g","caption":"Tiago Lotto"},"url":"https:\/\/universoesportivo.net\/index.php\/author\/tiago-lotto\/"}]}},"jetpack_featured_media_url":"https:\/\/universoesportivo.net\/wp-content\/uploads\/2024\/05\/cirino3.jpg","_links":{"self":[{"href":"https:\/\/universoesportivo.net\/index.php\/wp-json\/wp\/v2\/posts\/1066","targetHints":{"allow":["GET"]}}],"collection":[{"href":"https:\/\/universoesportivo.net\/index.php\/wp-json\/wp\/v2\/posts"}],"about":[{"href":"https:\/\/universoesportivo.net\/index.php\/wp-json\/wp\/v2\/types\/post"}],"author":[{"embeddable":true,"href":"https:\/\/universoesportivo.net\/index.php\/wp-json\/wp\/v2\/users\/2"}],"replies":[{"embeddable":true,"href":"https:\/\/universoesportivo.net\/index.php\/wp-json\/wp\/v2\/comments?post=1066"}],"version-history":[{"count":1,"href":"https:\/\/universoesportivo.net\/index.php\/wp-json\/wp\/v2\/posts\/1066\/revisions"}],"predecessor-version":[{"id":1068,"href":"https:\/\/universoesportivo.net\/index.php\/wp-json\/wp\/v2\/posts\/1066\/revisions\/1068"}],"wp:featuredmedia":[{"embeddable":true,"href":"https:\/\/universoesportivo.net\/index.php\/wp-json\/wp\/v2\/media\/1069"}],"wp:attachment":[{"href":"https:\/\/universoesportivo.net\/index.php\/wp-json\/wp\/v2\/media?parent=1066"}],"wp:term":[{"taxonomy":"category","embeddable":true,"href":"https:\/\/universoesportivo.net\/index.php\/wp-json\/wp\/v2\/categories?post=1066"},{"taxonomy":"post_tag","embeddable":true,"href":"https:\/\/universoesportivo.net\/index.php\/wp-json\/wp\/v2\/tags?post=1066"}],"curies":[{"name":"wp","href":"https:\/\/api.w.org\/{rel}","templated":true}]}}