{"id":1094,"date":"2024-05-17T12:09:05","date_gmt":"2024-05-17T15:09:05","guid":{"rendered":"https:\/\/universoesportivo.net\/?p=1094"},"modified":"2024-05-17T12:09:05","modified_gmt":"2024-05-17T15:09:05","slug":"copa-internacional-de-futebol-de-base-sera-realizada-em-paraguacu-paulista","status":"publish","type":"post","link":"https:\/\/universoesportivo.net\/index.php\/2024\/05\/17\/copa-internacional-de-futebol-de-base-sera-realizada-em-paraguacu-paulista\/","title":{"rendered":"Copa Internacional de Futebol de Base ser\u00e1 realizada em Paragua\u00e7u Paulista"},"content":{"rendered":"\n<p class=\"has-medium-font-size\">A Est\u00e2ncia Tur\u00edstica de Paragua\u00e7u Paulista\/SP ser\u00e1 sede da Copa Internacional de Futebol de Base \u2013 Carlos Francisco de Oliveira, o Carl\u00e3o G\u00e1s. A competi\u00e7\u00e3o acontecer\u00e1 de 13 a 19 de julho.<\/p>\n\n\n\n<p class=\"has-medium-font-size\">Realizada pela WM Show de Bola, especializada em eventos esportivos, a Copa tem total apoio do Departamento de Esportes e Lazer de Paragua\u00e7u Paulista.<\/p>\n\n\n\n<p class=\"has-medium-font-size\">A competi\u00e7\u00e3o vai reunir atletas das categorias sub-10 at\u00e9 sub-18. Cerca de 2 mil atletas dever\u00e3o disputar a competi\u00e7\u00e3o. As equipes participantes ficar\u00e3o alojadas em escolas, entidades, gin\u00e1sios e demais parceiros do evento. Os alojamentos ter\u00e3o toda infraestrutura para as delega\u00e7\u00f5es.<\/p>\n\n\n\n<p class=\"has-medium-font-size\">Segundo o ex-jogador Wilson Maia, diretor da Show de Bola, o objetivo da Copa \u00e9 revelar jogadores para grandes clubes. J\u00e1 est\u00e3o confirmados a presen\u00e7a de 15 observadores, os chamados olheiros.<\/p>\n\n\n\n<p class=\"has-medium-font-size\">\u201cA Copa \u00e9 voltada para as escolas de futebol, por\u00e9m, muitas vezes, v\u00e1rios clubes participam com suas categorias de base. Em Paragua\u00e7u j\u00e1 temos confirmadas presen\u00e7as de times do Paraguai e, provavelmente, equipes da Bol\u00edvia e Uruguai\u201d, comentou Wilson Maia \u00e0 reportagem do Universo Esportivo.<\/p>\n\n\n\n<p class=\"has-medium-font-size\">INFORMA\u00c7\u00d5ES &#8211; As equipes interessadas em participar da competi\u00e7\u00e3o devem entrar em contato com a WM Show de Bola, pelo fone (44) 98828-0565, falar com Wilson Maia.<\/p>\n\n\n\n<p class=\"has-medium-font-size\">Maia \u00e9 ex-jogador profissional. Foi goleiro de v\u00e1rios clubes do pa\u00eds, entre eles Ponte Preta, Coritiba, Mogi Mirim, Gr\u00eamio Catanduvense, Londrina, Matsubara, entre outros. Como atleta, foi treinado por grandes t\u00e9cnicos do Brasil: Vanderlei Luxerburgo (na Ponte Preta), Pepe (Ponte Preta), Luiz Felipe Scolari (Coritiba), Carpegiani (Coritiba), entre outros.<\/p>\n\n\n\n<p class=\"has-medium-font-size\">\u201cA Copa Internacional de Futebol de Base de Paragua\u00e7u Paulista \u00e9 uma oportunidade aos jovens que sonham em ser jogadores profissionais. \u00c9 uma verdadeira vitrine no cen\u00e1rio do futebol\u201d, completou.<\/p>\n\n\n\n<p class=\"has-medium-font-size\">Maia agradeceu o apoio da Prefeitura de Paragua\u00e7u, por meio do prefeito Ant\u00f4nio Takashi Sasada.<\/p>\n\n\n\n<p class=\"has-medium-font-size\">Texto: Tiago Lotto \/ Foto: Prefeitura de Paragua\u00e7u<\/p>\n","protected":false},"excerpt":{"rendered":"<p>A competi\u00e7\u00e3o vai reunir atletas das categorias sub-10 at\u00e9 sub-18. Cerca de 2 mil atletas dever\u00e3o disputar a competi\u00e7\u00e3o. Copa acontece de 13 a 19 de julho. <\/p>\n","protected":false},"author":2,"featured_media":1095,"comment_status":"closed","ping_status":"closed","sticky":false,"template":"","format":"standard","meta":{"colormag_page_container_layout":"default_layout","colormag_page_sidebar_layout":"default_layout","footnotes":""},"categories":[17,43],"tags":[],"class_list":["post-1094","post","type-post","status-publish","format-standard","has-post-thumbnail","hentry","category-esportes","category-futebol"],"magazineBlocksPostFeaturedMedia":{"thumbnail":"https:\/\/universoesportivo.net\/wp-content\/uploads\/2024\/05\/copapara2-150x150.jpg","medium":"https:\/\/universoesportivo.net\/wp-content\/uploads\/2024\/05\/copapara2-300x200.jpg","medium_large":"https:\/\/universoesportivo.net\/wp-content\/uploads\/2024\/05\/copapara2.jpg","large":"https:\/\/universoesportivo.net\/wp-content\/uploads\/2024\/05\/copapara2.jpg","1536x1536":"https:\/\/universoesportivo.net\/wp-content\/uploads\/2024\/05\/copapara2.jpg","2048x2048":"https:\/\/universoesportivo.net\/wp-content\/uploads\/2024\/05\/copapara2.jpg","trp-custom-language-flag":"https:\/\/universoesportivo.net\/wp-content\/uploads\/2024\/05\/copapara2-18x12.jpg","colormag-highlighted-post":"https:\/\/universoesportivo.net\/wp-content\/uploads\/2024\/05\/copapara2-392x272.jpg","colormag-featured-post-medium":"https:\/\/universoesportivo.net\/wp-content\/uploads\/2024\/05\/copapara2-390x205.jpg","colormag-featured-post-small":"https:\/\/universoesportivo.net\/wp-content\/uploads\/2024\/05\/copapara2-130x90.jpg","colormag-featured-image":"https:\/\/universoesportivo.net\/wp-content\/uploads\/2024\/05\/copapara2.jpg","colormag-default-news":"https:\/\/universoesportivo.net\/wp-content\/uploads\/2024\/05\/copapara2-150x150.jpg","colormag-featured-image-large":"https:\/\/universoesportivo.net\/wp-content\/uploads\/2024\/05\/copapara2.jpg","colormag-elementor-block-extra-large-thumbnail":"https:\/\/universoesportivo.net\/wp-content\/uploads\/2024\/05\/copapara2.jpg","colormag-elementor-grid-large-thumbnail":"https:\/\/universoesportivo.net\/wp-content\/uploads\/2024\/05\/copapara2.jpg","colormag-elementor-grid-small-thumbnail":"https:\/\/universoesportivo.net\/wp-content\/uploads\/2024\/05\/copapara2-285x280.jpg","colormag-elementor-grid-medium-large-thumbnail":"https:\/\/universoesportivo.net\/wp-content\/uploads\/2024\/05\/copapara2-420x198.jpg"},"magazineBlocksPostAuthor":{"name":"Tiago Lotto","avatar":"https:\/\/secure.gravatar.com\/avatar\/fd6891125b3fb6ba0b794cd20c3398d5bb0fa20d2b9963a95f19470e5a6192f7?s=96&d=mm&r=g"},"magazineBlocksPostCommentsNumber":false,"magazineBlocksPostExcerpt":"A competi\u00e7\u00e3o vai reunir atletas das categorias sub-10 at\u00e9 sub-18. Cerca de 2 mil atletas dever\u00e3o disputar a competi\u00e7\u00e3o. Copa acontece de 13 a 19 de julho. ","magazineBlocksPostCategories":["ESPORTES","Futebol"],"magazineBlocksPostViewCount":41,"magazineBlocksPostReadTime":2,"magazine_blocks_featured_image_url":{"full":["https:\/\/universoesportivo.net\/wp-content\/uploads\/2024\/05\/copapara2.jpg",420,280,false],"medium":["https:\/\/universoesportivo.net\/wp-content\/uploads\/2024\/05\/copapara2-300x200.jpg",300,200,true],"thumbnail":["https:\/\/universoesportivo.net\/wp-content\/uploads\/2024\/05\/copapara2-150x150.jpg",150,150,true]},"magazine_blocks_author":{"display_name":"Tiago Lotto","author_link":"https:\/\/universoesportivo.net\/index.php\/author\/tiago-lotto\/"},"magazine_blocks_comment":0,"magazine_blocks_author_image":"https:\/\/secure.gravatar.com\/avatar\/fd6891125b3fb6ba0b794cd20c3398d5bb0fa20d2b9963a95f19470e5a6192f7?s=96&d=mm&r=g","magazine_blocks_category":"<a href=\"#\" class=\"category-link category-link-17\">ESPORTES<\/a> <a href=\"#\" class=\"category-link category-link-43\">Futebol<\/a>","yoast_head":"<!-- This site is optimized with the Yoast SEO plugin v27.4 - https:\/\/yoast.com\/product\/yoast-seo-wordpress\/ -->\n<title>Copa Internacional de Futebol de Base ser\u00e1 realizada em Paragua\u00e7u Paulista - Universo Esportivo<\/title>\n<meta name=\"robots\" content=\"index, follow, max-snippet:-1, max-image-preview:large, max-video-preview:-1\" \/>\n<link rel=\"canonical\" href=\"https:\/\/universoesportivo.net\/index.php\/2024\/05\/17\/copa-internacional-de-futebol-de-base-sera-realizada-em-paraguacu-paulista\/\" \/>\n<meta property=\"og:locale\" content=\"pt_BR\" \/>\n<meta property=\"og:type\" content=\"article\" \/>\n<meta property=\"og:title\" content=\"Copa Internacional de Futebol de Base ser\u00e1 realizada em Paragua\u00e7u Paulista - Universo Esportivo\" \/>\n<meta property=\"og:description\" content=\"A competi\u00e7\u00e3o vai reunir atletas das categorias sub-10 at\u00e9 sub-18. Cerca de 2 mil atletas dever\u00e3o disputar a competi\u00e7\u00e3o. Copa acontece de 13 a 19 de julho.\" \/>\n<meta property=\"og:url\" content=\"https:\/\/universoesportivo.net\/index.php\/2024\/05\/17\/copa-internacional-de-futebol-de-base-sera-realizada-em-paraguacu-paulista\/\" \/>\n<meta property=\"og:site_name\" content=\"Universo Esportivo\" \/>\n<meta property=\"article:publisher\" content=\"https:\/\/www.facebook.com\/universoesportivo.net\" \/>\n<meta property=\"article:published_time\" content=\"2024-05-17T15:09:05+00:00\" \/>\n<meta property=\"og:image\" content=\"https:\/\/universoesportivo.net\/wp-content\/uploads\/2024\/05\/copapara2.jpg\" \/>\n\t<meta property=\"og:image:width\" content=\"420\" \/>\n\t<meta property=\"og:image:height\" content=\"280\" \/>\n\t<meta property=\"og:image:type\" content=\"image\/jpeg\" \/>\n<meta name=\"author\" content=\"Tiago Lotto\" \/>\n<meta name=\"twitter:card\" content=\"summary_large_image\" \/>\n<meta name=\"twitter:label1\" content=\"Escrito por\" \/>\n\t<meta name=\"twitter:data1\" content=\"Tiago Lotto\" \/>\n\t<meta name=\"twitter:label2\" content=\"Est. tempo de leitura\" \/>\n\t<meta name=\"twitter:data2\" content=\"2 minutos\" \/>\n<script type=\"application\/ld+json\" class=\"yoast-schema-graph\">{\"@context\":\"https:\\\/\\\/schema.org\",\"@graph\":[{\"@type\":\"Article\",\"@id\":\"https:\\\/\\\/universoesportivo.net\\\/index.php\\\/2024\\\/05\\\/17\\\/copa-internacional-de-futebol-de-base-sera-realizada-em-paraguacu-paulista\\\/#article\",\"isPartOf\":{\"@id\":\"https:\\\/\\\/universoesportivo.net\\\/index.php\\\/2024\\\/05\\\/17\\\/copa-internacional-de-futebol-de-base-sera-realizada-em-paraguacu-paulista\\\/\"},\"author\":{\"name\":\"Tiago Lotto\",\"@id\":\"https:\\\/\\\/universoesportivo.net\\\/#\\\/schema\\\/person\\\/62bc311bc7def56a6bc83711536e74bd\"},\"headline\":\"Copa Internacional de Futebol de Base ser\u00e1 realizada em Paragua\u00e7u Paulista\",\"datePublished\":\"2024-05-17T15:09:05+00:00\",\"mainEntityOfPage\":{\"@id\":\"https:\\\/\\\/universoesportivo.net\\\/index.php\\\/2024\\\/05\\\/17\\\/copa-internacional-de-futebol-de-base-sera-realizada-em-paraguacu-paulista\\\/\"},\"wordCount\":334,\"publisher\":{\"@id\":\"https:\\\/\\\/universoesportivo.net\\\/#organization\"},\"image\":{\"@id\":\"https:\\\/\\\/universoesportivo.net\\\/index.php\\\/2024\\\/05\\\/17\\\/copa-internacional-de-futebol-de-base-sera-realizada-em-paraguacu-paulista\\\/#primaryimage\"},\"thumbnailUrl\":\"https:\\\/\\\/universoesportivo.net\\\/wp-content\\\/uploads\\\/2024\\\/05\\\/copapara2.jpg\",\"articleSection\":[\"ESPORTES\",\"Futebol\"],\"inLanguage\":\"pt-BR\"},{\"@type\":\"WebPage\",\"@id\":\"https:\\\/\\\/universoesportivo.net\\\/index.php\\\/2024\\\/05\\\/17\\\/copa-internacional-de-futebol-de-base-sera-realizada-em-paraguacu-paulista\\\/\",\"url\":\"https:\\\/\\\/universoesportivo.net\\\/index.php\\\/2024\\\/05\\\/17\\\/copa-internacional-de-futebol-de-base-sera-realizada-em-paraguacu-paulista\\\/\",\"name\":\"Copa Internacional de Futebol de Base ser\u00e1 realizada em Paragua\u00e7u Paulista - Universo Esportivo\",\"isPartOf\":{\"@id\":\"https:\\\/\\\/universoesportivo.net\\\/#website\"},\"primaryImageOfPage\":{\"@id\":\"https:\\\/\\\/universoesportivo.net\\\/index.php\\\/2024\\\/05\\\/17\\\/copa-internacional-de-futebol-de-base-sera-realizada-em-paraguacu-paulista\\\/#primaryimage\"},\"image\":{\"@id\":\"https:\\\/\\\/universoesportivo.net\\\/index.php\\\/2024\\\/05\\\/17\\\/copa-internacional-de-futebol-de-base-sera-realizada-em-paraguacu-paulista\\\/#primaryimage\"},\"thumbnailUrl\":\"https:\\\/\\\/universoesportivo.net\\\/wp-content\\\/uploads\\\/2024\\\/05\\\/copapara2.jpg\",\"datePublished\":\"2024-05-17T15:09:05+00:00\",\"breadcrumb\":{\"@id\":\"https:\\\/\\\/universoesportivo.net\\\/index.php\\\/2024\\\/05\\\/17\\\/copa-internacional-de-futebol-de-base-sera-realizada-em-paraguacu-paulista\\\/#breadcrumb\"},\"inLanguage\":\"pt-BR\",\"potentialAction\":[{\"@type\":\"ReadAction\",\"target\":[\"https:\\\/\\\/universoesportivo.net\\\/index.php\\\/2024\\\/05\\\/17\\\/copa-internacional-de-futebol-de-base-sera-realizada-em-paraguacu-paulista\\\/\"]}]},{\"@type\":\"ImageObject\",\"inLanguage\":\"pt-BR\",\"@id\":\"https:\\\/\\\/universoesportivo.net\\\/index.php\\\/2024\\\/05\\\/17\\\/copa-internacional-de-futebol-de-base-sera-realizada-em-paraguacu-paulista\\\/#primaryimage\",\"url\":\"https:\\\/\\\/universoesportivo.net\\\/wp-content\\\/uploads\\\/2024\\\/05\\\/copapara2.jpg\",\"contentUrl\":\"https:\\\/\\\/universoesportivo.net\\\/wp-content\\\/uploads\\\/2024\\\/05\\\/copapara2.jpg\",\"width\":420,\"height\":280},{\"@type\":\"BreadcrumbList\",\"@id\":\"https:\\\/\\\/universoesportivo.net\\\/index.php\\\/2024\\\/05\\\/17\\\/copa-internacional-de-futebol-de-base-sera-realizada-em-paraguacu-paulista\\\/#breadcrumb\",\"itemListElement\":[{\"@type\":\"ListItem\",\"position\":1,\"name\":\"In\u00edcio\",\"item\":\"https:\\\/\\\/universoesportivo.net\\\/\"},{\"@type\":\"ListItem\",\"position\":2,\"name\":\"Copa Internacional de Futebol de Base ser\u00e1 realizada em Paragua\u00e7u Paulista\"}]},{\"@type\":\"WebSite\",\"@id\":\"https:\\\/\\\/universoesportivo.net\\\/#website\",\"url\":\"https:\\\/\\\/universoesportivo.net\\\/\",\"name\":\"Universo Esportivo\",\"description\":\"O portal de todas as modalidades esportivas!\",\"publisher\":{\"@id\":\"https:\\\/\\\/universoesportivo.net\\\/#organization\"},\"alternateName\":\"Jornalista Tiago Contador Lotto\",\"potentialAction\":[{\"@type\":\"SearchAction\",\"target\":{\"@type\":\"EntryPoint\",\"urlTemplate\":\"https:\\\/\\\/universoesportivo.net\\\/?s={search_term_string}\"},\"query-input\":{\"@type\":\"PropertyValueSpecification\",\"valueRequired\":true,\"valueName\":\"search_term_string\"}}],\"inLanguage\":\"pt-BR\"},{\"@type\":\"Organization\",\"@id\":\"https:\\\/\\\/universoesportivo.net\\\/#organization\",\"name\":\"Universo Esportivo\",\"alternateName\":\"Tiago Lotto\",\"url\":\"https:\\\/\\\/universoesportivo.net\\\/\",\"logo\":{\"@type\":\"ImageObject\",\"inLanguage\":\"pt-BR\",\"@id\":\"https:\\\/\\\/universoesportivo.net\\\/#\\\/schema\\\/logo\\\/image\\\/\",\"url\":\"https:\\\/\\\/universoesportivo.net\\\/wp-content\\\/uploads\\\/2024\\\/05\\\/cropped-cropped-universo-6.png\",\"contentUrl\":\"https:\\\/\\\/universoesportivo.net\\\/wp-content\\\/uploads\\\/2024\\\/05\\\/cropped-cropped-universo-6.png\",\"width\":413,\"height\":295,\"caption\":\"Universo Esportivo\"},\"image\":{\"@id\":\"https:\\\/\\\/universoesportivo.net\\\/#\\\/schema\\\/logo\\\/image\\\/\"},\"sameAs\":[\"https:\\\/\\\/www.facebook.com\\\/universoesportivo.net\"]},{\"@type\":\"Person\",\"@id\":\"https:\\\/\\\/universoesportivo.net\\\/#\\\/schema\\\/person\\\/62bc311bc7def56a6bc83711536e74bd\",\"name\":\"Tiago Lotto\",\"image\":{\"@type\":\"ImageObject\",\"inLanguage\":\"pt-BR\",\"@id\":\"https:\\\/\\\/secure.gravatar.com\\\/avatar\\\/fd6891125b3fb6ba0b794cd20c3398d5bb0fa20d2b9963a95f19470e5a6192f7?s=96&d=mm&r=g\",\"url\":\"https:\\\/\\\/secure.gravatar.com\\\/avatar\\\/fd6891125b3fb6ba0b794cd20c3398d5bb0fa20d2b9963a95f19470e5a6192f7?s=96&d=mm&r=g\",\"contentUrl\":\"https:\\\/\\\/secure.gravatar.com\\\/avatar\\\/fd6891125b3fb6ba0b794cd20c3398d5bb0fa20d2b9963a95f19470e5a6192f7?s=96&d=mm&r=g\",\"caption\":\"Tiago Lotto\"},\"url\":\"https:\\\/\\\/universoesportivo.net\\\/index.php\\\/author\\\/tiago-lotto\\\/\"}]}<\/script>\n<!-- \/ Yoast SEO plugin. -->","yoast_head_json":{"title":"Copa Internacional de Futebol de Base ser\u00e1 realizada em Paragua\u00e7u Paulista - Universo Esportivo","robots":{"index":"index","follow":"follow","max-snippet":"max-snippet:-1","max-image-preview":"max-image-preview:large","max-video-preview":"max-video-preview:-1"},"canonical":"https:\/\/universoesportivo.net\/index.php\/2024\/05\/17\/copa-internacional-de-futebol-de-base-sera-realizada-em-paraguacu-paulista\/","og_locale":"pt_BR","og_type":"article","og_title":"Copa Internacional de Futebol de Base ser\u00e1 realizada em Paragua\u00e7u Paulista - Universo Esportivo","og_description":"A competi\u00e7\u00e3o vai reunir atletas das categorias sub-10 at\u00e9 sub-18. Cerca de 2 mil atletas dever\u00e3o disputar a competi\u00e7\u00e3o. Copa acontece de 13 a 19 de julho.","og_url":"https:\/\/universoesportivo.net\/index.php\/2024\/05\/17\/copa-internacional-de-futebol-de-base-sera-realizada-em-paraguacu-paulista\/","og_site_name":"Universo Esportivo","article_publisher":"https:\/\/www.facebook.com\/universoesportivo.net","article_published_time":"2024-05-17T15:09:05+00:00","og_image":[{"width":420,"height":280,"url":"https:\/\/universoesportivo.net\/wp-content\/uploads\/2024\/05\/copapara2.jpg","type":"image\/jpeg"}],"author":"Tiago Lotto","twitter_card":"summary_large_image","twitter_misc":{"Escrito por":"Tiago Lotto","Est. tempo de leitura":"2 minutos"},"schema":{"@context":"https:\/\/schema.org","@graph":[{"@type":"Article","@id":"https:\/\/universoesportivo.net\/index.php\/2024\/05\/17\/copa-internacional-de-futebol-de-base-sera-realizada-em-paraguacu-paulista\/#article","isPartOf":{"@id":"https:\/\/universoesportivo.net\/index.php\/2024\/05\/17\/copa-internacional-de-futebol-de-base-sera-realizada-em-paraguacu-paulista\/"},"author":{"name":"Tiago Lotto","@id":"https:\/\/universoesportivo.net\/#\/schema\/person\/62bc311bc7def56a6bc83711536e74bd"},"headline":"Copa Internacional de Futebol de Base ser\u00e1 realizada em Paragua\u00e7u Paulista","datePublished":"2024-05-17T15:09:05+00:00","mainEntityOfPage":{"@id":"https:\/\/universoesportivo.net\/index.php\/2024\/05\/17\/copa-internacional-de-futebol-de-base-sera-realizada-em-paraguacu-paulista\/"},"wordCount":334,"publisher":{"@id":"https:\/\/universoesportivo.net\/#organization"},"image":{"@id":"https:\/\/universoesportivo.net\/index.php\/2024\/05\/17\/copa-internacional-de-futebol-de-base-sera-realizada-em-paraguacu-paulista\/#primaryimage"},"thumbnailUrl":"https:\/\/universoesportivo.net\/wp-content\/uploads\/2024\/05\/copapara2.jpg","articleSection":["ESPORTES","Futebol"],"inLanguage":"pt-BR"},{"@type":"WebPage","@id":"https:\/\/universoesportivo.net\/index.php\/2024\/05\/17\/copa-internacional-de-futebol-de-base-sera-realizada-em-paraguacu-paulista\/","url":"https:\/\/universoesportivo.net\/index.php\/2024\/05\/17\/copa-internacional-de-futebol-de-base-sera-realizada-em-paraguacu-paulista\/","name":"Copa Internacional de Futebol de Base ser\u00e1 realizada em Paragua\u00e7u Paulista - Universo Esportivo","isPartOf":{"@id":"https:\/\/universoesportivo.net\/#website"},"primaryImageOfPage":{"@id":"https:\/\/universoesportivo.net\/index.php\/2024\/05\/17\/copa-internacional-de-futebol-de-base-sera-realizada-em-paraguacu-paulista\/#primaryimage"},"image":{"@id":"https:\/\/universoesportivo.net\/index.php\/2024\/05\/17\/copa-internacional-de-futebol-de-base-sera-realizada-em-paraguacu-paulista\/#primaryimage"},"thumbnailUrl":"https:\/\/universoesportivo.net\/wp-content\/uploads\/2024\/05\/copapara2.jpg","datePublished":"2024-05-17T15:09:05+00:00","breadcrumb":{"@id":"https:\/\/universoesportivo.net\/index.php\/2024\/05\/17\/copa-internacional-de-futebol-de-base-sera-realizada-em-paraguacu-paulista\/#breadcrumb"},"inLanguage":"pt-BR","potentialAction":[{"@type":"ReadAction","target":["https:\/\/universoesportivo.net\/index.php\/2024\/05\/17\/copa-internacional-de-futebol-de-base-sera-realizada-em-paraguacu-paulista\/"]}]},{"@type":"ImageObject","inLanguage":"pt-BR","@id":"https:\/\/universoesportivo.net\/index.php\/2024\/05\/17\/copa-internacional-de-futebol-de-base-sera-realizada-em-paraguacu-paulista\/#primaryimage","url":"https:\/\/universoesportivo.net\/wp-content\/uploads\/2024\/05\/copapara2.jpg","contentUrl":"https:\/\/universoesportivo.net\/wp-content\/uploads\/2024\/05\/copapara2.jpg","width":420,"height":280},{"@type":"BreadcrumbList","@id":"https:\/\/universoesportivo.net\/index.php\/2024\/05\/17\/copa-internacional-de-futebol-de-base-sera-realizada-em-paraguacu-paulista\/#breadcrumb","itemListElement":[{"@type":"ListItem","position":1,"name":"In\u00edcio","item":"https:\/\/universoesportivo.net\/"},{"@type":"ListItem","position":2,"name":"Copa Internacional de Futebol de Base ser\u00e1 realizada em Paragua\u00e7u Paulista"}]},{"@type":"WebSite","@id":"https:\/\/universoesportivo.net\/#website","url":"https:\/\/universoesportivo.net\/","name":"Universo Esportivo","description":"O portal de todas as modalidades esportivas!","publisher":{"@id":"https:\/\/universoesportivo.net\/#organization"},"alternateName":"Jornalista Tiago Contador Lotto","potentialAction":[{"@type":"SearchAction","target":{"@type":"EntryPoint","urlTemplate":"https:\/\/universoesportivo.net\/?s={search_term_string}"},"query-input":{"@type":"PropertyValueSpecification","valueRequired":true,"valueName":"search_term_string"}}],"inLanguage":"pt-BR"},{"@type":"Organization","@id":"https:\/\/universoesportivo.net\/#organization","name":"Universo Esportivo","alternateName":"Tiago Lotto","url":"https:\/\/universoesportivo.net\/","logo":{"@type":"ImageObject","inLanguage":"pt-BR","@id":"https:\/\/universoesportivo.net\/#\/schema\/logo\/image\/","url":"https:\/\/universoesportivo.net\/wp-content\/uploads\/2024\/05\/cropped-cropped-universo-6.png","contentUrl":"https:\/\/universoesportivo.net\/wp-content\/uploads\/2024\/05\/cropped-cropped-universo-6.png","width":413,"height":295,"caption":"Universo Esportivo"},"image":{"@id":"https:\/\/universoesportivo.net\/#\/schema\/logo\/image\/"},"sameAs":["https:\/\/www.facebook.com\/universoesportivo.net"]},{"@type":"Person","@id":"https:\/\/universoesportivo.net\/#\/schema\/person\/62bc311bc7def56a6bc83711536e74bd","name":"Tiago Lotto","image":{"@type":"ImageObject","inLanguage":"pt-BR","@id":"https:\/\/secure.gravatar.com\/avatar\/fd6891125b3fb6ba0b794cd20c3398d5bb0fa20d2b9963a95f19470e5a6192f7?s=96&d=mm&r=g","url":"https:\/\/secure.gravatar.com\/avatar\/fd6891125b3fb6ba0b794cd20c3398d5bb0fa20d2b9963a95f19470e5a6192f7?s=96&d=mm&r=g","contentUrl":"https:\/\/secure.gravatar.com\/avatar\/fd6891125b3fb6ba0b794cd20c3398d5bb0fa20d2b9963a95f19470e5a6192f7?s=96&d=mm&r=g","caption":"Tiago Lotto"},"url":"https:\/\/universoesportivo.net\/index.php\/author\/tiago-lotto\/"}]}},"jetpack_featured_media_url":"https:\/\/universoesportivo.net\/wp-content\/uploads\/2024\/05\/copapara2.jpg","_links":{"self":[{"href":"https:\/\/universoesportivo.net\/index.php\/wp-json\/wp\/v2\/posts\/1094","targetHints":{"allow":["GET"]}}],"collection":[{"href":"https:\/\/universoesportivo.net\/index.php\/wp-json\/wp\/v2\/posts"}],"about":[{"href":"https:\/\/universoesportivo.net\/index.php\/wp-json\/wp\/v2\/types\/post"}],"author":[{"embeddable":true,"href":"https:\/\/universoesportivo.net\/index.php\/wp-json\/wp\/v2\/users\/2"}],"replies":[{"embeddable":true,"href":"https:\/\/universoesportivo.net\/index.php\/wp-json\/wp\/v2\/comments?post=1094"}],"version-history":[{"count":1,"href":"https:\/\/universoesportivo.net\/index.php\/wp-json\/wp\/v2\/posts\/1094\/revisions"}],"predecessor-version":[{"id":1096,"href":"https:\/\/universoesportivo.net\/index.php\/wp-json\/wp\/v2\/posts\/1094\/revisions\/1096"}],"wp:featuredmedia":[{"embeddable":true,"href":"https:\/\/universoesportivo.net\/index.php\/wp-json\/wp\/v2\/media\/1095"}],"wp:attachment":[{"href":"https:\/\/universoesportivo.net\/index.php\/wp-json\/wp\/v2\/media?parent=1094"}],"wp:term":[{"taxonomy":"category","embeddable":true,"href":"https:\/\/universoesportivo.net\/index.php\/wp-json\/wp\/v2\/categories?post=1094"},{"taxonomy":"post_tag","embeddable":true,"href":"https:\/\/universoesportivo.net\/index.php\/wp-json\/wp\/v2\/tags?post=1094"}],"curies":[{"name":"wp","href":"https:\/\/api.w.org\/{rel}","templated":true}]}}