{"id":1123,"date":"2024-05-20T12:25:03","date_gmt":"2024-05-20T15:25:03","guid":{"rendered":"https:\/\/universoesportivo.net\/?p=1123"},"modified":"2024-05-20T12:25:04","modified_gmt":"2024-05-20T15:25:04","slug":"luto-no-esporte-de-catanduva-carlinhos-ex-gremio-catanduvense-faleceu","status":"publish","type":"post","link":"https:\/\/universoesportivo.net\/index.php\/2024\/05\/20\/luto-no-esporte-de-catanduva-carlinhos-ex-gremio-catanduvense-faleceu\/","title":{"rendered":"Luto no esporte de Catanduva: Carlinhos, ex-Gr\u00eamio Catanduvense, faleceu"},"content":{"rendered":"\n<p class=\"has-medium-font-size\">Catanduva perdeu na madrugada desta segunda-feira, dia 20 de maio, o ex-jogador Carlos Silva, o Carlinhos, lateral esquerdo que jogou no Gr\u00eamio Catanduvense na d\u00e9cada de 1980. Apura\u00e7\u00e3o inicial aponta que ele teve problemas no cora\u00e7\u00e3o e faleceu em sua resid\u00eancia.<\/p>\n\n\n\n<p class=\"has-medium-font-size\">Carlinhos fez sua trajet\u00f3ria profissional no Am\u00e9rica Mineiro, o Coelho. L\u00e1 seu nome est\u00e1 na lista de ex-jogadores que contribu\u00edram para o progresso e desenvolvimento do clube. Na d\u00e9cada de 1980, por\u00e9m, deixou o Am\u00e9rica-MG e passou a jogar pelo Gr\u00eamio Catanduvense.<\/p>\n\n\n\n<p class=\"has-medium-font-size\">Em Catanduva casou-se e constituiu fam\u00edlia. Apaixonado por futebol, foi \u2018acolhido\u2019 na cidade e passou a amar Catanduva como sua terra natal.<\/p>\n\n\n\n<p class=\"has-medium-font-size\">Carlinhos, mesmo na terceira idade, n\u00e3o deixou de brincar nos jogos de m\u00e1sters. Era convidado e sempre estava presente nos famosos \u2018rach\u00f5es\u2019 de Catanduva e cidades vizinhas.<\/p>\n\n\n\n<p class=\"has-medium-font-size\">Um de seus \u00faltimos jogos ocorreu no Clube dos 50, tradicional grupo da cidade que promove jogos amistosos aos finais de semana e treinos (rach\u00e3o) durante a semana.<\/p>\n\n\n\n<p class=\"has-medium-font-size\">Carlinhos \u00e9 primo do tamb\u00e9m ex-jogador Chimbica, que tamb\u00e9m defendeu o Gr\u00eamio Catanduvense. A foto da reportagem foi fornecida pelo Chimbica filho, da Gavi\u00f5es da Fiel Catanduva.<\/p>\n\n\n\n<p class=\"has-medium-font-size\">Texto: Tiago Lotto \/ Foto: Divulga\u00e7\u00e3o<\/p>\n","protected":false},"excerpt":{"rendered":"<p>Carlinhos iniciou como profissional no Am\u00e9rica-MG, depois, em 1981, foi transferido para o Gr\u00eamio Catanduvense. Ele era lateral esquerdo.<\/p>\n","protected":false},"author":2,"featured_media":1124,"comment_status":"closed","ping_status":"closed","sticky":false,"template":"","format":"standard","meta":{"colormag_page_container_layout":"default_layout","colormag_page_sidebar_layout":"default_layout","footnotes":""},"categories":[17,43],"tags":[],"class_list":["post-1123","post","type-post","status-publish","format-standard","has-post-thumbnail","hentry","category-esportes","category-futebol"],"magazineBlocksPostFeaturedMedia":{"thumbnail":"https:\/\/universoesportivo.net\/wp-content\/uploads\/2024\/05\/chimbicacarlinhos-150x150.jpg","medium":"https:\/\/universoesportivo.net\/wp-content\/uploads\/2024\/05\/chimbicacarlinhos-300x225.jpg","medium_large":"https:\/\/universoesportivo.net\/wp-content\/uploads\/2024\/05\/chimbicacarlinhos.jpg","large":"https:\/\/universoesportivo.net\/wp-content\/uploads\/2024\/05\/chimbicacarlinhos.jpg","1536x1536":"https:\/\/universoesportivo.net\/wp-content\/uploads\/2024\/05\/chimbicacarlinhos.jpg","2048x2048":"https:\/\/universoesportivo.net\/wp-content\/uploads\/2024\/05\/chimbicacarlinhos.jpg","trp-custom-language-flag":"https:\/\/universoesportivo.net\/wp-content\/uploads\/2024\/05\/chimbicacarlinhos-16x12.jpg","colormag-highlighted-post":"https:\/\/universoesportivo.net\/wp-content\/uploads\/2024\/05\/chimbicacarlinhos-392x272.jpg","colormag-featured-post-medium":"https:\/\/universoesportivo.net\/wp-content\/uploads\/2024\/05\/chimbicacarlinhos-390x205.jpg","colormag-featured-post-small":"https:\/\/universoesportivo.net\/wp-content\/uploads\/2024\/05\/chimbicacarlinhos-130x90.jpg","colormag-featured-image":"https:\/\/universoesportivo.net\/wp-content\/uploads\/2024\/05\/chimbicacarlinhos.jpg","colormag-default-news":"https:\/\/universoesportivo.net\/wp-content\/uploads\/2024\/05\/chimbicacarlinhos-150x150.jpg","colormag-featured-image-large":"https:\/\/universoesportivo.net\/wp-content\/uploads\/2024\/05\/chimbicacarlinhos.jpg","colormag-elementor-block-extra-large-thumbnail":"https:\/\/universoesportivo.net\/wp-content\/uploads\/2024\/05\/chimbicacarlinhos.jpg","colormag-elementor-grid-large-thumbnail":"https:\/\/universoesportivo.net\/wp-content\/uploads\/2024\/05\/chimbicacarlinhos.jpg","colormag-elementor-grid-small-thumbnail":"https:\/\/universoesportivo.net\/wp-content\/uploads\/2024\/05\/chimbicacarlinhos-285x360.jpg","colormag-elementor-grid-medium-large-thumbnail":"https:\/\/universoesportivo.net\/wp-content\/uploads\/2024\/05\/chimbicacarlinhos-480x198.jpg"},"magazineBlocksPostAuthor":{"name":"Tiago Lotto","avatar":"https:\/\/secure.gravatar.com\/avatar\/fd6891125b3fb6ba0b794cd20c3398d5bb0fa20d2b9963a95f19470e5a6192f7?s=96&d=mm&r=g"},"magazineBlocksPostCommentsNumber":false,"magazineBlocksPostExcerpt":"Carlinhos iniciou como profissional no Am\u00e9rica-MG, depois, em 1981, foi transferido para o Gr\u00eamio Catanduvense. Ele era lateral esquerdo.","magazineBlocksPostCategories":["ESPORTES","Futebol"],"magazineBlocksPostViewCount":40,"magazineBlocksPostReadTime":2,"magazine_blocks_featured_image_url":{"full":["https:\/\/universoesportivo.net\/wp-content\/uploads\/2024\/05\/chimbicacarlinhos.jpg",480,360,false],"medium":["https:\/\/universoesportivo.net\/wp-content\/uploads\/2024\/05\/chimbicacarlinhos-300x225.jpg",300,225,true],"thumbnail":["https:\/\/universoesportivo.net\/wp-content\/uploads\/2024\/05\/chimbicacarlinhos-150x150.jpg",150,150,true]},"magazine_blocks_author":{"display_name":"Tiago Lotto","author_link":"https:\/\/universoesportivo.net\/index.php\/author\/tiago-lotto\/"},"magazine_blocks_comment":0,"magazine_blocks_author_image":"https:\/\/secure.gravatar.com\/avatar\/fd6891125b3fb6ba0b794cd20c3398d5bb0fa20d2b9963a95f19470e5a6192f7?s=96&d=mm&r=g","magazine_blocks_category":"<a href=\"#\" class=\"category-link category-link-17\">ESPORTES<\/a> <a href=\"#\" class=\"category-link category-link-43\">Futebol<\/a>","yoast_head":"<!-- This site is optimized with the Yoast SEO plugin v27.4 - https:\/\/yoast.com\/product\/yoast-seo-wordpress\/ -->\n<title>Luto no esporte de Catanduva: Carlinhos, ex-Gr\u00eamio Catanduvense, faleceu - Universo Esportivo<\/title>\n<meta name=\"robots\" content=\"index, follow, max-snippet:-1, max-image-preview:large, max-video-preview:-1\" \/>\n<link rel=\"canonical\" href=\"https:\/\/universoesportivo.net\/index.php\/2024\/05\/20\/luto-no-esporte-de-catanduva-carlinhos-ex-gremio-catanduvense-faleceu\/\" \/>\n<meta property=\"og:locale\" content=\"pt_BR\" \/>\n<meta property=\"og:type\" content=\"article\" \/>\n<meta property=\"og:title\" content=\"Luto no esporte de Catanduva: Carlinhos, ex-Gr\u00eamio Catanduvense, faleceu - Universo Esportivo\" \/>\n<meta property=\"og:description\" content=\"Carlinhos iniciou como profissional no Am\u00e9rica-MG, depois, em 1981, foi transferido para o Gr\u00eamio Catanduvense. Ele era lateral esquerdo.\" \/>\n<meta property=\"og:url\" content=\"https:\/\/universoesportivo.net\/index.php\/2024\/05\/20\/luto-no-esporte-de-catanduva-carlinhos-ex-gremio-catanduvense-faleceu\/\" \/>\n<meta property=\"og:site_name\" content=\"Universo Esportivo\" \/>\n<meta property=\"article:publisher\" content=\"https:\/\/www.facebook.com\/universoesportivo.net\" \/>\n<meta property=\"article:published_time\" content=\"2024-05-20T15:25:03+00:00\" \/>\n<meta property=\"article:modified_time\" content=\"2024-05-20T15:25:04+00:00\" \/>\n<meta property=\"og:image\" content=\"https:\/\/universoesportivo.net\/wp-content\/uploads\/2024\/05\/chimbicacarlinhos.jpg\" \/>\n\t<meta property=\"og:image:width\" content=\"480\" \/>\n\t<meta property=\"og:image:height\" content=\"360\" \/>\n\t<meta property=\"og:image:type\" content=\"image\/jpeg\" \/>\n<meta name=\"author\" content=\"Tiago Lotto\" \/>\n<meta name=\"twitter:card\" content=\"summary_large_image\" \/>\n<meta name=\"twitter:label1\" content=\"Escrito por\" \/>\n\t<meta name=\"twitter:data1\" content=\"Tiago Lotto\" \/>\n\t<meta name=\"twitter:label2\" content=\"Est. tempo de leitura\" \/>\n\t<meta name=\"twitter:data2\" content=\"2 minutos\" \/>\n<script type=\"application\/ld+json\" class=\"yoast-schema-graph\">{\"@context\":\"https:\\\/\\\/schema.org\",\"@graph\":[{\"@type\":\"Article\",\"@id\":\"https:\\\/\\\/universoesportivo.net\\\/index.php\\\/2024\\\/05\\\/20\\\/luto-no-esporte-de-catanduva-carlinhos-ex-gremio-catanduvense-faleceu\\\/#article\",\"isPartOf\":{\"@id\":\"https:\\\/\\\/universoesportivo.net\\\/index.php\\\/2024\\\/05\\\/20\\\/luto-no-esporte-de-catanduva-carlinhos-ex-gremio-catanduvense-faleceu\\\/\"},\"author\":{\"name\":\"Tiago Lotto\",\"@id\":\"https:\\\/\\\/universoesportivo.net\\\/#\\\/schema\\\/person\\\/62bc311bc7def56a6bc83711536e74bd\"},\"headline\":\"Luto no esporte de Catanduva: Carlinhos, ex-Gr\u00eamio Catanduvense, faleceu\",\"datePublished\":\"2024-05-20T15:25:03+00:00\",\"dateModified\":\"2024-05-20T15:25:04+00:00\",\"mainEntityOfPage\":{\"@id\":\"https:\\\/\\\/universoesportivo.net\\\/index.php\\\/2024\\\/05\\\/20\\\/luto-no-esporte-de-catanduva-carlinhos-ex-gremio-catanduvense-faleceu\\\/\"},\"wordCount\":219,\"publisher\":{\"@id\":\"https:\\\/\\\/universoesportivo.net\\\/#organization\"},\"image\":{\"@id\":\"https:\\\/\\\/universoesportivo.net\\\/index.php\\\/2024\\\/05\\\/20\\\/luto-no-esporte-de-catanduva-carlinhos-ex-gremio-catanduvense-faleceu\\\/#primaryimage\"},\"thumbnailUrl\":\"https:\\\/\\\/universoesportivo.net\\\/wp-content\\\/uploads\\\/2024\\\/05\\\/chimbicacarlinhos.jpg\",\"articleSection\":[\"ESPORTES\",\"Futebol\"],\"inLanguage\":\"pt-BR\"},{\"@type\":\"WebPage\",\"@id\":\"https:\\\/\\\/universoesportivo.net\\\/index.php\\\/2024\\\/05\\\/20\\\/luto-no-esporte-de-catanduva-carlinhos-ex-gremio-catanduvense-faleceu\\\/\",\"url\":\"https:\\\/\\\/universoesportivo.net\\\/index.php\\\/2024\\\/05\\\/20\\\/luto-no-esporte-de-catanduva-carlinhos-ex-gremio-catanduvense-faleceu\\\/\",\"name\":\"Luto no esporte de Catanduva: Carlinhos, ex-Gr\u00eamio Catanduvense, faleceu - Universo Esportivo\",\"isPartOf\":{\"@id\":\"https:\\\/\\\/universoesportivo.net\\\/#website\"},\"primaryImageOfPage\":{\"@id\":\"https:\\\/\\\/universoesportivo.net\\\/index.php\\\/2024\\\/05\\\/20\\\/luto-no-esporte-de-catanduva-carlinhos-ex-gremio-catanduvense-faleceu\\\/#primaryimage\"},\"image\":{\"@id\":\"https:\\\/\\\/universoesportivo.net\\\/index.php\\\/2024\\\/05\\\/20\\\/luto-no-esporte-de-catanduva-carlinhos-ex-gremio-catanduvense-faleceu\\\/#primaryimage\"},\"thumbnailUrl\":\"https:\\\/\\\/universoesportivo.net\\\/wp-content\\\/uploads\\\/2024\\\/05\\\/chimbicacarlinhos.jpg\",\"datePublished\":\"2024-05-20T15:25:03+00:00\",\"dateModified\":\"2024-05-20T15:25:04+00:00\",\"breadcrumb\":{\"@id\":\"https:\\\/\\\/universoesportivo.net\\\/index.php\\\/2024\\\/05\\\/20\\\/luto-no-esporte-de-catanduva-carlinhos-ex-gremio-catanduvense-faleceu\\\/#breadcrumb\"},\"inLanguage\":\"pt-BR\",\"potentialAction\":[{\"@type\":\"ReadAction\",\"target\":[\"https:\\\/\\\/universoesportivo.net\\\/index.php\\\/2024\\\/05\\\/20\\\/luto-no-esporte-de-catanduva-carlinhos-ex-gremio-catanduvense-faleceu\\\/\"]}]},{\"@type\":\"ImageObject\",\"inLanguage\":\"pt-BR\",\"@id\":\"https:\\\/\\\/universoesportivo.net\\\/index.php\\\/2024\\\/05\\\/20\\\/luto-no-esporte-de-catanduva-carlinhos-ex-gremio-catanduvense-faleceu\\\/#primaryimage\",\"url\":\"https:\\\/\\\/universoesportivo.net\\\/wp-content\\\/uploads\\\/2024\\\/05\\\/chimbicacarlinhos.jpg\",\"contentUrl\":\"https:\\\/\\\/universoesportivo.net\\\/wp-content\\\/uploads\\\/2024\\\/05\\\/chimbicacarlinhos.jpg\",\"width\":480,\"height\":360},{\"@type\":\"BreadcrumbList\",\"@id\":\"https:\\\/\\\/universoesportivo.net\\\/index.php\\\/2024\\\/05\\\/20\\\/luto-no-esporte-de-catanduva-carlinhos-ex-gremio-catanduvense-faleceu\\\/#breadcrumb\",\"itemListElement\":[{\"@type\":\"ListItem\",\"position\":1,\"name\":\"In\u00edcio\",\"item\":\"https:\\\/\\\/universoesportivo.net\\\/\"},{\"@type\":\"ListItem\",\"position\":2,\"name\":\"Luto no esporte de Catanduva: Carlinhos, ex-Gr\u00eamio Catanduvense, faleceu\"}]},{\"@type\":\"WebSite\",\"@id\":\"https:\\\/\\\/universoesportivo.net\\\/#website\",\"url\":\"https:\\\/\\\/universoesportivo.net\\\/\",\"name\":\"Universo Esportivo\",\"description\":\"O portal de todas as modalidades esportivas!\",\"publisher\":{\"@id\":\"https:\\\/\\\/universoesportivo.net\\\/#organization\"},\"alternateName\":\"Jornalista Tiago Contador Lotto\",\"potentialAction\":[{\"@type\":\"SearchAction\",\"target\":{\"@type\":\"EntryPoint\",\"urlTemplate\":\"https:\\\/\\\/universoesportivo.net\\\/?s={search_term_string}\"},\"query-input\":{\"@type\":\"PropertyValueSpecification\",\"valueRequired\":true,\"valueName\":\"search_term_string\"}}],\"inLanguage\":\"pt-BR\"},{\"@type\":\"Organization\",\"@id\":\"https:\\\/\\\/universoesportivo.net\\\/#organization\",\"name\":\"Universo Esportivo\",\"alternateName\":\"Tiago Lotto\",\"url\":\"https:\\\/\\\/universoesportivo.net\\\/\",\"logo\":{\"@type\":\"ImageObject\",\"inLanguage\":\"pt-BR\",\"@id\":\"https:\\\/\\\/universoesportivo.net\\\/#\\\/schema\\\/logo\\\/image\\\/\",\"url\":\"https:\\\/\\\/universoesportivo.net\\\/wp-content\\\/uploads\\\/2024\\\/05\\\/cropped-cropped-universo-6.png\",\"contentUrl\":\"https:\\\/\\\/universoesportivo.net\\\/wp-content\\\/uploads\\\/2024\\\/05\\\/cropped-cropped-universo-6.png\",\"width\":413,\"height\":295,\"caption\":\"Universo Esportivo\"},\"image\":{\"@id\":\"https:\\\/\\\/universoesportivo.net\\\/#\\\/schema\\\/logo\\\/image\\\/\"},\"sameAs\":[\"https:\\\/\\\/www.facebook.com\\\/universoesportivo.net\"]},{\"@type\":\"Person\",\"@id\":\"https:\\\/\\\/universoesportivo.net\\\/#\\\/schema\\\/person\\\/62bc311bc7def56a6bc83711536e74bd\",\"name\":\"Tiago Lotto\",\"image\":{\"@type\":\"ImageObject\",\"inLanguage\":\"pt-BR\",\"@id\":\"https:\\\/\\\/secure.gravatar.com\\\/avatar\\\/fd6891125b3fb6ba0b794cd20c3398d5bb0fa20d2b9963a95f19470e5a6192f7?s=96&d=mm&r=g\",\"url\":\"https:\\\/\\\/secure.gravatar.com\\\/avatar\\\/fd6891125b3fb6ba0b794cd20c3398d5bb0fa20d2b9963a95f19470e5a6192f7?s=96&d=mm&r=g\",\"contentUrl\":\"https:\\\/\\\/secure.gravatar.com\\\/avatar\\\/fd6891125b3fb6ba0b794cd20c3398d5bb0fa20d2b9963a95f19470e5a6192f7?s=96&d=mm&r=g\",\"caption\":\"Tiago Lotto\"},\"url\":\"https:\\\/\\\/universoesportivo.net\\\/index.php\\\/author\\\/tiago-lotto\\\/\"}]}<\/script>\n<!-- \/ Yoast SEO plugin. -->","yoast_head_json":{"title":"Luto no esporte de Catanduva: Carlinhos, ex-Gr\u00eamio Catanduvense, faleceu - Universo Esportivo","robots":{"index":"index","follow":"follow","max-snippet":"max-snippet:-1","max-image-preview":"max-image-preview:large","max-video-preview":"max-video-preview:-1"},"canonical":"https:\/\/universoesportivo.net\/index.php\/2024\/05\/20\/luto-no-esporte-de-catanduva-carlinhos-ex-gremio-catanduvense-faleceu\/","og_locale":"pt_BR","og_type":"article","og_title":"Luto no esporte de Catanduva: Carlinhos, ex-Gr\u00eamio Catanduvense, faleceu - Universo Esportivo","og_description":"Carlinhos iniciou como profissional no Am\u00e9rica-MG, depois, em 1981, foi transferido para o Gr\u00eamio Catanduvense. Ele era lateral esquerdo.","og_url":"https:\/\/universoesportivo.net\/index.php\/2024\/05\/20\/luto-no-esporte-de-catanduva-carlinhos-ex-gremio-catanduvense-faleceu\/","og_site_name":"Universo Esportivo","article_publisher":"https:\/\/www.facebook.com\/universoesportivo.net","article_published_time":"2024-05-20T15:25:03+00:00","article_modified_time":"2024-05-20T15:25:04+00:00","og_image":[{"width":480,"height":360,"url":"https:\/\/universoesportivo.net\/wp-content\/uploads\/2024\/05\/chimbicacarlinhos.jpg","type":"image\/jpeg"}],"author":"Tiago Lotto","twitter_card":"summary_large_image","twitter_misc":{"Escrito por":"Tiago Lotto","Est. tempo de leitura":"2 minutos"},"schema":{"@context":"https:\/\/schema.org","@graph":[{"@type":"Article","@id":"https:\/\/universoesportivo.net\/index.php\/2024\/05\/20\/luto-no-esporte-de-catanduva-carlinhos-ex-gremio-catanduvense-faleceu\/#article","isPartOf":{"@id":"https:\/\/universoesportivo.net\/index.php\/2024\/05\/20\/luto-no-esporte-de-catanduva-carlinhos-ex-gremio-catanduvense-faleceu\/"},"author":{"name":"Tiago Lotto","@id":"https:\/\/universoesportivo.net\/#\/schema\/person\/62bc311bc7def56a6bc83711536e74bd"},"headline":"Luto no esporte de Catanduva: Carlinhos, ex-Gr\u00eamio Catanduvense, faleceu","datePublished":"2024-05-20T15:25:03+00:00","dateModified":"2024-05-20T15:25:04+00:00","mainEntityOfPage":{"@id":"https:\/\/universoesportivo.net\/index.php\/2024\/05\/20\/luto-no-esporte-de-catanduva-carlinhos-ex-gremio-catanduvense-faleceu\/"},"wordCount":219,"publisher":{"@id":"https:\/\/universoesportivo.net\/#organization"},"image":{"@id":"https:\/\/universoesportivo.net\/index.php\/2024\/05\/20\/luto-no-esporte-de-catanduva-carlinhos-ex-gremio-catanduvense-faleceu\/#primaryimage"},"thumbnailUrl":"https:\/\/universoesportivo.net\/wp-content\/uploads\/2024\/05\/chimbicacarlinhos.jpg","articleSection":["ESPORTES","Futebol"],"inLanguage":"pt-BR"},{"@type":"WebPage","@id":"https:\/\/universoesportivo.net\/index.php\/2024\/05\/20\/luto-no-esporte-de-catanduva-carlinhos-ex-gremio-catanduvense-faleceu\/","url":"https:\/\/universoesportivo.net\/index.php\/2024\/05\/20\/luto-no-esporte-de-catanduva-carlinhos-ex-gremio-catanduvense-faleceu\/","name":"Luto no esporte de Catanduva: Carlinhos, ex-Gr\u00eamio Catanduvense, faleceu - Universo Esportivo","isPartOf":{"@id":"https:\/\/universoesportivo.net\/#website"},"primaryImageOfPage":{"@id":"https:\/\/universoesportivo.net\/index.php\/2024\/05\/20\/luto-no-esporte-de-catanduva-carlinhos-ex-gremio-catanduvense-faleceu\/#primaryimage"},"image":{"@id":"https:\/\/universoesportivo.net\/index.php\/2024\/05\/20\/luto-no-esporte-de-catanduva-carlinhos-ex-gremio-catanduvense-faleceu\/#primaryimage"},"thumbnailUrl":"https:\/\/universoesportivo.net\/wp-content\/uploads\/2024\/05\/chimbicacarlinhos.jpg","datePublished":"2024-05-20T15:25:03+00:00","dateModified":"2024-05-20T15:25:04+00:00","breadcrumb":{"@id":"https:\/\/universoesportivo.net\/index.php\/2024\/05\/20\/luto-no-esporte-de-catanduva-carlinhos-ex-gremio-catanduvense-faleceu\/#breadcrumb"},"inLanguage":"pt-BR","potentialAction":[{"@type":"ReadAction","target":["https:\/\/universoesportivo.net\/index.php\/2024\/05\/20\/luto-no-esporte-de-catanduva-carlinhos-ex-gremio-catanduvense-faleceu\/"]}]},{"@type":"ImageObject","inLanguage":"pt-BR","@id":"https:\/\/universoesportivo.net\/index.php\/2024\/05\/20\/luto-no-esporte-de-catanduva-carlinhos-ex-gremio-catanduvense-faleceu\/#primaryimage","url":"https:\/\/universoesportivo.net\/wp-content\/uploads\/2024\/05\/chimbicacarlinhos.jpg","contentUrl":"https:\/\/universoesportivo.net\/wp-content\/uploads\/2024\/05\/chimbicacarlinhos.jpg","width":480,"height":360},{"@type":"BreadcrumbList","@id":"https:\/\/universoesportivo.net\/index.php\/2024\/05\/20\/luto-no-esporte-de-catanduva-carlinhos-ex-gremio-catanduvense-faleceu\/#breadcrumb","itemListElement":[{"@type":"ListItem","position":1,"name":"In\u00edcio","item":"https:\/\/universoesportivo.net\/"},{"@type":"ListItem","position":2,"name":"Luto no esporte de Catanduva: Carlinhos, ex-Gr\u00eamio Catanduvense, faleceu"}]},{"@type":"WebSite","@id":"https:\/\/universoesportivo.net\/#website","url":"https:\/\/universoesportivo.net\/","name":"Universo Esportivo","description":"O portal de todas as modalidades esportivas!","publisher":{"@id":"https:\/\/universoesportivo.net\/#organization"},"alternateName":"Jornalista Tiago Contador Lotto","potentialAction":[{"@type":"SearchAction","target":{"@type":"EntryPoint","urlTemplate":"https:\/\/universoesportivo.net\/?s={search_term_string}"},"query-input":{"@type":"PropertyValueSpecification","valueRequired":true,"valueName":"search_term_string"}}],"inLanguage":"pt-BR"},{"@type":"Organization","@id":"https:\/\/universoesportivo.net\/#organization","name":"Universo Esportivo","alternateName":"Tiago Lotto","url":"https:\/\/universoesportivo.net\/","logo":{"@type":"ImageObject","inLanguage":"pt-BR","@id":"https:\/\/universoesportivo.net\/#\/schema\/logo\/image\/","url":"https:\/\/universoesportivo.net\/wp-content\/uploads\/2024\/05\/cropped-cropped-universo-6.png","contentUrl":"https:\/\/universoesportivo.net\/wp-content\/uploads\/2024\/05\/cropped-cropped-universo-6.png","width":413,"height":295,"caption":"Universo Esportivo"},"image":{"@id":"https:\/\/universoesportivo.net\/#\/schema\/logo\/image\/"},"sameAs":["https:\/\/www.facebook.com\/universoesportivo.net"]},{"@type":"Person","@id":"https:\/\/universoesportivo.net\/#\/schema\/person\/62bc311bc7def56a6bc83711536e74bd","name":"Tiago Lotto","image":{"@type":"ImageObject","inLanguage":"pt-BR","@id":"https:\/\/secure.gravatar.com\/avatar\/fd6891125b3fb6ba0b794cd20c3398d5bb0fa20d2b9963a95f19470e5a6192f7?s=96&d=mm&r=g","url":"https:\/\/secure.gravatar.com\/avatar\/fd6891125b3fb6ba0b794cd20c3398d5bb0fa20d2b9963a95f19470e5a6192f7?s=96&d=mm&r=g","contentUrl":"https:\/\/secure.gravatar.com\/avatar\/fd6891125b3fb6ba0b794cd20c3398d5bb0fa20d2b9963a95f19470e5a6192f7?s=96&d=mm&r=g","caption":"Tiago Lotto"},"url":"https:\/\/universoesportivo.net\/index.php\/author\/tiago-lotto\/"}]}},"jetpack_featured_media_url":"https:\/\/universoesportivo.net\/wp-content\/uploads\/2024\/05\/chimbicacarlinhos.jpg","_links":{"self":[{"href":"https:\/\/universoesportivo.net\/index.php\/wp-json\/wp\/v2\/posts\/1123","targetHints":{"allow":["GET"]}}],"collection":[{"href":"https:\/\/universoesportivo.net\/index.php\/wp-json\/wp\/v2\/posts"}],"about":[{"href":"https:\/\/universoesportivo.net\/index.php\/wp-json\/wp\/v2\/types\/post"}],"author":[{"embeddable":true,"href":"https:\/\/universoesportivo.net\/index.php\/wp-json\/wp\/v2\/users\/2"}],"replies":[{"embeddable":true,"href":"https:\/\/universoesportivo.net\/index.php\/wp-json\/wp\/v2\/comments?post=1123"}],"version-history":[{"count":1,"href":"https:\/\/universoesportivo.net\/index.php\/wp-json\/wp\/v2\/posts\/1123\/revisions"}],"predecessor-version":[{"id":1125,"href":"https:\/\/universoesportivo.net\/index.php\/wp-json\/wp\/v2\/posts\/1123\/revisions\/1125"}],"wp:featuredmedia":[{"embeddable":true,"href":"https:\/\/universoesportivo.net\/index.php\/wp-json\/wp\/v2\/media\/1124"}],"wp:attachment":[{"href":"https:\/\/universoesportivo.net\/index.php\/wp-json\/wp\/v2\/media?parent=1123"}],"wp:term":[{"taxonomy":"category","embeddable":true,"href":"https:\/\/universoesportivo.net\/index.php\/wp-json\/wp\/v2\/categories?post=1123"},{"taxonomy":"post_tag","embeddable":true,"href":"https:\/\/universoesportivo.net\/index.php\/wp-json\/wp\/v2\/tags?post=1123"}],"curies":[{"name":"wp","href":"https:\/\/api.w.org\/{rel}","templated":true}]}}