{"id":1151,"date":"2024-05-22T23:51:41","date_gmt":"2024-05-23T02:51:41","guid":{"rendered":"https:\/\/universoesportivo.net\/?p=1151"},"modified":"2024-05-22T23:51:42","modified_gmt":"2024-05-23T02:51:42","slug":"trofeu-ayrton-senna-2024-acontece-entre-6-e-8-de-junho-em-birigui-no-speed-park","status":"publish","type":"post","link":"https:\/\/universoesportivo.net\/index.php\/2024\/05\/22\/trofeu-ayrton-senna-2024-acontece-entre-6-e-8-de-junho-em-birigui-no-speed-park\/","title":{"rendered":"Trof\u00e9u Ayrton Senna 2024 acontece entre 6 e 8 de junho em Birigui, no Speed Park"},"content":{"rendered":"\n<p class=\"has-medium-font-size\">O Trof\u00e9u Ayrton Senna 2024 ser\u00e1 a primeira oportunidade oficial para pilotos e equipes se prepararem para a disputa do Campeonato Brasileiro (categorias do Grupo 1) no Kart\u00f3dromo Speed Park, em Birigui, interior de S\u00e3o Paulo.<\/p>\n\n\n\n<p class=\"has-medium-font-size\">Paralelamente, ser\u00e1 realizada tamb\u00e9m a 1\u00aa etapa do Circuito Paulista. A competi\u00e7\u00e3o ser\u00e1 disputada entre 6 e 8 de junho, dias em que ser\u00e3o realizadas as atividades oficiais \u2013 tomadas, classificat\u00f3rias e finais. Antes, na ter\u00e7a e quarta-feira, a pista estar\u00e1 liberada para treinos livres.<\/p>\n\n\n\n<p class=\"has-medium-font-size\">O Trof\u00e9u Ayrton Senna ter\u00e1 a participa\u00e7\u00e3o das categorias de motores 4 tempos, as mesmas que disputar\u00e3o o Campeonato Brasileiro em Birigui no m\u00eas de outubro, e tamb\u00e9m das categorias Mini 2T, OK J\u00fanior, OK, KZ, KZ S\u00eanior, Sprinter e S\u00eanior.<\/p>\n\n\n\n<p class=\"has-medium-font-size\">No Circuito Paulista competem apenas as categorias de motores 4 Tempos, ou seja, Mirim, Cadete, F4 J\u00fanior, F4 Sprinter, F4 Graduados, F4 S\u00eanior, F4 Super S\u00eanior e F4 Super S\u00eanior Master.<\/p>\n\n\n\n<p class=\"has-medium-font-size\">A tomada de tempos ser\u00e1 realizada na quinta-feira e as provas classificat\u00f3rias na sexta. E a soma dos pontos das duas provas classificat\u00f3rias das categorias de motores 4 Tempos determinar\u00e1 os vencedores da 1\u00aa etapa do Circuito Paulista, cujo p\u00f3dio ser\u00e1 realizado ainda na sexta-feira.<\/p>\n\n\n\n<p class=\"has-medium-font-size\">J\u00e1 as categorias 2 Tempos utilizar\u00e3o sus classificat\u00f3rias \u201capenas\u201d para definir o grid de largada da Final do Trof\u00e9u Ayrton Senna 2024.<\/p>\n\n\n\n<p class=\"has-medium-font-size\">No s\u00e1bado, com todos os grids de largada definidos, todas as categorias \u2013 2 Tempos e 4 Tempos \u2013 disputam o t\u00edtulo da 3\u00aa edi\u00e7\u00e3o do Trof\u00e9u Ayrton Senna.<\/p>\n\n\n\n<p class=\"has-medium-font-size\">REGIONAL CUP \u2013 Dentro do Trof\u00e9u Ayrton Senna, as categorias OK J\u00fanior e OK ter\u00e3o suas atividades v\u00e1lidas pela 2\u00aa classificat\u00f3ria para a disputa de uma vaga na Final da Regional Cup, competi\u00e7\u00e3o que garantir\u00e1 ao seu vencedor uma vaga no Campeonato Mundial FIA Karting em setembro, na Inglaterra, com inscri\u00e7\u00e3o e ajuda de custos oferecidos pela CBA.<\/p>\n\n\n\n<p class=\"has-medium-font-size\">Os quatro primeiros colocados na OK J\u00fanior e OK estar\u00e3o garantidos na Final da Regional Cup, que ser\u00e1 disputada entre os dias 29 a 31 de julho, no Circuito Internacional Paladino, na Para\u00edba, logo ap\u00f3s a Copa Brasil.<\/p>\n\n\n\n<p class=\"has-medium-font-size\">A edi\u00e7\u00e3o de 2024 \u00e9 ainda mais especial porque integra a programa\u00e7\u00e3o oficial de homenagens no Brasil aos 30 anos do legado de Ayrton Senna, que at\u00e9 hoje inspira v\u00e1rias gera\u00e7\u00f5es nas pistas.<\/p>\n\n\n\n<p class=\"has-medium-font-size\">Outras informa\u00e7\u00f5es est\u00e3o dispon\u00edveis no <a href=\"https:\/\/www.speedmotorclube.org.br\/\" target=\"_blank\" rel=\"noreferrer noopener\">site oficial do Kart\u00f3dromo Speed Park<\/a>.<\/p>\n\n\n\n<p class=\"has-medium-font-size\">Texto: Erno Drehmer e Tiago Lotto \/ Foto: Gilmar Rose<\/p>\n","protected":false},"excerpt":{"rendered":"<p>A elite do kartismo estar\u00e1 reunida em um \u00fanico evento de automobilismo no mundo a homenagear o piloto brasileiro Ayrton Senna. Evento da CBA tem apoio da FIA \u2013 Federa\u00e7\u00e3o Internacional de Automobilismo.<\/p>\n","protected":false},"author":2,"featured_media":1152,"comment_status":"closed","ping_status":"closed","sticky":false,"template":"","format":"standard","meta":{"colormag_page_container_layout":"default_layout","colormag_page_sidebar_layout":"default_layout","footnotes":""},"categories":[17,46],"tags":[],"class_list":["post-1151","post","type-post","status-publish","format-standard","has-post-thumbnail","hentry","category-esportes","category-kart"],"magazineBlocksPostFeaturedMedia":{"thumbnail":"https:\/\/universoesportivo.net\/wp-content\/uploads\/2024\/05\/rosespeed-150x150.jpg","medium":"https:\/\/universoesportivo.net\/wp-content\/uploads\/2024\/05\/rosespeed-300x201.jpg","medium_large":"https:\/\/universoesportivo.net\/wp-content\/uploads\/2024\/05\/rosespeed.jpg","large":"https:\/\/universoesportivo.net\/wp-content\/uploads\/2024\/05\/rosespeed.jpg","1536x1536":"https:\/\/universoesportivo.net\/wp-content\/uploads\/2024\/05\/rosespeed.jpg","2048x2048":"https:\/\/universoesportivo.net\/wp-content\/uploads\/2024\/05\/rosespeed.jpg","trp-custom-language-flag":"https:\/\/universoesportivo.net\/wp-content\/uploads\/2024\/05\/rosespeed-18x12.jpg","colormag-highlighted-post":"https:\/\/universoesportivo.net\/wp-content\/uploads\/2024\/05\/rosespeed-392x272.jpg","colormag-featured-post-medium":"https:\/\/universoesportivo.net\/wp-content\/uploads\/2024\/05\/rosespeed-390x205.jpg","colormag-featured-post-small":"https:\/\/universoesportivo.net\/wp-content\/uploads\/2024\/05\/rosespeed-130x90.jpg","colormag-featured-image":"https:\/\/universoesportivo.net\/wp-content\/uploads\/2024\/05\/rosespeed.jpg","colormag-default-news":"https:\/\/universoesportivo.net\/wp-content\/uploads\/2024\/05\/rosespeed-150x150.jpg","colormag-featured-image-large":"https:\/\/universoesportivo.net\/wp-content\/uploads\/2024\/05\/rosespeed.jpg","colormag-elementor-block-extra-large-thumbnail":"https:\/\/universoesportivo.net\/wp-content\/uploads\/2024\/05\/rosespeed.jpg","colormag-elementor-grid-large-thumbnail":"https:\/\/universoesportivo.net\/wp-content\/uploads\/2024\/05\/rosespeed.jpg","colormag-elementor-grid-small-thumbnail":"https:\/\/universoesportivo.net\/wp-content\/uploads\/2024\/05\/rosespeed-285x301.jpg","colormag-elementor-grid-medium-large-thumbnail":"https:\/\/universoesportivo.net\/wp-content\/uploads\/2024\/05\/rosespeed-450x198.jpg"},"magazineBlocksPostAuthor":{"name":"Tiago Lotto","avatar":"https:\/\/secure.gravatar.com\/avatar\/fd6891125b3fb6ba0b794cd20c3398d5bb0fa20d2b9963a95f19470e5a6192f7?s=96&d=mm&r=g"},"magazineBlocksPostCommentsNumber":false,"magazineBlocksPostExcerpt":"A elite do kartismo estar\u00e1 reunida em um \u00fanico evento de automobilismo no mundo a homenagear o piloto brasileiro Ayrton Senna. Evento da CBA tem apoio da FIA \u2013 Federa\u00e7\u00e3o Internacional de Automobilismo.","magazineBlocksPostCategories":["ESPORTES","Kart"],"magazineBlocksPostViewCount":40,"magazineBlocksPostReadTime":3,"magazine_blocks_featured_image_url":{"full":["https:\/\/universoesportivo.net\/wp-content\/uploads\/2024\/05\/rosespeed.jpg",450,301,false],"medium":["https:\/\/universoesportivo.net\/wp-content\/uploads\/2024\/05\/rosespeed-300x201.jpg",300,201,true],"thumbnail":["https:\/\/universoesportivo.net\/wp-content\/uploads\/2024\/05\/rosespeed-150x150.jpg",150,150,true]},"magazine_blocks_author":{"display_name":"Tiago Lotto","author_link":"https:\/\/universoesportivo.net\/index.php\/author\/tiago-lotto\/"},"magazine_blocks_comment":0,"magazine_blocks_author_image":"https:\/\/secure.gravatar.com\/avatar\/fd6891125b3fb6ba0b794cd20c3398d5bb0fa20d2b9963a95f19470e5a6192f7?s=96&d=mm&r=g","magazine_blocks_category":"<a href=\"#\" class=\"category-link category-link-17\">ESPORTES<\/a> <a href=\"#\" class=\"category-link category-link-46\">Kart<\/a>","yoast_head":"<!-- This site is optimized with the Yoast SEO plugin v27.4 - https:\/\/yoast.com\/product\/yoast-seo-wordpress\/ -->\n<title>Trof\u00e9u Ayrton Senna 2024 acontece entre 6 e 8 de junho em Birigui, no Speed Park - Universo Esportivo<\/title>\n<meta name=\"robots\" content=\"index, follow, max-snippet:-1, max-image-preview:large, max-video-preview:-1\" \/>\n<link rel=\"canonical\" href=\"https:\/\/universoesportivo.net\/index.php\/2024\/05\/22\/trofeu-ayrton-senna-2024-acontece-entre-6-e-8-de-junho-em-birigui-no-speed-park\/\" \/>\n<meta property=\"og:locale\" content=\"pt_BR\" \/>\n<meta property=\"og:type\" content=\"article\" \/>\n<meta property=\"og:title\" content=\"Trof\u00e9u Ayrton Senna 2024 acontece entre 6 e 8 de junho em Birigui, no Speed Park - Universo Esportivo\" \/>\n<meta property=\"og:description\" content=\"A elite do kartismo estar\u00e1 reunida em um \u00fanico evento de automobilismo no mundo a homenagear o piloto brasileiro Ayrton Senna. Evento da CBA tem apoio da FIA \u2013 Federa\u00e7\u00e3o Internacional de Automobilismo.\" \/>\n<meta property=\"og:url\" content=\"https:\/\/universoesportivo.net\/index.php\/2024\/05\/22\/trofeu-ayrton-senna-2024-acontece-entre-6-e-8-de-junho-em-birigui-no-speed-park\/\" \/>\n<meta property=\"og:site_name\" content=\"Universo Esportivo\" \/>\n<meta property=\"article:publisher\" content=\"https:\/\/www.facebook.com\/universoesportivo.net\" \/>\n<meta property=\"article:published_time\" content=\"2024-05-23T02:51:41+00:00\" \/>\n<meta property=\"article:modified_time\" content=\"2024-05-23T02:51:42+00:00\" \/>\n<meta property=\"og:image\" content=\"https:\/\/universoesportivo.net\/wp-content\/uploads\/2024\/05\/rosespeed.jpg\" \/>\n\t<meta property=\"og:image:width\" content=\"450\" \/>\n\t<meta property=\"og:image:height\" content=\"301\" \/>\n\t<meta property=\"og:image:type\" content=\"image\/jpeg\" \/>\n<meta name=\"author\" content=\"Tiago Lotto\" \/>\n<meta name=\"twitter:card\" content=\"summary_large_image\" \/>\n<meta name=\"twitter:label1\" content=\"Escrito por\" \/>\n\t<meta name=\"twitter:data1\" content=\"Tiago Lotto\" \/>\n\t<meta name=\"twitter:label2\" content=\"Est. tempo de leitura\" \/>\n\t<meta name=\"twitter:data2\" content=\"3 minutos\" \/>\n<script type=\"application\/ld+json\" class=\"yoast-schema-graph\">{\"@context\":\"https:\\\/\\\/schema.org\",\"@graph\":[{\"@type\":\"Article\",\"@id\":\"https:\\\/\\\/universoesportivo.net\\\/index.php\\\/2024\\\/05\\\/22\\\/trofeu-ayrton-senna-2024-acontece-entre-6-e-8-de-junho-em-birigui-no-speed-park\\\/#article\",\"isPartOf\":{\"@id\":\"https:\\\/\\\/universoesportivo.net\\\/index.php\\\/2024\\\/05\\\/22\\\/trofeu-ayrton-senna-2024-acontece-entre-6-e-8-de-junho-em-birigui-no-speed-park\\\/\"},\"author\":{\"name\":\"Tiago Lotto\",\"@id\":\"https:\\\/\\\/universoesportivo.net\\\/#\\\/schema\\\/person\\\/62bc311bc7def56a6bc83711536e74bd\"},\"headline\":\"Trof\u00e9u Ayrton Senna 2024 acontece entre 6 e 8 de junho em Birigui, no Speed Park\",\"datePublished\":\"2024-05-23T02:51:41+00:00\",\"dateModified\":\"2024-05-23T02:51:42+00:00\",\"mainEntityOfPage\":{\"@id\":\"https:\\\/\\\/universoesportivo.net\\\/index.php\\\/2024\\\/05\\\/22\\\/trofeu-ayrton-senna-2024-acontece-entre-6-e-8-de-junho-em-birigui-no-speed-park\\\/\"},\"wordCount\":437,\"publisher\":{\"@id\":\"https:\\\/\\\/universoesportivo.net\\\/#organization\"},\"image\":{\"@id\":\"https:\\\/\\\/universoesportivo.net\\\/index.php\\\/2024\\\/05\\\/22\\\/trofeu-ayrton-senna-2024-acontece-entre-6-e-8-de-junho-em-birigui-no-speed-park\\\/#primaryimage\"},\"thumbnailUrl\":\"https:\\\/\\\/universoesportivo.net\\\/wp-content\\\/uploads\\\/2024\\\/05\\\/rosespeed.jpg\",\"articleSection\":[\"ESPORTES\",\"Kart\"],\"inLanguage\":\"pt-BR\"},{\"@type\":\"WebPage\",\"@id\":\"https:\\\/\\\/universoesportivo.net\\\/index.php\\\/2024\\\/05\\\/22\\\/trofeu-ayrton-senna-2024-acontece-entre-6-e-8-de-junho-em-birigui-no-speed-park\\\/\",\"url\":\"https:\\\/\\\/universoesportivo.net\\\/index.php\\\/2024\\\/05\\\/22\\\/trofeu-ayrton-senna-2024-acontece-entre-6-e-8-de-junho-em-birigui-no-speed-park\\\/\",\"name\":\"Trof\u00e9u Ayrton Senna 2024 acontece entre 6 e 8 de junho em Birigui, no Speed Park - Universo Esportivo\",\"isPartOf\":{\"@id\":\"https:\\\/\\\/universoesportivo.net\\\/#website\"},\"primaryImageOfPage\":{\"@id\":\"https:\\\/\\\/universoesportivo.net\\\/index.php\\\/2024\\\/05\\\/22\\\/trofeu-ayrton-senna-2024-acontece-entre-6-e-8-de-junho-em-birigui-no-speed-park\\\/#primaryimage\"},\"image\":{\"@id\":\"https:\\\/\\\/universoesportivo.net\\\/index.php\\\/2024\\\/05\\\/22\\\/trofeu-ayrton-senna-2024-acontece-entre-6-e-8-de-junho-em-birigui-no-speed-park\\\/#primaryimage\"},\"thumbnailUrl\":\"https:\\\/\\\/universoesportivo.net\\\/wp-content\\\/uploads\\\/2024\\\/05\\\/rosespeed.jpg\",\"datePublished\":\"2024-05-23T02:51:41+00:00\",\"dateModified\":\"2024-05-23T02:51:42+00:00\",\"breadcrumb\":{\"@id\":\"https:\\\/\\\/universoesportivo.net\\\/index.php\\\/2024\\\/05\\\/22\\\/trofeu-ayrton-senna-2024-acontece-entre-6-e-8-de-junho-em-birigui-no-speed-park\\\/#breadcrumb\"},\"inLanguage\":\"pt-BR\",\"potentialAction\":[{\"@type\":\"ReadAction\",\"target\":[\"https:\\\/\\\/universoesportivo.net\\\/index.php\\\/2024\\\/05\\\/22\\\/trofeu-ayrton-senna-2024-acontece-entre-6-e-8-de-junho-em-birigui-no-speed-park\\\/\"]}]},{\"@type\":\"ImageObject\",\"inLanguage\":\"pt-BR\",\"@id\":\"https:\\\/\\\/universoesportivo.net\\\/index.php\\\/2024\\\/05\\\/22\\\/trofeu-ayrton-senna-2024-acontece-entre-6-e-8-de-junho-em-birigui-no-speed-park\\\/#primaryimage\",\"url\":\"https:\\\/\\\/universoesportivo.net\\\/wp-content\\\/uploads\\\/2024\\\/05\\\/rosespeed.jpg\",\"contentUrl\":\"https:\\\/\\\/universoesportivo.net\\\/wp-content\\\/uploads\\\/2024\\\/05\\\/rosespeed.jpg\",\"width\":450,\"height\":301},{\"@type\":\"BreadcrumbList\",\"@id\":\"https:\\\/\\\/universoesportivo.net\\\/index.php\\\/2024\\\/05\\\/22\\\/trofeu-ayrton-senna-2024-acontece-entre-6-e-8-de-junho-em-birigui-no-speed-park\\\/#breadcrumb\",\"itemListElement\":[{\"@type\":\"ListItem\",\"position\":1,\"name\":\"In\u00edcio\",\"item\":\"https:\\\/\\\/universoesportivo.net\\\/\"},{\"@type\":\"ListItem\",\"position\":2,\"name\":\"Trof\u00e9u Ayrton Senna 2024 acontece entre 6 e 8 de junho em Birigui, no Speed Park\"}]},{\"@type\":\"WebSite\",\"@id\":\"https:\\\/\\\/universoesportivo.net\\\/#website\",\"url\":\"https:\\\/\\\/universoesportivo.net\\\/\",\"name\":\"Universo Esportivo\",\"description\":\"O portal de todas as modalidades esportivas!\",\"publisher\":{\"@id\":\"https:\\\/\\\/universoesportivo.net\\\/#organization\"},\"alternateName\":\"Jornalista Tiago Contador Lotto\",\"potentialAction\":[{\"@type\":\"SearchAction\",\"target\":{\"@type\":\"EntryPoint\",\"urlTemplate\":\"https:\\\/\\\/universoesportivo.net\\\/?s={search_term_string}\"},\"query-input\":{\"@type\":\"PropertyValueSpecification\",\"valueRequired\":true,\"valueName\":\"search_term_string\"}}],\"inLanguage\":\"pt-BR\"},{\"@type\":\"Organization\",\"@id\":\"https:\\\/\\\/universoesportivo.net\\\/#organization\",\"name\":\"Universo Esportivo\",\"alternateName\":\"Tiago Lotto\",\"url\":\"https:\\\/\\\/universoesportivo.net\\\/\",\"logo\":{\"@type\":\"ImageObject\",\"inLanguage\":\"pt-BR\",\"@id\":\"https:\\\/\\\/universoesportivo.net\\\/#\\\/schema\\\/logo\\\/image\\\/\",\"url\":\"https:\\\/\\\/universoesportivo.net\\\/wp-content\\\/uploads\\\/2024\\\/05\\\/cropped-cropped-universo-6.png\",\"contentUrl\":\"https:\\\/\\\/universoesportivo.net\\\/wp-content\\\/uploads\\\/2024\\\/05\\\/cropped-cropped-universo-6.png\",\"width\":413,\"height\":295,\"caption\":\"Universo Esportivo\"},\"image\":{\"@id\":\"https:\\\/\\\/universoesportivo.net\\\/#\\\/schema\\\/logo\\\/image\\\/\"},\"sameAs\":[\"https:\\\/\\\/www.facebook.com\\\/universoesportivo.net\"]},{\"@type\":\"Person\",\"@id\":\"https:\\\/\\\/universoesportivo.net\\\/#\\\/schema\\\/person\\\/62bc311bc7def56a6bc83711536e74bd\",\"name\":\"Tiago Lotto\",\"image\":{\"@type\":\"ImageObject\",\"inLanguage\":\"pt-BR\",\"@id\":\"https:\\\/\\\/secure.gravatar.com\\\/avatar\\\/fd6891125b3fb6ba0b794cd20c3398d5bb0fa20d2b9963a95f19470e5a6192f7?s=96&d=mm&r=g\",\"url\":\"https:\\\/\\\/secure.gravatar.com\\\/avatar\\\/fd6891125b3fb6ba0b794cd20c3398d5bb0fa20d2b9963a95f19470e5a6192f7?s=96&d=mm&r=g\",\"contentUrl\":\"https:\\\/\\\/secure.gravatar.com\\\/avatar\\\/fd6891125b3fb6ba0b794cd20c3398d5bb0fa20d2b9963a95f19470e5a6192f7?s=96&d=mm&r=g\",\"caption\":\"Tiago Lotto\"},\"url\":\"https:\\\/\\\/universoesportivo.net\\\/index.php\\\/author\\\/tiago-lotto\\\/\"}]}<\/script>\n<!-- \/ Yoast SEO plugin. -->","yoast_head_json":{"title":"Trof\u00e9u Ayrton Senna 2024 acontece entre 6 e 8 de junho em Birigui, no Speed Park - Universo Esportivo","robots":{"index":"index","follow":"follow","max-snippet":"max-snippet:-1","max-image-preview":"max-image-preview:large","max-video-preview":"max-video-preview:-1"},"canonical":"https:\/\/universoesportivo.net\/index.php\/2024\/05\/22\/trofeu-ayrton-senna-2024-acontece-entre-6-e-8-de-junho-em-birigui-no-speed-park\/","og_locale":"pt_BR","og_type":"article","og_title":"Trof\u00e9u Ayrton Senna 2024 acontece entre 6 e 8 de junho em Birigui, no Speed Park - Universo Esportivo","og_description":"A elite do kartismo estar\u00e1 reunida em um \u00fanico evento de automobilismo no mundo a homenagear o piloto brasileiro Ayrton Senna. Evento da CBA tem apoio da FIA \u2013 Federa\u00e7\u00e3o Internacional de Automobilismo.","og_url":"https:\/\/universoesportivo.net\/index.php\/2024\/05\/22\/trofeu-ayrton-senna-2024-acontece-entre-6-e-8-de-junho-em-birigui-no-speed-park\/","og_site_name":"Universo Esportivo","article_publisher":"https:\/\/www.facebook.com\/universoesportivo.net","article_published_time":"2024-05-23T02:51:41+00:00","article_modified_time":"2024-05-23T02:51:42+00:00","og_image":[{"width":450,"height":301,"url":"https:\/\/universoesportivo.net\/wp-content\/uploads\/2024\/05\/rosespeed.jpg","type":"image\/jpeg"}],"author":"Tiago Lotto","twitter_card":"summary_large_image","twitter_misc":{"Escrito por":"Tiago Lotto","Est. tempo de leitura":"3 minutos"},"schema":{"@context":"https:\/\/schema.org","@graph":[{"@type":"Article","@id":"https:\/\/universoesportivo.net\/index.php\/2024\/05\/22\/trofeu-ayrton-senna-2024-acontece-entre-6-e-8-de-junho-em-birigui-no-speed-park\/#article","isPartOf":{"@id":"https:\/\/universoesportivo.net\/index.php\/2024\/05\/22\/trofeu-ayrton-senna-2024-acontece-entre-6-e-8-de-junho-em-birigui-no-speed-park\/"},"author":{"name":"Tiago Lotto","@id":"https:\/\/universoesportivo.net\/#\/schema\/person\/62bc311bc7def56a6bc83711536e74bd"},"headline":"Trof\u00e9u Ayrton Senna 2024 acontece entre 6 e 8 de junho em Birigui, no Speed Park","datePublished":"2024-05-23T02:51:41+00:00","dateModified":"2024-05-23T02:51:42+00:00","mainEntityOfPage":{"@id":"https:\/\/universoesportivo.net\/index.php\/2024\/05\/22\/trofeu-ayrton-senna-2024-acontece-entre-6-e-8-de-junho-em-birigui-no-speed-park\/"},"wordCount":437,"publisher":{"@id":"https:\/\/universoesportivo.net\/#organization"},"image":{"@id":"https:\/\/universoesportivo.net\/index.php\/2024\/05\/22\/trofeu-ayrton-senna-2024-acontece-entre-6-e-8-de-junho-em-birigui-no-speed-park\/#primaryimage"},"thumbnailUrl":"https:\/\/universoesportivo.net\/wp-content\/uploads\/2024\/05\/rosespeed.jpg","articleSection":["ESPORTES","Kart"],"inLanguage":"pt-BR"},{"@type":"WebPage","@id":"https:\/\/universoesportivo.net\/index.php\/2024\/05\/22\/trofeu-ayrton-senna-2024-acontece-entre-6-e-8-de-junho-em-birigui-no-speed-park\/","url":"https:\/\/universoesportivo.net\/index.php\/2024\/05\/22\/trofeu-ayrton-senna-2024-acontece-entre-6-e-8-de-junho-em-birigui-no-speed-park\/","name":"Trof\u00e9u Ayrton Senna 2024 acontece entre 6 e 8 de junho em Birigui, no Speed Park - Universo Esportivo","isPartOf":{"@id":"https:\/\/universoesportivo.net\/#website"},"primaryImageOfPage":{"@id":"https:\/\/universoesportivo.net\/index.php\/2024\/05\/22\/trofeu-ayrton-senna-2024-acontece-entre-6-e-8-de-junho-em-birigui-no-speed-park\/#primaryimage"},"image":{"@id":"https:\/\/universoesportivo.net\/index.php\/2024\/05\/22\/trofeu-ayrton-senna-2024-acontece-entre-6-e-8-de-junho-em-birigui-no-speed-park\/#primaryimage"},"thumbnailUrl":"https:\/\/universoesportivo.net\/wp-content\/uploads\/2024\/05\/rosespeed.jpg","datePublished":"2024-05-23T02:51:41+00:00","dateModified":"2024-05-23T02:51:42+00:00","breadcrumb":{"@id":"https:\/\/universoesportivo.net\/index.php\/2024\/05\/22\/trofeu-ayrton-senna-2024-acontece-entre-6-e-8-de-junho-em-birigui-no-speed-park\/#breadcrumb"},"inLanguage":"pt-BR","potentialAction":[{"@type":"ReadAction","target":["https:\/\/universoesportivo.net\/index.php\/2024\/05\/22\/trofeu-ayrton-senna-2024-acontece-entre-6-e-8-de-junho-em-birigui-no-speed-park\/"]}]},{"@type":"ImageObject","inLanguage":"pt-BR","@id":"https:\/\/universoesportivo.net\/index.php\/2024\/05\/22\/trofeu-ayrton-senna-2024-acontece-entre-6-e-8-de-junho-em-birigui-no-speed-park\/#primaryimage","url":"https:\/\/universoesportivo.net\/wp-content\/uploads\/2024\/05\/rosespeed.jpg","contentUrl":"https:\/\/universoesportivo.net\/wp-content\/uploads\/2024\/05\/rosespeed.jpg","width":450,"height":301},{"@type":"BreadcrumbList","@id":"https:\/\/universoesportivo.net\/index.php\/2024\/05\/22\/trofeu-ayrton-senna-2024-acontece-entre-6-e-8-de-junho-em-birigui-no-speed-park\/#breadcrumb","itemListElement":[{"@type":"ListItem","position":1,"name":"In\u00edcio","item":"https:\/\/universoesportivo.net\/"},{"@type":"ListItem","position":2,"name":"Trof\u00e9u Ayrton Senna 2024 acontece entre 6 e 8 de junho em Birigui, no Speed Park"}]},{"@type":"WebSite","@id":"https:\/\/universoesportivo.net\/#website","url":"https:\/\/universoesportivo.net\/","name":"Universo Esportivo","description":"O portal de todas as modalidades esportivas!","publisher":{"@id":"https:\/\/universoesportivo.net\/#organization"},"alternateName":"Jornalista Tiago Contador Lotto","potentialAction":[{"@type":"SearchAction","target":{"@type":"EntryPoint","urlTemplate":"https:\/\/universoesportivo.net\/?s={search_term_string}"},"query-input":{"@type":"PropertyValueSpecification","valueRequired":true,"valueName":"search_term_string"}}],"inLanguage":"pt-BR"},{"@type":"Organization","@id":"https:\/\/universoesportivo.net\/#organization","name":"Universo Esportivo","alternateName":"Tiago Lotto","url":"https:\/\/universoesportivo.net\/","logo":{"@type":"ImageObject","inLanguage":"pt-BR","@id":"https:\/\/universoesportivo.net\/#\/schema\/logo\/image\/","url":"https:\/\/universoesportivo.net\/wp-content\/uploads\/2024\/05\/cropped-cropped-universo-6.png","contentUrl":"https:\/\/universoesportivo.net\/wp-content\/uploads\/2024\/05\/cropped-cropped-universo-6.png","width":413,"height":295,"caption":"Universo Esportivo"},"image":{"@id":"https:\/\/universoesportivo.net\/#\/schema\/logo\/image\/"},"sameAs":["https:\/\/www.facebook.com\/universoesportivo.net"]},{"@type":"Person","@id":"https:\/\/universoesportivo.net\/#\/schema\/person\/62bc311bc7def56a6bc83711536e74bd","name":"Tiago Lotto","image":{"@type":"ImageObject","inLanguage":"pt-BR","@id":"https:\/\/secure.gravatar.com\/avatar\/fd6891125b3fb6ba0b794cd20c3398d5bb0fa20d2b9963a95f19470e5a6192f7?s=96&d=mm&r=g","url":"https:\/\/secure.gravatar.com\/avatar\/fd6891125b3fb6ba0b794cd20c3398d5bb0fa20d2b9963a95f19470e5a6192f7?s=96&d=mm&r=g","contentUrl":"https:\/\/secure.gravatar.com\/avatar\/fd6891125b3fb6ba0b794cd20c3398d5bb0fa20d2b9963a95f19470e5a6192f7?s=96&d=mm&r=g","caption":"Tiago Lotto"},"url":"https:\/\/universoesportivo.net\/index.php\/author\/tiago-lotto\/"}]}},"jetpack_featured_media_url":"https:\/\/universoesportivo.net\/wp-content\/uploads\/2024\/05\/rosespeed.jpg","_links":{"self":[{"href":"https:\/\/universoesportivo.net\/index.php\/wp-json\/wp\/v2\/posts\/1151","targetHints":{"allow":["GET"]}}],"collection":[{"href":"https:\/\/universoesportivo.net\/index.php\/wp-json\/wp\/v2\/posts"}],"about":[{"href":"https:\/\/universoesportivo.net\/index.php\/wp-json\/wp\/v2\/types\/post"}],"author":[{"embeddable":true,"href":"https:\/\/universoesportivo.net\/index.php\/wp-json\/wp\/v2\/users\/2"}],"replies":[{"embeddable":true,"href":"https:\/\/universoesportivo.net\/index.php\/wp-json\/wp\/v2\/comments?post=1151"}],"version-history":[{"count":1,"href":"https:\/\/universoesportivo.net\/index.php\/wp-json\/wp\/v2\/posts\/1151\/revisions"}],"predecessor-version":[{"id":1153,"href":"https:\/\/universoesportivo.net\/index.php\/wp-json\/wp\/v2\/posts\/1151\/revisions\/1153"}],"wp:featuredmedia":[{"embeddable":true,"href":"https:\/\/universoesportivo.net\/index.php\/wp-json\/wp\/v2\/media\/1152"}],"wp:attachment":[{"href":"https:\/\/universoesportivo.net\/index.php\/wp-json\/wp\/v2\/media?parent=1151"}],"wp:term":[{"taxonomy":"category","embeddable":true,"href":"https:\/\/universoesportivo.net\/index.php\/wp-json\/wp\/v2\/categories?post=1151"},{"taxonomy":"post_tag","embeddable":true,"href":"https:\/\/universoesportivo.net\/index.php\/wp-json\/wp\/v2\/tags?post=1151"}],"curies":[{"name":"wp","href":"https:\/\/api.w.org\/{rel}","templated":true}]}}