{"id":1172,"date":"2024-05-28T13:15:36","date_gmt":"2024-05-28T16:15:36","guid":{"rendered":"https:\/\/universoesportivo.net\/?p=1172"},"modified":"2024-05-28T13:17:46","modified_gmt":"2024-05-28T16:17:46","slug":"em-birigui-trofeu-ayrton-senna-de-kart-se-aproxima-dos-120-pilotos-confirmados","status":"publish","type":"post","link":"https:\/\/universoesportivo.net\/index.php\/2024\/05\/28\/em-birigui-trofeu-ayrton-senna-de-kart-se-aproxima-dos-120-pilotos-confirmados\/","title":{"rendered":"EM BIRIGUI: Trof\u00e9u Ayrton Senna de Kart se aproxima dos 120 pilotos confirmados"},"content":{"rendered":"\n<p class=\"has-medium-font-size\">Marcado para acontecer dias 6, 7 e 8 de junho, no Speed Park, em Birigui, interior de S\u00e3o Paulo, o 3\u00ba Trof\u00e9u Ayrton Senna se aproxima da casa de 120 inscritos e continua com suas inscri\u00e7\u00f5es abertas no site do kart\u00f3dromo.<\/p>\n\n\n\n<p class=\"has-medium-font-size\">Esta ser\u00e1 a primeira oportunidade na temporada para pilotos e equipes se prepararem para disputar as provas do Grupo 1 do Campeonato Brasileiro em setembro. O evento tamb\u00e9m ser\u00e1 no Speed Park.<\/p>\n\n\n\n<p class=\"has-medium-font-size\">O Trof\u00e9u Ayrton Senna e a 1\u00aa etapa do Circuito Paulista, que ser\u00e1 disputada de forma paralela, ter\u00e1 toda sua programa\u00e7\u00e3o oficial \u2013 treinos, tomadas, classificat\u00f3rias e finais. Antes (ter\u00e7a e quarta-feira) a pista estar\u00e1 aberta para treinos livres.<\/p>\n\n\n\n<p class=\"has-medium-font-size\">O Trof\u00e9u Ayrton Senna ser\u00e1 composto pelas categorias de motores 4 tempos \u2013 que estar\u00e3o presentes no Brasileiro \u2013 e pela Mini 2T, OK J\u00fanior, OK, KZ, KZ S\u00eanior, Sprinter e S\u00eanior.<\/p>\n\n\n\n<p class=\"has-medium-font-size\">No Circuito Paulista, por sua vez, competir\u00e3o apenas as 4 Tempos, ou seja, Mirim, Cadete, F4 J\u00fanior, F4 Sprinter, F4 Graduados, F4 S\u00eanior, F4 Super S\u00eanior e F4 Super S\u00eanior Master.<\/p>\n\n\n\n<p class=\"has-medium-font-size\">A tomada de tempos acontecer\u00e1 na quinta-feira, as provas classificat\u00f3rias na sexta e a soma dos pontos das duas classificat\u00f3rias das categorias de motores 4 Tempos determinar\u00e1 os vencedores da 1\u00aa etapa do Circuito Paulista, cujo p\u00f3dio ser\u00e1 realizado ainda na sexta-feira.<\/p>\n\n\n\n<p class=\"has-medium-font-size\">As categorias 2 Tempos, por sua vez, utilizar\u00e3o as classificat\u00f3rias para definir o grid de largada da Final do Trof\u00e9u Ayrton Senna.<\/p>\n\n\n\n<p class=\"has-medium-font-size\">E no s\u00e1bado, j\u00e1 com todos os grids de largada definidos, todas as categorias conhecer\u00e3o os campe\u00f5es do 3\u00aa Trof\u00e9u Ayrton Senna.<\/p>\n\n\n\n<p class=\"has-medium-font-size\">REGIONAL CUP \u2013 Dentro da programa\u00e7\u00e3o do Trof\u00e9u Ayrton Senna, as categorias OK J\u00fanior e OK far\u00e3o a 2\u00aa classificat\u00f3ria em busca de uma vaga na Final da Regional Cup, competi\u00e7\u00e3o que garantir\u00e1 ao seu vencedor a participa\u00e7\u00e3o no Campeonato Mundial FIA Karting em setembro na Inglaterra, com inscri\u00e7\u00e3o e ajuda de custos oferecidos pela CBA.<\/p>\n\n\n\n<p class=\"has-medium-font-size\">Os quatro primeiros colocados na OK J\u00fanior e OK estar\u00e3o garantidos na Final da Regional Cup, que ser\u00e1 disputada entre os dias 29 e 31 de julho, no Circuito Internacional Paladino, na Para\u00edba, logo ap\u00f3s a Copa Brasil.<\/p>\n\n\n\n<p class=\"has-medium-font-size\">A Mini 2T, por sua vez, disputar\u00e1 sua primeira classificat\u00f3ria e dar\u00e1 tr\u00eas vagas para a Final da Regional Cup.<\/p>\n\n\n\n<p class=\"has-medium-font-size\">\u201cEstamos com um n\u00famero interessante de pilotos inscritos, mas certamente teremos muito mais at\u00e9 a abertura oficial da pista na quinta-feira, dia 6\u201d, comentou F\u00e1bio Gomide, um dos organizadores da competi\u00e7\u00e3o que ser\u00e1 realizada em Birigui.<\/p>\n\n\n\n<p class=\"has-medium-font-size\">KG COM &#8211; Erno Drehmer \/ Foto: Tartalho Fotografia<\/p>\n","protected":false},"excerpt":{"rendered":"<p>Terceira edi\u00e7\u00e3o da competi\u00e7\u00e3o ser\u00e1 composta pelas categorias de motores 4 tempos (que estar\u00e3o presentes no Brasileiro) e pela Mini 2T, OK J\u00fanior, OK, KZ, KZ S\u00eanior, Sprinter e S\u00eanior.<\/p>\n","protected":false},"author":2,"featured_media":1173,"comment_status":"closed","ping_status":"closed","sticky":false,"template":"","format":"standard","meta":{"colormag_page_container_layout":"default_layout","colormag_page_sidebar_layout":"default_layout","footnotes":""},"categories":[17,46],"tags":[],"class_list":["post-1172","post","type-post","status-publish","format-standard","has-post-thumbnail","hentry","category-esportes","category-kart"],"magazineBlocksPostFeaturedMedia":{"thumbnail":"https:\/\/universoesportivo.net\/wp-content\/uploads\/2024\/05\/sennatartalho-150x150.jpg","medium":"https:\/\/universoesportivo.net\/wp-content\/uploads\/2024\/05\/sennatartalho-300x200.jpg","medium_large":"https:\/\/universoesportivo.net\/wp-content\/uploads\/2024\/05\/sennatartalho.jpg","large":"https:\/\/universoesportivo.net\/wp-content\/uploads\/2024\/05\/sennatartalho.jpg","1536x1536":"https:\/\/universoesportivo.net\/wp-content\/uploads\/2024\/05\/sennatartalho.jpg","2048x2048":"https:\/\/universoesportivo.net\/wp-content\/uploads\/2024\/05\/sennatartalho.jpg","trp-custom-language-flag":"https:\/\/universoesportivo.net\/wp-content\/uploads\/2024\/05\/sennatartalho-18x12.jpg","colormag-highlighted-post":"https:\/\/universoesportivo.net\/wp-content\/uploads\/2024\/05\/sennatartalho-392x272.jpg","colormag-featured-post-medium":"https:\/\/universoesportivo.net\/wp-content\/uploads\/2024\/05\/sennatartalho-390x205.jpg","colormag-featured-post-small":"https:\/\/universoesportivo.net\/wp-content\/uploads\/2024\/05\/sennatartalho-130x90.jpg","colormag-featured-image":"https:\/\/universoesportivo.net\/wp-content\/uploads\/2024\/05\/sennatartalho.jpg","colormag-default-news":"https:\/\/universoesportivo.net\/wp-content\/uploads\/2024\/05\/sennatartalho-150x150.jpg","colormag-featured-image-large":"https:\/\/universoesportivo.net\/wp-content\/uploads\/2024\/05\/sennatartalho.jpg","colormag-elementor-block-extra-large-thumbnail":"https:\/\/universoesportivo.net\/wp-content\/uploads\/2024\/05\/sennatartalho.jpg","colormag-elementor-grid-large-thumbnail":"https:\/\/universoesportivo.net\/wp-content\/uploads\/2024\/05\/sennatartalho.jpg","colormag-elementor-grid-small-thumbnail":"https:\/\/universoesportivo.net\/wp-content\/uploads\/2024\/05\/sennatartalho-285x341.jpg","colormag-elementor-grid-medium-large-thumbnail":"https:\/\/universoesportivo.net\/wp-content\/uploads\/2024\/05\/sennatartalho-512x198.jpg"},"magazineBlocksPostAuthor":{"name":"Tiago Lotto","avatar":"https:\/\/secure.gravatar.com\/avatar\/fd6891125b3fb6ba0b794cd20c3398d5bb0fa20d2b9963a95f19470e5a6192f7?s=96&d=mm&r=g"},"magazineBlocksPostCommentsNumber":false,"magazineBlocksPostExcerpt":"Terceira edi\u00e7\u00e3o da competi\u00e7\u00e3o ser\u00e1 composta pelas categorias de motores 4 tempos (que estar\u00e3o presentes no Brasileiro) e pela Mini 2T, OK J\u00fanior, OK, KZ, KZ S\u00eanior, Sprinter e S\u00eanior.","magazineBlocksPostCategories":["ESPORTES","Kart"],"magazineBlocksPostViewCount":40,"magazineBlocksPostReadTime":3,"magazine_blocks_featured_image_url":{"full":["https:\/\/universoesportivo.net\/wp-content\/uploads\/2024\/05\/sennatartalho.jpg",512,341,false],"medium":["https:\/\/universoesportivo.net\/wp-content\/uploads\/2024\/05\/sennatartalho-300x200.jpg",300,200,true],"thumbnail":["https:\/\/universoesportivo.net\/wp-content\/uploads\/2024\/05\/sennatartalho-150x150.jpg",150,150,true]},"magazine_blocks_author":{"display_name":"Tiago Lotto","author_link":"https:\/\/universoesportivo.net\/index.php\/author\/tiago-lotto\/"},"magazine_blocks_comment":0,"magazine_blocks_author_image":"https:\/\/secure.gravatar.com\/avatar\/fd6891125b3fb6ba0b794cd20c3398d5bb0fa20d2b9963a95f19470e5a6192f7?s=96&d=mm&r=g","magazine_blocks_category":"<a href=\"#\" class=\"category-link category-link-17\">ESPORTES<\/a> <a href=\"#\" class=\"category-link category-link-46\">Kart<\/a>","yoast_head":"<!-- This site is optimized with the Yoast SEO plugin v27.4 - https:\/\/yoast.com\/product\/yoast-seo-wordpress\/ -->\n<title>EM BIRIGUI: Trof\u00e9u Ayrton Senna de Kart se aproxima dos 120 pilotos confirmados - Universo Esportivo<\/title>\n<meta name=\"robots\" content=\"index, follow, max-snippet:-1, max-image-preview:large, max-video-preview:-1\" \/>\n<link rel=\"canonical\" href=\"https:\/\/universoesportivo.net\/index.php\/2024\/05\/28\/em-birigui-trofeu-ayrton-senna-de-kart-se-aproxima-dos-120-pilotos-confirmados\/\" \/>\n<meta property=\"og:locale\" content=\"pt_BR\" \/>\n<meta property=\"og:type\" content=\"article\" \/>\n<meta property=\"og:title\" content=\"EM BIRIGUI: Trof\u00e9u Ayrton Senna de Kart se aproxima dos 120 pilotos confirmados - Universo Esportivo\" \/>\n<meta property=\"og:description\" content=\"Terceira edi\u00e7\u00e3o da competi\u00e7\u00e3o ser\u00e1 composta pelas categorias de motores 4 tempos (que estar\u00e3o presentes no Brasileiro) e pela Mini 2T, OK J\u00fanior, OK, KZ, KZ S\u00eanior, Sprinter e S\u00eanior.\" \/>\n<meta property=\"og:url\" content=\"https:\/\/universoesportivo.net\/index.php\/2024\/05\/28\/em-birigui-trofeu-ayrton-senna-de-kart-se-aproxima-dos-120-pilotos-confirmados\/\" \/>\n<meta property=\"og:site_name\" content=\"Universo Esportivo\" \/>\n<meta property=\"article:publisher\" content=\"https:\/\/www.facebook.com\/universoesportivo.net\" \/>\n<meta property=\"article:published_time\" content=\"2024-05-28T16:15:36+00:00\" \/>\n<meta property=\"article:modified_time\" content=\"2024-05-28T16:17:46+00:00\" \/>\n<meta property=\"og:image\" content=\"https:\/\/universoesportivo.net\/wp-content\/uploads\/2024\/05\/sennatartalho.jpg\" \/>\n\t<meta property=\"og:image:width\" content=\"512\" \/>\n\t<meta property=\"og:image:height\" content=\"341\" \/>\n\t<meta property=\"og:image:type\" content=\"image\/jpeg\" \/>\n<meta name=\"author\" content=\"Tiago Lotto\" \/>\n<meta name=\"twitter:card\" content=\"summary_large_image\" \/>\n<meta name=\"twitter:label1\" content=\"Escrito por\" \/>\n\t<meta name=\"twitter:data1\" content=\"Tiago Lotto\" \/>\n\t<meta name=\"twitter:label2\" content=\"Est. tempo de leitura\" \/>\n\t<meta name=\"twitter:data2\" content=\"3 minutos\" \/>\n<script type=\"application\/ld+json\" class=\"yoast-schema-graph\">{\"@context\":\"https:\\\/\\\/schema.org\",\"@graph\":[{\"@type\":\"Article\",\"@id\":\"https:\\\/\\\/universoesportivo.net\\\/index.php\\\/2024\\\/05\\\/28\\\/em-birigui-trofeu-ayrton-senna-de-kart-se-aproxima-dos-120-pilotos-confirmados\\\/#article\",\"isPartOf\":{\"@id\":\"https:\\\/\\\/universoesportivo.net\\\/index.php\\\/2024\\\/05\\\/28\\\/em-birigui-trofeu-ayrton-senna-de-kart-se-aproxima-dos-120-pilotos-confirmados\\\/\"},\"author\":{\"name\":\"Tiago Lotto\",\"@id\":\"https:\\\/\\\/universoesportivo.net\\\/#\\\/schema\\\/person\\\/62bc311bc7def56a6bc83711536e74bd\"},\"headline\":\"EM BIRIGUI: Trof\u00e9u Ayrton Senna de Kart se aproxima dos 120 pilotos confirmados\",\"datePublished\":\"2024-05-28T16:15:36+00:00\",\"dateModified\":\"2024-05-28T16:17:46+00:00\",\"mainEntityOfPage\":{\"@id\":\"https:\\\/\\\/universoesportivo.net\\\/index.php\\\/2024\\\/05\\\/28\\\/em-birigui-trofeu-ayrton-senna-de-kart-se-aproxima-dos-120-pilotos-confirmados\\\/\"},\"wordCount\":457,\"publisher\":{\"@id\":\"https:\\\/\\\/universoesportivo.net\\\/#organization\"},\"image\":{\"@id\":\"https:\\\/\\\/universoesportivo.net\\\/index.php\\\/2024\\\/05\\\/28\\\/em-birigui-trofeu-ayrton-senna-de-kart-se-aproxima-dos-120-pilotos-confirmados\\\/#primaryimage\"},\"thumbnailUrl\":\"https:\\\/\\\/universoesportivo.net\\\/wp-content\\\/uploads\\\/2024\\\/05\\\/sennatartalho.jpg\",\"articleSection\":[\"ESPORTES\",\"Kart\"],\"inLanguage\":\"pt-BR\"},{\"@type\":\"WebPage\",\"@id\":\"https:\\\/\\\/universoesportivo.net\\\/index.php\\\/2024\\\/05\\\/28\\\/em-birigui-trofeu-ayrton-senna-de-kart-se-aproxima-dos-120-pilotos-confirmados\\\/\",\"url\":\"https:\\\/\\\/universoesportivo.net\\\/index.php\\\/2024\\\/05\\\/28\\\/em-birigui-trofeu-ayrton-senna-de-kart-se-aproxima-dos-120-pilotos-confirmados\\\/\",\"name\":\"EM BIRIGUI: Trof\u00e9u Ayrton Senna de Kart se aproxima dos 120 pilotos confirmados - Universo Esportivo\",\"isPartOf\":{\"@id\":\"https:\\\/\\\/universoesportivo.net\\\/#website\"},\"primaryImageOfPage\":{\"@id\":\"https:\\\/\\\/universoesportivo.net\\\/index.php\\\/2024\\\/05\\\/28\\\/em-birigui-trofeu-ayrton-senna-de-kart-se-aproxima-dos-120-pilotos-confirmados\\\/#primaryimage\"},\"image\":{\"@id\":\"https:\\\/\\\/universoesportivo.net\\\/index.php\\\/2024\\\/05\\\/28\\\/em-birigui-trofeu-ayrton-senna-de-kart-se-aproxima-dos-120-pilotos-confirmados\\\/#primaryimage\"},\"thumbnailUrl\":\"https:\\\/\\\/universoesportivo.net\\\/wp-content\\\/uploads\\\/2024\\\/05\\\/sennatartalho.jpg\",\"datePublished\":\"2024-05-28T16:15:36+00:00\",\"dateModified\":\"2024-05-28T16:17:46+00:00\",\"breadcrumb\":{\"@id\":\"https:\\\/\\\/universoesportivo.net\\\/index.php\\\/2024\\\/05\\\/28\\\/em-birigui-trofeu-ayrton-senna-de-kart-se-aproxima-dos-120-pilotos-confirmados\\\/#breadcrumb\"},\"inLanguage\":\"pt-BR\",\"potentialAction\":[{\"@type\":\"ReadAction\",\"target\":[\"https:\\\/\\\/universoesportivo.net\\\/index.php\\\/2024\\\/05\\\/28\\\/em-birigui-trofeu-ayrton-senna-de-kart-se-aproxima-dos-120-pilotos-confirmados\\\/\"]}]},{\"@type\":\"ImageObject\",\"inLanguage\":\"pt-BR\",\"@id\":\"https:\\\/\\\/universoesportivo.net\\\/index.php\\\/2024\\\/05\\\/28\\\/em-birigui-trofeu-ayrton-senna-de-kart-se-aproxima-dos-120-pilotos-confirmados\\\/#primaryimage\",\"url\":\"https:\\\/\\\/universoesportivo.net\\\/wp-content\\\/uploads\\\/2024\\\/05\\\/sennatartalho.jpg\",\"contentUrl\":\"https:\\\/\\\/universoesportivo.net\\\/wp-content\\\/uploads\\\/2024\\\/05\\\/sennatartalho.jpg\",\"width\":512,\"height\":341},{\"@type\":\"BreadcrumbList\",\"@id\":\"https:\\\/\\\/universoesportivo.net\\\/index.php\\\/2024\\\/05\\\/28\\\/em-birigui-trofeu-ayrton-senna-de-kart-se-aproxima-dos-120-pilotos-confirmados\\\/#breadcrumb\",\"itemListElement\":[{\"@type\":\"ListItem\",\"position\":1,\"name\":\"In\u00edcio\",\"item\":\"https:\\\/\\\/universoesportivo.net\\\/\"},{\"@type\":\"ListItem\",\"position\":2,\"name\":\"EM BIRIGUI: Trof\u00e9u Ayrton Senna de Kart se aproxima dos 120 pilotos confirmados\"}]},{\"@type\":\"WebSite\",\"@id\":\"https:\\\/\\\/universoesportivo.net\\\/#website\",\"url\":\"https:\\\/\\\/universoesportivo.net\\\/\",\"name\":\"Universo Esportivo\",\"description\":\"O portal de todas as modalidades esportivas!\",\"publisher\":{\"@id\":\"https:\\\/\\\/universoesportivo.net\\\/#organization\"},\"alternateName\":\"Jornalista Tiago Contador Lotto\",\"potentialAction\":[{\"@type\":\"SearchAction\",\"target\":{\"@type\":\"EntryPoint\",\"urlTemplate\":\"https:\\\/\\\/universoesportivo.net\\\/?s={search_term_string}\"},\"query-input\":{\"@type\":\"PropertyValueSpecification\",\"valueRequired\":true,\"valueName\":\"search_term_string\"}}],\"inLanguage\":\"pt-BR\"},{\"@type\":\"Organization\",\"@id\":\"https:\\\/\\\/universoesportivo.net\\\/#organization\",\"name\":\"Universo Esportivo\",\"alternateName\":\"Tiago Lotto\",\"url\":\"https:\\\/\\\/universoesportivo.net\\\/\",\"logo\":{\"@type\":\"ImageObject\",\"inLanguage\":\"pt-BR\",\"@id\":\"https:\\\/\\\/universoesportivo.net\\\/#\\\/schema\\\/logo\\\/image\\\/\",\"url\":\"https:\\\/\\\/universoesportivo.net\\\/wp-content\\\/uploads\\\/2024\\\/05\\\/cropped-cropped-universo-6.png\",\"contentUrl\":\"https:\\\/\\\/universoesportivo.net\\\/wp-content\\\/uploads\\\/2024\\\/05\\\/cropped-cropped-universo-6.png\",\"width\":413,\"height\":295,\"caption\":\"Universo Esportivo\"},\"image\":{\"@id\":\"https:\\\/\\\/universoesportivo.net\\\/#\\\/schema\\\/logo\\\/image\\\/\"},\"sameAs\":[\"https:\\\/\\\/www.facebook.com\\\/universoesportivo.net\"]},{\"@type\":\"Person\",\"@id\":\"https:\\\/\\\/universoesportivo.net\\\/#\\\/schema\\\/person\\\/62bc311bc7def56a6bc83711536e74bd\",\"name\":\"Tiago Lotto\",\"image\":{\"@type\":\"ImageObject\",\"inLanguage\":\"pt-BR\",\"@id\":\"https:\\\/\\\/secure.gravatar.com\\\/avatar\\\/fd6891125b3fb6ba0b794cd20c3398d5bb0fa20d2b9963a95f19470e5a6192f7?s=96&d=mm&r=g\",\"url\":\"https:\\\/\\\/secure.gravatar.com\\\/avatar\\\/fd6891125b3fb6ba0b794cd20c3398d5bb0fa20d2b9963a95f19470e5a6192f7?s=96&d=mm&r=g\",\"contentUrl\":\"https:\\\/\\\/secure.gravatar.com\\\/avatar\\\/fd6891125b3fb6ba0b794cd20c3398d5bb0fa20d2b9963a95f19470e5a6192f7?s=96&d=mm&r=g\",\"caption\":\"Tiago Lotto\"},\"url\":\"https:\\\/\\\/universoesportivo.net\\\/index.php\\\/author\\\/tiago-lotto\\\/\"}]}<\/script>\n<!-- \/ Yoast SEO plugin. -->","yoast_head_json":{"title":"EM BIRIGUI: Trof\u00e9u Ayrton Senna de Kart se aproxima dos 120 pilotos confirmados - Universo Esportivo","robots":{"index":"index","follow":"follow","max-snippet":"max-snippet:-1","max-image-preview":"max-image-preview:large","max-video-preview":"max-video-preview:-1"},"canonical":"https:\/\/universoesportivo.net\/index.php\/2024\/05\/28\/em-birigui-trofeu-ayrton-senna-de-kart-se-aproxima-dos-120-pilotos-confirmados\/","og_locale":"pt_BR","og_type":"article","og_title":"EM BIRIGUI: Trof\u00e9u Ayrton Senna de Kart se aproxima dos 120 pilotos confirmados - Universo Esportivo","og_description":"Terceira edi\u00e7\u00e3o da competi\u00e7\u00e3o ser\u00e1 composta pelas categorias de motores 4 tempos (que estar\u00e3o presentes no Brasileiro) e pela Mini 2T, OK J\u00fanior, OK, KZ, KZ S\u00eanior, Sprinter e S\u00eanior.","og_url":"https:\/\/universoesportivo.net\/index.php\/2024\/05\/28\/em-birigui-trofeu-ayrton-senna-de-kart-se-aproxima-dos-120-pilotos-confirmados\/","og_site_name":"Universo Esportivo","article_publisher":"https:\/\/www.facebook.com\/universoesportivo.net","article_published_time":"2024-05-28T16:15:36+00:00","article_modified_time":"2024-05-28T16:17:46+00:00","og_image":[{"width":512,"height":341,"url":"https:\/\/universoesportivo.net\/wp-content\/uploads\/2024\/05\/sennatartalho.jpg","type":"image\/jpeg"}],"author":"Tiago Lotto","twitter_card":"summary_large_image","twitter_misc":{"Escrito por":"Tiago Lotto","Est. tempo de leitura":"3 minutos"},"schema":{"@context":"https:\/\/schema.org","@graph":[{"@type":"Article","@id":"https:\/\/universoesportivo.net\/index.php\/2024\/05\/28\/em-birigui-trofeu-ayrton-senna-de-kart-se-aproxima-dos-120-pilotos-confirmados\/#article","isPartOf":{"@id":"https:\/\/universoesportivo.net\/index.php\/2024\/05\/28\/em-birigui-trofeu-ayrton-senna-de-kart-se-aproxima-dos-120-pilotos-confirmados\/"},"author":{"name":"Tiago Lotto","@id":"https:\/\/universoesportivo.net\/#\/schema\/person\/62bc311bc7def56a6bc83711536e74bd"},"headline":"EM BIRIGUI: Trof\u00e9u Ayrton Senna de Kart se aproxima dos 120 pilotos confirmados","datePublished":"2024-05-28T16:15:36+00:00","dateModified":"2024-05-28T16:17:46+00:00","mainEntityOfPage":{"@id":"https:\/\/universoesportivo.net\/index.php\/2024\/05\/28\/em-birigui-trofeu-ayrton-senna-de-kart-se-aproxima-dos-120-pilotos-confirmados\/"},"wordCount":457,"publisher":{"@id":"https:\/\/universoesportivo.net\/#organization"},"image":{"@id":"https:\/\/universoesportivo.net\/index.php\/2024\/05\/28\/em-birigui-trofeu-ayrton-senna-de-kart-se-aproxima-dos-120-pilotos-confirmados\/#primaryimage"},"thumbnailUrl":"https:\/\/universoesportivo.net\/wp-content\/uploads\/2024\/05\/sennatartalho.jpg","articleSection":["ESPORTES","Kart"],"inLanguage":"pt-BR"},{"@type":"WebPage","@id":"https:\/\/universoesportivo.net\/index.php\/2024\/05\/28\/em-birigui-trofeu-ayrton-senna-de-kart-se-aproxima-dos-120-pilotos-confirmados\/","url":"https:\/\/universoesportivo.net\/index.php\/2024\/05\/28\/em-birigui-trofeu-ayrton-senna-de-kart-se-aproxima-dos-120-pilotos-confirmados\/","name":"EM BIRIGUI: Trof\u00e9u Ayrton Senna de Kart se aproxima dos 120 pilotos confirmados - Universo Esportivo","isPartOf":{"@id":"https:\/\/universoesportivo.net\/#website"},"primaryImageOfPage":{"@id":"https:\/\/universoesportivo.net\/index.php\/2024\/05\/28\/em-birigui-trofeu-ayrton-senna-de-kart-se-aproxima-dos-120-pilotos-confirmados\/#primaryimage"},"image":{"@id":"https:\/\/universoesportivo.net\/index.php\/2024\/05\/28\/em-birigui-trofeu-ayrton-senna-de-kart-se-aproxima-dos-120-pilotos-confirmados\/#primaryimage"},"thumbnailUrl":"https:\/\/universoesportivo.net\/wp-content\/uploads\/2024\/05\/sennatartalho.jpg","datePublished":"2024-05-28T16:15:36+00:00","dateModified":"2024-05-28T16:17:46+00:00","breadcrumb":{"@id":"https:\/\/universoesportivo.net\/index.php\/2024\/05\/28\/em-birigui-trofeu-ayrton-senna-de-kart-se-aproxima-dos-120-pilotos-confirmados\/#breadcrumb"},"inLanguage":"pt-BR","potentialAction":[{"@type":"ReadAction","target":["https:\/\/universoesportivo.net\/index.php\/2024\/05\/28\/em-birigui-trofeu-ayrton-senna-de-kart-se-aproxima-dos-120-pilotos-confirmados\/"]}]},{"@type":"ImageObject","inLanguage":"pt-BR","@id":"https:\/\/universoesportivo.net\/index.php\/2024\/05\/28\/em-birigui-trofeu-ayrton-senna-de-kart-se-aproxima-dos-120-pilotos-confirmados\/#primaryimage","url":"https:\/\/universoesportivo.net\/wp-content\/uploads\/2024\/05\/sennatartalho.jpg","contentUrl":"https:\/\/universoesportivo.net\/wp-content\/uploads\/2024\/05\/sennatartalho.jpg","width":512,"height":341},{"@type":"BreadcrumbList","@id":"https:\/\/universoesportivo.net\/index.php\/2024\/05\/28\/em-birigui-trofeu-ayrton-senna-de-kart-se-aproxima-dos-120-pilotos-confirmados\/#breadcrumb","itemListElement":[{"@type":"ListItem","position":1,"name":"In\u00edcio","item":"https:\/\/universoesportivo.net\/"},{"@type":"ListItem","position":2,"name":"EM BIRIGUI: Trof\u00e9u Ayrton Senna de Kart se aproxima dos 120 pilotos confirmados"}]},{"@type":"WebSite","@id":"https:\/\/universoesportivo.net\/#website","url":"https:\/\/universoesportivo.net\/","name":"Universo Esportivo","description":"O portal de todas as modalidades esportivas!","publisher":{"@id":"https:\/\/universoesportivo.net\/#organization"},"alternateName":"Jornalista Tiago Contador Lotto","potentialAction":[{"@type":"SearchAction","target":{"@type":"EntryPoint","urlTemplate":"https:\/\/universoesportivo.net\/?s={search_term_string}"},"query-input":{"@type":"PropertyValueSpecification","valueRequired":true,"valueName":"search_term_string"}}],"inLanguage":"pt-BR"},{"@type":"Organization","@id":"https:\/\/universoesportivo.net\/#organization","name":"Universo Esportivo","alternateName":"Tiago Lotto","url":"https:\/\/universoesportivo.net\/","logo":{"@type":"ImageObject","inLanguage":"pt-BR","@id":"https:\/\/universoesportivo.net\/#\/schema\/logo\/image\/","url":"https:\/\/universoesportivo.net\/wp-content\/uploads\/2024\/05\/cropped-cropped-universo-6.png","contentUrl":"https:\/\/universoesportivo.net\/wp-content\/uploads\/2024\/05\/cropped-cropped-universo-6.png","width":413,"height":295,"caption":"Universo Esportivo"},"image":{"@id":"https:\/\/universoesportivo.net\/#\/schema\/logo\/image\/"},"sameAs":["https:\/\/www.facebook.com\/universoesportivo.net"]},{"@type":"Person","@id":"https:\/\/universoesportivo.net\/#\/schema\/person\/62bc311bc7def56a6bc83711536e74bd","name":"Tiago Lotto","image":{"@type":"ImageObject","inLanguage":"pt-BR","@id":"https:\/\/secure.gravatar.com\/avatar\/fd6891125b3fb6ba0b794cd20c3398d5bb0fa20d2b9963a95f19470e5a6192f7?s=96&d=mm&r=g","url":"https:\/\/secure.gravatar.com\/avatar\/fd6891125b3fb6ba0b794cd20c3398d5bb0fa20d2b9963a95f19470e5a6192f7?s=96&d=mm&r=g","contentUrl":"https:\/\/secure.gravatar.com\/avatar\/fd6891125b3fb6ba0b794cd20c3398d5bb0fa20d2b9963a95f19470e5a6192f7?s=96&d=mm&r=g","caption":"Tiago Lotto"},"url":"https:\/\/universoesportivo.net\/index.php\/author\/tiago-lotto\/"}]}},"jetpack_featured_media_url":"https:\/\/universoesportivo.net\/wp-content\/uploads\/2024\/05\/sennatartalho.jpg","_links":{"self":[{"href":"https:\/\/universoesportivo.net\/index.php\/wp-json\/wp\/v2\/posts\/1172","targetHints":{"allow":["GET"]}}],"collection":[{"href":"https:\/\/universoesportivo.net\/index.php\/wp-json\/wp\/v2\/posts"}],"about":[{"href":"https:\/\/universoesportivo.net\/index.php\/wp-json\/wp\/v2\/types\/post"}],"author":[{"embeddable":true,"href":"https:\/\/universoesportivo.net\/index.php\/wp-json\/wp\/v2\/users\/2"}],"replies":[{"embeddable":true,"href":"https:\/\/universoesportivo.net\/index.php\/wp-json\/wp\/v2\/comments?post=1172"}],"version-history":[{"count":2,"href":"https:\/\/universoesportivo.net\/index.php\/wp-json\/wp\/v2\/posts\/1172\/revisions"}],"predecessor-version":[{"id":1176,"href":"https:\/\/universoesportivo.net\/index.php\/wp-json\/wp\/v2\/posts\/1172\/revisions\/1176"}],"wp:featuredmedia":[{"embeddable":true,"href":"https:\/\/universoesportivo.net\/index.php\/wp-json\/wp\/v2\/media\/1173"}],"wp:attachment":[{"href":"https:\/\/universoesportivo.net\/index.php\/wp-json\/wp\/v2\/media?parent=1172"}],"wp:term":[{"taxonomy":"category","embeddable":true,"href":"https:\/\/universoesportivo.net\/index.php\/wp-json\/wp\/v2\/categories?post=1172"},{"taxonomy":"post_tag","embeddable":true,"href":"https:\/\/universoesportivo.net\/index.php\/wp-json\/wp\/v2\/tags?post=1172"}],"curies":[{"name":"wp","href":"https:\/\/api.w.org\/{rel}","templated":true}]}}