{"id":1186,"date":"2024-06-01T01:32:24","date_gmt":"2024-06-01T04:32:24","guid":{"rendered":"https:\/\/universoesportivo.net\/?p=1186"},"modified":"2024-06-01T01:32:24","modified_gmt":"2024-06-01T04:32:24","slug":"com-8-sedes-jogos-regionais-2024-serao-em-dois-periodos-de-3-a-13-e-de-17-a-27-de-julho","status":"publish","type":"post","link":"https:\/\/universoesportivo.net\/index.php\/2024\/06\/01\/com-8-sedes-jogos-regionais-2024-serao-em-dois-periodos-de-3-a-13-e-de-17-a-27-de-julho\/","title":{"rendered":"Com 8 sedes, Jogos Regionais 2024 ser\u00e3o em dois per\u00edodos: de 3 a 13 e de 17 a 27 de julho"},"content":{"rendered":"\n<p class=\"has-medium-font-size\">Oito cidades do Estado de S\u00e3o Paulo sediar\u00e3o os Jogos Regionais 2024, evento do Governo Estadual por meio da Secretaria da Juventude, Esportes e Lazer do Estado de S\u00e3o Paulo.<\/p>\n\n\n\n<p class=\"has-medium-font-size\">Nas cidades sedes de S\u00e3o Caetano do Sul (1\u00aa Regi\u00e3o), Botucatu (3\u00aa Regi\u00e3o), Sert\u00e3ozinho (5\u00aa Regi\u00e3o) e Tup\u00e3 (7\u00aa Regi\u00e3o) os jogos acontecem de 3 a 13 de julho.<\/p>\n\n\n\n<p class=\"has-medium-font-size\">J\u00e1 na 2\u00aa, 4\u00aa, 6\u00aa e 8\u00aa Regi\u00f5es os jogos ser\u00e3o de 17 a 27 de julho. Ser\u00e3o sedes Bragan\u00e7a Paulista (4\u00aa Regi\u00e3o), Ara\u00e7atuba (6\u00aa Regi\u00e3o) e Itapetininga (8\u00aa Regi\u00e3o). A cidade sede da 2\u00aa Regi\u00e3o ainda ser\u00e1 definida, por\u00e9m, em nos bastidores esportivos, o evento dever\u00e1 ser em S\u00e3o Sebasti\u00e3o.<\/p>\n\n\n\n<p class=\"has-medium-font-size\">Os Jogos Regionais est\u00e3o na edi\u00e7\u00e3o de n\u00famero 66 e s\u00e3o classificat\u00f3rios aos Jogos Abertos do Interior \u201cHor\u00e1cio Baby Barioni\u201d. Os Abertos ser\u00e3o em novembro, na cidade de S\u00e3o Jos\u00e9 do Rio Preto.<\/p>\n\n\n\n<p class=\"has-medium-font-size\">As modalidades esportivas que ser\u00e3o realizadas nos Regionais s\u00e3o Atletismo, Badminton, Basquetebol, Biribol, Bocha, Capoeira, Ciclismo, Damas, Futebol, Futsal, Gin\u00e1stica Art\u00edstica, Gin\u00e1stica R\u00edtmica, Handebol, Jud\u00f4, Karat\u00ea, Malha, Nata\u00e7\u00e3o, Taekwondo, T\u00eanis, T\u00eanis de Mesa, Voleibol, V\u00f4lei de Praia e Xadrez.<\/p>\n\n\n\n<p class=\"has-medium-font-size\">A realiza\u00e7\u00e3o do evento \u00e9 uma parceria da prefeitura dos munic\u00edpios e Secretaria de Juventude, Esportes e Lazer do Estado de S\u00e3o Paulo. Um dos objetivos \u00e9 revelar talentos para o esporte, al\u00e9m de incentivar a pr\u00e1tica das modalidades esportivas entre os munic\u00edpios.<\/p>\n\n\n\n<p class=\"has-medium-font-size\">Nas cidades sedes e at\u00e9 mesmo em cidades vizinhas, os Jogos Regionais movimentam a economia, j\u00e1 que s\u00e3o grandes os n\u00fameros de atletas, comiss\u00e3o t\u00e9cnica, \u00e1rbitros, jornalistas, profissionais do setor, al\u00e9m dos torcedores.<\/p>\n\n\n\n<p class=\"has-medium-font-size\">Texto: Tiago Lotto \/ Foto: Prefeitura de Bragan\u00e7a Paulista<\/p>\n","protected":false},"excerpt":{"rendered":"<p>S\u00e3o Caetano do Sul, Botucatu, Sert\u00e3ozinho, Tup\u00e3, Bragan\u00e7a Paulista, Ara\u00e7atuba e Itapetininga ser\u00e3o sedes do evento esportivo.<\/p>\n","protected":false},"author":2,"featured_media":1188,"comment_status":"closed","ping_status":"closed","sticky":false,"template":"","format":"standard","meta":{"colormag_page_container_layout":"default_layout","colormag_page_sidebar_layout":"default_layout","footnotes":""},"categories":[56,17],"tags":[],"class_list":["post-1186","post","type-post","status-publish","format-standard","has-post-thumbnail","hentry","category-competicoes","category-esportes"],"magazineBlocksPostFeaturedMedia":{"thumbnail":"https:\/\/universoesportivo.net\/wp-content\/uploads\/2024\/06\/regionaisok-150x150.jpg","medium":"https:\/\/universoesportivo.net\/wp-content\/uploads\/2024\/06\/regionaisok-300x196.jpg","medium_large":"https:\/\/universoesportivo.net\/wp-content\/uploads\/2024\/06\/regionaisok.jpg","large":"https:\/\/universoesportivo.net\/wp-content\/uploads\/2024\/06\/regionaisok.jpg","1536x1536":"https:\/\/universoesportivo.net\/wp-content\/uploads\/2024\/06\/regionaisok.jpg","2048x2048":"https:\/\/universoesportivo.net\/wp-content\/uploads\/2024\/06\/regionaisok.jpg","trp-custom-language-flag":"https:\/\/universoesportivo.net\/wp-content\/uploads\/2024\/06\/regionaisok-18x12.jpg","colormag-highlighted-post":"https:\/\/universoesportivo.net\/wp-content\/uploads\/2024\/06\/regionaisok-392x272.jpg","colormag-featured-post-medium":"https:\/\/universoesportivo.net\/wp-content\/uploads\/2024\/06\/regionaisok-390x205.jpg","colormag-featured-post-small":"https:\/\/universoesportivo.net\/wp-content\/uploads\/2024\/06\/regionaisok-130x90.jpg","colormag-featured-image":"https:\/\/universoesportivo.net\/wp-content\/uploads\/2024\/06\/regionaisok.jpg","colormag-default-news":"https:\/\/universoesportivo.net\/wp-content\/uploads\/2024\/06\/regionaisok-150x150.jpg","colormag-featured-image-large":"https:\/\/universoesportivo.net\/wp-content\/uploads\/2024\/06\/regionaisok.jpg","colormag-elementor-block-extra-large-thumbnail":"https:\/\/universoesportivo.net\/wp-content\/uploads\/2024\/06\/regionaisok.jpg","colormag-elementor-grid-large-thumbnail":"https:\/\/universoesportivo.net\/wp-content\/uploads\/2024\/06\/regionaisok.jpg","colormag-elementor-grid-small-thumbnail":"https:\/\/universoesportivo.net\/wp-content\/uploads\/2024\/06\/regionaisok-285x314.jpg","colormag-elementor-grid-medium-large-thumbnail":"https:\/\/universoesportivo.net\/wp-content\/uploads\/2024\/06\/regionaisok-480x198.jpg"},"magazineBlocksPostAuthor":{"name":"Tiago Lotto","avatar":"https:\/\/secure.gravatar.com\/avatar\/fd6891125b3fb6ba0b794cd20c3398d5bb0fa20d2b9963a95f19470e5a6192f7?s=96&d=mm&r=g"},"magazineBlocksPostCommentsNumber":false,"magazineBlocksPostExcerpt":"S\u00e3o Caetano do Sul, Botucatu, Sert\u00e3ozinho, Tup\u00e3, Bragan\u00e7a Paulista, Ara\u00e7atuba e Itapetininga ser\u00e3o sedes do evento esportivo.","magazineBlocksPostCategories":["Competi\u00e7\u00f5es","ESPORTES"],"magazineBlocksPostViewCount":40,"magazineBlocksPostReadTime":2,"magazine_blocks_featured_image_url":{"full":["https:\/\/universoesportivo.net\/wp-content\/uploads\/2024\/06\/regionaisok.jpg",480,314,false],"medium":["https:\/\/universoesportivo.net\/wp-content\/uploads\/2024\/06\/regionaisok-300x196.jpg",300,196,true],"thumbnail":["https:\/\/universoesportivo.net\/wp-content\/uploads\/2024\/06\/regionaisok-150x150.jpg",150,150,true]},"magazine_blocks_author":{"display_name":"Tiago Lotto","author_link":"https:\/\/universoesportivo.net\/index.php\/author\/tiago-lotto\/"},"magazine_blocks_comment":0,"magazine_blocks_author_image":"https:\/\/secure.gravatar.com\/avatar\/fd6891125b3fb6ba0b794cd20c3398d5bb0fa20d2b9963a95f19470e5a6192f7?s=96&d=mm&r=g","magazine_blocks_category":"<a href=\"#\" class=\"category-link category-link-56\">Competi\u00e7\u00f5es<\/a> <a href=\"#\" class=\"category-link category-link-17\">ESPORTES<\/a>","yoast_head":"<!-- This site is optimized with the Yoast SEO plugin v27.4 - https:\/\/yoast.com\/product\/yoast-seo-wordpress\/ -->\n<title>Com 8 sedes, Jogos Regionais 2024 ser\u00e3o em dois per\u00edodos: de 3 a 13 e de 17 a 27 de julho - Universo Esportivo<\/title>\n<meta name=\"robots\" content=\"index, follow, max-snippet:-1, max-image-preview:large, max-video-preview:-1\" \/>\n<link rel=\"canonical\" href=\"https:\/\/universoesportivo.net\/index.php\/2024\/06\/01\/com-8-sedes-jogos-regionais-2024-serao-em-dois-periodos-de-3-a-13-e-de-17-a-27-de-julho\/\" \/>\n<meta property=\"og:locale\" content=\"pt_BR\" \/>\n<meta property=\"og:type\" content=\"article\" \/>\n<meta property=\"og:title\" content=\"Com 8 sedes, Jogos Regionais 2024 ser\u00e3o em dois per\u00edodos: de 3 a 13 e de 17 a 27 de julho - Universo Esportivo\" \/>\n<meta property=\"og:description\" content=\"S\u00e3o Caetano do Sul, Botucatu, Sert\u00e3ozinho, Tup\u00e3, Bragan\u00e7a Paulista, Ara\u00e7atuba e Itapetininga ser\u00e3o sedes do evento esportivo.\" \/>\n<meta property=\"og:url\" content=\"https:\/\/universoesportivo.net\/index.php\/2024\/06\/01\/com-8-sedes-jogos-regionais-2024-serao-em-dois-periodos-de-3-a-13-e-de-17-a-27-de-julho\/\" \/>\n<meta property=\"og:site_name\" content=\"Universo Esportivo\" \/>\n<meta property=\"article:publisher\" content=\"https:\/\/www.facebook.com\/universoesportivo.net\" \/>\n<meta property=\"article:published_time\" content=\"2024-06-01T04:32:24+00:00\" \/>\n<meta property=\"og:image\" content=\"https:\/\/universoesportivo.net\/wp-content\/uploads\/2024\/06\/regionaisok.jpg\" \/>\n\t<meta property=\"og:image:width\" content=\"480\" \/>\n\t<meta property=\"og:image:height\" content=\"314\" \/>\n\t<meta property=\"og:image:type\" content=\"image\/jpeg\" \/>\n<meta name=\"author\" content=\"Tiago Lotto\" \/>\n<meta name=\"twitter:card\" content=\"summary_large_image\" \/>\n<meta name=\"twitter:label1\" content=\"Escrito por\" \/>\n\t<meta name=\"twitter:data1\" content=\"Tiago Lotto\" \/>\n\t<meta name=\"twitter:label2\" content=\"Est. tempo de leitura\" \/>\n\t<meta name=\"twitter:data2\" content=\"2 minutos\" \/>\n<script type=\"application\/ld+json\" class=\"yoast-schema-graph\">{\"@context\":\"https:\\\/\\\/schema.org\",\"@graph\":[{\"@type\":\"Article\",\"@id\":\"https:\\\/\\\/universoesportivo.net\\\/index.php\\\/2024\\\/06\\\/01\\\/com-8-sedes-jogos-regionais-2024-serao-em-dois-periodos-de-3-a-13-e-de-17-a-27-de-julho\\\/#article\",\"isPartOf\":{\"@id\":\"https:\\\/\\\/universoesportivo.net\\\/index.php\\\/2024\\\/06\\\/01\\\/com-8-sedes-jogos-regionais-2024-serao-em-dois-periodos-de-3-a-13-e-de-17-a-27-de-julho\\\/\"},\"author\":{\"name\":\"Tiago Lotto\",\"@id\":\"https:\\\/\\\/universoesportivo.net\\\/#\\\/schema\\\/person\\\/62bc311bc7def56a6bc83711536e74bd\"},\"headline\":\"Com 8 sedes, Jogos Regionais 2024 ser\u00e3o em dois per\u00edodos: de 3 a 13 e de 17 a 27 de julho\",\"datePublished\":\"2024-06-01T04:32:24+00:00\",\"mainEntityOfPage\":{\"@id\":\"https:\\\/\\\/universoesportivo.net\\\/index.php\\\/2024\\\/06\\\/01\\\/com-8-sedes-jogos-regionais-2024-serao-em-dois-periodos-de-3-a-13-e-de-17-a-27-de-julho\\\/\"},\"wordCount\":314,\"publisher\":{\"@id\":\"https:\\\/\\\/universoesportivo.net\\\/#organization\"},\"image\":{\"@id\":\"https:\\\/\\\/universoesportivo.net\\\/index.php\\\/2024\\\/06\\\/01\\\/com-8-sedes-jogos-regionais-2024-serao-em-dois-periodos-de-3-a-13-e-de-17-a-27-de-julho\\\/#primaryimage\"},\"thumbnailUrl\":\"https:\\\/\\\/universoesportivo.net\\\/wp-content\\\/uploads\\\/2024\\\/06\\\/regionaisok.jpg\",\"articleSection\":[\"Competi\u00e7\u00f5es\",\"ESPORTES\"],\"inLanguage\":\"pt-BR\"},{\"@type\":\"WebPage\",\"@id\":\"https:\\\/\\\/universoesportivo.net\\\/index.php\\\/2024\\\/06\\\/01\\\/com-8-sedes-jogos-regionais-2024-serao-em-dois-periodos-de-3-a-13-e-de-17-a-27-de-julho\\\/\",\"url\":\"https:\\\/\\\/universoesportivo.net\\\/index.php\\\/2024\\\/06\\\/01\\\/com-8-sedes-jogos-regionais-2024-serao-em-dois-periodos-de-3-a-13-e-de-17-a-27-de-julho\\\/\",\"name\":\"Com 8 sedes, Jogos Regionais 2024 ser\u00e3o em dois per\u00edodos: de 3 a 13 e de 17 a 27 de julho - Universo Esportivo\",\"isPartOf\":{\"@id\":\"https:\\\/\\\/universoesportivo.net\\\/#website\"},\"primaryImageOfPage\":{\"@id\":\"https:\\\/\\\/universoesportivo.net\\\/index.php\\\/2024\\\/06\\\/01\\\/com-8-sedes-jogos-regionais-2024-serao-em-dois-periodos-de-3-a-13-e-de-17-a-27-de-julho\\\/#primaryimage\"},\"image\":{\"@id\":\"https:\\\/\\\/universoesportivo.net\\\/index.php\\\/2024\\\/06\\\/01\\\/com-8-sedes-jogos-regionais-2024-serao-em-dois-periodos-de-3-a-13-e-de-17-a-27-de-julho\\\/#primaryimage\"},\"thumbnailUrl\":\"https:\\\/\\\/universoesportivo.net\\\/wp-content\\\/uploads\\\/2024\\\/06\\\/regionaisok.jpg\",\"datePublished\":\"2024-06-01T04:32:24+00:00\",\"breadcrumb\":{\"@id\":\"https:\\\/\\\/universoesportivo.net\\\/index.php\\\/2024\\\/06\\\/01\\\/com-8-sedes-jogos-regionais-2024-serao-em-dois-periodos-de-3-a-13-e-de-17-a-27-de-julho\\\/#breadcrumb\"},\"inLanguage\":\"pt-BR\",\"potentialAction\":[{\"@type\":\"ReadAction\",\"target\":[\"https:\\\/\\\/universoesportivo.net\\\/index.php\\\/2024\\\/06\\\/01\\\/com-8-sedes-jogos-regionais-2024-serao-em-dois-periodos-de-3-a-13-e-de-17-a-27-de-julho\\\/\"]}]},{\"@type\":\"ImageObject\",\"inLanguage\":\"pt-BR\",\"@id\":\"https:\\\/\\\/universoesportivo.net\\\/index.php\\\/2024\\\/06\\\/01\\\/com-8-sedes-jogos-regionais-2024-serao-em-dois-periodos-de-3-a-13-e-de-17-a-27-de-julho\\\/#primaryimage\",\"url\":\"https:\\\/\\\/universoesportivo.net\\\/wp-content\\\/uploads\\\/2024\\\/06\\\/regionaisok.jpg\",\"contentUrl\":\"https:\\\/\\\/universoesportivo.net\\\/wp-content\\\/uploads\\\/2024\\\/06\\\/regionaisok.jpg\",\"width\":480,\"height\":314},{\"@type\":\"BreadcrumbList\",\"@id\":\"https:\\\/\\\/universoesportivo.net\\\/index.php\\\/2024\\\/06\\\/01\\\/com-8-sedes-jogos-regionais-2024-serao-em-dois-periodos-de-3-a-13-e-de-17-a-27-de-julho\\\/#breadcrumb\",\"itemListElement\":[{\"@type\":\"ListItem\",\"position\":1,\"name\":\"In\u00edcio\",\"item\":\"https:\\\/\\\/universoesportivo.net\\\/\"},{\"@type\":\"ListItem\",\"position\":2,\"name\":\"Com 8 sedes, Jogos Regionais 2024 ser\u00e3o em dois per\u00edodos: de 3 a 13 e de 17 a 27 de julho\"}]},{\"@type\":\"WebSite\",\"@id\":\"https:\\\/\\\/universoesportivo.net\\\/#website\",\"url\":\"https:\\\/\\\/universoesportivo.net\\\/\",\"name\":\"Universo Esportivo\",\"description\":\"O portal de todas as modalidades esportivas!\",\"publisher\":{\"@id\":\"https:\\\/\\\/universoesportivo.net\\\/#organization\"},\"alternateName\":\"Jornalista Tiago Contador Lotto\",\"potentialAction\":[{\"@type\":\"SearchAction\",\"target\":{\"@type\":\"EntryPoint\",\"urlTemplate\":\"https:\\\/\\\/universoesportivo.net\\\/?s={search_term_string}\"},\"query-input\":{\"@type\":\"PropertyValueSpecification\",\"valueRequired\":true,\"valueName\":\"search_term_string\"}}],\"inLanguage\":\"pt-BR\"},{\"@type\":\"Organization\",\"@id\":\"https:\\\/\\\/universoesportivo.net\\\/#organization\",\"name\":\"Universo Esportivo\",\"alternateName\":\"Tiago Lotto\",\"url\":\"https:\\\/\\\/universoesportivo.net\\\/\",\"logo\":{\"@type\":\"ImageObject\",\"inLanguage\":\"pt-BR\",\"@id\":\"https:\\\/\\\/universoesportivo.net\\\/#\\\/schema\\\/logo\\\/image\\\/\",\"url\":\"https:\\\/\\\/universoesportivo.net\\\/wp-content\\\/uploads\\\/2024\\\/05\\\/cropped-cropped-universo-6.png\",\"contentUrl\":\"https:\\\/\\\/universoesportivo.net\\\/wp-content\\\/uploads\\\/2024\\\/05\\\/cropped-cropped-universo-6.png\",\"width\":413,\"height\":295,\"caption\":\"Universo Esportivo\"},\"image\":{\"@id\":\"https:\\\/\\\/universoesportivo.net\\\/#\\\/schema\\\/logo\\\/image\\\/\"},\"sameAs\":[\"https:\\\/\\\/www.facebook.com\\\/universoesportivo.net\"]},{\"@type\":\"Person\",\"@id\":\"https:\\\/\\\/universoesportivo.net\\\/#\\\/schema\\\/person\\\/62bc311bc7def56a6bc83711536e74bd\",\"name\":\"Tiago Lotto\",\"image\":{\"@type\":\"ImageObject\",\"inLanguage\":\"pt-BR\",\"@id\":\"https:\\\/\\\/secure.gravatar.com\\\/avatar\\\/fd6891125b3fb6ba0b794cd20c3398d5bb0fa20d2b9963a95f19470e5a6192f7?s=96&d=mm&r=g\",\"url\":\"https:\\\/\\\/secure.gravatar.com\\\/avatar\\\/fd6891125b3fb6ba0b794cd20c3398d5bb0fa20d2b9963a95f19470e5a6192f7?s=96&d=mm&r=g\",\"contentUrl\":\"https:\\\/\\\/secure.gravatar.com\\\/avatar\\\/fd6891125b3fb6ba0b794cd20c3398d5bb0fa20d2b9963a95f19470e5a6192f7?s=96&d=mm&r=g\",\"caption\":\"Tiago Lotto\"},\"url\":\"https:\\\/\\\/universoesportivo.net\\\/index.php\\\/author\\\/tiago-lotto\\\/\"}]}<\/script>\n<!-- \/ Yoast SEO plugin. -->","yoast_head_json":{"title":"Com 8 sedes, Jogos Regionais 2024 ser\u00e3o em dois per\u00edodos: de 3 a 13 e de 17 a 27 de julho - Universo Esportivo","robots":{"index":"index","follow":"follow","max-snippet":"max-snippet:-1","max-image-preview":"max-image-preview:large","max-video-preview":"max-video-preview:-1"},"canonical":"https:\/\/universoesportivo.net\/index.php\/2024\/06\/01\/com-8-sedes-jogos-regionais-2024-serao-em-dois-periodos-de-3-a-13-e-de-17-a-27-de-julho\/","og_locale":"pt_BR","og_type":"article","og_title":"Com 8 sedes, Jogos Regionais 2024 ser\u00e3o em dois per\u00edodos: de 3 a 13 e de 17 a 27 de julho - Universo Esportivo","og_description":"S\u00e3o Caetano do Sul, Botucatu, Sert\u00e3ozinho, Tup\u00e3, Bragan\u00e7a Paulista, Ara\u00e7atuba e Itapetininga ser\u00e3o sedes do evento esportivo.","og_url":"https:\/\/universoesportivo.net\/index.php\/2024\/06\/01\/com-8-sedes-jogos-regionais-2024-serao-em-dois-periodos-de-3-a-13-e-de-17-a-27-de-julho\/","og_site_name":"Universo Esportivo","article_publisher":"https:\/\/www.facebook.com\/universoesportivo.net","article_published_time":"2024-06-01T04:32:24+00:00","og_image":[{"width":480,"height":314,"url":"https:\/\/universoesportivo.net\/wp-content\/uploads\/2024\/06\/regionaisok.jpg","type":"image\/jpeg"}],"author":"Tiago Lotto","twitter_card":"summary_large_image","twitter_misc":{"Escrito por":"Tiago Lotto","Est. tempo de leitura":"2 minutos"},"schema":{"@context":"https:\/\/schema.org","@graph":[{"@type":"Article","@id":"https:\/\/universoesportivo.net\/index.php\/2024\/06\/01\/com-8-sedes-jogos-regionais-2024-serao-em-dois-periodos-de-3-a-13-e-de-17-a-27-de-julho\/#article","isPartOf":{"@id":"https:\/\/universoesportivo.net\/index.php\/2024\/06\/01\/com-8-sedes-jogos-regionais-2024-serao-em-dois-periodos-de-3-a-13-e-de-17-a-27-de-julho\/"},"author":{"name":"Tiago Lotto","@id":"https:\/\/universoesportivo.net\/#\/schema\/person\/62bc311bc7def56a6bc83711536e74bd"},"headline":"Com 8 sedes, Jogos Regionais 2024 ser\u00e3o em dois per\u00edodos: de 3 a 13 e de 17 a 27 de julho","datePublished":"2024-06-01T04:32:24+00:00","mainEntityOfPage":{"@id":"https:\/\/universoesportivo.net\/index.php\/2024\/06\/01\/com-8-sedes-jogos-regionais-2024-serao-em-dois-periodos-de-3-a-13-e-de-17-a-27-de-julho\/"},"wordCount":314,"publisher":{"@id":"https:\/\/universoesportivo.net\/#organization"},"image":{"@id":"https:\/\/universoesportivo.net\/index.php\/2024\/06\/01\/com-8-sedes-jogos-regionais-2024-serao-em-dois-periodos-de-3-a-13-e-de-17-a-27-de-julho\/#primaryimage"},"thumbnailUrl":"https:\/\/universoesportivo.net\/wp-content\/uploads\/2024\/06\/regionaisok.jpg","articleSection":["Competi\u00e7\u00f5es","ESPORTES"],"inLanguage":"pt-BR"},{"@type":"WebPage","@id":"https:\/\/universoesportivo.net\/index.php\/2024\/06\/01\/com-8-sedes-jogos-regionais-2024-serao-em-dois-periodos-de-3-a-13-e-de-17-a-27-de-julho\/","url":"https:\/\/universoesportivo.net\/index.php\/2024\/06\/01\/com-8-sedes-jogos-regionais-2024-serao-em-dois-periodos-de-3-a-13-e-de-17-a-27-de-julho\/","name":"Com 8 sedes, Jogos Regionais 2024 ser\u00e3o em dois per\u00edodos: de 3 a 13 e de 17 a 27 de julho - Universo Esportivo","isPartOf":{"@id":"https:\/\/universoesportivo.net\/#website"},"primaryImageOfPage":{"@id":"https:\/\/universoesportivo.net\/index.php\/2024\/06\/01\/com-8-sedes-jogos-regionais-2024-serao-em-dois-periodos-de-3-a-13-e-de-17-a-27-de-julho\/#primaryimage"},"image":{"@id":"https:\/\/universoesportivo.net\/index.php\/2024\/06\/01\/com-8-sedes-jogos-regionais-2024-serao-em-dois-periodos-de-3-a-13-e-de-17-a-27-de-julho\/#primaryimage"},"thumbnailUrl":"https:\/\/universoesportivo.net\/wp-content\/uploads\/2024\/06\/regionaisok.jpg","datePublished":"2024-06-01T04:32:24+00:00","breadcrumb":{"@id":"https:\/\/universoesportivo.net\/index.php\/2024\/06\/01\/com-8-sedes-jogos-regionais-2024-serao-em-dois-periodos-de-3-a-13-e-de-17-a-27-de-julho\/#breadcrumb"},"inLanguage":"pt-BR","potentialAction":[{"@type":"ReadAction","target":["https:\/\/universoesportivo.net\/index.php\/2024\/06\/01\/com-8-sedes-jogos-regionais-2024-serao-em-dois-periodos-de-3-a-13-e-de-17-a-27-de-julho\/"]}]},{"@type":"ImageObject","inLanguage":"pt-BR","@id":"https:\/\/universoesportivo.net\/index.php\/2024\/06\/01\/com-8-sedes-jogos-regionais-2024-serao-em-dois-periodos-de-3-a-13-e-de-17-a-27-de-julho\/#primaryimage","url":"https:\/\/universoesportivo.net\/wp-content\/uploads\/2024\/06\/regionaisok.jpg","contentUrl":"https:\/\/universoesportivo.net\/wp-content\/uploads\/2024\/06\/regionaisok.jpg","width":480,"height":314},{"@type":"BreadcrumbList","@id":"https:\/\/universoesportivo.net\/index.php\/2024\/06\/01\/com-8-sedes-jogos-regionais-2024-serao-em-dois-periodos-de-3-a-13-e-de-17-a-27-de-julho\/#breadcrumb","itemListElement":[{"@type":"ListItem","position":1,"name":"In\u00edcio","item":"https:\/\/universoesportivo.net\/"},{"@type":"ListItem","position":2,"name":"Com 8 sedes, Jogos Regionais 2024 ser\u00e3o em dois per\u00edodos: de 3 a 13 e de 17 a 27 de julho"}]},{"@type":"WebSite","@id":"https:\/\/universoesportivo.net\/#website","url":"https:\/\/universoesportivo.net\/","name":"Universo Esportivo","description":"O portal de todas as modalidades esportivas!","publisher":{"@id":"https:\/\/universoesportivo.net\/#organization"},"alternateName":"Jornalista Tiago Contador Lotto","potentialAction":[{"@type":"SearchAction","target":{"@type":"EntryPoint","urlTemplate":"https:\/\/universoesportivo.net\/?s={search_term_string}"},"query-input":{"@type":"PropertyValueSpecification","valueRequired":true,"valueName":"search_term_string"}}],"inLanguage":"pt-BR"},{"@type":"Organization","@id":"https:\/\/universoesportivo.net\/#organization","name":"Universo Esportivo","alternateName":"Tiago Lotto","url":"https:\/\/universoesportivo.net\/","logo":{"@type":"ImageObject","inLanguage":"pt-BR","@id":"https:\/\/universoesportivo.net\/#\/schema\/logo\/image\/","url":"https:\/\/universoesportivo.net\/wp-content\/uploads\/2024\/05\/cropped-cropped-universo-6.png","contentUrl":"https:\/\/universoesportivo.net\/wp-content\/uploads\/2024\/05\/cropped-cropped-universo-6.png","width":413,"height":295,"caption":"Universo Esportivo"},"image":{"@id":"https:\/\/universoesportivo.net\/#\/schema\/logo\/image\/"},"sameAs":["https:\/\/www.facebook.com\/universoesportivo.net"]},{"@type":"Person","@id":"https:\/\/universoesportivo.net\/#\/schema\/person\/62bc311bc7def56a6bc83711536e74bd","name":"Tiago Lotto","image":{"@type":"ImageObject","inLanguage":"pt-BR","@id":"https:\/\/secure.gravatar.com\/avatar\/fd6891125b3fb6ba0b794cd20c3398d5bb0fa20d2b9963a95f19470e5a6192f7?s=96&d=mm&r=g","url":"https:\/\/secure.gravatar.com\/avatar\/fd6891125b3fb6ba0b794cd20c3398d5bb0fa20d2b9963a95f19470e5a6192f7?s=96&d=mm&r=g","contentUrl":"https:\/\/secure.gravatar.com\/avatar\/fd6891125b3fb6ba0b794cd20c3398d5bb0fa20d2b9963a95f19470e5a6192f7?s=96&d=mm&r=g","caption":"Tiago Lotto"},"url":"https:\/\/universoesportivo.net\/index.php\/author\/tiago-lotto\/"}]}},"jetpack_featured_media_url":"https:\/\/universoesportivo.net\/wp-content\/uploads\/2024\/06\/regionaisok.jpg","_links":{"self":[{"href":"https:\/\/universoesportivo.net\/index.php\/wp-json\/wp\/v2\/posts\/1186","targetHints":{"allow":["GET"]}}],"collection":[{"href":"https:\/\/universoesportivo.net\/index.php\/wp-json\/wp\/v2\/posts"}],"about":[{"href":"https:\/\/universoesportivo.net\/index.php\/wp-json\/wp\/v2\/types\/post"}],"author":[{"embeddable":true,"href":"https:\/\/universoesportivo.net\/index.php\/wp-json\/wp\/v2\/users\/2"}],"replies":[{"embeddable":true,"href":"https:\/\/universoesportivo.net\/index.php\/wp-json\/wp\/v2\/comments?post=1186"}],"version-history":[{"count":1,"href":"https:\/\/universoesportivo.net\/index.php\/wp-json\/wp\/v2\/posts\/1186\/revisions"}],"predecessor-version":[{"id":1189,"href":"https:\/\/universoesportivo.net\/index.php\/wp-json\/wp\/v2\/posts\/1186\/revisions\/1189"}],"wp:featuredmedia":[{"embeddable":true,"href":"https:\/\/universoesportivo.net\/index.php\/wp-json\/wp\/v2\/media\/1188"}],"wp:attachment":[{"href":"https:\/\/universoesportivo.net\/index.php\/wp-json\/wp\/v2\/media?parent=1186"}],"wp:term":[{"taxonomy":"category","embeddable":true,"href":"https:\/\/universoesportivo.net\/index.php\/wp-json\/wp\/v2\/categories?post=1186"},{"taxonomy":"post_tag","embeddable":true,"href":"https:\/\/universoesportivo.net\/index.php\/wp-json\/wp\/v2\/tags?post=1186"}],"curies":[{"name":"wp","href":"https:\/\/api.w.org\/{rel}","templated":true}]}}