{"id":1212,"date":"2024-06-05T20:51:28","date_gmt":"2024-06-05T23:51:28","guid":{"rendered":"https:\/\/universoesportivo.net\/?p=1212"},"modified":"2024-06-05T20:51:29","modified_gmt":"2024-06-05T23:51:29","slug":"nossa-classificacao-e-para-o-torcedor-que-esta-sofrendo-com-as-tragedias-diz-tecnico-do-gremio","status":"publish","type":"post","link":"https:\/\/universoesportivo.net\/index.php\/2024\/06\/05\/nossa-classificacao-e-para-o-torcedor-que-esta-sofrendo-com-as-tragedias-diz-tecnico-do-gremio\/","title":{"rendered":"\u201cNossa classifica\u00e7\u00e3o \u00e9 para o torcedor, que est\u00e1 sofrendo com as trag\u00e9dias\u201d, diz t\u00e9cnico do Gr\u00eamio"},"content":{"rendered":"\n<p class=\"has-medium-font-size\">O t\u00e9cnico do Gr\u00eamio, Renato Ga\u00facho, dedicou a vit\u00f3ria sobre o Huachipato (Chile), pela Copa Libertadores, aos torcedores do tricolor afetados pelas fortes chuvas que atingiram o Rio Grande do Sul.<\/p>\n\n\n\n<p class=\"has-medium-font-size\">O Tricolor jogou na noite de ter\u00e7a-feira (4), no Chile, pela quinta rodada do torneio. Com a vit\u00f3ria, o time ga\u00facho garantiu classifica\u00e7\u00e3o na fase de mata-mata (oitavas) da competi\u00e7\u00e3o.<\/p>\n\n\n\n<p class=\"has-medium-font-size\">Os times do Sul est\u00e3o com jogos atrasados em suas competi\u00e7\u00f5es em fun\u00e7\u00e3o dos alagamentos no Estado. Na Libertadores, o Gr\u00eamio ainda tem mais uma partida no Grupo C.<\/p>\n\n\n\n<p class=\"has-medium-font-size\">Dos seis jogos de seu grupo, o Gr\u00eamio fez 5 partidas: perdeu as duas primeiras e, na sequ\u00eancia, venceu tr\u00eas, chegando aos 9 pontos. Neste s\u00e1bado (8), contra o Estudiantes (Argentina), completa sua sexta e \u00faltima partida.<\/p>\n\n\n\n<p class=\"has-medium-font-size\">O jogo ser\u00e1 no Est\u00e1dio Couto Pereira, em Curitiba, \u00e0s 19h, e define quem fica em primeiro lugar do grupo: Gr\u00eamio ou The Strongest, da Bol\u00edvia, que tem 10 pontos.<\/p>\n\n\n\n<p class=\"has-medium-font-size\">Em v\u00eddeo publicado nas redes sociais do clube, o t\u00e9cnico Renato Ga\u00facho disse que o \u201ctorcedor do Gr\u00eamio e dos demais times do sul est\u00e3o sofrendo demais pelas trag\u00e9dias que atingiram o Estado. Dedicamos nossa vit\u00f3ria e nossa classifica\u00e7\u00e3o aos torcedores\u201d, falou.<\/p>\n\n\n\n<p class=\"has-medium-font-size\">Texto: Tiago Lotto \/ Foto: Lucas Uebel &#8211; Gr\u00eamio<\/p>\n","protected":false},"excerpt":{"rendered":"<p>Tricolor se recuperou ap\u00f3s perder as duas primeiras na Libertadores. Na sequ\u00eancia, Gr\u00eamio venceu tr\u00eas jogos seguidos e chegou aos 9 pontos.<\/p>\n","protected":false},"author":2,"featured_media":1213,"comment_status":"closed","ping_status":"closed","sticky":false,"template":"","format":"standard","meta":{"colormag_page_container_layout":"default_layout","colormag_page_sidebar_layout":"default_layout","footnotes":""},"categories":[17,43],"tags":[],"class_list":["post-1212","post","type-post","status-publish","format-standard","has-post-thumbnail","hentry","category-esportes","category-futebol"],"magazineBlocksPostFeaturedMedia":{"thumbnail":"https:\/\/universoesportivo.net\/wp-content\/uploads\/2024\/06\/renatook-150x150.jpg","medium":"https:\/\/universoesportivo.net\/wp-content\/uploads\/2024\/06\/renatook-300x200.jpg","medium_large":"https:\/\/universoesportivo.net\/wp-content\/uploads\/2024\/06\/renatook.jpg","large":"https:\/\/universoesportivo.net\/wp-content\/uploads\/2024\/06\/renatook.jpg","1536x1536":"https:\/\/universoesportivo.net\/wp-content\/uploads\/2024\/06\/renatook.jpg","2048x2048":"https:\/\/universoesportivo.net\/wp-content\/uploads\/2024\/06\/renatook.jpg","trp-custom-language-flag":"https:\/\/universoesportivo.net\/wp-content\/uploads\/2024\/06\/renatook-18x12.jpg","colormag-highlighted-post":"https:\/\/universoesportivo.net\/wp-content\/uploads\/2024\/06\/renatook-392x266.jpg","colormag-featured-post-medium":"https:\/\/universoesportivo.net\/wp-content\/uploads\/2024\/06\/renatook-390x205.jpg","colormag-featured-post-small":"https:\/\/universoesportivo.net\/wp-content\/uploads\/2024\/06\/renatook-130x90.jpg","colormag-featured-image":"https:\/\/universoesportivo.net\/wp-content\/uploads\/2024\/06\/renatook.jpg","colormag-default-news":"https:\/\/universoesportivo.net\/wp-content\/uploads\/2024\/06\/renatook-150x150.jpg","colormag-featured-image-large":"https:\/\/universoesportivo.net\/wp-content\/uploads\/2024\/06\/renatook.jpg","colormag-elementor-block-extra-large-thumbnail":"https:\/\/universoesportivo.net\/wp-content\/uploads\/2024\/06\/renatook.jpg","colormag-elementor-grid-large-thumbnail":"https:\/\/universoesportivo.net\/wp-content\/uploads\/2024\/06\/renatook.jpg","colormag-elementor-grid-small-thumbnail":"https:\/\/universoesportivo.net\/wp-content\/uploads\/2024\/06\/renatook-285x266.jpg","colormag-elementor-grid-medium-large-thumbnail":"https:\/\/universoesportivo.net\/wp-content\/uploads\/2024\/06\/renatook-400x198.jpg"},"magazineBlocksPostAuthor":{"name":"Tiago Lotto","avatar":"https:\/\/secure.gravatar.com\/avatar\/fd6891125b3fb6ba0b794cd20c3398d5bb0fa20d2b9963a95f19470e5a6192f7?s=96&d=mm&r=g"},"magazineBlocksPostCommentsNumber":false,"magazineBlocksPostExcerpt":"Tricolor se recuperou ap\u00f3s perder as duas primeiras na Libertadores. Na sequ\u00eancia, Gr\u00eamio venceu tr\u00eas jogos seguidos e chegou aos 9 pontos.","magazineBlocksPostCategories":["ESPORTES","Futebol"],"magazineBlocksPostViewCount":37,"magazineBlocksPostReadTime":2,"magazine_blocks_featured_image_url":{"full":["https:\/\/universoesportivo.net\/wp-content\/uploads\/2024\/06\/renatook.jpg",400,266,false],"medium":["https:\/\/universoesportivo.net\/wp-content\/uploads\/2024\/06\/renatook-300x200.jpg",300,200,true],"thumbnail":["https:\/\/universoesportivo.net\/wp-content\/uploads\/2024\/06\/renatook-150x150.jpg",150,150,true]},"magazine_blocks_author":{"display_name":"Tiago Lotto","author_link":"https:\/\/universoesportivo.net\/index.php\/author\/tiago-lotto\/"},"magazine_blocks_comment":0,"magazine_blocks_author_image":"https:\/\/secure.gravatar.com\/avatar\/fd6891125b3fb6ba0b794cd20c3398d5bb0fa20d2b9963a95f19470e5a6192f7?s=96&d=mm&r=g","magazine_blocks_category":"<a href=\"#\" class=\"category-link category-link-17\">ESPORTES<\/a> <a href=\"#\" class=\"category-link category-link-43\">Futebol<\/a>","yoast_head":"<!-- This site is optimized with the Yoast SEO plugin v27.4 - https:\/\/yoast.com\/product\/yoast-seo-wordpress\/ -->\n<title>\u201cNossa classifica\u00e7\u00e3o \u00e9 para o torcedor, que est\u00e1 sofrendo com as trag\u00e9dias\u201d, diz t\u00e9cnico do Gr\u00eamio - Universo Esportivo<\/title>\n<meta name=\"robots\" content=\"index, follow, max-snippet:-1, max-image-preview:large, max-video-preview:-1\" \/>\n<link rel=\"canonical\" href=\"https:\/\/universoesportivo.net\/index.php\/2024\/06\/05\/nossa-classificacao-e-para-o-torcedor-que-esta-sofrendo-com-as-tragedias-diz-tecnico-do-gremio\/\" \/>\n<meta property=\"og:locale\" content=\"pt_BR\" \/>\n<meta property=\"og:type\" content=\"article\" \/>\n<meta property=\"og:title\" content=\"\u201cNossa classifica\u00e7\u00e3o \u00e9 para o torcedor, que est\u00e1 sofrendo com as trag\u00e9dias\u201d, diz t\u00e9cnico do Gr\u00eamio - Universo Esportivo\" \/>\n<meta property=\"og:description\" content=\"Tricolor se recuperou ap\u00f3s perder as duas primeiras na Libertadores. Na sequ\u00eancia, Gr\u00eamio venceu tr\u00eas jogos seguidos e chegou aos 9 pontos.\" \/>\n<meta property=\"og:url\" content=\"https:\/\/universoesportivo.net\/index.php\/2024\/06\/05\/nossa-classificacao-e-para-o-torcedor-que-esta-sofrendo-com-as-tragedias-diz-tecnico-do-gremio\/\" \/>\n<meta property=\"og:site_name\" content=\"Universo Esportivo\" \/>\n<meta property=\"article:publisher\" content=\"https:\/\/www.facebook.com\/universoesportivo.net\" \/>\n<meta property=\"article:published_time\" content=\"2024-06-05T23:51:28+00:00\" \/>\n<meta property=\"article:modified_time\" content=\"2024-06-05T23:51:29+00:00\" \/>\n<meta property=\"og:image\" content=\"https:\/\/universoesportivo.net\/wp-content\/uploads\/2024\/06\/renatook.jpg\" \/>\n\t<meta property=\"og:image:width\" content=\"400\" \/>\n\t<meta property=\"og:image:height\" content=\"266\" \/>\n\t<meta property=\"og:image:type\" content=\"image\/jpeg\" \/>\n<meta name=\"author\" content=\"Tiago Lotto\" \/>\n<meta name=\"twitter:card\" content=\"summary_large_image\" \/>\n<meta name=\"twitter:label1\" content=\"Escrito por\" \/>\n\t<meta name=\"twitter:data1\" content=\"Tiago Lotto\" \/>\n\t<meta name=\"twitter:label2\" content=\"Est. tempo de leitura\" \/>\n\t<meta name=\"twitter:data2\" content=\"2 minutos\" \/>\n<script type=\"application\/ld+json\" class=\"yoast-schema-graph\">{\"@context\":\"https:\\\/\\\/schema.org\",\"@graph\":[{\"@type\":\"Article\",\"@id\":\"https:\\\/\\\/universoesportivo.net\\\/index.php\\\/2024\\\/06\\\/05\\\/nossa-classificacao-e-para-o-torcedor-que-esta-sofrendo-com-as-tragedias-diz-tecnico-do-gremio\\\/#article\",\"isPartOf\":{\"@id\":\"https:\\\/\\\/universoesportivo.net\\\/index.php\\\/2024\\\/06\\\/05\\\/nossa-classificacao-e-para-o-torcedor-que-esta-sofrendo-com-as-tragedias-diz-tecnico-do-gremio\\\/\"},\"author\":{\"name\":\"Tiago Lotto\",\"@id\":\"https:\\\/\\\/universoesportivo.net\\\/#\\\/schema\\\/person\\\/62bc311bc7def56a6bc83711536e74bd\"},\"headline\":\"\u201cNossa classifica\u00e7\u00e3o \u00e9 para o torcedor, que est\u00e1 sofrendo com as trag\u00e9dias\u201d, diz t\u00e9cnico do Gr\u00eamio\",\"datePublished\":\"2024-06-05T23:51:28+00:00\",\"dateModified\":\"2024-06-05T23:51:29+00:00\",\"mainEntityOfPage\":{\"@id\":\"https:\\\/\\\/universoesportivo.net\\\/index.php\\\/2024\\\/06\\\/05\\\/nossa-classificacao-e-para-o-torcedor-que-esta-sofrendo-com-as-tragedias-diz-tecnico-do-gremio\\\/\"},\"wordCount\":250,\"publisher\":{\"@id\":\"https:\\\/\\\/universoesportivo.net\\\/#organization\"},\"image\":{\"@id\":\"https:\\\/\\\/universoesportivo.net\\\/index.php\\\/2024\\\/06\\\/05\\\/nossa-classificacao-e-para-o-torcedor-que-esta-sofrendo-com-as-tragedias-diz-tecnico-do-gremio\\\/#primaryimage\"},\"thumbnailUrl\":\"https:\\\/\\\/universoesportivo.net\\\/wp-content\\\/uploads\\\/2024\\\/06\\\/renatook.jpg\",\"articleSection\":[\"ESPORTES\",\"Futebol\"],\"inLanguage\":\"pt-BR\"},{\"@type\":\"WebPage\",\"@id\":\"https:\\\/\\\/universoesportivo.net\\\/index.php\\\/2024\\\/06\\\/05\\\/nossa-classificacao-e-para-o-torcedor-que-esta-sofrendo-com-as-tragedias-diz-tecnico-do-gremio\\\/\",\"url\":\"https:\\\/\\\/universoesportivo.net\\\/index.php\\\/2024\\\/06\\\/05\\\/nossa-classificacao-e-para-o-torcedor-que-esta-sofrendo-com-as-tragedias-diz-tecnico-do-gremio\\\/\",\"name\":\"\u201cNossa classifica\u00e7\u00e3o \u00e9 para o torcedor, que est\u00e1 sofrendo com as trag\u00e9dias\u201d, diz t\u00e9cnico do Gr\u00eamio - Universo Esportivo\",\"isPartOf\":{\"@id\":\"https:\\\/\\\/universoesportivo.net\\\/#website\"},\"primaryImageOfPage\":{\"@id\":\"https:\\\/\\\/universoesportivo.net\\\/index.php\\\/2024\\\/06\\\/05\\\/nossa-classificacao-e-para-o-torcedor-que-esta-sofrendo-com-as-tragedias-diz-tecnico-do-gremio\\\/#primaryimage\"},\"image\":{\"@id\":\"https:\\\/\\\/universoesportivo.net\\\/index.php\\\/2024\\\/06\\\/05\\\/nossa-classificacao-e-para-o-torcedor-que-esta-sofrendo-com-as-tragedias-diz-tecnico-do-gremio\\\/#primaryimage\"},\"thumbnailUrl\":\"https:\\\/\\\/universoesportivo.net\\\/wp-content\\\/uploads\\\/2024\\\/06\\\/renatook.jpg\",\"datePublished\":\"2024-06-05T23:51:28+00:00\",\"dateModified\":\"2024-06-05T23:51:29+00:00\",\"breadcrumb\":{\"@id\":\"https:\\\/\\\/universoesportivo.net\\\/index.php\\\/2024\\\/06\\\/05\\\/nossa-classificacao-e-para-o-torcedor-que-esta-sofrendo-com-as-tragedias-diz-tecnico-do-gremio\\\/#breadcrumb\"},\"inLanguage\":\"pt-BR\",\"potentialAction\":[{\"@type\":\"ReadAction\",\"target\":[\"https:\\\/\\\/universoesportivo.net\\\/index.php\\\/2024\\\/06\\\/05\\\/nossa-classificacao-e-para-o-torcedor-que-esta-sofrendo-com-as-tragedias-diz-tecnico-do-gremio\\\/\"]}]},{\"@type\":\"ImageObject\",\"inLanguage\":\"pt-BR\",\"@id\":\"https:\\\/\\\/universoesportivo.net\\\/index.php\\\/2024\\\/06\\\/05\\\/nossa-classificacao-e-para-o-torcedor-que-esta-sofrendo-com-as-tragedias-diz-tecnico-do-gremio\\\/#primaryimage\",\"url\":\"https:\\\/\\\/universoesportivo.net\\\/wp-content\\\/uploads\\\/2024\\\/06\\\/renatook.jpg\",\"contentUrl\":\"https:\\\/\\\/universoesportivo.net\\\/wp-content\\\/uploads\\\/2024\\\/06\\\/renatook.jpg\",\"width\":400,\"height\":266},{\"@type\":\"BreadcrumbList\",\"@id\":\"https:\\\/\\\/universoesportivo.net\\\/index.php\\\/2024\\\/06\\\/05\\\/nossa-classificacao-e-para-o-torcedor-que-esta-sofrendo-com-as-tragedias-diz-tecnico-do-gremio\\\/#breadcrumb\",\"itemListElement\":[{\"@type\":\"ListItem\",\"position\":1,\"name\":\"In\u00edcio\",\"item\":\"https:\\\/\\\/universoesportivo.net\\\/\"},{\"@type\":\"ListItem\",\"position\":2,\"name\":\"\u201cNossa classifica\u00e7\u00e3o \u00e9 para o torcedor, que est\u00e1 sofrendo com as trag\u00e9dias\u201d, diz t\u00e9cnico do Gr\u00eamio\"}]},{\"@type\":\"WebSite\",\"@id\":\"https:\\\/\\\/universoesportivo.net\\\/#website\",\"url\":\"https:\\\/\\\/universoesportivo.net\\\/\",\"name\":\"Universo Esportivo\",\"description\":\"O portal de todas as modalidades esportivas!\",\"publisher\":{\"@id\":\"https:\\\/\\\/universoesportivo.net\\\/#organization\"},\"alternateName\":\"Jornalista Tiago Contador Lotto\",\"potentialAction\":[{\"@type\":\"SearchAction\",\"target\":{\"@type\":\"EntryPoint\",\"urlTemplate\":\"https:\\\/\\\/universoesportivo.net\\\/?s={search_term_string}\"},\"query-input\":{\"@type\":\"PropertyValueSpecification\",\"valueRequired\":true,\"valueName\":\"search_term_string\"}}],\"inLanguage\":\"pt-BR\"},{\"@type\":\"Organization\",\"@id\":\"https:\\\/\\\/universoesportivo.net\\\/#organization\",\"name\":\"Universo Esportivo\",\"alternateName\":\"Tiago Lotto\",\"url\":\"https:\\\/\\\/universoesportivo.net\\\/\",\"logo\":{\"@type\":\"ImageObject\",\"inLanguage\":\"pt-BR\",\"@id\":\"https:\\\/\\\/universoesportivo.net\\\/#\\\/schema\\\/logo\\\/image\\\/\",\"url\":\"https:\\\/\\\/universoesportivo.net\\\/wp-content\\\/uploads\\\/2024\\\/05\\\/cropped-cropped-universo-6.png\",\"contentUrl\":\"https:\\\/\\\/universoesportivo.net\\\/wp-content\\\/uploads\\\/2024\\\/05\\\/cropped-cropped-universo-6.png\",\"width\":413,\"height\":295,\"caption\":\"Universo Esportivo\"},\"image\":{\"@id\":\"https:\\\/\\\/universoesportivo.net\\\/#\\\/schema\\\/logo\\\/image\\\/\"},\"sameAs\":[\"https:\\\/\\\/www.facebook.com\\\/universoesportivo.net\"]},{\"@type\":\"Person\",\"@id\":\"https:\\\/\\\/universoesportivo.net\\\/#\\\/schema\\\/person\\\/62bc311bc7def56a6bc83711536e74bd\",\"name\":\"Tiago Lotto\",\"image\":{\"@type\":\"ImageObject\",\"inLanguage\":\"pt-BR\",\"@id\":\"https:\\\/\\\/secure.gravatar.com\\\/avatar\\\/fd6891125b3fb6ba0b794cd20c3398d5bb0fa20d2b9963a95f19470e5a6192f7?s=96&d=mm&r=g\",\"url\":\"https:\\\/\\\/secure.gravatar.com\\\/avatar\\\/fd6891125b3fb6ba0b794cd20c3398d5bb0fa20d2b9963a95f19470e5a6192f7?s=96&d=mm&r=g\",\"contentUrl\":\"https:\\\/\\\/secure.gravatar.com\\\/avatar\\\/fd6891125b3fb6ba0b794cd20c3398d5bb0fa20d2b9963a95f19470e5a6192f7?s=96&d=mm&r=g\",\"caption\":\"Tiago Lotto\"},\"url\":\"https:\\\/\\\/universoesportivo.net\\\/index.php\\\/author\\\/tiago-lotto\\\/\"}]}<\/script>\n<!-- \/ Yoast SEO plugin. -->","yoast_head_json":{"title":"\u201cNossa classifica\u00e7\u00e3o \u00e9 para o torcedor, que est\u00e1 sofrendo com as trag\u00e9dias\u201d, diz t\u00e9cnico do Gr\u00eamio - Universo Esportivo","robots":{"index":"index","follow":"follow","max-snippet":"max-snippet:-1","max-image-preview":"max-image-preview:large","max-video-preview":"max-video-preview:-1"},"canonical":"https:\/\/universoesportivo.net\/index.php\/2024\/06\/05\/nossa-classificacao-e-para-o-torcedor-que-esta-sofrendo-com-as-tragedias-diz-tecnico-do-gremio\/","og_locale":"pt_BR","og_type":"article","og_title":"\u201cNossa classifica\u00e7\u00e3o \u00e9 para o torcedor, que est\u00e1 sofrendo com as trag\u00e9dias\u201d, diz t\u00e9cnico do Gr\u00eamio - Universo Esportivo","og_description":"Tricolor se recuperou ap\u00f3s perder as duas primeiras na Libertadores. Na sequ\u00eancia, Gr\u00eamio venceu tr\u00eas jogos seguidos e chegou aos 9 pontos.","og_url":"https:\/\/universoesportivo.net\/index.php\/2024\/06\/05\/nossa-classificacao-e-para-o-torcedor-que-esta-sofrendo-com-as-tragedias-diz-tecnico-do-gremio\/","og_site_name":"Universo Esportivo","article_publisher":"https:\/\/www.facebook.com\/universoesportivo.net","article_published_time":"2024-06-05T23:51:28+00:00","article_modified_time":"2024-06-05T23:51:29+00:00","og_image":[{"width":400,"height":266,"url":"https:\/\/universoesportivo.net\/wp-content\/uploads\/2024\/06\/renatook.jpg","type":"image\/jpeg"}],"author":"Tiago Lotto","twitter_card":"summary_large_image","twitter_misc":{"Escrito por":"Tiago Lotto","Est. tempo de leitura":"2 minutos"},"schema":{"@context":"https:\/\/schema.org","@graph":[{"@type":"Article","@id":"https:\/\/universoesportivo.net\/index.php\/2024\/06\/05\/nossa-classificacao-e-para-o-torcedor-que-esta-sofrendo-com-as-tragedias-diz-tecnico-do-gremio\/#article","isPartOf":{"@id":"https:\/\/universoesportivo.net\/index.php\/2024\/06\/05\/nossa-classificacao-e-para-o-torcedor-que-esta-sofrendo-com-as-tragedias-diz-tecnico-do-gremio\/"},"author":{"name":"Tiago Lotto","@id":"https:\/\/universoesportivo.net\/#\/schema\/person\/62bc311bc7def56a6bc83711536e74bd"},"headline":"\u201cNossa classifica\u00e7\u00e3o \u00e9 para o torcedor, que est\u00e1 sofrendo com as trag\u00e9dias\u201d, diz t\u00e9cnico do Gr\u00eamio","datePublished":"2024-06-05T23:51:28+00:00","dateModified":"2024-06-05T23:51:29+00:00","mainEntityOfPage":{"@id":"https:\/\/universoesportivo.net\/index.php\/2024\/06\/05\/nossa-classificacao-e-para-o-torcedor-que-esta-sofrendo-com-as-tragedias-diz-tecnico-do-gremio\/"},"wordCount":250,"publisher":{"@id":"https:\/\/universoesportivo.net\/#organization"},"image":{"@id":"https:\/\/universoesportivo.net\/index.php\/2024\/06\/05\/nossa-classificacao-e-para-o-torcedor-que-esta-sofrendo-com-as-tragedias-diz-tecnico-do-gremio\/#primaryimage"},"thumbnailUrl":"https:\/\/universoesportivo.net\/wp-content\/uploads\/2024\/06\/renatook.jpg","articleSection":["ESPORTES","Futebol"],"inLanguage":"pt-BR"},{"@type":"WebPage","@id":"https:\/\/universoesportivo.net\/index.php\/2024\/06\/05\/nossa-classificacao-e-para-o-torcedor-que-esta-sofrendo-com-as-tragedias-diz-tecnico-do-gremio\/","url":"https:\/\/universoesportivo.net\/index.php\/2024\/06\/05\/nossa-classificacao-e-para-o-torcedor-que-esta-sofrendo-com-as-tragedias-diz-tecnico-do-gremio\/","name":"\u201cNossa classifica\u00e7\u00e3o \u00e9 para o torcedor, que est\u00e1 sofrendo com as trag\u00e9dias\u201d, diz t\u00e9cnico do Gr\u00eamio - Universo Esportivo","isPartOf":{"@id":"https:\/\/universoesportivo.net\/#website"},"primaryImageOfPage":{"@id":"https:\/\/universoesportivo.net\/index.php\/2024\/06\/05\/nossa-classificacao-e-para-o-torcedor-que-esta-sofrendo-com-as-tragedias-diz-tecnico-do-gremio\/#primaryimage"},"image":{"@id":"https:\/\/universoesportivo.net\/index.php\/2024\/06\/05\/nossa-classificacao-e-para-o-torcedor-que-esta-sofrendo-com-as-tragedias-diz-tecnico-do-gremio\/#primaryimage"},"thumbnailUrl":"https:\/\/universoesportivo.net\/wp-content\/uploads\/2024\/06\/renatook.jpg","datePublished":"2024-06-05T23:51:28+00:00","dateModified":"2024-06-05T23:51:29+00:00","breadcrumb":{"@id":"https:\/\/universoesportivo.net\/index.php\/2024\/06\/05\/nossa-classificacao-e-para-o-torcedor-que-esta-sofrendo-com-as-tragedias-diz-tecnico-do-gremio\/#breadcrumb"},"inLanguage":"pt-BR","potentialAction":[{"@type":"ReadAction","target":["https:\/\/universoesportivo.net\/index.php\/2024\/06\/05\/nossa-classificacao-e-para-o-torcedor-que-esta-sofrendo-com-as-tragedias-diz-tecnico-do-gremio\/"]}]},{"@type":"ImageObject","inLanguage":"pt-BR","@id":"https:\/\/universoesportivo.net\/index.php\/2024\/06\/05\/nossa-classificacao-e-para-o-torcedor-que-esta-sofrendo-com-as-tragedias-diz-tecnico-do-gremio\/#primaryimage","url":"https:\/\/universoesportivo.net\/wp-content\/uploads\/2024\/06\/renatook.jpg","contentUrl":"https:\/\/universoesportivo.net\/wp-content\/uploads\/2024\/06\/renatook.jpg","width":400,"height":266},{"@type":"BreadcrumbList","@id":"https:\/\/universoesportivo.net\/index.php\/2024\/06\/05\/nossa-classificacao-e-para-o-torcedor-que-esta-sofrendo-com-as-tragedias-diz-tecnico-do-gremio\/#breadcrumb","itemListElement":[{"@type":"ListItem","position":1,"name":"In\u00edcio","item":"https:\/\/universoesportivo.net\/"},{"@type":"ListItem","position":2,"name":"\u201cNossa classifica\u00e7\u00e3o \u00e9 para o torcedor, que est\u00e1 sofrendo com as trag\u00e9dias\u201d, diz t\u00e9cnico do Gr\u00eamio"}]},{"@type":"WebSite","@id":"https:\/\/universoesportivo.net\/#website","url":"https:\/\/universoesportivo.net\/","name":"Universo Esportivo","description":"O portal de todas as modalidades esportivas!","publisher":{"@id":"https:\/\/universoesportivo.net\/#organization"},"alternateName":"Jornalista Tiago Contador Lotto","potentialAction":[{"@type":"SearchAction","target":{"@type":"EntryPoint","urlTemplate":"https:\/\/universoesportivo.net\/?s={search_term_string}"},"query-input":{"@type":"PropertyValueSpecification","valueRequired":true,"valueName":"search_term_string"}}],"inLanguage":"pt-BR"},{"@type":"Organization","@id":"https:\/\/universoesportivo.net\/#organization","name":"Universo Esportivo","alternateName":"Tiago Lotto","url":"https:\/\/universoesportivo.net\/","logo":{"@type":"ImageObject","inLanguage":"pt-BR","@id":"https:\/\/universoesportivo.net\/#\/schema\/logo\/image\/","url":"https:\/\/universoesportivo.net\/wp-content\/uploads\/2024\/05\/cropped-cropped-universo-6.png","contentUrl":"https:\/\/universoesportivo.net\/wp-content\/uploads\/2024\/05\/cropped-cropped-universo-6.png","width":413,"height":295,"caption":"Universo Esportivo"},"image":{"@id":"https:\/\/universoesportivo.net\/#\/schema\/logo\/image\/"},"sameAs":["https:\/\/www.facebook.com\/universoesportivo.net"]},{"@type":"Person","@id":"https:\/\/universoesportivo.net\/#\/schema\/person\/62bc311bc7def56a6bc83711536e74bd","name":"Tiago Lotto","image":{"@type":"ImageObject","inLanguage":"pt-BR","@id":"https:\/\/secure.gravatar.com\/avatar\/fd6891125b3fb6ba0b794cd20c3398d5bb0fa20d2b9963a95f19470e5a6192f7?s=96&d=mm&r=g","url":"https:\/\/secure.gravatar.com\/avatar\/fd6891125b3fb6ba0b794cd20c3398d5bb0fa20d2b9963a95f19470e5a6192f7?s=96&d=mm&r=g","contentUrl":"https:\/\/secure.gravatar.com\/avatar\/fd6891125b3fb6ba0b794cd20c3398d5bb0fa20d2b9963a95f19470e5a6192f7?s=96&d=mm&r=g","caption":"Tiago Lotto"},"url":"https:\/\/universoesportivo.net\/index.php\/author\/tiago-lotto\/"}]}},"jetpack_featured_media_url":"https:\/\/universoesportivo.net\/wp-content\/uploads\/2024\/06\/renatook.jpg","_links":{"self":[{"href":"https:\/\/universoesportivo.net\/index.php\/wp-json\/wp\/v2\/posts\/1212","targetHints":{"allow":["GET"]}}],"collection":[{"href":"https:\/\/universoesportivo.net\/index.php\/wp-json\/wp\/v2\/posts"}],"about":[{"href":"https:\/\/universoesportivo.net\/index.php\/wp-json\/wp\/v2\/types\/post"}],"author":[{"embeddable":true,"href":"https:\/\/universoesportivo.net\/index.php\/wp-json\/wp\/v2\/users\/2"}],"replies":[{"embeddable":true,"href":"https:\/\/universoesportivo.net\/index.php\/wp-json\/wp\/v2\/comments?post=1212"}],"version-history":[{"count":1,"href":"https:\/\/universoesportivo.net\/index.php\/wp-json\/wp\/v2\/posts\/1212\/revisions"}],"predecessor-version":[{"id":1214,"href":"https:\/\/universoesportivo.net\/index.php\/wp-json\/wp\/v2\/posts\/1212\/revisions\/1214"}],"wp:featuredmedia":[{"embeddable":true,"href":"https:\/\/universoesportivo.net\/index.php\/wp-json\/wp\/v2\/media\/1213"}],"wp:attachment":[{"href":"https:\/\/universoesportivo.net\/index.php\/wp-json\/wp\/v2\/media?parent=1212"}],"wp:term":[{"taxonomy":"category","embeddable":true,"href":"https:\/\/universoesportivo.net\/index.php\/wp-json\/wp\/v2\/categories?post=1212"},{"taxonomy":"post_tag","embeddable":true,"href":"https:\/\/universoesportivo.net\/index.php\/wp-json\/wp\/v2\/tags?post=1212"}],"curies":[{"name":"wp","href":"https:\/\/api.w.org\/{rel}","templated":true}]}}