{"id":1222,"date":"2024-06-07T15:18:41","date_gmt":"2024-06-07T18:18:41","guid":{"rendered":"https:\/\/universoesportivo.net\/?p=1222"},"modified":"2024-06-07T15:18:42","modified_gmt":"2024-06-07T18:18:42","slug":"pampa-ouro-em-barcelona-pelo-volei-brasileiro-faleceu-nesta-sexta-feira-7-de-junho","status":"publish","type":"post","link":"https:\/\/universoesportivo.net\/index.php\/2024\/06\/07\/pampa-ouro-em-barcelona-pelo-volei-brasileiro-faleceu-nesta-sexta-feira-7-de-junho\/","title":{"rendered":"Pampa, ouro em Barcelona pelo v\u00f4lei brasileiro, faleceu nesta sexta-feira, 7 de junho"},"content":{"rendered":"\n<p class=\"has-medium-font-size\">O ex-jogador de v\u00f4lei Andr\u00e9 Felippe Falbo Ferreira, o Pampa, faleceu na manh\u00e3 desta sexta-feira, dia 7 de junho, em S\u00e3o Paulo. Ele lutava contra um c\u00e2ncer no sistema linf\u00e1tico.<\/p>\n\n\n\n<p class=\"has-medium-font-size\">Pampa foi campe\u00e3o ol\u00edmpico com a sele\u00e7\u00e3o brasileira de v\u00f4lei, em Barcelona, em 1992. Ele fez parte da chamada \u2018primeira gera\u00e7\u00e3o de ouro\u2019 do v\u00f4lei, j\u00e1 que a conquista foi o primeiro t\u00edtulo ol\u00edmpico do v\u00f4lei nacional.<\/p>\n\n\n\n<p class=\"has-medium-font-size\">Assim como ele, v\u00e1rios atletas ficaram \u2018famosos\u2019 ap\u00f3s a conquista da medalha: Tande, Maur\u00edcio, Marcelo Negr\u00e3o, Paul\u00e3o, Giovani, entre outros.<\/p>\n\n\n\n<p class=\"has-medium-font-size\">Al\u00e9m do ouro ol\u00edmpico, Pampa foi campe\u00e3o da Liga Mundial de 1993 e medalha de prata nos Jogos Pan-Americanos de 1991 com a sele\u00e7\u00e3o brasileira.<\/p>\n\n\n\n<p class=\"has-medium-font-size\">Nascido no Recife, Pampa faleceu aos 59 anos. Familiares, amigos e ex-atletas que jogaram com Pampa estiveram em seu vel\u00f3rio.<\/p>\n\n\n\n<p class=\"has-medium-font-size\">Texto: Tiago Lotto \/ Foto: Ivo Vieira \u2013 CBV<\/p>\n","protected":false},"excerpt":{"rendered":"<p>Pampa foi campe\u00e3o ol\u00edmpico com a sele\u00e7\u00e3o brasileira, em Barcelona, em 1992. Ele fez parte da \u2018primeira gera\u00e7\u00e3o de ouro\u2019, j\u00e1 que a conquista foi o primeiro t\u00edtulo ol\u00edmpico do v\u00f4lei nacional.<\/p>\n","protected":false},"author":2,"featured_media":1223,"comment_status":"closed","ping_status":"closed","sticky":false,"template":"","format":"standard","meta":{"colormag_page_container_layout":"default_layout","colormag_page_sidebar_layout":"default_layout","footnotes":""},"categories":[17,55],"tags":[],"class_list":["post-1222","post","type-post","status-publish","format-standard","has-post-thumbnail","hentry","category-esportes","category-luto"],"magazineBlocksPostFeaturedMedia":{"thumbnail":"https:\/\/universoesportivo.net\/wp-content\/uploads\/2024\/06\/pampafaleceu-150x150.jpg","medium":"https:\/\/universoesportivo.net\/wp-content\/uploads\/2024\/06\/pampafaleceu-300x191.jpg","medium_large":"https:\/\/universoesportivo.net\/wp-content\/uploads\/2024\/06\/pampafaleceu.jpg","large":"https:\/\/universoesportivo.net\/wp-content\/uploads\/2024\/06\/pampafaleceu.jpg","1536x1536":"https:\/\/universoesportivo.net\/wp-content\/uploads\/2024\/06\/pampafaleceu.jpg","2048x2048":"https:\/\/universoesportivo.net\/wp-content\/uploads\/2024\/06\/pampafaleceu.jpg","trp-custom-language-flag":"https:\/\/universoesportivo.net\/wp-content\/uploads\/2024\/06\/pampafaleceu-18x12.jpg","colormag-highlighted-post":"https:\/\/universoesportivo.net\/wp-content\/uploads\/2024\/06\/pampafaleceu-392x272.jpg","colormag-featured-post-medium":"https:\/\/universoesportivo.net\/wp-content\/uploads\/2024\/06\/pampafaleceu-390x205.jpg","colormag-featured-post-small":"https:\/\/universoesportivo.net\/wp-content\/uploads\/2024\/06\/pampafaleceu-130x90.jpg","colormag-featured-image":"https:\/\/universoesportivo.net\/wp-content\/uploads\/2024\/06\/pampafaleceu.jpg","colormag-default-news":"https:\/\/universoesportivo.net\/wp-content\/uploads\/2024\/06\/pampafaleceu-150x150.jpg","colormag-featured-image-large":"https:\/\/universoesportivo.net\/wp-content\/uploads\/2024\/06\/pampafaleceu.jpg","colormag-elementor-block-extra-large-thumbnail":"https:\/\/universoesportivo.net\/wp-content\/uploads\/2024\/06\/pampafaleceu.jpg","colormag-elementor-grid-large-thumbnail":"https:\/\/universoesportivo.net\/wp-content\/uploads\/2024\/06\/pampafaleceu.jpg","colormag-elementor-grid-small-thumbnail":"https:\/\/universoesportivo.net\/wp-content\/uploads\/2024\/06\/pampafaleceu-285x277.jpg","colormag-elementor-grid-medium-large-thumbnail":"https:\/\/universoesportivo.net\/wp-content\/uploads\/2024\/06\/pampafaleceu-435x198.jpg"},"magazineBlocksPostAuthor":{"name":"Tiago Lotto","avatar":"https:\/\/secure.gravatar.com\/avatar\/fd6891125b3fb6ba0b794cd20c3398d5bb0fa20d2b9963a95f19470e5a6192f7?s=96&d=mm&r=g"},"magazineBlocksPostCommentsNumber":false,"magazineBlocksPostExcerpt":"Pampa foi campe\u00e3o ol\u00edmpico com a sele\u00e7\u00e3o brasileira, em Barcelona, em 1992. Ele fez parte da \u2018primeira gera\u00e7\u00e3o de ouro\u2019, j\u00e1 que a conquista foi o primeiro t\u00edtulo ol\u00edmpico do v\u00f4lei nacional.","magazineBlocksPostCategories":["ESPORTES","LUTO"],"magazineBlocksPostViewCount":41,"magazineBlocksPostReadTime":1,"magazine_blocks_featured_image_url":{"full":["https:\/\/universoesportivo.net\/wp-content\/uploads\/2024\/06\/pampafaleceu.jpg",435,277,false],"medium":["https:\/\/universoesportivo.net\/wp-content\/uploads\/2024\/06\/pampafaleceu-300x191.jpg",300,191,true],"thumbnail":["https:\/\/universoesportivo.net\/wp-content\/uploads\/2024\/06\/pampafaleceu-150x150.jpg",150,150,true]},"magazine_blocks_author":{"display_name":"Tiago Lotto","author_link":"https:\/\/universoesportivo.net\/index.php\/author\/tiago-lotto\/"},"magazine_blocks_comment":0,"magazine_blocks_author_image":"https:\/\/secure.gravatar.com\/avatar\/fd6891125b3fb6ba0b794cd20c3398d5bb0fa20d2b9963a95f19470e5a6192f7?s=96&d=mm&r=g","magazine_blocks_category":"<a href=\"#\" class=\"category-link category-link-17\">ESPORTES<\/a> <a href=\"#\" class=\"category-link category-link-55\">LUTO<\/a>","yoast_head":"<!-- This site is optimized with the Yoast SEO plugin v27.4 - https:\/\/yoast.com\/product\/yoast-seo-wordpress\/ -->\n<title>Pampa, ouro em Barcelona pelo v\u00f4lei brasileiro, faleceu nesta sexta-feira, 7 de junho - Universo Esportivo<\/title>\n<meta name=\"robots\" content=\"index, follow, max-snippet:-1, max-image-preview:large, max-video-preview:-1\" \/>\n<link rel=\"canonical\" href=\"https:\/\/universoesportivo.net\/index.php\/2024\/06\/07\/pampa-ouro-em-barcelona-pelo-volei-brasileiro-faleceu-nesta-sexta-feira-7-de-junho\/\" \/>\n<meta property=\"og:locale\" content=\"pt_BR\" \/>\n<meta property=\"og:type\" content=\"article\" \/>\n<meta property=\"og:title\" content=\"Pampa, ouro em Barcelona pelo v\u00f4lei brasileiro, faleceu nesta sexta-feira, 7 de junho - Universo Esportivo\" \/>\n<meta property=\"og:description\" content=\"Pampa foi campe\u00e3o ol\u00edmpico com a sele\u00e7\u00e3o brasileira, em Barcelona, em 1992. Ele fez parte da \u2018primeira gera\u00e7\u00e3o de ouro\u2019, j\u00e1 que a conquista foi o primeiro t\u00edtulo ol\u00edmpico do v\u00f4lei nacional.\" \/>\n<meta property=\"og:url\" content=\"https:\/\/universoesportivo.net\/index.php\/2024\/06\/07\/pampa-ouro-em-barcelona-pelo-volei-brasileiro-faleceu-nesta-sexta-feira-7-de-junho\/\" \/>\n<meta property=\"og:site_name\" content=\"Universo Esportivo\" \/>\n<meta property=\"article:publisher\" content=\"https:\/\/www.facebook.com\/universoesportivo.net\" \/>\n<meta property=\"article:published_time\" content=\"2024-06-07T18:18:41+00:00\" \/>\n<meta property=\"article:modified_time\" content=\"2024-06-07T18:18:42+00:00\" \/>\n<meta property=\"og:image\" content=\"https:\/\/universoesportivo.net\/wp-content\/uploads\/2024\/06\/pampafaleceu.jpg\" \/>\n\t<meta property=\"og:image:width\" content=\"435\" \/>\n\t<meta property=\"og:image:height\" content=\"277\" \/>\n\t<meta property=\"og:image:type\" content=\"image\/jpeg\" \/>\n<meta name=\"author\" content=\"Tiago Lotto\" \/>\n<meta name=\"twitter:card\" content=\"summary_large_image\" \/>\n<meta name=\"twitter:label1\" content=\"Escrito por\" \/>\n\t<meta name=\"twitter:data1\" content=\"Tiago Lotto\" \/>\n\t<meta name=\"twitter:label2\" content=\"Est. tempo de leitura\" \/>\n\t<meta name=\"twitter:data2\" content=\"1 minuto\" \/>\n<script type=\"application\/ld+json\" class=\"yoast-schema-graph\">{\"@context\":\"https:\\\/\\\/schema.org\",\"@graph\":[{\"@type\":\"Article\",\"@id\":\"https:\\\/\\\/universoesportivo.net\\\/index.php\\\/2024\\\/06\\\/07\\\/pampa-ouro-em-barcelona-pelo-volei-brasileiro-faleceu-nesta-sexta-feira-7-de-junho\\\/#article\",\"isPartOf\":{\"@id\":\"https:\\\/\\\/universoesportivo.net\\\/index.php\\\/2024\\\/06\\\/07\\\/pampa-ouro-em-barcelona-pelo-volei-brasileiro-faleceu-nesta-sexta-feira-7-de-junho\\\/\"},\"author\":{\"name\":\"Tiago Lotto\",\"@id\":\"https:\\\/\\\/universoesportivo.net\\\/#\\\/schema\\\/person\\\/62bc311bc7def56a6bc83711536e74bd\"},\"headline\":\"Pampa, ouro em Barcelona pelo v\u00f4lei brasileiro, faleceu nesta sexta-feira, 7 de junho\",\"datePublished\":\"2024-06-07T18:18:41+00:00\",\"dateModified\":\"2024-06-07T18:18:42+00:00\",\"mainEntityOfPage\":{\"@id\":\"https:\\\/\\\/universoesportivo.net\\\/index.php\\\/2024\\\/06\\\/07\\\/pampa-ouro-em-barcelona-pelo-volei-brasileiro-faleceu-nesta-sexta-feira-7-de-junho\\\/\"},\"wordCount\":170,\"publisher\":{\"@id\":\"https:\\\/\\\/universoesportivo.net\\\/#organization\"},\"image\":{\"@id\":\"https:\\\/\\\/universoesportivo.net\\\/index.php\\\/2024\\\/06\\\/07\\\/pampa-ouro-em-barcelona-pelo-volei-brasileiro-faleceu-nesta-sexta-feira-7-de-junho\\\/#primaryimage\"},\"thumbnailUrl\":\"https:\\\/\\\/universoesportivo.net\\\/wp-content\\\/uploads\\\/2024\\\/06\\\/pampafaleceu.jpg\",\"articleSection\":[\"ESPORTES\",\"LUTO\"],\"inLanguage\":\"pt-BR\"},{\"@type\":\"WebPage\",\"@id\":\"https:\\\/\\\/universoesportivo.net\\\/index.php\\\/2024\\\/06\\\/07\\\/pampa-ouro-em-barcelona-pelo-volei-brasileiro-faleceu-nesta-sexta-feira-7-de-junho\\\/\",\"url\":\"https:\\\/\\\/universoesportivo.net\\\/index.php\\\/2024\\\/06\\\/07\\\/pampa-ouro-em-barcelona-pelo-volei-brasileiro-faleceu-nesta-sexta-feira-7-de-junho\\\/\",\"name\":\"Pampa, ouro em Barcelona pelo v\u00f4lei brasileiro, faleceu nesta sexta-feira, 7 de junho - Universo Esportivo\",\"isPartOf\":{\"@id\":\"https:\\\/\\\/universoesportivo.net\\\/#website\"},\"primaryImageOfPage\":{\"@id\":\"https:\\\/\\\/universoesportivo.net\\\/index.php\\\/2024\\\/06\\\/07\\\/pampa-ouro-em-barcelona-pelo-volei-brasileiro-faleceu-nesta-sexta-feira-7-de-junho\\\/#primaryimage\"},\"image\":{\"@id\":\"https:\\\/\\\/universoesportivo.net\\\/index.php\\\/2024\\\/06\\\/07\\\/pampa-ouro-em-barcelona-pelo-volei-brasileiro-faleceu-nesta-sexta-feira-7-de-junho\\\/#primaryimage\"},\"thumbnailUrl\":\"https:\\\/\\\/universoesportivo.net\\\/wp-content\\\/uploads\\\/2024\\\/06\\\/pampafaleceu.jpg\",\"datePublished\":\"2024-06-07T18:18:41+00:00\",\"dateModified\":\"2024-06-07T18:18:42+00:00\",\"breadcrumb\":{\"@id\":\"https:\\\/\\\/universoesportivo.net\\\/index.php\\\/2024\\\/06\\\/07\\\/pampa-ouro-em-barcelona-pelo-volei-brasileiro-faleceu-nesta-sexta-feira-7-de-junho\\\/#breadcrumb\"},\"inLanguage\":\"pt-BR\",\"potentialAction\":[{\"@type\":\"ReadAction\",\"target\":[\"https:\\\/\\\/universoesportivo.net\\\/index.php\\\/2024\\\/06\\\/07\\\/pampa-ouro-em-barcelona-pelo-volei-brasileiro-faleceu-nesta-sexta-feira-7-de-junho\\\/\"]}]},{\"@type\":\"ImageObject\",\"inLanguage\":\"pt-BR\",\"@id\":\"https:\\\/\\\/universoesportivo.net\\\/index.php\\\/2024\\\/06\\\/07\\\/pampa-ouro-em-barcelona-pelo-volei-brasileiro-faleceu-nesta-sexta-feira-7-de-junho\\\/#primaryimage\",\"url\":\"https:\\\/\\\/universoesportivo.net\\\/wp-content\\\/uploads\\\/2024\\\/06\\\/pampafaleceu.jpg\",\"contentUrl\":\"https:\\\/\\\/universoesportivo.net\\\/wp-content\\\/uploads\\\/2024\\\/06\\\/pampafaleceu.jpg\",\"width\":435,\"height\":277},{\"@type\":\"BreadcrumbList\",\"@id\":\"https:\\\/\\\/universoesportivo.net\\\/index.php\\\/2024\\\/06\\\/07\\\/pampa-ouro-em-barcelona-pelo-volei-brasileiro-faleceu-nesta-sexta-feira-7-de-junho\\\/#breadcrumb\",\"itemListElement\":[{\"@type\":\"ListItem\",\"position\":1,\"name\":\"In\u00edcio\",\"item\":\"https:\\\/\\\/universoesportivo.net\\\/\"},{\"@type\":\"ListItem\",\"position\":2,\"name\":\"Pampa, ouro em Barcelona pelo v\u00f4lei brasileiro, faleceu nesta sexta-feira, 7 de junho\"}]},{\"@type\":\"WebSite\",\"@id\":\"https:\\\/\\\/universoesportivo.net\\\/#website\",\"url\":\"https:\\\/\\\/universoesportivo.net\\\/\",\"name\":\"Universo Esportivo\",\"description\":\"O portal de todas as modalidades esportivas!\",\"publisher\":{\"@id\":\"https:\\\/\\\/universoesportivo.net\\\/#organization\"},\"alternateName\":\"Jornalista Tiago Contador Lotto\",\"potentialAction\":[{\"@type\":\"SearchAction\",\"target\":{\"@type\":\"EntryPoint\",\"urlTemplate\":\"https:\\\/\\\/universoesportivo.net\\\/?s={search_term_string}\"},\"query-input\":{\"@type\":\"PropertyValueSpecification\",\"valueRequired\":true,\"valueName\":\"search_term_string\"}}],\"inLanguage\":\"pt-BR\"},{\"@type\":\"Organization\",\"@id\":\"https:\\\/\\\/universoesportivo.net\\\/#organization\",\"name\":\"Universo Esportivo\",\"alternateName\":\"Tiago Lotto\",\"url\":\"https:\\\/\\\/universoesportivo.net\\\/\",\"logo\":{\"@type\":\"ImageObject\",\"inLanguage\":\"pt-BR\",\"@id\":\"https:\\\/\\\/universoesportivo.net\\\/#\\\/schema\\\/logo\\\/image\\\/\",\"url\":\"https:\\\/\\\/universoesportivo.net\\\/wp-content\\\/uploads\\\/2024\\\/05\\\/cropped-cropped-universo-6.png\",\"contentUrl\":\"https:\\\/\\\/universoesportivo.net\\\/wp-content\\\/uploads\\\/2024\\\/05\\\/cropped-cropped-universo-6.png\",\"width\":413,\"height\":295,\"caption\":\"Universo Esportivo\"},\"image\":{\"@id\":\"https:\\\/\\\/universoesportivo.net\\\/#\\\/schema\\\/logo\\\/image\\\/\"},\"sameAs\":[\"https:\\\/\\\/www.facebook.com\\\/universoesportivo.net\"]},{\"@type\":\"Person\",\"@id\":\"https:\\\/\\\/universoesportivo.net\\\/#\\\/schema\\\/person\\\/62bc311bc7def56a6bc83711536e74bd\",\"name\":\"Tiago Lotto\",\"image\":{\"@type\":\"ImageObject\",\"inLanguage\":\"pt-BR\",\"@id\":\"https:\\\/\\\/secure.gravatar.com\\\/avatar\\\/fd6891125b3fb6ba0b794cd20c3398d5bb0fa20d2b9963a95f19470e5a6192f7?s=96&d=mm&r=g\",\"url\":\"https:\\\/\\\/secure.gravatar.com\\\/avatar\\\/fd6891125b3fb6ba0b794cd20c3398d5bb0fa20d2b9963a95f19470e5a6192f7?s=96&d=mm&r=g\",\"contentUrl\":\"https:\\\/\\\/secure.gravatar.com\\\/avatar\\\/fd6891125b3fb6ba0b794cd20c3398d5bb0fa20d2b9963a95f19470e5a6192f7?s=96&d=mm&r=g\",\"caption\":\"Tiago Lotto\"},\"url\":\"https:\\\/\\\/universoesportivo.net\\\/index.php\\\/author\\\/tiago-lotto\\\/\"}]}<\/script>\n<!-- \/ Yoast SEO plugin. -->","yoast_head_json":{"title":"Pampa, ouro em Barcelona pelo v\u00f4lei brasileiro, faleceu nesta sexta-feira, 7 de junho - Universo Esportivo","robots":{"index":"index","follow":"follow","max-snippet":"max-snippet:-1","max-image-preview":"max-image-preview:large","max-video-preview":"max-video-preview:-1"},"canonical":"https:\/\/universoesportivo.net\/index.php\/2024\/06\/07\/pampa-ouro-em-barcelona-pelo-volei-brasileiro-faleceu-nesta-sexta-feira-7-de-junho\/","og_locale":"pt_BR","og_type":"article","og_title":"Pampa, ouro em Barcelona pelo v\u00f4lei brasileiro, faleceu nesta sexta-feira, 7 de junho - Universo Esportivo","og_description":"Pampa foi campe\u00e3o ol\u00edmpico com a sele\u00e7\u00e3o brasileira, em Barcelona, em 1992. Ele fez parte da \u2018primeira gera\u00e7\u00e3o de ouro\u2019, j\u00e1 que a conquista foi o primeiro t\u00edtulo ol\u00edmpico do v\u00f4lei nacional.","og_url":"https:\/\/universoesportivo.net\/index.php\/2024\/06\/07\/pampa-ouro-em-barcelona-pelo-volei-brasileiro-faleceu-nesta-sexta-feira-7-de-junho\/","og_site_name":"Universo Esportivo","article_publisher":"https:\/\/www.facebook.com\/universoesportivo.net","article_published_time":"2024-06-07T18:18:41+00:00","article_modified_time":"2024-06-07T18:18:42+00:00","og_image":[{"width":435,"height":277,"url":"https:\/\/universoesportivo.net\/wp-content\/uploads\/2024\/06\/pampafaleceu.jpg","type":"image\/jpeg"}],"author":"Tiago Lotto","twitter_card":"summary_large_image","twitter_misc":{"Escrito por":"Tiago Lotto","Est. tempo de leitura":"1 minuto"},"schema":{"@context":"https:\/\/schema.org","@graph":[{"@type":"Article","@id":"https:\/\/universoesportivo.net\/index.php\/2024\/06\/07\/pampa-ouro-em-barcelona-pelo-volei-brasileiro-faleceu-nesta-sexta-feira-7-de-junho\/#article","isPartOf":{"@id":"https:\/\/universoesportivo.net\/index.php\/2024\/06\/07\/pampa-ouro-em-barcelona-pelo-volei-brasileiro-faleceu-nesta-sexta-feira-7-de-junho\/"},"author":{"name":"Tiago Lotto","@id":"https:\/\/universoesportivo.net\/#\/schema\/person\/62bc311bc7def56a6bc83711536e74bd"},"headline":"Pampa, ouro em Barcelona pelo v\u00f4lei brasileiro, faleceu nesta sexta-feira, 7 de junho","datePublished":"2024-06-07T18:18:41+00:00","dateModified":"2024-06-07T18:18:42+00:00","mainEntityOfPage":{"@id":"https:\/\/universoesportivo.net\/index.php\/2024\/06\/07\/pampa-ouro-em-barcelona-pelo-volei-brasileiro-faleceu-nesta-sexta-feira-7-de-junho\/"},"wordCount":170,"publisher":{"@id":"https:\/\/universoesportivo.net\/#organization"},"image":{"@id":"https:\/\/universoesportivo.net\/index.php\/2024\/06\/07\/pampa-ouro-em-barcelona-pelo-volei-brasileiro-faleceu-nesta-sexta-feira-7-de-junho\/#primaryimage"},"thumbnailUrl":"https:\/\/universoesportivo.net\/wp-content\/uploads\/2024\/06\/pampafaleceu.jpg","articleSection":["ESPORTES","LUTO"],"inLanguage":"pt-BR"},{"@type":"WebPage","@id":"https:\/\/universoesportivo.net\/index.php\/2024\/06\/07\/pampa-ouro-em-barcelona-pelo-volei-brasileiro-faleceu-nesta-sexta-feira-7-de-junho\/","url":"https:\/\/universoesportivo.net\/index.php\/2024\/06\/07\/pampa-ouro-em-barcelona-pelo-volei-brasileiro-faleceu-nesta-sexta-feira-7-de-junho\/","name":"Pampa, ouro em Barcelona pelo v\u00f4lei brasileiro, faleceu nesta sexta-feira, 7 de junho - Universo Esportivo","isPartOf":{"@id":"https:\/\/universoesportivo.net\/#website"},"primaryImageOfPage":{"@id":"https:\/\/universoesportivo.net\/index.php\/2024\/06\/07\/pampa-ouro-em-barcelona-pelo-volei-brasileiro-faleceu-nesta-sexta-feira-7-de-junho\/#primaryimage"},"image":{"@id":"https:\/\/universoesportivo.net\/index.php\/2024\/06\/07\/pampa-ouro-em-barcelona-pelo-volei-brasileiro-faleceu-nesta-sexta-feira-7-de-junho\/#primaryimage"},"thumbnailUrl":"https:\/\/universoesportivo.net\/wp-content\/uploads\/2024\/06\/pampafaleceu.jpg","datePublished":"2024-06-07T18:18:41+00:00","dateModified":"2024-06-07T18:18:42+00:00","breadcrumb":{"@id":"https:\/\/universoesportivo.net\/index.php\/2024\/06\/07\/pampa-ouro-em-barcelona-pelo-volei-brasileiro-faleceu-nesta-sexta-feira-7-de-junho\/#breadcrumb"},"inLanguage":"pt-BR","potentialAction":[{"@type":"ReadAction","target":["https:\/\/universoesportivo.net\/index.php\/2024\/06\/07\/pampa-ouro-em-barcelona-pelo-volei-brasileiro-faleceu-nesta-sexta-feira-7-de-junho\/"]}]},{"@type":"ImageObject","inLanguage":"pt-BR","@id":"https:\/\/universoesportivo.net\/index.php\/2024\/06\/07\/pampa-ouro-em-barcelona-pelo-volei-brasileiro-faleceu-nesta-sexta-feira-7-de-junho\/#primaryimage","url":"https:\/\/universoesportivo.net\/wp-content\/uploads\/2024\/06\/pampafaleceu.jpg","contentUrl":"https:\/\/universoesportivo.net\/wp-content\/uploads\/2024\/06\/pampafaleceu.jpg","width":435,"height":277},{"@type":"BreadcrumbList","@id":"https:\/\/universoesportivo.net\/index.php\/2024\/06\/07\/pampa-ouro-em-barcelona-pelo-volei-brasileiro-faleceu-nesta-sexta-feira-7-de-junho\/#breadcrumb","itemListElement":[{"@type":"ListItem","position":1,"name":"In\u00edcio","item":"https:\/\/universoesportivo.net\/"},{"@type":"ListItem","position":2,"name":"Pampa, ouro em Barcelona pelo v\u00f4lei brasileiro, faleceu nesta sexta-feira, 7 de junho"}]},{"@type":"WebSite","@id":"https:\/\/universoesportivo.net\/#website","url":"https:\/\/universoesportivo.net\/","name":"Universo Esportivo","description":"O portal de todas as modalidades esportivas!","publisher":{"@id":"https:\/\/universoesportivo.net\/#organization"},"alternateName":"Jornalista Tiago Contador Lotto","potentialAction":[{"@type":"SearchAction","target":{"@type":"EntryPoint","urlTemplate":"https:\/\/universoesportivo.net\/?s={search_term_string}"},"query-input":{"@type":"PropertyValueSpecification","valueRequired":true,"valueName":"search_term_string"}}],"inLanguage":"pt-BR"},{"@type":"Organization","@id":"https:\/\/universoesportivo.net\/#organization","name":"Universo Esportivo","alternateName":"Tiago Lotto","url":"https:\/\/universoesportivo.net\/","logo":{"@type":"ImageObject","inLanguage":"pt-BR","@id":"https:\/\/universoesportivo.net\/#\/schema\/logo\/image\/","url":"https:\/\/universoesportivo.net\/wp-content\/uploads\/2024\/05\/cropped-cropped-universo-6.png","contentUrl":"https:\/\/universoesportivo.net\/wp-content\/uploads\/2024\/05\/cropped-cropped-universo-6.png","width":413,"height":295,"caption":"Universo Esportivo"},"image":{"@id":"https:\/\/universoesportivo.net\/#\/schema\/logo\/image\/"},"sameAs":["https:\/\/www.facebook.com\/universoesportivo.net"]},{"@type":"Person","@id":"https:\/\/universoesportivo.net\/#\/schema\/person\/62bc311bc7def56a6bc83711536e74bd","name":"Tiago Lotto","image":{"@type":"ImageObject","inLanguage":"pt-BR","@id":"https:\/\/secure.gravatar.com\/avatar\/fd6891125b3fb6ba0b794cd20c3398d5bb0fa20d2b9963a95f19470e5a6192f7?s=96&d=mm&r=g","url":"https:\/\/secure.gravatar.com\/avatar\/fd6891125b3fb6ba0b794cd20c3398d5bb0fa20d2b9963a95f19470e5a6192f7?s=96&d=mm&r=g","contentUrl":"https:\/\/secure.gravatar.com\/avatar\/fd6891125b3fb6ba0b794cd20c3398d5bb0fa20d2b9963a95f19470e5a6192f7?s=96&d=mm&r=g","caption":"Tiago Lotto"},"url":"https:\/\/universoesportivo.net\/index.php\/author\/tiago-lotto\/"}]}},"jetpack_featured_media_url":"https:\/\/universoesportivo.net\/wp-content\/uploads\/2024\/06\/pampafaleceu.jpg","_links":{"self":[{"href":"https:\/\/universoesportivo.net\/index.php\/wp-json\/wp\/v2\/posts\/1222","targetHints":{"allow":["GET"]}}],"collection":[{"href":"https:\/\/universoesportivo.net\/index.php\/wp-json\/wp\/v2\/posts"}],"about":[{"href":"https:\/\/universoesportivo.net\/index.php\/wp-json\/wp\/v2\/types\/post"}],"author":[{"embeddable":true,"href":"https:\/\/universoesportivo.net\/index.php\/wp-json\/wp\/v2\/users\/2"}],"replies":[{"embeddable":true,"href":"https:\/\/universoesportivo.net\/index.php\/wp-json\/wp\/v2\/comments?post=1222"}],"version-history":[{"count":1,"href":"https:\/\/universoesportivo.net\/index.php\/wp-json\/wp\/v2\/posts\/1222\/revisions"}],"predecessor-version":[{"id":1224,"href":"https:\/\/universoesportivo.net\/index.php\/wp-json\/wp\/v2\/posts\/1222\/revisions\/1224"}],"wp:featuredmedia":[{"embeddable":true,"href":"https:\/\/universoesportivo.net\/index.php\/wp-json\/wp\/v2\/media\/1223"}],"wp:attachment":[{"href":"https:\/\/universoesportivo.net\/index.php\/wp-json\/wp\/v2\/media?parent=1222"}],"wp:term":[{"taxonomy":"category","embeddable":true,"href":"https:\/\/universoesportivo.net\/index.php\/wp-json\/wp\/v2\/categories?post=1222"},{"taxonomy":"post_tag","embeddable":true,"href":"https:\/\/universoesportivo.net\/index.php\/wp-json\/wp\/v2\/tags?post=1222"}],"curies":[{"name":"wp","href":"https:\/\/api.w.org\/{rel}","templated":true}]}}