{"id":1264,"date":"2024-06-10T19:44:58","date_gmt":"2024-06-10T22:44:58","guid":{"rendered":"https:\/\/universoesportivo.net\/?p=1264"},"modified":"2024-06-10T19:46:29","modified_gmt":"2024-06-10T22:46:29","slug":"jovem-promessa-do-futebol-comenta-sobre-a-copa-do-mundo-feminina-ser-realizada-no-brasil","status":"publish","type":"post","link":"https:\/\/universoesportivo.net\/index.php\/2024\/06\/10\/jovem-promessa-do-futebol-comenta-sobre-a-copa-do-mundo-feminina-ser-realizada-no-brasil\/","title":{"rendered":"Jovem promessa do futebol comenta sobre a Copa do Mundo Feminina ser realizada no Brasil"},"content":{"rendered":"\n<p class=\"has-medium-font-size\">A jovem Lauany Victoria Prates Martins, de 13 anos, atleta de futebol de campo da Escola Bola na Rede, de Catanduva, falou com o site UE sobre a Copa do Mundo de Futebol Feminino 2027, que ser\u00e1 realizada no Brasil.<\/p>\n\n\n\n<p class=\"has-medium-font-size\">A convite do site esportivo, Lauany, que \u00e9 zagueira, concedeu entrevista e comentou sua expectativa sobre a realiza\u00e7\u00e3o do maior evento do futebol feminino no mundo, organizado pela FIFA.<\/p>\n\n\n\n<p class=\"has-medium-font-size\">Acompanhe a entrevista:<\/p>\n\n\n\n<p class=\"has-medium-font-size\">UE \u2013 Voc\u00ea joga com os meninos. Isso \u00e9 motivo para acreditar que o futebol feminino \u00e9 pouco valorizado?<\/p>\n\n\n\n<p class=\"has-medium-font-size\">LAUANY \u2013 Pelo contr\u00e1rio, o futebol feminino cresce a cada ano. Jogo com os meninos porque n\u00e3o h\u00e1 muitas meninas interessadas na modalidade em Catanduva. Mas, de uma forma geral, temos o Paulista, o Brasileir\u00e3o e a Libertadores.<\/p>\n\n\n\n<p class=\"has-medium-font-size\">UE \u2013 Normal jogar com os meninos?<\/p>\n\n\n\n<p class=\"has-medium-font-size\">LAUANY \u2013 Sim, a Escola Bola na Rede \u00e9 um excelente local e conta com excelentes profissionais. Eles foram receptivos, educados e quando explicado aos meninos, o clima \u00e9 muito saud\u00e1vel.<\/p>\n\n\n\n<p class=\"has-medium-font-size\">UE \u2013 Em 2027 a Copa do Mundo de Futebol Feminino ser\u00e1 no Brasil. Qual sua expectativa?<\/p>\n\n\n\n<p class=\"has-medium-font-size\">LAUANY \u2013 A minha expectativa \u00e9 a melhor poss\u00edvel. Eu espero que a sele\u00e7\u00e3o brasileira aproveite o melhor poss\u00edvel. Claro que o t\u00edtulo seria maravilhoso, mas o fato da realiza\u00e7\u00e3o da Copa ser no Brasil abre oportunidade para acompanhar jogos nos est\u00e1dios e, ainda, fortalecer ainda mais a modalidade no Pa\u00eds.<\/p>\n\n\n\n<p class=\"has-medium-font-size\">UE \u2013 Em S\u00e3o Paulo, na Arena Corinthians, haver\u00e1 jogos da Copa. \u00c9 um sonho acompanhar um dos jogos do evento?<\/p>\n\n\n\n<p class=\"has-medium-font-size\">LAUANY \u2013 Ser\u00e1 dif\u00edcil ir, por\u00e9m n\u00e3o \u00e9 imposs\u00edvel. Ainda faltam tr\u00eas anos para a Copa, mas se surgir a oportunidade, quem sabe n\u00e3o estarei no est\u00e1dio, torcendo pela Sele\u00e7\u00e3o Brasileira.<\/p>\n\n\n\n<p class=\"has-medium-font-size\">UE \u2013 E vestir a camiseta da sele\u00e7\u00e3o, \u00e9 um sonho?<\/p>\n\n\n\n<p class=\"has-medium-font-size\">LAUANY \u2013 Acredito que seja o sonho de qualquer jogador (a). Com os p\u00e9s no ch\u00e3o e for\u00e7a de vontade, tenho certeza que posso chegar a um time profissional. Depois, tamb\u00e9m com muito trabalho, chegar at\u00e9 a sele\u00e7\u00e3o. Vontade n\u00e3o falta e estou dando o meu melhor para que um dia possa chegar a minha vez.<\/p>\n\n\n\n<p class=\"has-medium-font-size\">Texto: Tiago Lotto \/ Foto: Divulga\u00e7\u00e3o<\/p>\n","protected":false},"excerpt":{"rendered":"<p>Zagueira da Escola Bola na Rede, de Catanduva, interior de S\u00e3o Paulo, acredita que o futebol feminino est\u00e1 crescendo a cada ano. Ela falou sobre a Copa do Mundo FIFA.<\/p>\n","protected":false},"author":2,"featured_media":1265,"comment_status":"closed","ping_status":"closed","sticky":false,"template":"","format":"standard","meta":{"colormag_page_container_layout":"default_layout","colormag_page_sidebar_layout":"default_layout","footnotes":""},"categories":[17,43],"tags":[],"class_list":["post-1264","post","type-post","status-publish","format-standard","has-post-thumbnail","hentry","category-esportes","category-futebol"],"magazineBlocksPostFeaturedMedia":{"thumbnail":"https:\/\/universoesportivo.net\/wp-content\/uploads\/2024\/06\/lauaniok-150x150.jpg","medium":"https:\/\/universoesportivo.net\/wp-content\/uploads\/2024\/06\/lauaniok-300x186.jpg","medium_large":"https:\/\/universoesportivo.net\/wp-content\/uploads\/2024\/06\/lauaniok.jpg","large":"https:\/\/universoesportivo.net\/wp-content\/uploads\/2024\/06\/lauaniok.jpg","1536x1536":"https:\/\/universoesportivo.net\/wp-content\/uploads\/2024\/06\/lauaniok.jpg","2048x2048":"https:\/\/universoesportivo.net\/wp-content\/uploads\/2024\/06\/lauaniok.jpg","trp-custom-language-flag":"https:\/\/universoesportivo.net\/wp-content\/uploads\/2024\/06\/lauaniok-18x12.jpg","colormag-highlighted-post":"https:\/\/universoesportivo.net\/wp-content\/uploads\/2024\/06\/lauaniok-392x272.jpg","colormag-featured-post-medium":"https:\/\/universoesportivo.net\/wp-content\/uploads\/2024\/06\/lauaniok-390x205.jpg","colormag-featured-post-small":"https:\/\/universoesportivo.net\/wp-content\/uploads\/2024\/06\/lauaniok-130x90.jpg","colormag-featured-image":"https:\/\/universoesportivo.net\/wp-content\/uploads\/2024\/06\/lauaniok.jpg","colormag-default-news":"https:\/\/universoesportivo.net\/wp-content\/uploads\/2024\/06\/lauaniok-150x150.jpg","colormag-featured-image-large":"https:\/\/universoesportivo.net\/wp-content\/uploads\/2024\/06\/lauaniok.jpg","colormag-elementor-block-extra-large-thumbnail":"https:\/\/universoesportivo.net\/wp-content\/uploads\/2024\/06\/lauaniok.jpg","colormag-elementor-grid-large-thumbnail":"https:\/\/universoesportivo.net\/wp-content\/uploads\/2024\/06\/lauaniok.jpg","colormag-elementor-grid-small-thumbnail":"https:\/\/universoesportivo.net\/wp-content\/uploads\/2024\/06\/lauaniok-285x294.jpg","colormag-elementor-grid-medium-large-thumbnail":"https:\/\/universoesportivo.net\/wp-content\/uploads\/2024\/06\/lauaniok-474x198.jpg"},"magazineBlocksPostAuthor":{"name":"Tiago Lotto","avatar":"https:\/\/secure.gravatar.com\/avatar\/fd6891125b3fb6ba0b794cd20c3398d5bb0fa20d2b9963a95f19470e5a6192f7?s=96&d=mm&r=g"},"magazineBlocksPostCommentsNumber":false,"magazineBlocksPostExcerpt":"Zagueira da Escola Bola na Rede, de Catanduva, interior de S\u00e3o Paulo, acredita que o futebol feminino est\u00e1 crescendo a cada ano. Ela falou sobre a Copa do Mundo FIFA.","magazineBlocksPostCategories":["ESPORTES","Futebol"],"magazineBlocksPostViewCount":393,"magazineBlocksPostReadTime":2,"magazine_blocks_featured_image_url":{"full":["https:\/\/universoesportivo.net\/wp-content\/uploads\/2024\/06\/lauaniok.jpg",474,294,false],"medium":["https:\/\/universoesportivo.net\/wp-content\/uploads\/2024\/06\/lauaniok-300x186.jpg",300,186,true],"thumbnail":["https:\/\/universoesportivo.net\/wp-content\/uploads\/2024\/06\/lauaniok-150x150.jpg",150,150,true]},"magazine_blocks_author":{"display_name":"Tiago Lotto","author_link":"https:\/\/universoesportivo.net\/index.php\/author\/tiago-lotto\/"},"magazine_blocks_comment":0,"magazine_blocks_author_image":"https:\/\/secure.gravatar.com\/avatar\/fd6891125b3fb6ba0b794cd20c3398d5bb0fa20d2b9963a95f19470e5a6192f7?s=96&d=mm&r=g","magazine_blocks_category":"<a href=\"#\" class=\"category-link category-link-17\">ESPORTES<\/a> <a href=\"#\" class=\"category-link category-link-43\">Futebol<\/a>","yoast_head":"<!-- This site is optimized with the Yoast SEO plugin v27.4 - https:\/\/yoast.com\/product\/yoast-seo-wordpress\/ -->\n<title>Jovem promessa do futebol comenta sobre a Copa do Mundo Feminina ser realizada no Brasil - Universo Esportivo<\/title>\n<meta name=\"robots\" content=\"index, follow, max-snippet:-1, max-image-preview:large, max-video-preview:-1\" \/>\n<link rel=\"canonical\" href=\"https:\/\/universoesportivo.net\/index.php\/2024\/06\/10\/jovem-promessa-do-futebol-comenta-sobre-a-copa-do-mundo-feminina-ser-realizada-no-brasil\/\" \/>\n<meta property=\"og:locale\" content=\"pt_BR\" \/>\n<meta property=\"og:type\" content=\"article\" \/>\n<meta property=\"og:title\" content=\"Jovem promessa do futebol comenta sobre a Copa do Mundo Feminina ser realizada no Brasil - Universo Esportivo\" \/>\n<meta property=\"og:description\" content=\"Zagueira da Escola Bola na Rede, de Catanduva, interior de S\u00e3o Paulo, acredita que o futebol feminino est\u00e1 crescendo a cada ano. Ela falou sobre a Copa do Mundo FIFA.\" \/>\n<meta property=\"og:url\" content=\"https:\/\/universoesportivo.net\/index.php\/2024\/06\/10\/jovem-promessa-do-futebol-comenta-sobre-a-copa-do-mundo-feminina-ser-realizada-no-brasil\/\" \/>\n<meta property=\"og:site_name\" content=\"Universo Esportivo\" \/>\n<meta property=\"article:publisher\" content=\"https:\/\/www.facebook.com\/universoesportivo.net\" \/>\n<meta property=\"article:published_time\" content=\"2024-06-10T22:44:58+00:00\" \/>\n<meta property=\"article:modified_time\" content=\"2024-06-10T22:46:29+00:00\" \/>\n<meta property=\"og:image\" content=\"https:\/\/universoesportivo.net\/wp-content\/uploads\/2024\/06\/lauaniok.jpg\" \/>\n\t<meta property=\"og:image:width\" content=\"474\" \/>\n\t<meta property=\"og:image:height\" content=\"294\" \/>\n\t<meta property=\"og:image:type\" content=\"image\/jpeg\" \/>\n<meta name=\"author\" content=\"Tiago Lotto\" \/>\n<meta name=\"twitter:card\" content=\"summary_large_image\" \/>\n<meta name=\"twitter:label1\" content=\"Escrito por\" \/>\n\t<meta name=\"twitter:data1\" content=\"Tiago Lotto\" \/>\n\t<meta name=\"twitter:label2\" content=\"Est. tempo de leitura\" \/>\n\t<meta name=\"twitter:data2\" content=\"3 minutos\" \/>\n<script type=\"application\/ld+json\" class=\"yoast-schema-graph\">{\"@context\":\"https:\\\/\\\/schema.org\",\"@graph\":[{\"@type\":\"Article\",\"@id\":\"https:\\\/\\\/universoesportivo.net\\\/index.php\\\/2024\\\/06\\\/10\\\/jovem-promessa-do-futebol-comenta-sobre-a-copa-do-mundo-feminina-ser-realizada-no-brasil\\\/#article\",\"isPartOf\":{\"@id\":\"https:\\\/\\\/universoesportivo.net\\\/index.php\\\/2024\\\/06\\\/10\\\/jovem-promessa-do-futebol-comenta-sobre-a-copa-do-mundo-feminina-ser-realizada-no-brasil\\\/\"},\"author\":{\"name\":\"Tiago Lotto\",\"@id\":\"https:\\\/\\\/universoesportivo.net\\\/#\\\/schema\\\/person\\\/62bc311bc7def56a6bc83711536e74bd\"},\"headline\":\"Jovem promessa do futebol comenta sobre a Copa do Mundo Feminina ser realizada no Brasil\",\"datePublished\":\"2024-06-10T22:44:58+00:00\",\"dateModified\":\"2024-06-10T22:46:29+00:00\",\"mainEntityOfPage\":{\"@id\":\"https:\\\/\\\/universoesportivo.net\\\/index.php\\\/2024\\\/06\\\/10\\\/jovem-promessa-do-futebol-comenta-sobre-a-copa-do-mundo-feminina-ser-realizada-no-brasil\\\/\"},\"wordCount\":381,\"publisher\":{\"@id\":\"https:\\\/\\\/universoesportivo.net\\\/#organization\"},\"image\":{\"@id\":\"https:\\\/\\\/universoesportivo.net\\\/index.php\\\/2024\\\/06\\\/10\\\/jovem-promessa-do-futebol-comenta-sobre-a-copa-do-mundo-feminina-ser-realizada-no-brasil\\\/#primaryimage\"},\"thumbnailUrl\":\"https:\\\/\\\/universoesportivo.net\\\/wp-content\\\/uploads\\\/2024\\\/06\\\/lauaniok.jpg\",\"articleSection\":[\"ESPORTES\",\"Futebol\"],\"inLanguage\":\"pt-BR\"},{\"@type\":\"WebPage\",\"@id\":\"https:\\\/\\\/universoesportivo.net\\\/index.php\\\/2024\\\/06\\\/10\\\/jovem-promessa-do-futebol-comenta-sobre-a-copa-do-mundo-feminina-ser-realizada-no-brasil\\\/\",\"url\":\"https:\\\/\\\/universoesportivo.net\\\/index.php\\\/2024\\\/06\\\/10\\\/jovem-promessa-do-futebol-comenta-sobre-a-copa-do-mundo-feminina-ser-realizada-no-brasil\\\/\",\"name\":\"Jovem promessa do futebol comenta sobre a Copa do Mundo Feminina ser realizada no Brasil - Universo Esportivo\",\"isPartOf\":{\"@id\":\"https:\\\/\\\/universoesportivo.net\\\/#website\"},\"primaryImageOfPage\":{\"@id\":\"https:\\\/\\\/universoesportivo.net\\\/index.php\\\/2024\\\/06\\\/10\\\/jovem-promessa-do-futebol-comenta-sobre-a-copa-do-mundo-feminina-ser-realizada-no-brasil\\\/#primaryimage\"},\"image\":{\"@id\":\"https:\\\/\\\/universoesportivo.net\\\/index.php\\\/2024\\\/06\\\/10\\\/jovem-promessa-do-futebol-comenta-sobre-a-copa-do-mundo-feminina-ser-realizada-no-brasil\\\/#primaryimage\"},\"thumbnailUrl\":\"https:\\\/\\\/universoesportivo.net\\\/wp-content\\\/uploads\\\/2024\\\/06\\\/lauaniok.jpg\",\"datePublished\":\"2024-06-10T22:44:58+00:00\",\"dateModified\":\"2024-06-10T22:46:29+00:00\",\"breadcrumb\":{\"@id\":\"https:\\\/\\\/universoesportivo.net\\\/index.php\\\/2024\\\/06\\\/10\\\/jovem-promessa-do-futebol-comenta-sobre-a-copa-do-mundo-feminina-ser-realizada-no-brasil\\\/#breadcrumb\"},\"inLanguage\":\"pt-BR\",\"potentialAction\":[{\"@type\":\"ReadAction\",\"target\":[\"https:\\\/\\\/universoesportivo.net\\\/index.php\\\/2024\\\/06\\\/10\\\/jovem-promessa-do-futebol-comenta-sobre-a-copa-do-mundo-feminina-ser-realizada-no-brasil\\\/\"]}]},{\"@type\":\"ImageObject\",\"inLanguage\":\"pt-BR\",\"@id\":\"https:\\\/\\\/universoesportivo.net\\\/index.php\\\/2024\\\/06\\\/10\\\/jovem-promessa-do-futebol-comenta-sobre-a-copa-do-mundo-feminina-ser-realizada-no-brasil\\\/#primaryimage\",\"url\":\"https:\\\/\\\/universoesportivo.net\\\/wp-content\\\/uploads\\\/2024\\\/06\\\/lauaniok.jpg\",\"contentUrl\":\"https:\\\/\\\/universoesportivo.net\\\/wp-content\\\/uploads\\\/2024\\\/06\\\/lauaniok.jpg\",\"width\":474,\"height\":294},{\"@type\":\"BreadcrumbList\",\"@id\":\"https:\\\/\\\/universoesportivo.net\\\/index.php\\\/2024\\\/06\\\/10\\\/jovem-promessa-do-futebol-comenta-sobre-a-copa-do-mundo-feminina-ser-realizada-no-brasil\\\/#breadcrumb\",\"itemListElement\":[{\"@type\":\"ListItem\",\"position\":1,\"name\":\"In\u00edcio\",\"item\":\"https:\\\/\\\/universoesportivo.net\\\/\"},{\"@type\":\"ListItem\",\"position\":2,\"name\":\"Jovem promessa do futebol comenta sobre a Copa do Mundo Feminina ser realizada no Brasil\"}]},{\"@type\":\"WebSite\",\"@id\":\"https:\\\/\\\/universoesportivo.net\\\/#website\",\"url\":\"https:\\\/\\\/universoesportivo.net\\\/\",\"name\":\"Universo Esportivo\",\"description\":\"O portal de todas as modalidades esportivas!\",\"publisher\":{\"@id\":\"https:\\\/\\\/universoesportivo.net\\\/#organization\"},\"alternateName\":\"Jornalista Tiago Contador Lotto\",\"potentialAction\":[{\"@type\":\"SearchAction\",\"target\":{\"@type\":\"EntryPoint\",\"urlTemplate\":\"https:\\\/\\\/universoesportivo.net\\\/?s={search_term_string}\"},\"query-input\":{\"@type\":\"PropertyValueSpecification\",\"valueRequired\":true,\"valueName\":\"search_term_string\"}}],\"inLanguage\":\"pt-BR\"},{\"@type\":\"Organization\",\"@id\":\"https:\\\/\\\/universoesportivo.net\\\/#organization\",\"name\":\"Universo Esportivo\",\"alternateName\":\"Tiago Lotto\",\"url\":\"https:\\\/\\\/universoesportivo.net\\\/\",\"logo\":{\"@type\":\"ImageObject\",\"inLanguage\":\"pt-BR\",\"@id\":\"https:\\\/\\\/universoesportivo.net\\\/#\\\/schema\\\/logo\\\/image\\\/\",\"url\":\"https:\\\/\\\/universoesportivo.net\\\/wp-content\\\/uploads\\\/2024\\\/05\\\/cropped-cropped-universo-6.png\",\"contentUrl\":\"https:\\\/\\\/universoesportivo.net\\\/wp-content\\\/uploads\\\/2024\\\/05\\\/cropped-cropped-universo-6.png\",\"width\":413,\"height\":295,\"caption\":\"Universo Esportivo\"},\"image\":{\"@id\":\"https:\\\/\\\/universoesportivo.net\\\/#\\\/schema\\\/logo\\\/image\\\/\"},\"sameAs\":[\"https:\\\/\\\/www.facebook.com\\\/universoesportivo.net\"]},{\"@type\":\"Person\",\"@id\":\"https:\\\/\\\/universoesportivo.net\\\/#\\\/schema\\\/person\\\/62bc311bc7def56a6bc83711536e74bd\",\"name\":\"Tiago Lotto\",\"image\":{\"@type\":\"ImageObject\",\"inLanguage\":\"pt-BR\",\"@id\":\"https:\\\/\\\/secure.gravatar.com\\\/avatar\\\/fd6891125b3fb6ba0b794cd20c3398d5bb0fa20d2b9963a95f19470e5a6192f7?s=96&d=mm&r=g\",\"url\":\"https:\\\/\\\/secure.gravatar.com\\\/avatar\\\/fd6891125b3fb6ba0b794cd20c3398d5bb0fa20d2b9963a95f19470e5a6192f7?s=96&d=mm&r=g\",\"contentUrl\":\"https:\\\/\\\/secure.gravatar.com\\\/avatar\\\/fd6891125b3fb6ba0b794cd20c3398d5bb0fa20d2b9963a95f19470e5a6192f7?s=96&d=mm&r=g\",\"caption\":\"Tiago Lotto\"},\"url\":\"https:\\\/\\\/universoesportivo.net\\\/index.php\\\/author\\\/tiago-lotto\\\/\"}]}<\/script>\n<!-- \/ Yoast SEO plugin. -->","yoast_head_json":{"title":"Jovem promessa do futebol comenta sobre a Copa do Mundo Feminina ser realizada no Brasil - Universo Esportivo","robots":{"index":"index","follow":"follow","max-snippet":"max-snippet:-1","max-image-preview":"max-image-preview:large","max-video-preview":"max-video-preview:-1"},"canonical":"https:\/\/universoesportivo.net\/index.php\/2024\/06\/10\/jovem-promessa-do-futebol-comenta-sobre-a-copa-do-mundo-feminina-ser-realizada-no-brasil\/","og_locale":"pt_BR","og_type":"article","og_title":"Jovem promessa do futebol comenta sobre a Copa do Mundo Feminina ser realizada no Brasil - Universo Esportivo","og_description":"Zagueira da Escola Bola na Rede, de Catanduva, interior de S\u00e3o Paulo, acredita que o futebol feminino est\u00e1 crescendo a cada ano. Ela falou sobre a Copa do Mundo FIFA.","og_url":"https:\/\/universoesportivo.net\/index.php\/2024\/06\/10\/jovem-promessa-do-futebol-comenta-sobre-a-copa-do-mundo-feminina-ser-realizada-no-brasil\/","og_site_name":"Universo Esportivo","article_publisher":"https:\/\/www.facebook.com\/universoesportivo.net","article_published_time":"2024-06-10T22:44:58+00:00","article_modified_time":"2024-06-10T22:46:29+00:00","og_image":[{"width":474,"height":294,"url":"https:\/\/universoesportivo.net\/wp-content\/uploads\/2024\/06\/lauaniok.jpg","type":"image\/jpeg"}],"author":"Tiago Lotto","twitter_card":"summary_large_image","twitter_misc":{"Escrito por":"Tiago Lotto","Est. tempo de leitura":"3 minutos"},"schema":{"@context":"https:\/\/schema.org","@graph":[{"@type":"Article","@id":"https:\/\/universoesportivo.net\/index.php\/2024\/06\/10\/jovem-promessa-do-futebol-comenta-sobre-a-copa-do-mundo-feminina-ser-realizada-no-brasil\/#article","isPartOf":{"@id":"https:\/\/universoesportivo.net\/index.php\/2024\/06\/10\/jovem-promessa-do-futebol-comenta-sobre-a-copa-do-mundo-feminina-ser-realizada-no-brasil\/"},"author":{"name":"Tiago Lotto","@id":"https:\/\/universoesportivo.net\/#\/schema\/person\/62bc311bc7def56a6bc83711536e74bd"},"headline":"Jovem promessa do futebol comenta sobre a Copa do Mundo Feminina ser realizada no Brasil","datePublished":"2024-06-10T22:44:58+00:00","dateModified":"2024-06-10T22:46:29+00:00","mainEntityOfPage":{"@id":"https:\/\/universoesportivo.net\/index.php\/2024\/06\/10\/jovem-promessa-do-futebol-comenta-sobre-a-copa-do-mundo-feminina-ser-realizada-no-brasil\/"},"wordCount":381,"publisher":{"@id":"https:\/\/universoesportivo.net\/#organization"},"image":{"@id":"https:\/\/universoesportivo.net\/index.php\/2024\/06\/10\/jovem-promessa-do-futebol-comenta-sobre-a-copa-do-mundo-feminina-ser-realizada-no-brasil\/#primaryimage"},"thumbnailUrl":"https:\/\/universoesportivo.net\/wp-content\/uploads\/2024\/06\/lauaniok.jpg","articleSection":["ESPORTES","Futebol"],"inLanguage":"pt-BR"},{"@type":"WebPage","@id":"https:\/\/universoesportivo.net\/index.php\/2024\/06\/10\/jovem-promessa-do-futebol-comenta-sobre-a-copa-do-mundo-feminina-ser-realizada-no-brasil\/","url":"https:\/\/universoesportivo.net\/index.php\/2024\/06\/10\/jovem-promessa-do-futebol-comenta-sobre-a-copa-do-mundo-feminina-ser-realizada-no-brasil\/","name":"Jovem promessa do futebol comenta sobre a Copa do Mundo Feminina ser realizada no Brasil - Universo Esportivo","isPartOf":{"@id":"https:\/\/universoesportivo.net\/#website"},"primaryImageOfPage":{"@id":"https:\/\/universoesportivo.net\/index.php\/2024\/06\/10\/jovem-promessa-do-futebol-comenta-sobre-a-copa-do-mundo-feminina-ser-realizada-no-brasil\/#primaryimage"},"image":{"@id":"https:\/\/universoesportivo.net\/index.php\/2024\/06\/10\/jovem-promessa-do-futebol-comenta-sobre-a-copa-do-mundo-feminina-ser-realizada-no-brasil\/#primaryimage"},"thumbnailUrl":"https:\/\/universoesportivo.net\/wp-content\/uploads\/2024\/06\/lauaniok.jpg","datePublished":"2024-06-10T22:44:58+00:00","dateModified":"2024-06-10T22:46:29+00:00","breadcrumb":{"@id":"https:\/\/universoesportivo.net\/index.php\/2024\/06\/10\/jovem-promessa-do-futebol-comenta-sobre-a-copa-do-mundo-feminina-ser-realizada-no-brasil\/#breadcrumb"},"inLanguage":"pt-BR","potentialAction":[{"@type":"ReadAction","target":["https:\/\/universoesportivo.net\/index.php\/2024\/06\/10\/jovem-promessa-do-futebol-comenta-sobre-a-copa-do-mundo-feminina-ser-realizada-no-brasil\/"]}]},{"@type":"ImageObject","inLanguage":"pt-BR","@id":"https:\/\/universoesportivo.net\/index.php\/2024\/06\/10\/jovem-promessa-do-futebol-comenta-sobre-a-copa-do-mundo-feminina-ser-realizada-no-brasil\/#primaryimage","url":"https:\/\/universoesportivo.net\/wp-content\/uploads\/2024\/06\/lauaniok.jpg","contentUrl":"https:\/\/universoesportivo.net\/wp-content\/uploads\/2024\/06\/lauaniok.jpg","width":474,"height":294},{"@type":"BreadcrumbList","@id":"https:\/\/universoesportivo.net\/index.php\/2024\/06\/10\/jovem-promessa-do-futebol-comenta-sobre-a-copa-do-mundo-feminina-ser-realizada-no-brasil\/#breadcrumb","itemListElement":[{"@type":"ListItem","position":1,"name":"In\u00edcio","item":"https:\/\/universoesportivo.net\/"},{"@type":"ListItem","position":2,"name":"Jovem promessa do futebol comenta sobre a Copa do Mundo Feminina ser realizada no Brasil"}]},{"@type":"WebSite","@id":"https:\/\/universoesportivo.net\/#website","url":"https:\/\/universoesportivo.net\/","name":"Universo Esportivo","description":"O portal de todas as modalidades esportivas!","publisher":{"@id":"https:\/\/universoesportivo.net\/#organization"},"alternateName":"Jornalista Tiago Contador Lotto","potentialAction":[{"@type":"SearchAction","target":{"@type":"EntryPoint","urlTemplate":"https:\/\/universoesportivo.net\/?s={search_term_string}"},"query-input":{"@type":"PropertyValueSpecification","valueRequired":true,"valueName":"search_term_string"}}],"inLanguage":"pt-BR"},{"@type":"Organization","@id":"https:\/\/universoesportivo.net\/#organization","name":"Universo Esportivo","alternateName":"Tiago Lotto","url":"https:\/\/universoesportivo.net\/","logo":{"@type":"ImageObject","inLanguage":"pt-BR","@id":"https:\/\/universoesportivo.net\/#\/schema\/logo\/image\/","url":"https:\/\/universoesportivo.net\/wp-content\/uploads\/2024\/05\/cropped-cropped-universo-6.png","contentUrl":"https:\/\/universoesportivo.net\/wp-content\/uploads\/2024\/05\/cropped-cropped-universo-6.png","width":413,"height":295,"caption":"Universo Esportivo"},"image":{"@id":"https:\/\/universoesportivo.net\/#\/schema\/logo\/image\/"},"sameAs":["https:\/\/www.facebook.com\/universoesportivo.net"]},{"@type":"Person","@id":"https:\/\/universoesportivo.net\/#\/schema\/person\/62bc311bc7def56a6bc83711536e74bd","name":"Tiago Lotto","image":{"@type":"ImageObject","inLanguage":"pt-BR","@id":"https:\/\/secure.gravatar.com\/avatar\/fd6891125b3fb6ba0b794cd20c3398d5bb0fa20d2b9963a95f19470e5a6192f7?s=96&d=mm&r=g","url":"https:\/\/secure.gravatar.com\/avatar\/fd6891125b3fb6ba0b794cd20c3398d5bb0fa20d2b9963a95f19470e5a6192f7?s=96&d=mm&r=g","contentUrl":"https:\/\/secure.gravatar.com\/avatar\/fd6891125b3fb6ba0b794cd20c3398d5bb0fa20d2b9963a95f19470e5a6192f7?s=96&d=mm&r=g","caption":"Tiago Lotto"},"url":"https:\/\/universoesportivo.net\/index.php\/author\/tiago-lotto\/"}]}},"jetpack_featured_media_url":"https:\/\/universoesportivo.net\/wp-content\/uploads\/2024\/06\/lauaniok.jpg","_links":{"self":[{"href":"https:\/\/universoesportivo.net\/index.php\/wp-json\/wp\/v2\/posts\/1264","targetHints":{"allow":["GET"]}}],"collection":[{"href":"https:\/\/universoesportivo.net\/index.php\/wp-json\/wp\/v2\/posts"}],"about":[{"href":"https:\/\/universoesportivo.net\/index.php\/wp-json\/wp\/v2\/types\/post"}],"author":[{"embeddable":true,"href":"https:\/\/universoesportivo.net\/index.php\/wp-json\/wp\/v2\/users\/2"}],"replies":[{"embeddable":true,"href":"https:\/\/universoesportivo.net\/index.php\/wp-json\/wp\/v2\/comments?post=1264"}],"version-history":[{"count":2,"href":"https:\/\/universoesportivo.net\/index.php\/wp-json\/wp\/v2\/posts\/1264\/revisions"}],"predecessor-version":[{"id":1268,"href":"https:\/\/universoesportivo.net\/index.php\/wp-json\/wp\/v2\/posts\/1264\/revisions\/1268"}],"wp:featuredmedia":[{"embeddable":true,"href":"https:\/\/universoesportivo.net\/index.php\/wp-json\/wp\/v2\/media\/1265"}],"wp:attachment":[{"href":"https:\/\/universoesportivo.net\/index.php\/wp-json\/wp\/v2\/media?parent=1264"}],"wp:term":[{"taxonomy":"category","embeddable":true,"href":"https:\/\/universoesportivo.net\/index.php\/wp-json\/wp\/v2\/categories?post=1264"},{"taxonomy":"post_tag","embeddable":true,"href":"https:\/\/universoesportivo.net\/index.php\/wp-json\/wp\/v2\/tags?post=1264"}],"curies":[{"name":"wp","href":"https:\/\/api.w.org\/{rel}","templated":true}]}}