{"id":1293,"date":"2024-06-11T19:58:32","date_gmt":"2024-06-11T22:58:32","guid":{"rendered":"https:\/\/universoesportivo.net\/?p=1293"},"modified":"2024-06-11T20:11:58","modified_gmt":"2024-06-11T23:11:58","slug":"jovem-piloto-de-birigui-garante-participacao-na-disputa-por-uma-vaga-no-mundial-fia-karting","status":"publish","type":"post","link":"https:\/\/universoesportivo.net\/index.php\/2024\/06\/11\/jovem-piloto-de-birigui-garante-participacao-na-disputa-por-uma-vaga-no-mundial-fia-karting\/","title":{"rendered":"Jovem piloto de Birigui garante participa\u00e7\u00e3o na disputa por uma vaga no Mundial FIA Karting"},"content":{"rendered":"\n<p class=\"has-medium-font-size\">Um dos mais completos kart\u00f3dromos do mundo, o Speed Park, de Birigui, interior de S\u00e3o Paulo, recebeu na \u00faltima semana a 3\u00aa edi\u00e7\u00e3o do Trof\u00e9u Ayrton Senna, \u00fanico evento no kartismo dedicado a homenagear o tricampe\u00e3o da F\u00f3rmula 1.<\/p>\n\n\n\n<p class=\"has-medium-font-size\">Competindo \u201cem casa\u201d, o jovem piloto biriguiense de 13 anos, Leonardo Ramires (ITB Equipamentos El\u00e9tricos | Colormaq), foi destaque ao subir no p\u00f3dio e conquistar vaga em outra competi\u00e7\u00e3o de relev\u00e2ncia internacional.<\/p>\n\n\n\n<p class=\"has-medium-font-size\">Ramires, que reside em Birigui com sua fam\u00edlia, competiu em duas categorias. Na primeira, a F4 J\u00fanior, o piloto foi o 2\u00ba colocado na rodada de abertura do Circuito Paulista, competi\u00e7\u00e3o disputada de forma paralela ao Trof\u00e9u Ayrton Senna e baseada unicamente no resultado das duas primeiras provas, as classificat\u00f3rias.<\/p>\n\n\n\n<p class=\"has-medium-font-size\">Na Final da F4 J\u00fanior, largando em segundo por conta dos resultados obtidos nas classificat\u00f3rias, Ramires teve sens\u00edvel perda de rendimento, o que lhe impediu de lutar pela vit\u00f3ria e pelo t\u00edtulo e o fez terminar em s\u00e9timo.<\/p>\n\n\n\n<p class=\"has-medium-font-size\">Na OK J\u00fanior, que utiliza motores de 125cc, Leonardo Ramires buscava, al\u00e9m do bicampeonato no Trof\u00e9u Ayrton Senna, uma das quatro vagas dispon\u00edveis para disputar a Final da Regional Cup, evento que garantir\u00e1 a seu campe\u00e3o a participa\u00e7\u00e3o no Campeonato Mundial FIA Karting. A competi\u00e7\u00e3o ser\u00e1 em setembro, na Inglaterra.<\/p>\n\n\n\n<p class=\"has-medium-font-size\">Leonardo Ramires, campe\u00e3o em 2022 na Cadete, teve belo desempenho nas duas provas classificat\u00f3rias e, ap\u00f3s a soma dos pontos, garantiu um lugar na primeira fila do grid de largada da Final, na segunda posi\u00e7\u00e3o.<\/p>\n\n\n\n<p class=\"has-medium-font-size\">A corrida decisiva da OK J\u00fanior no Trof\u00e9u Ayrton Senna foi bastante acirrada e, ao fim de 17 voltas, o piloto de Birigui recebeu a bandeirada em terceiro.<\/p>\n\n\n\n<p class=\"has-medium-font-size\">Com o resultado, Leonardo Ramires garantiu sua participa\u00e7\u00e3o na Final da Regional Cup na Para\u00edba, no final de julho. O campe\u00e3o garente vaga no Campeonato Mundial com todas as despesas de inscri\u00e7\u00e3o e equipe custeadas pela Confedera\u00e7\u00e3o Brasileira de Automobilismo (CBA).<\/p>\n\n\n\n<p class=\"has-medium-font-size\">\u201cFiquei bastante feliz com minha participa\u00e7\u00e3o na OK J\u00fanior, pois estive sempre competitivo, subi no p\u00f3dio e em julho, na Para\u00edba, vou poder lutar pela vaga para disputar o Campeonato Mundial na Inglaterra\u201d, comentou o piloto.<\/p>\n\n\n\n<p class=\"has-medium-font-size\">Com informa\u00e7\u00f5es da KG COM &#8211; Erno Drehmer \/ Foto: Eni Alves<\/p>\n","protected":false},"excerpt":{"rendered":"<p>Leonardo Ramires, de 13 anos, garantiu participa\u00e7\u00e3o na Final da Regional Cup, na Para\u00edba, em julho. O campe\u00e3o garante vaga no Mundial, que ser\u00e1 na Inglaterra.<\/p>\n","protected":false},"author":2,"featured_media":1296,"comment_status":"closed","ping_status":"closed","sticky":false,"template":"","format":"standard","meta":{"colormag_page_container_layout":"default_layout","colormag_page_sidebar_layout":"default_layout","footnotes":""},"categories":[17,46],"tags":[],"class_list":["post-1293","post","type-post","status-publish","format-standard","has-post-thumbnail","hentry","category-esportes","category-kart"],"magazineBlocksPostFeaturedMedia":{"thumbnail":"https:\/\/universoesportivo.net\/wp-content\/uploads\/2024\/06\/eniclicaleoramires-150x150.jpg","medium":"https:\/\/universoesportivo.net\/wp-content\/uploads\/2024\/06\/eniclicaleoramires-300x200.jpg","medium_large":"https:\/\/universoesportivo.net\/wp-content\/uploads\/2024\/06\/eniclicaleoramires.jpg","large":"https:\/\/universoesportivo.net\/wp-content\/uploads\/2024\/06\/eniclicaleoramires.jpg","1536x1536":"https:\/\/universoesportivo.net\/wp-content\/uploads\/2024\/06\/eniclicaleoramires.jpg","2048x2048":"https:\/\/universoesportivo.net\/wp-content\/uploads\/2024\/06\/eniclicaleoramires.jpg","trp-custom-language-flag":"https:\/\/universoesportivo.net\/wp-content\/uploads\/2024\/06\/eniclicaleoramires-18x12.jpg","colormag-highlighted-post":"https:\/\/universoesportivo.net\/wp-content\/uploads\/2024\/06\/eniclicaleoramires-392x272.jpg","colormag-featured-post-medium":"https:\/\/universoesportivo.net\/wp-content\/uploads\/2024\/06\/eniclicaleoramires-390x205.jpg","colormag-featured-post-small":"https:\/\/universoesportivo.net\/wp-content\/uploads\/2024\/06\/eniclicaleoramires-130x90.jpg","colormag-featured-image":"https:\/\/universoesportivo.net\/wp-content\/uploads\/2024\/06\/eniclicaleoramires.jpg","colormag-default-news":"https:\/\/universoesportivo.net\/wp-content\/uploads\/2024\/06\/eniclicaleoramires-150x150.jpg","colormag-featured-image-large":"https:\/\/universoesportivo.net\/wp-content\/uploads\/2024\/06\/eniclicaleoramires.jpg","colormag-elementor-block-extra-large-thumbnail":"https:\/\/universoesportivo.net\/wp-content\/uploads\/2024\/06\/eniclicaleoramires.jpg","colormag-elementor-grid-large-thumbnail":"https:\/\/universoesportivo.net\/wp-content\/uploads\/2024\/06\/eniclicaleoramires.jpg","colormag-elementor-grid-small-thumbnail":"https:\/\/universoesportivo.net\/wp-content\/uploads\/2024\/06\/eniclicaleoramires-285x299.jpg","colormag-elementor-grid-medium-large-thumbnail":"https:\/\/universoesportivo.net\/wp-content\/uploads\/2024\/06\/eniclicaleoramires-448x198.jpg"},"magazineBlocksPostAuthor":{"name":"Tiago Lotto","avatar":"https:\/\/secure.gravatar.com\/avatar\/fd6891125b3fb6ba0b794cd20c3398d5bb0fa20d2b9963a95f19470e5a6192f7?s=96&d=mm&r=g"},"magazineBlocksPostCommentsNumber":false,"magazineBlocksPostExcerpt":"Leonardo Ramires, de 13 anos, garantiu participa\u00e7\u00e3o na Final da Regional Cup, na Para\u00edba, em julho. O campe\u00e3o garante vaga no Mundial, que ser\u00e1 na Inglaterra.","magazineBlocksPostCategories":["ESPORTES","Kart"],"magazineBlocksPostViewCount":34,"magazineBlocksPostReadTime":2,"magazine_blocks_featured_image_url":{"full":["https:\/\/universoesportivo.net\/wp-content\/uploads\/2024\/06\/eniclicaleoramires.jpg",448,299,false],"medium":["https:\/\/universoesportivo.net\/wp-content\/uploads\/2024\/06\/eniclicaleoramires-300x200.jpg",300,200,true],"thumbnail":["https:\/\/universoesportivo.net\/wp-content\/uploads\/2024\/06\/eniclicaleoramires-150x150.jpg",150,150,true]},"magazine_blocks_author":{"display_name":"Tiago Lotto","author_link":"https:\/\/universoesportivo.net\/index.php\/author\/tiago-lotto\/"},"magazine_blocks_comment":0,"magazine_blocks_author_image":"https:\/\/secure.gravatar.com\/avatar\/fd6891125b3fb6ba0b794cd20c3398d5bb0fa20d2b9963a95f19470e5a6192f7?s=96&d=mm&r=g","magazine_blocks_category":"<a href=\"#\" class=\"category-link category-link-17\">ESPORTES<\/a> <a href=\"#\" class=\"category-link category-link-46\">Kart<\/a>","yoast_head":"<!-- This site is optimized with the Yoast SEO plugin v27.4 - https:\/\/yoast.com\/product\/yoast-seo-wordpress\/ -->\n<title>Jovem piloto de Birigui garante participa\u00e7\u00e3o na disputa por uma vaga no Mundial FIA Karting - Universo Esportivo<\/title>\n<meta name=\"robots\" content=\"index, follow, max-snippet:-1, max-image-preview:large, max-video-preview:-1\" \/>\n<link rel=\"canonical\" href=\"https:\/\/universoesportivo.net\/index.php\/2024\/06\/11\/jovem-piloto-de-birigui-garante-participacao-na-disputa-por-uma-vaga-no-mundial-fia-karting\/\" \/>\n<meta property=\"og:locale\" content=\"pt_BR\" \/>\n<meta property=\"og:type\" content=\"article\" \/>\n<meta property=\"og:title\" content=\"Jovem piloto de Birigui garante participa\u00e7\u00e3o na disputa por uma vaga no Mundial FIA Karting - Universo Esportivo\" \/>\n<meta property=\"og:description\" content=\"Leonardo Ramires, de 13 anos, garantiu participa\u00e7\u00e3o na Final da Regional Cup, na Para\u00edba, em julho. O campe\u00e3o garante vaga no Mundial, que ser\u00e1 na Inglaterra.\" \/>\n<meta property=\"og:url\" content=\"https:\/\/universoesportivo.net\/index.php\/2024\/06\/11\/jovem-piloto-de-birigui-garante-participacao-na-disputa-por-uma-vaga-no-mundial-fia-karting\/\" \/>\n<meta property=\"og:site_name\" content=\"Universo Esportivo\" \/>\n<meta property=\"article:publisher\" content=\"https:\/\/www.facebook.com\/universoesportivo.net\" \/>\n<meta property=\"article:published_time\" content=\"2024-06-11T22:58:32+00:00\" \/>\n<meta property=\"article:modified_time\" content=\"2024-06-11T23:11:58+00:00\" \/>\n<meta property=\"og:image\" content=\"https:\/\/universoesportivo.net\/wp-content\/uploads\/2024\/06\/eniclicaleoramires.jpg\" \/>\n\t<meta property=\"og:image:width\" content=\"448\" \/>\n\t<meta property=\"og:image:height\" content=\"299\" \/>\n\t<meta property=\"og:image:type\" content=\"image\/jpeg\" \/>\n<meta name=\"author\" content=\"Tiago Lotto\" \/>\n<meta name=\"twitter:card\" content=\"summary_large_image\" \/>\n<meta name=\"twitter:label1\" content=\"Escrito por\" \/>\n\t<meta name=\"twitter:data1\" content=\"Tiago Lotto\" \/>\n\t<meta name=\"twitter:label2\" content=\"Est. tempo de leitura\" \/>\n\t<meta name=\"twitter:data2\" content=\"3 minutos\" \/>\n<script type=\"application\/ld+json\" class=\"yoast-schema-graph\">{\"@context\":\"https:\\\/\\\/schema.org\",\"@graph\":[{\"@type\":\"Article\",\"@id\":\"https:\\\/\\\/universoesportivo.net\\\/index.php\\\/2024\\\/06\\\/11\\\/jovem-piloto-de-birigui-garante-participacao-na-disputa-por-uma-vaga-no-mundial-fia-karting\\\/#article\",\"isPartOf\":{\"@id\":\"https:\\\/\\\/universoesportivo.net\\\/index.php\\\/2024\\\/06\\\/11\\\/jovem-piloto-de-birigui-garante-participacao-na-disputa-por-uma-vaga-no-mundial-fia-karting\\\/\"},\"author\":{\"name\":\"Tiago Lotto\",\"@id\":\"https:\\\/\\\/universoesportivo.net\\\/#\\\/schema\\\/person\\\/62bc311bc7def56a6bc83711536e74bd\"},\"headline\":\"Jovem piloto de Birigui garante participa\u00e7\u00e3o na disputa por uma vaga no Mundial FIA Karting\",\"datePublished\":\"2024-06-11T22:58:32+00:00\",\"dateModified\":\"2024-06-11T23:11:58+00:00\",\"mainEntityOfPage\":{\"@id\":\"https:\\\/\\\/universoesportivo.net\\\/index.php\\\/2024\\\/06\\\/11\\\/jovem-piloto-de-birigui-garante-participacao-na-disputa-por-uma-vaga-no-mundial-fia-karting\\\/\"},\"wordCount\":413,\"publisher\":{\"@id\":\"https:\\\/\\\/universoesportivo.net\\\/#organization\"},\"image\":{\"@id\":\"https:\\\/\\\/universoesportivo.net\\\/index.php\\\/2024\\\/06\\\/11\\\/jovem-piloto-de-birigui-garante-participacao-na-disputa-por-uma-vaga-no-mundial-fia-karting\\\/#primaryimage\"},\"thumbnailUrl\":\"https:\\\/\\\/universoesportivo.net\\\/wp-content\\\/uploads\\\/2024\\\/06\\\/eniclicaleoramires.jpg\",\"articleSection\":[\"ESPORTES\",\"Kart\"],\"inLanguage\":\"pt-BR\"},{\"@type\":\"WebPage\",\"@id\":\"https:\\\/\\\/universoesportivo.net\\\/index.php\\\/2024\\\/06\\\/11\\\/jovem-piloto-de-birigui-garante-participacao-na-disputa-por-uma-vaga-no-mundial-fia-karting\\\/\",\"url\":\"https:\\\/\\\/universoesportivo.net\\\/index.php\\\/2024\\\/06\\\/11\\\/jovem-piloto-de-birigui-garante-participacao-na-disputa-por-uma-vaga-no-mundial-fia-karting\\\/\",\"name\":\"Jovem piloto de Birigui garante participa\u00e7\u00e3o na disputa por uma vaga no Mundial FIA Karting - Universo Esportivo\",\"isPartOf\":{\"@id\":\"https:\\\/\\\/universoesportivo.net\\\/#website\"},\"primaryImageOfPage\":{\"@id\":\"https:\\\/\\\/universoesportivo.net\\\/index.php\\\/2024\\\/06\\\/11\\\/jovem-piloto-de-birigui-garante-participacao-na-disputa-por-uma-vaga-no-mundial-fia-karting\\\/#primaryimage\"},\"image\":{\"@id\":\"https:\\\/\\\/universoesportivo.net\\\/index.php\\\/2024\\\/06\\\/11\\\/jovem-piloto-de-birigui-garante-participacao-na-disputa-por-uma-vaga-no-mundial-fia-karting\\\/#primaryimage\"},\"thumbnailUrl\":\"https:\\\/\\\/universoesportivo.net\\\/wp-content\\\/uploads\\\/2024\\\/06\\\/eniclicaleoramires.jpg\",\"datePublished\":\"2024-06-11T22:58:32+00:00\",\"dateModified\":\"2024-06-11T23:11:58+00:00\",\"breadcrumb\":{\"@id\":\"https:\\\/\\\/universoesportivo.net\\\/index.php\\\/2024\\\/06\\\/11\\\/jovem-piloto-de-birigui-garante-participacao-na-disputa-por-uma-vaga-no-mundial-fia-karting\\\/#breadcrumb\"},\"inLanguage\":\"pt-BR\",\"potentialAction\":[{\"@type\":\"ReadAction\",\"target\":[\"https:\\\/\\\/universoesportivo.net\\\/index.php\\\/2024\\\/06\\\/11\\\/jovem-piloto-de-birigui-garante-participacao-na-disputa-por-uma-vaga-no-mundial-fia-karting\\\/\"]}]},{\"@type\":\"ImageObject\",\"inLanguage\":\"pt-BR\",\"@id\":\"https:\\\/\\\/universoesportivo.net\\\/index.php\\\/2024\\\/06\\\/11\\\/jovem-piloto-de-birigui-garante-participacao-na-disputa-por-uma-vaga-no-mundial-fia-karting\\\/#primaryimage\",\"url\":\"https:\\\/\\\/universoesportivo.net\\\/wp-content\\\/uploads\\\/2024\\\/06\\\/eniclicaleoramires.jpg\",\"contentUrl\":\"https:\\\/\\\/universoesportivo.net\\\/wp-content\\\/uploads\\\/2024\\\/06\\\/eniclicaleoramires.jpg\",\"width\":448,\"height\":299},{\"@type\":\"BreadcrumbList\",\"@id\":\"https:\\\/\\\/universoesportivo.net\\\/index.php\\\/2024\\\/06\\\/11\\\/jovem-piloto-de-birigui-garante-participacao-na-disputa-por-uma-vaga-no-mundial-fia-karting\\\/#breadcrumb\",\"itemListElement\":[{\"@type\":\"ListItem\",\"position\":1,\"name\":\"In\u00edcio\",\"item\":\"https:\\\/\\\/universoesportivo.net\\\/\"},{\"@type\":\"ListItem\",\"position\":2,\"name\":\"Jovem piloto de Birigui garante participa\u00e7\u00e3o na disputa por uma vaga no Mundial FIA Karting\"}]},{\"@type\":\"WebSite\",\"@id\":\"https:\\\/\\\/universoesportivo.net\\\/#website\",\"url\":\"https:\\\/\\\/universoesportivo.net\\\/\",\"name\":\"Universo Esportivo\",\"description\":\"O portal de todas as modalidades esportivas!\",\"publisher\":{\"@id\":\"https:\\\/\\\/universoesportivo.net\\\/#organization\"},\"alternateName\":\"Jornalista Tiago Contador Lotto\",\"potentialAction\":[{\"@type\":\"SearchAction\",\"target\":{\"@type\":\"EntryPoint\",\"urlTemplate\":\"https:\\\/\\\/universoesportivo.net\\\/?s={search_term_string}\"},\"query-input\":{\"@type\":\"PropertyValueSpecification\",\"valueRequired\":true,\"valueName\":\"search_term_string\"}}],\"inLanguage\":\"pt-BR\"},{\"@type\":\"Organization\",\"@id\":\"https:\\\/\\\/universoesportivo.net\\\/#organization\",\"name\":\"Universo Esportivo\",\"alternateName\":\"Tiago Lotto\",\"url\":\"https:\\\/\\\/universoesportivo.net\\\/\",\"logo\":{\"@type\":\"ImageObject\",\"inLanguage\":\"pt-BR\",\"@id\":\"https:\\\/\\\/universoesportivo.net\\\/#\\\/schema\\\/logo\\\/image\\\/\",\"url\":\"https:\\\/\\\/universoesportivo.net\\\/wp-content\\\/uploads\\\/2024\\\/05\\\/cropped-cropped-universo-6.png\",\"contentUrl\":\"https:\\\/\\\/universoesportivo.net\\\/wp-content\\\/uploads\\\/2024\\\/05\\\/cropped-cropped-universo-6.png\",\"width\":413,\"height\":295,\"caption\":\"Universo Esportivo\"},\"image\":{\"@id\":\"https:\\\/\\\/universoesportivo.net\\\/#\\\/schema\\\/logo\\\/image\\\/\"},\"sameAs\":[\"https:\\\/\\\/www.facebook.com\\\/universoesportivo.net\"]},{\"@type\":\"Person\",\"@id\":\"https:\\\/\\\/universoesportivo.net\\\/#\\\/schema\\\/person\\\/62bc311bc7def56a6bc83711536e74bd\",\"name\":\"Tiago Lotto\",\"image\":{\"@type\":\"ImageObject\",\"inLanguage\":\"pt-BR\",\"@id\":\"https:\\\/\\\/secure.gravatar.com\\\/avatar\\\/fd6891125b3fb6ba0b794cd20c3398d5bb0fa20d2b9963a95f19470e5a6192f7?s=96&d=mm&r=g\",\"url\":\"https:\\\/\\\/secure.gravatar.com\\\/avatar\\\/fd6891125b3fb6ba0b794cd20c3398d5bb0fa20d2b9963a95f19470e5a6192f7?s=96&d=mm&r=g\",\"contentUrl\":\"https:\\\/\\\/secure.gravatar.com\\\/avatar\\\/fd6891125b3fb6ba0b794cd20c3398d5bb0fa20d2b9963a95f19470e5a6192f7?s=96&d=mm&r=g\",\"caption\":\"Tiago Lotto\"},\"url\":\"https:\\\/\\\/universoesportivo.net\\\/index.php\\\/author\\\/tiago-lotto\\\/\"}]}<\/script>\n<!-- \/ Yoast SEO plugin. -->","yoast_head_json":{"title":"Jovem piloto de Birigui garante participa\u00e7\u00e3o na disputa por uma vaga no Mundial FIA Karting - Universo Esportivo","robots":{"index":"index","follow":"follow","max-snippet":"max-snippet:-1","max-image-preview":"max-image-preview:large","max-video-preview":"max-video-preview:-1"},"canonical":"https:\/\/universoesportivo.net\/index.php\/2024\/06\/11\/jovem-piloto-de-birigui-garante-participacao-na-disputa-por-uma-vaga-no-mundial-fia-karting\/","og_locale":"pt_BR","og_type":"article","og_title":"Jovem piloto de Birigui garante participa\u00e7\u00e3o na disputa por uma vaga no Mundial FIA Karting - Universo Esportivo","og_description":"Leonardo Ramires, de 13 anos, garantiu participa\u00e7\u00e3o na Final da Regional Cup, na Para\u00edba, em julho. O campe\u00e3o garante vaga no Mundial, que ser\u00e1 na Inglaterra.","og_url":"https:\/\/universoesportivo.net\/index.php\/2024\/06\/11\/jovem-piloto-de-birigui-garante-participacao-na-disputa-por-uma-vaga-no-mundial-fia-karting\/","og_site_name":"Universo Esportivo","article_publisher":"https:\/\/www.facebook.com\/universoesportivo.net","article_published_time":"2024-06-11T22:58:32+00:00","article_modified_time":"2024-06-11T23:11:58+00:00","og_image":[{"width":448,"height":299,"url":"https:\/\/universoesportivo.net\/wp-content\/uploads\/2024\/06\/eniclicaleoramires.jpg","type":"image\/jpeg"}],"author":"Tiago Lotto","twitter_card":"summary_large_image","twitter_misc":{"Escrito por":"Tiago Lotto","Est. tempo de leitura":"3 minutos"},"schema":{"@context":"https:\/\/schema.org","@graph":[{"@type":"Article","@id":"https:\/\/universoesportivo.net\/index.php\/2024\/06\/11\/jovem-piloto-de-birigui-garante-participacao-na-disputa-por-uma-vaga-no-mundial-fia-karting\/#article","isPartOf":{"@id":"https:\/\/universoesportivo.net\/index.php\/2024\/06\/11\/jovem-piloto-de-birigui-garante-participacao-na-disputa-por-uma-vaga-no-mundial-fia-karting\/"},"author":{"name":"Tiago Lotto","@id":"https:\/\/universoesportivo.net\/#\/schema\/person\/62bc311bc7def56a6bc83711536e74bd"},"headline":"Jovem piloto de Birigui garante participa\u00e7\u00e3o na disputa por uma vaga no Mundial FIA Karting","datePublished":"2024-06-11T22:58:32+00:00","dateModified":"2024-06-11T23:11:58+00:00","mainEntityOfPage":{"@id":"https:\/\/universoesportivo.net\/index.php\/2024\/06\/11\/jovem-piloto-de-birigui-garante-participacao-na-disputa-por-uma-vaga-no-mundial-fia-karting\/"},"wordCount":413,"publisher":{"@id":"https:\/\/universoesportivo.net\/#organization"},"image":{"@id":"https:\/\/universoesportivo.net\/index.php\/2024\/06\/11\/jovem-piloto-de-birigui-garante-participacao-na-disputa-por-uma-vaga-no-mundial-fia-karting\/#primaryimage"},"thumbnailUrl":"https:\/\/universoesportivo.net\/wp-content\/uploads\/2024\/06\/eniclicaleoramires.jpg","articleSection":["ESPORTES","Kart"],"inLanguage":"pt-BR"},{"@type":"WebPage","@id":"https:\/\/universoesportivo.net\/index.php\/2024\/06\/11\/jovem-piloto-de-birigui-garante-participacao-na-disputa-por-uma-vaga-no-mundial-fia-karting\/","url":"https:\/\/universoesportivo.net\/index.php\/2024\/06\/11\/jovem-piloto-de-birigui-garante-participacao-na-disputa-por-uma-vaga-no-mundial-fia-karting\/","name":"Jovem piloto de Birigui garante participa\u00e7\u00e3o na disputa por uma vaga no Mundial FIA Karting - Universo Esportivo","isPartOf":{"@id":"https:\/\/universoesportivo.net\/#website"},"primaryImageOfPage":{"@id":"https:\/\/universoesportivo.net\/index.php\/2024\/06\/11\/jovem-piloto-de-birigui-garante-participacao-na-disputa-por-uma-vaga-no-mundial-fia-karting\/#primaryimage"},"image":{"@id":"https:\/\/universoesportivo.net\/index.php\/2024\/06\/11\/jovem-piloto-de-birigui-garante-participacao-na-disputa-por-uma-vaga-no-mundial-fia-karting\/#primaryimage"},"thumbnailUrl":"https:\/\/universoesportivo.net\/wp-content\/uploads\/2024\/06\/eniclicaleoramires.jpg","datePublished":"2024-06-11T22:58:32+00:00","dateModified":"2024-06-11T23:11:58+00:00","breadcrumb":{"@id":"https:\/\/universoesportivo.net\/index.php\/2024\/06\/11\/jovem-piloto-de-birigui-garante-participacao-na-disputa-por-uma-vaga-no-mundial-fia-karting\/#breadcrumb"},"inLanguage":"pt-BR","potentialAction":[{"@type":"ReadAction","target":["https:\/\/universoesportivo.net\/index.php\/2024\/06\/11\/jovem-piloto-de-birigui-garante-participacao-na-disputa-por-uma-vaga-no-mundial-fia-karting\/"]}]},{"@type":"ImageObject","inLanguage":"pt-BR","@id":"https:\/\/universoesportivo.net\/index.php\/2024\/06\/11\/jovem-piloto-de-birigui-garante-participacao-na-disputa-por-uma-vaga-no-mundial-fia-karting\/#primaryimage","url":"https:\/\/universoesportivo.net\/wp-content\/uploads\/2024\/06\/eniclicaleoramires.jpg","contentUrl":"https:\/\/universoesportivo.net\/wp-content\/uploads\/2024\/06\/eniclicaleoramires.jpg","width":448,"height":299},{"@type":"BreadcrumbList","@id":"https:\/\/universoesportivo.net\/index.php\/2024\/06\/11\/jovem-piloto-de-birigui-garante-participacao-na-disputa-por-uma-vaga-no-mundial-fia-karting\/#breadcrumb","itemListElement":[{"@type":"ListItem","position":1,"name":"In\u00edcio","item":"https:\/\/universoesportivo.net\/"},{"@type":"ListItem","position":2,"name":"Jovem piloto de Birigui garante participa\u00e7\u00e3o na disputa por uma vaga no Mundial FIA Karting"}]},{"@type":"WebSite","@id":"https:\/\/universoesportivo.net\/#website","url":"https:\/\/universoesportivo.net\/","name":"Universo Esportivo","description":"O portal de todas as modalidades esportivas!","publisher":{"@id":"https:\/\/universoesportivo.net\/#organization"},"alternateName":"Jornalista Tiago Contador Lotto","potentialAction":[{"@type":"SearchAction","target":{"@type":"EntryPoint","urlTemplate":"https:\/\/universoesportivo.net\/?s={search_term_string}"},"query-input":{"@type":"PropertyValueSpecification","valueRequired":true,"valueName":"search_term_string"}}],"inLanguage":"pt-BR"},{"@type":"Organization","@id":"https:\/\/universoesportivo.net\/#organization","name":"Universo Esportivo","alternateName":"Tiago Lotto","url":"https:\/\/universoesportivo.net\/","logo":{"@type":"ImageObject","inLanguage":"pt-BR","@id":"https:\/\/universoesportivo.net\/#\/schema\/logo\/image\/","url":"https:\/\/universoesportivo.net\/wp-content\/uploads\/2024\/05\/cropped-cropped-universo-6.png","contentUrl":"https:\/\/universoesportivo.net\/wp-content\/uploads\/2024\/05\/cropped-cropped-universo-6.png","width":413,"height":295,"caption":"Universo Esportivo"},"image":{"@id":"https:\/\/universoesportivo.net\/#\/schema\/logo\/image\/"},"sameAs":["https:\/\/www.facebook.com\/universoesportivo.net"]},{"@type":"Person","@id":"https:\/\/universoesportivo.net\/#\/schema\/person\/62bc311bc7def56a6bc83711536e74bd","name":"Tiago Lotto","image":{"@type":"ImageObject","inLanguage":"pt-BR","@id":"https:\/\/secure.gravatar.com\/avatar\/fd6891125b3fb6ba0b794cd20c3398d5bb0fa20d2b9963a95f19470e5a6192f7?s=96&d=mm&r=g","url":"https:\/\/secure.gravatar.com\/avatar\/fd6891125b3fb6ba0b794cd20c3398d5bb0fa20d2b9963a95f19470e5a6192f7?s=96&d=mm&r=g","contentUrl":"https:\/\/secure.gravatar.com\/avatar\/fd6891125b3fb6ba0b794cd20c3398d5bb0fa20d2b9963a95f19470e5a6192f7?s=96&d=mm&r=g","caption":"Tiago Lotto"},"url":"https:\/\/universoesportivo.net\/index.php\/author\/tiago-lotto\/"}]}},"jetpack_featured_media_url":"https:\/\/universoesportivo.net\/wp-content\/uploads\/2024\/06\/eniclicaleoramires.jpg","_links":{"self":[{"href":"https:\/\/universoesportivo.net\/index.php\/wp-json\/wp\/v2\/posts\/1293","targetHints":{"allow":["GET"]}}],"collection":[{"href":"https:\/\/universoesportivo.net\/index.php\/wp-json\/wp\/v2\/posts"}],"about":[{"href":"https:\/\/universoesportivo.net\/index.php\/wp-json\/wp\/v2\/types\/post"}],"author":[{"embeddable":true,"href":"https:\/\/universoesportivo.net\/index.php\/wp-json\/wp\/v2\/users\/2"}],"replies":[{"embeddable":true,"href":"https:\/\/universoesportivo.net\/index.php\/wp-json\/wp\/v2\/comments?post=1293"}],"version-history":[{"count":2,"href":"https:\/\/universoesportivo.net\/index.php\/wp-json\/wp\/v2\/posts\/1293\/revisions"}],"predecessor-version":[{"id":1297,"href":"https:\/\/universoesportivo.net\/index.php\/wp-json\/wp\/v2\/posts\/1293\/revisions\/1297"}],"wp:featuredmedia":[{"embeddable":true,"href":"https:\/\/universoesportivo.net\/index.php\/wp-json\/wp\/v2\/media\/1296"}],"wp:attachment":[{"href":"https:\/\/universoesportivo.net\/index.php\/wp-json\/wp\/v2\/media?parent=1293"}],"wp:term":[{"taxonomy":"category","embeddable":true,"href":"https:\/\/universoesportivo.net\/index.php\/wp-json\/wp\/v2\/categories?post=1293"},{"taxonomy":"post_tag","embeddable":true,"href":"https:\/\/universoesportivo.net\/index.php\/wp-json\/wp\/v2\/tags?post=1293"}],"curies":[{"name":"wp","href":"https:\/\/api.w.org\/{rel}","templated":true}]}}