{"id":1306,"date":"2024-06-13T20:48:03","date_gmt":"2024-06-13T23:48:03","guid":{"rendered":"https:\/\/universoesportivo.net\/?p=1306"},"modified":"2024-06-13T20:48:04","modified_gmt":"2024-06-13T23:48:04","slug":"vice-campea-da-a4-francana-estreia-na-copa-paulista-neste-domingo-contra-o-monte-azul","status":"publish","type":"post","link":"https:\/\/universoesportivo.net\/index.php\/2024\/06\/13\/vice-campea-da-a4-francana-estreia-na-copa-paulista-neste-domingo-contra-o-monte-azul\/","title":{"rendered":"Vice-campe\u00e3 da A4, Francana estreia na Copa Paulista neste domingo, contra o Monte Azul"},"content":{"rendered":"\n<p class=\"has-medium-font-size\">A Associa\u00e7\u00e3o Atl\u00e9tica Francana estreia na Copa Paulista Sicred 2024 neste domingo, dia 16 de junho, \u00e0s 15h, contra o Atl\u00e9tico Monte Azul. O jogo ser\u00e1 na cada do advers\u00e1rio, na cidade de Monte Azul Paulista, e ser\u00e1 transmitido pelo YouTube, no canal Futebol Paulista.<\/p>\n\n\n\n<p class=\"has-medium-font-size\">O time de Franca est\u00e1 no Grupo 2, que al\u00e9m do Monte Azul conta com as equipes do Comercial, do Botafogo e do Barretos. Na segunda rodada, dia 23 de junho (domingo), a Francana recebe o Barretos, \u00e0s 10h30. No mesmo dia, tamb\u00e9m pela segunda rodada, o Monte Azul vai at\u00e9 Ribeir\u00e3o Preto, onde joga contra o Botafogo, \u00e0s 10h.<\/p>\n\n\n\n<p class=\"has-medium-font-size\">Vice-campe\u00e3 do Paulist\u00e3o S\u00e9rie A-4 deste ano, a Francana garantiu vaga para disputar a S\u00e9rie A-3 de 2025. V\u00e1rios atletas que conquistaram o acesso seguem no time, entre eles o volante Jo\u00e3o Pedro, capit\u00e3o da equipe comandada pelo t\u00e9cnico Wantuil Rodrigues.<\/p>\n\n\n\n<p class=\"has-medium-font-size\">Texto: Tiago Lotto \/ Foto: Assessoria da Francana<\/p>\n","protected":false},"excerpt":{"rendered":"<p>O time da cidade de Franca est\u00e1 no Grupo 2, que al\u00e9m do Monte Azul conta com as equipes do Comercial, do Botafogo e do Barretos. <\/p>\n","protected":false},"author":2,"featured_media":1307,"comment_status":"closed","ping_status":"closed","sticky":false,"template":"","format":"standard","meta":{"colormag_page_container_layout":"default_layout","colormag_page_sidebar_layout":"default_layout","footnotes":""},"categories":[17,43],"tags":[],"class_list":["post-1306","post","type-post","status-publish","format-standard","has-post-thumbnail","hentry","category-esportes","category-futebol"],"magazineBlocksPostFeaturedMedia":{"thumbnail":"https:\/\/universoesportivo.net\/wp-content\/uploads\/2024\/06\/francanatimeok-150x150.jpg","medium":"https:\/\/universoesportivo.net\/wp-content\/uploads\/2024\/06\/francanatimeok-300x197.jpg","medium_large":"https:\/\/universoesportivo.net\/wp-content\/uploads\/2024\/06\/francanatimeok.jpg","large":"https:\/\/universoesportivo.net\/wp-content\/uploads\/2024\/06\/francanatimeok.jpg","1536x1536":"https:\/\/universoesportivo.net\/wp-content\/uploads\/2024\/06\/francanatimeok.jpg","2048x2048":"https:\/\/universoesportivo.net\/wp-content\/uploads\/2024\/06\/francanatimeok.jpg","trp-custom-language-flag":"https:\/\/universoesportivo.net\/wp-content\/uploads\/2024\/06\/francanatimeok-18x12.jpg","colormag-highlighted-post":"https:\/\/universoesportivo.net\/wp-content\/uploads\/2024\/06\/francanatimeok-392x272.jpg","colormag-featured-post-medium":"https:\/\/universoesportivo.net\/wp-content\/uploads\/2024\/06\/francanatimeok-390x205.jpg","colormag-featured-post-small":"https:\/\/universoesportivo.net\/wp-content\/uploads\/2024\/06\/francanatimeok-130x90.jpg","colormag-featured-image":"https:\/\/universoesportivo.net\/wp-content\/uploads\/2024\/06\/francanatimeok.jpg","colormag-default-news":"https:\/\/universoesportivo.net\/wp-content\/uploads\/2024\/06\/francanatimeok-150x150.jpg","colormag-featured-image-large":"https:\/\/universoesportivo.net\/wp-content\/uploads\/2024\/06\/francanatimeok.jpg","colormag-elementor-block-extra-large-thumbnail":"https:\/\/universoesportivo.net\/wp-content\/uploads\/2024\/06\/francanatimeok.jpg","colormag-elementor-grid-large-thumbnail":"https:\/\/universoesportivo.net\/wp-content\/uploads\/2024\/06\/francanatimeok.jpg","colormag-elementor-grid-small-thumbnail":"https:\/\/universoesportivo.net\/wp-content\/uploads\/2024\/06\/francanatimeok-285x307.jpg","colormag-elementor-grid-medium-large-thumbnail":"https:\/\/universoesportivo.net\/wp-content\/uploads\/2024\/06\/francanatimeok-468x198.jpg"},"magazineBlocksPostAuthor":{"name":"Tiago Lotto","avatar":"https:\/\/secure.gravatar.com\/avatar\/fd6891125b3fb6ba0b794cd20c3398d5bb0fa20d2b9963a95f19470e5a6192f7?s=96&d=mm&r=g"},"magazineBlocksPostCommentsNumber":false,"magazineBlocksPostExcerpt":"O time da cidade de Franca est\u00e1 no Grupo 2, que al\u00e9m do Monte Azul conta com as equipes do Comercial, do Botafogo e do Barretos. ","magazineBlocksPostCategories":["ESPORTES","Futebol"],"magazineBlocksPostViewCount":32,"magazineBlocksPostReadTime":1,"magazine_blocks_featured_image_url":{"full":["https:\/\/universoesportivo.net\/wp-content\/uploads\/2024\/06\/francanatimeok.jpg",468,307,false],"medium":["https:\/\/universoesportivo.net\/wp-content\/uploads\/2024\/06\/francanatimeok-300x197.jpg",300,197,true],"thumbnail":["https:\/\/universoesportivo.net\/wp-content\/uploads\/2024\/06\/francanatimeok-150x150.jpg",150,150,true]},"magazine_blocks_author":{"display_name":"Tiago Lotto","author_link":"https:\/\/universoesportivo.net\/index.php\/author\/tiago-lotto\/"},"magazine_blocks_comment":0,"magazine_blocks_author_image":"https:\/\/secure.gravatar.com\/avatar\/fd6891125b3fb6ba0b794cd20c3398d5bb0fa20d2b9963a95f19470e5a6192f7?s=96&d=mm&r=g","magazine_blocks_category":"<a href=\"#\" class=\"category-link category-link-17\">ESPORTES<\/a> <a href=\"#\" class=\"category-link category-link-43\">Futebol<\/a>","yoast_head":"<!-- This site is optimized with the Yoast SEO plugin v27.4 - https:\/\/yoast.com\/product\/yoast-seo-wordpress\/ -->\n<title>Vice-campe\u00e3 da A4, Francana estreia na Copa Paulista neste domingo, contra o Monte Azul - Universo Esportivo<\/title>\n<meta name=\"robots\" content=\"index, follow, max-snippet:-1, max-image-preview:large, max-video-preview:-1\" \/>\n<link rel=\"canonical\" href=\"https:\/\/universoesportivo.net\/index.php\/2024\/06\/13\/vice-campea-da-a4-francana-estreia-na-copa-paulista-neste-domingo-contra-o-monte-azul\/\" \/>\n<meta property=\"og:locale\" content=\"pt_BR\" \/>\n<meta property=\"og:type\" content=\"article\" \/>\n<meta property=\"og:title\" content=\"Vice-campe\u00e3 da A4, Francana estreia na Copa Paulista neste domingo, contra o Monte Azul - Universo Esportivo\" \/>\n<meta property=\"og:description\" content=\"O time da cidade de Franca est\u00e1 no Grupo 2, que al\u00e9m do Monte Azul conta com as equipes do Comercial, do Botafogo e do Barretos.\" \/>\n<meta property=\"og:url\" content=\"https:\/\/universoesportivo.net\/index.php\/2024\/06\/13\/vice-campea-da-a4-francana-estreia-na-copa-paulista-neste-domingo-contra-o-monte-azul\/\" \/>\n<meta property=\"og:site_name\" content=\"Universo Esportivo\" \/>\n<meta property=\"article:publisher\" content=\"https:\/\/www.facebook.com\/universoesportivo.net\" \/>\n<meta property=\"article:published_time\" content=\"2024-06-13T23:48:03+00:00\" \/>\n<meta property=\"article:modified_time\" content=\"2024-06-13T23:48:04+00:00\" \/>\n<meta property=\"og:image\" content=\"https:\/\/universoesportivo.net\/wp-content\/uploads\/2024\/06\/francanatimeok.jpg\" \/>\n\t<meta property=\"og:image:width\" content=\"468\" \/>\n\t<meta property=\"og:image:height\" content=\"307\" \/>\n\t<meta property=\"og:image:type\" content=\"image\/jpeg\" \/>\n<meta name=\"author\" content=\"Tiago Lotto\" \/>\n<meta name=\"twitter:card\" content=\"summary_large_image\" \/>\n<meta name=\"twitter:label1\" content=\"Escrito por\" \/>\n\t<meta name=\"twitter:data1\" content=\"Tiago Lotto\" \/>\n\t<meta name=\"twitter:label2\" content=\"Est. tempo de leitura\" \/>\n\t<meta name=\"twitter:data2\" content=\"2 minutos\" \/>\n<script type=\"application\/ld+json\" class=\"yoast-schema-graph\">{\"@context\":\"https:\\\/\\\/schema.org\",\"@graph\":[{\"@type\":\"Article\",\"@id\":\"https:\\\/\\\/universoesportivo.net\\\/index.php\\\/2024\\\/06\\\/13\\\/vice-campea-da-a4-francana-estreia-na-copa-paulista-neste-domingo-contra-o-monte-azul\\\/#article\",\"isPartOf\":{\"@id\":\"https:\\\/\\\/universoesportivo.net\\\/index.php\\\/2024\\\/06\\\/13\\\/vice-campea-da-a4-francana-estreia-na-copa-paulista-neste-domingo-contra-o-monte-azul\\\/\"},\"author\":{\"name\":\"Tiago Lotto\",\"@id\":\"https:\\\/\\\/universoesportivo.net\\\/#\\\/schema\\\/person\\\/62bc311bc7def56a6bc83711536e74bd\"},\"headline\":\"Vice-campe\u00e3 da A4, Francana estreia na Copa Paulista neste domingo, contra o Monte Azul\",\"datePublished\":\"2024-06-13T23:48:03+00:00\",\"dateModified\":\"2024-06-13T23:48:04+00:00\",\"mainEntityOfPage\":{\"@id\":\"https:\\\/\\\/universoesportivo.net\\\/index.php\\\/2024\\\/06\\\/13\\\/vice-campea-da-a4-francana-estreia-na-copa-paulista-neste-domingo-contra-o-monte-azul\\\/\"},\"wordCount\":176,\"publisher\":{\"@id\":\"https:\\\/\\\/universoesportivo.net\\\/#organization\"},\"image\":{\"@id\":\"https:\\\/\\\/universoesportivo.net\\\/index.php\\\/2024\\\/06\\\/13\\\/vice-campea-da-a4-francana-estreia-na-copa-paulista-neste-domingo-contra-o-monte-azul\\\/#primaryimage\"},\"thumbnailUrl\":\"https:\\\/\\\/universoesportivo.net\\\/wp-content\\\/uploads\\\/2024\\\/06\\\/francanatimeok.jpg\",\"articleSection\":[\"ESPORTES\",\"Futebol\"],\"inLanguage\":\"pt-BR\"},{\"@type\":\"WebPage\",\"@id\":\"https:\\\/\\\/universoesportivo.net\\\/index.php\\\/2024\\\/06\\\/13\\\/vice-campea-da-a4-francana-estreia-na-copa-paulista-neste-domingo-contra-o-monte-azul\\\/\",\"url\":\"https:\\\/\\\/universoesportivo.net\\\/index.php\\\/2024\\\/06\\\/13\\\/vice-campea-da-a4-francana-estreia-na-copa-paulista-neste-domingo-contra-o-monte-azul\\\/\",\"name\":\"Vice-campe\u00e3 da A4, Francana estreia na Copa Paulista neste domingo, contra o Monte Azul - Universo Esportivo\",\"isPartOf\":{\"@id\":\"https:\\\/\\\/universoesportivo.net\\\/#website\"},\"primaryImageOfPage\":{\"@id\":\"https:\\\/\\\/universoesportivo.net\\\/index.php\\\/2024\\\/06\\\/13\\\/vice-campea-da-a4-francana-estreia-na-copa-paulista-neste-domingo-contra-o-monte-azul\\\/#primaryimage\"},\"image\":{\"@id\":\"https:\\\/\\\/universoesportivo.net\\\/index.php\\\/2024\\\/06\\\/13\\\/vice-campea-da-a4-francana-estreia-na-copa-paulista-neste-domingo-contra-o-monte-azul\\\/#primaryimage\"},\"thumbnailUrl\":\"https:\\\/\\\/universoesportivo.net\\\/wp-content\\\/uploads\\\/2024\\\/06\\\/francanatimeok.jpg\",\"datePublished\":\"2024-06-13T23:48:03+00:00\",\"dateModified\":\"2024-06-13T23:48:04+00:00\",\"breadcrumb\":{\"@id\":\"https:\\\/\\\/universoesportivo.net\\\/index.php\\\/2024\\\/06\\\/13\\\/vice-campea-da-a4-francana-estreia-na-copa-paulista-neste-domingo-contra-o-monte-azul\\\/#breadcrumb\"},\"inLanguage\":\"pt-BR\",\"potentialAction\":[{\"@type\":\"ReadAction\",\"target\":[\"https:\\\/\\\/universoesportivo.net\\\/index.php\\\/2024\\\/06\\\/13\\\/vice-campea-da-a4-francana-estreia-na-copa-paulista-neste-domingo-contra-o-monte-azul\\\/\"]}]},{\"@type\":\"ImageObject\",\"inLanguage\":\"pt-BR\",\"@id\":\"https:\\\/\\\/universoesportivo.net\\\/index.php\\\/2024\\\/06\\\/13\\\/vice-campea-da-a4-francana-estreia-na-copa-paulista-neste-domingo-contra-o-monte-azul\\\/#primaryimage\",\"url\":\"https:\\\/\\\/universoesportivo.net\\\/wp-content\\\/uploads\\\/2024\\\/06\\\/francanatimeok.jpg\",\"contentUrl\":\"https:\\\/\\\/universoesportivo.net\\\/wp-content\\\/uploads\\\/2024\\\/06\\\/francanatimeok.jpg\",\"width\":468,\"height\":307},{\"@type\":\"BreadcrumbList\",\"@id\":\"https:\\\/\\\/universoesportivo.net\\\/index.php\\\/2024\\\/06\\\/13\\\/vice-campea-da-a4-francana-estreia-na-copa-paulista-neste-domingo-contra-o-monte-azul\\\/#breadcrumb\",\"itemListElement\":[{\"@type\":\"ListItem\",\"position\":1,\"name\":\"In\u00edcio\",\"item\":\"https:\\\/\\\/universoesportivo.net\\\/\"},{\"@type\":\"ListItem\",\"position\":2,\"name\":\"Vice-campe\u00e3 da A4, Francana estreia na Copa Paulista neste domingo, contra o Monte Azul\"}]},{\"@type\":\"WebSite\",\"@id\":\"https:\\\/\\\/universoesportivo.net\\\/#website\",\"url\":\"https:\\\/\\\/universoesportivo.net\\\/\",\"name\":\"Universo Esportivo\",\"description\":\"O portal de todas as modalidades esportivas!\",\"publisher\":{\"@id\":\"https:\\\/\\\/universoesportivo.net\\\/#organization\"},\"alternateName\":\"Jornalista Tiago Contador Lotto\",\"potentialAction\":[{\"@type\":\"SearchAction\",\"target\":{\"@type\":\"EntryPoint\",\"urlTemplate\":\"https:\\\/\\\/universoesportivo.net\\\/?s={search_term_string}\"},\"query-input\":{\"@type\":\"PropertyValueSpecification\",\"valueRequired\":true,\"valueName\":\"search_term_string\"}}],\"inLanguage\":\"pt-BR\"},{\"@type\":\"Organization\",\"@id\":\"https:\\\/\\\/universoesportivo.net\\\/#organization\",\"name\":\"Universo Esportivo\",\"alternateName\":\"Tiago Lotto\",\"url\":\"https:\\\/\\\/universoesportivo.net\\\/\",\"logo\":{\"@type\":\"ImageObject\",\"inLanguage\":\"pt-BR\",\"@id\":\"https:\\\/\\\/universoesportivo.net\\\/#\\\/schema\\\/logo\\\/image\\\/\",\"url\":\"https:\\\/\\\/universoesportivo.net\\\/wp-content\\\/uploads\\\/2024\\\/05\\\/cropped-cropped-universo-6.png\",\"contentUrl\":\"https:\\\/\\\/universoesportivo.net\\\/wp-content\\\/uploads\\\/2024\\\/05\\\/cropped-cropped-universo-6.png\",\"width\":413,\"height\":295,\"caption\":\"Universo Esportivo\"},\"image\":{\"@id\":\"https:\\\/\\\/universoesportivo.net\\\/#\\\/schema\\\/logo\\\/image\\\/\"},\"sameAs\":[\"https:\\\/\\\/www.facebook.com\\\/universoesportivo.net\"]},{\"@type\":\"Person\",\"@id\":\"https:\\\/\\\/universoesportivo.net\\\/#\\\/schema\\\/person\\\/62bc311bc7def56a6bc83711536e74bd\",\"name\":\"Tiago Lotto\",\"image\":{\"@type\":\"ImageObject\",\"inLanguage\":\"pt-BR\",\"@id\":\"https:\\\/\\\/secure.gravatar.com\\\/avatar\\\/fd6891125b3fb6ba0b794cd20c3398d5bb0fa20d2b9963a95f19470e5a6192f7?s=96&d=mm&r=g\",\"url\":\"https:\\\/\\\/secure.gravatar.com\\\/avatar\\\/fd6891125b3fb6ba0b794cd20c3398d5bb0fa20d2b9963a95f19470e5a6192f7?s=96&d=mm&r=g\",\"contentUrl\":\"https:\\\/\\\/secure.gravatar.com\\\/avatar\\\/fd6891125b3fb6ba0b794cd20c3398d5bb0fa20d2b9963a95f19470e5a6192f7?s=96&d=mm&r=g\",\"caption\":\"Tiago Lotto\"},\"url\":\"https:\\\/\\\/universoesportivo.net\\\/index.php\\\/author\\\/tiago-lotto\\\/\"}]}<\/script>\n<!-- \/ Yoast SEO plugin. -->","yoast_head_json":{"title":"Vice-campe\u00e3 da A4, Francana estreia na Copa Paulista neste domingo, contra o Monte Azul - Universo Esportivo","robots":{"index":"index","follow":"follow","max-snippet":"max-snippet:-1","max-image-preview":"max-image-preview:large","max-video-preview":"max-video-preview:-1"},"canonical":"https:\/\/universoesportivo.net\/index.php\/2024\/06\/13\/vice-campea-da-a4-francana-estreia-na-copa-paulista-neste-domingo-contra-o-monte-azul\/","og_locale":"pt_BR","og_type":"article","og_title":"Vice-campe\u00e3 da A4, Francana estreia na Copa Paulista neste domingo, contra o Monte Azul - Universo Esportivo","og_description":"O time da cidade de Franca est\u00e1 no Grupo 2, que al\u00e9m do Monte Azul conta com as equipes do Comercial, do Botafogo e do Barretos.","og_url":"https:\/\/universoesportivo.net\/index.php\/2024\/06\/13\/vice-campea-da-a4-francana-estreia-na-copa-paulista-neste-domingo-contra-o-monte-azul\/","og_site_name":"Universo Esportivo","article_publisher":"https:\/\/www.facebook.com\/universoesportivo.net","article_published_time":"2024-06-13T23:48:03+00:00","article_modified_time":"2024-06-13T23:48:04+00:00","og_image":[{"width":468,"height":307,"url":"https:\/\/universoesportivo.net\/wp-content\/uploads\/2024\/06\/francanatimeok.jpg","type":"image\/jpeg"}],"author":"Tiago Lotto","twitter_card":"summary_large_image","twitter_misc":{"Escrito por":"Tiago Lotto","Est. tempo de leitura":"2 minutos"},"schema":{"@context":"https:\/\/schema.org","@graph":[{"@type":"Article","@id":"https:\/\/universoesportivo.net\/index.php\/2024\/06\/13\/vice-campea-da-a4-francana-estreia-na-copa-paulista-neste-domingo-contra-o-monte-azul\/#article","isPartOf":{"@id":"https:\/\/universoesportivo.net\/index.php\/2024\/06\/13\/vice-campea-da-a4-francana-estreia-na-copa-paulista-neste-domingo-contra-o-monte-azul\/"},"author":{"name":"Tiago Lotto","@id":"https:\/\/universoesportivo.net\/#\/schema\/person\/62bc311bc7def56a6bc83711536e74bd"},"headline":"Vice-campe\u00e3 da A4, Francana estreia na Copa Paulista neste domingo, contra o Monte Azul","datePublished":"2024-06-13T23:48:03+00:00","dateModified":"2024-06-13T23:48:04+00:00","mainEntityOfPage":{"@id":"https:\/\/universoesportivo.net\/index.php\/2024\/06\/13\/vice-campea-da-a4-francana-estreia-na-copa-paulista-neste-domingo-contra-o-monte-azul\/"},"wordCount":176,"publisher":{"@id":"https:\/\/universoesportivo.net\/#organization"},"image":{"@id":"https:\/\/universoesportivo.net\/index.php\/2024\/06\/13\/vice-campea-da-a4-francana-estreia-na-copa-paulista-neste-domingo-contra-o-monte-azul\/#primaryimage"},"thumbnailUrl":"https:\/\/universoesportivo.net\/wp-content\/uploads\/2024\/06\/francanatimeok.jpg","articleSection":["ESPORTES","Futebol"],"inLanguage":"pt-BR"},{"@type":"WebPage","@id":"https:\/\/universoesportivo.net\/index.php\/2024\/06\/13\/vice-campea-da-a4-francana-estreia-na-copa-paulista-neste-domingo-contra-o-monte-azul\/","url":"https:\/\/universoesportivo.net\/index.php\/2024\/06\/13\/vice-campea-da-a4-francana-estreia-na-copa-paulista-neste-domingo-contra-o-monte-azul\/","name":"Vice-campe\u00e3 da A4, Francana estreia na Copa Paulista neste domingo, contra o Monte Azul - Universo Esportivo","isPartOf":{"@id":"https:\/\/universoesportivo.net\/#website"},"primaryImageOfPage":{"@id":"https:\/\/universoesportivo.net\/index.php\/2024\/06\/13\/vice-campea-da-a4-francana-estreia-na-copa-paulista-neste-domingo-contra-o-monte-azul\/#primaryimage"},"image":{"@id":"https:\/\/universoesportivo.net\/index.php\/2024\/06\/13\/vice-campea-da-a4-francana-estreia-na-copa-paulista-neste-domingo-contra-o-monte-azul\/#primaryimage"},"thumbnailUrl":"https:\/\/universoesportivo.net\/wp-content\/uploads\/2024\/06\/francanatimeok.jpg","datePublished":"2024-06-13T23:48:03+00:00","dateModified":"2024-06-13T23:48:04+00:00","breadcrumb":{"@id":"https:\/\/universoesportivo.net\/index.php\/2024\/06\/13\/vice-campea-da-a4-francana-estreia-na-copa-paulista-neste-domingo-contra-o-monte-azul\/#breadcrumb"},"inLanguage":"pt-BR","potentialAction":[{"@type":"ReadAction","target":["https:\/\/universoesportivo.net\/index.php\/2024\/06\/13\/vice-campea-da-a4-francana-estreia-na-copa-paulista-neste-domingo-contra-o-monte-azul\/"]}]},{"@type":"ImageObject","inLanguage":"pt-BR","@id":"https:\/\/universoesportivo.net\/index.php\/2024\/06\/13\/vice-campea-da-a4-francana-estreia-na-copa-paulista-neste-domingo-contra-o-monte-azul\/#primaryimage","url":"https:\/\/universoesportivo.net\/wp-content\/uploads\/2024\/06\/francanatimeok.jpg","contentUrl":"https:\/\/universoesportivo.net\/wp-content\/uploads\/2024\/06\/francanatimeok.jpg","width":468,"height":307},{"@type":"BreadcrumbList","@id":"https:\/\/universoesportivo.net\/index.php\/2024\/06\/13\/vice-campea-da-a4-francana-estreia-na-copa-paulista-neste-domingo-contra-o-monte-azul\/#breadcrumb","itemListElement":[{"@type":"ListItem","position":1,"name":"In\u00edcio","item":"https:\/\/universoesportivo.net\/"},{"@type":"ListItem","position":2,"name":"Vice-campe\u00e3 da A4, Francana estreia na Copa Paulista neste domingo, contra o Monte Azul"}]},{"@type":"WebSite","@id":"https:\/\/universoesportivo.net\/#website","url":"https:\/\/universoesportivo.net\/","name":"Universo Esportivo","description":"O portal de todas as modalidades esportivas!","publisher":{"@id":"https:\/\/universoesportivo.net\/#organization"},"alternateName":"Jornalista Tiago Contador Lotto","potentialAction":[{"@type":"SearchAction","target":{"@type":"EntryPoint","urlTemplate":"https:\/\/universoesportivo.net\/?s={search_term_string}"},"query-input":{"@type":"PropertyValueSpecification","valueRequired":true,"valueName":"search_term_string"}}],"inLanguage":"pt-BR"},{"@type":"Organization","@id":"https:\/\/universoesportivo.net\/#organization","name":"Universo Esportivo","alternateName":"Tiago Lotto","url":"https:\/\/universoesportivo.net\/","logo":{"@type":"ImageObject","inLanguage":"pt-BR","@id":"https:\/\/universoesportivo.net\/#\/schema\/logo\/image\/","url":"https:\/\/universoesportivo.net\/wp-content\/uploads\/2024\/05\/cropped-cropped-universo-6.png","contentUrl":"https:\/\/universoesportivo.net\/wp-content\/uploads\/2024\/05\/cropped-cropped-universo-6.png","width":413,"height":295,"caption":"Universo Esportivo"},"image":{"@id":"https:\/\/universoesportivo.net\/#\/schema\/logo\/image\/"},"sameAs":["https:\/\/www.facebook.com\/universoesportivo.net"]},{"@type":"Person","@id":"https:\/\/universoesportivo.net\/#\/schema\/person\/62bc311bc7def56a6bc83711536e74bd","name":"Tiago Lotto","image":{"@type":"ImageObject","inLanguage":"pt-BR","@id":"https:\/\/secure.gravatar.com\/avatar\/fd6891125b3fb6ba0b794cd20c3398d5bb0fa20d2b9963a95f19470e5a6192f7?s=96&d=mm&r=g","url":"https:\/\/secure.gravatar.com\/avatar\/fd6891125b3fb6ba0b794cd20c3398d5bb0fa20d2b9963a95f19470e5a6192f7?s=96&d=mm&r=g","contentUrl":"https:\/\/secure.gravatar.com\/avatar\/fd6891125b3fb6ba0b794cd20c3398d5bb0fa20d2b9963a95f19470e5a6192f7?s=96&d=mm&r=g","caption":"Tiago Lotto"},"url":"https:\/\/universoesportivo.net\/index.php\/author\/tiago-lotto\/"}]}},"jetpack_featured_media_url":"https:\/\/universoesportivo.net\/wp-content\/uploads\/2024\/06\/francanatimeok.jpg","_links":{"self":[{"href":"https:\/\/universoesportivo.net\/index.php\/wp-json\/wp\/v2\/posts\/1306","targetHints":{"allow":["GET"]}}],"collection":[{"href":"https:\/\/universoesportivo.net\/index.php\/wp-json\/wp\/v2\/posts"}],"about":[{"href":"https:\/\/universoesportivo.net\/index.php\/wp-json\/wp\/v2\/types\/post"}],"author":[{"embeddable":true,"href":"https:\/\/universoesportivo.net\/index.php\/wp-json\/wp\/v2\/users\/2"}],"replies":[{"embeddable":true,"href":"https:\/\/universoesportivo.net\/index.php\/wp-json\/wp\/v2\/comments?post=1306"}],"version-history":[{"count":1,"href":"https:\/\/universoesportivo.net\/index.php\/wp-json\/wp\/v2\/posts\/1306\/revisions"}],"predecessor-version":[{"id":1308,"href":"https:\/\/universoesportivo.net\/index.php\/wp-json\/wp\/v2\/posts\/1306\/revisions\/1308"}],"wp:featuredmedia":[{"embeddable":true,"href":"https:\/\/universoesportivo.net\/index.php\/wp-json\/wp\/v2\/media\/1307"}],"wp:attachment":[{"href":"https:\/\/universoesportivo.net\/index.php\/wp-json\/wp\/v2\/media?parent=1306"}],"wp:term":[{"taxonomy":"category","embeddable":true,"href":"https:\/\/universoesportivo.net\/index.php\/wp-json\/wp\/v2\/categories?post=1306"},{"taxonomy":"post_tag","embeddable":true,"href":"https:\/\/universoesportivo.net\/index.php\/wp-json\/wp\/v2\/tags?post=1306"}],"curies":[{"name":"wp","href":"https:\/\/api.w.org\/{rel}","templated":true}]}}