{"id":1347,"date":"2024-06-20T21:59:58","date_gmt":"2024-06-21T00:59:58","guid":{"rendered":"https:\/\/universoesportivo.net\/?p=1347"},"modified":"2024-06-20T22:05:29","modified_gmt":"2024-06-21T01:05:29","slug":"kartodromo-arena-de-itu-recebe-a-4a-etapa-da-copa-paulista-husqvarna-neste-sabado-22-de-junho","status":"publish","type":"post","link":"https:\/\/universoesportivo.net\/index.php\/2024\/06\/20\/kartodromo-arena-de-itu-recebe-a-4a-etapa-da-copa-paulista-husqvarna-neste-sabado-22-de-junho\/","title":{"rendered":"Kart\u00f3dromo Arena de Itu recebe a 4\u00aa etapa da Copa Paulista Husqvarna neste s\u00e1bado, 22 de junho"},"content":{"rendered":"\n<p><\/p>\n\n\n\n<p class=\"has-medium-font-size\">Um dos mais importantes eventos do kartismo regional em S\u00e3o Paulo, a Copa Paulista Husqvarna, ter\u00e1 neste s\u00e1bado, 22 de junho, a realiza\u00e7\u00e3o da 4\u00aa etapa da temporada. Com v\u00e1rias categorias na pista, a rodada ser\u00e1 disputada no Kart\u00f3dromo Arena de Itu, a cerca de 100 quil\u00f4metros da capital.<\/p>\n\n\n\n<p class=\"has-medium-font-size\">A 4\u00aa etapa ter\u00e1 a participa\u00e7\u00e3o das categorias Cadete Rental, Cadete, F4 J\u00fanior, F4 Motor Sorteado (que inclui as divis\u00f5es Graduados, S\u00eanior e Super S\u00eanior) e tamb\u00e9m a Copa Sanremo.<\/p>\n\n\n\n<p class=\"has-medium-font-size\">Ser\u00e3o duas baterias para cada categoria, al\u00e9m dos treinos oficiais e da tomada de tempos, atividades que proporcionar\u00e3o momentos de muita adrenalina para os participantes e para o p\u00fablico presente.<\/p>\n\n\n\n<p class=\"has-medium-font-size\">E os pilotos da Cadete e da F4 J\u00fanior ter\u00e3o um incentivo extra para a disputa. Al\u00e9m das duas provas regulares, os seis primeiros colocados no campeonato em cada categoria far\u00e3o uma corrida extra, cujo vencedor ganhar\u00e1 como pr\u00eamio o pagamento da taxa de inscri\u00e7\u00e3o para competir no Brasileiro, evento que ser\u00e1 em outubro, no Kart\u00f3dromo Speed Park, em Birigui, interior de S\u00e3o Paulo.<\/p>\n\n\n\n<p class=\"has-medium-font-size\">Os treinos livres come\u00e7aram nesta quinta (20) e seguem na sexta. A tomada de tempos e as provas ser\u00e3o realizadas no s\u00e1bado, quando pilotos e equipes buscar\u00e3o conquistar pontos importantes em sua luta pelo t\u00edtulo no final da temporada.<\/p>\n\n\n\n<p class=\"has-medium-font-size\">O p\u00fablico, por sua, vez, poder\u00e1 acompanhar o desenrolar das atividades no paddock ou em uma arquibancada com vis\u00e3o total da pista e uma \u00e1rea de alimenta\u00e7\u00e3o com diversas op\u00e7\u00f5es.<\/p>\n\n\n\n<p class=\"has-medium-font-size\">Depois de disputadas tr\u00eas etapas, os l\u00edderes da Copa Paulista Husqvarna s\u00e3o Theo Garcia (Cadete Rental), Felipe Luco (Cadete), Arthur Pil\u00e3o (F4 J\u00fanior), Felipe Sousa (F4 Motor Sorteado Graduados), Leandro Cruz (F4 Motor Sorteado S\u00eanior) e Oscar Alves (F4 Motor Sorteado Super S\u00eanior). Entre as fabricantes de chassi, a Mega Kart \u00e9 a l\u00edder do campeonato.<\/p>\n\n\n\n<p class=\"has-medium-font-size\">Para mais informa\u00e7\u00f5es, contate pelo WhatsApp (11) 9727-64333.<\/p>\n\n\n\n<p class=\"has-medium-font-size\">Informa\u00e7\u00f5es de Erno Drehmer \/ Foto: Sandro Silveira<\/p>\n","protected":false},"excerpt":{"rendered":"<p>A 4\u00aa etapa ter\u00e1 a participa\u00e7\u00e3o das categorias Cadete Rental, Cadete, F4 J\u00fanior, F4 Motor Sorteado (que inclui as divis\u00f5es Graduados, S\u00eanior e Super S\u00eanior) e tamb\u00e9m a Copa Sanremo.<\/p>\n","protected":false},"author":2,"featured_media":1350,"comment_status":"closed","ping_status":"closed","sticky":false,"template":"","format":"standard","meta":{"colormag_page_container_layout":"default_layout","colormag_page_sidebar_layout":"default_layout","footnotes":""},"categories":[17,46],"tags":[],"class_list":["post-1347","post","type-post","status-publish","format-standard","has-post-thumbnail","hentry","category-esportes","category-kart"],"magazineBlocksPostFeaturedMedia":{"thumbnail":"https:\/\/universoesportivo.net\/wp-content\/uploads\/2024\/06\/abreitu22-150x150.jpg","medium":"https:\/\/universoesportivo.net\/wp-content\/uploads\/2024\/06\/abreitu22-300x172.jpg","medium_large":"https:\/\/universoesportivo.net\/wp-content\/uploads\/2024\/06\/abreitu22.jpg","large":"https:\/\/universoesportivo.net\/wp-content\/uploads\/2024\/06\/abreitu22.jpg","1536x1536":"https:\/\/universoesportivo.net\/wp-content\/uploads\/2024\/06\/abreitu22.jpg","2048x2048":"https:\/\/universoesportivo.net\/wp-content\/uploads\/2024\/06\/abreitu22.jpg","trp-custom-language-flag":"https:\/\/universoesportivo.net\/wp-content\/uploads\/2024\/06\/abreitu22-18x10.jpg","colormag-highlighted-post":"https:\/\/universoesportivo.net\/wp-content\/uploads\/2024\/06\/abreitu22-392x234.jpg","colormag-featured-post-medium":"https:\/\/universoesportivo.net\/wp-content\/uploads\/2024\/06\/abreitu22-390x205.jpg","colormag-featured-post-small":"https:\/\/universoesportivo.net\/wp-content\/uploads\/2024\/06\/abreitu22-130x90.jpg","colormag-featured-image":"https:\/\/universoesportivo.net\/wp-content\/uploads\/2024\/06\/abreitu22.jpg","colormag-default-news":"https:\/\/universoesportivo.net\/wp-content\/uploads\/2024\/06\/abreitu22-150x150.jpg","colormag-featured-image-large":"https:\/\/universoesportivo.net\/wp-content\/uploads\/2024\/06\/abreitu22.jpg","colormag-elementor-block-extra-large-thumbnail":"https:\/\/universoesportivo.net\/wp-content\/uploads\/2024\/06\/abreitu22.jpg","colormag-elementor-grid-large-thumbnail":"https:\/\/universoesportivo.net\/wp-content\/uploads\/2024\/06\/abreitu22.jpg","colormag-elementor-grid-small-thumbnail":"https:\/\/universoesportivo.net\/wp-content\/uploads\/2024\/06\/abreitu22-285x234.jpg","colormag-elementor-grid-medium-large-thumbnail":"https:\/\/universoesportivo.net\/wp-content\/uploads\/2024\/06\/abreitu22-407x198.jpg"},"magazineBlocksPostAuthor":{"name":"Tiago Lotto","avatar":"https:\/\/secure.gravatar.com\/avatar\/fd6891125b3fb6ba0b794cd20c3398d5bb0fa20d2b9963a95f19470e5a6192f7?s=96&d=mm&r=g"},"magazineBlocksPostCommentsNumber":false,"magazineBlocksPostExcerpt":"A 4\u00aa etapa ter\u00e1 a participa\u00e7\u00e3o das categorias Cadete Rental, Cadete, F4 J\u00fanior, F4 Motor Sorteado (que inclui as divis\u00f5es Graduados, S\u00eanior e Super S\u00eanior) e tamb\u00e9m a Copa Sanremo.","magazineBlocksPostCategories":["ESPORTES","Kart"],"magazineBlocksPostViewCount":35,"magazineBlocksPostReadTime":2,"magazine_blocks_featured_image_url":{"full":["https:\/\/universoesportivo.net\/wp-content\/uploads\/2024\/06\/abreitu22.jpg",407,234,false],"medium":["https:\/\/universoesportivo.net\/wp-content\/uploads\/2024\/06\/abreitu22-300x172.jpg",300,172,true],"thumbnail":["https:\/\/universoesportivo.net\/wp-content\/uploads\/2024\/06\/abreitu22-150x150.jpg",150,150,true]},"magazine_blocks_author":{"display_name":"Tiago Lotto","author_link":"https:\/\/universoesportivo.net\/index.php\/author\/tiago-lotto\/"},"magazine_blocks_comment":0,"magazine_blocks_author_image":"https:\/\/secure.gravatar.com\/avatar\/fd6891125b3fb6ba0b794cd20c3398d5bb0fa20d2b9963a95f19470e5a6192f7?s=96&d=mm&r=g","magazine_blocks_category":"<a href=\"#\" class=\"category-link category-link-17\">ESPORTES<\/a> <a href=\"#\" class=\"category-link category-link-46\">Kart<\/a>","yoast_head":"<!-- This site is optimized with the Yoast SEO plugin v27.4 - https:\/\/yoast.com\/product\/yoast-seo-wordpress\/ -->\n<title>Kart\u00f3dromo Arena de Itu recebe a 4\u00aa etapa da Copa Paulista Husqvarna neste s\u00e1bado, 22 de junho - Universo Esportivo<\/title>\n<meta name=\"robots\" content=\"index, follow, max-snippet:-1, max-image-preview:large, max-video-preview:-1\" \/>\n<link rel=\"canonical\" href=\"https:\/\/universoesportivo.net\/index.php\/2024\/06\/20\/kartodromo-arena-de-itu-recebe-a-4a-etapa-da-copa-paulista-husqvarna-neste-sabado-22-de-junho\/\" \/>\n<meta property=\"og:locale\" content=\"pt_BR\" \/>\n<meta property=\"og:type\" content=\"article\" \/>\n<meta property=\"og:title\" content=\"Kart\u00f3dromo Arena de Itu recebe a 4\u00aa etapa da Copa Paulista Husqvarna neste s\u00e1bado, 22 de junho - Universo Esportivo\" \/>\n<meta property=\"og:description\" content=\"A 4\u00aa etapa ter\u00e1 a participa\u00e7\u00e3o das categorias Cadete Rental, Cadete, F4 J\u00fanior, F4 Motor Sorteado (que inclui as divis\u00f5es Graduados, S\u00eanior e Super S\u00eanior) e tamb\u00e9m a Copa Sanremo.\" \/>\n<meta property=\"og:url\" content=\"https:\/\/universoesportivo.net\/index.php\/2024\/06\/20\/kartodromo-arena-de-itu-recebe-a-4a-etapa-da-copa-paulista-husqvarna-neste-sabado-22-de-junho\/\" \/>\n<meta property=\"og:site_name\" content=\"Universo Esportivo\" \/>\n<meta property=\"article:publisher\" content=\"https:\/\/www.facebook.com\/universoesportivo.net\" \/>\n<meta property=\"article:published_time\" content=\"2024-06-21T00:59:58+00:00\" \/>\n<meta property=\"article:modified_time\" content=\"2024-06-21T01:05:29+00:00\" \/>\n<meta property=\"og:image\" content=\"https:\/\/universoesportivo.net\/wp-content\/uploads\/2024\/06\/abreitu22.jpg\" \/>\n\t<meta property=\"og:image:width\" content=\"407\" \/>\n\t<meta property=\"og:image:height\" content=\"234\" \/>\n\t<meta property=\"og:image:type\" content=\"image\/jpeg\" \/>\n<meta name=\"author\" content=\"Tiago Lotto\" \/>\n<meta name=\"twitter:card\" content=\"summary_large_image\" \/>\n<meta name=\"twitter:label1\" content=\"Escrito por\" \/>\n\t<meta name=\"twitter:data1\" content=\"Tiago Lotto\" \/>\n\t<meta name=\"twitter:label2\" content=\"Est. tempo de leitura\" \/>\n\t<meta name=\"twitter:data2\" content=\"2 minutos\" \/>\n<script type=\"application\/ld+json\" class=\"yoast-schema-graph\">{\"@context\":\"https:\\\/\\\/schema.org\",\"@graph\":[{\"@type\":\"Article\",\"@id\":\"https:\\\/\\\/universoesportivo.net\\\/index.php\\\/2024\\\/06\\\/20\\\/kartodromo-arena-de-itu-recebe-a-4a-etapa-da-copa-paulista-husqvarna-neste-sabado-22-de-junho\\\/#article\",\"isPartOf\":{\"@id\":\"https:\\\/\\\/universoesportivo.net\\\/index.php\\\/2024\\\/06\\\/20\\\/kartodromo-arena-de-itu-recebe-a-4a-etapa-da-copa-paulista-husqvarna-neste-sabado-22-de-junho\\\/\"},\"author\":{\"name\":\"Tiago Lotto\",\"@id\":\"https:\\\/\\\/universoesportivo.net\\\/#\\\/schema\\\/person\\\/62bc311bc7def56a6bc83711536e74bd\"},\"headline\":\"Kart\u00f3dromo Arena de Itu recebe a 4\u00aa etapa da Copa Paulista Husqvarna neste s\u00e1bado, 22 de junho\",\"datePublished\":\"2024-06-21T00:59:58+00:00\",\"dateModified\":\"2024-06-21T01:05:29+00:00\",\"mainEntityOfPage\":{\"@id\":\"https:\\\/\\\/universoesportivo.net\\\/index.php\\\/2024\\\/06\\\/20\\\/kartodromo-arena-de-itu-recebe-a-4a-etapa-da-copa-paulista-husqvarna-neste-sabado-22-de-junho\\\/\"},\"wordCount\":366,\"publisher\":{\"@id\":\"https:\\\/\\\/universoesportivo.net\\\/#organization\"},\"image\":{\"@id\":\"https:\\\/\\\/universoesportivo.net\\\/index.php\\\/2024\\\/06\\\/20\\\/kartodromo-arena-de-itu-recebe-a-4a-etapa-da-copa-paulista-husqvarna-neste-sabado-22-de-junho\\\/#primaryimage\"},\"thumbnailUrl\":\"https:\\\/\\\/universoesportivo.net\\\/wp-content\\\/uploads\\\/2024\\\/06\\\/abreitu22.jpg\",\"articleSection\":[\"ESPORTES\",\"Kart\"],\"inLanguage\":\"pt-BR\"},{\"@type\":\"WebPage\",\"@id\":\"https:\\\/\\\/universoesportivo.net\\\/index.php\\\/2024\\\/06\\\/20\\\/kartodromo-arena-de-itu-recebe-a-4a-etapa-da-copa-paulista-husqvarna-neste-sabado-22-de-junho\\\/\",\"url\":\"https:\\\/\\\/universoesportivo.net\\\/index.php\\\/2024\\\/06\\\/20\\\/kartodromo-arena-de-itu-recebe-a-4a-etapa-da-copa-paulista-husqvarna-neste-sabado-22-de-junho\\\/\",\"name\":\"Kart\u00f3dromo Arena de Itu recebe a 4\u00aa etapa da Copa Paulista Husqvarna neste s\u00e1bado, 22 de junho - Universo Esportivo\",\"isPartOf\":{\"@id\":\"https:\\\/\\\/universoesportivo.net\\\/#website\"},\"primaryImageOfPage\":{\"@id\":\"https:\\\/\\\/universoesportivo.net\\\/index.php\\\/2024\\\/06\\\/20\\\/kartodromo-arena-de-itu-recebe-a-4a-etapa-da-copa-paulista-husqvarna-neste-sabado-22-de-junho\\\/#primaryimage\"},\"image\":{\"@id\":\"https:\\\/\\\/universoesportivo.net\\\/index.php\\\/2024\\\/06\\\/20\\\/kartodromo-arena-de-itu-recebe-a-4a-etapa-da-copa-paulista-husqvarna-neste-sabado-22-de-junho\\\/#primaryimage\"},\"thumbnailUrl\":\"https:\\\/\\\/universoesportivo.net\\\/wp-content\\\/uploads\\\/2024\\\/06\\\/abreitu22.jpg\",\"datePublished\":\"2024-06-21T00:59:58+00:00\",\"dateModified\":\"2024-06-21T01:05:29+00:00\",\"breadcrumb\":{\"@id\":\"https:\\\/\\\/universoesportivo.net\\\/index.php\\\/2024\\\/06\\\/20\\\/kartodromo-arena-de-itu-recebe-a-4a-etapa-da-copa-paulista-husqvarna-neste-sabado-22-de-junho\\\/#breadcrumb\"},\"inLanguage\":\"pt-BR\",\"potentialAction\":[{\"@type\":\"ReadAction\",\"target\":[\"https:\\\/\\\/universoesportivo.net\\\/index.php\\\/2024\\\/06\\\/20\\\/kartodromo-arena-de-itu-recebe-a-4a-etapa-da-copa-paulista-husqvarna-neste-sabado-22-de-junho\\\/\"]}]},{\"@type\":\"ImageObject\",\"inLanguage\":\"pt-BR\",\"@id\":\"https:\\\/\\\/universoesportivo.net\\\/index.php\\\/2024\\\/06\\\/20\\\/kartodromo-arena-de-itu-recebe-a-4a-etapa-da-copa-paulista-husqvarna-neste-sabado-22-de-junho\\\/#primaryimage\",\"url\":\"https:\\\/\\\/universoesportivo.net\\\/wp-content\\\/uploads\\\/2024\\\/06\\\/abreitu22.jpg\",\"contentUrl\":\"https:\\\/\\\/universoesportivo.net\\\/wp-content\\\/uploads\\\/2024\\\/06\\\/abreitu22.jpg\",\"width\":407,\"height\":234},{\"@type\":\"BreadcrumbList\",\"@id\":\"https:\\\/\\\/universoesportivo.net\\\/index.php\\\/2024\\\/06\\\/20\\\/kartodromo-arena-de-itu-recebe-a-4a-etapa-da-copa-paulista-husqvarna-neste-sabado-22-de-junho\\\/#breadcrumb\",\"itemListElement\":[{\"@type\":\"ListItem\",\"position\":1,\"name\":\"In\u00edcio\",\"item\":\"https:\\\/\\\/universoesportivo.net\\\/\"},{\"@type\":\"ListItem\",\"position\":2,\"name\":\"Kart\u00f3dromo Arena de Itu recebe a 4\u00aa etapa da Copa Paulista Husqvarna neste s\u00e1bado, 22 de junho\"}]},{\"@type\":\"WebSite\",\"@id\":\"https:\\\/\\\/universoesportivo.net\\\/#website\",\"url\":\"https:\\\/\\\/universoesportivo.net\\\/\",\"name\":\"Universo Esportivo\",\"description\":\"O portal de todas as modalidades esportivas!\",\"publisher\":{\"@id\":\"https:\\\/\\\/universoesportivo.net\\\/#organization\"},\"alternateName\":\"Jornalista Tiago Contador Lotto\",\"potentialAction\":[{\"@type\":\"SearchAction\",\"target\":{\"@type\":\"EntryPoint\",\"urlTemplate\":\"https:\\\/\\\/universoesportivo.net\\\/?s={search_term_string}\"},\"query-input\":{\"@type\":\"PropertyValueSpecification\",\"valueRequired\":true,\"valueName\":\"search_term_string\"}}],\"inLanguage\":\"pt-BR\"},{\"@type\":\"Organization\",\"@id\":\"https:\\\/\\\/universoesportivo.net\\\/#organization\",\"name\":\"Universo Esportivo\",\"alternateName\":\"Tiago Lotto\",\"url\":\"https:\\\/\\\/universoesportivo.net\\\/\",\"logo\":{\"@type\":\"ImageObject\",\"inLanguage\":\"pt-BR\",\"@id\":\"https:\\\/\\\/universoesportivo.net\\\/#\\\/schema\\\/logo\\\/image\\\/\",\"url\":\"https:\\\/\\\/universoesportivo.net\\\/wp-content\\\/uploads\\\/2024\\\/05\\\/cropped-cropped-universo-6.png\",\"contentUrl\":\"https:\\\/\\\/universoesportivo.net\\\/wp-content\\\/uploads\\\/2024\\\/05\\\/cropped-cropped-universo-6.png\",\"width\":413,\"height\":295,\"caption\":\"Universo Esportivo\"},\"image\":{\"@id\":\"https:\\\/\\\/universoesportivo.net\\\/#\\\/schema\\\/logo\\\/image\\\/\"},\"sameAs\":[\"https:\\\/\\\/www.facebook.com\\\/universoesportivo.net\"]},{\"@type\":\"Person\",\"@id\":\"https:\\\/\\\/universoesportivo.net\\\/#\\\/schema\\\/person\\\/62bc311bc7def56a6bc83711536e74bd\",\"name\":\"Tiago Lotto\",\"image\":{\"@type\":\"ImageObject\",\"inLanguage\":\"pt-BR\",\"@id\":\"https:\\\/\\\/secure.gravatar.com\\\/avatar\\\/fd6891125b3fb6ba0b794cd20c3398d5bb0fa20d2b9963a95f19470e5a6192f7?s=96&d=mm&r=g\",\"url\":\"https:\\\/\\\/secure.gravatar.com\\\/avatar\\\/fd6891125b3fb6ba0b794cd20c3398d5bb0fa20d2b9963a95f19470e5a6192f7?s=96&d=mm&r=g\",\"contentUrl\":\"https:\\\/\\\/secure.gravatar.com\\\/avatar\\\/fd6891125b3fb6ba0b794cd20c3398d5bb0fa20d2b9963a95f19470e5a6192f7?s=96&d=mm&r=g\",\"caption\":\"Tiago Lotto\"},\"url\":\"https:\\\/\\\/universoesportivo.net\\\/index.php\\\/author\\\/tiago-lotto\\\/\"}]}<\/script>\n<!-- \/ Yoast SEO plugin. -->","yoast_head_json":{"title":"Kart\u00f3dromo Arena de Itu recebe a 4\u00aa etapa da Copa Paulista Husqvarna neste s\u00e1bado, 22 de junho - Universo Esportivo","robots":{"index":"index","follow":"follow","max-snippet":"max-snippet:-1","max-image-preview":"max-image-preview:large","max-video-preview":"max-video-preview:-1"},"canonical":"https:\/\/universoesportivo.net\/index.php\/2024\/06\/20\/kartodromo-arena-de-itu-recebe-a-4a-etapa-da-copa-paulista-husqvarna-neste-sabado-22-de-junho\/","og_locale":"pt_BR","og_type":"article","og_title":"Kart\u00f3dromo Arena de Itu recebe a 4\u00aa etapa da Copa Paulista Husqvarna neste s\u00e1bado, 22 de junho - Universo Esportivo","og_description":"A 4\u00aa etapa ter\u00e1 a participa\u00e7\u00e3o das categorias Cadete Rental, Cadete, F4 J\u00fanior, F4 Motor Sorteado (que inclui as divis\u00f5es Graduados, S\u00eanior e Super S\u00eanior) e tamb\u00e9m a Copa Sanremo.","og_url":"https:\/\/universoesportivo.net\/index.php\/2024\/06\/20\/kartodromo-arena-de-itu-recebe-a-4a-etapa-da-copa-paulista-husqvarna-neste-sabado-22-de-junho\/","og_site_name":"Universo Esportivo","article_publisher":"https:\/\/www.facebook.com\/universoesportivo.net","article_published_time":"2024-06-21T00:59:58+00:00","article_modified_time":"2024-06-21T01:05:29+00:00","og_image":[{"width":407,"height":234,"url":"https:\/\/universoesportivo.net\/wp-content\/uploads\/2024\/06\/abreitu22.jpg","type":"image\/jpeg"}],"author":"Tiago Lotto","twitter_card":"summary_large_image","twitter_misc":{"Escrito por":"Tiago Lotto","Est. tempo de leitura":"2 minutos"},"schema":{"@context":"https:\/\/schema.org","@graph":[{"@type":"Article","@id":"https:\/\/universoesportivo.net\/index.php\/2024\/06\/20\/kartodromo-arena-de-itu-recebe-a-4a-etapa-da-copa-paulista-husqvarna-neste-sabado-22-de-junho\/#article","isPartOf":{"@id":"https:\/\/universoesportivo.net\/index.php\/2024\/06\/20\/kartodromo-arena-de-itu-recebe-a-4a-etapa-da-copa-paulista-husqvarna-neste-sabado-22-de-junho\/"},"author":{"name":"Tiago Lotto","@id":"https:\/\/universoesportivo.net\/#\/schema\/person\/62bc311bc7def56a6bc83711536e74bd"},"headline":"Kart\u00f3dromo Arena de Itu recebe a 4\u00aa etapa da Copa Paulista Husqvarna neste s\u00e1bado, 22 de junho","datePublished":"2024-06-21T00:59:58+00:00","dateModified":"2024-06-21T01:05:29+00:00","mainEntityOfPage":{"@id":"https:\/\/universoesportivo.net\/index.php\/2024\/06\/20\/kartodromo-arena-de-itu-recebe-a-4a-etapa-da-copa-paulista-husqvarna-neste-sabado-22-de-junho\/"},"wordCount":366,"publisher":{"@id":"https:\/\/universoesportivo.net\/#organization"},"image":{"@id":"https:\/\/universoesportivo.net\/index.php\/2024\/06\/20\/kartodromo-arena-de-itu-recebe-a-4a-etapa-da-copa-paulista-husqvarna-neste-sabado-22-de-junho\/#primaryimage"},"thumbnailUrl":"https:\/\/universoesportivo.net\/wp-content\/uploads\/2024\/06\/abreitu22.jpg","articleSection":["ESPORTES","Kart"],"inLanguage":"pt-BR"},{"@type":"WebPage","@id":"https:\/\/universoesportivo.net\/index.php\/2024\/06\/20\/kartodromo-arena-de-itu-recebe-a-4a-etapa-da-copa-paulista-husqvarna-neste-sabado-22-de-junho\/","url":"https:\/\/universoesportivo.net\/index.php\/2024\/06\/20\/kartodromo-arena-de-itu-recebe-a-4a-etapa-da-copa-paulista-husqvarna-neste-sabado-22-de-junho\/","name":"Kart\u00f3dromo Arena de Itu recebe a 4\u00aa etapa da Copa Paulista Husqvarna neste s\u00e1bado, 22 de junho - Universo Esportivo","isPartOf":{"@id":"https:\/\/universoesportivo.net\/#website"},"primaryImageOfPage":{"@id":"https:\/\/universoesportivo.net\/index.php\/2024\/06\/20\/kartodromo-arena-de-itu-recebe-a-4a-etapa-da-copa-paulista-husqvarna-neste-sabado-22-de-junho\/#primaryimage"},"image":{"@id":"https:\/\/universoesportivo.net\/index.php\/2024\/06\/20\/kartodromo-arena-de-itu-recebe-a-4a-etapa-da-copa-paulista-husqvarna-neste-sabado-22-de-junho\/#primaryimage"},"thumbnailUrl":"https:\/\/universoesportivo.net\/wp-content\/uploads\/2024\/06\/abreitu22.jpg","datePublished":"2024-06-21T00:59:58+00:00","dateModified":"2024-06-21T01:05:29+00:00","breadcrumb":{"@id":"https:\/\/universoesportivo.net\/index.php\/2024\/06\/20\/kartodromo-arena-de-itu-recebe-a-4a-etapa-da-copa-paulista-husqvarna-neste-sabado-22-de-junho\/#breadcrumb"},"inLanguage":"pt-BR","potentialAction":[{"@type":"ReadAction","target":["https:\/\/universoesportivo.net\/index.php\/2024\/06\/20\/kartodromo-arena-de-itu-recebe-a-4a-etapa-da-copa-paulista-husqvarna-neste-sabado-22-de-junho\/"]}]},{"@type":"ImageObject","inLanguage":"pt-BR","@id":"https:\/\/universoesportivo.net\/index.php\/2024\/06\/20\/kartodromo-arena-de-itu-recebe-a-4a-etapa-da-copa-paulista-husqvarna-neste-sabado-22-de-junho\/#primaryimage","url":"https:\/\/universoesportivo.net\/wp-content\/uploads\/2024\/06\/abreitu22.jpg","contentUrl":"https:\/\/universoesportivo.net\/wp-content\/uploads\/2024\/06\/abreitu22.jpg","width":407,"height":234},{"@type":"BreadcrumbList","@id":"https:\/\/universoesportivo.net\/index.php\/2024\/06\/20\/kartodromo-arena-de-itu-recebe-a-4a-etapa-da-copa-paulista-husqvarna-neste-sabado-22-de-junho\/#breadcrumb","itemListElement":[{"@type":"ListItem","position":1,"name":"In\u00edcio","item":"https:\/\/universoesportivo.net\/"},{"@type":"ListItem","position":2,"name":"Kart\u00f3dromo Arena de Itu recebe a 4\u00aa etapa da Copa Paulista Husqvarna neste s\u00e1bado, 22 de junho"}]},{"@type":"WebSite","@id":"https:\/\/universoesportivo.net\/#website","url":"https:\/\/universoesportivo.net\/","name":"Universo Esportivo","description":"O portal de todas as modalidades esportivas!","publisher":{"@id":"https:\/\/universoesportivo.net\/#organization"},"alternateName":"Jornalista Tiago Contador Lotto","potentialAction":[{"@type":"SearchAction","target":{"@type":"EntryPoint","urlTemplate":"https:\/\/universoesportivo.net\/?s={search_term_string}"},"query-input":{"@type":"PropertyValueSpecification","valueRequired":true,"valueName":"search_term_string"}}],"inLanguage":"pt-BR"},{"@type":"Organization","@id":"https:\/\/universoesportivo.net\/#organization","name":"Universo Esportivo","alternateName":"Tiago Lotto","url":"https:\/\/universoesportivo.net\/","logo":{"@type":"ImageObject","inLanguage":"pt-BR","@id":"https:\/\/universoesportivo.net\/#\/schema\/logo\/image\/","url":"https:\/\/universoesportivo.net\/wp-content\/uploads\/2024\/05\/cropped-cropped-universo-6.png","contentUrl":"https:\/\/universoesportivo.net\/wp-content\/uploads\/2024\/05\/cropped-cropped-universo-6.png","width":413,"height":295,"caption":"Universo Esportivo"},"image":{"@id":"https:\/\/universoesportivo.net\/#\/schema\/logo\/image\/"},"sameAs":["https:\/\/www.facebook.com\/universoesportivo.net"]},{"@type":"Person","@id":"https:\/\/universoesportivo.net\/#\/schema\/person\/62bc311bc7def56a6bc83711536e74bd","name":"Tiago Lotto","image":{"@type":"ImageObject","inLanguage":"pt-BR","@id":"https:\/\/secure.gravatar.com\/avatar\/fd6891125b3fb6ba0b794cd20c3398d5bb0fa20d2b9963a95f19470e5a6192f7?s=96&d=mm&r=g","url":"https:\/\/secure.gravatar.com\/avatar\/fd6891125b3fb6ba0b794cd20c3398d5bb0fa20d2b9963a95f19470e5a6192f7?s=96&d=mm&r=g","contentUrl":"https:\/\/secure.gravatar.com\/avatar\/fd6891125b3fb6ba0b794cd20c3398d5bb0fa20d2b9963a95f19470e5a6192f7?s=96&d=mm&r=g","caption":"Tiago Lotto"},"url":"https:\/\/universoesportivo.net\/index.php\/author\/tiago-lotto\/"}]}},"jetpack_featured_media_url":"https:\/\/universoesportivo.net\/wp-content\/uploads\/2024\/06\/abreitu22.jpg","_links":{"self":[{"href":"https:\/\/universoesportivo.net\/index.php\/wp-json\/wp\/v2\/posts\/1347","targetHints":{"allow":["GET"]}}],"collection":[{"href":"https:\/\/universoesportivo.net\/index.php\/wp-json\/wp\/v2\/posts"}],"about":[{"href":"https:\/\/universoesportivo.net\/index.php\/wp-json\/wp\/v2\/types\/post"}],"author":[{"embeddable":true,"href":"https:\/\/universoesportivo.net\/index.php\/wp-json\/wp\/v2\/users\/2"}],"replies":[{"embeddable":true,"href":"https:\/\/universoesportivo.net\/index.php\/wp-json\/wp\/v2\/comments?post=1347"}],"version-history":[{"count":1,"href":"https:\/\/universoesportivo.net\/index.php\/wp-json\/wp\/v2\/posts\/1347\/revisions"}],"predecessor-version":[{"id":1349,"href":"https:\/\/universoesportivo.net\/index.php\/wp-json\/wp\/v2\/posts\/1347\/revisions\/1349"}],"wp:featuredmedia":[{"embeddable":true,"href":"https:\/\/universoesportivo.net\/index.php\/wp-json\/wp\/v2\/media\/1350"}],"wp:attachment":[{"href":"https:\/\/universoesportivo.net\/index.php\/wp-json\/wp\/v2\/media?parent=1347"}],"wp:term":[{"taxonomy":"category","embeddable":true,"href":"https:\/\/universoesportivo.net\/index.php\/wp-json\/wp\/v2\/categories?post=1347"},{"taxonomy":"post_tag","embeddable":true,"href":"https:\/\/universoesportivo.net\/index.php\/wp-json\/wp\/v2\/tags?post=1347"}],"curies":[{"name":"wp","href":"https:\/\/api.w.org\/{rel}","templated":true}]}}