{"id":1406,"date":"2024-06-25T20:46:30","date_gmt":"2024-06-25T23:46:30","guid":{"rendered":"https:\/\/universoesportivo.net\/?p=1406"},"modified":"2024-06-25T20:52:41","modified_gmt":"2024-06-25T23:52:41","slug":"taca-triangulo-de-futebol-7-acontece-em-uberlandia-em-agosto","status":"publish","type":"post","link":"https:\/\/universoesportivo.net\/index.php\/2024\/06\/25\/taca-triangulo-de-futebol-7-acontece-em-uberlandia-em-agosto\/","title":{"rendered":"Ta\u00e7a Tri\u00e2ngulo de Futebol 7 acontece em Uberl\u00e2ndia, em agosto"},"content":{"rendered":"\n<p class=\"has-medium-font-size\">A cidade de Uberl\u00e2ndia, em Minas Gerais, ser\u00e1 sede de uma Ta\u00e7a Tri\u00e2ngulo de Futebol 7, o chamado Fut 7. A competi\u00e7\u00e3o ser\u00e1 de 15 a 18 de agosto. A Ta\u00e7a \u00e9 realizada pela equipe do Projeto Social Futuro FC, Projeto Social da cidade de Uberl\u00e2ndia.<\/p>\n\n\n\n<p class=\"has-medium-font-size\">Segundo os organizadores da competi\u00e7\u00e3o, a Ta\u00e7a ser\u00e1 disputada nas categorias sub-7 at\u00e9 sub-15. Os jogos ser\u00e3o realizados no Centro de Treinamento Base Sporting Club Uberl\u00e2ndia, que fica na rua Zulma Costa Abdala, 605, Mans\u00f5es Aeroporto.<\/p>\n\n\n\n<p class=\"has-medium-font-size\">O Fut 7, tamb\u00e9m chamado de Futebol Society, geralmente \u00e9 jogado em grama sint\u00e9tica, por\u00e9m tamb\u00e9m \u00e9 praticado no gramado tradicional. As partidas contam com 2 tempos de 25 minutos. O tempo de jogo e n\u00famero de substitui\u00e7\u00f5es variam de acordo com cada entidade que est\u00e1 organizando o evento.<\/p>\n\n\n\n<p class=\"has-medium-font-size\">A Ta\u00e7a Tri\u00e2ngulo contar\u00e1 com observadores (os chamados olheiros) de times tradicionais do pa\u00eds. Flamengo e Athletico-PR j\u00e1 confirmaram a participa\u00e7\u00e3o com observadores. Outros clubes tamb\u00e9m mostraram interesse e dever\u00e3o acertar em breve.<\/p>\n\n\n\n<p class=\"has-medium-font-size\">As inscri\u00e7\u00f5es para a Ta\u00e7a Triangulo Fut 7 ainda est\u00e3o abertas e os times interessados podem ligar para (34) 991272500.<\/p>\n\n\n\n<p class=\"has-medium-font-size\">Texto: Tiago Lotto \/ Fotos: Divulga\u00e7\u00e3o<\/p>\n\n\n\n<figure class=\"wp-block-image\"><img fetchpriority=\"high\" decoding=\"async\" width=\"381\" height=\"381\" src=\"https:\/\/universoesportivo.net\/wp-content\/uploads\/2024\/06\/abretri11.jpg\" alt=\"\" class=\"wp-image-1409\" srcset=\"https:\/\/universoesportivo.net\/wp-content\/uploads\/2024\/06\/abretri11.jpg 381w, https:\/\/universoesportivo.net\/wp-content\/uploads\/2024\/06\/abretri11-300x300.jpg 300w, https:\/\/universoesportivo.net\/wp-content\/uploads\/2024\/06\/abretri11-150x150.jpg 150w, https:\/\/universoesportivo.net\/wp-content\/uploads\/2024\/06\/abretri11-12x12.jpg 12w\" sizes=\"(max-width: 381px) 100vw, 381px\" \/><\/figure>\n\n\n\n<figure class=\"wp-block-image\"><img decoding=\"async\" width=\"362\" height=\"362\" src=\"https:\/\/universoesportivo.net\/wp-content\/uploads\/2024\/06\/abretri12.jpg\" alt=\"\" class=\"wp-image-1411\" srcset=\"https:\/\/universoesportivo.net\/wp-content\/uploads\/2024\/06\/abretri12.jpg 362w, https:\/\/universoesportivo.net\/wp-content\/uploads\/2024\/06\/abretri12-300x300.jpg 300w, https:\/\/universoesportivo.net\/wp-content\/uploads\/2024\/06\/abretri12-150x150.jpg 150w, https:\/\/universoesportivo.net\/wp-content\/uploads\/2024\/06\/abretri12-12x12.jpg 12w\" sizes=\"(max-width: 362px) 100vw, 362px\" \/><\/figure>\n\n\n\n<figure class=\"wp-block-image\"><img decoding=\"async\" width=\"441\" height=\"441\" src=\"https:\/\/universoesportivo.net\/wp-content\/uploads\/2024\/06\/abretri13.jpg\" alt=\"\" class=\"wp-image-1412\" srcset=\"https:\/\/universoesportivo.net\/wp-content\/uploads\/2024\/06\/abretri13.jpg 441w, https:\/\/universoesportivo.net\/wp-content\/uploads\/2024\/06\/abretri13-300x300.jpg 300w, https:\/\/universoesportivo.net\/wp-content\/uploads\/2024\/06\/abretri13-150x150.jpg 150w, https:\/\/universoesportivo.net\/wp-content\/uploads\/2024\/06\/abretri13-12x12.jpg 12w\" sizes=\"(max-width: 441px) 100vw, 441px\" \/><\/figure>\n","protected":false},"excerpt":{"rendered":"<p>A Ta\u00e7a \u00e9 realizada pelo Projeto Social Futuro FC, Projeto Social de Uberl\u00e2ndia, e ser\u00e1 disputada nas categorias sub-7 at\u00e9 sub-15. <\/p>\n","protected":false},"author":2,"featured_media":1407,"comment_status":"closed","ping_status":"closed","sticky":false,"template":"","format":"standard","meta":{"colormag_page_container_layout":"default_layout","colormag_page_sidebar_layout":"default_layout","footnotes":""},"categories":[17,66],"tags":[],"class_list":["post-1406","post","type-post","status-publish","format-standard","has-post-thumbnail","hentry","category-esportes","category-fut-7"],"magazineBlocksPostFeaturedMedia":{"thumbnail":"https:\/\/universoesportivo.net\/wp-content\/uploads\/2024\/06\/abretriangulo-150x150.jpg","medium":"https:\/\/universoesportivo.net\/wp-content\/uploads\/2024\/06\/abretriangulo-300x249.jpg","medium_large":"https:\/\/universoesportivo.net\/wp-content\/uploads\/2024\/06\/abretriangulo.jpg","large":"https:\/\/universoesportivo.net\/wp-content\/uploads\/2024\/06\/abretriangulo.jpg","1536x1536":"https:\/\/universoesportivo.net\/wp-content\/uploads\/2024\/06\/abretriangulo.jpg","2048x2048":"https:\/\/universoesportivo.net\/wp-content\/uploads\/2024\/06\/abretriangulo.jpg","trp-custom-language-flag":"https:\/\/universoesportivo.net\/wp-content\/uploads\/2024\/06\/abretriangulo-14x12.jpg","colormag-highlighted-post":"https:\/\/universoesportivo.net\/wp-content\/uploads\/2024\/06\/abretriangulo-350x272.jpg","colormag-featured-post-medium":"https:\/\/universoesportivo.net\/wp-content\/uploads\/2024\/06\/abretriangulo-350x205.jpg","colormag-featured-post-small":"https:\/\/universoesportivo.net\/wp-content\/uploads\/2024\/06\/abretriangulo-130x90.jpg","colormag-featured-image":"https:\/\/universoesportivo.net\/wp-content\/uploads\/2024\/06\/abretriangulo.jpg","colormag-default-news":"https:\/\/universoesportivo.net\/wp-content\/uploads\/2024\/06\/abretriangulo-150x150.jpg","colormag-featured-image-large":"https:\/\/universoesportivo.net\/wp-content\/uploads\/2024\/06\/abretriangulo.jpg","colormag-elementor-block-extra-large-thumbnail":"https:\/\/universoesportivo.net\/wp-content\/uploads\/2024\/06\/abretriangulo.jpg","colormag-elementor-grid-large-thumbnail":"https:\/\/universoesportivo.net\/wp-content\/uploads\/2024\/06\/abretriangulo.jpg","colormag-elementor-grid-small-thumbnail":"https:\/\/universoesportivo.net\/wp-content\/uploads\/2024\/06\/abretriangulo-285x290.jpg","colormag-elementor-grid-medium-large-thumbnail":"https:\/\/universoesportivo.net\/wp-content\/uploads\/2024\/06\/abretriangulo-350x198.jpg"},"magazineBlocksPostAuthor":{"name":"Tiago Lotto","avatar":"https:\/\/secure.gravatar.com\/avatar\/fd6891125b3fb6ba0b794cd20c3398d5bb0fa20d2b9963a95f19470e5a6192f7?s=96&d=mm&r=g"},"magazineBlocksPostCommentsNumber":false,"magazineBlocksPostExcerpt":"A Ta\u00e7a \u00e9 realizada pelo Projeto Social Futuro FC, Projeto Social de Uberl\u00e2ndia, e ser\u00e1 disputada nas categorias sub-7 at\u00e9 sub-15. ","magazineBlocksPostCategories":["ESPORTES","Fut 7"],"magazineBlocksPostViewCount":56,"magazineBlocksPostReadTime":2,"magazine_blocks_featured_image_url":{"full":["https:\/\/universoesportivo.net\/wp-content\/uploads\/2024\/06\/abretriangulo.jpg",350,290,false],"medium":["https:\/\/universoesportivo.net\/wp-content\/uploads\/2024\/06\/abretriangulo-300x249.jpg",300,249,true],"thumbnail":["https:\/\/universoesportivo.net\/wp-content\/uploads\/2024\/06\/abretriangulo-150x150.jpg",150,150,true]},"magazine_blocks_author":{"display_name":"Tiago Lotto","author_link":"https:\/\/universoesportivo.net\/index.php\/author\/tiago-lotto\/"},"magazine_blocks_comment":0,"magazine_blocks_author_image":"https:\/\/secure.gravatar.com\/avatar\/fd6891125b3fb6ba0b794cd20c3398d5bb0fa20d2b9963a95f19470e5a6192f7?s=96&d=mm&r=g","magazine_blocks_category":"<a href=\"#\" class=\"category-link category-link-17\">ESPORTES<\/a> <a href=\"#\" class=\"category-link category-link-66\">Fut 7<\/a>","yoast_head":"<!-- This site is optimized with the Yoast SEO plugin v27.4 - https:\/\/yoast.com\/product\/yoast-seo-wordpress\/ -->\n<title>Ta\u00e7a Tri\u00e2ngulo de Futebol 7 acontece em Uberl\u00e2ndia, em agosto - Universo Esportivo<\/title>\n<meta name=\"robots\" content=\"index, follow, max-snippet:-1, max-image-preview:large, max-video-preview:-1\" \/>\n<link rel=\"canonical\" href=\"https:\/\/universoesportivo.net\/index.php\/2024\/06\/25\/taca-triangulo-de-futebol-7-acontece-em-uberlandia-em-agosto\/\" \/>\n<meta property=\"og:locale\" content=\"pt_BR\" \/>\n<meta property=\"og:type\" content=\"article\" \/>\n<meta property=\"og:title\" content=\"Ta\u00e7a Tri\u00e2ngulo de Futebol 7 acontece em Uberl\u00e2ndia, em agosto - Universo Esportivo\" \/>\n<meta property=\"og:description\" content=\"A Ta\u00e7a \u00e9 realizada pelo Projeto Social Futuro FC, Projeto Social de Uberl\u00e2ndia, e ser\u00e1 disputada nas categorias sub-7 at\u00e9 sub-15.\" \/>\n<meta property=\"og:url\" content=\"https:\/\/universoesportivo.net\/index.php\/2024\/06\/25\/taca-triangulo-de-futebol-7-acontece-em-uberlandia-em-agosto\/\" \/>\n<meta property=\"og:site_name\" content=\"Universo Esportivo\" \/>\n<meta property=\"article:publisher\" content=\"https:\/\/www.facebook.com\/universoesportivo.net\" \/>\n<meta property=\"article:published_time\" content=\"2024-06-25T23:46:30+00:00\" \/>\n<meta property=\"article:modified_time\" content=\"2024-06-25T23:52:41+00:00\" \/>\n<meta property=\"og:image\" content=\"https:\/\/universoesportivo.net\/wp-content\/uploads\/2024\/06\/abretriangulo.jpg\" \/>\n\t<meta property=\"og:image:width\" content=\"350\" \/>\n\t<meta property=\"og:image:height\" content=\"290\" \/>\n\t<meta property=\"og:image:type\" content=\"image\/jpeg\" \/>\n<meta name=\"author\" content=\"Tiago Lotto\" \/>\n<meta name=\"twitter:card\" content=\"summary_large_image\" \/>\n<meta name=\"twitter:label1\" content=\"Escrito por\" \/>\n\t<meta name=\"twitter:data1\" content=\"Tiago Lotto\" \/>\n\t<meta name=\"twitter:label2\" content=\"Est. tempo de leitura\" \/>\n\t<meta name=\"twitter:data2\" content=\"2 minutos\" \/>\n<script type=\"application\/ld+json\" class=\"yoast-schema-graph\">{\"@context\":\"https:\\\/\\\/schema.org\",\"@graph\":[{\"@type\":\"Article\",\"@id\":\"https:\\\/\\\/universoesportivo.net\\\/index.php\\\/2024\\\/06\\\/25\\\/taca-triangulo-de-futebol-7-acontece-em-uberlandia-em-agosto\\\/#article\",\"isPartOf\":{\"@id\":\"https:\\\/\\\/universoesportivo.net\\\/index.php\\\/2024\\\/06\\\/25\\\/taca-triangulo-de-futebol-7-acontece-em-uberlandia-em-agosto\\\/\"},\"author\":{\"name\":\"Tiago Lotto\",\"@id\":\"https:\\\/\\\/universoesportivo.net\\\/#\\\/schema\\\/person\\\/62bc311bc7def56a6bc83711536e74bd\"},\"headline\":\"Ta\u00e7a Tri\u00e2ngulo de Futebol 7 acontece em Uberl\u00e2ndia, em agosto\",\"datePublished\":\"2024-06-25T23:46:30+00:00\",\"dateModified\":\"2024-06-25T23:52:41+00:00\",\"mainEntityOfPage\":{\"@id\":\"https:\\\/\\\/universoesportivo.net\\\/index.php\\\/2024\\\/06\\\/25\\\/taca-triangulo-de-futebol-7-acontece-em-uberlandia-em-agosto\\\/\"},\"wordCount\":214,\"publisher\":{\"@id\":\"https:\\\/\\\/universoesportivo.net\\\/#organization\"},\"image\":{\"@id\":\"https:\\\/\\\/universoesportivo.net\\\/index.php\\\/2024\\\/06\\\/25\\\/taca-triangulo-de-futebol-7-acontece-em-uberlandia-em-agosto\\\/#primaryimage\"},\"thumbnailUrl\":\"https:\\\/\\\/universoesportivo.net\\\/wp-content\\\/uploads\\\/2024\\\/06\\\/abretriangulo.jpg\",\"articleSection\":[\"ESPORTES\",\"Fut 7\"],\"inLanguage\":\"pt-BR\"},{\"@type\":\"WebPage\",\"@id\":\"https:\\\/\\\/universoesportivo.net\\\/index.php\\\/2024\\\/06\\\/25\\\/taca-triangulo-de-futebol-7-acontece-em-uberlandia-em-agosto\\\/\",\"url\":\"https:\\\/\\\/universoesportivo.net\\\/index.php\\\/2024\\\/06\\\/25\\\/taca-triangulo-de-futebol-7-acontece-em-uberlandia-em-agosto\\\/\",\"name\":\"Ta\u00e7a Tri\u00e2ngulo de Futebol 7 acontece em Uberl\u00e2ndia, em agosto - Universo Esportivo\",\"isPartOf\":{\"@id\":\"https:\\\/\\\/universoesportivo.net\\\/#website\"},\"primaryImageOfPage\":{\"@id\":\"https:\\\/\\\/universoesportivo.net\\\/index.php\\\/2024\\\/06\\\/25\\\/taca-triangulo-de-futebol-7-acontece-em-uberlandia-em-agosto\\\/#primaryimage\"},\"image\":{\"@id\":\"https:\\\/\\\/universoesportivo.net\\\/index.php\\\/2024\\\/06\\\/25\\\/taca-triangulo-de-futebol-7-acontece-em-uberlandia-em-agosto\\\/#primaryimage\"},\"thumbnailUrl\":\"https:\\\/\\\/universoesportivo.net\\\/wp-content\\\/uploads\\\/2024\\\/06\\\/abretriangulo.jpg\",\"datePublished\":\"2024-06-25T23:46:30+00:00\",\"dateModified\":\"2024-06-25T23:52:41+00:00\",\"breadcrumb\":{\"@id\":\"https:\\\/\\\/universoesportivo.net\\\/index.php\\\/2024\\\/06\\\/25\\\/taca-triangulo-de-futebol-7-acontece-em-uberlandia-em-agosto\\\/#breadcrumb\"},\"inLanguage\":\"pt-BR\",\"potentialAction\":[{\"@type\":\"ReadAction\",\"target\":[\"https:\\\/\\\/universoesportivo.net\\\/index.php\\\/2024\\\/06\\\/25\\\/taca-triangulo-de-futebol-7-acontece-em-uberlandia-em-agosto\\\/\"]}]},{\"@type\":\"ImageObject\",\"inLanguage\":\"pt-BR\",\"@id\":\"https:\\\/\\\/universoesportivo.net\\\/index.php\\\/2024\\\/06\\\/25\\\/taca-triangulo-de-futebol-7-acontece-em-uberlandia-em-agosto\\\/#primaryimage\",\"url\":\"https:\\\/\\\/universoesportivo.net\\\/wp-content\\\/uploads\\\/2024\\\/06\\\/abretriangulo.jpg\",\"contentUrl\":\"https:\\\/\\\/universoesportivo.net\\\/wp-content\\\/uploads\\\/2024\\\/06\\\/abretriangulo.jpg\",\"width\":350,\"height\":290},{\"@type\":\"BreadcrumbList\",\"@id\":\"https:\\\/\\\/universoesportivo.net\\\/index.php\\\/2024\\\/06\\\/25\\\/taca-triangulo-de-futebol-7-acontece-em-uberlandia-em-agosto\\\/#breadcrumb\",\"itemListElement\":[{\"@type\":\"ListItem\",\"position\":1,\"name\":\"In\u00edcio\",\"item\":\"https:\\\/\\\/universoesportivo.net\\\/\"},{\"@type\":\"ListItem\",\"position\":2,\"name\":\"Ta\u00e7a Tri\u00e2ngulo de Futebol 7 acontece em Uberl\u00e2ndia, em agosto\"}]},{\"@type\":\"WebSite\",\"@id\":\"https:\\\/\\\/universoesportivo.net\\\/#website\",\"url\":\"https:\\\/\\\/universoesportivo.net\\\/\",\"name\":\"Universo Esportivo\",\"description\":\"O portal de todas as modalidades esportivas!\",\"publisher\":{\"@id\":\"https:\\\/\\\/universoesportivo.net\\\/#organization\"},\"alternateName\":\"Jornalista Tiago Contador Lotto\",\"potentialAction\":[{\"@type\":\"SearchAction\",\"target\":{\"@type\":\"EntryPoint\",\"urlTemplate\":\"https:\\\/\\\/universoesportivo.net\\\/?s={search_term_string}\"},\"query-input\":{\"@type\":\"PropertyValueSpecification\",\"valueRequired\":true,\"valueName\":\"search_term_string\"}}],\"inLanguage\":\"pt-BR\"},{\"@type\":\"Organization\",\"@id\":\"https:\\\/\\\/universoesportivo.net\\\/#organization\",\"name\":\"Universo Esportivo\",\"alternateName\":\"Tiago Lotto\",\"url\":\"https:\\\/\\\/universoesportivo.net\\\/\",\"logo\":{\"@type\":\"ImageObject\",\"inLanguage\":\"pt-BR\",\"@id\":\"https:\\\/\\\/universoesportivo.net\\\/#\\\/schema\\\/logo\\\/image\\\/\",\"url\":\"https:\\\/\\\/universoesportivo.net\\\/wp-content\\\/uploads\\\/2024\\\/05\\\/cropped-cropped-universo-6.png\",\"contentUrl\":\"https:\\\/\\\/universoesportivo.net\\\/wp-content\\\/uploads\\\/2024\\\/05\\\/cropped-cropped-universo-6.png\",\"width\":413,\"height\":295,\"caption\":\"Universo Esportivo\"},\"image\":{\"@id\":\"https:\\\/\\\/universoesportivo.net\\\/#\\\/schema\\\/logo\\\/image\\\/\"},\"sameAs\":[\"https:\\\/\\\/www.facebook.com\\\/universoesportivo.net\"]},{\"@type\":\"Person\",\"@id\":\"https:\\\/\\\/universoesportivo.net\\\/#\\\/schema\\\/person\\\/62bc311bc7def56a6bc83711536e74bd\",\"name\":\"Tiago Lotto\",\"image\":{\"@type\":\"ImageObject\",\"inLanguage\":\"pt-BR\",\"@id\":\"https:\\\/\\\/secure.gravatar.com\\\/avatar\\\/fd6891125b3fb6ba0b794cd20c3398d5bb0fa20d2b9963a95f19470e5a6192f7?s=96&d=mm&r=g\",\"url\":\"https:\\\/\\\/secure.gravatar.com\\\/avatar\\\/fd6891125b3fb6ba0b794cd20c3398d5bb0fa20d2b9963a95f19470e5a6192f7?s=96&d=mm&r=g\",\"contentUrl\":\"https:\\\/\\\/secure.gravatar.com\\\/avatar\\\/fd6891125b3fb6ba0b794cd20c3398d5bb0fa20d2b9963a95f19470e5a6192f7?s=96&d=mm&r=g\",\"caption\":\"Tiago Lotto\"},\"url\":\"https:\\\/\\\/universoesportivo.net\\\/index.php\\\/author\\\/tiago-lotto\\\/\"}]}<\/script>\n<!-- \/ Yoast SEO plugin. -->","yoast_head_json":{"title":"Ta\u00e7a Tri\u00e2ngulo de Futebol 7 acontece em Uberl\u00e2ndia, em agosto - Universo Esportivo","robots":{"index":"index","follow":"follow","max-snippet":"max-snippet:-1","max-image-preview":"max-image-preview:large","max-video-preview":"max-video-preview:-1"},"canonical":"https:\/\/universoesportivo.net\/index.php\/2024\/06\/25\/taca-triangulo-de-futebol-7-acontece-em-uberlandia-em-agosto\/","og_locale":"pt_BR","og_type":"article","og_title":"Ta\u00e7a Tri\u00e2ngulo de Futebol 7 acontece em Uberl\u00e2ndia, em agosto - Universo Esportivo","og_description":"A Ta\u00e7a \u00e9 realizada pelo Projeto Social Futuro FC, Projeto Social de Uberl\u00e2ndia, e ser\u00e1 disputada nas categorias sub-7 at\u00e9 sub-15.","og_url":"https:\/\/universoesportivo.net\/index.php\/2024\/06\/25\/taca-triangulo-de-futebol-7-acontece-em-uberlandia-em-agosto\/","og_site_name":"Universo Esportivo","article_publisher":"https:\/\/www.facebook.com\/universoesportivo.net","article_published_time":"2024-06-25T23:46:30+00:00","article_modified_time":"2024-06-25T23:52:41+00:00","og_image":[{"width":350,"height":290,"url":"https:\/\/universoesportivo.net\/wp-content\/uploads\/2024\/06\/abretriangulo.jpg","type":"image\/jpeg"}],"author":"Tiago Lotto","twitter_card":"summary_large_image","twitter_misc":{"Escrito por":"Tiago Lotto","Est. tempo de leitura":"2 minutos"},"schema":{"@context":"https:\/\/schema.org","@graph":[{"@type":"Article","@id":"https:\/\/universoesportivo.net\/index.php\/2024\/06\/25\/taca-triangulo-de-futebol-7-acontece-em-uberlandia-em-agosto\/#article","isPartOf":{"@id":"https:\/\/universoesportivo.net\/index.php\/2024\/06\/25\/taca-triangulo-de-futebol-7-acontece-em-uberlandia-em-agosto\/"},"author":{"name":"Tiago Lotto","@id":"https:\/\/universoesportivo.net\/#\/schema\/person\/62bc311bc7def56a6bc83711536e74bd"},"headline":"Ta\u00e7a Tri\u00e2ngulo de Futebol 7 acontece em Uberl\u00e2ndia, em agosto","datePublished":"2024-06-25T23:46:30+00:00","dateModified":"2024-06-25T23:52:41+00:00","mainEntityOfPage":{"@id":"https:\/\/universoesportivo.net\/index.php\/2024\/06\/25\/taca-triangulo-de-futebol-7-acontece-em-uberlandia-em-agosto\/"},"wordCount":214,"publisher":{"@id":"https:\/\/universoesportivo.net\/#organization"},"image":{"@id":"https:\/\/universoesportivo.net\/index.php\/2024\/06\/25\/taca-triangulo-de-futebol-7-acontece-em-uberlandia-em-agosto\/#primaryimage"},"thumbnailUrl":"https:\/\/universoesportivo.net\/wp-content\/uploads\/2024\/06\/abretriangulo.jpg","articleSection":["ESPORTES","Fut 7"],"inLanguage":"pt-BR"},{"@type":"WebPage","@id":"https:\/\/universoesportivo.net\/index.php\/2024\/06\/25\/taca-triangulo-de-futebol-7-acontece-em-uberlandia-em-agosto\/","url":"https:\/\/universoesportivo.net\/index.php\/2024\/06\/25\/taca-triangulo-de-futebol-7-acontece-em-uberlandia-em-agosto\/","name":"Ta\u00e7a Tri\u00e2ngulo de Futebol 7 acontece em Uberl\u00e2ndia, em agosto - Universo Esportivo","isPartOf":{"@id":"https:\/\/universoesportivo.net\/#website"},"primaryImageOfPage":{"@id":"https:\/\/universoesportivo.net\/index.php\/2024\/06\/25\/taca-triangulo-de-futebol-7-acontece-em-uberlandia-em-agosto\/#primaryimage"},"image":{"@id":"https:\/\/universoesportivo.net\/index.php\/2024\/06\/25\/taca-triangulo-de-futebol-7-acontece-em-uberlandia-em-agosto\/#primaryimage"},"thumbnailUrl":"https:\/\/universoesportivo.net\/wp-content\/uploads\/2024\/06\/abretriangulo.jpg","datePublished":"2024-06-25T23:46:30+00:00","dateModified":"2024-06-25T23:52:41+00:00","breadcrumb":{"@id":"https:\/\/universoesportivo.net\/index.php\/2024\/06\/25\/taca-triangulo-de-futebol-7-acontece-em-uberlandia-em-agosto\/#breadcrumb"},"inLanguage":"pt-BR","potentialAction":[{"@type":"ReadAction","target":["https:\/\/universoesportivo.net\/index.php\/2024\/06\/25\/taca-triangulo-de-futebol-7-acontece-em-uberlandia-em-agosto\/"]}]},{"@type":"ImageObject","inLanguage":"pt-BR","@id":"https:\/\/universoesportivo.net\/index.php\/2024\/06\/25\/taca-triangulo-de-futebol-7-acontece-em-uberlandia-em-agosto\/#primaryimage","url":"https:\/\/universoesportivo.net\/wp-content\/uploads\/2024\/06\/abretriangulo.jpg","contentUrl":"https:\/\/universoesportivo.net\/wp-content\/uploads\/2024\/06\/abretriangulo.jpg","width":350,"height":290},{"@type":"BreadcrumbList","@id":"https:\/\/universoesportivo.net\/index.php\/2024\/06\/25\/taca-triangulo-de-futebol-7-acontece-em-uberlandia-em-agosto\/#breadcrumb","itemListElement":[{"@type":"ListItem","position":1,"name":"In\u00edcio","item":"https:\/\/universoesportivo.net\/"},{"@type":"ListItem","position":2,"name":"Ta\u00e7a Tri\u00e2ngulo de Futebol 7 acontece em Uberl\u00e2ndia, em agosto"}]},{"@type":"WebSite","@id":"https:\/\/universoesportivo.net\/#website","url":"https:\/\/universoesportivo.net\/","name":"Universo Esportivo","description":"O portal de todas as modalidades esportivas!","publisher":{"@id":"https:\/\/universoesportivo.net\/#organization"},"alternateName":"Jornalista Tiago Contador Lotto","potentialAction":[{"@type":"SearchAction","target":{"@type":"EntryPoint","urlTemplate":"https:\/\/universoesportivo.net\/?s={search_term_string}"},"query-input":{"@type":"PropertyValueSpecification","valueRequired":true,"valueName":"search_term_string"}}],"inLanguage":"pt-BR"},{"@type":"Organization","@id":"https:\/\/universoesportivo.net\/#organization","name":"Universo Esportivo","alternateName":"Tiago Lotto","url":"https:\/\/universoesportivo.net\/","logo":{"@type":"ImageObject","inLanguage":"pt-BR","@id":"https:\/\/universoesportivo.net\/#\/schema\/logo\/image\/","url":"https:\/\/universoesportivo.net\/wp-content\/uploads\/2024\/05\/cropped-cropped-universo-6.png","contentUrl":"https:\/\/universoesportivo.net\/wp-content\/uploads\/2024\/05\/cropped-cropped-universo-6.png","width":413,"height":295,"caption":"Universo Esportivo"},"image":{"@id":"https:\/\/universoesportivo.net\/#\/schema\/logo\/image\/"},"sameAs":["https:\/\/www.facebook.com\/universoesportivo.net"]},{"@type":"Person","@id":"https:\/\/universoesportivo.net\/#\/schema\/person\/62bc311bc7def56a6bc83711536e74bd","name":"Tiago Lotto","image":{"@type":"ImageObject","inLanguage":"pt-BR","@id":"https:\/\/secure.gravatar.com\/avatar\/fd6891125b3fb6ba0b794cd20c3398d5bb0fa20d2b9963a95f19470e5a6192f7?s=96&d=mm&r=g","url":"https:\/\/secure.gravatar.com\/avatar\/fd6891125b3fb6ba0b794cd20c3398d5bb0fa20d2b9963a95f19470e5a6192f7?s=96&d=mm&r=g","contentUrl":"https:\/\/secure.gravatar.com\/avatar\/fd6891125b3fb6ba0b794cd20c3398d5bb0fa20d2b9963a95f19470e5a6192f7?s=96&d=mm&r=g","caption":"Tiago Lotto"},"url":"https:\/\/universoesportivo.net\/index.php\/author\/tiago-lotto\/"}]}},"jetpack_featured_media_url":"https:\/\/universoesportivo.net\/wp-content\/uploads\/2024\/06\/abretriangulo.jpg","_links":{"self":[{"href":"https:\/\/universoesportivo.net\/index.php\/wp-json\/wp\/v2\/posts\/1406","targetHints":{"allow":["GET"]}}],"collection":[{"href":"https:\/\/universoesportivo.net\/index.php\/wp-json\/wp\/v2\/posts"}],"about":[{"href":"https:\/\/universoesportivo.net\/index.php\/wp-json\/wp\/v2\/types\/post"}],"author":[{"embeddable":true,"href":"https:\/\/universoesportivo.net\/index.php\/wp-json\/wp\/v2\/users\/2"}],"replies":[{"embeddable":true,"href":"https:\/\/universoesportivo.net\/index.php\/wp-json\/wp\/v2\/comments?post=1406"}],"version-history":[{"count":2,"href":"https:\/\/universoesportivo.net\/index.php\/wp-json\/wp\/v2\/posts\/1406\/revisions"}],"predecessor-version":[{"id":1413,"href":"https:\/\/universoesportivo.net\/index.php\/wp-json\/wp\/v2\/posts\/1406\/revisions\/1413"}],"wp:featuredmedia":[{"embeddable":true,"href":"https:\/\/universoesportivo.net\/index.php\/wp-json\/wp\/v2\/media\/1407"}],"wp:attachment":[{"href":"https:\/\/universoesportivo.net\/index.php\/wp-json\/wp\/v2\/media?parent=1406"}],"wp:term":[{"taxonomy":"category","embeddable":true,"href":"https:\/\/universoesportivo.net\/index.php\/wp-json\/wp\/v2\/categories?post=1406"},{"taxonomy":"post_tag","embeddable":true,"href":"https:\/\/universoesportivo.net\/index.php\/wp-json\/wp\/v2\/tags?post=1406"}],"curies":[{"name":"wp","href":"https:\/\/api.w.org\/{rel}","templated":true}]}}