{"id":1437,"date":"2024-06-27T11:48:54","date_gmt":"2024-06-27T14:48:54","guid":{"rendered":"https:\/\/universoesportivo.net\/?p=1437"},"modified":"2024-06-27T11:48:55","modified_gmt":"2024-06-27T14:48:55","slug":"natacao-da-smel-catanduva-vai-disputar-a-copa-sp-de-inverno-evento-da-federacao-aquatica-paulista","status":"publish","type":"post","link":"https:\/\/universoesportivo.net\/index.php\/2024\/06\/27\/natacao-da-smel-catanduva-vai-disputar-a-copa-sp-de-inverno-evento-da-federacao-aquatica-paulista\/","title":{"rendered":"Nata\u00e7\u00e3o da Smel Catanduva vai disputar a Copa SP de Inverno, evento da Federa\u00e7\u00e3o Aqu\u00e1tica Paulista"},"content":{"rendered":"\n<p class=\"has-medium-font-size\">A equipe de nata\u00e7\u00e3o da Secretaria Municipal de Esportes e Lazer (Smel) de Catanduva vai disputar nos dias 28, 29 e 30 de junho da Copa S\u00e3o Paulo de Inverno, competi\u00e7\u00e3o oficial da Federa\u00e7\u00e3o Aqu\u00e1tica Paulista (FAP). A competi\u00e7\u00e3o ser\u00e1 na cidade de S\u00e3o Andr\u00e9.<\/p>\n\n\n\n<p class=\"has-medium-font-size\">Segundo os organizadores do evento, mais de 900 atletas estar\u00e3o reunidos no Complexo Esportivo Pedro Dell Antonia, onde as provas ser\u00e3o realizadas. No total, 44 clubes est\u00e3o inscritos na competi\u00e7\u00e3o, sendo do interior, litoral e capital.<\/p>\n\n\n\n<p class=\"has-medium-font-size\">A t\u00e9cnica da equipe da Smel, Andrea Malfar\u00e1, disse que a equipe vai disputar a Copa SP de Inverno com 19 atletas. \u201cOs treinos dessa semana est\u00e3o sendo realizados pensando na competi\u00e7\u00e3o de Santo Andr\u00e9\u201d, comentou ela.<\/p>\n\n\n\n<p class=\"has-medium-font-size\">Na \u00faltima semana, em Assis, a equipe da nata\u00e7\u00e3o da Smel Catanduva disputou a 5\u00aa etapa da Liga Paulista de Nata\u00e7\u00e3o. Os atletas catanduvenses conquistaram 7 medalhas de ouro, 6 de prata e 6 de bronze.<\/p>\n\n\n\n<p class=\"has-medium-font-size\">Depois de competir em Santo Andr\u00e9, a Smel vai disputar o Campeonato Paulista Infantil de Nata\u00e7\u00e3o, que ser\u00e1 no Sport Club Corinthians, em S\u00e3o Paulo. Na sequ\u00eancia, os nadadores de Catanduva ir\u00e3o disputar os Jogos Regionais, que ser\u00e3o em Ara\u00e7atuba.<\/p>\n\n\n\n<p class=\"has-medium-font-size\">Texto: Tiago Lotto \/ Foto: Divulga\u00e7\u00e3o<\/p>\n","protected":false},"excerpt":{"rendered":"<p>Mais de 900 atletas estar\u00e3o no Complexo Esportivo Pedro Dell Antonia, onde as provas ser\u00e3o realizadas. No total,  s\u00e3o 44 clubes inscritos.<\/p>\n","protected":false},"author":2,"featured_media":1438,"comment_status":"closed","ping_status":"closed","sticky":false,"template":"","format":"standard","meta":{"colormag_page_container_layout":"default_layout","colormag_page_sidebar_layout":"default_layout","footnotes":""},"categories":[17,50],"tags":[],"class_list":["post-1437","post","type-post","status-publish","format-standard","has-post-thumbnail","hentry","category-esportes","category-natacao"],"magazineBlocksPostFeaturedMedia":{"thumbnail":"https:\/\/universoesportivo.net\/wp-content\/uploads\/2024\/06\/abrenadarassis-150x150.jpg","medium":"https:\/\/universoesportivo.net\/wp-content\/uploads\/2024\/06\/abrenadarassis-300x235.jpg","medium_large":"https:\/\/universoesportivo.net\/wp-content\/uploads\/2024\/06\/abrenadarassis.jpg","large":"https:\/\/universoesportivo.net\/wp-content\/uploads\/2024\/06\/abrenadarassis.jpg","1536x1536":"https:\/\/universoesportivo.net\/wp-content\/uploads\/2024\/06\/abrenadarassis.jpg","2048x2048":"https:\/\/universoesportivo.net\/wp-content\/uploads\/2024\/06\/abrenadarassis.jpg","trp-custom-language-flag":"https:\/\/universoesportivo.net\/wp-content\/uploads\/2024\/06\/abrenadarassis-15x12.jpg","colormag-highlighted-post":"https:\/\/universoesportivo.net\/wp-content\/uploads\/2024\/06\/abrenadarassis-392x272.jpg","colormag-featured-post-medium":"https:\/\/universoesportivo.net\/wp-content\/uploads\/2024\/06\/abrenadarassis-390x205.jpg","colormag-featured-post-small":"https:\/\/universoesportivo.net\/wp-content\/uploads\/2024\/06\/abrenadarassis-130x90.jpg","colormag-featured-image":"https:\/\/universoesportivo.net\/wp-content\/uploads\/2024\/06\/abrenadarassis.jpg","colormag-default-news":"https:\/\/universoesportivo.net\/wp-content\/uploads\/2024\/06\/abrenadarassis-150x150.jpg","colormag-featured-image-large":"https:\/\/universoesportivo.net\/wp-content\/uploads\/2024\/06\/abrenadarassis.jpg","colormag-elementor-block-extra-large-thumbnail":"https:\/\/universoesportivo.net\/wp-content\/uploads\/2024\/06\/abrenadarassis.jpg","colormag-elementor-grid-large-thumbnail":"https:\/\/universoesportivo.net\/wp-content\/uploads\/2024\/06\/abrenadarassis.jpg","colormag-elementor-grid-small-thumbnail":"https:\/\/universoesportivo.net\/wp-content\/uploads\/2024\/06\/abrenadarassis-285x353.jpg","colormag-elementor-grid-medium-large-thumbnail":"https:\/\/universoesportivo.net\/wp-content\/uploads\/2024\/06\/abrenadarassis-450x198.jpg"},"magazineBlocksPostAuthor":{"name":"Tiago Lotto","avatar":"https:\/\/secure.gravatar.com\/avatar\/fd6891125b3fb6ba0b794cd20c3398d5bb0fa20d2b9963a95f19470e5a6192f7?s=96&d=mm&r=g"},"magazineBlocksPostCommentsNumber":false,"magazineBlocksPostExcerpt":"Mais de 900 atletas estar\u00e3o no Complexo Esportivo Pedro Dell Antonia, onde as provas ser\u00e3o realizadas. No total,  s\u00e3o 44 clubes inscritos.","magazineBlocksPostCategories":["ESPORTES","Nata\u00e7\u00e3o"],"magazineBlocksPostViewCount":36,"magazineBlocksPostReadTime":2,"magazine_blocks_featured_image_url":{"full":["https:\/\/universoesportivo.net\/wp-content\/uploads\/2024\/06\/abrenadarassis.jpg",450,353,false],"medium":["https:\/\/universoesportivo.net\/wp-content\/uploads\/2024\/06\/abrenadarassis-300x235.jpg",300,235,true],"thumbnail":["https:\/\/universoesportivo.net\/wp-content\/uploads\/2024\/06\/abrenadarassis-150x150.jpg",150,150,true]},"magazine_blocks_author":{"display_name":"Tiago Lotto","author_link":"https:\/\/universoesportivo.net\/index.php\/author\/tiago-lotto\/"},"magazine_blocks_comment":0,"magazine_blocks_author_image":"https:\/\/secure.gravatar.com\/avatar\/fd6891125b3fb6ba0b794cd20c3398d5bb0fa20d2b9963a95f19470e5a6192f7?s=96&d=mm&r=g","magazine_blocks_category":"<a href=\"#\" class=\"category-link category-link-17\">ESPORTES<\/a> <a href=\"#\" class=\"category-link category-link-50\">Nata\u00e7\u00e3o<\/a>","yoast_head":"<!-- This site is optimized with the Yoast SEO plugin v27.4 - https:\/\/yoast.com\/product\/yoast-seo-wordpress\/ -->\n<title>Nata\u00e7\u00e3o da Smel Catanduva vai disputar a Copa SP de Inverno, evento da Federa\u00e7\u00e3o Aqu\u00e1tica Paulista - Universo Esportivo<\/title>\n<meta name=\"robots\" content=\"index, follow, max-snippet:-1, max-image-preview:large, max-video-preview:-1\" \/>\n<link rel=\"canonical\" href=\"https:\/\/universoesportivo.net\/index.php\/2024\/06\/27\/natacao-da-smel-catanduva-vai-disputar-a-copa-sp-de-inverno-evento-da-federacao-aquatica-paulista\/\" \/>\n<meta property=\"og:locale\" content=\"pt_BR\" \/>\n<meta property=\"og:type\" content=\"article\" \/>\n<meta property=\"og:title\" content=\"Nata\u00e7\u00e3o da Smel Catanduva vai disputar a Copa SP de Inverno, evento da Federa\u00e7\u00e3o Aqu\u00e1tica Paulista - Universo Esportivo\" \/>\n<meta property=\"og:description\" content=\"Mais de 900 atletas estar\u00e3o no Complexo Esportivo Pedro Dell Antonia, onde as provas ser\u00e3o realizadas. No total, s\u00e3o 44 clubes inscritos.\" \/>\n<meta property=\"og:url\" content=\"https:\/\/universoesportivo.net\/index.php\/2024\/06\/27\/natacao-da-smel-catanduva-vai-disputar-a-copa-sp-de-inverno-evento-da-federacao-aquatica-paulista\/\" \/>\n<meta property=\"og:site_name\" content=\"Universo Esportivo\" \/>\n<meta property=\"article:publisher\" content=\"https:\/\/www.facebook.com\/universoesportivo.net\" \/>\n<meta property=\"article:published_time\" content=\"2024-06-27T14:48:54+00:00\" \/>\n<meta property=\"article:modified_time\" content=\"2024-06-27T14:48:55+00:00\" \/>\n<meta property=\"og:image\" content=\"https:\/\/universoesportivo.net\/wp-content\/uploads\/2024\/06\/abrenadarassis.jpg\" \/>\n\t<meta property=\"og:image:width\" content=\"450\" \/>\n\t<meta property=\"og:image:height\" content=\"353\" \/>\n\t<meta property=\"og:image:type\" content=\"image\/jpeg\" \/>\n<meta name=\"author\" content=\"Tiago Lotto\" \/>\n<meta name=\"twitter:card\" content=\"summary_large_image\" \/>\n<meta name=\"twitter:label1\" content=\"Escrito por\" \/>\n\t<meta name=\"twitter:data1\" content=\"Tiago Lotto\" \/>\n\t<meta name=\"twitter:label2\" content=\"Est. tempo de leitura\" \/>\n\t<meta name=\"twitter:data2\" content=\"2 minutos\" \/>\n<script type=\"application\/ld+json\" class=\"yoast-schema-graph\">{\"@context\":\"https:\\\/\\\/schema.org\",\"@graph\":[{\"@type\":\"Article\",\"@id\":\"https:\\\/\\\/universoesportivo.net\\\/index.php\\\/2024\\\/06\\\/27\\\/natacao-da-smel-catanduva-vai-disputar-a-copa-sp-de-inverno-evento-da-federacao-aquatica-paulista\\\/#article\",\"isPartOf\":{\"@id\":\"https:\\\/\\\/universoesportivo.net\\\/index.php\\\/2024\\\/06\\\/27\\\/natacao-da-smel-catanduva-vai-disputar-a-copa-sp-de-inverno-evento-da-federacao-aquatica-paulista\\\/\"},\"author\":{\"name\":\"Tiago Lotto\",\"@id\":\"https:\\\/\\\/universoesportivo.net\\\/#\\\/schema\\\/person\\\/62bc311bc7def56a6bc83711536e74bd\"},\"headline\":\"Nata\u00e7\u00e3o da Smel Catanduva vai disputar a Copa SP de Inverno, evento da Federa\u00e7\u00e3o Aqu\u00e1tica Paulista\",\"datePublished\":\"2024-06-27T14:48:54+00:00\",\"dateModified\":\"2024-06-27T14:48:55+00:00\",\"mainEntityOfPage\":{\"@id\":\"https:\\\/\\\/universoesportivo.net\\\/index.php\\\/2024\\\/06\\\/27\\\/natacao-da-smel-catanduva-vai-disputar-a-copa-sp-de-inverno-evento-da-federacao-aquatica-paulista\\\/\"},\"wordCount\":231,\"publisher\":{\"@id\":\"https:\\\/\\\/universoesportivo.net\\\/#organization\"},\"image\":{\"@id\":\"https:\\\/\\\/universoesportivo.net\\\/index.php\\\/2024\\\/06\\\/27\\\/natacao-da-smel-catanduva-vai-disputar-a-copa-sp-de-inverno-evento-da-federacao-aquatica-paulista\\\/#primaryimage\"},\"thumbnailUrl\":\"https:\\\/\\\/universoesportivo.net\\\/wp-content\\\/uploads\\\/2024\\\/06\\\/abrenadarassis.jpg\",\"articleSection\":[\"ESPORTES\",\"Nata\u00e7\u00e3o\"],\"inLanguage\":\"pt-BR\"},{\"@type\":\"WebPage\",\"@id\":\"https:\\\/\\\/universoesportivo.net\\\/index.php\\\/2024\\\/06\\\/27\\\/natacao-da-smel-catanduva-vai-disputar-a-copa-sp-de-inverno-evento-da-federacao-aquatica-paulista\\\/\",\"url\":\"https:\\\/\\\/universoesportivo.net\\\/index.php\\\/2024\\\/06\\\/27\\\/natacao-da-smel-catanduva-vai-disputar-a-copa-sp-de-inverno-evento-da-federacao-aquatica-paulista\\\/\",\"name\":\"Nata\u00e7\u00e3o da Smel Catanduva vai disputar a Copa SP de Inverno, evento da Federa\u00e7\u00e3o Aqu\u00e1tica Paulista - Universo Esportivo\",\"isPartOf\":{\"@id\":\"https:\\\/\\\/universoesportivo.net\\\/#website\"},\"primaryImageOfPage\":{\"@id\":\"https:\\\/\\\/universoesportivo.net\\\/index.php\\\/2024\\\/06\\\/27\\\/natacao-da-smel-catanduva-vai-disputar-a-copa-sp-de-inverno-evento-da-federacao-aquatica-paulista\\\/#primaryimage\"},\"image\":{\"@id\":\"https:\\\/\\\/universoesportivo.net\\\/index.php\\\/2024\\\/06\\\/27\\\/natacao-da-smel-catanduva-vai-disputar-a-copa-sp-de-inverno-evento-da-federacao-aquatica-paulista\\\/#primaryimage\"},\"thumbnailUrl\":\"https:\\\/\\\/universoesportivo.net\\\/wp-content\\\/uploads\\\/2024\\\/06\\\/abrenadarassis.jpg\",\"datePublished\":\"2024-06-27T14:48:54+00:00\",\"dateModified\":\"2024-06-27T14:48:55+00:00\",\"breadcrumb\":{\"@id\":\"https:\\\/\\\/universoesportivo.net\\\/index.php\\\/2024\\\/06\\\/27\\\/natacao-da-smel-catanduva-vai-disputar-a-copa-sp-de-inverno-evento-da-federacao-aquatica-paulista\\\/#breadcrumb\"},\"inLanguage\":\"pt-BR\",\"potentialAction\":[{\"@type\":\"ReadAction\",\"target\":[\"https:\\\/\\\/universoesportivo.net\\\/index.php\\\/2024\\\/06\\\/27\\\/natacao-da-smel-catanduva-vai-disputar-a-copa-sp-de-inverno-evento-da-federacao-aquatica-paulista\\\/\"]}]},{\"@type\":\"ImageObject\",\"inLanguage\":\"pt-BR\",\"@id\":\"https:\\\/\\\/universoesportivo.net\\\/index.php\\\/2024\\\/06\\\/27\\\/natacao-da-smel-catanduva-vai-disputar-a-copa-sp-de-inverno-evento-da-federacao-aquatica-paulista\\\/#primaryimage\",\"url\":\"https:\\\/\\\/universoesportivo.net\\\/wp-content\\\/uploads\\\/2024\\\/06\\\/abrenadarassis.jpg\",\"contentUrl\":\"https:\\\/\\\/universoesportivo.net\\\/wp-content\\\/uploads\\\/2024\\\/06\\\/abrenadarassis.jpg\",\"width\":450,\"height\":353},{\"@type\":\"BreadcrumbList\",\"@id\":\"https:\\\/\\\/universoesportivo.net\\\/index.php\\\/2024\\\/06\\\/27\\\/natacao-da-smel-catanduva-vai-disputar-a-copa-sp-de-inverno-evento-da-federacao-aquatica-paulista\\\/#breadcrumb\",\"itemListElement\":[{\"@type\":\"ListItem\",\"position\":1,\"name\":\"In\u00edcio\",\"item\":\"https:\\\/\\\/universoesportivo.net\\\/\"},{\"@type\":\"ListItem\",\"position\":2,\"name\":\"Nata\u00e7\u00e3o da Smel Catanduva vai disputar a Copa SP de Inverno, evento da Federa\u00e7\u00e3o Aqu\u00e1tica Paulista\"}]},{\"@type\":\"WebSite\",\"@id\":\"https:\\\/\\\/universoesportivo.net\\\/#website\",\"url\":\"https:\\\/\\\/universoesportivo.net\\\/\",\"name\":\"Universo Esportivo\",\"description\":\"O portal de todas as modalidades esportivas!\",\"publisher\":{\"@id\":\"https:\\\/\\\/universoesportivo.net\\\/#organization\"},\"alternateName\":\"Jornalista Tiago Contador Lotto\",\"potentialAction\":[{\"@type\":\"SearchAction\",\"target\":{\"@type\":\"EntryPoint\",\"urlTemplate\":\"https:\\\/\\\/universoesportivo.net\\\/?s={search_term_string}\"},\"query-input\":{\"@type\":\"PropertyValueSpecification\",\"valueRequired\":true,\"valueName\":\"search_term_string\"}}],\"inLanguage\":\"pt-BR\"},{\"@type\":\"Organization\",\"@id\":\"https:\\\/\\\/universoesportivo.net\\\/#organization\",\"name\":\"Universo Esportivo\",\"alternateName\":\"Tiago Lotto\",\"url\":\"https:\\\/\\\/universoesportivo.net\\\/\",\"logo\":{\"@type\":\"ImageObject\",\"inLanguage\":\"pt-BR\",\"@id\":\"https:\\\/\\\/universoesportivo.net\\\/#\\\/schema\\\/logo\\\/image\\\/\",\"url\":\"https:\\\/\\\/universoesportivo.net\\\/wp-content\\\/uploads\\\/2024\\\/05\\\/cropped-cropped-universo-6.png\",\"contentUrl\":\"https:\\\/\\\/universoesportivo.net\\\/wp-content\\\/uploads\\\/2024\\\/05\\\/cropped-cropped-universo-6.png\",\"width\":413,\"height\":295,\"caption\":\"Universo Esportivo\"},\"image\":{\"@id\":\"https:\\\/\\\/universoesportivo.net\\\/#\\\/schema\\\/logo\\\/image\\\/\"},\"sameAs\":[\"https:\\\/\\\/www.facebook.com\\\/universoesportivo.net\"]},{\"@type\":\"Person\",\"@id\":\"https:\\\/\\\/universoesportivo.net\\\/#\\\/schema\\\/person\\\/62bc311bc7def56a6bc83711536e74bd\",\"name\":\"Tiago Lotto\",\"image\":{\"@type\":\"ImageObject\",\"inLanguage\":\"pt-BR\",\"@id\":\"https:\\\/\\\/secure.gravatar.com\\\/avatar\\\/fd6891125b3fb6ba0b794cd20c3398d5bb0fa20d2b9963a95f19470e5a6192f7?s=96&d=mm&r=g\",\"url\":\"https:\\\/\\\/secure.gravatar.com\\\/avatar\\\/fd6891125b3fb6ba0b794cd20c3398d5bb0fa20d2b9963a95f19470e5a6192f7?s=96&d=mm&r=g\",\"contentUrl\":\"https:\\\/\\\/secure.gravatar.com\\\/avatar\\\/fd6891125b3fb6ba0b794cd20c3398d5bb0fa20d2b9963a95f19470e5a6192f7?s=96&d=mm&r=g\",\"caption\":\"Tiago Lotto\"},\"url\":\"https:\\\/\\\/universoesportivo.net\\\/index.php\\\/author\\\/tiago-lotto\\\/\"}]}<\/script>\n<!-- \/ Yoast SEO plugin. -->","yoast_head_json":{"title":"Nata\u00e7\u00e3o da Smel Catanduva vai disputar a Copa SP de Inverno, evento da Federa\u00e7\u00e3o Aqu\u00e1tica Paulista - Universo Esportivo","robots":{"index":"index","follow":"follow","max-snippet":"max-snippet:-1","max-image-preview":"max-image-preview:large","max-video-preview":"max-video-preview:-1"},"canonical":"https:\/\/universoesportivo.net\/index.php\/2024\/06\/27\/natacao-da-smel-catanduva-vai-disputar-a-copa-sp-de-inverno-evento-da-federacao-aquatica-paulista\/","og_locale":"pt_BR","og_type":"article","og_title":"Nata\u00e7\u00e3o da Smel Catanduva vai disputar a Copa SP de Inverno, evento da Federa\u00e7\u00e3o Aqu\u00e1tica Paulista - Universo Esportivo","og_description":"Mais de 900 atletas estar\u00e3o no Complexo Esportivo Pedro Dell Antonia, onde as provas ser\u00e3o realizadas. No total, s\u00e3o 44 clubes inscritos.","og_url":"https:\/\/universoesportivo.net\/index.php\/2024\/06\/27\/natacao-da-smel-catanduva-vai-disputar-a-copa-sp-de-inverno-evento-da-federacao-aquatica-paulista\/","og_site_name":"Universo Esportivo","article_publisher":"https:\/\/www.facebook.com\/universoesportivo.net","article_published_time":"2024-06-27T14:48:54+00:00","article_modified_time":"2024-06-27T14:48:55+00:00","og_image":[{"width":450,"height":353,"url":"https:\/\/universoesportivo.net\/wp-content\/uploads\/2024\/06\/abrenadarassis.jpg","type":"image\/jpeg"}],"author":"Tiago Lotto","twitter_card":"summary_large_image","twitter_misc":{"Escrito por":"Tiago Lotto","Est. tempo de leitura":"2 minutos"},"schema":{"@context":"https:\/\/schema.org","@graph":[{"@type":"Article","@id":"https:\/\/universoesportivo.net\/index.php\/2024\/06\/27\/natacao-da-smel-catanduva-vai-disputar-a-copa-sp-de-inverno-evento-da-federacao-aquatica-paulista\/#article","isPartOf":{"@id":"https:\/\/universoesportivo.net\/index.php\/2024\/06\/27\/natacao-da-smel-catanduva-vai-disputar-a-copa-sp-de-inverno-evento-da-federacao-aquatica-paulista\/"},"author":{"name":"Tiago Lotto","@id":"https:\/\/universoesportivo.net\/#\/schema\/person\/62bc311bc7def56a6bc83711536e74bd"},"headline":"Nata\u00e7\u00e3o da Smel Catanduva vai disputar a Copa SP de Inverno, evento da Federa\u00e7\u00e3o Aqu\u00e1tica Paulista","datePublished":"2024-06-27T14:48:54+00:00","dateModified":"2024-06-27T14:48:55+00:00","mainEntityOfPage":{"@id":"https:\/\/universoesportivo.net\/index.php\/2024\/06\/27\/natacao-da-smel-catanduva-vai-disputar-a-copa-sp-de-inverno-evento-da-federacao-aquatica-paulista\/"},"wordCount":231,"publisher":{"@id":"https:\/\/universoesportivo.net\/#organization"},"image":{"@id":"https:\/\/universoesportivo.net\/index.php\/2024\/06\/27\/natacao-da-smel-catanduva-vai-disputar-a-copa-sp-de-inverno-evento-da-federacao-aquatica-paulista\/#primaryimage"},"thumbnailUrl":"https:\/\/universoesportivo.net\/wp-content\/uploads\/2024\/06\/abrenadarassis.jpg","articleSection":["ESPORTES","Nata\u00e7\u00e3o"],"inLanguage":"pt-BR"},{"@type":"WebPage","@id":"https:\/\/universoesportivo.net\/index.php\/2024\/06\/27\/natacao-da-smel-catanduva-vai-disputar-a-copa-sp-de-inverno-evento-da-federacao-aquatica-paulista\/","url":"https:\/\/universoesportivo.net\/index.php\/2024\/06\/27\/natacao-da-smel-catanduva-vai-disputar-a-copa-sp-de-inverno-evento-da-federacao-aquatica-paulista\/","name":"Nata\u00e7\u00e3o da Smel Catanduva vai disputar a Copa SP de Inverno, evento da Federa\u00e7\u00e3o Aqu\u00e1tica Paulista - Universo Esportivo","isPartOf":{"@id":"https:\/\/universoesportivo.net\/#website"},"primaryImageOfPage":{"@id":"https:\/\/universoesportivo.net\/index.php\/2024\/06\/27\/natacao-da-smel-catanduva-vai-disputar-a-copa-sp-de-inverno-evento-da-federacao-aquatica-paulista\/#primaryimage"},"image":{"@id":"https:\/\/universoesportivo.net\/index.php\/2024\/06\/27\/natacao-da-smel-catanduva-vai-disputar-a-copa-sp-de-inverno-evento-da-federacao-aquatica-paulista\/#primaryimage"},"thumbnailUrl":"https:\/\/universoesportivo.net\/wp-content\/uploads\/2024\/06\/abrenadarassis.jpg","datePublished":"2024-06-27T14:48:54+00:00","dateModified":"2024-06-27T14:48:55+00:00","breadcrumb":{"@id":"https:\/\/universoesportivo.net\/index.php\/2024\/06\/27\/natacao-da-smel-catanduva-vai-disputar-a-copa-sp-de-inverno-evento-da-federacao-aquatica-paulista\/#breadcrumb"},"inLanguage":"pt-BR","potentialAction":[{"@type":"ReadAction","target":["https:\/\/universoesportivo.net\/index.php\/2024\/06\/27\/natacao-da-smel-catanduva-vai-disputar-a-copa-sp-de-inverno-evento-da-federacao-aquatica-paulista\/"]}]},{"@type":"ImageObject","inLanguage":"pt-BR","@id":"https:\/\/universoesportivo.net\/index.php\/2024\/06\/27\/natacao-da-smel-catanduva-vai-disputar-a-copa-sp-de-inverno-evento-da-federacao-aquatica-paulista\/#primaryimage","url":"https:\/\/universoesportivo.net\/wp-content\/uploads\/2024\/06\/abrenadarassis.jpg","contentUrl":"https:\/\/universoesportivo.net\/wp-content\/uploads\/2024\/06\/abrenadarassis.jpg","width":450,"height":353},{"@type":"BreadcrumbList","@id":"https:\/\/universoesportivo.net\/index.php\/2024\/06\/27\/natacao-da-smel-catanduva-vai-disputar-a-copa-sp-de-inverno-evento-da-federacao-aquatica-paulista\/#breadcrumb","itemListElement":[{"@type":"ListItem","position":1,"name":"In\u00edcio","item":"https:\/\/universoesportivo.net\/"},{"@type":"ListItem","position":2,"name":"Nata\u00e7\u00e3o da Smel Catanduva vai disputar a Copa SP de Inverno, evento da Federa\u00e7\u00e3o Aqu\u00e1tica Paulista"}]},{"@type":"WebSite","@id":"https:\/\/universoesportivo.net\/#website","url":"https:\/\/universoesportivo.net\/","name":"Universo Esportivo","description":"O portal de todas as modalidades esportivas!","publisher":{"@id":"https:\/\/universoesportivo.net\/#organization"},"alternateName":"Jornalista Tiago Contador Lotto","potentialAction":[{"@type":"SearchAction","target":{"@type":"EntryPoint","urlTemplate":"https:\/\/universoesportivo.net\/?s={search_term_string}"},"query-input":{"@type":"PropertyValueSpecification","valueRequired":true,"valueName":"search_term_string"}}],"inLanguage":"pt-BR"},{"@type":"Organization","@id":"https:\/\/universoesportivo.net\/#organization","name":"Universo Esportivo","alternateName":"Tiago Lotto","url":"https:\/\/universoesportivo.net\/","logo":{"@type":"ImageObject","inLanguage":"pt-BR","@id":"https:\/\/universoesportivo.net\/#\/schema\/logo\/image\/","url":"https:\/\/universoesportivo.net\/wp-content\/uploads\/2024\/05\/cropped-cropped-universo-6.png","contentUrl":"https:\/\/universoesportivo.net\/wp-content\/uploads\/2024\/05\/cropped-cropped-universo-6.png","width":413,"height":295,"caption":"Universo Esportivo"},"image":{"@id":"https:\/\/universoesportivo.net\/#\/schema\/logo\/image\/"},"sameAs":["https:\/\/www.facebook.com\/universoesportivo.net"]},{"@type":"Person","@id":"https:\/\/universoesportivo.net\/#\/schema\/person\/62bc311bc7def56a6bc83711536e74bd","name":"Tiago Lotto","image":{"@type":"ImageObject","inLanguage":"pt-BR","@id":"https:\/\/secure.gravatar.com\/avatar\/fd6891125b3fb6ba0b794cd20c3398d5bb0fa20d2b9963a95f19470e5a6192f7?s=96&d=mm&r=g","url":"https:\/\/secure.gravatar.com\/avatar\/fd6891125b3fb6ba0b794cd20c3398d5bb0fa20d2b9963a95f19470e5a6192f7?s=96&d=mm&r=g","contentUrl":"https:\/\/secure.gravatar.com\/avatar\/fd6891125b3fb6ba0b794cd20c3398d5bb0fa20d2b9963a95f19470e5a6192f7?s=96&d=mm&r=g","caption":"Tiago Lotto"},"url":"https:\/\/universoesportivo.net\/index.php\/author\/tiago-lotto\/"}]}},"jetpack_featured_media_url":"https:\/\/universoesportivo.net\/wp-content\/uploads\/2024\/06\/abrenadarassis.jpg","_links":{"self":[{"href":"https:\/\/universoesportivo.net\/index.php\/wp-json\/wp\/v2\/posts\/1437","targetHints":{"allow":["GET"]}}],"collection":[{"href":"https:\/\/universoesportivo.net\/index.php\/wp-json\/wp\/v2\/posts"}],"about":[{"href":"https:\/\/universoesportivo.net\/index.php\/wp-json\/wp\/v2\/types\/post"}],"author":[{"embeddable":true,"href":"https:\/\/universoesportivo.net\/index.php\/wp-json\/wp\/v2\/users\/2"}],"replies":[{"embeddable":true,"href":"https:\/\/universoesportivo.net\/index.php\/wp-json\/wp\/v2\/comments?post=1437"}],"version-history":[{"count":1,"href":"https:\/\/universoesportivo.net\/index.php\/wp-json\/wp\/v2\/posts\/1437\/revisions"}],"predecessor-version":[{"id":1439,"href":"https:\/\/universoesportivo.net\/index.php\/wp-json\/wp\/v2\/posts\/1437\/revisions\/1439"}],"wp:featuredmedia":[{"embeddable":true,"href":"https:\/\/universoesportivo.net\/index.php\/wp-json\/wp\/v2\/media\/1438"}],"wp:attachment":[{"href":"https:\/\/universoesportivo.net\/index.php\/wp-json\/wp\/v2\/media?parent=1437"}],"wp:term":[{"taxonomy":"category","embeddable":true,"href":"https:\/\/universoesportivo.net\/index.php\/wp-json\/wp\/v2\/categories?post=1437"},{"taxonomy":"post_tag","embeddable":true,"href":"https:\/\/universoesportivo.net\/index.php\/wp-json\/wp\/v2\/tags?post=1437"}],"curies":[{"name":"wp","href":"https:\/\/api.w.org\/{rel}","templated":true}]}}