{"id":1452,"date":"2024-07-02T19:53:34","date_gmt":"2024-07-02T22:53:34","guid":{"rendered":"https:\/\/universoesportivo.net\/?p=1452"},"modified":"2024-07-02T20:03:44","modified_gmt":"2024-07-02T23:03:44","slug":"atleta-da-base-do-catanduva-f-c-assina-contrato-de-formacao-com-o-coritiba","status":"publish","type":"post","link":"https:\/\/universoesportivo.net\/index.php\/2024\/07\/02\/atleta-da-base-do-catanduva-f-c-assina-contrato-de-formacao-com-o-coritiba\/","title":{"rendered":"Atleta da base do Catanduva F.C. assina contrato de forma\u00e7\u00e3o com o Coritiba"},"content":{"rendered":"\n<p class=\"has-medium-font-size\">O atleta da base do Catanduva Futebol Clube, Paulo Rikelmy Vieira Ara\u00fajo, de 15 anos, assinou contrato de forma\u00e7\u00e3o com o Coritiba Foot Ball Club, de Curitiba-PR. A informa\u00e7\u00e3o \u00e9 da Assessoria de Imprensa do clube.<\/p>\n\n\n\n<p class=\"has-medium-font-size\">Apelidado de Santo, em fun\u00e7\u00e3o de seu mascote, o Catanduva \u00e9 uma equipe profissional do interior paulista. O clube est\u00e1, atualmente, na terceira divis\u00e3o do Estado, o chamado Paulist\u00e3o A-3.<\/p>\n\n\n\n<p class=\"has-medium-font-size\">Paulo Rikelmy, natural de Pedran\u00f3polis-SP, estava jogando o Campeonato Paulista Sub-15 pelo Catanduva Futebol Clube. Na competi\u00e7\u00e3o, o atleta j\u00e1 havia marcado 4 gols e, segundo o clube, vinha se destacando no campeonato. A posi\u00e7\u00e3o do atleta e a data da assinatura com o Coritiba n\u00e3o foram divulgados.<\/p>\n\n\n\n<p class=\"has-medium-font-size\">A assessoria do clube informou, tamb\u00e9m, que \u201ca base do Santo tem parceria com a JP Academy, de Mirassol, que faz toda parte de treinamento e cuidados dos atletas para o campeonato paulista\u201d.<\/p>\n\n\n\n<p class=\"has-medium-font-size\">No Paulista Sub-15, o Catanduva est\u00e1 na segunda fase (de grupos). O l\u00edder do grupo \u00e9 o Ibrachina (9 pontos), seguido do XV de Piracicaba (4 pontos), do Catanduva (2 pontos) e do S\u00e3o Jos\u00e9 (1 ponto). O time catanduvense ainda tem chances de classifica\u00e7\u00e3o.<\/p>\n\n\n\n<p class=\"has-medium-font-size\">No pr\u00f3ximo s\u00e1bado, dia 6, em S\u00e3o Jos\u00e9 dos Campos, a equipe joga contra o S\u00e3o Jos\u00e9. Al\u00e9m desta partida, faltam outras duas para encerrar a segunda fase da competi\u00e7\u00e3o.<\/p>\n\n\n\n<p class=\"has-medium-font-size\">RIQUELME \u2013 O nome Riquelme, com grafia diferente do atleta que vai do Catanduva para o Coritiba, \u00e9 famoso na Argentina.<\/p>\n\n\n\n<p class=\"has-medium-font-size\">Riquelme foi um meia-atacante da sele\u00e7\u00e3o argentina de futebol, conquistando ouro ol\u00edmpico em 2008, em Pequim. Pelo Boca Juniors, foi campe\u00e3o da Libertadores 3 vezes e \u00e9 considerado um \u00eddolo no clube. Atualmente Riquelme \u00e9 vice-presidente do Boca.<\/p>\n\n\n\n<p class=\"has-medium-font-size\">Ser\u00e1 que o nome Paulo Rikelmy foi dado pelo pai do atleta em fun\u00e7\u00e3o do craque Riquelme??<\/p>\n\n\n\n<p class=\"has-medium-font-size\">Texto: Tiago Lotto, com informa\u00e7\u00f5es da assessoria do Catanduva F.C. \/ Fotos: Divulga\u00e7\u00e3o<\/p>\n\n\n\n<figure class=\"wp-block-image\"><img fetchpriority=\"high\" decoding=\"async\" width=\"432\" height=\"432\" src=\"https:\/\/universoesportivo.net\/wp-content\/uploads\/2024\/07\/coxa1.jpg\" alt=\"\" class=\"wp-image-1456\" srcset=\"https:\/\/universoesportivo.net\/wp-content\/uploads\/2024\/07\/coxa1.jpg 432w, https:\/\/universoesportivo.net\/wp-content\/uploads\/2024\/07\/coxa1-300x300.jpg 300w, https:\/\/universoesportivo.net\/wp-content\/uploads\/2024\/07\/coxa1-150x150.jpg 150w, https:\/\/universoesportivo.net\/wp-content\/uploads\/2024\/07\/coxa1-12x12.jpg 12w\" sizes=\"(max-width: 432px) 100vw, 432px\" \/><\/figure>\n","protected":false},"excerpt":{"rendered":"<p>&#8220;Riquelme brasileiro&#8221; vai deixar o interior paulista para jogar no Coritiba, que contratou o jogador que estava disputando o Campeonato Paulista Sub-15.<\/p>\n","protected":false},"author":2,"featured_media":1453,"comment_status":"closed","ping_status":"closed","sticky":false,"template":"","format":"standard","meta":{"colormag_page_container_layout":"default_layout","colormag_page_sidebar_layout":"default_layout","footnotes":""},"categories":[17,43],"tags":[],"class_list":["post-1452","post","type-post","status-publish","format-standard","has-post-thumbnail","hentry","category-esportes","category-futebol"],"magazineBlocksPostFeaturedMedia":{"thumbnail":"https:\/\/universoesportivo.net\/wp-content\/uploads\/2024\/07\/abrecoxa-150x150.jpg","medium":"https:\/\/universoesportivo.net\/wp-content\/uploads\/2024\/07\/abrecoxa-300x195.jpg","medium_large":"https:\/\/universoesportivo.net\/wp-content\/uploads\/2024\/07\/abrecoxa.jpg","large":"https:\/\/universoesportivo.net\/wp-content\/uploads\/2024\/07\/abrecoxa.jpg","1536x1536":"https:\/\/universoesportivo.net\/wp-content\/uploads\/2024\/07\/abrecoxa.jpg","2048x2048":"https:\/\/universoesportivo.net\/wp-content\/uploads\/2024\/07\/abrecoxa.jpg","trp-custom-language-flag":"https:\/\/universoesportivo.net\/wp-content\/uploads\/2024\/07\/abrecoxa-18x12.jpg","colormag-highlighted-post":"https:\/\/universoesportivo.net\/wp-content\/uploads\/2024\/07\/abrecoxa-392x272.jpg","colormag-featured-post-medium":"https:\/\/universoesportivo.net\/wp-content\/uploads\/2024\/07\/abrecoxa-390x205.jpg","colormag-featured-post-small":"https:\/\/universoesportivo.net\/wp-content\/uploads\/2024\/07\/abrecoxa-130x90.jpg","colormag-featured-image":"https:\/\/universoesportivo.net\/wp-content\/uploads\/2024\/07\/abrecoxa.jpg","colormag-default-news":"https:\/\/universoesportivo.net\/wp-content\/uploads\/2024\/07\/abrecoxa-150x150.jpg","colormag-featured-image-large":"https:\/\/universoesportivo.net\/wp-content\/uploads\/2024\/07\/abrecoxa.jpg","colormag-elementor-block-extra-large-thumbnail":"https:\/\/universoesportivo.net\/wp-content\/uploads\/2024\/07\/abrecoxa.jpg","colormag-elementor-grid-large-thumbnail":"https:\/\/universoesportivo.net\/wp-content\/uploads\/2024\/07\/abrecoxa.jpg","colormag-elementor-grid-small-thumbnail":"https:\/\/universoesportivo.net\/wp-content\/uploads\/2024\/07\/abrecoxa-285x280.jpg","colormag-elementor-grid-medium-large-thumbnail":"https:\/\/universoesportivo.net\/wp-content\/uploads\/2024\/07\/abrecoxa-430x198.jpg"},"magazineBlocksPostAuthor":{"name":"Tiago Lotto","avatar":"https:\/\/secure.gravatar.com\/avatar\/fd6891125b3fb6ba0b794cd20c3398d5bb0fa20d2b9963a95f19470e5a6192f7?s=96&d=mm&r=g"},"magazineBlocksPostCommentsNumber":false,"magazineBlocksPostExcerpt":"\"Riquelme brasileiro\" vai deixar o interior paulista para jogar no Coritiba, que contratou o jogador que estava disputando o Campeonato Paulista Sub-15.","magazineBlocksPostCategories":["ESPORTES","Futebol"],"magazineBlocksPostViewCount":33,"magazineBlocksPostReadTime":2,"magazine_blocks_featured_image_url":{"full":["https:\/\/universoesportivo.net\/wp-content\/uploads\/2024\/07\/abrecoxa.jpg",430,280,false],"medium":["https:\/\/universoesportivo.net\/wp-content\/uploads\/2024\/07\/abrecoxa-300x195.jpg",300,195,true],"thumbnail":["https:\/\/universoesportivo.net\/wp-content\/uploads\/2024\/07\/abrecoxa-150x150.jpg",150,150,true]},"magazine_blocks_author":{"display_name":"Tiago Lotto","author_link":"https:\/\/universoesportivo.net\/index.php\/author\/tiago-lotto\/"},"magazine_blocks_comment":0,"magazine_blocks_author_image":"https:\/\/secure.gravatar.com\/avatar\/fd6891125b3fb6ba0b794cd20c3398d5bb0fa20d2b9963a95f19470e5a6192f7?s=96&d=mm&r=g","magazine_blocks_category":"<a href=\"#\" class=\"category-link category-link-17\">ESPORTES<\/a> <a href=\"#\" class=\"category-link category-link-43\">Futebol<\/a>","yoast_head":"<!-- This site is optimized with the Yoast SEO plugin v27.4 - https:\/\/yoast.com\/product\/yoast-seo-wordpress\/ -->\n<title>Atleta da base do Catanduva F.C. assina contrato de forma\u00e7\u00e3o com o Coritiba - Universo Esportivo<\/title>\n<meta name=\"robots\" content=\"index, follow, max-snippet:-1, max-image-preview:large, max-video-preview:-1\" \/>\n<link rel=\"canonical\" href=\"https:\/\/universoesportivo.net\/index.php\/2024\/07\/02\/atleta-da-base-do-catanduva-f-c-assina-contrato-de-formacao-com-o-coritiba\/\" \/>\n<meta property=\"og:locale\" content=\"pt_BR\" \/>\n<meta property=\"og:type\" content=\"article\" \/>\n<meta property=\"og:title\" content=\"Atleta da base do Catanduva F.C. assina contrato de forma\u00e7\u00e3o com o Coritiba - Universo Esportivo\" \/>\n<meta property=\"og:description\" content=\"&quot;Riquelme brasileiro&quot; vai deixar o interior paulista para jogar no Coritiba, que contratou o jogador que estava disputando o Campeonato Paulista Sub-15.\" \/>\n<meta property=\"og:url\" content=\"https:\/\/universoesportivo.net\/index.php\/2024\/07\/02\/atleta-da-base-do-catanduva-f-c-assina-contrato-de-formacao-com-o-coritiba\/\" \/>\n<meta property=\"og:site_name\" content=\"Universo Esportivo\" \/>\n<meta property=\"article:publisher\" content=\"https:\/\/www.facebook.com\/universoesportivo.net\" \/>\n<meta property=\"article:published_time\" content=\"2024-07-02T22:53:34+00:00\" \/>\n<meta property=\"article:modified_time\" content=\"2024-07-02T23:03:44+00:00\" \/>\n<meta property=\"og:image\" content=\"https:\/\/universoesportivo.net\/wp-content\/uploads\/2024\/07\/abrecoxa.jpg\" \/>\n\t<meta property=\"og:image:width\" content=\"430\" \/>\n\t<meta property=\"og:image:height\" content=\"280\" \/>\n\t<meta property=\"og:image:type\" content=\"image\/jpeg\" \/>\n<meta name=\"author\" content=\"Tiago Lotto\" \/>\n<meta name=\"twitter:card\" content=\"summary_large_image\" \/>\n<meta name=\"twitter:label1\" content=\"Escrito por\" \/>\n\t<meta name=\"twitter:data1\" content=\"Tiago Lotto\" \/>\n\t<meta name=\"twitter:label2\" content=\"Est. tempo de leitura\" \/>\n\t<meta name=\"twitter:data2\" content=\"3 minutos\" \/>\n<script type=\"application\/ld+json\" class=\"yoast-schema-graph\">{\"@context\":\"https:\\\/\\\/schema.org\",\"@graph\":[{\"@type\":\"Article\",\"@id\":\"https:\\\/\\\/universoesportivo.net\\\/index.php\\\/2024\\\/07\\\/02\\\/atleta-da-base-do-catanduva-f-c-assina-contrato-de-formacao-com-o-coritiba\\\/#article\",\"isPartOf\":{\"@id\":\"https:\\\/\\\/universoesportivo.net\\\/index.php\\\/2024\\\/07\\\/02\\\/atleta-da-base-do-catanduva-f-c-assina-contrato-de-formacao-com-o-coritiba\\\/\"},\"author\":{\"name\":\"Tiago Lotto\",\"@id\":\"https:\\\/\\\/universoesportivo.net\\\/#\\\/schema\\\/person\\\/62bc311bc7def56a6bc83711536e74bd\"},\"headline\":\"Atleta da base do Catanduva F.C. assina contrato de forma\u00e7\u00e3o com o Coritiba\",\"datePublished\":\"2024-07-02T22:53:34+00:00\",\"dateModified\":\"2024-07-02T23:03:44+00:00\",\"mainEntityOfPage\":{\"@id\":\"https:\\\/\\\/universoesportivo.net\\\/index.php\\\/2024\\\/07\\\/02\\\/atleta-da-base-do-catanduva-f-c-assina-contrato-de-formacao-com-o-coritiba\\\/\"},\"wordCount\":336,\"publisher\":{\"@id\":\"https:\\\/\\\/universoesportivo.net\\\/#organization\"},\"image\":{\"@id\":\"https:\\\/\\\/universoesportivo.net\\\/index.php\\\/2024\\\/07\\\/02\\\/atleta-da-base-do-catanduva-f-c-assina-contrato-de-formacao-com-o-coritiba\\\/#primaryimage\"},\"thumbnailUrl\":\"https:\\\/\\\/universoesportivo.net\\\/wp-content\\\/uploads\\\/2024\\\/07\\\/abrecoxa.jpg\",\"articleSection\":[\"ESPORTES\",\"Futebol\"],\"inLanguage\":\"pt-BR\"},{\"@type\":\"WebPage\",\"@id\":\"https:\\\/\\\/universoesportivo.net\\\/index.php\\\/2024\\\/07\\\/02\\\/atleta-da-base-do-catanduva-f-c-assina-contrato-de-formacao-com-o-coritiba\\\/\",\"url\":\"https:\\\/\\\/universoesportivo.net\\\/index.php\\\/2024\\\/07\\\/02\\\/atleta-da-base-do-catanduva-f-c-assina-contrato-de-formacao-com-o-coritiba\\\/\",\"name\":\"Atleta da base do Catanduva F.C. assina contrato de forma\u00e7\u00e3o com o Coritiba - Universo Esportivo\",\"isPartOf\":{\"@id\":\"https:\\\/\\\/universoesportivo.net\\\/#website\"},\"primaryImageOfPage\":{\"@id\":\"https:\\\/\\\/universoesportivo.net\\\/index.php\\\/2024\\\/07\\\/02\\\/atleta-da-base-do-catanduva-f-c-assina-contrato-de-formacao-com-o-coritiba\\\/#primaryimage\"},\"image\":{\"@id\":\"https:\\\/\\\/universoesportivo.net\\\/index.php\\\/2024\\\/07\\\/02\\\/atleta-da-base-do-catanduva-f-c-assina-contrato-de-formacao-com-o-coritiba\\\/#primaryimage\"},\"thumbnailUrl\":\"https:\\\/\\\/universoesportivo.net\\\/wp-content\\\/uploads\\\/2024\\\/07\\\/abrecoxa.jpg\",\"datePublished\":\"2024-07-02T22:53:34+00:00\",\"dateModified\":\"2024-07-02T23:03:44+00:00\",\"breadcrumb\":{\"@id\":\"https:\\\/\\\/universoesportivo.net\\\/index.php\\\/2024\\\/07\\\/02\\\/atleta-da-base-do-catanduva-f-c-assina-contrato-de-formacao-com-o-coritiba\\\/#breadcrumb\"},\"inLanguage\":\"pt-BR\",\"potentialAction\":[{\"@type\":\"ReadAction\",\"target\":[\"https:\\\/\\\/universoesportivo.net\\\/index.php\\\/2024\\\/07\\\/02\\\/atleta-da-base-do-catanduva-f-c-assina-contrato-de-formacao-com-o-coritiba\\\/\"]}]},{\"@type\":\"ImageObject\",\"inLanguage\":\"pt-BR\",\"@id\":\"https:\\\/\\\/universoesportivo.net\\\/index.php\\\/2024\\\/07\\\/02\\\/atleta-da-base-do-catanduva-f-c-assina-contrato-de-formacao-com-o-coritiba\\\/#primaryimage\",\"url\":\"https:\\\/\\\/universoesportivo.net\\\/wp-content\\\/uploads\\\/2024\\\/07\\\/abrecoxa.jpg\",\"contentUrl\":\"https:\\\/\\\/universoesportivo.net\\\/wp-content\\\/uploads\\\/2024\\\/07\\\/abrecoxa.jpg\",\"width\":430,\"height\":280},{\"@type\":\"BreadcrumbList\",\"@id\":\"https:\\\/\\\/universoesportivo.net\\\/index.php\\\/2024\\\/07\\\/02\\\/atleta-da-base-do-catanduva-f-c-assina-contrato-de-formacao-com-o-coritiba\\\/#breadcrumb\",\"itemListElement\":[{\"@type\":\"ListItem\",\"position\":1,\"name\":\"In\u00edcio\",\"item\":\"https:\\\/\\\/universoesportivo.net\\\/\"},{\"@type\":\"ListItem\",\"position\":2,\"name\":\"Atleta da base do Catanduva F.C. assina contrato de forma\u00e7\u00e3o com o Coritiba\"}]},{\"@type\":\"WebSite\",\"@id\":\"https:\\\/\\\/universoesportivo.net\\\/#website\",\"url\":\"https:\\\/\\\/universoesportivo.net\\\/\",\"name\":\"Universo Esportivo\",\"description\":\"O portal de todas as modalidades esportivas!\",\"publisher\":{\"@id\":\"https:\\\/\\\/universoesportivo.net\\\/#organization\"},\"alternateName\":\"Jornalista Tiago Contador Lotto\",\"potentialAction\":[{\"@type\":\"SearchAction\",\"target\":{\"@type\":\"EntryPoint\",\"urlTemplate\":\"https:\\\/\\\/universoesportivo.net\\\/?s={search_term_string}\"},\"query-input\":{\"@type\":\"PropertyValueSpecification\",\"valueRequired\":true,\"valueName\":\"search_term_string\"}}],\"inLanguage\":\"pt-BR\"},{\"@type\":\"Organization\",\"@id\":\"https:\\\/\\\/universoesportivo.net\\\/#organization\",\"name\":\"Universo Esportivo\",\"alternateName\":\"Tiago Lotto\",\"url\":\"https:\\\/\\\/universoesportivo.net\\\/\",\"logo\":{\"@type\":\"ImageObject\",\"inLanguage\":\"pt-BR\",\"@id\":\"https:\\\/\\\/universoesportivo.net\\\/#\\\/schema\\\/logo\\\/image\\\/\",\"url\":\"https:\\\/\\\/universoesportivo.net\\\/wp-content\\\/uploads\\\/2024\\\/05\\\/cropped-cropped-universo-6.png\",\"contentUrl\":\"https:\\\/\\\/universoesportivo.net\\\/wp-content\\\/uploads\\\/2024\\\/05\\\/cropped-cropped-universo-6.png\",\"width\":413,\"height\":295,\"caption\":\"Universo Esportivo\"},\"image\":{\"@id\":\"https:\\\/\\\/universoesportivo.net\\\/#\\\/schema\\\/logo\\\/image\\\/\"},\"sameAs\":[\"https:\\\/\\\/www.facebook.com\\\/universoesportivo.net\"]},{\"@type\":\"Person\",\"@id\":\"https:\\\/\\\/universoesportivo.net\\\/#\\\/schema\\\/person\\\/62bc311bc7def56a6bc83711536e74bd\",\"name\":\"Tiago Lotto\",\"image\":{\"@type\":\"ImageObject\",\"inLanguage\":\"pt-BR\",\"@id\":\"https:\\\/\\\/secure.gravatar.com\\\/avatar\\\/fd6891125b3fb6ba0b794cd20c3398d5bb0fa20d2b9963a95f19470e5a6192f7?s=96&d=mm&r=g\",\"url\":\"https:\\\/\\\/secure.gravatar.com\\\/avatar\\\/fd6891125b3fb6ba0b794cd20c3398d5bb0fa20d2b9963a95f19470e5a6192f7?s=96&d=mm&r=g\",\"contentUrl\":\"https:\\\/\\\/secure.gravatar.com\\\/avatar\\\/fd6891125b3fb6ba0b794cd20c3398d5bb0fa20d2b9963a95f19470e5a6192f7?s=96&d=mm&r=g\",\"caption\":\"Tiago Lotto\"},\"url\":\"https:\\\/\\\/universoesportivo.net\\\/index.php\\\/author\\\/tiago-lotto\\\/\"}]}<\/script>\n<!-- \/ Yoast SEO plugin. -->","yoast_head_json":{"title":"Atleta da base do Catanduva F.C. assina contrato de forma\u00e7\u00e3o com o Coritiba - Universo Esportivo","robots":{"index":"index","follow":"follow","max-snippet":"max-snippet:-1","max-image-preview":"max-image-preview:large","max-video-preview":"max-video-preview:-1"},"canonical":"https:\/\/universoesportivo.net\/index.php\/2024\/07\/02\/atleta-da-base-do-catanduva-f-c-assina-contrato-de-formacao-com-o-coritiba\/","og_locale":"pt_BR","og_type":"article","og_title":"Atleta da base do Catanduva F.C. assina contrato de forma\u00e7\u00e3o com o Coritiba - Universo Esportivo","og_description":"\"Riquelme brasileiro\" vai deixar o interior paulista para jogar no Coritiba, que contratou o jogador que estava disputando o Campeonato Paulista Sub-15.","og_url":"https:\/\/universoesportivo.net\/index.php\/2024\/07\/02\/atleta-da-base-do-catanduva-f-c-assina-contrato-de-formacao-com-o-coritiba\/","og_site_name":"Universo Esportivo","article_publisher":"https:\/\/www.facebook.com\/universoesportivo.net","article_published_time":"2024-07-02T22:53:34+00:00","article_modified_time":"2024-07-02T23:03:44+00:00","og_image":[{"width":430,"height":280,"url":"https:\/\/universoesportivo.net\/wp-content\/uploads\/2024\/07\/abrecoxa.jpg","type":"image\/jpeg"}],"author":"Tiago Lotto","twitter_card":"summary_large_image","twitter_misc":{"Escrito por":"Tiago Lotto","Est. tempo de leitura":"3 minutos"},"schema":{"@context":"https:\/\/schema.org","@graph":[{"@type":"Article","@id":"https:\/\/universoesportivo.net\/index.php\/2024\/07\/02\/atleta-da-base-do-catanduva-f-c-assina-contrato-de-formacao-com-o-coritiba\/#article","isPartOf":{"@id":"https:\/\/universoesportivo.net\/index.php\/2024\/07\/02\/atleta-da-base-do-catanduva-f-c-assina-contrato-de-formacao-com-o-coritiba\/"},"author":{"name":"Tiago Lotto","@id":"https:\/\/universoesportivo.net\/#\/schema\/person\/62bc311bc7def56a6bc83711536e74bd"},"headline":"Atleta da base do Catanduva F.C. assina contrato de forma\u00e7\u00e3o com o Coritiba","datePublished":"2024-07-02T22:53:34+00:00","dateModified":"2024-07-02T23:03:44+00:00","mainEntityOfPage":{"@id":"https:\/\/universoesportivo.net\/index.php\/2024\/07\/02\/atleta-da-base-do-catanduva-f-c-assina-contrato-de-formacao-com-o-coritiba\/"},"wordCount":336,"publisher":{"@id":"https:\/\/universoesportivo.net\/#organization"},"image":{"@id":"https:\/\/universoesportivo.net\/index.php\/2024\/07\/02\/atleta-da-base-do-catanduva-f-c-assina-contrato-de-formacao-com-o-coritiba\/#primaryimage"},"thumbnailUrl":"https:\/\/universoesportivo.net\/wp-content\/uploads\/2024\/07\/abrecoxa.jpg","articleSection":["ESPORTES","Futebol"],"inLanguage":"pt-BR"},{"@type":"WebPage","@id":"https:\/\/universoesportivo.net\/index.php\/2024\/07\/02\/atleta-da-base-do-catanduva-f-c-assina-contrato-de-formacao-com-o-coritiba\/","url":"https:\/\/universoesportivo.net\/index.php\/2024\/07\/02\/atleta-da-base-do-catanduva-f-c-assina-contrato-de-formacao-com-o-coritiba\/","name":"Atleta da base do Catanduva F.C. assina contrato de forma\u00e7\u00e3o com o Coritiba - Universo Esportivo","isPartOf":{"@id":"https:\/\/universoesportivo.net\/#website"},"primaryImageOfPage":{"@id":"https:\/\/universoesportivo.net\/index.php\/2024\/07\/02\/atleta-da-base-do-catanduva-f-c-assina-contrato-de-formacao-com-o-coritiba\/#primaryimage"},"image":{"@id":"https:\/\/universoesportivo.net\/index.php\/2024\/07\/02\/atleta-da-base-do-catanduva-f-c-assina-contrato-de-formacao-com-o-coritiba\/#primaryimage"},"thumbnailUrl":"https:\/\/universoesportivo.net\/wp-content\/uploads\/2024\/07\/abrecoxa.jpg","datePublished":"2024-07-02T22:53:34+00:00","dateModified":"2024-07-02T23:03:44+00:00","breadcrumb":{"@id":"https:\/\/universoesportivo.net\/index.php\/2024\/07\/02\/atleta-da-base-do-catanduva-f-c-assina-contrato-de-formacao-com-o-coritiba\/#breadcrumb"},"inLanguage":"pt-BR","potentialAction":[{"@type":"ReadAction","target":["https:\/\/universoesportivo.net\/index.php\/2024\/07\/02\/atleta-da-base-do-catanduva-f-c-assina-contrato-de-formacao-com-o-coritiba\/"]}]},{"@type":"ImageObject","inLanguage":"pt-BR","@id":"https:\/\/universoesportivo.net\/index.php\/2024\/07\/02\/atleta-da-base-do-catanduva-f-c-assina-contrato-de-formacao-com-o-coritiba\/#primaryimage","url":"https:\/\/universoesportivo.net\/wp-content\/uploads\/2024\/07\/abrecoxa.jpg","contentUrl":"https:\/\/universoesportivo.net\/wp-content\/uploads\/2024\/07\/abrecoxa.jpg","width":430,"height":280},{"@type":"BreadcrumbList","@id":"https:\/\/universoesportivo.net\/index.php\/2024\/07\/02\/atleta-da-base-do-catanduva-f-c-assina-contrato-de-formacao-com-o-coritiba\/#breadcrumb","itemListElement":[{"@type":"ListItem","position":1,"name":"In\u00edcio","item":"https:\/\/universoesportivo.net\/"},{"@type":"ListItem","position":2,"name":"Atleta da base do Catanduva F.C. assina contrato de forma\u00e7\u00e3o com o Coritiba"}]},{"@type":"WebSite","@id":"https:\/\/universoesportivo.net\/#website","url":"https:\/\/universoesportivo.net\/","name":"Universo Esportivo","description":"O portal de todas as modalidades esportivas!","publisher":{"@id":"https:\/\/universoesportivo.net\/#organization"},"alternateName":"Jornalista Tiago Contador Lotto","potentialAction":[{"@type":"SearchAction","target":{"@type":"EntryPoint","urlTemplate":"https:\/\/universoesportivo.net\/?s={search_term_string}"},"query-input":{"@type":"PropertyValueSpecification","valueRequired":true,"valueName":"search_term_string"}}],"inLanguage":"pt-BR"},{"@type":"Organization","@id":"https:\/\/universoesportivo.net\/#organization","name":"Universo Esportivo","alternateName":"Tiago Lotto","url":"https:\/\/universoesportivo.net\/","logo":{"@type":"ImageObject","inLanguage":"pt-BR","@id":"https:\/\/universoesportivo.net\/#\/schema\/logo\/image\/","url":"https:\/\/universoesportivo.net\/wp-content\/uploads\/2024\/05\/cropped-cropped-universo-6.png","contentUrl":"https:\/\/universoesportivo.net\/wp-content\/uploads\/2024\/05\/cropped-cropped-universo-6.png","width":413,"height":295,"caption":"Universo Esportivo"},"image":{"@id":"https:\/\/universoesportivo.net\/#\/schema\/logo\/image\/"},"sameAs":["https:\/\/www.facebook.com\/universoesportivo.net"]},{"@type":"Person","@id":"https:\/\/universoesportivo.net\/#\/schema\/person\/62bc311bc7def56a6bc83711536e74bd","name":"Tiago Lotto","image":{"@type":"ImageObject","inLanguage":"pt-BR","@id":"https:\/\/secure.gravatar.com\/avatar\/fd6891125b3fb6ba0b794cd20c3398d5bb0fa20d2b9963a95f19470e5a6192f7?s=96&d=mm&r=g","url":"https:\/\/secure.gravatar.com\/avatar\/fd6891125b3fb6ba0b794cd20c3398d5bb0fa20d2b9963a95f19470e5a6192f7?s=96&d=mm&r=g","contentUrl":"https:\/\/secure.gravatar.com\/avatar\/fd6891125b3fb6ba0b794cd20c3398d5bb0fa20d2b9963a95f19470e5a6192f7?s=96&d=mm&r=g","caption":"Tiago Lotto"},"url":"https:\/\/universoesportivo.net\/index.php\/author\/tiago-lotto\/"}]}},"jetpack_featured_media_url":"https:\/\/universoesportivo.net\/wp-content\/uploads\/2024\/07\/abrecoxa.jpg","_links":{"self":[{"href":"https:\/\/universoesportivo.net\/index.php\/wp-json\/wp\/v2\/posts\/1452","targetHints":{"allow":["GET"]}}],"collection":[{"href":"https:\/\/universoesportivo.net\/index.php\/wp-json\/wp\/v2\/posts"}],"about":[{"href":"https:\/\/universoesportivo.net\/index.php\/wp-json\/wp\/v2\/types\/post"}],"author":[{"embeddable":true,"href":"https:\/\/universoesportivo.net\/index.php\/wp-json\/wp\/v2\/users\/2"}],"replies":[{"embeddable":true,"href":"https:\/\/universoesportivo.net\/index.php\/wp-json\/wp\/v2\/comments?post=1452"}],"version-history":[{"count":3,"href":"https:\/\/universoesportivo.net\/index.php\/wp-json\/wp\/v2\/posts\/1452\/revisions"}],"predecessor-version":[{"id":1458,"href":"https:\/\/universoesportivo.net\/index.php\/wp-json\/wp\/v2\/posts\/1452\/revisions\/1458"}],"wp:featuredmedia":[{"embeddable":true,"href":"https:\/\/universoesportivo.net\/index.php\/wp-json\/wp\/v2\/media\/1453"}],"wp:attachment":[{"href":"https:\/\/universoesportivo.net\/index.php\/wp-json\/wp\/v2\/media?parent=1452"}],"wp:term":[{"taxonomy":"category","embeddable":true,"href":"https:\/\/universoesportivo.net\/index.php\/wp-json\/wp\/v2\/categories?post=1452"},{"taxonomy":"post_tag","embeddable":true,"href":"https:\/\/universoesportivo.net\/index.php\/wp-json\/wp\/v2\/tags?post=1452"}],"curies":[{"name":"wp","href":"https:\/\/api.w.org\/{rel}","templated":true}]}}