{"id":1470,"date":"2024-07-04T12:21:57","date_gmt":"2024-07-04T15:21:57","guid":{"rendered":"https:\/\/universoesportivo.net\/?p=1470"},"modified":"2024-07-04T12:21:58","modified_gmt":"2024-07-04T15:21:58","slug":"v11-aldeia-cup-de-kart-volta-a-pista-com-a-6a-etapa-neste-domingo-7-de-julho","status":"publish","type":"post","link":"https:\/\/universoesportivo.net\/index.php\/2024\/07\/04\/v11-aldeia-cup-de-kart-volta-a-pista-com-a-6a-etapa-neste-domingo-7-de-julho\/","title":{"rendered":"V11 Aldeia Cup de Kart volta \u00e0 pista com a 6\u00aa etapa neste domingo, 7 de julho"},"content":{"rendered":"\n<p class=\"has-medium-font-size\">Depois de estabelecer o recorde absoluto de inscritos em seus quatro anos de hist\u00f3ria na rodada anterior, a V11 Aldeia Cup de Kart volta \u00e0 pista neste domingo, dia 7 de julho. A competi\u00e7\u00e3o acontece no Kart\u00f3dromo Aldeia da Serra, em Barueri (SP). A competi\u00e7\u00e3o realiza a 6\u00aa etapa da temporada.<\/p>\n\n\n\n<p class=\"has-medium-font-size\">Esta ser\u00e1 a segunda etapa do segundo turno, que atribui pontua\u00e7\u00e3o dobrada em rela\u00e7\u00e3o ao turno anterior e permite afirmar que a disputa pelo t\u00edtulo permanece aberta em todas as categorias at\u00e9 a \u00faltima etapa, marcada para dezembro.<\/p>\n\n\n\n<p class=\"has-medium-font-size\">\u201cTeremos mais uma vez uma etapa bastante movimentada e, seguindo a linha do que vimos nas anteriores, provas bastante equilibradas\u201d,aposta Vin\u00edcius Escarlate, promotor da V11 Aldeia Cup e propriet\u00e1rio da equipe V11 Kart.<\/p>\n\n\n\n<p class=\"has-medium-font-size\">\u201cE, logicamente, novamente queremos entregar aos pilotos e suas equipes uma etapa \u2018competente\u2019, com uma organiza\u00e7\u00e3o fluindo de forma positiva e hor\u00e1rios cumpridos \u00e0 risca\u201d<em>,&nbsp;<\/em>completa.<\/p>\n\n\n\n<p class=\"has-medium-font-size\">Assim como nas etapas anteriores, a 6\u00aa etapa da V11 Aldeia Cup ter\u00e1 sua tomada de tempos e as duas baterias para cada categoria disputadas no domingo (7), em dois turnos. No primeiro, v\u00e3o \u00e0 pista a F4 Graduados, Mirim e Cadete e no segundo \u00e9 a vez da F4 J\u00fanior e F4 S\u00eanior.<\/p>\n\n\n\n<p class=\"has-medium-font-size\">Ao contr\u00e1rio da etapa anterior, que reuniu 112 inscritos, esta rodada n\u00e3o ter\u00e1 a participa\u00e7\u00e3o das categorias Shifter, Parilla e Mini 2T. A Shifter volta a integrar a programa\u00e7\u00e3o da V11 Aldeia Cup na 7\u00aa etapa e a Parilla e Mini 2T estar\u00e3o presentes na \u00faltima rodada.<\/p>\n\n\n\n<p class=\"has-medium-font-size\">Depois de terem sido disputadas cinco etapas, os l\u00edderes da V11 Aldeia Cup s\u00e3o Gael Ramos (Mirim e Mirim Rookie), Gabriel Souza (Cadete), Felipe Luco (Cadete Rookie), Miguel Silva (F4 J\u00fanior e F4 J\u00fanior Light), Luiz Migliorini (F4 J\u00fanior Rookie), Bruno Souza (F4 Graduados), Bernardo Haydn (F4 Graduados Light), Pedro Vedrossi (F4 Graduados Rookie), Guilherme Silva (F4 S\u00eanior), Caio Mujalli (F4 S\u00eanior Light), Ramon Costa (F4 S\u00eanior Rookie), Adriano Amaral (F4 Super S\u00eanior), J\u00falio C\u00e9sar (F4 Super S\u00eanior Master), Christian Gemeinhardt (Shifter), Eduardo G\u00f3es (Shifter S\u00eanior e Super S\u00eanior), Miguel Silva (Parilla J\u00fanior), Miguel Kali (Parilla S\u00eanior) e Davi Hon\u00f3rio (Mini 2T).<\/p>\n\n\n\n<p class=\"has-medium-font-size\">A V11 Aldeia Cup tem v\u00e1rios parceiros que oferecem uma premia\u00e7\u00e3o anual avaliada em mais de R$ 200 mil: Aquiles Line Up, Aroni Trof\u00e9us, Artmix, Beca, DKR, Kart Mini, Moto Remazza, Pizza Crek, Protege Race Sport, RBC e S4U (Simulation For You).<\/p>\n\n\n\n<p class=\"has-medium-font-size\">Da reda\u00e7\u00e3o, com KG COM Assessoria de Comunica\u00e7\u00e3o \/ Foto: Tartalho Fotografia<\/p>\n","protected":false},"excerpt":{"rendered":"<p>6\u00aa etapa da V11 Aldeia Cup ter\u00e1 sua tomada de tempos e as duas baterias para cada categoria disputadas no domingo, em dois turnos. <\/p>\n","protected":false},"author":2,"featured_media":1471,"comment_status":"closed","ping_status":"closed","sticky":false,"template":"","format":"standard","meta":{"colormag_page_container_layout":"default_layout","colormag_page_sidebar_layout":"default_layout","footnotes":""},"categories":[17,46],"tags":[],"class_list":["post-1470","post","type-post","status-publish","format-standard","has-post-thumbnail","hentry","category-esportes","category-kart"],"magazineBlocksPostFeaturedMedia":{"thumbnail":"https:\/\/universoesportivo.net\/wp-content\/uploads\/2024\/07\/abreserra-150x150.jpg","medium":"https:\/\/universoesportivo.net\/wp-content\/uploads\/2024\/07\/abreserra-300x200.jpg","medium_large":"https:\/\/universoesportivo.net\/wp-content\/uploads\/2024\/07\/abreserra.jpg","large":"https:\/\/universoesportivo.net\/wp-content\/uploads\/2024\/07\/abreserra.jpg","1536x1536":"https:\/\/universoesportivo.net\/wp-content\/uploads\/2024\/07\/abreserra.jpg","2048x2048":"https:\/\/universoesportivo.net\/wp-content\/uploads\/2024\/07\/abreserra.jpg","trp-custom-language-flag":"https:\/\/universoesportivo.net\/wp-content\/uploads\/2024\/07\/abreserra-18x12.jpg","colormag-highlighted-post":"https:\/\/universoesportivo.net\/wp-content\/uploads\/2024\/07\/abreserra-392x272.jpg","colormag-featured-post-medium":"https:\/\/universoesportivo.net\/wp-content\/uploads\/2024\/07\/abreserra-390x205.jpg","colormag-featured-post-small":"https:\/\/universoesportivo.net\/wp-content\/uploads\/2024\/07\/abreserra-130x90.jpg","colormag-featured-image":"https:\/\/universoesportivo.net\/wp-content\/uploads\/2024\/07\/abreserra.jpg","colormag-default-news":"https:\/\/universoesportivo.net\/wp-content\/uploads\/2024\/07\/abreserra-150x150.jpg","colormag-featured-image-large":"https:\/\/universoesportivo.net\/wp-content\/uploads\/2024\/07\/abreserra.jpg","colormag-elementor-block-extra-large-thumbnail":"https:\/\/universoesportivo.net\/wp-content\/uploads\/2024\/07\/abreserra.jpg","colormag-elementor-grid-large-thumbnail":"https:\/\/universoesportivo.net\/wp-content\/uploads\/2024\/07\/abreserra.jpg","colormag-elementor-grid-small-thumbnail":"https:\/\/universoesportivo.net\/wp-content\/uploads\/2024\/07\/abreserra-285x308.jpg","colormag-elementor-grid-medium-large-thumbnail":"https:\/\/universoesportivo.net\/wp-content\/uploads\/2024\/07\/abreserra-461x198.jpg"},"magazineBlocksPostAuthor":{"name":"Tiago Lotto","avatar":"https:\/\/secure.gravatar.com\/avatar\/fd6891125b3fb6ba0b794cd20c3398d5bb0fa20d2b9963a95f19470e5a6192f7?s=96&d=mm&r=g"},"magazineBlocksPostCommentsNumber":false,"magazineBlocksPostExcerpt":"6\u00aa etapa da V11 Aldeia Cup ter\u00e1 sua tomada de tempos e as duas baterias para cada categoria disputadas no domingo, em dois turnos. ","magazineBlocksPostCategories":["ESPORTES","Kart"],"magazineBlocksPostViewCount":39,"magazineBlocksPostReadTime":3,"magazine_blocks_featured_image_url":{"full":["https:\/\/universoesportivo.net\/wp-content\/uploads\/2024\/07\/abreserra.jpg",461,308,false],"medium":["https:\/\/universoesportivo.net\/wp-content\/uploads\/2024\/07\/abreserra-300x200.jpg",300,200,true],"thumbnail":["https:\/\/universoesportivo.net\/wp-content\/uploads\/2024\/07\/abreserra-150x150.jpg",150,150,true]},"magazine_blocks_author":{"display_name":"Tiago Lotto","author_link":"https:\/\/universoesportivo.net\/index.php\/author\/tiago-lotto\/"},"magazine_blocks_comment":0,"magazine_blocks_author_image":"https:\/\/secure.gravatar.com\/avatar\/fd6891125b3fb6ba0b794cd20c3398d5bb0fa20d2b9963a95f19470e5a6192f7?s=96&d=mm&r=g","magazine_blocks_category":"<a href=\"#\" class=\"category-link category-link-17\">ESPORTES<\/a> <a href=\"#\" class=\"category-link category-link-46\">Kart<\/a>","yoast_head":"<!-- This site is optimized with the Yoast SEO plugin v27.4 - https:\/\/yoast.com\/product\/yoast-seo-wordpress\/ -->\n<title>V11 Aldeia Cup de Kart volta \u00e0 pista com a 6\u00aa etapa neste domingo, 7 de julho - Universo Esportivo<\/title>\n<meta name=\"robots\" content=\"index, follow, max-snippet:-1, max-image-preview:large, max-video-preview:-1\" \/>\n<link rel=\"canonical\" href=\"https:\/\/universoesportivo.net\/index.php\/2024\/07\/04\/v11-aldeia-cup-de-kart-volta-a-pista-com-a-6a-etapa-neste-domingo-7-de-julho\/\" \/>\n<meta property=\"og:locale\" content=\"pt_BR\" \/>\n<meta property=\"og:type\" content=\"article\" \/>\n<meta property=\"og:title\" content=\"V11 Aldeia Cup de Kart volta \u00e0 pista com a 6\u00aa etapa neste domingo, 7 de julho - Universo Esportivo\" \/>\n<meta property=\"og:description\" content=\"6\u00aa etapa da V11 Aldeia Cup ter\u00e1 sua tomada de tempos e as duas baterias para cada categoria disputadas no domingo, em dois turnos.\" \/>\n<meta property=\"og:url\" content=\"https:\/\/universoesportivo.net\/index.php\/2024\/07\/04\/v11-aldeia-cup-de-kart-volta-a-pista-com-a-6a-etapa-neste-domingo-7-de-julho\/\" \/>\n<meta property=\"og:site_name\" content=\"Universo Esportivo\" \/>\n<meta property=\"article:publisher\" content=\"https:\/\/www.facebook.com\/universoesportivo.net\" \/>\n<meta property=\"article:published_time\" content=\"2024-07-04T15:21:57+00:00\" \/>\n<meta property=\"article:modified_time\" content=\"2024-07-04T15:21:58+00:00\" \/>\n<meta property=\"og:image\" content=\"https:\/\/universoesportivo.net\/wp-content\/uploads\/2024\/07\/abreserra.jpg\" \/>\n\t<meta property=\"og:image:width\" content=\"461\" \/>\n\t<meta property=\"og:image:height\" content=\"308\" \/>\n\t<meta property=\"og:image:type\" content=\"image\/jpeg\" \/>\n<meta name=\"author\" content=\"Tiago Lotto\" \/>\n<meta name=\"twitter:card\" content=\"summary_large_image\" \/>\n<meta name=\"twitter:label1\" content=\"Escrito por\" \/>\n\t<meta name=\"twitter:data1\" content=\"Tiago Lotto\" \/>\n\t<meta name=\"twitter:label2\" content=\"Est. tempo de leitura\" \/>\n\t<meta name=\"twitter:data2\" content=\"3 minutos\" \/>\n<script type=\"application\/ld+json\" class=\"yoast-schema-graph\">{\"@context\":\"https:\\\/\\\/schema.org\",\"@graph\":[{\"@type\":\"Article\",\"@id\":\"https:\\\/\\\/universoesportivo.net\\\/index.php\\\/2024\\\/07\\\/04\\\/v11-aldeia-cup-de-kart-volta-a-pista-com-a-6a-etapa-neste-domingo-7-de-julho\\\/#article\",\"isPartOf\":{\"@id\":\"https:\\\/\\\/universoesportivo.net\\\/index.php\\\/2024\\\/07\\\/04\\\/v11-aldeia-cup-de-kart-volta-a-pista-com-a-6a-etapa-neste-domingo-7-de-julho\\\/\"},\"author\":{\"name\":\"Tiago Lotto\",\"@id\":\"https:\\\/\\\/universoesportivo.net\\\/#\\\/schema\\\/person\\\/62bc311bc7def56a6bc83711536e74bd\"},\"headline\":\"V11 Aldeia Cup de Kart volta \u00e0 pista com a 6\u00aa etapa neste domingo, 7 de julho\",\"datePublished\":\"2024-07-04T15:21:57+00:00\",\"dateModified\":\"2024-07-04T15:21:58+00:00\",\"mainEntityOfPage\":{\"@id\":\"https:\\\/\\\/universoesportivo.net\\\/index.php\\\/2024\\\/07\\\/04\\\/v11-aldeia-cup-de-kart-volta-a-pista-com-a-6a-etapa-neste-domingo-7-de-julho\\\/\"},\"wordCount\":452,\"publisher\":{\"@id\":\"https:\\\/\\\/universoesportivo.net\\\/#organization\"},\"image\":{\"@id\":\"https:\\\/\\\/universoesportivo.net\\\/index.php\\\/2024\\\/07\\\/04\\\/v11-aldeia-cup-de-kart-volta-a-pista-com-a-6a-etapa-neste-domingo-7-de-julho\\\/#primaryimage\"},\"thumbnailUrl\":\"https:\\\/\\\/universoesportivo.net\\\/wp-content\\\/uploads\\\/2024\\\/07\\\/abreserra.jpg\",\"articleSection\":[\"ESPORTES\",\"Kart\"],\"inLanguage\":\"pt-BR\"},{\"@type\":\"WebPage\",\"@id\":\"https:\\\/\\\/universoesportivo.net\\\/index.php\\\/2024\\\/07\\\/04\\\/v11-aldeia-cup-de-kart-volta-a-pista-com-a-6a-etapa-neste-domingo-7-de-julho\\\/\",\"url\":\"https:\\\/\\\/universoesportivo.net\\\/index.php\\\/2024\\\/07\\\/04\\\/v11-aldeia-cup-de-kart-volta-a-pista-com-a-6a-etapa-neste-domingo-7-de-julho\\\/\",\"name\":\"V11 Aldeia Cup de Kart volta \u00e0 pista com a 6\u00aa etapa neste domingo, 7 de julho - Universo Esportivo\",\"isPartOf\":{\"@id\":\"https:\\\/\\\/universoesportivo.net\\\/#website\"},\"primaryImageOfPage\":{\"@id\":\"https:\\\/\\\/universoesportivo.net\\\/index.php\\\/2024\\\/07\\\/04\\\/v11-aldeia-cup-de-kart-volta-a-pista-com-a-6a-etapa-neste-domingo-7-de-julho\\\/#primaryimage\"},\"image\":{\"@id\":\"https:\\\/\\\/universoesportivo.net\\\/index.php\\\/2024\\\/07\\\/04\\\/v11-aldeia-cup-de-kart-volta-a-pista-com-a-6a-etapa-neste-domingo-7-de-julho\\\/#primaryimage\"},\"thumbnailUrl\":\"https:\\\/\\\/universoesportivo.net\\\/wp-content\\\/uploads\\\/2024\\\/07\\\/abreserra.jpg\",\"datePublished\":\"2024-07-04T15:21:57+00:00\",\"dateModified\":\"2024-07-04T15:21:58+00:00\",\"breadcrumb\":{\"@id\":\"https:\\\/\\\/universoesportivo.net\\\/index.php\\\/2024\\\/07\\\/04\\\/v11-aldeia-cup-de-kart-volta-a-pista-com-a-6a-etapa-neste-domingo-7-de-julho\\\/#breadcrumb\"},\"inLanguage\":\"pt-BR\",\"potentialAction\":[{\"@type\":\"ReadAction\",\"target\":[\"https:\\\/\\\/universoesportivo.net\\\/index.php\\\/2024\\\/07\\\/04\\\/v11-aldeia-cup-de-kart-volta-a-pista-com-a-6a-etapa-neste-domingo-7-de-julho\\\/\"]}]},{\"@type\":\"ImageObject\",\"inLanguage\":\"pt-BR\",\"@id\":\"https:\\\/\\\/universoesportivo.net\\\/index.php\\\/2024\\\/07\\\/04\\\/v11-aldeia-cup-de-kart-volta-a-pista-com-a-6a-etapa-neste-domingo-7-de-julho\\\/#primaryimage\",\"url\":\"https:\\\/\\\/universoesportivo.net\\\/wp-content\\\/uploads\\\/2024\\\/07\\\/abreserra.jpg\",\"contentUrl\":\"https:\\\/\\\/universoesportivo.net\\\/wp-content\\\/uploads\\\/2024\\\/07\\\/abreserra.jpg\",\"width\":461,\"height\":308},{\"@type\":\"BreadcrumbList\",\"@id\":\"https:\\\/\\\/universoesportivo.net\\\/index.php\\\/2024\\\/07\\\/04\\\/v11-aldeia-cup-de-kart-volta-a-pista-com-a-6a-etapa-neste-domingo-7-de-julho\\\/#breadcrumb\",\"itemListElement\":[{\"@type\":\"ListItem\",\"position\":1,\"name\":\"In\u00edcio\",\"item\":\"https:\\\/\\\/universoesportivo.net\\\/\"},{\"@type\":\"ListItem\",\"position\":2,\"name\":\"V11 Aldeia Cup de Kart volta \u00e0 pista com a 6\u00aa etapa neste domingo, 7 de julho\"}]},{\"@type\":\"WebSite\",\"@id\":\"https:\\\/\\\/universoesportivo.net\\\/#website\",\"url\":\"https:\\\/\\\/universoesportivo.net\\\/\",\"name\":\"Universo Esportivo\",\"description\":\"O portal de todas as modalidades esportivas!\",\"publisher\":{\"@id\":\"https:\\\/\\\/universoesportivo.net\\\/#organization\"},\"alternateName\":\"Jornalista Tiago Contador Lotto\",\"potentialAction\":[{\"@type\":\"SearchAction\",\"target\":{\"@type\":\"EntryPoint\",\"urlTemplate\":\"https:\\\/\\\/universoesportivo.net\\\/?s={search_term_string}\"},\"query-input\":{\"@type\":\"PropertyValueSpecification\",\"valueRequired\":true,\"valueName\":\"search_term_string\"}}],\"inLanguage\":\"pt-BR\"},{\"@type\":\"Organization\",\"@id\":\"https:\\\/\\\/universoesportivo.net\\\/#organization\",\"name\":\"Universo Esportivo\",\"alternateName\":\"Tiago Lotto\",\"url\":\"https:\\\/\\\/universoesportivo.net\\\/\",\"logo\":{\"@type\":\"ImageObject\",\"inLanguage\":\"pt-BR\",\"@id\":\"https:\\\/\\\/universoesportivo.net\\\/#\\\/schema\\\/logo\\\/image\\\/\",\"url\":\"https:\\\/\\\/universoesportivo.net\\\/wp-content\\\/uploads\\\/2024\\\/05\\\/cropped-cropped-universo-6.png\",\"contentUrl\":\"https:\\\/\\\/universoesportivo.net\\\/wp-content\\\/uploads\\\/2024\\\/05\\\/cropped-cropped-universo-6.png\",\"width\":413,\"height\":295,\"caption\":\"Universo Esportivo\"},\"image\":{\"@id\":\"https:\\\/\\\/universoesportivo.net\\\/#\\\/schema\\\/logo\\\/image\\\/\"},\"sameAs\":[\"https:\\\/\\\/www.facebook.com\\\/universoesportivo.net\"]},{\"@type\":\"Person\",\"@id\":\"https:\\\/\\\/universoesportivo.net\\\/#\\\/schema\\\/person\\\/62bc311bc7def56a6bc83711536e74bd\",\"name\":\"Tiago Lotto\",\"image\":{\"@type\":\"ImageObject\",\"inLanguage\":\"pt-BR\",\"@id\":\"https:\\\/\\\/secure.gravatar.com\\\/avatar\\\/fd6891125b3fb6ba0b794cd20c3398d5bb0fa20d2b9963a95f19470e5a6192f7?s=96&d=mm&r=g\",\"url\":\"https:\\\/\\\/secure.gravatar.com\\\/avatar\\\/fd6891125b3fb6ba0b794cd20c3398d5bb0fa20d2b9963a95f19470e5a6192f7?s=96&d=mm&r=g\",\"contentUrl\":\"https:\\\/\\\/secure.gravatar.com\\\/avatar\\\/fd6891125b3fb6ba0b794cd20c3398d5bb0fa20d2b9963a95f19470e5a6192f7?s=96&d=mm&r=g\",\"caption\":\"Tiago Lotto\"},\"url\":\"https:\\\/\\\/universoesportivo.net\\\/index.php\\\/author\\\/tiago-lotto\\\/\"}]}<\/script>\n<!-- \/ Yoast SEO plugin. -->","yoast_head_json":{"title":"V11 Aldeia Cup de Kart volta \u00e0 pista com a 6\u00aa etapa neste domingo, 7 de julho - Universo Esportivo","robots":{"index":"index","follow":"follow","max-snippet":"max-snippet:-1","max-image-preview":"max-image-preview:large","max-video-preview":"max-video-preview:-1"},"canonical":"https:\/\/universoesportivo.net\/index.php\/2024\/07\/04\/v11-aldeia-cup-de-kart-volta-a-pista-com-a-6a-etapa-neste-domingo-7-de-julho\/","og_locale":"pt_BR","og_type":"article","og_title":"V11 Aldeia Cup de Kart volta \u00e0 pista com a 6\u00aa etapa neste domingo, 7 de julho - Universo Esportivo","og_description":"6\u00aa etapa da V11 Aldeia Cup ter\u00e1 sua tomada de tempos e as duas baterias para cada categoria disputadas no domingo, em dois turnos.","og_url":"https:\/\/universoesportivo.net\/index.php\/2024\/07\/04\/v11-aldeia-cup-de-kart-volta-a-pista-com-a-6a-etapa-neste-domingo-7-de-julho\/","og_site_name":"Universo Esportivo","article_publisher":"https:\/\/www.facebook.com\/universoesportivo.net","article_published_time":"2024-07-04T15:21:57+00:00","article_modified_time":"2024-07-04T15:21:58+00:00","og_image":[{"width":461,"height":308,"url":"https:\/\/universoesportivo.net\/wp-content\/uploads\/2024\/07\/abreserra.jpg","type":"image\/jpeg"}],"author":"Tiago Lotto","twitter_card":"summary_large_image","twitter_misc":{"Escrito por":"Tiago Lotto","Est. tempo de leitura":"3 minutos"},"schema":{"@context":"https:\/\/schema.org","@graph":[{"@type":"Article","@id":"https:\/\/universoesportivo.net\/index.php\/2024\/07\/04\/v11-aldeia-cup-de-kart-volta-a-pista-com-a-6a-etapa-neste-domingo-7-de-julho\/#article","isPartOf":{"@id":"https:\/\/universoesportivo.net\/index.php\/2024\/07\/04\/v11-aldeia-cup-de-kart-volta-a-pista-com-a-6a-etapa-neste-domingo-7-de-julho\/"},"author":{"name":"Tiago Lotto","@id":"https:\/\/universoesportivo.net\/#\/schema\/person\/62bc311bc7def56a6bc83711536e74bd"},"headline":"V11 Aldeia Cup de Kart volta \u00e0 pista com a 6\u00aa etapa neste domingo, 7 de julho","datePublished":"2024-07-04T15:21:57+00:00","dateModified":"2024-07-04T15:21:58+00:00","mainEntityOfPage":{"@id":"https:\/\/universoesportivo.net\/index.php\/2024\/07\/04\/v11-aldeia-cup-de-kart-volta-a-pista-com-a-6a-etapa-neste-domingo-7-de-julho\/"},"wordCount":452,"publisher":{"@id":"https:\/\/universoesportivo.net\/#organization"},"image":{"@id":"https:\/\/universoesportivo.net\/index.php\/2024\/07\/04\/v11-aldeia-cup-de-kart-volta-a-pista-com-a-6a-etapa-neste-domingo-7-de-julho\/#primaryimage"},"thumbnailUrl":"https:\/\/universoesportivo.net\/wp-content\/uploads\/2024\/07\/abreserra.jpg","articleSection":["ESPORTES","Kart"],"inLanguage":"pt-BR"},{"@type":"WebPage","@id":"https:\/\/universoesportivo.net\/index.php\/2024\/07\/04\/v11-aldeia-cup-de-kart-volta-a-pista-com-a-6a-etapa-neste-domingo-7-de-julho\/","url":"https:\/\/universoesportivo.net\/index.php\/2024\/07\/04\/v11-aldeia-cup-de-kart-volta-a-pista-com-a-6a-etapa-neste-domingo-7-de-julho\/","name":"V11 Aldeia Cup de Kart volta \u00e0 pista com a 6\u00aa etapa neste domingo, 7 de julho - Universo Esportivo","isPartOf":{"@id":"https:\/\/universoesportivo.net\/#website"},"primaryImageOfPage":{"@id":"https:\/\/universoesportivo.net\/index.php\/2024\/07\/04\/v11-aldeia-cup-de-kart-volta-a-pista-com-a-6a-etapa-neste-domingo-7-de-julho\/#primaryimage"},"image":{"@id":"https:\/\/universoesportivo.net\/index.php\/2024\/07\/04\/v11-aldeia-cup-de-kart-volta-a-pista-com-a-6a-etapa-neste-domingo-7-de-julho\/#primaryimage"},"thumbnailUrl":"https:\/\/universoesportivo.net\/wp-content\/uploads\/2024\/07\/abreserra.jpg","datePublished":"2024-07-04T15:21:57+00:00","dateModified":"2024-07-04T15:21:58+00:00","breadcrumb":{"@id":"https:\/\/universoesportivo.net\/index.php\/2024\/07\/04\/v11-aldeia-cup-de-kart-volta-a-pista-com-a-6a-etapa-neste-domingo-7-de-julho\/#breadcrumb"},"inLanguage":"pt-BR","potentialAction":[{"@type":"ReadAction","target":["https:\/\/universoesportivo.net\/index.php\/2024\/07\/04\/v11-aldeia-cup-de-kart-volta-a-pista-com-a-6a-etapa-neste-domingo-7-de-julho\/"]}]},{"@type":"ImageObject","inLanguage":"pt-BR","@id":"https:\/\/universoesportivo.net\/index.php\/2024\/07\/04\/v11-aldeia-cup-de-kart-volta-a-pista-com-a-6a-etapa-neste-domingo-7-de-julho\/#primaryimage","url":"https:\/\/universoesportivo.net\/wp-content\/uploads\/2024\/07\/abreserra.jpg","contentUrl":"https:\/\/universoesportivo.net\/wp-content\/uploads\/2024\/07\/abreserra.jpg","width":461,"height":308},{"@type":"BreadcrumbList","@id":"https:\/\/universoesportivo.net\/index.php\/2024\/07\/04\/v11-aldeia-cup-de-kart-volta-a-pista-com-a-6a-etapa-neste-domingo-7-de-julho\/#breadcrumb","itemListElement":[{"@type":"ListItem","position":1,"name":"In\u00edcio","item":"https:\/\/universoesportivo.net\/"},{"@type":"ListItem","position":2,"name":"V11 Aldeia Cup de Kart volta \u00e0 pista com a 6\u00aa etapa neste domingo, 7 de julho"}]},{"@type":"WebSite","@id":"https:\/\/universoesportivo.net\/#website","url":"https:\/\/universoesportivo.net\/","name":"Universo Esportivo","description":"O portal de todas as modalidades esportivas!","publisher":{"@id":"https:\/\/universoesportivo.net\/#organization"},"alternateName":"Jornalista Tiago Contador Lotto","potentialAction":[{"@type":"SearchAction","target":{"@type":"EntryPoint","urlTemplate":"https:\/\/universoesportivo.net\/?s={search_term_string}"},"query-input":{"@type":"PropertyValueSpecification","valueRequired":true,"valueName":"search_term_string"}}],"inLanguage":"pt-BR"},{"@type":"Organization","@id":"https:\/\/universoesportivo.net\/#organization","name":"Universo Esportivo","alternateName":"Tiago Lotto","url":"https:\/\/universoesportivo.net\/","logo":{"@type":"ImageObject","inLanguage":"pt-BR","@id":"https:\/\/universoesportivo.net\/#\/schema\/logo\/image\/","url":"https:\/\/universoesportivo.net\/wp-content\/uploads\/2024\/05\/cropped-cropped-universo-6.png","contentUrl":"https:\/\/universoesportivo.net\/wp-content\/uploads\/2024\/05\/cropped-cropped-universo-6.png","width":413,"height":295,"caption":"Universo Esportivo"},"image":{"@id":"https:\/\/universoesportivo.net\/#\/schema\/logo\/image\/"},"sameAs":["https:\/\/www.facebook.com\/universoesportivo.net"]},{"@type":"Person","@id":"https:\/\/universoesportivo.net\/#\/schema\/person\/62bc311bc7def56a6bc83711536e74bd","name":"Tiago Lotto","image":{"@type":"ImageObject","inLanguage":"pt-BR","@id":"https:\/\/secure.gravatar.com\/avatar\/fd6891125b3fb6ba0b794cd20c3398d5bb0fa20d2b9963a95f19470e5a6192f7?s=96&d=mm&r=g","url":"https:\/\/secure.gravatar.com\/avatar\/fd6891125b3fb6ba0b794cd20c3398d5bb0fa20d2b9963a95f19470e5a6192f7?s=96&d=mm&r=g","contentUrl":"https:\/\/secure.gravatar.com\/avatar\/fd6891125b3fb6ba0b794cd20c3398d5bb0fa20d2b9963a95f19470e5a6192f7?s=96&d=mm&r=g","caption":"Tiago Lotto"},"url":"https:\/\/universoesportivo.net\/index.php\/author\/tiago-lotto\/"}]}},"jetpack_featured_media_url":"https:\/\/universoesportivo.net\/wp-content\/uploads\/2024\/07\/abreserra.jpg","_links":{"self":[{"href":"https:\/\/universoesportivo.net\/index.php\/wp-json\/wp\/v2\/posts\/1470","targetHints":{"allow":["GET"]}}],"collection":[{"href":"https:\/\/universoesportivo.net\/index.php\/wp-json\/wp\/v2\/posts"}],"about":[{"href":"https:\/\/universoesportivo.net\/index.php\/wp-json\/wp\/v2\/types\/post"}],"author":[{"embeddable":true,"href":"https:\/\/universoesportivo.net\/index.php\/wp-json\/wp\/v2\/users\/2"}],"replies":[{"embeddable":true,"href":"https:\/\/universoesportivo.net\/index.php\/wp-json\/wp\/v2\/comments?post=1470"}],"version-history":[{"count":1,"href":"https:\/\/universoesportivo.net\/index.php\/wp-json\/wp\/v2\/posts\/1470\/revisions"}],"predecessor-version":[{"id":1472,"href":"https:\/\/universoesportivo.net\/index.php\/wp-json\/wp\/v2\/posts\/1470\/revisions\/1472"}],"wp:featuredmedia":[{"embeddable":true,"href":"https:\/\/universoesportivo.net\/index.php\/wp-json\/wp\/v2\/media\/1471"}],"wp:attachment":[{"href":"https:\/\/universoesportivo.net\/index.php\/wp-json\/wp\/v2\/media?parent=1470"}],"wp:term":[{"taxonomy":"category","embeddable":true,"href":"https:\/\/universoesportivo.net\/index.php\/wp-json\/wp\/v2\/categories?post=1470"},{"taxonomy":"post_tag","embeddable":true,"href":"https:\/\/universoesportivo.net\/index.php\/wp-json\/wp\/v2\/tags?post=1470"}],"curies":[{"name":"wp","href":"https:\/\/api.w.org\/{rel}","templated":true}]}}