{"id":1498,"date":"2024-07-22T12:08:02","date_gmt":"2024-07-22T15:08:02","guid":{"rendered":"https:\/\/universoesportivo.net\/?p=1498"},"modified":"2024-07-22T12:08:02","modified_gmt":"2024-07-22T15:08:02","slug":"sub-12-da-bola-na-rede-conquista-o-bicampeonato-da-copa-dourado-e-ribeirao-bonito","status":"publish","type":"post","link":"https:\/\/universoesportivo.net\/index.php\/2024\/07\/22\/sub-12-da-bola-na-rede-conquista-o-bicampeonato-da-copa-dourado-e-ribeirao-bonito\/","title":{"rendered":"Sub-12 da Bola na Rede conquista o bicampeonato da Copa Dourado e Ribeir\u00e3o Bonito"},"content":{"rendered":"\n<p class=\"has-medium-font-size\">A equipe sub-12 da Escola Bola na Rede, de Catanduva, conquistou pelo segundo ano seguido a Copa Dourado e Ribeir\u00e3o Bonito de Futebol Junior. Tradicional evento esportivo, a Copa ocorre anualmente em julho, na regi\u00e3o de S\u00e3o Carlos.<\/p>\n\n\n\n<p class=\"has-medium-font-size\">Na manh\u00e3 deste domingo, dia 21, a Bola na Rede disputou o t\u00edtulo contra o I9 Futebol Clube, da cidade de Ribeir\u00e3o Preto. Em jogo extremamente competitivo, o placar terminou 0x0, levando a decis\u00e3o para os p\u00eanaltis.<\/p>\n\n\n\n<p class=\"has-medium-font-size\">Nas cobran\u00e7as, o goleiro L\u00e9o, da Bola na Rede, defendeu dois p\u00eanaltis e a escola de Catanduva ficou com o t\u00edtulo, vencendo por 4&#215;3. O artilheiro do sub-12 e os goleiros menos vazados tamb\u00e9m s\u00e3o da Bola na Rede: Kaique Rayan dos Santos de Paula (artilheiro) e Leonardo Leme Leite e Marcus Henrique Fagnani Barbosa.<\/p>\n\n\n\n<p class=\"has-medium-font-size\">Al\u00e9m do t\u00edtulo na sub-12, a Bola na Rede tamb\u00e9m conquistou o vice-campeonato na categoria sub-10. O time chegou na final contra a Ferrovi\u00e1ria de Araraquara, que venceu por 1&#215;0.<\/p>\n\n\n\n<p class=\"has-medium-font-size\">No sub-10, a Bola na Rede conquistou outros dois pr\u00eamios da Copa: Yuri Teodoro Leite foi o artilheiro da competi\u00e7\u00e3o e Jo\u00e3o Guilherme Manganelli Fernandes foi o atleta revela\u00e7\u00e3o.<\/p>\n\n\n\n<p class=\"has-medium-font-size\">\u201cAgradecemos o total apoio dos pais dos atletas. V\u00e1rios deles, inclusive, estiveram presentes em Dourado, onde ocorreram as finais. Nossa gratid\u00e3o\u201d, comentou Paulo L\u00e9, gestor da Bola na Rede e respons\u00e1vel pela comiss\u00e3o t\u00e9cnica da escola.<\/p>\n\n\n\n<p class=\"has-medium-font-size\">Al\u00e9m de Paulo, estiveram em Dourado e Ribeir\u00e3o Bonito os t\u00e9cnicos Rodrigo L\u00e9, Valmar Andrade, Carlos Seruti, Diego Chamas (Coquinho) e administradora Nat\u00e1lia L\u00e9 Andrade.<\/p>\n\n\n\n<p class=\"has-medium-font-size\">A Bola na Rede de Catanduva disputou a Copa Dourado e Ribeir\u00e3o Bonito com sete equipes. Duas delas em parceria com a Smel \u2013 Secretaria Municipal de Esportes e Lazer de Catanduva.<\/p>\n\n\n\n<p class=\"has-medium-font-size\">A Copa Dourado e Ribeir\u00e3o Bonito \u00e9 uma verdadeira vitrine, j\u00e1 que a competi\u00e7\u00e3o conta com a presen\u00e7a de observadores (os conhecidos olheiros) de grandes clubes do cen\u00e1rio nacional.<\/p>\n\n\n\n<p class=\"has-medium-font-size\">Texto: Tiago Lotto \/ Fotos: Divulga\u00e7\u00e3o \u2013 Bola na Rede<\/p>\n\n\n\n<p>Na foto abaixo, Coquinho, Rodrigo L\u00e9, Paulo L\u00e9, Carlinhos Seruti e Valmar Andrade. Na foto principal, time do sub-12 campe\u00e3o da Copa.<\/p>\n\n\n\n<figure class=\"wp-block-image\"><img fetchpriority=\"high\" decoding=\"async\" width=\"360\" height=\"272\" src=\"https:\/\/universoesportivo.net\/wp-content\/uploads\/2024\/07\/abredouradosegundo.jpg\" alt=\"\" class=\"wp-image-1500\" srcset=\"https:\/\/universoesportivo.net\/wp-content\/uploads\/2024\/07\/abredouradosegundo.jpg 360w, https:\/\/universoesportivo.net\/wp-content\/uploads\/2024\/07\/abredouradosegundo-300x227.jpg 300w, https:\/\/universoesportivo.net\/wp-content\/uploads\/2024\/07\/abredouradosegundo-16x12.jpg 16w\" sizes=\"(max-width: 360px) 100vw, 360px\" \/><\/figure>\n","protected":false},"excerpt":{"rendered":"<p>Al\u00e9m do sub-12, escola de Catanduva tamb\u00e9m conquistou o vice-campeonato da categoria sub-10. Artilheiros das duas categorias s\u00e3o da Bola na Rede.<\/p>\n","protected":false},"author":2,"featured_media":1499,"comment_status":"closed","ping_status":"closed","sticky":false,"template":"","format":"standard","meta":{"colormag_page_container_layout":"default_layout","colormag_page_sidebar_layout":"default_layout","footnotes":""},"categories":[17,43],"tags":[],"class_list":["post-1498","post","type-post","status-publish","format-standard","has-post-thumbnail","hentry","category-esportes","category-futebol"],"magazineBlocksPostFeaturedMedia":{"thumbnail":"https:\/\/universoesportivo.net\/wp-content\/uploads\/2024\/07\/abredouradoprimeiro-150x150.jpg","medium":"https:\/\/universoesportivo.net\/wp-content\/uploads\/2024\/07\/abredouradoprimeiro-300x185.jpg","medium_large":"https:\/\/universoesportivo.net\/wp-content\/uploads\/2024\/07\/abredouradoprimeiro.jpg","large":"https:\/\/universoesportivo.net\/wp-content\/uploads\/2024\/07\/abredouradoprimeiro.jpg","1536x1536":"https:\/\/universoesportivo.net\/wp-content\/uploads\/2024\/07\/abredouradoprimeiro.jpg","2048x2048":"https:\/\/universoesportivo.net\/wp-content\/uploads\/2024\/07\/abredouradoprimeiro.jpg","trp-custom-language-flag":"https:\/\/universoesportivo.net\/wp-content\/uploads\/2024\/07\/abredouradoprimeiro-18x12.jpg","colormag-highlighted-post":"https:\/\/universoesportivo.net\/wp-content\/uploads\/2024\/07\/abredouradoprimeiro-392x272.jpg","colormag-featured-post-medium":"https:\/\/universoesportivo.net\/wp-content\/uploads\/2024\/07\/abredouradoprimeiro-390x205.jpg","colormag-featured-post-small":"https:\/\/universoesportivo.net\/wp-content\/uploads\/2024\/07\/abredouradoprimeiro-130x90.jpg","colormag-featured-image":"https:\/\/universoesportivo.net\/wp-content\/uploads\/2024\/07\/abredouradoprimeiro.jpg","colormag-default-news":"https:\/\/universoesportivo.net\/wp-content\/uploads\/2024\/07\/abredouradoprimeiro-150x150.jpg","colormag-featured-image-large":"https:\/\/universoesportivo.net\/wp-content\/uploads\/2024\/07\/abredouradoprimeiro.jpg","colormag-elementor-block-extra-large-thumbnail":"https:\/\/universoesportivo.net\/wp-content\/uploads\/2024\/07\/abredouradoprimeiro.jpg","colormag-elementor-grid-large-thumbnail":"https:\/\/universoesportivo.net\/wp-content\/uploads\/2024\/07\/abredouradoprimeiro.jpg","colormag-elementor-grid-small-thumbnail":"https:\/\/universoesportivo.net\/wp-content\/uploads\/2024\/07\/abredouradoprimeiro-285x283.jpg","colormag-elementor-grid-medium-large-thumbnail":"https:\/\/universoesportivo.net\/wp-content\/uploads\/2024\/07\/abredouradoprimeiro-459x198.jpg"},"magazineBlocksPostAuthor":{"name":"Tiago Lotto","avatar":"https:\/\/secure.gravatar.com\/avatar\/fd6891125b3fb6ba0b794cd20c3398d5bb0fa20d2b9963a95f19470e5a6192f7?s=96&d=mm&r=g"},"magazineBlocksPostCommentsNumber":false,"magazineBlocksPostExcerpt":"Al\u00e9m do sub-12, escola de Catanduva tamb\u00e9m conquistou o vice-campeonato da categoria sub-10. Artilheiros das duas categorias s\u00e3o da Bola na Rede.","magazineBlocksPostCategories":["ESPORTES","Futebol"],"magazineBlocksPostViewCount":30,"magazineBlocksPostReadTime":2,"magazine_blocks_featured_image_url":{"full":["https:\/\/universoesportivo.net\/wp-content\/uploads\/2024\/07\/abredouradoprimeiro.jpg",459,283,false],"medium":["https:\/\/universoesportivo.net\/wp-content\/uploads\/2024\/07\/abredouradoprimeiro-300x185.jpg",300,185,true],"thumbnail":["https:\/\/universoesportivo.net\/wp-content\/uploads\/2024\/07\/abredouradoprimeiro-150x150.jpg",150,150,true]},"magazine_blocks_author":{"display_name":"Tiago Lotto","author_link":"https:\/\/universoesportivo.net\/index.php\/author\/tiago-lotto\/"},"magazine_blocks_comment":0,"magazine_blocks_author_image":"https:\/\/secure.gravatar.com\/avatar\/fd6891125b3fb6ba0b794cd20c3398d5bb0fa20d2b9963a95f19470e5a6192f7?s=96&d=mm&r=g","magazine_blocks_category":"<a href=\"#\" class=\"category-link category-link-17\">ESPORTES<\/a> <a href=\"#\" class=\"category-link category-link-43\">Futebol<\/a>","yoast_head":"<!-- This site is optimized with the Yoast SEO plugin v27.4 - https:\/\/yoast.com\/product\/yoast-seo-wordpress\/ -->\n<title>Sub-12 da Bola na Rede conquista o bicampeonato da Copa Dourado e Ribeir\u00e3o Bonito - Universo Esportivo<\/title>\n<meta name=\"robots\" content=\"index, follow, max-snippet:-1, max-image-preview:large, max-video-preview:-1\" \/>\n<link rel=\"canonical\" href=\"https:\/\/universoesportivo.net\/index.php\/2024\/07\/22\/sub-12-da-bola-na-rede-conquista-o-bicampeonato-da-copa-dourado-e-ribeirao-bonito\/\" \/>\n<meta property=\"og:locale\" content=\"pt_BR\" \/>\n<meta property=\"og:type\" content=\"article\" \/>\n<meta property=\"og:title\" content=\"Sub-12 da Bola na Rede conquista o bicampeonato da Copa Dourado e Ribeir\u00e3o Bonito - Universo Esportivo\" \/>\n<meta property=\"og:description\" content=\"Al\u00e9m do sub-12, escola de Catanduva tamb\u00e9m conquistou o vice-campeonato da categoria sub-10. Artilheiros das duas categorias s\u00e3o da Bola na Rede.\" \/>\n<meta property=\"og:url\" content=\"https:\/\/universoesportivo.net\/index.php\/2024\/07\/22\/sub-12-da-bola-na-rede-conquista-o-bicampeonato-da-copa-dourado-e-ribeirao-bonito\/\" \/>\n<meta property=\"og:site_name\" content=\"Universo Esportivo\" \/>\n<meta property=\"article:publisher\" content=\"https:\/\/www.facebook.com\/universoesportivo.net\" \/>\n<meta property=\"article:published_time\" content=\"2024-07-22T15:08:02+00:00\" \/>\n<meta property=\"og:image\" content=\"https:\/\/universoesportivo.net\/wp-content\/uploads\/2024\/07\/abredouradoprimeiro.jpg\" \/>\n\t<meta property=\"og:image:width\" content=\"459\" \/>\n\t<meta property=\"og:image:height\" content=\"283\" \/>\n\t<meta property=\"og:image:type\" content=\"image\/jpeg\" \/>\n<meta name=\"author\" content=\"Tiago Lotto\" \/>\n<meta name=\"twitter:card\" content=\"summary_large_image\" \/>\n<meta name=\"twitter:label1\" content=\"Escrito por\" \/>\n\t<meta name=\"twitter:data1\" content=\"Tiago Lotto\" \/>\n\t<meta name=\"twitter:label2\" content=\"Est. tempo de leitura\" \/>\n\t<meta name=\"twitter:data2\" content=\"3 minutos\" \/>\n<script type=\"application\/ld+json\" class=\"yoast-schema-graph\">{\"@context\":\"https:\\\/\\\/schema.org\",\"@graph\":[{\"@type\":\"Article\",\"@id\":\"https:\\\/\\\/universoesportivo.net\\\/index.php\\\/2024\\\/07\\\/22\\\/sub-12-da-bola-na-rede-conquista-o-bicampeonato-da-copa-dourado-e-ribeirao-bonito\\\/#article\",\"isPartOf\":{\"@id\":\"https:\\\/\\\/universoesportivo.net\\\/index.php\\\/2024\\\/07\\\/22\\\/sub-12-da-bola-na-rede-conquista-o-bicampeonato-da-copa-dourado-e-ribeirao-bonito\\\/\"},\"author\":{\"name\":\"Tiago Lotto\",\"@id\":\"https:\\\/\\\/universoesportivo.net\\\/#\\\/schema\\\/person\\\/62bc311bc7def56a6bc83711536e74bd\"},\"headline\":\"Sub-12 da Bola na Rede conquista o bicampeonato da Copa Dourado e Ribeir\u00e3o Bonito\",\"datePublished\":\"2024-07-22T15:08:02+00:00\",\"mainEntityOfPage\":{\"@id\":\"https:\\\/\\\/universoesportivo.net\\\/index.php\\\/2024\\\/07\\\/22\\\/sub-12-da-bola-na-rede-conquista-o-bicampeonato-da-copa-dourado-e-ribeirao-bonito\\\/\"},\"wordCount\":390,\"publisher\":{\"@id\":\"https:\\\/\\\/universoesportivo.net\\\/#organization\"},\"image\":{\"@id\":\"https:\\\/\\\/universoesportivo.net\\\/index.php\\\/2024\\\/07\\\/22\\\/sub-12-da-bola-na-rede-conquista-o-bicampeonato-da-copa-dourado-e-ribeirao-bonito\\\/#primaryimage\"},\"thumbnailUrl\":\"https:\\\/\\\/universoesportivo.net\\\/wp-content\\\/uploads\\\/2024\\\/07\\\/abredouradoprimeiro.jpg\",\"articleSection\":[\"ESPORTES\",\"Futebol\"],\"inLanguage\":\"pt-BR\"},{\"@type\":\"WebPage\",\"@id\":\"https:\\\/\\\/universoesportivo.net\\\/index.php\\\/2024\\\/07\\\/22\\\/sub-12-da-bola-na-rede-conquista-o-bicampeonato-da-copa-dourado-e-ribeirao-bonito\\\/\",\"url\":\"https:\\\/\\\/universoesportivo.net\\\/index.php\\\/2024\\\/07\\\/22\\\/sub-12-da-bola-na-rede-conquista-o-bicampeonato-da-copa-dourado-e-ribeirao-bonito\\\/\",\"name\":\"Sub-12 da Bola na Rede conquista o bicampeonato da Copa Dourado e Ribeir\u00e3o Bonito - Universo Esportivo\",\"isPartOf\":{\"@id\":\"https:\\\/\\\/universoesportivo.net\\\/#website\"},\"primaryImageOfPage\":{\"@id\":\"https:\\\/\\\/universoesportivo.net\\\/index.php\\\/2024\\\/07\\\/22\\\/sub-12-da-bola-na-rede-conquista-o-bicampeonato-da-copa-dourado-e-ribeirao-bonito\\\/#primaryimage\"},\"image\":{\"@id\":\"https:\\\/\\\/universoesportivo.net\\\/index.php\\\/2024\\\/07\\\/22\\\/sub-12-da-bola-na-rede-conquista-o-bicampeonato-da-copa-dourado-e-ribeirao-bonito\\\/#primaryimage\"},\"thumbnailUrl\":\"https:\\\/\\\/universoesportivo.net\\\/wp-content\\\/uploads\\\/2024\\\/07\\\/abredouradoprimeiro.jpg\",\"datePublished\":\"2024-07-22T15:08:02+00:00\",\"breadcrumb\":{\"@id\":\"https:\\\/\\\/universoesportivo.net\\\/index.php\\\/2024\\\/07\\\/22\\\/sub-12-da-bola-na-rede-conquista-o-bicampeonato-da-copa-dourado-e-ribeirao-bonito\\\/#breadcrumb\"},\"inLanguage\":\"pt-BR\",\"potentialAction\":[{\"@type\":\"ReadAction\",\"target\":[\"https:\\\/\\\/universoesportivo.net\\\/index.php\\\/2024\\\/07\\\/22\\\/sub-12-da-bola-na-rede-conquista-o-bicampeonato-da-copa-dourado-e-ribeirao-bonito\\\/\"]}]},{\"@type\":\"ImageObject\",\"inLanguage\":\"pt-BR\",\"@id\":\"https:\\\/\\\/universoesportivo.net\\\/index.php\\\/2024\\\/07\\\/22\\\/sub-12-da-bola-na-rede-conquista-o-bicampeonato-da-copa-dourado-e-ribeirao-bonito\\\/#primaryimage\",\"url\":\"https:\\\/\\\/universoesportivo.net\\\/wp-content\\\/uploads\\\/2024\\\/07\\\/abredouradoprimeiro.jpg\",\"contentUrl\":\"https:\\\/\\\/universoesportivo.net\\\/wp-content\\\/uploads\\\/2024\\\/07\\\/abredouradoprimeiro.jpg\",\"width\":459,\"height\":283},{\"@type\":\"BreadcrumbList\",\"@id\":\"https:\\\/\\\/universoesportivo.net\\\/index.php\\\/2024\\\/07\\\/22\\\/sub-12-da-bola-na-rede-conquista-o-bicampeonato-da-copa-dourado-e-ribeirao-bonito\\\/#breadcrumb\",\"itemListElement\":[{\"@type\":\"ListItem\",\"position\":1,\"name\":\"In\u00edcio\",\"item\":\"https:\\\/\\\/universoesportivo.net\\\/\"},{\"@type\":\"ListItem\",\"position\":2,\"name\":\"Sub-12 da Bola na Rede conquista o bicampeonato da Copa Dourado e Ribeir\u00e3o Bonito\"}]},{\"@type\":\"WebSite\",\"@id\":\"https:\\\/\\\/universoesportivo.net\\\/#website\",\"url\":\"https:\\\/\\\/universoesportivo.net\\\/\",\"name\":\"Universo Esportivo\",\"description\":\"O portal de todas as modalidades esportivas!\",\"publisher\":{\"@id\":\"https:\\\/\\\/universoesportivo.net\\\/#organization\"},\"alternateName\":\"Jornalista Tiago Contador Lotto\",\"potentialAction\":[{\"@type\":\"SearchAction\",\"target\":{\"@type\":\"EntryPoint\",\"urlTemplate\":\"https:\\\/\\\/universoesportivo.net\\\/?s={search_term_string}\"},\"query-input\":{\"@type\":\"PropertyValueSpecification\",\"valueRequired\":true,\"valueName\":\"search_term_string\"}}],\"inLanguage\":\"pt-BR\"},{\"@type\":\"Organization\",\"@id\":\"https:\\\/\\\/universoesportivo.net\\\/#organization\",\"name\":\"Universo Esportivo\",\"alternateName\":\"Tiago Lotto\",\"url\":\"https:\\\/\\\/universoesportivo.net\\\/\",\"logo\":{\"@type\":\"ImageObject\",\"inLanguage\":\"pt-BR\",\"@id\":\"https:\\\/\\\/universoesportivo.net\\\/#\\\/schema\\\/logo\\\/image\\\/\",\"url\":\"https:\\\/\\\/universoesportivo.net\\\/wp-content\\\/uploads\\\/2024\\\/05\\\/cropped-cropped-universo-6.png\",\"contentUrl\":\"https:\\\/\\\/universoesportivo.net\\\/wp-content\\\/uploads\\\/2024\\\/05\\\/cropped-cropped-universo-6.png\",\"width\":413,\"height\":295,\"caption\":\"Universo Esportivo\"},\"image\":{\"@id\":\"https:\\\/\\\/universoesportivo.net\\\/#\\\/schema\\\/logo\\\/image\\\/\"},\"sameAs\":[\"https:\\\/\\\/www.facebook.com\\\/universoesportivo.net\"]},{\"@type\":\"Person\",\"@id\":\"https:\\\/\\\/universoesportivo.net\\\/#\\\/schema\\\/person\\\/62bc311bc7def56a6bc83711536e74bd\",\"name\":\"Tiago Lotto\",\"image\":{\"@type\":\"ImageObject\",\"inLanguage\":\"pt-BR\",\"@id\":\"https:\\\/\\\/secure.gravatar.com\\\/avatar\\\/fd6891125b3fb6ba0b794cd20c3398d5bb0fa20d2b9963a95f19470e5a6192f7?s=96&d=mm&r=g\",\"url\":\"https:\\\/\\\/secure.gravatar.com\\\/avatar\\\/fd6891125b3fb6ba0b794cd20c3398d5bb0fa20d2b9963a95f19470e5a6192f7?s=96&d=mm&r=g\",\"contentUrl\":\"https:\\\/\\\/secure.gravatar.com\\\/avatar\\\/fd6891125b3fb6ba0b794cd20c3398d5bb0fa20d2b9963a95f19470e5a6192f7?s=96&d=mm&r=g\",\"caption\":\"Tiago Lotto\"},\"url\":\"https:\\\/\\\/universoesportivo.net\\\/index.php\\\/author\\\/tiago-lotto\\\/\"}]}<\/script>\n<!-- \/ Yoast SEO plugin. -->","yoast_head_json":{"title":"Sub-12 da Bola na Rede conquista o bicampeonato da Copa Dourado e Ribeir\u00e3o Bonito - Universo Esportivo","robots":{"index":"index","follow":"follow","max-snippet":"max-snippet:-1","max-image-preview":"max-image-preview:large","max-video-preview":"max-video-preview:-1"},"canonical":"https:\/\/universoesportivo.net\/index.php\/2024\/07\/22\/sub-12-da-bola-na-rede-conquista-o-bicampeonato-da-copa-dourado-e-ribeirao-bonito\/","og_locale":"pt_BR","og_type":"article","og_title":"Sub-12 da Bola na Rede conquista o bicampeonato da Copa Dourado e Ribeir\u00e3o Bonito - Universo Esportivo","og_description":"Al\u00e9m do sub-12, escola de Catanduva tamb\u00e9m conquistou o vice-campeonato da categoria sub-10. Artilheiros das duas categorias s\u00e3o da Bola na Rede.","og_url":"https:\/\/universoesportivo.net\/index.php\/2024\/07\/22\/sub-12-da-bola-na-rede-conquista-o-bicampeonato-da-copa-dourado-e-ribeirao-bonito\/","og_site_name":"Universo Esportivo","article_publisher":"https:\/\/www.facebook.com\/universoesportivo.net","article_published_time":"2024-07-22T15:08:02+00:00","og_image":[{"width":459,"height":283,"url":"https:\/\/universoesportivo.net\/wp-content\/uploads\/2024\/07\/abredouradoprimeiro.jpg","type":"image\/jpeg"}],"author":"Tiago Lotto","twitter_card":"summary_large_image","twitter_misc":{"Escrito por":"Tiago Lotto","Est. tempo de leitura":"3 minutos"},"schema":{"@context":"https:\/\/schema.org","@graph":[{"@type":"Article","@id":"https:\/\/universoesportivo.net\/index.php\/2024\/07\/22\/sub-12-da-bola-na-rede-conquista-o-bicampeonato-da-copa-dourado-e-ribeirao-bonito\/#article","isPartOf":{"@id":"https:\/\/universoesportivo.net\/index.php\/2024\/07\/22\/sub-12-da-bola-na-rede-conquista-o-bicampeonato-da-copa-dourado-e-ribeirao-bonito\/"},"author":{"name":"Tiago Lotto","@id":"https:\/\/universoesportivo.net\/#\/schema\/person\/62bc311bc7def56a6bc83711536e74bd"},"headline":"Sub-12 da Bola na Rede conquista o bicampeonato da Copa Dourado e Ribeir\u00e3o Bonito","datePublished":"2024-07-22T15:08:02+00:00","mainEntityOfPage":{"@id":"https:\/\/universoesportivo.net\/index.php\/2024\/07\/22\/sub-12-da-bola-na-rede-conquista-o-bicampeonato-da-copa-dourado-e-ribeirao-bonito\/"},"wordCount":390,"publisher":{"@id":"https:\/\/universoesportivo.net\/#organization"},"image":{"@id":"https:\/\/universoesportivo.net\/index.php\/2024\/07\/22\/sub-12-da-bola-na-rede-conquista-o-bicampeonato-da-copa-dourado-e-ribeirao-bonito\/#primaryimage"},"thumbnailUrl":"https:\/\/universoesportivo.net\/wp-content\/uploads\/2024\/07\/abredouradoprimeiro.jpg","articleSection":["ESPORTES","Futebol"],"inLanguage":"pt-BR"},{"@type":"WebPage","@id":"https:\/\/universoesportivo.net\/index.php\/2024\/07\/22\/sub-12-da-bola-na-rede-conquista-o-bicampeonato-da-copa-dourado-e-ribeirao-bonito\/","url":"https:\/\/universoesportivo.net\/index.php\/2024\/07\/22\/sub-12-da-bola-na-rede-conquista-o-bicampeonato-da-copa-dourado-e-ribeirao-bonito\/","name":"Sub-12 da Bola na Rede conquista o bicampeonato da Copa Dourado e Ribeir\u00e3o Bonito - Universo Esportivo","isPartOf":{"@id":"https:\/\/universoesportivo.net\/#website"},"primaryImageOfPage":{"@id":"https:\/\/universoesportivo.net\/index.php\/2024\/07\/22\/sub-12-da-bola-na-rede-conquista-o-bicampeonato-da-copa-dourado-e-ribeirao-bonito\/#primaryimage"},"image":{"@id":"https:\/\/universoesportivo.net\/index.php\/2024\/07\/22\/sub-12-da-bola-na-rede-conquista-o-bicampeonato-da-copa-dourado-e-ribeirao-bonito\/#primaryimage"},"thumbnailUrl":"https:\/\/universoesportivo.net\/wp-content\/uploads\/2024\/07\/abredouradoprimeiro.jpg","datePublished":"2024-07-22T15:08:02+00:00","breadcrumb":{"@id":"https:\/\/universoesportivo.net\/index.php\/2024\/07\/22\/sub-12-da-bola-na-rede-conquista-o-bicampeonato-da-copa-dourado-e-ribeirao-bonito\/#breadcrumb"},"inLanguage":"pt-BR","potentialAction":[{"@type":"ReadAction","target":["https:\/\/universoesportivo.net\/index.php\/2024\/07\/22\/sub-12-da-bola-na-rede-conquista-o-bicampeonato-da-copa-dourado-e-ribeirao-bonito\/"]}]},{"@type":"ImageObject","inLanguage":"pt-BR","@id":"https:\/\/universoesportivo.net\/index.php\/2024\/07\/22\/sub-12-da-bola-na-rede-conquista-o-bicampeonato-da-copa-dourado-e-ribeirao-bonito\/#primaryimage","url":"https:\/\/universoesportivo.net\/wp-content\/uploads\/2024\/07\/abredouradoprimeiro.jpg","contentUrl":"https:\/\/universoesportivo.net\/wp-content\/uploads\/2024\/07\/abredouradoprimeiro.jpg","width":459,"height":283},{"@type":"BreadcrumbList","@id":"https:\/\/universoesportivo.net\/index.php\/2024\/07\/22\/sub-12-da-bola-na-rede-conquista-o-bicampeonato-da-copa-dourado-e-ribeirao-bonito\/#breadcrumb","itemListElement":[{"@type":"ListItem","position":1,"name":"In\u00edcio","item":"https:\/\/universoesportivo.net\/"},{"@type":"ListItem","position":2,"name":"Sub-12 da Bola na Rede conquista o bicampeonato da Copa Dourado e Ribeir\u00e3o Bonito"}]},{"@type":"WebSite","@id":"https:\/\/universoesportivo.net\/#website","url":"https:\/\/universoesportivo.net\/","name":"Universo Esportivo","description":"O portal de todas as modalidades esportivas!","publisher":{"@id":"https:\/\/universoesportivo.net\/#organization"},"alternateName":"Jornalista Tiago Contador Lotto","potentialAction":[{"@type":"SearchAction","target":{"@type":"EntryPoint","urlTemplate":"https:\/\/universoesportivo.net\/?s={search_term_string}"},"query-input":{"@type":"PropertyValueSpecification","valueRequired":true,"valueName":"search_term_string"}}],"inLanguage":"pt-BR"},{"@type":"Organization","@id":"https:\/\/universoesportivo.net\/#organization","name":"Universo Esportivo","alternateName":"Tiago Lotto","url":"https:\/\/universoesportivo.net\/","logo":{"@type":"ImageObject","inLanguage":"pt-BR","@id":"https:\/\/universoesportivo.net\/#\/schema\/logo\/image\/","url":"https:\/\/universoesportivo.net\/wp-content\/uploads\/2024\/05\/cropped-cropped-universo-6.png","contentUrl":"https:\/\/universoesportivo.net\/wp-content\/uploads\/2024\/05\/cropped-cropped-universo-6.png","width":413,"height":295,"caption":"Universo Esportivo"},"image":{"@id":"https:\/\/universoesportivo.net\/#\/schema\/logo\/image\/"},"sameAs":["https:\/\/www.facebook.com\/universoesportivo.net"]},{"@type":"Person","@id":"https:\/\/universoesportivo.net\/#\/schema\/person\/62bc311bc7def56a6bc83711536e74bd","name":"Tiago Lotto","image":{"@type":"ImageObject","inLanguage":"pt-BR","@id":"https:\/\/secure.gravatar.com\/avatar\/fd6891125b3fb6ba0b794cd20c3398d5bb0fa20d2b9963a95f19470e5a6192f7?s=96&d=mm&r=g","url":"https:\/\/secure.gravatar.com\/avatar\/fd6891125b3fb6ba0b794cd20c3398d5bb0fa20d2b9963a95f19470e5a6192f7?s=96&d=mm&r=g","contentUrl":"https:\/\/secure.gravatar.com\/avatar\/fd6891125b3fb6ba0b794cd20c3398d5bb0fa20d2b9963a95f19470e5a6192f7?s=96&d=mm&r=g","caption":"Tiago Lotto"},"url":"https:\/\/universoesportivo.net\/index.php\/author\/tiago-lotto\/"}]}},"jetpack_featured_media_url":"https:\/\/universoesportivo.net\/wp-content\/uploads\/2024\/07\/abredouradoprimeiro.jpg","_links":{"self":[{"href":"https:\/\/universoesportivo.net\/index.php\/wp-json\/wp\/v2\/posts\/1498","targetHints":{"allow":["GET"]}}],"collection":[{"href":"https:\/\/universoesportivo.net\/index.php\/wp-json\/wp\/v2\/posts"}],"about":[{"href":"https:\/\/universoesportivo.net\/index.php\/wp-json\/wp\/v2\/types\/post"}],"author":[{"embeddable":true,"href":"https:\/\/universoesportivo.net\/index.php\/wp-json\/wp\/v2\/users\/2"}],"replies":[{"embeddable":true,"href":"https:\/\/universoesportivo.net\/index.php\/wp-json\/wp\/v2\/comments?post=1498"}],"version-history":[{"count":1,"href":"https:\/\/universoesportivo.net\/index.php\/wp-json\/wp\/v2\/posts\/1498\/revisions"}],"predecessor-version":[{"id":1501,"href":"https:\/\/universoesportivo.net\/index.php\/wp-json\/wp\/v2\/posts\/1498\/revisions\/1501"}],"wp:featuredmedia":[{"embeddable":true,"href":"https:\/\/universoesportivo.net\/index.php\/wp-json\/wp\/v2\/media\/1499"}],"wp:attachment":[{"href":"https:\/\/universoesportivo.net\/index.php\/wp-json\/wp\/v2\/media?parent=1498"}],"wp:term":[{"taxonomy":"category","embeddable":true,"href":"https:\/\/universoesportivo.net\/index.php\/wp-json\/wp\/v2\/categories?post=1498"},{"taxonomy":"post_tag","embeddable":true,"href":"https:\/\/universoesportivo.net\/index.php\/wp-json\/wp\/v2\/tags?post=1498"}],"curies":[{"name":"wp","href":"https:\/\/api.w.org\/{rel}","templated":true}]}}