{"id":1503,"date":"2024-07-23T15:47:51","date_gmt":"2024-07-23T18:47:51","guid":{"rendered":"https:\/\/universoesportivo.net\/?p=1503"},"modified":"2024-07-23T15:54:13","modified_gmt":"2024-07-23T18:54:13","slug":"mirassol-assina-com-volante-de-12-anos-de-catanduva-da-escola-bola-na-rede","status":"publish","type":"post","link":"https:\/\/universoesportivo.net\/index.php\/2024\/07\/23\/mirassol-assina-com-volante-de-12-anos-de-catanduva-da-escola-bola-na-rede\/","title":{"rendered":"Mirassol assina com volante de 12 anos de Catanduva, da escola Bola na Rede"},"content":{"rendered":"\n<p class=\"has-medium-font-size\">O Mirassol Futebol Clube, conhecido time do interior paulista que tem como mascote o Le\u00e3o, \u00e9 uma das equipes que valoriza e investe em atletas das categorias de base. O clube est\u00e1 na elite do Paulist\u00e3o e disputa o Campeonato Brasileiro S\u00e9rie B.<\/p>\n\n\n\n<p class=\"has-medium-font-size\">Nesta semana, no \u00faltimo dia 21 de julho, o jovem Arthur Degini Cardoso, da categoria sub-12, assinou contrato pelo Mirassol. O clube acredita no futuro promissor do atleta, que \u00e9 natural de Catanduva\/SP, onde joga pela Escola de Futebol Bola na Rede.<\/p>\n\n\n\n<p class=\"has-medium-font-size\">Degini, como \u00e9 chamado pelos treinadores e amigos, joga como volante no futebol de campo. Ele tamb\u00e9m \u00e9 atleta do futsal, categoria que joga como piv\u00f4. As duas modalidades fazem parte da Escola de Futebol Bola na Rede, de Catanduva, onde Degini joga h\u00e1 4 anos. O garoto continuar\u00e1 na escola. Os treinos ser\u00e3o divididos e supervisionados por profissionais das equipes.<\/p>\n\n\n\n<p class=\"has-medium-font-size\">\u201c\u00c9 um volante com excelente sa\u00edda de bola. Al\u00e9m disso, \u00e9 um \u00f3timo marcador e sabe se posicionar em campo. Al\u00e9m do Mirassol, ele j\u00e1 havia passado por uma avalia\u00e7\u00e3o no S\u00e3o Paulo Futebol Clube no in\u00edcio do ano, por\u00e9m foi aprovado pelo time do interior\u201d, disse Rodrigo L\u00e9, t\u00e9cnico da Bola na Rede e das categorias de base do Mirassol.<\/p>\n\n\n\n<p class=\"has-medium-font-size\">\u201cA Bola na Rede tem 30 anos de hist\u00f3ria e se tornou uma escola que revela jogadores, preparando os atletas para seguir carreira profissional. O Mirassol se tornou um clube parceiro, que est\u00e1 atento aos atletas da base\u201d, completou L\u00e9.<\/p>\n\n\n\n<p class=\"has-medium-font-size\">O pai do atleta, Rodrigo Cardoso, jogava \u2013 quando jovem \u2013 no gol. Hoje servidor p\u00fablico em Catanduva, ele \u2018comemora\u2019 que o filho n\u00e3o escolheu a posi\u00e7\u00e3o de goleiro.<\/p>\n\n\n\n<p class=\"has-medium-font-size\">\u201cO pai geralmente \u00e9 o espelho do filho, mas fui para o gol pois n\u00e3o tinha habilidade nenhuma na linha, diferente do meu filho. Infelizmente o Arthur n\u00e3o chegou a ver jogos meus, pois machuquei e parei de jogar no ano que ele nasceu. Portanto, a escolha dele foi completamente natural, sem minha \u2018interfer\u00eancia\u2019, que eu acredito que \u00e9 assim que deve ser&#8221;, disse ele \u00e0 reportagem do Universo Esportivo.<\/p>\n\n\n\n<p class=\"has-medium-font-size\">Sobre a assinatura do filho, Rodrigo disse que foi fruto do trabalho do garoto. \u201cEle \u00e9 dedicado, disciplinado e mostra muito esfor\u00e7o nos treinos e jogos. Que ele possa honrar a camisa do Mirassol da mesma maneira que honra a camisa da Bola na Rede, comentou o pai do atleta.<\/p>\n\n\n\n<p class=\"has-medium-font-size\">Degini fez parte do elenco da Bola na Rede que recentemente se sagrou bicampe\u00e3o da Copa Dourado e Ribeir\u00e3o Bonito de Futebol Junior, na categoria sub-12. Degini foi o capit\u00e3o da equipe na competi\u00e7\u00e3o, que ocorreu de 15 a 21 de julho.<\/p>\n\n\n\n<p class=\"has-medium-font-size\">Texto: Tiago Lotto \/ Fotos: Divulga\u00e7\u00e3o<\/p>\n\n\n\n<figure class=\"wp-block-image\"><img fetchpriority=\"high\" decoding=\"async\" width=\"480\" height=\"320\" src=\"https:\/\/universoesportivo.net\/wp-content\/uploads\/2024\/07\/abredegini3.jpg\" alt=\"\" class=\"wp-image-1506\" srcset=\"https:\/\/universoesportivo.net\/wp-content\/uploads\/2024\/07\/abredegini3.jpg 480w, https:\/\/universoesportivo.net\/wp-content\/uploads\/2024\/07\/abredegini3-300x200.jpg 300w, https:\/\/universoesportivo.net\/wp-content\/uploads\/2024\/07\/abredegini3-18x12.jpg 18w\" sizes=\"(max-width: 480px) 100vw, 480px\" \/><\/figure>\n\n\n\n<figure class=\"wp-block-image\"><img decoding=\"async\" width=\"480\" height=\"320\" src=\"https:\/\/universoesportivo.net\/wp-content\/uploads\/2024\/07\/abredeini2.jpg\" alt=\"\" class=\"wp-image-1505\" srcset=\"https:\/\/universoesportivo.net\/wp-content\/uploads\/2024\/07\/abredeini2.jpg 480w, https:\/\/universoesportivo.net\/wp-content\/uploads\/2024\/07\/abredeini2-300x200.jpg 300w, https:\/\/universoesportivo.net\/wp-content\/uploads\/2024\/07\/abredeini2-18x12.jpg 18w\" sizes=\"(max-width: 480px) 100vw, 480px\" \/><\/figure>\n","protected":false},"excerpt":{"rendered":"<p>O volante Arthur Degini surgiu na Escola de Futebol Bola na Rede. Al\u00e9m do futebol de campo, o atleta joga futsal, como piv\u00f4.<\/p>\n","protected":false},"author":2,"featured_media":1504,"comment_status":"closed","ping_status":"closed","sticky":false,"template":"","format":"standard","meta":{"colormag_page_container_layout":"default_layout","colormag_page_sidebar_layout":"default_layout","footnotes":""},"categories":[17,70],"tags":[],"class_list":["post-1503","post","type-post","status-publish","format-standard","has-post-thumbnail","hentry","category-esportes","category-futebol-de-base"],"magazineBlocksPostFeaturedMedia":{"thumbnail":"https:\/\/universoesportivo.net\/wp-content\/uploads\/2024\/07\/abredegini-150x150.jpg","medium":"https:\/\/universoesportivo.net\/wp-content\/uploads\/2024\/07\/abredegini-300x300.jpg","medium_large":"https:\/\/universoesportivo.net\/wp-content\/uploads\/2024\/07\/abredegini.jpg","large":"https:\/\/universoesportivo.net\/wp-content\/uploads\/2024\/07\/abredegini.jpg","1536x1536":"https:\/\/universoesportivo.net\/wp-content\/uploads\/2024\/07\/abredegini.jpg","2048x2048":"https:\/\/universoesportivo.net\/wp-content\/uploads\/2024\/07\/abredegini.jpg","trp-custom-language-flag":"https:\/\/universoesportivo.net\/wp-content\/uploads\/2024\/07\/abredegini-12x12.jpg","colormag-highlighted-post":"https:\/\/universoesportivo.net\/wp-content\/uploads\/2024\/07\/abredegini-378x272.jpg","colormag-featured-post-medium":"https:\/\/universoesportivo.net\/wp-content\/uploads\/2024\/07\/abredegini-378x205.jpg","colormag-featured-post-small":"https:\/\/universoesportivo.net\/wp-content\/uploads\/2024\/07\/abredegini-130x90.jpg","colormag-featured-image":"https:\/\/universoesportivo.net\/wp-content\/uploads\/2024\/07\/abredegini.jpg","colormag-default-news":"https:\/\/universoesportivo.net\/wp-content\/uploads\/2024\/07\/abredegini-150x150.jpg","colormag-featured-image-large":"https:\/\/universoesportivo.net\/wp-content\/uploads\/2024\/07\/abredegini.jpg","colormag-elementor-block-extra-large-thumbnail":"https:\/\/universoesportivo.net\/wp-content\/uploads\/2024\/07\/abredegini.jpg","colormag-elementor-grid-large-thumbnail":"https:\/\/universoesportivo.net\/wp-content\/uploads\/2024\/07\/abredegini.jpg","colormag-elementor-grid-small-thumbnail":"https:\/\/universoesportivo.net\/wp-content\/uploads\/2024\/07\/abredegini-285x378.jpg","colormag-elementor-grid-medium-large-thumbnail":"https:\/\/universoesportivo.net\/wp-content\/uploads\/2024\/07\/abredegini-378x198.jpg"},"magazineBlocksPostAuthor":{"name":"Tiago Lotto","avatar":"https:\/\/secure.gravatar.com\/avatar\/fd6891125b3fb6ba0b794cd20c3398d5bb0fa20d2b9963a95f19470e5a6192f7?s=96&d=mm&r=g"},"magazineBlocksPostCommentsNumber":false,"magazineBlocksPostExcerpt":"O volante Arthur Degini surgiu na Escola de Futebol Bola na Rede. Al\u00e9m do futebol de campo, o atleta joga futsal, como piv\u00f4.","magazineBlocksPostCategories":["ESPORTES","Futebol de base"],"magazineBlocksPostViewCount":43,"magazineBlocksPostReadTime":3,"magazine_blocks_featured_image_url":{"full":["https:\/\/universoesportivo.net\/wp-content\/uploads\/2024\/07\/abredegini.jpg",378,378,false],"medium":["https:\/\/universoesportivo.net\/wp-content\/uploads\/2024\/07\/abredegini-300x300.jpg",300,300,true],"thumbnail":["https:\/\/universoesportivo.net\/wp-content\/uploads\/2024\/07\/abredegini-150x150.jpg",150,150,true]},"magazine_blocks_author":{"display_name":"Tiago Lotto","author_link":"https:\/\/universoesportivo.net\/index.php\/author\/tiago-lotto\/"},"magazine_blocks_comment":0,"magazine_blocks_author_image":"https:\/\/secure.gravatar.com\/avatar\/fd6891125b3fb6ba0b794cd20c3398d5bb0fa20d2b9963a95f19470e5a6192f7?s=96&d=mm&r=g","magazine_blocks_category":"<a href=\"#\" class=\"category-link category-link-17\">ESPORTES<\/a> <a href=\"#\" class=\"category-link category-link-70\">Futebol de base<\/a>","yoast_head":"<!-- This site is optimized with the Yoast SEO plugin v27.4 - https:\/\/yoast.com\/product\/yoast-seo-wordpress\/ -->\n<title>Mirassol assina com volante de 12 anos de Catanduva, da escola Bola na Rede - Universo Esportivo<\/title>\n<meta name=\"robots\" content=\"index, follow, max-snippet:-1, max-image-preview:large, max-video-preview:-1\" \/>\n<link rel=\"canonical\" href=\"https:\/\/universoesportivo.net\/index.php\/2024\/07\/23\/mirassol-assina-com-volante-de-12-anos-de-catanduva-da-escola-bola-na-rede\/\" \/>\n<meta property=\"og:locale\" content=\"pt_BR\" \/>\n<meta property=\"og:type\" content=\"article\" \/>\n<meta property=\"og:title\" content=\"Mirassol assina com volante de 12 anos de Catanduva, da escola Bola na Rede - Universo Esportivo\" \/>\n<meta property=\"og:description\" content=\"O volante Arthur Degini surgiu na Escola de Futebol Bola na Rede. Al\u00e9m do futebol de campo, o atleta joga futsal, como piv\u00f4.\" \/>\n<meta property=\"og:url\" content=\"https:\/\/universoesportivo.net\/index.php\/2024\/07\/23\/mirassol-assina-com-volante-de-12-anos-de-catanduva-da-escola-bola-na-rede\/\" \/>\n<meta property=\"og:site_name\" content=\"Universo Esportivo\" \/>\n<meta property=\"article:publisher\" content=\"https:\/\/www.facebook.com\/universoesportivo.net\" \/>\n<meta property=\"article:published_time\" content=\"2024-07-23T18:47:51+00:00\" \/>\n<meta property=\"article:modified_time\" content=\"2024-07-23T18:54:13+00:00\" \/>\n<meta property=\"og:image\" content=\"https:\/\/universoesportivo.net\/wp-content\/uploads\/2024\/07\/abredegini.jpg\" \/>\n\t<meta property=\"og:image:width\" content=\"378\" \/>\n\t<meta property=\"og:image:height\" content=\"378\" \/>\n\t<meta property=\"og:image:type\" content=\"image\/jpeg\" \/>\n<meta name=\"author\" content=\"Tiago Lotto\" \/>\n<meta name=\"twitter:card\" content=\"summary_large_image\" \/>\n<meta name=\"twitter:label1\" content=\"Escrito por\" \/>\n\t<meta name=\"twitter:data1\" content=\"Tiago Lotto\" \/>\n\t<meta name=\"twitter:label2\" content=\"Est. tempo de leitura\" \/>\n\t<meta name=\"twitter:data2\" content=\"4 minutos\" \/>\n<script type=\"application\/ld+json\" class=\"yoast-schema-graph\">{\"@context\":\"https:\\\/\\\/schema.org\",\"@graph\":[{\"@type\":\"Article\",\"@id\":\"https:\\\/\\\/universoesportivo.net\\\/index.php\\\/2024\\\/07\\\/23\\\/mirassol-assina-com-volante-de-12-anos-de-catanduva-da-escola-bola-na-rede\\\/#article\",\"isPartOf\":{\"@id\":\"https:\\\/\\\/universoesportivo.net\\\/index.php\\\/2024\\\/07\\\/23\\\/mirassol-assina-com-volante-de-12-anos-de-catanduva-da-escola-bola-na-rede\\\/\"},\"author\":{\"name\":\"Tiago Lotto\",\"@id\":\"https:\\\/\\\/universoesportivo.net\\\/#\\\/schema\\\/person\\\/62bc311bc7def56a6bc83711536e74bd\"},\"headline\":\"Mirassol assina com volante de 12 anos de Catanduva, da escola Bola na Rede\",\"datePublished\":\"2024-07-23T18:47:51+00:00\",\"dateModified\":\"2024-07-23T18:54:13+00:00\",\"mainEntityOfPage\":{\"@id\":\"https:\\\/\\\/universoesportivo.net\\\/index.php\\\/2024\\\/07\\\/23\\\/mirassol-assina-com-volante-de-12-anos-de-catanduva-da-escola-bola-na-rede\\\/\"},\"wordCount\":466,\"publisher\":{\"@id\":\"https:\\\/\\\/universoesportivo.net\\\/#organization\"},\"image\":{\"@id\":\"https:\\\/\\\/universoesportivo.net\\\/index.php\\\/2024\\\/07\\\/23\\\/mirassol-assina-com-volante-de-12-anos-de-catanduva-da-escola-bola-na-rede\\\/#primaryimage\"},\"thumbnailUrl\":\"https:\\\/\\\/universoesportivo.net\\\/wp-content\\\/uploads\\\/2024\\\/07\\\/abredegini.jpg\",\"articleSection\":[\"ESPORTES\",\"Futebol de base\"],\"inLanguage\":\"pt-BR\"},{\"@type\":\"WebPage\",\"@id\":\"https:\\\/\\\/universoesportivo.net\\\/index.php\\\/2024\\\/07\\\/23\\\/mirassol-assina-com-volante-de-12-anos-de-catanduva-da-escola-bola-na-rede\\\/\",\"url\":\"https:\\\/\\\/universoesportivo.net\\\/index.php\\\/2024\\\/07\\\/23\\\/mirassol-assina-com-volante-de-12-anos-de-catanduva-da-escola-bola-na-rede\\\/\",\"name\":\"Mirassol assina com volante de 12 anos de Catanduva, da escola Bola na Rede - Universo Esportivo\",\"isPartOf\":{\"@id\":\"https:\\\/\\\/universoesportivo.net\\\/#website\"},\"primaryImageOfPage\":{\"@id\":\"https:\\\/\\\/universoesportivo.net\\\/index.php\\\/2024\\\/07\\\/23\\\/mirassol-assina-com-volante-de-12-anos-de-catanduva-da-escola-bola-na-rede\\\/#primaryimage\"},\"image\":{\"@id\":\"https:\\\/\\\/universoesportivo.net\\\/index.php\\\/2024\\\/07\\\/23\\\/mirassol-assina-com-volante-de-12-anos-de-catanduva-da-escola-bola-na-rede\\\/#primaryimage\"},\"thumbnailUrl\":\"https:\\\/\\\/universoesportivo.net\\\/wp-content\\\/uploads\\\/2024\\\/07\\\/abredegini.jpg\",\"datePublished\":\"2024-07-23T18:47:51+00:00\",\"dateModified\":\"2024-07-23T18:54:13+00:00\",\"breadcrumb\":{\"@id\":\"https:\\\/\\\/universoesportivo.net\\\/index.php\\\/2024\\\/07\\\/23\\\/mirassol-assina-com-volante-de-12-anos-de-catanduva-da-escola-bola-na-rede\\\/#breadcrumb\"},\"inLanguage\":\"pt-BR\",\"potentialAction\":[{\"@type\":\"ReadAction\",\"target\":[\"https:\\\/\\\/universoesportivo.net\\\/index.php\\\/2024\\\/07\\\/23\\\/mirassol-assina-com-volante-de-12-anos-de-catanduva-da-escola-bola-na-rede\\\/\"]}]},{\"@type\":\"ImageObject\",\"inLanguage\":\"pt-BR\",\"@id\":\"https:\\\/\\\/universoesportivo.net\\\/index.php\\\/2024\\\/07\\\/23\\\/mirassol-assina-com-volante-de-12-anos-de-catanduva-da-escola-bola-na-rede\\\/#primaryimage\",\"url\":\"https:\\\/\\\/universoesportivo.net\\\/wp-content\\\/uploads\\\/2024\\\/07\\\/abredegini.jpg\",\"contentUrl\":\"https:\\\/\\\/universoesportivo.net\\\/wp-content\\\/uploads\\\/2024\\\/07\\\/abredegini.jpg\",\"width\":378,\"height\":378},{\"@type\":\"BreadcrumbList\",\"@id\":\"https:\\\/\\\/universoesportivo.net\\\/index.php\\\/2024\\\/07\\\/23\\\/mirassol-assina-com-volante-de-12-anos-de-catanduva-da-escola-bola-na-rede\\\/#breadcrumb\",\"itemListElement\":[{\"@type\":\"ListItem\",\"position\":1,\"name\":\"In\u00edcio\",\"item\":\"https:\\\/\\\/universoesportivo.net\\\/\"},{\"@type\":\"ListItem\",\"position\":2,\"name\":\"Mirassol assina com volante de 12 anos de Catanduva, da escola Bola na Rede\"}]},{\"@type\":\"WebSite\",\"@id\":\"https:\\\/\\\/universoesportivo.net\\\/#website\",\"url\":\"https:\\\/\\\/universoesportivo.net\\\/\",\"name\":\"Universo Esportivo\",\"description\":\"O portal de todas as modalidades esportivas!\",\"publisher\":{\"@id\":\"https:\\\/\\\/universoesportivo.net\\\/#organization\"},\"alternateName\":\"Jornalista Tiago Contador Lotto\",\"potentialAction\":[{\"@type\":\"SearchAction\",\"target\":{\"@type\":\"EntryPoint\",\"urlTemplate\":\"https:\\\/\\\/universoesportivo.net\\\/?s={search_term_string}\"},\"query-input\":{\"@type\":\"PropertyValueSpecification\",\"valueRequired\":true,\"valueName\":\"search_term_string\"}}],\"inLanguage\":\"pt-BR\"},{\"@type\":\"Organization\",\"@id\":\"https:\\\/\\\/universoesportivo.net\\\/#organization\",\"name\":\"Universo Esportivo\",\"alternateName\":\"Tiago Lotto\",\"url\":\"https:\\\/\\\/universoesportivo.net\\\/\",\"logo\":{\"@type\":\"ImageObject\",\"inLanguage\":\"pt-BR\",\"@id\":\"https:\\\/\\\/universoesportivo.net\\\/#\\\/schema\\\/logo\\\/image\\\/\",\"url\":\"https:\\\/\\\/universoesportivo.net\\\/wp-content\\\/uploads\\\/2024\\\/05\\\/cropped-cropped-universo-6.png\",\"contentUrl\":\"https:\\\/\\\/universoesportivo.net\\\/wp-content\\\/uploads\\\/2024\\\/05\\\/cropped-cropped-universo-6.png\",\"width\":413,\"height\":295,\"caption\":\"Universo Esportivo\"},\"image\":{\"@id\":\"https:\\\/\\\/universoesportivo.net\\\/#\\\/schema\\\/logo\\\/image\\\/\"},\"sameAs\":[\"https:\\\/\\\/www.facebook.com\\\/universoesportivo.net\"]},{\"@type\":\"Person\",\"@id\":\"https:\\\/\\\/universoesportivo.net\\\/#\\\/schema\\\/person\\\/62bc311bc7def56a6bc83711536e74bd\",\"name\":\"Tiago Lotto\",\"image\":{\"@type\":\"ImageObject\",\"inLanguage\":\"pt-BR\",\"@id\":\"https:\\\/\\\/secure.gravatar.com\\\/avatar\\\/fd6891125b3fb6ba0b794cd20c3398d5bb0fa20d2b9963a95f19470e5a6192f7?s=96&d=mm&r=g\",\"url\":\"https:\\\/\\\/secure.gravatar.com\\\/avatar\\\/fd6891125b3fb6ba0b794cd20c3398d5bb0fa20d2b9963a95f19470e5a6192f7?s=96&d=mm&r=g\",\"contentUrl\":\"https:\\\/\\\/secure.gravatar.com\\\/avatar\\\/fd6891125b3fb6ba0b794cd20c3398d5bb0fa20d2b9963a95f19470e5a6192f7?s=96&d=mm&r=g\",\"caption\":\"Tiago Lotto\"},\"url\":\"https:\\\/\\\/universoesportivo.net\\\/index.php\\\/author\\\/tiago-lotto\\\/\"}]}<\/script>\n<!-- \/ Yoast SEO plugin. -->","yoast_head_json":{"title":"Mirassol assina com volante de 12 anos de Catanduva, da escola Bola na Rede - Universo Esportivo","robots":{"index":"index","follow":"follow","max-snippet":"max-snippet:-1","max-image-preview":"max-image-preview:large","max-video-preview":"max-video-preview:-1"},"canonical":"https:\/\/universoesportivo.net\/index.php\/2024\/07\/23\/mirassol-assina-com-volante-de-12-anos-de-catanduva-da-escola-bola-na-rede\/","og_locale":"pt_BR","og_type":"article","og_title":"Mirassol assina com volante de 12 anos de Catanduva, da escola Bola na Rede - Universo Esportivo","og_description":"O volante Arthur Degini surgiu na Escola de Futebol Bola na Rede. Al\u00e9m do futebol de campo, o atleta joga futsal, como piv\u00f4.","og_url":"https:\/\/universoesportivo.net\/index.php\/2024\/07\/23\/mirassol-assina-com-volante-de-12-anos-de-catanduva-da-escola-bola-na-rede\/","og_site_name":"Universo Esportivo","article_publisher":"https:\/\/www.facebook.com\/universoesportivo.net","article_published_time":"2024-07-23T18:47:51+00:00","article_modified_time":"2024-07-23T18:54:13+00:00","og_image":[{"width":378,"height":378,"url":"https:\/\/universoesportivo.net\/wp-content\/uploads\/2024\/07\/abredegini.jpg","type":"image\/jpeg"}],"author":"Tiago Lotto","twitter_card":"summary_large_image","twitter_misc":{"Escrito por":"Tiago Lotto","Est. tempo de leitura":"4 minutos"},"schema":{"@context":"https:\/\/schema.org","@graph":[{"@type":"Article","@id":"https:\/\/universoesportivo.net\/index.php\/2024\/07\/23\/mirassol-assina-com-volante-de-12-anos-de-catanduva-da-escola-bola-na-rede\/#article","isPartOf":{"@id":"https:\/\/universoesportivo.net\/index.php\/2024\/07\/23\/mirassol-assina-com-volante-de-12-anos-de-catanduva-da-escola-bola-na-rede\/"},"author":{"name":"Tiago Lotto","@id":"https:\/\/universoesportivo.net\/#\/schema\/person\/62bc311bc7def56a6bc83711536e74bd"},"headline":"Mirassol assina com volante de 12 anos de Catanduva, da escola Bola na Rede","datePublished":"2024-07-23T18:47:51+00:00","dateModified":"2024-07-23T18:54:13+00:00","mainEntityOfPage":{"@id":"https:\/\/universoesportivo.net\/index.php\/2024\/07\/23\/mirassol-assina-com-volante-de-12-anos-de-catanduva-da-escola-bola-na-rede\/"},"wordCount":466,"publisher":{"@id":"https:\/\/universoesportivo.net\/#organization"},"image":{"@id":"https:\/\/universoesportivo.net\/index.php\/2024\/07\/23\/mirassol-assina-com-volante-de-12-anos-de-catanduva-da-escola-bola-na-rede\/#primaryimage"},"thumbnailUrl":"https:\/\/universoesportivo.net\/wp-content\/uploads\/2024\/07\/abredegini.jpg","articleSection":["ESPORTES","Futebol de base"],"inLanguage":"pt-BR"},{"@type":"WebPage","@id":"https:\/\/universoesportivo.net\/index.php\/2024\/07\/23\/mirassol-assina-com-volante-de-12-anos-de-catanduva-da-escola-bola-na-rede\/","url":"https:\/\/universoesportivo.net\/index.php\/2024\/07\/23\/mirassol-assina-com-volante-de-12-anos-de-catanduva-da-escola-bola-na-rede\/","name":"Mirassol assina com volante de 12 anos de Catanduva, da escola Bola na Rede - Universo Esportivo","isPartOf":{"@id":"https:\/\/universoesportivo.net\/#website"},"primaryImageOfPage":{"@id":"https:\/\/universoesportivo.net\/index.php\/2024\/07\/23\/mirassol-assina-com-volante-de-12-anos-de-catanduva-da-escola-bola-na-rede\/#primaryimage"},"image":{"@id":"https:\/\/universoesportivo.net\/index.php\/2024\/07\/23\/mirassol-assina-com-volante-de-12-anos-de-catanduva-da-escola-bola-na-rede\/#primaryimage"},"thumbnailUrl":"https:\/\/universoesportivo.net\/wp-content\/uploads\/2024\/07\/abredegini.jpg","datePublished":"2024-07-23T18:47:51+00:00","dateModified":"2024-07-23T18:54:13+00:00","breadcrumb":{"@id":"https:\/\/universoesportivo.net\/index.php\/2024\/07\/23\/mirassol-assina-com-volante-de-12-anos-de-catanduva-da-escola-bola-na-rede\/#breadcrumb"},"inLanguage":"pt-BR","potentialAction":[{"@type":"ReadAction","target":["https:\/\/universoesportivo.net\/index.php\/2024\/07\/23\/mirassol-assina-com-volante-de-12-anos-de-catanduva-da-escola-bola-na-rede\/"]}]},{"@type":"ImageObject","inLanguage":"pt-BR","@id":"https:\/\/universoesportivo.net\/index.php\/2024\/07\/23\/mirassol-assina-com-volante-de-12-anos-de-catanduva-da-escola-bola-na-rede\/#primaryimage","url":"https:\/\/universoesportivo.net\/wp-content\/uploads\/2024\/07\/abredegini.jpg","contentUrl":"https:\/\/universoesportivo.net\/wp-content\/uploads\/2024\/07\/abredegini.jpg","width":378,"height":378},{"@type":"BreadcrumbList","@id":"https:\/\/universoesportivo.net\/index.php\/2024\/07\/23\/mirassol-assina-com-volante-de-12-anos-de-catanduva-da-escola-bola-na-rede\/#breadcrumb","itemListElement":[{"@type":"ListItem","position":1,"name":"In\u00edcio","item":"https:\/\/universoesportivo.net\/"},{"@type":"ListItem","position":2,"name":"Mirassol assina com volante de 12 anos de Catanduva, da escola Bola na Rede"}]},{"@type":"WebSite","@id":"https:\/\/universoesportivo.net\/#website","url":"https:\/\/universoesportivo.net\/","name":"Universo Esportivo","description":"O portal de todas as modalidades esportivas!","publisher":{"@id":"https:\/\/universoesportivo.net\/#organization"},"alternateName":"Jornalista Tiago Contador Lotto","potentialAction":[{"@type":"SearchAction","target":{"@type":"EntryPoint","urlTemplate":"https:\/\/universoesportivo.net\/?s={search_term_string}"},"query-input":{"@type":"PropertyValueSpecification","valueRequired":true,"valueName":"search_term_string"}}],"inLanguage":"pt-BR"},{"@type":"Organization","@id":"https:\/\/universoesportivo.net\/#organization","name":"Universo Esportivo","alternateName":"Tiago Lotto","url":"https:\/\/universoesportivo.net\/","logo":{"@type":"ImageObject","inLanguage":"pt-BR","@id":"https:\/\/universoesportivo.net\/#\/schema\/logo\/image\/","url":"https:\/\/universoesportivo.net\/wp-content\/uploads\/2024\/05\/cropped-cropped-universo-6.png","contentUrl":"https:\/\/universoesportivo.net\/wp-content\/uploads\/2024\/05\/cropped-cropped-universo-6.png","width":413,"height":295,"caption":"Universo Esportivo"},"image":{"@id":"https:\/\/universoesportivo.net\/#\/schema\/logo\/image\/"},"sameAs":["https:\/\/www.facebook.com\/universoesportivo.net"]},{"@type":"Person","@id":"https:\/\/universoesportivo.net\/#\/schema\/person\/62bc311bc7def56a6bc83711536e74bd","name":"Tiago Lotto","image":{"@type":"ImageObject","inLanguage":"pt-BR","@id":"https:\/\/secure.gravatar.com\/avatar\/fd6891125b3fb6ba0b794cd20c3398d5bb0fa20d2b9963a95f19470e5a6192f7?s=96&d=mm&r=g","url":"https:\/\/secure.gravatar.com\/avatar\/fd6891125b3fb6ba0b794cd20c3398d5bb0fa20d2b9963a95f19470e5a6192f7?s=96&d=mm&r=g","contentUrl":"https:\/\/secure.gravatar.com\/avatar\/fd6891125b3fb6ba0b794cd20c3398d5bb0fa20d2b9963a95f19470e5a6192f7?s=96&d=mm&r=g","caption":"Tiago Lotto"},"url":"https:\/\/universoesportivo.net\/index.php\/author\/tiago-lotto\/"}]}},"jetpack_featured_media_url":"https:\/\/universoesportivo.net\/wp-content\/uploads\/2024\/07\/abredegini.jpg","_links":{"self":[{"href":"https:\/\/universoesportivo.net\/index.php\/wp-json\/wp\/v2\/posts\/1503","targetHints":{"allow":["GET"]}}],"collection":[{"href":"https:\/\/universoesportivo.net\/index.php\/wp-json\/wp\/v2\/posts"}],"about":[{"href":"https:\/\/universoesportivo.net\/index.php\/wp-json\/wp\/v2\/types\/post"}],"author":[{"embeddable":true,"href":"https:\/\/universoesportivo.net\/index.php\/wp-json\/wp\/v2\/users\/2"}],"replies":[{"embeddable":true,"href":"https:\/\/universoesportivo.net\/index.php\/wp-json\/wp\/v2\/comments?post=1503"}],"version-history":[{"count":2,"href":"https:\/\/universoesportivo.net\/index.php\/wp-json\/wp\/v2\/posts\/1503\/revisions"}],"predecessor-version":[{"id":1508,"href":"https:\/\/universoesportivo.net\/index.php\/wp-json\/wp\/v2\/posts\/1503\/revisions\/1508"}],"wp:featuredmedia":[{"embeddable":true,"href":"https:\/\/universoesportivo.net\/index.php\/wp-json\/wp\/v2\/media\/1504"}],"wp:attachment":[{"href":"https:\/\/universoesportivo.net\/index.php\/wp-json\/wp\/v2\/media?parent=1503"}],"wp:term":[{"taxonomy":"category","embeddable":true,"href":"https:\/\/universoesportivo.net\/index.php\/wp-json\/wp\/v2\/categories?post=1503"},{"taxonomy":"post_tag","embeddable":true,"href":"https:\/\/universoesportivo.net\/index.php\/wp-json\/wp\/v2\/tags?post=1503"}],"curies":[{"name":"wp","href":"https:\/\/api.w.org\/{rel}","templated":true}]}}