{"id":1522,"date":"2024-07-25T20:50:28","date_gmt":"2024-07-25T23:50:28","guid":{"rendered":"https:\/\/universoesportivo.net\/?p=1522"},"modified":"2024-07-25T20:51:49","modified_gmt":"2024-07-25T23:51:49","slug":"coluna-esportiva-mi-lotto-comenta-os-30-anos-do-penta-e-10-anos-do-7-x-1","status":"publish","type":"post","link":"https:\/\/universoesportivo.net\/index.php\/2024\/07\/25\/coluna-esportiva-mi-lotto-comenta-os-30-anos-do-penta-e-10-anos-do-7-x-1\/","title":{"rendered":"COLUNA ESPORTIVA: Mi Lotto comenta os 30 anos do tetra e os 10 anos do 7 x 1"},"content":{"rendered":"\n<p class=\"has-medium-font-size\">Al\u00f4 rapaziada, t\u00f4 de volta. Agora para falar dos 30 anos do tetra mundial de futebol e dos 10 anos do 7 a 1. Relatos que vivi porque gravei e guardei essas duas lembran\u00e7as em minha mem\u00f3ria. Uma linda e emocionante, outra triste e vergonhosa.<\/p>\n\n\n\n<p class=\"has-medium-font-size\">Quem n\u00e3o se lembra da dupla Bebeto e Rom\u00e1rio? Eles fizeram um furor na Copa do Mundo de 1994, nos Estados Unidos. Desacreditados e sob forte press\u00e3o da m\u00eddia e da torcida brasileira, os dois mostraram porque os baixinhos com talento fizeram o que fizeram. E, ap\u00f3s a conquista do t\u00edtulo, foram reconhecidos pelo mundo.<\/p>\n\n\n\n<p class=\"has-medium-font-size\">Os gritos do Galv\u00e3o Bueno \u201c\u00e9 tetra, \u00e9 tetra, \u00e9 tetra&#8230;.\u201d ficaram eternizados no futebol. At\u00e9 hoje esse \u201cbord\u00e3o\u201d \u00e9 citado em conquistas esportivas, uma brincadeira saud\u00e1vel que remete aos que conquistam o primeiro lugar! Recentemente comemoramos os 30 anos desta conquista, que deixou o povo brasileiro orgulhoso, com muita alegria no cora\u00e7\u00e3o!<\/p>\n\n\n\n<p class=\"has-medium-font-size\">E l\u00e1 se foram 10 anos do 7 a 1, a goleada da Alemanha pra cima do Brasil na Copa do Mundo de 2014, em pleno Mineir\u00e3o. Uma imagem que ficou muito clara na cabe\u00e7a foi a express\u00e3o do t\u00e9cnico do Brasil, o Felipe Scolari, completamente hipnotizado, parecendo um boneco de Olinda, n\u00e3o acreditando no que tinha acontecido. Tenho acompanhado pelas m\u00eddias algumas not\u00edcias sobre a atual sele\u00e7\u00e3o brasileira. Para alguns cr\u00edticos a pior de todos os tempos. Resta a\u00ed aos leitores analisarem e tirarem suas conclus\u00f5es.<\/p>\n\n\n\n<p class=\"has-medium-font-size\">Pelas redes sociais, acabei vendo uma charge em um jornal da Alemanha. Nela, os detalhes do desenho real\u00e7avam as concentra\u00e7\u00f5es e os vesti\u00e1rios das sele\u00e7\u00f5es, entre elas a do Brasil. Os atletas da nossa sele\u00e7\u00e3o \u2013 que tem o maior n\u00famero de t\u00edtulos em Copas \u2013 est\u00e3o preocupados com seus cortes e pinturas de cabelo, com brinquinhos e tatuagens. Uma verdadeira \u201cmise en sc\u00e8ne\u201d (do franc\u00eas, que significa encena\u00e7\u00e3o).<\/p>\n\n\n\n<p class=\"has-medium-font-size\">Para entrar em campo, ao contr\u00e1rio de outras sele\u00e7\u00f5es, os atletas do Brasil est\u00e3o mais preocupados com suas apar\u00eancias (e dancinhas em campo) do que com o pr\u00f3prio futebol. E est\u00e1 acontecendo aquilo que todos n\u00f3s estamos vendo nas partidas do Brasil. Seria uma invers\u00e3o de valores o que n\u00f3s estamos passando? Dif\u00edcil trazer para a escrita essa realidade dos atletas!<\/p>\n\n\n\n<p class=\"has-medium-font-size\">Essa ostenta\u00e7\u00e3o, a coisa do espelho, do egocentrismo, da dancinha, da propaganda&#8230;..tudo muito cansativo, tudo muito \u2018ralo\u2019. D\u00e1 a impress\u00e3o que o jogador n\u00e3o sente orgulho da camisa amarelinha da sele\u00e7\u00e3o brasileira. Hoje, infelizmente, os nossos atletas de primeira linha, no top da prateleira, se preocupam mais em adquirir bens materiais e ostentar!<\/p>\n\n\n\n<p class=\"has-medium-font-size\">Acho que o patriotismo n\u00e3o existe mais. A preocupa\u00e7\u00e3o com o car\u00e1ter, com o moral, o civismo, enfim, \u00e9 um tipo de tema que d\u00e1 para refletir, que podemos refletir juntos aqui no site Universo Esportivo!<\/p>\n\n\n\n<p class=\"has-medium-font-size\">Isso tudo, sem contar a \u201cfa\u00e7anha\u201d d\u00e1 n\u00e3o participa\u00e7\u00e3o do futebol brasileiro masculino nas Olimp\u00edadas da Fran\u00e7a deste ano. Argentina e Paraguai s\u00e3o os representantes da Am\u00e9rica do Sul.<\/p>\n\n\n\n<p class=\"has-medium-font-size\">Fica dif\u00edcil dizer se toda essa ostenta\u00e7\u00e3o tem a ver com a influ\u00eancia da m\u00eddia, j\u00e1 que a primeira coisa que fazem os nossos atletas \u00e9 fazer propaganda de empresas de apostas. Estariam os atletas caminhando na contram\u00e3o das virtudes comportamentais?<\/p>\n\n\n\n<p class=\"has-medium-font-size\">Se preocupam muito na aquisi\u00e7\u00e3o de barcos, jatinhos, ostentar festas, enquanto que o povo brasileiro espera uma coisa diferente da sele\u00e7\u00e3o, um algo mais, uma dedica\u00e7\u00e3o e paix\u00e3o que v\u00edamos em sele\u00e7\u00f5es \u2018das antigas\u2019.<\/p>\n\n\n\n<p class=\"has-medium-font-size\">A m\u00eddia pode ser responsabilizada? Os atletas s\u00e3o problemas hoje em dia? Clubes que pagam milh\u00f5es?<\/p>\n\n\n\n<p class=\"has-medium-font-size\">Enquanto nossos irm\u00e3os da Argentina, \u00e0s vezes sem um time muito competente, mas com determina\u00e7\u00e3o, vislumbram conquistas, n\u00f3s estamos retomando a nossa fama de vira-latas do futebol&#8230;<\/p>\n\n\n\n<p class=\"has-medium-font-size\">Seria isso o que realmente est\u00e1 acontecendo? S\u00f3 uma reflex\u00e3o. Em tom de provoca\u00e7\u00e3o da torcida argentina com os brasileiros, recentemente um torcedor apontava na camisa as cinco estrelas do Brasil (as conquistas da Copas) como se fosse uma ironia do fraco futebol apresentado pela sele\u00e7\u00e3o brasileira. Foi um tapa na cara. Algo assim: \u2018como voc\u00eas conseguiram essas estrelas e agora jogam um futebol de baixa qualidade?\u2019<\/p>\n\n\n\n<p class=\"has-medium-font-size\">Estamos \u201carmando a barraca da fama\u201d na sombra das conquistas dos mundiais anteriores?<\/p>\n\n\n\n<p class=\"has-medium-font-size\">Fica a reflex\u00e3o para os leitores do UE.<\/p>\n\n\n\n<p class=\"has-medium-font-size\">Um abra\u00e7o, sa\u00fade e paz.<\/p>\n\n\n\n<p class=\"has-medium-font-size\"><em>*Mi Lotto \u00e9 pedagogo, analista de RH, produtor cultural e ex-atleta amador. Jogou, quando jovem, em Ja\u00fa. Apaixonado por esportes e por hist\u00f3rias do futebol, \u00e9 colunista do portal Universo Esportivo.<\/em><\/p>\n","protected":false},"excerpt":{"rendered":"<p>Em 1994, a alegria do tetra da sele\u00e7\u00e3o brasileira de futebol. J\u00e1 em 2014, no Brasil, a goleada de 7&#215;1 para a Alemanha, em pleno Mineir\u00e3o!<\/p>\n","protected":false},"author":2,"featured_media":1523,"comment_status":"closed","ping_status":"closed","sticky":false,"template":"","format":"standard","meta":{"colormag_page_container_layout":"default_layout","colormag_page_sidebar_layout":"default_layout","footnotes":""},"categories":[62,17],"tags":[],"class_list":["post-1522","post","type-post","status-publish","format-standard","has-post-thumbnail","hentry","category-artigo","category-esportes"],"magazineBlocksPostFeaturedMedia":{"thumbnail":"https:\/\/universoesportivo.net\/wp-content\/uploads\/2024\/07\/abremisete-150x150.jpg","medium":"https:\/\/universoesportivo.net\/wp-content\/uploads\/2024\/07\/abremisete-300x150.jpg","medium_large":"https:\/\/universoesportivo.net\/wp-content\/uploads\/2024\/07\/abremisete.jpg","large":"https:\/\/universoesportivo.net\/wp-content\/uploads\/2024\/07\/abremisete.jpg","1536x1536":"https:\/\/universoesportivo.net\/wp-content\/uploads\/2024\/07\/abremisete.jpg","2048x2048":"https:\/\/universoesportivo.net\/wp-content\/uploads\/2024\/07\/abremisete.jpg","trp-custom-language-flag":"https:\/\/universoesportivo.net\/wp-content\/uploads\/2024\/07\/abremisete-18x9.jpg","colormag-highlighted-post":"https:\/\/universoesportivo.net\/wp-content\/uploads\/2024\/07\/abremisete-392x234.jpg","colormag-featured-post-medium":"https:\/\/universoesportivo.net\/wp-content\/uploads\/2024\/07\/abremisete-390x205.jpg","colormag-featured-post-small":"https:\/\/universoesportivo.net\/wp-content\/uploads\/2024\/07\/abremisete-130x90.jpg","colormag-featured-image":"https:\/\/universoesportivo.net\/wp-content\/uploads\/2024\/07\/abremisete.jpg","colormag-default-news":"https:\/\/universoesportivo.net\/wp-content\/uploads\/2024\/07\/abremisete-150x150.jpg","colormag-featured-image-large":"https:\/\/universoesportivo.net\/wp-content\/uploads\/2024\/07\/abremisete.jpg","colormag-elementor-block-extra-large-thumbnail":"https:\/\/universoesportivo.net\/wp-content\/uploads\/2024\/07\/abremisete.jpg","colormag-elementor-grid-large-thumbnail":"https:\/\/universoesportivo.net\/wp-content\/uploads\/2024\/07\/abremisete.jpg","colormag-elementor-grid-small-thumbnail":"https:\/\/universoesportivo.net\/wp-content\/uploads\/2024\/07\/abremisete-285x234.jpg","colormag-elementor-grid-medium-large-thumbnail":"https:\/\/universoesportivo.net\/wp-content\/uploads\/2024\/07\/abremisete-468x198.jpg"},"magazineBlocksPostAuthor":{"name":"Tiago Lotto","avatar":"https:\/\/secure.gravatar.com\/avatar\/fd6891125b3fb6ba0b794cd20c3398d5bb0fa20d2b9963a95f19470e5a6192f7?s=96&d=mm&r=g"},"magazineBlocksPostCommentsNumber":false,"magazineBlocksPostExcerpt":"Em 1994, a alegria do tetra da sele\u00e7\u00e3o brasileira de futebol. J\u00e1 em 2014, no Brasil, a goleada de 7x1 para a Alemanha, em pleno Mineir\u00e3o!","magazineBlocksPostCategories":["ARTIGO","ESPORTES"],"magazineBlocksPostViewCount":33,"magazineBlocksPostReadTime":4,"magazine_blocks_featured_image_url":{"full":["https:\/\/universoesportivo.net\/wp-content\/uploads\/2024\/07\/abremisete.jpg",468,234,false],"medium":["https:\/\/universoesportivo.net\/wp-content\/uploads\/2024\/07\/abremisete-300x150.jpg",300,150,true],"thumbnail":["https:\/\/universoesportivo.net\/wp-content\/uploads\/2024\/07\/abremisete-150x150.jpg",150,150,true]},"magazine_blocks_author":{"display_name":"Tiago Lotto","author_link":"https:\/\/universoesportivo.net\/index.php\/author\/tiago-lotto\/"},"magazine_blocks_comment":0,"magazine_blocks_author_image":"https:\/\/secure.gravatar.com\/avatar\/fd6891125b3fb6ba0b794cd20c3398d5bb0fa20d2b9963a95f19470e5a6192f7?s=96&d=mm&r=g","magazine_blocks_category":"<a href=\"#\" class=\"category-link category-link-62\">ARTIGO<\/a> <a href=\"#\" class=\"category-link category-link-17\">ESPORTES<\/a>","yoast_head":"<!-- This site is optimized with the Yoast SEO plugin v27.4 - https:\/\/yoast.com\/product\/yoast-seo-wordpress\/ -->\n<title>COLUNA ESPORTIVA: Mi Lotto comenta os 30 anos do tetra e os 10 anos do 7 x 1 - Universo Esportivo<\/title>\n<meta name=\"robots\" content=\"index, follow, max-snippet:-1, max-image-preview:large, max-video-preview:-1\" \/>\n<link rel=\"canonical\" href=\"https:\/\/universoesportivo.net\/index.php\/2024\/07\/25\/coluna-esportiva-mi-lotto-comenta-os-30-anos-do-penta-e-10-anos-do-7-x-1\/\" \/>\n<meta property=\"og:locale\" content=\"pt_BR\" \/>\n<meta property=\"og:type\" content=\"article\" \/>\n<meta property=\"og:title\" content=\"COLUNA ESPORTIVA: Mi Lotto comenta os 30 anos do tetra e os 10 anos do 7 x 1 - Universo Esportivo\" \/>\n<meta property=\"og:description\" content=\"Em 1994, a alegria do tetra da sele\u00e7\u00e3o brasileira de futebol. J\u00e1 em 2014, no Brasil, a goleada de 7x1 para a Alemanha, em pleno Mineir\u00e3o!\" \/>\n<meta property=\"og:url\" content=\"https:\/\/universoesportivo.net\/index.php\/2024\/07\/25\/coluna-esportiva-mi-lotto-comenta-os-30-anos-do-penta-e-10-anos-do-7-x-1\/\" \/>\n<meta property=\"og:site_name\" content=\"Universo Esportivo\" \/>\n<meta property=\"article:publisher\" content=\"https:\/\/www.facebook.com\/universoesportivo.net\" \/>\n<meta property=\"article:published_time\" content=\"2024-07-25T23:50:28+00:00\" \/>\n<meta property=\"article:modified_time\" content=\"2024-07-25T23:51:49+00:00\" \/>\n<meta property=\"og:image\" content=\"https:\/\/universoesportivo.net\/wp-content\/uploads\/2024\/07\/abremisete.jpg\" \/>\n\t<meta property=\"og:image:width\" content=\"468\" \/>\n\t<meta property=\"og:image:height\" content=\"234\" \/>\n\t<meta property=\"og:image:type\" content=\"image\/jpeg\" \/>\n<meta name=\"author\" content=\"Tiago Lotto\" \/>\n<meta name=\"twitter:card\" content=\"summary_large_image\" \/>\n<meta name=\"twitter:label1\" content=\"Escrito por\" \/>\n\t<meta name=\"twitter:data1\" content=\"Tiago Lotto\" \/>\n\t<meta name=\"twitter:label2\" content=\"Est. tempo de leitura\" \/>\n\t<meta name=\"twitter:data2\" content=\"5 minutos\" \/>\n<script type=\"application\/ld+json\" class=\"yoast-schema-graph\">{\"@context\":\"https:\\\/\\\/schema.org\",\"@graph\":[{\"@type\":\"Article\",\"@id\":\"https:\\\/\\\/universoesportivo.net\\\/index.php\\\/2024\\\/07\\\/25\\\/coluna-esportiva-mi-lotto-comenta-os-30-anos-do-penta-e-10-anos-do-7-x-1\\\/#article\",\"isPartOf\":{\"@id\":\"https:\\\/\\\/universoesportivo.net\\\/index.php\\\/2024\\\/07\\\/25\\\/coluna-esportiva-mi-lotto-comenta-os-30-anos-do-penta-e-10-anos-do-7-x-1\\\/\"},\"author\":{\"name\":\"Tiago Lotto\",\"@id\":\"https:\\\/\\\/universoesportivo.net\\\/#\\\/schema\\\/person\\\/62bc311bc7def56a6bc83711536e74bd\"},\"headline\":\"COLUNA ESPORTIVA: Mi Lotto comenta os 30 anos do tetra e os 10 anos do 7 x 1\",\"datePublished\":\"2024-07-25T23:50:28+00:00\",\"dateModified\":\"2024-07-25T23:51:49+00:00\",\"mainEntityOfPage\":{\"@id\":\"https:\\\/\\\/universoesportivo.net\\\/index.php\\\/2024\\\/07\\\/25\\\/coluna-esportiva-mi-lotto-comenta-os-30-anos-do-penta-e-10-anos-do-7-x-1\\\/\"},\"wordCount\":806,\"publisher\":{\"@id\":\"https:\\\/\\\/universoesportivo.net\\\/#organization\"},\"image\":{\"@id\":\"https:\\\/\\\/universoesportivo.net\\\/index.php\\\/2024\\\/07\\\/25\\\/coluna-esportiva-mi-lotto-comenta-os-30-anos-do-penta-e-10-anos-do-7-x-1\\\/#primaryimage\"},\"thumbnailUrl\":\"https:\\\/\\\/universoesportivo.net\\\/wp-content\\\/uploads\\\/2024\\\/07\\\/abremisete.jpg\",\"articleSection\":[\"ARTIGO\",\"ESPORTES\"],\"inLanguage\":\"pt-BR\"},{\"@type\":\"WebPage\",\"@id\":\"https:\\\/\\\/universoesportivo.net\\\/index.php\\\/2024\\\/07\\\/25\\\/coluna-esportiva-mi-lotto-comenta-os-30-anos-do-penta-e-10-anos-do-7-x-1\\\/\",\"url\":\"https:\\\/\\\/universoesportivo.net\\\/index.php\\\/2024\\\/07\\\/25\\\/coluna-esportiva-mi-lotto-comenta-os-30-anos-do-penta-e-10-anos-do-7-x-1\\\/\",\"name\":\"COLUNA ESPORTIVA: Mi Lotto comenta os 30 anos do tetra e os 10 anos do 7 x 1 - Universo Esportivo\",\"isPartOf\":{\"@id\":\"https:\\\/\\\/universoesportivo.net\\\/#website\"},\"primaryImageOfPage\":{\"@id\":\"https:\\\/\\\/universoesportivo.net\\\/index.php\\\/2024\\\/07\\\/25\\\/coluna-esportiva-mi-lotto-comenta-os-30-anos-do-penta-e-10-anos-do-7-x-1\\\/#primaryimage\"},\"image\":{\"@id\":\"https:\\\/\\\/universoesportivo.net\\\/index.php\\\/2024\\\/07\\\/25\\\/coluna-esportiva-mi-lotto-comenta-os-30-anos-do-penta-e-10-anos-do-7-x-1\\\/#primaryimage\"},\"thumbnailUrl\":\"https:\\\/\\\/universoesportivo.net\\\/wp-content\\\/uploads\\\/2024\\\/07\\\/abremisete.jpg\",\"datePublished\":\"2024-07-25T23:50:28+00:00\",\"dateModified\":\"2024-07-25T23:51:49+00:00\",\"breadcrumb\":{\"@id\":\"https:\\\/\\\/universoesportivo.net\\\/index.php\\\/2024\\\/07\\\/25\\\/coluna-esportiva-mi-lotto-comenta-os-30-anos-do-penta-e-10-anos-do-7-x-1\\\/#breadcrumb\"},\"inLanguage\":\"pt-BR\",\"potentialAction\":[{\"@type\":\"ReadAction\",\"target\":[\"https:\\\/\\\/universoesportivo.net\\\/index.php\\\/2024\\\/07\\\/25\\\/coluna-esportiva-mi-lotto-comenta-os-30-anos-do-penta-e-10-anos-do-7-x-1\\\/\"]}]},{\"@type\":\"ImageObject\",\"inLanguage\":\"pt-BR\",\"@id\":\"https:\\\/\\\/universoesportivo.net\\\/index.php\\\/2024\\\/07\\\/25\\\/coluna-esportiva-mi-lotto-comenta-os-30-anos-do-penta-e-10-anos-do-7-x-1\\\/#primaryimage\",\"url\":\"https:\\\/\\\/universoesportivo.net\\\/wp-content\\\/uploads\\\/2024\\\/07\\\/abremisete.jpg\",\"contentUrl\":\"https:\\\/\\\/universoesportivo.net\\\/wp-content\\\/uploads\\\/2024\\\/07\\\/abremisete.jpg\",\"width\":468,\"height\":234},{\"@type\":\"BreadcrumbList\",\"@id\":\"https:\\\/\\\/universoesportivo.net\\\/index.php\\\/2024\\\/07\\\/25\\\/coluna-esportiva-mi-lotto-comenta-os-30-anos-do-penta-e-10-anos-do-7-x-1\\\/#breadcrumb\",\"itemListElement\":[{\"@type\":\"ListItem\",\"position\":1,\"name\":\"In\u00edcio\",\"item\":\"https:\\\/\\\/universoesportivo.net\\\/\"},{\"@type\":\"ListItem\",\"position\":2,\"name\":\"COLUNA ESPORTIVA: Mi Lotto comenta os 30 anos do tetra e os 10 anos do 7 x 1\"}]},{\"@type\":\"WebSite\",\"@id\":\"https:\\\/\\\/universoesportivo.net\\\/#website\",\"url\":\"https:\\\/\\\/universoesportivo.net\\\/\",\"name\":\"Universo Esportivo\",\"description\":\"O portal de todas as modalidades esportivas!\",\"publisher\":{\"@id\":\"https:\\\/\\\/universoesportivo.net\\\/#organization\"},\"alternateName\":\"Jornalista Tiago Contador Lotto\",\"potentialAction\":[{\"@type\":\"SearchAction\",\"target\":{\"@type\":\"EntryPoint\",\"urlTemplate\":\"https:\\\/\\\/universoesportivo.net\\\/?s={search_term_string}\"},\"query-input\":{\"@type\":\"PropertyValueSpecification\",\"valueRequired\":true,\"valueName\":\"search_term_string\"}}],\"inLanguage\":\"pt-BR\"},{\"@type\":\"Organization\",\"@id\":\"https:\\\/\\\/universoesportivo.net\\\/#organization\",\"name\":\"Universo Esportivo\",\"alternateName\":\"Tiago Lotto\",\"url\":\"https:\\\/\\\/universoesportivo.net\\\/\",\"logo\":{\"@type\":\"ImageObject\",\"inLanguage\":\"pt-BR\",\"@id\":\"https:\\\/\\\/universoesportivo.net\\\/#\\\/schema\\\/logo\\\/image\\\/\",\"url\":\"https:\\\/\\\/universoesportivo.net\\\/wp-content\\\/uploads\\\/2024\\\/05\\\/cropped-cropped-universo-6.png\",\"contentUrl\":\"https:\\\/\\\/universoesportivo.net\\\/wp-content\\\/uploads\\\/2024\\\/05\\\/cropped-cropped-universo-6.png\",\"width\":413,\"height\":295,\"caption\":\"Universo Esportivo\"},\"image\":{\"@id\":\"https:\\\/\\\/universoesportivo.net\\\/#\\\/schema\\\/logo\\\/image\\\/\"},\"sameAs\":[\"https:\\\/\\\/www.facebook.com\\\/universoesportivo.net\"]},{\"@type\":\"Person\",\"@id\":\"https:\\\/\\\/universoesportivo.net\\\/#\\\/schema\\\/person\\\/62bc311bc7def56a6bc83711536e74bd\",\"name\":\"Tiago Lotto\",\"image\":{\"@type\":\"ImageObject\",\"inLanguage\":\"pt-BR\",\"@id\":\"https:\\\/\\\/secure.gravatar.com\\\/avatar\\\/fd6891125b3fb6ba0b794cd20c3398d5bb0fa20d2b9963a95f19470e5a6192f7?s=96&d=mm&r=g\",\"url\":\"https:\\\/\\\/secure.gravatar.com\\\/avatar\\\/fd6891125b3fb6ba0b794cd20c3398d5bb0fa20d2b9963a95f19470e5a6192f7?s=96&d=mm&r=g\",\"contentUrl\":\"https:\\\/\\\/secure.gravatar.com\\\/avatar\\\/fd6891125b3fb6ba0b794cd20c3398d5bb0fa20d2b9963a95f19470e5a6192f7?s=96&d=mm&r=g\",\"caption\":\"Tiago Lotto\"},\"url\":\"https:\\\/\\\/universoesportivo.net\\\/index.php\\\/author\\\/tiago-lotto\\\/\"}]}<\/script>\n<!-- \/ Yoast SEO plugin. -->","yoast_head_json":{"title":"COLUNA ESPORTIVA: Mi Lotto comenta os 30 anos do tetra e os 10 anos do 7 x 1 - Universo Esportivo","robots":{"index":"index","follow":"follow","max-snippet":"max-snippet:-1","max-image-preview":"max-image-preview:large","max-video-preview":"max-video-preview:-1"},"canonical":"https:\/\/universoesportivo.net\/index.php\/2024\/07\/25\/coluna-esportiva-mi-lotto-comenta-os-30-anos-do-penta-e-10-anos-do-7-x-1\/","og_locale":"pt_BR","og_type":"article","og_title":"COLUNA ESPORTIVA: Mi Lotto comenta os 30 anos do tetra e os 10 anos do 7 x 1 - Universo Esportivo","og_description":"Em 1994, a alegria do tetra da sele\u00e7\u00e3o brasileira de futebol. J\u00e1 em 2014, no Brasil, a goleada de 7x1 para a Alemanha, em pleno Mineir\u00e3o!","og_url":"https:\/\/universoesportivo.net\/index.php\/2024\/07\/25\/coluna-esportiva-mi-lotto-comenta-os-30-anos-do-penta-e-10-anos-do-7-x-1\/","og_site_name":"Universo Esportivo","article_publisher":"https:\/\/www.facebook.com\/universoesportivo.net","article_published_time":"2024-07-25T23:50:28+00:00","article_modified_time":"2024-07-25T23:51:49+00:00","og_image":[{"width":468,"height":234,"url":"https:\/\/universoesportivo.net\/wp-content\/uploads\/2024\/07\/abremisete.jpg","type":"image\/jpeg"}],"author":"Tiago Lotto","twitter_card":"summary_large_image","twitter_misc":{"Escrito por":"Tiago Lotto","Est. tempo de leitura":"5 minutos"},"schema":{"@context":"https:\/\/schema.org","@graph":[{"@type":"Article","@id":"https:\/\/universoesportivo.net\/index.php\/2024\/07\/25\/coluna-esportiva-mi-lotto-comenta-os-30-anos-do-penta-e-10-anos-do-7-x-1\/#article","isPartOf":{"@id":"https:\/\/universoesportivo.net\/index.php\/2024\/07\/25\/coluna-esportiva-mi-lotto-comenta-os-30-anos-do-penta-e-10-anos-do-7-x-1\/"},"author":{"name":"Tiago Lotto","@id":"https:\/\/universoesportivo.net\/#\/schema\/person\/62bc311bc7def56a6bc83711536e74bd"},"headline":"COLUNA ESPORTIVA: Mi Lotto comenta os 30 anos do tetra e os 10 anos do 7 x 1","datePublished":"2024-07-25T23:50:28+00:00","dateModified":"2024-07-25T23:51:49+00:00","mainEntityOfPage":{"@id":"https:\/\/universoesportivo.net\/index.php\/2024\/07\/25\/coluna-esportiva-mi-lotto-comenta-os-30-anos-do-penta-e-10-anos-do-7-x-1\/"},"wordCount":806,"publisher":{"@id":"https:\/\/universoesportivo.net\/#organization"},"image":{"@id":"https:\/\/universoesportivo.net\/index.php\/2024\/07\/25\/coluna-esportiva-mi-lotto-comenta-os-30-anos-do-penta-e-10-anos-do-7-x-1\/#primaryimage"},"thumbnailUrl":"https:\/\/universoesportivo.net\/wp-content\/uploads\/2024\/07\/abremisete.jpg","articleSection":["ARTIGO","ESPORTES"],"inLanguage":"pt-BR"},{"@type":"WebPage","@id":"https:\/\/universoesportivo.net\/index.php\/2024\/07\/25\/coluna-esportiva-mi-lotto-comenta-os-30-anos-do-penta-e-10-anos-do-7-x-1\/","url":"https:\/\/universoesportivo.net\/index.php\/2024\/07\/25\/coluna-esportiva-mi-lotto-comenta-os-30-anos-do-penta-e-10-anos-do-7-x-1\/","name":"COLUNA ESPORTIVA: Mi Lotto comenta os 30 anos do tetra e os 10 anos do 7 x 1 - Universo Esportivo","isPartOf":{"@id":"https:\/\/universoesportivo.net\/#website"},"primaryImageOfPage":{"@id":"https:\/\/universoesportivo.net\/index.php\/2024\/07\/25\/coluna-esportiva-mi-lotto-comenta-os-30-anos-do-penta-e-10-anos-do-7-x-1\/#primaryimage"},"image":{"@id":"https:\/\/universoesportivo.net\/index.php\/2024\/07\/25\/coluna-esportiva-mi-lotto-comenta-os-30-anos-do-penta-e-10-anos-do-7-x-1\/#primaryimage"},"thumbnailUrl":"https:\/\/universoesportivo.net\/wp-content\/uploads\/2024\/07\/abremisete.jpg","datePublished":"2024-07-25T23:50:28+00:00","dateModified":"2024-07-25T23:51:49+00:00","breadcrumb":{"@id":"https:\/\/universoesportivo.net\/index.php\/2024\/07\/25\/coluna-esportiva-mi-lotto-comenta-os-30-anos-do-penta-e-10-anos-do-7-x-1\/#breadcrumb"},"inLanguage":"pt-BR","potentialAction":[{"@type":"ReadAction","target":["https:\/\/universoesportivo.net\/index.php\/2024\/07\/25\/coluna-esportiva-mi-lotto-comenta-os-30-anos-do-penta-e-10-anos-do-7-x-1\/"]}]},{"@type":"ImageObject","inLanguage":"pt-BR","@id":"https:\/\/universoesportivo.net\/index.php\/2024\/07\/25\/coluna-esportiva-mi-lotto-comenta-os-30-anos-do-penta-e-10-anos-do-7-x-1\/#primaryimage","url":"https:\/\/universoesportivo.net\/wp-content\/uploads\/2024\/07\/abremisete.jpg","contentUrl":"https:\/\/universoesportivo.net\/wp-content\/uploads\/2024\/07\/abremisete.jpg","width":468,"height":234},{"@type":"BreadcrumbList","@id":"https:\/\/universoesportivo.net\/index.php\/2024\/07\/25\/coluna-esportiva-mi-lotto-comenta-os-30-anos-do-penta-e-10-anos-do-7-x-1\/#breadcrumb","itemListElement":[{"@type":"ListItem","position":1,"name":"In\u00edcio","item":"https:\/\/universoesportivo.net\/"},{"@type":"ListItem","position":2,"name":"COLUNA ESPORTIVA: Mi Lotto comenta os 30 anos do tetra e os 10 anos do 7 x 1"}]},{"@type":"WebSite","@id":"https:\/\/universoesportivo.net\/#website","url":"https:\/\/universoesportivo.net\/","name":"Universo Esportivo","description":"O portal de todas as modalidades esportivas!","publisher":{"@id":"https:\/\/universoesportivo.net\/#organization"},"alternateName":"Jornalista Tiago Contador Lotto","potentialAction":[{"@type":"SearchAction","target":{"@type":"EntryPoint","urlTemplate":"https:\/\/universoesportivo.net\/?s={search_term_string}"},"query-input":{"@type":"PropertyValueSpecification","valueRequired":true,"valueName":"search_term_string"}}],"inLanguage":"pt-BR"},{"@type":"Organization","@id":"https:\/\/universoesportivo.net\/#organization","name":"Universo Esportivo","alternateName":"Tiago Lotto","url":"https:\/\/universoesportivo.net\/","logo":{"@type":"ImageObject","inLanguage":"pt-BR","@id":"https:\/\/universoesportivo.net\/#\/schema\/logo\/image\/","url":"https:\/\/universoesportivo.net\/wp-content\/uploads\/2024\/05\/cropped-cropped-universo-6.png","contentUrl":"https:\/\/universoesportivo.net\/wp-content\/uploads\/2024\/05\/cropped-cropped-universo-6.png","width":413,"height":295,"caption":"Universo Esportivo"},"image":{"@id":"https:\/\/universoesportivo.net\/#\/schema\/logo\/image\/"},"sameAs":["https:\/\/www.facebook.com\/universoesportivo.net"]},{"@type":"Person","@id":"https:\/\/universoesportivo.net\/#\/schema\/person\/62bc311bc7def56a6bc83711536e74bd","name":"Tiago Lotto","image":{"@type":"ImageObject","inLanguage":"pt-BR","@id":"https:\/\/secure.gravatar.com\/avatar\/fd6891125b3fb6ba0b794cd20c3398d5bb0fa20d2b9963a95f19470e5a6192f7?s=96&d=mm&r=g","url":"https:\/\/secure.gravatar.com\/avatar\/fd6891125b3fb6ba0b794cd20c3398d5bb0fa20d2b9963a95f19470e5a6192f7?s=96&d=mm&r=g","contentUrl":"https:\/\/secure.gravatar.com\/avatar\/fd6891125b3fb6ba0b794cd20c3398d5bb0fa20d2b9963a95f19470e5a6192f7?s=96&d=mm&r=g","caption":"Tiago Lotto"},"url":"https:\/\/universoesportivo.net\/index.php\/author\/tiago-lotto\/"}]}},"jetpack_featured_media_url":"https:\/\/universoesportivo.net\/wp-content\/uploads\/2024\/07\/abremisete.jpg","_links":{"self":[{"href":"https:\/\/universoesportivo.net\/index.php\/wp-json\/wp\/v2\/posts\/1522","targetHints":{"allow":["GET"]}}],"collection":[{"href":"https:\/\/universoesportivo.net\/index.php\/wp-json\/wp\/v2\/posts"}],"about":[{"href":"https:\/\/universoesportivo.net\/index.php\/wp-json\/wp\/v2\/types\/post"}],"author":[{"embeddable":true,"href":"https:\/\/universoesportivo.net\/index.php\/wp-json\/wp\/v2\/users\/2"}],"replies":[{"embeddable":true,"href":"https:\/\/universoesportivo.net\/index.php\/wp-json\/wp\/v2\/comments?post=1522"}],"version-history":[{"count":2,"href":"https:\/\/universoesportivo.net\/index.php\/wp-json\/wp\/v2\/posts\/1522\/revisions"}],"predecessor-version":[{"id":1526,"href":"https:\/\/universoesportivo.net\/index.php\/wp-json\/wp\/v2\/posts\/1522\/revisions\/1526"}],"wp:featuredmedia":[{"embeddable":true,"href":"https:\/\/universoesportivo.net\/index.php\/wp-json\/wp\/v2\/media\/1523"}],"wp:attachment":[{"href":"https:\/\/universoesportivo.net\/index.php\/wp-json\/wp\/v2\/media?parent=1522"}],"wp:term":[{"taxonomy":"category","embeddable":true,"href":"https:\/\/universoesportivo.net\/index.php\/wp-json\/wp\/v2\/categories?post=1522"},{"taxonomy":"post_tag","embeddable":true,"href":"https:\/\/universoesportivo.net\/index.php\/wp-json\/wp\/v2\/tags?post=1522"}],"curies":[{"name":"wp","href":"https:\/\/api.w.org\/{rel}","templated":true}]}}