{"id":1532,"date":"2024-08-01T21:03:14","date_gmt":"2024-08-02T00:03:14","guid":{"rendered":"https:\/\/universoesportivo.net\/?p=1532"},"modified":"2024-08-01T21:03:15","modified_gmt":"2024-08-02T00:03:15","slug":"7a-etapa-v11-aldeia-cup-de-kart-se-encaminha-para-o-final-da-temporada","status":"publish","type":"post","link":"https:\/\/universoesportivo.net\/index.php\/2024\/08\/01\/7a-etapa-v11-aldeia-cup-de-kart-se-encaminha-para-o-final-da-temporada\/","title":{"rendered":"7\u00aa ETAPA: V11 Aldeia Cup de Kart se encaminha para o final da temporada"},"content":{"rendered":"\n<p class=\"has-medium-font-size\">A V11 Aldeia Cup de Kart est\u00e1 de volta \u00e0s pistas e neste domingo, dia 5 de julho, no Kart\u00f3dromo Aldeia da Serra. Ser\u00e1 a 7\u00aa etapa da temporada, v\u00e1lida tamb\u00e9m pela 3\u00aa rodada do segundo turno, que oferece pontua\u00e7\u00e3o dobrada em compara\u00e7\u00e3o ao primeiro.<\/p>\n\n\n\n<p class=\"has-medium-font-size\">\u201cEssa etapa ser\u00e1 quase completa, pois teremos a volta da Shifter, que compete apenas nas rodadas \u00edmpares\u201d, lembrou Vin\u00edcius Escarlate, promotor da V11 Aldeia Cup e propriet\u00e1rio da equipe V11 Kart. \u201cDesta vez n\u00e3o teremos a Mini 2T e a Parilla, mesmo assim deveremos manter nossa m\u00e9dia\u201d, frisou.<\/p>\n\n\n\n<p class=\"has-medium-font-size\">A 7\u00aa etapa da V11 Aldeia Cup come\u00e7a a encaminhar o campeonato para seus momentos decisivos, uma vez que restar\u00e3o apenas duas etapas, uma delas a Final, que oferecer\u00e1 uma pontua\u00e7\u00e3o ainda maior em rela\u00e7\u00e3o aos dois primeiros turnos.<\/p>\n\n\n\n<p class=\"has-medium-font-size\">Assim, o cen\u00e1rio mostra que os campe\u00f5es ser\u00e3o conhecidos apenas na 9\u00aa e \u00faltima rodada. \u201cNeste domingo todos os pilotos competir\u00e3o com pneus novos, um diferencial que a V11 Aldeia Cup oferece para diminuir os custos\u201d, destacou Escarlate, citando que um jogo de pneus \u00e9 utilizado em duas rodadas.<\/p>\n\n\n\n<p class=\"has-medium-font-size\">Toda a programa\u00e7\u00e3o da 7\u00aa etapa \u2013 treino de aquecimento, tomada de tempos e duas baterias para cada categoria \u2013 ser\u00e1 realizada no domingo, dia 4.<\/p>\n\n\n\n<p class=\"has-medium-font-size\">E, ap\u00f3s as disputas do pr\u00f3ximo domingo, a V11 Aldeia Cup far\u00e1 uma pausa e retornar\u00e1 \u00e0s pistas no dia 20 de outubro para a 8\u00aa e pen\u00faltima etapa da temporada.<\/p>\n\n\n\n<p class=\"has-medium-font-size\">\u201cEm outubro teremos o Campeonato Brasileiro e, por isso, em setembro n\u00e3o teremos corrida. Assim, pilotos e equipes poder\u00e3o se dedicar de forma integral \u00e0 sua prepara\u00e7\u00e3o para nossa mais importante competi\u00e7\u00e3o no Brasil\u201d, avisou Vin\u00edcius Escarlate. \u201cVoltaremos uma semana depois do Brasileiro\u201d, finalizou.<\/p>\n\n\n\n<p class=\"has-medium-font-size\">A V11 Aldeia Cup tem v\u00e1rios parceiros que oferecem uma premia\u00e7\u00e3o anual avaliada em mais de R$ 200 mil: Aquiles Line Up, Aroni Trof\u00e9us, Artmix, Beca, DKR, Kart Mini, Moto Remazza, Pizza Crek, Protege Race Sport, RBC e S4U (Simulation For You).<\/p>\n\n\n\n<p class=\"has-medium-font-size\"><strong>Confira os atuais l\u00edderes da V11 Aldeia Cup:<\/strong><\/p>\n\n\n\n<p class=\"has-medium-font-size\">Mirim e Mirim Rookie \u2013 Gael Ramos<\/p>\n\n\n\n<p class=\"has-medium-font-size\">Cadete \u2013 Jo\u00e3o Pedro Batista<\/p>\n\n\n\n<p class=\"has-medium-font-size\">Cadete Rookie \u2013 Felipe Luco<\/p>\n\n\n\n<p class=\"has-medium-font-size\">F4 J\u00fanior e F4 J\u00fanior Light \u2013 Dudu Pagliaro<\/p>\n\n\n\n<p class=\"has-medium-font-size\">F4 J\u00fanior Rookie \u2013 Luiz Migliorini<\/p>\n\n\n\n<p class=\"has-medium-font-size\">F4 Graduados \u2013 Bruno Souza<\/p>\n\n\n\n<p class=\"has-medium-font-size\">F4 Graduados Light \u2013 Bernardo Haydn<\/p>\n\n\n\n<p class=\"has-medium-font-size\">F4 Graduados Rookie \u2013 Ighor Ramalho<\/p>\n\n\n\n<p class=\"has-medium-font-size\">F4 S\u00eanior Light \u2013 Adriano Marcolino<\/p>\n\n\n\n<p class=\"has-medium-font-size\">F4 S\u00eanior Rookie \u2013 Ramon Costa<\/p>\n\n\n\n<p class=\"has-medium-font-size\">F4 S\u00eanior e F4 Super S\u00eanior \u2013 Adriano Amaral<\/p>\n\n\n\n<p class=\"has-medium-font-size\">F4 Super S\u00eanior Master \u2013 J\u00falio C\u00e9sar<\/p>\n\n\n\n<p class=\"has-medium-font-size\">Shifter \u2013 Christian Gemeinhardt<\/p>\n\n\n\n<p class=\"has-medium-font-size\">Shifter S\u00eanior e Shifter Super S\u00eanior \u2013 Eduardo G\u00f3es<\/p>\n\n\n\n<p class=\"has-medium-font-size\">Parilla J\u00fanior \u2013 Miguel Silva<\/p>\n\n\n\n<p class=\"has-medium-font-size\">Parilla S\u00eanior \u2013 Miguel Kali<\/p>\n\n\n\n<p class=\"has-medium-font-size\">Mini 2T \u2013 Davi Hon\u00f3rio<\/p>\n\n\n\n<p class=\"has-medium-font-size\">Texto: Erno Drehmer, KG COM Assessoria de Comunica\u00e7\u00e3o \u2013 Foto: Tartalho Fotografia<\/p>\n","protected":false},"excerpt":{"rendered":"<p>Toda a programa\u00e7\u00e3o da 7\u00aa etapa \u2013 treino de aquecimento, tomada de tempos e duas baterias para cada categoria \u2013 ser\u00e1 realizada no domingo, dia 4 de julho.<\/p>\n","protected":false},"author":2,"featured_media":1533,"comment_status":"closed","ping_status":"closed","sticky":false,"template":"","format":"standard","meta":{"colormag_page_container_layout":"default_layout","colormag_page_sidebar_layout":"default_layout","footnotes":""},"categories":[17,46],"tags":[],"class_list":["post-1532","post","type-post","status-publish","format-standard","has-post-thumbnail","hentry","category-esportes","category-kart"],"magazineBlocksPostFeaturedMedia":{"thumbnail":"https:\/\/universoesportivo.net\/wp-content\/uploads\/2024\/08\/abreerno-150x150.jpg","medium":"https:\/\/universoesportivo.net\/wp-content\/uploads\/2024\/08\/abreerno-300x200.jpg","medium_large":"https:\/\/universoesportivo.net\/wp-content\/uploads\/2024\/08\/abreerno.jpg","large":"https:\/\/universoesportivo.net\/wp-content\/uploads\/2024\/08\/abreerno.jpg","1536x1536":"https:\/\/universoesportivo.net\/wp-content\/uploads\/2024\/08\/abreerno.jpg","2048x2048":"https:\/\/universoesportivo.net\/wp-content\/uploads\/2024\/08\/abreerno.jpg","trp-custom-language-flag":"https:\/\/universoesportivo.net\/wp-content\/uploads\/2024\/08\/abreerno-18x12.jpg","colormag-highlighted-post":"https:\/\/universoesportivo.net\/wp-content\/uploads\/2024\/08\/abreerno-392x272.jpg","colormag-featured-post-medium":"https:\/\/universoesportivo.net\/wp-content\/uploads\/2024\/08\/abreerno-390x205.jpg","colormag-featured-post-small":"https:\/\/universoesportivo.net\/wp-content\/uploads\/2024\/08\/abreerno-130x90.jpg","colormag-featured-image":"https:\/\/universoesportivo.net\/wp-content\/uploads\/2024\/08\/abreerno.jpg","colormag-default-news":"https:\/\/universoesportivo.net\/wp-content\/uploads\/2024\/08\/abreerno-150x150.jpg","colormag-featured-image-large":"https:\/\/universoesportivo.net\/wp-content\/uploads\/2024\/08\/abreerno.jpg","colormag-elementor-block-extra-large-thumbnail":"https:\/\/universoesportivo.net\/wp-content\/uploads\/2024\/08\/abreerno.jpg","colormag-elementor-grid-large-thumbnail":"https:\/\/universoesportivo.net\/wp-content\/uploads\/2024\/08\/abreerno.jpg","colormag-elementor-grid-small-thumbnail":"https:\/\/universoesportivo.net\/wp-content\/uploads\/2024\/08\/abreerno-285x300.jpg","colormag-elementor-grid-medium-large-thumbnail":"https:\/\/universoesportivo.net\/wp-content\/uploads\/2024\/08\/abreerno-450x198.jpg"},"magazineBlocksPostAuthor":{"name":"Tiago Lotto","avatar":"https:\/\/secure.gravatar.com\/avatar\/fd6891125b3fb6ba0b794cd20c3398d5bb0fa20d2b9963a95f19470e5a6192f7?s=96&d=mm&r=g"},"magazineBlocksPostCommentsNumber":false,"magazineBlocksPostExcerpt":"Toda a programa\u00e7\u00e3o da 7\u00aa etapa \u2013 treino de aquecimento, tomada de tempos e duas baterias para cada categoria \u2013 ser\u00e1 realizada no domingo, dia 4 de julho.","magazineBlocksPostCategories":["ESPORTES","Kart"],"magazineBlocksPostViewCount":34,"magazineBlocksPostReadTime":3,"magazine_blocks_featured_image_url":{"full":["https:\/\/universoesportivo.net\/wp-content\/uploads\/2024\/08\/abreerno.jpg",450,300,false],"medium":["https:\/\/universoesportivo.net\/wp-content\/uploads\/2024\/08\/abreerno-300x200.jpg",300,200,true],"thumbnail":["https:\/\/universoesportivo.net\/wp-content\/uploads\/2024\/08\/abreerno-150x150.jpg",150,150,true]},"magazine_blocks_author":{"display_name":"Tiago Lotto","author_link":"https:\/\/universoesportivo.net\/index.php\/author\/tiago-lotto\/"},"magazine_blocks_comment":0,"magazine_blocks_author_image":"https:\/\/secure.gravatar.com\/avatar\/fd6891125b3fb6ba0b794cd20c3398d5bb0fa20d2b9963a95f19470e5a6192f7?s=96&d=mm&r=g","magazine_blocks_category":"<a href=\"#\" class=\"category-link category-link-17\">ESPORTES<\/a> <a href=\"#\" class=\"category-link category-link-46\">Kart<\/a>","yoast_head":"<!-- This site is optimized with the Yoast SEO plugin v27.4 - https:\/\/yoast.com\/product\/yoast-seo-wordpress\/ -->\n<title>7\u00aa ETAPA: V11 Aldeia Cup de Kart se encaminha para o final da temporada - Universo Esportivo<\/title>\n<meta name=\"robots\" content=\"index, follow, max-snippet:-1, max-image-preview:large, max-video-preview:-1\" \/>\n<link rel=\"canonical\" href=\"https:\/\/universoesportivo.net\/index.php\/2024\/08\/01\/7a-etapa-v11-aldeia-cup-de-kart-se-encaminha-para-o-final-da-temporada\/\" \/>\n<meta property=\"og:locale\" content=\"pt_BR\" \/>\n<meta property=\"og:type\" content=\"article\" \/>\n<meta property=\"og:title\" content=\"7\u00aa ETAPA: V11 Aldeia Cup de Kart se encaminha para o final da temporada - Universo Esportivo\" \/>\n<meta property=\"og:description\" content=\"Toda a programa\u00e7\u00e3o da 7\u00aa etapa \u2013 treino de aquecimento, tomada de tempos e duas baterias para cada categoria \u2013 ser\u00e1 realizada no domingo, dia 4 de julho.\" \/>\n<meta property=\"og:url\" content=\"https:\/\/universoesportivo.net\/index.php\/2024\/08\/01\/7a-etapa-v11-aldeia-cup-de-kart-se-encaminha-para-o-final-da-temporada\/\" \/>\n<meta property=\"og:site_name\" content=\"Universo Esportivo\" \/>\n<meta property=\"article:publisher\" content=\"https:\/\/www.facebook.com\/universoesportivo.net\" \/>\n<meta property=\"article:published_time\" content=\"2024-08-02T00:03:14+00:00\" \/>\n<meta property=\"article:modified_time\" content=\"2024-08-02T00:03:15+00:00\" \/>\n<meta property=\"og:image\" content=\"https:\/\/universoesportivo.net\/wp-content\/uploads\/2024\/08\/abreerno.jpg\" \/>\n\t<meta property=\"og:image:width\" content=\"450\" \/>\n\t<meta property=\"og:image:height\" content=\"300\" \/>\n\t<meta property=\"og:image:type\" content=\"image\/jpeg\" \/>\n<meta name=\"author\" content=\"Tiago Lotto\" \/>\n<meta name=\"twitter:card\" content=\"summary_large_image\" \/>\n<meta name=\"twitter:label1\" content=\"Escrito por\" \/>\n\t<meta name=\"twitter:data1\" content=\"Tiago Lotto\" \/>\n\t<meta name=\"twitter:label2\" content=\"Est. tempo de leitura\" \/>\n\t<meta name=\"twitter:data2\" content=\"3 minutos\" \/>\n<script type=\"application\/ld+json\" class=\"yoast-schema-graph\">{\"@context\":\"https:\\\/\\\/schema.org\",\"@graph\":[{\"@type\":\"Article\",\"@id\":\"https:\\\/\\\/universoesportivo.net\\\/index.php\\\/2024\\\/08\\\/01\\\/7a-etapa-v11-aldeia-cup-de-kart-se-encaminha-para-o-final-da-temporada\\\/#article\",\"isPartOf\":{\"@id\":\"https:\\\/\\\/universoesportivo.net\\\/index.php\\\/2024\\\/08\\\/01\\\/7a-etapa-v11-aldeia-cup-de-kart-se-encaminha-para-o-final-da-temporada\\\/\"},\"author\":{\"name\":\"Tiago Lotto\",\"@id\":\"https:\\\/\\\/universoesportivo.net\\\/#\\\/schema\\\/person\\\/62bc311bc7def56a6bc83711536e74bd\"},\"headline\":\"7\u00aa ETAPA: V11 Aldeia Cup de Kart se encaminha para o final da temporada\",\"datePublished\":\"2024-08-02T00:03:14+00:00\",\"dateModified\":\"2024-08-02T00:03:15+00:00\",\"mainEntityOfPage\":{\"@id\":\"https:\\\/\\\/universoesportivo.net\\\/index.php\\\/2024\\\/08\\\/01\\\/7a-etapa-v11-aldeia-cup-de-kart-se-encaminha-para-o-final-da-temporada\\\/\"},\"wordCount\":479,\"publisher\":{\"@id\":\"https:\\\/\\\/universoesportivo.net\\\/#organization\"},\"image\":{\"@id\":\"https:\\\/\\\/universoesportivo.net\\\/index.php\\\/2024\\\/08\\\/01\\\/7a-etapa-v11-aldeia-cup-de-kart-se-encaminha-para-o-final-da-temporada\\\/#primaryimage\"},\"thumbnailUrl\":\"https:\\\/\\\/universoesportivo.net\\\/wp-content\\\/uploads\\\/2024\\\/08\\\/abreerno.jpg\",\"articleSection\":[\"ESPORTES\",\"Kart\"],\"inLanguage\":\"pt-BR\"},{\"@type\":\"WebPage\",\"@id\":\"https:\\\/\\\/universoesportivo.net\\\/index.php\\\/2024\\\/08\\\/01\\\/7a-etapa-v11-aldeia-cup-de-kart-se-encaminha-para-o-final-da-temporada\\\/\",\"url\":\"https:\\\/\\\/universoesportivo.net\\\/index.php\\\/2024\\\/08\\\/01\\\/7a-etapa-v11-aldeia-cup-de-kart-se-encaminha-para-o-final-da-temporada\\\/\",\"name\":\"7\u00aa ETAPA: V11 Aldeia Cup de Kart se encaminha para o final da temporada - Universo Esportivo\",\"isPartOf\":{\"@id\":\"https:\\\/\\\/universoesportivo.net\\\/#website\"},\"primaryImageOfPage\":{\"@id\":\"https:\\\/\\\/universoesportivo.net\\\/index.php\\\/2024\\\/08\\\/01\\\/7a-etapa-v11-aldeia-cup-de-kart-se-encaminha-para-o-final-da-temporada\\\/#primaryimage\"},\"image\":{\"@id\":\"https:\\\/\\\/universoesportivo.net\\\/index.php\\\/2024\\\/08\\\/01\\\/7a-etapa-v11-aldeia-cup-de-kart-se-encaminha-para-o-final-da-temporada\\\/#primaryimage\"},\"thumbnailUrl\":\"https:\\\/\\\/universoesportivo.net\\\/wp-content\\\/uploads\\\/2024\\\/08\\\/abreerno.jpg\",\"datePublished\":\"2024-08-02T00:03:14+00:00\",\"dateModified\":\"2024-08-02T00:03:15+00:00\",\"breadcrumb\":{\"@id\":\"https:\\\/\\\/universoesportivo.net\\\/index.php\\\/2024\\\/08\\\/01\\\/7a-etapa-v11-aldeia-cup-de-kart-se-encaminha-para-o-final-da-temporada\\\/#breadcrumb\"},\"inLanguage\":\"pt-BR\",\"potentialAction\":[{\"@type\":\"ReadAction\",\"target\":[\"https:\\\/\\\/universoesportivo.net\\\/index.php\\\/2024\\\/08\\\/01\\\/7a-etapa-v11-aldeia-cup-de-kart-se-encaminha-para-o-final-da-temporada\\\/\"]}]},{\"@type\":\"ImageObject\",\"inLanguage\":\"pt-BR\",\"@id\":\"https:\\\/\\\/universoesportivo.net\\\/index.php\\\/2024\\\/08\\\/01\\\/7a-etapa-v11-aldeia-cup-de-kart-se-encaminha-para-o-final-da-temporada\\\/#primaryimage\",\"url\":\"https:\\\/\\\/universoesportivo.net\\\/wp-content\\\/uploads\\\/2024\\\/08\\\/abreerno.jpg\",\"contentUrl\":\"https:\\\/\\\/universoesportivo.net\\\/wp-content\\\/uploads\\\/2024\\\/08\\\/abreerno.jpg\",\"width\":450,\"height\":300},{\"@type\":\"BreadcrumbList\",\"@id\":\"https:\\\/\\\/universoesportivo.net\\\/index.php\\\/2024\\\/08\\\/01\\\/7a-etapa-v11-aldeia-cup-de-kart-se-encaminha-para-o-final-da-temporada\\\/#breadcrumb\",\"itemListElement\":[{\"@type\":\"ListItem\",\"position\":1,\"name\":\"In\u00edcio\",\"item\":\"https:\\\/\\\/universoesportivo.net\\\/\"},{\"@type\":\"ListItem\",\"position\":2,\"name\":\"7\u00aa ETAPA: V11 Aldeia Cup de Kart se encaminha para o final da temporada\"}]},{\"@type\":\"WebSite\",\"@id\":\"https:\\\/\\\/universoesportivo.net\\\/#website\",\"url\":\"https:\\\/\\\/universoesportivo.net\\\/\",\"name\":\"Universo Esportivo\",\"description\":\"O portal de todas as modalidades esportivas!\",\"publisher\":{\"@id\":\"https:\\\/\\\/universoesportivo.net\\\/#organization\"},\"alternateName\":\"Jornalista Tiago Contador Lotto\",\"potentialAction\":[{\"@type\":\"SearchAction\",\"target\":{\"@type\":\"EntryPoint\",\"urlTemplate\":\"https:\\\/\\\/universoesportivo.net\\\/?s={search_term_string}\"},\"query-input\":{\"@type\":\"PropertyValueSpecification\",\"valueRequired\":true,\"valueName\":\"search_term_string\"}}],\"inLanguage\":\"pt-BR\"},{\"@type\":\"Organization\",\"@id\":\"https:\\\/\\\/universoesportivo.net\\\/#organization\",\"name\":\"Universo Esportivo\",\"alternateName\":\"Tiago Lotto\",\"url\":\"https:\\\/\\\/universoesportivo.net\\\/\",\"logo\":{\"@type\":\"ImageObject\",\"inLanguage\":\"pt-BR\",\"@id\":\"https:\\\/\\\/universoesportivo.net\\\/#\\\/schema\\\/logo\\\/image\\\/\",\"url\":\"https:\\\/\\\/universoesportivo.net\\\/wp-content\\\/uploads\\\/2024\\\/05\\\/cropped-cropped-universo-6.png\",\"contentUrl\":\"https:\\\/\\\/universoesportivo.net\\\/wp-content\\\/uploads\\\/2024\\\/05\\\/cropped-cropped-universo-6.png\",\"width\":413,\"height\":295,\"caption\":\"Universo Esportivo\"},\"image\":{\"@id\":\"https:\\\/\\\/universoesportivo.net\\\/#\\\/schema\\\/logo\\\/image\\\/\"},\"sameAs\":[\"https:\\\/\\\/www.facebook.com\\\/universoesportivo.net\"]},{\"@type\":\"Person\",\"@id\":\"https:\\\/\\\/universoesportivo.net\\\/#\\\/schema\\\/person\\\/62bc311bc7def56a6bc83711536e74bd\",\"name\":\"Tiago Lotto\",\"image\":{\"@type\":\"ImageObject\",\"inLanguage\":\"pt-BR\",\"@id\":\"https:\\\/\\\/secure.gravatar.com\\\/avatar\\\/fd6891125b3fb6ba0b794cd20c3398d5bb0fa20d2b9963a95f19470e5a6192f7?s=96&d=mm&r=g\",\"url\":\"https:\\\/\\\/secure.gravatar.com\\\/avatar\\\/fd6891125b3fb6ba0b794cd20c3398d5bb0fa20d2b9963a95f19470e5a6192f7?s=96&d=mm&r=g\",\"contentUrl\":\"https:\\\/\\\/secure.gravatar.com\\\/avatar\\\/fd6891125b3fb6ba0b794cd20c3398d5bb0fa20d2b9963a95f19470e5a6192f7?s=96&d=mm&r=g\",\"caption\":\"Tiago Lotto\"},\"url\":\"https:\\\/\\\/universoesportivo.net\\\/index.php\\\/author\\\/tiago-lotto\\\/\"}]}<\/script>\n<!-- \/ Yoast SEO plugin. -->","yoast_head_json":{"title":"7\u00aa ETAPA: V11 Aldeia Cup de Kart se encaminha para o final da temporada - Universo Esportivo","robots":{"index":"index","follow":"follow","max-snippet":"max-snippet:-1","max-image-preview":"max-image-preview:large","max-video-preview":"max-video-preview:-1"},"canonical":"https:\/\/universoesportivo.net\/index.php\/2024\/08\/01\/7a-etapa-v11-aldeia-cup-de-kart-se-encaminha-para-o-final-da-temporada\/","og_locale":"pt_BR","og_type":"article","og_title":"7\u00aa ETAPA: V11 Aldeia Cup de Kart se encaminha para o final da temporada - Universo Esportivo","og_description":"Toda a programa\u00e7\u00e3o da 7\u00aa etapa \u2013 treino de aquecimento, tomada de tempos e duas baterias para cada categoria \u2013 ser\u00e1 realizada no domingo, dia 4 de julho.","og_url":"https:\/\/universoesportivo.net\/index.php\/2024\/08\/01\/7a-etapa-v11-aldeia-cup-de-kart-se-encaminha-para-o-final-da-temporada\/","og_site_name":"Universo Esportivo","article_publisher":"https:\/\/www.facebook.com\/universoesportivo.net","article_published_time":"2024-08-02T00:03:14+00:00","article_modified_time":"2024-08-02T00:03:15+00:00","og_image":[{"width":450,"height":300,"url":"https:\/\/universoesportivo.net\/wp-content\/uploads\/2024\/08\/abreerno.jpg","type":"image\/jpeg"}],"author":"Tiago Lotto","twitter_card":"summary_large_image","twitter_misc":{"Escrito por":"Tiago Lotto","Est. tempo de leitura":"3 minutos"},"schema":{"@context":"https:\/\/schema.org","@graph":[{"@type":"Article","@id":"https:\/\/universoesportivo.net\/index.php\/2024\/08\/01\/7a-etapa-v11-aldeia-cup-de-kart-se-encaminha-para-o-final-da-temporada\/#article","isPartOf":{"@id":"https:\/\/universoesportivo.net\/index.php\/2024\/08\/01\/7a-etapa-v11-aldeia-cup-de-kart-se-encaminha-para-o-final-da-temporada\/"},"author":{"name":"Tiago Lotto","@id":"https:\/\/universoesportivo.net\/#\/schema\/person\/62bc311bc7def56a6bc83711536e74bd"},"headline":"7\u00aa ETAPA: V11 Aldeia Cup de Kart se encaminha para o final da temporada","datePublished":"2024-08-02T00:03:14+00:00","dateModified":"2024-08-02T00:03:15+00:00","mainEntityOfPage":{"@id":"https:\/\/universoesportivo.net\/index.php\/2024\/08\/01\/7a-etapa-v11-aldeia-cup-de-kart-se-encaminha-para-o-final-da-temporada\/"},"wordCount":479,"publisher":{"@id":"https:\/\/universoesportivo.net\/#organization"},"image":{"@id":"https:\/\/universoesportivo.net\/index.php\/2024\/08\/01\/7a-etapa-v11-aldeia-cup-de-kart-se-encaminha-para-o-final-da-temporada\/#primaryimage"},"thumbnailUrl":"https:\/\/universoesportivo.net\/wp-content\/uploads\/2024\/08\/abreerno.jpg","articleSection":["ESPORTES","Kart"],"inLanguage":"pt-BR"},{"@type":"WebPage","@id":"https:\/\/universoesportivo.net\/index.php\/2024\/08\/01\/7a-etapa-v11-aldeia-cup-de-kart-se-encaminha-para-o-final-da-temporada\/","url":"https:\/\/universoesportivo.net\/index.php\/2024\/08\/01\/7a-etapa-v11-aldeia-cup-de-kart-se-encaminha-para-o-final-da-temporada\/","name":"7\u00aa ETAPA: V11 Aldeia Cup de Kart se encaminha para o final da temporada - Universo Esportivo","isPartOf":{"@id":"https:\/\/universoesportivo.net\/#website"},"primaryImageOfPage":{"@id":"https:\/\/universoesportivo.net\/index.php\/2024\/08\/01\/7a-etapa-v11-aldeia-cup-de-kart-se-encaminha-para-o-final-da-temporada\/#primaryimage"},"image":{"@id":"https:\/\/universoesportivo.net\/index.php\/2024\/08\/01\/7a-etapa-v11-aldeia-cup-de-kart-se-encaminha-para-o-final-da-temporada\/#primaryimage"},"thumbnailUrl":"https:\/\/universoesportivo.net\/wp-content\/uploads\/2024\/08\/abreerno.jpg","datePublished":"2024-08-02T00:03:14+00:00","dateModified":"2024-08-02T00:03:15+00:00","breadcrumb":{"@id":"https:\/\/universoesportivo.net\/index.php\/2024\/08\/01\/7a-etapa-v11-aldeia-cup-de-kart-se-encaminha-para-o-final-da-temporada\/#breadcrumb"},"inLanguage":"pt-BR","potentialAction":[{"@type":"ReadAction","target":["https:\/\/universoesportivo.net\/index.php\/2024\/08\/01\/7a-etapa-v11-aldeia-cup-de-kart-se-encaminha-para-o-final-da-temporada\/"]}]},{"@type":"ImageObject","inLanguage":"pt-BR","@id":"https:\/\/universoesportivo.net\/index.php\/2024\/08\/01\/7a-etapa-v11-aldeia-cup-de-kart-se-encaminha-para-o-final-da-temporada\/#primaryimage","url":"https:\/\/universoesportivo.net\/wp-content\/uploads\/2024\/08\/abreerno.jpg","contentUrl":"https:\/\/universoesportivo.net\/wp-content\/uploads\/2024\/08\/abreerno.jpg","width":450,"height":300},{"@type":"BreadcrumbList","@id":"https:\/\/universoesportivo.net\/index.php\/2024\/08\/01\/7a-etapa-v11-aldeia-cup-de-kart-se-encaminha-para-o-final-da-temporada\/#breadcrumb","itemListElement":[{"@type":"ListItem","position":1,"name":"In\u00edcio","item":"https:\/\/universoesportivo.net\/"},{"@type":"ListItem","position":2,"name":"7\u00aa ETAPA: V11 Aldeia Cup de Kart se encaminha para o final da temporada"}]},{"@type":"WebSite","@id":"https:\/\/universoesportivo.net\/#website","url":"https:\/\/universoesportivo.net\/","name":"Universo Esportivo","description":"O portal de todas as modalidades esportivas!","publisher":{"@id":"https:\/\/universoesportivo.net\/#organization"},"alternateName":"Jornalista Tiago Contador Lotto","potentialAction":[{"@type":"SearchAction","target":{"@type":"EntryPoint","urlTemplate":"https:\/\/universoesportivo.net\/?s={search_term_string}"},"query-input":{"@type":"PropertyValueSpecification","valueRequired":true,"valueName":"search_term_string"}}],"inLanguage":"pt-BR"},{"@type":"Organization","@id":"https:\/\/universoesportivo.net\/#organization","name":"Universo Esportivo","alternateName":"Tiago Lotto","url":"https:\/\/universoesportivo.net\/","logo":{"@type":"ImageObject","inLanguage":"pt-BR","@id":"https:\/\/universoesportivo.net\/#\/schema\/logo\/image\/","url":"https:\/\/universoesportivo.net\/wp-content\/uploads\/2024\/05\/cropped-cropped-universo-6.png","contentUrl":"https:\/\/universoesportivo.net\/wp-content\/uploads\/2024\/05\/cropped-cropped-universo-6.png","width":413,"height":295,"caption":"Universo Esportivo"},"image":{"@id":"https:\/\/universoesportivo.net\/#\/schema\/logo\/image\/"},"sameAs":["https:\/\/www.facebook.com\/universoesportivo.net"]},{"@type":"Person","@id":"https:\/\/universoesportivo.net\/#\/schema\/person\/62bc311bc7def56a6bc83711536e74bd","name":"Tiago Lotto","image":{"@type":"ImageObject","inLanguage":"pt-BR","@id":"https:\/\/secure.gravatar.com\/avatar\/fd6891125b3fb6ba0b794cd20c3398d5bb0fa20d2b9963a95f19470e5a6192f7?s=96&d=mm&r=g","url":"https:\/\/secure.gravatar.com\/avatar\/fd6891125b3fb6ba0b794cd20c3398d5bb0fa20d2b9963a95f19470e5a6192f7?s=96&d=mm&r=g","contentUrl":"https:\/\/secure.gravatar.com\/avatar\/fd6891125b3fb6ba0b794cd20c3398d5bb0fa20d2b9963a95f19470e5a6192f7?s=96&d=mm&r=g","caption":"Tiago Lotto"},"url":"https:\/\/universoesportivo.net\/index.php\/author\/tiago-lotto\/"}]}},"jetpack_featured_media_url":"https:\/\/universoesportivo.net\/wp-content\/uploads\/2024\/08\/abreerno.jpg","_links":{"self":[{"href":"https:\/\/universoesportivo.net\/index.php\/wp-json\/wp\/v2\/posts\/1532","targetHints":{"allow":["GET"]}}],"collection":[{"href":"https:\/\/universoesportivo.net\/index.php\/wp-json\/wp\/v2\/posts"}],"about":[{"href":"https:\/\/universoesportivo.net\/index.php\/wp-json\/wp\/v2\/types\/post"}],"author":[{"embeddable":true,"href":"https:\/\/universoesportivo.net\/index.php\/wp-json\/wp\/v2\/users\/2"}],"replies":[{"embeddable":true,"href":"https:\/\/universoesportivo.net\/index.php\/wp-json\/wp\/v2\/comments?post=1532"}],"version-history":[{"count":1,"href":"https:\/\/universoesportivo.net\/index.php\/wp-json\/wp\/v2\/posts\/1532\/revisions"}],"predecessor-version":[{"id":1534,"href":"https:\/\/universoesportivo.net\/index.php\/wp-json\/wp\/v2\/posts\/1532\/revisions\/1534"}],"wp:featuredmedia":[{"embeddable":true,"href":"https:\/\/universoesportivo.net\/index.php\/wp-json\/wp\/v2\/media\/1533"}],"wp:attachment":[{"href":"https:\/\/universoesportivo.net\/index.php\/wp-json\/wp\/v2\/media?parent=1532"}],"wp:term":[{"taxonomy":"category","embeddable":true,"href":"https:\/\/universoesportivo.net\/index.php\/wp-json\/wp\/v2\/categories?post=1532"},{"taxonomy":"post_tag","embeddable":true,"href":"https:\/\/universoesportivo.net\/index.php\/wp-json\/wp\/v2\/tags?post=1532"}],"curies":[{"name":"wp","href":"https:\/\/api.w.org\/{rel}","templated":true}]}}