{"id":1538,"date":"2024-08-06T21:11:43","date_gmt":"2024-08-07T00:11:43","guid":{"rendered":"https:\/\/universoesportivo.net\/?p=1538"},"modified":"2024-08-06T21:53:39","modified_gmt":"2024-08-07T00:53:39","slug":"atual-campea-brasileira-de-karate-atleta-de-pindorama-precisa-de-apoio-para-disputar-torneio-na-belgica","status":"publish","type":"post","link":"https:\/\/universoesportivo.net\/index.php\/2024\/08\/06\/atual-campea-brasileira-de-karate-atleta-de-pindorama-precisa-de-apoio-para-disputar-torneio-na-belgica\/","title":{"rendered":"Atual campe\u00e3 brasileira de karat\u00ea, atleta de Pindorama precisa de apoio para disputar torneio na B\u00e9lgica"},"content":{"rendered":"\n<p class=\"has-medium-font-size\">A faixa preta de karat\u00ea shotokan, Livia de Paes Dominici, atual campe\u00e3o brasileira at\u00e9 58 quilos, foi convocada pela FBK (Federa\u00e7\u00e3o Brasileira de Karat\u00ea) para disputar o \u201cOpen International Karat\u00e9 de La Province de Li\u00e8ge\u201d, cidade que fica na B\u00e9lgica.<\/p>\n\n\n\n<p class=\"has-medium-font-size\">Livia \u00e9 moradora de Pindorama e disputa atualmente a categoria adulto, faixa roxa a preta. Aos 25 anos, est\u00e1 em busca de apoio e patroc\u00ednio para disputar seu primeiro torneio no exterior.<\/p>\n\n\n\n<p class=\"has-medium-font-size\">A \u2018luta\u2019 por apoio ocorre em fun\u00e7\u00e3o das despesas para disputar o torneio, que ser\u00e1 realizado nos dias 7 e 8 de setembro. A FBK informou que todas as despesas da viagem s\u00e3o de responsabilidade dos caratecas convocados.<\/p>\n\n\n\n<p class=\"has-medium-font-size\">De acordo com Livia, a quantia necess\u00e1ria para representar o Brasil na B\u00e9lgica fica em R$ 15.000,00. Ela est\u00e1 oferecendo espa\u00e7o para patroc\u00ednio em seu kimono (o uniforme de luta do atleta) com destaque da logomarca da empresa patrocinadora, utiliza\u00e7\u00e3o de camiseta exclusiva com a logomarca da empresa e exposi\u00e7\u00e3o da logomarca patrocinadora nas redes sociais e outras m\u00eddias relacionadas ao torneio esportivo.<\/p>\n\n\n\n<p class=\"has-medium-font-size\">\u201cMinha fam\u00edlia n\u00e3o tem condi\u00e7\u00f5es de pagar a totalidade da viagem. Atualmente n\u00e3o estou trabalhando. Meu pai \u00e9 banc\u00e1rio e minha m\u00e3e merendeira em uma escola. Tenho duas irm\u00e3s e vivemos os 5 em Pindorama\u201d, falou ela \u00e0 reportagem do Universo Esportivo.<\/p>\n\n\n\n<p class=\"has-medium-font-size\">\u201cQuero me comprometer com meus patrocinadores e fazer o m\u00e1ximo para dar visibilidade e retorno aos que aceitarem me apoiar nesta competi\u00e7\u00e3o internacional\u201d, frisou a atleta, que \u00e9 da Academia Schutze de Karat\u00ea, tendo como sensei Marcelo Schutze. As aulas e treinos ocorrem no Pindorama Clube.<\/p>\n\n\n\n<p class=\"has-medium-font-size\">Livia pratica karat\u00ea desde os 10 anos de idade. Ela j\u00e1 foi campe\u00e3 estadual, brasileira, universit\u00e1ria e de Jogos Regionais. Al\u00e9m de atleta, \u00e9 engenheira f\u00edsica pela UFSCar &#8211; Universidade Federal de S\u00e3o Carlos.<\/p>\n\n\n\n<p class=\"has-medium-font-size\">O Open de Li\u00e8ge \u00e9 a maior competi\u00e7\u00e3o da B\u00e9lgica, e uma das mais importantes da Europa. No ano passado, foram mais de mil atletas inscritos, de 13 pa\u00edses. A competi\u00e7\u00e3o \u00e9 de alt\u00edssimo n\u00edvel, reunindo os melhores caratecas do mundo.<\/p>\n\n\n\n<p class=\"has-medium-font-size\">A competi\u00e7\u00e3o \u00e9 chancelada pela WKF (World Karate Federation), com colabora\u00e7\u00e3o da CIKA World e da Champions International Karate Association.<\/p>\n\n\n\n<p class=\"has-medium-font-size\">Os interessados em ajudar podem ligar para Livia no (17) 99200-4829.<\/p>\n\n\n\n<p class=\"has-medium-font-size\">Texto: Tiago Lotto \/ Fotos: Divulga\u00e7\u00e3o<\/p>\n\n\n\n<figure class=\"wp-block-image\"><img fetchpriority=\"high\" decoding=\"async\" width=\"270\" height=\"405\" src=\"https:\/\/universoesportivo.net\/wp-content\/uploads\/2024\/08\/liviatres.jpg\" alt=\"\" class=\"wp-image-1541\" srcset=\"https:\/\/universoesportivo.net\/wp-content\/uploads\/2024\/08\/liviatres.jpg 270w, https:\/\/universoesportivo.net\/wp-content\/uploads\/2024\/08\/liviatres-200x300.jpg 200w, https:\/\/universoesportivo.net\/wp-content\/uploads\/2024\/08\/liviatres-8x12.jpg 8w\" sizes=\"(max-width: 270px) 100vw, 270px\" \/><\/figure>\n\n\n\n<figure class=\"wp-block-image\"><img decoding=\"async\" width=\"400\" height=\"267\" src=\"https:\/\/universoesportivo.net\/wp-content\/uploads\/2024\/08\/liviadois.jpg\" alt=\"\" class=\"wp-image-1540\" srcset=\"https:\/\/universoesportivo.net\/wp-content\/uploads\/2024\/08\/liviadois.jpg 400w, https:\/\/universoesportivo.net\/wp-content\/uploads\/2024\/08\/liviadois-300x200.jpg 300w, https:\/\/universoesportivo.net\/wp-content\/uploads\/2024\/08\/liviadois-18x12.jpg 18w\" sizes=\"(max-width: 400px) 100vw, 400px\" \/><\/figure>\n","protected":false},"excerpt":{"rendered":"<p>Competi\u00e7\u00e3o na B\u00e9lgica \u00e9 uma das mais importantes de Europa. Atleta do interior paulista foi convocada pela Federa\u00e7\u00e3o Brasileira de Karat\u00ea.<\/p>\n","protected":false},"author":2,"featured_media":1539,"comment_status":"closed","ping_status":"closed","sticky":false,"template":"","format":"standard","meta":{"colormag_page_container_layout":"default_layout","colormag_page_sidebar_layout":"default_layout","footnotes":""},"categories":[52,17],"tags":[],"class_list":["post-1538","post","type-post","status-publish","format-standard","has-post-thumbnail","hentry","category-artes-marciais","category-esportes"],"magazineBlocksPostFeaturedMedia":{"thumbnail":"https:\/\/universoesportivo.net\/wp-content\/uploads\/2024\/08\/abrelivia-150x150.jpg","medium":"https:\/\/universoesportivo.net\/wp-content\/uploads\/2024\/08\/abrelivia-300x225.jpg","medium_large":"https:\/\/universoesportivo.net\/wp-content\/uploads\/2024\/08\/abrelivia.jpg","large":"https:\/\/universoesportivo.net\/wp-content\/uploads\/2024\/08\/abrelivia.jpg","1536x1536":"https:\/\/universoesportivo.net\/wp-content\/uploads\/2024\/08\/abrelivia.jpg","2048x2048":"https:\/\/universoesportivo.net\/wp-content\/uploads\/2024\/08\/abrelivia.jpg","trp-custom-language-flag":"https:\/\/universoesportivo.net\/wp-content\/uploads\/2024\/08\/abrelivia-16x12.jpg","colormag-highlighted-post":"https:\/\/universoesportivo.net\/wp-content\/uploads\/2024\/08\/abrelivia-392x272.jpg","colormag-featured-post-medium":"https:\/\/universoesportivo.net\/wp-content\/uploads\/2024\/08\/abrelivia-390x205.jpg","colormag-featured-post-small":"https:\/\/universoesportivo.net\/wp-content\/uploads\/2024\/08\/abrelivia-130x90.jpg","colormag-featured-image":"https:\/\/universoesportivo.net\/wp-content\/uploads\/2024\/08\/abrelivia.jpg","colormag-default-news":"https:\/\/universoesportivo.net\/wp-content\/uploads\/2024\/08\/abrelivia-150x150.jpg","colormag-featured-image-large":"https:\/\/universoesportivo.net\/wp-content\/uploads\/2024\/08\/abrelivia.jpg","colormag-elementor-block-extra-large-thumbnail":"https:\/\/universoesportivo.net\/wp-content\/uploads\/2024\/08\/abrelivia.jpg","colormag-elementor-grid-large-thumbnail":"https:\/\/universoesportivo.net\/wp-content\/uploads\/2024\/08\/abrelivia.jpg","colormag-elementor-grid-small-thumbnail":"https:\/\/universoesportivo.net\/wp-content\/uploads\/2024\/08\/abrelivia-285x300.jpg","colormag-elementor-grid-medium-large-thumbnail":"https:\/\/universoesportivo.net\/wp-content\/uploads\/2024\/08\/abrelivia-400x198.jpg"},"magazineBlocksPostAuthor":{"name":"Tiago Lotto","avatar":"https:\/\/secure.gravatar.com\/avatar\/fd6891125b3fb6ba0b794cd20c3398d5bb0fa20d2b9963a95f19470e5a6192f7?s=96&d=mm&r=g"},"magazineBlocksPostCommentsNumber":false,"magazineBlocksPostExcerpt":"Competi\u00e7\u00e3o na B\u00e9lgica \u00e9 uma das mais importantes de Europa. Atleta do interior paulista foi convocada pela Federa\u00e7\u00e3o Brasileira de Karat\u00ea.","magazineBlocksPostCategories":["Artes Marciais","ESPORTES"],"magazineBlocksPostViewCount":30,"magazineBlocksPostReadTime":2,"magazine_blocks_featured_image_url":{"full":["https:\/\/universoesportivo.net\/wp-content\/uploads\/2024\/08\/abrelivia.jpg",400,300,false],"medium":["https:\/\/universoesportivo.net\/wp-content\/uploads\/2024\/08\/abrelivia-300x225.jpg",300,225,true],"thumbnail":["https:\/\/universoesportivo.net\/wp-content\/uploads\/2024\/08\/abrelivia-150x150.jpg",150,150,true]},"magazine_blocks_author":{"display_name":"Tiago Lotto","author_link":"https:\/\/universoesportivo.net\/index.php\/author\/tiago-lotto\/"},"magazine_blocks_comment":0,"magazine_blocks_author_image":"https:\/\/secure.gravatar.com\/avatar\/fd6891125b3fb6ba0b794cd20c3398d5bb0fa20d2b9963a95f19470e5a6192f7?s=96&d=mm&r=g","magazine_blocks_category":"<a href=\"#\" class=\"category-link category-link-52\">Artes Marciais<\/a> <a href=\"#\" class=\"category-link category-link-17\">ESPORTES<\/a>","yoast_head":"<!-- This site is optimized with the Yoast SEO plugin v27.4 - https:\/\/yoast.com\/product\/yoast-seo-wordpress\/ -->\n<title>Atual campe\u00e3 brasileira de karat\u00ea, atleta de Pindorama precisa de apoio para disputar torneio na B\u00e9lgica - Universo Esportivo<\/title>\n<meta name=\"robots\" content=\"index, follow, max-snippet:-1, max-image-preview:large, max-video-preview:-1\" \/>\n<link rel=\"canonical\" href=\"https:\/\/universoesportivo.net\/index.php\/2024\/08\/06\/atual-campea-brasileira-de-karate-atleta-de-pindorama-precisa-de-apoio-para-disputar-torneio-na-belgica\/\" \/>\n<meta property=\"og:locale\" content=\"pt_BR\" \/>\n<meta property=\"og:type\" content=\"article\" \/>\n<meta property=\"og:title\" content=\"Atual campe\u00e3 brasileira de karat\u00ea, atleta de Pindorama precisa de apoio para disputar torneio na B\u00e9lgica - Universo Esportivo\" \/>\n<meta property=\"og:description\" content=\"Competi\u00e7\u00e3o na B\u00e9lgica \u00e9 uma das mais importantes de Europa. Atleta do interior paulista foi convocada pela Federa\u00e7\u00e3o Brasileira de Karat\u00ea.\" \/>\n<meta property=\"og:url\" content=\"https:\/\/universoesportivo.net\/index.php\/2024\/08\/06\/atual-campea-brasileira-de-karate-atleta-de-pindorama-precisa-de-apoio-para-disputar-torneio-na-belgica\/\" \/>\n<meta property=\"og:site_name\" content=\"Universo Esportivo\" \/>\n<meta property=\"article:publisher\" content=\"https:\/\/www.facebook.com\/universoesportivo.net\" \/>\n<meta property=\"article:published_time\" content=\"2024-08-07T00:11:43+00:00\" \/>\n<meta property=\"article:modified_time\" content=\"2024-08-07T00:53:39+00:00\" \/>\n<meta property=\"og:image\" content=\"https:\/\/universoesportivo.net\/wp-content\/uploads\/2024\/08\/abrelivia.jpg\" \/>\n\t<meta property=\"og:image:width\" content=\"400\" \/>\n\t<meta property=\"og:image:height\" content=\"300\" \/>\n\t<meta property=\"og:image:type\" content=\"image\/jpeg\" \/>\n<meta name=\"author\" content=\"Tiago Lotto\" \/>\n<meta name=\"twitter:card\" content=\"summary_large_image\" \/>\n<meta name=\"twitter:label1\" content=\"Escrito por\" \/>\n\t<meta name=\"twitter:data1\" content=\"Tiago Lotto\" \/>\n\t<meta name=\"twitter:label2\" content=\"Est. tempo de leitura\" \/>\n\t<meta name=\"twitter:data2\" content=\"3 minutos\" \/>\n<script type=\"application\/ld+json\" class=\"yoast-schema-graph\">{\"@context\":\"https:\\\/\\\/schema.org\",\"@graph\":[{\"@type\":\"Article\",\"@id\":\"https:\\\/\\\/universoesportivo.net\\\/index.php\\\/2024\\\/08\\\/06\\\/atual-campea-brasileira-de-karate-atleta-de-pindorama-precisa-de-apoio-para-disputar-torneio-na-belgica\\\/#article\",\"isPartOf\":{\"@id\":\"https:\\\/\\\/universoesportivo.net\\\/index.php\\\/2024\\\/08\\\/06\\\/atual-campea-brasileira-de-karate-atleta-de-pindorama-precisa-de-apoio-para-disputar-torneio-na-belgica\\\/\"},\"author\":{\"name\":\"Tiago Lotto\",\"@id\":\"https:\\\/\\\/universoesportivo.net\\\/#\\\/schema\\\/person\\\/62bc311bc7def56a6bc83711536e74bd\"},\"headline\":\"Atual campe\u00e3 brasileira de karat\u00ea, atleta de Pindorama precisa de apoio para disputar torneio na B\u00e9lgica\",\"datePublished\":\"2024-08-07T00:11:43+00:00\",\"dateModified\":\"2024-08-07T00:53:39+00:00\",\"mainEntityOfPage\":{\"@id\":\"https:\\\/\\\/universoesportivo.net\\\/index.php\\\/2024\\\/08\\\/06\\\/atual-campea-brasileira-de-karate-atleta-de-pindorama-precisa-de-apoio-para-disputar-torneio-na-belgica\\\/\"},\"wordCount\":409,\"publisher\":{\"@id\":\"https:\\\/\\\/universoesportivo.net\\\/#organization\"},\"image\":{\"@id\":\"https:\\\/\\\/universoesportivo.net\\\/index.php\\\/2024\\\/08\\\/06\\\/atual-campea-brasileira-de-karate-atleta-de-pindorama-precisa-de-apoio-para-disputar-torneio-na-belgica\\\/#primaryimage\"},\"thumbnailUrl\":\"https:\\\/\\\/universoesportivo.net\\\/wp-content\\\/uploads\\\/2024\\\/08\\\/abrelivia.jpg\",\"articleSection\":[\"Artes Marciais\",\"ESPORTES\"],\"inLanguage\":\"pt-BR\"},{\"@type\":\"WebPage\",\"@id\":\"https:\\\/\\\/universoesportivo.net\\\/index.php\\\/2024\\\/08\\\/06\\\/atual-campea-brasileira-de-karate-atleta-de-pindorama-precisa-de-apoio-para-disputar-torneio-na-belgica\\\/\",\"url\":\"https:\\\/\\\/universoesportivo.net\\\/index.php\\\/2024\\\/08\\\/06\\\/atual-campea-brasileira-de-karate-atleta-de-pindorama-precisa-de-apoio-para-disputar-torneio-na-belgica\\\/\",\"name\":\"Atual campe\u00e3 brasileira de karat\u00ea, atleta de Pindorama precisa de apoio para disputar torneio na B\u00e9lgica - Universo Esportivo\",\"isPartOf\":{\"@id\":\"https:\\\/\\\/universoesportivo.net\\\/#website\"},\"primaryImageOfPage\":{\"@id\":\"https:\\\/\\\/universoesportivo.net\\\/index.php\\\/2024\\\/08\\\/06\\\/atual-campea-brasileira-de-karate-atleta-de-pindorama-precisa-de-apoio-para-disputar-torneio-na-belgica\\\/#primaryimage\"},\"image\":{\"@id\":\"https:\\\/\\\/universoesportivo.net\\\/index.php\\\/2024\\\/08\\\/06\\\/atual-campea-brasileira-de-karate-atleta-de-pindorama-precisa-de-apoio-para-disputar-torneio-na-belgica\\\/#primaryimage\"},\"thumbnailUrl\":\"https:\\\/\\\/universoesportivo.net\\\/wp-content\\\/uploads\\\/2024\\\/08\\\/abrelivia.jpg\",\"datePublished\":\"2024-08-07T00:11:43+00:00\",\"dateModified\":\"2024-08-07T00:53:39+00:00\",\"breadcrumb\":{\"@id\":\"https:\\\/\\\/universoesportivo.net\\\/index.php\\\/2024\\\/08\\\/06\\\/atual-campea-brasileira-de-karate-atleta-de-pindorama-precisa-de-apoio-para-disputar-torneio-na-belgica\\\/#breadcrumb\"},\"inLanguage\":\"pt-BR\",\"potentialAction\":[{\"@type\":\"ReadAction\",\"target\":[\"https:\\\/\\\/universoesportivo.net\\\/index.php\\\/2024\\\/08\\\/06\\\/atual-campea-brasileira-de-karate-atleta-de-pindorama-precisa-de-apoio-para-disputar-torneio-na-belgica\\\/\"]}]},{\"@type\":\"ImageObject\",\"inLanguage\":\"pt-BR\",\"@id\":\"https:\\\/\\\/universoesportivo.net\\\/index.php\\\/2024\\\/08\\\/06\\\/atual-campea-brasileira-de-karate-atleta-de-pindorama-precisa-de-apoio-para-disputar-torneio-na-belgica\\\/#primaryimage\",\"url\":\"https:\\\/\\\/universoesportivo.net\\\/wp-content\\\/uploads\\\/2024\\\/08\\\/abrelivia.jpg\",\"contentUrl\":\"https:\\\/\\\/universoesportivo.net\\\/wp-content\\\/uploads\\\/2024\\\/08\\\/abrelivia.jpg\",\"width\":400,\"height\":300},{\"@type\":\"BreadcrumbList\",\"@id\":\"https:\\\/\\\/universoesportivo.net\\\/index.php\\\/2024\\\/08\\\/06\\\/atual-campea-brasileira-de-karate-atleta-de-pindorama-precisa-de-apoio-para-disputar-torneio-na-belgica\\\/#breadcrumb\",\"itemListElement\":[{\"@type\":\"ListItem\",\"position\":1,\"name\":\"In\u00edcio\",\"item\":\"https:\\\/\\\/universoesportivo.net\\\/\"},{\"@type\":\"ListItem\",\"position\":2,\"name\":\"Atual campe\u00e3 brasileira de karat\u00ea, atleta de Pindorama precisa de apoio para disputar torneio na B\u00e9lgica\"}]},{\"@type\":\"WebSite\",\"@id\":\"https:\\\/\\\/universoesportivo.net\\\/#website\",\"url\":\"https:\\\/\\\/universoesportivo.net\\\/\",\"name\":\"Universo Esportivo\",\"description\":\"O portal de todas as modalidades esportivas!\",\"publisher\":{\"@id\":\"https:\\\/\\\/universoesportivo.net\\\/#organization\"},\"alternateName\":\"Jornalista Tiago Contador Lotto\",\"potentialAction\":[{\"@type\":\"SearchAction\",\"target\":{\"@type\":\"EntryPoint\",\"urlTemplate\":\"https:\\\/\\\/universoesportivo.net\\\/?s={search_term_string}\"},\"query-input\":{\"@type\":\"PropertyValueSpecification\",\"valueRequired\":true,\"valueName\":\"search_term_string\"}}],\"inLanguage\":\"pt-BR\"},{\"@type\":\"Organization\",\"@id\":\"https:\\\/\\\/universoesportivo.net\\\/#organization\",\"name\":\"Universo Esportivo\",\"alternateName\":\"Tiago Lotto\",\"url\":\"https:\\\/\\\/universoesportivo.net\\\/\",\"logo\":{\"@type\":\"ImageObject\",\"inLanguage\":\"pt-BR\",\"@id\":\"https:\\\/\\\/universoesportivo.net\\\/#\\\/schema\\\/logo\\\/image\\\/\",\"url\":\"https:\\\/\\\/universoesportivo.net\\\/wp-content\\\/uploads\\\/2024\\\/05\\\/cropped-cropped-universo-6.png\",\"contentUrl\":\"https:\\\/\\\/universoesportivo.net\\\/wp-content\\\/uploads\\\/2024\\\/05\\\/cropped-cropped-universo-6.png\",\"width\":413,\"height\":295,\"caption\":\"Universo Esportivo\"},\"image\":{\"@id\":\"https:\\\/\\\/universoesportivo.net\\\/#\\\/schema\\\/logo\\\/image\\\/\"},\"sameAs\":[\"https:\\\/\\\/www.facebook.com\\\/universoesportivo.net\"]},{\"@type\":\"Person\",\"@id\":\"https:\\\/\\\/universoesportivo.net\\\/#\\\/schema\\\/person\\\/62bc311bc7def56a6bc83711536e74bd\",\"name\":\"Tiago Lotto\",\"image\":{\"@type\":\"ImageObject\",\"inLanguage\":\"pt-BR\",\"@id\":\"https:\\\/\\\/secure.gravatar.com\\\/avatar\\\/fd6891125b3fb6ba0b794cd20c3398d5bb0fa20d2b9963a95f19470e5a6192f7?s=96&d=mm&r=g\",\"url\":\"https:\\\/\\\/secure.gravatar.com\\\/avatar\\\/fd6891125b3fb6ba0b794cd20c3398d5bb0fa20d2b9963a95f19470e5a6192f7?s=96&d=mm&r=g\",\"contentUrl\":\"https:\\\/\\\/secure.gravatar.com\\\/avatar\\\/fd6891125b3fb6ba0b794cd20c3398d5bb0fa20d2b9963a95f19470e5a6192f7?s=96&d=mm&r=g\",\"caption\":\"Tiago Lotto\"},\"url\":\"https:\\\/\\\/universoesportivo.net\\\/index.php\\\/author\\\/tiago-lotto\\\/\"}]}<\/script>\n<!-- \/ Yoast SEO plugin. -->","yoast_head_json":{"title":"Atual campe\u00e3 brasileira de karat\u00ea, atleta de Pindorama precisa de apoio para disputar torneio na B\u00e9lgica - Universo Esportivo","robots":{"index":"index","follow":"follow","max-snippet":"max-snippet:-1","max-image-preview":"max-image-preview:large","max-video-preview":"max-video-preview:-1"},"canonical":"https:\/\/universoesportivo.net\/index.php\/2024\/08\/06\/atual-campea-brasileira-de-karate-atleta-de-pindorama-precisa-de-apoio-para-disputar-torneio-na-belgica\/","og_locale":"pt_BR","og_type":"article","og_title":"Atual campe\u00e3 brasileira de karat\u00ea, atleta de Pindorama precisa de apoio para disputar torneio na B\u00e9lgica - Universo Esportivo","og_description":"Competi\u00e7\u00e3o na B\u00e9lgica \u00e9 uma das mais importantes de Europa. Atleta do interior paulista foi convocada pela Federa\u00e7\u00e3o Brasileira de Karat\u00ea.","og_url":"https:\/\/universoesportivo.net\/index.php\/2024\/08\/06\/atual-campea-brasileira-de-karate-atleta-de-pindorama-precisa-de-apoio-para-disputar-torneio-na-belgica\/","og_site_name":"Universo Esportivo","article_publisher":"https:\/\/www.facebook.com\/universoesportivo.net","article_published_time":"2024-08-07T00:11:43+00:00","article_modified_time":"2024-08-07T00:53:39+00:00","og_image":[{"width":400,"height":300,"url":"https:\/\/universoesportivo.net\/wp-content\/uploads\/2024\/08\/abrelivia.jpg","type":"image\/jpeg"}],"author":"Tiago Lotto","twitter_card":"summary_large_image","twitter_misc":{"Escrito por":"Tiago Lotto","Est. tempo de leitura":"3 minutos"},"schema":{"@context":"https:\/\/schema.org","@graph":[{"@type":"Article","@id":"https:\/\/universoesportivo.net\/index.php\/2024\/08\/06\/atual-campea-brasileira-de-karate-atleta-de-pindorama-precisa-de-apoio-para-disputar-torneio-na-belgica\/#article","isPartOf":{"@id":"https:\/\/universoesportivo.net\/index.php\/2024\/08\/06\/atual-campea-brasileira-de-karate-atleta-de-pindorama-precisa-de-apoio-para-disputar-torneio-na-belgica\/"},"author":{"name":"Tiago Lotto","@id":"https:\/\/universoesportivo.net\/#\/schema\/person\/62bc311bc7def56a6bc83711536e74bd"},"headline":"Atual campe\u00e3 brasileira de karat\u00ea, atleta de Pindorama precisa de apoio para disputar torneio na B\u00e9lgica","datePublished":"2024-08-07T00:11:43+00:00","dateModified":"2024-08-07T00:53:39+00:00","mainEntityOfPage":{"@id":"https:\/\/universoesportivo.net\/index.php\/2024\/08\/06\/atual-campea-brasileira-de-karate-atleta-de-pindorama-precisa-de-apoio-para-disputar-torneio-na-belgica\/"},"wordCount":409,"publisher":{"@id":"https:\/\/universoesportivo.net\/#organization"},"image":{"@id":"https:\/\/universoesportivo.net\/index.php\/2024\/08\/06\/atual-campea-brasileira-de-karate-atleta-de-pindorama-precisa-de-apoio-para-disputar-torneio-na-belgica\/#primaryimage"},"thumbnailUrl":"https:\/\/universoesportivo.net\/wp-content\/uploads\/2024\/08\/abrelivia.jpg","articleSection":["Artes Marciais","ESPORTES"],"inLanguage":"pt-BR"},{"@type":"WebPage","@id":"https:\/\/universoesportivo.net\/index.php\/2024\/08\/06\/atual-campea-brasileira-de-karate-atleta-de-pindorama-precisa-de-apoio-para-disputar-torneio-na-belgica\/","url":"https:\/\/universoesportivo.net\/index.php\/2024\/08\/06\/atual-campea-brasileira-de-karate-atleta-de-pindorama-precisa-de-apoio-para-disputar-torneio-na-belgica\/","name":"Atual campe\u00e3 brasileira de karat\u00ea, atleta de Pindorama precisa de apoio para disputar torneio na B\u00e9lgica - Universo Esportivo","isPartOf":{"@id":"https:\/\/universoesportivo.net\/#website"},"primaryImageOfPage":{"@id":"https:\/\/universoesportivo.net\/index.php\/2024\/08\/06\/atual-campea-brasileira-de-karate-atleta-de-pindorama-precisa-de-apoio-para-disputar-torneio-na-belgica\/#primaryimage"},"image":{"@id":"https:\/\/universoesportivo.net\/index.php\/2024\/08\/06\/atual-campea-brasileira-de-karate-atleta-de-pindorama-precisa-de-apoio-para-disputar-torneio-na-belgica\/#primaryimage"},"thumbnailUrl":"https:\/\/universoesportivo.net\/wp-content\/uploads\/2024\/08\/abrelivia.jpg","datePublished":"2024-08-07T00:11:43+00:00","dateModified":"2024-08-07T00:53:39+00:00","breadcrumb":{"@id":"https:\/\/universoesportivo.net\/index.php\/2024\/08\/06\/atual-campea-brasileira-de-karate-atleta-de-pindorama-precisa-de-apoio-para-disputar-torneio-na-belgica\/#breadcrumb"},"inLanguage":"pt-BR","potentialAction":[{"@type":"ReadAction","target":["https:\/\/universoesportivo.net\/index.php\/2024\/08\/06\/atual-campea-brasileira-de-karate-atleta-de-pindorama-precisa-de-apoio-para-disputar-torneio-na-belgica\/"]}]},{"@type":"ImageObject","inLanguage":"pt-BR","@id":"https:\/\/universoesportivo.net\/index.php\/2024\/08\/06\/atual-campea-brasileira-de-karate-atleta-de-pindorama-precisa-de-apoio-para-disputar-torneio-na-belgica\/#primaryimage","url":"https:\/\/universoesportivo.net\/wp-content\/uploads\/2024\/08\/abrelivia.jpg","contentUrl":"https:\/\/universoesportivo.net\/wp-content\/uploads\/2024\/08\/abrelivia.jpg","width":400,"height":300},{"@type":"BreadcrumbList","@id":"https:\/\/universoesportivo.net\/index.php\/2024\/08\/06\/atual-campea-brasileira-de-karate-atleta-de-pindorama-precisa-de-apoio-para-disputar-torneio-na-belgica\/#breadcrumb","itemListElement":[{"@type":"ListItem","position":1,"name":"In\u00edcio","item":"https:\/\/universoesportivo.net\/"},{"@type":"ListItem","position":2,"name":"Atual campe\u00e3 brasileira de karat\u00ea, atleta de Pindorama precisa de apoio para disputar torneio na B\u00e9lgica"}]},{"@type":"WebSite","@id":"https:\/\/universoesportivo.net\/#website","url":"https:\/\/universoesportivo.net\/","name":"Universo Esportivo","description":"O portal de todas as modalidades esportivas!","publisher":{"@id":"https:\/\/universoesportivo.net\/#organization"},"alternateName":"Jornalista Tiago Contador Lotto","potentialAction":[{"@type":"SearchAction","target":{"@type":"EntryPoint","urlTemplate":"https:\/\/universoesportivo.net\/?s={search_term_string}"},"query-input":{"@type":"PropertyValueSpecification","valueRequired":true,"valueName":"search_term_string"}}],"inLanguage":"pt-BR"},{"@type":"Organization","@id":"https:\/\/universoesportivo.net\/#organization","name":"Universo Esportivo","alternateName":"Tiago Lotto","url":"https:\/\/universoesportivo.net\/","logo":{"@type":"ImageObject","inLanguage":"pt-BR","@id":"https:\/\/universoesportivo.net\/#\/schema\/logo\/image\/","url":"https:\/\/universoesportivo.net\/wp-content\/uploads\/2024\/05\/cropped-cropped-universo-6.png","contentUrl":"https:\/\/universoesportivo.net\/wp-content\/uploads\/2024\/05\/cropped-cropped-universo-6.png","width":413,"height":295,"caption":"Universo Esportivo"},"image":{"@id":"https:\/\/universoesportivo.net\/#\/schema\/logo\/image\/"},"sameAs":["https:\/\/www.facebook.com\/universoesportivo.net"]},{"@type":"Person","@id":"https:\/\/universoesportivo.net\/#\/schema\/person\/62bc311bc7def56a6bc83711536e74bd","name":"Tiago Lotto","image":{"@type":"ImageObject","inLanguage":"pt-BR","@id":"https:\/\/secure.gravatar.com\/avatar\/fd6891125b3fb6ba0b794cd20c3398d5bb0fa20d2b9963a95f19470e5a6192f7?s=96&d=mm&r=g","url":"https:\/\/secure.gravatar.com\/avatar\/fd6891125b3fb6ba0b794cd20c3398d5bb0fa20d2b9963a95f19470e5a6192f7?s=96&d=mm&r=g","contentUrl":"https:\/\/secure.gravatar.com\/avatar\/fd6891125b3fb6ba0b794cd20c3398d5bb0fa20d2b9963a95f19470e5a6192f7?s=96&d=mm&r=g","caption":"Tiago Lotto"},"url":"https:\/\/universoesportivo.net\/index.php\/author\/tiago-lotto\/"}]}},"jetpack_featured_media_url":"https:\/\/universoesportivo.net\/wp-content\/uploads\/2024\/08\/abrelivia.jpg","_links":{"self":[{"href":"https:\/\/universoesportivo.net\/index.php\/wp-json\/wp\/v2\/posts\/1538","targetHints":{"allow":["GET"]}}],"collection":[{"href":"https:\/\/universoesportivo.net\/index.php\/wp-json\/wp\/v2\/posts"}],"about":[{"href":"https:\/\/universoesportivo.net\/index.php\/wp-json\/wp\/v2\/types\/post"}],"author":[{"embeddable":true,"href":"https:\/\/universoesportivo.net\/index.php\/wp-json\/wp\/v2\/users\/2"}],"replies":[{"embeddable":true,"href":"https:\/\/universoesportivo.net\/index.php\/wp-json\/wp\/v2\/comments?post=1538"}],"version-history":[{"count":2,"href":"https:\/\/universoesportivo.net\/index.php\/wp-json\/wp\/v2\/posts\/1538\/revisions"}],"predecessor-version":[{"id":1543,"href":"https:\/\/universoesportivo.net\/index.php\/wp-json\/wp\/v2\/posts\/1538\/revisions\/1543"}],"wp:featuredmedia":[{"embeddable":true,"href":"https:\/\/universoesportivo.net\/index.php\/wp-json\/wp\/v2\/media\/1539"}],"wp:attachment":[{"href":"https:\/\/universoesportivo.net\/index.php\/wp-json\/wp\/v2\/media?parent=1538"}],"wp:term":[{"taxonomy":"category","embeddable":true,"href":"https:\/\/universoesportivo.net\/index.php\/wp-json\/wp\/v2\/categories?post=1538"},{"taxonomy":"post_tag","embeddable":true,"href":"https:\/\/universoesportivo.net\/index.php\/wp-json\/wp\/v2\/tags?post=1538"}],"curies":[{"name":"wp","href":"https:\/\/api.w.org\/{rel}","templated":true}]}}