{"id":1551,"date":"2024-08-10T16:55:35","date_gmt":"2024-08-10T19:55:35","guid":{"rendered":"https:\/\/universoesportivo.net\/?p=1551"},"modified":"2024-08-10T23:46:57","modified_gmt":"2024-08-11T02:46:57","slug":"tecnico-comandou-tres-filhos-nos-jogos-regionais-e-volei-de-birigui-ganhou-medalha-de-ouro","status":"publish","type":"post","link":"https:\/\/universoesportivo.net\/index.php\/2024\/08\/10\/tecnico-comandou-tres-filhos-nos-jogos-regionais-e-volei-de-birigui-ganhou-medalha-de-ouro\/","title":{"rendered":"T\u00e9cnico comandou tr\u00eas filhos nos Jogos Regionais e v\u00f4lei de Birigui ganhou medalha de ouro"},"content":{"rendered":"\n<p class=\"has-medium-font-size\">O v\u00f4lei masculino de Birigui conquistou medalha de ouro nos Jogos Regionais 2024 e quatro integrantes da mesma fam\u00edlia fizeram parte do elenco. A fam\u00edlia biriguiense Cardoso contou com pai (e t\u00e9cnico) e tr\u00eas irm\u00e3os no time.<\/p>\n\n\n\n<p class=\"has-medium-font-size\">Birigui competiu na 6\u00aa Regi\u00e3o Desportiva do Estado de S\u00e3o Paulo. Os jogos foram em Ara\u00e7atuba, de 17 a 27 de julho. A final, ou seja, a disputa da medalha de ouro, foi contra o time da casa. Birigui e Ara\u00e7atuba chegaram invictos na decis\u00e3o e Birigui venceu por 3 sets a 2.<\/p>\n\n\n\n<p class=\"has-medium-font-size\">Fizeram parte do time campe\u00e3o os irm\u00e3os Gilmarcio (31 anos), Leonardo (27) e Victor (25), Renato, Jonathan, Ot\u00e1vio, Marc\u00e3o, Gabriel R\u00fassian, Marcos, Jeferson, Alan, Danilo Ribeiro, Luis Henrique e Carlos Henrique. O time tem como t\u00e9cnico o professor de v\u00f4lei da Prefeitura de Birigui, Gilmar Cardoso, e o auxiliar t\u00e9cnico Adilson Sposo.<\/p>\n\n\n\n<p class=\"has-medium-font-size\">\u201cO v\u00f4lei masculino de Birigui n\u00e3o vencia os Jogos Regionais h\u00e1 23 anos. Que honra e alegria conquistar a medalha de ouro e, ainda, contar com meus tr\u00eas filhos em quadra\u201d, disse o t\u00e9cnico Gilmar, de 54 anos.<\/p>\n\n\n\n<p class=\"has-medium-font-size\">Nos Jogos Regionais de 2014, na cidade de Pen\u00e1polis, Gilmar, com 44 anos na \u00e9poca, disputou a competi\u00e7\u00e3o como atleta e jogou ao lado dos filhos Gilmarcio e Victor.<\/p>\n\n\n\n<p class=\"has-medium-font-size\">\u201cO \u2018quarteto\u2019 junto, na mesma competi\u00e7\u00e3o, foi a primeira vez. E ainda bem que foi com t\u00edtulo\u201d, disse o t\u00e9cnico \u00e0 reportagem do site Universo Esportivo.<\/p>\n\n\n\n<p class=\"has-medium-font-size\"><strong>FAM\u00cdLIA QUE RESPIRA V\u00d4LEI<\/strong><\/p>\n\n\n\n<p class=\"has-medium-font-size\">Desde jovem, Gilmar Cardoso tem um amor pelo v\u00f4lei. Ele foi atleta profissional e defendeu times do Mato Grosso do Sul, Paran\u00e1 e S\u00e3o Paulo. Jogava como ponteiro.<\/p>\n\n\n\n<p class=\"has-medium-font-size\">Depois de encerrar a carreira de atleta, em Birigui, fez todos os cursos para ser t\u00e9cnico. Ap\u00f3s ser aprovado em concurso, passou a ser t\u00e9cnico de v\u00f4lei da Prefeitura de Birigui, seu emprego atual.<\/p>\n\n\n\n<p class=\"has-medium-font-size\">Seus tr\u00eas filhos seguiram a carreira do pai e, por incr\u00edvel que pare\u00e7a, na mesma posi\u00e7\u00e3o: s\u00e3o ponteiros. Dois deles foram atletas profissionais (Gilmarcio e Leonardo) e o mais novo, Victor, ainda joga. Atualmente est\u00e1 no Galatasaray, da Turquia.<\/p>\n\n\n\n<p class=\"has-medium-font-size\">Conhecido como Victor Birigui, o ponteiro tamb\u00e9m j\u00e1 jogou na Fran\u00e7a e na It\u00e1lia. No Brasil, seu principal time foi o Sesi\/SP. Passou por todas as categorias de base da sele\u00e7\u00e3o brasileira de v\u00f4lei, at\u00e9 ser convocado para a sele\u00e7\u00e3o principal.<\/p>\n\n\n\n<p class=\"has-medium-font-size\">Texto: Tiago Lotto \/ Fotos: Divulga\u00e7\u00e3o<\/p>\n\n\n\n<p>Na foto abaixo, os irm\u00e3os Gilmarcio, Leonardo e Victor.<\/p>\n\n\n\n<figure class=\"wp-block-image\"><img fetchpriority=\"high\" decoding=\"async\" width=\"288\" height=\"384\" src=\"https:\/\/universoesportivo.net\/wp-content\/uploads\/2024\/08\/abreirmaos.jpg\" alt=\"\" class=\"wp-image-1556\" srcset=\"https:\/\/universoesportivo.net\/wp-content\/uploads\/2024\/08\/abreirmaos.jpg 288w, https:\/\/universoesportivo.net\/wp-content\/uploads\/2024\/08\/abreirmaos-225x300.jpg 225w, https:\/\/universoesportivo.net\/wp-content\/uploads\/2024\/08\/abreirmaos-9x12.jpg 9w\" sizes=\"(max-width: 288px) 100vw, 288px\" \/><\/figure>\n\n\n\n<figure class=\"wp-block-image\"><img decoding=\"async\" width=\"380\" height=\"224\" src=\"https:\/\/universoesportivo.net\/wp-content\/uploads\/2024\/08\/abrebiri2.jpg\" alt=\"\" class=\"wp-image-1553\" srcset=\"https:\/\/universoesportivo.net\/wp-content\/uploads\/2024\/08\/abrebiri2.jpg 380w, https:\/\/universoesportivo.net\/wp-content\/uploads\/2024\/08\/abrebiri2-300x177.jpg 300w, https:\/\/universoesportivo.net\/wp-content\/uploads\/2024\/08\/abrebiri2-18x12.jpg 18w\" sizes=\"(max-width: 380px) 100vw, 380px\" \/><\/figure>\n","protected":false},"excerpt":{"rendered":"<p>Gilmarcio, Leonardo e Victor s\u00e3o irm\u00e3os e jogam como ponteiros. O pai, Gilmar, \u00e9 t\u00e9cnico do time de Birigui e tamb\u00e9m foi atleta profissional. O quarteto atuou pela primeira vez juntos.<\/p>\n","protected":false},"author":2,"featured_media":1552,"comment_status":"closed","ping_status":"closed","sticky":false,"template":"","format":"standard","meta":{"colormag_page_container_layout":"default_layout","colormag_page_sidebar_layout":"default_layout","footnotes":""},"categories":[17,44],"tags":[],"class_list":["post-1551","post","type-post","status-publish","format-standard","has-post-thumbnail","hentry","category-esportes","category-volei"],"magazineBlocksPostFeaturedMedia":{"thumbnail":"https:\/\/universoesportivo.net\/wp-content\/uploads\/2024\/08\/abrevoleibiri-150x150.jpg","medium":"https:\/\/universoesportivo.net\/wp-content\/uploads\/2024\/08\/abrevoleibiri-300x157.jpg","medium_large":"https:\/\/universoesportivo.net\/wp-content\/uploads\/2024\/08\/abrevoleibiri.jpg","large":"https:\/\/universoesportivo.net\/wp-content\/uploads\/2024\/08\/abrevoleibiri.jpg","1536x1536":"https:\/\/universoesportivo.net\/wp-content\/uploads\/2024\/08\/abrevoleibiri.jpg","2048x2048":"https:\/\/universoesportivo.net\/wp-content\/uploads\/2024\/08\/abrevoleibiri.jpg","trp-custom-language-flag":"https:\/\/universoesportivo.net\/wp-content\/uploads\/2024\/08\/abrevoleibiri-18x9.jpg","colormag-highlighted-post":"https:\/\/universoesportivo.net\/wp-content\/uploads\/2024\/08\/abrevoleibiri-392x233.jpg","colormag-featured-post-medium":"https:\/\/universoesportivo.net\/wp-content\/uploads\/2024\/08\/abrevoleibiri-390x205.jpg","colormag-featured-post-small":"https:\/\/universoesportivo.net\/wp-content\/uploads\/2024\/08\/abrevoleibiri-130x90.jpg","colormag-featured-image":"https:\/\/universoesportivo.net\/wp-content\/uploads\/2024\/08\/abrevoleibiri.jpg","colormag-default-news":"https:\/\/universoesportivo.net\/wp-content\/uploads\/2024\/08\/abrevoleibiri-150x150.jpg","colormag-featured-image-large":"https:\/\/universoesportivo.net\/wp-content\/uploads\/2024\/08\/abrevoleibiri.jpg","colormag-elementor-block-extra-large-thumbnail":"https:\/\/universoesportivo.net\/wp-content\/uploads\/2024\/08\/abrevoleibiri.jpg","colormag-elementor-grid-large-thumbnail":"https:\/\/universoesportivo.net\/wp-content\/uploads\/2024\/08\/abrevoleibiri.jpg","colormag-elementor-grid-small-thumbnail":"https:\/\/universoesportivo.net\/wp-content\/uploads\/2024\/08\/abrevoleibiri-285x233.jpg","colormag-elementor-grid-medium-large-thumbnail":"https:\/\/universoesportivo.net\/wp-content\/uploads\/2024\/08\/abrevoleibiri-446x198.jpg"},"magazineBlocksPostAuthor":{"name":"Tiago Lotto","avatar":"https:\/\/secure.gravatar.com\/avatar\/fd6891125b3fb6ba0b794cd20c3398d5bb0fa20d2b9963a95f19470e5a6192f7?s=96&d=mm&r=g"},"magazineBlocksPostCommentsNumber":false,"magazineBlocksPostExcerpt":"Gilmarcio, Leonardo e Victor s\u00e3o irm\u00e3os e jogam como ponteiros. O pai, Gilmar, \u00e9 t\u00e9cnico do time de Birigui e tamb\u00e9m foi atleta profissional. O quarteto atuou pela primeira vez juntos.","magazineBlocksPostCategories":["ESPORTES","Vol\u00eai"],"magazineBlocksPostViewCount":47,"magazineBlocksPostReadTime":3,"magazine_blocks_featured_image_url":{"full":["https:\/\/universoesportivo.net\/wp-content\/uploads\/2024\/08\/abrevoleibiri.jpg",446,233,false],"medium":["https:\/\/universoesportivo.net\/wp-content\/uploads\/2024\/08\/abrevoleibiri-300x157.jpg",300,157,true],"thumbnail":["https:\/\/universoesportivo.net\/wp-content\/uploads\/2024\/08\/abrevoleibiri-150x150.jpg",150,150,true]},"magazine_blocks_author":{"display_name":"Tiago Lotto","author_link":"https:\/\/universoesportivo.net\/index.php\/author\/tiago-lotto\/"},"magazine_blocks_comment":0,"magazine_blocks_author_image":"https:\/\/secure.gravatar.com\/avatar\/fd6891125b3fb6ba0b794cd20c3398d5bb0fa20d2b9963a95f19470e5a6192f7?s=96&d=mm&r=g","magazine_blocks_category":"<a href=\"#\" class=\"category-link category-link-17\">ESPORTES<\/a> <a href=\"#\" class=\"category-link category-link-44\">Vol\u00eai<\/a>","yoast_head":"<!-- This site is optimized with the Yoast SEO plugin v27.4 - https:\/\/yoast.com\/product\/yoast-seo-wordpress\/ -->\n<title>T\u00e9cnico comandou tr\u00eas filhos nos Jogos Regionais e v\u00f4lei de Birigui ganhou medalha de ouro - Universo Esportivo<\/title>\n<meta name=\"robots\" content=\"index, follow, max-snippet:-1, max-image-preview:large, max-video-preview:-1\" \/>\n<link rel=\"canonical\" href=\"https:\/\/universoesportivo.net\/index.php\/2024\/08\/10\/tecnico-comandou-tres-filhos-nos-jogos-regionais-e-volei-de-birigui-ganhou-medalha-de-ouro\/\" \/>\n<meta property=\"og:locale\" content=\"pt_BR\" \/>\n<meta property=\"og:type\" content=\"article\" \/>\n<meta property=\"og:title\" content=\"T\u00e9cnico comandou tr\u00eas filhos nos Jogos Regionais e v\u00f4lei de Birigui ganhou medalha de ouro - Universo Esportivo\" \/>\n<meta property=\"og:description\" content=\"Gilmarcio, Leonardo e Victor s\u00e3o irm\u00e3os e jogam como ponteiros. O pai, Gilmar, \u00e9 t\u00e9cnico do time de Birigui e tamb\u00e9m foi atleta profissional. O quarteto atuou pela primeira vez juntos.\" \/>\n<meta property=\"og:url\" content=\"https:\/\/universoesportivo.net\/index.php\/2024\/08\/10\/tecnico-comandou-tres-filhos-nos-jogos-regionais-e-volei-de-birigui-ganhou-medalha-de-ouro\/\" \/>\n<meta property=\"og:site_name\" content=\"Universo Esportivo\" \/>\n<meta property=\"article:publisher\" content=\"https:\/\/www.facebook.com\/universoesportivo.net\" \/>\n<meta property=\"article:published_time\" content=\"2024-08-10T19:55:35+00:00\" \/>\n<meta property=\"article:modified_time\" content=\"2024-08-11T02:46:57+00:00\" \/>\n<meta property=\"og:image\" content=\"https:\/\/universoesportivo.net\/wp-content\/uploads\/2024\/08\/abrevoleibiri.jpg\" \/>\n\t<meta property=\"og:image:width\" content=\"446\" \/>\n\t<meta property=\"og:image:height\" content=\"233\" \/>\n\t<meta property=\"og:image:type\" content=\"image\/jpeg\" \/>\n<meta name=\"author\" content=\"Tiago Lotto\" \/>\n<meta name=\"twitter:card\" content=\"summary_large_image\" \/>\n<meta name=\"twitter:label1\" content=\"Escrito por\" \/>\n\t<meta name=\"twitter:data1\" content=\"Tiago Lotto\" \/>\n\t<meta name=\"twitter:label2\" content=\"Est. tempo de leitura\" \/>\n\t<meta name=\"twitter:data2\" content=\"3 minutos\" \/>\n<script type=\"application\/ld+json\" class=\"yoast-schema-graph\">{\"@context\":\"https:\\\/\\\/schema.org\",\"@graph\":[{\"@type\":\"Article\",\"@id\":\"https:\\\/\\\/universoesportivo.net\\\/index.php\\\/2024\\\/08\\\/10\\\/tecnico-comandou-tres-filhos-nos-jogos-regionais-e-volei-de-birigui-ganhou-medalha-de-ouro\\\/#article\",\"isPartOf\":{\"@id\":\"https:\\\/\\\/universoesportivo.net\\\/index.php\\\/2024\\\/08\\\/10\\\/tecnico-comandou-tres-filhos-nos-jogos-regionais-e-volei-de-birigui-ganhou-medalha-de-ouro\\\/\"},\"author\":{\"name\":\"Tiago Lotto\",\"@id\":\"https:\\\/\\\/universoesportivo.net\\\/#\\\/schema\\\/person\\\/62bc311bc7def56a6bc83711536e74bd\"},\"headline\":\"T\u00e9cnico comandou tr\u00eas filhos nos Jogos Regionais e v\u00f4lei de Birigui ganhou medalha de ouro\",\"datePublished\":\"2024-08-10T19:55:35+00:00\",\"dateModified\":\"2024-08-11T02:46:57+00:00\",\"mainEntityOfPage\":{\"@id\":\"https:\\\/\\\/universoesportivo.net\\\/index.php\\\/2024\\\/08\\\/10\\\/tecnico-comandou-tres-filhos-nos-jogos-regionais-e-volei-de-birigui-ganhou-medalha-de-ouro\\\/\"},\"wordCount\":449,\"publisher\":{\"@id\":\"https:\\\/\\\/universoesportivo.net\\\/#organization\"},\"image\":{\"@id\":\"https:\\\/\\\/universoesportivo.net\\\/index.php\\\/2024\\\/08\\\/10\\\/tecnico-comandou-tres-filhos-nos-jogos-regionais-e-volei-de-birigui-ganhou-medalha-de-ouro\\\/#primaryimage\"},\"thumbnailUrl\":\"https:\\\/\\\/universoesportivo.net\\\/wp-content\\\/uploads\\\/2024\\\/08\\\/abrevoleibiri.jpg\",\"articleSection\":[\"ESPORTES\",\"Vol\u00eai\"],\"inLanguage\":\"pt-BR\"},{\"@type\":\"WebPage\",\"@id\":\"https:\\\/\\\/universoesportivo.net\\\/index.php\\\/2024\\\/08\\\/10\\\/tecnico-comandou-tres-filhos-nos-jogos-regionais-e-volei-de-birigui-ganhou-medalha-de-ouro\\\/\",\"url\":\"https:\\\/\\\/universoesportivo.net\\\/index.php\\\/2024\\\/08\\\/10\\\/tecnico-comandou-tres-filhos-nos-jogos-regionais-e-volei-de-birigui-ganhou-medalha-de-ouro\\\/\",\"name\":\"T\u00e9cnico comandou tr\u00eas filhos nos Jogos Regionais e v\u00f4lei de Birigui ganhou medalha de ouro - Universo Esportivo\",\"isPartOf\":{\"@id\":\"https:\\\/\\\/universoesportivo.net\\\/#website\"},\"primaryImageOfPage\":{\"@id\":\"https:\\\/\\\/universoesportivo.net\\\/index.php\\\/2024\\\/08\\\/10\\\/tecnico-comandou-tres-filhos-nos-jogos-regionais-e-volei-de-birigui-ganhou-medalha-de-ouro\\\/#primaryimage\"},\"image\":{\"@id\":\"https:\\\/\\\/universoesportivo.net\\\/index.php\\\/2024\\\/08\\\/10\\\/tecnico-comandou-tres-filhos-nos-jogos-regionais-e-volei-de-birigui-ganhou-medalha-de-ouro\\\/#primaryimage\"},\"thumbnailUrl\":\"https:\\\/\\\/universoesportivo.net\\\/wp-content\\\/uploads\\\/2024\\\/08\\\/abrevoleibiri.jpg\",\"datePublished\":\"2024-08-10T19:55:35+00:00\",\"dateModified\":\"2024-08-11T02:46:57+00:00\",\"breadcrumb\":{\"@id\":\"https:\\\/\\\/universoesportivo.net\\\/index.php\\\/2024\\\/08\\\/10\\\/tecnico-comandou-tres-filhos-nos-jogos-regionais-e-volei-de-birigui-ganhou-medalha-de-ouro\\\/#breadcrumb\"},\"inLanguage\":\"pt-BR\",\"potentialAction\":[{\"@type\":\"ReadAction\",\"target\":[\"https:\\\/\\\/universoesportivo.net\\\/index.php\\\/2024\\\/08\\\/10\\\/tecnico-comandou-tres-filhos-nos-jogos-regionais-e-volei-de-birigui-ganhou-medalha-de-ouro\\\/\"]}]},{\"@type\":\"ImageObject\",\"inLanguage\":\"pt-BR\",\"@id\":\"https:\\\/\\\/universoesportivo.net\\\/index.php\\\/2024\\\/08\\\/10\\\/tecnico-comandou-tres-filhos-nos-jogos-regionais-e-volei-de-birigui-ganhou-medalha-de-ouro\\\/#primaryimage\",\"url\":\"https:\\\/\\\/universoesportivo.net\\\/wp-content\\\/uploads\\\/2024\\\/08\\\/abrevoleibiri.jpg\",\"contentUrl\":\"https:\\\/\\\/universoesportivo.net\\\/wp-content\\\/uploads\\\/2024\\\/08\\\/abrevoleibiri.jpg\",\"width\":446,\"height\":233},{\"@type\":\"BreadcrumbList\",\"@id\":\"https:\\\/\\\/universoesportivo.net\\\/index.php\\\/2024\\\/08\\\/10\\\/tecnico-comandou-tres-filhos-nos-jogos-regionais-e-volei-de-birigui-ganhou-medalha-de-ouro\\\/#breadcrumb\",\"itemListElement\":[{\"@type\":\"ListItem\",\"position\":1,\"name\":\"In\u00edcio\",\"item\":\"https:\\\/\\\/universoesportivo.net\\\/\"},{\"@type\":\"ListItem\",\"position\":2,\"name\":\"T\u00e9cnico comandou tr\u00eas filhos nos Jogos Regionais e v\u00f4lei de Birigui ganhou medalha de ouro\"}]},{\"@type\":\"WebSite\",\"@id\":\"https:\\\/\\\/universoesportivo.net\\\/#website\",\"url\":\"https:\\\/\\\/universoesportivo.net\\\/\",\"name\":\"Universo Esportivo\",\"description\":\"O portal de todas as modalidades esportivas!\",\"publisher\":{\"@id\":\"https:\\\/\\\/universoesportivo.net\\\/#organization\"},\"alternateName\":\"Jornalista Tiago Contador Lotto\",\"potentialAction\":[{\"@type\":\"SearchAction\",\"target\":{\"@type\":\"EntryPoint\",\"urlTemplate\":\"https:\\\/\\\/universoesportivo.net\\\/?s={search_term_string}\"},\"query-input\":{\"@type\":\"PropertyValueSpecification\",\"valueRequired\":true,\"valueName\":\"search_term_string\"}}],\"inLanguage\":\"pt-BR\"},{\"@type\":\"Organization\",\"@id\":\"https:\\\/\\\/universoesportivo.net\\\/#organization\",\"name\":\"Universo Esportivo\",\"alternateName\":\"Tiago Lotto\",\"url\":\"https:\\\/\\\/universoesportivo.net\\\/\",\"logo\":{\"@type\":\"ImageObject\",\"inLanguage\":\"pt-BR\",\"@id\":\"https:\\\/\\\/universoesportivo.net\\\/#\\\/schema\\\/logo\\\/image\\\/\",\"url\":\"https:\\\/\\\/universoesportivo.net\\\/wp-content\\\/uploads\\\/2024\\\/05\\\/cropped-cropped-universo-6.png\",\"contentUrl\":\"https:\\\/\\\/universoesportivo.net\\\/wp-content\\\/uploads\\\/2024\\\/05\\\/cropped-cropped-universo-6.png\",\"width\":413,\"height\":295,\"caption\":\"Universo Esportivo\"},\"image\":{\"@id\":\"https:\\\/\\\/universoesportivo.net\\\/#\\\/schema\\\/logo\\\/image\\\/\"},\"sameAs\":[\"https:\\\/\\\/www.facebook.com\\\/universoesportivo.net\"]},{\"@type\":\"Person\",\"@id\":\"https:\\\/\\\/universoesportivo.net\\\/#\\\/schema\\\/person\\\/62bc311bc7def56a6bc83711536e74bd\",\"name\":\"Tiago Lotto\",\"image\":{\"@type\":\"ImageObject\",\"inLanguage\":\"pt-BR\",\"@id\":\"https:\\\/\\\/secure.gravatar.com\\\/avatar\\\/fd6891125b3fb6ba0b794cd20c3398d5bb0fa20d2b9963a95f19470e5a6192f7?s=96&d=mm&r=g\",\"url\":\"https:\\\/\\\/secure.gravatar.com\\\/avatar\\\/fd6891125b3fb6ba0b794cd20c3398d5bb0fa20d2b9963a95f19470e5a6192f7?s=96&d=mm&r=g\",\"contentUrl\":\"https:\\\/\\\/secure.gravatar.com\\\/avatar\\\/fd6891125b3fb6ba0b794cd20c3398d5bb0fa20d2b9963a95f19470e5a6192f7?s=96&d=mm&r=g\",\"caption\":\"Tiago Lotto\"},\"url\":\"https:\\\/\\\/universoesportivo.net\\\/index.php\\\/author\\\/tiago-lotto\\\/\"}]}<\/script>\n<!-- \/ Yoast SEO plugin. -->","yoast_head_json":{"title":"T\u00e9cnico comandou tr\u00eas filhos nos Jogos Regionais e v\u00f4lei de Birigui ganhou medalha de ouro - Universo Esportivo","robots":{"index":"index","follow":"follow","max-snippet":"max-snippet:-1","max-image-preview":"max-image-preview:large","max-video-preview":"max-video-preview:-1"},"canonical":"https:\/\/universoesportivo.net\/index.php\/2024\/08\/10\/tecnico-comandou-tres-filhos-nos-jogos-regionais-e-volei-de-birigui-ganhou-medalha-de-ouro\/","og_locale":"pt_BR","og_type":"article","og_title":"T\u00e9cnico comandou tr\u00eas filhos nos Jogos Regionais e v\u00f4lei de Birigui ganhou medalha de ouro - Universo Esportivo","og_description":"Gilmarcio, Leonardo e Victor s\u00e3o irm\u00e3os e jogam como ponteiros. O pai, Gilmar, \u00e9 t\u00e9cnico do time de Birigui e tamb\u00e9m foi atleta profissional. O quarteto atuou pela primeira vez juntos.","og_url":"https:\/\/universoesportivo.net\/index.php\/2024\/08\/10\/tecnico-comandou-tres-filhos-nos-jogos-regionais-e-volei-de-birigui-ganhou-medalha-de-ouro\/","og_site_name":"Universo Esportivo","article_publisher":"https:\/\/www.facebook.com\/universoesportivo.net","article_published_time":"2024-08-10T19:55:35+00:00","article_modified_time":"2024-08-11T02:46:57+00:00","og_image":[{"width":446,"height":233,"url":"https:\/\/universoesportivo.net\/wp-content\/uploads\/2024\/08\/abrevoleibiri.jpg","type":"image\/jpeg"}],"author":"Tiago Lotto","twitter_card":"summary_large_image","twitter_misc":{"Escrito por":"Tiago Lotto","Est. tempo de leitura":"3 minutos"},"schema":{"@context":"https:\/\/schema.org","@graph":[{"@type":"Article","@id":"https:\/\/universoesportivo.net\/index.php\/2024\/08\/10\/tecnico-comandou-tres-filhos-nos-jogos-regionais-e-volei-de-birigui-ganhou-medalha-de-ouro\/#article","isPartOf":{"@id":"https:\/\/universoesportivo.net\/index.php\/2024\/08\/10\/tecnico-comandou-tres-filhos-nos-jogos-regionais-e-volei-de-birigui-ganhou-medalha-de-ouro\/"},"author":{"name":"Tiago Lotto","@id":"https:\/\/universoesportivo.net\/#\/schema\/person\/62bc311bc7def56a6bc83711536e74bd"},"headline":"T\u00e9cnico comandou tr\u00eas filhos nos Jogos Regionais e v\u00f4lei de Birigui ganhou medalha de ouro","datePublished":"2024-08-10T19:55:35+00:00","dateModified":"2024-08-11T02:46:57+00:00","mainEntityOfPage":{"@id":"https:\/\/universoesportivo.net\/index.php\/2024\/08\/10\/tecnico-comandou-tres-filhos-nos-jogos-regionais-e-volei-de-birigui-ganhou-medalha-de-ouro\/"},"wordCount":449,"publisher":{"@id":"https:\/\/universoesportivo.net\/#organization"},"image":{"@id":"https:\/\/universoesportivo.net\/index.php\/2024\/08\/10\/tecnico-comandou-tres-filhos-nos-jogos-regionais-e-volei-de-birigui-ganhou-medalha-de-ouro\/#primaryimage"},"thumbnailUrl":"https:\/\/universoesportivo.net\/wp-content\/uploads\/2024\/08\/abrevoleibiri.jpg","articleSection":["ESPORTES","Vol\u00eai"],"inLanguage":"pt-BR"},{"@type":"WebPage","@id":"https:\/\/universoesportivo.net\/index.php\/2024\/08\/10\/tecnico-comandou-tres-filhos-nos-jogos-regionais-e-volei-de-birigui-ganhou-medalha-de-ouro\/","url":"https:\/\/universoesportivo.net\/index.php\/2024\/08\/10\/tecnico-comandou-tres-filhos-nos-jogos-regionais-e-volei-de-birigui-ganhou-medalha-de-ouro\/","name":"T\u00e9cnico comandou tr\u00eas filhos nos Jogos Regionais e v\u00f4lei de Birigui ganhou medalha de ouro - Universo Esportivo","isPartOf":{"@id":"https:\/\/universoesportivo.net\/#website"},"primaryImageOfPage":{"@id":"https:\/\/universoesportivo.net\/index.php\/2024\/08\/10\/tecnico-comandou-tres-filhos-nos-jogos-regionais-e-volei-de-birigui-ganhou-medalha-de-ouro\/#primaryimage"},"image":{"@id":"https:\/\/universoesportivo.net\/index.php\/2024\/08\/10\/tecnico-comandou-tres-filhos-nos-jogos-regionais-e-volei-de-birigui-ganhou-medalha-de-ouro\/#primaryimage"},"thumbnailUrl":"https:\/\/universoesportivo.net\/wp-content\/uploads\/2024\/08\/abrevoleibiri.jpg","datePublished":"2024-08-10T19:55:35+00:00","dateModified":"2024-08-11T02:46:57+00:00","breadcrumb":{"@id":"https:\/\/universoesportivo.net\/index.php\/2024\/08\/10\/tecnico-comandou-tres-filhos-nos-jogos-regionais-e-volei-de-birigui-ganhou-medalha-de-ouro\/#breadcrumb"},"inLanguage":"pt-BR","potentialAction":[{"@type":"ReadAction","target":["https:\/\/universoesportivo.net\/index.php\/2024\/08\/10\/tecnico-comandou-tres-filhos-nos-jogos-regionais-e-volei-de-birigui-ganhou-medalha-de-ouro\/"]}]},{"@type":"ImageObject","inLanguage":"pt-BR","@id":"https:\/\/universoesportivo.net\/index.php\/2024\/08\/10\/tecnico-comandou-tres-filhos-nos-jogos-regionais-e-volei-de-birigui-ganhou-medalha-de-ouro\/#primaryimage","url":"https:\/\/universoesportivo.net\/wp-content\/uploads\/2024\/08\/abrevoleibiri.jpg","contentUrl":"https:\/\/universoesportivo.net\/wp-content\/uploads\/2024\/08\/abrevoleibiri.jpg","width":446,"height":233},{"@type":"BreadcrumbList","@id":"https:\/\/universoesportivo.net\/index.php\/2024\/08\/10\/tecnico-comandou-tres-filhos-nos-jogos-regionais-e-volei-de-birigui-ganhou-medalha-de-ouro\/#breadcrumb","itemListElement":[{"@type":"ListItem","position":1,"name":"In\u00edcio","item":"https:\/\/universoesportivo.net\/"},{"@type":"ListItem","position":2,"name":"T\u00e9cnico comandou tr\u00eas filhos nos Jogos Regionais e v\u00f4lei de Birigui ganhou medalha de ouro"}]},{"@type":"WebSite","@id":"https:\/\/universoesportivo.net\/#website","url":"https:\/\/universoesportivo.net\/","name":"Universo Esportivo","description":"O portal de todas as modalidades esportivas!","publisher":{"@id":"https:\/\/universoesportivo.net\/#organization"},"alternateName":"Jornalista Tiago Contador Lotto","potentialAction":[{"@type":"SearchAction","target":{"@type":"EntryPoint","urlTemplate":"https:\/\/universoesportivo.net\/?s={search_term_string}"},"query-input":{"@type":"PropertyValueSpecification","valueRequired":true,"valueName":"search_term_string"}}],"inLanguage":"pt-BR"},{"@type":"Organization","@id":"https:\/\/universoesportivo.net\/#organization","name":"Universo Esportivo","alternateName":"Tiago Lotto","url":"https:\/\/universoesportivo.net\/","logo":{"@type":"ImageObject","inLanguage":"pt-BR","@id":"https:\/\/universoesportivo.net\/#\/schema\/logo\/image\/","url":"https:\/\/universoesportivo.net\/wp-content\/uploads\/2024\/05\/cropped-cropped-universo-6.png","contentUrl":"https:\/\/universoesportivo.net\/wp-content\/uploads\/2024\/05\/cropped-cropped-universo-6.png","width":413,"height":295,"caption":"Universo Esportivo"},"image":{"@id":"https:\/\/universoesportivo.net\/#\/schema\/logo\/image\/"},"sameAs":["https:\/\/www.facebook.com\/universoesportivo.net"]},{"@type":"Person","@id":"https:\/\/universoesportivo.net\/#\/schema\/person\/62bc311bc7def56a6bc83711536e74bd","name":"Tiago Lotto","image":{"@type":"ImageObject","inLanguage":"pt-BR","@id":"https:\/\/secure.gravatar.com\/avatar\/fd6891125b3fb6ba0b794cd20c3398d5bb0fa20d2b9963a95f19470e5a6192f7?s=96&d=mm&r=g","url":"https:\/\/secure.gravatar.com\/avatar\/fd6891125b3fb6ba0b794cd20c3398d5bb0fa20d2b9963a95f19470e5a6192f7?s=96&d=mm&r=g","contentUrl":"https:\/\/secure.gravatar.com\/avatar\/fd6891125b3fb6ba0b794cd20c3398d5bb0fa20d2b9963a95f19470e5a6192f7?s=96&d=mm&r=g","caption":"Tiago Lotto"},"url":"https:\/\/universoesportivo.net\/index.php\/author\/tiago-lotto\/"}]}},"jetpack_featured_media_url":"https:\/\/universoesportivo.net\/wp-content\/uploads\/2024\/08\/abrevoleibiri.jpg","_links":{"self":[{"href":"https:\/\/universoesportivo.net\/index.php\/wp-json\/wp\/v2\/posts\/1551","targetHints":{"allow":["GET"]}}],"collection":[{"href":"https:\/\/universoesportivo.net\/index.php\/wp-json\/wp\/v2\/posts"}],"about":[{"href":"https:\/\/universoesportivo.net\/index.php\/wp-json\/wp\/v2\/types\/post"}],"author":[{"embeddable":true,"href":"https:\/\/universoesportivo.net\/index.php\/wp-json\/wp\/v2\/users\/2"}],"replies":[{"embeddable":true,"href":"https:\/\/universoesportivo.net\/index.php\/wp-json\/wp\/v2\/comments?post=1551"}],"version-history":[{"count":2,"href":"https:\/\/universoesportivo.net\/index.php\/wp-json\/wp\/v2\/posts\/1551\/revisions"}],"predecessor-version":[{"id":1557,"href":"https:\/\/universoesportivo.net\/index.php\/wp-json\/wp\/v2\/posts\/1551\/revisions\/1557"}],"wp:featuredmedia":[{"embeddable":true,"href":"https:\/\/universoesportivo.net\/index.php\/wp-json\/wp\/v2\/media\/1552"}],"wp:attachment":[{"href":"https:\/\/universoesportivo.net\/index.php\/wp-json\/wp\/v2\/media?parent=1551"}],"wp:term":[{"taxonomy":"category","embeddable":true,"href":"https:\/\/universoesportivo.net\/index.php\/wp-json\/wp\/v2\/categories?post=1551"},{"taxonomy":"post_tag","embeddable":true,"href":"https:\/\/universoesportivo.net\/index.php\/wp-json\/wp\/v2\/tags?post=1551"}],"curies":[{"name":"wp","href":"https:\/\/api.w.org\/{rel}","templated":true}]}}