{"id":1576,"date":"2024-08-17T12:21:00","date_gmt":"2024-08-17T15:21:00","guid":{"rendered":"https:\/\/universoesportivo.net\/?p=1576"},"modified":"2024-08-17T12:47:45","modified_gmt":"2024-08-17T15:47:45","slug":"silvio-santos-um-dos-maiores-comunicadores-do-pais-morre-aos-93-anos","status":"publish","type":"post","link":"https:\/\/universoesportivo.net\/index.php\/2024\/08\/17\/silvio-santos-um-dos-maiores-comunicadores-do-pais-morre-aos-93-anos\/","title":{"rendered":"Silvio Santos, um dos maiores comunicadores do pa\u00eds, morre aos 93 anos"},"content":{"rendered":"\n<p class=\"has-medium-font-size\">O propriet\u00e1rio do SBT (Sistema Brasileiro de Televis\u00e3o), o empres\u00e1rio e apresentador Silvio Santos, faleceu em S\u00e3o Paulo na madrugada deste s\u00e1bado, 17 de agosto. Silvio estava internado no Hospital Albert Einstein, onde tratava de uma broncopneumonia. Seu quadro piorou ap\u00f3s infec\u00e7\u00e3o por influenza (H1N1).<\/p>\n\n\n\n<p class=\"has-medium-font-size\">De origem judaica, seu nome de batismo \u00e9 Senor Abravanel. Ele nasceu na Lapa, no Rio de Janeiro, em 12 de dezembro de 1930. Cursou Contabilidade e, fora do hor\u00e1rio de estudo, foi camel\u00f4 no Rio de Janeiro.<\/p>\n\n\n\n<p class=\"has-medium-font-size\">Em 1948, quando serviu o Ex\u00e9rcito, fez um teste de locu\u00e7\u00e3o em uma r\u00e1dio do Rio e seguiu carreira em r\u00e1dios e emissoras de tv. Em 1981, venceu concess\u00e3o e colocou no ar o SBT.<\/p>\n\n\n\n<p class=\"has-medium-font-size\">Come\u00e7ou a fazer pequenos trabalhos como locutor de r\u00e1dio. Aos 18, em 1948, serviu o Ex\u00e9rcito e, aos domingos, trabalhava em uma r\u00e1dio do Rio de Janeiro. Mas foi em S\u00e3o Paulo, em 1954, que criou o nome Silvio Santos e assinou seu primeiro contrato de trabalho como locutor, na R\u00e1dio Nacional de S\u00e3o Paulo.<\/p>\n\n\n\n<p class=\"has-medium-font-size\">O nome Silvio Santos foi criado com a inten\u00e7\u00e3o de \u2018fixar\u2019 mais f\u00e1cil na mente das pessoas. Locutores e apresentadores da \u00e9poca diziam que o nome Senor Abravanel n\u00e3o iria \u2018emplacar\u2019 na locu\u00e7\u00e3o. Silvio aceitou a orienta\u00e7\u00e3o e passou a ser conhecido e chamado de Silvio Santos.<\/p>\n\n\n\n<p class=\"has-medium-font-size\">Muitas pessoas n\u00e3o sabem, mas Silvio Santos trabalhou na Rede Globo, principal concorrente do SBT.<\/p>\n\n\n\n<p class=\"has-medium-font-size\">Em 1958, pela TV Paulista, Silvio apresentou o \u201cHit Parade\u201d. Depois, j\u00e1 em 62, apresentou o \u201cVamos brincar de forca\u201d, na TV Paulista (era o Canal 5, que no ano seguinte foi comprado pela Globo). Foi ent\u00e3o, na Globo, que surgiu o Programa Silvio Santos. Ele ficou na emissora at\u00e9 1976.<\/p>\n\n\n\n<p class=\"has-medium-font-size\">Silvio venceu concorr\u00eancia para adquirir o Canal 11, no Rio de Janeiro, onde inaugurou a TVS. Ganhou, tamb\u00e9m, outras concess\u00f5es, entre elas a de 1981, quando colocou no ar o SBT, onde o Programa Silvio Santos passou a ser o principal destaque da emissora.<\/p>\n\n\n\n<p class=\"has-medium-font-size\">No SBT, fez sucesso com os programas Domingo no Parque, Show de Calouros, Porta da Esperan\u00e7a e Qual \u00c9 a M\u00fasica.<\/p>\n\n\n\n<p class=\"has-medium-font-size\">Dentro dos programas, lan\u00e7ou duas marchinhas de carnaval que ficaram marcadas: \u201cA pipa do vov\u00f4 n\u00e3o sobe mais\u201d e \u201cDoutor, eu n\u00e3o me engano, meu cora\u00e7\u00e3o \u00e9 corintiano\u201d. <\/p>\n\n\n\n<p class=\"has-medium-font-size\">O governador do Estado de S\u00e3o Paulo, Tarc\u00edsio de Freitas, decretou luto oficial no estado por tr\u00eas dias, em homenagem ao falecimento de Senor Abravanel &#8211; Silvio Santos.<\/p>\n\n\n\n<p class=\"has-medium-font-size\">Texto: Tiago Lotto \/ Foto: Reprodu\u00e7\u00e3o SBT (arte em preto: Instagram de f\u00e3s)<\/p>\n\n\n\n<figure class=\"wp-block-image\"><img fetchpriority=\"high\" decoding=\"async\" width=\"420\" height=\"285\" src=\"https:\/\/universoesportivo.net\/wp-content\/uploads\/2024\/08\/silvio70.jpg\" alt=\"\" class=\"wp-image-1578\" srcset=\"https:\/\/universoesportivo.net\/wp-content\/uploads\/2024\/08\/silvio70.jpg 420w, https:\/\/universoesportivo.net\/wp-content\/uploads\/2024\/08\/silvio70-300x204.jpg 300w, https:\/\/universoesportivo.net\/wp-content\/uploads\/2024\/08\/silvio70-18x12.jpg 18w\" sizes=\"(max-width: 420px) 100vw, 420px\" \/><\/figure>\n","protected":false},"excerpt":{"rendered":"<p>Marchinha de carnaval &#8220;Doutor, eu n\u00e3o me engano, cora\u00e7\u00e3o \u00e9 corintiano&#8221; foi criada pelo apresentador Silvio Santos, que faleceu ap\u00f3s complica\u00e7\u00e3o da broncopneumonia.<\/p>\n","protected":false},"author":2,"featured_media":1577,"comment_status":"closed","ping_status":"closed","sticky":false,"template":"","format":"standard","meta":{"colormag_page_container_layout":"default_layout","colormag_page_sidebar_layout":"default_layout","footnotes":""},"categories":[71,55],"tags":[],"class_list":["post-1576","post","type-post","status-publish","format-standard","has-post-thumbnail","hentry","category-homenagem","category-luto"],"magazineBlocksPostFeaturedMedia":{"thumbnail":"https:\/\/universoesportivo.net\/wp-content\/uploads\/2024\/08\/abresilvio-150x150.jpg","medium":"https:\/\/universoesportivo.net\/wp-content\/uploads\/2024\/08\/abresilvio-298x300.jpg","medium_large":"https:\/\/universoesportivo.net\/wp-content\/uploads\/2024\/08\/abresilvio.jpg","large":"https:\/\/universoesportivo.net\/wp-content\/uploads\/2024\/08\/abresilvio.jpg","1536x1536":"https:\/\/universoesportivo.net\/wp-content\/uploads\/2024\/08\/abresilvio.jpg","2048x2048":"https:\/\/universoesportivo.net\/wp-content\/uploads\/2024\/08\/abresilvio.jpg","trp-custom-language-flag":"https:\/\/universoesportivo.net\/wp-content\/uploads\/2024\/08\/abresilvio-12x12.jpg","colormag-highlighted-post":"https:\/\/universoesportivo.net\/wp-content\/uploads\/2024\/08\/abresilvio-338x272.jpg","colormag-featured-post-medium":"https:\/\/universoesportivo.net\/wp-content\/uploads\/2024\/08\/abresilvio-338x205.jpg","colormag-featured-post-small":"https:\/\/universoesportivo.net\/wp-content\/uploads\/2024\/08\/abresilvio-130x90.jpg","colormag-featured-image":"https:\/\/universoesportivo.net\/wp-content\/uploads\/2024\/08\/abresilvio.jpg","colormag-default-news":"https:\/\/universoesportivo.net\/wp-content\/uploads\/2024\/08\/abresilvio-150x150.jpg","colormag-featured-image-large":"https:\/\/universoesportivo.net\/wp-content\/uploads\/2024\/08\/abresilvio.jpg","colormag-elementor-block-extra-large-thumbnail":"https:\/\/universoesportivo.net\/wp-content\/uploads\/2024\/08\/abresilvio.jpg","colormag-elementor-grid-large-thumbnail":"https:\/\/universoesportivo.net\/wp-content\/uploads\/2024\/08\/abresilvio.jpg","colormag-elementor-grid-small-thumbnail":"https:\/\/universoesportivo.net\/wp-content\/uploads\/2024\/08\/abresilvio-285x340.jpg","colormag-elementor-grid-medium-large-thumbnail":"https:\/\/universoesportivo.net\/wp-content\/uploads\/2024\/08\/abresilvio-338x198.jpg"},"magazineBlocksPostAuthor":{"name":"Tiago Lotto","avatar":"https:\/\/secure.gravatar.com\/avatar\/fd6891125b3fb6ba0b794cd20c3398d5bb0fa20d2b9963a95f19470e5a6192f7?s=96&d=mm&r=g"},"magazineBlocksPostCommentsNumber":false,"magazineBlocksPostExcerpt":"Marchinha de carnaval \"Doutor, eu n\u00e3o me engano, cora\u00e7\u00e3o \u00e9 corintiano\" foi criada pelo apresentador Silvio Santos, que faleceu ap\u00f3s complica\u00e7\u00e3o da broncopneumonia.","magazineBlocksPostCategories":["HOMENAGEM","LUTO"],"magazineBlocksPostViewCount":31,"magazineBlocksPostReadTime":3,"magazine_blocks_featured_image_url":{"full":["https:\/\/universoesportivo.net\/wp-content\/uploads\/2024\/08\/abresilvio.jpg",338,340,false],"medium":["https:\/\/universoesportivo.net\/wp-content\/uploads\/2024\/08\/abresilvio-298x300.jpg",298,300,true],"thumbnail":["https:\/\/universoesportivo.net\/wp-content\/uploads\/2024\/08\/abresilvio-150x150.jpg",150,150,true]},"magazine_blocks_author":{"display_name":"Tiago Lotto","author_link":"https:\/\/universoesportivo.net\/index.php\/author\/tiago-lotto\/"},"magazine_blocks_comment":0,"magazine_blocks_author_image":"https:\/\/secure.gravatar.com\/avatar\/fd6891125b3fb6ba0b794cd20c3398d5bb0fa20d2b9963a95f19470e5a6192f7?s=96&d=mm&r=g","magazine_blocks_category":"<a href=\"#\" class=\"category-link category-link-71\">HOMENAGEM<\/a> <a href=\"#\" class=\"category-link category-link-55\">LUTO<\/a>","yoast_head":"<!-- This site is optimized with the Yoast SEO plugin v27.4 - https:\/\/yoast.com\/product\/yoast-seo-wordpress\/ -->\n<title>Silvio Santos, um dos maiores comunicadores do pa\u00eds, morre aos 93 anos - Universo Esportivo<\/title>\n<meta name=\"robots\" content=\"index, follow, max-snippet:-1, max-image-preview:large, max-video-preview:-1\" \/>\n<link rel=\"canonical\" href=\"https:\/\/universoesportivo.net\/index.php\/2024\/08\/17\/silvio-santos-um-dos-maiores-comunicadores-do-pais-morre-aos-93-anos\/\" \/>\n<meta property=\"og:locale\" content=\"pt_BR\" \/>\n<meta property=\"og:type\" content=\"article\" \/>\n<meta property=\"og:title\" content=\"Silvio Santos, um dos maiores comunicadores do pa\u00eds, morre aos 93 anos - Universo Esportivo\" \/>\n<meta property=\"og:description\" content=\"Marchinha de carnaval &quot;Doutor, eu n\u00e3o me engano, cora\u00e7\u00e3o \u00e9 corintiano&quot; foi criada pelo apresentador Silvio Santos, que faleceu ap\u00f3s complica\u00e7\u00e3o da broncopneumonia.\" \/>\n<meta property=\"og:url\" content=\"https:\/\/universoesportivo.net\/index.php\/2024\/08\/17\/silvio-santos-um-dos-maiores-comunicadores-do-pais-morre-aos-93-anos\/\" \/>\n<meta property=\"og:site_name\" content=\"Universo Esportivo\" \/>\n<meta property=\"article:publisher\" content=\"https:\/\/www.facebook.com\/universoesportivo.net\" \/>\n<meta property=\"article:published_time\" content=\"2024-08-17T15:21:00+00:00\" \/>\n<meta property=\"article:modified_time\" content=\"2024-08-17T15:47:45+00:00\" \/>\n<meta property=\"og:image\" content=\"https:\/\/universoesportivo.net\/wp-content\/uploads\/2024\/08\/abresilvio.jpg\" \/>\n\t<meta property=\"og:image:width\" content=\"338\" \/>\n\t<meta property=\"og:image:height\" content=\"340\" \/>\n\t<meta property=\"og:image:type\" content=\"image\/jpeg\" \/>\n<meta name=\"author\" content=\"Tiago Lotto\" \/>\n<meta name=\"twitter:card\" content=\"summary_large_image\" \/>\n<meta name=\"twitter:label1\" content=\"Escrito por\" \/>\n\t<meta name=\"twitter:data1\" content=\"Tiago Lotto\" \/>\n\t<meta name=\"twitter:label2\" content=\"Est. tempo de leitura\" \/>\n\t<meta name=\"twitter:data2\" content=\"3 minutos\" \/>\n<script type=\"application\/ld+json\" class=\"yoast-schema-graph\">{\"@context\":\"https:\\\/\\\/schema.org\",\"@graph\":[{\"@type\":\"Article\",\"@id\":\"https:\\\/\\\/universoesportivo.net\\\/index.php\\\/2024\\\/08\\\/17\\\/silvio-santos-um-dos-maiores-comunicadores-do-pais-morre-aos-93-anos\\\/#article\",\"isPartOf\":{\"@id\":\"https:\\\/\\\/universoesportivo.net\\\/index.php\\\/2024\\\/08\\\/17\\\/silvio-santos-um-dos-maiores-comunicadores-do-pais-morre-aos-93-anos\\\/\"},\"author\":{\"name\":\"Tiago Lotto\",\"@id\":\"https:\\\/\\\/universoesportivo.net\\\/#\\\/schema\\\/person\\\/62bc311bc7def56a6bc83711536e74bd\"},\"headline\":\"Silvio Santos, um dos maiores comunicadores do pa\u00eds, morre aos 93 anos\",\"datePublished\":\"2024-08-17T15:21:00+00:00\",\"dateModified\":\"2024-08-17T15:47:45+00:00\",\"mainEntityOfPage\":{\"@id\":\"https:\\\/\\\/universoesportivo.net\\\/index.php\\\/2024\\\/08\\\/17\\\/silvio-santos-um-dos-maiores-comunicadores-do-pais-morre-aos-93-anos\\\/\"},\"wordCount\":456,\"publisher\":{\"@id\":\"https:\\\/\\\/universoesportivo.net\\\/#organization\"},\"image\":{\"@id\":\"https:\\\/\\\/universoesportivo.net\\\/index.php\\\/2024\\\/08\\\/17\\\/silvio-santos-um-dos-maiores-comunicadores-do-pais-morre-aos-93-anos\\\/#primaryimage\"},\"thumbnailUrl\":\"https:\\\/\\\/universoesportivo.net\\\/wp-content\\\/uploads\\\/2024\\\/08\\\/abresilvio.jpg\",\"articleSection\":[\"HOMENAGEM\",\"LUTO\"],\"inLanguage\":\"pt-BR\"},{\"@type\":\"WebPage\",\"@id\":\"https:\\\/\\\/universoesportivo.net\\\/index.php\\\/2024\\\/08\\\/17\\\/silvio-santos-um-dos-maiores-comunicadores-do-pais-morre-aos-93-anos\\\/\",\"url\":\"https:\\\/\\\/universoesportivo.net\\\/index.php\\\/2024\\\/08\\\/17\\\/silvio-santos-um-dos-maiores-comunicadores-do-pais-morre-aos-93-anos\\\/\",\"name\":\"Silvio Santos, um dos maiores comunicadores do pa\u00eds, morre aos 93 anos - Universo Esportivo\",\"isPartOf\":{\"@id\":\"https:\\\/\\\/universoesportivo.net\\\/#website\"},\"primaryImageOfPage\":{\"@id\":\"https:\\\/\\\/universoesportivo.net\\\/index.php\\\/2024\\\/08\\\/17\\\/silvio-santos-um-dos-maiores-comunicadores-do-pais-morre-aos-93-anos\\\/#primaryimage\"},\"image\":{\"@id\":\"https:\\\/\\\/universoesportivo.net\\\/index.php\\\/2024\\\/08\\\/17\\\/silvio-santos-um-dos-maiores-comunicadores-do-pais-morre-aos-93-anos\\\/#primaryimage\"},\"thumbnailUrl\":\"https:\\\/\\\/universoesportivo.net\\\/wp-content\\\/uploads\\\/2024\\\/08\\\/abresilvio.jpg\",\"datePublished\":\"2024-08-17T15:21:00+00:00\",\"dateModified\":\"2024-08-17T15:47:45+00:00\",\"breadcrumb\":{\"@id\":\"https:\\\/\\\/universoesportivo.net\\\/index.php\\\/2024\\\/08\\\/17\\\/silvio-santos-um-dos-maiores-comunicadores-do-pais-morre-aos-93-anos\\\/#breadcrumb\"},\"inLanguage\":\"pt-BR\",\"potentialAction\":[{\"@type\":\"ReadAction\",\"target\":[\"https:\\\/\\\/universoesportivo.net\\\/index.php\\\/2024\\\/08\\\/17\\\/silvio-santos-um-dos-maiores-comunicadores-do-pais-morre-aos-93-anos\\\/\"]}]},{\"@type\":\"ImageObject\",\"inLanguage\":\"pt-BR\",\"@id\":\"https:\\\/\\\/universoesportivo.net\\\/index.php\\\/2024\\\/08\\\/17\\\/silvio-santos-um-dos-maiores-comunicadores-do-pais-morre-aos-93-anos\\\/#primaryimage\",\"url\":\"https:\\\/\\\/universoesportivo.net\\\/wp-content\\\/uploads\\\/2024\\\/08\\\/abresilvio.jpg\",\"contentUrl\":\"https:\\\/\\\/universoesportivo.net\\\/wp-content\\\/uploads\\\/2024\\\/08\\\/abresilvio.jpg\",\"width\":338,\"height\":340},{\"@type\":\"BreadcrumbList\",\"@id\":\"https:\\\/\\\/universoesportivo.net\\\/index.php\\\/2024\\\/08\\\/17\\\/silvio-santos-um-dos-maiores-comunicadores-do-pais-morre-aos-93-anos\\\/#breadcrumb\",\"itemListElement\":[{\"@type\":\"ListItem\",\"position\":1,\"name\":\"In\u00edcio\",\"item\":\"https:\\\/\\\/universoesportivo.net\\\/\"},{\"@type\":\"ListItem\",\"position\":2,\"name\":\"Silvio Santos, um dos maiores comunicadores do pa\u00eds, morre aos 93 anos\"}]},{\"@type\":\"WebSite\",\"@id\":\"https:\\\/\\\/universoesportivo.net\\\/#website\",\"url\":\"https:\\\/\\\/universoesportivo.net\\\/\",\"name\":\"Universo Esportivo\",\"description\":\"O portal de todas as modalidades esportivas!\",\"publisher\":{\"@id\":\"https:\\\/\\\/universoesportivo.net\\\/#organization\"},\"alternateName\":\"Jornalista Tiago Contador Lotto\",\"potentialAction\":[{\"@type\":\"SearchAction\",\"target\":{\"@type\":\"EntryPoint\",\"urlTemplate\":\"https:\\\/\\\/universoesportivo.net\\\/?s={search_term_string}\"},\"query-input\":{\"@type\":\"PropertyValueSpecification\",\"valueRequired\":true,\"valueName\":\"search_term_string\"}}],\"inLanguage\":\"pt-BR\"},{\"@type\":\"Organization\",\"@id\":\"https:\\\/\\\/universoesportivo.net\\\/#organization\",\"name\":\"Universo Esportivo\",\"alternateName\":\"Tiago Lotto\",\"url\":\"https:\\\/\\\/universoesportivo.net\\\/\",\"logo\":{\"@type\":\"ImageObject\",\"inLanguage\":\"pt-BR\",\"@id\":\"https:\\\/\\\/universoesportivo.net\\\/#\\\/schema\\\/logo\\\/image\\\/\",\"url\":\"https:\\\/\\\/universoesportivo.net\\\/wp-content\\\/uploads\\\/2024\\\/05\\\/cropped-cropped-universo-6.png\",\"contentUrl\":\"https:\\\/\\\/universoesportivo.net\\\/wp-content\\\/uploads\\\/2024\\\/05\\\/cropped-cropped-universo-6.png\",\"width\":413,\"height\":295,\"caption\":\"Universo Esportivo\"},\"image\":{\"@id\":\"https:\\\/\\\/universoesportivo.net\\\/#\\\/schema\\\/logo\\\/image\\\/\"},\"sameAs\":[\"https:\\\/\\\/www.facebook.com\\\/universoesportivo.net\"]},{\"@type\":\"Person\",\"@id\":\"https:\\\/\\\/universoesportivo.net\\\/#\\\/schema\\\/person\\\/62bc311bc7def56a6bc83711536e74bd\",\"name\":\"Tiago Lotto\",\"image\":{\"@type\":\"ImageObject\",\"inLanguage\":\"pt-BR\",\"@id\":\"https:\\\/\\\/secure.gravatar.com\\\/avatar\\\/fd6891125b3fb6ba0b794cd20c3398d5bb0fa20d2b9963a95f19470e5a6192f7?s=96&d=mm&r=g\",\"url\":\"https:\\\/\\\/secure.gravatar.com\\\/avatar\\\/fd6891125b3fb6ba0b794cd20c3398d5bb0fa20d2b9963a95f19470e5a6192f7?s=96&d=mm&r=g\",\"contentUrl\":\"https:\\\/\\\/secure.gravatar.com\\\/avatar\\\/fd6891125b3fb6ba0b794cd20c3398d5bb0fa20d2b9963a95f19470e5a6192f7?s=96&d=mm&r=g\",\"caption\":\"Tiago Lotto\"},\"url\":\"https:\\\/\\\/universoesportivo.net\\\/index.php\\\/author\\\/tiago-lotto\\\/\"}]}<\/script>\n<!-- \/ Yoast SEO plugin. -->","yoast_head_json":{"title":"Silvio Santos, um dos maiores comunicadores do pa\u00eds, morre aos 93 anos - Universo Esportivo","robots":{"index":"index","follow":"follow","max-snippet":"max-snippet:-1","max-image-preview":"max-image-preview:large","max-video-preview":"max-video-preview:-1"},"canonical":"https:\/\/universoesportivo.net\/index.php\/2024\/08\/17\/silvio-santos-um-dos-maiores-comunicadores-do-pais-morre-aos-93-anos\/","og_locale":"pt_BR","og_type":"article","og_title":"Silvio Santos, um dos maiores comunicadores do pa\u00eds, morre aos 93 anos - Universo Esportivo","og_description":"Marchinha de carnaval \"Doutor, eu n\u00e3o me engano, cora\u00e7\u00e3o \u00e9 corintiano\" foi criada pelo apresentador Silvio Santos, que faleceu ap\u00f3s complica\u00e7\u00e3o da broncopneumonia.","og_url":"https:\/\/universoesportivo.net\/index.php\/2024\/08\/17\/silvio-santos-um-dos-maiores-comunicadores-do-pais-morre-aos-93-anos\/","og_site_name":"Universo Esportivo","article_publisher":"https:\/\/www.facebook.com\/universoesportivo.net","article_published_time":"2024-08-17T15:21:00+00:00","article_modified_time":"2024-08-17T15:47:45+00:00","og_image":[{"width":338,"height":340,"url":"https:\/\/universoesportivo.net\/wp-content\/uploads\/2024\/08\/abresilvio.jpg","type":"image\/jpeg"}],"author":"Tiago Lotto","twitter_card":"summary_large_image","twitter_misc":{"Escrito por":"Tiago Lotto","Est. tempo de leitura":"3 minutos"},"schema":{"@context":"https:\/\/schema.org","@graph":[{"@type":"Article","@id":"https:\/\/universoesportivo.net\/index.php\/2024\/08\/17\/silvio-santos-um-dos-maiores-comunicadores-do-pais-morre-aos-93-anos\/#article","isPartOf":{"@id":"https:\/\/universoesportivo.net\/index.php\/2024\/08\/17\/silvio-santos-um-dos-maiores-comunicadores-do-pais-morre-aos-93-anos\/"},"author":{"name":"Tiago Lotto","@id":"https:\/\/universoesportivo.net\/#\/schema\/person\/62bc311bc7def56a6bc83711536e74bd"},"headline":"Silvio Santos, um dos maiores comunicadores do pa\u00eds, morre aos 93 anos","datePublished":"2024-08-17T15:21:00+00:00","dateModified":"2024-08-17T15:47:45+00:00","mainEntityOfPage":{"@id":"https:\/\/universoesportivo.net\/index.php\/2024\/08\/17\/silvio-santos-um-dos-maiores-comunicadores-do-pais-morre-aos-93-anos\/"},"wordCount":456,"publisher":{"@id":"https:\/\/universoesportivo.net\/#organization"},"image":{"@id":"https:\/\/universoesportivo.net\/index.php\/2024\/08\/17\/silvio-santos-um-dos-maiores-comunicadores-do-pais-morre-aos-93-anos\/#primaryimage"},"thumbnailUrl":"https:\/\/universoesportivo.net\/wp-content\/uploads\/2024\/08\/abresilvio.jpg","articleSection":["HOMENAGEM","LUTO"],"inLanguage":"pt-BR"},{"@type":"WebPage","@id":"https:\/\/universoesportivo.net\/index.php\/2024\/08\/17\/silvio-santos-um-dos-maiores-comunicadores-do-pais-morre-aos-93-anos\/","url":"https:\/\/universoesportivo.net\/index.php\/2024\/08\/17\/silvio-santos-um-dos-maiores-comunicadores-do-pais-morre-aos-93-anos\/","name":"Silvio Santos, um dos maiores comunicadores do pa\u00eds, morre aos 93 anos - Universo Esportivo","isPartOf":{"@id":"https:\/\/universoesportivo.net\/#website"},"primaryImageOfPage":{"@id":"https:\/\/universoesportivo.net\/index.php\/2024\/08\/17\/silvio-santos-um-dos-maiores-comunicadores-do-pais-morre-aos-93-anos\/#primaryimage"},"image":{"@id":"https:\/\/universoesportivo.net\/index.php\/2024\/08\/17\/silvio-santos-um-dos-maiores-comunicadores-do-pais-morre-aos-93-anos\/#primaryimage"},"thumbnailUrl":"https:\/\/universoesportivo.net\/wp-content\/uploads\/2024\/08\/abresilvio.jpg","datePublished":"2024-08-17T15:21:00+00:00","dateModified":"2024-08-17T15:47:45+00:00","breadcrumb":{"@id":"https:\/\/universoesportivo.net\/index.php\/2024\/08\/17\/silvio-santos-um-dos-maiores-comunicadores-do-pais-morre-aos-93-anos\/#breadcrumb"},"inLanguage":"pt-BR","potentialAction":[{"@type":"ReadAction","target":["https:\/\/universoesportivo.net\/index.php\/2024\/08\/17\/silvio-santos-um-dos-maiores-comunicadores-do-pais-morre-aos-93-anos\/"]}]},{"@type":"ImageObject","inLanguage":"pt-BR","@id":"https:\/\/universoesportivo.net\/index.php\/2024\/08\/17\/silvio-santos-um-dos-maiores-comunicadores-do-pais-morre-aos-93-anos\/#primaryimage","url":"https:\/\/universoesportivo.net\/wp-content\/uploads\/2024\/08\/abresilvio.jpg","contentUrl":"https:\/\/universoesportivo.net\/wp-content\/uploads\/2024\/08\/abresilvio.jpg","width":338,"height":340},{"@type":"BreadcrumbList","@id":"https:\/\/universoesportivo.net\/index.php\/2024\/08\/17\/silvio-santos-um-dos-maiores-comunicadores-do-pais-morre-aos-93-anos\/#breadcrumb","itemListElement":[{"@type":"ListItem","position":1,"name":"In\u00edcio","item":"https:\/\/universoesportivo.net\/"},{"@type":"ListItem","position":2,"name":"Silvio Santos, um dos maiores comunicadores do pa\u00eds, morre aos 93 anos"}]},{"@type":"WebSite","@id":"https:\/\/universoesportivo.net\/#website","url":"https:\/\/universoesportivo.net\/","name":"Universo Esportivo","description":"O portal de todas as modalidades esportivas!","publisher":{"@id":"https:\/\/universoesportivo.net\/#organization"},"alternateName":"Jornalista Tiago Contador Lotto","potentialAction":[{"@type":"SearchAction","target":{"@type":"EntryPoint","urlTemplate":"https:\/\/universoesportivo.net\/?s={search_term_string}"},"query-input":{"@type":"PropertyValueSpecification","valueRequired":true,"valueName":"search_term_string"}}],"inLanguage":"pt-BR"},{"@type":"Organization","@id":"https:\/\/universoesportivo.net\/#organization","name":"Universo Esportivo","alternateName":"Tiago Lotto","url":"https:\/\/universoesportivo.net\/","logo":{"@type":"ImageObject","inLanguage":"pt-BR","@id":"https:\/\/universoesportivo.net\/#\/schema\/logo\/image\/","url":"https:\/\/universoesportivo.net\/wp-content\/uploads\/2024\/05\/cropped-cropped-universo-6.png","contentUrl":"https:\/\/universoesportivo.net\/wp-content\/uploads\/2024\/05\/cropped-cropped-universo-6.png","width":413,"height":295,"caption":"Universo Esportivo"},"image":{"@id":"https:\/\/universoesportivo.net\/#\/schema\/logo\/image\/"},"sameAs":["https:\/\/www.facebook.com\/universoesportivo.net"]},{"@type":"Person","@id":"https:\/\/universoesportivo.net\/#\/schema\/person\/62bc311bc7def56a6bc83711536e74bd","name":"Tiago Lotto","image":{"@type":"ImageObject","inLanguage":"pt-BR","@id":"https:\/\/secure.gravatar.com\/avatar\/fd6891125b3fb6ba0b794cd20c3398d5bb0fa20d2b9963a95f19470e5a6192f7?s=96&d=mm&r=g","url":"https:\/\/secure.gravatar.com\/avatar\/fd6891125b3fb6ba0b794cd20c3398d5bb0fa20d2b9963a95f19470e5a6192f7?s=96&d=mm&r=g","contentUrl":"https:\/\/secure.gravatar.com\/avatar\/fd6891125b3fb6ba0b794cd20c3398d5bb0fa20d2b9963a95f19470e5a6192f7?s=96&d=mm&r=g","caption":"Tiago Lotto"},"url":"https:\/\/universoesportivo.net\/index.php\/author\/tiago-lotto\/"}]}},"jetpack_featured_media_url":"https:\/\/universoesportivo.net\/wp-content\/uploads\/2024\/08\/abresilvio.jpg","_links":{"self":[{"href":"https:\/\/universoesportivo.net\/index.php\/wp-json\/wp\/v2\/posts\/1576","targetHints":{"allow":["GET"]}}],"collection":[{"href":"https:\/\/universoesportivo.net\/index.php\/wp-json\/wp\/v2\/posts"}],"about":[{"href":"https:\/\/universoesportivo.net\/index.php\/wp-json\/wp\/v2\/types\/post"}],"author":[{"embeddable":true,"href":"https:\/\/universoesportivo.net\/index.php\/wp-json\/wp\/v2\/users\/2"}],"replies":[{"embeddable":true,"href":"https:\/\/universoesportivo.net\/index.php\/wp-json\/wp\/v2\/comments?post=1576"}],"version-history":[{"count":3,"href":"https:\/\/universoesportivo.net\/index.php\/wp-json\/wp\/v2\/posts\/1576\/revisions"}],"predecessor-version":[{"id":1582,"href":"https:\/\/universoesportivo.net\/index.php\/wp-json\/wp\/v2\/posts\/1576\/revisions\/1582"}],"wp:featuredmedia":[{"embeddable":true,"href":"https:\/\/universoesportivo.net\/index.php\/wp-json\/wp\/v2\/media\/1577"}],"wp:attachment":[{"href":"https:\/\/universoesportivo.net\/index.php\/wp-json\/wp\/v2\/media?parent=1576"}],"wp:term":[{"taxonomy":"category","embeddable":true,"href":"https:\/\/universoesportivo.net\/index.php\/wp-json\/wp\/v2\/categories?post=1576"},{"taxonomy":"post_tag","embeddable":true,"href":"https:\/\/universoesportivo.net\/index.php\/wp-json\/wp\/v2\/tags?post=1576"}],"curies":[{"name":"wp","href":"https:\/\/api.w.org\/{rel}","templated":true}]}}