{"id":1606,"date":"2024-08-22T15:31:52","date_gmt":"2024-08-22T18:31:52","guid":{"rendered":"https:\/\/universoesportivo.net\/?p=1606"},"modified":"2024-08-22T15:31:53","modified_gmt":"2024-08-22T18:31:53","slug":"atleta-de-pindorama-ganha-patrocinio-da-industrias-colombo-e-vai-representar-o-brasil-na-belgica","status":"publish","type":"post","link":"https:\/\/universoesportivo.net\/index.php\/2024\/08\/22\/atleta-de-pindorama-ganha-patrocinio-da-industrias-colombo-e-vai-representar-o-brasil-na-belgica\/","title":{"rendered":"Atleta de Pindorama ganha patroc\u00ednio da Ind\u00fastrias Colombo e vai representar o Brasil na B\u00e9lgica"},"content":{"rendered":"\n<p class=\"has-medium-font-size\">Um desfecho emocionante para a primeira parte de uma jornada da carateca Livia Dominici, que reside em Pindorama, cidade do interior paulista. Campe\u00e3 brasileira de karat\u00ea shotokan, Livia ganhou apoio das Ind\u00fastrias Colombo. A empresa, que tamb\u00e9m \u00e9 de Pindorama, ir\u00e1 patrocinar a atleta em uma competi\u00e7\u00e3o na Europa.<\/p>\n\n\n\n<p class=\"has-medium-font-size\">Faixa preta de karat\u00ea shotokan, Livia foi convocada pela Federa\u00e7\u00e3o Brasileira de Karat\u00ea (FBK) para compor a sele\u00e7\u00e3o que ir\u00e1 representar o Brasil no \u201cOpen International Karat\u00e9 de La Province de Li\u00e8ge\u201d, na B\u00e9lgica. A competi\u00e7\u00e3o ser\u00e1 nos dias 7 e 8 de setembro.<\/p>\n\n\n\n<p class=\"has-medium-font-size\">Aos 25 anos e atualmente sem emprego, Livia fez um projeto por conta pr\u00f3pria oferecendo espa\u00e7o publicit\u00e1rio em seu uniforme de viagem para arcar com as despesas at\u00e9 a B\u00e9lgica. A FBK n\u00e3o oferece suporte financeiro aos atletas.<\/p>\n\n\n\n<p class=\"has-medium-font-size\">Por meio dos ve\u00edculos de comunica\u00e7\u00e3o, a Ind\u00fastrias Colombo ficou sabendo da \u2018luta\u2019 da atleta e decidiu ajudar, oferecendo o patroc\u00ednio, que \u00e9 exclusivo.<\/p>\n\n\n\n<p class=\"has-medium-font-size\">\u201cEstou muito feliz, n\u00e3o h\u00e1 palavras para agradecer os envolvidos da Ind\u00fastrias Colombo. Ser\u00e1 minha primeira viagem para o exterior. Ap\u00f3s as Olimp\u00edadas de Paris, fiquei feliz pela convoca\u00e7\u00e3o, por\u00e9m apreensiva porque n\u00e3o havia a quantia necess\u00e1ria para viajar at\u00e9 a B\u00e9lgica\u201d, comentou a atleta.<\/p>\n\n\n\n<p class=\"has-medium-font-size\">Livia pratica karat\u00ea desde os 10 anos de idade. Ela j\u00e1 foi campe\u00e3 estadual, brasileira, universit\u00e1ria e de Jogos Regionais. Al\u00e9m de atleta, \u00e9 engenheira f\u00edsica pela UFSCar \u2013 Universidade Federal de S\u00e3o Carlos.<\/p>\n\n\n\n<p class=\"has-medium-font-size\">\u201cQuero me comprometer com meu patrocinador e fazer o m\u00e1ximo para dar visibilidade e retorno para quem me apoiou. A Colombo, agora, faz parte da minha hist\u00f3ria\u201d, falou ela, emocionada.<\/p>\n\n\n\n<p class=\"has-medium-font-size\">Livia \u00e9 da Academia Schutze de Karat\u00ea, tendo como Sensei Marcelo Schutze. As aulas e treinos ocorrem no Pindorama Clube.<\/p>\n\n\n\n<p class=\"has-medium-font-size\">SOBRE A IND\u00daSTRIAS COLOMBO<\/p>\n\n\n\n<p class=\"has-medium-font-size\">A Ind\u00fastrias Colombo \u00e9 uma multinacional brasileira, que atua fortemente no desenvolvimento de solu\u00e7\u00f5es em m\u00e1quinas para a colheita mecanizada de gr\u00e3os, vagens e sementes e na fabrica\u00e7\u00e3o de pe\u00e7as, componentes agr\u00edcolas.<\/p>\n\n\n\n<p class=\"has-medium-font-size\">A Colombo \u00e9 formada pelas marcas MIAC, que produz uma ampla linha de m\u00e1quinas para a colheita mecanizada de gr\u00e3os, sementes e vagens (caf\u00e9, amendoim, feij\u00e3o, milho e soja), e a AEMCO, fabricante de componentes agr\u00edcolas que desenvolve a mais completa linha de cardans, caixas de transmiss\u00e3o, juntas, terminais, flanges e dispositivos de seguran\u00e7a do mercado brasileiro.<\/p>\n\n\n\n<p class=\"has-medium-font-size\">Com 51 anos de hist\u00f3ria, a Ind\u00fastrias Colombo \u00e9 um grupo empresarial familiar s\u00f3lido e em constante crescimento, reconhecido por sua tradi\u00e7\u00e3o em inovar.<\/p>\n\n\n\n<p class=\"has-medium-font-size\">Sua sede industrial est\u00e1 localizada na cidade de Pindorama, no interior de S\u00e3o Paulo. No exterior, a companhia possui duas filiais, na cidade de Adel, na Georgia, Estados Unidos, e em R\u00edo Cuarto, na prov\u00edncia de C\u00f3rdoba, na Argentina. Suas m\u00e1quinas e produtos est\u00e3o presentes em mais de 60 pa\u00edses.<\/p>\n\n\n\n<p class=\"has-medium-font-size\">Outras informa\u00e7\u00f5es est\u00e3o no site oficial da empresa (<a href=\"https:\/\/www.industriascolombo.com.br\/\">https:\/\/www.industriascolombo.com.br\/<\/a>).<\/p>\n\n\n\n<p class=\"has-medium-font-size\">Texto: Tiago Lotto e Comunica\u00e7\u00e3o da Colombo<\/p>\n\n\n\n<p class=\"has-medium-font-size\">Fotos: Divulga\u00e7\u00e3o<\/p>\n\n\n\n<figure class=\"wp-block-image\"><img fetchpriority=\"high\" decoding=\"async\" width=\"360\" height=\"480\" src=\"https:\/\/universoesportivo.net\/wp-content\/uploads\/2024\/08\/abrekimo1.jpg\" alt=\"\" class=\"wp-image-1608\" srcset=\"https:\/\/universoesportivo.net\/wp-content\/uploads\/2024\/08\/abrekimo1.jpg 360w, https:\/\/universoesportivo.net\/wp-content\/uploads\/2024\/08\/abrekimo1-225x300.jpg 225w, https:\/\/universoesportivo.net\/wp-content\/uploads\/2024\/08\/abrekimo1-9x12.jpg 9w\" sizes=\"(max-width: 360px) 100vw, 360px\" \/><\/figure>\n\n\n\n<figure class=\"wp-block-image\"><img decoding=\"async\" width=\"363\" height=\"480\" src=\"https:\/\/universoesportivo.net\/wp-content\/uploads\/2024\/08\/abrekimo2.jpg\" alt=\"\" class=\"wp-image-1607\" srcset=\"https:\/\/universoesportivo.net\/wp-content\/uploads\/2024\/08\/abrekimo2.jpg 363w, https:\/\/universoesportivo.net\/wp-content\/uploads\/2024\/08\/abrekimo2-227x300.jpg 227w, https:\/\/universoesportivo.net\/wp-content\/uploads\/2024\/08\/abrekimo2-9x12.jpg 9w\" sizes=\"(max-width: 363px) 100vw, 363px\" \/><\/figure>\n","protected":false},"excerpt":{"rendered":"<p>Campe\u00e3o brasileira de karat\u00ea shotokan, Livia Dominici &#8216;lutou fora dos tatames&#8217; para conseguir apoio para disputar competi\u00e7\u00e3o na Europa. Ind\u00fastrias Colombo &#8216;abra\u00e7ou&#8217; a atleta.<\/p>\n","protected":false},"author":2,"featured_media":1609,"comment_status":"closed","ping_status":"closed","sticky":false,"template":"","format":"standard","meta":{"colormag_page_container_layout":"default_layout","colormag_page_sidebar_layout":"default_layout","footnotes":""},"categories":[52,17],"tags":[],"class_list":["post-1606","post","type-post","status-publish","format-standard","has-post-thumbnail","hentry","category-artes-marciais","category-esportes"],"magazineBlocksPostFeaturedMedia":{"thumbnail":"https:\/\/universoesportivo.net\/wp-content\/uploads\/2024\/08\/abrekimo-150x150.jpg","medium":"https:\/\/universoesportivo.net\/wp-content\/uploads\/2024\/08\/abrekimo-300x217.jpg","medium_large":"https:\/\/universoesportivo.net\/wp-content\/uploads\/2024\/08\/abrekimo.jpg","large":"https:\/\/universoesportivo.net\/wp-content\/uploads\/2024\/08\/abrekimo.jpg","1536x1536":"https:\/\/universoesportivo.net\/wp-content\/uploads\/2024\/08\/abrekimo.jpg","2048x2048":"https:\/\/universoesportivo.net\/wp-content\/uploads\/2024\/08\/abrekimo.jpg","trp-custom-language-flag":"https:\/\/universoesportivo.net\/wp-content\/uploads\/2024\/08\/abrekimo-18x12.jpg","colormag-highlighted-post":"https:\/\/universoesportivo.net\/wp-content\/uploads\/2024\/08\/abrekimo-384x272.jpg","colormag-featured-post-medium":"https:\/\/universoesportivo.net\/wp-content\/uploads\/2024\/08\/abrekimo-384x205.jpg","colormag-featured-post-small":"https:\/\/universoesportivo.net\/wp-content\/uploads\/2024\/08\/abrekimo-130x90.jpg","colormag-featured-image":"https:\/\/universoesportivo.net\/wp-content\/uploads\/2024\/08\/abrekimo.jpg","colormag-default-news":"https:\/\/universoesportivo.net\/wp-content\/uploads\/2024\/08\/abrekimo-150x150.jpg","colormag-featured-image-large":"https:\/\/universoesportivo.net\/wp-content\/uploads\/2024\/08\/abrekimo.jpg","colormag-elementor-block-extra-large-thumbnail":"https:\/\/universoesportivo.net\/wp-content\/uploads\/2024\/08\/abrekimo.jpg","colormag-elementor-grid-large-thumbnail":"https:\/\/universoesportivo.net\/wp-content\/uploads\/2024\/08\/abrekimo.jpg","colormag-elementor-grid-small-thumbnail":"https:\/\/universoesportivo.net\/wp-content\/uploads\/2024\/08\/abrekimo-285x278.jpg","colormag-elementor-grid-medium-large-thumbnail":"https:\/\/universoesportivo.net\/wp-content\/uploads\/2024\/08\/abrekimo-384x198.jpg"},"magazineBlocksPostAuthor":{"name":"Tiago Lotto","avatar":"https:\/\/secure.gravatar.com\/avatar\/fd6891125b3fb6ba0b794cd20c3398d5bb0fa20d2b9963a95f19470e5a6192f7?s=96&d=mm&r=g"},"magazineBlocksPostCommentsNumber":false,"magazineBlocksPostExcerpt":"Campe\u00e3o brasileira de karat\u00ea shotokan, Livia Dominici 'lutou fora dos tatames' para conseguir apoio para disputar competi\u00e7\u00e3o na Europa. Ind\u00fastrias Colombo 'abra\u00e7ou' a atleta.","magazineBlocksPostCategories":["Artes Marciais","ESPORTES"],"magazineBlocksPostViewCount":34,"magazineBlocksPostReadTime":3,"magazine_blocks_featured_image_url":{"full":["https:\/\/universoesportivo.net\/wp-content\/uploads\/2024\/08\/abrekimo.jpg",384,278,false],"medium":["https:\/\/universoesportivo.net\/wp-content\/uploads\/2024\/08\/abrekimo-300x217.jpg",300,217,true],"thumbnail":["https:\/\/universoesportivo.net\/wp-content\/uploads\/2024\/08\/abrekimo-150x150.jpg",150,150,true]},"magazine_blocks_author":{"display_name":"Tiago Lotto","author_link":"https:\/\/universoesportivo.net\/index.php\/author\/tiago-lotto\/"},"magazine_blocks_comment":0,"magazine_blocks_author_image":"https:\/\/secure.gravatar.com\/avatar\/fd6891125b3fb6ba0b794cd20c3398d5bb0fa20d2b9963a95f19470e5a6192f7?s=96&d=mm&r=g","magazine_blocks_category":"<a href=\"#\" class=\"category-link category-link-52\">Artes Marciais<\/a> <a href=\"#\" class=\"category-link category-link-17\">ESPORTES<\/a>","yoast_head":"<!-- This site is optimized with the Yoast SEO plugin v27.4 - https:\/\/yoast.com\/product\/yoast-seo-wordpress\/ -->\n<title>Atleta de Pindorama ganha patroc\u00ednio da Ind\u00fastrias Colombo e vai representar o Brasil na B\u00e9lgica - Universo Esportivo<\/title>\n<meta name=\"robots\" content=\"index, follow, max-snippet:-1, max-image-preview:large, max-video-preview:-1\" \/>\n<link rel=\"canonical\" href=\"https:\/\/universoesportivo.net\/index.php\/2024\/08\/22\/atleta-de-pindorama-ganha-patrocinio-da-industrias-colombo-e-vai-representar-o-brasil-na-belgica\/\" \/>\n<meta property=\"og:locale\" content=\"pt_BR\" \/>\n<meta property=\"og:type\" content=\"article\" \/>\n<meta property=\"og:title\" content=\"Atleta de Pindorama ganha patroc\u00ednio da Ind\u00fastrias Colombo e vai representar o Brasil na B\u00e9lgica - Universo Esportivo\" \/>\n<meta property=\"og:description\" content=\"Campe\u00e3o brasileira de karat\u00ea shotokan, Livia Dominici &#039;lutou fora dos tatames&#039; para conseguir apoio para disputar competi\u00e7\u00e3o na Europa. Ind\u00fastrias Colombo &#039;abra\u00e7ou&#039; a atleta.\" \/>\n<meta property=\"og:url\" content=\"https:\/\/universoesportivo.net\/index.php\/2024\/08\/22\/atleta-de-pindorama-ganha-patrocinio-da-industrias-colombo-e-vai-representar-o-brasil-na-belgica\/\" \/>\n<meta property=\"og:site_name\" content=\"Universo Esportivo\" \/>\n<meta property=\"article:publisher\" content=\"https:\/\/www.facebook.com\/universoesportivo.net\" \/>\n<meta property=\"article:published_time\" content=\"2024-08-22T18:31:52+00:00\" \/>\n<meta property=\"article:modified_time\" content=\"2024-08-22T18:31:53+00:00\" \/>\n<meta property=\"og:image\" content=\"https:\/\/universoesportivo.net\/wp-content\/uploads\/2024\/08\/abrekimo.jpg\" \/>\n\t<meta property=\"og:image:width\" content=\"384\" \/>\n\t<meta property=\"og:image:height\" content=\"278\" \/>\n\t<meta property=\"og:image:type\" content=\"image\/jpeg\" \/>\n<meta name=\"author\" content=\"Tiago Lotto\" \/>\n<meta name=\"twitter:card\" content=\"summary_large_image\" \/>\n<meta name=\"twitter:label1\" content=\"Escrito por\" \/>\n\t<meta name=\"twitter:data1\" content=\"Tiago Lotto\" \/>\n\t<meta name=\"twitter:label2\" content=\"Est. tempo de leitura\" \/>\n\t<meta name=\"twitter:data2\" content=\"4 minutos\" \/>\n<script type=\"application\/ld+json\" class=\"yoast-schema-graph\">{\"@context\":\"https:\\\/\\\/schema.org\",\"@graph\":[{\"@type\":\"Article\",\"@id\":\"https:\\\/\\\/universoesportivo.net\\\/index.php\\\/2024\\\/08\\\/22\\\/atleta-de-pindorama-ganha-patrocinio-da-industrias-colombo-e-vai-representar-o-brasil-na-belgica\\\/#article\",\"isPartOf\":{\"@id\":\"https:\\\/\\\/universoesportivo.net\\\/index.php\\\/2024\\\/08\\\/22\\\/atleta-de-pindorama-ganha-patrocinio-da-industrias-colombo-e-vai-representar-o-brasil-na-belgica\\\/\"},\"author\":{\"name\":\"Tiago Lotto\",\"@id\":\"https:\\\/\\\/universoesportivo.net\\\/#\\\/schema\\\/person\\\/62bc311bc7def56a6bc83711536e74bd\"},\"headline\":\"Atleta de Pindorama ganha patroc\u00ednio da Ind\u00fastrias Colombo e vai representar o Brasil na B\u00e9lgica\",\"datePublished\":\"2024-08-22T18:31:52+00:00\",\"dateModified\":\"2024-08-22T18:31:53+00:00\",\"mainEntityOfPage\":{\"@id\":\"https:\\\/\\\/universoesportivo.net\\\/index.php\\\/2024\\\/08\\\/22\\\/atleta-de-pindorama-ganha-patrocinio-da-industrias-colombo-e-vai-representar-o-brasil-na-belgica\\\/\"},\"wordCount\":538,\"publisher\":{\"@id\":\"https:\\\/\\\/universoesportivo.net\\\/#organization\"},\"image\":{\"@id\":\"https:\\\/\\\/universoesportivo.net\\\/index.php\\\/2024\\\/08\\\/22\\\/atleta-de-pindorama-ganha-patrocinio-da-industrias-colombo-e-vai-representar-o-brasil-na-belgica\\\/#primaryimage\"},\"thumbnailUrl\":\"https:\\\/\\\/universoesportivo.net\\\/wp-content\\\/uploads\\\/2024\\\/08\\\/abrekimo.jpg\",\"articleSection\":[\"Artes Marciais\",\"ESPORTES\"],\"inLanguage\":\"pt-BR\"},{\"@type\":\"WebPage\",\"@id\":\"https:\\\/\\\/universoesportivo.net\\\/index.php\\\/2024\\\/08\\\/22\\\/atleta-de-pindorama-ganha-patrocinio-da-industrias-colombo-e-vai-representar-o-brasil-na-belgica\\\/\",\"url\":\"https:\\\/\\\/universoesportivo.net\\\/index.php\\\/2024\\\/08\\\/22\\\/atleta-de-pindorama-ganha-patrocinio-da-industrias-colombo-e-vai-representar-o-brasil-na-belgica\\\/\",\"name\":\"Atleta de Pindorama ganha patroc\u00ednio da Ind\u00fastrias Colombo e vai representar o Brasil na B\u00e9lgica - Universo Esportivo\",\"isPartOf\":{\"@id\":\"https:\\\/\\\/universoesportivo.net\\\/#website\"},\"primaryImageOfPage\":{\"@id\":\"https:\\\/\\\/universoesportivo.net\\\/index.php\\\/2024\\\/08\\\/22\\\/atleta-de-pindorama-ganha-patrocinio-da-industrias-colombo-e-vai-representar-o-brasil-na-belgica\\\/#primaryimage\"},\"image\":{\"@id\":\"https:\\\/\\\/universoesportivo.net\\\/index.php\\\/2024\\\/08\\\/22\\\/atleta-de-pindorama-ganha-patrocinio-da-industrias-colombo-e-vai-representar-o-brasil-na-belgica\\\/#primaryimage\"},\"thumbnailUrl\":\"https:\\\/\\\/universoesportivo.net\\\/wp-content\\\/uploads\\\/2024\\\/08\\\/abrekimo.jpg\",\"datePublished\":\"2024-08-22T18:31:52+00:00\",\"dateModified\":\"2024-08-22T18:31:53+00:00\",\"breadcrumb\":{\"@id\":\"https:\\\/\\\/universoesportivo.net\\\/index.php\\\/2024\\\/08\\\/22\\\/atleta-de-pindorama-ganha-patrocinio-da-industrias-colombo-e-vai-representar-o-brasil-na-belgica\\\/#breadcrumb\"},\"inLanguage\":\"pt-BR\",\"potentialAction\":[{\"@type\":\"ReadAction\",\"target\":[\"https:\\\/\\\/universoesportivo.net\\\/index.php\\\/2024\\\/08\\\/22\\\/atleta-de-pindorama-ganha-patrocinio-da-industrias-colombo-e-vai-representar-o-brasil-na-belgica\\\/\"]}]},{\"@type\":\"ImageObject\",\"inLanguage\":\"pt-BR\",\"@id\":\"https:\\\/\\\/universoesportivo.net\\\/index.php\\\/2024\\\/08\\\/22\\\/atleta-de-pindorama-ganha-patrocinio-da-industrias-colombo-e-vai-representar-o-brasil-na-belgica\\\/#primaryimage\",\"url\":\"https:\\\/\\\/universoesportivo.net\\\/wp-content\\\/uploads\\\/2024\\\/08\\\/abrekimo.jpg\",\"contentUrl\":\"https:\\\/\\\/universoesportivo.net\\\/wp-content\\\/uploads\\\/2024\\\/08\\\/abrekimo.jpg\",\"width\":384,\"height\":278},{\"@type\":\"BreadcrumbList\",\"@id\":\"https:\\\/\\\/universoesportivo.net\\\/index.php\\\/2024\\\/08\\\/22\\\/atleta-de-pindorama-ganha-patrocinio-da-industrias-colombo-e-vai-representar-o-brasil-na-belgica\\\/#breadcrumb\",\"itemListElement\":[{\"@type\":\"ListItem\",\"position\":1,\"name\":\"In\u00edcio\",\"item\":\"https:\\\/\\\/universoesportivo.net\\\/\"},{\"@type\":\"ListItem\",\"position\":2,\"name\":\"Atleta de Pindorama ganha patroc\u00ednio da Ind\u00fastrias Colombo e vai representar o Brasil na B\u00e9lgica\"}]},{\"@type\":\"WebSite\",\"@id\":\"https:\\\/\\\/universoesportivo.net\\\/#website\",\"url\":\"https:\\\/\\\/universoesportivo.net\\\/\",\"name\":\"Universo Esportivo\",\"description\":\"O portal de todas as modalidades esportivas!\",\"publisher\":{\"@id\":\"https:\\\/\\\/universoesportivo.net\\\/#organization\"},\"alternateName\":\"Jornalista Tiago Contador Lotto\",\"potentialAction\":[{\"@type\":\"SearchAction\",\"target\":{\"@type\":\"EntryPoint\",\"urlTemplate\":\"https:\\\/\\\/universoesportivo.net\\\/?s={search_term_string}\"},\"query-input\":{\"@type\":\"PropertyValueSpecification\",\"valueRequired\":true,\"valueName\":\"search_term_string\"}}],\"inLanguage\":\"pt-BR\"},{\"@type\":\"Organization\",\"@id\":\"https:\\\/\\\/universoesportivo.net\\\/#organization\",\"name\":\"Universo Esportivo\",\"alternateName\":\"Tiago Lotto\",\"url\":\"https:\\\/\\\/universoesportivo.net\\\/\",\"logo\":{\"@type\":\"ImageObject\",\"inLanguage\":\"pt-BR\",\"@id\":\"https:\\\/\\\/universoesportivo.net\\\/#\\\/schema\\\/logo\\\/image\\\/\",\"url\":\"https:\\\/\\\/universoesportivo.net\\\/wp-content\\\/uploads\\\/2024\\\/05\\\/cropped-cropped-universo-6.png\",\"contentUrl\":\"https:\\\/\\\/universoesportivo.net\\\/wp-content\\\/uploads\\\/2024\\\/05\\\/cropped-cropped-universo-6.png\",\"width\":413,\"height\":295,\"caption\":\"Universo Esportivo\"},\"image\":{\"@id\":\"https:\\\/\\\/universoesportivo.net\\\/#\\\/schema\\\/logo\\\/image\\\/\"},\"sameAs\":[\"https:\\\/\\\/www.facebook.com\\\/universoesportivo.net\"]},{\"@type\":\"Person\",\"@id\":\"https:\\\/\\\/universoesportivo.net\\\/#\\\/schema\\\/person\\\/62bc311bc7def56a6bc83711536e74bd\",\"name\":\"Tiago Lotto\",\"image\":{\"@type\":\"ImageObject\",\"inLanguage\":\"pt-BR\",\"@id\":\"https:\\\/\\\/secure.gravatar.com\\\/avatar\\\/fd6891125b3fb6ba0b794cd20c3398d5bb0fa20d2b9963a95f19470e5a6192f7?s=96&d=mm&r=g\",\"url\":\"https:\\\/\\\/secure.gravatar.com\\\/avatar\\\/fd6891125b3fb6ba0b794cd20c3398d5bb0fa20d2b9963a95f19470e5a6192f7?s=96&d=mm&r=g\",\"contentUrl\":\"https:\\\/\\\/secure.gravatar.com\\\/avatar\\\/fd6891125b3fb6ba0b794cd20c3398d5bb0fa20d2b9963a95f19470e5a6192f7?s=96&d=mm&r=g\",\"caption\":\"Tiago Lotto\"},\"url\":\"https:\\\/\\\/universoesportivo.net\\\/index.php\\\/author\\\/tiago-lotto\\\/\"}]}<\/script>\n<!-- \/ Yoast SEO plugin. -->","yoast_head_json":{"title":"Atleta de Pindorama ganha patroc\u00ednio da Ind\u00fastrias Colombo e vai representar o Brasil na B\u00e9lgica - Universo Esportivo","robots":{"index":"index","follow":"follow","max-snippet":"max-snippet:-1","max-image-preview":"max-image-preview:large","max-video-preview":"max-video-preview:-1"},"canonical":"https:\/\/universoesportivo.net\/index.php\/2024\/08\/22\/atleta-de-pindorama-ganha-patrocinio-da-industrias-colombo-e-vai-representar-o-brasil-na-belgica\/","og_locale":"pt_BR","og_type":"article","og_title":"Atleta de Pindorama ganha patroc\u00ednio da Ind\u00fastrias Colombo e vai representar o Brasil na B\u00e9lgica - Universo Esportivo","og_description":"Campe\u00e3o brasileira de karat\u00ea shotokan, Livia Dominici 'lutou fora dos tatames' para conseguir apoio para disputar competi\u00e7\u00e3o na Europa. Ind\u00fastrias Colombo 'abra\u00e7ou' a atleta.","og_url":"https:\/\/universoesportivo.net\/index.php\/2024\/08\/22\/atleta-de-pindorama-ganha-patrocinio-da-industrias-colombo-e-vai-representar-o-brasil-na-belgica\/","og_site_name":"Universo Esportivo","article_publisher":"https:\/\/www.facebook.com\/universoesportivo.net","article_published_time":"2024-08-22T18:31:52+00:00","article_modified_time":"2024-08-22T18:31:53+00:00","og_image":[{"width":384,"height":278,"url":"https:\/\/universoesportivo.net\/wp-content\/uploads\/2024\/08\/abrekimo.jpg","type":"image\/jpeg"}],"author":"Tiago Lotto","twitter_card":"summary_large_image","twitter_misc":{"Escrito por":"Tiago Lotto","Est. tempo de leitura":"4 minutos"},"schema":{"@context":"https:\/\/schema.org","@graph":[{"@type":"Article","@id":"https:\/\/universoesportivo.net\/index.php\/2024\/08\/22\/atleta-de-pindorama-ganha-patrocinio-da-industrias-colombo-e-vai-representar-o-brasil-na-belgica\/#article","isPartOf":{"@id":"https:\/\/universoesportivo.net\/index.php\/2024\/08\/22\/atleta-de-pindorama-ganha-patrocinio-da-industrias-colombo-e-vai-representar-o-brasil-na-belgica\/"},"author":{"name":"Tiago Lotto","@id":"https:\/\/universoesportivo.net\/#\/schema\/person\/62bc311bc7def56a6bc83711536e74bd"},"headline":"Atleta de Pindorama ganha patroc\u00ednio da Ind\u00fastrias Colombo e vai representar o Brasil na B\u00e9lgica","datePublished":"2024-08-22T18:31:52+00:00","dateModified":"2024-08-22T18:31:53+00:00","mainEntityOfPage":{"@id":"https:\/\/universoesportivo.net\/index.php\/2024\/08\/22\/atleta-de-pindorama-ganha-patrocinio-da-industrias-colombo-e-vai-representar-o-brasil-na-belgica\/"},"wordCount":538,"publisher":{"@id":"https:\/\/universoesportivo.net\/#organization"},"image":{"@id":"https:\/\/universoesportivo.net\/index.php\/2024\/08\/22\/atleta-de-pindorama-ganha-patrocinio-da-industrias-colombo-e-vai-representar-o-brasil-na-belgica\/#primaryimage"},"thumbnailUrl":"https:\/\/universoesportivo.net\/wp-content\/uploads\/2024\/08\/abrekimo.jpg","articleSection":["Artes Marciais","ESPORTES"],"inLanguage":"pt-BR"},{"@type":"WebPage","@id":"https:\/\/universoesportivo.net\/index.php\/2024\/08\/22\/atleta-de-pindorama-ganha-patrocinio-da-industrias-colombo-e-vai-representar-o-brasil-na-belgica\/","url":"https:\/\/universoesportivo.net\/index.php\/2024\/08\/22\/atleta-de-pindorama-ganha-patrocinio-da-industrias-colombo-e-vai-representar-o-brasil-na-belgica\/","name":"Atleta de Pindorama ganha patroc\u00ednio da Ind\u00fastrias Colombo e vai representar o Brasil na B\u00e9lgica - Universo Esportivo","isPartOf":{"@id":"https:\/\/universoesportivo.net\/#website"},"primaryImageOfPage":{"@id":"https:\/\/universoesportivo.net\/index.php\/2024\/08\/22\/atleta-de-pindorama-ganha-patrocinio-da-industrias-colombo-e-vai-representar-o-brasil-na-belgica\/#primaryimage"},"image":{"@id":"https:\/\/universoesportivo.net\/index.php\/2024\/08\/22\/atleta-de-pindorama-ganha-patrocinio-da-industrias-colombo-e-vai-representar-o-brasil-na-belgica\/#primaryimage"},"thumbnailUrl":"https:\/\/universoesportivo.net\/wp-content\/uploads\/2024\/08\/abrekimo.jpg","datePublished":"2024-08-22T18:31:52+00:00","dateModified":"2024-08-22T18:31:53+00:00","breadcrumb":{"@id":"https:\/\/universoesportivo.net\/index.php\/2024\/08\/22\/atleta-de-pindorama-ganha-patrocinio-da-industrias-colombo-e-vai-representar-o-brasil-na-belgica\/#breadcrumb"},"inLanguage":"pt-BR","potentialAction":[{"@type":"ReadAction","target":["https:\/\/universoesportivo.net\/index.php\/2024\/08\/22\/atleta-de-pindorama-ganha-patrocinio-da-industrias-colombo-e-vai-representar-o-brasil-na-belgica\/"]}]},{"@type":"ImageObject","inLanguage":"pt-BR","@id":"https:\/\/universoesportivo.net\/index.php\/2024\/08\/22\/atleta-de-pindorama-ganha-patrocinio-da-industrias-colombo-e-vai-representar-o-brasil-na-belgica\/#primaryimage","url":"https:\/\/universoesportivo.net\/wp-content\/uploads\/2024\/08\/abrekimo.jpg","contentUrl":"https:\/\/universoesportivo.net\/wp-content\/uploads\/2024\/08\/abrekimo.jpg","width":384,"height":278},{"@type":"BreadcrumbList","@id":"https:\/\/universoesportivo.net\/index.php\/2024\/08\/22\/atleta-de-pindorama-ganha-patrocinio-da-industrias-colombo-e-vai-representar-o-brasil-na-belgica\/#breadcrumb","itemListElement":[{"@type":"ListItem","position":1,"name":"In\u00edcio","item":"https:\/\/universoesportivo.net\/"},{"@type":"ListItem","position":2,"name":"Atleta de Pindorama ganha patroc\u00ednio da Ind\u00fastrias Colombo e vai representar o Brasil na B\u00e9lgica"}]},{"@type":"WebSite","@id":"https:\/\/universoesportivo.net\/#website","url":"https:\/\/universoesportivo.net\/","name":"Universo Esportivo","description":"O portal de todas as modalidades esportivas!","publisher":{"@id":"https:\/\/universoesportivo.net\/#organization"},"alternateName":"Jornalista Tiago Contador Lotto","potentialAction":[{"@type":"SearchAction","target":{"@type":"EntryPoint","urlTemplate":"https:\/\/universoesportivo.net\/?s={search_term_string}"},"query-input":{"@type":"PropertyValueSpecification","valueRequired":true,"valueName":"search_term_string"}}],"inLanguage":"pt-BR"},{"@type":"Organization","@id":"https:\/\/universoesportivo.net\/#organization","name":"Universo Esportivo","alternateName":"Tiago Lotto","url":"https:\/\/universoesportivo.net\/","logo":{"@type":"ImageObject","inLanguage":"pt-BR","@id":"https:\/\/universoesportivo.net\/#\/schema\/logo\/image\/","url":"https:\/\/universoesportivo.net\/wp-content\/uploads\/2024\/05\/cropped-cropped-universo-6.png","contentUrl":"https:\/\/universoesportivo.net\/wp-content\/uploads\/2024\/05\/cropped-cropped-universo-6.png","width":413,"height":295,"caption":"Universo Esportivo"},"image":{"@id":"https:\/\/universoesportivo.net\/#\/schema\/logo\/image\/"},"sameAs":["https:\/\/www.facebook.com\/universoesportivo.net"]},{"@type":"Person","@id":"https:\/\/universoesportivo.net\/#\/schema\/person\/62bc311bc7def56a6bc83711536e74bd","name":"Tiago Lotto","image":{"@type":"ImageObject","inLanguage":"pt-BR","@id":"https:\/\/secure.gravatar.com\/avatar\/fd6891125b3fb6ba0b794cd20c3398d5bb0fa20d2b9963a95f19470e5a6192f7?s=96&d=mm&r=g","url":"https:\/\/secure.gravatar.com\/avatar\/fd6891125b3fb6ba0b794cd20c3398d5bb0fa20d2b9963a95f19470e5a6192f7?s=96&d=mm&r=g","contentUrl":"https:\/\/secure.gravatar.com\/avatar\/fd6891125b3fb6ba0b794cd20c3398d5bb0fa20d2b9963a95f19470e5a6192f7?s=96&d=mm&r=g","caption":"Tiago Lotto"},"url":"https:\/\/universoesportivo.net\/index.php\/author\/tiago-lotto\/"}]}},"jetpack_featured_media_url":"https:\/\/universoesportivo.net\/wp-content\/uploads\/2024\/08\/abrekimo.jpg","_links":{"self":[{"href":"https:\/\/universoesportivo.net\/index.php\/wp-json\/wp\/v2\/posts\/1606","targetHints":{"allow":["GET"]}}],"collection":[{"href":"https:\/\/universoesportivo.net\/index.php\/wp-json\/wp\/v2\/posts"}],"about":[{"href":"https:\/\/universoesportivo.net\/index.php\/wp-json\/wp\/v2\/types\/post"}],"author":[{"embeddable":true,"href":"https:\/\/universoesportivo.net\/index.php\/wp-json\/wp\/v2\/users\/2"}],"replies":[{"embeddable":true,"href":"https:\/\/universoesportivo.net\/index.php\/wp-json\/wp\/v2\/comments?post=1606"}],"version-history":[{"count":1,"href":"https:\/\/universoesportivo.net\/index.php\/wp-json\/wp\/v2\/posts\/1606\/revisions"}],"predecessor-version":[{"id":1610,"href":"https:\/\/universoesportivo.net\/index.php\/wp-json\/wp\/v2\/posts\/1606\/revisions\/1610"}],"wp:featuredmedia":[{"embeddable":true,"href":"https:\/\/universoesportivo.net\/index.php\/wp-json\/wp\/v2\/media\/1609"}],"wp:attachment":[{"href":"https:\/\/universoesportivo.net\/index.php\/wp-json\/wp\/v2\/media?parent=1606"}],"wp:term":[{"taxonomy":"category","embeddable":true,"href":"https:\/\/universoesportivo.net\/index.php\/wp-json\/wp\/v2\/categories?post=1606"},{"taxonomy":"post_tag","embeddable":true,"href":"https:\/\/universoesportivo.net\/index.php\/wp-json\/wp\/v2\/tags?post=1606"}],"curies":[{"name":"wp","href":"https:\/\/api.w.org\/{rel}","templated":true}]}}