{"id":1643,"date":"2024-08-28T21:32:09","date_gmt":"2024-08-29T00:32:09","guid":{"rendered":"https:\/\/universoesportivo.net\/?p=1643"},"modified":"2024-08-28T21:32:10","modified_gmt":"2024-08-29T00:32:10","slug":"abel-ferreira-soberba-ou-extrema-competencia-mi-lotto-fala-sobre-o-tecnico-portugues-em-sua-coluna-esportiva","status":"publish","type":"post","link":"https:\/\/universoesportivo.net\/index.php\/2024\/08\/28\/abel-ferreira-soberba-ou-extrema-competencia-mi-lotto-fala-sobre-o-tecnico-portugues-em-sua-coluna-esportiva\/","title":{"rendered":"Abel Ferreira: soberba ou extrema compet\u00eancia? Mi Lotto fala sobre o t\u00e9cnico portugu\u00eas em sua coluna esportiva"},"content":{"rendered":"\n<p class=\"has-medium-font-size\">Com certeza, a not\u00edcia das atitudes de Abel Ferreira, o treinador do Palmeiras, nesta semana, foi entre as mais lidas, ouvidas e comentadas no segmento das m\u00eddias.<\/p>\n\n\n\n<p class=\"has-medium-font-size\">Me fez refletir sobre algumas passagens e coloca\u00e7\u00f5es de especialistas, rep\u00f3rteres esportivos, sobre a riqueza sem honestidade, sobre o sucesso sem humildade, sobre a fama sem car\u00e1ter, e me levaram a algumas considera\u00e7\u00f5es.<\/p>\n\n\n\n<p class=\"has-medium-font-size\">O portugu\u00eas Abel Ferreira tem no seu curr\u00edculo dez t\u00edtulos pelo Verd\u00e3o, em quase quatro anos de clube. Evidente que todas as vit\u00f3rias conquistadas no Palmeiras o transformaram em um dos t\u00e9cnicos mais vitoriosos atualmente no Brasil.<\/p>\n\n\n\n<p class=\"has-medium-font-size\">Somente o agravante \u00e9 que ele n\u00e3o consegue administrar frustra\u00e7\u00f5es e insucessos. Levando em conta que o seu sal\u00e1rio chega a mais de R$ 50 milh\u00f5es por ano entre sal\u00e1rios e premia\u00e7\u00f5es, \u00e9 inadmiss\u00edvel algu\u00e9m que possa ter algumas atitudes, digamos, \u2018esnobe\u2019 e \u2018sem classe\u2019.<\/p>\n\n\n\n<p class=\"has-medium-font-size\">A recente resposta para a jornalista Aline, da Band, que questionou o t\u00e9cnico sobre a les\u00e3o de um atleta, mostrou a grosseria e o preconceito do portugu\u00eas, que soltou essa p\u00e9rola: \u201cQue todos saibam que eu s\u00f3 tenho que dar satisfa\u00e7\u00f5es e explica\u00e7\u00f5es apenas para tr\u00eas mulheres\u201d, que seriam sua m\u00e3e, sua esposa e a patroa (Leila, presidente do Palmeiras).<\/p>\n\n\n\n<p class=\"has-medium-font-size\">Ent\u00e3o, depois de alguns \u201cflashes\u201d, algumas situa\u00e7\u00f5es, algumas falas sobre \u201ceu sou europeu\u201d, numa discrimina\u00e7\u00e3o e num preconceito tipo \u201csou o mais importante\u201d, alguns jornalistas citam isso e relatam como uma tremenda arrog\u00e2ncia.<\/p>\n\n\n\n<p class=\"has-medium-font-size\">Para quem tem o sal\u00e1rio que tem, toda fama que j\u00e1 conquistou, todo dinheiro acumulado que o possibilita aposentadoria robusta, acaba fazendo essa lamban\u00e7a na coletiva de imprensa para destilar sua frustra\u00e7\u00e3o e seu insucesso em algumas competi\u00e7\u00f5es. Apesar de ter conseguido Libertadores, Brasileiro, Copa do Brasil, entre outros t\u00edtulos, ficou a promessa de levar o Palmeiras a conquistar um Mundial Fifa, j\u00e1 que muitos consideram o t\u00edtulo de 1951 uma conquista sem a chancela da entidade m\u00e1xima do futebol.<\/p>\n\n\n\n<p class=\"has-medium-font-size\">Novamente desclassificado da Libertadores, este pode ter sido um dos motivos de sua resposta grosseira e preconceituosa, mostrando que, mesmo sendo um l\u00edder, um t\u00e9cnico vitorioso, o acompanhamento de um psic\u00f3logo seria aconselh\u00e1vel.<\/p>\n\n\n\n<p class=\"has-medium-font-size\">Para um rapaz que teve sua inf\u00e2ncia, seu come\u00e7o, l\u00e1 no Pena Fiel, conhecido como Pastelzinho de Bel\u00e9m da Rua 33, que foi um jogador mediano, n\u00e3o se destacando muito (parou por problema no joelho), por\u00e9m como t\u00e9cnico chegou ao sucesso no Brasil, acredito que Abel poderia rever a possibilidade de existir a lei do retorno, uma vez que o ac\u00famulo de situa\u00e7\u00f5es com que ele se autodetermina como conhecedor, como melhor, (muitas vezes at\u00e9 com arrog\u00e2ncia e soberba) n\u00e3o seja o caminho correto para um profissional com tantas conquistas e tantas vit\u00f3rias.<\/p>\n\n\n\n<p class=\"has-medium-font-size\">Talvez at\u00e9 o ac\u00famulo de sucesso e de fortuna que ele tenha conseguido no Palmeiras, possa ter, de uma certa forma, distorcido o seu discernimento de valores. O que n\u00e3o cabe, nos dias de hoje, \u00e9 continuar fazendo esse papel arrogante e, depois, enviar \u2018notinha\u2019 aos ve\u00edculos de comunica\u00e7\u00e3o pedindo desculpas e dizendo que \u201cn\u00e3o foi minha inten\u00e7\u00e3o\u201d. Foi sim, Abel, foi sua inten\u00e7\u00e3o ser arrogante e soberba. E isso j\u00e1 est\u00e1 evidente para todos!<\/p>\n\n\n\n<p class=\"has-medium-font-size\"><em>Mi Lotto \u00e9 pedagogo, analista de RH, produtor cultural e ex-atleta amador. Jogou, quando jovem, em Ja\u00fa. Apaixonado por esportes e por hist\u00f3rias do futebol, \u00e9 colunista do portal Universo Esportivo.<\/em><\/p>\n","protected":false},"excerpt":{"rendered":"<p>Ser\u00e1 que as elimina\u00e7\u00f5es do Palmeiras da Libertadores e da Copa do Brasil evidenciaram o car\u00e1ter do t\u00e9cnico Abel Ferreira?<\/p>\n","protected":false},"author":2,"featured_media":1644,"comment_status":"closed","ping_status":"closed","sticky":false,"template":"","format":"standard","meta":{"colormag_page_container_layout":"default_layout","colormag_page_sidebar_layout":"default_layout","footnotes":""},"categories":[62,17],"tags":[],"class_list":["post-1643","post","type-post","status-publish","format-standard","has-post-thumbnail","hentry","category-artigo","category-esportes"],"magazineBlocksPostFeaturedMedia":{"thumbnail":"https:\/\/universoesportivo.net\/wp-content\/uploads\/2024\/08\/abreabellotto-150x150.jpg","medium":"https:\/\/universoesportivo.net\/wp-content\/uploads\/2024\/08\/abreabellotto-300x180.jpg","medium_large":"https:\/\/universoesportivo.net\/wp-content\/uploads\/2024\/08\/abreabellotto.jpg","large":"https:\/\/universoesportivo.net\/wp-content\/uploads\/2024\/08\/abreabellotto.jpg","1536x1536":"https:\/\/universoesportivo.net\/wp-content\/uploads\/2024\/08\/abreabellotto.jpg","2048x2048":"https:\/\/universoesportivo.net\/wp-content\/uploads\/2024\/08\/abreabellotto.jpg","trp-custom-language-flag":"https:\/\/universoesportivo.net\/wp-content\/uploads\/2024\/08\/abreabellotto-18x12.jpg","colormag-highlighted-post":"https:\/\/universoesportivo.net\/wp-content\/uploads\/2024\/08\/abreabellotto-392x251.jpg","colormag-featured-post-medium":"https:\/\/universoesportivo.net\/wp-content\/uploads\/2024\/08\/abreabellotto-390x205.jpg","colormag-featured-post-small":"https:\/\/universoesportivo.net\/wp-content\/uploads\/2024\/08\/abreabellotto-130x90.jpg","colormag-featured-image":"https:\/\/universoesportivo.net\/wp-content\/uploads\/2024\/08\/abreabellotto.jpg","colormag-default-news":"https:\/\/universoesportivo.net\/wp-content\/uploads\/2024\/08\/abreabellotto-150x150.jpg","colormag-featured-image-large":"https:\/\/universoesportivo.net\/wp-content\/uploads\/2024\/08\/abreabellotto.jpg","colormag-elementor-block-extra-large-thumbnail":"https:\/\/universoesportivo.net\/wp-content\/uploads\/2024\/08\/abreabellotto.jpg","colormag-elementor-grid-large-thumbnail":"https:\/\/universoesportivo.net\/wp-content\/uploads\/2024\/08\/abreabellotto.jpg","colormag-elementor-grid-small-thumbnail":"https:\/\/universoesportivo.net\/wp-content\/uploads\/2024\/08\/abreabellotto-285x251.jpg","colormag-elementor-grid-medium-large-thumbnail":"https:\/\/universoesportivo.net\/wp-content\/uploads\/2024\/08\/abreabellotto-418x198.jpg"},"magazineBlocksPostAuthor":{"name":"Tiago Lotto","avatar":"https:\/\/secure.gravatar.com\/avatar\/fd6891125b3fb6ba0b794cd20c3398d5bb0fa20d2b9963a95f19470e5a6192f7?s=96&d=mm&r=g"},"magazineBlocksPostCommentsNumber":false,"magazineBlocksPostExcerpt":"Ser\u00e1 que as elimina\u00e7\u00f5es do Palmeiras da Libertadores e da Copa do Brasil evidenciaram o car\u00e1ter do t\u00e9cnico Abel Ferreira?","magazineBlocksPostCategories":["ARTIGO","ESPORTES"],"magazineBlocksPostViewCount":28,"magazineBlocksPostReadTime":4,"magazine_blocks_featured_image_url":{"full":["https:\/\/universoesportivo.net\/wp-content\/uploads\/2024\/08\/abreabellotto.jpg",418,251,false],"medium":["https:\/\/universoesportivo.net\/wp-content\/uploads\/2024\/08\/abreabellotto-300x180.jpg",300,180,true],"thumbnail":["https:\/\/universoesportivo.net\/wp-content\/uploads\/2024\/08\/abreabellotto-150x150.jpg",150,150,true]},"magazine_blocks_author":{"display_name":"Tiago Lotto","author_link":"https:\/\/universoesportivo.net\/index.php\/author\/tiago-lotto\/"},"magazine_blocks_comment":0,"magazine_blocks_author_image":"https:\/\/secure.gravatar.com\/avatar\/fd6891125b3fb6ba0b794cd20c3398d5bb0fa20d2b9963a95f19470e5a6192f7?s=96&d=mm&r=g","magazine_blocks_category":"<a href=\"#\" class=\"category-link category-link-62\">ARTIGO<\/a> <a href=\"#\" class=\"category-link category-link-17\">ESPORTES<\/a>","yoast_head":"<!-- This site is optimized with the Yoast SEO plugin v27.4 - https:\/\/yoast.com\/product\/yoast-seo-wordpress\/ -->\n<title>Abel Ferreira: soberba ou extrema compet\u00eancia? Mi Lotto fala sobre o t\u00e9cnico portugu\u00eas em sua coluna esportiva - Universo Esportivo<\/title>\n<meta name=\"robots\" content=\"index, follow, max-snippet:-1, max-image-preview:large, max-video-preview:-1\" \/>\n<link rel=\"canonical\" href=\"https:\/\/universoesportivo.net\/index.php\/2024\/08\/28\/abel-ferreira-soberba-ou-extrema-competencia-mi-lotto-fala-sobre-o-tecnico-portugues-em-sua-coluna-esportiva\/\" \/>\n<meta property=\"og:locale\" content=\"pt_BR\" \/>\n<meta property=\"og:type\" content=\"article\" \/>\n<meta property=\"og:title\" content=\"Abel Ferreira: soberba ou extrema compet\u00eancia? Mi Lotto fala sobre o t\u00e9cnico portugu\u00eas em sua coluna esportiva - Universo Esportivo\" \/>\n<meta property=\"og:description\" content=\"Ser\u00e1 que as elimina\u00e7\u00f5es do Palmeiras da Libertadores e da Copa do Brasil evidenciaram o car\u00e1ter do t\u00e9cnico Abel Ferreira?\" \/>\n<meta property=\"og:url\" content=\"https:\/\/universoesportivo.net\/index.php\/2024\/08\/28\/abel-ferreira-soberba-ou-extrema-competencia-mi-lotto-fala-sobre-o-tecnico-portugues-em-sua-coluna-esportiva\/\" \/>\n<meta property=\"og:site_name\" content=\"Universo Esportivo\" \/>\n<meta property=\"article:publisher\" content=\"https:\/\/www.facebook.com\/universoesportivo.net\" \/>\n<meta property=\"article:published_time\" content=\"2024-08-29T00:32:09+00:00\" \/>\n<meta property=\"article:modified_time\" content=\"2024-08-29T00:32:10+00:00\" \/>\n<meta property=\"og:image\" content=\"https:\/\/universoesportivo.net\/wp-content\/uploads\/2024\/08\/abreabellotto.jpg\" \/>\n\t<meta property=\"og:image:width\" content=\"418\" \/>\n\t<meta property=\"og:image:height\" content=\"251\" \/>\n\t<meta property=\"og:image:type\" content=\"image\/jpeg\" \/>\n<meta name=\"author\" content=\"Tiago Lotto\" \/>\n<meta name=\"twitter:card\" content=\"summary_large_image\" \/>\n<meta name=\"twitter:label1\" content=\"Escrito por\" \/>\n\t<meta name=\"twitter:data1\" content=\"Tiago Lotto\" \/>\n\t<meta name=\"twitter:label2\" content=\"Est. tempo de leitura\" \/>\n\t<meta name=\"twitter:data2\" content=\"4 minutos\" \/>\n<script type=\"application\/ld+json\" class=\"yoast-schema-graph\">{\"@context\":\"https:\\\/\\\/schema.org\",\"@graph\":[{\"@type\":\"Article\",\"@id\":\"https:\\\/\\\/universoesportivo.net\\\/index.php\\\/2024\\\/08\\\/28\\\/abel-ferreira-soberba-ou-extrema-competencia-mi-lotto-fala-sobre-o-tecnico-portugues-em-sua-coluna-esportiva\\\/#article\",\"isPartOf\":{\"@id\":\"https:\\\/\\\/universoesportivo.net\\\/index.php\\\/2024\\\/08\\\/28\\\/abel-ferreira-soberba-ou-extrema-competencia-mi-lotto-fala-sobre-o-tecnico-portugues-em-sua-coluna-esportiva\\\/\"},\"author\":{\"name\":\"Tiago Lotto\",\"@id\":\"https:\\\/\\\/universoesportivo.net\\\/#\\\/schema\\\/person\\\/62bc311bc7def56a6bc83711536e74bd\"},\"headline\":\"Abel Ferreira: soberba ou extrema compet\u00eancia? Mi Lotto fala sobre o t\u00e9cnico portugu\u00eas em sua coluna esportiva\",\"datePublished\":\"2024-08-29T00:32:09+00:00\",\"dateModified\":\"2024-08-29T00:32:10+00:00\",\"mainEntityOfPage\":{\"@id\":\"https:\\\/\\\/universoesportivo.net\\\/index.php\\\/2024\\\/08\\\/28\\\/abel-ferreira-soberba-ou-extrema-competencia-mi-lotto-fala-sobre-o-tecnico-portugues-em-sua-coluna-esportiva\\\/\"},\"wordCount\":621,\"publisher\":{\"@id\":\"https:\\\/\\\/universoesportivo.net\\\/#organization\"},\"image\":{\"@id\":\"https:\\\/\\\/universoesportivo.net\\\/index.php\\\/2024\\\/08\\\/28\\\/abel-ferreira-soberba-ou-extrema-competencia-mi-lotto-fala-sobre-o-tecnico-portugues-em-sua-coluna-esportiva\\\/#primaryimage\"},\"thumbnailUrl\":\"https:\\\/\\\/universoesportivo.net\\\/wp-content\\\/uploads\\\/2024\\\/08\\\/abreabellotto.jpg\",\"articleSection\":[\"ARTIGO\",\"ESPORTES\"],\"inLanguage\":\"pt-BR\"},{\"@type\":\"WebPage\",\"@id\":\"https:\\\/\\\/universoesportivo.net\\\/index.php\\\/2024\\\/08\\\/28\\\/abel-ferreira-soberba-ou-extrema-competencia-mi-lotto-fala-sobre-o-tecnico-portugues-em-sua-coluna-esportiva\\\/\",\"url\":\"https:\\\/\\\/universoesportivo.net\\\/index.php\\\/2024\\\/08\\\/28\\\/abel-ferreira-soberba-ou-extrema-competencia-mi-lotto-fala-sobre-o-tecnico-portugues-em-sua-coluna-esportiva\\\/\",\"name\":\"Abel Ferreira: soberba ou extrema compet\u00eancia? Mi Lotto fala sobre o t\u00e9cnico portugu\u00eas em sua coluna esportiva - Universo Esportivo\",\"isPartOf\":{\"@id\":\"https:\\\/\\\/universoesportivo.net\\\/#website\"},\"primaryImageOfPage\":{\"@id\":\"https:\\\/\\\/universoesportivo.net\\\/index.php\\\/2024\\\/08\\\/28\\\/abel-ferreira-soberba-ou-extrema-competencia-mi-lotto-fala-sobre-o-tecnico-portugues-em-sua-coluna-esportiva\\\/#primaryimage\"},\"image\":{\"@id\":\"https:\\\/\\\/universoesportivo.net\\\/index.php\\\/2024\\\/08\\\/28\\\/abel-ferreira-soberba-ou-extrema-competencia-mi-lotto-fala-sobre-o-tecnico-portugues-em-sua-coluna-esportiva\\\/#primaryimage\"},\"thumbnailUrl\":\"https:\\\/\\\/universoesportivo.net\\\/wp-content\\\/uploads\\\/2024\\\/08\\\/abreabellotto.jpg\",\"datePublished\":\"2024-08-29T00:32:09+00:00\",\"dateModified\":\"2024-08-29T00:32:10+00:00\",\"breadcrumb\":{\"@id\":\"https:\\\/\\\/universoesportivo.net\\\/index.php\\\/2024\\\/08\\\/28\\\/abel-ferreira-soberba-ou-extrema-competencia-mi-lotto-fala-sobre-o-tecnico-portugues-em-sua-coluna-esportiva\\\/#breadcrumb\"},\"inLanguage\":\"pt-BR\",\"potentialAction\":[{\"@type\":\"ReadAction\",\"target\":[\"https:\\\/\\\/universoesportivo.net\\\/index.php\\\/2024\\\/08\\\/28\\\/abel-ferreira-soberba-ou-extrema-competencia-mi-lotto-fala-sobre-o-tecnico-portugues-em-sua-coluna-esportiva\\\/\"]}]},{\"@type\":\"ImageObject\",\"inLanguage\":\"pt-BR\",\"@id\":\"https:\\\/\\\/universoesportivo.net\\\/index.php\\\/2024\\\/08\\\/28\\\/abel-ferreira-soberba-ou-extrema-competencia-mi-lotto-fala-sobre-o-tecnico-portugues-em-sua-coluna-esportiva\\\/#primaryimage\",\"url\":\"https:\\\/\\\/universoesportivo.net\\\/wp-content\\\/uploads\\\/2024\\\/08\\\/abreabellotto.jpg\",\"contentUrl\":\"https:\\\/\\\/universoesportivo.net\\\/wp-content\\\/uploads\\\/2024\\\/08\\\/abreabellotto.jpg\",\"width\":418,\"height\":251},{\"@type\":\"BreadcrumbList\",\"@id\":\"https:\\\/\\\/universoesportivo.net\\\/index.php\\\/2024\\\/08\\\/28\\\/abel-ferreira-soberba-ou-extrema-competencia-mi-lotto-fala-sobre-o-tecnico-portugues-em-sua-coluna-esportiva\\\/#breadcrumb\",\"itemListElement\":[{\"@type\":\"ListItem\",\"position\":1,\"name\":\"In\u00edcio\",\"item\":\"https:\\\/\\\/universoesportivo.net\\\/\"},{\"@type\":\"ListItem\",\"position\":2,\"name\":\"Abel Ferreira: soberba ou extrema compet\u00eancia? Mi Lotto fala sobre o t\u00e9cnico portugu\u00eas em sua coluna esportiva\"}]},{\"@type\":\"WebSite\",\"@id\":\"https:\\\/\\\/universoesportivo.net\\\/#website\",\"url\":\"https:\\\/\\\/universoesportivo.net\\\/\",\"name\":\"Universo Esportivo\",\"description\":\"O portal de todas as modalidades esportivas!\",\"publisher\":{\"@id\":\"https:\\\/\\\/universoesportivo.net\\\/#organization\"},\"alternateName\":\"Jornalista Tiago Contador Lotto\",\"potentialAction\":[{\"@type\":\"SearchAction\",\"target\":{\"@type\":\"EntryPoint\",\"urlTemplate\":\"https:\\\/\\\/universoesportivo.net\\\/?s={search_term_string}\"},\"query-input\":{\"@type\":\"PropertyValueSpecification\",\"valueRequired\":true,\"valueName\":\"search_term_string\"}}],\"inLanguage\":\"pt-BR\"},{\"@type\":\"Organization\",\"@id\":\"https:\\\/\\\/universoesportivo.net\\\/#organization\",\"name\":\"Universo Esportivo\",\"alternateName\":\"Tiago Lotto\",\"url\":\"https:\\\/\\\/universoesportivo.net\\\/\",\"logo\":{\"@type\":\"ImageObject\",\"inLanguage\":\"pt-BR\",\"@id\":\"https:\\\/\\\/universoesportivo.net\\\/#\\\/schema\\\/logo\\\/image\\\/\",\"url\":\"https:\\\/\\\/universoesportivo.net\\\/wp-content\\\/uploads\\\/2024\\\/05\\\/cropped-cropped-universo-6.png\",\"contentUrl\":\"https:\\\/\\\/universoesportivo.net\\\/wp-content\\\/uploads\\\/2024\\\/05\\\/cropped-cropped-universo-6.png\",\"width\":413,\"height\":295,\"caption\":\"Universo Esportivo\"},\"image\":{\"@id\":\"https:\\\/\\\/universoesportivo.net\\\/#\\\/schema\\\/logo\\\/image\\\/\"},\"sameAs\":[\"https:\\\/\\\/www.facebook.com\\\/universoesportivo.net\"]},{\"@type\":\"Person\",\"@id\":\"https:\\\/\\\/universoesportivo.net\\\/#\\\/schema\\\/person\\\/62bc311bc7def56a6bc83711536e74bd\",\"name\":\"Tiago Lotto\",\"image\":{\"@type\":\"ImageObject\",\"inLanguage\":\"pt-BR\",\"@id\":\"https:\\\/\\\/secure.gravatar.com\\\/avatar\\\/fd6891125b3fb6ba0b794cd20c3398d5bb0fa20d2b9963a95f19470e5a6192f7?s=96&d=mm&r=g\",\"url\":\"https:\\\/\\\/secure.gravatar.com\\\/avatar\\\/fd6891125b3fb6ba0b794cd20c3398d5bb0fa20d2b9963a95f19470e5a6192f7?s=96&d=mm&r=g\",\"contentUrl\":\"https:\\\/\\\/secure.gravatar.com\\\/avatar\\\/fd6891125b3fb6ba0b794cd20c3398d5bb0fa20d2b9963a95f19470e5a6192f7?s=96&d=mm&r=g\",\"caption\":\"Tiago Lotto\"},\"url\":\"https:\\\/\\\/universoesportivo.net\\\/index.php\\\/author\\\/tiago-lotto\\\/\"}]}<\/script>\n<!-- \/ Yoast SEO plugin. -->","yoast_head_json":{"title":"Abel Ferreira: soberba ou extrema compet\u00eancia? Mi Lotto fala sobre o t\u00e9cnico portugu\u00eas em sua coluna esportiva - Universo Esportivo","robots":{"index":"index","follow":"follow","max-snippet":"max-snippet:-1","max-image-preview":"max-image-preview:large","max-video-preview":"max-video-preview:-1"},"canonical":"https:\/\/universoesportivo.net\/index.php\/2024\/08\/28\/abel-ferreira-soberba-ou-extrema-competencia-mi-lotto-fala-sobre-o-tecnico-portugues-em-sua-coluna-esportiva\/","og_locale":"pt_BR","og_type":"article","og_title":"Abel Ferreira: soberba ou extrema compet\u00eancia? Mi Lotto fala sobre o t\u00e9cnico portugu\u00eas em sua coluna esportiva - Universo Esportivo","og_description":"Ser\u00e1 que as elimina\u00e7\u00f5es do Palmeiras da Libertadores e da Copa do Brasil evidenciaram o car\u00e1ter do t\u00e9cnico Abel Ferreira?","og_url":"https:\/\/universoesportivo.net\/index.php\/2024\/08\/28\/abel-ferreira-soberba-ou-extrema-competencia-mi-lotto-fala-sobre-o-tecnico-portugues-em-sua-coluna-esportiva\/","og_site_name":"Universo Esportivo","article_publisher":"https:\/\/www.facebook.com\/universoesportivo.net","article_published_time":"2024-08-29T00:32:09+00:00","article_modified_time":"2024-08-29T00:32:10+00:00","og_image":[{"width":418,"height":251,"url":"https:\/\/universoesportivo.net\/wp-content\/uploads\/2024\/08\/abreabellotto.jpg","type":"image\/jpeg"}],"author":"Tiago Lotto","twitter_card":"summary_large_image","twitter_misc":{"Escrito por":"Tiago Lotto","Est. tempo de leitura":"4 minutos"},"schema":{"@context":"https:\/\/schema.org","@graph":[{"@type":"Article","@id":"https:\/\/universoesportivo.net\/index.php\/2024\/08\/28\/abel-ferreira-soberba-ou-extrema-competencia-mi-lotto-fala-sobre-o-tecnico-portugues-em-sua-coluna-esportiva\/#article","isPartOf":{"@id":"https:\/\/universoesportivo.net\/index.php\/2024\/08\/28\/abel-ferreira-soberba-ou-extrema-competencia-mi-lotto-fala-sobre-o-tecnico-portugues-em-sua-coluna-esportiva\/"},"author":{"name":"Tiago Lotto","@id":"https:\/\/universoesportivo.net\/#\/schema\/person\/62bc311bc7def56a6bc83711536e74bd"},"headline":"Abel Ferreira: soberba ou extrema compet\u00eancia? Mi Lotto fala sobre o t\u00e9cnico portugu\u00eas em sua coluna esportiva","datePublished":"2024-08-29T00:32:09+00:00","dateModified":"2024-08-29T00:32:10+00:00","mainEntityOfPage":{"@id":"https:\/\/universoesportivo.net\/index.php\/2024\/08\/28\/abel-ferreira-soberba-ou-extrema-competencia-mi-lotto-fala-sobre-o-tecnico-portugues-em-sua-coluna-esportiva\/"},"wordCount":621,"publisher":{"@id":"https:\/\/universoesportivo.net\/#organization"},"image":{"@id":"https:\/\/universoesportivo.net\/index.php\/2024\/08\/28\/abel-ferreira-soberba-ou-extrema-competencia-mi-lotto-fala-sobre-o-tecnico-portugues-em-sua-coluna-esportiva\/#primaryimage"},"thumbnailUrl":"https:\/\/universoesportivo.net\/wp-content\/uploads\/2024\/08\/abreabellotto.jpg","articleSection":["ARTIGO","ESPORTES"],"inLanguage":"pt-BR"},{"@type":"WebPage","@id":"https:\/\/universoesportivo.net\/index.php\/2024\/08\/28\/abel-ferreira-soberba-ou-extrema-competencia-mi-lotto-fala-sobre-o-tecnico-portugues-em-sua-coluna-esportiva\/","url":"https:\/\/universoesportivo.net\/index.php\/2024\/08\/28\/abel-ferreira-soberba-ou-extrema-competencia-mi-lotto-fala-sobre-o-tecnico-portugues-em-sua-coluna-esportiva\/","name":"Abel Ferreira: soberba ou extrema compet\u00eancia? Mi Lotto fala sobre o t\u00e9cnico portugu\u00eas em sua coluna esportiva - Universo Esportivo","isPartOf":{"@id":"https:\/\/universoesportivo.net\/#website"},"primaryImageOfPage":{"@id":"https:\/\/universoesportivo.net\/index.php\/2024\/08\/28\/abel-ferreira-soberba-ou-extrema-competencia-mi-lotto-fala-sobre-o-tecnico-portugues-em-sua-coluna-esportiva\/#primaryimage"},"image":{"@id":"https:\/\/universoesportivo.net\/index.php\/2024\/08\/28\/abel-ferreira-soberba-ou-extrema-competencia-mi-lotto-fala-sobre-o-tecnico-portugues-em-sua-coluna-esportiva\/#primaryimage"},"thumbnailUrl":"https:\/\/universoesportivo.net\/wp-content\/uploads\/2024\/08\/abreabellotto.jpg","datePublished":"2024-08-29T00:32:09+00:00","dateModified":"2024-08-29T00:32:10+00:00","breadcrumb":{"@id":"https:\/\/universoesportivo.net\/index.php\/2024\/08\/28\/abel-ferreira-soberba-ou-extrema-competencia-mi-lotto-fala-sobre-o-tecnico-portugues-em-sua-coluna-esportiva\/#breadcrumb"},"inLanguage":"pt-BR","potentialAction":[{"@type":"ReadAction","target":["https:\/\/universoesportivo.net\/index.php\/2024\/08\/28\/abel-ferreira-soberba-ou-extrema-competencia-mi-lotto-fala-sobre-o-tecnico-portugues-em-sua-coluna-esportiva\/"]}]},{"@type":"ImageObject","inLanguage":"pt-BR","@id":"https:\/\/universoesportivo.net\/index.php\/2024\/08\/28\/abel-ferreira-soberba-ou-extrema-competencia-mi-lotto-fala-sobre-o-tecnico-portugues-em-sua-coluna-esportiva\/#primaryimage","url":"https:\/\/universoesportivo.net\/wp-content\/uploads\/2024\/08\/abreabellotto.jpg","contentUrl":"https:\/\/universoesportivo.net\/wp-content\/uploads\/2024\/08\/abreabellotto.jpg","width":418,"height":251},{"@type":"BreadcrumbList","@id":"https:\/\/universoesportivo.net\/index.php\/2024\/08\/28\/abel-ferreira-soberba-ou-extrema-competencia-mi-lotto-fala-sobre-o-tecnico-portugues-em-sua-coluna-esportiva\/#breadcrumb","itemListElement":[{"@type":"ListItem","position":1,"name":"In\u00edcio","item":"https:\/\/universoesportivo.net\/"},{"@type":"ListItem","position":2,"name":"Abel Ferreira: soberba ou extrema compet\u00eancia? Mi Lotto fala sobre o t\u00e9cnico portugu\u00eas em sua coluna esportiva"}]},{"@type":"WebSite","@id":"https:\/\/universoesportivo.net\/#website","url":"https:\/\/universoesportivo.net\/","name":"Universo Esportivo","description":"O portal de todas as modalidades esportivas!","publisher":{"@id":"https:\/\/universoesportivo.net\/#organization"},"alternateName":"Jornalista Tiago Contador Lotto","potentialAction":[{"@type":"SearchAction","target":{"@type":"EntryPoint","urlTemplate":"https:\/\/universoesportivo.net\/?s={search_term_string}"},"query-input":{"@type":"PropertyValueSpecification","valueRequired":true,"valueName":"search_term_string"}}],"inLanguage":"pt-BR"},{"@type":"Organization","@id":"https:\/\/universoesportivo.net\/#organization","name":"Universo Esportivo","alternateName":"Tiago Lotto","url":"https:\/\/universoesportivo.net\/","logo":{"@type":"ImageObject","inLanguage":"pt-BR","@id":"https:\/\/universoesportivo.net\/#\/schema\/logo\/image\/","url":"https:\/\/universoesportivo.net\/wp-content\/uploads\/2024\/05\/cropped-cropped-universo-6.png","contentUrl":"https:\/\/universoesportivo.net\/wp-content\/uploads\/2024\/05\/cropped-cropped-universo-6.png","width":413,"height":295,"caption":"Universo Esportivo"},"image":{"@id":"https:\/\/universoesportivo.net\/#\/schema\/logo\/image\/"},"sameAs":["https:\/\/www.facebook.com\/universoesportivo.net"]},{"@type":"Person","@id":"https:\/\/universoesportivo.net\/#\/schema\/person\/62bc311bc7def56a6bc83711536e74bd","name":"Tiago Lotto","image":{"@type":"ImageObject","inLanguage":"pt-BR","@id":"https:\/\/secure.gravatar.com\/avatar\/fd6891125b3fb6ba0b794cd20c3398d5bb0fa20d2b9963a95f19470e5a6192f7?s=96&d=mm&r=g","url":"https:\/\/secure.gravatar.com\/avatar\/fd6891125b3fb6ba0b794cd20c3398d5bb0fa20d2b9963a95f19470e5a6192f7?s=96&d=mm&r=g","contentUrl":"https:\/\/secure.gravatar.com\/avatar\/fd6891125b3fb6ba0b794cd20c3398d5bb0fa20d2b9963a95f19470e5a6192f7?s=96&d=mm&r=g","caption":"Tiago Lotto"},"url":"https:\/\/universoesportivo.net\/index.php\/author\/tiago-lotto\/"}]}},"jetpack_featured_media_url":"https:\/\/universoesportivo.net\/wp-content\/uploads\/2024\/08\/abreabellotto.jpg","_links":{"self":[{"href":"https:\/\/universoesportivo.net\/index.php\/wp-json\/wp\/v2\/posts\/1643","targetHints":{"allow":["GET"]}}],"collection":[{"href":"https:\/\/universoesportivo.net\/index.php\/wp-json\/wp\/v2\/posts"}],"about":[{"href":"https:\/\/universoesportivo.net\/index.php\/wp-json\/wp\/v2\/types\/post"}],"author":[{"embeddable":true,"href":"https:\/\/universoesportivo.net\/index.php\/wp-json\/wp\/v2\/users\/2"}],"replies":[{"embeddable":true,"href":"https:\/\/universoesportivo.net\/index.php\/wp-json\/wp\/v2\/comments?post=1643"}],"version-history":[{"count":1,"href":"https:\/\/universoesportivo.net\/index.php\/wp-json\/wp\/v2\/posts\/1643\/revisions"}],"predecessor-version":[{"id":1645,"href":"https:\/\/universoesportivo.net\/index.php\/wp-json\/wp\/v2\/posts\/1643\/revisions\/1645"}],"wp:featuredmedia":[{"embeddable":true,"href":"https:\/\/universoesportivo.net\/index.php\/wp-json\/wp\/v2\/media\/1644"}],"wp:attachment":[{"href":"https:\/\/universoesportivo.net\/index.php\/wp-json\/wp\/v2\/media?parent=1643"}],"wp:term":[{"taxonomy":"category","embeddable":true,"href":"https:\/\/universoesportivo.net\/index.php\/wp-json\/wp\/v2\/categories?post=1643"},{"taxonomy":"post_tag","embeddable":true,"href":"https:\/\/universoesportivo.net\/index.php\/wp-json\/wp\/v2\/tags?post=1643"}],"curies":[{"name":"wp","href":"https:\/\/api.w.org\/{rel}","templated":true}]}}