{"id":1662,"date":"2024-09-05T18:20:13","date_gmt":"2024-09-05T21:20:13","guid":{"rendered":"https:\/\/universoesportivo.net\/?p=1662"},"modified":"2024-09-05T18:20:15","modified_gmt":"2024-09-05T21:20:15","slug":"judoca-de-sao-bernardo-faz-sua-estreia-nos-jogos-paraolimpicos-de-paris-neste-sabado-7-de-setembro","status":"publish","type":"post","link":"https:\/\/universoesportivo.net\/index.php\/2024\/09\/05\/judoca-de-sao-bernardo-faz-sua-estreia-nos-jogos-paraolimpicos-de-paris-neste-sabado-7-de-setembro\/","title":{"rendered":"JUDOCA DE S\u00c3O BERNARDO FAZ SUA ESTREIA NOS JOGOS PARAOL\u00cdMPICOS DE PARIS NESTE S\u00c1BADO, 7 DE SETEMBRO"},"content":{"rendered":"\n<p class=\"has-medium-font-size\">A atleta brasileira Rebeca de Souza Silva, de S\u00e3o Bernardo do Campo, far\u00e1 sua estreia no jud\u00f4 paraol\u00edmpico de Paris neste s\u00e1bado, 7 de setembro, \u00e0s 4h45 (hor\u00e1rio de Bras\u00edlia). Aos 23 anos, Rebeca \u00e9 da categoria J2, que re\u00fane atletas com defici\u00eancia visual acima de 70 quilos. Ela \u00e9 deficiente visual em fun\u00e7\u00e3o de gen\u00e9tica de fam\u00edlia.<\/p>\n\n\n\n<p class=\"has-medium-font-size\">A judoca faixa preta vai enfrentar a atleta Dursadaf Karimova, de um pa\u00eds pouco conhecido pelos brasileiros: o Azerbaij\u00e3o, pa\u00eds transcontinental que fica no cruzamento do leste europeu e sudoeste asi\u00e1tico.<\/p>\n\n\n\n<p class=\"has-medium-font-size\">Em suas redes sociais, Rebeca afirmou que \u201ccada passo dado at\u00e9 aqui foi carregado de dedica\u00e7\u00e3o, esfor\u00e7o e amor por esse esporte que me ensina todos os dias a supera\u00e7\u00e3o. Hoje, representando o Brasil nas Paralimp\u00edadas de Paris 2024, n\u00e3o posso deixar de pensar em todos que acreditaram em mim, em todos os obst\u00e1culos que foram vencidos e, acima de tudo, na alegria de estar vivendo esse momento \u00fanico\u201d, comentou ela no Instagram.<br><br>Com defici\u00eancia visual desde a inf\u00e2ncia, Rebeca iniciou no esporte em 2013, por meio de um projeto em S\u00e3o Bernardo. Desde ent\u00e3o, conquistou diversos t\u00edtulos importantes, como o bronze nos Jogos Parapan-Americanos de Santiago 2023 e no Mundial de Baku 2022, al\u00e9m do ouro no Pan-Americano do Canad\u00e1 2022. <\/p>\n\n\n\n<p class=\"has-medium-font-size\"><\/p>\n\n\n\n<p class=\"has-medium-font-size\">Texto: Tiago Lotto \/ Fotos: Instagram de Rebeca de Souza<\/p>\n\n\n\n<figure class=\"wp-block-image\"><img fetchpriority=\"high\" decoding=\"async\" width=\"366\" height=\"363\" src=\"https:\/\/universoesportivo.net\/wp-content\/uploads\/2024\/09\/abrecega2.jpg\" alt=\"\" class=\"wp-image-1663\" srcset=\"https:\/\/universoesportivo.net\/wp-content\/uploads\/2024\/09\/abrecega2.jpg 366w, https:\/\/universoesportivo.net\/wp-content\/uploads\/2024\/09\/abrecega2-300x298.jpg 300w, https:\/\/universoesportivo.net\/wp-content\/uploads\/2024\/09\/abrecega2-150x150.jpg 150w, https:\/\/universoesportivo.net\/wp-content\/uploads\/2024\/09\/abrecega2-12x12.jpg 12w\" sizes=\"(max-width: 366px) 100vw, 366px\" \/><\/figure>\n","protected":false},"excerpt":{"rendered":"<p>Rebeca de Souza Silva, de 23 anos, tem defici\u00eancia visual desde crian\u00e7a. Ela \u00e9 da categoria J2 (acima de 70 quilos). Neste s\u00e1bado, 7, enfrenta Dursadaf Karimova, do Azerbaij\u00e3o.<\/p>\n","protected":false},"author":2,"featured_media":1664,"comment_status":"closed","ping_status":"closed","sticky":false,"template":"","format":"standard","meta":{"colormag_page_container_layout":"default_layout","colormag_page_sidebar_layout":"default_layout","footnotes":""},"categories":[52,17],"tags":[],"class_list":["post-1662","post","type-post","status-publish","format-standard","has-post-thumbnail","hentry","category-artes-marciais","category-esportes"],"magazineBlocksPostFeaturedMedia":{"thumbnail":"https:\/\/universoesportivo.net\/wp-content\/uploads\/2024\/09\/abrecega1-150x150.jpg","medium":"https:\/\/universoesportivo.net\/wp-content\/uploads\/2024\/09\/abrecega1-300x190.jpg","medium_large":"https:\/\/universoesportivo.net\/wp-content\/uploads\/2024\/09\/abrecega1.jpg","large":"https:\/\/universoesportivo.net\/wp-content\/uploads\/2024\/09\/abrecega1.jpg","1536x1536":"https:\/\/universoesportivo.net\/wp-content\/uploads\/2024\/09\/abrecega1.jpg","2048x2048":"https:\/\/universoesportivo.net\/wp-content\/uploads\/2024\/09\/abrecega1.jpg","trp-custom-language-flag":"https:\/\/universoesportivo.net\/wp-content\/uploads\/2024\/09\/abrecega1-18x12.jpg","colormag-highlighted-post":"https:\/\/universoesportivo.net\/wp-content\/uploads\/2024\/09\/abrecega1-392x264.jpg","colormag-featured-post-medium":"https:\/\/universoesportivo.net\/wp-content\/uploads\/2024\/09\/abrecega1-390x205.jpg","colormag-featured-post-small":"https:\/\/universoesportivo.net\/wp-content\/uploads\/2024\/09\/abrecega1-130x90.jpg","colormag-featured-image":"https:\/\/universoesportivo.net\/wp-content\/uploads\/2024\/09\/abrecega1.jpg","colormag-default-news":"https:\/\/universoesportivo.net\/wp-content\/uploads\/2024\/09\/abrecega1-150x150.jpg","colormag-featured-image-large":"https:\/\/universoesportivo.net\/wp-content\/uploads\/2024\/09\/abrecega1.jpg","colormag-elementor-block-extra-large-thumbnail":"https:\/\/universoesportivo.net\/wp-content\/uploads\/2024\/09\/abrecega1.jpg","colormag-elementor-grid-large-thumbnail":"https:\/\/universoesportivo.net\/wp-content\/uploads\/2024\/09\/abrecega1.jpg","colormag-elementor-grid-small-thumbnail":"https:\/\/universoesportivo.net\/wp-content\/uploads\/2024\/09\/abrecega1-285x264.jpg","colormag-elementor-grid-medium-large-thumbnail":"https:\/\/universoesportivo.net\/wp-content\/uploads\/2024\/09\/abrecega1-416x198.jpg"},"magazineBlocksPostAuthor":{"name":"Tiago Lotto","avatar":"https:\/\/secure.gravatar.com\/avatar\/fd6891125b3fb6ba0b794cd20c3398d5bb0fa20d2b9963a95f19470e5a6192f7?s=96&d=mm&r=g"},"magazineBlocksPostCommentsNumber":false,"magazineBlocksPostExcerpt":"Rebeca de Souza Silva, de 23 anos, tem defici\u00eancia visual desde crian\u00e7a. Ela \u00e9 da categoria J2 (acima de 70 quilos). Neste s\u00e1bado, 7, enfrenta Dursadaf Karimova, do Azerbaij\u00e3o.","magazineBlocksPostCategories":["Artes Marciais","ESPORTES"],"magazineBlocksPostViewCount":32,"magazineBlocksPostReadTime":2,"magazine_blocks_featured_image_url":{"full":["https:\/\/universoesportivo.net\/wp-content\/uploads\/2024\/09\/abrecega1.jpg",416,264,false],"medium":["https:\/\/universoesportivo.net\/wp-content\/uploads\/2024\/09\/abrecega1-300x190.jpg",300,190,true],"thumbnail":["https:\/\/universoesportivo.net\/wp-content\/uploads\/2024\/09\/abrecega1-150x150.jpg",150,150,true]},"magazine_blocks_author":{"display_name":"Tiago Lotto","author_link":"https:\/\/universoesportivo.net\/index.php\/author\/tiago-lotto\/"},"magazine_blocks_comment":0,"magazine_blocks_author_image":"https:\/\/secure.gravatar.com\/avatar\/fd6891125b3fb6ba0b794cd20c3398d5bb0fa20d2b9963a95f19470e5a6192f7?s=96&d=mm&r=g","magazine_blocks_category":"<a href=\"#\" class=\"category-link category-link-52\">Artes Marciais<\/a> <a href=\"#\" class=\"category-link category-link-17\">ESPORTES<\/a>","yoast_head":"<!-- This site is optimized with the Yoast SEO plugin v27.4 - https:\/\/yoast.com\/product\/yoast-seo-wordpress\/ -->\n<title>JUDOCA DE S\u00c3O BERNARDO FAZ SUA ESTREIA NOS JOGOS PARAOL\u00cdMPICOS DE PARIS NESTE S\u00c1BADO, 7 DE SETEMBRO - Universo Esportivo<\/title>\n<meta name=\"robots\" content=\"index, follow, max-snippet:-1, max-image-preview:large, max-video-preview:-1\" \/>\n<link rel=\"canonical\" href=\"https:\/\/universoesportivo.net\/index.php\/2024\/09\/05\/judoca-de-sao-bernardo-faz-sua-estreia-nos-jogos-paraolimpicos-de-paris-neste-sabado-7-de-setembro\/\" \/>\n<meta property=\"og:locale\" content=\"pt_BR\" \/>\n<meta property=\"og:type\" content=\"article\" \/>\n<meta property=\"og:title\" content=\"JUDOCA DE S\u00c3O BERNARDO FAZ SUA ESTREIA NOS JOGOS PARAOL\u00cdMPICOS DE PARIS NESTE S\u00c1BADO, 7 DE SETEMBRO - Universo Esportivo\" \/>\n<meta property=\"og:description\" content=\"Rebeca de Souza Silva, de 23 anos, tem defici\u00eancia visual desde crian\u00e7a. Ela \u00e9 da categoria J2 (acima de 70 quilos). Neste s\u00e1bado, 7, enfrenta Dursadaf Karimova, do Azerbaij\u00e3o.\" \/>\n<meta property=\"og:url\" content=\"https:\/\/universoesportivo.net\/index.php\/2024\/09\/05\/judoca-de-sao-bernardo-faz-sua-estreia-nos-jogos-paraolimpicos-de-paris-neste-sabado-7-de-setembro\/\" \/>\n<meta property=\"og:site_name\" content=\"Universo Esportivo\" \/>\n<meta property=\"article:publisher\" content=\"https:\/\/www.facebook.com\/universoesportivo.net\" \/>\n<meta property=\"article:published_time\" content=\"2024-09-05T21:20:13+00:00\" \/>\n<meta property=\"article:modified_time\" content=\"2024-09-05T21:20:15+00:00\" \/>\n<meta property=\"og:image\" content=\"https:\/\/universoesportivo.net\/wp-content\/uploads\/2024\/09\/abrecega1.jpg\" \/>\n\t<meta property=\"og:image:width\" content=\"416\" \/>\n\t<meta property=\"og:image:height\" content=\"264\" \/>\n\t<meta property=\"og:image:type\" content=\"image\/jpeg\" \/>\n<meta name=\"author\" content=\"Tiago Lotto\" \/>\n<meta name=\"twitter:card\" content=\"summary_large_image\" \/>\n<meta name=\"twitter:label1\" content=\"Escrito por\" \/>\n\t<meta name=\"twitter:data1\" content=\"Tiago Lotto\" \/>\n\t<meta name=\"twitter:label2\" content=\"Est. tempo de leitura\" \/>\n\t<meta name=\"twitter:data2\" content=\"2 minutos\" \/>\n<script type=\"application\/ld+json\" class=\"yoast-schema-graph\">{\"@context\":\"https:\\\/\\\/schema.org\",\"@graph\":[{\"@type\":\"Article\",\"@id\":\"https:\\\/\\\/universoesportivo.net\\\/index.php\\\/2024\\\/09\\\/05\\\/judoca-de-sao-bernardo-faz-sua-estreia-nos-jogos-paraolimpicos-de-paris-neste-sabado-7-de-setembro\\\/#article\",\"isPartOf\":{\"@id\":\"https:\\\/\\\/universoesportivo.net\\\/index.php\\\/2024\\\/09\\\/05\\\/judoca-de-sao-bernardo-faz-sua-estreia-nos-jogos-paraolimpicos-de-paris-neste-sabado-7-de-setembro\\\/\"},\"author\":{\"name\":\"Tiago Lotto\",\"@id\":\"https:\\\/\\\/universoesportivo.net\\\/#\\\/schema\\\/person\\\/62bc311bc7def56a6bc83711536e74bd\"},\"headline\":\"JUDOCA DE S\u00c3O BERNARDO FAZ SUA ESTREIA NOS JOGOS PARAOL\u00cdMPICOS DE PARIS NESTE S\u00c1BADO, 7 DE SETEMBRO\",\"datePublished\":\"2024-09-05T21:20:13+00:00\",\"dateModified\":\"2024-09-05T21:20:15+00:00\",\"mainEntityOfPage\":{\"@id\":\"https:\\\/\\\/universoesportivo.net\\\/index.php\\\/2024\\\/09\\\/05\\\/judoca-de-sao-bernardo-faz-sua-estreia-nos-jogos-paraolimpicos-de-paris-neste-sabado-7-de-setembro\\\/\"},\"wordCount\":255,\"publisher\":{\"@id\":\"https:\\\/\\\/universoesportivo.net\\\/#organization\"},\"image\":{\"@id\":\"https:\\\/\\\/universoesportivo.net\\\/index.php\\\/2024\\\/09\\\/05\\\/judoca-de-sao-bernardo-faz-sua-estreia-nos-jogos-paraolimpicos-de-paris-neste-sabado-7-de-setembro\\\/#primaryimage\"},\"thumbnailUrl\":\"https:\\\/\\\/universoesportivo.net\\\/wp-content\\\/uploads\\\/2024\\\/09\\\/abrecega1.jpg\",\"articleSection\":[\"Artes Marciais\",\"ESPORTES\"],\"inLanguage\":\"pt-BR\"},{\"@type\":\"WebPage\",\"@id\":\"https:\\\/\\\/universoesportivo.net\\\/index.php\\\/2024\\\/09\\\/05\\\/judoca-de-sao-bernardo-faz-sua-estreia-nos-jogos-paraolimpicos-de-paris-neste-sabado-7-de-setembro\\\/\",\"url\":\"https:\\\/\\\/universoesportivo.net\\\/index.php\\\/2024\\\/09\\\/05\\\/judoca-de-sao-bernardo-faz-sua-estreia-nos-jogos-paraolimpicos-de-paris-neste-sabado-7-de-setembro\\\/\",\"name\":\"JUDOCA DE S\u00c3O BERNARDO FAZ SUA ESTREIA NOS JOGOS PARAOL\u00cdMPICOS DE PARIS NESTE S\u00c1BADO, 7 DE SETEMBRO - Universo Esportivo\",\"isPartOf\":{\"@id\":\"https:\\\/\\\/universoesportivo.net\\\/#website\"},\"primaryImageOfPage\":{\"@id\":\"https:\\\/\\\/universoesportivo.net\\\/index.php\\\/2024\\\/09\\\/05\\\/judoca-de-sao-bernardo-faz-sua-estreia-nos-jogos-paraolimpicos-de-paris-neste-sabado-7-de-setembro\\\/#primaryimage\"},\"image\":{\"@id\":\"https:\\\/\\\/universoesportivo.net\\\/index.php\\\/2024\\\/09\\\/05\\\/judoca-de-sao-bernardo-faz-sua-estreia-nos-jogos-paraolimpicos-de-paris-neste-sabado-7-de-setembro\\\/#primaryimage\"},\"thumbnailUrl\":\"https:\\\/\\\/universoesportivo.net\\\/wp-content\\\/uploads\\\/2024\\\/09\\\/abrecega1.jpg\",\"datePublished\":\"2024-09-05T21:20:13+00:00\",\"dateModified\":\"2024-09-05T21:20:15+00:00\",\"breadcrumb\":{\"@id\":\"https:\\\/\\\/universoesportivo.net\\\/index.php\\\/2024\\\/09\\\/05\\\/judoca-de-sao-bernardo-faz-sua-estreia-nos-jogos-paraolimpicos-de-paris-neste-sabado-7-de-setembro\\\/#breadcrumb\"},\"inLanguage\":\"pt-BR\",\"potentialAction\":[{\"@type\":\"ReadAction\",\"target\":[\"https:\\\/\\\/universoesportivo.net\\\/index.php\\\/2024\\\/09\\\/05\\\/judoca-de-sao-bernardo-faz-sua-estreia-nos-jogos-paraolimpicos-de-paris-neste-sabado-7-de-setembro\\\/\"]}]},{\"@type\":\"ImageObject\",\"inLanguage\":\"pt-BR\",\"@id\":\"https:\\\/\\\/universoesportivo.net\\\/index.php\\\/2024\\\/09\\\/05\\\/judoca-de-sao-bernardo-faz-sua-estreia-nos-jogos-paraolimpicos-de-paris-neste-sabado-7-de-setembro\\\/#primaryimage\",\"url\":\"https:\\\/\\\/universoesportivo.net\\\/wp-content\\\/uploads\\\/2024\\\/09\\\/abrecega1.jpg\",\"contentUrl\":\"https:\\\/\\\/universoesportivo.net\\\/wp-content\\\/uploads\\\/2024\\\/09\\\/abrecega1.jpg\",\"width\":416,\"height\":264},{\"@type\":\"BreadcrumbList\",\"@id\":\"https:\\\/\\\/universoesportivo.net\\\/index.php\\\/2024\\\/09\\\/05\\\/judoca-de-sao-bernardo-faz-sua-estreia-nos-jogos-paraolimpicos-de-paris-neste-sabado-7-de-setembro\\\/#breadcrumb\",\"itemListElement\":[{\"@type\":\"ListItem\",\"position\":1,\"name\":\"In\u00edcio\",\"item\":\"https:\\\/\\\/universoesportivo.net\\\/\"},{\"@type\":\"ListItem\",\"position\":2,\"name\":\"JUDOCA DE S\u00c3O BERNARDO FAZ SUA ESTREIA NOS JOGOS PARAOL\u00cdMPICOS DE PARIS NESTE S\u00c1BADO, 7 DE SETEMBRO\"}]},{\"@type\":\"WebSite\",\"@id\":\"https:\\\/\\\/universoesportivo.net\\\/#website\",\"url\":\"https:\\\/\\\/universoesportivo.net\\\/\",\"name\":\"Universo Esportivo\",\"description\":\"O portal de todas as modalidades esportivas!\",\"publisher\":{\"@id\":\"https:\\\/\\\/universoesportivo.net\\\/#organization\"},\"alternateName\":\"Jornalista Tiago Contador Lotto\",\"potentialAction\":[{\"@type\":\"SearchAction\",\"target\":{\"@type\":\"EntryPoint\",\"urlTemplate\":\"https:\\\/\\\/universoesportivo.net\\\/?s={search_term_string}\"},\"query-input\":{\"@type\":\"PropertyValueSpecification\",\"valueRequired\":true,\"valueName\":\"search_term_string\"}}],\"inLanguage\":\"pt-BR\"},{\"@type\":\"Organization\",\"@id\":\"https:\\\/\\\/universoesportivo.net\\\/#organization\",\"name\":\"Universo Esportivo\",\"alternateName\":\"Tiago Lotto\",\"url\":\"https:\\\/\\\/universoesportivo.net\\\/\",\"logo\":{\"@type\":\"ImageObject\",\"inLanguage\":\"pt-BR\",\"@id\":\"https:\\\/\\\/universoesportivo.net\\\/#\\\/schema\\\/logo\\\/image\\\/\",\"url\":\"https:\\\/\\\/universoesportivo.net\\\/wp-content\\\/uploads\\\/2024\\\/05\\\/cropped-cropped-universo-6.png\",\"contentUrl\":\"https:\\\/\\\/universoesportivo.net\\\/wp-content\\\/uploads\\\/2024\\\/05\\\/cropped-cropped-universo-6.png\",\"width\":413,\"height\":295,\"caption\":\"Universo Esportivo\"},\"image\":{\"@id\":\"https:\\\/\\\/universoesportivo.net\\\/#\\\/schema\\\/logo\\\/image\\\/\"},\"sameAs\":[\"https:\\\/\\\/www.facebook.com\\\/universoesportivo.net\"]},{\"@type\":\"Person\",\"@id\":\"https:\\\/\\\/universoesportivo.net\\\/#\\\/schema\\\/person\\\/62bc311bc7def56a6bc83711536e74bd\",\"name\":\"Tiago Lotto\",\"image\":{\"@type\":\"ImageObject\",\"inLanguage\":\"pt-BR\",\"@id\":\"https:\\\/\\\/secure.gravatar.com\\\/avatar\\\/fd6891125b3fb6ba0b794cd20c3398d5bb0fa20d2b9963a95f19470e5a6192f7?s=96&d=mm&r=g\",\"url\":\"https:\\\/\\\/secure.gravatar.com\\\/avatar\\\/fd6891125b3fb6ba0b794cd20c3398d5bb0fa20d2b9963a95f19470e5a6192f7?s=96&d=mm&r=g\",\"contentUrl\":\"https:\\\/\\\/secure.gravatar.com\\\/avatar\\\/fd6891125b3fb6ba0b794cd20c3398d5bb0fa20d2b9963a95f19470e5a6192f7?s=96&d=mm&r=g\",\"caption\":\"Tiago Lotto\"},\"url\":\"https:\\\/\\\/universoesportivo.net\\\/index.php\\\/author\\\/tiago-lotto\\\/\"}]}<\/script>\n<!-- \/ Yoast SEO plugin. -->","yoast_head_json":{"title":"JUDOCA DE S\u00c3O BERNARDO FAZ SUA ESTREIA NOS JOGOS PARAOL\u00cdMPICOS DE PARIS NESTE S\u00c1BADO, 7 DE SETEMBRO - Universo Esportivo","robots":{"index":"index","follow":"follow","max-snippet":"max-snippet:-1","max-image-preview":"max-image-preview:large","max-video-preview":"max-video-preview:-1"},"canonical":"https:\/\/universoesportivo.net\/index.php\/2024\/09\/05\/judoca-de-sao-bernardo-faz-sua-estreia-nos-jogos-paraolimpicos-de-paris-neste-sabado-7-de-setembro\/","og_locale":"pt_BR","og_type":"article","og_title":"JUDOCA DE S\u00c3O BERNARDO FAZ SUA ESTREIA NOS JOGOS PARAOL\u00cdMPICOS DE PARIS NESTE S\u00c1BADO, 7 DE SETEMBRO - Universo Esportivo","og_description":"Rebeca de Souza Silva, de 23 anos, tem defici\u00eancia visual desde crian\u00e7a. Ela \u00e9 da categoria J2 (acima de 70 quilos). Neste s\u00e1bado, 7, enfrenta Dursadaf Karimova, do Azerbaij\u00e3o.","og_url":"https:\/\/universoesportivo.net\/index.php\/2024\/09\/05\/judoca-de-sao-bernardo-faz-sua-estreia-nos-jogos-paraolimpicos-de-paris-neste-sabado-7-de-setembro\/","og_site_name":"Universo Esportivo","article_publisher":"https:\/\/www.facebook.com\/universoesportivo.net","article_published_time":"2024-09-05T21:20:13+00:00","article_modified_time":"2024-09-05T21:20:15+00:00","og_image":[{"width":416,"height":264,"url":"https:\/\/universoesportivo.net\/wp-content\/uploads\/2024\/09\/abrecega1.jpg","type":"image\/jpeg"}],"author":"Tiago Lotto","twitter_card":"summary_large_image","twitter_misc":{"Escrito por":"Tiago Lotto","Est. tempo de leitura":"2 minutos"},"schema":{"@context":"https:\/\/schema.org","@graph":[{"@type":"Article","@id":"https:\/\/universoesportivo.net\/index.php\/2024\/09\/05\/judoca-de-sao-bernardo-faz-sua-estreia-nos-jogos-paraolimpicos-de-paris-neste-sabado-7-de-setembro\/#article","isPartOf":{"@id":"https:\/\/universoesportivo.net\/index.php\/2024\/09\/05\/judoca-de-sao-bernardo-faz-sua-estreia-nos-jogos-paraolimpicos-de-paris-neste-sabado-7-de-setembro\/"},"author":{"name":"Tiago Lotto","@id":"https:\/\/universoesportivo.net\/#\/schema\/person\/62bc311bc7def56a6bc83711536e74bd"},"headline":"JUDOCA DE S\u00c3O BERNARDO FAZ SUA ESTREIA NOS JOGOS PARAOL\u00cdMPICOS DE PARIS NESTE S\u00c1BADO, 7 DE SETEMBRO","datePublished":"2024-09-05T21:20:13+00:00","dateModified":"2024-09-05T21:20:15+00:00","mainEntityOfPage":{"@id":"https:\/\/universoesportivo.net\/index.php\/2024\/09\/05\/judoca-de-sao-bernardo-faz-sua-estreia-nos-jogos-paraolimpicos-de-paris-neste-sabado-7-de-setembro\/"},"wordCount":255,"publisher":{"@id":"https:\/\/universoesportivo.net\/#organization"},"image":{"@id":"https:\/\/universoesportivo.net\/index.php\/2024\/09\/05\/judoca-de-sao-bernardo-faz-sua-estreia-nos-jogos-paraolimpicos-de-paris-neste-sabado-7-de-setembro\/#primaryimage"},"thumbnailUrl":"https:\/\/universoesportivo.net\/wp-content\/uploads\/2024\/09\/abrecega1.jpg","articleSection":["Artes Marciais","ESPORTES"],"inLanguage":"pt-BR"},{"@type":"WebPage","@id":"https:\/\/universoesportivo.net\/index.php\/2024\/09\/05\/judoca-de-sao-bernardo-faz-sua-estreia-nos-jogos-paraolimpicos-de-paris-neste-sabado-7-de-setembro\/","url":"https:\/\/universoesportivo.net\/index.php\/2024\/09\/05\/judoca-de-sao-bernardo-faz-sua-estreia-nos-jogos-paraolimpicos-de-paris-neste-sabado-7-de-setembro\/","name":"JUDOCA DE S\u00c3O BERNARDO FAZ SUA ESTREIA NOS JOGOS PARAOL\u00cdMPICOS DE PARIS NESTE S\u00c1BADO, 7 DE SETEMBRO - Universo Esportivo","isPartOf":{"@id":"https:\/\/universoesportivo.net\/#website"},"primaryImageOfPage":{"@id":"https:\/\/universoesportivo.net\/index.php\/2024\/09\/05\/judoca-de-sao-bernardo-faz-sua-estreia-nos-jogos-paraolimpicos-de-paris-neste-sabado-7-de-setembro\/#primaryimage"},"image":{"@id":"https:\/\/universoesportivo.net\/index.php\/2024\/09\/05\/judoca-de-sao-bernardo-faz-sua-estreia-nos-jogos-paraolimpicos-de-paris-neste-sabado-7-de-setembro\/#primaryimage"},"thumbnailUrl":"https:\/\/universoesportivo.net\/wp-content\/uploads\/2024\/09\/abrecega1.jpg","datePublished":"2024-09-05T21:20:13+00:00","dateModified":"2024-09-05T21:20:15+00:00","breadcrumb":{"@id":"https:\/\/universoesportivo.net\/index.php\/2024\/09\/05\/judoca-de-sao-bernardo-faz-sua-estreia-nos-jogos-paraolimpicos-de-paris-neste-sabado-7-de-setembro\/#breadcrumb"},"inLanguage":"pt-BR","potentialAction":[{"@type":"ReadAction","target":["https:\/\/universoesportivo.net\/index.php\/2024\/09\/05\/judoca-de-sao-bernardo-faz-sua-estreia-nos-jogos-paraolimpicos-de-paris-neste-sabado-7-de-setembro\/"]}]},{"@type":"ImageObject","inLanguage":"pt-BR","@id":"https:\/\/universoesportivo.net\/index.php\/2024\/09\/05\/judoca-de-sao-bernardo-faz-sua-estreia-nos-jogos-paraolimpicos-de-paris-neste-sabado-7-de-setembro\/#primaryimage","url":"https:\/\/universoesportivo.net\/wp-content\/uploads\/2024\/09\/abrecega1.jpg","contentUrl":"https:\/\/universoesportivo.net\/wp-content\/uploads\/2024\/09\/abrecega1.jpg","width":416,"height":264},{"@type":"BreadcrumbList","@id":"https:\/\/universoesportivo.net\/index.php\/2024\/09\/05\/judoca-de-sao-bernardo-faz-sua-estreia-nos-jogos-paraolimpicos-de-paris-neste-sabado-7-de-setembro\/#breadcrumb","itemListElement":[{"@type":"ListItem","position":1,"name":"In\u00edcio","item":"https:\/\/universoesportivo.net\/"},{"@type":"ListItem","position":2,"name":"JUDOCA DE S\u00c3O BERNARDO FAZ SUA ESTREIA NOS JOGOS PARAOL\u00cdMPICOS DE PARIS NESTE S\u00c1BADO, 7 DE SETEMBRO"}]},{"@type":"WebSite","@id":"https:\/\/universoesportivo.net\/#website","url":"https:\/\/universoesportivo.net\/","name":"Universo Esportivo","description":"O portal de todas as modalidades esportivas!","publisher":{"@id":"https:\/\/universoesportivo.net\/#organization"},"alternateName":"Jornalista Tiago Contador Lotto","potentialAction":[{"@type":"SearchAction","target":{"@type":"EntryPoint","urlTemplate":"https:\/\/universoesportivo.net\/?s={search_term_string}"},"query-input":{"@type":"PropertyValueSpecification","valueRequired":true,"valueName":"search_term_string"}}],"inLanguage":"pt-BR"},{"@type":"Organization","@id":"https:\/\/universoesportivo.net\/#organization","name":"Universo Esportivo","alternateName":"Tiago Lotto","url":"https:\/\/universoesportivo.net\/","logo":{"@type":"ImageObject","inLanguage":"pt-BR","@id":"https:\/\/universoesportivo.net\/#\/schema\/logo\/image\/","url":"https:\/\/universoesportivo.net\/wp-content\/uploads\/2024\/05\/cropped-cropped-universo-6.png","contentUrl":"https:\/\/universoesportivo.net\/wp-content\/uploads\/2024\/05\/cropped-cropped-universo-6.png","width":413,"height":295,"caption":"Universo Esportivo"},"image":{"@id":"https:\/\/universoesportivo.net\/#\/schema\/logo\/image\/"},"sameAs":["https:\/\/www.facebook.com\/universoesportivo.net"]},{"@type":"Person","@id":"https:\/\/universoesportivo.net\/#\/schema\/person\/62bc311bc7def56a6bc83711536e74bd","name":"Tiago Lotto","image":{"@type":"ImageObject","inLanguage":"pt-BR","@id":"https:\/\/secure.gravatar.com\/avatar\/fd6891125b3fb6ba0b794cd20c3398d5bb0fa20d2b9963a95f19470e5a6192f7?s=96&d=mm&r=g","url":"https:\/\/secure.gravatar.com\/avatar\/fd6891125b3fb6ba0b794cd20c3398d5bb0fa20d2b9963a95f19470e5a6192f7?s=96&d=mm&r=g","contentUrl":"https:\/\/secure.gravatar.com\/avatar\/fd6891125b3fb6ba0b794cd20c3398d5bb0fa20d2b9963a95f19470e5a6192f7?s=96&d=mm&r=g","caption":"Tiago Lotto"},"url":"https:\/\/universoesportivo.net\/index.php\/author\/tiago-lotto\/"}]}},"jetpack_featured_media_url":"https:\/\/universoesportivo.net\/wp-content\/uploads\/2024\/09\/abrecega1.jpg","_links":{"self":[{"href":"https:\/\/universoesportivo.net\/index.php\/wp-json\/wp\/v2\/posts\/1662","targetHints":{"allow":["GET"]}}],"collection":[{"href":"https:\/\/universoesportivo.net\/index.php\/wp-json\/wp\/v2\/posts"}],"about":[{"href":"https:\/\/universoesportivo.net\/index.php\/wp-json\/wp\/v2\/types\/post"}],"author":[{"embeddable":true,"href":"https:\/\/universoesportivo.net\/index.php\/wp-json\/wp\/v2\/users\/2"}],"replies":[{"embeddable":true,"href":"https:\/\/universoesportivo.net\/index.php\/wp-json\/wp\/v2\/comments?post=1662"}],"version-history":[{"count":1,"href":"https:\/\/universoesportivo.net\/index.php\/wp-json\/wp\/v2\/posts\/1662\/revisions"}],"predecessor-version":[{"id":1665,"href":"https:\/\/universoesportivo.net\/index.php\/wp-json\/wp\/v2\/posts\/1662\/revisions\/1665"}],"wp:featuredmedia":[{"embeddable":true,"href":"https:\/\/universoesportivo.net\/index.php\/wp-json\/wp\/v2\/media\/1664"}],"wp:attachment":[{"href":"https:\/\/universoesportivo.net\/index.php\/wp-json\/wp\/v2\/media?parent=1662"}],"wp:term":[{"taxonomy":"category","embeddable":true,"href":"https:\/\/universoesportivo.net\/index.php\/wp-json\/wp\/v2\/categories?post=1662"},{"taxonomy":"post_tag","embeddable":true,"href":"https:\/\/universoesportivo.net\/index.php\/wp-json\/wp\/v2\/tags?post=1662"}],"curies":[{"name":"wp","href":"https:\/\/api.w.org\/{rel}","templated":true}]}}