{"id":1672,"date":"2024-09-10T22:03:15","date_gmt":"2024-09-11T01:03:15","guid":{"rendered":"https:\/\/universoesportivo.net\/?p=1672"},"modified":"2024-09-10T22:12:03","modified_gmt":"2024-09-11T01:12:03","slug":"atleta-da-industrias-colombo-livia-dominici-conquista-duas-medalhas-no-mundial-de-karate-da-belgica","status":"publish","type":"post","link":"https:\/\/universoesportivo.net\/index.php\/2024\/09\/10\/atleta-da-industrias-colombo-livia-dominici-conquista-duas-medalhas-no-mundial-de-karate-da-belgica\/","title":{"rendered":"Atleta da Ind\u00fastrias Colombo, Livia Dominici conquista duas medalhas no Mundial de Karat\u00ea da B\u00e9lgica"},"content":{"rendered":"\n<h1 class=\"wp-block-heading has-medium-font-size\">A atleta de Pindorama Livia Dominici, patrocinada pela Ind\u00fastrias Colombo, conquistou duas medalhas no \u201cOpen International Karat\u00e9 de La Province de Li\u00e8ge\u201d. A competi\u00e7\u00e3o, uma das maiores do mundo, ocorreu nos dias 7 e 8 de setembro, na B\u00e9lgica.<\/h1>\n\n\n\n<h1 class=\"wp-block-heading has-medium-font-size\">Livia \u00e9 campe\u00e3 brasileira de karat\u00ea shotokan e foi convocada pela Federa\u00e7\u00e3o Brasileira de Karat\u00ea (FBK) para compor a sele\u00e7\u00e3o que foi para Open de Li\u00e8ge, tradicional evento anual do karat\u00ea.<\/h1>\n\n\n\n<h1 class=\"wp-block-heading has-medium-font-size\">Ela conquistou o 1\u00ba lugar no kata por equipe e o 3\u00ba lugar na luta individual, posi\u00e7\u00f5es que a colocam a atleta faixa preta entre as melhores do mundo no karat\u00ea shotokan.<\/h1>\n\n\n\n<h1 class=\"wp-block-heading has-medium-font-size\">Aos 25 anos, Livia \u00e9 engenheira f\u00edsica pela UFSCar \u2013 Universidade Federal de S\u00e3o Carlos, est\u00e1 com 25 anos e pratica karat\u00ea desde seus 10 anos de idade. Nascida em Catanduva, reside em Pindorama, com sua fam\u00edlia.<\/h1>\n\n\n\n<h1 class=\"wp-block-heading has-medium-font-size\">Para poder viajar at\u00e9 a B\u00e9lgica, a atleta ganhou apoio das Ind\u00fastrias Colombo. A empresa, que tamb\u00e9m \u00e9 de Pindorama, patrocinou a carateca no Open realizado na B\u00e9lgica.<\/h1>\n\n\n\n<h1 class=\"wp-block-heading has-medium-font-size\">A Ind\u00fastrias Colombo \u00e9 uma multinacional brasileira, que atua no desenvolvimento de solu\u00e7\u00f5es em m\u00e1quinas para a colheita mecanizada de gr\u00e3os, vagens e sementes e na fabrica\u00e7\u00e3o de pe\u00e7as, componentes agr\u00edcolas. A Colombo \u00e9 formada pelas marcas MIAC e AEMCO.<\/h1>\n\n\n\n<h1 class=\"wp-block-heading has-medium-font-size\">Texto: Tiago Lotto \/ Fotos: Divulga\u00e7\u00e3o<\/h1>\n\n\n\n<figure class=\"wp-block-image\"><img fetchpriority=\"high\" decoding=\"async\" width=\"300\" height=\"296\" src=\"https:\/\/universoesportivo.net\/wp-content\/uploads\/2024\/09\/abrecolombo.jpg\" alt=\"\" class=\"wp-image-1679\" srcset=\"https:\/\/universoesportivo.net\/wp-content\/uploads\/2024\/09\/abrecolombo.jpg 300w, https:\/\/universoesportivo.net\/wp-content\/uploads\/2024\/09\/abrecolombo-12x12.jpg 12w\" sizes=\"(max-width: 300px) 100vw, 300px\" \/><\/figure>\n\n\n\n<figure class=\"wp-block-image\"><img decoding=\"async\" width=\"338\" height=\"241\" src=\"https:\/\/universoesportivo.net\/wp-content\/uploads\/2024\/09\/abrebelgin1.jpg\" alt=\"\" class=\"wp-image-1673\" srcset=\"https:\/\/universoesportivo.net\/wp-content\/uploads\/2024\/09\/abrebelgin1.jpg 338w, https:\/\/universoesportivo.net\/wp-content\/uploads\/2024\/09\/abrebelgin1-300x214.jpg 300w, https:\/\/universoesportivo.net\/wp-content\/uploads\/2024\/09\/abrebelgin1-18x12.jpg 18w\" sizes=\"(max-width: 338px) 100vw, 338px\" \/><\/figure>\n","protected":false},"excerpt":{"rendered":"<p>Livia \u00e9 campe\u00e3 brasileira de karat\u00ea shotokan. Ela conquistou o 1\u00ba lugar no kata (equipe) e o 3\u00ba lugar na luta individual. Apoio da Ind\u00fastrias Colombo foi fundamental para viagem at\u00e9 a B\u00e9lgica.<\/p>\n","protected":false},"author":2,"featured_media":1674,"comment_status":"closed","ping_status":"closed","sticky":false,"template":"","format":"standard","meta":{"colormag_page_container_layout":"default_layout","colormag_page_sidebar_layout":"default_layout","footnotes":""},"categories":[52,17],"tags":[],"class_list":["post-1672","post","type-post","status-publish","format-standard","has-post-thumbnail","hentry","category-artes-marciais","category-esportes"],"magazineBlocksPostFeaturedMedia":{"thumbnail":"https:\/\/universoesportivo.net\/wp-content\/uploads\/2024\/09\/abrebelgin-150x150.jpg","medium":"https:\/\/universoesportivo.net\/wp-content\/uploads\/2024\/09\/abrebelgin-300x255.jpg","medium_large":"https:\/\/universoesportivo.net\/wp-content\/uploads\/2024\/09\/abrebelgin.jpg","large":"https:\/\/universoesportivo.net\/wp-content\/uploads\/2024\/09\/abrebelgin.jpg","1536x1536":"https:\/\/universoesportivo.net\/wp-content\/uploads\/2024\/09\/abrebelgin.jpg","2048x2048":"https:\/\/universoesportivo.net\/wp-content\/uploads\/2024\/09\/abrebelgin.jpg","trp-custom-language-flag":"https:\/\/universoesportivo.net\/wp-content\/uploads\/2024\/09\/abrebelgin-14x12.jpg","colormag-highlighted-post":"https:\/\/universoesportivo.net\/wp-content\/uploads\/2024\/09\/abrebelgin-338x272.jpg","colormag-featured-post-medium":"https:\/\/universoesportivo.net\/wp-content\/uploads\/2024\/09\/abrebelgin-338x205.jpg","colormag-featured-post-small":"https:\/\/universoesportivo.net\/wp-content\/uploads\/2024\/09\/abrebelgin-130x90.jpg","colormag-featured-image":"https:\/\/universoesportivo.net\/wp-content\/uploads\/2024\/09\/abrebelgin.jpg","colormag-default-news":"https:\/\/universoesportivo.net\/wp-content\/uploads\/2024\/09\/abrebelgin-150x150.jpg","colormag-featured-image-large":"https:\/\/universoesportivo.net\/wp-content\/uploads\/2024\/09\/abrebelgin.jpg","colormag-elementor-block-extra-large-thumbnail":"https:\/\/universoesportivo.net\/wp-content\/uploads\/2024\/09\/abrebelgin.jpg","colormag-elementor-grid-large-thumbnail":"https:\/\/universoesportivo.net\/wp-content\/uploads\/2024\/09\/abrebelgin.jpg","colormag-elementor-grid-small-thumbnail":"https:\/\/universoesportivo.net\/wp-content\/uploads\/2024\/09\/abrebelgin-285x287.jpg","colormag-elementor-grid-medium-large-thumbnail":"https:\/\/universoesportivo.net\/wp-content\/uploads\/2024\/09\/abrebelgin-338x198.jpg"},"magazineBlocksPostAuthor":{"name":"Tiago Lotto","avatar":"https:\/\/secure.gravatar.com\/avatar\/fd6891125b3fb6ba0b794cd20c3398d5bb0fa20d2b9963a95f19470e5a6192f7?s=96&d=mm&r=g"},"magazineBlocksPostCommentsNumber":false,"magazineBlocksPostExcerpt":"Livia \u00e9 campe\u00e3 brasileira de karat\u00ea shotokan. Ela conquistou o 1\u00ba lugar no kata (equipe) e o 3\u00ba lugar na luta individual. Apoio da Ind\u00fastrias Colombo foi fundamental para viagem at\u00e9 a B\u00e9lgica.","magazineBlocksPostCategories":["Artes Marciais","ESPORTES"],"magazineBlocksPostViewCount":37,"magazineBlocksPostReadTime":2,"magazine_blocks_featured_image_url":{"full":["https:\/\/universoesportivo.net\/wp-content\/uploads\/2024\/09\/abrebelgin.jpg",338,287,false],"medium":["https:\/\/universoesportivo.net\/wp-content\/uploads\/2024\/09\/abrebelgin-300x255.jpg",300,255,true],"thumbnail":["https:\/\/universoesportivo.net\/wp-content\/uploads\/2024\/09\/abrebelgin-150x150.jpg",150,150,true]},"magazine_blocks_author":{"display_name":"Tiago Lotto","author_link":"https:\/\/universoesportivo.net\/index.php\/author\/tiago-lotto\/"},"magazine_blocks_comment":0,"magazine_blocks_author_image":"https:\/\/secure.gravatar.com\/avatar\/fd6891125b3fb6ba0b794cd20c3398d5bb0fa20d2b9963a95f19470e5a6192f7?s=96&d=mm&r=g","magazine_blocks_category":"<a href=\"#\" class=\"category-link category-link-52\">Artes Marciais<\/a> <a href=\"#\" class=\"category-link category-link-17\">ESPORTES<\/a>","yoast_head":"<!-- This site is optimized with the Yoast SEO plugin v27.4 - https:\/\/yoast.com\/product\/yoast-seo-wordpress\/ -->\n<title>Atleta da Ind\u00fastrias Colombo, Livia Dominici conquista duas medalhas no Mundial de Karat\u00ea da B\u00e9lgica - Universo Esportivo<\/title>\n<meta name=\"robots\" content=\"index, follow, max-snippet:-1, max-image-preview:large, max-video-preview:-1\" \/>\n<link rel=\"canonical\" href=\"https:\/\/universoesportivo.net\/index.php\/2024\/09\/10\/atleta-da-industrias-colombo-livia-dominici-conquista-duas-medalhas-no-mundial-de-karate-da-belgica\/\" \/>\n<meta property=\"og:locale\" content=\"pt_BR\" \/>\n<meta property=\"og:type\" content=\"article\" \/>\n<meta property=\"og:title\" content=\"Atleta da Ind\u00fastrias Colombo, Livia Dominici conquista duas medalhas no Mundial de Karat\u00ea da B\u00e9lgica - Universo Esportivo\" \/>\n<meta property=\"og:description\" content=\"Livia \u00e9 campe\u00e3 brasileira de karat\u00ea shotokan. Ela conquistou o 1\u00ba lugar no kata (equipe) e o 3\u00ba lugar na luta individual. Apoio da Ind\u00fastrias Colombo foi fundamental para viagem at\u00e9 a B\u00e9lgica.\" \/>\n<meta property=\"og:url\" content=\"https:\/\/universoesportivo.net\/index.php\/2024\/09\/10\/atleta-da-industrias-colombo-livia-dominici-conquista-duas-medalhas-no-mundial-de-karate-da-belgica\/\" \/>\n<meta property=\"og:site_name\" content=\"Universo Esportivo\" \/>\n<meta property=\"article:publisher\" content=\"https:\/\/www.facebook.com\/universoesportivo.net\" \/>\n<meta property=\"article:published_time\" content=\"2024-09-11T01:03:15+00:00\" \/>\n<meta property=\"article:modified_time\" content=\"2024-09-11T01:12:03+00:00\" \/>\n<meta property=\"og:image\" content=\"https:\/\/universoesportivo.net\/wp-content\/uploads\/2024\/09\/abrebelgin.jpg\" \/>\n\t<meta property=\"og:image:width\" content=\"338\" \/>\n\t<meta property=\"og:image:height\" content=\"287\" \/>\n\t<meta property=\"og:image:type\" content=\"image\/jpeg\" \/>\n<meta name=\"author\" content=\"Tiago Lotto\" \/>\n<meta name=\"twitter:card\" content=\"summary_large_image\" \/>\n<meta name=\"twitter:label1\" content=\"Escrito por\" \/>\n\t<meta name=\"twitter:data1\" content=\"Tiago Lotto\" \/>\n\t<meta name=\"twitter:label2\" content=\"Est. tempo de leitura\" \/>\n\t<meta name=\"twitter:data2\" content=\"2 minutos\" \/>\n<script type=\"application\/ld+json\" class=\"yoast-schema-graph\">{\"@context\":\"https:\\\/\\\/schema.org\",\"@graph\":[{\"@type\":\"Article\",\"@id\":\"https:\\\/\\\/universoesportivo.net\\\/index.php\\\/2024\\\/09\\\/10\\\/atleta-da-industrias-colombo-livia-dominici-conquista-duas-medalhas-no-mundial-de-karate-da-belgica\\\/#article\",\"isPartOf\":{\"@id\":\"https:\\\/\\\/universoesportivo.net\\\/index.php\\\/2024\\\/09\\\/10\\\/atleta-da-industrias-colombo-livia-dominici-conquista-duas-medalhas-no-mundial-de-karate-da-belgica\\\/\"},\"author\":{\"name\":\"Tiago Lotto\",\"@id\":\"https:\\\/\\\/universoesportivo.net\\\/#\\\/schema\\\/person\\\/62bc311bc7def56a6bc83711536e74bd\"},\"headline\":\"Atleta da Ind\u00fastrias Colombo, Livia Dominici conquista duas medalhas no Mundial de Karat\u00ea da B\u00e9lgica\",\"datePublished\":\"2024-09-11T01:03:15+00:00\",\"dateModified\":\"2024-09-11T01:12:03+00:00\",\"mainEntityOfPage\":{\"@id\":\"https:\\\/\\\/universoesportivo.net\\\/index.php\\\/2024\\\/09\\\/10\\\/atleta-da-industrias-colombo-livia-dominici-conquista-duas-medalhas-no-mundial-de-karate-da-belgica\\\/\"},\"wordCount\":239,\"publisher\":{\"@id\":\"https:\\\/\\\/universoesportivo.net\\\/#organization\"},\"image\":{\"@id\":\"https:\\\/\\\/universoesportivo.net\\\/index.php\\\/2024\\\/09\\\/10\\\/atleta-da-industrias-colombo-livia-dominici-conquista-duas-medalhas-no-mundial-de-karate-da-belgica\\\/#primaryimage\"},\"thumbnailUrl\":\"https:\\\/\\\/universoesportivo.net\\\/wp-content\\\/uploads\\\/2024\\\/09\\\/abrebelgin.jpg\",\"articleSection\":[\"Artes Marciais\",\"ESPORTES\"],\"inLanguage\":\"pt-BR\"},{\"@type\":\"WebPage\",\"@id\":\"https:\\\/\\\/universoesportivo.net\\\/index.php\\\/2024\\\/09\\\/10\\\/atleta-da-industrias-colombo-livia-dominici-conquista-duas-medalhas-no-mundial-de-karate-da-belgica\\\/\",\"url\":\"https:\\\/\\\/universoesportivo.net\\\/index.php\\\/2024\\\/09\\\/10\\\/atleta-da-industrias-colombo-livia-dominici-conquista-duas-medalhas-no-mundial-de-karate-da-belgica\\\/\",\"name\":\"Atleta da Ind\u00fastrias Colombo, Livia Dominici conquista duas medalhas no Mundial de Karat\u00ea da B\u00e9lgica - Universo Esportivo\",\"isPartOf\":{\"@id\":\"https:\\\/\\\/universoesportivo.net\\\/#website\"},\"primaryImageOfPage\":{\"@id\":\"https:\\\/\\\/universoesportivo.net\\\/index.php\\\/2024\\\/09\\\/10\\\/atleta-da-industrias-colombo-livia-dominici-conquista-duas-medalhas-no-mundial-de-karate-da-belgica\\\/#primaryimage\"},\"image\":{\"@id\":\"https:\\\/\\\/universoesportivo.net\\\/index.php\\\/2024\\\/09\\\/10\\\/atleta-da-industrias-colombo-livia-dominici-conquista-duas-medalhas-no-mundial-de-karate-da-belgica\\\/#primaryimage\"},\"thumbnailUrl\":\"https:\\\/\\\/universoesportivo.net\\\/wp-content\\\/uploads\\\/2024\\\/09\\\/abrebelgin.jpg\",\"datePublished\":\"2024-09-11T01:03:15+00:00\",\"dateModified\":\"2024-09-11T01:12:03+00:00\",\"breadcrumb\":{\"@id\":\"https:\\\/\\\/universoesportivo.net\\\/index.php\\\/2024\\\/09\\\/10\\\/atleta-da-industrias-colombo-livia-dominici-conquista-duas-medalhas-no-mundial-de-karate-da-belgica\\\/#breadcrumb\"},\"inLanguage\":\"pt-BR\",\"potentialAction\":[{\"@type\":\"ReadAction\",\"target\":[\"https:\\\/\\\/universoesportivo.net\\\/index.php\\\/2024\\\/09\\\/10\\\/atleta-da-industrias-colombo-livia-dominici-conquista-duas-medalhas-no-mundial-de-karate-da-belgica\\\/\"]}]},{\"@type\":\"ImageObject\",\"inLanguage\":\"pt-BR\",\"@id\":\"https:\\\/\\\/universoesportivo.net\\\/index.php\\\/2024\\\/09\\\/10\\\/atleta-da-industrias-colombo-livia-dominici-conquista-duas-medalhas-no-mundial-de-karate-da-belgica\\\/#primaryimage\",\"url\":\"https:\\\/\\\/universoesportivo.net\\\/wp-content\\\/uploads\\\/2024\\\/09\\\/abrebelgin.jpg\",\"contentUrl\":\"https:\\\/\\\/universoesportivo.net\\\/wp-content\\\/uploads\\\/2024\\\/09\\\/abrebelgin.jpg\",\"width\":338,\"height\":287},{\"@type\":\"BreadcrumbList\",\"@id\":\"https:\\\/\\\/universoesportivo.net\\\/index.php\\\/2024\\\/09\\\/10\\\/atleta-da-industrias-colombo-livia-dominici-conquista-duas-medalhas-no-mundial-de-karate-da-belgica\\\/#breadcrumb\",\"itemListElement\":[{\"@type\":\"ListItem\",\"position\":1,\"name\":\"In\u00edcio\",\"item\":\"https:\\\/\\\/universoesportivo.net\\\/\"},{\"@type\":\"ListItem\",\"position\":2,\"name\":\"Atleta da Ind\u00fastrias Colombo, Livia Dominici conquista duas medalhas no Mundial de Karat\u00ea da B\u00e9lgica\"}]},{\"@type\":\"WebSite\",\"@id\":\"https:\\\/\\\/universoesportivo.net\\\/#website\",\"url\":\"https:\\\/\\\/universoesportivo.net\\\/\",\"name\":\"Universo Esportivo\",\"description\":\"O portal de todas as modalidades esportivas!\",\"publisher\":{\"@id\":\"https:\\\/\\\/universoesportivo.net\\\/#organization\"},\"alternateName\":\"Jornalista Tiago Contador Lotto\",\"potentialAction\":[{\"@type\":\"SearchAction\",\"target\":{\"@type\":\"EntryPoint\",\"urlTemplate\":\"https:\\\/\\\/universoesportivo.net\\\/?s={search_term_string}\"},\"query-input\":{\"@type\":\"PropertyValueSpecification\",\"valueRequired\":true,\"valueName\":\"search_term_string\"}}],\"inLanguage\":\"pt-BR\"},{\"@type\":\"Organization\",\"@id\":\"https:\\\/\\\/universoesportivo.net\\\/#organization\",\"name\":\"Universo Esportivo\",\"alternateName\":\"Tiago Lotto\",\"url\":\"https:\\\/\\\/universoesportivo.net\\\/\",\"logo\":{\"@type\":\"ImageObject\",\"inLanguage\":\"pt-BR\",\"@id\":\"https:\\\/\\\/universoesportivo.net\\\/#\\\/schema\\\/logo\\\/image\\\/\",\"url\":\"https:\\\/\\\/universoesportivo.net\\\/wp-content\\\/uploads\\\/2024\\\/05\\\/cropped-cropped-universo-6.png\",\"contentUrl\":\"https:\\\/\\\/universoesportivo.net\\\/wp-content\\\/uploads\\\/2024\\\/05\\\/cropped-cropped-universo-6.png\",\"width\":413,\"height\":295,\"caption\":\"Universo Esportivo\"},\"image\":{\"@id\":\"https:\\\/\\\/universoesportivo.net\\\/#\\\/schema\\\/logo\\\/image\\\/\"},\"sameAs\":[\"https:\\\/\\\/www.facebook.com\\\/universoesportivo.net\"]},{\"@type\":\"Person\",\"@id\":\"https:\\\/\\\/universoesportivo.net\\\/#\\\/schema\\\/person\\\/62bc311bc7def56a6bc83711536e74bd\",\"name\":\"Tiago Lotto\",\"image\":{\"@type\":\"ImageObject\",\"inLanguage\":\"pt-BR\",\"@id\":\"https:\\\/\\\/secure.gravatar.com\\\/avatar\\\/fd6891125b3fb6ba0b794cd20c3398d5bb0fa20d2b9963a95f19470e5a6192f7?s=96&d=mm&r=g\",\"url\":\"https:\\\/\\\/secure.gravatar.com\\\/avatar\\\/fd6891125b3fb6ba0b794cd20c3398d5bb0fa20d2b9963a95f19470e5a6192f7?s=96&d=mm&r=g\",\"contentUrl\":\"https:\\\/\\\/secure.gravatar.com\\\/avatar\\\/fd6891125b3fb6ba0b794cd20c3398d5bb0fa20d2b9963a95f19470e5a6192f7?s=96&d=mm&r=g\",\"caption\":\"Tiago Lotto\"},\"url\":\"https:\\\/\\\/universoesportivo.net\\\/index.php\\\/author\\\/tiago-lotto\\\/\"}]}<\/script>\n<!-- \/ Yoast SEO plugin. -->","yoast_head_json":{"title":"Atleta da Ind\u00fastrias Colombo, Livia Dominici conquista duas medalhas no Mundial de Karat\u00ea da B\u00e9lgica - Universo Esportivo","robots":{"index":"index","follow":"follow","max-snippet":"max-snippet:-1","max-image-preview":"max-image-preview:large","max-video-preview":"max-video-preview:-1"},"canonical":"https:\/\/universoesportivo.net\/index.php\/2024\/09\/10\/atleta-da-industrias-colombo-livia-dominici-conquista-duas-medalhas-no-mundial-de-karate-da-belgica\/","og_locale":"pt_BR","og_type":"article","og_title":"Atleta da Ind\u00fastrias Colombo, Livia Dominici conquista duas medalhas no Mundial de Karat\u00ea da B\u00e9lgica - Universo Esportivo","og_description":"Livia \u00e9 campe\u00e3 brasileira de karat\u00ea shotokan. Ela conquistou o 1\u00ba lugar no kata (equipe) e o 3\u00ba lugar na luta individual. Apoio da Ind\u00fastrias Colombo foi fundamental para viagem at\u00e9 a B\u00e9lgica.","og_url":"https:\/\/universoesportivo.net\/index.php\/2024\/09\/10\/atleta-da-industrias-colombo-livia-dominici-conquista-duas-medalhas-no-mundial-de-karate-da-belgica\/","og_site_name":"Universo Esportivo","article_publisher":"https:\/\/www.facebook.com\/universoesportivo.net","article_published_time":"2024-09-11T01:03:15+00:00","article_modified_time":"2024-09-11T01:12:03+00:00","og_image":[{"width":338,"height":287,"url":"https:\/\/universoesportivo.net\/wp-content\/uploads\/2024\/09\/abrebelgin.jpg","type":"image\/jpeg"}],"author":"Tiago Lotto","twitter_card":"summary_large_image","twitter_misc":{"Escrito por":"Tiago Lotto","Est. tempo de leitura":"2 minutos"},"schema":{"@context":"https:\/\/schema.org","@graph":[{"@type":"Article","@id":"https:\/\/universoesportivo.net\/index.php\/2024\/09\/10\/atleta-da-industrias-colombo-livia-dominici-conquista-duas-medalhas-no-mundial-de-karate-da-belgica\/#article","isPartOf":{"@id":"https:\/\/universoesportivo.net\/index.php\/2024\/09\/10\/atleta-da-industrias-colombo-livia-dominici-conquista-duas-medalhas-no-mundial-de-karate-da-belgica\/"},"author":{"name":"Tiago Lotto","@id":"https:\/\/universoesportivo.net\/#\/schema\/person\/62bc311bc7def56a6bc83711536e74bd"},"headline":"Atleta da Ind\u00fastrias Colombo, Livia Dominici conquista duas medalhas no Mundial de Karat\u00ea da B\u00e9lgica","datePublished":"2024-09-11T01:03:15+00:00","dateModified":"2024-09-11T01:12:03+00:00","mainEntityOfPage":{"@id":"https:\/\/universoesportivo.net\/index.php\/2024\/09\/10\/atleta-da-industrias-colombo-livia-dominici-conquista-duas-medalhas-no-mundial-de-karate-da-belgica\/"},"wordCount":239,"publisher":{"@id":"https:\/\/universoesportivo.net\/#organization"},"image":{"@id":"https:\/\/universoesportivo.net\/index.php\/2024\/09\/10\/atleta-da-industrias-colombo-livia-dominici-conquista-duas-medalhas-no-mundial-de-karate-da-belgica\/#primaryimage"},"thumbnailUrl":"https:\/\/universoesportivo.net\/wp-content\/uploads\/2024\/09\/abrebelgin.jpg","articleSection":["Artes Marciais","ESPORTES"],"inLanguage":"pt-BR"},{"@type":"WebPage","@id":"https:\/\/universoesportivo.net\/index.php\/2024\/09\/10\/atleta-da-industrias-colombo-livia-dominici-conquista-duas-medalhas-no-mundial-de-karate-da-belgica\/","url":"https:\/\/universoesportivo.net\/index.php\/2024\/09\/10\/atleta-da-industrias-colombo-livia-dominici-conquista-duas-medalhas-no-mundial-de-karate-da-belgica\/","name":"Atleta da Ind\u00fastrias Colombo, Livia Dominici conquista duas medalhas no Mundial de Karat\u00ea da B\u00e9lgica - Universo Esportivo","isPartOf":{"@id":"https:\/\/universoesportivo.net\/#website"},"primaryImageOfPage":{"@id":"https:\/\/universoesportivo.net\/index.php\/2024\/09\/10\/atleta-da-industrias-colombo-livia-dominici-conquista-duas-medalhas-no-mundial-de-karate-da-belgica\/#primaryimage"},"image":{"@id":"https:\/\/universoesportivo.net\/index.php\/2024\/09\/10\/atleta-da-industrias-colombo-livia-dominici-conquista-duas-medalhas-no-mundial-de-karate-da-belgica\/#primaryimage"},"thumbnailUrl":"https:\/\/universoesportivo.net\/wp-content\/uploads\/2024\/09\/abrebelgin.jpg","datePublished":"2024-09-11T01:03:15+00:00","dateModified":"2024-09-11T01:12:03+00:00","breadcrumb":{"@id":"https:\/\/universoesportivo.net\/index.php\/2024\/09\/10\/atleta-da-industrias-colombo-livia-dominici-conquista-duas-medalhas-no-mundial-de-karate-da-belgica\/#breadcrumb"},"inLanguage":"pt-BR","potentialAction":[{"@type":"ReadAction","target":["https:\/\/universoesportivo.net\/index.php\/2024\/09\/10\/atleta-da-industrias-colombo-livia-dominici-conquista-duas-medalhas-no-mundial-de-karate-da-belgica\/"]}]},{"@type":"ImageObject","inLanguage":"pt-BR","@id":"https:\/\/universoesportivo.net\/index.php\/2024\/09\/10\/atleta-da-industrias-colombo-livia-dominici-conquista-duas-medalhas-no-mundial-de-karate-da-belgica\/#primaryimage","url":"https:\/\/universoesportivo.net\/wp-content\/uploads\/2024\/09\/abrebelgin.jpg","contentUrl":"https:\/\/universoesportivo.net\/wp-content\/uploads\/2024\/09\/abrebelgin.jpg","width":338,"height":287},{"@type":"BreadcrumbList","@id":"https:\/\/universoesportivo.net\/index.php\/2024\/09\/10\/atleta-da-industrias-colombo-livia-dominici-conquista-duas-medalhas-no-mundial-de-karate-da-belgica\/#breadcrumb","itemListElement":[{"@type":"ListItem","position":1,"name":"In\u00edcio","item":"https:\/\/universoesportivo.net\/"},{"@type":"ListItem","position":2,"name":"Atleta da Ind\u00fastrias Colombo, Livia Dominici conquista duas medalhas no Mundial de Karat\u00ea da B\u00e9lgica"}]},{"@type":"WebSite","@id":"https:\/\/universoesportivo.net\/#website","url":"https:\/\/universoesportivo.net\/","name":"Universo Esportivo","description":"O portal de todas as modalidades esportivas!","publisher":{"@id":"https:\/\/universoesportivo.net\/#organization"},"alternateName":"Jornalista Tiago Contador Lotto","potentialAction":[{"@type":"SearchAction","target":{"@type":"EntryPoint","urlTemplate":"https:\/\/universoesportivo.net\/?s={search_term_string}"},"query-input":{"@type":"PropertyValueSpecification","valueRequired":true,"valueName":"search_term_string"}}],"inLanguage":"pt-BR"},{"@type":"Organization","@id":"https:\/\/universoesportivo.net\/#organization","name":"Universo Esportivo","alternateName":"Tiago Lotto","url":"https:\/\/universoesportivo.net\/","logo":{"@type":"ImageObject","inLanguage":"pt-BR","@id":"https:\/\/universoesportivo.net\/#\/schema\/logo\/image\/","url":"https:\/\/universoesportivo.net\/wp-content\/uploads\/2024\/05\/cropped-cropped-universo-6.png","contentUrl":"https:\/\/universoesportivo.net\/wp-content\/uploads\/2024\/05\/cropped-cropped-universo-6.png","width":413,"height":295,"caption":"Universo Esportivo"},"image":{"@id":"https:\/\/universoesportivo.net\/#\/schema\/logo\/image\/"},"sameAs":["https:\/\/www.facebook.com\/universoesportivo.net"]},{"@type":"Person","@id":"https:\/\/universoesportivo.net\/#\/schema\/person\/62bc311bc7def56a6bc83711536e74bd","name":"Tiago Lotto","image":{"@type":"ImageObject","inLanguage":"pt-BR","@id":"https:\/\/secure.gravatar.com\/avatar\/fd6891125b3fb6ba0b794cd20c3398d5bb0fa20d2b9963a95f19470e5a6192f7?s=96&d=mm&r=g","url":"https:\/\/secure.gravatar.com\/avatar\/fd6891125b3fb6ba0b794cd20c3398d5bb0fa20d2b9963a95f19470e5a6192f7?s=96&d=mm&r=g","contentUrl":"https:\/\/secure.gravatar.com\/avatar\/fd6891125b3fb6ba0b794cd20c3398d5bb0fa20d2b9963a95f19470e5a6192f7?s=96&d=mm&r=g","caption":"Tiago Lotto"},"url":"https:\/\/universoesportivo.net\/index.php\/author\/tiago-lotto\/"}]}},"jetpack_featured_media_url":"https:\/\/universoesportivo.net\/wp-content\/uploads\/2024\/09\/abrebelgin.jpg","_links":{"self":[{"href":"https:\/\/universoesportivo.net\/index.php\/wp-json\/wp\/v2\/posts\/1672","targetHints":{"allow":["GET"]}}],"collection":[{"href":"https:\/\/universoesportivo.net\/index.php\/wp-json\/wp\/v2\/posts"}],"about":[{"href":"https:\/\/universoesportivo.net\/index.php\/wp-json\/wp\/v2\/types\/post"}],"author":[{"embeddable":true,"href":"https:\/\/universoesportivo.net\/index.php\/wp-json\/wp\/v2\/users\/2"}],"replies":[{"embeddable":true,"href":"https:\/\/universoesportivo.net\/index.php\/wp-json\/wp\/v2\/comments?post=1672"}],"version-history":[{"count":3,"href":"https:\/\/universoesportivo.net\/index.php\/wp-json\/wp\/v2\/posts\/1672\/revisions"}],"predecessor-version":[{"id":1681,"href":"https:\/\/universoesportivo.net\/index.php\/wp-json\/wp\/v2\/posts\/1672\/revisions\/1681"}],"wp:featuredmedia":[{"embeddable":true,"href":"https:\/\/universoesportivo.net\/index.php\/wp-json\/wp\/v2\/media\/1674"}],"wp:attachment":[{"href":"https:\/\/universoesportivo.net\/index.php\/wp-json\/wp\/v2\/media?parent=1672"}],"wp:term":[{"taxonomy":"category","embeddable":true,"href":"https:\/\/universoesportivo.net\/index.php\/wp-json\/wp\/v2\/categories?post=1672"},{"taxonomy":"post_tag","embeddable":true,"href":"https:\/\/universoesportivo.net\/index.php\/wp-json\/wp\/v2\/tags?post=1672"}],"curies":[{"name":"wp","href":"https:\/\/api.w.org\/{rel}","templated":true}]}}