{"id":1686,"date":"2024-09-16T09:29:01","date_gmt":"2024-09-16T12:29:01","guid":{"rendered":"https:\/\/universoesportivo.net\/?p=1686"},"modified":"2024-09-16T09:29:02","modified_gmt":"2024-09-16T12:29:02","slug":"piloto-de-sao-paulo-gabriel-bortoleto-assume-lideranca-do-mundial-de-f-2","status":"publish","type":"post","link":"https:\/\/universoesportivo.net\/index.php\/2024\/09\/16\/piloto-de-sao-paulo-gabriel-bortoleto-assume-lideranca-do-mundial-de-f-2\/","title":{"rendered":"PILOTO DE S\u00c3O PAULO, GABRIEL BORTOLETO ASSUME LIDERAN\u00c7A DO MUNDIAL DE F-2"},"content":{"rendered":"\n<p class=\"has-medium-font-size\">A 12\u00aa etapa do Campeonato Mundial de F-2 terminou neste domingo, 15 de setembro. Competindo pela equipe Invicta Racing, com o suporte da McLaren F-1, o piloto brasileiro Gabriel Bortoleto acumulou um quinto e um quarto lugar nas duas corridas em Baku, no Azerbaij\u00e3o.<\/p>\n\n\n\n<p class=\"has-medium-font-size\">Com o resultado, o jovem de S\u00e3o Paulo assumiu a lideran\u00e7a da classifica\u00e7\u00e3o, com um total de 169,5 pontos. Faltam, apenas, duas rodadas para o encerramento do calend\u00e1rio.<\/p>\n\n\n\n<p class=\"has-medium-font-size\">O fim de semana de Gabriel teve in\u00edcio ainda na sexta-feira, com o treino livre e a tomada de tempos. Bortoleto, com um carro que n\u00e3o apresentou em nenhum momento o desempenho impressionante visto na etapa de Monza, conseguiu a sexta melhor marca na sess\u00e3o classificat\u00f3ria. Este resultado lhe garantiu a quinta posi\u00e7\u00e3o para a largada da Sprint Race e, naturalmente, o sexto lugar, para a largada da Feature Race.<\/p>\n\n\n\n<p class=\"has-medium-font-size\">Diante de uma pista de rua extremamente desafiadora, Gabriel assumiu uma postura conservadora na largada da prova Sprint. Evitando ao m\u00e1ximo algum contato ele caiu para a oitava coloca\u00e7\u00e3o, por\u00e9m, seguiu no primeiro pelot\u00e3o.<\/p>\n\n\n\n<p class=\"has-medium-font-size\">Com o passar das voltas o brasileiro conseguiu manter um bom ritmo, gerenciou ao m\u00e1ximo o desgaste dos pneus, por\u00e9m, sempre esteve muito pressionado. A cinco voltas para o final um incidente provocou a entrada do safety-car que permaneceu na pista por duas voltas. Na relargada, de forma precisa, Gabriel conseguiu se posicionar muito bem, recuperou tr\u00eas posi\u00e7\u00f5es e, mesmo ap\u00f3s ter recebido um toque do estreante Christian Mansell, conseguiu cruzar a linha de chegada na quinta posi\u00e7\u00e3o.<\/p>\n\n\n\n<p class=\"has-medium-font-size\">Com o resultado ele somou quatro pontos na classifica\u00e7\u00e3o do Campeonato ficando a apenas 6,5 pontos do l\u00edder, o franc\u00eas Isac Hadjar.<\/p>\n\n\n\n<p class=\"has-medium-font-size\">A Feature Race, disputada no domingo, come\u00e7ou com um grave acidente na largada. O carro de Kush Maini ficou parado no grid e acabou sendo atingido em cheio pelos carros de Oliver Goethe e Josep Maria Marti, este \u00faltimo, inclusive, capotou no meio da pista.<\/p>\n\n\n\n<p class=\"has-medium-font-size\">A corrida foi interrompida com bandeira vermelha e foram gastos quase 30 minutos para o rein\u00edcio da prova. Diante do atraso a organiza\u00e7\u00e3o determinou que a corrida seria conclu\u00edda por tempo e, no momento da relargada, faltavam 28 minutos para o fim. Gabriel conseguiu uma boa largada e pulou para a quinta coloca\u00e7\u00e3o. Neste posto ele permaneceu at\u00e9 o momento das paradas de box. Em um bom trabalho a equipe Invicta o recolocou na pista na mesma posi\u00e7\u00e3o. A esta altura faltavam ainda 17 minutos para o fim da prova e Bortoleto, ent\u00e3o, passou a impor um ritmo mais forte. Ele superou Zane Maloney assumindo a quarta posi\u00e7\u00e3o e deu in\u00edcio \u00e0 persegui\u00e7\u00e3o do terceiro colocado.<\/p>\n\n\n\n<p class=\"has-medium-font-size\">Faltando 12 minutos para o fim da corrida ele estava \u00e0 tr\u00eas segundos de Kimi Antonelli. Com uma sequ\u00eancia de voltas muito velozes Gabriel foi registrando seguidas voltas mais r\u00e1pidas e, quando faltavam 4 minutos para o fim ele j\u00e1 estava a menos de um segundo do concorrente, o que lhe permitiria a abertura de DRS.<\/p>\n\n\n\n<p class=\"has-medium-font-size\">Um acidente ocasionou a entrada do Safety-Car que, desta forma, permaneceu na pista at\u00e9 a bandeirada final. Richard Verschor (HOL) venceu a prova seguido por Victor Martins (FRA) e Kimi Antonelli (ITA). Bortoleto confirmou a quarta coloca\u00e7\u00e3o que, pelo n\u00famero de voltas da corrida, valeu 10 pontos. O brasileiro levou ainda mais um ponto referente \u00e0 volta mais r\u00e1pida da corrida.<\/p>\n\n\n\n<p class=\"has-medium-font-size\">Com o resultado Gabriel Bortoleto \u00e9 o l\u00edder do Campeonato Mundial de F-2, com 169,5 pontos, faltando apenas duas rodadas para o final. Isac Hadjar (FRA) \u00e9 o segundo colocado com 165 e Zane Maloney (BAR) o terceiro, com 135.<\/p>\n\n\n\n<p class=\"has-medium-font-size\">O Campeonato Mundial de F-2 retoma as suas disputas no fim do m\u00eas de novembro. Entre os dias 29 de novembro e 1\u00ba de dezembro o circuito de Lusail, no Catar, recebe a pen\u00faltima etapa da temporada.<\/p>\n\n\n\n<p class=\"has-medium-font-size\">Da reda\u00e7\u00e3o, com Fl\u00e1vio Quick \/ Fotos: James Gasperotti<\/p>\n\n\n\n<figure class=\"wp-block-image\"><img fetchpriority=\"high\" decoding=\"async\" width=\"410\" height=\"274\" src=\"https:\/\/universoesportivo.net\/wp-content\/uploads\/2024\/09\/formula2interna.jpg\" alt=\"\" class=\"wp-image-1688\" srcset=\"https:\/\/universoesportivo.net\/wp-content\/uploads\/2024\/09\/formula2interna.jpg 410w, https:\/\/universoesportivo.net\/wp-content\/uploads\/2024\/09\/formula2interna-300x200.jpg 300w, https:\/\/universoesportivo.net\/wp-content\/uploads\/2024\/09\/formula2interna-18x12.jpg 18w\" sizes=\"(max-width: 410px) 100vw, 410px\" \/><\/figure>\n","protected":false},"excerpt":{"rendered":"<p>O piloto Gabriel Bortoleto acumulou um quinto e um quarto lugar nas duas corridas em Baku (Azerbaij\u00e3o). Com o resultado, ele assumiu a lideran\u00e7a da classifica\u00e7\u00e3o.<\/p>\n","protected":false},"author":2,"featured_media":1687,"comment_status":"closed","ping_status":"closed","sticky":false,"template":"","format":"standard","meta":{"colormag_page_container_layout":"default_layout","colormag_page_sidebar_layout":"default_layout","footnotes":""},"categories":[17,59],"tags":[],"class_list":["post-1686","post","type-post","status-publish","format-standard","has-post-thumbnail","hentry","category-esportes","category-formula-2"],"magazineBlocksPostFeaturedMedia":{"thumbnail":"https:\/\/universoesportivo.net\/wp-content\/uploads\/2024\/09\/abreformula2-150x150.jpg","medium":"https:\/\/universoesportivo.net\/wp-content\/uploads\/2024\/09\/abreformula2-300x201.jpg","medium_large":"https:\/\/universoesportivo.net\/wp-content\/uploads\/2024\/09\/abreformula2.jpg","large":"https:\/\/universoesportivo.net\/wp-content\/uploads\/2024\/09\/abreformula2.jpg","1536x1536":"https:\/\/universoesportivo.net\/wp-content\/uploads\/2024\/09\/abreformula2.jpg","2048x2048":"https:\/\/universoesportivo.net\/wp-content\/uploads\/2024\/09\/abreformula2.jpg","trp-custom-language-flag":"https:\/\/universoesportivo.net\/wp-content\/uploads\/2024\/09\/abreformula2-18x12.jpg","colormag-highlighted-post":"https:\/\/universoesportivo.net\/wp-content\/uploads\/2024\/09\/abreformula2.jpg","colormag-featured-post-medium":"https:\/\/universoesportivo.net\/wp-content\/uploads\/2024\/09\/abreformula2-359x205.jpg","colormag-featured-post-small":"https:\/\/universoesportivo.net\/wp-content\/uploads\/2024\/09\/abreformula2-130x90.jpg","colormag-featured-image":"https:\/\/universoesportivo.net\/wp-content\/uploads\/2024\/09\/abreformula2.jpg","colormag-default-news":"https:\/\/universoesportivo.net\/wp-content\/uploads\/2024\/09\/abreformula2-150x150.jpg","colormag-featured-image-large":"https:\/\/universoesportivo.net\/wp-content\/uploads\/2024\/09\/abreformula2.jpg","colormag-elementor-block-extra-large-thumbnail":"https:\/\/universoesportivo.net\/wp-content\/uploads\/2024\/09\/abreformula2.jpg","colormag-elementor-grid-large-thumbnail":"https:\/\/universoesportivo.net\/wp-content\/uploads\/2024\/09\/abreformula2.jpg","colormag-elementor-grid-small-thumbnail":"https:\/\/universoesportivo.net\/wp-content\/uploads\/2024\/09\/abreformula2-285x240.jpg","colormag-elementor-grid-medium-large-thumbnail":"https:\/\/universoesportivo.net\/wp-content\/uploads\/2024\/09\/abreformula2-359x198.jpg"},"magazineBlocksPostAuthor":{"name":"Tiago Lotto","avatar":"https:\/\/secure.gravatar.com\/avatar\/fd6891125b3fb6ba0b794cd20c3398d5bb0fa20d2b9963a95f19470e5a6192f7?s=96&d=mm&r=g"},"magazineBlocksPostCommentsNumber":false,"magazineBlocksPostExcerpt":"O piloto Gabriel Bortoleto acumulou um quinto e um quarto lugar nas duas corridas em Baku (Azerbaij\u00e3o). Com o resultado, ele assumiu a lideran\u00e7a da classifica\u00e7\u00e3o.","magazineBlocksPostCategories":["ESPORTES","F\u00f3rmula 2"],"magazineBlocksPostViewCount":35,"magazineBlocksPostReadTime":4,"magazine_blocks_featured_image_url":{"full":["https:\/\/universoesportivo.net\/wp-content\/uploads\/2024\/09\/abreformula2.jpg",359,240,false],"medium":["https:\/\/universoesportivo.net\/wp-content\/uploads\/2024\/09\/abreformula2-300x201.jpg",300,201,true],"thumbnail":["https:\/\/universoesportivo.net\/wp-content\/uploads\/2024\/09\/abreformula2-150x150.jpg",150,150,true]},"magazine_blocks_author":{"display_name":"Tiago Lotto","author_link":"https:\/\/universoesportivo.net\/index.php\/author\/tiago-lotto\/"},"magazine_blocks_comment":0,"magazine_blocks_author_image":"https:\/\/secure.gravatar.com\/avatar\/fd6891125b3fb6ba0b794cd20c3398d5bb0fa20d2b9963a95f19470e5a6192f7?s=96&d=mm&r=g","magazine_blocks_category":"<a href=\"#\" class=\"category-link category-link-17\">ESPORTES<\/a> <a href=\"#\" class=\"category-link category-link-59\">F\u00f3rmula 2<\/a>","yoast_head":"<!-- This site is optimized with the Yoast SEO plugin v27.4 - https:\/\/yoast.com\/product\/yoast-seo-wordpress\/ -->\n<title>PILOTO DE S\u00c3O PAULO, GABRIEL BORTOLETO ASSUME LIDERAN\u00c7A DO MUNDIAL DE F-2 - Universo Esportivo<\/title>\n<meta name=\"robots\" content=\"index, follow, max-snippet:-1, max-image-preview:large, max-video-preview:-1\" \/>\n<link rel=\"canonical\" href=\"https:\/\/universoesportivo.net\/index.php\/2024\/09\/16\/piloto-de-sao-paulo-gabriel-bortoleto-assume-lideranca-do-mundial-de-f-2\/\" \/>\n<meta property=\"og:locale\" content=\"pt_BR\" \/>\n<meta property=\"og:type\" content=\"article\" \/>\n<meta property=\"og:title\" content=\"PILOTO DE S\u00c3O PAULO, GABRIEL BORTOLETO ASSUME LIDERAN\u00c7A DO MUNDIAL DE F-2 - Universo Esportivo\" \/>\n<meta property=\"og:description\" content=\"O piloto Gabriel Bortoleto acumulou um quinto e um quarto lugar nas duas corridas em Baku (Azerbaij\u00e3o). Com o resultado, ele assumiu a lideran\u00e7a da classifica\u00e7\u00e3o.\" \/>\n<meta property=\"og:url\" content=\"https:\/\/universoesportivo.net\/index.php\/2024\/09\/16\/piloto-de-sao-paulo-gabriel-bortoleto-assume-lideranca-do-mundial-de-f-2\/\" \/>\n<meta property=\"og:site_name\" content=\"Universo Esportivo\" \/>\n<meta property=\"article:publisher\" content=\"https:\/\/www.facebook.com\/universoesportivo.net\" \/>\n<meta property=\"article:published_time\" content=\"2024-09-16T12:29:01+00:00\" \/>\n<meta property=\"article:modified_time\" content=\"2024-09-16T12:29:02+00:00\" \/>\n<meta property=\"og:image\" content=\"https:\/\/universoesportivo.net\/wp-content\/uploads\/2024\/09\/abreformula2.jpg\" \/>\n\t<meta property=\"og:image:width\" content=\"359\" \/>\n\t<meta property=\"og:image:height\" content=\"240\" \/>\n\t<meta property=\"og:image:type\" content=\"image\/jpeg\" \/>\n<meta name=\"author\" content=\"Tiago Lotto\" \/>\n<meta name=\"twitter:card\" content=\"summary_large_image\" \/>\n<meta name=\"twitter:label1\" content=\"Escrito por\" \/>\n\t<meta name=\"twitter:data1\" content=\"Tiago Lotto\" \/>\n\t<meta name=\"twitter:label2\" content=\"Est. tempo de leitura\" \/>\n\t<meta name=\"twitter:data2\" content=\"4 minutos\" \/>\n<script type=\"application\/ld+json\" class=\"yoast-schema-graph\">{\"@context\":\"https:\\\/\\\/schema.org\",\"@graph\":[{\"@type\":\"Article\",\"@id\":\"https:\\\/\\\/universoesportivo.net\\\/index.php\\\/2024\\\/09\\\/16\\\/piloto-de-sao-paulo-gabriel-bortoleto-assume-lideranca-do-mundial-de-f-2\\\/#article\",\"isPartOf\":{\"@id\":\"https:\\\/\\\/universoesportivo.net\\\/index.php\\\/2024\\\/09\\\/16\\\/piloto-de-sao-paulo-gabriel-bortoleto-assume-lideranca-do-mundial-de-f-2\\\/\"},\"author\":{\"name\":\"Tiago Lotto\",\"@id\":\"https:\\\/\\\/universoesportivo.net\\\/#\\\/schema\\\/person\\\/62bc311bc7def56a6bc83711536e74bd\"},\"headline\":\"PILOTO DE S\u00c3O PAULO, GABRIEL BORTOLETO ASSUME LIDERAN\u00c7A DO MUNDIAL DE F-2\",\"datePublished\":\"2024-09-16T12:29:01+00:00\",\"dateModified\":\"2024-09-16T12:29:02+00:00\",\"mainEntityOfPage\":{\"@id\":\"https:\\\/\\\/universoesportivo.net\\\/index.php\\\/2024\\\/09\\\/16\\\/piloto-de-sao-paulo-gabriel-bortoleto-assume-lideranca-do-mundial-de-f-2\\\/\"},\"wordCount\":677,\"publisher\":{\"@id\":\"https:\\\/\\\/universoesportivo.net\\\/#organization\"},\"image\":{\"@id\":\"https:\\\/\\\/universoesportivo.net\\\/index.php\\\/2024\\\/09\\\/16\\\/piloto-de-sao-paulo-gabriel-bortoleto-assume-lideranca-do-mundial-de-f-2\\\/#primaryimage\"},\"thumbnailUrl\":\"https:\\\/\\\/universoesportivo.net\\\/wp-content\\\/uploads\\\/2024\\\/09\\\/abreformula2.jpg\",\"articleSection\":[\"ESPORTES\",\"F\u00f3rmula 2\"],\"inLanguage\":\"pt-BR\"},{\"@type\":\"WebPage\",\"@id\":\"https:\\\/\\\/universoesportivo.net\\\/index.php\\\/2024\\\/09\\\/16\\\/piloto-de-sao-paulo-gabriel-bortoleto-assume-lideranca-do-mundial-de-f-2\\\/\",\"url\":\"https:\\\/\\\/universoesportivo.net\\\/index.php\\\/2024\\\/09\\\/16\\\/piloto-de-sao-paulo-gabriel-bortoleto-assume-lideranca-do-mundial-de-f-2\\\/\",\"name\":\"PILOTO DE S\u00c3O PAULO, GABRIEL BORTOLETO ASSUME LIDERAN\u00c7A DO MUNDIAL DE F-2 - Universo Esportivo\",\"isPartOf\":{\"@id\":\"https:\\\/\\\/universoesportivo.net\\\/#website\"},\"primaryImageOfPage\":{\"@id\":\"https:\\\/\\\/universoesportivo.net\\\/index.php\\\/2024\\\/09\\\/16\\\/piloto-de-sao-paulo-gabriel-bortoleto-assume-lideranca-do-mundial-de-f-2\\\/#primaryimage\"},\"image\":{\"@id\":\"https:\\\/\\\/universoesportivo.net\\\/index.php\\\/2024\\\/09\\\/16\\\/piloto-de-sao-paulo-gabriel-bortoleto-assume-lideranca-do-mundial-de-f-2\\\/#primaryimage\"},\"thumbnailUrl\":\"https:\\\/\\\/universoesportivo.net\\\/wp-content\\\/uploads\\\/2024\\\/09\\\/abreformula2.jpg\",\"datePublished\":\"2024-09-16T12:29:01+00:00\",\"dateModified\":\"2024-09-16T12:29:02+00:00\",\"breadcrumb\":{\"@id\":\"https:\\\/\\\/universoesportivo.net\\\/index.php\\\/2024\\\/09\\\/16\\\/piloto-de-sao-paulo-gabriel-bortoleto-assume-lideranca-do-mundial-de-f-2\\\/#breadcrumb\"},\"inLanguage\":\"pt-BR\",\"potentialAction\":[{\"@type\":\"ReadAction\",\"target\":[\"https:\\\/\\\/universoesportivo.net\\\/index.php\\\/2024\\\/09\\\/16\\\/piloto-de-sao-paulo-gabriel-bortoleto-assume-lideranca-do-mundial-de-f-2\\\/\"]}]},{\"@type\":\"ImageObject\",\"inLanguage\":\"pt-BR\",\"@id\":\"https:\\\/\\\/universoesportivo.net\\\/index.php\\\/2024\\\/09\\\/16\\\/piloto-de-sao-paulo-gabriel-bortoleto-assume-lideranca-do-mundial-de-f-2\\\/#primaryimage\",\"url\":\"https:\\\/\\\/universoesportivo.net\\\/wp-content\\\/uploads\\\/2024\\\/09\\\/abreformula2.jpg\",\"contentUrl\":\"https:\\\/\\\/universoesportivo.net\\\/wp-content\\\/uploads\\\/2024\\\/09\\\/abreformula2.jpg\",\"width\":359,\"height\":240},{\"@type\":\"BreadcrumbList\",\"@id\":\"https:\\\/\\\/universoesportivo.net\\\/index.php\\\/2024\\\/09\\\/16\\\/piloto-de-sao-paulo-gabriel-bortoleto-assume-lideranca-do-mundial-de-f-2\\\/#breadcrumb\",\"itemListElement\":[{\"@type\":\"ListItem\",\"position\":1,\"name\":\"In\u00edcio\",\"item\":\"https:\\\/\\\/universoesportivo.net\\\/\"},{\"@type\":\"ListItem\",\"position\":2,\"name\":\"PILOTO DE S\u00c3O PAULO, GABRIEL BORTOLETO ASSUME LIDERAN\u00c7A DO MUNDIAL DE F-2\"}]},{\"@type\":\"WebSite\",\"@id\":\"https:\\\/\\\/universoesportivo.net\\\/#website\",\"url\":\"https:\\\/\\\/universoesportivo.net\\\/\",\"name\":\"Universo Esportivo\",\"description\":\"O portal de todas as modalidades esportivas!\",\"publisher\":{\"@id\":\"https:\\\/\\\/universoesportivo.net\\\/#organization\"},\"alternateName\":\"Jornalista Tiago Contador Lotto\",\"potentialAction\":[{\"@type\":\"SearchAction\",\"target\":{\"@type\":\"EntryPoint\",\"urlTemplate\":\"https:\\\/\\\/universoesportivo.net\\\/?s={search_term_string}\"},\"query-input\":{\"@type\":\"PropertyValueSpecification\",\"valueRequired\":true,\"valueName\":\"search_term_string\"}}],\"inLanguage\":\"pt-BR\"},{\"@type\":\"Organization\",\"@id\":\"https:\\\/\\\/universoesportivo.net\\\/#organization\",\"name\":\"Universo Esportivo\",\"alternateName\":\"Tiago Lotto\",\"url\":\"https:\\\/\\\/universoesportivo.net\\\/\",\"logo\":{\"@type\":\"ImageObject\",\"inLanguage\":\"pt-BR\",\"@id\":\"https:\\\/\\\/universoesportivo.net\\\/#\\\/schema\\\/logo\\\/image\\\/\",\"url\":\"https:\\\/\\\/universoesportivo.net\\\/wp-content\\\/uploads\\\/2024\\\/05\\\/cropped-cropped-universo-6.png\",\"contentUrl\":\"https:\\\/\\\/universoesportivo.net\\\/wp-content\\\/uploads\\\/2024\\\/05\\\/cropped-cropped-universo-6.png\",\"width\":413,\"height\":295,\"caption\":\"Universo Esportivo\"},\"image\":{\"@id\":\"https:\\\/\\\/universoesportivo.net\\\/#\\\/schema\\\/logo\\\/image\\\/\"},\"sameAs\":[\"https:\\\/\\\/www.facebook.com\\\/universoesportivo.net\"]},{\"@type\":\"Person\",\"@id\":\"https:\\\/\\\/universoesportivo.net\\\/#\\\/schema\\\/person\\\/62bc311bc7def56a6bc83711536e74bd\",\"name\":\"Tiago Lotto\",\"image\":{\"@type\":\"ImageObject\",\"inLanguage\":\"pt-BR\",\"@id\":\"https:\\\/\\\/secure.gravatar.com\\\/avatar\\\/fd6891125b3fb6ba0b794cd20c3398d5bb0fa20d2b9963a95f19470e5a6192f7?s=96&d=mm&r=g\",\"url\":\"https:\\\/\\\/secure.gravatar.com\\\/avatar\\\/fd6891125b3fb6ba0b794cd20c3398d5bb0fa20d2b9963a95f19470e5a6192f7?s=96&d=mm&r=g\",\"contentUrl\":\"https:\\\/\\\/secure.gravatar.com\\\/avatar\\\/fd6891125b3fb6ba0b794cd20c3398d5bb0fa20d2b9963a95f19470e5a6192f7?s=96&d=mm&r=g\",\"caption\":\"Tiago Lotto\"},\"url\":\"https:\\\/\\\/universoesportivo.net\\\/index.php\\\/author\\\/tiago-lotto\\\/\"}]}<\/script>\n<!-- \/ Yoast SEO plugin. -->","yoast_head_json":{"title":"PILOTO DE S\u00c3O PAULO, GABRIEL BORTOLETO ASSUME LIDERAN\u00c7A DO MUNDIAL DE F-2 - Universo Esportivo","robots":{"index":"index","follow":"follow","max-snippet":"max-snippet:-1","max-image-preview":"max-image-preview:large","max-video-preview":"max-video-preview:-1"},"canonical":"https:\/\/universoesportivo.net\/index.php\/2024\/09\/16\/piloto-de-sao-paulo-gabriel-bortoleto-assume-lideranca-do-mundial-de-f-2\/","og_locale":"pt_BR","og_type":"article","og_title":"PILOTO DE S\u00c3O PAULO, GABRIEL BORTOLETO ASSUME LIDERAN\u00c7A DO MUNDIAL DE F-2 - Universo Esportivo","og_description":"O piloto Gabriel Bortoleto acumulou um quinto e um quarto lugar nas duas corridas em Baku (Azerbaij\u00e3o). Com o resultado, ele assumiu a lideran\u00e7a da classifica\u00e7\u00e3o.","og_url":"https:\/\/universoesportivo.net\/index.php\/2024\/09\/16\/piloto-de-sao-paulo-gabriel-bortoleto-assume-lideranca-do-mundial-de-f-2\/","og_site_name":"Universo Esportivo","article_publisher":"https:\/\/www.facebook.com\/universoesportivo.net","article_published_time":"2024-09-16T12:29:01+00:00","article_modified_time":"2024-09-16T12:29:02+00:00","og_image":[{"width":359,"height":240,"url":"https:\/\/universoesportivo.net\/wp-content\/uploads\/2024\/09\/abreformula2.jpg","type":"image\/jpeg"}],"author":"Tiago Lotto","twitter_card":"summary_large_image","twitter_misc":{"Escrito por":"Tiago Lotto","Est. tempo de leitura":"4 minutos"},"schema":{"@context":"https:\/\/schema.org","@graph":[{"@type":"Article","@id":"https:\/\/universoesportivo.net\/index.php\/2024\/09\/16\/piloto-de-sao-paulo-gabriel-bortoleto-assume-lideranca-do-mundial-de-f-2\/#article","isPartOf":{"@id":"https:\/\/universoesportivo.net\/index.php\/2024\/09\/16\/piloto-de-sao-paulo-gabriel-bortoleto-assume-lideranca-do-mundial-de-f-2\/"},"author":{"name":"Tiago Lotto","@id":"https:\/\/universoesportivo.net\/#\/schema\/person\/62bc311bc7def56a6bc83711536e74bd"},"headline":"PILOTO DE S\u00c3O PAULO, GABRIEL BORTOLETO ASSUME LIDERAN\u00c7A DO MUNDIAL DE F-2","datePublished":"2024-09-16T12:29:01+00:00","dateModified":"2024-09-16T12:29:02+00:00","mainEntityOfPage":{"@id":"https:\/\/universoesportivo.net\/index.php\/2024\/09\/16\/piloto-de-sao-paulo-gabriel-bortoleto-assume-lideranca-do-mundial-de-f-2\/"},"wordCount":677,"publisher":{"@id":"https:\/\/universoesportivo.net\/#organization"},"image":{"@id":"https:\/\/universoesportivo.net\/index.php\/2024\/09\/16\/piloto-de-sao-paulo-gabriel-bortoleto-assume-lideranca-do-mundial-de-f-2\/#primaryimage"},"thumbnailUrl":"https:\/\/universoesportivo.net\/wp-content\/uploads\/2024\/09\/abreformula2.jpg","articleSection":["ESPORTES","F\u00f3rmula 2"],"inLanguage":"pt-BR"},{"@type":"WebPage","@id":"https:\/\/universoesportivo.net\/index.php\/2024\/09\/16\/piloto-de-sao-paulo-gabriel-bortoleto-assume-lideranca-do-mundial-de-f-2\/","url":"https:\/\/universoesportivo.net\/index.php\/2024\/09\/16\/piloto-de-sao-paulo-gabriel-bortoleto-assume-lideranca-do-mundial-de-f-2\/","name":"PILOTO DE S\u00c3O PAULO, GABRIEL BORTOLETO ASSUME LIDERAN\u00c7A DO MUNDIAL DE F-2 - Universo Esportivo","isPartOf":{"@id":"https:\/\/universoesportivo.net\/#website"},"primaryImageOfPage":{"@id":"https:\/\/universoesportivo.net\/index.php\/2024\/09\/16\/piloto-de-sao-paulo-gabriel-bortoleto-assume-lideranca-do-mundial-de-f-2\/#primaryimage"},"image":{"@id":"https:\/\/universoesportivo.net\/index.php\/2024\/09\/16\/piloto-de-sao-paulo-gabriel-bortoleto-assume-lideranca-do-mundial-de-f-2\/#primaryimage"},"thumbnailUrl":"https:\/\/universoesportivo.net\/wp-content\/uploads\/2024\/09\/abreformula2.jpg","datePublished":"2024-09-16T12:29:01+00:00","dateModified":"2024-09-16T12:29:02+00:00","breadcrumb":{"@id":"https:\/\/universoesportivo.net\/index.php\/2024\/09\/16\/piloto-de-sao-paulo-gabriel-bortoleto-assume-lideranca-do-mundial-de-f-2\/#breadcrumb"},"inLanguage":"pt-BR","potentialAction":[{"@type":"ReadAction","target":["https:\/\/universoesportivo.net\/index.php\/2024\/09\/16\/piloto-de-sao-paulo-gabriel-bortoleto-assume-lideranca-do-mundial-de-f-2\/"]}]},{"@type":"ImageObject","inLanguage":"pt-BR","@id":"https:\/\/universoesportivo.net\/index.php\/2024\/09\/16\/piloto-de-sao-paulo-gabriel-bortoleto-assume-lideranca-do-mundial-de-f-2\/#primaryimage","url":"https:\/\/universoesportivo.net\/wp-content\/uploads\/2024\/09\/abreformula2.jpg","contentUrl":"https:\/\/universoesportivo.net\/wp-content\/uploads\/2024\/09\/abreformula2.jpg","width":359,"height":240},{"@type":"BreadcrumbList","@id":"https:\/\/universoesportivo.net\/index.php\/2024\/09\/16\/piloto-de-sao-paulo-gabriel-bortoleto-assume-lideranca-do-mundial-de-f-2\/#breadcrumb","itemListElement":[{"@type":"ListItem","position":1,"name":"In\u00edcio","item":"https:\/\/universoesportivo.net\/"},{"@type":"ListItem","position":2,"name":"PILOTO DE S\u00c3O PAULO, GABRIEL BORTOLETO ASSUME LIDERAN\u00c7A DO MUNDIAL DE F-2"}]},{"@type":"WebSite","@id":"https:\/\/universoesportivo.net\/#website","url":"https:\/\/universoesportivo.net\/","name":"Universo Esportivo","description":"O portal de todas as modalidades esportivas!","publisher":{"@id":"https:\/\/universoesportivo.net\/#organization"},"alternateName":"Jornalista Tiago Contador Lotto","potentialAction":[{"@type":"SearchAction","target":{"@type":"EntryPoint","urlTemplate":"https:\/\/universoesportivo.net\/?s={search_term_string}"},"query-input":{"@type":"PropertyValueSpecification","valueRequired":true,"valueName":"search_term_string"}}],"inLanguage":"pt-BR"},{"@type":"Organization","@id":"https:\/\/universoesportivo.net\/#organization","name":"Universo Esportivo","alternateName":"Tiago Lotto","url":"https:\/\/universoesportivo.net\/","logo":{"@type":"ImageObject","inLanguage":"pt-BR","@id":"https:\/\/universoesportivo.net\/#\/schema\/logo\/image\/","url":"https:\/\/universoesportivo.net\/wp-content\/uploads\/2024\/05\/cropped-cropped-universo-6.png","contentUrl":"https:\/\/universoesportivo.net\/wp-content\/uploads\/2024\/05\/cropped-cropped-universo-6.png","width":413,"height":295,"caption":"Universo Esportivo"},"image":{"@id":"https:\/\/universoesportivo.net\/#\/schema\/logo\/image\/"},"sameAs":["https:\/\/www.facebook.com\/universoesportivo.net"]},{"@type":"Person","@id":"https:\/\/universoesportivo.net\/#\/schema\/person\/62bc311bc7def56a6bc83711536e74bd","name":"Tiago Lotto","image":{"@type":"ImageObject","inLanguage":"pt-BR","@id":"https:\/\/secure.gravatar.com\/avatar\/fd6891125b3fb6ba0b794cd20c3398d5bb0fa20d2b9963a95f19470e5a6192f7?s=96&d=mm&r=g","url":"https:\/\/secure.gravatar.com\/avatar\/fd6891125b3fb6ba0b794cd20c3398d5bb0fa20d2b9963a95f19470e5a6192f7?s=96&d=mm&r=g","contentUrl":"https:\/\/secure.gravatar.com\/avatar\/fd6891125b3fb6ba0b794cd20c3398d5bb0fa20d2b9963a95f19470e5a6192f7?s=96&d=mm&r=g","caption":"Tiago Lotto"},"url":"https:\/\/universoesportivo.net\/index.php\/author\/tiago-lotto\/"}]}},"jetpack_featured_media_url":"https:\/\/universoesportivo.net\/wp-content\/uploads\/2024\/09\/abreformula2.jpg","_links":{"self":[{"href":"https:\/\/universoesportivo.net\/index.php\/wp-json\/wp\/v2\/posts\/1686","targetHints":{"allow":["GET"]}}],"collection":[{"href":"https:\/\/universoesportivo.net\/index.php\/wp-json\/wp\/v2\/posts"}],"about":[{"href":"https:\/\/universoesportivo.net\/index.php\/wp-json\/wp\/v2\/types\/post"}],"author":[{"embeddable":true,"href":"https:\/\/universoesportivo.net\/index.php\/wp-json\/wp\/v2\/users\/2"}],"replies":[{"embeddable":true,"href":"https:\/\/universoesportivo.net\/index.php\/wp-json\/wp\/v2\/comments?post=1686"}],"version-history":[{"count":1,"href":"https:\/\/universoesportivo.net\/index.php\/wp-json\/wp\/v2\/posts\/1686\/revisions"}],"predecessor-version":[{"id":1689,"href":"https:\/\/universoesportivo.net\/index.php\/wp-json\/wp\/v2\/posts\/1686\/revisions\/1689"}],"wp:featuredmedia":[{"embeddable":true,"href":"https:\/\/universoesportivo.net\/index.php\/wp-json\/wp\/v2\/media\/1687"}],"wp:attachment":[{"href":"https:\/\/universoesportivo.net\/index.php\/wp-json\/wp\/v2\/media?parent=1686"}],"wp:term":[{"taxonomy":"category","embeddable":true,"href":"https:\/\/universoesportivo.net\/index.php\/wp-json\/wp\/v2\/categories?post=1686"},{"taxonomy":"post_tag","embeddable":true,"href":"https:\/\/universoesportivo.net\/index.php\/wp-json\/wp\/v2\/tags?post=1686"}],"curies":[{"name":"wp","href":"https:\/\/api.w.org\/{rel}","templated":true}]}}