{"id":1693,"date":"2024-09-18T13:17:59","date_gmt":"2024-09-18T16:17:59","guid":{"rendered":"https:\/\/universoesportivo.net\/?p=1693"},"modified":"2024-09-18T13:18:00","modified_gmt":"2024-09-18T16:18:00","slug":"sorocaba-com-mais-de-500-atletas-copa-rocian-gracie-jr-de-jiu-jitsu-acontece-neste-sabado-21","status":"publish","type":"post","link":"https:\/\/universoesportivo.net\/index.php\/2024\/09\/18\/sorocaba-com-mais-de-500-atletas-copa-rocian-gracie-jr-de-jiu-jitsu-acontece-neste-sabado-21\/","title":{"rendered":"SOROCABA: COM MAIS DE 500 ATLETAS, COPA \u201cROCIAN GRACIE JR DE JIU JITSU\u201d ACONTECE NESTE S\u00c1BADO (21)"},"content":{"rendered":"\n<p class=\"has-medium-font-size\">A academia Rocian Gracie Jr. de Sorocaba realiza neste s\u00e1bado (21) a Copa \u201cRocian Gracie Jr. de Jiu Jitsu\u201d. O evento come\u00e7a \u00e0s 8h e ser\u00e1 na Arena Sorocaba. Est\u00e3o inscritos 540 atletas, de mais de 15 cidades (federados e n\u00e3o federados). De acordo com os organizadores, a expectativa \u00e9 receber aproximadamente 2 mil visitantes na Arena.<\/p>\n\n\n\n<p class=\"has-medium-font-size\">Para atender as equipes, pais e torcedores, haver\u00e1 uma pra\u00e7a de alimenta\u00e7\u00e3o com um card\u00e1pio variado. Est\u00e1 na programa\u00e7\u00e3o, tamb\u00e9m, massoterapia e m\u00fasica. O estacionamento \u00e9 gratuito. Para entrar na Arena de competi\u00e7\u00e3o, basta doar um quilo de alimento n\u00e3o perec\u00edvel.<\/p>\n\n\n\n<p class=\"has-medium-font-size\">A premia\u00e7\u00e3o aos vencedores ser\u00e1 em dinheiro, com um b\u00f4nus surpresa que ser\u00e1 revelado no dia do evento pelos organizadores da competi\u00e7\u00e3o.<\/p>\n\n\n\n<p class=\"has-medium-font-size\">Segundo o l\u00edder da equipe Rocian Gracie Jr. Sorocaba, F\u00e1bio Ito, as regras da Copa s\u00e3o as mesmas da CBJJ (Confedera\u00e7\u00e3o Brasileira de Jiu Jitsu), entidade pela qual a Rocian Gracie Jr. \u00e9 homologada e federada.<\/p>\n\n\n\n<p class=\"has-medium-font-size\">\u201cEssa \u00e9 uma iniciativa pioneira nossa. \u00c9 a primeira edi\u00e7\u00e3o da Copa, que estamos chamado de Etapa Sorocaba. Nossa meta \u00e9 organizar outras etapas em outros munic\u00edpios. Em breve teremos informa\u00e7\u00f5es sobre esse projeto\u201d, falou F\u00e1bio Ito \u00e0 reportagem do site Universo Esportivo.<\/p>\n\n\n\n<p class=\"has-medium-font-size\">PRESEN\u00c7A &#8211; A competi\u00e7\u00e3o esportiva que ser\u00e1 realizada em Sorocaba contar\u00e1 com a presen\u00e7a de Rocian Gracie Jr., neto de Carlos Gracie (Carlos e H\u00e9lio Gracie s\u00e3o os \u2018pais\u2019 do Jiu Jitsu no Brasil).<\/p>\n\n\n\n<p class=\"has-medium-font-size\">A fam\u00edlia Gracie \u00e9 conhecida mundialmente por aprimorar a modalidade. Carlos e H\u00e9lio desenvolveram uma t\u00e9cnica em que o lutador mais fraco pode derrotar um oponente mais forte, usando t\u00e9cnicas de estrangulamento, alavancas, imobiliza\u00e7\u00f5es e tor\u00e7\u00f5es. Essas mudan\u00e7as criaram um estilo chamado atualmente de BJJ (Brazilian Jiu-Jitsu), ou Jiu Jitsu Brasileiro.<\/p>\n\n\n\n<p class=\"has-medium-font-size\">O l\u00edder da equipe de Sorocaba, F\u00e1bio Ito, \u00e9 faixa preta da modalidade e teve como professor Rocian Gracie Jr.<\/p>\n\n\n\n<p class=\"has-medium-font-size\">O evento tem como patrocinador: Tintas Milego. J\u00e1 os apoiadores s\u00e3o GP Marketing Digital, A\u00e7a\u00ed Natu Ice, Vibe! Energy Drink, Hamburgeria Sabor de Fuma\u00e7a, O Rei dos Defumados, Jeff&#8217;s BBQ, Charcutaria Artesal Seo Portuga, Toledo&#8217;s Emporium, Talents Nutrition, F3 Fotografia Esportiva, Sua Festa Buffet Infantil, Ekob\u00e9 &#8211; Suplementos e Nutrac\u00eauticos e Forte Conceito Seguran\u00e7a.<\/p>\n\n\n\n<p class=\"has-medium-font-size\">Texto: Tiago Lotto \/ Imagem: Divulga\u00e7\u00e3o<\/p>\n\n\n\n<figure class=\"wp-block-image\"><img fetchpriority=\"high\" decoding=\"async\" width=\"530\" height=\"258\" src=\"https:\/\/universoesportivo.net\/wp-content\/uploads\/2024\/08\/abrearenasoro.jpg\" alt=\"\" class=\"wp-image-1570\" srcset=\"https:\/\/universoesportivo.net\/wp-content\/uploads\/2024\/08\/abrearenasoro.jpg 530w, https:\/\/universoesportivo.net\/wp-content\/uploads\/2024\/08\/abrearenasoro-300x146.jpg 300w, https:\/\/universoesportivo.net\/wp-content\/uploads\/2024\/08\/abrearenasoro-18x9.jpg 18w\" sizes=\"(max-width: 530px) 100vw, 530px\" \/><\/figure>\n","protected":false},"excerpt":{"rendered":"<p>A competi\u00e7\u00e3o esportiva contar\u00e1 com a presen\u00e7a de Rocian Gracie Jr., neto de Carlos Gracie (Carlos e H\u00e9lio Gracie s\u00e3o os \u2018pais\u2019 do Jiu Jitsu no Brasil).<\/p>\n","protected":false},"author":2,"featured_media":1694,"comment_status":"closed","ping_status":"closed","sticky":false,"template":"","format":"standard","meta":{"colormag_page_container_layout":"default_layout","colormag_page_sidebar_layout":"default_layout","footnotes":""},"categories":[52,17],"tags":[],"class_list":["post-1693","post","type-post","status-publish","format-standard","has-post-thumbnail","hentry","category-artes-marciais","category-esportes"],"magazineBlocksPostFeaturedMedia":{"thumbnail":"https:\/\/universoesportivo.net\/wp-content\/uploads\/2024\/09\/abrejiu-150x150.jpg","medium":"https:\/\/universoesportivo.net\/wp-content\/uploads\/2024\/09\/abrejiu-300x225.jpg","medium_large":"https:\/\/universoesportivo.net\/wp-content\/uploads\/2024\/09\/abrejiu.jpg","large":"https:\/\/universoesportivo.net\/wp-content\/uploads\/2024\/09\/abrejiu.jpg","1536x1536":"https:\/\/universoesportivo.net\/wp-content\/uploads\/2024\/09\/abrejiu.jpg","2048x2048":"https:\/\/universoesportivo.net\/wp-content\/uploads\/2024\/09\/abrejiu.jpg","trp-custom-language-flag":"https:\/\/universoesportivo.net\/wp-content\/uploads\/2024\/09\/abrejiu-16x12.jpg","colormag-highlighted-post":"https:\/\/universoesportivo.net\/wp-content\/uploads\/2024\/09\/abrejiu-384x272.jpg","colormag-featured-post-medium":"https:\/\/universoesportivo.net\/wp-content\/uploads\/2024\/09\/abrejiu-384x205.jpg","colormag-featured-post-small":"https:\/\/universoesportivo.net\/wp-content\/uploads\/2024\/09\/abrejiu-130x90.jpg","colormag-featured-image":"https:\/\/universoesportivo.net\/wp-content\/uploads\/2024\/09\/abrejiu.jpg","colormag-default-news":"https:\/\/universoesportivo.net\/wp-content\/uploads\/2024\/09\/abrejiu-150x150.jpg","colormag-featured-image-large":"https:\/\/universoesportivo.net\/wp-content\/uploads\/2024\/09\/abrejiu.jpg","colormag-elementor-block-extra-large-thumbnail":"https:\/\/universoesportivo.net\/wp-content\/uploads\/2024\/09\/abrejiu.jpg","colormag-elementor-grid-large-thumbnail":"https:\/\/universoesportivo.net\/wp-content\/uploads\/2024\/09\/abrejiu.jpg","colormag-elementor-grid-small-thumbnail":"https:\/\/universoesportivo.net\/wp-content\/uploads\/2024\/09\/abrejiu-285x288.jpg","colormag-elementor-grid-medium-large-thumbnail":"https:\/\/universoesportivo.net\/wp-content\/uploads\/2024\/09\/abrejiu-384x198.jpg"},"magazineBlocksPostAuthor":{"name":"Tiago Lotto","avatar":"https:\/\/secure.gravatar.com\/avatar\/fd6891125b3fb6ba0b794cd20c3398d5bb0fa20d2b9963a95f19470e5a6192f7?s=96&d=mm&r=g"},"magazineBlocksPostCommentsNumber":false,"magazineBlocksPostExcerpt":"A competi\u00e7\u00e3o esportiva contar\u00e1 com a presen\u00e7a de Rocian Gracie Jr., neto de Carlos Gracie (Carlos e H\u00e9lio Gracie s\u00e3o os \u2018pais\u2019 do Jiu Jitsu no Brasil).","magazineBlocksPostCategories":["Artes Marciais","ESPORTES"],"magazineBlocksPostViewCount":48,"magazineBlocksPostReadTime":2,"magazine_blocks_featured_image_url":{"full":["https:\/\/universoesportivo.net\/wp-content\/uploads\/2024\/09\/abrejiu.jpg",384,288,false],"medium":["https:\/\/universoesportivo.net\/wp-content\/uploads\/2024\/09\/abrejiu-300x225.jpg",300,225,true],"thumbnail":["https:\/\/universoesportivo.net\/wp-content\/uploads\/2024\/09\/abrejiu-150x150.jpg",150,150,true]},"magazine_blocks_author":{"display_name":"Tiago Lotto","author_link":"https:\/\/universoesportivo.net\/index.php\/author\/tiago-lotto\/"},"magazine_blocks_comment":0,"magazine_blocks_author_image":"https:\/\/secure.gravatar.com\/avatar\/fd6891125b3fb6ba0b794cd20c3398d5bb0fa20d2b9963a95f19470e5a6192f7?s=96&d=mm&r=g","magazine_blocks_category":"<a href=\"#\" class=\"category-link category-link-52\">Artes Marciais<\/a> <a href=\"#\" class=\"category-link category-link-17\">ESPORTES<\/a>","yoast_head":"<!-- This site is optimized with the Yoast SEO plugin v27.4 - https:\/\/yoast.com\/product\/yoast-seo-wordpress\/ -->\n<title>SOROCABA: COM MAIS DE 500 ATLETAS, COPA \u201cROCIAN GRACIE JR DE JIU JITSU\u201d ACONTECE NESTE S\u00c1BADO (21) - Universo Esportivo<\/title>\n<meta name=\"robots\" content=\"index, follow, max-snippet:-1, max-image-preview:large, max-video-preview:-1\" \/>\n<link rel=\"canonical\" href=\"https:\/\/universoesportivo.net\/index.php\/2024\/09\/18\/sorocaba-com-mais-de-500-atletas-copa-rocian-gracie-jr-de-jiu-jitsu-acontece-neste-sabado-21\/\" \/>\n<meta property=\"og:locale\" content=\"pt_BR\" \/>\n<meta property=\"og:type\" content=\"article\" \/>\n<meta property=\"og:title\" content=\"SOROCABA: COM MAIS DE 500 ATLETAS, COPA \u201cROCIAN GRACIE JR DE JIU JITSU\u201d ACONTECE NESTE S\u00c1BADO (21) - Universo Esportivo\" \/>\n<meta property=\"og:description\" content=\"A competi\u00e7\u00e3o esportiva contar\u00e1 com a presen\u00e7a de Rocian Gracie Jr., neto de Carlos Gracie (Carlos e H\u00e9lio Gracie s\u00e3o os \u2018pais\u2019 do Jiu Jitsu no Brasil).\" \/>\n<meta property=\"og:url\" content=\"https:\/\/universoesportivo.net\/index.php\/2024\/09\/18\/sorocaba-com-mais-de-500-atletas-copa-rocian-gracie-jr-de-jiu-jitsu-acontece-neste-sabado-21\/\" \/>\n<meta property=\"og:site_name\" content=\"Universo Esportivo\" \/>\n<meta property=\"article:publisher\" content=\"https:\/\/www.facebook.com\/universoesportivo.net\" \/>\n<meta property=\"article:published_time\" content=\"2024-09-18T16:17:59+00:00\" \/>\n<meta property=\"article:modified_time\" content=\"2024-09-18T16:18:00+00:00\" \/>\n<meta property=\"og:image\" content=\"https:\/\/universoesportivo.net\/wp-content\/uploads\/2024\/09\/abrejiu.jpg\" \/>\n\t<meta property=\"og:image:width\" content=\"384\" \/>\n\t<meta property=\"og:image:height\" content=\"288\" \/>\n\t<meta property=\"og:image:type\" content=\"image\/jpeg\" \/>\n<meta name=\"author\" content=\"Tiago Lotto\" \/>\n<meta name=\"twitter:card\" content=\"summary_large_image\" \/>\n<meta name=\"twitter:label1\" content=\"Escrito por\" \/>\n\t<meta name=\"twitter:data1\" content=\"Tiago Lotto\" \/>\n\t<meta name=\"twitter:label2\" content=\"Est. tempo de leitura\" \/>\n\t<meta name=\"twitter:data2\" content=\"3 minutos\" \/>\n<script type=\"application\/ld+json\" class=\"yoast-schema-graph\">{\"@context\":\"https:\\\/\\\/schema.org\",\"@graph\":[{\"@type\":\"Article\",\"@id\":\"https:\\\/\\\/universoesportivo.net\\\/index.php\\\/2024\\\/09\\\/18\\\/sorocaba-com-mais-de-500-atletas-copa-rocian-gracie-jr-de-jiu-jitsu-acontece-neste-sabado-21\\\/#article\",\"isPartOf\":{\"@id\":\"https:\\\/\\\/universoesportivo.net\\\/index.php\\\/2024\\\/09\\\/18\\\/sorocaba-com-mais-de-500-atletas-copa-rocian-gracie-jr-de-jiu-jitsu-acontece-neste-sabado-21\\\/\"},\"author\":{\"name\":\"Tiago Lotto\",\"@id\":\"https:\\\/\\\/universoesportivo.net\\\/#\\\/schema\\\/person\\\/62bc311bc7def56a6bc83711536e74bd\"},\"headline\":\"SOROCABA: COM MAIS DE 500 ATLETAS, COPA \u201cROCIAN GRACIE JR DE JIU JITSU\u201d ACONTECE NESTE S\u00c1BADO (21)\",\"datePublished\":\"2024-09-18T16:17:59+00:00\",\"dateModified\":\"2024-09-18T16:18:00+00:00\",\"mainEntityOfPage\":{\"@id\":\"https:\\\/\\\/universoesportivo.net\\\/index.php\\\/2024\\\/09\\\/18\\\/sorocaba-com-mais-de-500-atletas-copa-rocian-gracie-jr-de-jiu-jitsu-acontece-neste-sabado-21\\\/\"},\"wordCount\":412,\"publisher\":{\"@id\":\"https:\\\/\\\/universoesportivo.net\\\/#organization\"},\"image\":{\"@id\":\"https:\\\/\\\/universoesportivo.net\\\/index.php\\\/2024\\\/09\\\/18\\\/sorocaba-com-mais-de-500-atletas-copa-rocian-gracie-jr-de-jiu-jitsu-acontece-neste-sabado-21\\\/#primaryimage\"},\"thumbnailUrl\":\"https:\\\/\\\/universoesportivo.net\\\/wp-content\\\/uploads\\\/2024\\\/09\\\/abrejiu.jpg\",\"articleSection\":[\"Artes Marciais\",\"ESPORTES\"],\"inLanguage\":\"pt-BR\"},{\"@type\":\"WebPage\",\"@id\":\"https:\\\/\\\/universoesportivo.net\\\/index.php\\\/2024\\\/09\\\/18\\\/sorocaba-com-mais-de-500-atletas-copa-rocian-gracie-jr-de-jiu-jitsu-acontece-neste-sabado-21\\\/\",\"url\":\"https:\\\/\\\/universoesportivo.net\\\/index.php\\\/2024\\\/09\\\/18\\\/sorocaba-com-mais-de-500-atletas-copa-rocian-gracie-jr-de-jiu-jitsu-acontece-neste-sabado-21\\\/\",\"name\":\"SOROCABA: COM MAIS DE 500 ATLETAS, COPA \u201cROCIAN GRACIE JR DE JIU JITSU\u201d ACONTECE NESTE S\u00c1BADO (21) - Universo Esportivo\",\"isPartOf\":{\"@id\":\"https:\\\/\\\/universoesportivo.net\\\/#website\"},\"primaryImageOfPage\":{\"@id\":\"https:\\\/\\\/universoesportivo.net\\\/index.php\\\/2024\\\/09\\\/18\\\/sorocaba-com-mais-de-500-atletas-copa-rocian-gracie-jr-de-jiu-jitsu-acontece-neste-sabado-21\\\/#primaryimage\"},\"image\":{\"@id\":\"https:\\\/\\\/universoesportivo.net\\\/index.php\\\/2024\\\/09\\\/18\\\/sorocaba-com-mais-de-500-atletas-copa-rocian-gracie-jr-de-jiu-jitsu-acontece-neste-sabado-21\\\/#primaryimage\"},\"thumbnailUrl\":\"https:\\\/\\\/universoesportivo.net\\\/wp-content\\\/uploads\\\/2024\\\/09\\\/abrejiu.jpg\",\"datePublished\":\"2024-09-18T16:17:59+00:00\",\"dateModified\":\"2024-09-18T16:18:00+00:00\",\"breadcrumb\":{\"@id\":\"https:\\\/\\\/universoesportivo.net\\\/index.php\\\/2024\\\/09\\\/18\\\/sorocaba-com-mais-de-500-atletas-copa-rocian-gracie-jr-de-jiu-jitsu-acontece-neste-sabado-21\\\/#breadcrumb\"},\"inLanguage\":\"pt-BR\",\"potentialAction\":[{\"@type\":\"ReadAction\",\"target\":[\"https:\\\/\\\/universoesportivo.net\\\/index.php\\\/2024\\\/09\\\/18\\\/sorocaba-com-mais-de-500-atletas-copa-rocian-gracie-jr-de-jiu-jitsu-acontece-neste-sabado-21\\\/\"]}]},{\"@type\":\"ImageObject\",\"inLanguage\":\"pt-BR\",\"@id\":\"https:\\\/\\\/universoesportivo.net\\\/index.php\\\/2024\\\/09\\\/18\\\/sorocaba-com-mais-de-500-atletas-copa-rocian-gracie-jr-de-jiu-jitsu-acontece-neste-sabado-21\\\/#primaryimage\",\"url\":\"https:\\\/\\\/universoesportivo.net\\\/wp-content\\\/uploads\\\/2024\\\/09\\\/abrejiu.jpg\",\"contentUrl\":\"https:\\\/\\\/universoesportivo.net\\\/wp-content\\\/uploads\\\/2024\\\/09\\\/abrejiu.jpg\",\"width\":384,\"height\":288},{\"@type\":\"BreadcrumbList\",\"@id\":\"https:\\\/\\\/universoesportivo.net\\\/index.php\\\/2024\\\/09\\\/18\\\/sorocaba-com-mais-de-500-atletas-copa-rocian-gracie-jr-de-jiu-jitsu-acontece-neste-sabado-21\\\/#breadcrumb\",\"itemListElement\":[{\"@type\":\"ListItem\",\"position\":1,\"name\":\"In\u00edcio\",\"item\":\"https:\\\/\\\/universoesportivo.net\\\/\"},{\"@type\":\"ListItem\",\"position\":2,\"name\":\"SOROCABA: COM MAIS DE 500 ATLETAS, COPA \u201cROCIAN GRACIE JR DE JIU JITSU\u201d ACONTECE NESTE S\u00c1BADO (21)\"}]},{\"@type\":\"WebSite\",\"@id\":\"https:\\\/\\\/universoesportivo.net\\\/#website\",\"url\":\"https:\\\/\\\/universoesportivo.net\\\/\",\"name\":\"Universo Esportivo\",\"description\":\"O portal de todas as modalidades esportivas!\",\"publisher\":{\"@id\":\"https:\\\/\\\/universoesportivo.net\\\/#organization\"},\"alternateName\":\"Jornalista Tiago Contador Lotto\",\"potentialAction\":[{\"@type\":\"SearchAction\",\"target\":{\"@type\":\"EntryPoint\",\"urlTemplate\":\"https:\\\/\\\/universoesportivo.net\\\/?s={search_term_string}\"},\"query-input\":{\"@type\":\"PropertyValueSpecification\",\"valueRequired\":true,\"valueName\":\"search_term_string\"}}],\"inLanguage\":\"pt-BR\"},{\"@type\":\"Organization\",\"@id\":\"https:\\\/\\\/universoesportivo.net\\\/#organization\",\"name\":\"Universo Esportivo\",\"alternateName\":\"Tiago Lotto\",\"url\":\"https:\\\/\\\/universoesportivo.net\\\/\",\"logo\":{\"@type\":\"ImageObject\",\"inLanguage\":\"pt-BR\",\"@id\":\"https:\\\/\\\/universoesportivo.net\\\/#\\\/schema\\\/logo\\\/image\\\/\",\"url\":\"https:\\\/\\\/universoesportivo.net\\\/wp-content\\\/uploads\\\/2024\\\/05\\\/cropped-cropped-universo-6.png\",\"contentUrl\":\"https:\\\/\\\/universoesportivo.net\\\/wp-content\\\/uploads\\\/2024\\\/05\\\/cropped-cropped-universo-6.png\",\"width\":413,\"height\":295,\"caption\":\"Universo Esportivo\"},\"image\":{\"@id\":\"https:\\\/\\\/universoesportivo.net\\\/#\\\/schema\\\/logo\\\/image\\\/\"},\"sameAs\":[\"https:\\\/\\\/www.facebook.com\\\/universoesportivo.net\"]},{\"@type\":\"Person\",\"@id\":\"https:\\\/\\\/universoesportivo.net\\\/#\\\/schema\\\/person\\\/62bc311bc7def56a6bc83711536e74bd\",\"name\":\"Tiago Lotto\",\"image\":{\"@type\":\"ImageObject\",\"inLanguage\":\"pt-BR\",\"@id\":\"https:\\\/\\\/secure.gravatar.com\\\/avatar\\\/fd6891125b3fb6ba0b794cd20c3398d5bb0fa20d2b9963a95f19470e5a6192f7?s=96&d=mm&r=g\",\"url\":\"https:\\\/\\\/secure.gravatar.com\\\/avatar\\\/fd6891125b3fb6ba0b794cd20c3398d5bb0fa20d2b9963a95f19470e5a6192f7?s=96&d=mm&r=g\",\"contentUrl\":\"https:\\\/\\\/secure.gravatar.com\\\/avatar\\\/fd6891125b3fb6ba0b794cd20c3398d5bb0fa20d2b9963a95f19470e5a6192f7?s=96&d=mm&r=g\",\"caption\":\"Tiago Lotto\"},\"url\":\"https:\\\/\\\/universoesportivo.net\\\/index.php\\\/author\\\/tiago-lotto\\\/\"}]}<\/script>\n<!-- \/ Yoast SEO plugin. -->","yoast_head_json":{"title":"SOROCABA: COM MAIS DE 500 ATLETAS, COPA \u201cROCIAN GRACIE JR DE JIU JITSU\u201d ACONTECE NESTE S\u00c1BADO (21) - Universo Esportivo","robots":{"index":"index","follow":"follow","max-snippet":"max-snippet:-1","max-image-preview":"max-image-preview:large","max-video-preview":"max-video-preview:-1"},"canonical":"https:\/\/universoesportivo.net\/index.php\/2024\/09\/18\/sorocaba-com-mais-de-500-atletas-copa-rocian-gracie-jr-de-jiu-jitsu-acontece-neste-sabado-21\/","og_locale":"pt_BR","og_type":"article","og_title":"SOROCABA: COM MAIS DE 500 ATLETAS, COPA \u201cROCIAN GRACIE JR DE JIU JITSU\u201d ACONTECE NESTE S\u00c1BADO (21) - Universo Esportivo","og_description":"A competi\u00e7\u00e3o esportiva contar\u00e1 com a presen\u00e7a de Rocian Gracie Jr., neto de Carlos Gracie (Carlos e H\u00e9lio Gracie s\u00e3o os \u2018pais\u2019 do Jiu Jitsu no Brasil).","og_url":"https:\/\/universoesportivo.net\/index.php\/2024\/09\/18\/sorocaba-com-mais-de-500-atletas-copa-rocian-gracie-jr-de-jiu-jitsu-acontece-neste-sabado-21\/","og_site_name":"Universo Esportivo","article_publisher":"https:\/\/www.facebook.com\/universoesportivo.net","article_published_time":"2024-09-18T16:17:59+00:00","article_modified_time":"2024-09-18T16:18:00+00:00","og_image":[{"width":384,"height":288,"url":"https:\/\/universoesportivo.net\/wp-content\/uploads\/2024\/09\/abrejiu.jpg","type":"image\/jpeg"}],"author":"Tiago Lotto","twitter_card":"summary_large_image","twitter_misc":{"Escrito por":"Tiago Lotto","Est. tempo de leitura":"3 minutos"},"schema":{"@context":"https:\/\/schema.org","@graph":[{"@type":"Article","@id":"https:\/\/universoesportivo.net\/index.php\/2024\/09\/18\/sorocaba-com-mais-de-500-atletas-copa-rocian-gracie-jr-de-jiu-jitsu-acontece-neste-sabado-21\/#article","isPartOf":{"@id":"https:\/\/universoesportivo.net\/index.php\/2024\/09\/18\/sorocaba-com-mais-de-500-atletas-copa-rocian-gracie-jr-de-jiu-jitsu-acontece-neste-sabado-21\/"},"author":{"name":"Tiago Lotto","@id":"https:\/\/universoesportivo.net\/#\/schema\/person\/62bc311bc7def56a6bc83711536e74bd"},"headline":"SOROCABA: COM MAIS DE 500 ATLETAS, COPA \u201cROCIAN GRACIE JR DE JIU JITSU\u201d ACONTECE NESTE S\u00c1BADO (21)","datePublished":"2024-09-18T16:17:59+00:00","dateModified":"2024-09-18T16:18:00+00:00","mainEntityOfPage":{"@id":"https:\/\/universoesportivo.net\/index.php\/2024\/09\/18\/sorocaba-com-mais-de-500-atletas-copa-rocian-gracie-jr-de-jiu-jitsu-acontece-neste-sabado-21\/"},"wordCount":412,"publisher":{"@id":"https:\/\/universoesportivo.net\/#organization"},"image":{"@id":"https:\/\/universoesportivo.net\/index.php\/2024\/09\/18\/sorocaba-com-mais-de-500-atletas-copa-rocian-gracie-jr-de-jiu-jitsu-acontece-neste-sabado-21\/#primaryimage"},"thumbnailUrl":"https:\/\/universoesportivo.net\/wp-content\/uploads\/2024\/09\/abrejiu.jpg","articleSection":["Artes Marciais","ESPORTES"],"inLanguage":"pt-BR"},{"@type":"WebPage","@id":"https:\/\/universoesportivo.net\/index.php\/2024\/09\/18\/sorocaba-com-mais-de-500-atletas-copa-rocian-gracie-jr-de-jiu-jitsu-acontece-neste-sabado-21\/","url":"https:\/\/universoesportivo.net\/index.php\/2024\/09\/18\/sorocaba-com-mais-de-500-atletas-copa-rocian-gracie-jr-de-jiu-jitsu-acontece-neste-sabado-21\/","name":"SOROCABA: COM MAIS DE 500 ATLETAS, COPA \u201cROCIAN GRACIE JR DE JIU JITSU\u201d ACONTECE NESTE S\u00c1BADO (21) - Universo Esportivo","isPartOf":{"@id":"https:\/\/universoesportivo.net\/#website"},"primaryImageOfPage":{"@id":"https:\/\/universoesportivo.net\/index.php\/2024\/09\/18\/sorocaba-com-mais-de-500-atletas-copa-rocian-gracie-jr-de-jiu-jitsu-acontece-neste-sabado-21\/#primaryimage"},"image":{"@id":"https:\/\/universoesportivo.net\/index.php\/2024\/09\/18\/sorocaba-com-mais-de-500-atletas-copa-rocian-gracie-jr-de-jiu-jitsu-acontece-neste-sabado-21\/#primaryimage"},"thumbnailUrl":"https:\/\/universoesportivo.net\/wp-content\/uploads\/2024\/09\/abrejiu.jpg","datePublished":"2024-09-18T16:17:59+00:00","dateModified":"2024-09-18T16:18:00+00:00","breadcrumb":{"@id":"https:\/\/universoesportivo.net\/index.php\/2024\/09\/18\/sorocaba-com-mais-de-500-atletas-copa-rocian-gracie-jr-de-jiu-jitsu-acontece-neste-sabado-21\/#breadcrumb"},"inLanguage":"pt-BR","potentialAction":[{"@type":"ReadAction","target":["https:\/\/universoesportivo.net\/index.php\/2024\/09\/18\/sorocaba-com-mais-de-500-atletas-copa-rocian-gracie-jr-de-jiu-jitsu-acontece-neste-sabado-21\/"]}]},{"@type":"ImageObject","inLanguage":"pt-BR","@id":"https:\/\/universoesportivo.net\/index.php\/2024\/09\/18\/sorocaba-com-mais-de-500-atletas-copa-rocian-gracie-jr-de-jiu-jitsu-acontece-neste-sabado-21\/#primaryimage","url":"https:\/\/universoesportivo.net\/wp-content\/uploads\/2024\/09\/abrejiu.jpg","contentUrl":"https:\/\/universoesportivo.net\/wp-content\/uploads\/2024\/09\/abrejiu.jpg","width":384,"height":288},{"@type":"BreadcrumbList","@id":"https:\/\/universoesportivo.net\/index.php\/2024\/09\/18\/sorocaba-com-mais-de-500-atletas-copa-rocian-gracie-jr-de-jiu-jitsu-acontece-neste-sabado-21\/#breadcrumb","itemListElement":[{"@type":"ListItem","position":1,"name":"In\u00edcio","item":"https:\/\/universoesportivo.net\/"},{"@type":"ListItem","position":2,"name":"SOROCABA: COM MAIS DE 500 ATLETAS, COPA \u201cROCIAN GRACIE JR DE JIU JITSU\u201d ACONTECE NESTE S\u00c1BADO (21)"}]},{"@type":"WebSite","@id":"https:\/\/universoesportivo.net\/#website","url":"https:\/\/universoesportivo.net\/","name":"Universo Esportivo","description":"O portal de todas as modalidades esportivas!","publisher":{"@id":"https:\/\/universoesportivo.net\/#organization"},"alternateName":"Jornalista Tiago Contador Lotto","potentialAction":[{"@type":"SearchAction","target":{"@type":"EntryPoint","urlTemplate":"https:\/\/universoesportivo.net\/?s={search_term_string}"},"query-input":{"@type":"PropertyValueSpecification","valueRequired":true,"valueName":"search_term_string"}}],"inLanguage":"pt-BR"},{"@type":"Organization","@id":"https:\/\/universoesportivo.net\/#organization","name":"Universo Esportivo","alternateName":"Tiago Lotto","url":"https:\/\/universoesportivo.net\/","logo":{"@type":"ImageObject","inLanguage":"pt-BR","@id":"https:\/\/universoesportivo.net\/#\/schema\/logo\/image\/","url":"https:\/\/universoesportivo.net\/wp-content\/uploads\/2024\/05\/cropped-cropped-universo-6.png","contentUrl":"https:\/\/universoesportivo.net\/wp-content\/uploads\/2024\/05\/cropped-cropped-universo-6.png","width":413,"height":295,"caption":"Universo Esportivo"},"image":{"@id":"https:\/\/universoesportivo.net\/#\/schema\/logo\/image\/"},"sameAs":["https:\/\/www.facebook.com\/universoesportivo.net"]},{"@type":"Person","@id":"https:\/\/universoesportivo.net\/#\/schema\/person\/62bc311bc7def56a6bc83711536e74bd","name":"Tiago Lotto","image":{"@type":"ImageObject","inLanguage":"pt-BR","@id":"https:\/\/secure.gravatar.com\/avatar\/fd6891125b3fb6ba0b794cd20c3398d5bb0fa20d2b9963a95f19470e5a6192f7?s=96&d=mm&r=g","url":"https:\/\/secure.gravatar.com\/avatar\/fd6891125b3fb6ba0b794cd20c3398d5bb0fa20d2b9963a95f19470e5a6192f7?s=96&d=mm&r=g","contentUrl":"https:\/\/secure.gravatar.com\/avatar\/fd6891125b3fb6ba0b794cd20c3398d5bb0fa20d2b9963a95f19470e5a6192f7?s=96&d=mm&r=g","caption":"Tiago Lotto"},"url":"https:\/\/universoesportivo.net\/index.php\/author\/tiago-lotto\/"}]}},"jetpack_featured_media_url":"https:\/\/universoesportivo.net\/wp-content\/uploads\/2024\/09\/abrejiu.jpg","_links":{"self":[{"href":"https:\/\/universoesportivo.net\/index.php\/wp-json\/wp\/v2\/posts\/1693","targetHints":{"allow":["GET"]}}],"collection":[{"href":"https:\/\/universoesportivo.net\/index.php\/wp-json\/wp\/v2\/posts"}],"about":[{"href":"https:\/\/universoesportivo.net\/index.php\/wp-json\/wp\/v2\/types\/post"}],"author":[{"embeddable":true,"href":"https:\/\/universoesportivo.net\/index.php\/wp-json\/wp\/v2\/users\/2"}],"replies":[{"embeddable":true,"href":"https:\/\/universoesportivo.net\/index.php\/wp-json\/wp\/v2\/comments?post=1693"}],"version-history":[{"count":1,"href":"https:\/\/universoesportivo.net\/index.php\/wp-json\/wp\/v2\/posts\/1693\/revisions"}],"predecessor-version":[{"id":1695,"href":"https:\/\/universoesportivo.net\/index.php\/wp-json\/wp\/v2\/posts\/1693\/revisions\/1695"}],"wp:featuredmedia":[{"embeddable":true,"href":"https:\/\/universoesportivo.net\/index.php\/wp-json\/wp\/v2\/media\/1694"}],"wp:attachment":[{"href":"https:\/\/universoesportivo.net\/index.php\/wp-json\/wp\/v2\/media?parent=1693"}],"wp:term":[{"taxonomy":"category","embeddable":true,"href":"https:\/\/universoesportivo.net\/index.php\/wp-json\/wp\/v2\/categories?post=1693"},{"taxonomy":"post_tag","embeddable":true,"href":"https:\/\/universoesportivo.net\/index.php\/wp-json\/wp\/v2\/tags?post=1693"}],"curies":[{"name":"wp","href":"https:\/\/api.w.org\/{rel}","templated":true}]}}