{"id":1699,"date":"2024-09-27T19:18:01","date_gmt":"2024-09-27T22:18:01","guid":{"rendered":"https:\/\/universoesportivo.net\/?p=1699"},"modified":"2024-09-27T19:18:01","modified_gmt":"2024-09-27T22:18:01","slug":"com-publico-rotativo-que-passou-de-2-mil-pessoas-copa-rocian-gracie-jr-de-jiu-jitsu-reuniu-540-atletas","status":"publish","type":"post","link":"https:\/\/universoesportivo.net\/index.php\/2024\/09\/27\/com-publico-rotativo-que-passou-de-2-mil-pessoas-copa-rocian-gracie-jr-de-jiu-jitsu-reuniu-540-atletas\/","title":{"rendered":"Com p\u00fablico rotativo que passou de 2 mil pessoas, Copa Rocian Gracie Jr de Jiu Jitsu reuniu 540 atletas"},"content":{"rendered":"\n<p class=\"has-medium-font-size\">Sorocaba foi a capital do Jiu Jitsu no \u00faltimo s\u00e1bado, 21 de setembro, quando ocorreu a Copa Rocian Gracie Jr. de Jiu Jitsu. A competi\u00e7\u00e3o, que reuniu mestres e professores de Sorocaba e regi\u00e3o, contou com 540 atletas participantes.<\/p>\n\n\n\n<p class=\"has-medium-font-size\">Para atender visitantes, atletas, familiares e demais profissionais envolvidos, o evento contou com uma pra\u00e7a de alimenta\u00e7\u00e3o com food trucks, massoterapia e m\u00fasica. Mais de 2.200 pessoas passaram pelo evento, que ocorreu na Arena Sorocaba.<\/p>\n\n\n\n<p class=\"has-medium-font-size\">A Copa contou com a presen\u00e7a do secret\u00e1rio municipal de Esportes de Sorocaba, Vitor Hugo Tavares, e do Mestre Rocian Gracie Jr., neto de Carlos Gracie (Carlos e H\u00e9lio Gracie s\u00e3o os \u2018pais\u2019 do Jiu Jitsu no Brasil).<\/p>\n\n\n\n<p class=\"has-medium-font-size\">\u201cA fam\u00edlia Gracie \u00e9 conhecida mundialmente por aprimorar a modalidade. Carlos e H\u00e9lio desenvolveram uma t\u00e9cnica em que o lutador mais fraco pode derrotar um oponente mais forte, usando t\u00e9cnicas de estrangulamento, alavancas, imobiliza\u00e7\u00f5es e tor\u00e7\u00f5es. Essas mudan\u00e7as criaram um estilo chamado atualmente de BJJ (Brazilian Jiu-Jitsu), ou Jiu Jitsu Brasileiro\u201d, explicou o Mestre F\u00e1bio Ito, l\u00edder da equipe Rocian Gracie Jr. Sorocaba e organizador do evento.<\/p>\n\n\n\n<p class=\"has-medium-font-size\">OUTRA COPA \u2013 Segundo F\u00e1bio Ito, a competi\u00e7\u00e3o \u00e9 uma iniciativa pioneira. \u201c\u00c9 a primeira edi\u00e7\u00e3o da Copa, que estamos chamado de Etapa Sorocaba. Nossa meta \u00e9 organizar outras etapas em outros munic\u00edpios. Em breve teremos informa\u00e7\u00f5es sobre esse projeto\u201d, disse o Mestre \u00e0 reportagem do site Universo Esportivo.<\/p>\n\n\n\n<p class=\"has-medium-font-size\">Texto: Tiago Lotto \/ Imagens: Divulga\u00e7\u00e3o<\/p>\n\n\n\n<figure class=\"wp-block-image\"><img fetchpriority=\"high\" decoding=\"async\" width=\"400\" height=\"267\" src=\"https:\/\/universoesportivo.net\/wp-content\/uploads\/2024\/09\/itu11.jpg\" alt=\"\" class=\"wp-image-1705\" srcset=\"https:\/\/universoesportivo.net\/wp-content\/uploads\/2024\/09\/itu11.jpg 400w, https:\/\/universoesportivo.net\/wp-content\/uploads\/2024\/09\/itu11-300x200.jpg 300w, https:\/\/universoesportivo.net\/wp-content\/uploads\/2024\/09\/itu11-18x12.jpg 18w\" sizes=\"(max-width: 400px) 100vw, 400px\" \/><\/figure>\n\n\n\n<figure class=\"wp-block-image\"><img decoding=\"async\" width=\"360\" height=\"480\" src=\"https:\/\/universoesportivo.net\/wp-content\/uploads\/2024\/09\/itu12.jpg\" alt=\"\" class=\"wp-image-1704\" srcset=\"https:\/\/universoesportivo.net\/wp-content\/uploads\/2024\/09\/itu12.jpg 360w, https:\/\/universoesportivo.net\/wp-content\/uploads\/2024\/09\/itu12-225x300.jpg 225w, https:\/\/universoesportivo.net\/wp-content\/uploads\/2024\/09\/itu12-9x12.jpg 9w\" sizes=\"(max-width: 360px) 100vw, 360px\" \/><\/figure>\n\n\n\n<figure class=\"wp-block-image\"><img decoding=\"async\" width=\"480\" height=\"319\" src=\"https:\/\/universoesportivo.net\/wp-content\/uploads\/2024\/09\/itu13.jpg\" alt=\"\" class=\"wp-image-1703\" srcset=\"https:\/\/universoesportivo.net\/wp-content\/uploads\/2024\/09\/itu13.jpg 480w, https:\/\/universoesportivo.net\/wp-content\/uploads\/2024\/09\/itu13-300x199.jpg 300w, https:\/\/universoesportivo.net\/wp-content\/uploads\/2024\/09\/itu13-18x12.jpg 18w\" sizes=\"(max-width: 480px) 100vw, 480px\" \/><\/figure>\n\n\n\n<figure class=\"wp-block-image\"><img loading=\"lazy\" decoding=\"async\" width=\"480\" height=\"320\" src=\"https:\/\/universoesportivo.net\/wp-content\/uploads\/2024\/09\/itu14.jpg\" alt=\"\" class=\"wp-image-1702\" srcset=\"https:\/\/universoesportivo.net\/wp-content\/uploads\/2024\/09\/itu14.jpg 480w, https:\/\/universoesportivo.net\/wp-content\/uploads\/2024\/09\/itu14-300x200.jpg 300w, https:\/\/universoesportivo.net\/wp-content\/uploads\/2024\/09\/itu14-18x12.jpg 18w\" sizes=\"(max-width: 480px) 100vw, 480px\" \/><\/figure>\n\n\n\n<figure class=\"wp-block-image\"><img loading=\"lazy\" decoding=\"async\" width=\"384\" height=\"256\" src=\"https:\/\/universoesportivo.net\/wp-content\/uploads\/2024\/09\/itu15.jpg\" alt=\"\" class=\"wp-image-1701\" srcset=\"https:\/\/universoesportivo.net\/wp-content\/uploads\/2024\/09\/itu15.jpg 384w, https:\/\/universoesportivo.net\/wp-content\/uploads\/2024\/09\/itu15-300x200.jpg 300w, https:\/\/universoesportivo.net\/wp-content\/uploads\/2024\/09\/itu15-18x12.jpg 18w\" sizes=\"(max-width: 384px) 100vw, 384px\" \/><\/figure>\n\n\n\n<figure class=\"wp-block-image\"><img loading=\"lazy\" decoding=\"async\" width=\"300\" height=\"400\" src=\"https:\/\/universoesportivo.net\/wp-content\/uploads\/2024\/09\/itu16.jpg\" alt=\"\" class=\"wp-image-1700\" srcset=\"https:\/\/universoesportivo.net\/wp-content\/uploads\/2024\/09\/itu16.jpg 300w, https:\/\/universoesportivo.net\/wp-content\/uploads\/2024\/09\/itu16-225x300.jpg 225w, https:\/\/universoesportivo.net\/wp-content\/uploads\/2024\/09\/itu16-9x12.jpg 9w\" sizes=\"(max-width: 300px) 100vw, 300px\" \/><\/figure>\n","protected":false},"excerpt":{"rendered":"<p>Evento esportivo contou com a presen\u00e7a do secret\u00e1rio municipal de Esportes de Sorocaba, Vitor Hugo Tavares, e do Mestre Rocian Gracie Jr., neto de Carlos Gracie, que &#8216;revolucionou&#8217; o Jiu Jitsu.<\/p>\n","protected":false},"author":2,"featured_media":1706,"comment_status":"closed","ping_status":"closed","sticky":false,"template":"","format":"standard","meta":{"colormag_page_container_layout":"default_layout","colormag_page_sidebar_layout":"default_layout","footnotes":""},"categories":[52,17],"tags":[],"class_list":["post-1699","post","type-post","status-publish","format-standard","has-post-thumbnail","hentry","category-artes-marciais","category-esportes"],"magazineBlocksPostFeaturedMedia":{"thumbnail":"https:\/\/universoesportivo.net\/wp-content\/uploads\/2024\/09\/abreitu-150x150.jpg","medium":"https:\/\/universoesportivo.net\/wp-content\/uploads\/2024\/09\/abreitu-300x200.jpg","medium_large":"https:\/\/universoesportivo.net\/wp-content\/uploads\/2024\/09\/abreitu.jpg","large":"https:\/\/universoesportivo.net\/wp-content\/uploads\/2024\/09\/abreitu.jpg","1536x1536":"https:\/\/universoesportivo.net\/wp-content\/uploads\/2024\/09\/abreitu.jpg","2048x2048":"https:\/\/universoesportivo.net\/wp-content\/uploads\/2024\/09\/abreitu.jpg","trp-custom-language-flag":"https:\/\/universoesportivo.net\/wp-content\/uploads\/2024\/09\/abreitu-18x12.jpg","colormag-highlighted-post":"https:\/\/universoesportivo.net\/wp-content\/uploads\/2024\/09\/abreitu-392x267.jpg","colormag-featured-post-medium":"https:\/\/universoesportivo.net\/wp-content\/uploads\/2024\/09\/abreitu-390x205.jpg","colormag-featured-post-small":"https:\/\/universoesportivo.net\/wp-content\/uploads\/2024\/09\/abreitu-130x90.jpg","colormag-featured-image":"https:\/\/universoesportivo.net\/wp-content\/uploads\/2024\/09\/abreitu.jpg","colormag-default-news":"https:\/\/universoesportivo.net\/wp-content\/uploads\/2024\/09\/abreitu-150x150.jpg","colormag-featured-image-large":"https:\/\/universoesportivo.net\/wp-content\/uploads\/2024\/09\/abreitu.jpg","colormag-elementor-block-extra-large-thumbnail":"https:\/\/universoesportivo.net\/wp-content\/uploads\/2024\/09\/abreitu.jpg","colormag-elementor-grid-large-thumbnail":"https:\/\/universoesportivo.net\/wp-content\/uploads\/2024\/09\/abreitu.jpg","colormag-elementor-grid-small-thumbnail":"https:\/\/universoesportivo.net\/wp-content\/uploads\/2024\/09\/abreitu-285x267.jpg","colormag-elementor-grid-medium-large-thumbnail":"https:\/\/universoesportivo.net\/wp-content\/uploads\/2024\/09\/abreitu-400x198.jpg"},"magazineBlocksPostAuthor":{"name":"Tiago Lotto","avatar":"https:\/\/secure.gravatar.com\/avatar\/fd6891125b3fb6ba0b794cd20c3398d5bb0fa20d2b9963a95f19470e5a6192f7?s=96&d=mm&r=g"},"magazineBlocksPostCommentsNumber":false,"magazineBlocksPostExcerpt":"Evento esportivo contou com a presen\u00e7a do secret\u00e1rio municipal de Esportes de Sorocaba, Vitor Hugo Tavares, e do Mestre Rocian Gracie Jr., neto de Carlos Gracie, que 'revolucionou' o Jiu Jitsu.","magazineBlocksPostCategories":["Artes Marciais","ESPORTES"],"magazineBlocksPostViewCount":38,"magazineBlocksPostReadTime":2,"magazine_blocks_featured_image_url":{"full":["https:\/\/universoesportivo.net\/wp-content\/uploads\/2024\/09\/abreitu.jpg",400,267,false],"medium":["https:\/\/universoesportivo.net\/wp-content\/uploads\/2024\/09\/abreitu-300x200.jpg",300,200,true],"thumbnail":["https:\/\/universoesportivo.net\/wp-content\/uploads\/2024\/09\/abreitu-150x150.jpg",150,150,true]},"magazine_blocks_author":{"display_name":"Tiago Lotto","author_link":"https:\/\/universoesportivo.net\/index.php\/author\/tiago-lotto\/"},"magazine_blocks_comment":0,"magazine_blocks_author_image":"https:\/\/secure.gravatar.com\/avatar\/fd6891125b3fb6ba0b794cd20c3398d5bb0fa20d2b9963a95f19470e5a6192f7?s=96&d=mm&r=g","magazine_blocks_category":"<a href=\"#\" class=\"category-link category-link-52\">Artes Marciais<\/a> <a href=\"#\" class=\"category-link category-link-17\">ESPORTES<\/a>","yoast_head":"<!-- This site is optimized with the Yoast SEO plugin v27.4 - https:\/\/yoast.com\/product\/yoast-seo-wordpress\/ -->\n<title>Com p\u00fablico rotativo que passou de 2 mil pessoas, Copa Rocian Gracie Jr de Jiu Jitsu reuniu 540 atletas - Universo Esportivo<\/title>\n<meta name=\"robots\" content=\"index, follow, max-snippet:-1, max-image-preview:large, max-video-preview:-1\" \/>\n<link rel=\"canonical\" href=\"https:\/\/universoesportivo.net\/index.php\/2024\/09\/27\/com-publico-rotativo-que-passou-de-2-mil-pessoas-copa-rocian-gracie-jr-de-jiu-jitsu-reuniu-540-atletas\/\" \/>\n<meta property=\"og:locale\" content=\"pt_BR\" \/>\n<meta property=\"og:type\" content=\"article\" \/>\n<meta property=\"og:title\" content=\"Com p\u00fablico rotativo que passou de 2 mil pessoas, Copa Rocian Gracie Jr de Jiu Jitsu reuniu 540 atletas - Universo Esportivo\" \/>\n<meta property=\"og:description\" content=\"Evento esportivo contou com a presen\u00e7a do secret\u00e1rio municipal de Esportes de Sorocaba, Vitor Hugo Tavares, e do Mestre Rocian Gracie Jr., neto de Carlos Gracie, que &#039;revolucionou&#039; o Jiu Jitsu.\" \/>\n<meta property=\"og:url\" content=\"https:\/\/universoesportivo.net\/index.php\/2024\/09\/27\/com-publico-rotativo-que-passou-de-2-mil-pessoas-copa-rocian-gracie-jr-de-jiu-jitsu-reuniu-540-atletas\/\" \/>\n<meta property=\"og:site_name\" content=\"Universo Esportivo\" \/>\n<meta property=\"article:publisher\" content=\"https:\/\/www.facebook.com\/universoesportivo.net\" \/>\n<meta property=\"article:published_time\" content=\"2024-09-27T22:18:01+00:00\" \/>\n<meta property=\"og:image\" content=\"https:\/\/universoesportivo.net\/wp-content\/uploads\/2024\/09\/abreitu.jpg\" \/>\n\t<meta property=\"og:image:width\" content=\"400\" \/>\n\t<meta property=\"og:image:height\" content=\"267\" \/>\n\t<meta property=\"og:image:type\" content=\"image\/jpeg\" \/>\n<meta name=\"author\" content=\"Tiago Lotto\" \/>\n<meta name=\"twitter:card\" content=\"summary_large_image\" \/>\n<meta name=\"twitter:label1\" content=\"Escrito por\" \/>\n\t<meta name=\"twitter:data1\" content=\"Tiago Lotto\" \/>\n\t<meta name=\"twitter:label2\" content=\"Est. tempo de leitura\" \/>\n\t<meta name=\"twitter:data2\" content=\"3 minutos\" \/>\n<script type=\"application\/ld+json\" class=\"yoast-schema-graph\">{\"@context\":\"https:\\\/\\\/schema.org\",\"@graph\":[{\"@type\":\"Article\",\"@id\":\"https:\\\/\\\/universoesportivo.net\\\/index.php\\\/2024\\\/09\\\/27\\\/com-publico-rotativo-que-passou-de-2-mil-pessoas-copa-rocian-gracie-jr-de-jiu-jitsu-reuniu-540-atletas\\\/#article\",\"isPartOf\":{\"@id\":\"https:\\\/\\\/universoesportivo.net\\\/index.php\\\/2024\\\/09\\\/27\\\/com-publico-rotativo-que-passou-de-2-mil-pessoas-copa-rocian-gracie-jr-de-jiu-jitsu-reuniu-540-atletas\\\/\"},\"author\":{\"name\":\"Tiago Lotto\",\"@id\":\"https:\\\/\\\/universoesportivo.net\\\/#\\\/schema\\\/person\\\/62bc311bc7def56a6bc83711536e74bd\"},\"headline\":\"Com p\u00fablico rotativo que passou de 2 mil pessoas, Copa Rocian Gracie Jr de Jiu Jitsu reuniu 540 atletas\",\"datePublished\":\"2024-09-27T22:18:01+00:00\",\"mainEntityOfPage\":{\"@id\":\"https:\\\/\\\/universoesportivo.net\\\/index.php\\\/2024\\\/09\\\/27\\\/com-publico-rotativo-que-passou-de-2-mil-pessoas-copa-rocian-gracie-jr-de-jiu-jitsu-reuniu-540-atletas\\\/\"},\"wordCount\":267,\"publisher\":{\"@id\":\"https:\\\/\\\/universoesportivo.net\\\/#organization\"},\"image\":{\"@id\":\"https:\\\/\\\/universoesportivo.net\\\/index.php\\\/2024\\\/09\\\/27\\\/com-publico-rotativo-que-passou-de-2-mil-pessoas-copa-rocian-gracie-jr-de-jiu-jitsu-reuniu-540-atletas\\\/#primaryimage\"},\"thumbnailUrl\":\"https:\\\/\\\/universoesportivo.net\\\/wp-content\\\/uploads\\\/2024\\\/09\\\/abreitu.jpg\",\"articleSection\":[\"Artes Marciais\",\"ESPORTES\"],\"inLanguage\":\"pt-BR\"},{\"@type\":\"WebPage\",\"@id\":\"https:\\\/\\\/universoesportivo.net\\\/index.php\\\/2024\\\/09\\\/27\\\/com-publico-rotativo-que-passou-de-2-mil-pessoas-copa-rocian-gracie-jr-de-jiu-jitsu-reuniu-540-atletas\\\/\",\"url\":\"https:\\\/\\\/universoesportivo.net\\\/index.php\\\/2024\\\/09\\\/27\\\/com-publico-rotativo-que-passou-de-2-mil-pessoas-copa-rocian-gracie-jr-de-jiu-jitsu-reuniu-540-atletas\\\/\",\"name\":\"Com p\u00fablico rotativo que passou de 2 mil pessoas, Copa Rocian Gracie Jr de Jiu Jitsu reuniu 540 atletas - Universo Esportivo\",\"isPartOf\":{\"@id\":\"https:\\\/\\\/universoesportivo.net\\\/#website\"},\"primaryImageOfPage\":{\"@id\":\"https:\\\/\\\/universoesportivo.net\\\/index.php\\\/2024\\\/09\\\/27\\\/com-publico-rotativo-que-passou-de-2-mil-pessoas-copa-rocian-gracie-jr-de-jiu-jitsu-reuniu-540-atletas\\\/#primaryimage\"},\"image\":{\"@id\":\"https:\\\/\\\/universoesportivo.net\\\/index.php\\\/2024\\\/09\\\/27\\\/com-publico-rotativo-que-passou-de-2-mil-pessoas-copa-rocian-gracie-jr-de-jiu-jitsu-reuniu-540-atletas\\\/#primaryimage\"},\"thumbnailUrl\":\"https:\\\/\\\/universoesportivo.net\\\/wp-content\\\/uploads\\\/2024\\\/09\\\/abreitu.jpg\",\"datePublished\":\"2024-09-27T22:18:01+00:00\",\"breadcrumb\":{\"@id\":\"https:\\\/\\\/universoesportivo.net\\\/index.php\\\/2024\\\/09\\\/27\\\/com-publico-rotativo-que-passou-de-2-mil-pessoas-copa-rocian-gracie-jr-de-jiu-jitsu-reuniu-540-atletas\\\/#breadcrumb\"},\"inLanguage\":\"pt-BR\",\"potentialAction\":[{\"@type\":\"ReadAction\",\"target\":[\"https:\\\/\\\/universoesportivo.net\\\/index.php\\\/2024\\\/09\\\/27\\\/com-publico-rotativo-que-passou-de-2-mil-pessoas-copa-rocian-gracie-jr-de-jiu-jitsu-reuniu-540-atletas\\\/\"]}]},{\"@type\":\"ImageObject\",\"inLanguage\":\"pt-BR\",\"@id\":\"https:\\\/\\\/universoesportivo.net\\\/index.php\\\/2024\\\/09\\\/27\\\/com-publico-rotativo-que-passou-de-2-mil-pessoas-copa-rocian-gracie-jr-de-jiu-jitsu-reuniu-540-atletas\\\/#primaryimage\",\"url\":\"https:\\\/\\\/universoesportivo.net\\\/wp-content\\\/uploads\\\/2024\\\/09\\\/abreitu.jpg\",\"contentUrl\":\"https:\\\/\\\/universoesportivo.net\\\/wp-content\\\/uploads\\\/2024\\\/09\\\/abreitu.jpg\",\"width\":400,\"height\":267},{\"@type\":\"BreadcrumbList\",\"@id\":\"https:\\\/\\\/universoesportivo.net\\\/index.php\\\/2024\\\/09\\\/27\\\/com-publico-rotativo-que-passou-de-2-mil-pessoas-copa-rocian-gracie-jr-de-jiu-jitsu-reuniu-540-atletas\\\/#breadcrumb\",\"itemListElement\":[{\"@type\":\"ListItem\",\"position\":1,\"name\":\"In\u00edcio\",\"item\":\"https:\\\/\\\/universoesportivo.net\\\/\"},{\"@type\":\"ListItem\",\"position\":2,\"name\":\"Com p\u00fablico rotativo que passou de 2 mil pessoas, Copa Rocian Gracie Jr de Jiu Jitsu reuniu 540 atletas\"}]},{\"@type\":\"WebSite\",\"@id\":\"https:\\\/\\\/universoesportivo.net\\\/#website\",\"url\":\"https:\\\/\\\/universoesportivo.net\\\/\",\"name\":\"Universo Esportivo\",\"description\":\"O portal de todas as modalidades esportivas!\",\"publisher\":{\"@id\":\"https:\\\/\\\/universoesportivo.net\\\/#organization\"},\"alternateName\":\"Jornalista Tiago Contador Lotto\",\"potentialAction\":[{\"@type\":\"SearchAction\",\"target\":{\"@type\":\"EntryPoint\",\"urlTemplate\":\"https:\\\/\\\/universoesportivo.net\\\/?s={search_term_string}\"},\"query-input\":{\"@type\":\"PropertyValueSpecification\",\"valueRequired\":true,\"valueName\":\"search_term_string\"}}],\"inLanguage\":\"pt-BR\"},{\"@type\":\"Organization\",\"@id\":\"https:\\\/\\\/universoesportivo.net\\\/#organization\",\"name\":\"Universo Esportivo\",\"alternateName\":\"Tiago Lotto\",\"url\":\"https:\\\/\\\/universoesportivo.net\\\/\",\"logo\":{\"@type\":\"ImageObject\",\"inLanguage\":\"pt-BR\",\"@id\":\"https:\\\/\\\/universoesportivo.net\\\/#\\\/schema\\\/logo\\\/image\\\/\",\"url\":\"https:\\\/\\\/universoesportivo.net\\\/wp-content\\\/uploads\\\/2024\\\/05\\\/cropped-cropped-universo-6.png\",\"contentUrl\":\"https:\\\/\\\/universoesportivo.net\\\/wp-content\\\/uploads\\\/2024\\\/05\\\/cropped-cropped-universo-6.png\",\"width\":413,\"height\":295,\"caption\":\"Universo Esportivo\"},\"image\":{\"@id\":\"https:\\\/\\\/universoesportivo.net\\\/#\\\/schema\\\/logo\\\/image\\\/\"},\"sameAs\":[\"https:\\\/\\\/www.facebook.com\\\/universoesportivo.net\"]},{\"@type\":\"Person\",\"@id\":\"https:\\\/\\\/universoesportivo.net\\\/#\\\/schema\\\/person\\\/62bc311bc7def56a6bc83711536e74bd\",\"name\":\"Tiago Lotto\",\"image\":{\"@type\":\"ImageObject\",\"inLanguage\":\"pt-BR\",\"@id\":\"https:\\\/\\\/secure.gravatar.com\\\/avatar\\\/fd6891125b3fb6ba0b794cd20c3398d5bb0fa20d2b9963a95f19470e5a6192f7?s=96&d=mm&r=g\",\"url\":\"https:\\\/\\\/secure.gravatar.com\\\/avatar\\\/fd6891125b3fb6ba0b794cd20c3398d5bb0fa20d2b9963a95f19470e5a6192f7?s=96&d=mm&r=g\",\"contentUrl\":\"https:\\\/\\\/secure.gravatar.com\\\/avatar\\\/fd6891125b3fb6ba0b794cd20c3398d5bb0fa20d2b9963a95f19470e5a6192f7?s=96&d=mm&r=g\",\"caption\":\"Tiago Lotto\"},\"url\":\"https:\\\/\\\/universoesportivo.net\\\/index.php\\\/author\\\/tiago-lotto\\\/\"}]}<\/script>\n<!-- \/ Yoast SEO plugin. -->","yoast_head_json":{"title":"Com p\u00fablico rotativo que passou de 2 mil pessoas, Copa Rocian Gracie Jr de Jiu Jitsu reuniu 540 atletas - Universo Esportivo","robots":{"index":"index","follow":"follow","max-snippet":"max-snippet:-1","max-image-preview":"max-image-preview:large","max-video-preview":"max-video-preview:-1"},"canonical":"https:\/\/universoesportivo.net\/index.php\/2024\/09\/27\/com-publico-rotativo-que-passou-de-2-mil-pessoas-copa-rocian-gracie-jr-de-jiu-jitsu-reuniu-540-atletas\/","og_locale":"pt_BR","og_type":"article","og_title":"Com p\u00fablico rotativo que passou de 2 mil pessoas, Copa Rocian Gracie Jr de Jiu Jitsu reuniu 540 atletas - Universo Esportivo","og_description":"Evento esportivo contou com a presen\u00e7a do secret\u00e1rio municipal de Esportes de Sorocaba, Vitor Hugo Tavares, e do Mestre Rocian Gracie Jr., neto de Carlos Gracie, que 'revolucionou' o Jiu Jitsu.","og_url":"https:\/\/universoesportivo.net\/index.php\/2024\/09\/27\/com-publico-rotativo-que-passou-de-2-mil-pessoas-copa-rocian-gracie-jr-de-jiu-jitsu-reuniu-540-atletas\/","og_site_name":"Universo Esportivo","article_publisher":"https:\/\/www.facebook.com\/universoesportivo.net","article_published_time":"2024-09-27T22:18:01+00:00","og_image":[{"width":400,"height":267,"url":"https:\/\/universoesportivo.net\/wp-content\/uploads\/2024\/09\/abreitu.jpg","type":"image\/jpeg"}],"author":"Tiago Lotto","twitter_card":"summary_large_image","twitter_misc":{"Escrito por":"Tiago Lotto","Est. tempo de leitura":"3 minutos"},"schema":{"@context":"https:\/\/schema.org","@graph":[{"@type":"Article","@id":"https:\/\/universoesportivo.net\/index.php\/2024\/09\/27\/com-publico-rotativo-que-passou-de-2-mil-pessoas-copa-rocian-gracie-jr-de-jiu-jitsu-reuniu-540-atletas\/#article","isPartOf":{"@id":"https:\/\/universoesportivo.net\/index.php\/2024\/09\/27\/com-publico-rotativo-que-passou-de-2-mil-pessoas-copa-rocian-gracie-jr-de-jiu-jitsu-reuniu-540-atletas\/"},"author":{"name":"Tiago Lotto","@id":"https:\/\/universoesportivo.net\/#\/schema\/person\/62bc311bc7def56a6bc83711536e74bd"},"headline":"Com p\u00fablico rotativo que passou de 2 mil pessoas, Copa Rocian Gracie Jr de Jiu Jitsu reuniu 540 atletas","datePublished":"2024-09-27T22:18:01+00:00","mainEntityOfPage":{"@id":"https:\/\/universoesportivo.net\/index.php\/2024\/09\/27\/com-publico-rotativo-que-passou-de-2-mil-pessoas-copa-rocian-gracie-jr-de-jiu-jitsu-reuniu-540-atletas\/"},"wordCount":267,"publisher":{"@id":"https:\/\/universoesportivo.net\/#organization"},"image":{"@id":"https:\/\/universoesportivo.net\/index.php\/2024\/09\/27\/com-publico-rotativo-que-passou-de-2-mil-pessoas-copa-rocian-gracie-jr-de-jiu-jitsu-reuniu-540-atletas\/#primaryimage"},"thumbnailUrl":"https:\/\/universoesportivo.net\/wp-content\/uploads\/2024\/09\/abreitu.jpg","articleSection":["Artes Marciais","ESPORTES"],"inLanguage":"pt-BR"},{"@type":"WebPage","@id":"https:\/\/universoesportivo.net\/index.php\/2024\/09\/27\/com-publico-rotativo-que-passou-de-2-mil-pessoas-copa-rocian-gracie-jr-de-jiu-jitsu-reuniu-540-atletas\/","url":"https:\/\/universoesportivo.net\/index.php\/2024\/09\/27\/com-publico-rotativo-que-passou-de-2-mil-pessoas-copa-rocian-gracie-jr-de-jiu-jitsu-reuniu-540-atletas\/","name":"Com p\u00fablico rotativo que passou de 2 mil pessoas, Copa Rocian Gracie Jr de Jiu Jitsu reuniu 540 atletas - Universo Esportivo","isPartOf":{"@id":"https:\/\/universoesportivo.net\/#website"},"primaryImageOfPage":{"@id":"https:\/\/universoesportivo.net\/index.php\/2024\/09\/27\/com-publico-rotativo-que-passou-de-2-mil-pessoas-copa-rocian-gracie-jr-de-jiu-jitsu-reuniu-540-atletas\/#primaryimage"},"image":{"@id":"https:\/\/universoesportivo.net\/index.php\/2024\/09\/27\/com-publico-rotativo-que-passou-de-2-mil-pessoas-copa-rocian-gracie-jr-de-jiu-jitsu-reuniu-540-atletas\/#primaryimage"},"thumbnailUrl":"https:\/\/universoesportivo.net\/wp-content\/uploads\/2024\/09\/abreitu.jpg","datePublished":"2024-09-27T22:18:01+00:00","breadcrumb":{"@id":"https:\/\/universoesportivo.net\/index.php\/2024\/09\/27\/com-publico-rotativo-que-passou-de-2-mil-pessoas-copa-rocian-gracie-jr-de-jiu-jitsu-reuniu-540-atletas\/#breadcrumb"},"inLanguage":"pt-BR","potentialAction":[{"@type":"ReadAction","target":["https:\/\/universoesportivo.net\/index.php\/2024\/09\/27\/com-publico-rotativo-que-passou-de-2-mil-pessoas-copa-rocian-gracie-jr-de-jiu-jitsu-reuniu-540-atletas\/"]}]},{"@type":"ImageObject","inLanguage":"pt-BR","@id":"https:\/\/universoesportivo.net\/index.php\/2024\/09\/27\/com-publico-rotativo-que-passou-de-2-mil-pessoas-copa-rocian-gracie-jr-de-jiu-jitsu-reuniu-540-atletas\/#primaryimage","url":"https:\/\/universoesportivo.net\/wp-content\/uploads\/2024\/09\/abreitu.jpg","contentUrl":"https:\/\/universoesportivo.net\/wp-content\/uploads\/2024\/09\/abreitu.jpg","width":400,"height":267},{"@type":"BreadcrumbList","@id":"https:\/\/universoesportivo.net\/index.php\/2024\/09\/27\/com-publico-rotativo-que-passou-de-2-mil-pessoas-copa-rocian-gracie-jr-de-jiu-jitsu-reuniu-540-atletas\/#breadcrumb","itemListElement":[{"@type":"ListItem","position":1,"name":"In\u00edcio","item":"https:\/\/universoesportivo.net\/"},{"@type":"ListItem","position":2,"name":"Com p\u00fablico rotativo que passou de 2 mil pessoas, Copa Rocian Gracie Jr de Jiu Jitsu reuniu 540 atletas"}]},{"@type":"WebSite","@id":"https:\/\/universoesportivo.net\/#website","url":"https:\/\/universoesportivo.net\/","name":"Universo Esportivo","description":"O portal de todas as modalidades esportivas!","publisher":{"@id":"https:\/\/universoesportivo.net\/#organization"},"alternateName":"Jornalista Tiago Contador Lotto","potentialAction":[{"@type":"SearchAction","target":{"@type":"EntryPoint","urlTemplate":"https:\/\/universoesportivo.net\/?s={search_term_string}"},"query-input":{"@type":"PropertyValueSpecification","valueRequired":true,"valueName":"search_term_string"}}],"inLanguage":"pt-BR"},{"@type":"Organization","@id":"https:\/\/universoesportivo.net\/#organization","name":"Universo Esportivo","alternateName":"Tiago Lotto","url":"https:\/\/universoesportivo.net\/","logo":{"@type":"ImageObject","inLanguage":"pt-BR","@id":"https:\/\/universoesportivo.net\/#\/schema\/logo\/image\/","url":"https:\/\/universoesportivo.net\/wp-content\/uploads\/2024\/05\/cropped-cropped-universo-6.png","contentUrl":"https:\/\/universoesportivo.net\/wp-content\/uploads\/2024\/05\/cropped-cropped-universo-6.png","width":413,"height":295,"caption":"Universo Esportivo"},"image":{"@id":"https:\/\/universoesportivo.net\/#\/schema\/logo\/image\/"},"sameAs":["https:\/\/www.facebook.com\/universoesportivo.net"]},{"@type":"Person","@id":"https:\/\/universoesportivo.net\/#\/schema\/person\/62bc311bc7def56a6bc83711536e74bd","name":"Tiago Lotto","image":{"@type":"ImageObject","inLanguage":"pt-BR","@id":"https:\/\/secure.gravatar.com\/avatar\/fd6891125b3fb6ba0b794cd20c3398d5bb0fa20d2b9963a95f19470e5a6192f7?s=96&d=mm&r=g","url":"https:\/\/secure.gravatar.com\/avatar\/fd6891125b3fb6ba0b794cd20c3398d5bb0fa20d2b9963a95f19470e5a6192f7?s=96&d=mm&r=g","contentUrl":"https:\/\/secure.gravatar.com\/avatar\/fd6891125b3fb6ba0b794cd20c3398d5bb0fa20d2b9963a95f19470e5a6192f7?s=96&d=mm&r=g","caption":"Tiago Lotto"},"url":"https:\/\/universoesportivo.net\/index.php\/author\/tiago-lotto\/"}]}},"jetpack_featured_media_url":"https:\/\/universoesportivo.net\/wp-content\/uploads\/2024\/09\/abreitu.jpg","_links":{"self":[{"href":"https:\/\/universoesportivo.net\/index.php\/wp-json\/wp\/v2\/posts\/1699","targetHints":{"allow":["GET"]}}],"collection":[{"href":"https:\/\/universoesportivo.net\/index.php\/wp-json\/wp\/v2\/posts"}],"about":[{"href":"https:\/\/universoesportivo.net\/index.php\/wp-json\/wp\/v2\/types\/post"}],"author":[{"embeddable":true,"href":"https:\/\/universoesportivo.net\/index.php\/wp-json\/wp\/v2\/users\/2"}],"replies":[{"embeddable":true,"href":"https:\/\/universoesportivo.net\/index.php\/wp-json\/wp\/v2\/comments?post=1699"}],"version-history":[{"count":1,"href":"https:\/\/universoesportivo.net\/index.php\/wp-json\/wp\/v2\/posts\/1699\/revisions"}],"predecessor-version":[{"id":1707,"href":"https:\/\/universoesportivo.net\/index.php\/wp-json\/wp\/v2\/posts\/1699\/revisions\/1707"}],"wp:featuredmedia":[{"embeddable":true,"href":"https:\/\/universoesportivo.net\/index.php\/wp-json\/wp\/v2\/media\/1706"}],"wp:attachment":[{"href":"https:\/\/universoesportivo.net\/index.php\/wp-json\/wp\/v2\/media?parent=1699"}],"wp:term":[{"taxonomy":"category","embeddable":true,"href":"https:\/\/universoesportivo.net\/index.php\/wp-json\/wp\/v2\/categories?post=1699"},{"taxonomy":"post_tag","embeddable":true,"href":"https:\/\/universoesportivo.net\/index.php\/wp-json\/wp\/v2\/tags?post=1699"}],"curies":[{"name":"wp","href":"https:\/\/api.w.org\/{rel}","templated":true}]}}