{"id":1708,"date":"2024-09-27T22:06:30","date_gmt":"2024-09-28T01:06:30","guid":{"rendered":"https:\/\/universoesportivo.net\/?p=1708"},"modified":"2024-09-27T22:06:30","modified_gmt":"2024-09-28T01:06:30","slug":"conmebol-divulga-datas-das-semifinais-da-libertadores-e-da-sul-americana","status":"publish","type":"post","link":"https:\/\/universoesportivo.net\/index.php\/2024\/09\/27\/conmebol-divulga-datas-das-semifinais-da-libertadores-e-da-sul-americana\/","title":{"rendered":"Conmebol divulga datas das semifinais da Libertadores e da Sul-Americana"},"content":{"rendered":"\n<p class=\"has-medium-font-size\">J\u00e1 est\u00e3o definidas as datas, hor\u00e1rios e locais das semifinais da Copa Libertadores e da Sul-Americana, as principais competi\u00e7\u00f5es internacionais em andamento com times brasileiros. As informa\u00e7\u00f5es s\u00e3o da Conmebol.<\/p>\n\n\n\n<p class=\"has-medium-font-size\">Pela Libertadores, os jogos entre Atl\u00e9tico-MG x River Plate (Argentina) ser\u00e3o dia 22 de outubro (ida), \u00e0s 21h30, em Belo Horizonte, e dia 29 de outubro (volta), \u00e0s 21h30, em Buenos Aires.<\/p>\n\n\n\n<p class=\"has-medium-font-size\">O confronto entre Botafogo x Pe\u00f1arol (Uruguai) ser\u00e3o dia 23 de outubro (ida), \u00e0s 21h30, no Rio de Janeiro, e dia 30 de outubro (volta), \u00e0s 21h30, em Montevid\u00e9u.<\/p>\n\n\n\n<p class=\"has-medium-font-size\">O time campe\u00e3o da Libertadores 2024 ganha R$ 115,7 milh\u00f5es. O vice-campe\u00e3o recebe pr\u00eamio de R$ 35,2 milh\u00f5es.<\/p>\n\n\n\n<p class=\"has-medium-font-size\">J\u00e1 pela Sul-Americana, o primeiro duelo entre Cruzeiro x Lan\u00fas (Argentina) ser\u00e1 dia 23 de outubro (ida) \u00e0s 19h, no Mineir\u00e3o. O jogo da volta ser\u00e1 dia 30 de outubro, \u00e0s 19h, na Argentina.<\/p>\n\n\n\n<p class=\"has-medium-font-size\">Corinthians x Racing (Argentina) jogam dias 24 de outubro (ida) e 31 de outubro (volta). Dia 24, \u00e0s 21h30, o jogo ser\u00e1 em S\u00e3o Paulo, no Itaquer\u00e3o. Dia 30, tamb\u00e9m \u00e0s 21h30, a partida ser\u00e1 em Buenos Aires, na Argentina.<\/p>\n\n\n\n<p class=\"has-medium-font-size\">O campe\u00e3o da Sul-Americana ganha como pr\u00eamio R$ 30 milh\u00f5es e o vice-campe\u00e3o recebe R$ 10 milh\u00f5es.<\/p>\n\n\n\n<p class=\"has-medium-font-size\">Texto: Tiago Lotto \/ Imagem: reprodu\u00e7\u00e3o da Conmebol<\/p>\n","protected":false},"excerpt":{"rendered":"<p>O campe\u00e3o da Libertadores ganha R$ 115,7 milh\u00f5es. O vice-campe\u00e3o recebe R$ 35,2 milh\u00f5es. O campe\u00e3o da Sul-Americana ganha R$ 30 milh\u00f5es e o vice-campe\u00e3o recebe R$ 10 milh\u00f5es.<\/p>\n","protected":false},"author":2,"featured_media":1709,"comment_status":"closed","ping_status":"closed","sticky":false,"template":"","format":"standard","meta":{"colormag_page_container_layout":"default_layout","colormag_page_sidebar_layout":"default_layout","footnotes":""},"categories":[17,43],"tags":[],"class_list":["post-1708","post","type-post","status-publish","format-standard","has-post-thumbnail","hentry","category-esportes","category-futebol"],"magazineBlocksPostFeaturedMedia":{"thumbnail":"https:\/\/universoesportivo.net\/wp-content\/uploads\/2024\/09\/abrese-150x150.jpg","medium":"https:\/\/universoesportivo.net\/wp-content\/uploads\/2024\/09\/abrese-300x300.jpg","medium_large":"https:\/\/universoesportivo.net\/wp-content\/uploads\/2024\/09\/abrese.jpg","large":"https:\/\/universoesportivo.net\/wp-content\/uploads\/2024\/09\/abrese.jpg","1536x1536":"https:\/\/universoesportivo.net\/wp-content\/uploads\/2024\/09\/abrese.jpg","2048x2048":"https:\/\/universoesportivo.net\/wp-content\/uploads\/2024\/09\/abrese.jpg","trp-custom-language-flag":"https:\/\/universoesportivo.net\/wp-content\/uploads\/2024\/09\/abrese-12x12.jpg","colormag-highlighted-post":"https:\/\/universoesportivo.net\/wp-content\/uploads\/2024\/09\/abrese-392x272.jpg","colormag-featured-post-medium":"https:\/\/universoesportivo.net\/wp-content\/uploads\/2024\/09\/abrese-390x205.jpg","colormag-featured-post-small":"https:\/\/universoesportivo.net\/wp-content\/uploads\/2024\/09\/abrese-130x90.jpg","colormag-featured-image":"https:\/\/universoesportivo.net\/wp-content\/uploads\/2024\/09\/abrese.jpg","colormag-default-news":"https:\/\/universoesportivo.net\/wp-content\/uploads\/2024\/09\/abrese-150x150.jpg","colormag-featured-image-large":"https:\/\/universoesportivo.net\/wp-content\/uploads\/2024\/09\/abrese.jpg","colormag-elementor-block-extra-large-thumbnail":"https:\/\/universoesportivo.net\/wp-content\/uploads\/2024\/09\/abrese.jpg","colormag-elementor-grid-large-thumbnail":"https:\/\/universoesportivo.net\/wp-content\/uploads\/2024\/09\/abrese.jpg","colormag-elementor-grid-small-thumbnail":"https:\/\/universoesportivo.net\/wp-content\/uploads\/2024\/09\/abrese-285x400.jpg","colormag-elementor-grid-medium-large-thumbnail":"https:\/\/universoesportivo.net\/wp-content\/uploads\/2024\/09\/abrese-400x198.jpg"},"magazineBlocksPostAuthor":{"name":"Tiago Lotto","avatar":"https:\/\/secure.gravatar.com\/avatar\/fd6891125b3fb6ba0b794cd20c3398d5bb0fa20d2b9963a95f19470e5a6192f7?s=96&d=mm&r=g"},"magazineBlocksPostCommentsNumber":false,"magazineBlocksPostExcerpt":"O campe\u00e3o da Libertadores ganha R$ 115,7 milh\u00f5es. O vice-campe\u00e3o recebe R$ 35,2 milh\u00f5es. O campe\u00e3o da Sul-Americana ganha R$ 30 milh\u00f5es e o vice-campe\u00e3o recebe R$ 10 milh\u00f5es.","magazineBlocksPostCategories":["ESPORTES","Futebol"],"magazineBlocksPostViewCount":39,"magazineBlocksPostReadTime":2,"magazine_blocks_featured_image_url":{"full":["https:\/\/universoesportivo.net\/wp-content\/uploads\/2024\/09\/abrese.jpg",400,400,false],"medium":["https:\/\/universoesportivo.net\/wp-content\/uploads\/2024\/09\/abrese-300x300.jpg",300,300,true],"thumbnail":["https:\/\/universoesportivo.net\/wp-content\/uploads\/2024\/09\/abrese-150x150.jpg",150,150,true]},"magazine_blocks_author":{"display_name":"Tiago Lotto","author_link":"https:\/\/universoesportivo.net\/index.php\/author\/tiago-lotto\/"},"magazine_blocks_comment":0,"magazine_blocks_author_image":"https:\/\/secure.gravatar.com\/avatar\/fd6891125b3fb6ba0b794cd20c3398d5bb0fa20d2b9963a95f19470e5a6192f7?s=96&d=mm&r=g","magazine_blocks_category":"<a href=\"#\" class=\"category-link category-link-17\">ESPORTES<\/a> <a href=\"#\" class=\"category-link category-link-43\">Futebol<\/a>","yoast_head":"<!-- This site is optimized with the Yoast SEO plugin v27.4 - https:\/\/yoast.com\/product\/yoast-seo-wordpress\/ -->\n<title>Conmebol divulga datas das semifinais da Libertadores e da Sul-Americana - Universo Esportivo<\/title>\n<meta name=\"robots\" content=\"index, follow, max-snippet:-1, max-image-preview:large, max-video-preview:-1\" \/>\n<link rel=\"canonical\" href=\"https:\/\/universoesportivo.net\/index.php\/2024\/09\/27\/conmebol-divulga-datas-das-semifinais-da-libertadores-e-da-sul-americana\/\" \/>\n<meta property=\"og:locale\" content=\"pt_BR\" \/>\n<meta property=\"og:type\" content=\"article\" \/>\n<meta property=\"og:title\" content=\"Conmebol divulga datas das semifinais da Libertadores e da Sul-Americana - Universo Esportivo\" \/>\n<meta property=\"og:description\" content=\"O campe\u00e3o da Libertadores ganha R$ 115,7 milh\u00f5es. O vice-campe\u00e3o recebe R$ 35,2 milh\u00f5es. O campe\u00e3o da Sul-Americana ganha R$ 30 milh\u00f5es e o vice-campe\u00e3o recebe R$ 10 milh\u00f5es.\" \/>\n<meta property=\"og:url\" content=\"https:\/\/universoesportivo.net\/index.php\/2024\/09\/27\/conmebol-divulga-datas-das-semifinais-da-libertadores-e-da-sul-americana\/\" \/>\n<meta property=\"og:site_name\" content=\"Universo Esportivo\" \/>\n<meta property=\"article:publisher\" content=\"https:\/\/www.facebook.com\/universoesportivo.net\" \/>\n<meta property=\"article:published_time\" content=\"2024-09-28T01:06:30+00:00\" \/>\n<meta property=\"og:image\" content=\"https:\/\/universoesportivo.net\/wp-content\/uploads\/2024\/09\/abrese.jpg\" \/>\n\t<meta property=\"og:image:width\" content=\"400\" \/>\n\t<meta property=\"og:image:height\" content=\"400\" \/>\n\t<meta property=\"og:image:type\" content=\"image\/jpeg\" \/>\n<meta name=\"author\" content=\"Tiago Lotto\" \/>\n<meta name=\"twitter:card\" content=\"summary_large_image\" \/>\n<meta name=\"twitter:label1\" content=\"Escrito por\" \/>\n\t<meta name=\"twitter:data1\" content=\"Tiago Lotto\" \/>\n\t<meta name=\"twitter:label2\" content=\"Est. tempo de leitura\" \/>\n\t<meta name=\"twitter:data2\" content=\"2 minutos\" \/>\n<script type=\"application\/ld+json\" class=\"yoast-schema-graph\">{\"@context\":\"https:\\\/\\\/schema.org\",\"@graph\":[{\"@type\":\"Article\",\"@id\":\"https:\\\/\\\/universoesportivo.net\\\/index.php\\\/2024\\\/09\\\/27\\\/conmebol-divulga-datas-das-semifinais-da-libertadores-e-da-sul-americana\\\/#article\",\"isPartOf\":{\"@id\":\"https:\\\/\\\/universoesportivo.net\\\/index.php\\\/2024\\\/09\\\/27\\\/conmebol-divulga-datas-das-semifinais-da-libertadores-e-da-sul-americana\\\/\"},\"author\":{\"name\":\"Tiago Lotto\",\"@id\":\"https:\\\/\\\/universoesportivo.net\\\/#\\\/schema\\\/person\\\/62bc311bc7def56a6bc83711536e74bd\"},\"headline\":\"Conmebol divulga datas das semifinais da Libertadores e da Sul-Americana\",\"datePublished\":\"2024-09-28T01:06:30+00:00\",\"mainEntityOfPage\":{\"@id\":\"https:\\\/\\\/universoesportivo.net\\\/index.php\\\/2024\\\/09\\\/27\\\/conmebol-divulga-datas-das-semifinais-da-libertadores-e-da-sul-americana\\\/\"},\"wordCount\":228,\"publisher\":{\"@id\":\"https:\\\/\\\/universoesportivo.net\\\/#organization\"},\"image\":{\"@id\":\"https:\\\/\\\/universoesportivo.net\\\/index.php\\\/2024\\\/09\\\/27\\\/conmebol-divulga-datas-das-semifinais-da-libertadores-e-da-sul-americana\\\/#primaryimage\"},\"thumbnailUrl\":\"https:\\\/\\\/universoesportivo.net\\\/wp-content\\\/uploads\\\/2024\\\/09\\\/abrese.jpg\",\"articleSection\":[\"ESPORTES\",\"Futebol\"],\"inLanguage\":\"pt-BR\"},{\"@type\":\"WebPage\",\"@id\":\"https:\\\/\\\/universoesportivo.net\\\/index.php\\\/2024\\\/09\\\/27\\\/conmebol-divulga-datas-das-semifinais-da-libertadores-e-da-sul-americana\\\/\",\"url\":\"https:\\\/\\\/universoesportivo.net\\\/index.php\\\/2024\\\/09\\\/27\\\/conmebol-divulga-datas-das-semifinais-da-libertadores-e-da-sul-americana\\\/\",\"name\":\"Conmebol divulga datas das semifinais da Libertadores e da Sul-Americana - Universo Esportivo\",\"isPartOf\":{\"@id\":\"https:\\\/\\\/universoesportivo.net\\\/#website\"},\"primaryImageOfPage\":{\"@id\":\"https:\\\/\\\/universoesportivo.net\\\/index.php\\\/2024\\\/09\\\/27\\\/conmebol-divulga-datas-das-semifinais-da-libertadores-e-da-sul-americana\\\/#primaryimage\"},\"image\":{\"@id\":\"https:\\\/\\\/universoesportivo.net\\\/index.php\\\/2024\\\/09\\\/27\\\/conmebol-divulga-datas-das-semifinais-da-libertadores-e-da-sul-americana\\\/#primaryimage\"},\"thumbnailUrl\":\"https:\\\/\\\/universoesportivo.net\\\/wp-content\\\/uploads\\\/2024\\\/09\\\/abrese.jpg\",\"datePublished\":\"2024-09-28T01:06:30+00:00\",\"breadcrumb\":{\"@id\":\"https:\\\/\\\/universoesportivo.net\\\/index.php\\\/2024\\\/09\\\/27\\\/conmebol-divulga-datas-das-semifinais-da-libertadores-e-da-sul-americana\\\/#breadcrumb\"},\"inLanguage\":\"pt-BR\",\"potentialAction\":[{\"@type\":\"ReadAction\",\"target\":[\"https:\\\/\\\/universoesportivo.net\\\/index.php\\\/2024\\\/09\\\/27\\\/conmebol-divulga-datas-das-semifinais-da-libertadores-e-da-sul-americana\\\/\"]}]},{\"@type\":\"ImageObject\",\"inLanguage\":\"pt-BR\",\"@id\":\"https:\\\/\\\/universoesportivo.net\\\/index.php\\\/2024\\\/09\\\/27\\\/conmebol-divulga-datas-das-semifinais-da-libertadores-e-da-sul-americana\\\/#primaryimage\",\"url\":\"https:\\\/\\\/universoesportivo.net\\\/wp-content\\\/uploads\\\/2024\\\/09\\\/abrese.jpg\",\"contentUrl\":\"https:\\\/\\\/universoesportivo.net\\\/wp-content\\\/uploads\\\/2024\\\/09\\\/abrese.jpg\",\"width\":400,\"height\":400},{\"@type\":\"BreadcrumbList\",\"@id\":\"https:\\\/\\\/universoesportivo.net\\\/index.php\\\/2024\\\/09\\\/27\\\/conmebol-divulga-datas-das-semifinais-da-libertadores-e-da-sul-americana\\\/#breadcrumb\",\"itemListElement\":[{\"@type\":\"ListItem\",\"position\":1,\"name\":\"In\u00edcio\",\"item\":\"https:\\\/\\\/universoesportivo.net\\\/\"},{\"@type\":\"ListItem\",\"position\":2,\"name\":\"Conmebol divulga datas das semifinais da Libertadores e da Sul-Americana\"}]},{\"@type\":\"WebSite\",\"@id\":\"https:\\\/\\\/universoesportivo.net\\\/#website\",\"url\":\"https:\\\/\\\/universoesportivo.net\\\/\",\"name\":\"Universo Esportivo\",\"description\":\"O portal de todas as modalidades esportivas!\",\"publisher\":{\"@id\":\"https:\\\/\\\/universoesportivo.net\\\/#organization\"},\"alternateName\":\"Jornalista Tiago Contador Lotto\",\"potentialAction\":[{\"@type\":\"SearchAction\",\"target\":{\"@type\":\"EntryPoint\",\"urlTemplate\":\"https:\\\/\\\/universoesportivo.net\\\/?s={search_term_string}\"},\"query-input\":{\"@type\":\"PropertyValueSpecification\",\"valueRequired\":true,\"valueName\":\"search_term_string\"}}],\"inLanguage\":\"pt-BR\"},{\"@type\":\"Organization\",\"@id\":\"https:\\\/\\\/universoesportivo.net\\\/#organization\",\"name\":\"Universo Esportivo\",\"alternateName\":\"Tiago Lotto\",\"url\":\"https:\\\/\\\/universoesportivo.net\\\/\",\"logo\":{\"@type\":\"ImageObject\",\"inLanguage\":\"pt-BR\",\"@id\":\"https:\\\/\\\/universoesportivo.net\\\/#\\\/schema\\\/logo\\\/image\\\/\",\"url\":\"https:\\\/\\\/universoesportivo.net\\\/wp-content\\\/uploads\\\/2024\\\/05\\\/cropped-cropped-universo-6.png\",\"contentUrl\":\"https:\\\/\\\/universoesportivo.net\\\/wp-content\\\/uploads\\\/2024\\\/05\\\/cropped-cropped-universo-6.png\",\"width\":413,\"height\":295,\"caption\":\"Universo Esportivo\"},\"image\":{\"@id\":\"https:\\\/\\\/universoesportivo.net\\\/#\\\/schema\\\/logo\\\/image\\\/\"},\"sameAs\":[\"https:\\\/\\\/www.facebook.com\\\/universoesportivo.net\"]},{\"@type\":\"Person\",\"@id\":\"https:\\\/\\\/universoesportivo.net\\\/#\\\/schema\\\/person\\\/62bc311bc7def56a6bc83711536e74bd\",\"name\":\"Tiago Lotto\",\"image\":{\"@type\":\"ImageObject\",\"inLanguage\":\"pt-BR\",\"@id\":\"https:\\\/\\\/secure.gravatar.com\\\/avatar\\\/fd6891125b3fb6ba0b794cd20c3398d5bb0fa20d2b9963a95f19470e5a6192f7?s=96&d=mm&r=g\",\"url\":\"https:\\\/\\\/secure.gravatar.com\\\/avatar\\\/fd6891125b3fb6ba0b794cd20c3398d5bb0fa20d2b9963a95f19470e5a6192f7?s=96&d=mm&r=g\",\"contentUrl\":\"https:\\\/\\\/secure.gravatar.com\\\/avatar\\\/fd6891125b3fb6ba0b794cd20c3398d5bb0fa20d2b9963a95f19470e5a6192f7?s=96&d=mm&r=g\",\"caption\":\"Tiago Lotto\"},\"url\":\"https:\\\/\\\/universoesportivo.net\\\/index.php\\\/author\\\/tiago-lotto\\\/\"}]}<\/script>\n<!-- \/ Yoast SEO plugin. -->","yoast_head_json":{"title":"Conmebol divulga datas das semifinais da Libertadores e da Sul-Americana - Universo Esportivo","robots":{"index":"index","follow":"follow","max-snippet":"max-snippet:-1","max-image-preview":"max-image-preview:large","max-video-preview":"max-video-preview:-1"},"canonical":"https:\/\/universoesportivo.net\/index.php\/2024\/09\/27\/conmebol-divulga-datas-das-semifinais-da-libertadores-e-da-sul-americana\/","og_locale":"pt_BR","og_type":"article","og_title":"Conmebol divulga datas das semifinais da Libertadores e da Sul-Americana - Universo Esportivo","og_description":"O campe\u00e3o da Libertadores ganha R$ 115,7 milh\u00f5es. O vice-campe\u00e3o recebe R$ 35,2 milh\u00f5es. O campe\u00e3o da Sul-Americana ganha R$ 30 milh\u00f5es e o vice-campe\u00e3o recebe R$ 10 milh\u00f5es.","og_url":"https:\/\/universoesportivo.net\/index.php\/2024\/09\/27\/conmebol-divulga-datas-das-semifinais-da-libertadores-e-da-sul-americana\/","og_site_name":"Universo Esportivo","article_publisher":"https:\/\/www.facebook.com\/universoesportivo.net","article_published_time":"2024-09-28T01:06:30+00:00","og_image":[{"width":400,"height":400,"url":"https:\/\/universoesportivo.net\/wp-content\/uploads\/2024\/09\/abrese.jpg","type":"image\/jpeg"}],"author":"Tiago Lotto","twitter_card":"summary_large_image","twitter_misc":{"Escrito por":"Tiago Lotto","Est. tempo de leitura":"2 minutos"},"schema":{"@context":"https:\/\/schema.org","@graph":[{"@type":"Article","@id":"https:\/\/universoesportivo.net\/index.php\/2024\/09\/27\/conmebol-divulga-datas-das-semifinais-da-libertadores-e-da-sul-americana\/#article","isPartOf":{"@id":"https:\/\/universoesportivo.net\/index.php\/2024\/09\/27\/conmebol-divulga-datas-das-semifinais-da-libertadores-e-da-sul-americana\/"},"author":{"name":"Tiago Lotto","@id":"https:\/\/universoesportivo.net\/#\/schema\/person\/62bc311bc7def56a6bc83711536e74bd"},"headline":"Conmebol divulga datas das semifinais da Libertadores e da Sul-Americana","datePublished":"2024-09-28T01:06:30+00:00","mainEntityOfPage":{"@id":"https:\/\/universoesportivo.net\/index.php\/2024\/09\/27\/conmebol-divulga-datas-das-semifinais-da-libertadores-e-da-sul-americana\/"},"wordCount":228,"publisher":{"@id":"https:\/\/universoesportivo.net\/#organization"},"image":{"@id":"https:\/\/universoesportivo.net\/index.php\/2024\/09\/27\/conmebol-divulga-datas-das-semifinais-da-libertadores-e-da-sul-americana\/#primaryimage"},"thumbnailUrl":"https:\/\/universoesportivo.net\/wp-content\/uploads\/2024\/09\/abrese.jpg","articleSection":["ESPORTES","Futebol"],"inLanguage":"pt-BR"},{"@type":"WebPage","@id":"https:\/\/universoesportivo.net\/index.php\/2024\/09\/27\/conmebol-divulga-datas-das-semifinais-da-libertadores-e-da-sul-americana\/","url":"https:\/\/universoesportivo.net\/index.php\/2024\/09\/27\/conmebol-divulga-datas-das-semifinais-da-libertadores-e-da-sul-americana\/","name":"Conmebol divulga datas das semifinais da Libertadores e da Sul-Americana - Universo Esportivo","isPartOf":{"@id":"https:\/\/universoesportivo.net\/#website"},"primaryImageOfPage":{"@id":"https:\/\/universoesportivo.net\/index.php\/2024\/09\/27\/conmebol-divulga-datas-das-semifinais-da-libertadores-e-da-sul-americana\/#primaryimage"},"image":{"@id":"https:\/\/universoesportivo.net\/index.php\/2024\/09\/27\/conmebol-divulga-datas-das-semifinais-da-libertadores-e-da-sul-americana\/#primaryimage"},"thumbnailUrl":"https:\/\/universoesportivo.net\/wp-content\/uploads\/2024\/09\/abrese.jpg","datePublished":"2024-09-28T01:06:30+00:00","breadcrumb":{"@id":"https:\/\/universoesportivo.net\/index.php\/2024\/09\/27\/conmebol-divulga-datas-das-semifinais-da-libertadores-e-da-sul-americana\/#breadcrumb"},"inLanguage":"pt-BR","potentialAction":[{"@type":"ReadAction","target":["https:\/\/universoesportivo.net\/index.php\/2024\/09\/27\/conmebol-divulga-datas-das-semifinais-da-libertadores-e-da-sul-americana\/"]}]},{"@type":"ImageObject","inLanguage":"pt-BR","@id":"https:\/\/universoesportivo.net\/index.php\/2024\/09\/27\/conmebol-divulga-datas-das-semifinais-da-libertadores-e-da-sul-americana\/#primaryimage","url":"https:\/\/universoesportivo.net\/wp-content\/uploads\/2024\/09\/abrese.jpg","contentUrl":"https:\/\/universoesportivo.net\/wp-content\/uploads\/2024\/09\/abrese.jpg","width":400,"height":400},{"@type":"BreadcrumbList","@id":"https:\/\/universoesportivo.net\/index.php\/2024\/09\/27\/conmebol-divulga-datas-das-semifinais-da-libertadores-e-da-sul-americana\/#breadcrumb","itemListElement":[{"@type":"ListItem","position":1,"name":"In\u00edcio","item":"https:\/\/universoesportivo.net\/"},{"@type":"ListItem","position":2,"name":"Conmebol divulga datas das semifinais da Libertadores e da Sul-Americana"}]},{"@type":"WebSite","@id":"https:\/\/universoesportivo.net\/#website","url":"https:\/\/universoesportivo.net\/","name":"Universo Esportivo","description":"O portal de todas as modalidades esportivas!","publisher":{"@id":"https:\/\/universoesportivo.net\/#organization"},"alternateName":"Jornalista Tiago Contador Lotto","potentialAction":[{"@type":"SearchAction","target":{"@type":"EntryPoint","urlTemplate":"https:\/\/universoesportivo.net\/?s={search_term_string}"},"query-input":{"@type":"PropertyValueSpecification","valueRequired":true,"valueName":"search_term_string"}}],"inLanguage":"pt-BR"},{"@type":"Organization","@id":"https:\/\/universoesportivo.net\/#organization","name":"Universo Esportivo","alternateName":"Tiago Lotto","url":"https:\/\/universoesportivo.net\/","logo":{"@type":"ImageObject","inLanguage":"pt-BR","@id":"https:\/\/universoesportivo.net\/#\/schema\/logo\/image\/","url":"https:\/\/universoesportivo.net\/wp-content\/uploads\/2024\/05\/cropped-cropped-universo-6.png","contentUrl":"https:\/\/universoesportivo.net\/wp-content\/uploads\/2024\/05\/cropped-cropped-universo-6.png","width":413,"height":295,"caption":"Universo Esportivo"},"image":{"@id":"https:\/\/universoesportivo.net\/#\/schema\/logo\/image\/"},"sameAs":["https:\/\/www.facebook.com\/universoesportivo.net"]},{"@type":"Person","@id":"https:\/\/universoesportivo.net\/#\/schema\/person\/62bc311bc7def56a6bc83711536e74bd","name":"Tiago Lotto","image":{"@type":"ImageObject","inLanguage":"pt-BR","@id":"https:\/\/secure.gravatar.com\/avatar\/fd6891125b3fb6ba0b794cd20c3398d5bb0fa20d2b9963a95f19470e5a6192f7?s=96&d=mm&r=g","url":"https:\/\/secure.gravatar.com\/avatar\/fd6891125b3fb6ba0b794cd20c3398d5bb0fa20d2b9963a95f19470e5a6192f7?s=96&d=mm&r=g","contentUrl":"https:\/\/secure.gravatar.com\/avatar\/fd6891125b3fb6ba0b794cd20c3398d5bb0fa20d2b9963a95f19470e5a6192f7?s=96&d=mm&r=g","caption":"Tiago Lotto"},"url":"https:\/\/universoesportivo.net\/index.php\/author\/tiago-lotto\/"}]}},"jetpack_featured_media_url":"https:\/\/universoesportivo.net\/wp-content\/uploads\/2024\/09\/abrese.jpg","_links":{"self":[{"href":"https:\/\/universoesportivo.net\/index.php\/wp-json\/wp\/v2\/posts\/1708","targetHints":{"allow":["GET"]}}],"collection":[{"href":"https:\/\/universoesportivo.net\/index.php\/wp-json\/wp\/v2\/posts"}],"about":[{"href":"https:\/\/universoesportivo.net\/index.php\/wp-json\/wp\/v2\/types\/post"}],"author":[{"embeddable":true,"href":"https:\/\/universoesportivo.net\/index.php\/wp-json\/wp\/v2\/users\/2"}],"replies":[{"embeddable":true,"href":"https:\/\/universoesportivo.net\/index.php\/wp-json\/wp\/v2\/comments?post=1708"}],"version-history":[{"count":1,"href":"https:\/\/universoesportivo.net\/index.php\/wp-json\/wp\/v2\/posts\/1708\/revisions"}],"predecessor-version":[{"id":1710,"href":"https:\/\/universoesportivo.net\/index.php\/wp-json\/wp\/v2\/posts\/1708\/revisions\/1710"}],"wp:featuredmedia":[{"embeddable":true,"href":"https:\/\/universoesportivo.net\/index.php\/wp-json\/wp\/v2\/media\/1709"}],"wp:attachment":[{"href":"https:\/\/universoesportivo.net\/index.php\/wp-json\/wp\/v2\/media?parent=1708"}],"wp:term":[{"taxonomy":"category","embeddable":true,"href":"https:\/\/universoesportivo.net\/index.php\/wp-json\/wp\/v2\/categories?post=1708"},{"taxonomy":"post_tag","embeddable":true,"href":"https:\/\/universoesportivo.net\/index.php\/wp-json\/wp\/v2\/tags?post=1708"}],"curies":[{"name":"wp","href":"https:\/\/api.w.org\/{rel}","templated":true}]}}