{"id":1813,"date":"2024-10-24T17:01:45","date_gmt":"2024-10-24T20:01:45","guid":{"rendered":"https:\/\/universoesportivo.net\/?p=1813"},"modified":"2024-10-24T17:04:05","modified_gmt":"2024-10-24T20:04:05","slug":"morre-o-ex-pugilista-maguila-icone-do-boxe-brasileiro","status":"publish","type":"post","link":"https:\/\/universoesportivo.net\/index.php\/2024\/10\/24\/morre-o-ex-pugilista-maguila-icone-do-boxe-brasileiro\/","title":{"rendered":"MORRE O EX-PUGILISTA MAGUILA, \u00cdCONE DO BOXE BRASILEIRO"},"content":{"rendered":"\n<p class=\"has-medium-font-size\">Faleceu em S\u00e3o Paulo nesta quinta-feira, dia 24 de outubro, o boxeador Jos\u00e9 Adilson Rodrigues dos Santos, o Maguila, \u00edcone do boxe brasileiro. Maguila sofria de ETC, a encefalopatia traum\u00e1tica cr\u00f4nica, uma doen\u00e7a similar ao mal de Alzheimer, causada pelos golpes que tomou na cabe\u00e7a enquanto lutava boxe.<\/p>\n\n\n\n<p class=\"has-medium-font-size\">Maguila tinha 66 anos e morava em uma casa de repouso, onde fazia tratamento m\u00e9dico. Nascido em Aracaj\u00fa, seu cartel foi excelente: 85 lutas na carreira, com apenas 7 derrotas e 1 empate. Ele era da categoria peso-pesado e lutava contra o ETC h\u00e1 11 anos.<\/p>\n\n\n\n<p class=\"has-medium-font-size\">O boxeador brasileiro foi Campe\u00e3o brasileiro, Campe\u00e3o sul-americano, Campe\u00e3o latino-americano, Pentacampe\u00e3o continental, Campe\u00e3o das Am\u00e9ricas e Campe\u00e3o mundial pela Federa\u00e7\u00e3o Mundial de Boxe.<\/p>\n\n\n\n<p class=\"has-medium-font-size\">Texto: Tiago Lotto \/ Imagem: redes sociais<\/p>\n","protected":false},"excerpt":{"rendered":"<p>Maguila sofria de ETC, a encefalopatia traum\u00e1tica cr\u00f4nica, uma doen\u00e7a similar ao mal de Alzheimer, causada pelos golpes na cabe\u00e7a.<\/p>\n","protected":false},"author":2,"featured_media":1814,"comment_status":"closed","ping_status":"closed","sticky":false,"template":"","format":"standard","meta":{"colormag_page_container_layout":"default_layout","colormag_page_sidebar_layout":"default_layout","footnotes":""},"categories":[17,55],"tags":[],"class_list":["post-1813","post","type-post","status-publish","format-standard","has-post-thumbnail","hentry","category-esportes","category-luto"],"magazineBlocksPostFeaturedMedia":{"thumbnail":"https:\/\/universoesportivo.net\/wp-content\/uploads\/2024\/10\/abremaguila-150x150.jpg","medium":"https:\/\/universoesportivo.net\/wp-content\/uploads\/2024\/10\/abremaguila-300x167.jpg","medium_large":"https:\/\/universoesportivo.net\/wp-content\/uploads\/2024\/10\/abremaguila.jpg","large":"https:\/\/universoesportivo.net\/wp-content\/uploads\/2024\/10\/abremaguila.jpg","1536x1536":"https:\/\/universoesportivo.net\/wp-content\/uploads\/2024\/10\/abremaguila.jpg","2048x2048":"https:\/\/universoesportivo.net\/wp-content\/uploads\/2024\/10\/abremaguila.jpg","trp-custom-language-flag":"https:\/\/universoesportivo.net\/wp-content\/uploads\/2024\/10\/abremaguila-18x10.jpg","colormag-highlighted-post":"https:\/\/universoesportivo.net\/wp-content\/uploads\/2024\/10\/abremaguila.jpg","colormag-featured-post-medium":"https:\/\/universoesportivo.net\/wp-content\/uploads\/2024\/10\/abremaguila-390x205.jpg","colormag-featured-post-small":"https:\/\/universoesportivo.net\/wp-content\/uploads\/2024\/10\/abremaguila-130x90.jpg","colormag-featured-image":"https:\/\/universoesportivo.net\/wp-content\/uploads\/2024\/10\/abremaguila.jpg","colormag-default-news":"https:\/\/universoesportivo.net\/wp-content\/uploads\/2024\/10\/abremaguila-150x150.jpg","colormag-featured-image-large":"https:\/\/universoesportivo.net\/wp-content\/uploads\/2024\/10\/abremaguila.jpg","colormag-elementor-block-extra-large-thumbnail":"https:\/\/universoesportivo.net\/wp-content\/uploads\/2024\/10\/abremaguila.jpg","colormag-elementor-grid-large-thumbnail":"https:\/\/universoesportivo.net\/wp-content\/uploads\/2024\/10\/abremaguila.jpg","colormag-elementor-grid-small-thumbnail":"https:\/\/universoesportivo.net\/wp-content\/uploads\/2024\/10\/abremaguila-285x217.jpg","colormag-elementor-grid-medium-large-thumbnail":"https:\/\/universoesportivo.net\/wp-content\/uploads\/2024\/10\/abremaguila-390x198.jpg"},"magazineBlocksPostAuthor":{"name":"Tiago Lotto","avatar":"https:\/\/secure.gravatar.com\/avatar\/fd6891125b3fb6ba0b794cd20c3398d5bb0fa20d2b9963a95f19470e5a6192f7?s=96&d=mm&r=g"},"magazineBlocksPostCommentsNumber":false,"magazineBlocksPostExcerpt":"Maguila sofria de ETC, a encefalopatia traum\u00e1tica cr\u00f4nica, uma doen\u00e7a similar ao mal de Alzheimer, causada pelos golpes na cabe\u00e7a.","magazineBlocksPostCategories":["ESPORTES","LUTO"],"magazineBlocksPostViewCount":37,"magazineBlocksPostReadTime":1,"magazine_blocks_featured_image_url":{"full":["https:\/\/universoesportivo.net\/wp-content\/uploads\/2024\/10\/abremaguila.jpg",390,217,false],"medium":["https:\/\/universoesportivo.net\/wp-content\/uploads\/2024\/10\/abremaguila-300x167.jpg",300,167,true],"thumbnail":["https:\/\/universoesportivo.net\/wp-content\/uploads\/2024\/10\/abremaguila-150x150.jpg",150,150,true]},"magazine_blocks_author":{"display_name":"Tiago Lotto","author_link":"https:\/\/universoesportivo.net\/index.php\/author\/tiago-lotto\/"},"magazine_blocks_comment":0,"magazine_blocks_author_image":"https:\/\/secure.gravatar.com\/avatar\/fd6891125b3fb6ba0b794cd20c3398d5bb0fa20d2b9963a95f19470e5a6192f7?s=96&d=mm&r=g","magazine_blocks_category":"<a href=\"#\" class=\"category-link category-link-17\">ESPORTES<\/a> <a href=\"#\" class=\"category-link category-link-55\">LUTO<\/a>","yoast_head":"<!-- This site is optimized with the Yoast SEO plugin v27.4 - https:\/\/yoast.com\/product\/yoast-seo-wordpress\/ -->\n<title>MORRE O EX-PUGILISTA MAGUILA, \u00cdCONE DO BOXE BRASILEIRO - Universo Esportivo<\/title>\n<meta name=\"robots\" content=\"index, follow, max-snippet:-1, max-image-preview:large, max-video-preview:-1\" \/>\n<link rel=\"canonical\" href=\"https:\/\/universoesportivo.net\/index.php\/2024\/10\/24\/morre-o-ex-pugilista-maguila-icone-do-boxe-brasileiro\/\" \/>\n<meta property=\"og:locale\" content=\"pt_BR\" \/>\n<meta property=\"og:type\" content=\"article\" \/>\n<meta property=\"og:title\" content=\"MORRE O EX-PUGILISTA MAGUILA, \u00cdCONE DO BOXE BRASILEIRO - Universo Esportivo\" \/>\n<meta property=\"og:description\" content=\"Maguila sofria de ETC, a encefalopatia traum\u00e1tica cr\u00f4nica, uma doen\u00e7a similar ao mal de Alzheimer, causada pelos golpes na cabe\u00e7a.\" \/>\n<meta property=\"og:url\" content=\"https:\/\/universoesportivo.net\/index.php\/2024\/10\/24\/morre-o-ex-pugilista-maguila-icone-do-boxe-brasileiro\/\" \/>\n<meta property=\"og:site_name\" content=\"Universo Esportivo\" \/>\n<meta property=\"article:publisher\" content=\"https:\/\/www.facebook.com\/universoesportivo.net\" \/>\n<meta property=\"article:published_time\" content=\"2024-10-24T20:01:45+00:00\" \/>\n<meta property=\"article:modified_time\" content=\"2024-10-24T20:04:05+00:00\" \/>\n<meta property=\"og:image\" content=\"https:\/\/universoesportivo.net\/wp-content\/uploads\/2024\/10\/abremaguila.jpg\" \/>\n\t<meta property=\"og:image:width\" content=\"390\" \/>\n\t<meta property=\"og:image:height\" content=\"217\" \/>\n\t<meta property=\"og:image:type\" content=\"image\/jpeg\" \/>\n<meta name=\"author\" content=\"Tiago Lotto\" \/>\n<meta name=\"twitter:card\" content=\"summary_large_image\" \/>\n<meta name=\"twitter:label1\" content=\"Escrito por\" \/>\n\t<meta name=\"twitter:data1\" content=\"Tiago Lotto\" \/>\n\t<meta name=\"twitter:label2\" content=\"Est. tempo de leitura\" \/>\n\t<meta name=\"twitter:data2\" content=\"1 minuto\" \/>\n<script type=\"application\/ld+json\" class=\"yoast-schema-graph\">{\"@context\":\"https:\\\/\\\/schema.org\",\"@graph\":[{\"@type\":\"Article\",\"@id\":\"https:\\\/\\\/universoesportivo.net\\\/index.php\\\/2024\\\/10\\\/24\\\/morre-o-ex-pugilista-maguila-icone-do-boxe-brasileiro\\\/#article\",\"isPartOf\":{\"@id\":\"https:\\\/\\\/universoesportivo.net\\\/index.php\\\/2024\\\/10\\\/24\\\/morre-o-ex-pugilista-maguila-icone-do-boxe-brasileiro\\\/\"},\"author\":{\"name\":\"Tiago Lotto\",\"@id\":\"https:\\\/\\\/universoesportivo.net\\\/#\\\/schema\\\/person\\\/62bc311bc7def56a6bc83711536e74bd\"},\"headline\":\"MORRE O EX-PUGILISTA MAGUILA, \u00cdCONE DO BOXE BRASILEIRO\",\"datePublished\":\"2024-10-24T20:01:45+00:00\",\"dateModified\":\"2024-10-24T20:04:05+00:00\",\"mainEntityOfPage\":{\"@id\":\"https:\\\/\\\/universoesportivo.net\\\/index.php\\\/2024\\\/10\\\/24\\\/morre-o-ex-pugilista-maguila-icone-do-boxe-brasileiro\\\/\"},\"wordCount\":139,\"publisher\":{\"@id\":\"https:\\\/\\\/universoesportivo.net\\\/#organization\"},\"image\":{\"@id\":\"https:\\\/\\\/universoesportivo.net\\\/index.php\\\/2024\\\/10\\\/24\\\/morre-o-ex-pugilista-maguila-icone-do-boxe-brasileiro\\\/#primaryimage\"},\"thumbnailUrl\":\"https:\\\/\\\/universoesportivo.net\\\/wp-content\\\/uploads\\\/2024\\\/10\\\/abremaguila.jpg\",\"articleSection\":[\"ESPORTES\",\"LUTO\"],\"inLanguage\":\"pt-BR\"},{\"@type\":\"WebPage\",\"@id\":\"https:\\\/\\\/universoesportivo.net\\\/index.php\\\/2024\\\/10\\\/24\\\/morre-o-ex-pugilista-maguila-icone-do-boxe-brasileiro\\\/\",\"url\":\"https:\\\/\\\/universoesportivo.net\\\/index.php\\\/2024\\\/10\\\/24\\\/morre-o-ex-pugilista-maguila-icone-do-boxe-brasileiro\\\/\",\"name\":\"MORRE O EX-PUGILISTA MAGUILA, \u00cdCONE DO BOXE BRASILEIRO - Universo Esportivo\",\"isPartOf\":{\"@id\":\"https:\\\/\\\/universoesportivo.net\\\/#website\"},\"primaryImageOfPage\":{\"@id\":\"https:\\\/\\\/universoesportivo.net\\\/index.php\\\/2024\\\/10\\\/24\\\/morre-o-ex-pugilista-maguila-icone-do-boxe-brasileiro\\\/#primaryimage\"},\"image\":{\"@id\":\"https:\\\/\\\/universoesportivo.net\\\/index.php\\\/2024\\\/10\\\/24\\\/morre-o-ex-pugilista-maguila-icone-do-boxe-brasileiro\\\/#primaryimage\"},\"thumbnailUrl\":\"https:\\\/\\\/universoesportivo.net\\\/wp-content\\\/uploads\\\/2024\\\/10\\\/abremaguila.jpg\",\"datePublished\":\"2024-10-24T20:01:45+00:00\",\"dateModified\":\"2024-10-24T20:04:05+00:00\",\"breadcrumb\":{\"@id\":\"https:\\\/\\\/universoesportivo.net\\\/index.php\\\/2024\\\/10\\\/24\\\/morre-o-ex-pugilista-maguila-icone-do-boxe-brasileiro\\\/#breadcrumb\"},\"inLanguage\":\"pt-BR\",\"potentialAction\":[{\"@type\":\"ReadAction\",\"target\":[\"https:\\\/\\\/universoesportivo.net\\\/index.php\\\/2024\\\/10\\\/24\\\/morre-o-ex-pugilista-maguila-icone-do-boxe-brasileiro\\\/\"]}]},{\"@type\":\"ImageObject\",\"inLanguage\":\"pt-BR\",\"@id\":\"https:\\\/\\\/universoesportivo.net\\\/index.php\\\/2024\\\/10\\\/24\\\/morre-o-ex-pugilista-maguila-icone-do-boxe-brasileiro\\\/#primaryimage\",\"url\":\"https:\\\/\\\/universoesportivo.net\\\/wp-content\\\/uploads\\\/2024\\\/10\\\/abremaguila.jpg\",\"contentUrl\":\"https:\\\/\\\/universoesportivo.net\\\/wp-content\\\/uploads\\\/2024\\\/10\\\/abremaguila.jpg\",\"width\":390,\"height\":217},{\"@type\":\"BreadcrumbList\",\"@id\":\"https:\\\/\\\/universoesportivo.net\\\/index.php\\\/2024\\\/10\\\/24\\\/morre-o-ex-pugilista-maguila-icone-do-boxe-brasileiro\\\/#breadcrumb\",\"itemListElement\":[{\"@type\":\"ListItem\",\"position\":1,\"name\":\"In\u00edcio\",\"item\":\"https:\\\/\\\/universoesportivo.net\\\/\"},{\"@type\":\"ListItem\",\"position\":2,\"name\":\"MORRE O EX-PUGILISTA MAGUILA, \u00cdCONE DO BOXE BRASILEIRO\"}]},{\"@type\":\"WebSite\",\"@id\":\"https:\\\/\\\/universoesportivo.net\\\/#website\",\"url\":\"https:\\\/\\\/universoesportivo.net\\\/\",\"name\":\"Universo Esportivo\",\"description\":\"O portal de todas as modalidades esportivas!\",\"publisher\":{\"@id\":\"https:\\\/\\\/universoesportivo.net\\\/#organization\"},\"alternateName\":\"Jornalista Tiago Contador Lotto\",\"potentialAction\":[{\"@type\":\"SearchAction\",\"target\":{\"@type\":\"EntryPoint\",\"urlTemplate\":\"https:\\\/\\\/universoesportivo.net\\\/?s={search_term_string}\"},\"query-input\":{\"@type\":\"PropertyValueSpecification\",\"valueRequired\":true,\"valueName\":\"search_term_string\"}}],\"inLanguage\":\"pt-BR\"},{\"@type\":\"Organization\",\"@id\":\"https:\\\/\\\/universoesportivo.net\\\/#organization\",\"name\":\"Universo Esportivo\",\"alternateName\":\"Tiago Lotto\",\"url\":\"https:\\\/\\\/universoesportivo.net\\\/\",\"logo\":{\"@type\":\"ImageObject\",\"inLanguage\":\"pt-BR\",\"@id\":\"https:\\\/\\\/universoesportivo.net\\\/#\\\/schema\\\/logo\\\/image\\\/\",\"url\":\"https:\\\/\\\/universoesportivo.net\\\/wp-content\\\/uploads\\\/2024\\\/05\\\/cropped-cropped-universo-6.png\",\"contentUrl\":\"https:\\\/\\\/universoesportivo.net\\\/wp-content\\\/uploads\\\/2024\\\/05\\\/cropped-cropped-universo-6.png\",\"width\":413,\"height\":295,\"caption\":\"Universo Esportivo\"},\"image\":{\"@id\":\"https:\\\/\\\/universoesportivo.net\\\/#\\\/schema\\\/logo\\\/image\\\/\"},\"sameAs\":[\"https:\\\/\\\/www.facebook.com\\\/universoesportivo.net\"]},{\"@type\":\"Person\",\"@id\":\"https:\\\/\\\/universoesportivo.net\\\/#\\\/schema\\\/person\\\/62bc311bc7def56a6bc83711536e74bd\",\"name\":\"Tiago Lotto\",\"image\":{\"@type\":\"ImageObject\",\"inLanguage\":\"pt-BR\",\"@id\":\"https:\\\/\\\/secure.gravatar.com\\\/avatar\\\/fd6891125b3fb6ba0b794cd20c3398d5bb0fa20d2b9963a95f19470e5a6192f7?s=96&d=mm&r=g\",\"url\":\"https:\\\/\\\/secure.gravatar.com\\\/avatar\\\/fd6891125b3fb6ba0b794cd20c3398d5bb0fa20d2b9963a95f19470e5a6192f7?s=96&d=mm&r=g\",\"contentUrl\":\"https:\\\/\\\/secure.gravatar.com\\\/avatar\\\/fd6891125b3fb6ba0b794cd20c3398d5bb0fa20d2b9963a95f19470e5a6192f7?s=96&d=mm&r=g\",\"caption\":\"Tiago Lotto\"},\"url\":\"https:\\\/\\\/universoesportivo.net\\\/index.php\\\/author\\\/tiago-lotto\\\/\"}]}<\/script>\n<!-- \/ Yoast SEO plugin. -->","yoast_head_json":{"title":"MORRE O EX-PUGILISTA MAGUILA, \u00cdCONE DO BOXE BRASILEIRO - Universo Esportivo","robots":{"index":"index","follow":"follow","max-snippet":"max-snippet:-1","max-image-preview":"max-image-preview:large","max-video-preview":"max-video-preview:-1"},"canonical":"https:\/\/universoesportivo.net\/index.php\/2024\/10\/24\/morre-o-ex-pugilista-maguila-icone-do-boxe-brasileiro\/","og_locale":"pt_BR","og_type":"article","og_title":"MORRE O EX-PUGILISTA MAGUILA, \u00cdCONE DO BOXE BRASILEIRO - Universo Esportivo","og_description":"Maguila sofria de ETC, a encefalopatia traum\u00e1tica cr\u00f4nica, uma doen\u00e7a similar ao mal de Alzheimer, causada pelos golpes na cabe\u00e7a.","og_url":"https:\/\/universoesportivo.net\/index.php\/2024\/10\/24\/morre-o-ex-pugilista-maguila-icone-do-boxe-brasileiro\/","og_site_name":"Universo Esportivo","article_publisher":"https:\/\/www.facebook.com\/universoesportivo.net","article_published_time":"2024-10-24T20:01:45+00:00","article_modified_time":"2024-10-24T20:04:05+00:00","og_image":[{"width":390,"height":217,"url":"https:\/\/universoesportivo.net\/wp-content\/uploads\/2024\/10\/abremaguila.jpg","type":"image\/jpeg"}],"author":"Tiago Lotto","twitter_card":"summary_large_image","twitter_misc":{"Escrito por":"Tiago Lotto","Est. tempo de leitura":"1 minuto"},"schema":{"@context":"https:\/\/schema.org","@graph":[{"@type":"Article","@id":"https:\/\/universoesportivo.net\/index.php\/2024\/10\/24\/morre-o-ex-pugilista-maguila-icone-do-boxe-brasileiro\/#article","isPartOf":{"@id":"https:\/\/universoesportivo.net\/index.php\/2024\/10\/24\/morre-o-ex-pugilista-maguila-icone-do-boxe-brasileiro\/"},"author":{"name":"Tiago Lotto","@id":"https:\/\/universoesportivo.net\/#\/schema\/person\/62bc311bc7def56a6bc83711536e74bd"},"headline":"MORRE O EX-PUGILISTA MAGUILA, \u00cdCONE DO BOXE BRASILEIRO","datePublished":"2024-10-24T20:01:45+00:00","dateModified":"2024-10-24T20:04:05+00:00","mainEntityOfPage":{"@id":"https:\/\/universoesportivo.net\/index.php\/2024\/10\/24\/morre-o-ex-pugilista-maguila-icone-do-boxe-brasileiro\/"},"wordCount":139,"publisher":{"@id":"https:\/\/universoesportivo.net\/#organization"},"image":{"@id":"https:\/\/universoesportivo.net\/index.php\/2024\/10\/24\/morre-o-ex-pugilista-maguila-icone-do-boxe-brasileiro\/#primaryimage"},"thumbnailUrl":"https:\/\/universoesportivo.net\/wp-content\/uploads\/2024\/10\/abremaguila.jpg","articleSection":["ESPORTES","LUTO"],"inLanguage":"pt-BR"},{"@type":"WebPage","@id":"https:\/\/universoesportivo.net\/index.php\/2024\/10\/24\/morre-o-ex-pugilista-maguila-icone-do-boxe-brasileiro\/","url":"https:\/\/universoesportivo.net\/index.php\/2024\/10\/24\/morre-o-ex-pugilista-maguila-icone-do-boxe-brasileiro\/","name":"MORRE O EX-PUGILISTA MAGUILA, \u00cdCONE DO BOXE BRASILEIRO - Universo Esportivo","isPartOf":{"@id":"https:\/\/universoesportivo.net\/#website"},"primaryImageOfPage":{"@id":"https:\/\/universoesportivo.net\/index.php\/2024\/10\/24\/morre-o-ex-pugilista-maguila-icone-do-boxe-brasileiro\/#primaryimage"},"image":{"@id":"https:\/\/universoesportivo.net\/index.php\/2024\/10\/24\/morre-o-ex-pugilista-maguila-icone-do-boxe-brasileiro\/#primaryimage"},"thumbnailUrl":"https:\/\/universoesportivo.net\/wp-content\/uploads\/2024\/10\/abremaguila.jpg","datePublished":"2024-10-24T20:01:45+00:00","dateModified":"2024-10-24T20:04:05+00:00","breadcrumb":{"@id":"https:\/\/universoesportivo.net\/index.php\/2024\/10\/24\/morre-o-ex-pugilista-maguila-icone-do-boxe-brasileiro\/#breadcrumb"},"inLanguage":"pt-BR","potentialAction":[{"@type":"ReadAction","target":["https:\/\/universoesportivo.net\/index.php\/2024\/10\/24\/morre-o-ex-pugilista-maguila-icone-do-boxe-brasileiro\/"]}]},{"@type":"ImageObject","inLanguage":"pt-BR","@id":"https:\/\/universoesportivo.net\/index.php\/2024\/10\/24\/morre-o-ex-pugilista-maguila-icone-do-boxe-brasileiro\/#primaryimage","url":"https:\/\/universoesportivo.net\/wp-content\/uploads\/2024\/10\/abremaguila.jpg","contentUrl":"https:\/\/universoesportivo.net\/wp-content\/uploads\/2024\/10\/abremaguila.jpg","width":390,"height":217},{"@type":"BreadcrumbList","@id":"https:\/\/universoesportivo.net\/index.php\/2024\/10\/24\/morre-o-ex-pugilista-maguila-icone-do-boxe-brasileiro\/#breadcrumb","itemListElement":[{"@type":"ListItem","position":1,"name":"In\u00edcio","item":"https:\/\/universoesportivo.net\/"},{"@type":"ListItem","position":2,"name":"MORRE O EX-PUGILISTA MAGUILA, \u00cdCONE DO BOXE BRASILEIRO"}]},{"@type":"WebSite","@id":"https:\/\/universoesportivo.net\/#website","url":"https:\/\/universoesportivo.net\/","name":"Universo Esportivo","description":"O portal de todas as modalidades esportivas!","publisher":{"@id":"https:\/\/universoesportivo.net\/#organization"},"alternateName":"Jornalista Tiago Contador Lotto","potentialAction":[{"@type":"SearchAction","target":{"@type":"EntryPoint","urlTemplate":"https:\/\/universoesportivo.net\/?s={search_term_string}"},"query-input":{"@type":"PropertyValueSpecification","valueRequired":true,"valueName":"search_term_string"}}],"inLanguage":"pt-BR"},{"@type":"Organization","@id":"https:\/\/universoesportivo.net\/#organization","name":"Universo Esportivo","alternateName":"Tiago Lotto","url":"https:\/\/universoesportivo.net\/","logo":{"@type":"ImageObject","inLanguage":"pt-BR","@id":"https:\/\/universoesportivo.net\/#\/schema\/logo\/image\/","url":"https:\/\/universoesportivo.net\/wp-content\/uploads\/2024\/05\/cropped-cropped-universo-6.png","contentUrl":"https:\/\/universoesportivo.net\/wp-content\/uploads\/2024\/05\/cropped-cropped-universo-6.png","width":413,"height":295,"caption":"Universo Esportivo"},"image":{"@id":"https:\/\/universoesportivo.net\/#\/schema\/logo\/image\/"},"sameAs":["https:\/\/www.facebook.com\/universoesportivo.net"]},{"@type":"Person","@id":"https:\/\/universoesportivo.net\/#\/schema\/person\/62bc311bc7def56a6bc83711536e74bd","name":"Tiago Lotto","image":{"@type":"ImageObject","inLanguage":"pt-BR","@id":"https:\/\/secure.gravatar.com\/avatar\/fd6891125b3fb6ba0b794cd20c3398d5bb0fa20d2b9963a95f19470e5a6192f7?s=96&d=mm&r=g","url":"https:\/\/secure.gravatar.com\/avatar\/fd6891125b3fb6ba0b794cd20c3398d5bb0fa20d2b9963a95f19470e5a6192f7?s=96&d=mm&r=g","contentUrl":"https:\/\/secure.gravatar.com\/avatar\/fd6891125b3fb6ba0b794cd20c3398d5bb0fa20d2b9963a95f19470e5a6192f7?s=96&d=mm&r=g","caption":"Tiago Lotto"},"url":"https:\/\/universoesportivo.net\/index.php\/author\/tiago-lotto\/"}]}},"jetpack_featured_media_url":"https:\/\/universoesportivo.net\/wp-content\/uploads\/2024\/10\/abremaguila.jpg","_links":{"self":[{"href":"https:\/\/universoesportivo.net\/index.php\/wp-json\/wp\/v2\/posts\/1813","targetHints":{"allow":["GET"]}}],"collection":[{"href":"https:\/\/universoesportivo.net\/index.php\/wp-json\/wp\/v2\/posts"}],"about":[{"href":"https:\/\/universoesportivo.net\/index.php\/wp-json\/wp\/v2\/types\/post"}],"author":[{"embeddable":true,"href":"https:\/\/universoesportivo.net\/index.php\/wp-json\/wp\/v2\/users\/2"}],"replies":[{"embeddable":true,"href":"https:\/\/universoesportivo.net\/index.php\/wp-json\/wp\/v2\/comments?post=1813"}],"version-history":[{"count":2,"href":"https:\/\/universoesportivo.net\/index.php\/wp-json\/wp\/v2\/posts\/1813\/revisions"}],"predecessor-version":[{"id":1817,"href":"https:\/\/universoesportivo.net\/index.php\/wp-json\/wp\/v2\/posts\/1813\/revisions\/1817"}],"wp:featuredmedia":[{"embeddable":true,"href":"https:\/\/universoesportivo.net\/index.php\/wp-json\/wp\/v2\/media\/1814"}],"wp:attachment":[{"href":"https:\/\/universoesportivo.net\/index.php\/wp-json\/wp\/v2\/media?parent=1813"}],"wp:term":[{"taxonomy":"category","embeddable":true,"href":"https:\/\/universoesportivo.net\/index.php\/wp-json\/wp\/v2\/categories?post=1813"},{"taxonomy":"post_tag","embeddable":true,"href":"https:\/\/universoesportivo.net\/index.php\/wp-json\/wp\/v2\/tags?post=1813"}],"curies":[{"name":"wp","href":"https:\/\/api.w.org\/{rel}","templated":true}]}}