{"id":1880,"date":"2024-11-07T22:29:15","date_gmt":"2024-11-08T01:29:15","guid":{"rendered":"https:\/\/universoesportivo.net\/?p=1880"},"modified":"2024-11-07T23:14:39","modified_gmt":"2024-11-08T02:14:39","slug":"bem-bolado-futebol-clube-da-varzea-de-sao-paulo-completa-31-anos-de-historia","status":"publish","type":"post","link":"https:\/\/universoesportivo.net\/index.php\/2024\/11\/07\/bem-bolado-futebol-clube-da-varzea-de-sao-paulo-completa-31-anos-de-historia\/","title":{"rendered":"BEM BOLADO FUTEBOL CLUBE, DA V\u00c1RZEA DE S\u00c3O PAULO, COMPLETA 31 ANOS DE HIST\u00d3RIA"},"content":{"rendered":"\n<p class=\"has-medium-font-size\">Cinco amigos apaixonados por futebol (e por futebol de sal\u00e3o) do bairro Cidade A.C. Carvalho, em S\u00e3o Paulo, estavam na resenha e o assunto sobre um torneio de futebol de sal\u00e3o surgiu na roda. O ano era 1993 e o futsal era chamado de futebol de sal\u00e3o.<\/p>\n\n\n\n<p class=\"has-medium-font-size\">Um deles questionou: \u201cVamos fazer um bem bolado e montar um time para disputar esse torneio?\u201d. Foi a\u00ed que surgiu o Bem Bolado Futebol Clube, sediado na rua Tucuxi, 487, no A.C. Carvalho, bairro vizinho de Itaquera.<\/p>\n\n\n\n<p class=\"has-medium-font-size\">Na roda da resenha quando surgiu o time estavam Kal, D\u00eama, Tio, Ney (ausente h\u00e1 v\u00e1rios anos) e Zequinha (in memorian). Ap\u00f3s um m\u00eas jogando futebol de sal\u00e3o, v\u00e1rios diretores e atletas optaram por deixar o time. Dois deles deram sequ\u00eancia no Bem Bolado: Kal e D\u00eama.<\/p>\n\n\n\n<p class=\"has-medium-font-size\">O futebol de sal\u00e3o do Bem Bolado chegou a ser um dos melhores times da Liga Batalha, tradicional competi\u00e7\u00e3o da capital paulista. Durante anos nas quadras o time conquistou v\u00e1rios t\u00edtulos, entre eles Campe\u00e3o da Copa Corinthians Aricanduva; Campe\u00e3o e vice-campe\u00e3o da Copa Santa Cruz Maring\u00e1; terceiro colocado da Copa JR; quartas de final da Copa Estadual Topper; al\u00e9m de participa\u00e7\u00f5es com t\u00edtulos em festivais de futebol de sal\u00e3o.<\/p>\n\n\n\n<p class=\"has-medium-font-size\">Em 1997, por\u00e9m, a diretoria e os atletas optaram por migrar para o futebol de campo, modalidade que o clube segue at\u00e9 hoje, jogando o \u2018futebol raiz\u2019, com dez jogadores na linha e o goleiro.<\/p>\n\n\n\n<p class=\"has-medium-font-size\">No campo, o Bem Bolado FC j\u00e1 conquistou v\u00e1rios t\u00edtulos: Campe\u00e3o da Copa Botafogo de Guaianases; semifinalista regional da Copa Ouro, Campe\u00e3o Regional da Copa Pepsi\/Lotto; Copa Kaiser; vice-campe\u00e3o da Copa Lavanderia 50t\u00e3o de 2023, al\u00e9m de t\u00edtulos em festivais.<\/p>\n\n\n\n<p class=\"has-medium-font-size\">Atualmente o time joga amistosamente com seu m\u00e1ster, o chamado Time 50t\u00e3o. O time Sport Bem Bolado, que disputa competi\u00e7\u00f5es, est\u00e1 parado por enquanto. A equipe m\u00e1ster joga aos s\u00e1bados, pela manh\u00e3. A cada final de semana um amistoso \u00e9 agendado: um s\u00e1bado o jogo \u00e9 na sede do clube e no s\u00e1bado seguinte o jogo \u00e9 na casa do advers\u00e1rio.<\/p>\n\n\n\n<p class=\"has-medium-font-size\">ANIVERS\u00c1RIO &#8211; No pr\u00f3ximo dia 9 de novembro o clube comemora seus 31 anos, com jogo amistoso seguido de uma festa com churrasco e m\u00fasica. A diretoria preparou um grande festejo para reunir atletas, ex-atletas e moradores do bairro que s\u00e3o torcedores do Bem Bolado. O evento ser\u00e1 na sede do clube.<\/p>\n\n\n\n<p class=\"has-medium-font-size\">A organiza\u00e7\u00e3o \u00e9 da atual diretoria do Bem Bolado F.C., formada pelo presidente e torcedor n\u00famero 1 do clube, Josenilson Teixeira, o Xoxo, e pelos diretores Marcos Medrado Alves (Tio), Carlos Medrado Dias (Kal), Ademir dos Santos, Denner Medrado Dias e Arnaldo Ara\u00fajo.<\/p>\n\n\n\n<p class=\"has-medium-font-size\">\u201cSomos um time de futebol e uma grande fam\u00edlia. Al\u00e9m de gostar da bola rolando, tamb\u00e9m gostamos da resenha ap\u00f3s os jogos. \u00c9 um clima gostoso e respeitoso, onde reunimos verdadeiros amigos\u2019, comentou o presidente Xoxo.<\/p>\n\n\n\n<p class=\"has-medium-font-size\">LEMBRA DELE? \u2013 Sabe quem come\u00e7ou no futebol de sal\u00e3o do Bem Bolado? O lateral esquerdo e meio-campista C\u00e9sar Aparecido Rodrigues, o Cesinha, criado no bairro Itaquera, vizinho da Cidade A.C. Carvalho.<\/p>\n\n\n\n<p class=\"has-medium-font-size\">Cesinha deixou o Bem Bolado e ainda jogou futebol de sal\u00e3o por v\u00e1rios times da v\u00e1rzea. Depois jogou futebol de campo (tamb\u00e9m na v\u00e1rzea) at\u00e9 ser contratado pelo Juventus da Mooca.<\/p>\n\n\n\n<p class=\"has-medium-font-size\">O atleta ganhou destaque no S\u00e3o Caetano, onde foi Campe\u00e3o Paulista A2. Depois foi para a Europa, onde jogou na Lazio e na Internacionale, onde foi campe\u00e3o da Copa da It\u00e1lia e tr\u00eas vezes campe\u00e3o da S\u00e9rie A italiana. Em 2006 jogou pelo Corinthians e, depois, retornou para a It\u00e1lia.<\/p>\n\n\n\n<p class=\"has-medium-font-size\">Texto: Tiago Lotto \/ Fotos: arquivo do Bem Bolado F.C.<\/p>\n\n\n\n<p class=\"has-medium-font-size\">HOMENAGEM (na primeira foto abaixo, a marca\u00e7\u00e3o verde mostra o jogador Alexandre &#8216;Gu&#8217;, um dos melhores volantes da v\u00e1rzea de S\u00e3o Paulo, j\u00e1 falecido. Esse time do Bem Bolado foi vice-campe\u00e3o da Copa Pra\u00e7a e Campe\u00e3o da Copa Botafogo Guaianases.)<\/p>\n\n\n\n<figure class=\"wp-block-image\"><img fetchpriority=\"high\" decoding=\"async\" width=\"396\" height=\"223\" src=\"https:\/\/universoesportivo.net\/wp-content\/uploads\/2024\/11\/abreantiga2.jpg\" alt=\"\" class=\"wp-image-1892\" srcset=\"https:\/\/universoesportivo.net\/wp-content\/uploads\/2024\/11\/abreantiga2.jpg 396w, https:\/\/universoesportivo.net\/wp-content\/uploads\/2024\/11\/abreantiga2-300x169.jpg 300w, https:\/\/universoesportivo.net\/wp-content\/uploads\/2024\/11\/abreantiga2-18x10.jpg 18w\" sizes=\"(max-width: 396px) 100vw, 396px\" \/><\/figure>\n\n\n\n<figure class=\"wp-block-image\"><img decoding=\"async\" width=\"414\" height=\"212\" src=\"https:\/\/universoesportivo.net\/wp-content\/uploads\/2024\/11\/bola4.jpg\" alt=\"\" class=\"wp-image-1884\" srcset=\"https:\/\/universoesportivo.net\/wp-content\/uploads\/2024\/11\/bola4.jpg 414w, https:\/\/universoesportivo.net\/wp-content\/uploads\/2024\/11\/bola4-300x154.jpg 300w, https:\/\/universoesportivo.net\/wp-content\/uploads\/2024\/11\/bola4-18x9.jpg 18w\" sizes=\"(max-width: 414px) 100vw, 414px\" \/><\/figure>\n\n\n\n<figure class=\"wp-block-image\"><img decoding=\"async\" width=\"400\" height=\"300\" src=\"https:\/\/universoesportivo.net\/wp-content\/uploads\/2024\/11\/abrebolado3.jpg\" alt=\"\" class=\"wp-image-1883\" srcset=\"https:\/\/universoesportivo.net\/wp-content\/uploads\/2024\/11\/abrebolado3.jpg 400w, https:\/\/universoesportivo.net\/wp-content\/uploads\/2024\/11\/abrebolado3-300x225.jpg 300w, https:\/\/universoesportivo.net\/wp-content\/uploads\/2024\/11\/abrebolado3-16x12.jpg 16w\" sizes=\"(max-width: 400px) 100vw, 400px\" \/><\/figure>\n\n\n\n<figure class=\"wp-block-image\"><img loading=\"lazy\" decoding=\"async\" width=\"384\" height=\"216\" src=\"https:\/\/universoesportivo.net\/wp-content\/uploads\/2024\/11\/abrebolado2.jpg\" alt=\"\" class=\"wp-image-1882\" srcset=\"https:\/\/universoesportivo.net\/wp-content\/uploads\/2024\/11\/abrebolado2.jpg 384w, https:\/\/universoesportivo.net\/wp-content\/uploads\/2024\/11\/abrebolado2-300x169.jpg 300w, https:\/\/universoesportivo.net\/wp-content\/uploads\/2024\/11\/abrebolado2-18x10.jpg 18w\" sizes=\"(max-width: 384px) 100vw, 384px\" \/><\/figure>\n\n\n\n<figure class=\"wp-block-image\"><img loading=\"lazy\" decoding=\"async\" width=\"320\" height=\"240\" src=\"https:\/\/universoesportivo.net\/wp-content\/uploads\/2024\/11\/abrebolado1.jpg\" alt=\"\" class=\"wp-image-1881\" srcset=\"https:\/\/universoesportivo.net\/wp-content\/uploads\/2024\/11\/abrebolado1.jpg 320w, https:\/\/universoesportivo.net\/wp-content\/uploads\/2024\/11\/abrebolado1-300x225.jpg 300w, https:\/\/universoesportivo.net\/wp-content\/uploads\/2024\/11\/abrebolado1-16x12.jpg 16w\" sizes=\"(max-width: 320px) 100vw, 320px\" \/><\/figure>\n","protected":false},"excerpt":{"rendered":"<p>Sede do clube fica no bairro Cidade A.C. Camargo, Zona Leste de S\u00e3o Paulo. In\u00edcio foi no futebol de sal\u00e3o, em 1993. Depois, em 2018, o Bem Bolado foi para o futebol de campo.<\/p>\n","protected":false},"author":2,"featured_media":1885,"comment_status":"closed","ping_status":"closed","sticky":false,"template":"","format":"standard","meta":{"colormag_page_container_layout":"default_layout","colormag_page_sidebar_layout":"default_layout","footnotes":""},"categories":[17,43],"tags":[],"class_list":["post-1880","post","type-post","status-publish","format-standard","has-post-thumbnail","hentry","category-esportes","category-futebol"],"magazineBlocksPostFeaturedMedia":{"thumbnail":"https:\/\/universoesportivo.net\/wp-content\/uploads\/2024\/11\/abrebolado-150x150.jpg","medium":"https:\/\/universoesportivo.net\/wp-content\/uploads\/2024\/11\/abrebolado-300x226.jpg","medium_large":"https:\/\/universoesportivo.net\/wp-content\/uploads\/2024\/11\/abrebolado.jpg","large":"https:\/\/universoesportivo.net\/wp-content\/uploads\/2024\/11\/abrebolado.jpg","1536x1536":"https:\/\/universoesportivo.net\/wp-content\/uploads\/2024\/11\/abrebolado.jpg","2048x2048":"https:\/\/universoesportivo.net\/wp-content\/uploads\/2024\/11\/abrebolado.jpg","trp-custom-language-flag":"https:\/\/universoesportivo.net\/wp-content\/uploads\/2024\/11\/abrebolado-16x12.jpg","colormag-highlighted-post":"https:\/\/universoesportivo.net\/wp-content\/uploads\/2024\/11\/abrebolado-392x272.jpg","colormag-featured-post-medium":"https:\/\/universoesportivo.net\/wp-content\/uploads\/2024\/11\/abrebolado-390x205.jpg","colormag-featured-post-small":"https:\/\/universoesportivo.net\/wp-content\/uploads\/2024\/11\/abrebolado-130x90.jpg","colormag-featured-image":"https:\/\/universoesportivo.net\/wp-content\/uploads\/2024\/11\/abrebolado.jpg","colormag-default-news":"https:\/\/universoesportivo.net\/wp-content\/uploads\/2024\/11\/abrebolado-150x150.jpg","colormag-featured-image-large":"https:\/\/universoesportivo.net\/wp-content\/uploads\/2024\/11\/abrebolado.jpg","colormag-elementor-block-extra-large-thumbnail":"https:\/\/universoesportivo.net\/wp-content\/uploads\/2024\/11\/abrebolado.jpg","colormag-elementor-grid-large-thumbnail":"https:\/\/universoesportivo.net\/wp-content\/uploads\/2024\/11\/abrebolado.jpg","colormag-elementor-grid-small-thumbnail":"https:\/\/universoesportivo.net\/wp-content\/uploads\/2024\/11\/abrebolado-285x301.jpg","colormag-elementor-grid-medium-large-thumbnail":"https:\/\/universoesportivo.net\/wp-content\/uploads\/2024\/11\/abrebolado-400x198.jpg"},"magazineBlocksPostAuthor":{"name":"Tiago Lotto","avatar":"https:\/\/secure.gravatar.com\/avatar\/fd6891125b3fb6ba0b794cd20c3398d5bb0fa20d2b9963a95f19470e5a6192f7?s=96&d=mm&r=g"},"magazineBlocksPostCommentsNumber":false,"magazineBlocksPostExcerpt":"Sede do clube fica no bairro Cidade A.C. Camargo, Zona Leste de S\u00e3o Paulo. In\u00edcio foi no futebol de sal\u00e3o, em 1993. Depois, em 2018, o Bem Bolado foi para o futebol de campo.","magazineBlocksPostCategories":["ESPORTES","Futebol"],"magazineBlocksPostViewCount":72,"magazineBlocksPostReadTime":4,"magazine_blocks_featured_image_url":{"full":["https:\/\/universoesportivo.net\/wp-content\/uploads\/2024\/11\/abrebolado.jpg",400,301,false],"medium":["https:\/\/universoesportivo.net\/wp-content\/uploads\/2024\/11\/abrebolado-300x226.jpg",300,226,true],"thumbnail":["https:\/\/universoesportivo.net\/wp-content\/uploads\/2024\/11\/abrebolado-150x150.jpg",150,150,true]},"magazine_blocks_author":{"display_name":"Tiago Lotto","author_link":"https:\/\/universoesportivo.net\/index.php\/author\/tiago-lotto\/"},"magazine_blocks_comment":0,"magazine_blocks_author_image":"https:\/\/secure.gravatar.com\/avatar\/fd6891125b3fb6ba0b794cd20c3398d5bb0fa20d2b9963a95f19470e5a6192f7?s=96&d=mm&r=g","magazine_blocks_category":"<a href=\"#\" class=\"category-link category-link-17\">ESPORTES<\/a> <a href=\"#\" class=\"category-link category-link-43\">Futebol<\/a>","yoast_head":"<!-- This site is optimized with the Yoast SEO plugin v27.4 - https:\/\/yoast.com\/product\/yoast-seo-wordpress\/ -->\n<title>BEM BOLADO FUTEBOL CLUBE, DA V\u00c1RZEA DE S\u00c3O PAULO, COMPLETA 31 ANOS DE HIST\u00d3RIA - Universo Esportivo<\/title>\n<meta name=\"robots\" content=\"index, follow, max-snippet:-1, max-image-preview:large, max-video-preview:-1\" \/>\n<link rel=\"canonical\" href=\"https:\/\/universoesportivo.net\/index.php\/2024\/11\/07\/bem-bolado-futebol-clube-da-varzea-de-sao-paulo-completa-31-anos-de-historia\/\" \/>\n<meta property=\"og:locale\" content=\"pt_BR\" \/>\n<meta property=\"og:type\" content=\"article\" \/>\n<meta property=\"og:title\" content=\"BEM BOLADO FUTEBOL CLUBE, DA V\u00c1RZEA DE S\u00c3O PAULO, COMPLETA 31 ANOS DE HIST\u00d3RIA - Universo Esportivo\" \/>\n<meta property=\"og:description\" content=\"Sede do clube fica no bairro Cidade A.C. Camargo, Zona Leste de S\u00e3o Paulo. In\u00edcio foi no futebol de sal\u00e3o, em 1993. Depois, em 2018, o Bem Bolado foi para o futebol de campo.\" \/>\n<meta property=\"og:url\" content=\"https:\/\/universoesportivo.net\/index.php\/2024\/11\/07\/bem-bolado-futebol-clube-da-varzea-de-sao-paulo-completa-31-anos-de-historia\/\" \/>\n<meta property=\"og:site_name\" content=\"Universo Esportivo\" \/>\n<meta property=\"article:publisher\" content=\"https:\/\/www.facebook.com\/universoesportivo.net\" \/>\n<meta property=\"article:published_time\" content=\"2024-11-08T01:29:15+00:00\" \/>\n<meta property=\"article:modified_time\" content=\"2024-11-08T02:14:39+00:00\" \/>\n<meta property=\"og:image\" content=\"https:\/\/universoesportivo.net\/wp-content\/uploads\/2024\/11\/abrebolado.jpg\" \/>\n\t<meta property=\"og:image:width\" content=\"400\" \/>\n\t<meta property=\"og:image:height\" content=\"301\" \/>\n\t<meta property=\"og:image:type\" content=\"image\/jpeg\" \/>\n<meta name=\"author\" content=\"Tiago Lotto\" \/>\n<meta name=\"twitter:card\" content=\"summary_large_image\" \/>\n<meta name=\"twitter:label1\" content=\"Escrito por\" \/>\n\t<meta name=\"twitter:data1\" content=\"Tiago Lotto\" \/>\n\t<meta name=\"twitter:label2\" content=\"Est. tempo de leitura\" \/>\n\t<meta name=\"twitter:data2\" content=\"5 minutos\" \/>\n<script type=\"application\/ld+json\" class=\"yoast-schema-graph\">{\"@context\":\"https:\\\/\\\/schema.org\",\"@graph\":[{\"@type\":\"Article\",\"@id\":\"https:\\\/\\\/universoesportivo.net\\\/index.php\\\/2024\\\/11\\\/07\\\/bem-bolado-futebol-clube-da-varzea-de-sao-paulo-completa-31-anos-de-historia\\\/#article\",\"isPartOf\":{\"@id\":\"https:\\\/\\\/universoesportivo.net\\\/index.php\\\/2024\\\/11\\\/07\\\/bem-bolado-futebol-clube-da-varzea-de-sao-paulo-completa-31-anos-de-historia\\\/\"},\"author\":{\"name\":\"Tiago Lotto\",\"@id\":\"https:\\\/\\\/universoesportivo.net\\\/#\\\/schema\\\/person\\\/62bc311bc7def56a6bc83711536e74bd\"},\"headline\":\"BEM BOLADO FUTEBOL CLUBE, DA V\u00c1RZEA DE S\u00c3O PAULO, COMPLETA 31 ANOS DE HIST\u00d3RIA\",\"datePublished\":\"2024-11-08T01:29:15+00:00\",\"dateModified\":\"2024-11-08T02:14:39+00:00\",\"mainEntityOfPage\":{\"@id\":\"https:\\\/\\\/universoesportivo.net\\\/index.php\\\/2024\\\/11\\\/07\\\/bem-bolado-futebol-clube-da-varzea-de-sao-paulo-completa-31-anos-de-historia\\\/\"},\"wordCount\":710,\"publisher\":{\"@id\":\"https:\\\/\\\/universoesportivo.net\\\/#organization\"},\"image\":{\"@id\":\"https:\\\/\\\/universoesportivo.net\\\/index.php\\\/2024\\\/11\\\/07\\\/bem-bolado-futebol-clube-da-varzea-de-sao-paulo-completa-31-anos-de-historia\\\/#primaryimage\"},\"thumbnailUrl\":\"https:\\\/\\\/universoesportivo.net\\\/wp-content\\\/uploads\\\/2024\\\/11\\\/abrebolado.jpg\",\"articleSection\":[\"ESPORTES\",\"Futebol\"],\"inLanguage\":\"pt-BR\"},{\"@type\":\"WebPage\",\"@id\":\"https:\\\/\\\/universoesportivo.net\\\/index.php\\\/2024\\\/11\\\/07\\\/bem-bolado-futebol-clube-da-varzea-de-sao-paulo-completa-31-anos-de-historia\\\/\",\"url\":\"https:\\\/\\\/universoesportivo.net\\\/index.php\\\/2024\\\/11\\\/07\\\/bem-bolado-futebol-clube-da-varzea-de-sao-paulo-completa-31-anos-de-historia\\\/\",\"name\":\"BEM BOLADO FUTEBOL CLUBE, DA V\u00c1RZEA DE S\u00c3O PAULO, COMPLETA 31 ANOS DE HIST\u00d3RIA - Universo Esportivo\",\"isPartOf\":{\"@id\":\"https:\\\/\\\/universoesportivo.net\\\/#website\"},\"primaryImageOfPage\":{\"@id\":\"https:\\\/\\\/universoesportivo.net\\\/index.php\\\/2024\\\/11\\\/07\\\/bem-bolado-futebol-clube-da-varzea-de-sao-paulo-completa-31-anos-de-historia\\\/#primaryimage\"},\"image\":{\"@id\":\"https:\\\/\\\/universoesportivo.net\\\/index.php\\\/2024\\\/11\\\/07\\\/bem-bolado-futebol-clube-da-varzea-de-sao-paulo-completa-31-anos-de-historia\\\/#primaryimage\"},\"thumbnailUrl\":\"https:\\\/\\\/universoesportivo.net\\\/wp-content\\\/uploads\\\/2024\\\/11\\\/abrebolado.jpg\",\"datePublished\":\"2024-11-08T01:29:15+00:00\",\"dateModified\":\"2024-11-08T02:14:39+00:00\",\"breadcrumb\":{\"@id\":\"https:\\\/\\\/universoesportivo.net\\\/index.php\\\/2024\\\/11\\\/07\\\/bem-bolado-futebol-clube-da-varzea-de-sao-paulo-completa-31-anos-de-historia\\\/#breadcrumb\"},\"inLanguage\":\"pt-BR\",\"potentialAction\":[{\"@type\":\"ReadAction\",\"target\":[\"https:\\\/\\\/universoesportivo.net\\\/index.php\\\/2024\\\/11\\\/07\\\/bem-bolado-futebol-clube-da-varzea-de-sao-paulo-completa-31-anos-de-historia\\\/\"]}]},{\"@type\":\"ImageObject\",\"inLanguage\":\"pt-BR\",\"@id\":\"https:\\\/\\\/universoesportivo.net\\\/index.php\\\/2024\\\/11\\\/07\\\/bem-bolado-futebol-clube-da-varzea-de-sao-paulo-completa-31-anos-de-historia\\\/#primaryimage\",\"url\":\"https:\\\/\\\/universoesportivo.net\\\/wp-content\\\/uploads\\\/2024\\\/11\\\/abrebolado.jpg\",\"contentUrl\":\"https:\\\/\\\/universoesportivo.net\\\/wp-content\\\/uploads\\\/2024\\\/11\\\/abrebolado.jpg\",\"width\":400,\"height\":301},{\"@type\":\"BreadcrumbList\",\"@id\":\"https:\\\/\\\/universoesportivo.net\\\/index.php\\\/2024\\\/11\\\/07\\\/bem-bolado-futebol-clube-da-varzea-de-sao-paulo-completa-31-anos-de-historia\\\/#breadcrumb\",\"itemListElement\":[{\"@type\":\"ListItem\",\"position\":1,\"name\":\"In\u00edcio\",\"item\":\"https:\\\/\\\/universoesportivo.net\\\/\"},{\"@type\":\"ListItem\",\"position\":2,\"name\":\"BEM BOLADO FUTEBOL CLUBE, DA V\u00c1RZEA DE S\u00c3O PAULO, COMPLETA 31 ANOS DE HIST\u00d3RIA\"}]},{\"@type\":\"WebSite\",\"@id\":\"https:\\\/\\\/universoesportivo.net\\\/#website\",\"url\":\"https:\\\/\\\/universoesportivo.net\\\/\",\"name\":\"Universo Esportivo\",\"description\":\"O portal de todas as modalidades esportivas!\",\"publisher\":{\"@id\":\"https:\\\/\\\/universoesportivo.net\\\/#organization\"},\"alternateName\":\"Jornalista Tiago Contador Lotto\",\"potentialAction\":[{\"@type\":\"SearchAction\",\"target\":{\"@type\":\"EntryPoint\",\"urlTemplate\":\"https:\\\/\\\/universoesportivo.net\\\/?s={search_term_string}\"},\"query-input\":{\"@type\":\"PropertyValueSpecification\",\"valueRequired\":true,\"valueName\":\"search_term_string\"}}],\"inLanguage\":\"pt-BR\"},{\"@type\":\"Organization\",\"@id\":\"https:\\\/\\\/universoesportivo.net\\\/#organization\",\"name\":\"Universo Esportivo\",\"alternateName\":\"Tiago Lotto\",\"url\":\"https:\\\/\\\/universoesportivo.net\\\/\",\"logo\":{\"@type\":\"ImageObject\",\"inLanguage\":\"pt-BR\",\"@id\":\"https:\\\/\\\/universoesportivo.net\\\/#\\\/schema\\\/logo\\\/image\\\/\",\"url\":\"https:\\\/\\\/universoesportivo.net\\\/wp-content\\\/uploads\\\/2024\\\/05\\\/cropped-cropped-universo-6.png\",\"contentUrl\":\"https:\\\/\\\/universoesportivo.net\\\/wp-content\\\/uploads\\\/2024\\\/05\\\/cropped-cropped-universo-6.png\",\"width\":413,\"height\":295,\"caption\":\"Universo Esportivo\"},\"image\":{\"@id\":\"https:\\\/\\\/universoesportivo.net\\\/#\\\/schema\\\/logo\\\/image\\\/\"},\"sameAs\":[\"https:\\\/\\\/www.facebook.com\\\/universoesportivo.net\"]},{\"@type\":\"Person\",\"@id\":\"https:\\\/\\\/universoesportivo.net\\\/#\\\/schema\\\/person\\\/62bc311bc7def56a6bc83711536e74bd\",\"name\":\"Tiago Lotto\",\"image\":{\"@type\":\"ImageObject\",\"inLanguage\":\"pt-BR\",\"@id\":\"https:\\\/\\\/secure.gravatar.com\\\/avatar\\\/fd6891125b3fb6ba0b794cd20c3398d5bb0fa20d2b9963a95f19470e5a6192f7?s=96&d=mm&r=g\",\"url\":\"https:\\\/\\\/secure.gravatar.com\\\/avatar\\\/fd6891125b3fb6ba0b794cd20c3398d5bb0fa20d2b9963a95f19470e5a6192f7?s=96&d=mm&r=g\",\"contentUrl\":\"https:\\\/\\\/secure.gravatar.com\\\/avatar\\\/fd6891125b3fb6ba0b794cd20c3398d5bb0fa20d2b9963a95f19470e5a6192f7?s=96&d=mm&r=g\",\"caption\":\"Tiago Lotto\"},\"url\":\"https:\\\/\\\/universoesportivo.net\\\/index.php\\\/author\\\/tiago-lotto\\\/\"}]}<\/script>\n<!-- \/ Yoast SEO plugin. -->","yoast_head_json":{"title":"BEM BOLADO FUTEBOL CLUBE, DA V\u00c1RZEA DE S\u00c3O PAULO, COMPLETA 31 ANOS DE HIST\u00d3RIA - Universo Esportivo","robots":{"index":"index","follow":"follow","max-snippet":"max-snippet:-1","max-image-preview":"max-image-preview:large","max-video-preview":"max-video-preview:-1"},"canonical":"https:\/\/universoesportivo.net\/index.php\/2024\/11\/07\/bem-bolado-futebol-clube-da-varzea-de-sao-paulo-completa-31-anos-de-historia\/","og_locale":"pt_BR","og_type":"article","og_title":"BEM BOLADO FUTEBOL CLUBE, DA V\u00c1RZEA DE S\u00c3O PAULO, COMPLETA 31 ANOS DE HIST\u00d3RIA - Universo Esportivo","og_description":"Sede do clube fica no bairro Cidade A.C. Camargo, Zona Leste de S\u00e3o Paulo. In\u00edcio foi no futebol de sal\u00e3o, em 1993. Depois, em 2018, o Bem Bolado foi para o futebol de campo.","og_url":"https:\/\/universoesportivo.net\/index.php\/2024\/11\/07\/bem-bolado-futebol-clube-da-varzea-de-sao-paulo-completa-31-anos-de-historia\/","og_site_name":"Universo Esportivo","article_publisher":"https:\/\/www.facebook.com\/universoesportivo.net","article_published_time":"2024-11-08T01:29:15+00:00","article_modified_time":"2024-11-08T02:14:39+00:00","og_image":[{"width":400,"height":301,"url":"https:\/\/universoesportivo.net\/wp-content\/uploads\/2024\/11\/abrebolado.jpg","type":"image\/jpeg"}],"author":"Tiago Lotto","twitter_card":"summary_large_image","twitter_misc":{"Escrito por":"Tiago Lotto","Est. tempo de leitura":"5 minutos"},"schema":{"@context":"https:\/\/schema.org","@graph":[{"@type":"Article","@id":"https:\/\/universoesportivo.net\/index.php\/2024\/11\/07\/bem-bolado-futebol-clube-da-varzea-de-sao-paulo-completa-31-anos-de-historia\/#article","isPartOf":{"@id":"https:\/\/universoesportivo.net\/index.php\/2024\/11\/07\/bem-bolado-futebol-clube-da-varzea-de-sao-paulo-completa-31-anos-de-historia\/"},"author":{"name":"Tiago Lotto","@id":"https:\/\/universoesportivo.net\/#\/schema\/person\/62bc311bc7def56a6bc83711536e74bd"},"headline":"BEM BOLADO FUTEBOL CLUBE, DA V\u00c1RZEA DE S\u00c3O PAULO, COMPLETA 31 ANOS DE HIST\u00d3RIA","datePublished":"2024-11-08T01:29:15+00:00","dateModified":"2024-11-08T02:14:39+00:00","mainEntityOfPage":{"@id":"https:\/\/universoesportivo.net\/index.php\/2024\/11\/07\/bem-bolado-futebol-clube-da-varzea-de-sao-paulo-completa-31-anos-de-historia\/"},"wordCount":710,"publisher":{"@id":"https:\/\/universoesportivo.net\/#organization"},"image":{"@id":"https:\/\/universoesportivo.net\/index.php\/2024\/11\/07\/bem-bolado-futebol-clube-da-varzea-de-sao-paulo-completa-31-anos-de-historia\/#primaryimage"},"thumbnailUrl":"https:\/\/universoesportivo.net\/wp-content\/uploads\/2024\/11\/abrebolado.jpg","articleSection":["ESPORTES","Futebol"],"inLanguage":"pt-BR"},{"@type":"WebPage","@id":"https:\/\/universoesportivo.net\/index.php\/2024\/11\/07\/bem-bolado-futebol-clube-da-varzea-de-sao-paulo-completa-31-anos-de-historia\/","url":"https:\/\/universoesportivo.net\/index.php\/2024\/11\/07\/bem-bolado-futebol-clube-da-varzea-de-sao-paulo-completa-31-anos-de-historia\/","name":"BEM BOLADO FUTEBOL CLUBE, DA V\u00c1RZEA DE S\u00c3O PAULO, COMPLETA 31 ANOS DE HIST\u00d3RIA - Universo Esportivo","isPartOf":{"@id":"https:\/\/universoesportivo.net\/#website"},"primaryImageOfPage":{"@id":"https:\/\/universoesportivo.net\/index.php\/2024\/11\/07\/bem-bolado-futebol-clube-da-varzea-de-sao-paulo-completa-31-anos-de-historia\/#primaryimage"},"image":{"@id":"https:\/\/universoesportivo.net\/index.php\/2024\/11\/07\/bem-bolado-futebol-clube-da-varzea-de-sao-paulo-completa-31-anos-de-historia\/#primaryimage"},"thumbnailUrl":"https:\/\/universoesportivo.net\/wp-content\/uploads\/2024\/11\/abrebolado.jpg","datePublished":"2024-11-08T01:29:15+00:00","dateModified":"2024-11-08T02:14:39+00:00","breadcrumb":{"@id":"https:\/\/universoesportivo.net\/index.php\/2024\/11\/07\/bem-bolado-futebol-clube-da-varzea-de-sao-paulo-completa-31-anos-de-historia\/#breadcrumb"},"inLanguage":"pt-BR","potentialAction":[{"@type":"ReadAction","target":["https:\/\/universoesportivo.net\/index.php\/2024\/11\/07\/bem-bolado-futebol-clube-da-varzea-de-sao-paulo-completa-31-anos-de-historia\/"]}]},{"@type":"ImageObject","inLanguage":"pt-BR","@id":"https:\/\/universoesportivo.net\/index.php\/2024\/11\/07\/bem-bolado-futebol-clube-da-varzea-de-sao-paulo-completa-31-anos-de-historia\/#primaryimage","url":"https:\/\/universoesportivo.net\/wp-content\/uploads\/2024\/11\/abrebolado.jpg","contentUrl":"https:\/\/universoesportivo.net\/wp-content\/uploads\/2024\/11\/abrebolado.jpg","width":400,"height":301},{"@type":"BreadcrumbList","@id":"https:\/\/universoesportivo.net\/index.php\/2024\/11\/07\/bem-bolado-futebol-clube-da-varzea-de-sao-paulo-completa-31-anos-de-historia\/#breadcrumb","itemListElement":[{"@type":"ListItem","position":1,"name":"In\u00edcio","item":"https:\/\/universoesportivo.net\/"},{"@type":"ListItem","position":2,"name":"BEM BOLADO FUTEBOL CLUBE, DA V\u00c1RZEA DE S\u00c3O PAULO, COMPLETA 31 ANOS DE HIST\u00d3RIA"}]},{"@type":"WebSite","@id":"https:\/\/universoesportivo.net\/#website","url":"https:\/\/universoesportivo.net\/","name":"Universo Esportivo","description":"O portal de todas as modalidades esportivas!","publisher":{"@id":"https:\/\/universoesportivo.net\/#organization"},"alternateName":"Jornalista Tiago Contador Lotto","potentialAction":[{"@type":"SearchAction","target":{"@type":"EntryPoint","urlTemplate":"https:\/\/universoesportivo.net\/?s={search_term_string}"},"query-input":{"@type":"PropertyValueSpecification","valueRequired":true,"valueName":"search_term_string"}}],"inLanguage":"pt-BR"},{"@type":"Organization","@id":"https:\/\/universoesportivo.net\/#organization","name":"Universo Esportivo","alternateName":"Tiago Lotto","url":"https:\/\/universoesportivo.net\/","logo":{"@type":"ImageObject","inLanguage":"pt-BR","@id":"https:\/\/universoesportivo.net\/#\/schema\/logo\/image\/","url":"https:\/\/universoesportivo.net\/wp-content\/uploads\/2024\/05\/cropped-cropped-universo-6.png","contentUrl":"https:\/\/universoesportivo.net\/wp-content\/uploads\/2024\/05\/cropped-cropped-universo-6.png","width":413,"height":295,"caption":"Universo Esportivo"},"image":{"@id":"https:\/\/universoesportivo.net\/#\/schema\/logo\/image\/"},"sameAs":["https:\/\/www.facebook.com\/universoesportivo.net"]},{"@type":"Person","@id":"https:\/\/universoesportivo.net\/#\/schema\/person\/62bc311bc7def56a6bc83711536e74bd","name":"Tiago Lotto","image":{"@type":"ImageObject","inLanguage":"pt-BR","@id":"https:\/\/secure.gravatar.com\/avatar\/fd6891125b3fb6ba0b794cd20c3398d5bb0fa20d2b9963a95f19470e5a6192f7?s=96&d=mm&r=g","url":"https:\/\/secure.gravatar.com\/avatar\/fd6891125b3fb6ba0b794cd20c3398d5bb0fa20d2b9963a95f19470e5a6192f7?s=96&d=mm&r=g","contentUrl":"https:\/\/secure.gravatar.com\/avatar\/fd6891125b3fb6ba0b794cd20c3398d5bb0fa20d2b9963a95f19470e5a6192f7?s=96&d=mm&r=g","caption":"Tiago Lotto"},"url":"https:\/\/universoesportivo.net\/index.php\/author\/tiago-lotto\/"}]}},"jetpack_featured_media_url":"https:\/\/universoesportivo.net\/wp-content\/uploads\/2024\/11\/abrebolado.jpg","_links":{"self":[{"href":"https:\/\/universoesportivo.net\/index.php\/wp-json\/wp\/v2\/posts\/1880","targetHints":{"allow":["GET"]}}],"collection":[{"href":"https:\/\/universoesportivo.net\/index.php\/wp-json\/wp\/v2\/posts"}],"about":[{"href":"https:\/\/universoesportivo.net\/index.php\/wp-json\/wp\/v2\/types\/post"}],"author":[{"embeddable":true,"href":"https:\/\/universoesportivo.net\/index.php\/wp-json\/wp\/v2\/users\/2"}],"replies":[{"embeddable":true,"href":"https:\/\/universoesportivo.net\/index.php\/wp-json\/wp\/v2\/comments?post=1880"}],"version-history":[{"count":4,"href":"https:\/\/universoesportivo.net\/index.php\/wp-json\/wp\/v2\/posts\/1880\/revisions"}],"predecessor-version":[{"id":1893,"href":"https:\/\/universoesportivo.net\/index.php\/wp-json\/wp\/v2\/posts\/1880\/revisions\/1893"}],"wp:featuredmedia":[{"embeddable":true,"href":"https:\/\/universoesportivo.net\/index.php\/wp-json\/wp\/v2\/media\/1885"}],"wp:attachment":[{"href":"https:\/\/universoesportivo.net\/index.php\/wp-json\/wp\/v2\/media?parent=1880"}],"wp:term":[{"taxonomy":"category","embeddable":true,"href":"https:\/\/universoesportivo.net\/index.php\/wp-json\/wp\/v2\/categories?post=1880"},{"taxonomy":"post_tag","embeddable":true,"href":"https:\/\/universoesportivo.net\/index.php\/wp-json\/wp\/v2\/tags?post=1880"}],"curies":[{"name":"wp","href":"https:\/\/api.w.org\/{rel}","templated":true}]}}