{"id":1894,"date":"2024-11-08T11:33:59","date_gmt":"2024-11-08T14:33:59","guid":{"rendered":"https:\/\/universoesportivo.net\/?p=1894"},"modified":"2024-11-08T11:34:00","modified_gmt":"2024-11-08T14:34:00","slug":"sub-17-da-alcateia-novorizontino-de-palmares-paulista-e-bicampeao-da-mdb-cup","status":"publish","type":"post","link":"https:\/\/universoesportivo.net\/index.php\/2024\/11\/08\/sub-17-da-alcateia-novorizontino-de-palmares-paulista-e-bicampeao-da-mdb-cup\/","title":{"rendered":"SUB-17 DA ALCATEIA NOVORIZONTINO DE PALMARES PAULISTA \u00c9 BICAMPE\u00c3O DA MDB CUP"},"content":{"rendered":"\n<p class=\"has-medium-font-size\">O time sub-17 do Projeto Alcateia Novorizontino de Palmares Paulista, interior do Estado de S\u00e3o Paulo, conquistou o bicampeonato da MDB Cup Regional, competi\u00e7\u00e3o organizada pela Mundo da Bola, de Catanduva.<\/p>\n\n\n\n<p class=\"has-medium-font-size\">A competi\u00e7\u00e3o contou com v\u00e1rias equipes, de v\u00e1rias cidades, das categorias sub-11, sub-13, sub-15 e sub-17. No \u00faltimo s\u00e1bado, dia 2 de novembro, foram realizadas as finais das categorias sub-13 e sub-17.<\/p>\n\n\n\n<p class=\"has-medium-font-size\">O t\u00edtulo da Alcateia Palmares veio ap\u00f3s uma emocionante partida contra o time WT Catanduva. O jogo, bastante disputado, terminou 2&#215;2 no tempo normal.&nbsp; Na disputa dos p\u00eanaltis, o goleiro de Palmares Paulista, Vitinho, fez a diferen\u00e7a e o t\u00edtulo ficou com a Alcateia Novorizontino de Palmares Paulista.<\/p>\n\n\n\n<p class=\"has-medium-font-size\">Al\u00e9m do t\u00edtulo do time sub-17, a Alcateia Novorizontino Palmares Paulista ficou com o terceiro lugar na categoria sub-13.<\/p>\n\n\n\n<p class=\"has-medium-font-size\">Implantado na cidade em 2023, o Projeto Chute Certo \u2013 Alcateia Novorizontino de Palmares Paulista envolve a Prefeitura Municipal e foi poss\u00edvel por meio do prefeito Lucas Assun\u00e7\u00e3o, tendo como coordenador Jos\u00e9 Arnaldo, al\u00e9m do secret\u00e1rio de Esportes Guto Medina e com os professores Carlos Seruti, Regian Ferraz e Mateus Aguiar.<\/p>\n\n\n\n<p class=\"has-medium-font-size\">Texto: Tiago Lotto \/ Fotos: Jota Arnaldo \u2013 RP Fotopress<\/p>\n\n\n\n<figure class=\"wp-block-image\"><img fetchpriority=\"high\" decoding=\"async\" width=\"320\" height=\"214\" src=\"https:\/\/universoesportivo.net\/wp-content\/uploads\/2024\/11\/abrealcateia2.jpg\" alt=\"\" class=\"wp-image-1895\" srcset=\"https:\/\/universoesportivo.net\/wp-content\/uploads\/2024\/11\/abrealcateia2.jpg 320w, https:\/\/universoesportivo.net\/wp-content\/uploads\/2024\/11\/abrealcateia2-300x201.jpg 300w, https:\/\/universoesportivo.net\/wp-content\/uploads\/2024\/11\/abrealcateia2-18x12.jpg 18w\" sizes=\"(max-width: 320px) 100vw, 320px\" \/><\/figure>\n","protected":false},"excerpt":{"rendered":"<p>Com final emocionante e de alto n\u00edvel t\u00e9cnico, meninos de Palmares Paulista ganharam nos p\u00eanaltis e conquistaram o bi da MDB Cup, principal competi\u00e7\u00e3o da regi\u00e3o de Rio Preto.<\/p>\n","protected":false},"author":2,"featured_media":1896,"comment_status":"closed","ping_status":"closed","sticky":false,"template":"","format":"standard","meta":{"colormag_page_container_layout":"default_layout","colormag_page_sidebar_layout":"default_layout","footnotes":""},"categories":[17,70],"tags":[],"class_list":["post-1894","post","type-post","status-publish","format-standard","has-post-thumbnail","hentry","category-esportes","category-futebol-de-base"],"magazineBlocksPostFeaturedMedia":{"thumbnail":"https:\/\/universoesportivo.net\/wp-content\/uploads\/2024\/11\/abrealcateia-150x150.jpg","medium":"https:\/\/universoesportivo.net\/wp-content\/uploads\/2024\/11\/abrealcateia-300x201.jpg","medium_large":"https:\/\/universoesportivo.net\/wp-content\/uploads\/2024\/11\/abrealcateia.jpg","large":"https:\/\/universoesportivo.net\/wp-content\/uploads\/2024\/11\/abrealcateia.jpg","1536x1536":"https:\/\/universoesportivo.net\/wp-content\/uploads\/2024\/11\/abrealcateia.jpg","2048x2048":"https:\/\/universoesportivo.net\/wp-content\/uploads\/2024\/11\/abrealcateia.jpg","trp-custom-language-flag":"https:\/\/universoesportivo.net\/wp-content\/uploads\/2024\/11\/abrealcateia-18x12.jpg","colormag-highlighted-post":"https:\/\/universoesportivo.net\/wp-content\/uploads\/2024\/11\/abrealcateia.jpg","colormag-featured-post-medium":"https:\/\/universoesportivo.net\/wp-content\/uploads\/2024\/11\/abrealcateia-320x205.jpg","colormag-featured-post-small":"https:\/\/universoesportivo.net\/wp-content\/uploads\/2024\/11\/abrealcateia-130x90.jpg","colormag-featured-image":"https:\/\/universoesportivo.net\/wp-content\/uploads\/2024\/11\/abrealcateia.jpg","colormag-default-news":"https:\/\/universoesportivo.net\/wp-content\/uploads\/2024\/11\/abrealcateia-150x150.jpg","colormag-featured-image-large":"https:\/\/universoesportivo.net\/wp-content\/uploads\/2024\/11\/abrealcateia.jpg","colormag-elementor-block-extra-large-thumbnail":"https:\/\/universoesportivo.net\/wp-content\/uploads\/2024\/11\/abrealcateia.jpg","colormag-elementor-grid-large-thumbnail":"https:\/\/universoesportivo.net\/wp-content\/uploads\/2024\/11\/abrealcateia.jpg","colormag-elementor-grid-small-thumbnail":"https:\/\/universoesportivo.net\/wp-content\/uploads\/2024\/11\/abrealcateia-285x214.jpg","colormag-elementor-grid-medium-large-thumbnail":"https:\/\/universoesportivo.net\/wp-content\/uploads\/2024\/11\/abrealcateia-320x198.jpg"},"magazineBlocksPostAuthor":{"name":"Tiago Lotto","avatar":"https:\/\/secure.gravatar.com\/avatar\/fd6891125b3fb6ba0b794cd20c3398d5bb0fa20d2b9963a95f19470e5a6192f7?s=96&d=mm&r=g"},"magazineBlocksPostCommentsNumber":false,"magazineBlocksPostExcerpt":"Com final emocionante e de alto n\u00edvel t\u00e9cnico, meninos de Palmares Paulista ganharam nos p\u00eanaltis e conquistaram o bi da MDB Cup, principal competi\u00e7\u00e3o da regi\u00e3o de Rio Preto.","magazineBlocksPostCategories":["ESPORTES","Futebol de base"],"magazineBlocksPostViewCount":61,"magazineBlocksPostReadTime":2,"magazine_blocks_featured_image_url":{"full":["https:\/\/universoesportivo.net\/wp-content\/uploads\/2024\/11\/abrealcateia.jpg",320,214,false],"medium":["https:\/\/universoesportivo.net\/wp-content\/uploads\/2024\/11\/abrealcateia-300x201.jpg",300,201,true],"thumbnail":["https:\/\/universoesportivo.net\/wp-content\/uploads\/2024\/11\/abrealcateia-150x150.jpg",150,150,true]},"magazine_blocks_author":{"display_name":"Tiago Lotto","author_link":"https:\/\/universoesportivo.net\/index.php\/author\/tiago-lotto\/"},"magazine_blocks_comment":0,"magazine_blocks_author_image":"https:\/\/secure.gravatar.com\/avatar\/fd6891125b3fb6ba0b794cd20c3398d5bb0fa20d2b9963a95f19470e5a6192f7?s=96&d=mm&r=g","magazine_blocks_category":"<a href=\"#\" class=\"category-link category-link-17\">ESPORTES<\/a> <a href=\"#\" class=\"category-link category-link-70\">Futebol de base<\/a>","yoast_head":"<!-- This site is optimized with the Yoast SEO plugin v27.4 - https:\/\/yoast.com\/product\/yoast-seo-wordpress\/ -->\n<title>SUB-17 DA ALCATEIA NOVORIZONTINO DE PALMARES PAULISTA \u00c9 BICAMPE\u00c3O DA MDB CUP - Universo Esportivo<\/title>\n<meta name=\"robots\" content=\"index, follow, max-snippet:-1, max-image-preview:large, max-video-preview:-1\" \/>\n<link rel=\"canonical\" href=\"https:\/\/universoesportivo.net\/index.php\/2024\/11\/08\/sub-17-da-alcateia-novorizontino-de-palmares-paulista-e-bicampeao-da-mdb-cup\/\" \/>\n<meta property=\"og:locale\" content=\"pt_BR\" \/>\n<meta property=\"og:type\" content=\"article\" \/>\n<meta property=\"og:title\" content=\"SUB-17 DA ALCATEIA NOVORIZONTINO DE PALMARES PAULISTA \u00c9 BICAMPE\u00c3O DA MDB CUP - Universo Esportivo\" \/>\n<meta property=\"og:description\" content=\"Com final emocionante e de alto n\u00edvel t\u00e9cnico, meninos de Palmares Paulista ganharam nos p\u00eanaltis e conquistaram o bi da MDB Cup, principal competi\u00e7\u00e3o da regi\u00e3o de Rio Preto.\" \/>\n<meta property=\"og:url\" content=\"https:\/\/universoesportivo.net\/index.php\/2024\/11\/08\/sub-17-da-alcateia-novorizontino-de-palmares-paulista-e-bicampeao-da-mdb-cup\/\" \/>\n<meta property=\"og:site_name\" content=\"Universo Esportivo\" \/>\n<meta property=\"article:publisher\" content=\"https:\/\/www.facebook.com\/universoesportivo.net\" \/>\n<meta property=\"article:published_time\" content=\"2024-11-08T14:33:59+00:00\" \/>\n<meta property=\"article:modified_time\" content=\"2024-11-08T14:34:00+00:00\" \/>\n<meta property=\"og:image\" content=\"https:\/\/universoesportivo.net\/wp-content\/uploads\/2024\/11\/abrealcateia.jpg\" \/>\n\t<meta property=\"og:image:width\" content=\"320\" \/>\n\t<meta property=\"og:image:height\" content=\"214\" \/>\n\t<meta property=\"og:image:type\" content=\"image\/jpeg\" \/>\n<meta name=\"author\" content=\"Tiago Lotto\" \/>\n<meta name=\"twitter:card\" content=\"summary_large_image\" \/>\n<meta name=\"twitter:label1\" content=\"Escrito por\" \/>\n\t<meta name=\"twitter:data1\" content=\"Tiago Lotto\" \/>\n\t<meta name=\"twitter:label2\" content=\"Est. tempo de leitura\" \/>\n\t<meta name=\"twitter:data2\" content=\"2 minutos\" \/>\n<script type=\"application\/ld+json\" class=\"yoast-schema-graph\">{\"@context\":\"https:\\\/\\\/schema.org\",\"@graph\":[{\"@type\":\"Article\",\"@id\":\"https:\\\/\\\/universoesportivo.net\\\/index.php\\\/2024\\\/11\\\/08\\\/sub-17-da-alcateia-novorizontino-de-palmares-paulista-e-bicampeao-da-mdb-cup\\\/#article\",\"isPartOf\":{\"@id\":\"https:\\\/\\\/universoesportivo.net\\\/index.php\\\/2024\\\/11\\\/08\\\/sub-17-da-alcateia-novorizontino-de-palmares-paulista-e-bicampeao-da-mdb-cup\\\/\"},\"author\":{\"name\":\"Tiago Lotto\",\"@id\":\"https:\\\/\\\/universoesportivo.net\\\/#\\\/schema\\\/person\\\/62bc311bc7def56a6bc83711536e74bd\"},\"headline\":\"SUB-17 DA ALCATEIA NOVORIZONTINO DE PALMARES PAULISTA \u00c9 BICAMPE\u00c3O DA MDB CUP\",\"datePublished\":\"2024-11-08T14:33:59+00:00\",\"dateModified\":\"2024-11-08T14:34:00+00:00\",\"mainEntityOfPage\":{\"@id\":\"https:\\\/\\\/universoesportivo.net\\\/index.php\\\/2024\\\/11\\\/08\\\/sub-17-da-alcateia-novorizontino-de-palmares-paulista-e-bicampeao-da-mdb-cup\\\/\"},\"wordCount\":216,\"publisher\":{\"@id\":\"https:\\\/\\\/universoesportivo.net\\\/#organization\"},\"image\":{\"@id\":\"https:\\\/\\\/universoesportivo.net\\\/index.php\\\/2024\\\/11\\\/08\\\/sub-17-da-alcateia-novorizontino-de-palmares-paulista-e-bicampeao-da-mdb-cup\\\/#primaryimage\"},\"thumbnailUrl\":\"https:\\\/\\\/universoesportivo.net\\\/wp-content\\\/uploads\\\/2024\\\/11\\\/abrealcateia.jpg\",\"articleSection\":[\"ESPORTES\",\"Futebol de base\"],\"inLanguage\":\"pt-BR\"},{\"@type\":\"WebPage\",\"@id\":\"https:\\\/\\\/universoesportivo.net\\\/index.php\\\/2024\\\/11\\\/08\\\/sub-17-da-alcateia-novorizontino-de-palmares-paulista-e-bicampeao-da-mdb-cup\\\/\",\"url\":\"https:\\\/\\\/universoesportivo.net\\\/index.php\\\/2024\\\/11\\\/08\\\/sub-17-da-alcateia-novorizontino-de-palmares-paulista-e-bicampeao-da-mdb-cup\\\/\",\"name\":\"SUB-17 DA ALCATEIA NOVORIZONTINO DE PALMARES PAULISTA \u00c9 BICAMPE\u00c3O DA MDB CUP - Universo Esportivo\",\"isPartOf\":{\"@id\":\"https:\\\/\\\/universoesportivo.net\\\/#website\"},\"primaryImageOfPage\":{\"@id\":\"https:\\\/\\\/universoesportivo.net\\\/index.php\\\/2024\\\/11\\\/08\\\/sub-17-da-alcateia-novorizontino-de-palmares-paulista-e-bicampeao-da-mdb-cup\\\/#primaryimage\"},\"image\":{\"@id\":\"https:\\\/\\\/universoesportivo.net\\\/index.php\\\/2024\\\/11\\\/08\\\/sub-17-da-alcateia-novorizontino-de-palmares-paulista-e-bicampeao-da-mdb-cup\\\/#primaryimage\"},\"thumbnailUrl\":\"https:\\\/\\\/universoesportivo.net\\\/wp-content\\\/uploads\\\/2024\\\/11\\\/abrealcateia.jpg\",\"datePublished\":\"2024-11-08T14:33:59+00:00\",\"dateModified\":\"2024-11-08T14:34:00+00:00\",\"breadcrumb\":{\"@id\":\"https:\\\/\\\/universoesportivo.net\\\/index.php\\\/2024\\\/11\\\/08\\\/sub-17-da-alcateia-novorizontino-de-palmares-paulista-e-bicampeao-da-mdb-cup\\\/#breadcrumb\"},\"inLanguage\":\"pt-BR\",\"potentialAction\":[{\"@type\":\"ReadAction\",\"target\":[\"https:\\\/\\\/universoesportivo.net\\\/index.php\\\/2024\\\/11\\\/08\\\/sub-17-da-alcateia-novorizontino-de-palmares-paulista-e-bicampeao-da-mdb-cup\\\/\"]}]},{\"@type\":\"ImageObject\",\"inLanguage\":\"pt-BR\",\"@id\":\"https:\\\/\\\/universoesportivo.net\\\/index.php\\\/2024\\\/11\\\/08\\\/sub-17-da-alcateia-novorizontino-de-palmares-paulista-e-bicampeao-da-mdb-cup\\\/#primaryimage\",\"url\":\"https:\\\/\\\/universoesportivo.net\\\/wp-content\\\/uploads\\\/2024\\\/11\\\/abrealcateia.jpg\",\"contentUrl\":\"https:\\\/\\\/universoesportivo.net\\\/wp-content\\\/uploads\\\/2024\\\/11\\\/abrealcateia.jpg\",\"width\":320,\"height\":214},{\"@type\":\"BreadcrumbList\",\"@id\":\"https:\\\/\\\/universoesportivo.net\\\/index.php\\\/2024\\\/11\\\/08\\\/sub-17-da-alcateia-novorizontino-de-palmares-paulista-e-bicampeao-da-mdb-cup\\\/#breadcrumb\",\"itemListElement\":[{\"@type\":\"ListItem\",\"position\":1,\"name\":\"In\u00edcio\",\"item\":\"https:\\\/\\\/universoesportivo.net\\\/\"},{\"@type\":\"ListItem\",\"position\":2,\"name\":\"SUB-17 DA ALCATEIA NOVORIZONTINO DE PALMARES PAULISTA \u00c9 BICAMPE\u00c3O DA MDB CUP\"}]},{\"@type\":\"WebSite\",\"@id\":\"https:\\\/\\\/universoesportivo.net\\\/#website\",\"url\":\"https:\\\/\\\/universoesportivo.net\\\/\",\"name\":\"Universo Esportivo\",\"description\":\"O portal de todas as modalidades esportivas!\",\"publisher\":{\"@id\":\"https:\\\/\\\/universoesportivo.net\\\/#organization\"},\"alternateName\":\"Jornalista Tiago Contador Lotto\",\"potentialAction\":[{\"@type\":\"SearchAction\",\"target\":{\"@type\":\"EntryPoint\",\"urlTemplate\":\"https:\\\/\\\/universoesportivo.net\\\/?s={search_term_string}\"},\"query-input\":{\"@type\":\"PropertyValueSpecification\",\"valueRequired\":true,\"valueName\":\"search_term_string\"}}],\"inLanguage\":\"pt-BR\"},{\"@type\":\"Organization\",\"@id\":\"https:\\\/\\\/universoesportivo.net\\\/#organization\",\"name\":\"Universo Esportivo\",\"alternateName\":\"Tiago Lotto\",\"url\":\"https:\\\/\\\/universoesportivo.net\\\/\",\"logo\":{\"@type\":\"ImageObject\",\"inLanguage\":\"pt-BR\",\"@id\":\"https:\\\/\\\/universoesportivo.net\\\/#\\\/schema\\\/logo\\\/image\\\/\",\"url\":\"https:\\\/\\\/universoesportivo.net\\\/wp-content\\\/uploads\\\/2024\\\/05\\\/cropped-cropped-universo-6.png\",\"contentUrl\":\"https:\\\/\\\/universoesportivo.net\\\/wp-content\\\/uploads\\\/2024\\\/05\\\/cropped-cropped-universo-6.png\",\"width\":413,\"height\":295,\"caption\":\"Universo Esportivo\"},\"image\":{\"@id\":\"https:\\\/\\\/universoesportivo.net\\\/#\\\/schema\\\/logo\\\/image\\\/\"},\"sameAs\":[\"https:\\\/\\\/www.facebook.com\\\/universoesportivo.net\"]},{\"@type\":\"Person\",\"@id\":\"https:\\\/\\\/universoesportivo.net\\\/#\\\/schema\\\/person\\\/62bc311bc7def56a6bc83711536e74bd\",\"name\":\"Tiago Lotto\",\"image\":{\"@type\":\"ImageObject\",\"inLanguage\":\"pt-BR\",\"@id\":\"https:\\\/\\\/secure.gravatar.com\\\/avatar\\\/fd6891125b3fb6ba0b794cd20c3398d5bb0fa20d2b9963a95f19470e5a6192f7?s=96&d=mm&r=g\",\"url\":\"https:\\\/\\\/secure.gravatar.com\\\/avatar\\\/fd6891125b3fb6ba0b794cd20c3398d5bb0fa20d2b9963a95f19470e5a6192f7?s=96&d=mm&r=g\",\"contentUrl\":\"https:\\\/\\\/secure.gravatar.com\\\/avatar\\\/fd6891125b3fb6ba0b794cd20c3398d5bb0fa20d2b9963a95f19470e5a6192f7?s=96&d=mm&r=g\",\"caption\":\"Tiago Lotto\"},\"url\":\"https:\\\/\\\/universoesportivo.net\\\/index.php\\\/author\\\/tiago-lotto\\\/\"}]}<\/script>\n<!-- \/ Yoast SEO plugin. -->","yoast_head_json":{"title":"SUB-17 DA ALCATEIA NOVORIZONTINO DE PALMARES PAULISTA \u00c9 BICAMPE\u00c3O DA MDB CUP - Universo Esportivo","robots":{"index":"index","follow":"follow","max-snippet":"max-snippet:-1","max-image-preview":"max-image-preview:large","max-video-preview":"max-video-preview:-1"},"canonical":"https:\/\/universoesportivo.net\/index.php\/2024\/11\/08\/sub-17-da-alcateia-novorizontino-de-palmares-paulista-e-bicampeao-da-mdb-cup\/","og_locale":"pt_BR","og_type":"article","og_title":"SUB-17 DA ALCATEIA NOVORIZONTINO DE PALMARES PAULISTA \u00c9 BICAMPE\u00c3O DA MDB CUP - Universo Esportivo","og_description":"Com final emocionante e de alto n\u00edvel t\u00e9cnico, meninos de Palmares Paulista ganharam nos p\u00eanaltis e conquistaram o bi da MDB Cup, principal competi\u00e7\u00e3o da regi\u00e3o de Rio Preto.","og_url":"https:\/\/universoesportivo.net\/index.php\/2024\/11\/08\/sub-17-da-alcateia-novorizontino-de-palmares-paulista-e-bicampeao-da-mdb-cup\/","og_site_name":"Universo Esportivo","article_publisher":"https:\/\/www.facebook.com\/universoesportivo.net","article_published_time":"2024-11-08T14:33:59+00:00","article_modified_time":"2024-11-08T14:34:00+00:00","og_image":[{"width":320,"height":214,"url":"https:\/\/universoesportivo.net\/wp-content\/uploads\/2024\/11\/abrealcateia.jpg","type":"image\/jpeg"}],"author":"Tiago Lotto","twitter_card":"summary_large_image","twitter_misc":{"Escrito por":"Tiago Lotto","Est. tempo de leitura":"2 minutos"},"schema":{"@context":"https:\/\/schema.org","@graph":[{"@type":"Article","@id":"https:\/\/universoesportivo.net\/index.php\/2024\/11\/08\/sub-17-da-alcateia-novorizontino-de-palmares-paulista-e-bicampeao-da-mdb-cup\/#article","isPartOf":{"@id":"https:\/\/universoesportivo.net\/index.php\/2024\/11\/08\/sub-17-da-alcateia-novorizontino-de-palmares-paulista-e-bicampeao-da-mdb-cup\/"},"author":{"name":"Tiago Lotto","@id":"https:\/\/universoesportivo.net\/#\/schema\/person\/62bc311bc7def56a6bc83711536e74bd"},"headline":"SUB-17 DA ALCATEIA NOVORIZONTINO DE PALMARES PAULISTA \u00c9 BICAMPE\u00c3O DA MDB CUP","datePublished":"2024-11-08T14:33:59+00:00","dateModified":"2024-11-08T14:34:00+00:00","mainEntityOfPage":{"@id":"https:\/\/universoesportivo.net\/index.php\/2024\/11\/08\/sub-17-da-alcateia-novorizontino-de-palmares-paulista-e-bicampeao-da-mdb-cup\/"},"wordCount":216,"publisher":{"@id":"https:\/\/universoesportivo.net\/#organization"},"image":{"@id":"https:\/\/universoesportivo.net\/index.php\/2024\/11\/08\/sub-17-da-alcateia-novorizontino-de-palmares-paulista-e-bicampeao-da-mdb-cup\/#primaryimage"},"thumbnailUrl":"https:\/\/universoesportivo.net\/wp-content\/uploads\/2024\/11\/abrealcateia.jpg","articleSection":["ESPORTES","Futebol de base"],"inLanguage":"pt-BR"},{"@type":"WebPage","@id":"https:\/\/universoesportivo.net\/index.php\/2024\/11\/08\/sub-17-da-alcateia-novorizontino-de-palmares-paulista-e-bicampeao-da-mdb-cup\/","url":"https:\/\/universoesportivo.net\/index.php\/2024\/11\/08\/sub-17-da-alcateia-novorizontino-de-palmares-paulista-e-bicampeao-da-mdb-cup\/","name":"SUB-17 DA ALCATEIA NOVORIZONTINO DE PALMARES PAULISTA \u00c9 BICAMPE\u00c3O DA MDB CUP - Universo Esportivo","isPartOf":{"@id":"https:\/\/universoesportivo.net\/#website"},"primaryImageOfPage":{"@id":"https:\/\/universoesportivo.net\/index.php\/2024\/11\/08\/sub-17-da-alcateia-novorizontino-de-palmares-paulista-e-bicampeao-da-mdb-cup\/#primaryimage"},"image":{"@id":"https:\/\/universoesportivo.net\/index.php\/2024\/11\/08\/sub-17-da-alcateia-novorizontino-de-palmares-paulista-e-bicampeao-da-mdb-cup\/#primaryimage"},"thumbnailUrl":"https:\/\/universoesportivo.net\/wp-content\/uploads\/2024\/11\/abrealcateia.jpg","datePublished":"2024-11-08T14:33:59+00:00","dateModified":"2024-11-08T14:34:00+00:00","breadcrumb":{"@id":"https:\/\/universoesportivo.net\/index.php\/2024\/11\/08\/sub-17-da-alcateia-novorizontino-de-palmares-paulista-e-bicampeao-da-mdb-cup\/#breadcrumb"},"inLanguage":"pt-BR","potentialAction":[{"@type":"ReadAction","target":["https:\/\/universoesportivo.net\/index.php\/2024\/11\/08\/sub-17-da-alcateia-novorizontino-de-palmares-paulista-e-bicampeao-da-mdb-cup\/"]}]},{"@type":"ImageObject","inLanguage":"pt-BR","@id":"https:\/\/universoesportivo.net\/index.php\/2024\/11\/08\/sub-17-da-alcateia-novorizontino-de-palmares-paulista-e-bicampeao-da-mdb-cup\/#primaryimage","url":"https:\/\/universoesportivo.net\/wp-content\/uploads\/2024\/11\/abrealcateia.jpg","contentUrl":"https:\/\/universoesportivo.net\/wp-content\/uploads\/2024\/11\/abrealcateia.jpg","width":320,"height":214},{"@type":"BreadcrumbList","@id":"https:\/\/universoesportivo.net\/index.php\/2024\/11\/08\/sub-17-da-alcateia-novorizontino-de-palmares-paulista-e-bicampeao-da-mdb-cup\/#breadcrumb","itemListElement":[{"@type":"ListItem","position":1,"name":"In\u00edcio","item":"https:\/\/universoesportivo.net\/"},{"@type":"ListItem","position":2,"name":"SUB-17 DA ALCATEIA NOVORIZONTINO DE PALMARES PAULISTA \u00c9 BICAMPE\u00c3O DA MDB CUP"}]},{"@type":"WebSite","@id":"https:\/\/universoesportivo.net\/#website","url":"https:\/\/universoesportivo.net\/","name":"Universo Esportivo","description":"O portal de todas as modalidades esportivas!","publisher":{"@id":"https:\/\/universoesportivo.net\/#organization"},"alternateName":"Jornalista Tiago Contador Lotto","potentialAction":[{"@type":"SearchAction","target":{"@type":"EntryPoint","urlTemplate":"https:\/\/universoesportivo.net\/?s={search_term_string}"},"query-input":{"@type":"PropertyValueSpecification","valueRequired":true,"valueName":"search_term_string"}}],"inLanguage":"pt-BR"},{"@type":"Organization","@id":"https:\/\/universoesportivo.net\/#organization","name":"Universo Esportivo","alternateName":"Tiago Lotto","url":"https:\/\/universoesportivo.net\/","logo":{"@type":"ImageObject","inLanguage":"pt-BR","@id":"https:\/\/universoesportivo.net\/#\/schema\/logo\/image\/","url":"https:\/\/universoesportivo.net\/wp-content\/uploads\/2024\/05\/cropped-cropped-universo-6.png","contentUrl":"https:\/\/universoesportivo.net\/wp-content\/uploads\/2024\/05\/cropped-cropped-universo-6.png","width":413,"height":295,"caption":"Universo Esportivo"},"image":{"@id":"https:\/\/universoesportivo.net\/#\/schema\/logo\/image\/"},"sameAs":["https:\/\/www.facebook.com\/universoesportivo.net"]},{"@type":"Person","@id":"https:\/\/universoesportivo.net\/#\/schema\/person\/62bc311bc7def56a6bc83711536e74bd","name":"Tiago Lotto","image":{"@type":"ImageObject","inLanguage":"pt-BR","@id":"https:\/\/secure.gravatar.com\/avatar\/fd6891125b3fb6ba0b794cd20c3398d5bb0fa20d2b9963a95f19470e5a6192f7?s=96&d=mm&r=g","url":"https:\/\/secure.gravatar.com\/avatar\/fd6891125b3fb6ba0b794cd20c3398d5bb0fa20d2b9963a95f19470e5a6192f7?s=96&d=mm&r=g","contentUrl":"https:\/\/secure.gravatar.com\/avatar\/fd6891125b3fb6ba0b794cd20c3398d5bb0fa20d2b9963a95f19470e5a6192f7?s=96&d=mm&r=g","caption":"Tiago Lotto"},"url":"https:\/\/universoesportivo.net\/index.php\/author\/tiago-lotto\/"}]}},"jetpack_featured_media_url":"https:\/\/universoesportivo.net\/wp-content\/uploads\/2024\/11\/abrealcateia.jpg","_links":{"self":[{"href":"https:\/\/universoesportivo.net\/index.php\/wp-json\/wp\/v2\/posts\/1894","targetHints":{"allow":["GET"]}}],"collection":[{"href":"https:\/\/universoesportivo.net\/index.php\/wp-json\/wp\/v2\/posts"}],"about":[{"href":"https:\/\/universoesportivo.net\/index.php\/wp-json\/wp\/v2\/types\/post"}],"author":[{"embeddable":true,"href":"https:\/\/universoesportivo.net\/index.php\/wp-json\/wp\/v2\/users\/2"}],"replies":[{"embeddable":true,"href":"https:\/\/universoesportivo.net\/index.php\/wp-json\/wp\/v2\/comments?post=1894"}],"version-history":[{"count":1,"href":"https:\/\/universoesportivo.net\/index.php\/wp-json\/wp\/v2\/posts\/1894\/revisions"}],"predecessor-version":[{"id":1897,"href":"https:\/\/universoesportivo.net\/index.php\/wp-json\/wp\/v2\/posts\/1894\/revisions\/1897"}],"wp:featuredmedia":[{"embeddable":true,"href":"https:\/\/universoesportivo.net\/index.php\/wp-json\/wp\/v2\/media\/1896"}],"wp:attachment":[{"href":"https:\/\/universoesportivo.net\/index.php\/wp-json\/wp\/v2\/media?parent=1894"}],"wp:term":[{"taxonomy":"category","embeddable":true,"href":"https:\/\/universoesportivo.net\/index.php\/wp-json\/wp\/v2\/categories?post=1894"},{"taxonomy":"post_tag","embeddable":true,"href":"https:\/\/universoesportivo.net\/index.php\/wp-json\/wp\/v2\/tags?post=1894"}],"curies":[{"name":"wp","href":"https:\/\/api.w.org\/{rel}","templated":true}]}}