{"id":1919,"date":"2024-11-18T14:35:31","date_gmt":"2024-11-18T17:35:31","guid":{"rendered":"https:\/\/universoesportivo.net\/?p=1919"},"modified":"2024-11-18T17:09:33","modified_gmt":"2024-11-18T20:09:33","slug":"cronista-crava-mirassol-na-serie-a-novorizontino-de-novo-vai-bater-na-trave","status":"publish","type":"post","link":"https:\/\/universoesportivo.net\/index.php\/2024\/11\/18\/cronista-crava-mirassol-na-serie-a-novorizontino-de-novo-vai-bater-na-trave\/","title":{"rendered":"Cronista crava Mirassol na S\u00e9rie A. Novorizontino, de novo, vai \u2018bater na trave\u2019"},"content":{"rendered":"\n<p class=\"has-medium-font-size\">Nosso portal recebeu uma resenha interessante do cronista esportivo Jefferson Paulucci, da cidade de Catanduva, interior de S\u00e3o Paulo. Administrador de empresas, palestrante e apaixonado por futebol, Jefferson \u00e9 conhecer das hist\u00f3rias das Copas, sendo um dos poucos que lembra de cabe\u00e7a a rela\u00e7\u00e3o (titulares e reservas) das sele\u00e7\u00f5es brasileiras.<\/p>\n\n\n\n<p class=\"has-medium-font-size\">Por hobby, acompanha os times do Brasil, em especial os clubes do interior paulista, j\u00e1 que mora na regi\u00e3o de S\u00e3o Jos\u00e9 do Rio Preto, onde Mirassol e Novorizontino brigam por vagas na S\u00e9rie A do Brasileir\u00e3o.<\/p>\n\n\n\n<p class=\"has-medium-font-size\">ACOMPANHE A CR\u00d4NICA DE JEFFERSON PAULUCCI:<\/p>\n\n\n\n<p class=\"has-medium-font-size\">O Novorizontino empatou em casa e se complicou na busca pelo acesso \u00e0 S\u00e9rie A do Brasileiro. Uma vez mais o time decepciona jogando em Novo Horizonte e vai deixando escapar uma vaga que parecia garantida.<\/p>\n\n\n\n<p class=\"has-medium-font-size\">Atua\u00e7\u00e3o estranha para um time que tinha tudo para aproveitar as duas \u00faltimas partidas em casa: Oper\u00e1rio e Paysandu, times que n\u00e3o brigam pelo acesso e nem mesmo para escapar do rebaixamento.<\/p>\n\n\n\n<p class=\"has-medium-font-size\">Contra o Oper\u00e1rio, a derrota foi um duro castigo para um time que sentiu a responsabilidade de ser favorito. Contra o Paysandu, jogou um pouco melhor, mas quando abriu o placar com uma ajuda incr\u00edvel do goleiro (que defendeu e soltou a bola para dentro do gol), recuou, teve um jogador expulso e na cobran\u00e7a da falta que resultou o cart\u00e3o vermelho, a bola resvalou no defensor do Novorizontino e morreu dentro do gol, para frustra\u00e7\u00e3o da torcida local.<\/p>\n\n\n\n<p class=\"has-medium-font-size\">Assim como no jogo anterior, houve v\u00e1rias chances de gol, mas faltou equil\u00edbrio e compet\u00eancia para os jogadores do Tigre.<\/p>\n\n\n\n<p class=\"has-medium-font-size\">Para n\u00e3o depender de ningu\u00e9m, precisa de uma vit\u00f3ria improv\u00e1vel contra o Goi\u00e1s, em, Goi\u00e2nia, na \u00faltima rodada do Brasileir\u00e3o B. Todos os jogos da \u00faltima rodada ser\u00e3o domingo, dia 24, \u00e0s 18h30.<\/p>\n\n\n\n<p class=\"has-medium-font-size\">Tudo encaminha para mais uma temporada em que o Novorizontino amarga a perda de uma chance enorme para subir para a divis\u00e3o m\u00e1xima do futebol brasileiro. Em 2023, faltou apenas um ponto para o time conquistar o acesso. Este ano, tudo indica que um ou dois pontos ser\u00e3o fundamentais para essa in\u00e9dita conquista.<\/p>\n\n\n\n<p class=\"has-medium-font-size\">Tudo muito estranho. Em tempos de preponder\u00e2ncia dos sites de apostas, somado ao pequeno porte da cidade de Novo Horizonte, a S\u00e9rie B \u00e9 o limite.<\/p>\n\n\n\n<p class=\"has-medium-font-size\">Avalio que n\u00e3o teremos mais dois times da regi\u00e3o na S\u00e9rie A do Brasileiro. Mirassol e Novorizontino disputam uma vaga apenas.<\/p>\n\n\n\n<p class=\"has-medium-font-size\">Est\u00e1 mais para o Mirassol, que joga em casa contra a Chapecoense. J\u00e1 o Novorizontino precisa vencer o Goi\u00e1s em Goi\u00e2nia (o time goiano vem de seis vit\u00f3rias seguidas).<\/p>\n\n\n\n<p class=\"has-medium-font-size\">Dos times do interior paulista teremos, na S\u00e9rie B de 2025, a Ferrovi\u00e1ria, o Botafogo, o Novorizontino e o Bragantino. J\u00e1 na S\u00e9rie C os paulistas Ponte Preta, Guarani e Ituano.<\/p>\n\n\n\n<p class=\"has-medium-font-size\">Se nenhum fato novo acontecer nos pr\u00f3ximos meses, a situa\u00e7\u00e3o dos times do interior de S\u00e3o Paulo \u00e9 o Ituano sumir (como ocorreu com o Mogi Mirim), o Bragantino perder os investimentos da Red Bull e os clubes de Campinas (Guarani e Ponte Preta) caminhado para a fal\u00eancia.<\/p>\n\n\n\n<p class=\"has-medium-font-size\"><strong>Jefferson Paulucci \u00e9 administrador de empresas, apaixonado por futebol e colaborador deste portal.<\/strong><\/p>\n","protected":false},"excerpt":{"rendered":"<p>Jefferson Paulucci comenta a fraca atua\u00e7\u00e3o do Novorizontino jogando em seu est\u00e1dio nos dois e decisivos \u00faltimos jogos do Brasileir\u00e3o S\u00e9rie B.<\/p>\n","protected":false},"author":2,"featured_media":1920,"comment_status":"closed","ping_status":"closed","sticky":false,"template":"","format":"standard","meta":{"colormag_page_container_layout":"default_layout","colormag_page_sidebar_layout":"default_layout","footnotes":""},"categories":[62,17],"tags":[],"class_list":["post-1919","post","type-post","status-publish","format-standard","has-post-thumbnail","hentry","category-artigo","category-esportes"],"magazineBlocksPostFeaturedMedia":{"thumbnail":"https:\/\/universoesportivo.net\/wp-content\/uploads\/2024\/11\/abrejef-150x150.jpg","medium":"https:\/\/universoesportivo.net\/wp-content\/uploads\/2024\/11\/abrejef-300x201.jpg","medium_large":"https:\/\/universoesportivo.net\/wp-content\/uploads\/2024\/11\/abrejef.jpg","large":"https:\/\/universoesportivo.net\/wp-content\/uploads\/2024\/11\/abrejef.jpg","1536x1536":"https:\/\/universoesportivo.net\/wp-content\/uploads\/2024\/11\/abrejef.jpg","2048x2048":"https:\/\/universoesportivo.net\/wp-content\/uploads\/2024\/11\/abrejef.jpg","trp-custom-language-flag":"https:\/\/universoesportivo.net\/wp-content\/uploads\/2024\/11\/abrejef-18x12.jpg","colormag-highlighted-post":"https:\/\/universoesportivo.net\/wp-content\/uploads\/2024\/11\/abrejef-392x272.jpg","colormag-featured-post-medium":"https:\/\/universoesportivo.net\/wp-content\/uploads\/2024\/11\/abrejef-390x205.jpg","colormag-featured-post-small":"https:\/\/universoesportivo.net\/wp-content\/uploads\/2024\/11\/abrejef-130x90.jpg","colormag-featured-image":"https:\/\/universoesportivo.net\/wp-content\/uploads\/2024\/11\/abrejef.jpg","colormag-default-news":"https:\/\/universoesportivo.net\/wp-content\/uploads\/2024\/11\/abrejef-150x150.jpg","colormag-featured-image-large":"https:\/\/universoesportivo.net\/wp-content\/uploads\/2024\/11\/abrejef.jpg","colormag-elementor-block-extra-large-thumbnail":"https:\/\/universoesportivo.net\/wp-content\/uploads\/2024\/11\/abrejef.jpg","colormag-elementor-grid-large-thumbnail":"https:\/\/universoesportivo.net\/wp-content\/uploads\/2024\/11\/abrejef.jpg","colormag-elementor-grid-small-thumbnail":"https:\/\/universoesportivo.net\/wp-content\/uploads\/2024\/11\/abrejef-285x313.jpg","colormag-elementor-grid-medium-large-thumbnail":"https:\/\/universoesportivo.net\/wp-content\/uploads\/2024\/11\/abrejef-467x198.jpg"},"magazineBlocksPostAuthor":{"name":"Tiago Lotto","avatar":"https:\/\/secure.gravatar.com\/avatar\/fd6891125b3fb6ba0b794cd20c3398d5bb0fa20d2b9963a95f19470e5a6192f7?s=96&d=mm&r=g"},"magazineBlocksPostCommentsNumber":false,"magazineBlocksPostExcerpt":"Jefferson Paulucci comenta a fraca atua\u00e7\u00e3o do Novorizontino jogando em seu est\u00e1dio nos dois e decisivos \u00faltimos jogos do Brasileir\u00e3o S\u00e9rie B.","magazineBlocksPostCategories":["ARTIGO","ESPORTES"],"magazineBlocksPostViewCount":37,"magazineBlocksPostReadTime":3,"magazine_blocks_featured_image_url":{"full":["https:\/\/universoesportivo.net\/wp-content\/uploads\/2024\/11\/abrejef.jpg",467,313,false],"medium":["https:\/\/universoesportivo.net\/wp-content\/uploads\/2024\/11\/abrejef-300x201.jpg",300,201,true],"thumbnail":["https:\/\/universoesportivo.net\/wp-content\/uploads\/2024\/11\/abrejef-150x150.jpg",150,150,true]},"magazine_blocks_author":{"display_name":"Tiago Lotto","author_link":"https:\/\/universoesportivo.net\/index.php\/author\/tiago-lotto\/"},"magazine_blocks_comment":0,"magazine_blocks_author_image":"https:\/\/secure.gravatar.com\/avatar\/fd6891125b3fb6ba0b794cd20c3398d5bb0fa20d2b9963a95f19470e5a6192f7?s=96&d=mm&r=g","magazine_blocks_category":"<a href=\"#\" class=\"category-link category-link-62\">ARTIGO<\/a> <a href=\"#\" class=\"category-link category-link-17\">ESPORTES<\/a>","yoast_head":"<!-- This site is optimized with the Yoast SEO plugin v27.4 - https:\/\/yoast.com\/product\/yoast-seo-wordpress\/ -->\n<title>Cronista crava Mirassol na S\u00e9rie A. Novorizontino, de novo, vai \u2018bater na trave\u2019 - Universo Esportivo<\/title>\n<meta name=\"robots\" content=\"index, follow, max-snippet:-1, max-image-preview:large, max-video-preview:-1\" \/>\n<link rel=\"canonical\" href=\"https:\/\/universoesportivo.net\/index.php\/2024\/11\/18\/cronista-crava-mirassol-na-serie-a-novorizontino-de-novo-vai-bater-na-trave\/\" \/>\n<meta property=\"og:locale\" content=\"pt_BR\" \/>\n<meta property=\"og:type\" content=\"article\" \/>\n<meta property=\"og:title\" content=\"Cronista crava Mirassol na S\u00e9rie A. Novorizontino, de novo, vai \u2018bater na trave\u2019 - Universo Esportivo\" \/>\n<meta property=\"og:description\" content=\"Jefferson Paulucci comenta a fraca atua\u00e7\u00e3o do Novorizontino jogando em seu est\u00e1dio nos dois e decisivos \u00faltimos jogos do Brasileir\u00e3o S\u00e9rie B.\" \/>\n<meta property=\"og:url\" content=\"https:\/\/universoesportivo.net\/index.php\/2024\/11\/18\/cronista-crava-mirassol-na-serie-a-novorizontino-de-novo-vai-bater-na-trave\/\" \/>\n<meta property=\"og:site_name\" content=\"Universo Esportivo\" \/>\n<meta property=\"article:publisher\" content=\"https:\/\/www.facebook.com\/universoesportivo.net\" \/>\n<meta property=\"article:published_time\" content=\"2024-11-18T17:35:31+00:00\" \/>\n<meta property=\"article:modified_time\" content=\"2024-11-18T20:09:33+00:00\" \/>\n<meta property=\"og:image\" content=\"https:\/\/universoesportivo.net\/wp-content\/uploads\/2024\/11\/abrejef.jpg\" \/>\n\t<meta property=\"og:image:width\" content=\"467\" \/>\n\t<meta property=\"og:image:height\" content=\"313\" \/>\n\t<meta property=\"og:image:type\" content=\"image\/jpeg\" \/>\n<meta name=\"author\" content=\"Tiago Lotto\" \/>\n<meta name=\"twitter:card\" content=\"summary_large_image\" \/>\n<meta name=\"twitter:label1\" content=\"Escrito por\" \/>\n\t<meta name=\"twitter:data1\" content=\"Tiago Lotto\" \/>\n\t<meta name=\"twitter:label2\" content=\"Est. tempo de leitura\" \/>\n\t<meta name=\"twitter:data2\" content=\"4 minutos\" \/>\n<script type=\"application\/ld+json\" class=\"yoast-schema-graph\">{\"@context\":\"https:\\\/\\\/schema.org\",\"@graph\":[{\"@type\":\"Article\",\"@id\":\"https:\\\/\\\/universoesportivo.net\\\/index.php\\\/2024\\\/11\\\/18\\\/cronista-crava-mirassol-na-serie-a-novorizontino-de-novo-vai-bater-na-trave\\\/#article\",\"isPartOf\":{\"@id\":\"https:\\\/\\\/universoesportivo.net\\\/index.php\\\/2024\\\/11\\\/18\\\/cronista-crava-mirassol-na-serie-a-novorizontino-de-novo-vai-bater-na-trave\\\/\"},\"author\":{\"name\":\"Tiago Lotto\",\"@id\":\"https:\\\/\\\/universoesportivo.net\\\/#\\\/schema\\\/person\\\/62bc311bc7def56a6bc83711536e74bd\"},\"headline\":\"Cronista crava Mirassol na S\u00e9rie A. Novorizontino, de novo, vai \u2018bater na trave\u2019\",\"datePublished\":\"2024-11-18T17:35:31+00:00\",\"dateModified\":\"2024-11-18T20:09:33+00:00\",\"mainEntityOfPage\":{\"@id\":\"https:\\\/\\\/universoesportivo.net\\\/index.php\\\/2024\\\/11\\\/18\\\/cronista-crava-mirassol-na-serie-a-novorizontino-de-novo-vai-bater-na-trave\\\/\"},\"wordCount\":569,\"publisher\":{\"@id\":\"https:\\\/\\\/universoesportivo.net\\\/#organization\"},\"image\":{\"@id\":\"https:\\\/\\\/universoesportivo.net\\\/index.php\\\/2024\\\/11\\\/18\\\/cronista-crava-mirassol-na-serie-a-novorizontino-de-novo-vai-bater-na-trave\\\/#primaryimage\"},\"thumbnailUrl\":\"https:\\\/\\\/universoesportivo.net\\\/wp-content\\\/uploads\\\/2024\\\/11\\\/abrejef.jpg\",\"articleSection\":[\"ARTIGO\",\"ESPORTES\"],\"inLanguage\":\"pt-BR\"},{\"@type\":\"WebPage\",\"@id\":\"https:\\\/\\\/universoesportivo.net\\\/index.php\\\/2024\\\/11\\\/18\\\/cronista-crava-mirassol-na-serie-a-novorizontino-de-novo-vai-bater-na-trave\\\/\",\"url\":\"https:\\\/\\\/universoesportivo.net\\\/index.php\\\/2024\\\/11\\\/18\\\/cronista-crava-mirassol-na-serie-a-novorizontino-de-novo-vai-bater-na-trave\\\/\",\"name\":\"Cronista crava Mirassol na S\u00e9rie A. Novorizontino, de novo, vai \u2018bater na trave\u2019 - Universo Esportivo\",\"isPartOf\":{\"@id\":\"https:\\\/\\\/universoesportivo.net\\\/#website\"},\"primaryImageOfPage\":{\"@id\":\"https:\\\/\\\/universoesportivo.net\\\/index.php\\\/2024\\\/11\\\/18\\\/cronista-crava-mirassol-na-serie-a-novorizontino-de-novo-vai-bater-na-trave\\\/#primaryimage\"},\"image\":{\"@id\":\"https:\\\/\\\/universoesportivo.net\\\/index.php\\\/2024\\\/11\\\/18\\\/cronista-crava-mirassol-na-serie-a-novorizontino-de-novo-vai-bater-na-trave\\\/#primaryimage\"},\"thumbnailUrl\":\"https:\\\/\\\/universoesportivo.net\\\/wp-content\\\/uploads\\\/2024\\\/11\\\/abrejef.jpg\",\"datePublished\":\"2024-11-18T17:35:31+00:00\",\"dateModified\":\"2024-11-18T20:09:33+00:00\",\"breadcrumb\":{\"@id\":\"https:\\\/\\\/universoesportivo.net\\\/index.php\\\/2024\\\/11\\\/18\\\/cronista-crava-mirassol-na-serie-a-novorizontino-de-novo-vai-bater-na-trave\\\/#breadcrumb\"},\"inLanguage\":\"pt-BR\",\"potentialAction\":[{\"@type\":\"ReadAction\",\"target\":[\"https:\\\/\\\/universoesportivo.net\\\/index.php\\\/2024\\\/11\\\/18\\\/cronista-crava-mirassol-na-serie-a-novorizontino-de-novo-vai-bater-na-trave\\\/\"]}]},{\"@type\":\"ImageObject\",\"inLanguage\":\"pt-BR\",\"@id\":\"https:\\\/\\\/universoesportivo.net\\\/index.php\\\/2024\\\/11\\\/18\\\/cronista-crava-mirassol-na-serie-a-novorizontino-de-novo-vai-bater-na-trave\\\/#primaryimage\",\"url\":\"https:\\\/\\\/universoesportivo.net\\\/wp-content\\\/uploads\\\/2024\\\/11\\\/abrejef.jpg\",\"contentUrl\":\"https:\\\/\\\/universoesportivo.net\\\/wp-content\\\/uploads\\\/2024\\\/11\\\/abrejef.jpg\",\"width\":467,\"height\":313},{\"@type\":\"BreadcrumbList\",\"@id\":\"https:\\\/\\\/universoesportivo.net\\\/index.php\\\/2024\\\/11\\\/18\\\/cronista-crava-mirassol-na-serie-a-novorizontino-de-novo-vai-bater-na-trave\\\/#breadcrumb\",\"itemListElement\":[{\"@type\":\"ListItem\",\"position\":1,\"name\":\"In\u00edcio\",\"item\":\"https:\\\/\\\/universoesportivo.net\\\/\"},{\"@type\":\"ListItem\",\"position\":2,\"name\":\"Cronista crava Mirassol na S\u00e9rie A. Novorizontino, de novo, vai \u2018bater na trave\u2019\"}]},{\"@type\":\"WebSite\",\"@id\":\"https:\\\/\\\/universoesportivo.net\\\/#website\",\"url\":\"https:\\\/\\\/universoesportivo.net\\\/\",\"name\":\"Universo Esportivo\",\"description\":\"O portal de todas as modalidades esportivas!\",\"publisher\":{\"@id\":\"https:\\\/\\\/universoesportivo.net\\\/#organization\"},\"alternateName\":\"Jornalista Tiago Contador Lotto\",\"potentialAction\":[{\"@type\":\"SearchAction\",\"target\":{\"@type\":\"EntryPoint\",\"urlTemplate\":\"https:\\\/\\\/universoesportivo.net\\\/?s={search_term_string}\"},\"query-input\":{\"@type\":\"PropertyValueSpecification\",\"valueRequired\":true,\"valueName\":\"search_term_string\"}}],\"inLanguage\":\"pt-BR\"},{\"@type\":\"Organization\",\"@id\":\"https:\\\/\\\/universoesportivo.net\\\/#organization\",\"name\":\"Universo Esportivo\",\"alternateName\":\"Tiago Lotto\",\"url\":\"https:\\\/\\\/universoesportivo.net\\\/\",\"logo\":{\"@type\":\"ImageObject\",\"inLanguage\":\"pt-BR\",\"@id\":\"https:\\\/\\\/universoesportivo.net\\\/#\\\/schema\\\/logo\\\/image\\\/\",\"url\":\"https:\\\/\\\/universoesportivo.net\\\/wp-content\\\/uploads\\\/2024\\\/05\\\/cropped-cropped-universo-6.png\",\"contentUrl\":\"https:\\\/\\\/universoesportivo.net\\\/wp-content\\\/uploads\\\/2024\\\/05\\\/cropped-cropped-universo-6.png\",\"width\":413,\"height\":295,\"caption\":\"Universo Esportivo\"},\"image\":{\"@id\":\"https:\\\/\\\/universoesportivo.net\\\/#\\\/schema\\\/logo\\\/image\\\/\"},\"sameAs\":[\"https:\\\/\\\/www.facebook.com\\\/universoesportivo.net\"]},{\"@type\":\"Person\",\"@id\":\"https:\\\/\\\/universoesportivo.net\\\/#\\\/schema\\\/person\\\/62bc311bc7def56a6bc83711536e74bd\",\"name\":\"Tiago Lotto\",\"image\":{\"@type\":\"ImageObject\",\"inLanguage\":\"pt-BR\",\"@id\":\"https:\\\/\\\/secure.gravatar.com\\\/avatar\\\/fd6891125b3fb6ba0b794cd20c3398d5bb0fa20d2b9963a95f19470e5a6192f7?s=96&d=mm&r=g\",\"url\":\"https:\\\/\\\/secure.gravatar.com\\\/avatar\\\/fd6891125b3fb6ba0b794cd20c3398d5bb0fa20d2b9963a95f19470e5a6192f7?s=96&d=mm&r=g\",\"contentUrl\":\"https:\\\/\\\/secure.gravatar.com\\\/avatar\\\/fd6891125b3fb6ba0b794cd20c3398d5bb0fa20d2b9963a95f19470e5a6192f7?s=96&d=mm&r=g\",\"caption\":\"Tiago Lotto\"},\"url\":\"https:\\\/\\\/universoesportivo.net\\\/index.php\\\/author\\\/tiago-lotto\\\/\"}]}<\/script>\n<!-- \/ Yoast SEO plugin. -->","yoast_head_json":{"title":"Cronista crava Mirassol na S\u00e9rie A. Novorizontino, de novo, vai \u2018bater na trave\u2019 - Universo Esportivo","robots":{"index":"index","follow":"follow","max-snippet":"max-snippet:-1","max-image-preview":"max-image-preview:large","max-video-preview":"max-video-preview:-1"},"canonical":"https:\/\/universoesportivo.net\/index.php\/2024\/11\/18\/cronista-crava-mirassol-na-serie-a-novorizontino-de-novo-vai-bater-na-trave\/","og_locale":"pt_BR","og_type":"article","og_title":"Cronista crava Mirassol na S\u00e9rie A. Novorizontino, de novo, vai \u2018bater na trave\u2019 - Universo Esportivo","og_description":"Jefferson Paulucci comenta a fraca atua\u00e7\u00e3o do Novorizontino jogando em seu est\u00e1dio nos dois e decisivos \u00faltimos jogos do Brasileir\u00e3o S\u00e9rie B.","og_url":"https:\/\/universoesportivo.net\/index.php\/2024\/11\/18\/cronista-crava-mirassol-na-serie-a-novorizontino-de-novo-vai-bater-na-trave\/","og_site_name":"Universo Esportivo","article_publisher":"https:\/\/www.facebook.com\/universoesportivo.net","article_published_time":"2024-11-18T17:35:31+00:00","article_modified_time":"2024-11-18T20:09:33+00:00","og_image":[{"width":467,"height":313,"url":"https:\/\/universoesportivo.net\/wp-content\/uploads\/2024\/11\/abrejef.jpg","type":"image\/jpeg"}],"author":"Tiago Lotto","twitter_card":"summary_large_image","twitter_misc":{"Escrito por":"Tiago Lotto","Est. tempo de leitura":"4 minutos"},"schema":{"@context":"https:\/\/schema.org","@graph":[{"@type":"Article","@id":"https:\/\/universoesportivo.net\/index.php\/2024\/11\/18\/cronista-crava-mirassol-na-serie-a-novorizontino-de-novo-vai-bater-na-trave\/#article","isPartOf":{"@id":"https:\/\/universoesportivo.net\/index.php\/2024\/11\/18\/cronista-crava-mirassol-na-serie-a-novorizontino-de-novo-vai-bater-na-trave\/"},"author":{"name":"Tiago Lotto","@id":"https:\/\/universoesportivo.net\/#\/schema\/person\/62bc311bc7def56a6bc83711536e74bd"},"headline":"Cronista crava Mirassol na S\u00e9rie A. Novorizontino, de novo, vai \u2018bater na trave\u2019","datePublished":"2024-11-18T17:35:31+00:00","dateModified":"2024-11-18T20:09:33+00:00","mainEntityOfPage":{"@id":"https:\/\/universoesportivo.net\/index.php\/2024\/11\/18\/cronista-crava-mirassol-na-serie-a-novorizontino-de-novo-vai-bater-na-trave\/"},"wordCount":569,"publisher":{"@id":"https:\/\/universoesportivo.net\/#organization"},"image":{"@id":"https:\/\/universoesportivo.net\/index.php\/2024\/11\/18\/cronista-crava-mirassol-na-serie-a-novorizontino-de-novo-vai-bater-na-trave\/#primaryimage"},"thumbnailUrl":"https:\/\/universoesportivo.net\/wp-content\/uploads\/2024\/11\/abrejef.jpg","articleSection":["ARTIGO","ESPORTES"],"inLanguage":"pt-BR"},{"@type":"WebPage","@id":"https:\/\/universoesportivo.net\/index.php\/2024\/11\/18\/cronista-crava-mirassol-na-serie-a-novorizontino-de-novo-vai-bater-na-trave\/","url":"https:\/\/universoesportivo.net\/index.php\/2024\/11\/18\/cronista-crava-mirassol-na-serie-a-novorizontino-de-novo-vai-bater-na-trave\/","name":"Cronista crava Mirassol na S\u00e9rie A. Novorizontino, de novo, vai \u2018bater na trave\u2019 - Universo Esportivo","isPartOf":{"@id":"https:\/\/universoesportivo.net\/#website"},"primaryImageOfPage":{"@id":"https:\/\/universoesportivo.net\/index.php\/2024\/11\/18\/cronista-crava-mirassol-na-serie-a-novorizontino-de-novo-vai-bater-na-trave\/#primaryimage"},"image":{"@id":"https:\/\/universoesportivo.net\/index.php\/2024\/11\/18\/cronista-crava-mirassol-na-serie-a-novorizontino-de-novo-vai-bater-na-trave\/#primaryimage"},"thumbnailUrl":"https:\/\/universoesportivo.net\/wp-content\/uploads\/2024\/11\/abrejef.jpg","datePublished":"2024-11-18T17:35:31+00:00","dateModified":"2024-11-18T20:09:33+00:00","breadcrumb":{"@id":"https:\/\/universoesportivo.net\/index.php\/2024\/11\/18\/cronista-crava-mirassol-na-serie-a-novorizontino-de-novo-vai-bater-na-trave\/#breadcrumb"},"inLanguage":"pt-BR","potentialAction":[{"@type":"ReadAction","target":["https:\/\/universoesportivo.net\/index.php\/2024\/11\/18\/cronista-crava-mirassol-na-serie-a-novorizontino-de-novo-vai-bater-na-trave\/"]}]},{"@type":"ImageObject","inLanguage":"pt-BR","@id":"https:\/\/universoesportivo.net\/index.php\/2024\/11\/18\/cronista-crava-mirassol-na-serie-a-novorizontino-de-novo-vai-bater-na-trave\/#primaryimage","url":"https:\/\/universoesportivo.net\/wp-content\/uploads\/2024\/11\/abrejef.jpg","contentUrl":"https:\/\/universoesportivo.net\/wp-content\/uploads\/2024\/11\/abrejef.jpg","width":467,"height":313},{"@type":"BreadcrumbList","@id":"https:\/\/universoesportivo.net\/index.php\/2024\/11\/18\/cronista-crava-mirassol-na-serie-a-novorizontino-de-novo-vai-bater-na-trave\/#breadcrumb","itemListElement":[{"@type":"ListItem","position":1,"name":"In\u00edcio","item":"https:\/\/universoesportivo.net\/"},{"@type":"ListItem","position":2,"name":"Cronista crava Mirassol na S\u00e9rie A. Novorizontino, de novo, vai \u2018bater na trave\u2019"}]},{"@type":"WebSite","@id":"https:\/\/universoesportivo.net\/#website","url":"https:\/\/universoesportivo.net\/","name":"Universo Esportivo","description":"O portal de todas as modalidades esportivas!","publisher":{"@id":"https:\/\/universoesportivo.net\/#organization"},"alternateName":"Jornalista Tiago Contador Lotto","potentialAction":[{"@type":"SearchAction","target":{"@type":"EntryPoint","urlTemplate":"https:\/\/universoesportivo.net\/?s={search_term_string}"},"query-input":{"@type":"PropertyValueSpecification","valueRequired":true,"valueName":"search_term_string"}}],"inLanguage":"pt-BR"},{"@type":"Organization","@id":"https:\/\/universoesportivo.net\/#organization","name":"Universo Esportivo","alternateName":"Tiago Lotto","url":"https:\/\/universoesportivo.net\/","logo":{"@type":"ImageObject","inLanguage":"pt-BR","@id":"https:\/\/universoesportivo.net\/#\/schema\/logo\/image\/","url":"https:\/\/universoesportivo.net\/wp-content\/uploads\/2024\/05\/cropped-cropped-universo-6.png","contentUrl":"https:\/\/universoesportivo.net\/wp-content\/uploads\/2024\/05\/cropped-cropped-universo-6.png","width":413,"height":295,"caption":"Universo Esportivo"},"image":{"@id":"https:\/\/universoesportivo.net\/#\/schema\/logo\/image\/"},"sameAs":["https:\/\/www.facebook.com\/universoesportivo.net"]},{"@type":"Person","@id":"https:\/\/universoesportivo.net\/#\/schema\/person\/62bc311bc7def56a6bc83711536e74bd","name":"Tiago Lotto","image":{"@type":"ImageObject","inLanguage":"pt-BR","@id":"https:\/\/secure.gravatar.com\/avatar\/fd6891125b3fb6ba0b794cd20c3398d5bb0fa20d2b9963a95f19470e5a6192f7?s=96&d=mm&r=g","url":"https:\/\/secure.gravatar.com\/avatar\/fd6891125b3fb6ba0b794cd20c3398d5bb0fa20d2b9963a95f19470e5a6192f7?s=96&d=mm&r=g","contentUrl":"https:\/\/secure.gravatar.com\/avatar\/fd6891125b3fb6ba0b794cd20c3398d5bb0fa20d2b9963a95f19470e5a6192f7?s=96&d=mm&r=g","caption":"Tiago Lotto"},"url":"https:\/\/universoesportivo.net\/index.php\/author\/tiago-lotto\/"}]}},"jetpack_featured_media_url":"https:\/\/universoesportivo.net\/wp-content\/uploads\/2024\/11\/abrejef.jpg","_links":{"self":[{"href":"https:\/\/universoesportivo.net\/index.php\/wp-json\/wp\/v2\/posts\/1919","targetHints":{"allow":["GET"]}}],"collection":[{"href":"https:\/\/universoesportivo.net\/index.php\/wp-json\/wp\/v2\/posts"}],"about":[{"href":"https:\/\/universoesportivo.net\/index.php\/wp-json\/wp\/v2\/types\/post"}],"author":[{"embeddable":true,"href":"https:\/\/universoesportivo.net\/index.php\/wp-json\/wp\/v2\/users\/2"}],"replies":[{"embeddable":true,"href":"https:\/\/universoesportivo.net\/index.php\/wp-json\/wp\/v2\/comments?post=1919"}],"version-history":[{"count":3,"href":"https:\/\/universoesportivo.net\/index.php\/wp-json\/wp\/v2\/posts\/1919\/revisions"}],"predecessor-version":[{"id":1930,"href":"https:\/\/universoesportivo.net\/index.php\/wp-json\/wp\/v2\/posts\/1919\/revisions\/1930"}],"wp:featuredmedia":[{"embeddable":true,"href":"https:\/\/universoesportivo.net\/index.php\/wp-json\/wp\/v2\/media\/1920"}],"wp:attachment":[{"href":"https:\/\/universoesportivo.net\/index.php\/wp-json\/wp\/v2\/media?parent=1919"}],"wp:term":[{"taxonomy":"category","embeddable":true,"href":"https:\/\/universoesportivo.net\/index.php\/wp-json\/wp\/v2\/categories?post=1919"},{"taxonomy":"post_tag","embeddable":true,"href":"https:\/\/universoesportivo.net\/index.php\/wp-json\/wp\/v2\/tags?post=1919"}],"curies":[{"name":"wp","href":"https:\/\/api.w.org\/{rel}","templated":true}]}}