{"id":1956,"date":"2024-12-06T13:07:56","date_gmt":"2024-12-06T16:07:56","guid":{"rendered":"https:\/\/universoesportivo.net\/?p=1956"},"modified":"2024-12-07T00:10:46","modified_gmt":"2024-12-07T03:10:46","slug":"formula-e-temporada-2024-25-comeca-neste-sabado-7-em-sao-paulo-no-anhembi","status":"publish","type":"post","link":"https:\/\/universoesportivo.net\/index.php\/2024\/12\/06\/formula-e-temporada-2024-25-comeca-neste-sabado-7-em-sao-paulo-no-anhembi\/","title":{"rendered":"F\u00d3RMULA E: TEMPORADA 2024-25 COME\u00c7A NESTE S\u00c1BADO (7), EM S\u00c3O PAULO, NO ANHEMBI"},"content":{"rendered":"\n<p class=\"has-medium-font-size\">A principal categoria de automobilismo 100% el\u00e9trica do mundo,&nbsp;o E-Prix, far\u00e1 a abertura da Temporada 2024\/2025 da F\u00f3rmula E neste s\u00e1bado, 7 de dezembro, em S\u00e3o Paulo, no Samb\u00f3dromo do Anhembi. Al\u00e9m da corrida, o evento esportivo contar\u00e1 com atra\u00e7\u00f5es musicais, interatividade e muita adrenalina.<\/p>\n\n\n\n<p class=\"has-medium-font-size\">A F\u00f3rmula E \u00e9 uma categoria de automobilismo organizada pela Federa\u00e7\u00e3o Internacional de Automobilismo, a FIA, com carros\u00a0exclusivamente el\u00e9tricos. A primeira temporada da F\u00f3rmula E foi em 2014.<\/p>\n\n\n\n<p class=\"has-medium-font-size\">Durante a coletiva de imprensa sobre a corrida em S\u00e3o Paulo, nesta sexta-feira (6), o secret\u00e1rio municipal de Governo, Edson Aparecido, destacou o protagonismo da cidade quando o assunto \u00e9 sustentabilidade.<\/p>\n\n\n\n<p class=\"has-medium-font-size\">\u201cA identidade de S\u00e3o Paulo com a F\u00f3rmula E \u00e9 total porque os dois t\u00eam o DNA do futuro. S\u00e3o Paulo est\u00e1 trocando parte da sua frota de \u00f4nibus para ve\u00edculos no modelo el\u00e9trico. A mensagem que a F\u00f3rmula E traz para o mundo em quest\u00f5es de sustentabilidade, j\u00e1 fazemos aqui em S\u00e3o Paulo\u201d, destacou ele, que representou o prefeito Ricardo Nunes (que cumpriu agenda do Executivo na Argentina).<\/p>\n\n\n\n<p class=\"has-medium-font-size\">Segundo da Prefeitura de S\u00e3o Paulo, a administra\u00e7\u00e3o vai ativar uma\u00a0linha especial, que funciona somente com \u00f4nibus el\u00e9tricos, para transportar, na ida e na volta, o p\u00fablico que participar\u00e1 da abertura da F\u00f3rmula E. A iniciativa segue as diretrizes de sustentabilidade e energia limpa promovidas pelo campeonato automobil\u00edstico. <\/p>\n\n\n\n<p class=\"has-medium-font-size\">A SPTrans informou que a linha 179\/10 Metr\u00f4 Tiet\u00ea &#8211; Parque Anhembi ser\u00e1 ativada das 5h \u00e0s 19h no s\u00e1bado, dia 7 de dezembro.<\/p>\n\n\n\n<p class=\"has-medium-font-size\">\u00c9 a primeira vez que S\u00e3o Paulo sedia a abertura da temporada e essa ser\u00e1 a segunda edi\u00e7\u00e3o na capital neste ano e a terceira desde 2023. Segundo o presidente da S\u00e3o Paulo Turismo (SPTuris), Gustavo Pires, isso refor\u00e7a a import\u00e2ncia da capital no cen\u00e1rio global de corridas.<\/p>\n\n\n\n<p class=\"has-medium-font-size\">\u201cA F\u00f3rmula E \u00e9 um dos principais eventos que S\u00e3o Paulo recebe e, de fato, \u00e9 o \u00faltimo evento de propor\u00e7\u00e3o internacional da cidade que ser\u00e1 transmitido para mais de 185 pa\u00edses e tem um impacto tanto econ\u00f4mico quanto nas pautas de meio ambiente e sustentabilidade\u201d, frisou Pires.<\/p>\n\n\n\n<p class=\"has-medium-font-size\">De acordo com ele, a estimativa para o evento deste s\u00e1bado s\u00e3o R$ 210 milh\u00f5es de impacto econ\u00f4mico e gera\u00e7\u00e3o de aproximadamente 8 mil empregos diretos e indiretos. \u201c\u00c9 uma \u00f3tima forma de fechar ano, porque em 2024, a gest\u00e3o do prefeito Ricardo Nunes foi capaz de bater todos os recordes no setor de eventos e turismo\u201d, completou.<\/p>\n\n\n\n<p class=\"has-medium-font-size\">O CEO da F\u00f3rmula E, Jeff Dodds, (primeira foto abaixo) disse que \u00e9 uma honra estar em S\u00e3o Paulo. \u201cUma cidade acolhedora, e com certeza estaremos aqui por muitos anos. \u00c9 uma grande casa para a F\u00f3rmula E. N\u00f3s sabemos que os brasileiros amam automobilismo e t\u00eam uma rela\u00e7\u00e3o emocional com o esporte. Quando viemos, sentimos uma grande energia na corrida. E estamos vendo nascer uma nova gera\u00e7\u00e3o de f\u00e3s de F\u00f3rmula E\u201d, falou ele na coletiva de imprensa.<\/p>\n\n\n\n<p class=\"has-medium-font-size\">O Campeonato Mundial de F\u00f3rmula E se tornou o primeiro esporte global a ser certificado com uma pegada l\u00edquida de carbono zero, tendo investido em projetos certificados de prote\u00e7\u00e3o clim\u00e1tica em todos os mercados de corrida para compensar as emiss\u00f5es.<\/p>\n\n\n\n<p class=\"has-medium-font-size\"><strong>SERVI\u00c7O<\/strong><\/p>\n\n\n\n<p class=\"has-medium-font-size\">E-Prix de S\u00e3o Paulo \u2013 Abertura da Temporada 11 da F\u00f3rmula E\u00a0<\/p>\n\n\n\n<p class=\"has-medium-font-size\">Data: S\u00e1bado (07\/12)<\/p>\n\n\n\n<p class=\"has-medium-font-size\">Local: Samb\u00f3dromo do Anhembi<\/p>\n\n\n\n<p class=\"has-medium-font-size\">Endere\u00e7o: Av. Olavo Fontoura, 1209, Santana<br><br><strong>Hor\u00e1rios:<\/strong><\/p>\n\n\n\n<p class=\"has-medium-font-size\">07:30 &#8211; 08:00 &#8211; Sess\u00e3o de treino<\/p>\n\n\n\n<p class=\"has-medium-font-size\">09:40 &#8211; 11:03 \u2013 Qualifica\u00e7\u00e3o<\/p>\n\n\n\n<p class=\"has-medium-font-size\">14:00 \u2013 Corrida<\/p>\n\n\n\n<p class=\"has-medium-font-size\">15:00 &#8211; P\u00f3dio&nbsp;<\/p>\n\n\n\n<p class=\"has-medium-font-size\">Texto: Tiago Lotto, com SECOM &#8211; Prefeitura da Cidade de S\u00e3o Paulo \/ Fotos: Divulga\u00e7\u00e3o<\/p>\n\n\n\n<figure class=\"wp-block-image\"><img fetchpriority=\"high\" decoding=\"async\" width=\"300\" height=\"180\" src=\"https:\/\/universoesportivo.net\/wp-content\/uploads\/2024\/12\/abresambaceo.jpg\" alt=\"\" class=\"wp-image-1958\" srcset=\"https:\/\/universoesportivo.net\/wp-content\/uploads\/2024\/12\/abresambaceo.jpg 300w, https:\/\/universoesportivo.net\/wp-content\/uploads\/2024\/12\/abresambaceo-18x12.jpg 18w\" sizes=\"(max-width: 300px) 100vw, 300px\" \/><\/figure>\n\n\n\n<figure class=\"wp-block-image\"><img decoding=\"async\" width=\"432\" height=\"243\" src=\"https:\/\/universoesportivo.net\/wp-content\/uploads\/2024\/12\/abresamba2.png\" alt=\"\" class=\"wp-image-1957\" srcset=\"https:\/\/universoesportivo.net\/wp-content\/uploads\/2024\/12\/abresamba2.png 432w, https:\/\/universoesportivo.net\/wp-content\/uploads\/2024\/12\/abresamba2-300x169.png 300w, https:\/\/universoesportivo.net\/wp-content\/uploads\/2024\/12\/abresamba2-18x10.png 18w\" sizes=\"(max-width: 432px) 100vw, 432px\" \/><\/figure>\n","protected":false},"excerpt":{"rendered":"<p>\u00c9 a primeira vez que S\u00e3o Paulo sedia a abertura da temporada e essa ser\u00e1 a segunda edi\u00e7\u00e3o na capital neste ano e a terceira desde 2023. <\/p>\n","protected":false},"author":2,"featured_media":1959,"comment_status":"closed","ping_status":"closed","sticky":false,"template":"","format":"standard","meta":{"colormag_page_container_layout":"default_layout","colormag_page_sidebar_layout":"default_layout","footnotes":""},"categories":[17,64],"tags":[],"class_list":["post-1956","post","type-post","status-publish","format-standard","has-post-thumbnail","hentry","category-esportes","category-formula-e"],"magazineBlocksPostFeaturedMedia":{"thumbnail":"https:\/\/universoesportivo.net\/wp-content\/uploads\/2024\/12\/abresamba-150x150.jpg","medium":"https:\/\/universoesportivo.net\/wp-content\/uploads\/2024\/12\/abresamba-300x200.jpg","medium_large":"https:\/\/universoesportivo.net\/wp-content\/uploads\/2024\/12\/abresamba.jpg","large":"https:\/\/universoesportivo.net\/wp-content\/uploads\/2024\/12\/abresamba.jpg","1536x1536":"https:\/\/universoesportivo.net\/wp-content\/uploads\/2024\/12\/abresamba.jpg","2048x2048":"https:\/\/universoesportivo.net\/wp-content\/uploads\/2024\/12\/abresamba.jpg","trp-custom-language-flag":"https:\/\/universoesportivo.net\/wp-content\/uploads\/2024\/12\/abresamba-18x12.jpg","colormag-highlighted-post":"https:\/\/universoesportivo.net\/wp-content\/uploads\/2024\/12\/abresamba-392x272.jpg","colormag-featured-post-medium":"https:\/\/universoesportivo.net\/wp-content\/uploads\/2024\/12\/abresamba-390x205.jpg","colormag-featured-post-small":"https:\/\/universoesportivo.net\/wp-content\/uploads\/2024\/12\/abresamba-130x90.jpg","colormag-featured-image":"https:\/\/universoesportivo.net\/wp-content\/uploads\/2024\/12\/abresamba.jpg","colormag-default-news":"https:\/\/universoesportivo.net\/wp-content\/uploads\/2024\/12\/abresamba-150x150.jpg","colormag-featured-image-large":"https:\/\/universoesportivo.net\/wp-content\/uploads\/2024\/12\/abresamba.jpg","colormag-elementor-block-extra-large-thumbnail":"https:\/\/universoesportivo.net\/wp-content\/uploads\/2024\/12\/abresamba.jpg","colormag-elementor-grid-large-thumbnail":"https:\/\/universoesportivo.net\/wp-content\/uploads\/2024\/12\/abresamba.jpg","colormag-elementor-grid-small-thumbnail":"https:\/\/universoesportivo.net\/wp-content\/uploads\/2024\/12\/abresamba-285x274.jpg","colormag-elementor-grid-medium-large-thumbnail":"https:\/\/universoesportivo.net\/wp-content\/uploads\/2024\/12\/abresamba-410x198.jpg"},"magazineBlocksPostAuthor":{"name":"Tiago Lotto","avatar":"https:\/\/secure.gravatar.com\/avatar\/fd6891125b3fb6ba0b794cd20c3398d5bb0fa20d2b9963a95f19470e5a6192f7?s=96&d=mm&r=g"},"magazineBlocksPostCommentsNumber":false,"magazineBlocksPostExcerpt":"\u00c9 a primeira vez que S\u00e3o Paulo sedia a abertura da temporada e essa ser\u00e1 a segunda edi\u00e7\u00e3o na capital neste ano e a terceira desde 2023. ","magazineBlocksPostCategories":["ESPORTES","F\u00f3rmula-E"],"magazineBlocksPostViewCount":28,"magazineBlocksPostReadTime":4,"magazine_blocks_featured_image_url":{"full":["https:\/\/universoesportivo.net\/wp-content\/uploads\/2024\/12\/abresamba.jpg",410,274,false],"medium":["https:\/\/universoesportivo.net\/wp-content\/uploads\/2024\/12\/abresamba-300x200.jpg",300,200,true],"thumbnail":["https:\/\/universoesportivo.net\/wp-content\/uploads\/2024\/12\/abresamba-150x150.jpg",150,150,true]},"magazine_blocks_author":{"display_name":"Tiago Lotto","author_link":"https:\/\/universoesportivo.net\/index.php\/author\/tiago-lotto\/"},"magazine_blocks_comment":0,"magazine_blocks_author_image":"https:\/\/secure.gravatar.com\/avatar\/fd6891125b3fb6ba0b794cd20c3398d5bb0fa20d2b9963a95f19470e5a6192f7?s=96&d=mm&r=g","magazine_blocks_category":"<a href=\"#\" class=\"category-link category-link-17\">ESPORTES<\/a> <a href=\"#\" class=\"category-link category-link-64\">F\u00f3rmula-E<\/a>","yoast_head":"<!-- This site is optimized with the Yoast SEO plugin v27.4 - https:\/\/yoast.com\/product\/yoast-seo-wordpress\/ -->\n<title>F\u00d3RMULA E: TEMPORADA 2024-25 COME\u00c7A NESTE S\u00c1BADO (7), EM S\u00c3O PAULO, NO ANHEMBI - Universo Esportivo<\/title>\n<meta name=\"robots\" content=\"index, follow, max-snippet:-1, max-image-preview:large, max-video-preview:-1\" \/>\n<link rel=\"canonical\" href=\"https:\/\/universoesportivo.net\/index.php\/2024\/12\/06\/formula-e-temporada-2024-25-comeca-neste-sabado-7-em-sao-paulo-no-anhembi\/\" \/>\n<meta property=\"og:locale\" content=\"pt_BR\" \/>\n<meta property=\"og:type\" content=\"article\" \/>\n<meta property=\"og:title\" content=\"F\u00d3RMULA E: TEMPORADA 2024-25 COME\u00c7A NESTE S\u00c1BADO (7), EM S\u00c3O PAULO, NO ANHEMBI - Universo Esportivo\" \/>\n<meta property=\"og:description\" content=\"\u00c9 a primeira vez que S\u00e3o Paulo sedia a abertura da temporada e essa ser\u00e1 a segunda edi\u00e7\u00e3o na capital neste ano e a terceira desde 2023.\" \/>\n<meta property=\"og:url\" content=\"https:\/\/universoesportivo.net\/index.php\/2024\/12\/06\/formula-e-temporada-2024-25-comeca-neste-sabado-7-em-sao-paulo-no-anhembi\/\" \/>\n<meta property=\"og:site_name\" content=\"Universo Esportivo\" \/>\n<meta property=\"article:publisher\" content=\"https:\/\/www.facebook.com\/universoesportivo.net\" \/>\n<meta property=\"article:published_time\" content=\"2024-12-06T16:07:56+00:00\" \/>\n<meta property=\"article:modified_time\" content=\"2024-12-07T03:10:46+00:00\" \/>\n<meta property=\"og:image\" content=\"https:\/\/universoesportivo.net\/wp-content\/uploads\/2024\/12\/abresamba.jpg\" \/>\n\t<meta property=\"og:image:width\" content=\"410\" \/>\n\t<meta property=\"og:image:height\" content=\"274\" \/>\n\t<meta property=\"og:image:type\" content=\"image\/jpeg\" \/>\n<meta name=\"author\" content=\"Tiago Lotto\" \/>\n<meta name=\"twitter:card\" content=\"summary_large_image\" \/>\n<meta name=\"twitter:label1\" content=\"Escrito por\" \/>\n\t<meta name=\"twitter:data1\" content=\"Tiago Lotto\" \/>\n\t<meta name=\"twitter:label2\" content=\"Est. tempo de leitura\" \/>\n\t<meta name=\"twitter:data2\" content=\"4 minutos\" \/>\n<script type=\"application\/ld+json\" class=\"yoast-schema-graph\">{\"@context\":\"https:\\\/\\\/schema.org\",\"@graph\":[{\"@type\":\"Article\",\"@id\":\"https:\\\/\\\/universoesportivo.net\\\/index.php\\\/2024\\\/12\\\/06\\\/formula-e-temporada-2024-25-comeca-neste-sabado-7-em-sao-paulo-no-anhembi\\\/#article\",\"isPartOf\":{\"@id\":\"https:\\\/\\\/universoesportivo.net\\\/index.php\\\/2024\\\/12\\\/06\\\/formula-e-temporada-2024-25-comeca-neste-sabado-7-em-sao-paulo-no-anhembi\\\/\"},\"author\":{\"name\":\"Tiago Lotto\",\"@id\":\"https:\\\/\\\/universoesportivo.net\\\/#\\\/schema\\\/person\\\/62bc311bc7def56a6bc83711536e74bd\"},\"headline\":\"F\u00d3RMULA E: TEMPORADA 2024-25 COME\u00c7A NESTE S\u00c1BADO (7), EM S\u00c3O PAULO, NO ANHEMBI\",\"datePublished\":\"2024-12-06T16:07:56+00:00\",\"dateModified\":\"2024-12-07T03:10:46+00:00\",\"mainEntityOfPage\":{\"@id\":\"https:\\\/\\\/universoesportivo.net\\\/index.php\\\/2024\\\/12\\\/06\\\/formula-e-temporada-2024-25-comeca-neste-sabado-7-em-sao-paulo-no-anhembi\\\/\"},\"wordCount\":637,\"publisher\":{\"@id\":\"https:\\\/\\\/universoesportivo.net\\\/#organization\"},\"image\":{\"@id\":\"https:\\\/\\\/universoesportivo.net\\\/index.php\\\/2024\\\/12\\\/06\\\/formula-e-temporada-2024-25-comeca-neste-sabado-7-em-sao-paulo-no-anhembi\\\/#primaryimage\"},\"thumbnailUrl\":\"https:\\\/\\\/universoesportivo.net\\\/wp-content\\\/uploads\\\/2024\\\/12\\\/abresamba.jpg\",\"articleSection\":[\"ESPORTES\",\"F\u00f3rmula-E\"],\"inLanguage\":\"pt-BR\"},{\"@type\":\"WebPage\",\"@id\":\"https:\\\/\\\/universoesportivo.net\\\/index.php\\\/2024\\\/12\\\/06\\\/formula-e-temporada-2024-25-comeca-neste-sabado-7-em-sao-paulo-no-anhembi\\\/\",\"url\":\"https:\\\/\\\/universoesportivo.net\\\/index.php\\\/2024\\\/12\\\/06\\\/formula-e-temporada-2024-25-comeca-neste-sabado-7-em-sao-paulo-no-anhembi\\\/\",\"name\":\"F\u00d3RMULA E: TEMPORADA 2024-25 COME\u00c7A NESTE S\u00c1BADO (7), EM S\u00c3O PAULO, NO ANHEMBI - Universo Esportivo\",\"isPartOf\":{\"@id\":\"https:\\\/\\\/universoesportivo.net\\\/#website\"},\"primaryImageOfPage\":{\"@id\":\"https:\\\/\\\/universoesportivo.net\\\/index.php\\\/2024\\\/12\\\/06\\\/formula-e-temporada-2024-25-comeca-neste-sabado-7-em-sao-paulo-no-anhembi\\\/#primaryimage\"},\"image\":{\"@id\":\"https:\\\/\\\/universoesportivo.net\\\/index.php\\\/2024\\\/12\\\/06\\\/formula-e-temporada-2024-25-comeca-neste-sabado-7-em-sao-paulo-no-anhembi\\\/#primaryimage\"},\"thumbnailUrl\":\"https:\\\/\\\/universoesportivo.net\\\/wp-content\\\/uploads\\\/2024\\\/12\\\/abresamba.jpg\",\"datePublished\":\"2024-12-06T16:07:56+00:00\",\"dateModified\":\"2024-12-07T03:10:46+00:00\",\"breadcrumb\":{\"@id\":\"https:\\\/\\\/universoesportivo.net\\\/index.php\\\/2024\\\/12\\\/06\\\/formula-e-temporada-2024-25-comeca-neste-sabado-7-em-sao-paulo-no-anhembi\\\/#breadcrumb\"},\"inLanguage\":\"pt-BR\",\"potentialAction\":[{\"@type\":\"ReadAction\",\"target\":[\"https:\\\/\\\/universoesportivo.net\\\/index.php\\\/2024\\\/12\\\/06\\\/formula-e-temporada-2024-25-comeca-neste-sabado-7-em-sao-paulo-no-anhembi\\\/\"]}]},{\"@type\":\"ImageObject\",\"inLanguage\":\"pt-BR\",\"@id\":\"https:\\\/\\\/universoesportivo.net\\\/index.php\\\/2024\\\/12\\\/06\\\/formula-e-temporada-2024-25-comeca-neste-sabado-7-em-sao-paulo-no-anhembi\\\/#primaryimage\",\"url\":\"https:\\\/\\\/universoesportivo.net\\\/wp-content\\\/uploads\\\/2024\\\/12\\\/abresamba.jpg\",\"contentUrl\":\"https:\\\/\\\/universoesportivo.net\\\/wp-content\\\/uploads\\\/2024\\\/12\\\/abresamba.jpg\",\"width\":410,\"height\":274,\"caption\":\"Formula E \u2013 S\u00e3o Paulo (SP) \u2013 16.03.2024 - F\u00f3rmula E ( E-Prix) . Corrida de carros el\u00e9tricos no Samb\u00f3dromo do Anhembi. Resultado: primeiro colocado: Sam Bird, segundo colocado: Mitch Evans e terceiro colocado: Oliver Rowland. Foto: Jose Cordeiro\\\/SPTuris\"},{\"@type\":\"BreadcrumbList\",\"@id\":\"https:\\\/\\\/universoesportivo.net\\\/index.php\\\/2024\\\/12\\\/06\\\/formula-e-temporada-2024-25-comeca-neste-sabado-7-em-sao-paulo-no-anhembi\\\/#breadcrumb\",\"itemListElement\":[{\"@type\":\"ListItem\",\"position\":1,\"name\":\"In\u00edcio\",\"item\":\"https:\\\/\\\/universoesportivo.net\\\/\"},{\"@type\":\"ListItem\",\"position\":2,\"name\":\"F\u00d3RMULA E: TEMPORADA 2024-25 COME\u00c7A NESTE S\u00c1BADO (7), EM S\u00c3O PAULO, NO ANHEMBI\"}]},{\"@type\":\"WebSite\",\"@id\":\"https:\\\/\\\/universoesportivo.net\\\/#website\",\"url\":\"https:\\\/\\\/universoesportivo.net\\\/\",\"name\":\"Universo Esportivo\",\"description\":\"O portal de todas as modalidades esportivas!\",\"publisher\":{\"@id\":\"https:\\\/\\\/universoesportivo.net\\\/#organization\"},\"alternateName\":\"Jornalista Tiago Contador Lotto\",\"potentialAction\":[{\"@type\":\"SearchAction\",\"target\":{\"@type\":\"EntryPoint\",\"urlTemplate\":\"https:\\\/\\\/universoesportivo.net\\\/?s={search_term_string}\"},\"query-input\":{\"@type\":\"PropertyValueSpecification\",\"valueRequired\":true,\"valueName\":\"search_term_string\"}}],\"inLanguage\":\"pt-BR\"},{\"@type\":\"Organization\",\"@id\":\"https:\\\/\\\/universoesportivo.net\\\/#organization\",\"name\":\"Universo Esportivo\",\"alternateName\":\"Tiago Lotto\",\"url\":\"https:\\\/\\\/universoesportivo.net\\\/\",\"logo\":{\"@type\":\"ImageObject\",\"inLanguage\":\"pt-BR\",\"@id\":\"https:\\\/\\\/universoesportivo.net\\\/#\\\/schema\\\/logo\\\/image\\\/\",\"url\":\"https:\\\/\\\/universoesportivo.net\\\/wp-content\\\/uploads\\\/2024\\\/05\\\/cropped-cropped-universo-6.png\",\"contentUrl\":\"https:\\\/\\\/universoesportivo.net\\\/wp-content\\\/uploads\\\/2024\\\/05\\\/cropped-cropped-universo-6.png\",\"width\":413,\"height\":295,\"caption\":\"Universo Esportivo\"},\"image\":{\"@id\":\"https:\\\/\\\/universoesportivo.net\\\/#\\\/schema\\\/logo\\\/image\\\/\"},\"sameAs\":[\"https:\\\/\\\/www.facebook.com\\\/universoesportivo.net\"]},{\"@type\":\"Person\",\"@id\":\"https:\\\/\\\/universoesportivo.net\\\/#\\\/schema\\\/person\\\/62bc311bc7def56a6bc83711536e74bd\",\"name\":\"Tiago Lotto\",\"image\":{\"@type\":\"ImageObject\",\"inLanguage\":\"pt-BR\",\"@id\":\"https:\\\/\\\/secure.gravatar.com\\\/avatar\\\/fd6891125b3fb6ba0b794cd20c3398d5bb0fa20d2b9963a95f19470e5a6192f7?s=96&d=mm&r=g\",\"url\":\"https:\\\/\\\/secure.gravatar.com\\\/avatar\\\/fd6891125b3fb6ba0b794cd20c3398d5bb0fa20d2b9963a95f19470e5a6192f7?s=96&d=mm&r=g\",\"contentUrl\":\"https:\\\/\\\/secure.gravatar.com\\\/avatar\\\/fd6891125b3fb6ba0b794cd20c3398d5bb0fa20d2b9963a95f19470e5a6192f7?s=96&d=mm&r=g\",\"caption\":\"Tiago Lotto\"},\"url\":\"https:\\\/\\\/universoesportivo.net\\\/index.php\\\/author\\\/tiago-lotto\\\/\"}]}<\/script>\n<!-- \/ Yoast SEO plugin. -->","yoast_head_json":{"title":"F\u00d3RMULA E: TEMPORADA 2024-25 COME\u00c7A NESTE S\u00c1BADO (7), EM S\u00c3O PAULO, NO ANHEMBI - Universo Esportivo","robots":{"index":"index","follow":"follow","max-snippet":"max-snippet:-1","max-image-preview":"max-image-preview:large","max-video-preview":"max-video-preview:-1"},"canonical":"https:\/\/universoesportivo.net\/index.php\/2024\/12\/06\/formula-e-temporada-2024-25-comeca-neste-sabado-7-em-sao-paulo-no-anhembi\/","og_locale":"pt_BR","og_type":"article","og_title":"F\u00d3RMULA E: TEMPORADA 2024-25 COME\u00c7A NESTE S\u00c1BADO (7), EM S\u00c3O PAULO, NO ANHEMBI - Universo Esportivo","og_description":"\u00c9 a primeira vez que S\u00e3o Paulo sedia a abertura da temporada e essa ser\u00e1 a segunda edi\u00e7\u00e3o na capital neste ano e a terceira desde 2023.","og_url":"https:\/\/universoesportivo.net\/index.php\/2024\/12\/06\/formula-e-temporada-2024-25-comeca-neste-sabado-7-em-sao-paulo-no-anhembi\/","og_site_name":"Universo Esportivo","article_publisher":"https:\/\/www.facebook.com\/universoesportivo.net","article_published_time":"2024-12-06T16:07:56+00:00","article_modified_time":"2024-12-07T03:10:46+00:00","og_image":[{"width":410,"height":274,"url":"https:\/\/universoesportivo.net\/wp-content\/uploads\/2024\/12\/abresamba.jpg","type":"image\/jpeg"}],"author":"Tiago Lotto","twitter_card":"summary_large_image","twitter_misc":{"Escrito por":"Tiago Lotto","Est. tempo de leitura":"4 minutos"},"schema":{"@context":"https:\/\/schema.org","@graph":[{"@type":"Article","@id":"https:\/\/universoesportivo.net\/index.php\/2024\/12\/06\/formula-e-temporada-2024-25-comeca-neste-sabado-7-em-sao-paulo-no-anhembi\/#article","isPartOf":{"@id":"https:\/\/universoesportivo.net\/index.php\/2024\/12\/06\/formula-e-temporada-2024-25-comeca-neste-sabado-7-em-sao-paulo-no-anhembi\/"},"author":{"name":"Tiago Lotto","@id":"https:\/\/universoesportivo.net\/#\/schema\/person\/62bc311bc7def56a6bc83711536e74bd"},"headline":"F\u00d3RMULA E: TEMPORADA 2024-25 COME\u00c7A NESTE S\u00c1BADO (7), EM S\u00c3O PAULO, NO ANHEMBI","datePublished":"2024-12-06T16:07:56+00:00","dateModified":"2024-12-07T03:10:46+00:00","mainEntityOfPage":{"@id":"https:\/\/universoesportivo.net\/index.php\/2024\/12\/06\/formula-e-temporada-2024-25-comeca-neste-sabado-7-em-sao-paulo-no-anhembi\/"},"wordCount":637,"publisher":{"@id":"https:\/\/universoesportivo.net\/#organization"},"image":{"@id":"https:\/\/universoesportivo.net\/index.php\/2024\/12\/06\/formula-e-temporada-2024-25-comeca-neste-sabado-7-em-sao-paulo-no-anhembi\/#primaryimage"},"thumbnailUrl":"https:\/\/universoesportivo.net\/wp-content\/uploads\/2024\/12\/abresamba.jpg","articleSection":["ESPORTES","F\u00f3rmula-E"],"inLanguage":"pt-BR"},{"@type":"WebPage","@id":"https:\/\/universoesportivo.net\/index.php\/2024\/12\/06\/formula-e-temporada-2024-25-comeca-neste-sabado-7-em-sao-paulo-no-anhembi\/","url":"https:\/\/universoesportivo.net\/index.php\/2024\/12\/06\/formula-e-temporada-2024-25-comeca-neste-sabado-7-em-sao-paulo-no-anhembi\/","name":"F\u00d3RMULA E: TEMPORADA 2024-25 COME\u00c7A NESTE S\u00c1BADO (7), EM S\u00c3O PAULO, NO ANHEMBI - Universo Esportivo","isPartOf":{"@id":"https:\/\/universoesportivo.net\/#website"},"primaryImageOfPage":{"@id":"https:\/\/universoesportivo.net\/index.php\/2024\/12\/06\/formula-e-temporada-2024-25-comeca-neste-sabado-7-em-sao-paulo-no-anhembi\/#primaryimage"},"image":{"@id":"https:\/\/universoesportivo.net\/index.php\/2024\/12\/06\/formula-e-temporada-2024-25-comeca-neste-sabado-7-em-sao-paulo-no-anhembi\/#primaryimage"},"thumbnailUrl":"https:\/\/universoesportivo.net\/wp-content\/uploads\/2024\/12\/abresamba.jpg","datePublished":"2024-12-06T16:07:56+00:00","dateModified":"2024-12-07T03:10:46+00:00","breadcrumb":{"@id":"https:\/\/universoesportivo.net\/index.php\/2024\/12\/06\/formula-e-temporada-2024-25-comeca-neste-sabado-7-em-sao-paulo-no-anhembi\/#breadcrumb"},"inLanguage":"pt-BR","potentialAction":[{"@type":"ReadAction","target":["https:\/\/universoesportivo.net\/index.php\/2024\/12\/06\/formula-e-temporada-2024-25-comeca-neste-sabado-7-em-sao-paulo-no-anhembi\/"]}]},{"@type":"ImageObject","inLanguage":"pt-BR","@id":"https:\/\/universoesportivo.net\/index.php\/2024\/12\/06\/formula-e-temporada-2024-25-comeca-neste-sabado-7-em-sao-paulo-no-anhembi\/#primaryimage","url":"https:\/\/universoesportivo.net\/wp-content\/uploads\/2024\/12\/abresamba.jpg","contentUrl":"https:\/\/universoesportivo.net\/wp-content\/uploads\/2024\/12\/abresamba.jpg","width":410,"height":274,"caption":"Formula E \u2013 S\u00e3o Paulo (SP) \u2013 16.03.2024 - F\u00f3rmula E ( E-Prix) . Corrida de carros el\u00e9tricos no Samb\u00f3dromo do Anhembi. Resultado: primeiro colocado: Sam Bird, segundo colocado: Mitch Evans e terceiro colocado: Oliver Rowland. Foto: Jose Cordeiro\/SPTuris"},{"@type":"BreadcrumbList","@id":"https:\/\/universoesportivo.net\/index.php\/2024\/12\/06\/formula-e-temporada-2024-25-comeca-neste-sabado-7-em-sao-paulo-no-anhembi\/#breadcrumb","itemListElement":[{"@type":"ListItem","position":1,"name":"In\u00edcio","item":"https:\/\/universoesportivo.net\/"},{"@type":"ListItem","position":2,"name":"F\u00d3RMULA E: TEMPORADA 2024-25 COME\u00c7A NESTE S\u00c1BADO (7), EM S\u00c3O PAULO, NO ANHEMBI"}]},{"@type":"WebSite","@id":"https:\/\/universoesportivo.net\/#website","url":"https:\/\/universoesportivo.net\/","name":"Universo Esportivo","description":"O portal de todas as modalidades esportivas!","publisher":{"@id":"https:\/\/universoesportivo.net\/#organization"},"alternateName":"Jornalista Tiago Contador Lotto","potentialAction":[{"@type":"SearchAction","target":{"@type":"EntryPoint","urlTemplate":"https:\/\/universoesportivo.net\/?s={search_term_string}"},"query-input":{"@type":"PropertyValueSpecification","valueRequired":true,"valueName":"search_term_string"}}],"inLanguage":"pt-BR"},{"@type":"Organization","@id":"https:\/\/universoesportivo.net\/#organization","name":"Universo Esportivo","alternateName":"Tiago Lotto","url":"https:\/\/universoesportivo.net\/","logo":{"@type":"ImageObject","inLanguage":"pt-BR","@id":"https:\/\/universoesportivo.net\/#\/schema\/logo\/image\/","url":"https:\/\/universoesportivo.net\/wp-content\/uploads\/2024\/05\/cropped-cropped-universo-6.png","contentUrl":"https:\/\/universoesportivo.net\/wp-content\/uploads\/2024\/05\/cropped-cropped-universo-6.png","width":413,"height":295,"caption":"Universo Esportivo"},"image":{"@id":"https:\/\/universoesportivo.net\/#\/schema\/logo\/image\/"},"sameAs":["https:\/\/www.facebook.com\/universoesportivo.net"]},{"@type":"Person","@id":"https:\/\/universoesportivo.net\/#\/schema\/person\/62bc311bc7def56a6bc83711536e74bd","name":"Tiago Lotto","image":{"@type":"ImageObject","inLanguage":"pt-BR","@id":"https:\/\/secure.gravatar.com\/avatar\/fd6891125b3fb6ba0b794cd20c3398d5bb0fa20d2b9963a95f19470e5a6192f7?s=96&d=mm&r=g","url":"https:\/\/secure.gravatar.com\/avatar\/fd6891125b3fb6ba0b794cd20c3398d5bb0fa20d2b9963a95f19470e5a6192f7?s=96&d=mm&r=g","contentUrl":"https:\/\/secure.gravatar.com\/avatar\/fd6891125b3fb6ba0b794cd20c3398d5bb0fa20d2b9963a95f19470e5a6192f7?s=96&d=mm&r=g","caption":"Tiago Lotto"},"url":"https:\/\/universoesportivo.net\/index.php\/author\/tiago-lotto\/"}]}},"jetpack_featured_media_url":"https:\/\/universoesportivo.net\/wp-content\/uploads\/2024\/12\/abresamba.jpg","_links":{"self":[{"href":"https:\/\/universoesportivo.net\/index.php\/wp-json\/wp\/v2\/posts\/1956","targetHints":{"allow":["GET"]}}],"collection":[{"href":"https:\/\/universoesportivo.net\/index.php\/wp-json\/wp\/v2\/posts"}],"about":[{"href":"https:\/\/universoesportivo.net\/index.php\/wp-json\/wp\/v2\/types\/post"}],"author":[{"embeddable":true,"href":"https:\/\/universoesportivo.net\/index.php\/wp-json\/wp\/v2\/users\/2"}],"replies":[{"embeddable":true,"href":"https:\/\/universoesportivo.net\/index.php\/wp-json\/wp\/v2\/comments?post=1956"}],"version-history":[{"count":2,"href":"https:\/\/universoesportivo.net\/index.php\/wp-json\/wp\/v2\/posts\/1956\/revisions"}],"predecessor-version":[{"id":1962,"href":"https:\/\/universoesportivo.net\/index.php\/wp-json\/wp\/v2\/posts\/1956\/revisions\/1962"}],"wp:featuredmedia":[{"embeddable":true,"href":"https:\/\/universoesportivo.net\/index.php\/wp-json\/wp\/v2\/media\/1959"}],"wp:attachment":[{"href":"https:\/\/universoesportivo.net\/index.php\/wp-json\/wp\/v2\/media?parent=1956"}],"wp:term":[{"taxonomy":"category","embeddable":true,"href":"https:\/\/universoesportivo.net\/index.php\/wp-json\/wp\/v2\/categories?post=1956"},{"taxonomy":"post_tag","embeddable":true,"href":"https:\/\/universoesportivo.net\/index.php\/wp-json\/wp\/v2\/tags?post=1956"}],"curies":[{"name":"wp","href":"https:\/\/api.w.org\/{rel}","templated":true}]}}