{"id":1963,"date":"2024-12-07T21:33:32","date_gmt":"2024-12-08T00:33:32","guid":{"rendered":"https:\/\/universoesportivo.net\/?p=1963"},"modified":"2024-12-08T21:12:41","modified_gmt":"2024-12-09T00:12:41","slug":"neozelandes-mitch-evans-vence-formula-e-de-sao-paulo-apos-largar-na-ultima-posicao","status":"publish","type":"post","link":"https:\/\/universoesportivo.net\/index.php\/2024\/12\/07\/neozelandes-mitch-evans-vence-formula-e-de-sao-paulo-apos-largar-na-ultima-posicao\/","title":{"rendered":"NEOZELAND\u00caS MITCH EVANS VENCE F\u00d3RMULA E DE S\u00c3O PAULO AP\u00d3S LARGAR NA \u00daLTIMA POSI\u00c7\u00c3O"},"content":{"rendered":"\n<p class=\"has-medium-font-size\">O piloto neozeland\u00eas Mitch Evans, da Jaguar (foto abaixo), venceu o eP de s\u00e3o Paulo, a principal categoria de automobilismo 100% el\u00e9trica do mundo, ap\u00f3s largar na \u00faltima posi\u00e7\u00e3o. A abertura da F\u00f3rmula E 2024\/25 ocorreu na tarde deste s\u00e1bado, dia 7 de dezembro, no Samb\u00f3dromo do Anhembi, na capital paulista. Foi a primeira etapa do campeonato mundial, tamb\u00e9m chamado de E-Prix.<\/p>\n\n\n\n<p class=\"has-medium-font-size\">Em uma das bandeiras vermelhas da prova, o pole-position Pascal Wehrlein foi atingido por Nick Cassidy na sa\u00edda da chicane da reta oposta. Wehrlein decolou de lado no muro e capotou, por\u00e9m n\u00e3o ficou ferido.<\/p>\n\n\n\n<p class=\"has-medium-font-size\">O piloto portugu\u00eas\u00a0Ant\u00f3nio F\u00e9lix da Costa\u00a0(Porsche) foi segundo classificado no E-Prix de F\u00f3rmula E do Brasil e o brit\u00e2nico Taylor Barnard (McLaren) ficou em terceiro. O brasileiro Lucas Di Grassi<strong>\u00a0<\/strong>abandonou de maneira precoce e n\u00e3o pontuou na abertura da temporada. Na s\u00e9tima volta, ele teve problemas no motor.<\/p>\n\n\n\n<p class=\"has-medium-font-size\">Parceira do evento, a Prefeitura de S\u00e3o Paulo foi fundamental para a realiza\u00e7\u00e3o da prova no Samb\u00f3dromo. O prefeito Ricardo Nunes visitou a competi\u00e7\u00e3o e elogiou a estrutura montada.<\/p>\n\n\n\n<p class=\"has-medium-font-size\">A F\u00f3rmula E volta a acelerar nos dias 10 e 11 de janeiro do pr\u00f3ximo ano, com o&nbsp;eP da Cidade do M\u00e9xico<strong>, <\/strong>para a 2\u00aa etapa do calend\u00e1rio.<\/p>\n\n\n\n<p class=\"has-medium-font-size\">Classifica\u00e7\u00e3o completa do E-Prix de S\u00e3o Paulo:<\/p>\n\n\n\n<p class=\"has-medium-font-size\">1 &#8211; Mitch Evans (foto abaixo e carro preto abaixo do p\u00fablico)<br>2 &#8211; Ant\u00f4nio F\u00e9lix da Costa<br>3 &#8211; Taylor Barnard<br>4 &#8211; Sam Bird<br>5 &#8211; Edoardo Mortara<br>6 &#8211; Norman Nato<br>7 &#8211; Nyck De Vries<br>8 &#8211; Sebastien Buemi<br>9 &#8211; Dan TickTum<br>10 &#8211; Stoffel Vandoorne<br>11 &#8211; Maximilian G\u00fcnther<br>12 &#8211; Zane Maloney<br>13 &#8211; Oliver Rowland<br>14 &#8211; Nick Cassidy<\/p>\n\n\n\n<p class=\"has-medium-font-size\">Pascal Wehrley, David Beckmann, Jake Dennis, Lucas Di Grassi, Jake Hughes, Nico M\u00fcller e Robin Frijns n\u00e3o conclu\u00edram a corrida.<\/p>\n\n\n\n<p class=\"has-medium-font-size\">Texto: Tiago Lotto<\/p>\n\n\n\n<p class=\"has-medium-font-size\">Fotos: F\u00f3rmula E; Tiago Lotto (do p\u00fablico) e SECOM &#8211; Prefeitura de S\u00e3o Paulo (do prefeito Ricardo Nunes no evento &#8211; primeira foto abaixo).<\/p>\n\n\n\n<figure class=\"wp-block-image\"><img fetchpriority=\"high\" decoding=\"async\" width=\"320\" height=\"214\" src=\"https:\/\/universoesportivo.net\/wp-content\/uploads\/2024\/12\/abreprefeito.jpg\" alt=\"\" class=\"wp-image-1982\" srcset=\"https:\/\/universoesportivo.net\/wp-content\/uploads\/2024\/12\/abreprefeito.jpg 320w, https:\/\/universoesportivo.net\/wp-content\/uploads\/2024\/12\/abreprefeito-300x201.jpg 300w, https:\/\/universoesportivo.net\/wp-content\/uploads\/2024\/12\/abreprefeito-18x12.jpg 18w\" sizes=\"(max-width: 320px) 100vw, 320px\" \/><\/figure>\n\n\n\n<figure class=\"wp-block-image\"><img decoding=\"async\" width=\"384\" height=\"216\" src=\"https:\/\/universoesportivo.net\/wp-content\/uploads\/2024\/12\/abrelargada1.jpg\" alt=\"\" class=\"wp-image-1964\" srcset=\"https:\/\/universoesportivo.net\/wp-content\/uploads\/2024\/12\/abrelargada1.jpg 384w, https:\/\/universoesportivo.net\/wp-content\/uploads\/2024\/12\/abrelargada1-300x169.jpg 300w, https:\/\/universoesportivo.net\/wp-content\/uploads\/2024\/12\/abrelargada1-18x10.jpg 18w\" sizes=\"(max-width: 384px) 100vw, 384px\" \/><\/figure>\n\n\n\n<figure class=\"wp-block-image\"><img decoding=\"async\" width=\"400\" height=\"225\" src=\"https:\/\/universoesportivo.net\/wp-content\/uploads\/2024\/12\/abregeral.jpg\" alt=\"\" class=\"wp-image-1967\" srcset=\"https:\/\/universoesportivo.net\/wp-content\/uploads\/2024\/12\/abregeral.jpg 400w, https:\/\/universoesportivo.net\/wp-content\/uploads\/2024\/12\/abregeral-300x169.jpg 300w, https:\/\/universoesportivo.net\/wp-content\/uploads\/2024\/12\/abregeral-18x10.jpg 18w\" sizes=\"(max-width: 400px) 100vw, 400px\" \/><\/figure>\n\n\n\n<figure class=\"wp-block-image\"><img loading=\"lazy\" decoding=\"async\" width=\"337\" height=\"181\" src=\"https:\/\/universoesportivo.net\/wp-content\/uploads\/2024\/12\/abrejaguar.jpg\" alt=\"\" class=\"wp-image-1972\" srcset=\"https:\/\/universoesportivo.net\/wp-content\/uploads\/2024\/12\/abrejaguar.jpg 337w, https:\/\/universoesportivo.net\/wp-content\/uploads\/2024\/12\/abrejaguar-300x161.jpg 300w, https:\/\/universoesportivo.net\/wp-content\/uploads\/2024\/12\/abrejaguar-18x10.jpg 18w\" sizes=\"(max-width: 337px) 100vw, 337px\" \/><\/figure>\n","protected":false},"excerpt":{"rendered":"<p>A abertura da F\u00f3rmula E 2024\/25 ocorreu na tarde deste s\u00e1bado (7), no Samb\u00f3dromo do Anhembi. Foi a primeira etapa do campeonato mundial.<\/p>\n","protected":false},"author":2,"featured_media":1970,"comment_status":"closed","ping_status":"closed","sticky":false,"template":"","format":"standard","meta":{"colormag_page_container_layout":"default_layout","colormag_page_sidebar_layout":"default_layout","footnotes":""},"categories":[17,64],"tags":[],"class_list":["post-1963","post","type-post","status-publish","format-standard","has-post-thumbnail","hentry","category-esportes","category-formula-e"],"magazineBlocksPostFeaturedMedia":{"thumbnail":"https:\/\/universoesportivo.net\/wp-content\/uploads\/2024\/12\/abriuzeroformula-150x150.jpg","medium":"https:\/\/universoesportivo.net\/wp-content\/uploads\/2024\/12\/abriuzeroformula-300x200.jpg","medium_large":"https:\/\/universoesportivo.net\/wp-content\/uploads\/2024\/12\/abriuzeroformula.jpg","large":"https:\/\/universoesportivo.net\/wp-content\/uploads\/2024\/12\/abriuzeroformula.jpg","1536x1536":"https:\/\/universoesportivo.net\/wp-content\/uploads\/2024\/12\/abriuzeroformula.jpg","2048x2048":"https:\/\/universoesportivo.net\/wp-content\/uploads\/2024\/12\/abriuzeroformula.jpg","trp-custom-language-flag":"https:\/\/universoesportivo.net\/wp-content\/uploads\/2024\/12\/abriuzeroformula-18x12.jpg","colormag-highlighted-post":"https:\/\/universoesportivo.net\/wp-content\/uploads\/2024\/12\/abriuzeroformula.jpg","colormag-featured-post-medium":"https:\/\/universoesportivo.net\/wp-content\/uploads\/2024\/12\/abriuzeroformula.jpg","colormag-featured-post-small":"https:\/\/universoesportivo.net\/wp-content\/uploads\/2024\/12\/abriuzeroformula-130x90.jpg","colormag-featured-image":"https:\/\/universoesportivo.net\/wp-content\/uploads\/2024\/12\/abriuzeroformula.jpg","colormag-default-news":"https:\/\/universoesportivo.net\/wp-content\/uploads\/2024\/12\/abriuzeroformula-150x150.jpg","colormag-featured-image-large":"https:\/\/universoesportivo.net\/wp-content\/uploads\/2024\/12\/abriuzeroformula.jpg","colormag-elementor-block-extra-large-thumbnail":"https:\/\/universoesportivo.net\/wp-content\/uploads\/2024\/12\/abriuzeroformula.jpg","colormag-elementor-grid-large-thumbnail":"https:\/\/universoesportivo.net\/wp-content\/uploads\/2024\/12\/abriuzeroformula.jpg","colormag-elementor-grid-small-thumbnail":"https:\/\/universoesportivo.net\/wp-content\/uploads\/2024\/12\/abriuzeroformula-285x205.jpg","colormag-elementor-grid-medium-large-thumbnail":"https:\/\/universoesportivo.net\/wp-content\/uploads\/2024\/12\/abriuzeroformula-308x198.jpg"},"magazineBlocksPostAuthor":{"name":"Tiago Lotto","avatar":"https:\/\/secure.gravatar.com\/avatar\/fd6891125b3fb6ba0b794cd20c3398d5bb0fa20d2b9963a95f19470e5a6192f7?s=96&d=mm&r=g"},"magazineBlocksPostCommentsNumber":false,"magazineBlocksPostExcerpt":"A abertura da F\u00f3rmula E 2024\/25 ocorreu na tarde deste s\u00e1bado (7), no Samb\u00f3dromo do Anhembi. Foi a primeira etapa do campeonato mundial.","magazineBlocksPostCategories":["ESPORTES","F\u00f3rmula-E"],"magazineBlocksPostViewCount":36,"magazineBlocksPostReadTime":2,"magazine_blocks_featured_image_url":{"full":["https:\/\/universoesportivo.net\/wp-content\/uploads\/2024\/12\/abriuzeroformula.jpg",308,205,false],"medium":["https:\/\/universoesportivo.net\/wp-content\/uploads\/2024\/12\/abriuzeroformula-300x200.jpg",300,200,true],"thumbnail":["https:\/\/universoesportivo.net\/wp-content\/uploads\/2024\/12\/abriuzeroformula-150x150.jpg",150,150,true]},"magazine_blocks_author":{"display_name":"Tiago Lotto","author_link":"https:\/\/universoesportivo.net\/index.php\/author\/tiago-lotto\/"},"magazine_blocks_comment":0,"magazine_blocks_author_image":"https:\/\/secure.gravatar.com\/avatar\/fd6891125b3fb6ba0b794cd20c3398d5bb0fa20d2b9963a95f19470e5a6192f7?s=96&d=mm&r=g","magazine_blocks_category":"<a href=\"#\" class=\"category-link category-link-17\">ESPORTES<\/a> <a href=\"#\" class=\"category-link category-link-64\">F\u00f3rmula-E<\/a>","yoast_head":"<!-- This site is optimized with the Yoast SEO plugin v27.4 - https:\/\/yoast.com\/product\/yoast-seo-wordpress\/ -->\n<title>NEOZELAND\u00caS MITCH EVANS VENCE F\u00d3RMULA E DE S\u00c3O PAULO AP\u00d3S LARGAR NA \u00daLTIMA POSI\u00c7\u00c3O - Universo Esportivo<\/title>\n<meta name=\"robots\" content=\"index, follow, max-snippet:-1, max-image-preview:large, max-video-preview:-1\" \/>\n<link rel=\"canonical\" href=\"https:\/\/universoesportivo.net\/index.php\/2024\/12\/07\/neozelandes-mitch-evans-vence-formula-e-de-sao-paulo-apos-largar-na-ultima-posicao\/\" \/>\n<meta property=\"og:locale\" content=\"pt_BR\" \/>\n<meta property=\"og:type\" content=\"article\" \/>\n<meta property=\"og:title\" content=\"NEOZELAND\u00caS MITCH EVANS VENCE F\u00d3RMULA E DE S\u00c3O PAULO AP\u00d3S LARGAR NA \u00daLTIMA POSI\u00c7\u00c3O - Universo Esportivo\" \/>\n<meta property=\"og:description\" content=\"A abertura da F\u00f3rmula E 2024\/25 ocorreu na tarde deste s\u00e1bado (7), no Samb\u00f3dromo do Anhembi. Foi a primeira etapa do campeonato mundial.\" \/>\n<meta property=\"og:url\" content=\"https:\/\/universoesportivo.net\/index.php\/2024\/12\/07\/neozelandes-mitch-evans-vence-formula-e-de-sao-paulo-apos-largar-na-ultima-posicao\/\" \/>\n<meta property=\"og:site_name\" content=\"Universo Esportivo\" \/>\n<meta property=\"article:publisher\" content=\"https:\/\/www.facebook.com\/universoesportivo.net\" \/>\n<meta property=\"article:published_time\" content=\"2024-12-08T00:33:32+00:00\" \/>\n<meta property=\"article:modified_time\" content=\"2024-12-09T00:12:41+00:00\" \/>\n<meta property=\"og:image\" content=\"https:\/\/universoesportivo.net\/wp-content\/uploads\/2024\/12\/abriuzeroformula.jpg\" \/>\n\t<meta property=\"og:image:width\" content=\"308\" \/>\n\t<meta property=\"og:image:height\" content=\"205\" \/>\n\t<meta property=\"og:image:type\" content=\"image\/jpeg\" \/>\n<meta name=\"author\" content=\"Tiago Lotto\" \/>\n<meta name=\"twitter:card\" content=\"summary_large_image\" \/>\n<meta name=\"twitter:label1\" content=\"Escrito por\" \/>\n\t<meta name=\"twitter:data1\" content=\"Tiago Lotto\" \/>\n\t<meta name=\"twitter:label2\" content=\"Est. tempo de leitura\" \/>\n\t<meta name=\"twitter:data2\" content=\"3 minutos\" \/>\n<script type=\"application\/ld+json\" class=\"yoast-schema-graph\">{\"@context\":\"https:\\\/\\\/schema.org\",\"@graph\":[{\"@type\":\"Article\",\"@id\":\"https:\\\/\\\/universoesportivo.net\\\/index.php\\\/2024\\\/12\\\/07\\\/neozelandes-mitch-evans-vence-formula-e-de-sao-paulo-apos-largar-na-ultima-posicao\\\/#article\",\"isPartOf\":{\"@id\":\"https:\\\/\\\/universoesportivo.net\\\/index.php\\\/2024\\\/12\\\/07\\\/neozelandes-mitch-evans-vence-formula-e-de-sao-paulo-apos-largar-na-ultima-posicao\\\/\"},\"author\":{\"name\":\"Tiago Lotto\",\"@id\":\"https:\\\/\\\/universoesportivo.net\\\/#\\\/schema\\\/person\\\/62bc311bc7def56a6bc83711536e74bd\"},\"headline\":\"NEOZELAND\u00caS MITCH EVANS VENCE F\u00d3RMULA E DE S\u00c3O PAULO AP\u00d3S LARGAR NA \u00daLTIMA POSI\u00c7\u00c3O\",\"datePublished\":\"2024-12-08T00:33:32+00:00\",\"dateModified\":\"2024-12-09T00:12:41+00:00\",\"mainEntityOfPage\":{\"@id\":\"https:\\\/\\\/universoesportivo.net\\\/index.php\\\/2024\\\/12\\\/07\\\/neozelandes-mitch-evans-vence-formula-e-de-sao-paulo-apos-largar-na-ultima-posicao\\\/\"},\"wordCount\":366,\"publisher\":{\"@id\":\"https:\\\/\\\/universoesportivo.net\\\/#organization\"},\"image\":{\"@id\":\"https:\\\/\\\/universoesportivo.net\\\/index.php\\\/2024\\\/12\\\/07\\\/neozelandes-mitch-evans-vence-formula-e-de-sao-paulo-apos-largar-na-ultima-posicao\\\/#primaryimage\"},\"thumbnailUrl\":\"https:\\\/\\\/universoesportivo.net\\\/wp-content\\\/uploads\\\/2024\\\/12\\\/abriuzeroformula.jpg\",\"articleSection\":[\"ESPORTES\",\"F\u00f3rmula-E\"],\"inLanguage\":\"pt-BR\"},{\"@type\":\"WebPage\",\"@id\":\"https:\\\/\\\/universoesportivo.net\\\/index.php\\\/2024\\\/12\\\/07\\\/neozelandes-mitch-evans-vence-formula-e-de-sao-paulo-apos-largar-na-ultima-posicao\\\/\",\"url\":\"https:\\\/\\\/universoesportivo.net\\\/index.php\\\/2024\\\/12\\\/07\\\/neozelandes-mitch-evans-vence-formula-e-de-sao-paulo-apos-largar-na-ultima-posicao\\\/\",\"name\":\"NEOZELAND\u00caS MITCH EVANS VENCE F\u00d3RMULA E DE S\u00c3O PAULO AP\u00d3S LARGAR NA \u00daLTIMA POSI\u00c7\u00c3O - Universo Esportivo\",\"isPartOf\":{\"@id\":\"https:\\\/\\\/universoesportivo.net\\\/#website\"},\"primaryImageOfPage\":{\"@id\":\"https:\\\/\\\/universoesportivo.net\\\/index.php\\\/2024\\\/12\\\/07\\\/neozelandes-mitch-evans-vence-formula-e-de-sao-paulo-apos-largar-na-ultima-posicao\\\/#primaryimage\"},\"image\":{\"@id\":\"https:\\\/\\\/universoesportivo.net\\\/index.php\\\/2024\\\/12\\\/07\\\/neozelandes-mitch-evans-vence-formula-e-de-sao-paulo-apos-largar-na-ultima-posicao\\\/#primaryimage\"},\"thumbnailUrl\":\"https:\\\/\\\/universoesportivo.net\\\/wp-content\\\/uploads\\\/2024\\\/12\\\/abriuzeroformula.jpg\",\"datePublished\":\"2024-12-08T00:33:32+00:00\",\"dateModified\":\"2024-12-09T00:12:41+00:00\",\"breadcrumb\":{\"@id\":\"https:\\\/\\\/universoesportivo.net\\\/index.php\\\/2024\\\/12\\\/07\\\/neozelandes-mitch-evans-vence-formula-e-de-sao-paulo-apos-largar-na-ultima-posicao\\\/#breadcrumb\"},\"inLanguage\":\"pt-BR\",\"potentialAction\":[{\"@type\":\"ReadAction\",\"target\":[\"https:\\\/\\\/universoesportivo.net\\\/index.php\\\/2024\\\/12\\\/07\\\/neozelandes-mitch-evans-vence-formula-e-de-sao-paulo-apos-largar-na-ultima-posicao\\\/\"]}]},{\"@type\":\"ImageObject\",\"inLanguage\":\"pt-BR\",\"@id\":\"https:\\\/\\\/universoesportivo.net\\\/index.php\\\/2024\\\/12\\\/07\\\/neozelandes-mitch-evans-vence-formula-e-de-sao-paulo-apos-largar-na-ultima-posicao\\\/#primaryimage\",\"url\":\"https:\\\/\\\/universoesportivo.net\\\/wp-content\\\/uploads\\\/2024\\\/12\\\/abriuzeroformula.jpg\",\"contentUrl\":\"https:\\\/\\\/universoesportivo.net\\\/wp-content\\\/uploads\\\/2024\\\/12\\\/abriuzeroformula.jpg\",\"width\":308,\"height\":205},{\"@type\":\"BreadcrumbList\",\"@id\":\"https:\\\/\\\/universoesportivo.net\\\/index.php\\\/2024\\\/12\\\/07\\\/neozelandes-mitch-evans-vence-formula-e-de-sao-paulo-apos-largar-na-ultima-posicao\\\/#breadcrumb\",\"itemListElement\":[{\"@type\":\"ListItem\",\"position\":1,\"name\":\"In\u00edcio\",\"item\":\"https:\\\/\\\/universoesportivo.net\\\/\"},{\"@type\":\"ListItem\",\"position\":2,\"name\":\"NEOZELAND\u00caS MITCH EVANS VENCE F\u00d3RMULA E DE S\u00c3O PAULO AP\u00d3S LARGAR NA \u00daLTIMA POSI\u00c7\u00c3O\"}]},{\"@type\":\"WebSite\",\"@id\":\"https:\\\/\\\/universoesportivo.net\\\/#website\",\"url\":\"https:\\\/\\\/universoesportivo.net\\\/\",\"name\":\"Universo Esportivo\",\"description\":\"O portal de todas as modalidades esportivas!\",\"publisher\":{\"@id\":\"https:\\\/\\\/universoesportivo.net\\\/#organization\"},\"alternateName\":\"Jornalista Tiago Contador Lotto\",\"potentialAction\":[{\"@type\":\"SearchAction\",\"target\":{\"@type\":\"EntryPoint\",\"urlTemplate\":\"https:\\\/\\\/universoesportivo.net\\\/?s={search_term_string}\"},\"query-input\":{\"@type\":\"PropertyValueSpecification\",\"valueRequired\":true,\"valueName\":\"search_term_string\"}}],\"inLanguage\":\"pt-BR\"},{\"@type\":\"Organization\",\"@id\":\"https:\\\/\\\/universoesportivo.net\\\/#organization\",\"name\":\"Universo Esportivo\",\"alternateName\":\"Tiago Lotto\",\"url\":\"https:\\\/\\\/universoesportivo.net\\\/\",\"logo\":{\"@type\":\"ImageObject\",\"inLanguage\":\"pt-BR\",\"@id\":\"https:\\\/\\\/universoesportivo.net\\\/#\\\/schema\\\/logo\\\/image\\\/\",\"url\":\"https:\\\/\\\/universoesportivo.net\\\/wp-content\\\/uploads\\\/2024\\\/05\\\/cropped-cropped-universo-6.png\",\"contentUrl\":\"https:\\\/\\\/universoesportivo.net\\\/wp-content\\\/uploads\\\/2024\\\/05\\\/cropped-cropped-universo-6.png\",\"width\":413,\"height\":295,\"caption\":\"Universo Esportivo\"},\"image\":{\"@id\":\"https:\\\/\\\/universoesportivo.net\\\/#\\\/schema\\\/logo\\\/image\\\/\"},\"sameAs\":[\"https:\\\/\\\/www.facebook.com\\\/universoesportivo.net\"]},{\"@type\":\"Person\",\"@id\":\"https:\\\/\\\/universoesportivo.net\\\/#\\\/schema\\\/person\\\/62bc311bc7def56a6bc83711536e74bd\",\"name\":\"Tiago Lotto\",\"image\":{\"@type\":\"ImageObject\",\"inLanguage\":\"pt-BR\",\"@id\":\"https:\\\/\\\/secure.gravatar.com\\\/avatar\\\/fd6891125b3fb6ba0b794cd20c3398d5bb0fa20d2b9963a95f19470e5a6192f7?s=96&d=mm&r=g\",\"url\":\"https:\\\/\\\/secure.gravatar.com\\\/avatar\\\/fd6891125b3fb6ba0b794cd20c3398d5bb0fa20d2b9963a95f19470e5a6192f7?s=96&d=mm&r=g\",\"contentUrl\":\"https:\\\/\\\/secure.gravatar.com\\\/avatar\\\/fd6891125b3fb6ba0b794cd20c3398d5bb0fa20d2b9963a95f19470e5a6192f7?s=96&d=mm&r=g\",\"caption\":\"Tiago Lotto\"},\"url\":\"https:\\\/\\\/universoesportivo.net\\\/index.php\\\/author\\\/tiago-lotto\\\/\"}]}<\/script>\n<!-- \/ Yoast SEO plugin. -->","yoast_head_json":{"title":"NEOZELAND\u00caS MITCH EVANS VENCE F\u00d3RMULA E DE S\u00c3O PAULO AP\u00d3S LARGAR NA \u00daLTIMA POSI\u00c7\u00c3O - Universo Esportivo","robots":{"index":"index","follow":"follow","max-snippet":"max-snippet:-1","max-image-preview":"max-image-preview:large","max-video-preview":"max-video-preview:-1"},"canonical":"https:\/\/universoesportivo.net\/index.php\/2024\/12\/07\/neozelandes-mitch-evans-vence-formula-e-de-sao-paulo-apos-largar-na-ultima-posicao\/","og_locale":"pt_BR","og_type":"article","og_title":"NEOZELAND\u00caS MITCH EVANS VENCE F\u00d3RMULA E DE S\u00c3O PAULO AP\u00d3S LARGAR NA \u00daLTIMA POSI\u00c7\u00c3O - Universo Esportivo","og_description":"A abertura da F\u00f3rmula E 2024\/25 ocorreu na tarde deste s\u00e1bado (7), no Samb\u00f3dromo do Anhembi. Foi a primeira etapa do campeonato mundial.","og_url":"https:\/\/universoesportivo.net\/index.php\/2024\/12\/07\/neozelandes-mitch-evans-vence-formula-e-de-sao-paulo-apos-largar-na-ultima-posicao\/","og_site_name":"Universo Esportivo","article_publisher":"https:\/\/www.facebook.com\/universoesportivo.net","article_published_time":"2024-12-08T00:33:32+00:00","article_modified_time":"2024-12-09T00:12:41+00:00","og_image":[{"width":308,"height":205,"url":"https:\/\/universoesportivo.net\/wp-content\/uploads\/2024\/12\/abriuzeroformula.jpg","type":"image\/jpeg"}],"author":"Tiago Lotto","twitter_card":"summary_large_image","twitter_misc":{"Escrito por":"Tiago Lotto","Est. tempo de leitura":"3 minutos"},"schema":{"@context":"https:\/\/schema.org","@graph":[{"@type":"Article","@id":"https:\/\/universoesportivo.net\/index.php\/2024\/12\/07\/neozelandes-mitch-evans-vence-formula-e-de-sao-paulo-apos-largar-na-ultima-posicao\/#article","isPartOf":{"@id":"https:\/\/universoesportivo.net\/index.php\/2024\/12\/07\/neozelandes-mitch-evans-vence-formula-e-de-sao-paulo-apos-largar-na-ultima-posicao\/"},"author":{"name":"Tiago Lotto","@id":"https:\/\/universoesportivo.net\/#\/schema\/person\/62bc311bc7def56a6bc83711536e74bd"},"headline":"NEOZELAND\u00caS MITCH EVANS VENCE F\u00d3RMULA E DE S\u00c3O PAULO AP\u00d3S LARGAR NA \u00daLTIMA POSI\u00c7\u00c3O","datePublished":"2024-12-08T00:33:32+00:00","dateModified":"2024-12-09T00:12:41+00:00","mainEntityOfPage":{"@id":"https:\/\/universoesportivo.net\/index.php\/2024\/12\/07\/neozelandes-mitch-evans-vence-formula-e-de-sao-paulo-apos-largar-na-ultima-posicao\/"},"wordCount":366,"publisher":{"@id":"https:\/\/universoesportivo.net\/#organization"},"image":{"@id":"https:\/\/universoesportivo.net\/index.php\/2024\/12\/07\/neozelandes-mitch-evans-vence-formula-e-de-sao-paulo-apos-largar-na-ultima-posicao\/#primaryimage"},"thumbnailUrl":"https:\/\/universoesportivo.net\/wp-content\/uploads\/2024\/12\/abriuzeroformula.jpg","articleSection":["ESPORTES","F\u00f3rmula-E"],"inLanguage":"pt-BR"},{"@type":"WebPage","@id":"https:\/\/universoesportivo.net\/index.php\/2024\/12\/07\/neozelandes-mitch-evans-vence-formula-e-de-sao-paulo-apos-largar-na-ultima-posicao\/","url":"https:\/\/universoesportivo.net\/index.php\/2024\/12\/07\/neozelandes-mitch-evans-vence-formula-e-de-sao-paulo-apos-largar-na-ultima-posicao\/","name":"NEOZELAND\u00caS MITCH EVANS VENCE F\u00d3RMULA E DE S\u00c3O PAULO AP\u00d3S LARGAR NA \u00daLTIMA POSI\u00c7\u00c3O - Universo Esportivo","isPartOf":{"@id":"https:\/\/universoesportivo.net\/#website"},"primaryImageOfPage":{"@id":"https:\/\/universoesportivo.net\/index.php\/2024\/12\/07\/neozelandes-mitch-evans-vence-formula-e-de-sao-paulo-apos-largar-na-ultima-posicao\/#primaryimage"},"image":{"@id":"https:\/\/universoesportivo.net\/index.php\/2024\/12\/07\/neozelandes-mitch-evans-vence-formula-e-de-sao-paulo-apos-largar-na-ultima-posicao\/#primaryimage"},"thumbnailUrl":"https:\/\/universoesportivo.net\/wp-content\/uploads\/2024\/12\/abriuzeroformula.jpg","datePublished":"2024-12-08T00:33:32+00:00","dateModified":"2024-12-09T00:12:41+00:00","breadcrumb":{"@id":"https:\/\/universoesportivo.net\/index.php\/2024\/12\/07\/neozelandes-mitch-evans-vence-formula-e-de-sao-paulo-apos-largar-na-ultima-posicao\/#breadcrumb"},"inLanguage":"pt-BR","potentialAction":[{"@type":"ReadAction","target":["https:\/\/universoesportivo.net\/index.php\/2024\/12\/07\/neozelandes-mitch-evans-vence-formula-e-de-sao-paulo-apos-largar-na-ultima-posicao\/"]}]},{"@type":"ImageObject","inLanguage":"pt-BR","@id":"https:\/\/universoesportivo.net\/index.php\/2024\/12\/07\/neozelandes-mitch-evans-vence-formula-e-de-sao-paulo-apos-largar-na-ultima-posicao\/#primaryimage","url":"https:\/\/universoesportivo.net\/wp-content\/uploads\/2024\/12\/abriuzeroformula.jpg","contentUrl":"https:\/\/universoesportivo.net\/wp-content\/uploads\/2024\/12\/abriuzeroformula.jpg","width":308,"height":205},{"@type":"BreadcrumbList","@id":"https:\/\/universoesportivo.net\/index.php\/2024\/12\/07\/neozelandes-mitch-evans-vence-formula-e-de-sao-paulo-apos-largar-na-ultima-posicao\/#breadcrumb","itemListElement":[{"@type":"ListItem","position":1,"name":"In\u00edcio","item":"https:\/\/universoesportivo.net\/"},{"@type":"ListItem","position":2,"name":"NEOZELAND\u00caS MITCH EVANS VENCE F\u00d3RMULA E DE S\u00c3O PAULO AP\u00d3S LARGAR NA \u00daLTIMA POSI\u00c7\u00c3O"}]},{"@type":"WebSite","@id":"https:\/\/universoesportivo.net\/#website","url":"https:\/\/universoesportivo.net\/","name":"Universo Esportivo","description":"O portal de todas as modalidades esportivas!","publisher":{"@id":"https:\/\/universoesportivo.net\/#organization"},"alternateName":"Jornalista Tiago Contador Lotto","potentialAction":[{"@type":"SearchAction","target":{"@type":"EntryPoint","urlTemplate":"https:\/\/universoesportivo.net\/?s={search_term_string}"},"query-input":{"@type":"PropertyValueSpecification","valueRequired":true,"valueName":"search_term_string"}}],"inLanguage":"pt-BR"},{"@type":"Organization","@id":"https:\/\/universoesportivo.net\/#organization","name":"Universo Esportivo","alternateName":"Tiago Lotto","url":"https:\/\/universoesportivo.net\/","logo":{"@type":"ImageObject","inLanguage":"pt-BR","@id":"https:\/\/universoesportivo.net\/#\/schema\/logo\/image\/","url":"https:\/\/universoesportivo.net\/wp-content\/uploads\/2024\/05\/cropped-cropped-universo-6.png","contentUrl":"https:\/\/universoesportivo.net\/wp-content\/uploads\/2024\/05\/cropped-cropped-universo-6.png","width":413,"height":295,"caption":"Universo Esportivo"},"image":{"@id":"https:\/\/universoesportivo.net\/#\/schema\/logo\/image\/"},"sameAs":["https:\/\/www.facebook.com\/universoesportivo.net"]},{"@type":"Person","@id":"https:\/\/universoesportivo.net\/#\/schema\/person\/62bc311bc7def56a6bc83711536e74bd","name":"Tiago Lotto","image":{"@type":"ImageObject","inLanguage":"pt-BR","@id":"https:\/\/secure.gravatar.com\/avatar\/fd6891125b3fb6ba0b794cd20c3398d5bb0fa20d2b9963a95f19470e5a6192f7?s=96&d=mm&r=g","url":"https:\/\/secure.gravatar.com\/avatar\/fd6891125b3fb6ba0b794cd20c3398d5bb0fa20d2b9963a95f19470e5a6192f7?s=96&d=mm&r=g","contentUrl":"https:\/\/secure.gravatar.com\/avatar\/fd6891125b3fb6ba0b794cd20c3398d5bb0fa20d2b9963a95f19470e5a6192f7?s=96&d=mm&r=g","caption":"Tiago Lotto"},"url":"https:\/\/universoesportivo.net\/index.php\/author\/tiago-lotto\/"}]}},"jetpack_featured_media_url":"https:\/\/universoesportivo.net\/wp-content\/uploads\/2024\/12\/abriuzeroformula.jpg","_links":{"self":[{"href":"https:\/\/universoesportivo.net\/index.php\/wp-json\/wp\/v2\/posts\/1963","targetHints":{"allow":["GET"]}}],"collection":[{"href":"https:\/\/universoesportivo.net\/index.php\/wp-json\/wp\/v2\/posts"}],"about":[{"href":"https:\/\/universoesportivo.net\/index.php\/wp-json\/wp\/v2\/types\/post"}],"author":[{"embeddable":true,"href":"https:\/\/universoesportivo.net\/index.php\/wp-json\/wp\/v2\/users\/2"}],"replies":[{"embeddable":true,"href":"https:\/\/universoesportivo.net\/index.php\/wp-json\/wp\/v2\/comments?post=1963"}],"version-history":[{"count":6,"href":"https:\/\/universoesportivo.net\/index.php\/wp-json\/wp\/v2\/posts\/1963\/revisions"}],"predecessor-version":[{"id":1983,"href":"https:\/\/universoesportivo.net\/index.php\/wp-json\/wp\/v2\/posts\/1963\/revisions\/1983"}],"wp:featuredmedia":[{"embeddable":true,"href":"https:\/\/universoesportivo.net\/index.php\/wp-json\/wp\/v2\/media\/1970"}],"wp:attachment":[{"href":"https:\/\/universoesportivo.net\/index.php\/wp-json\/wp\/v2\/media?parent=1963"}],"wp:term":[{"taxonomy":"category","embeddable":true,"href":"https:\/\/universoesportivo.net\/index.php\/wp-json\/wp\/v2\/categories?post=1963"},{"taxonomy":"post_tag","embeddable":true,"href":"https:\/\/universoesportivo.net\/index.php\/wp-json\/wp\/v2\/tags?post=1963"}],"curies":[{"name":"wp","href":"https:\/\/api.w.org\/{rel}","templated":true}]}}