{"id":2008,"date":"2024-12-27T17:56:53","date_gmt":"2024-12-27T20:56:53","guid":{"rendered":"https:\/\/universoesportivo.net\/?p=2008"},"modified":"2024-12-27T17:56:53","modified_gmt":"2024-12-27T20:56:53","slug":"com-128-times-copa-sp-de-futebol-junior-comeca-dia-2-de-janeiro-entrada-tera-reconhecimento-facial","status":"publish","type":"post","link":"https:\/\/universoesportivo.net\/index.php\/2024\/12\/27\/com-128-times-copa-sp-de-futebol-junior-comeca-dia-2-de-janeiro-entrada-tera-reconhecimento-facial\/","title":{"rendered":"COM 128 TIMES, COPA SP DE FUTEBOL J\u00daNIOR COME\u00c7A DIA 2 DE JANEIRO. ENTRADA TER\u00c1 RECONHECIMENTO FACIAL"},"content":{"rendered":"\n<p class=\"has-medium-font-size\">A Copa S\u00e3o Paulo de Futebol J\u00fanior, a tradicional Copinha, come\u00e7a no pr\u00f3ximo dia 2 de janeiro. A edi\u00e7\u00e3o de 2025, de n\u00famero 55, ter\u00e1 entrada franca, por\u00e9m com necessidade de reconhecimento facial, que dever\u00e1 ser feito com anteced\u00eancia de forma online. A informa\u00e7\u00e3o \u00e9 da Federa\u00e7\u00e3o Paulista de Futebol (FPF).<\/p>\n\n\n\n<p class=\"has-medium-font-size\">Considerada a maior competi\u00e7\u00e3o de categoria de base do mundo, a Copinha \u2018abre\u2019 a temporada do ano. Este ano, os 128 times foram divididos em 32 grupos. Os dois melhores de cada grupo avan\u00e7am \u00e0 fase de mata-mata. Em caso de empate na fase do mata-mata, a vaga ser\u00e1 decidida nos p\u00eanaltis.<\/p>\n\n\n\n<p class=\"has-medium-font-size\">J\u00e1 tradicional, a Copa SP termina dia 25 de janeiro, dia do anivers\u00e1rio de S\u00e3o Paulo. Este ano, a capital paulista completa 471 anos. O Corinthians, com 11 t\u00edtulos, \u00e9 o maior campe\u00e3o da competi\u00e7\u00e3o. O Tim\u00e3ozinho conquistou a Copinha 2024.<\/p>\n\n\n\n<p class=\"has-medium-font-size\">FACIAL \u2013 Para entrar nos jogos da Copinha 2025, o interessado dever\u00e1 fazer cadastro usando seu documento. Ser\u00e1 necess\u00e1rio, apenas, realizar o cadastro para associar a imagem ao CPF cadastrado. A inscri\u00e7\u00e3o pr\u00e9via acontece no aplicativo BIP FUT, dispon\u00edvel para os sistemas Android e iOS, mediante cadastro de biometria facial. Ap\u00f3s finaliza\u00e7\u00e3o do cadastro gratuito, o torcedor poder\u00e1 resgatar seu ingresso dentro do aplicativo.<\/p>\n\n\n\n<p class=\"has-medium-font-size\">PASSO A PASSO<\/p>\n\n\n\n<p class=\"has-medium-font-size\">1\u00b0 passo: Fazer o download do aplicativo BIPFUT dispon\u00edvel na PlayStore ou AppleStore.<\/p>\n\n\n\n<p class=\"has-medium-font-size\">2\u00b0 passo: Insira os documentos necess\u00e1rios para o cadastro.<\/p>\n\n\n\n<p class=\"has-medium-font-size\">3\u00ba passo: Registre o seu rosto para o reconhecimento facial.<\/p>\n\n\n\n<p class=\"has-medium-font-size\">4\u00b0 passo: Resgate seu ingresso online e gratuito para os jogos de sua prefer\u00eancia.<\/p>\n\n\n\n<p class=\"has-medium-font-size\">Texto: Tiago Lotto \/ Foto: Instagram da Copinha<\/p>\n","protected":false},"excerpt":{"rendered":"<p>Entrada ser\u00e1 gr\u00e1tis, por\u00e9m torcedor ter\u00e1 que fazer cadastro online. Competi\u00e7\u00e3o \u00e9 considerada a maior do mundo nas categorias de base do futebol.<\/p>\n","protected":false},"author":2,"featured_media":2009,"comment_status":"closed","ping_status":"closed","sticky":false,"template":"","format":"standard","meta":{"colormag_page_container_layout":"default_layout","colormag_page_sidebar_layout":"default_layout","footnotes":""},"categories":[17,70],"tags":[],"class_list":["post-2008","post","type-post","status-publish","format-standard","has-post-thumbnail","hentry","category-esportes","category-futebol-de-base"],"magazineBlocksPostFeaturedMedia":{"thumbnail":"https:\/\/universoesportivo.net\/wp-content\/uploads\/2024\/12\/abretimaozinho-150x150.jpg","medium":"https:\/\/universoesportivo.net\/wp-content\/uploads\/2024\/12\/abretimaozinho.jpg","medium_large":"https:\/\/universoesportivo.net\/wp-content\/uploads\/2024\/12\/abretimaozinho.jpg","large":"https:\/\/universoesportivo.net\/wp-content\/uploads\/2024\/12\/abretimaozinho.jpg","1536x1536":"https:\/\/universoesportivo.net\/wp-content\/uploads\/2024\/12\/abretimaozinho.jpg","2048x2048":"https:\/\/universoesportivo.net\/wp-content\/uploads\/2024\/12\/abretimaozinho.jpg","trp-custom-language-flag":"https:\/\/universoesportivo.net\/wp-content\/uploads\/2024\/12\/abretimaozinho-14x12.jpg","colormag-highlighted-post":"https:\/\/universoesportivo.net\/wp-content\/uploads\/2024\/12\/abretimaozinho.jpg","colormag-featured-post-medium":"https:\/\/universoesportivo.net\/wp-content\/uploads\/2024\/12\/abretimaozinho-263x205.jpg","colormag-featured-post-small":"https:\/\/universoesportivo.net\/wp-content\/uploads\/2024\/12\/abretimaozinho-130x90.jpg","colormag-featured-image":"https:\/\/universoesportivo.net\/wp-content\/uploads\/2024\/12\/abretimaozinho.jpg","colormag-default-news":"https:\/\/universoesportivo.net\/wp-content\/uploads\/2024\/12\/abretimaozinho-150x150.jpg","colormag-featured-image-large":"https:\/\/universoesportivo.net\/wp-content\/uploads\/2024\/12\/abretimaozinho.jpg","colormag-elementor-block-extra-large-thumbnail":"https:\/\/universoesportivo.net\/wp-content\/uploads\/2024\/12\/abretimaozinho.jpg","colormag-elementor-grid-large-thumbnail":"https:\/\/universoesportivo.net\/wp-content\/uploads\/2024\/12\/abretimaozinho.jpg","colormag-elementor-grid-small-thumbnail":"https:\/\/universoesportivo.net\/wp-content\/uploads\/2024\/12\/abretimaozinho.jpg","colormag-elementor-grid-medium-large-thumbnail":"https:\/\/universoesportivo.net\/wp-content\/uploads\/2024\/12\/abretimaozinho-263x198.jpg"},"magazineBlocksPostAuthor":{"name":"Tiago Lotto","avatar":"https:\/\/secure.gravatar.com\/avatar\/fd6891125b3fb6ba0b794cd20c3398d5bb0fa20d2b9963a95f19470e5a6192f7?s=96&d=mm&r=g"},"magazineBlocksPostCommentsNumber":false,"magazineBlocksPostExcerpt":"Entrada ser\u00e1 gr\u00e1tis, por\u00e9m torcedor ter\u00e1 que fazer cadastro online. Competi\u00e7\u00e3o \u00e9 considerada a maior do mundo nas categorias de base do futebol.","magazineBlocksPostCategories":["ESPORTES","Futebol de base"],"magazineBlocksPostViewCount":34,"magazineBlocksPostReadTime":2,"magazine_blocks_featured_image_url":{"full":["https:\/\/universoesportivo.net\/wp-content\/uploads\/2024\/12\/abretimaozinho.jpg",263,224,false],"medium":["https:\/\/universoesportivo.net\/wp-content\/uploads\/2024\/12\/abretimaozinho.jpg",263,224,false],"thumbnail":["https:\/\/universoesportivo.net\/wp-content\/uploads\/2024\/12\/abretimaozinho-150x150.jpg",150,150,true]},"magazine_blocks_author":{"display_name":"Tiago Lotto","author_link":"https:\/\/universoesportivo.net\/index.php\/author\/tiago-lotto\/"},"magazine_blocks_comment":0,"magazine_blocks_author_image":"https:\/\/secure.gravatar.com\/avatar\/fd6891125b3fb6ba0b794cd20c3398d5bb0fa20d2b9963a95f19470e5a6192f7?s=96&d=mm&r=g","magazine_blocks_category":"<a href=\"#\" class=\"category-link category-link-17\">ESPORTES<\/a> <a href=\"#\" class=\"category-link category-link-70\">Futebol de base<\/a>","yoast_head":"<!-- This site is optimized with the Yoast SEO plugin v27.4 - https:\/\/yoast.com\/product\/yoast-seo-wordpress\/ -->\n<title>COM 128 TIMES, COPA SP DE FUTEBOL J\u00daNIOR COME\u00c7A DIA 2 DE JANEIRO. ENTRADA TER\u00c1 RECONHECIMENTO FACIAL - Universo Esportivo<\/title>\n<meta name=\"robots\" content=\"index, follow, max-snippet:-1, max-image-preview:large, max-video-preview:-1\" \/>\n<link rel=\"canonical\" href=\"https:\/\/universoesportivo.net\/index.php\/2024\/12\/27\/com-128-times-copa-sp-de-futebol-junior-comeca-dia-2-de-janeiro-entrada-tera-reconhecimento-facial\/\" \/>\n<meta property=\"og:locale\" content=\"pt_BR\" \/>\n<meta property=\"og:type\" content=\"article\" \/>\n<meta property=\"og:title\" content=\"COM 128 TIMES, COPA SP DE FUTEBOL J\u00daNIOR COME\u00c7A DIA 2 DE JANEIRO. ENTRADA TER\u00c1 RECONHECIMENTO FACIAL - Universo Esportivo\" \/>\n<meta property=\"og:description\" content=\"Entrada ser\u00e1 gr\u00e1tis, por\u00e9m torcedor ter\u00e1 que fazer cadastro online. Competi\u00e7\u00e3o \u00e9 considerada a maior do mundo nas categorias de base do futebol.\" \/>\n<meta property=\"og:url\" content=\"https:\/\/universoesportivo.net\/index.php\/2024\/12\/27\/com-128-times-copa-sp-de-futebol-junior-comeca-dia-2-de-janeiro-entrada-tera-reconhecimento-facial\/\" \/>\n<meta property=\"og:site_name\" content=\"Universo Esportivo\" \/>\n<meta property=\"article:publisher\" content=\"https:\/\/www.facebook.com\/universoesportivo.net\" \/>\n<meta property=\"article:published_time\" content=\"2024-12-27T20:56:53+00:00\" \/>\n<meta property=\"og:image\" content=\"https:\/\/universoesportivo.net\/wp-content\/uploads\/2024\/12\/abretimaozinho.jpg\" \/>\n\t<meta property=\"og:image:width\" content=\"263\" \/>\n\t<meta property=\"og:image:height\" content=\"224\" \/>\n\t<meta property=\"og:image:type\" content=\"image\/jpeg\" \/>\n<meta name=\"author\" content=\"Tiago Lotto\" \/>\n<meta name=\"twitter:card\" content=\"summary_large_image\" \/>\n<meta name=\"twitter:label1\" content=\"Escrito por\" \/>\n\t<meta name=\"twitter:data1\" content=\"Tiago Lotto\" \/>\n\t<meta name=\"twitter:label2\" content=\"Est. tempo de leitura\" \/>\n\t<meta name=\"twitter:data2\" content=\"2 minutos\" \/>\n<script type=\"application\/ld+json\" class=\"yoast-schema-graph\">{\"@context\":\"https:\\\/\\\/schema.org\",\"@graph\":[{\"@type\":\"Article\",\"@id\":\"https:\\\/\\\/universoesportivo.net\\\/index.php\\\/2024\\\/12\\\/27\\\/com-128-times-copa-sp-de-futebol-junior-comeca-dia-2-de-janeiro-entrada-tera-reconhecimento-facial\\\/#article\",\"isPartOf\":{\"@id\":\"https:\\\/\\\/universoesportivo.net\\\/index.php\\\/2024\\\/12\\\/27\\\/com-128-times-copa-sp-de-futebol-junior-comeca-dia-2-de-janeiro-entrada-tera-reconhecimento-facial\\\/\"},\"author\":{\"name\":\"Tiago Lotto\",\"@id\":\"https:\\\/\\\/universoesportivo.net\\\/#\\\/schema\\\/person\\\/62bc311bc7def56a6bc83711536e74bd\"},\"headline\":\"COM 128 TIMES, COPA SP DE FUTEBOL J\u00daNIOR COME\u00c7A DIA 2 DE JANEIRO. ENTRADA TER\u00c1 RECONHECIMENTO FACIAL\",\"datePublished\":\"2024-12-27T20:56:53+00:00\",\"mainEntityOfPage\":{\"@id\":\"https:\\\/\\\/universoesportivo.net\\\/index.php\\\/2024\\\/12\\\/27\\\/com-128-times-copa-sp-de-futebol-junior-comeca-dia-2-de-janeiro-entrada-tera-reconhecimento-facial\\\/\"},\"wordCount\":291,\"publisher\":{\"@id\":\"https:\\\/\\\/universoesportivo.net\\\/#organization\"},\"image\":{\"@id\":\"https:\\\/\\\/universoesportivo.net\\\/index.php\\\/2024\\\/12\\\/27\\\/com-128-times-copa-sp-de-futebol-junior-comeca-dia-2-de-janeiro-entrada-tera-reconhecimento-facial\\\/#primaryimage\"},\"thumbnailUrl\":\"https:\\\/\\\/universoesportivo.net\\\/wp-content\\\/uploads\\\/2024\\\/12\\\/abretimaozinho.jpg\",\"articleSection\":[\"ESPORTES\",\"Futebol de base\"],\"inLanguage\":\"pt-BR\"},{\"@type\":\"WebPage\",\"@id\":\"https:\\\/\\\/universoesportivo.net\\\/index.php\\\/2024\\\/12\\\/27\\\/com-128-times-copa-sp-de-futebol-junior-comeca-dia-2-de-janeiro-entrada-tera-reconhecimento-facial\\\/\",\"url\":\"https:\\\/\\\/universoesportivo.net\\\/index.php\\\/2024\\\/12\\\/27\\\/com-128-times-copa-sp-de-futebol-junior-comeca-dia-2-de-janeiro-entrada-tera-reconhecimento-facial\\\/\",\"name\":\"COM 128 TIMES, COPA SP DE FUTEBOL J\u00daNIOR COME\u00c7A DIA 2 DE JANEIRO. ENTRADA TER\u00c1 RECONHECIMENTO FACIAL - Universo Esportivo\",\"isPartOf\":{\"@id\":\"https:\\\/\\\/universoesportivo.net\\\/#website\"},\"primaryImageOfPage\":{\"@id\":\"https:\\\/\\\/universoesportivo.net\\\/index.php\\\/2024\\\/12\\\/27\\\/com-128-times-copa-sp-de-futebol-junior-comeca-dia-2-de-janeiro-entrada-tera-reconhecimento-facial\\\/#primaryimage\"},\"image\":{\"@id\":\"https:\\\/\\\/universoesportivo.net\\\/index.php\\\/2024\\\/12\\\/27\\\/com-128-times-copa-sp-de-futebol-junior-comeca-dia-2-de-janeiro-entrada-tera-reconhecimento-facial\\\/#primaryimage\"},\"thumbnailUrl\":\"https:\\\/\\\/universoesportivo.net\\\/wp-content\\\/uploads\\\/2024\\\/12\\\/abretimaozinho.jpg\",\"datePublished\":\"2024-12-27T20:56:53+00:00\",\"breadcrumb\":{\"@id\":\"https:\\\/\\\/universoesportivo.net\\\/index.php\\\/2024\\\/12\\\/27\\\/com-128-times-copa-sp-de-futebol-junior-comeca-dia-2-de-janeiro-entrada-tera-reconhecimento-facial\\\/#breadcrumb\"},\"inLanguage\":\"pt-BR\",\"potentialAction\":[{\"@type\":\"ReadAction\",\"target\":[\"https:\\\/\\\/universoesportivo.net\\\/index.php\\\/2024\\\/12\\\/27\\\/com-128-times-copa-sp-de-futebol-junior-comeca-dia-2-de-janeiro-entrada-tera-reconhecimento-facial\\\/\"]}]},{\"@type\":\"ImageObject\",\"inLanguage\":\"pt-BR\",\"@id\":\"https:\\\/\\\/universoesportivo.net\\\/index.php\\\/2024\\\/12\\\/27\\\/com-128-times-copa-sp-de-futebol-junior-comeca-dia-2-de-janeiro-entrada-tera-reconhecimento-facial\\\/#primaryimage\",\"url\":\"https:\\\/\\\/universoesportivo.net\\\/wp-content\\\/uploads\\\/2024\\\/12\\\/abretimaozinho.jpg\",\"contentUrl\":\"https:\\\/\\\/universoesportivo.net\\\/wp-content\\\/uploads\\\/2024\\\/12\\\/abretimaozinho.jpg\",\"width\":263,\"height\":224},{\"@type\":\"BreadcrumbList\",\"@id\":\"https:\\\/\\\/universoesportivo.net\\\/index.php\\\/2024\\\/12\\\/27\\\/com-128-times-copa-sp-de-futebol-junior-comeca-dia-2-de-janeiro-entrada-tera-reconhecimento-facial\\\/#breadcrumb\",\"itemListElement\":[{\"@type\":\"ListItem\",\"position\":1,\"name\":\"In\u00edcio\",\"item\":\"https:\\\/\\\/universoesportivo.net\\\/\"},{\"@type\":\"ListItem\",\"position\":2,\"name\":\"COM 128 TIMES, COPA SP DE FUTEBOL J\u00daNIOR COME\u00c7A DIA 2 DE JANEIRO. ENTRADA TER\u00c1 RECONHECIMENTO FACIAL\"}]},{\"@type\":\"WebSite\",\"@id\":\"https:\\\/\\\/universoesportivo.net\\\/#website\",\"url\":\"https:\\\/\\\/universoesportivo.net\\\/\",\"name\":\"Universo Esportivo\",\"description\":\"O portal de todas as modalidades esportivas!\",\"publisher\":{\"@id\":\"https:\\\/\\\/universoesportivo.net\\\/#organization\"},\"alternateName\":\"Jornalista Tiago Contador Lotto\",\"potentialAction\":[{\"@type\":\"SearchAction\",\"target\":{\"@type\":\"EntryPoint\",\"urlTemplate\":\"https:\\\/\\\/universoesportivo.net\\\/?s={search_term_string}\"},\"query-input\":{\"@type\":\"PropertyValueSpecification\",\"valueRequired\":true,\"valueName\":\"search_term_string\"}}],\"inLanguage\":\"pt-BR\"},{\"@type\":\"Organization\",\"@id\":\"https:\\\/\\\/universoesportivo.net\\\/#organization\",\"name\":\"Universo Esportivo\",\"alternateName\":\"Tiago Lotto\",\"url\":\"https:\\\/\\\/universoesportivo.net\\\/\",\"logo\":{\"@type\":\"ImageObject\",\"inLanguage\":\"pt-BR\",\"@id\":\"https:\\\/\\\/universoesportivo.net\\\/#\\\/schema\\\/logo\\\/image\\\/\",\"url\":\"https:\\\/\\\/universoesportivo.net\\\/wp-content\\\/uploads\\\/2024\\\/05\\\/cropped-cropped-universo-6.png\",\"contentUrl\":\"https:\\\/\\\/universoesportivo.net\\\/wp-content\\\/uploads\\\/2024\\\/05\\\/cropped-cropped-universo-6.png\",\"width\":413,\"height\":295,\"caption\":\"Universo Esportivo\"},\"image\":{\"@id\":\"https:\\\/\\\/universoesportivo.net\\\/#\\\/schema\\\/logo\\\/image\\\/\"},\"sameAs\":[\"https:\\\/\\\/www.facebook.com\\\/universoesportivo.net\"]},{\"@type\":\"Person\",\"@id\":\"https:\\\/\\\/universoesportivo.net\\\/#\\\/schema\\\/person\\\/62bc311bc7def56a6bc83711536e74bd\",\"name\":\"Tiago Lotto\",\"image\":{\"@type\":\"ImageObject\",\"inLanguage\":\"pt-BR\",\"@id\":\"https:\\\/\\\/secure.gravatar.com\\\/avatar\\\/fd6891125b3fb6ba0b794cd20c3398d5bb0fa20d2b9963a95f19470e5a6192f7?s=96&d=mm&r=g\",\"url\":\"https:\\\/\\\/secure.gravatar.com\\\/avatar\\\/fd6891125b3fb6ba0b794cd20c3398d5bb0fa20d2b9963a95f19470e5a6192f7?s=96&d=mm&r=g\",\"contentUrl\":\"https:\\\/\\\/secure.gravatar.com\\\/avatar\\\/fd6891125b3fb6ba0b794cd20c3398d5bb0fa20d2b9963a95f19470e5a6192f7?s=96&d=mm&r=g\",\"caption\":\"Tiago Lotto\"},\"url\":\"https:\\\/\\\/universoesportivo.net\\\/index.php\\\/author\\\/tiago-lotto\\\/\"}]}<\/script>\n<!-- \/ Yoast SEO plugin. -->","yoast_head_json":{"title":"COM 128 TIMES, COPA SP DE FUTEBOL J\u00daNIOR COME\u00c7A DIA 2 DE JANEIRO. ENTRADA TER\u00c1 RECONHECIMENTO FACIAL - Universo Esportivo","robots":{"index":"index","follow":"follow","max-snippet":"max-snippet:-1","max-image-preview":"max-image-preview:large","max-video-preview":"max-video-preview:-1"},"canonical":"https:\/\/universoesportivo.net\/index.php\/2024\/12\/27\/com-128-times-copa-sp-de-futebol-junior-comeca-dia-2-de-janeiro-entrada-tera-reconhecimento-facial\/","og_locale":"pt_BR","og_type":"article","og_title":"COM 128 TIMES, COPA SP DE FUTEBOL J\u00daNIOR COME\u00c7A DIA 2 DE JANEIRO. ENTRADA TER\u00c1 RECONHECIMENTO FACIAL - Universo Esportivo","og_description":"Entrada ser\u00e1 gr\u00e1tis, por\u00e9m torcedor ter\u00e1 que fazer cadastro online. Competi\u00e7\u00e3o \u00e9 considerada a maior do mundo nas categorias de base do futebol.","og_url":"https:\/\/universoesportivo.net\/index.php\/2024\/12\/27\/com-128-times-copa-sp-de-futebol-junior-comeca-dia-2-de-janeiro-entrada-tera-reconhecimento-facial\/","og_site_name":"Universo Esportivo","article_publisher":"https:\/\/www.facebook.com\/universoesportivo.net","article_published_time":"2024-12-27T20:56:53+00:00","og_image":[{"width":263,"height":224,"url":"https:\/\/universoesportivo.net\/wp-content\/uploads\/2024\/12\/abretimaozinho.jpg","type":"image\/jpeg"}],"author":"Tiago Lotto","twitter_card":"summary_large_image","twitter_misc":{"Escrito por":"Tiago Lotto","Est. tempo de leitura":"2 minutos"},"schema":{"@context":"https:\/\/schema.org","@graph":[{"@type":"Article","@id":"https:\/\/universoesportivo.net\/index.php\/2024\/12\/27\/com-128-times-copa-sp-de-futebol-junior-comeca-dia-2-de-janeiro-entrada-tera-reconhecimento-facial\/#article","isPartOf":{"@id":"https:\/\/universoesportivo.net\/index.php\/2024\/12\/27\/com-128-times-copa-sp-de-futebol-junior-comeca-dia-2-de-janeiro-entrada-tera-reconhecimento-facial\/"},"author":{"name":"Tiago Lotto","@id":"https:\/\/universoesportivo.net\/#\/schema\/person\/62bc311bc7def56a6bc83711536e74bd"},"headline":"COM 128 TIMES, COPA SP DE FUTEBOL J\u00daNIOR COME\u00c7A DIA 2 DE JANEIRO. ENTRADA TER\u00c1 RECONHECIMENTO FACIAL","datePublished":"2024-12-27T20:56:53+00:00","mainEntityOfPage":{"@id":"https:\/\/universoesportivo.net\/index.php\/2024\/12\/27\/com-128-times-copa-sp-de-futebol-junior-comeca-dia-2-de-janeiro-entrada-tera-reconhecimento-facial\/"},"wordCount":291,"publisher":{"@id":"https:\/\/universoesportivo.net\/#organization"},"image":{"@id":"https:\/\/universoesportivo.net\/index.php\/2024\/12\/27\/com-128-times-copa-sp-de-futebol-junior-comeca-dia-2-de-janeiro-entrada-tera-reconhecimento-facial\/#primaryimage"},"thumbnailUrl":"https:\/\/universoesportivo.net\/wp-content\/uploads\/2024\/12\/abretimaozinho.jpg","articleSection":["ESPORTES","Futebol de base"],"inLanguage":"pt-BR"},{"@type":"WebPage","@id":"https:\/\/universoesportivo.net\/index.php\/2024\/12\/27\/com-128-times-copa-sp-de-futebol-junior-comeca-dia-2-de-janeiro-entrada-tera-reconhecimento-facial\/","url":"https:\/\/universoesportivo.net\/index.php\/2024\/12\/27\/com-128-times-copa-sp-de-futebol-junior-comeca-dia-2-de-janeiro-entrada-tera-reconhecimento-facial\/","name":"COM 128 TIMES, COPA SP DE FUTEBOL J\u00daNIOR COME\u00c7A DIA 2 DE JANEIRO. ENTRADA TER\u00c1 RECONHECIMENTO FACIAL - Universo Esportivo","isPartOf":{"@id":"https:\/\/universoesportivo.net\/#website"},"primaryImageOfPage":{"@id":"https:\/\/universoesportivo.net\/index.php\/2024\/12\/27\/com-128-times-copa-sp-de-futebol-junior-comeca-dia-2-de-janeiro-entrada-tera-reconhecimento-facial\/#primaryimage"},"image":{"@id":"https:\/\/universoesportivo.net\/index.php\/2024\/12\/27\/com-128-times-copa-sp-de-futebol-junior-comeca-dia-2-de-janeiro-entrada-tera-reconhecimento-facial\/#primaryimage"},"thumbnailUrl":"https:\/\/universoesportivo.net\/wp-content\/uploads\/2024\/12\/abretimaozinho.jpg","datePublished":"2024-12-27T20:56:53+00:00","breadcrumb":{"@id":"https:\/\/universoesportivo.net\/index.php\/2024\/12\/27\/com-128-times-copa-sp-de-futebol-junior-comeca-dia-2-de-janeiro-entrada-tera-reconhecimento-facial\/#breadcrumb"},"inLanguage":"pt-BR","potentialAction":[{"@type":"ReadAction","target":["https:\/\/universoesportivo.net\/index.php\/2024\/12\/27\/com-128-times-copa-sp-de-futebol-junior-comeca-dia-2-de-janeiro-entrada-tera-reconhecimento-facial\/"]}]},{"@type":"ImageObject","inLanguage":"pt-BR","@id":"https:\/\/universoesportivo.net\/index.php\/2024\/12\/27\/com-128-times-copa-sp-de-futebol-junior-comeca-dia-2-de-janeiro-entrada-tera-reconhecimento-facial\/#primaryimage","url":"https:\/\/universoesportivo.net\/wp-content\/uploads\/2024\/12\/abretimaozinho.jpg","contentUrl":"https:\/\/universoesportivo.net\/wp-content\/uploads\/2024\/12\/abretimaozinho.jpg","width":263,"height":224},{"@type":"BreadcrumbList","@id":"https:\/\/universoesportivo.net\/index.php\/2024\/12\/27\/com-128-times-copa-sp-de-futebol-junior-comeca-dia-2-de-janeiro-entrada-tera-reconhecimento-facial\/#breadcrumb","itemListElement":[{"@type":"ListItem","position":1,"name":"In\u00edcio","item":"https:\/\/universoesportivo.net\/"},{"@type":"ListItem","position":2,"name":"COM 128 TIMES, COPA SP DE FUTEBOL J\u00daNIOR COME\u00c7A DIA 2 DE JANEIRO. ENTRADA TER\u00c1 RECONHECIMENTO FACIAL"}]},{"@type":"WebSite","@id":"https:\/\/universoesportivo.net\/#website","url":"https:\/\/universoesportivo.net\/","name":"Universo Esportivo","description":"O portal de todas as modalidades esportivas!","publisher":{"@id":"https:\/\/universoesportivo.net\/#organization"},"alternateName":"Jornalista Tiago Contador Lotto","potentialAction":[{"@type":"SearchAction","target":{"@type":"EntryPoint","urlTemplate":"https:\/\/universoesportivo.net\/?s={search_term_string}"},"query-input":{"@type":"PropertyValueSpecification","valueRequired":true,"valueName":"search_term_string"}}],"inLanguage":"pt-BR"},{"@type":"Organization","@id":"https:\/\/universoesportivo.net\/#organization","name":"Universo Esportivo","alternateName":"Tiago Lotto","url":"https:\/\/universoesportivo.net\/","logo":{"@type":"ImageObject","inLanguage":"pt-BR","@id":"https:\/\/universoesportivo.net\/#\/schema\/logo\/image\/","url":"https:\/\/universoesportivo.net\/wp-content\/uploads\/2024\/05\/cropped-cropped-universo-6.png","contentUrl":"https:\/\/universoesportivo.net\/wp-content\/uploads\/2024\/05\/cropped-cropped-universo-6.png","width":413,"height":295,"caption":"Universo Esportivo"},"image":{"@id":"https:\/\/universoesportivo.net\/#\/schema\/logo\/image\/"},"sameAs":["https:\/\/www.facebook.com\/universoesportivo.net"]},{"@type":"Person","@id":"https:\/\/universoesportivo.net\/#\/schema\/person\/62bc311bc7def56a6bc83711536e74bd","name":"Tiago Lotto","image":{"@type":"ImageObject","inLanguage":"pt-BR","@id":"https:\/\/secure.gravatar.com\/avatar\/fd6891125b3fb6ba0b794cd20c3398d5bb0fa20d2b9963a95f19470e5a6192f7?s=96&d=mm&r=g","url":"https:\/\/secure.gravatar.com\/avatar\/fd6891125b3fb6ba0b794cd20c3398d5bb0fa20d2b9963a95f19470e5a6192f7?s=96&d=mm&r=g","contentUrl":"https:\/\/secure.gravatar.com\/avatar\/fd6891125b3fb6ba0b794cd20c3398d5bb0fa20d2b9963a95f19470e5a6192f7?s=96&d=mm&r=g","caption":"Tiago Lotto"},"url":"https:\/\/universoesportivo.net\/index.php\/author\/tiago-lotto\/"}]}},"jetpack_featured_media_url":"https:\/\/universoesportivo.net\/wp-content\/uploads\/2024\/12\/abretimaozinho.jpg","_links":{"self":[{"href":"https:\/\/universoesportivo.net\/index.php\/wp-json\/wp\/v2\/posts\/2008","targetHints":{"allow":["GET"]}}],"collection":[{"href":"https:\/\/universoesportivo.net\/index.php\/wp-json\/wp\/v2\/posts"}],"about":[{"href":"https:\/\/universoesportivo.net\/index.php\/wp-json\/wp\/v2\/types\/post"}],"author":[{"embeddable":true,"href":"https:\/\/universoesportivo.net\/index.php\/wp-json\/wp\/v2\/users\/2"}],"replies":[{"embeddable":true,"href":"https:\/\/universoesportivo.net\/index.php\/wp-json\/wp\/v2\/comments?post=2008"}],"version-history":[{"count":1,"href":"https:\/\/universoesportivo.net\/index.php\/wp-json\/wp\/v2\/posts\/2008\/revisions"}],"predecessor-version":[{"id":2010,"href":"https:\/\/universoesportivo.net\/index.php\/wp-json\/wp\/v2\/posts\/2008\/revisions\/2010"}],"wp:featuredmedia":[{"embeddable":true,"href":"https:\/\/universoesportivo.net\/index.php\/wp-json\/wp\/v2\/media\/2009"}],"wp:attachment":[{"href":"https:\/\/universoesportivo.net\/index.php\/wp-json\/wp\/v2\/media?parent=2008"}],"wp:term":[{"taxonomy":"category","embeddable":true,"href":"https:\/\/universoesportivo.net\/index.php\/wp-json\/wp\/v2\/categories?post=2008"},{"taxonomy":"post_tag","embeddable":true,"href":"https:\/\/universoesportivo.net\/index.php\/wp-json\/wp\/v2\/tags?post=2008"}],"curies":[{"name":"wp","href":"https:\/\/api.w.org\/{rel}","templated":true}]}}