{"id":2045,"date":"2025-04-02T12:08:43","date_gmt":"2025-04-02T15:08:43","guid":{"rendered":"https:\/\/universoesportivo.net\/?p=2045"},"modified":"2025-04-02T12:08:44","modified_gmt":"2025-04-02T15:08:44","slug":"3a-copa-smel-social-de-futebol-menor-comeca-sexta-feira-dia-4-de-abril-em-catanduva","status":"publish","type":"post","link":"https:\/\/universoesportivo.net\/index.php\/2025\/04\/02\/3a-copa-smel-social-de-futebol-menor-comeca-sexta-feira-dia-4-de-abril-em-catanduva\/","title":{"rendered":"3\u00aa Copa Smel\/Social de Futebol Menor come\u00e7a sexta-feira, dia 4 de abril, em Catanduva"},"content":{"rendered":"\n<p class=\"has-medium-font-size\">A terceira edi\u00e7\u00e3o da Copa Smel\/Social de Futebol realiza sua abertura oficial nesta sexta-feira, 4 de abril, \u00e0s 19 horas, em Catanduva, interior de S\u00e3o Paulo. Organizadores do evento receber\u00e3o pais e autoridades no Campo do Gaviolli, um dos locais da competi\u00e7\u00e3o esportiva.<br><br>Segundo o vereador Manoel Gol de Ouro, um dos respons\u00e1veis pela competi\u00e7\u00e3o, ap\u00f3s a abertura j\u00e1 acontece a primeira rodada da Copa, que ser\u00e1 disputada nas categorias sub-11, sub-13 e sub-14 das cidades de Catanduva, Elisi\u00e1rio e Marapoama.<br><br>No \u00faltimo dia 26 de mar\u00e7o uma reuni\u00e3o t\u00e9cnica ocorreu para a defini\u00e7\u00e3o dos jogos, hor\u00e1rios e locais das partidas. A regra da competi\u00e7\u00e3o termina nove jogadores na linha, al\u00e9m do goleiro. O evento conta com total apoio da SMEL Catanduva, a Secretaria Municipal de Esportes e Lazer.<br><br>A competi\u00e7\u00e3o ser\u00e1 realizada toda sexta-feira, com quatro jogos, nos campos do Gaviolli e do Gl\u00f3ria (dois jogos em cada campo). De acordo com os organizadores, a competi\u00e7\u00e3o vai movimentar aproximadamente 600 atletas das tr\u00eas categorias.<br><br>As equipes participantes da Copa Smel\/Social s\u00e3o os times do Projeto Crian\u00e7a de Ouro (Catanduva); Projeto P\u00e3o Nosso (Catanduva); Vila Real (Catanduva); Inter Academy (Catanduva); Clube de T\u00eanis Catanduva; CPP Catanduva, Smel\/Gl\u00f3ria (Catanduva), Projeto Pequenos Craques (Catanduva), Elisi\u00e1rio e Marapoama.<\/p>\n\n\n\n<p class=\"has-medium-font-size\">Texto e foto: Tiago Lotto<\/p>\n","protected":false},"excerpt":{"rendered":"<p>Participam da Copa Projeto Crian\u00e7a de Ouro, Projeto P\u00e3o Nosso, Vila Real, Inter Academy, Clube de T\u00eanis Catanduva, CPP, Smel\/Gl\u00f3ria, Projeto Pequenos Craques, Elisi\u00e1rio e Marapoama.<\/p>\n","protected":false},"author":2,"featured_media":2046,"comment_status":"closed","ping_status":"closed","sticky":false,"template":"","format":"standard","meta":{"colormag_page_container_layout":"default_layout","colormag_page_sidebar_layout":"default_layout","footnotes":""},"categories":[17,70],"tags":[],"class_list":["post-2045","post","type-post","status-publish","format-standard","has-post-thumbnail","hentry","category-esportes","category-futebol-de-base"],"magazineBlocksPostFeaturedMedia":{"thumbnail":"https:\/\/universoesportivo.net\/wp-content\/uploads\/2025\/04\/futebol1-150x150.jpg","medium":"https:\/\/universoesportivo.net\/wp-content\/uploads\/2025\/04\/futebol1-300x225.jpg","medium_large":"https:\/\/universoesportivo.net\/wp-content\/uploads\/2025\/04\/futebol1-768x576.jpg","large":"https:\/\/universoesportivo.net\/wp-content\/uploads\/2025\/04\/futebol1-1024x768.jpg","1536x1536":"https:\/\/universoesportivo.net\/wp-content\/uploads\/2025\/04\/futebol1-1536x1152.jpg","2048x2048":"https:\/\/universoesportivo.net\/wp-content\/uploads\/2025\/04\/futebol1.jpg","trp-custom-language-flag":"https:\/\/universoesportivo.net\/wp-content\/uploads\/2025\/04\/futebol1-16x12.jpg","colormag-highlighted-post":"https:\/\/universoesportivo.net\/wp-content\/uploads\/2025\/04\/futebol1-392x272.jpg","colormag-featured-post-medium":"https:\/\/universoesportivo.net\/wp-content\/uploads\/2025\/04\/futebol1-390x205.jpg","colormag-featured-post-small":"https:\/\/universoesportivo.net\/wp-content\/uploads\/2025\/04\/futebol1-130x90.jpg","colormag-featured-image":"https:\/\/universoesportivo.net\/wp-content\/uploads\/2025\/04\/futebol1-800x445.jpg","colormag-default-news":"https:\/\/universoesportivo.net\/wp-content\/uploads\/2025\/04\/futebol1-150x150.jpg","colormag-featured-image-large":"https:\/\/universoesportivo.net\/wp-content\/uploads\/2025\/04\/futebol1-1400x600.jpg","colormag-elementor-block-extra-large-thumbnail":"https:\/\/universoesportivo.net\/wp-content\/uploads\/2025\/04\/futebol1-1155x480.jpg","colormag-elementor-grid-large-thumbnail":"https:\/\/universoesportivo.net\/wp-content\/uploads\/2025\/04\/futebol1-600x417.jpg","colormag-elementor-grid-small-thumbnail":"https:\/\/universoesportivo.net\/wp-content\/uploads\/2025\/04\/futebol1-285x450.jpg","colormag-elementor-grid-medium-large-thumbnail":"https:\/\/universoesportivo.net\/wp-content\/uploads\/2025\/04\/futebol1-575x198.jpg"},"magazineBlocksPostAuthor":{"name":"Tiago Lotto","avatar":"https:\/\/secure.gravatar.com\/avatar\/fd6891125b3fb6ba0b794cd20c3398d5bb0fa20d2b9963a95f19470e5a6192f7?s=96&d=mm&r=g"},"magazineBlocksPostCommentsNumber":false,"magazineBlocksPostExcerpt":"Participam da Copa Projeto Crian\u00e7a de Ouro, Projeto P\u00e3o Nosso, Vila Real, Inter Academy, Clube de T\u00eanis Catanduva, CPP, Smel\/Gl\u00f3ria, Projeto Pequenos Craques, Elisi\u00e1rio e Marapoama.","magazineBlocksPostCategories":["ESPORTES","Futebol de base"],"magazineBlocksPostViewCount":41,"magazineBlocksPostReadTime":2,"magazine_blocks_featured_image_url":{"full":["https:\/\/universoesportivo.net\/wp-content\/uploads\/2025\/04\/futebol1.jpg",1600,1200,false],"medium":["https:\/\/universoesportivo.net\/wp-content\/uploads\/2025\/04\/futebol1-300x225.jpg",300,225,true],"thumbnail":["https:\/\/universoesportivo.net\/wp-content\/uploads\/2025\/04\/futebol1-150x150.jpg",150,150,true]},"magazine_blocks_author":{"display_name":"Tiago Lotto","author_link":"https:\/\/universoesportivo.net\/index.php\/author\/tiago-lotto\/"},"magazine_blocks_comment":0,"magazine_blocks_author_image":"https:\/\/secure.gravatar.com\/avatar\/fd6891125b3fb6ba0b794cd20c3398d5bb0fa20d2b9963a95f19470e5a6192f7?s=96&d=mm&r=g","magazine_blocks_category":"<a href=\"#\" class=\"category-link category-link-17\">ESPORTES<\/a> <a href=\"#\" class=\"category-link category-link-70\">Futebol de base<\/a>","yoast_head":"<!-- This site is optimized with the Yoast SEO plugin v27.4 - https:\/\/yoast.com\/product\/yoast-seo-wordpress\/ -->\n<title>3\u00aa Copa Smel\/Social de Futebol Menor come\u00e7a sexta-feira, dia 4 de abril, em Catanduva - Universo Esportivo<\/title>\n<meta name=\"robots\" content=\"index, follow, max-snippet:-1, max-image-preview:large, max-video-preview:-1\" \/>\n<link rel=\"canonical\" href=\"https:\/\/universoesportivo.net\/index.php\/2025\/04\/02\/3a-copa-smel-social-de-futebol-menor-comeca-sexta-feira-dia-4-de-abril-em-catanduva\/\" \/>\n<meta property=\"og:locale\" content=\"pt_BR\" \/>\n<meta property=\"og:type\" content=\"article\" \/>\n<meta property=\"og:title\" content=\"3\u00aa Copa Smel\/Social de Futebol Menor come\u00e7a sexta-feira, dia 4 de abril, em Catanduva - Universo Esportivo\" \/>\n<meta property=\"og:description\" content=\"Participam da Copa Projeto Crian\u00e7a de Ouro, Projeto P\u00e3o Nosso, Vila Real, Inter Academy, Clube de T\u00eanis Catanduva, CPP, Smel\/Gl\u00f3ria, Projeto Pequenos Craques, Elisi\u00e1rio e Marapoama.\" \/>\n<meta property=\"og:url\" content=\"https:\/\/universoesportivo.net\/index.php\/2025\/04\/02\/3a-copa-smel-social-de-futebol-menor-comeca-sexta-feira-dia-4-de-abril-em-catanduva\/\" \/>\n<meta property=\"og:site_name\" content=\"Universo Esportivo\" \/>\n<meta property=\"article:publisher\" content=\"https:\/\/www.facebook.com\/universoesportivo.net\" \/>\n<meta property=\"article:published_time\" content=\"2025-04-02T15:08:43+00:00\" \/>\n<meta property=\"article:modified_time\" content=\"2025-04-02T15:08:44+00:00\" \/>\n<meta property=\"og:image\" content=\"https:\/\/universoesportivo.net\/wp-content\/uploads\/2025\/04\/futebol1.jpg\" \/>\n\t<meta property=\"og:image:width\" content=\"1600\" \/>\n\t<meta property=\"og:image:height\" content=\"1200\" \/>\n\t<meta property=\"og:image:type\" content=\"image\/jpeg\" \/>\n<meta name=\"author\" content=\"Tiago Lotto\" \/>\n<meta name=\"twitter:card\" content=\"summary_large_image\" \/>\n<meta name=\"twitter:label1\" content=\"Escrito por\" \/>\n\t<meta name=\"twitter:data1\" content=\"Tiago Lotto\" \/>\n\t<meta name=\"twitter:label2\" content=\"Est. tempo de leitura\" \/>\n\t<meta name=\"twitter:data2\" content=\"2 minutos\" \/>\n<script type=\"application\/ld+json\" class=\"yoast-schema-graph\">{\"@context\":\"https:\\\/\\\/schema.org\",\"@graph\":[{\"@type\":\"Article\",\"@id\":\"https:\\\/\\\/universoesportivo.net\\\/index.php\\\/2025\\\/04\\\/02\\\/3a-copa-smel-social-de-futebol-menor-comeca-sexta-feira-dia-4-de-abril-em-catanduva\\\/#article\",\"isPartOf\":{\"@id\":\"https:\\\/\\\/universoesportivo.net\\\/index.php\\\/2025\\\/04\\\/02\\\/3a-copa-smel-social-de-futebol-menor-comeca-sexta-feira-dia-4-de-abril-em-catanduva\\\/\"},\"author\":{\"name\":\"Tiago Lotto\",\"@id\":\"https:\\\/\\\/universoesportivo.net\\\/#\\\/schema\\\/person\\\/62bc311bc7def56a6bc83711536e74bd\"},\"headline\":\"3\u00aa Copa Smel\\\/Social de Futebol Menor come\u00e7a sexta-feira, dia 4 de abril, em Catanduva\",\"datePublished\":\"2025-04-02T15:08:43+00:00\",\"dateModified\":\"2025-04-02T15:08:44+00:00\",\"mainEntityOfPage\":{\"@id\":\"https:\\\/\\\/universoesportivo.net\\\/index.php\\\/2025\\\/04\\\/02\\\/3a-copa-smel-social-de-futebol-menor-comeca-sexta-feira-dia-4-de-abril-em-catanduva\\\/\"},\"wordCount\":248,\"publisher\":{\"@id\":\"https:\\\/\\\/universoesportivo.net\\\/#organization\"},\"image\":{\"@id\":\"https:\\\/\\\/universoesportivo.net\\\/index.php\\\/2025\\\/04\\\/02\\\/3a-copa-smel-social-de-futebol-menor-comeca-sexta-feira-dia-4-de-abril-em-catanduva\\\/#primaryimage\"},\"thumbnailUrl\":\"https:\\\/\\\/universoesportivo.net\\\/wp-content\\\/uploads\\\/2025\\\/04\\\/futebol1.jpg\",\"articleSection\":[\"ESPORTES\",\"Futebol de base\"],\"inLanguage\":\"pt-BR\"},{\"@type\":\"WebPage\",\"@id\":\"https:\\\/\\\/universoesportivo.net\\\/index.php\\\/2025\\\/04\\\/02\\\/3a-copa-smel-social-de-futebol-menor-comeca-sexta-feira-dia-4-de-abril-em-catanduva\\\/\",\"url\":\"https:\\\/\\\/universoesportivo.net\\\/index.php\\\/2025\\\/04\\\/02\\\/3a-copa-smel-social-de-futebol-menor-comeca-sexta-feira-dia-4-de-abril-em-catanduva\\\/\",\"name\":\"3\u00aa Copa Smel\\\/Social de Futebol Menor come\u00e7a sexta-feira, dia 4 de abril, em Catanduva - Universo Esportivo\",\"isPartOf\":{\"@id\":\"https:\\\/\\\/universoesportivo.net\\\/#website\"},\"primaryImageOfPage\":{\"@id\":\"https:\\\/\\\/universoesportivo.net\\\/index.php\\\/2025\\\/04\\\/02\\\/3a-copa-smel-social-de-futebol-menor-comeca-sexta-feira-dia-4-de-abril-em-catanduva\\\/#primaryimage\"},\"image\":{\"@id\":\"https:\\\/\\\/universoesportivo.net\\\/index.php\\\/2025\\\/04\\\/02\\\/3a-copa-smel-social-de-futebol-menor-comeca-sexta-feira-dia-4-de-abril-em-catanduva\\\/#primaryimage\"},\"thumbnailUrl\":\"https:\\\/\\\/universoesportivo.net\\\/wp-content\\\/uploads\\\/2025\\\/04\\\/futebol1.jpg\",\"datePublished\":\"2025-04-02T15:08:43+00:00\",\"dateModified\":\"2025-04-02T15:08:44+00:00\",\"breadcrumb\":{\"@id\":\"https:\\\/\\\/universoesportivo.net\\\/index.php\\\/2025\\\/04\\\/02\\\/3a-copa-smel-social-de-futebol-menor-comeca-sexta-feira-dia-4-de-abril-em-catanduva\\\/#breadcrumb\"},\"inLanguage\":\"pt-BR\",\"potentialAction\":[{\"@type\":\"ReadAction\",\"target\":[\"https:\\\/\\\/universoesportivo.net\\\/index.php\\\/2025\\\/04\\\/02\\\/3a-copa-smel-social-de-futebol-menor-comeca-sexta-feira-dia-4-de-abril-em-catanduva\\\/\"]}]},{\"@type\":\"ImageObject\",\"inLanguage\":\"pt-BR\",\"@id\":\"https:\\\/\\\/universoesportivo.net\\\/index.php\\\/2025\\\/04\\\/02\\\/3a-copa-smel-social-de-futebol-menor-comeca-sexta-feira-dia-4-de-abril-em-catanduva\\\/#primaryimage\",\"url\":\"https:\\\/\\\/universoesportivo.net\\\/wp-content\\\/uploads\\\/2025\\\/04\\\/futebol1.jpg\",\"contentUrl\":\"https:\\\/\\\/universoesportivo.net\\\/wp-content\\\/uploads\\\/2025\\\/04\\\/futebol1.jpg\",\"width\":1600,\"height\":1200},{\"@type\":\"BreadcrumbList\",\"@id\":\"https:\\\/\\\/universoesportivo.net\\\/index.php\\\/2025\\\/04\\\/02\\\/3a-copa-smel-social-de-futebol-menor-comeca-sexta-feira-dia-4-de-abril-em-catanduva\\\/#breadcrumb\",\"itemListElement\":[{\"@type\":\"ListItem\",\"position\":1,\"name\":\"In\u00edcio\",\"item\":\"https:\\\/\\\/universoesportivo.net\\\/\"},{\"@type\":\"ListItem\",\"position\":2,\"name\":\"3\u00aa Copa Smel\\\/Social de Futebol Menor come\u00e7a sexta-feira, dia 4 de abril, em Catanduva\"}]},{\"@type\":\"WebSite\",\"@id\":\"https:\\\/\\\/universoesportivo.net\\\/#website\",\"url\":\"https:\\\/\\\/universoesportivo.net\\\/\",\"name\":\"Universo Esportivo\",\"description\":\"O portal de todas as modalidades esportivas!\",\"publisher\":{\"@id\":\"https:\\\/\\\/universoesportivo.net\\\/#organization\"},\"alternateName\":\"Jornalista Tiago Contador Lotto\",\"potentialAction\":[{\"@type\":\"SearchAction\",\"target\":{\"@type\":\"EntryPoint\",\"urlTemplate\":\"https:\\\/\\\/universoesportivo.net\\\/?s={search_term_string}\"},\"query-input\":{\"@type\":\"PropertyValueSpecification\",\"valueRequired\":true,\"valueName\":\"search_term_string\"}}],\"inLanguage\":\"pt-BR\"},{\"@type\":\"Organization\",\"@id\":\"https:\\\/\\\/universoesportivo.net\\\/#organization\",\"name\":\"Universo Esportivo\",\"alternateName\":\"Tiago Lotto\",\"url\":\"https:\\\/\\\/universoesportivo.net\\\/\",\"logo\":{\"@type\":\"ImageObject\",\"inLanguage\":\"pt-BR\",\"@id\":\"https:\\\/\\\/universoesportivo.net\\\/#\\\/schema\\\/logo\\\/image\\\/\",\"url\":\"https:\\\/\\\/universoesportivo.net\\\/wp-content\\\/uploads\\\/2024\\\/05\\\/cropped-cropped-universo-6.png\",\"contentUrl\":\"https:\\\/\\\/universoesportivo.net\\\/wp-content\\\/uploads\\\/2024\\\/05\\\/cropped-cropped-universo-6.png\",\"width\":413,\"height\":295,\"caption\":\"Universo Esportivo\"},\"image\":{\"@id\":\"https:\\\/\\\/universoesportivo.net\\\/#\\\/schema\\\/logo\\\/image\\\/\"},\"sameAs\":[\"https:\\\/\\\/www.facebook.com\\\/universoesportivo.net\"]},{\"@type\":\"Person\",\"@id\":\"https:\\\/\\\/universoesportivo.net\\\/#\\\/schema\\\/person\\\/62bc311bc7def56a6bc83711536e74bd\",\"name\":\"Tiago Lotto\",\"image\":{\"@type\":\"ImageObject\",\"inLanguage\":\"pt-BR\",\"@id\":\"https:\\\/\\\/secure.gravatar.com\\\/avatar\\\/fd6891125b3fb6ba0b794cd20c3398d5bb0fa20d2b9963a95f19470e5a6192f7?s=96&d=mm&r=g\",\"url\":\"https:\\\/\\\/secure.gravatar.com\\\/avatar\\\/fd6891125b3fb6ba0b794cd20c3398d5bb0fa20d2b9963a95f19470e5a6192f7?s=96&d=mm&r=g\",\"contentUrl\":\"https:\\\/\\\/secure.gravatar.com\\\/avatar\\\/fd6891125b3fb6ba0b794cd20c3398d5bb0fa20d2b9963a95f19470e5a6192f7?s=96&d=mm&r=g\",\"caption\":\"Tiago Lotto\"},\"url\":\"https:\\\/\\\/universoesportivo.net\\\/index.php\\\/author\\\/tiago-lotto\\\/\"}]}<\/script>\n<!-- \/ Yoast SEO plugin. -->","yoast_head_json":{"title":"3\u00aa Copa Smel\/Social de Futebol Menor come\u00e7a sexta-feira, dia 4 de abril, em Catanduva - Universo Esportivo","robots":{"index":"index","follow":"follow","max-snippet":"max-snippet:-1","max-image-preview":"max-image-preview:large","max-video-preview":"max-video-preview:-1"},"canonical":"https:\/\/universoesportivo.net\/index.php\/2025\/04\/02\/3a-copa-smel-social-de-futebol-menor-comeca-sexta-feira-dia-4-de-abril-em-catanduva\/","og_locale":"pt_BR","og_type":"article","og_title":"3\u00aa Copa Smel\/Social de Futebol Menor come\u00e7a sexta-feira, dia 4 de abril, em Catanduva - Universo Esportivo","og_description":"Participam da Copa Projeto Crian\u00e7a de Ouro, Projeto P\u00e3o Nosso, Vila Real, Inter Academy, Clube de T\u00eanis Catanduva, CPP, Smel\/Gl\u00f3ria, Projeto Pequenos Craques, Elisi\u00e1rio e Marapoama.","og_url":"https:\/\/universoesportivo.net\/index.php\/2025\/04\/02\/3a-copa-smel-social-de-futebol-menor-comeca-sexta-feira-dia-4-de-abril-em-catanduva\/","og_site_name":"Universo Esportivo","article_publisher":"https:\/\/www.facebook.com\/universoesportivo.net","article_published_time":"2025-04-02T15:08:43+00:00","article_modified_time":"2025-04-02T15:08:44+00:00","og_image":[{"width":1600,"height":1200,"url":"https:\/\/universoesportivo.net\/wp-content\/uploads\/2025\/04\/futebol1.jpg","type":"image\/jpeg"}],"author":"Tiago Lotto","twitter_card":"summary_large_image","twitter_misc":{"Escrito por":"Tiago Lotto","Est. tempo de leitura":"2 minutos"},"schema":{"@context":"https:\/\/schema.org","@graph":[{"@type":"Article","@id":"https:\/\/universoesportivo.net\/index.php\/2025\/04\/02\/3a-copa-smel-social-de-futebol-menor-comeca-sexta-feira-dia-4-de-abril-em-catanduva\/#article","isPartOf":{"@id":"https:\/\/universoesportivo.net\/index.php\/2025\/04\/02\/3a-copa-smel-social-de-futebol-menor-comeca-sexta-feira-dia-4-de-abril-em-catanduva\/"},"author":{"name":"Tiago Lotto","@id":"https:\/\/universoesportivo.net\/#\/schema\/person\/62bc311bc7def56a6bc83711536e74bd"},"headline":"3\u00aa Copa Smel\/Social de Futebol Menor come\u00e7a sexta-feira, dia 4 de abril, em Catanduva","datePublished":"2025-04-02T15:08:43+00:00","dateModified":"2025-04-02T15:08:44+00:00","mainEntityOfPage":{"@id":"https:\/\/universoesportivo.net\/index.php\/2025\/04\/02\/3a-copa-smel-social-de-futebol-menor-comeca-sexta-feira-dia-4-de-abril-em-catanduva\/"},"wordCount":248,"publisher":{"@id":"https:\/\/universoesportivo.net\/#organization"},"image":{"@id":"https:\/\/universoesportivo.net\/index.php\/2025\/04\/02\/3a-copa-smel-social-de-futebol-menor-comeca-sexta-feira-dia-4-de-abril-em-catanduva\/#primaryimage"},"thumbnailUrl":"https:\/\/universoesportivo.net\/wp-content\/uploads\/2025\/04\/futebol1.jpg","articleSection":["ESPORTES","Futebol de base"],"inLanguage":"pt-BR"},{"@type":"WebPage","@id":"https:\/\/universoesportivo.net\/index.php\/2025\/04\/02\/3a-copa-smel-social-de-futebol-menor-comeca-sexta-feira-dia-4-de-abril-em-catanduva\/","url":"https:\/\/universoesportivo.net\/index.php\/2025\/04\/02\/3a-copa-smel-social-de-futebol-menor-comeca-sexta-feira-dia-4-de-abril-em-catanduva\/","name":"3\u00aa Copa Smel\/Social de Futebol Menor come\u00e7a sexta-feira, dia 4 de abril, em Catanduva - Universo Esportivo","isPartOf":{"@id":"https:\/\/universoesportivo.net\/#website"},"primaryImageOfPage":{"@id":"https:\/\/universoesportivo.net\/index.php\/2025\/04\/02\/3a-copa-smel-social-de-futebol-menor-comeca-sexta-feira-dia-4-de-abril-em-catanduva\/#primaryimage"},"image":{"@id":"https:\/\/universoesportivo.net\/index.php\/2025\/04\/02\/3a-copa-smel-social-de-futebol-menor-comeca-sexta-feira-dia-4-de-abril-em-catanduva\/#primaryimage"},"thumbnailUrl":"https:\/\/universoesportivo.net\/wp-content\/uploads\/2025\/04\/futebol1.jpg","datePublished":"2025-04-02T15:08:43+00:00","dateModified":"2025-04-02T15:08:44+00:00","breadcrumb":{"@id":"https:\/\/universoesportivo.net\/index.php\/2025\/04\/02\/3a-copa-smel-social-de-futebol-menor-comeca-sexta-feira-dia-4-de-abril-em-catanduva\/#breadcrumb"},"inLanguage":"pt-BR","potentialAction":[{"@type":"ReadAction","target":["https:\/\/universoesportivo.net\/index.php\/2025\/04\/02\/3a-copa-smel-social-de-futebol-menor-comeca-sexta-feira-dia-4-de-abril-em-catanduva\/"]}]},{"@type":"ImageObject","inLanguage":"pt-BR","@id":"https:\/\/universoesportivo.net\/index.php\/2025\/04\/02\/3a-copa-smel-social-de-futebol-menor-comeca-sexta-feira-dia-4-de-abril-em-catanduva\/#primaryimage","url":"https:\/\/universoesportivo.net\/wp-content\/uploads\/2025\/04\/futebol1.jpg","contentUrl":"https:\/\/universoesportivo.net\/wp-content\/uploads\/2025\/04\/futebol1.jpg","width":1600,"height":1200},{"@type":"BreadcrumbList","@id":"https:\/\/universoesportivo.net\/index.php\/2025\/04\/02\/3a-copa-smel-social-de-futebol-menor-comeca-sexta-feira-dia-4-de-abril-em-catanduva\/#breadcrumb","itemListElement":[{"@type":"ListItem","position":1,"name":"In\u00edcio","item":"https:\/\/universoesportivo.net\/"},{"@type":"ListItem","position":2,"name":"3\u00aa Copa Smel\/Social de Futebol Menor come\u00e7a sexta-feira, dia 4 de abril, em Catanduva"}]},{"@type":"WebSite","@id":"https:\/\/universoesportivo.net\/#website","url":"https:\/\/universoesportivo.net\/","name":"Universo Esportivo","description":"O portal de todas as modalidades esportivas!","publisher":{"@id":"https:\/\/universoesportivo.net\/#organization"},"alternateName":"Jornalista Tiago Contador Lotto","potentialAction":[{"@type":"SearchAction","target":{"@type":"EntryPoint","urlTemplate":"https:\/\/universoesportivo.net\/?s={search_term_string}"},"query-input":{"@type":"PropertyValueSpecification","valueRequired":true,"valueName":"search_term_string"}}],"inLanguage":"pt-BR"},{"@type":"Organization","@id":"https:\/\/universoesportivo.net\/#organization","name":"Universo Esportivo","alternateName":"Tiago Lotto","url":"https:\/\/universoesportivo.net\/","logo":{"@type":"ImageObject","inLanguage":"pt-BR","@id":"https:\/\/universoesportivo.net\/#\/schema\/logo\/image\/","url":"https:\/\/universoesportivo.net\/wp-content\/uploads\/2024\/05\/cropped-cropped-universo-6.png","contentUrl":"https:\/\/universoesportivo.net\/wp-content\/uploads\/2024\/05\/cropped-cropped-universo-6.png","width":413,"height":295,"caption":"Universo Esportivo"},"image":{"@id":"https:\/\/universoesportivo.net\/#\/schema\/logo\/image\/"},"sameAs":["https:\/\/www.facebook.com\/universoesportivo.net"]},{"@type":"Person","@id":"https:\/\/universoesportivo.net\/#\/schema\/person\/62bc311bc7def56a6bc83711536e74bd","name":"Tiago Lotto","image":{"@type":"ImageObject","inLanguage":"pt-BR","@id":"https:\/\/secure.gravatar.com\/avatar\/fd6891125b3fb6ba0b794cd20c3398d5bb0fa20d2b9963a95f19470e5a6192f7?s=96&d=mm&r=g","url":"https:\/\/secure.gravatar.com\/avatar\/fd6891125b3fb6ba0b794cd20c3398d5bb0fa20d2b9963a95f19470e5a6192f7?s=96&d=mm&r=g","contentUrl":"https:\/\/secure.gravatar.com\/avatar\/fd6891125b3fb6ba0b794cd20c3398d5bb0fa20d2b9963a95f19470e5a6192f7?s=96&d=mm&r=g","caption":"Tiago Lotto"},"url":"https:\/\/universoesportivo.net\/index.php\/author\/tiago-lotto\/"}]}},"jetpack_featured_media_url":"https:\/\/universoesportivo.net\/wp-content\/uploads\/2025\/04\/futebol1.jpg","_links":{"self":[{"href":"https:\/\/universoesportivo.net\/index.php\/wp-json\/wp\/v2\/posts\/2045","targetHints":{"allow":["GET"]}}],"collection":[{"href":"https:\/\/universoesportivo.net\/index.php\/wp-json\/wp\/v2\/posts"}],"about":[{"href":"https:\/\/universoesportivo.net\/index.php\/wp-json\/wp\/v2\/types\/post"}],"author":[{"embeddable":true,"href":"https:\/\/universoesportivo.net\/index.php\/wp-json\/wp\/v2\/users\/2"}],"replies":[{"embeddable":true,"href":"https:\/\/universoesportivo.net\/index.php\/wp-json\/wp\/v2\/comments?post=2045"}],"version-history":[{"count":1,"href":"https:\/\/universoesportivo.net\/index.php\/wp-json\/wp\/v2\/posts\/2045\/revisions"}],"predecessor-version":[{"id":2047,"href":"https:\/\/universoesportivo.net\/index.php\/wp-json\/wp\/v2\/posts\/2045\/revisions\/2047"}],"wp:featuredmedia":[{"embeddable":true,"href":"https:\/\/universoesportivo.net\/index.php\/wp-json\/wp\/v2\/media\/2046"}],"wp:attachment":[{"href":"https:\/\/universoesportivo.net\/index.php\/wp-json\/wp\/v2\/media?parent=2045"}],"wp:term":[{"taxonomy":"category","embeddable":true,"href":"https:\/\/universoesportivo.net\/index.php\/wp-json\/wp\/v2\/categories?post=2045"},{"taxonomy":"post_tag","embeddable":true,"href":"https:\/\/universoesportivo.net\/index.php\/wp-json\/wp\/v2\/tags?post=2045"}],"curies":[{"name":"wp","href":"https:\/\/api.w.org\/{rel}","templated":true}]}}