{"id":2049,"date":"2025-04-06T23:23:36","date_gmt":"2025-04-07T02:23:36","guid":{"rendered":"https:\/\/universoesportivo.net\/?p=2049"},"modified":"2025-04-06T23:33:08","modified_gmt":"2025-04-07T02:33:08","slug":"coc-catanduva-apoia-nadador-asmatico-que-passou-a-ser-federado-pela-federacao-aquatica-paulista","status":"publish","type":"post","link":"https:\/\/universoesportivo.net\/index.php\/2025\/04\/06\/coc-catanduva-apoia-nadador-asmatico-que-passou-a-ser-federado-pela-federacao-aquatica-paulista\/","title":{"rendered":"COC Catanduva apoia nadador asm\u00e1tico que passou a ser federado pela Federa\u00e7\u00e3o Aqu\u00e1tica Paulista"},"content":{"rendered":"\n<p class=\"has-medium-font-size\">Diagnosticado com asma com apenas 1 ano de idade, o jovem Pedro Henrique Fatori Pereira passou a integrar a lista de inscritos na Federa\u00e7\u00e3o Aqu\u00e1tica Paulista como atleta federado.<\/p>\n\n\n\n<p class=\"has-medium-font-size\">O m\u00e9dico indicou a nata\u00e7\u00e3o para sua m\u00e3e, j\u00e1 que o esporte na \u00e1gua aumenta a capacidade aer\u00f3bica e pulmonar, ajuda a diminuir as crises de asma e pode ajudar a conquistar 100% da capacidade respirat\u00f3ria. Os ex-nadadores C\u00e9sar Cielo e Gustavo Borges s\u00e3o exemplos de nadadores asm\u00e1ticos.<\/p>\n\n\n\n<p class=\"has-medium-font-size\">Pedro Henrique est\u00e1 no 9\u00ba ano do COC Catanduva. Ele estuda na institui\u00e7\u00e3o desde o 1\u00ba ano, quando tinha 6 anos de idade. Hoje, com 14 anos de idade (fez anivers\u00e1rio dia 3 de abril), recebe apoio do COC, que acredita em seu potencial.<\/p>\n\n\n\n<p class=\"has-medium-font-size\">O nadador \u00e9 atleta da SMEL Catanduva, a Secretaria Municipal de Esportes e Lazer. Ele treina de segunda a s\u00e1bado, no per\u00edodo da tarde. Aos s\u00e1bados, os treinos s\u00e3o pela manh\u00e3. A equipe realiza seus treinos na piscina do Conjunto Esportivo Jo\u00e3o Crippa, que fica no bairro S\u00e3o Francisco.<\/p>\n\n\n\n<p class=\"has-medium-font-size\">\u201cTr\u00eas vezes por semana ele faz academia e, tamb\u00e9m, tem acompanhamento nutricional\u201d, disse a m\u00e3e do atleta, Carina Fatori. Ela fez quest\u00e3o de agradecer a nutricionista Alessandra Val\u00eancio do Prado, o personal Guilherme Augusto Santos, o Rambo, e a t\u00e9cnica de nata\u00e7\u00e3o da SMEL, Andrea Malfar\u00e1.<\/p>\n\n\n\n<p class=\"has-medium-font-size\">Pedro Henrique \u00e9 um nadador colecionador de t\u00edtulos. Entre ouro, prata e bronze, conta com aproximadamente 150 medalhas. Em quatro categorias ele j\u00e1 conquistou \u00edndice Paulista para disputar competi\u00e7\u00f5es como atleta federado: 100 metros peito, 200 metros peito, 50 metros livre e 100 metros livre. No nado peito, ele j\u00e1 conquistou \u00edndice para disputar o Campeonato Brasileiro de Nata\u00e7\u00e3o.<\/p>\n\n\n\n<p class=\"has-medium-font-size\">No pr\u00f3ximo dia 26 de abril ele estar\u00e1 com a equipe da SMEL em Presidente Prudente. Depois, de 23 a 25 de maio, vai disputar o Campeonato Paulista, em Santo Andr\u00e9. De 10 a 14 de junho vai disputar o Brasileiro, em Bauru.<\/p>\n\n\n\n<p class=\"has-medium-font-size\">\u201cMeu objetivo \u00e9 disputar uma Olimp\u00edadas. Estou treinando para isso. Seria um sonho realizado\u201d, comentou o jovem atleta.<\/p>\n\n\n\n<p class=\"has-medium-font-size\">O COC Catanduva comentou sobre o apoio ao atleta da nata\u00e7\u00e3o.<\/p>\n\n\n\n<p class=\"has-medium-font-size\">\u201cAcreditamos no potencial do Pedro Henrique. Para o COC, \u00e9 importante contribuir para o seu desenvolvimento f\u00edsico, mental, social e \u00e9tico. A Educa\u00e7\u00e3o F\u00edsica n\u00e3o pode ser vista apenas com \u00eanfase na performance motora e sim estar ao lado das demais disciplinas na forma\u00e7\u00e3o plena de cidad\u00e3os e, quem sabe, de atletas de alta performance, que podem representar o Pa\u00eds em Olimp\u00edadas ou atuar profissionalmente por um clube sendo atleta profissional\u201d.<\/p>\n\n\n\n<p class=\"has-medium-font-size\">TEXTO: Tiago Lotto<\/p>\n\n\n\n<p class=\"has-medium-font-size\">Foto: Arquivo particular do atleta Pedro Henrique<\/p>\n","protected":false},"excerpt":{"rendered":"<p>Integrante da equipe da nata\u00e7\u00e3o da Prefeitura de Catanduva, Pedro Henrique Fatori Pereira est\u00e1 na &#8216;elite&#8217; da nata\u00e7\u00e3o. Em maio ele vai disputar o Campeonato Paulista, em Santo Andr\u00e9. Em junho vai disputar o Brasileiro, em Bauru.<\/p>\n","protected":false},"author":2,"featured_media":2054,"comment_status":"closed","ping_status":"closed","sticky":false,"template":"","format":"standard","meta":{"colormag_page_container_layout":"default_layout","colormag_page_sidebar_layout":"default_layout","footnotes":""},"categories":[17,50],"tags":[],"class_list":["post-2049","post","type-post","status-publish","format-standard","has-post-thumbnail","hentry","category-esportes","category-natacao"],"magazineBlocksPostFeaturedMedia":{"thumbnail":"https:\/\/universoesportivo.net\/wp-content\/uploads\/2025\/04\/bemmenor-150x150.jpg","medium":"https:\/\/universoesportivo.net\/wp-content\/uploads\/2025\/04\/bemmenor-300x215.jpg","medium_large":"https:\/\/universoesportivo.net\/wp-content\/uploads\/2025\/04\/bemmenor.jpg","large":"https:\/\/universoesportivo.net\/wp-content\/uploads\/2025\/04\/bemmenor.jpg","1536x1536":"https:\/\/universoesportivo.net\/wp-content\/uploads\/2025\/04\/bemmenor.jpg","2048x2048":"https:\/\/universoesportivo.net\/wp-content\/uploads\/2025\/04\/bemmenor.jpg","trp-custom-language-flag":"https:\/\/universoesportivo.net\/wp-content\/uploads\/2025\/04\/bemmenor-18x12.jpg","colormag-highlighted-post":"https:\/\/universoesportivo.net\/wp-content\/uploads\/2025\/04\/bemmenor-392x272.jpg","colormag-featured-post-medium":"https:\/\/universoesportivo.net\/wp-content\/uploads\/2025\/04\/bemmenor-390x205.jpg","colormag-featured-post-small":"https:\/\/universoesportivo.net\/wp-content\/uploads\/2025\/04\/bemmenor-130x90.jpg","colormag-featured-image":"https:\/\/universoesportivo.net\/wp-content\/uploads\/2025\/04\/bemmenor.jpg","colormag-default-news":"https:\/\/universoesportivo.net\/wp-content\/uploads\/2025\/04\/bemmenor-150x150.jpg","colormag-featured-image-large":"https:\/\/universoesportivo.net\/wp-content\/uploads\/2025\/04\/bemmenor.jpg","colormag-elementor-block-extra-large-thumbnail":"https:\/\/universoesportivo.net\/wp-content\/uploads\/2025\/04\/bemmenor.jpg","colormag-elementor-grid-large-thumbnail":"https:\/\/universoesportivo.net\/wp-content\/uploads\/2025\/04\/bemmenor.jpg","colormag-elementor-grid-small-thumbnail":"https:\/\/universoesportivo.net\/wp-content\/uploads\/2025\/04\/bemmenor-285x286.jpg","colormag-elementor-grid-medium-large-thumbnail":"https:\/\/universoesportivo.net\/wp-content\/uploads\/2025\/04\/bemmenor-400x198.jpg"},"magazineBlocksPostAuthor":{"name":"Tiago Lotto","avatar":"https:\/\/secure.gravatar.com\/avatar\/fd6891125b3fb6ba0b794cd20c3398d5bb0fa20d2b9963a95f19470e5a6192f7?s=96&d=mm&r=g"},"magazineBlocksPostCommentsNumber":false,"magazineBlocksPostExcerpt":"Integrante da equipe da nata\u00e7\u00e3o da Prefeitura de Catanduva, Pedro Henrique Fatori Pereira est\u00e1 na 'elite' da nata\u00e7\u00e3o. Em maio ele vai disputar o Campeonato Paulista, em Santo Andr\u00e9. Em junho vai disputar o Brasileiro, em Bauru.","magazineBlocksPostCategories":["ESPORTES","Nata\u00e7\u00e3o"],"magazineBlocksPostViewCount":33,"magazineBlocksPostReadTime":3,"magazine_blocks_featured_image_url":{"full":["https:\/\/universoesportivo.net\/wp-content\/uploads\/2025\/04\/bemmenor.jpg",400,286,false],"medium":["https:\/\/universoesportivo.net\/wp-content\/uploads\/2025\/04\/bemmenor-300x215.jpg",300,215,true],"thumbnail":["https:\/\/universoesportivo.net\/wp-content\/uploads\/2025\/04\/bemmenor-150x150.jpg",150,150,true]},"magazine_blocks_author":{"display_name":"Tiago Lotto","author_link":"https:\/\/universoesportivo.net\/index.php\/author\/tiago-lotto\/"},"magazine_blocks_comment":0,"magazine_blocks_author_image":"https:\/\/secure.gravatar.com\/avatar\/fd6891125b3fb6ba0b794cd20c3398d5bb0fa20d2b9963a95f19470e5a6192f7?s=96&d=mm&r=g","magazine_blocks_category":"<a href=\"#\" class=\"category-link category-link-17\">ESPORTES<\/a> <a href=\"#\" class=\"category-link category-link-50\">Nata\u00e7\u00e3o<\/a>","yoast_head":"<!-- This site is optimized with the Yoast SEO plugin v27.4 - https:\/\/yoast.com\/product\/yoast-seo-wordpress\/ -->\n<title>COC Catanduva apoia nadador asm\u00e1tico que passou a ser federado pela Federa\u00e7\u00e3o Aqu\u00e1tica Paulista - Universo Esportivo<\/title>\n<meta name=\"robots\" content=\"index, follow, max-snippet:-1, max-image-preview:large, max-video-preview:-1\" \/>\n<link rel=\"canonical\" href=\"https:\/\/universoesportivo.net\/index.php\/2025\/04\/06\/coc-catanduva-apoia-nadador-asmatico-que-passou-a-ser-federado-pela-federacao-aquatica-paulista\/\" \/>\n<meta property=\"og:locale\" content=\"pt_BR\" \/>\n<meta property=\"og:type\" content=\"article\" \/>\n<meta property=\"og:title\" content=\"COC Catanduva apoia nadador asm\u00e1tico que passou a ser federado pela Federa\u00e7\u00e3o Aqu\u00e1tica Paulista - Universo Esportivo\" \/>\n<meta property=\"og:description\" content=\"Integrante da equipe da nata\u00e7\u00e3o da Prefeitura de Catanduva, Pedro Henrique Fatori Pereira est\u00e1 na &#039;elite&#039; da nata\u00e7\u00e3o. Em maio ele vai disputar o Campeonato Paulista, em Santo Andr\u00e9. Em junho vai disputar o Brasileiro, em Bauru.\" \/>\n<meta property=\"og:url\" content=\"https:\/\/universoesportivo.net\/index.php\/2025\/04\/06\/coc-catanduva-apoia-nadador-asmatico-que-passou-a-ser-federado-pela-federacao-aquatica-paulista\/\" \/>\n<meta property=\"og:site_name\" content=\"Universo Esportivo\" \/>\n<meta property=\"article:publisher\" content=\"https:\/\/www.facebook.com\/universoesportivo.net\" \/>\n<meta property=\"article:published_time\" content=\"2025-04-07T02:23:36+00:00\" \/>\n<meta property=\"article:modified_time\" content=\"2025-04-07T02:33:08+00:00\" \/>\n<meta property=\"og:image\" content=\"https:\/\/universoesportivo.net\/wp-content\/uploads\/2025\/04\/bemmenor.jpg\" \/>\n\t<meta property=\"og:image:width\" content=\"400\" \/>\n\t<meta property=\"og:image:height\" content=\"286\" \/>\n\t<meta property=\"og:image:type\" content=\"image\/jpeg\" \/>\n<meta name=\"author\" content=\"Tiago Lotto\" \/>\n<meta name=\"twitter:card\" content=\"summary_large_image\" \/>\n<meta name=\"twitter:label1\" content=\"Escrito por\" \/>\n\t<meta name=\"twitter:data1\" content=\"Tiago Lotto\" \/>\n\t<meta name=\"twitter:label2\" content=\"Est. tempo de leitura\" \/>\n\t<meta name=\"twitter:data2\" content=\"3 minutos\" \/>\n<script type=\"application\/ld+json\" class=\"yoast-schema-graph\">{\"@context\":\"https:\\\/\\\/schema.org\",\"@graph\":[{\"@type\":\"Article\",\"@id\":\"https:\\\/\\\/universoesportivo.net\\\/index.php\\\/2025\\\/04\\\/06\\\/coc-catanduva-apoia-nadador-asmatico-que-passou-a-ser-federado-pela-federacao-aquatica-paulista\\\/#article\",\"isPartOf\":{\"@id\":\"https:\\\/\\\/universoesportivo.net\\\/index.php\\\/2025\\\/04\\\/06\\\/coc-catanduva-apoia-nadador-asmatico-que-passou-a-ser-federado-pela-federacao-aquatica-paulista\\\/\"},\"author\":{\"name\":\"Tiago Lotto\",\"@id\":\"https:\\\/\\\/universoesportivo.net\\\/#\\\/schema\\\/person\\\/62bc311bc7def56a6bc83711536e74bd\"},\"headline\":\"COC Catanduva apoia nadador asm\u00e1tico que passou a ser federado pela Federa\u00e7\u00e3o Aqu\u00e1tica Paulista\",\"datePublished\":\"2025-04-07T02:23:36+00:00\",\"dateModified\":\"2025-04-07T02:33:08+00:00\",\"mainEntityOfPage\":{\"@id\":\"https:\\\/\\\/universoesportivo.net\\\/index.php\\\/2025\\\/04\\\/06\\\/coc-catanduva-apoia-nadador-asmatico-que-passou-a-ser-federado-pela-federacao-aquatica-paulista\\\/\"},\"wordCount\":463,\"publisher\":{\"@id\":\"https:\\\/\\\/universoesportivo.net\\\/#organization\"},\"image\":{\"@id\":\"https:\\\/\\\/universoesportivo.net\\\/index.php\\\/2025\\\/04\\\/06\\\/coc-catanduva-apoia-nadador-asmatico-que-passou-a-ser-federado-pela-federacao-aquatica-paulista\\\/#primaryimage\"},\"thumbnailUrl\":\"https:\\\/\\\/universoesportivo.net\\\/wp-content\\\/uploads\\\/2025\\\/04\\\/bemmenor.jpg\",\"articleSection\":[\"ESPORTES\",\"Nata\u00e7\u00e3o\"],\"inLanguage\":\"pt-BR\"},{\"@type\":\"WebPage\",\"@id\":\"https:\\\/\\\/universoesportivo.net\\\/index.php\\\/2025\\\/04\\\/06\\\/coc-catanduva-apoia-nadador-asmatico-que-passou-a-ser-federado-pela-federacao-aquatica-paulista\\\/\",\"url\":\"https:\\\/\\\/universoesportivo.net\\\/index.php\\\/2025\\\/04\\\/06\\\/coc-catanduva-apoia-nadador-asmatico-que-passou-a-ser-federado-pela-federacao-aquatica-paulista\\\/\",\"name\":\"COC Catanduva apoia nadador asm\u00e1tico que passou a ser federado pela Federa\u00e7\u00e3o Aqu\u00e1tica Paulista - Universo Esportivo\",\"isPartOf\":{\"@id\":\"https:\\\/\\\/universoesportivo.net\\\/#website\"},\"primaryImageOfPage\":{\"@id\":\"https:\\\/\\\/universoesportivo.net\\\/index.php\\\/2025\\\/04\\\/06\\\/coc-catanduva-apoia-nadador-asmatico-que-passou-a-ser-federado-pela-federacao-aquatica-paulista\\\/#primaryimage\"},\"image\":{\"@id\":\"https:\\\/\\\/universoesportivo.net\\\/index.php\\\/2025\\\/04\\\/06\\\/coc-catanduva-apoia-nadador-asmatico-que-passou-a-ser-federado-pela-federacao-aquatica-paulista\\\/#primaryimage\"},\"thumbnailUrl\":\"https:\\\/\\\/universoesportivo.net\\\/wp-content\\\/uploads\\\/2025\\\/04\\\/bemmenor.jpg\",\"datePublished\":\"2025-04-07T02:23:36+00:00\",\"dateModified\":\"2025-04-07T02:33:08+00:00\",\"breadcrumb\":{\"@id\":\"https:\\\/\\\/universoesportivo.net\\\/index.php\\\/2025\\\/04\\\/06\\\/coc-catanduva-apoia-nadador-asmatico-que-passou-a-ser-federado-pela-federacao-aquatica-paulista\\\/#breadcrumb\"},\"inLanguage\":\"pt-BR\",\"potentialAction\":[{\"@type\":\"ReadAction\",\"target\":[\"https:\\\/\\\/universoesportivo.net\\\/index.php\\\/2025\\\/04\\\/06\\\/coc-catanduva-apoia-nadador-asmatico-que-passou-a-ser-federado-pela-federacao-aquatica-paulista\\\/\"]}]},{\"@type\":\"ImageObject\",\"inLanguage\":\"pt-BR\",\"@id\":\"https:\\\/\\\/universoesportivo.net\\\/index.php\\\/2025\\\/04\\\/06\\\/coc-catanduva-apoia-nadador-asmatico-que-passou-a-ser-federado-pela-federacao-aquatica-paulista\\\/#primaryimage\",\"url\":\"https:\\\/\\\/universoesportivo.net\\\/wp-content\\\/uploads\\\/2025\\\/04\\\/bemmenor.jpg\",\"contentUrl\":\"https:\\\/\\\/universoesportivo.net\\\/wp-content\\\/uploads\\\/2025\\\/04\\\/bemmenor.jpg\",\"width\":400,\"height\":286},{\"@type\":\"BreadcrumbList\",\"@id\":\"https:\\\/\\\/universoesportivo.net\\\/index.php\\\/2025\\\/04\\\/06\\\/coc-catanduva-apoia-nadador-asmatico-que-passou-a-ser-federado-pela-federacao-aquatica-paulista\\\/#breadcrumb\",\"itemListElement\":[{\"@type\":\"ListItem\",\"position\":1,\"name\":\"In\u00edcio\",\"item\":\"https:\\\/\\\/universoesportivo.net\\\/\"},{\"@type\":\"ListItem\",\"position\":2,\"name\":\"COC Catanduva apoia nadador asm\u00e1tico que passou a ser federado pela Federa\u00e7\u00e3o Aqu\u00e1tica Paulista\"}]},{\"@type\":\"WebSite\",\"@id\":\"https:\\\/\\\/universoesportivo.net\\\/#website\",\"url\":\"https:\\\/\\\/universoesportivo.net\\\/\",\"name\":\"Universo Esportivo\",\"description\":\"O portal de todas as modalidades esportivas!\",\"publisher\":{\"@id\":\"https:\\\/\\\/universoesportivo.net\\\/#organization\"},\"alternateName\":\"Jornalista Tiago Contador Lotto\",\"potentialAction\":[{\"@type\":\"SearchAction\",\"target\":{\"@type\":\"EntryPoint\",\"urlTemplate\":\"https:\\\/\\\/universoesportivo.net\\\/?s={search_term_string}\"},\"query-input\":{\"@type\":\"PropertyValueSpecification\",\"valueRequired\":true,\"valueName\":\"search_term_string\"}}],\"inLanguage\":\"pt-BR\"},{\"@type\":\"Organization\",\"@id\":\"https:\\\/\\\/universoesportivo.net\\\/#organization\",\"name\":\"Universo Esportivo\",\"alternateName\":\"Tiago Lotto\",\"url\":\"https:\\\/\\\/universoesportivo.net\\\/\",\"logo\":{\"@type\":\"ImageObject\",\"inLanguage\":\"pt-BR\",\"@id\":\"https:\\\/\\\/universoesportivo.net\\\/#\\\/schema\\\/logo\\\/image\\\/\",\"url\":\"https:\\\/\\\/universoesportivo.net\\\/wp-content\\\/uploads\\\/2024\\\/05\\\/cropped-cropped-universo-6.png\",\"contentUrl\":\"https:\\\/\\\/universoesportivo.net\\\/wp-content\\\/uploads\\\/2024\\\/05\\\/cropped-cropped-universo-6.png\",\"width\":413,\"height\":295,\"caption\":\"Universo Esportivo\"},\"image\":{\"@id\":\"https:\\\/\\\/universoesportivo.net\\\/#\\\/schema\\\/logo\\\/image\\\/\"},\"sameAs\":[\"https:\\\/\\\/www.facebook.com\\\/universoesportivo.net\"]},{\"@type\":\"Person\",\"@id\":\"https:\\\/\\\/universoesportivo.net\\\/#\\\/schema\\\/person\\\/62bc311bc7def56a6bc83711536e74bd\",\"name\":\"Tiago Lotto\",\"image\":{\"@type\":\"ImageObject\",\"inLanguage\":\"pt-BR\",\"@id\":\"https:\\\/\\\/secure.gravatar.com\\\/avatar\\\/fd6891125b3fb6ba0b794cd20c3398d5bb0fa20d2b9963a95f19470e5a6192f7?s=96&d=mm&r=g\",\"url\":\"https:\\\/\\\/secure.gravatar.com\\\/avatar\\\/fd6891125b3fb6ba0b794cd20c3398d5bb0fa20d2b9963a95f19470e5a6192f7?s=96&d=mm&r=g\",\"contentUrl\":\"https:\\\/\\\/secure.gravatar.com\\\/avatar\\\/fd6891125b3fb6ba0b794cd20c3398d5bb0fa20d2b9963a95f19470e5a6192f7?s=96&d=mm&r=g\",\"caption\":\"Tiago Lotto\"},\"url\":\"https:\\\/\\\/universoesportivo.net\\\/index.php\\\/author\\\/tiago-lotto\\\/\"}]}<\/script>\n<!-- \/ Yoast SEO plugin. -->","yoast_head_json":{"title":"COC Catanduva apoia nadador asm\u00e1tico que passou a ser federado pela Federa\u00e7\u00e3o Aqu\u00e1tica Paulista - Universo Esportivo","robots":{"index":"index","follow":"follow","max-snippet":"max-snippet:-1","max-image-preview":"max-image-preview:large","max-video-preview":"max-video-preview:-1"},"canonical":"https:\/\/universoesportivo.net\/index.php\/2025\/04\/06\/coc-catanduva-apoia-nadador-asmatico-que-passou-a-ser-federado-pela-federacao-aquatica-paulista\/","og_locale":"pt_BR","og_type":"article","og_title":"COC Catanduva apoia nadador asm\u00e1tico que passou a ser federado pela Federa\u00e7\u00e3o Aqu\u00e1tica Paulista - Universo Esportivo","og_description":"Integrante da equipe da nata\u00e7\u00e3o da Prefeitura de Catanduva, Pedro Henrique Fatori Pereira est\u00e1 na 'elite' da nata\u00e7\u00e3o. Em maio ele vai disputar o Campeonato Paulista, em Santo Andr\u00e9. Em junho vai disputar o Brasileiro, em Bauru.","og_url":"https:\/\/universoesportivo.net\/index.php\/2025\/04\/06\/coc-catanduva-apoia-nadador-asmatico-que-passou-a-ser-federado-pela-federacao-aquatica-paulista\/","og_site_name":"Universo Esportivo","article_publisher":"https:\/\/www.facebook.com\/universoesportivo.net","article_published_time":"2025-04-07T02:23:36+00:00","article_modified_time":"2025-04-07T02:33:08+00:00","og_image":[{"width":400,"height":286,"url":"https:\/\/universoesportivo.net\/wp-content\/uploads\/2025\/04\/bemmenor.jpg","type":"image\/jpeg"}],"author":"Tiago Lotto","twitter_card":"summary_large_image","twitter_misc":{"Escrito por":"Tiago Lotto","Est. tempo de leitura":"3 minutos"},"schema":{"@context":"https:\/\/schema.org","@graph":[{"@type":"Article","@id":"https:\/\/universoesportivo.net\/index.php\/2025\/04\/06\/coc-catanduva-apoia-nadador-asmatico-que-passou-a-ser-federado-pela-federacao-aquatica-paulista\/#article","isPartOf":{"@id":"https:\/\/universoesportivo.net\/index.php\/2025\/04\/06\/coc-catanduva-apoia-nadador-asmatico-que-passou-a-ser-federado-pela-federacao-aquatica-paulista\/"},"author":{"name":"Tiago Lotto","@id":"https:\/\/universoesportivo.net\/#\/schema\/person\/62bc311bc7def56a6bc83711536e74bd"},"headline":"COC Catanduva apoia nadador asm\u00e1tico que passou a ser federado pela Federa\u00e7\u00e3o Aqu\u00e1tica Paulista","datePublished":"2025-04-07T02:23:36+00:00","dateModified":"2025-04-07T02:33:08+00:00","mainEntityOfPage":{"@id":"https:\/\/universoesportivo.net\/index.php\/2025\/04\/06\/coc-catanduva-apoia-nadador-asmatico-que-passou-a-ser-federado-pela-federacao-aquatica-paulista\/"},"wordCount":463,"publisher":{"@id":"https:\/\/universoesportivo.net\/#organization"},"image":{"@id":"https:\/\/universoesportivo.net\/index.php\/2025\/04\/06\/coc-catanduva-apoia-nadador-asmatico-que-passou-a-ser-federado-pela-federacao-aquatica-paulista\/#primaryimage"},"thumbnailUrl":"https:\/\/universoesportivo.net\/wp-content\/uploads\/2025\/04\/bemmenor.jpg","articleSection":["ESPORTES","Nata\u00e7\u00e3o"],"inLanguage":"pt-BR"},{"@type":"WebPage","@id":"https:\/\/universoesportivo.net\/index.php\/2025\/04\/06\/coc-catanduva-apoia-nadador-asmatico-que-passou-a-ser-federado-pela-federacao-aquatica-paulista\/","url":"https:\/\/universoesportivo.net\/index.php\/2025\/04\/06\/coc-catanduva-apoia-nadador-asmatico-que-passou-a-ser-federado-pela-federacao-aquatica-paulista\/","name":"COC Catanduva apoia nadador asm\u00e1tico que passou a ser federado pela Federa\u00e7\u00e3o Aqu\u00e1tica Paulista - Universo Esportivo","isPartOf":{"@id":"https:\/\/universoesportivo.net\/#website"},"primaryImageOfPage":{"@id":"https:\/\/universoesportivo.net\/index.php\/2025\/04\/06\/coc-catanduva-apoia-nadador-asmatico-que-passou-a-ser-federado-pela-federacao-aquatica-paulista\/#primaryimage"},"image":{"@id":"https:\/\/universoesportivo.net\/index.php\/2025\/04\/06\/coc-catanduva-apoia-nadador-asmatico-que-passou-a-ser-federado-pela-federacao-aquatica-paulista\/#primaryimage"},"thumbnailUrl":"https:\/\/universoesportivo.net\/wp-content\/uploads\/2025\/04\/bemmenor.jpg","datePublished":"2025-04-07T02:23:36+00:00","dateModified":"2025-04-07T02:33:08+00:00","breadcrumb":{"@id":"https:\/\/universoesportivo.net\/index.php\/2025\/04\/06\/coc-catanduva-apoia-nadador-asmatico-que-passou-a-ser-federado-pela-federacao-aquatica-paulista\/#breadcrumb"},"inLanguage":"pt-BR","potentialAction":[{"@type":"ReadAction","target":["https:\/\/universoesportivo.net\/index.php\/2025\/04\/06\/coc-catanduva-apoia-nadador-asmatico-que-passou-a-ser-federado-pela-federacao-aquatica-paulista\/"]}]},{"@type":"ImageObject","inLanguage":"pt-BR","@id":"https:\/\/universoesportivo.net\/index.php\/2025\/04\/06\/coc-catanduva-apoia-nadador-asmatico-que-passou-a-ser-federado-pela-federacao-aquatica-paulista\/#primaryimage","url":"https:\/\/universoesportivo.net\/wp-content\/uploads\/2025\/04\/bemmenor.jpg","contentUrl":"https:\/\/universoesportivo.net\/wp-content\/uploads\/2025\/04\/bemmenor.jpg","width":400,"height":286},{"@type":"BreadcrumbList","@id":"https:\/\/universoesportivo.net\/index.php\/2025\/04\/06\/coc-catanduva-apoia-nadador-asmatico-que-passou-a-ser-federado-pela-federacao-aquatica-paulista\/#breadcrumb","itemListElement":[{"@type":"ListItem","position":1,"name":"In\u00edcio","item":"https:\/\/universoesportivo.net\/"},{"@type":"ListItem","position":2,"name":"COC Catanduva apoia nadador asm\u00e1tico que passou a ser federado pela Federa\u00e7\u00e3o Aqu\u00e1tica Paulista"}]},{"@type":"WebSite","@id":"https:\/\/universoesportivo.net\/#website","url":"https:\/\/universoesportivo.net\/","name":"Universo Esportivo","description":"O portal de todas as modalidades esportivas!","publisher":{"@id":"https:\/\/universoesportivo.net\/#organization"},"alternateName":"Jornalista Tiago Contador Lotto","potentialAction":[{"@type":"SearchAction","target":{"@type":"EntryPoint","urlTemplate":"https:\/\/universoesportivo.net\/?s={search_term_string}"},"query-input":{"@type":"PropertyValueSpecification","valueRequired":true,"valueName":"search_term_string"}}],"inLanguage":"pt-BR"},{"@type":"Organization","@id":"https:\/\/universoesportivo.net\/#organization","name":"Universo Esportivo","alternateName":"Tiago Lotto","url":"https:\/\/universoesportivo.net\/","logo":{"@type":"ImageObject","inLanguage":"pt-BR","@id":"https:\/\/universoesportivo.net\/#\/schema\/logo\/image\/","url":"https:\/\/universoesportivo.net\/wp-content\/uploads\/2024\/05\/cropped-cropped-universo-6.png","contentUrl":"https:\/\/universoesportivo.net\/wp-content\/uploads\/2024\/05\/cropped-cropped-universo-6.png","width":413,"height":295,"caption":"Universo Esportivo"},"image":{"@id":"https:\/\/universoesportivo.net\/#\/schema\/logo\/image\/"},"sameAs":["https:\/\/www.facebook.com\/universoesportivo.net"]},{"@type":"Person","@id":"https:\/\/universoesportivo.net\/#\/schema\/person\/62bc311bc7def56a6bc83711536e74bd","name":"Tiago Lotto","image":{"@type":"ImageObject","inLanguage":"pt-BR","@id":"https:\/\/secure.gravatar.com\/avatar\/fd6891125b3fb6ba0b794cd20c3398d5bb0fa20d2b9963a95f19470e5a6192f7?s=96&d=mm&r=g","url":"https:\/\/secure.gravatar.com\/avatar\/fd6891125b3fb6ba0b794cd20c3398d5bb0fa20d2b9963a95f19470e5a6192f7?s=96&d=mm&r=g","contentUrl":"https:\/\/secure.gravatar.com\/avatar\/fd6891125b3fb6ba0b794cd20c3398d5bb0fa20d2b9963a95f19470e5a6192f7?s=96&d=mm&r=g","caption":"Tiago Lotto"},"url":"https:\/\/universoesportivo.net\/index.php\/author\/tiago-lotto\/"}]}},"jetpack_featured_media_url":"https:\/\/universoesportivo.net\/wp-content\/uploads\/2025\/04\/bemmenor.jpg","_links":{"self":[{"href":"https:\/\/universoesportivo.net\/index.php\/wp-json\/wp\/v2\/posts\/2049","targetHints":{"allow":["GET"]}}],"collection":[{"href":"https:\/\/universoesportivo.net\/index.php\/wp-json\/wp\/v2\/posts"}],"about":[{"href":"https:\/\/universoesportivo.net\/index.php\/wp-json\/wp\/v2\/types\/post"}],"author":[{"embeddable":true,"href":"https:\/\/universoesportivo.net\/index.php\/wp-json\/wp\/v2\/users\/2"}],"replies":[{"embeddable":true,"href":"https:\/\/universoesportivo.net\/index.php\/wp-json\/wp\/v2\/comments?post=2049"}],"version-history":[{"count":3,"href":"https:\/\/universoesportivo.net\/index.php\/wp-json\/wp\/v2\/posts\/2049\/revisions"}],"predecessor-version":[{"id":2055,"href":"https:\/\/universoesportivo.net\/index.php\/wp-json\/wp\/v2\/posts\/2049\/revisions\/2055"}],"wp:featuredmedia":[{"embeddable":true,"href":"https:\/\/universoesportivo.net\/index.php\/wp-json\/wp\/v2\/media\/2054"}],"wp:attachment":[{"href":"https:\/\/universoesportivo.net\/index.php\/wp-json\/wp\/v2\/media?parent=2049"}],"wp:term":[{"taxonomy":"category","embeddable":true,"href":"https:\/\/universoesportivo.net\/index.php\/wp-json\/wp\/v2\/categories?post=2049"},{"taxonomy":"post_tag","embeddable":true,"href":"https:\/\/universoesportivo.net\/index.php\/wp-json\/wp\/v2\/tags?post=2049"}],"curies":[{"name":"wp","href":"https:\/\/api.w.org\/{rel}","templated":true}]}}