{"id":2056,"date":"2025-04-11T00:47:48","date_gmt":"2025-04-11T03:47:48","guid":{"rendered":"https:\/\/universoesportivo.net\/?p=2056"},"modified":"2025-04-11T00:47:49","modified_gmt":"2025-04-11T03:47:49","slug":"26a-copa-catanduva-power-biceps-supino-e-levantamento-terra-acontece-neste-sabado-dia-12","status":"publish","type":"post","link":"https:\/\/universoesportivo.net\/index.php\/2025\/04\/11\/26a-copa-catanduva-power-biceps-supino-e-levantamento-terra-acontece-neste-sabado-dia-12\/","title":{"rendered":"26\u00aa Copa Catanduva Power Biceps, Supino e Levantamento Terra acontece neste s\u00e1bado, dia 12"},"content":{"rendered":"\n<p class=\"has-medium-font-size\">Com entrada franca, acontece em Catanduva, interior de S\u00e3o Paulo, a 26\u00aa Copa Catanduva Power Biceps Supino e Levantamento Terra. O evento \u00e9 organizado pela Federa\u00e7\u00e3o Paulista de Levantamentos B\u00e1sicos do Interior e pela Confedera\u00e7\u00e3o Brasileira de Atletas de For\u00e7a (Conbrafa).<\/p>\n\n\n\n<p class=\"has-medium-font-size\">A Copa recebe apoio da Prefeitura de Catanduva, por meio da Secretaria Municipal de Esportes e Lazer, e da C\u00e2mara Municipal. As competi\u00e7\u00f5es ser\u00e3o na rua XV de Novembro, na Inclus\u00e3o Social, antiga AABB.<\/p>\n\n\n\n<p class=\"has-medium-font-size\">Segundo o presidente da Conbrafa, Geverson Ramos, s\u00e3o esperados 100 atletas, de 25 cidades. V\u00e1rios deles s\u00e3o campe\u00f5es mundiais em suas categorias.<\/p>\n\n\n\n<p class=\"has-medium-font-size\">A Copa recebe o nome de \u201cJo\u00e3o Crippa\u201d, comerciante catanduvense que promovia eventos esportivos envolvendo v\u00e1rias cidades da regi\u00e3o.<\/p>\n\n\n\n<p class=\"has-medium-font-size\">Os atletas vencedores ganhar\u00e3o trof\u00e9u e premia\u00e7\u00e3o em dinheiro. Haver\u00e1 sorteio de uma bicicleta aos presentes no evento.<\/p>\n\n\n\n<p class=\"has-medium-font-size\">LIVRO DOS RECORDES \u2013 O presidente da Conbrafa, Geverson Ramos, \u00e9 ex-atleta de levantamento de peso. Quando competidor, entrou para o Livro dos Recordes, o Guinness Book. Ele foi o primeiro brasileiro a conquistar o t\u00edtulo de Campe\u00e3o Mundial de Supino na Europa, em 1995.<\/p>\n\n\n\n<p class=\"has-medium-font-size\">Texto: Tiago Lotto<\/p>\n\n\n\n<p class=\"has-medium-font-size\">Foto: Arquivo particular de Geverson Ramos<\/p>\n\n\n\n<p><\/p>\n","protected":false},"excerpt":{"rendered":"<p>Segundo o presidente da Conbrafa, Geverson Ramos, s\u00e3o esperados 100 atletas, de 25 cidades. V\u00e1rios deles s\u00e3o campe\u00f5es mundiais em suas categorias.<\/p>\n","protected":false},"author":2,"featured_media":2057,"comment_status":"closed","ping_status":"closed","sticky":false,"template":"","format":"standard","meta":{"colormag_page_container_layout":"default_layout","colormag_page_sidebar_layout":"default_layout","footnotes":""},"categories":[56,17],"tags":[],"class_list":["post-2056","post","type-post","status-publish","format-standard","has-post-thumbnail","hentry","category-competicoes","category-esportes"],"magazineBlocksPostFeaturedMedia":{"thumbnail":"https:\/\/universoesportivo.net\/wp-content\/uploads\/2025\/04\/abresupinoaabb-150x150.jpg","medium":"https:\/\/universoesportivo.net\/wp-content\/uploads\/2025\/04\/abresupinoaabb-300x200.jpg","medium_large":"https:\/\/universoesportivo.net\/wp-content\/uploads\/2025\/04\/abresupinoaabb.jpg","large":"https:\/\/universoesportivo.net\/wp-content\/uploads\/2025\/04\/abresupinoaabb.jpg","1536x1536":"https:\/\/universoesportivo.net\/wp-content\/uploads\/2025\/04\/abresupinoaabb.jpg","2048x2048":"https:\/\/universoesportivo.net\/wp-content\/uploads\/2025\/04\/abresupinoaabb.jpg","trp-custom-language-flag":"https:\/\/universoesportivo.net\/wp-content\/uploads\/2025\/04\/abresupinoaabb-18x12.jpg","colormag-highlighted-post":"https:\/\/universoesportivo.net\/wp-content\/uploads\/2025\/04\/abresupinoaabb-392x267.jpg","colormag-featured-post-medium":"https:\/\/universoesportivo.net\/wp-content\/uploads\/2025\/04\/abresupinoaabb-390x205.jpg","colormag-featured-post-small":"https:\/\/universoesportivo.net\/wp-content\/uploads\/2025\/04\/abresupinoaabb-130x90.jpg","colormag-featured-image":"https:\/\/universoesportivo.net\/wp-content\/uploads\/2025\/04\/abresupinoaabb.jpg","colormag-default-news":"https:\/\/universoesportivo.net\/wp-content\/uploads\/2025\/04\/abresupinoaabb-150x150.jpg","colormag-featured-image-large":"https:\/\/universoesportivo.net\/wp-content\/uploads\/2025\/04\/abresupinoaabb.jpg","colormag-elementor-block-extra-large-thumbnail":"https:\/\/universoesportivo.net\/wp-content\/uploads\/2025\/04\/abresupinoaabb.jpg","colormag-elementor-grid-large-thumbnail":"https:\/\/universoesportivo.net\/wp-content\/uploads\/2025\/04\/abresupinoaabb.jpg","colormag-elementor-grid-small-thumbnail":"https:\/\/universoesportivo.net\/wp-content\/uploads\/2025\/04\/abresupinoaabb-285x267.jpg","colormag-elementor-grid-medium-large-thumbnail":"https:\/\/universoesportivo.net\/wp-content\/uploads\/2025\/04\/abresupinoaabb-400x198.jpg"},"magazineBlocksPostAuthor":{"name":"Tiago Lotto","avatar":"https:\/\/secure.gravatar.com\/avatar\/fd6891125b3fb6ba0b794cd20c3398d5bb0fa20d2b9963a95f19470e5a6192f7?s=96&d=mm&r=g"},"magazineBlocksPostCommentsNumber":false,"magazineBlocksPostExcerpt":"Segundo o presidente da Conbrafa, Geverson Ramos, s\u00e3o esperados 100 atletas, de 25 cidades. V\u00e1rios deles s\u00e3o campe\u00f5es mundiais em suas categorias.","magazineBlocksPostCategories":["Competi\u00e7\u00f5es","ESPORTES"],"magazineBlocksPostViewCount":47,"magazineBlocksPostReadTime":2,"magazine_blocks_featured_image_url":{"full":["https:\/\/universoesportivo.net\/wp-content\/uploads\/2025\/04\/abresupinoaabb.jpg",400,267,false],"medium":["https:\/\/universoesportivo.net\/wp-content\/uploads\/2025\/04\/abresupinoaabb-300x200.jpg",300,200,true],"thumbnail":["https:\/\/universoesportivo.net\/wp-content\/uploads\/2025\/04\/abresupinoaabb-150x150.jpg",150,150,true]},"magazine_blocks_author":{"display_name":"Tiago Lotto","author_link":"https:\/\/universoesportivo.net\/index.php\/author\/tiago-lotto\/"},"magazine_blocks_comment":0,"magazine_blocks_author_image":"https:\/\/secure.gravatar.com\/avatar\/fd6891125b3fb6ba0b794cd20c3398d5bb0fa20d2b9963a95f19470e5a6192f7?s=96&d=mm&r=g","magazine_blocks_category":"<a href=\"#\" class=\"category-link category-link-56\">Competi\u00e7\u00f5es<\/a> <a href=\"#\" class=\"category-link category-link-17\">ESPORTES<\/a>","yoast_head":"<!-- This site is optimized with the Yoast SEO plugin v27.4 - https:\/\/yoast.com\/product\/yoast-seo-wordpress\/ -->\n<title>26\u00aa Copa Catanduva Power Biceps, Supino e Levantamento Terra acontece neste s\u00e1bado, dia 12 - Universo Esportivo<\/title>\n<meta name=\"robots\" content=\"index, follow, max-snippet:-1, max-image-preview:large, max-video-preview:-1\" \/>\n<link rel=\"canonical\" href=\"https:\/\/universoesportivo.net\/index.php\/2025\/04\/11\/26a-copa-catanduva-power-biceps-supino-e-levantamento-terra-acontece-neste-sabado-dia-12\/\" \/>\n<meta property=\"og:locale\" content=\"pt_BR\" \/>\n<meta property=\"og:type\" content=\"article\" \/>\n<meta property=\"og:title\" content=\"26\u00aa Copa Catanduva Power Biceps, Supino e Levantamento Terra acontece neste s\u00e1bado, dia 12 - Universo Esportivo\" \/>\n<meta property=\"og:description\" content=\"Segundo o presidente da Conbrafa, Geverson Ramos, s\u00e3o esperados 100 atletas, de 25 cidades. V\u00e1rios deles s\u00e3o campe\u00f5es mundiais em suas categorias.\" \/>\n<meta property=\"og:url\" content=\"https:\/\/universoesportivo.net\/index.php\/2025\/04\/11\/26a-copa-catanduva-power-biceps-supino-e-levantamento-terra-acontece-neste-sabado-dia-12\/\" \/>\n<meta property=\"og:site_name\" content=\"Universo Esportivo\" \/>\n<meta property=\"article:publisher\" content=\"https:\/\/www.facebook.com\/universoesportivo.net\" \/>\n<meta property=\"article:published_time\" content=\"2025-04-11T03:47:48+00:00\" \/>\n<meta property=\"article:modified_time\" content=\"2025-04-11T03:47:49+00:00\" \/>\n<meta property=\"og:image\" content=\"https:\/\/universoesportivo.net\/wp-content\/uploads\/2025\/04\/abresupinoaabb.jpg\" \/>\n\t<meta property=\"og:image:width\" content=\"400\" \/>\n\t<meta property=\"og:image:height\" content=\"267\" \/>\n\t<meta property=\"og:image:type\" content=\"image\/jpeg\" \/>\n<meta name=\"author\" content=\"Tiago Lotto\" \/>\n<meta name=\"twitter:card\" content=\"summary_large_image\" \/>\n<meta name=\"twitter:label1\" content=\"Escrito por\" \/>\n\t<meta name=\"twitter:data1\" content=\"Tiago Lotto\" \/>\n\t<meta name=\"twitter:label2\" content=\"Est. tempo de leitura\" \/>\n\t<meta name=\"twitter:data2\" content=\"2 minutos\" \/>\n<script type=\"application\/ld+json\" class=\"yoast-schema-graph\">{\"@context\":\"https:\\\/\\\/schema.org\",\"@graph\":[{\"@type\":\"Article\",\"@id\":\"https:\\\/\\\/universoesportivo.net\\\/index.php\\\/2025\\\/04\\\/11\\\/26a-copa-catanduva-power-biceps-supino-e-levantamento-terra-acontece-neste-sabado-dia-12\\\/#article\",\"isPartOf\":{\"@id\":\"https:\\\/\\\/universoesportivo.net\\\/index.php\\\/2025\\\/04\\\/11\\\/26a-copa-catanduva-power-biceps-supino-e-levantamento-terra-acontece-neste-sabado-dia-12\\\/\"},\"author\":{\"name\":\"Tiago Lotto\",\"@id\":\"https:\\\/\\\/universoesportivo.net\\\/#\\\/schema\\\/person\\\/62bc311bc7def56a6bc83711536e74bd\"},\"headline\":\"26\u00aa Copa Catanduva Power Biceps, Supino e Levantamento Terra acontece neste s\u00e1bado, dia 12\",\"datePublished\":\"2025-04-11T03:47:48+00:00\",\"dateModified\":\"2025-04-11T03:47:49+00:00\",\"mainEntityOfPage\":{\"@id\":\"https:\\\/\\\/universoesportivo.net\\\/index.php\\\/2025\\\/04\\\/11\\\/26a-copa-catanduva-power-biceps-supino-e-levantamento-terra-acontece-neste-sabado-dia-12\\\/\"},\"wordCount\":215,\"publisher\":{\"@id\":\"https:\\\/\\\/universoesportivo.net\\\/#organization\"},\"image\":{\"@id\":\"https:\\\/\\\/universoesportivo.net\\\/index.php\\\/2025\\\/04\\\/11\\\/26a-copa-catanduva-power-biceps-supino-e-levantamento-terra-acontece-neste-sabado-dia-12\\\/#primaryimage\"},\"thumbnailUrl\":\"https:\\\/\\\/universoesportivo.net\\\/wp-content\\\/uploads\\\/2025\\\/04\\\/abresupinoaabb.jpg\",\"articleSection\":[\"Competi\u00e7\u00f5es\",\"ESPORTES\"],\"inLanguage\":\"pt-BR\"},{\"@type\":\"WebPage\",\"@id\":\"https:\\\/\\\/universoesportivo.net\\\/index.php\\\/2025\\\/04\\\/11\\\/26a-copa-catanduva-power-biceps-supino-e-levantamento-terra-acontece-neste-sabado-dia-12\\\/\",\"url\":\"https:\\\/\\\/universoesportivo.net\\\/index.php\\\/2025\\\/04\\\/11\\\/26a-copa-catanduva-power-biceps-supino-e-levantamento-terra-acontece-neste-sabado-dia-12\\\/\",\"name\":\"26\u00aa Copa Catanduva Power Biceps, Supino e Levantamento Terra acontece neste s\u00e1bado, dia 12 - Universo Esportivo\",\"isPartOf\":{\"@id\":\"https:\\\/\\\/universoesportivo.net\\\/#website\"},\"primaryImageOfPage\":{\"@id\":\"https:\\\/\\\/universoesportivo.net\\\/index.php\\\/2025\\\/04\\\/11\\\/26a-copa-catanduva-power-biceps-supino-e-levantamento-terra-acontece-neste-sabado-dia-12\\\/#primaryimage\"},\"image\":{\"@id\":\"https:\\\/\\\/universoesportivo.net\\\/index.php\\\/2025\\\/04\\\/11\\\/26a-copa-catanduva-power-biceps-supino-e-levantamento-terra-acontece-neste-sabado-dia-12\\\/#primaryimage\"},\"thumbnailUrl\":\"https:\\\/\\\/universoesportivo.net\\\/wp-content\\\/uploads\\\/2025\\\/04\\\/abresupinoaabb.jpg\",\"datePublished\":\"2025-04-11T03:47:48+00:00\",\"dateModified\":\"2025-04-11T03:47:49+00:00\",\"breadcrumb\":{\"@id\":\"https:\\\/\\\/universoesportivo.net\\\/index.php\\\/2025\\\/04\\\/11\\\/26a-copa-catanduva-power-biceps-supino-e-levantamento-terra-acontece-neste-sabado-dia-12\\\/#breadcrumb\"},\"inLanguage\":\"pt-BR\",\"potentialAction\":[{\"@type\":\"ReadAction\",\"target\":[\"https:\\\/\\\/universoesportivo.net\\\/index.php\\\/2025\\\/04\\\/11\\\/26a-copa-catanduva-power-biceps-supino-e-levantamento-terra-acontece-neste-sabado-dia-12\\\/\"]}]},{\"@type\":\"ImageObject\",\"inLanguage\":\"pt-BR\",\"@id\":\"https:\\\/\\\/universoesportivo.net\\\/index.php\\\/2025\\\/04\\\/11\\\/26a-copa-catanduva-power-biceps-supino-e-levantamento-terra-acontece-neste-sabado-dia-12\\\/#primaryimage\",\"url\":\"https:\\\/\\\/universoesportivo.net\\\/wp-content\\\/uploads\\\/2025\\\/04\\\/abresupinoaabb.jpg\",\"contentUrl\":\"https:\\\/\\\/universoesportivo.net\\\/wp-content\\\/uploads\\\/2025\\\/04\\\/abresupinoaabb.jpg\",\"width\":400,\"height\":267},{\"@type\":\"BreadcrumbList\",\"@id\":\"https:\\\/\\\/universoesportivo.net\\\/index.php\\\/2025\\\/04\\\/11\\\/26a-copa-catanduva-power-biceps-supino-e-levantamento-terra-acontece-neste-sabado-dia-12\\\/#breadcrumb\",\"itemListElement\":[{\"@type\":\"ListItem\",\"position\":1,\"name\":\"In\u00edcio\",\"item\":\"https:\\\/\\\/universoesportivo.net\\\/\"},{\"@type\":\"ListItem\",\"position\":2,\"name\":\"26\u00aa Copa Catanduva Power Biceps, Supino e Levantamento Terra acontece neste s\u00e1bado, dia 12\"}]},{\"@type\":\"WebSite\",\"@id\":\"https:\\\/\\\/universoesportivo.net\\\/#website\",\"url\":\"https:\\\/\\\/universoesportivo.net\\\/\",\"name\":\"Universo Esportivo\",\"description\":\"O portal de todas as modalidades esportivas!\",\"publisher\":{\"@id\":\"https:\\\/\\\/universoesportivo.net\\\/#organization\"},\"alternateName\":\"Jornalista Tiago Contador Lotto\",\"potentialAction\":[{\"@type\":\"SearchAction\",\"target\":{\"@type\":\"EntryPoint\",\"urlTemplate\":\"https:\\\/\\\/universoesportivo.net\\\/?s={search_term_string}\"},\"query-input\":{\"@type\":\"PropertyValueSpecification\",\"valueRequired\":true,\"valueName\":\"search_term_string\"}}],\"inLanguage\":\"pt-BR\"},{\"@type\":\"Organization\",\"@id\":\"https:\\\/\\\/universoesportivo.net\\\/#organization\",\"name\":\"Universo Esportivo\",\"alternateName\":\"Tiago Lotto\",\"url\":\"https:\\\/\\\/universoesportivo.net\\\/\",\"logo\":{\"@type\":\"ImageObject\",\"inLanguage\":\"pt-BR\",\"@id\":\"https:\\\/\\\/universoesportivo.net\\\/#\\\/schema\\\/logo\\\/image\\\/\",\"url\":\"https:\\\/\\\/universoesportivo.net\\\/wp-content\\\/uploads\\\/2024\\\/05\\\/cropped-cropped-universo-6.png\",\"contentUrl\":\"https:\\\/\\\/universoesportivo.net\\\/wp-content\\\/uploads\\\/2024\\\/05\\\/cropped-cropped-universo-6.png\",\"width\":413,\"height\":295,\"caption\":\"Universo Esportivo\"},\"image\":{\"@id\":\"https:\\\/\\\/universoesportivo.net\\\/#\\\/schema\\\/logo\\\/image\\\/\"},\"sameAs\":[\"https:\\\/\\\/www.facebook.com\\\/universoesportivo.net\"]},{\"@type\":\"Person\",\"@id\":\"https:\\\/\\\/universoesportivo.net\\\/#\\\/schema\\\/person\\\/62bc311bc7def56a6bc83711536e74bd\",\"name\":\"Tiago Lotto\",\"image\":{\"@type\":\"ImageObject\",\"inLanguage\":\"pt-BR\",\"@id\":\"https:\\\/\\\/secure.gravatar.com\\\/avatar\\\/fd6891125b3fb6ba0b794cd20c3398d5bb0fa20d2b9963a95f19470e5a6192f7?s=96&d=mm&r=g\",\"url\":\"https:\\\/\\\/secure.gravatar.com\\\/avatar\\\/fd6891125b3fb6ba0b794cd20c3398d5bb0fa20d2b9963a95f19470e5a6192f7?s=96&d=mm&r=g\",\"contentUrl\":\"https:\\\/\\\/secure.gravatar.com\\\/avatar\\\/fd6891125b3fb6ba0b794cd20c3398d5bb0fa20d2b9963a95f19470e5a6192f7?s=96&d=mm&r=g\",\"caption\":\"Tiago Lotto\"},\"url\":\"https:\\\/\\\/universoesportivo.net\\\/index.php\\\/author\\\/tiago-lotto\\\/\"}]}<\/script>\n<!-- \/ Yoast SEO plugin. -->","yoast_head_json":{"title":"26\u00aa Copa Catanduva Power Biceps, Supino e Levantamento Terra acontece neste s\u00e1bado, dia 12 - Universo Esportivo","robots":{"index":"index","follow":"follow","max-snippet":"max-snippet:-1","max-image-preview":"max-image-preview:large","max-video-preview":"max-video-preview:-1"},"canonical":"https:\/\/universoesportivo.net\/index.php\/2025\/04\/11\/26a-copa-catanduva-power-biceps-supino-e-levantamento-terra-acontece-neste-sabado-dia-12\/","og_locale":"pt_BR","og_type":"article","og_title":"26\u00aa Copa Catanduva Power Biceps, Supino e Levantamento Terra acontece neste s\u00e1bado, dia 12 - Universo Esportivo","og_description":"Segundo o presidente da Conbrafa, Geverson Ramos, s\u00e3o esperados 100 atletas, de 25 cidades. V\u00e1rios deles s\u00e3o campe\u00f5es mundiais em suas categorias.","og_url":"https:\/\/universoesportivo.net\/index.php\/2025\/04\/11\/26a-copa-catanduva-power-biceps-supino-e-levantamento-terra-acontece-neste-sabado-dia-12\/","og_site_name":"Universo Esportivo","article_publisher":"https:\/\/www.facebook.com\/universoesportivo.net","article_published_time":"2025-04-11T03:47:48+00:00","article_modified_time":"2025-04-11T03:47:49+00:00","og_image":[{"width":400,"height":267,"url":"https:\/\/universoesportivo.net\/wp-content\/uploads\/2025\/04\/abresupinoaabb.jpg","type":"image\/jpeg"}],"author":"Tiago Lotto","twitter_card":"summary_large_image","twitter_misc":{"Escrito por":"Tiago Lotto","Est. tempo de leitura":"2 minutos"},"schema":{"@context":"https:\/\/schema.org","@graph":[{"@type":"Article","@id":"https:\/\/universoesportivo.net\/index.php\/2025\/04\/11\/26a-copa-catanduva-power-biceps-supino-e-levantamento-terra-acontece-neste-sabado-dia-12\/#article","isPartOf":{"@id":"https:\/\/universoesportivo.net\/index.php\/2025\/04\/11\/26a-copa-catanduva-power-biceps-supino-e-levantamento-terra-acontece-neste-sabado-dia-12\/"},"author":{"name":"Tiago Lotto","@id":"https:\/\/universoesportivo.net\/#\/schema\/person\/62bc311bc7def56a6bc83711536e74bd"},"headline":"26\u00aa Copa Catanduva Power Biceps, Supino e Levantamento Terra acontece neste s\u00e1bado, dia 12","datePublished":"2025-04-11T03:47:48+00:00","dateModified":"2025-04-11T03:47:49+00:00","mainEntityOfPage":{"@id":"https:\/\/universoesportivo.net\/index.php\/2025\/04\/11\/26a-copa-catanduva-power-biceps-supino-e-levantamento-terra-acontece-neste-sabado-dia-12\/"},"wordCount":215,"publisher":{"@id":"https:\/\/universoesportivo.net\/#organization"},"image":{"@id":"https:\/\/universoesportivo.net\/index.php\/2025\/04\/11\/26a-copa-catanduva-power-biceps-supino-e-levantamento-terra-acontece-neste-sabado-dia-12\/#primaryimage"},"thumbnailUrl":"https:\/\/universoesportivo.net\/wp-content\/uploads\/2025\/04\/abresupinoaabb.jpg","articleSection":["Competi\u00e7\u00f5es","ESPORTES"],"inLanguage":"pt-BR"},{"@type":"WebPage","@id":"https:\/\/universoesportivo.net\/index.php\/2025\/04\/11\/26a-copa-catanduva-power-biceps-supino-e-levantamento-terra-acontece-neste-sabado-dia-12\/","url":"https:\/\/universoesportivo.net\/index.php\/2025\/04\/11\/26a-copa-catanduva-power-biceps-supino-e-levantamento-terra-acontece-neste-sabado-dia-12\/","name":"26\u00aa Copa Catanduva Power Biceps, Supino e Levantamento Terra acontece neste s\u00e1bado, dia 12 - Universo Esportivo","isPartOf":{"@id":"https:\/\/universoesportivo.net\/#website"},"primaryImageOfPage":{"@id":"https:\/\/universoesportivo.net\/index.php\/2025\/04\/11\/26a-copa-catanduva-power-biceps-supino-e-levantamento-terra-acontece-neste-sabado-dia-12\/#primaryimage"},"image":{"@id":"https:\/\/universoesportivo.net\/index.php\/2025\/04\/11\/26a-copa-catanduva-power-biceps-supino-e-levantamento-terra-acontece-neste-sabado-dia-12\/#primaryimage"},"thumbnailUrl":"https:\/\/universoesportivo.net\/wp-content\/uploads\/2025\/04\/abresupinoaabb.jpg","datePublished":"2025-04-11T03:47:48+00:00","dateModified":"2025-04-11T03:47:49+00:00","breadcrumb":{"@id":"https:\/\/universoesportivo.net\/index.php\/2025\/04\/11\/26a-copa-catanduva-power-biceps-supino-e-levantamento-terra-acontece-neste-sabado-dia-12\/#breadcrumb"},"inLanguage":"pt-BR","potentialAction":[{"@type":"ReadAction","target":["https:\/\/universoesportivo.net\/index.php\/2025\/04\/11\/26a-copa-catanduva-power-biceps-supino-e-levantamento-terra-acontece-neste-sabado-dia-12\/"]}]},{"@type":"ImageObject","inLanguage":"pt-BR","@id":"https:\/\/universoesportivo.net\/index.php\/2025\/04\/11\/26a-copa-catanduva-power-biceps-supino-e-levantamento-terra-acontece-neste-sabado-dia-12\/#primaryimage","url":"https:\/\/universoesportivo.net\/wp-content\/uploads\/2025\/04\/abresupinoaabb.jpg","contentUrl":"https:\/\/universoesportivo.net\/wp-content\/uploads\/2025\/04\/abresupinoaabb.jpg","width":400,"height":267},{"@type":"BreadcrumbList","@id":"https:\/\/universoesportivo.net\/index.php\/2025\/04\/11\/26a-copa-catanduva-power-biceps-supino-e-levantamento-terra-acontece-neste-sabado-dia-12\/#breadcrumb","itemListElement":[{"@type":"ListItem","position":1,"name":"In\u00edcio","item":"https:\/\/universoesportivo.net\/"},{"@type":"ListItem","position":2,"name":"26\u00aa Copa Catanduva Power Biceps, Supino e Levantamento Terra acontece neste s\u00e1bado, dia 12"}]},{"@type":"WebSite","@id":"https:\/\/universoesportivo.net\/#website","url":"https:\/\/universoesportivo.net\/","name":"Universo Esportivo","description":"O portal de todas as modalidades esportivas!","publisher":{"@id":"https:\/\/universoesportivo.net\/#organization"},"alternateName":"Jornalista Tiago Contador Lotto","potentialAction":[{"@type":"SearchAction","target":{"@type":"EntryPoint","urlTemplate":"https:\/\/universoesportivo.net\/?s={search_term_string}"},"query-input":{"@type":"PropertyValueSpecification","valueRequired":true,"valueName":"search_term_string"}}],"inLanguage":"pt-BR"},{"@type":"Organization","@id":"https:\/\/universoesportivo.net\/#organization","name":"Universo Esportivo","alternateName":"Tiago Lotto","url":"https:\/\/universoesportivo.net\/","logo":{"@type":"ImageObject","inLanguage":"pt-BR","@id":"https:\/\/universoesportivo.net\/#\/schema\/logo\/image\/","url":"https:\/\/universoesportivo.net\/wp-content\/uploads\/2024\/05\/cropped-cropped-universo-6.png","contentUrl":"https:\/\/universoesportivo.net\/wp-content\/uploads\/2024\/05\/cropped-cropped-universo-6.png","width":413,"height":295,"caption":"Universo Esportivo"},"image":{"@id":"https:\/\/universoesportivo.net\/#\/schema\/logo\/image\/"},"sameAs":["https:\/\/www.facebook.com\/universoesportivo.net"]},{"@type":"Person","@id":"https:\/\/universoesportivo.net\/#\/schema\/person\/62bc311bc7def56a6bc83711536e74bd","name":"Tiago Lotto","image":{"@type":"ImageObject","inLanguage":"pt-BR","@id":"https:\/\/secure.gravatar.com\/avatar\/fd6891125b3fb6ba0b794cd20c3398d5bb0fa20d2b9963a95f19470e5a6192f7?s=96&d=mm&r=g","url":"https:\/\/secure.gravatar.com\/avatar\/fd6891125b3fb6ba0b794cd20c3398d5bb0fa20d2b9963a95f19470e5a6192f7?s=96&d=mm&r=g","contentUrl":"https:\/\/secure.gravatar.com\/avatar\/fd6891125b3fb6ba0b794cd20c3398d5bb0fa20d2b9963a95f19470e5a6192f7?s=96&d=mm&r=g","caption":"Tiago Lotto"},"url":"https:\/\/universoesportivo.net\/index.php\/author\/tiago-lotto\/"}]}},"jetpack_featured_media_url":"https:\/\/universoesportivo.net\/wp-content\/uploads\/2025\/04\/abresupinoaabb.jpg","_links":{"self":[{"href":"https:\/\/universoesportivo.net\/index.php\/wp-json\/wp\/v2\/posts\/2056","targetHints":{"allow":["GET"]}}],"collection":[{"href":"https:\/\/universoesportivo.net\/index.php\/wp-json\/wp\/v2\/posts"}],"about":[{"href":"https:\/\/universoesportivo.net\/index.php\/wp-json\/wp\/v2\/types\/post"}],"author":[{"embeddable":true,"href":"https:\/\/universoesportivo.net\/index.php\/wp-json\/wp\/v2\/users\/2"}],"replies":[{"embeddable":true,"href":"https:\/\/universoesportivo.net\/index.php\/wp-json\/wp\/v2\/comments?post=2056"}],"version-history":[{"count":1,"href":"https:\/\/universoesportivo.net\/index.php\/wp-json\/wp\/v2\/posts\/2056\/revisions"}],"predecessor-version":[{"id":2058,"href":"https:\/\/universoesportivo.net\/index.php\/wp-json\/wp\/v2\/posts\/2056\/revisions\/2058"}],"wp:featuredmedia":[{"embeddable":true,"href":"https:\/\/universoesportivo.net\/index.php\/wp-json\/wp\/v2\/media\/2057"}],"wp:attachment":[{"href":"https:\/\/universoesportivo.net\/index.php\/wp-json\/wp\/v2\/media?parent=2056"}],"wp:term":[{"taxonomy":"category","embeddable":true,"href":"https:\/\/universoesportivo.net\/index.php\/wp-json\/wp\/v2\/categories?post=2056"},{"taxonomy":"post_tag","embeddable":true,"href":"https:\/\/universoesportivo.net\/index.php\/wp-json\/wp\/v2\/tags?post=2056"}],"curies":[{"name":"wp","href":"https:\/\/api.w.org\/{rel}","templated":true}]}}