{"id":2071,"date":"2025-04-21T11:23:59","date_gmt":"2025-04-21T14:23:59","guid":{"rendered":"https:\/\/universoesportivo.net\/?p=2071"},"modified":"2025-04-22T14:56:36","modified_gmt":"2025-04-22T17:56:36","slug":"apos-5-rodadas-palmeiras-e-lider-do-brasileirao-verdao-e-flamengo-ainda-nao-perderam","status":"publish","type":"post","link":"https:\/\/universoesportivo.net\/index.php\/2025\/04\/21\/apos-5-rodadas-palmeiras-e-lider-do-brasileirao-verdao-e-flamengo-ainda-nao-perderam\/","title":{"rendered":"Ap\u00f3s 5 rodadas, Palmeiras \u00e9 l\u00edder do Brasileir\u00e3o; Verd\u00e3o e Flamengo ainda n\u00e3o perderam"},"content":{"rendered":"\n<p class=\"has-medium-font-size\"><strong>O Palmeiras \u00e9 o l\u00edder do Brasileir\u00e3o 2025 ap\u00f3s 5 rodadas. O Verd\u00e3o n\u00e3o perdeu nenhuma partida at\u00e9 agora e soma 13 pontos, sendo 4 vit\u00f3rias e 1 empate.<\/strong><\/p>\n\n\n\n<p class=\"has-medium-font-size\"><strong>O Flamengo, que tamb\u00e9m n\u00e3o perdeu na competi\u00e7\u00e3o, e o segundo colocado, com 11 pontos. O Mengo venceu 3 e empatou 2 partidas. Os demais times j\u00e1 perderam na competi\u00e7\u00e3o.<\/strong><\/p>\n\n\n\n<p class=\"has-medium-font-size\"><strong>Na terceira posi\u00e7\u00e3o est\u00e1 o Fluminense, com 10 pontos, na quarta posi\u00e7\u00e3o o Bragantino (10 pontos), o quinto \u00e9 o Cear\u00e1 (7 pontos), seguido do Corinthians, Cruzeiro, Juventude, Vasco e S\u00e3o Paulo (todos com 7 pontos).<\/strong><\/p>\n\n\n\n<p class=\"has-medium-font-size\"><strong>Texto: Tiago Lotto \/ Foto: CBF<\/strong><\/p>\n","protected":false},"excerpt":{"rendered":"<p>O Verd\u00e3o \u00e9 o l\u00edder do Brasileir\u00e3o, com 13 pontos. O Flamengo est\u00e1 em segundo, com 11. Ambos ainda n\u00e3o perderam na competi\u00e7\u00e3o ap\u00f3s 5 rodadas.<\/p>\n","protected":false},"author":2,"featured_media":2072,"comment_status":"closed","ping_status":"closed","sticky":false,"template":"","format":"standard","meta":{"colormag_page_container_layout":"default_layout","colormag_page_sidebar_layout":"default_layout","footnotes":""},"categories":[17,43],"tags":[],"class_list":["post-2071","post","type-post","status-publish","format-standard","has-post-thumbnail","hentry","category-esportes","category-futebol"],"magazineBlocksPostFeaturedMedia":{"thumbnail":"https:\/\/universoesportivo.net\/wp-content\/uploads\/2025\/04\/verdaolider-150x150.jpg","medium":"https:\/\/universoesportivo.net\/wp-content\/uploads\/2025\/04\/verdaolider-300x169.jpg","medium_large":"https:\/\/universoesportivo.net\/wp-content\/uploads\/2025\/04\/verdaolider.jpg","large":"https:\/\/universoesportivo.net\/wp-content\/uploads\/2025\/04\/verdaolider.jpg","1536x1536":"https:\/\/universoesportivo.net\/wp-content\/uploads\/2025\/04\/verdaolider.jpg","2048x2048":"https:\/\/universoesportivo.net\/wp-content\/uploads\/2025\/04\/verdaolider.jpg","trp-custom-language-flag":"https:\/\/universoesportivo.net\/wp-content\/uploads\/2025\/04\/verdaolider-18x10.jpg","colormag-highlighted-post":"https:\/\/universoesportivo.net\/wp-content\/uploads\/2025\/04\/verdaolider-392x272.jpg","colormag-featured-post-medium":"https:\/\/universoesportivo.net\/wp-content\/uploads\/2025\/04\/verdaolider-390x205.jpg","colormag-featured-post-small":"https:\/\/universoesportivo.net\/wp-content\/uploads\/2025\/04\/verdaolider-130x90.jpg","colormag-featured-image":"https:\/\/universoesportivo.net\/wp-content\/uploads\/2025\/04\/verdaolider.jpg","colormag-default-news":"https:\/\/universoesportivo.net\/wp-content\/uploads\/2025\/04\/verdaolider-150x150.jpg","colormag-featured-image-large":"https:\/\/universoesportivo.net\/wp-content\/uploads\/2025\/04\/verdaolider.jpg","colormag-elementor-block-extra-large-thumbnail":"https:\/\/universoesportivo.net\/wp-content\/uploads\/2025\/04\/verdaolider.jpg","colormag-elementor-grid-large-thumbnail":"https:\/\/universoesportivo.net\/wp-content\/uploads\/2025\/04\/verdaolider.jpg","colormag-elementor-grid-small-thumbnail":"https:\/\/universoesportivo.net\/wp-content\/uploads\/2025\/04\/verdaolider-285x309.jpg","colormag-elementor-grid-medium-large-thumbnail":"https:\/\/universoesportivo.net\/wp-content\/uploads\/2025\/04\/verdaolider-550x198.jpg"},"magazineBlocksPostAuthor":{"name":"Tiago Lotto","avatar":"https:\/\/secure.gravatar.com\/avatar\/fd6891125b3fb6ba0b794cd20c3398d5bb0fa20d2b9963a95f19470e5a6192f7?s=96&d=mm&r=g"},"magazineBlocksPostCommentsNumber":false,"magazineBlocksPostExcerpt":"O Verd\u00e3o \u00e9 o l\u00edder do Brasileir\u00e3o, com 13 pontos. O Flamengo est\u00e1 em segundo, com 11. Ambos ainda n\u00e3o perderam na competi\u00e7\u00e3o ap\u00f3s 5 rodadas.","magazineBlocksPostCategories":["ESPORTES","Futebol"],"magazineBlocksPostViewCount":42,"magazineBlocksPostReadTime":1,"magazine_blocks_featured_image_url":{"full":["https:\/\/universoesportivo.net\/wp-content\/uploads\/2025\/04\/verdaolider.jpg",550,309,false],"medium":["https:\/\/universoesportivo.net\/wp-content\/uploads\/2025\/04\/verdaolider-300x169.jpg",300,169,true],"thumbnail":["https:\/\/universoesportivo.net\/wp-content\/uploads\/2025\/04\/verdaolider-150x150.jpg",150,150,true]},"magazine_blocks_author":{"display_name":"Tiago Lotto","author_link":"https:\/\/universoesportivo.net\/index.php\/author\/tiago-lotto\/"},"magazine_blocks_comment":0,"magazine_blocks_author_image":"https:\/\/secure.gravatar.com\/avatar\/fd6891125b3fb6ba0b794cd20c3398d5bb0fa20d2b9963a95f19470e5a6192f7?s=96&d=mm&r=g","magazine_blocks_category":"<a href=\"#\" class=\"category-link category-link-17\">ESPORTES<\/a> <a href=\"#\" class=\"category-link category-link-43\">Futebol<\/a>","yoast_head":"<!-- This site is optimized with the Yoast SEO plugin v27.4 - https:\/\/yoast.com\/product\/yoast-seo-wordpress\/ -->\n<title>Ap\u00f3s 5 rodadas, Palmeiras \u00e9 l\u00edder do Brasileir\u00e3o; Verd\u00e3o e Flamengo ainda n\u00e3o perderam - Universo Esportivo<\/title>\n<meta name=\"robots\" content=\"index, follow, max-snippet:-1, max-image-preview:large, max-video-preview:-1\" \/>\n<link rel=\"canonical\" href=\"https:\/\/universoesportivo.net\/index.php\/2025\/04\/21\/apos-5-rodadas-palmeiras-e-lider-do-brasileirao-verdao-e-flamengo-ainda-nao-perderam\/\" \/>\n<meta property=\"og:locale\" content=\"pt_BR\" \/>\n<meta property=\"og:type\" content=\"article\" \/>\n<meta property=\"og:title\" content=\"Ap\u00f3s 5 rodadas, Palmeiras \u00e9 l\u00edder do Brasileir\u00e3o; Verd\u00e3o e Flamengo ainda n\u00e3o perderam - Universo Esportivo\" \/>\n<meta property=\"og:description\" content=\"O Verd\u00e3o \u00e9 o l\u00edder do Brasileir\u00e3o, com 13 pontos. O Flamengo est\u00e1 em segundo, com 11. Ambos ainda n\u00e3o perderam na competi\u00e7\u00e3o ap\u00f3s 5 rodadas.\" \/>\n<meta property=\"og:url\" content=\"https:\/\/universoesportivo.net\/index.php\/2025\/04\/21\/apos-5-rodadas-palmeiras-e-lider-do-brasileirao-verdao-e-flamengo-ainda-nao-perderam\/\" \/>\n<meta property=\"og:site_name\" content=\"Universo Esportivo\" \/>\n<meta property=\"article:publisher\" content=\"https:\/\/www.facebook.com\/universoesportivo.net\" \/>\n<meta property=\"article:published_time\" content=\"2025-04-21T14:23:59+00:00\" \/>\n<meta property=\"article:modified_time\" content=\"2025-04-22T17:56:36+00:00\" \/>\n<meta property=\"og:image\" content=\"https:\/\/universoesportivo.net\/wp-content\/uploads\/2025\/04\/verdaolider.jpg\" \/>\n\t<meta property=\"og:image:width\" content=\"550\" \/>\n\t<meta property=\"og:image:height\" content=\"309\" \/>\n\t<meta property=\"og:image:type\" content=\"image\/jpeg\" \/>\n<meta name=\"author\" content=\"Tiago Lotto\" \/>\n<meta name=\"twitter:card\" content=\"summary_large_image\" \/>\n<meta name=\"twitter:label1\" content=\"Escrito por\" \/>\n\t<meta name=\"twitter:data1\" content=\"Tiago Lotto\" \/>\n\t<meta name=\"twitter:label2\" content=\"Est. tempo de leitura\" \/>\n\t<meta name=\"twitter:data2\" content=\"1 minuto\" \/>\n<script type=\"application\/ld+json\" class=\"yoast-schema-graph\">{\"@context\":\"https:\\\/\\\/schema.org\",\"@graph\":[{\"@type\":\"Article\",\"@id\":\"https:\\\/\\\/universoesportivo.net\\\/index.php\\\/2025\\\/04\\\/21\\\/apos-5-rodadas-palmeiras-e-lider-do-brasileirao-verdao-e-flamengo-ainda-nao-perderam\\\/#article\",\"isPartOf\":{\"@id\":\"https:\\\/\\\/universoesportivo.net\\\/index.php\\\/2025\\\/04\\\/21\\\/apos-5-rodadas-palmeiras-e-lider-do-brasileirao-verdao-e-flamengo-ainda-nao-perderam\\\/\"},\"author\":{\"name\":\"Tiago Lotto\",\"@id\":\"https:\\\/\\\/universoesportivo.net\\\/#\\\/schema\\\/person\\\/62bc311bc7def56a6bc83711536e74bd\"},\"headline\":\"Ap\u00f3s 5 rodadas, Palmeiras \u00e9 l\u00edder do Brasileir\u00e3o; Verd\u00e3o e Flamengo ainda n\u00e3o perderam\",\"datePublished\":\"2025-04-21T14:23:59+00:00\",\"dateModified\":\"2025-04-22T17:56:36+00:00\",\"mainEntityOfPage\":{\"@id\":\"https:\\\/\\\/universoesportivo.net\\\/index.php\\\/2025\\\/04\\\/21\\\/apos-5-rodadas-palmeiras-e-lider-do-brasileirao-verdao-e-flamengo-ainda-nao-perderam\\\/\"},\"wordCount\":116,\"publisher\":{\"@id\":\"https:\\\/\\\/universoesportivo.net\\\/#organization\"},\"image\":{\"@id\":\"https:\\\/\\\/universoesportivo.net\\\/index.php\\\/2025\\\/04\\\/21\\\/apos-5-rodadas-palmeiras-e-lider-do-brasileirao-verdao-e-flamengo-ainda-nao-perderam\\\/#primaryimage\"},\"thumbnailUrl\":\"https:\\\/\\\/universoesportivo.net\\\/wp-content\\\/uploads\\\/2025\\\/04\\\/verdaolider.jpg\",\"articleSection\":[\"ESPORTES\",\"Futebol\"],\"inLanguage\":\"pt-BR\"},{\"@type\":\"WebPage\",\"@id\":\"https:\\\/\\\/universoesportivo.net\\\/index.php\\\/2025\\\/04\\\/21\\\/apos-5-rodadas-palmeiras-e-lider-do-brasileirao-verdao-e-flamengo-ainda-nao-perderam\\\/\",\"url\":\"https:\\\/\\\/universoesportivo.net\\\/index.php\\\/2025\\\/04\\\/21\\\/apos-5-rodadas-palmeiras-e-lider-do-brasileirao-verdao-e-flamengo-ainda-nao-perderam\\\/\",\"name\":\"Ap\u00f3s 5 rodadas, Palmeiras \u00e9 l\u00edder do Brasileir\u00e3o; Verd\u00e3o e Flamengo ainda n\u00e3o perderam - Universo Esportivo\",\"isPartOf\":{\"@id\":\"https:\\\/\\\/universoesportivo.net\\\/#website\"},\"primaryImageOfPage\":{\"@id\":\"https:\\\/\\\/universoesportivo.net\\\/index.php\\\/2025\\\/04\\\/21\\\/apos-5-rodadas-palmeiras-e-lider-do-brasileirao-verdao-e-flamengo-ainda-nao-perderam\\\/#primaryimage\"},\"image\":{\"@id\":\"https:\\\/\\\/universoesportivo.net\\\/index.php\\\/2025\\\/04\\\/21\\\/apos-5-rodadas-palmeiras-e-lider-do-brasileirao-verdao-e-flamengo-ainda-nao-perderam\\\/#primaryimage\"},\"thumbnailUrl\":\"https:\\\/\\\/universoesportivo.net\\\/wp-content\\\/uploads\\\/2025\\\/04\\\/verdaolider.jpg\",\"datePublished\":\"2025-04-21T14:23:59+00:00\",\"dateModified\":\"2025-04-22T17:56:36+00:00\",\"breadcrumb\":{\"@id\":\"https:\\\/\\\/universoesportivo.net\\\/index.php\\\/2025\\\/04\\\/21\\\/apos-5-rodadas-palmeiras-e-lider-do-brasileirao-verdao-e-flamengo-ainda-nao-perderam\\\/#breadcrumb\"},\"inLanguage\":\"pt-BR\",\"potentialAction\":[{\"@type\":\"ReadAction\",\"target\":[\"https:\\\/\\\/universoesportivo.net\\\/index.php\\\/2025\\\/04\\\/21\\\/apos-5-rodadas-palmeiras-e-lider-do-brasileirao-verdao-e-flamengo-ainda-nao-perderam\\\/\"]}]},{\"@type\":\"ImageObject\",\"inLanguage\":\"pt-BR\",\"@id\":\"https:\\\/\\\/universoesportivo.net\\\/index.php\\\/2025\\\/04\\\/21\\\/apos-5-rodadas-palmeiras-e-lider-do-brasileirao-verdao-e-flamengo-ainda-nao-perderam\\\/#primaryimage\",\"url\":\"https:\\\/\\\/universoesportivo.net\\\/wp-content\\\/uploads\\\/2025\\\/04\\\/verdaolider.jpg\",\"contentUrl\":\"https:\\\/\\\/universoesportivo.net\\\/wp-content\\\/uploads\\\/2025\\\/04\\\/verdaolider.jpg\",\"width\":550,\"height\":309},{\"@type\":\"BreadcrumbList\",\"@id\":\"https:\\\/\\\/universoesportivo.net\\\/index.php\\\/2025\\\/04\\\/21\\\/apos-5-rodadas-palmeiras-e-lider-do-brasileirao-verdao-e-flamengo-ainda-nao-perderam\\\/#breadcrumb\",\"itemListElement\":[{\"@type\":\"ListItem\",\"position\":1,\"name\":\"In\u00edcio\",\"item\":\"https:\\\/\\\/universoesportivo.net\\\/\"},{\"@type\":\"ListItem\",\"position\":2,\"name\":\"Ap\u00f3s 5 rodadas, Palmeiras \u00e9 l\u00edder do Brasileir\u00e3o; Verd\u00e3o e Flamengo ainda n\u00e3o perderam\"}]},{\"@type\":\"WebSite\",\"@id\":\"https:\\\/\\\/universoesportivo.net\\\/#website\",\"url\":\"https:\\\/\\\/universoesportivo.net\\\/\",\"name\":\"Universo Esportivo\",\"description\":\"O portal de todas as modalidades esportivas!\",\"publisher\":{\"@id\":\"https:\\\/\\\/universoesportivo.net\\\/#organization\"},\"alternateName\":\"Jornalista Tiago Contador Lotto\",\"potentialAction\":[{\"@type\":\"SearchAction\",\"target\":{\"@type\":\"EntryPoint\",\"urlTemplate\":\"https:\\\/\\\/universoesportivo.net\\\/?s={search_term_string}\"},\"query-input\":{\"@type\":\"PropertyValueSpecification\",\"valueRequired\":true,\"valueName\":\"search_term_string\"}}],\"inLanguage\":\"pt-BR\"},{\"@type\":\"Organization\",\"@id\":\"https:\\\/\\\/universoesportivo.net\\\/#organization\",\"name\":\"Universo Esportivo\",\"alternateName\":\"Tiago Lotto\",\"url\":\"https:\\\/\\\/universoesportivo.net\\\/\",\"logo\":{\"@type\":\"ImageObject\",\"inLanguage\":\"pt-BR\",\"@id\":\"https:\\\/\\\/universoesportivo.net\\\/#\\\/schema\\\/logo\\\/image\\\/\",\"url\":\"https:\\\/\\\/universoesportivo.net\\\/wp-content\\\/uploads\\\/2024\\\/05\\\/cropped-cropped-universo-6.png\",\"contentUrl\":\"https:\\\/\\\/universoesportivo.net\\\/wp-content\\\/uploads\\\/2024\\\/05\\\/cropped-cropped-universo-6.png\",\"width\":413,\"height\":295,\"caption\":\"Universo Esportivo\"},\"image\":{\"@id\":\"https:\\\/\\\/universoesportivo.net\\\/#\\\/schema\\\/logo\\\/image\\\/\"},\"sameAs\":[\"https:\\\/\\\/www.facebook.com\\\/universoesportivo.net\"]},{\"@type\":\"Person\",\"@id\":\"https:\\\/\\\/universoesportivo.net\\\/#\\\/schema\\\/person\\\/62bc311bc7def56a6bc83711536e74bd\",\"name\":\"Tiago Lotto\",\"image\":{\"@type\":\"ImageObject\",\"inLanguage\":\"pt-BR\",\"@id\":\"https:\\\/\\\/secure.gravatar.com\\\/avatar\\\/fd6891125b3fb6ba0b794cd20c3398d5bb0fa20d2b9963a95f19470e5a6192f7?s=96&d=mm&r=g\",\"url\":\"https:\\\/\\\/secure.gravatar.com\\\/avatar\\\/fd6891125b3fb6ba0b794cd20c3398d5bb0fa20d2b9963a95f19470e5a6192f7?s=96&d=mm&r=g\",\"contentUrl\":\"https:\\\/\\\/secure.gravatar.com\\\/avatar\\\/fd6891125b3fb6ba0b794cd20c3398d5bb0fa20d2b9963a95f19470e5a6192f7?s=96&d=mm&r=g\",\"caption\":\"Tiago Lotto\"},\"url\":\"https:\\\/\\\/universoesportivo.net\\\/index.php\\\/author\\\/tiago-lotto\\\/\"}]}<\/script>\n<!-- \/ Yoast SEO plugin. -->","yoast_head_json":{"title":"Ap\u00f3s 5 rodadas, Palmeiras \u00e9 l\u00edder do Brasileir\u00e3o; Verd\u00e3o e Flamengo ainda n\u00e3o perderam - Universo Esportivo","robots":{"index":"index","follow":"follow","max-snippet":"max-snippet:-1","max-image-preview":"max-image-preview:large","max-video-preview":"max-video-preview:-1"},"canonical":"https:\/\/universoesportivo.net\/index.php\/2025\/04\/21\/apos-5-rodadas-palmeiras-e-lider-do-brasileirao-verdao-e-flamengo-ainda-nao-perderam\/","og_locale":"pt_BR","og_type":"article","og_title":"Ap\u00f3s 5 rodadas, Palmeiras \u00e9 l\u00edder do Brasileir\u00e3o; Verd\u00e3o e Flamengo ainda n\u00e3o perderam - Universo Esportivo","og_description":"O Verd\u00e3o \u00e9 o l\u00edder do Brasileir\u00e3o, com 13 pontos. O Flamengo est\u00e1 em segundo, com 11. Ambos ainda n\u00e3o perderam na competi\u00e7\u00e3o ap\u00f3s 5 rodadas.","og_url":"https:\/\/universoesportivo.net\/index.php\/2025\/04\/21\/apos-5-rodadas-palmeiras-e-lider-do-brasileirao-verdao-e-flamengo-ainda-nao-perderam\/","og_site_name":"Universo Esportivo","article_publisher":"https:\/\/www.facebook.com\/universoesportivo.net","article_published_time":"2025-04-21T14:23:59+00:00","article_modified_time":"2025-04-22T17:56:36+00:00","og_image":[{"width":550,"height":309,"url":"https:\/\/universoesportivo.net\/wp-content\/uploads\/2025\/04\/verdaolider.jpg","type":"image\/jpeg"}],"author":"Tiago Lotto","twitter_card":"summary_large_image","twitter_misc":{"Escrito por":"Tiago Lotto","Est. tempo de leitura":"1 minuto"},"schema":{"@context":"https:\/\/schema.org","@graph":[{"@type":"Article","@id":"https:\/\/universoesportivo.net\/index.php\/2025\/04\/21\/apos-5-rodadas-palmeiras-e-lider-do-brasileirao-verdao-e-flamengo-ainda-nao-perderam\/#article","isPartOf":{"@id":"https:\/\/universoesportivo.net\/index.php\/2025\/04\/21\/apos-5-rodadas-palmeiras-e-lider-do-brasileirao-verdao-e-flamengo-ainda-nao-perderam\/"},"author":{"name":"Tiago Lotto","@id":"https:\/\/universoesportivo.net\/#\/schema\/person\/62bc311bc7def56a6bc83711536e74bd"},"headline":"Ap\u00f3s 5 rodadas, Palmeiras \u00e9 l\u00edder do Brasileir\u00e3o; Verd\u00e3o e Flamengo ainda n\u00e3o perderam","datePublished":"2025-04-21T14:23:59+00:00","dateModified":"2025-04-22T17:56:36+00:00","mainEntityOfPage":{"@id":"https:\/\/universoesportivo.net\/index.php\/2025\/04\/21\/apos-5-rodadas-palmeiras-e-lider-do-brasileirao-verdao-e-flamengo-ainda-nao-perderam\/"},"wordCount":116,"publisher":{"@id":"https:\/\/universoesportivo.net\/#organization"},"image":{"@id":"https:\/\/universoesportivo.net\/index.php\/2025\/04\/21\/apos-5-rodadas-palmeiras-e-lider-do-brasileirao-verdao-e-flamengo-ainda-nao-perderam\/#primaryimage"},"thumbnailUrl":"https:\/\/universoesportivo.net\/wp-content\/uploads\/2025\/04\/verdaolider.jpg","articleSection":["ESPORTES","Futebol"],"inLanguage":"pt-BR"},{"@type":"WebPage","@id":"https:\/\/universoesportivo.net\/index.php\/2025\/04\/21\/apos-5-rodadas-palmeiras-e-lider-do-brasileirao-verdao-e-flamengo-ainda-nao-perderam\/","url":"https:\/\/universoesportivo.net\/index.php\/2025\/04\/21\/apos-5-rodadas-palmeiras-e-lider-do-brasileirao-verdao-e-flamengo-ainda-nao-perderam\/","name":"Ap\u00f3s 5 rodadas, Palmeiras \u00e9 l\u00edder do Brasileir\u00e3o; Verd\u00e3o e Flamengo ainda n\u00e3o perderam - Universo Esportivo","isPartOf":{"@id":"https:\/\/universoesportivo.net\/#website"},"primaryImageOfPage":{"@id":"https:\/\/universoesportivo.net\/index.php\/2025\/04\/21\/apos-5-rodadas-palmeiras-e-lider-do-brasileirao-verdao-e-flamengo-ainda-nao-perderam\/#primaryimage"},"image":{"@id":"https:\/\/universoesportivo.net\/index.php\/2025\/04\/21\/apos-5-rodadas-palmeiras-e-lider-do-brasileirao-verdao-e-flamengo-ainda-nao-perderam\/#primaryimage"},"thumbnailUrl":"https:\/\/universoesportivo.net\/wp-content\/uploads\/2025\/04\/verdaolider.jpg","datePublished":"2025-04-21T14:23:59+00:00","dateModified":"2025-04-22T17:56:36+00:00","breadcrumb":{"@id":"https:\/\/universoesportivo.net\/index.php\/2025\/04\/21\/apos-5-rodadas-palmeiras-e-lider-do-brasileirao-verdao-e-flamengo-ainda-nao-perderam\/#breadcrumb"},"inLanguage":"pt-BR","potentialAction":[{"@type":"ReadAction","target":["https:\/\/universoesportivo.net\/index.php\/2025\/04\/21\/apos-5-rodadas-palmeiras-e-lider-do-brasileirao-verdao-e-flamengo-ainda-nao-perderam\/"]}]},{"@type":"ImageObject","inLanguage":"pt-BR","@id":"https:\/\/universoesportivo.net\/index.php\/2025\/04\/21\/apos-5-rodadas-palmeiras-e-lider-do-brasileirao-verdao-e-flamengo-ainda-nao-perderam\/#primaryimage","url":"https:\/\/universoesportivo.net\/wp-content\/uploads\/2025\/04\/verdaolider.jpg","contentUrl":"https:\/\/universoesportivo.net\/wp-content\/uploads\/2025\/04\/verdaolider.jpg","width":550,"height":309},{"@type":"BreadcrumbList","@id":"https:\/\/universoesportivo.net\/index.php\/2025\/04\/21\/apos-5-rodadas-palmeiras-e-lider-do-brasileirao-verdao-e-flamengo-ainda-nao-perderam\/#breadcrumb","itemListElement":[{"@type":"ListItem","position":1,"name":"In\u00edcio","item":"https:\/\/universoesportivo.net\/"},{"@type":"ListItem","position":2,"name":"Ap\u00f3s 5 rodadas, Palmeiras \u00e9 l\u00edder do Brasileir\u00e3o; Verd\u00e3o e Flamengo ainda n\u00e3o perderam"}]},{"@type":"WebSite","@id":"https:\/\/universoesportivo.net\/#website","url":"https:\/\/universoesportivo.net\/","name":"Universo Esportivo","description":"O portal de todas as modalidades esportivas!","publisher":{"@id":"https:\/\/universoesportivo.net\/#organization"},"alternateName":"Jornalista Tiago Contador Lotto","potentialAction":[{"@type":"SearchAction","target":{"@type":"EntryPoint","urlTemplate":"https:\/\/universoesportivo.net\/?s={search_term_string}"},"query-input":{"@type":"PropertyValueSpecification","valueRequired":true,"valueName":"search_term_string"}}],"inLanguage":"pt-BR"},{"@type":"Organization","@id":"https:\/\/universoesportivo.net\/#organization","name":"Universo Esportivo","alternateName":"Tiago Lotto","url":"https:\/\/universoesportivo.net\/","logo":{"@type":"ImageObject","inLanguage":"pt-BR","@id":"https:\/\/universoesportivo.net\/#\/schema\/logo\/image\/","url":"https:\/\/universoesportivo.net\/wp-content\/uploads\/2024\/05\/cropped-cropped-universo-6.png","contentUrl":"https:\/\/universoesportivo.net\/wp-content\/uploads\/2024\/05\/cropped-cropped-universo-6.png","width":413,"height":295,"caption":"Universo Esportivo"},"image":{"@id":"https:\/\/universoesportivo.net\/#\/schema\/logo\/image\/"},"sameAs":["https:\/\/www.facebook.com\/universoesportivo.net"]},{"@type":"Person","@id":"https:\/\/universoesportivo.net\/#\/schema\/person\/62bc311bc7def56a6bc83711536e74bd","name":"Tiago Lotto","image":{"@type":"ImageObject","inLanguage":"pt-BR","@id":"https:\/\/secure.gravatar.com\/avatar\/fd6891125b3fb6ba0b794cd20c3398d5bb0fa20d2b9963a95f19470e5a6192f7?s=96&d=mm&r=g","url":"https:\/\/secure.gravatar.com\/avatar\/fd6891125b3fb6ba0b794cd20c3398d5bb0fa20d2b9963a95f19470e5a6192f7?s=96&d=mm&r=g","contentUrl":"https:\/\/secure.gravatar.com\/avatar\/fd6891125b3fb6ba0b794cd20c3398d5bb0fa20d2b9963a95f19470e5a6192f7?s=96&d=mm&r=g","caption":"Tiago Lotto"},"url":"https:\/\/universoesportivo.net\/index.php\/author\/tiago-lotto\/"}]}},"jetpack_featured_media_url":"https:\/\/universoesportivo.net\/wp-content\/uploads\/2025\/04\/verdaolider.jpg","_links":{"self":[{"href":"https:\/\/universoesportivo.net\/index.php\/wp-json\/wp\/v2\/posts\/2071","targetHints":{"allow":["GET"]}}],"collection":[{"href":"https:\/\/universoesportivo.net\/index.php\/wp-json\/wp\/v2\/posts"}],"about":[{"href":"https:\/\/universoesportivo.net\/index.php\/wp-json\/wp\/v2\/types\/post"}],"author":[{"embeddable":true,"href":"https:\/\/universoesportivo.net\/index.php\/wp-json\/wp\/v2\/users\/2"}],"replies":[{"embeddable":true,"href":"https:\/\/universoesportivo.net\/index.php\/wp-json\/wp\/v2\/comments?post=2071"}],"version-history":[{"count":1,"href":"https:\/\/universoesportivo.net\/index.php\/wp-json\/wp\/v2\/posts\/2071\/revisions"}],"predecessor-version":[{"id":2073,"href":"https:\/\/universoesportivo.net\/index.php\/wp-json\/wp\/v2\/posts\/2071\/revisions\/2073"}],"wp:featuredmedia":[{"embeddable":true,"href":"https:\/\/universoesportivo.net\/index.php\/wp-json\/wp\/v2\/media\/2072"}],"wp:attachment":[{"href":"https:\/\/universoesportivo.net\/index.php\/wp-json\/wp\/v2\/media?parent=2071"}],"wp:term":[{"taxonomy":"category","embeddable":true,"href":"https:\/\/universoesportivo.net\/index.php\/wp-json\/wp\/v2\/categories?post=2071"},{"taxonomy":"post_tag","embeddable":true,"href":"https:\/\/universoesportivo.net\/index.php\/wp-json\/wp\/v2\/tags?post=2071"}],"curies":[{"name":"wp","href":"https:\/\/api.w.org\/{rel}","templated":true}]}}