{"id":2131,"date":"2025-05-20T11:55:38","date_gmt":"2025-05-20T14:55:38","guid":{"rendered":"https:\/\/universoesportivo.net\/?p=2131"},"modified":"2025-05-20T17:21:06","modified_gmt":"2025-05-20T20:21:06","slug":"sub-19-atletas-da-smel-catanduva-estao-na-selecao-brasileira-de-basquete-feminino-que-vai-disputar-a-copa-do-mundo","status":"publish","type":"post","link":"https:\/\/universoesportivo.net\/index.php\/2025\/05\/20\/sub-19-atletas-da-smel-catanduva-estao-na-selecao-brasileira-de-basquete-feminino-que-vai-disputar-a-copa-do-mundo\/","title":{"rendered":"SUB-19: Atletas da Smel Catanduva est\u00e3o na sele\u00e7\u00e3o brasileira de basquete feminino que vai disputar a Copa do Mundo"},"content":{"rendered":"\n<p class=\"has-medium-font-size\">As atletas Izabela Silva, Mikaelly Freitas e Bianca Neves, das categorias de base da Smel (Secretaria Municipal de Esporte e Lazer) de Catanduva, foram convocadas para integrar a Sele\u00e7\u00e3o Brasileira Feminina Sub-19, que disputar\u00e1 a Copa do Mundo da categoria.<\/p>\n\n\n\n<p class=\"has-medium-font-size\">A competi\u00e7\u00e3o internacional ser\u00e1 na Rep\u00fablica Tcheca, de 12 e 20 de julho, em Brno, a conhecida \u201ccidade dos estudantes\u201d. As informa\u00e7\u00f5es s\u00e3o da Prefeitura de Catanduva.<br><br>Segundo nota da Assessoria de Comunica\u00e7\u00e3o, o Brasil est\u00e1 no Grupo C, ao lado de Fran\u00e7a, Austr\u00e1lia e Mali. A estreia da Sele\u00e7\u00e3o ser\u00e1 contra a Fran\u00e7a no dia 12 de julho, seguida por confrontos com a Austr\u00e1lia (dia 13) e Mali (dia 15).<br><br>\u201cA convoca\u00e7\u00e3o \u00e9 fruto direto do trabalho de excel\u00eancia na forma\u00e7\u00e3o esportiva desenvolvido pela Prefeitura de Catanduva, por meio da Smel. O projeto de basquete feminino da cidade tem revelado talentos que ganham espa\u00e7o no cen\u00e1rio nacional e internacional, confirmando o compromisso com o esporte como instrumento de transforma\u00e7\u00e3o social\u201d, traz trecho da nota enviada pela Prefeitura de Catanduva.<br><br>A prepara\u00e7\u00e3o da equipe brasileira come\u00e7a no dia 15 de junho, em S\u00e3o Paulo. Antes do embarque para a sede do torneio, a Sele\u00e7\u00e3o realizar\u00e1 amistosos preparat\u00f3rios nos dias 8 e 9 de julho, na Cro\u00e1cia.<br><br>A Copa do Mundo Sub-19 de Basquete Feminino re\u00fane 16 sele\u00e7\u00f5es, divididas em quatro grupos. Todas as equipes avan\u00e7am para as oitavas de final, iniciando o formato eliminat\u00f3rio at\u00e9 a grande decis\u00e3o.<br><br>Os jogos ter\u00e3o transmiss\u00e3o ao vivo pelo canal da FIBA no YouTube, garantindo visibilidade \u00e0s atletas e aproximando o p\u00fablico do desempenho brasileiro na competi\u00e7\u00e3o.<br><br>Texto e imagem: Assessoria da Prefeitura de Catanduva<\/p>\n","protected":false},"excerpt":{"rendered":"<p>Copa do Mundo Sub-19 de Basquete Feminino re\u00fane 16 sele\u00e7\u00f5es, divididas em quatro grupos.  Jogos come\u00e7am dia 15 de junho, na Rep\u00fablica Tcheca.<\/p>\n","protected":false},"author":2,"featured_media":2132,"comment_status":"closed","ping_status":"closed","sticky":false,"template":"","format":"standard","meta":{"colormag_page_container_layout":"default_layout","colormag_page_sidebar_layout":"default_layout","footnotes":""},"categories":[51,17],"tags":[],"class_list":["post-2131","post","type-post","status-publish","format-standard","has-post-thumbnail","hentry","category-basquete","category-esportes"],"magazineBlocksPostFeaturedMedia":{"thumbnail":"https:\/\/universoesportivo.net\/wp-content\/uploads\/2025\/05\/tresparaabrir-150x150.jpg","medium":"https:\/\/universoesportivo.net\/wp-content\/uploads\/2025\/05\/tresparaabrir-300x189.jpg","medium_large":"https:\/\/universoesportivo.net\/wp-content\/uploads\/2025\/05\/tresparaabrir.jpg","large":"https:\/\/universoesportivo.net\/wp-content\/uploads\/2025\/05\/tresparaabrir.jpg","1536x1536":"https:\/\/universoesportivo.net\/wp-content\/uploads\/2025\/05\/tresparaabrir.jpg","2048x2048":"https:\/\/universoesportivo.net\/wp-content\/uploads\/2025\/05\/tresparaabrir.jpg","trp-custom-language-flag":"https:\/\/universoesportivo.net\/wp-content\/uploads\/2025\/05\/tresparaabrir-18x12.jpg","colormag-highlighted-post":"https:\/\/universoesportivo.net\/wp-content\/uploads\/2025\/05\/tresparaabrir-392x252.jpg","colormag-featured-post-medium":"https:\/\/universoesportivo.net\/wp-content\/uploads\/2025\/05\/tresparaabrir-390x205.jpg","colormag-featured-post-small":"https:\/\/universoesportivo.net\/wp-content\/uploads\/2025\/05\/tresparaabrir-130x90.jpg","colormag-featured-image":"https:\/\/universoesportivo.net\/wp-content\/uploads\/2025\/05\/tresparaabrir.jpg","colormag-default-news":"https:\/\/universoesportivo.net\/wp-content\/uploads\/2025\/05\/tresparaabrir-150x150.jpg","colormag-featured-image-large":"https:\/\/universoesportivo.net\/wp-content\/uploads\/2025\/05\/tresparaabrir.jpg","colormag-elementor-block-extra-large-thumbnail":"https:\/\/universoesportivo.net\/wp-content\/uploads\/2025\/05\/tresparaabrir.jpg","colormag-elementor-grid-large-thumbnail":"https:\/\/universoesportivo.net\/wp-content\/uploads\/2025\/05\/tresparaabrir.jpg","colormag-elementor-grid-small-thumbnail":"https:\/\/universoesportivo.net\/wp-content\/uploads\/2025\/05\/tresparaabrir-285x252.jpg","colormag-elementor-grid-medium-large-thumbnail":"https:\/\/universoesportivo.net\/wp-content\/uploads\/2025\/05\/tresparaabrir-400x198.jpg"},"magazineBlocksPostAuthor":{"name":"Tiago Lotto","avatar":"https:\/\/secure.gravatar.com\/avatar\/fd6891125b3fb6ba0b794cd20c3398d5bb0fa20d2b9963a95f19470e5a6192f7?s=96&d=mm&r=g"},"magazineBlocksPostCommentsNumber":false,"magazineBlocksPostExcerpt":"Copa do Mundo Sub-19 de Basquete Feminino re\u00fane 16 sele\u00e7\u00f5es, divididas em quatro grupos.  Jogos come\u00e7am dia 15 de junho, na Rep\u00fablica Tcheca.","magazineBlocksPostCategories":["Basquete","ESPORTES"],"magazineBlocksPostViewCount":58,"magazineBlocksPostReadTime":2,"magazine_blocks_featured_image_url":{"full":["https:\/\/universoesportivo.net\/wp-content\/uploads\/2025\/05\/tresparaabrir.jpg",400,252,false],"medium":["https:\/\/universoesportivo.net\/wp-content\/uploads\/2025\/05\/tresparaabrir-300x189.jpg",300,189,true],"thumbnail":["https:\/\/universoesportivo.net\/wp-content\/uploads\/2025\/05\/tresparaabrir-150x150.jpg",150,150,true]},"magazine_blocks_author":{"display_name":"Tiago Lotto","author_link":"https:\/\/universoesportivo.net\/index.php\/author\/tiago-lotto\/"},"magazine_blocks_comment":0,"magazine_blocks_author_image":"https:\/\/secure.gravatar.com\/avatar\/fd6891125b3fb6ba0b794cd20c3398d5bb0fa20d2b9963a95f19470e5a6192f7?s=96&d=mm&r=g","magazine_blocks_category":"<a href=\"#\" class=\"category-link category-link-51\">Basquete<\/a> <a href=\"#\" class=\"category-link category-link-17\">ESPORTES<\/a>","yoast_head":"<!-- This site is optimized with the Yoast SEO plugin v27.4 - https:\/\/yoast.com\/product\/yoast-seo-wordpress\/ -->\n<title>SUB-19: Atletas da Smel Catanduva est\u00e3o na sele\u00e7\u00e3o brasileira de basquete feminino que vai disputar a Copa do Mundo - Universo Esportivo<\/title>\n<meta name=\"robots\" content=\"index, follow, max-snippet:-1, max-image-preview:large, max-video-preview:-1\" \/>\n<link rel=\"canonical\" href=\"https:\/\/universoesportivo.net\/index.php\/2025\/05\/20\/sub-19-atletas-da-smel-catanduva-estao-na-selecao-brasileira-de-basquete-feminino-que-vai-disputar-a-copa-do-mundo\/\" \/>\n<meta property=\"og:locale\" content=\"pt_BR\" \/>\n<meta property=\"og:type\" content=\"article\" \/>\n<meta property=\"og:title\" content=\"SUB-19: Atletas da Smel Catanduva est\u00e3o na sele\u00e7\u00e3o brasileira de basquete feminino que vai disputar a Copa do Mundo - Universo Esportivo\" \/>\n<meta property=\"og:description\" content=\"Copa do Mundo Sub-19 de Basquete Feminino re\u00fane 16 sele\u00e7\u00f5es, divididas em quatro grupos. Jogos come\u00e7am dia 15 de junho, na Rep\u00fablica Tcheca.\" \/>\n<meta property=\"og:url\" content=\"https:\/\/universoesportivo.net\/index.php\/2025\/05\/20\/sub-19-atletas-da-smel-catanduva-estao-na-selecao-brasileira-de-basquete-feminino-que-vai-disputar-a-copa-do-mundo\/\" \/>\n<meta property=\"og:site_name\" content=\"Universo Esportivo\" \/>\n<meta property=\"article:publisher\" content=\"https:\/\/www.facebook.com\/universoesportivo.net\" \/>\n<meta property=\"article:published_time\" content=\"2025-05-20T14:55:38+00:00\" \/>\n<meta property=\"article:modified_time\" content=\"2025-05-20T20:21:06+00:00\" \/>\n<meta property=\"og:image\" content=\"https:\/\/universoesportivo.net\/wp-content\/uploads\/2025\/05\/tresparaabrir.jpg\" \/>\n\t<meta property=\"og:image:width\" content=\"400\" \/>\n\t<meta property=\"og:image:height\" content=\"252\" \/>\n\t<meta property=\"og:image:type\" content=\"image\/jpeg\" \/>\n<meta name=\"author\" content=\"Tiago Lotto\" \/>\n<meta name=\"twitter:card\" content=\"summary_large_image\" \/>\n<meta name=\"twitter:label1\" content=\"Escrito por\" \/>\n\t<meta name=\"twitter:data1\" content=\"Tiago Lotto\" \/>\n\t<meta name=\"twitter:label2\" content=\"Est. tempo de leitura\" \/>\n\t<meta name=\"twitter:data2\" content=\"2 minutos\" \/>\n<script type=\"application\/ld+json\" class=\"yoast-schema-graph\">{\"@context\":\"https:\\\/\\\/schema.org\",\"@graph\":[{\"@type\":\"Article\",\"@id\":\"https:\\\/\\\/universoesportivo.net\\\/index.php\\\/2025\\\/05\\\/20\\\/sub-19-atletas-da-smel-catanduva-estao-na-selecao-brasileira-de-basquete-feminino-que-vai-disputar-a-copa-do-mundo\\\/#article\",\"isPartOf\":{\"@id\":\"https:\\\/\\\/universoesportivo.net\\\/index.php\\\/2025\\\/05\\\/20\\\/sub-19-atletas-da-smel-catanduva-estao-na-selecao-brasileira-de-basquete-feminino-que-vai-disputar-a-copa-do-mundo\\\/\"},\"author\":{\"name\":\"Tiago Lotto\",\"@id\":\"https:\\\/\\\/universoesportivo.net\\\/#\\\/schema\\\/person\\\/62bc311bc7def56a6bc83711536e74bd\"},\"headline\":\"SUB-19: Atletas da Smel Catanduva est\u00e3o na sele\u00e7\u00e3o brasileira de basquete feminino que vai disputar a Copa do Mundo\",\"datePublished\":\"2025-05-20T14:55:38+00:00\",\"dateModified\":\"2025-05-20T20:21:06+00:00\",\"mainEntityOfPage\":{\"@id\":\"https:\\\/\\\/universoesportivo.net\\\/index.php\\\/2025\\\/05\\\/20\\\/sub-19-atletas-da-smel-catanduva-estao-na-selecao-brasileira-de-basquete-feminino-que-vai-disputar-a-copa-do-mundo\\\/\"},\"wordCount\":314,\"publisher\":{\"@id\":\"https:\\\/\\\/universoesportivo.net\\\/#organization\"},\"image\":{\"@id\":\"https:\\\/\\\/universoesportivo.net\\\/index.php\\\/2025\\\/05\\\/20\\\/sub-19-atletas-da-smel-catanduva-estao-na-selecao-brasileira-de-basquete-feminino-que-vai-disputar-a-copa-do-mundo\\\/#primaryimage\"},\"thumbnailUrl\":\"https:\\\/\\\/universoesportivo.net\\\/wp-content\\\/uploads\\\/2025\\\/05\\\/tresparaabrir.jpg\",\"articleSection\":[\"Basquete\",\"ESPORTES\"],\"inLanguage\":\"pt-BR\"},{\"@type\":\"WebPage\",\"@id\":\"https:\\\/\\\/universoesportivo.net\\\/index.php\\\/2025\\\/05\\\/20\\\/sub-19-atletas-da-smel-catanduva-estao-na-selecao-brasileira-de-basquete-feminino-que-vai-disputar-a-copa-do-mundo\\\/\",\"url\":\"https:\\\/\\\/universoesportivo.net\\\/index.php\\\/2025\\\/05\\\/20\\\/sub-19-atletas-da-smel-catanduva-estao-na-selecao-brasileira-de-basquete-feminino-que-vai-disputar-a-copa-do-mundo\\\/\",\"name\":\"SUB-19: Atletas da Smel Catanduva est\u00e3o na sele\u00e7\u00e3o brasileira de basquete feminino que vai disputar a Copa do Mundo - Universo Esportivo\",\"isPartOf\":{\"@id\":\"https:\\\/\\\/universoesportivo.net\\\/#website\"},\"primaryImageOfPage\":{\"@id\":\"https:\\\/\\\/universoesportivo.net\\\/index.php\\\/2025\\\/05\\\/20\\\/sub-19-atletas-da-smel-catanduva-estao-na-selecao-brasileira-de-basquete-feminino-que-vai-disputar-a-copa-do-mundo\\\/#primaryimage\"},\"image\":{\"@id\":\"https:\\\/\\\/universoesportivo.net\\\/index.php\\\/2025\\\/05\\\/20\\\/sub-19-atletas-da-smel-catanduva-estao-na-selecao-brasileira-de-basquete-feminino-que-vai-disputar-a-copa-do-mundo\\\/#primaryimage\"},\"thumbnailUrl\":\"https:\\\/\\\/universoesportivo.net\\\/wp-content\\\/uploads\\\/2025\\\/05\\\/tresparaabrir.jpg\",\"datePublished\":\"2025-05-20T14:55:38+00:00\",\"dateModified\":\"2025-05-20T20:21:06+00:00\",\"breadcrumb\":{\"@id\":\"https:\\\/\\\/universoesportivo.net\\\/index.php\\\/2025\\\/05\\\/20\\\/sub-19-atletas-da-smel-catanduva-estao-na-selecao-brasileira-de-basquete-feminino-que-vai-disputar-a-copa-do-mundo\\\/#breadcrumb\"},\"inLanguage\":\"pt-BR\",\"potentialAction\":[{\"@type\":\"ReadAction\",\"target\":[\"https:\\\/\\\/universoesportivo.net\\\/index.php\\\/2025\\\/05\\\/20\\\/sub-19-atletas-da-smel-catanduva-estao-na-selecao-brasileira-de-basquete-feminino-que-vai-disputar-a-copa-do-mundo\\\/\"]}]},{\"@type\":\"ImageObject\",\"inLanguage\":\"pt-BR\",\"@id\":\"https:\\\/\\\/universoesportivo.net\\\/index.php\\\/2025\\\/05\\\/20\\\/sub-19-atletas-da-smel-catanduva-estao-na-selecao-brasileira-de-basquete-feminino-que-vai-disputar-a-copa-do-mundo\\\/#primaryimage\",\"url\":\"https:\\\/\\\/universoesportivo.net\\\/wp-content\\\/uploads\\\/2025\\\/05\\\/tresparaabrir.jpg\",\"contentUrl\":\"https:\\\/\\\/universoesportivo.net\\\/wp-content\\\/uploads\\\/2025\\\/05\\\/tresparaabrir.jpg\",\"width\":400,\"height\":252},{\"@type\":\"BreadcrumbList\",\"@id\":\"https:\\\/\\\/universoesportivo.net\\\/index.php\\\/2025\\\/05\\\/20\\\/sub-19-atletas-da-smel-catanduva-estao-na-selecao-brasileira-de-basquete-feminino-que-vai-disputar-a-copa-do-mundo\\\/#breadcrumb\",\"itemListElement\":[{\"@type\":\"ListItem\",\"position\":1,\"name\":\"In\u00edcio\",\"item\":\"https:\\\/\\\/universoesportivo.net\\\/\"},{\"@type\":\"ListItem\",\"position\":2,\"name\":\"SUB-19: Atletas da Smel Catanduva est\u00e3o na sele\u00e7\u00e3o brasileira de basquete feminino que vai disputar a Copa do Mundo\"}]},{\"@type\":\"WebSite\",\"@id\":\"https:\\\/\\\/universoesportivo.net\\\/#website\",\"url\":\"https:\\\/\\\/universoesportivo.net\\\/\",\"name\":\"Universo Esportivo\",\"description\":\"O portal de todas as modalidades esportivas!\",\"publisher\":{\"@id\":\"https:\\\/\\\/universoesportivo.net\\\/#organization\"},\"alternateName\":\"Jornalista Tiago Contador Lotto\",\"potentialAction\":[{\"@type\":\"SearchAction\",\"target\":{\"@type\":\"EntryPoint\",\"urlTemplate\":\"https:\\\/\\\/universoesportivo.net\\\/?s={search_term_string}\"},\"query-input\":{\"@type\":\"PropertyValueSpecification\",\"valueRequired\":true,\"valueName\":\"search_term_string\"}}],\"inLanguage\":\"pt-BR\"},{\"@type\":\"Organization\",\"@id\":\"https:\\\/\\\/universoesportivo.net\\\/#organization\",\"name\":\"Universo Esportivo\",\"alternateName\":\"Tiago Lotto\",\"url\":\"https:\\\/\\\/universoesportivo.net\\\/\",\"logo\":{\"@type\":\"ImageObject\",\"inLanguage\":\"pt-BR\",\"@id\":\"https:\\\/\\\/universoesportivo.net\\\/#\\\/schema\\\/logo\\\/image\\\/\",\"url\":\"https:\\\/\\\/universoesportivo.net\\\/wp-content\\\/uploads\\\/2024\\\/05\\\/cropped-cropped-universo-6.png\",\"contentUrl\":\"https:\\\/\\\/universoesportivo.net\\\/wp-content\\\/uploads\\\/2024\\\/05\\\/cropped-cropped-universo-6.png\",\"width\":413,\"height\":295,\"caption\":\"Universo Esportivo\"},\"image\":{\"@id\":\"https:\\\/\\\/universoesportivo.net\\\/#\\\/schema\\\/logo\\\/image\\\/\"},\"sameAs\":[\"https:\\\/\\\/www.facebook.com\\\/universoesportivo.net\"]},{\"@type\":\"Person\",\"@id\":\"https:\\\/\\\/universoesportivo.net\\\/#\\\/schema\\\/person\\\/62bc311bc7def56a6bc83711536e74bd\",\"name\":\"Tiago Lotto\",\"image\":{\"@type\":\"ImageObject\",\"inLanguage\":\"pt-BR\",\"@id\":\"https:\\\/\\\/secure.gravatar.com\\\/avatar\\\/fd6891125b3fb6ba0b794cd20c3398d5bb0fa20d2b9963a95f19470e5a6192f7?s=96&d=mm&r=g\",\"url\":\"https:\\\/\\\/secure.gravatar.com\\\/avatar\\\/fd6891125b3fb6ba0b794cd20c3398d5bb0fa20d2b9963a95f19470e5a6192f7?s=96&d=mm&r=g\",\"contentUrl\":\"https:\\\/\\\/secure.gravatar.com\\\/avatar\\\/fd6891125b3fb6ba0b794cd20c3398d5bb0fa20d2b9963a95f19470e5a6192f7?s=96&d=mm&r=g\",\"caption\":\"Tiago Lotto\"},\"url\":\"https:\\\/\\\/universoesportivo.net\\\/index.php\\\/author\\\/tiago-lotto\\\/\"}]}<\/script>\n<!-- \/ Yoast SEO plugin. -->","yoast_head_json":{"title":"SUB-19: Atletas da Smel Catanduva est\u00e3o na sele\u00e7\u00e3o brasileira de basquete feminino que vai disputar a Copa do Mundo - Universo Esportivo","robots":{"index":"index","follow":"follow","max-snippet":"max-snippet:-1","max-image-preview":"max-image-preview:large","max-video-preview":"max-video-preview:-1"},"canonical":"https:\/\/universoesportivo.net\/index.php\/2025\/05\/20\/sub-19-atletas-da-smel-catanduva-estao-na-selecao-brasileira-de-basquete-feminino-que-vai-disputar-a-copa-do-mundo\/","og_locale":"pt_BR","og_type":"article","og_title":"SUB-19: Atletas da Smel Catanduva est\u00e3o na sele\u00e7\u00e3o brasileira de basquete feminino que vai disputar a Copa do Mundo - Universo Esportivo","og_description":"Copa do Mundo Sub-19 de Basquete Feminino re\u00fane 16 sele\u00e7\u00f5es, divididas em quatro grupos. Jogos come\u00e7am dia 15 de junho, na Rep\u00fablica Tcheca.","og_url":"https:\/\/universoesportivo.net\/index.php\/2025\/05\/20\/sub-19-atletas-da-smel-catanduva-estao-na-selecao-brasileira-de-basquete-feminino-que-vai-disputar-a-copa-do-mundo\/","og_site_name":"Universo Esportivo","article_publisher":"https:\/\/www.facebook.com\/universoesportivo.net","article_published_time":"2025-05-20T14:55:38+00:00","article_modified_time":"2025-05-20T20:21:06+00:00","og_image":[{"width":400,"height":252,"url":"https:\/\/universoesportivo.net\/wp-content\/uploads\/2025\/05\/tresparaabrir.jpg","type":"image\/jpeg"}],"author":"Tiago Lotto","twitter_card":"summary_large_image","twitter_misc":{"Escrito por":"Tiago Lotto","Est. tempo de leitura":"2 minutos"},"schema":{"@context":"https:\/\/schema.org","@graph":[{"@type":"Article","@id":"https:\/\/universoesportivo.net\/index.php\/2025\/05\/20\/sub-19-atletas-da-smel-catanduva-estao-na-selecao-brasileira-de-basquete-feminino-que-vai-disputar-a-copa-do-mundo\/#article","isPartOf":{"@id":"https:\/\/universoesportivo.net\/index.php\/2025\/05\/20\/sub-19-atletas-da-smel-catanduva-estao-na-selecao-brasileira-de-basquete-feminino-que-vai-disputar-a-copa-do-mundo\/"},"author":{"name":"Tiago Lotto","@id":"https:\/\/universoesportivo.net\/#\/schema\/person\/62bc311bc7def56a6bc83711536e74bd"},"headline":"SUB-19: Atletas da Smel Catanduva est\u00e3o na sele\u00e7\u00e3o brasileira de basquete feminino que vai disputar a Copa do Mundo","datePublished":"2025-05-20T14:55:38+00:00","dateModified":"2025-05-20T20:21:06+00:00","mainEntityOfPage":{"@id":"https:\/\/universoesportivo.net\/index.php\/2025\/05\/20\/sub-19-atletas-da-smel-catanduva-estao-na-selecao-brasileira-de-basquete-feminino-que-vai-disputar-a-copa-do-mundo\/"},"wordCount":314,"publisher":{"@id":"https:\/\/universoesportivo.net\/#organization"},"image":{"@id":"https:\/\/universoesportivo.net\/index.php\/2025\/05\/20\/sub-19-atletas-da-smel-catanduva-estao-na-selecao-brasileira-de-basquete-feminino-que-vai-disputar-a-copa-do-mundo\/#primaryimage"},"thumbnailUrl":"https:\/\/universoesportivo.net\/wp-content\/uploads\/2025\/05\/tresparaabrir.jpg","articleSection":["Basquete","ESPORTES"],"inLanguage":"pt-BR"},{"@type":"WebPage","@id":"https:\/\/universoesportivo.net\/index.php\/2025\/05\/20\/sub-19-atletas-da-smel-catanduva-estao-na-selecao-brasileira-de-basquete-feminino-que-vai-disputar-a-copa-do-mundo\/","url":"https:\/\/universoesportivo.net\/index.php\/2025\/05\/20\/sub-19-atletas-da-smel-catanduva-estao-na-selecao-brasileira-de-basquete-feminino-que-vai-disputar-a-copa-do-mundo\/","name":"SUB-19: Atletas da Smel Catanduva est\u00e3o na sele\u00e7\u00e3o brasileira de basquete feminino que vai disputar a Copa do Mundo - Universo Esportivo","isPartOf":{"@id":"https:\/\/universoesportivo.net\/#website"},"primaryImageOfPage":{"@id":"https:\/\/universoesportivo.net\/index.php\/2025\/05\/20\/sub-19-atletas-da-smel-catanduva-estao-na-selecao-brasileira-de-basquete-feminino-que-vai-disputar-a-copa-do-mundo\/#primaryimage"},"image":{"@id":"https:\/\/universoesportivo.net\/index.php\/2025\/05\/20\/sub-19-atletas-da-smel-catanduva-estao-na-selecao-brasileira-de-basquete-feminino-que-vai-disputar-a-copa-do-mundo\/#primaryimage"},"thumbnailUrl":"https:\/\/universoesportivo.net\/wp-content\/uploads\/2025\/05\/tresparaabrir.jpg","datePublished":"2025-05-20T14:55:38+00:00","dateModified":"2025-05-20T20:21:06+00:00","breadcrumb":{"@id":"https:\/\/universoesportivo.net\/index.php\/2025\/05\/20\/sub-19-atletas-da-smel-catanduva-estao-na-selecao-brasileira-de-basquete-feminino-que-vai-disputar-a-copa-do-mundo\/#breadcrumb"},"inLanguage":"pt-BR","potentialAction":[{"@type":"ReadAction","target":["https:\/\/universoesportivo.net\/index.php\/2025\/05\/20\/sub-19-atletas-da-smel-catanduva-estao-na-selecao-brasileira-de-basquete-feminino-que-vai-disputar-a-copa-do-mundo\/"]}]},{"@type":"ImageObject","inLanguage":"pt-BR","@id":"https:\/\/universoesportivo.net\/index.php\/2025\/05\/20\/sub-19-atletas-da-smel-catanduva-estao-na-selecao-brasileira-de-basquete-feminino-que-vai-disputar-a-copa-do-mundo\/#primaryimage","url":"https:\/\/universoesportivo.net\/wp-content\/uploads\/2025\/05\/tresparaabrir.jpg","contentUrl":"https:\/\/universoesportivo.net\/wp-content\/uploads\/2025\/05\/tresparaabrir.jpg","width":400,"height":252},{"@type":"BreadcrumbList","@id":"https:\/\/universoesportivo.net\/index.php\/2025\/05\/20\/sub-19-atletas-da-smel-catanduva-estao-na-selecao-brasileira-de-basquete-feminino-que-vai-disputar-a-copa-do-mundo\/#breadcrumb","itemListElement":[{"@type":"ListItem","position":1,"name":"In\u00edcio","item":"https:\/\/universoesportivo.net\/"},{"@type":"ListItem","position":2,"name":"SUB-19: Atletas da Smel Catanduva est\u00e3o na sele\u00e7\u00e3o brasileira de basquete feminino que vai disputar a Copa do Mundo"}]},{"@type":"WebSite","@id":"https:\/\/universoesportivo.net\/#website","url":"https:\/\/universoesportivo.net\/","name":"Universo Esportivo","description":"O portal de todas as modalidades esportivas!","publisher":{"@id":"https:\/\/universoesportivo.net\/#organization"},"alternateName":"Jornalista Tiago Contador Lotto","potentialAction":[{"@type":"SearchAction","target":{"@type":"EntryPoint","urlTemplate":"https:\/\/universoesportivo.net\/?s={search_term_string}"},"query-input":{"@type":"PropertyValueSpecification","valueRequired":true,"valueName":"search_term_string"}}],"inLanguage":"pt-BR"},{"@type":"Organization","@id":"https:\/\/universoesportivo.net\/#organization","name":"Universo Esportivo","alternateName":"Tiago Lotto","url":"https:\/\/universoesportivo.net\/","logo":{"@type":"ImageObject","inLanguage":"pt-BR","@id":"https:\/\/universoesportivo.net\/#\/schema\/logo\/image\/","url":"https:\/\/universoesportivo.net\/wp-content\/uploads\/2024\/05\/cropped-cropped-universo-6.png","contentUrl":"https:\/\/universoesportivo.net\/wp-content\/uploads\/2024\/05\/cropped-cropped-universo-6.png","width":413,"height":295,"caption":"Universo Esportivo"},"image":{"@id":"https:\/\/universoesportivo.net\/#\/schema\/logo\/image\/"},"sameAs":["https:\/\/www.facebook.com\/universoesportivo.net"]},{"@type":"Person","@id":"https:\/\/universoesportivo.net\/#\/schema\/person\/62bc311bc7def56a6bc83711536e74bd","name":"Tiago Lotto","image":{"@type":"ImageObject","inLanguage":"pt-BR","@id":"https:\/\/secure.gravatar.com\/avatar\/fd6891125b3fb6ba0b794cd20c3398d5bb0fa20d2b9963a95f19470e5a6192f7?s=96&d=mm&r=g","url":"https:\/\/secure.gravatar.com\/avatar\/fd6891125b3fb6ba0b794cd20c3398d5bb0fa20d2b9963a95f19470e5a6192f7?s=96&d=mm&r=g","contentUrl":"https:\/\/secure.gravatar.com\/avatar\/fd6891125b3fb6ba0b794cd20c3398d5bb0fa20d2b9963a95f19470e5a6192f7?s=96&d=mm&r=g","caption":"Tiago Lotto"},"url":"https:\/\/universoesportivo.net\/index.php\/author\/tiago-lotto\/"}]}},"jetpack_featured_media_url":"https:\/\/universoesportivo.net\/wp-content\/uploads\/2025\/05\/tresparaabrir.jpg","_links":{"self":[{"href":"https:\/\/universoesportivo.net\/index.php\/wp-json\/wp\/v2\/posts\/2131","targetHints":{"allow":["GET"]}}],"collection":[{"href":"https:\/\/universoesportivo.net\/index.php\/wp-json\/wp\/v2\/posts"}],"about":[{"href":"https:\/\/universoesportivo.net\/index.php\/wp-json\/wp\/v2\/types\/post"}],"author":[{"embeddable":true,"href":"https:\/\/universoesportivo.net\/index.php\/wp-json\/wp\/v2\/users\/2"}],"replies":[{"embeddable":true,"href":"https:\/\/universoesportivo.net\/index.php\/wp-json\/wp\/v2\/comments?post=2131"}],"version-history":[{"count":1,"href":"https:\/\/universoesportivo.net\/index.php\/wp-json\/wp\/v2\/posts\/2131\/revisions"}],"predecessor-version":[{"id":2133,"href":"https:\/\/universoesportivo.net\/index.php\/wp-json\/wp\/v2\/posts\/2131\/revisions\/2133"}],"wp:featuredmedia":[{"embeddable":true,"href":"https:\/\/universoesportivo.net\/index.php\/wp-json\/wp\/v2\/media\/2132"}],"wp:attachment":[{"href":"https:\/\/universoesportivo.net\/index.php\/wp-json\/wp\/v2\/media?parent=2131"}],"wp:term":[{"taxonomy":"category","embeddable":true,"href":"https:\/\/universoesportivo.net\/index.php\/wp-json\/wp\/v2\/categories?post=2131"},{"taxonomy":"post_tag","embeddable":true,"href":"https:\/\/universoesportivo.net\/index.php\/wp-json\/wp\/v2\/tags?post=2131"}],"curies":[{"name":"wp","href":"https:\/\/api.w.org\/{rel}","templated":true}]}}