{"id":2137,"date":"2025-05-23T11:45:08","date_gmt":"2025-05-23T14:45:08","guid":{"rendered":"https:\/\/universoesportivo.net\/?p=2137"},"modified":"2025-05-23T11:45:09","modified_gmt":"2025-05-23T14:45:09","slug":"campeao-europeu-kids-de-jiu-jitsu-atleta-de-catanduva-disputa-neste-sabado-24-a-2a-etapa-do-circuito-paulista","status":"publish","type":"post","link":"https:\/\/universoesportivo.net\/index.php\/2025\/05\/23\/campeao-europeu-kids-de-jiu-jitsu-atleta-de-catanduva-disputa-neste-sabado-24-a-2a-etapa-do-circuito-paulista\/","title":{"rendered":"Campe\u00e3o Europeu Kids de Jiu-Jitsu, atleta de Catanduva disputa neste s\u00e1bado (24) a 2\u00aa Etapa do Circuito Paulista"},"content":{"rendered":"\n<p class=\"has-medium-font-size\">O atleta de Catanduva Augusto de Souza Molinari, de 10 anos, vai disputar neste s\u00e1bado, dia 24 de maio, a 2\u00aa Etapa do Campeonato Paulista de Jiu-Jitsu, competi\u00e7\u00e3o oficial da Federa\u00e7\u00e3o Paulista da modalidade.<\/p>\n\n\n\n<p class=\"has-medium-font-size\">Augusto chega como favorito na etapa, j\u00e1 que \u00faltimo dia 17 de maio sagrou-se Campe\u00e3o Europeu Kids de Jiu-Jitsu 2025, ap\u00f3s competir em Roma, na It\u00e1lia. A competi\u00e7\u00e3o foi organizada pela IBJJF (International Brazilian Jiu-Jitsu Federation).<\/p>\n\n\n\n<p class=\"has-medium-font-size\">Guto, como \u00e9 chamado, disputou a categoria J\u00fanior 1, faixa cinza, at\u00e9 30,2 kg, que tinha 15 competidores. Para chegar ao ouro, teve tr\u00eas lutas duras. Ele finalizou duas e venceu a terceira por pontos, conquistando o t\u00edtulo internacional. O catanduvense \u00e9 o n\u00famero 1 do ranking mundial em sua categoria e peso.<\/p>\n\n\n\n<p class=\"has-medium-font-size\">De acordo com os pais do atleta, Murillo e Tatiane, Guto sempre foi uma crian\u00e7a bastante ativa, que gostava de praticar esporte desde pequeno. Ele j\u00e1 fez escolinha de futebol, mas foi em novembro de 2021, quando conheceu o jiu-jitsu, que surgiu uma paix\u00e3o pela arte marcial.<\/p>\n\n\n\n<p class=\"has-medium-font-size\">Guto \u00e9 atleta federado pela Confedera\u00e7\u00e3o Brasileira de Jiu-Jitsu (CBJJ), Confedera\u00e7\u00e3o Brasileira de Jiu-Jitsu Esportivo (CBJJE) e Federa\u00e7\u00e3o Paulista de Jiu-Jitsu (FPJJ). Com isso, compete em diversos eventos esportivos tanto no Brasil quanto fora do pa\u00eds.<\/p>\n\n\n\n<p class=\"has-medium-font-size\">Somente em 2025 Guto disputou seis campeonatos federados e ganhou todos eles, incluindo o Sul-Americano e o Europeu.<\/p>\n\n\n\n<p class=\"has-medium-font-size\">Para Murillo e Tatiane, o sucesso do atleta o fez receber acompanhamento de nutricionista, prepara\u00e7\u00e3o f\u00edsica, alimenta\u00e7\u00e3o, suplementa\u00e7\u00e3o e demais cuidados para chegar ao topo da modalidade. \u201cMas com os p\u00e9s no ch\u00e3o, respeito e disciplina\u201d, frisou o pai, Murillo Molinari.<\/p>\n\n\n\n<p><\/p>\n\n\n\n<p class=\"has-medium-font-size\">Texto: Tiago Lotto<\/p>\n\n\n\n<p class=\"has-medium-font-size\">Fotos: Divulga\u00e7\u00e3o<\/p>\n\n\n\n<figure class=\"wp-block-image\"><img fetchpriority=\"high\" decoding=\"async\" width=\"400\" height=\"533\" src=\"https:\/\/universoesportivo.net\/wp-content\/uploads\/2025\/05\/meninoabaixo.jpg\" alt=\"\" class=\"wp-image-2139\" srcset=\"https:\/\/universoesportivo.net\/wp-content\/uploads\/2025\/05\/meninoabaixo.jpg 400w, https:\/\/universoesportivo.net\/wp-content\/uploads\/2025\/05\/meninoabaixo-225x300.jpg 225w, https:\/\/universoesportivo.net\/wp-content\/uploads\/2025\/05\/meninoabaixo-9x12.jpg 9w\" sizes=\"(max-width: 400px) 100vw, 400px\" \/><\/figure>\n","protected":false},"excerpt":{"rendered":"<p>Guto Molinari chega como favorito na etapa, j\u00e1 que dia 17 de maio sagrou-se Campe\u00e3o Europeu Kids de Jiu-Jitsu 2025, ap\u00f3s competir em Roma, na It\u00e1lia.<\/p>\n","protected":false},"author":2,"featured_media":2140,"comment_status":"closed","ping_status":"closed","sticky":false,"template":"","format":"standard","meta":{"colormag_page_container_layout":"default_layout","colormag_page_sidebar_layout":"default_layout","footnotes":""},"categories":[52,17],"tags":[],"class_list":["post-2137","post","type-post","status-publish","format-standard","has-post-thumbnail","hentry","category-artes-marciais","category-esportes"],"magazineBlocksPostFeaturedMedia":{"thumbnail":"https:\/\/universoesportivo.net\/wp-content\/uploads\/2025\/05\/abremenino15-150x150.jpg","medium":"https:\/\/universoesportivo.net\/wp-content\/uploads\/2025\/05\/abremenino15-267x300.jpg","medium_large":"https:\/\/universoesportivo.net\/wp-content\/uploads\/2025\/05\/abremenino15.jpg","large":"https:\/\/universoesportivo.net\/wp-content\/uploads\/2025\/05\/abremenino15.jpg","1536x1536":"https:\/\/universoesportivo.net\/wp-content\/uploads\/2025\/05\/abremenino15.jpg","2048x2048":"https:\/\/universoesportivo.net\/wp-content\/uploads\/2025\/05\/abremenino15.jpg","trp-custom-language-flag":"https:\/\/universoesportivo.net\/wp-content\/uploads\/2025\/05\/abremenino15-11x12.jpg","colormag-highlighted-post":"https:\/\/universoesportivo.net\/wp-content\/uploads\/2025\/05\/abremenino15-392x272.jpg","colormag-featured-post-medium":"https:\/\/universoesportivo.net\/wp-content\/uploads\/2025\/05\/abremenino15-390x205.jpg","colormag-featured-post-small":"https:\/\/universoesportivo.net\/wp-content\/uploads\/2025\/05\/abremenino15-130x90.jpg","colormag-featured-image":"https:\/\/universoesportivo.net\/wp-content\/uploads\/2025\/05\/abremenino15-400x445.jpg","colormag-default-news":"https:\/\/universoesportivo.net\/wp-content\/uploads\/2025\/05\/abremenino15-150x150.jpg","colormag-featured-image-large":"https:\/\/universoesportivo.net\/wp-content\/uploads\/2025\/05\/abremenino15.jpg","colormag-elementor-block-extra-large-thumbnail":"https:\/\/universoesportivo.net\/wp-content\/uploads\/2025\/05\/abremenino15.jpg","colormag-elementor-grid-large-thumbnail":"https:\/\/universoesportivo.net\/wp-content\/uploads\/2025\/05\/abremenino15-400x417.jpg","colormag-elementor-grid-small-thumbnail":"https:\/\/universoesportivo.net\/wp-content\/uploads\/2025\/05\/abremenino15-285x449.jpg","colormag-elementor-grid-medium-large-thumbnail":"https:\/\/universoesportivo.net\/wp-content\/uploads\/2025\/05\/abremenino15-400x198.jpg"},"magazineBlocksPostAuthor":{"name":"Tiago Lotto","avatar":"https:\/\/secure.gravatar.com\/avatar\/fd6891125b3fb6ba0b794cd20c3398d5bb0fa20d2b9963a95f19470e5a6192f7?s=96&d=mm&r=g"},"magazineBlocksPostCommentsNumber":false,"magazineBlocksPostExcerpt":"Guto Molinari chega como favorito na etapa, j\u00e1 que dia 17 de maio sagrou-se Campe\u00e3o Europeu Kids de Jiu-Jitsu 2025, ap\u00f3s competir em Roma, na It\u00e1lia.","magazineBlocksPostCategories":["Artes Marciais","ESPORTES"],"magazineBlocksPostViewCount":52,"magazineBlocksPostReadTime":2,"magazine_blocks_featured_image_url":{"full":["https:\/\/universoesportivo.net\/wp-content\/uploads\/2025\/05\/abremenino15.jpg",400,449,false],"medium":["https:\/\/universoesportivo.net\/wp-content\/uploads\/2025\/05\/abremenino15-267x300.jpg",267,300,true],"thumbnail":["https:\/\/universoesportivo.net\/wp-content\/uploads\/2025\/05\/abremenino15-150x150.jpg",150,150,true]},"magazine_blocks_author":{"display_name":"Tiago Lotto","author_link":"https:\/\/universoesportivo.net\/index.php\/author\/tiago-lotto\/"},"magazine_blocks_comment":0,"magazine_blocks_author_image":"https:\/\/secure.gravatar.com\/avatar\/fd6891125b3fb6ba0b794cd20c3398d5bb0fa20d2b9963a95f19470e5a6192f7?s=96&d=mm&r=g","magazine_blocks_category":"<a href=\"#\" class=\"category-link category-link-52\">Artes Marciais<\/a> <a href=\"#\" class=\"category-link category-link-17\">ESPORTES<\/a>","yoast_head":"<!-- This site is optimized with the Yoast SEO plugin v27.4 - https:\/\/yoast.com\/product\/yoast-seo-wordpress\/ -->\n<title>Campe\u00e3o Europeu Kids de Jiu-Jitsu, atleta de Catanduva disputa neste s\u00e1bado (24) a 2\u00aa Etapa do Circuito Paulista - Universo Esportivo<\/title>\n<meta name=\"robots\" content=\"index, follow, max-snippet:-1, max-image-preview:large, max-video-preview:-1\" \/>\n<link rel=\"canonical\" href=\"https:\/\/universoesportivo.net\/index.php\/2025\/05\/23\/campeao-europeu-kids-de-jiu-jitsu-atleta-de-catanduva-disputa-neste-sabado-24-a-2a-etapa-do-circuito-paulista\/\" \/>\n<meta property=\"og:locale\" content=\"pt_BR\" \/>\n<meta property=\"og:type\" content=\"article\" \/>\n<meta property=\"og:title\" content=\"Campe\u00e3o Europeu Kids de Jiu-Jitsu, atleta de Catanduva disputa neste s\u00e1bado (24) a 2\u00aa Etapa do Circuito Paulista - Universo Esportivo\" \/>\n<meta property=\"og:description\" content=\"Guto Molinari chega como favorito na etapa, j\u00e1 que dia 17 de maio sagrou-se Campe\u00e3o Europeu Kids de Jiu-Jitsu 2025, ap\u00f3s competir em Roma, na It\u00e1lia.\" \/>\n<meta property=\"og:url\" content=\"https:\/\/universoesportivo.net\/index.php\/2025\/05\/23\/campeao-europeu-kids-de-jiu-jitsu-atleta-de-catanduva-disputa-neste-sabado-24-a-2a-etapa-do-circuito-paulista\/\" \/>\n<meta property=\"og:site_name\" content=\"Universo Esportivo\" \/>\n<meta property=\"article:publisher\" content=\"https:\/\/www.facebook.com\/universoesportivo.net\" \/>\n<meta property=\"article:published_time\" content=\"2025-05-23T14:45:08+00:00\" \/>\n<meta property=\"article:modified_time\" content=\"2025-05-23T14:45:09+00:00\" \/>\n<meta property=\"og:image\" content=\"https:\/\/universoesportivo.net\/wp-content\/uploads\/2025\/05\/abremenino15.jpg\" \/>\n\t<meta property=\"og:image:width\" content=\"400\" \/>\n\t<meta property=\"og:image:height\" content=\"449\" \/>\n\t<meta property=\"og:image:type\" content=\"image\/jpeg\" \/>\n<meta name=\"author\" content=\"Tiago Lotto\" \/>\n<meta name=\"twitter:card\" content=\"summary_large_image\" \/>\n<meta name=\"twitter:label1\" content=\"Escrito por\" \/>\n\t<meta name=\"twitter:data1\" content=\"Tiago Lotto\" \/>\n\t<meta name=\"twitter:label2\" content=\"Est. tempo de leitura\" \/>\n\t<meta name=\"twitter:data2\" content=\"2 minutos\" \/>\n<script type=\"application\/ld+json\" class=\"yoast-schema-graph\">{\"@context\":\"https:\\\/\\\/schema.org\",\"@graph\":[{\"@type\":\"Article\",\"@id\":\"https:\\\/\\\/universoesportivo.net\\\/index.php\\\/2025\\\/05\\\/23\\\/campeao-europeu-kids-de-jiu-jitsu-atleta-de-catanduva-disputa-neste-sabado-24-a-2a-etapa-do-circuito-paulista\\\/#article\",\"isPartOf\":{\"@id\":\"https:\\\/\\\/universoesportivo.net\\\/index.php\\\/2025\\\/05\\\/23\\\/campeao-europeu-kids-de-jiu-jitsu-atleta-de-catanduva-disputa-neste-sabado-24-a-2a-etapa-do-circuito-paulista\\\/\"},\"author\":{\"name\":\"Tiago Lotto\",\"@id\":\"https:\\\/\\\/universoesportivo.net\\\/#\\\/schema\\\/person\\\/62bc311bc7def56a6bc83711536e74bd\"},\"headline\":\"Campe\u00e3o Europeu Kids de Jiu-Jitsu, atleta de Catanduva disputa neste s\u00e1bado (24) a 2\u00aa Etapa do Circuito Paulista\",\"datePublished\":\"2025-05-23T14:45:08+00:00\",\"dateModified\":\"2025-05-23T14:45:09+00:00\",\"mainEntityOfPage\":{\"@id\":\"https:\\\/\\\/universoesportivo.net\\\/index.php\\\/2025\\\/05\\\/23\\\/campeao-europeu-kids-de-jiu-jitsu-atleta-de-catanduva-disputa-neste-sabado-24-a-2a-etapa-do-circuito-paulista\\\/\"},\"wordCount\":298,\"publisher\":{\"@id\":\"https:\\\/\\\/universoesportivo.net\\\/#organization\"},\"image\":{\"@id\":\"https:\\\/\\\/universoesportivo.net\\\/index.php\\\/2025\\\/05\\\/23\\\/campeao-europeu-kids-de-jiu-jitsu-atleta-de-catanduva-disputa-neste-sabado-24-a-2a-etapa-do-circuito-paulista\\\/#primaryimage\"},\"thumbnailUrl\":\"https:\\\/\\\/universoesportivo.net\\\/wp-content\\\/uploads\\\/2025\\\/05\\\/abremenino15.jpg\",\"articleSection\":[\"Artes Marciais\",\"ESPORTES\"],\"inLanguage\":\"pt-BR\"},{\"@type\":\"WebPage\",\"@id\":\"https:\\\/\\\/universoesportivo.net\\\/index.php\\\/2025\\\/05\\\/23\\\/campeao-europeu-kids-de-jiu-jitsu-atleta-de-catanduva-disputa-neste-sabado-24-a-2a-etapa-do-circuito-paulista\\\/\",\"url\":\"https:\\\/\\\/universoesportivo.net\\\/index.php\\\/2025\\\/05\\\/23\\\/campeao-europeu-kids-de-jiu-jitsu-atleta-de-catanduva-disputa-neste-sabado-24-a-2a-etapa-do-circuito-paulista\\\/\",\"name\":\"Campe\u00e3o Europeu Kids de Jiu-Jitsu, atleta de Catanduva disputa neste s\u00e1bado (24) a 2\u00aa Etapa do Circuito Paulista - Universo Esportivo\",\"isPartOf\":{\"@id\":\"https:\\\/\\\/universoesportivo.net\\\/#website\"},\"primaryImageOfPage\":{\"@id\":\"https:\\\/\\\/universoesportivo.net\\\/index.php\\\/2025\\\/05\\\/23\\\/campeao-europeu-kids-de-jiu-jitsu-atleta-de-catanduva-disputa-neste-sabado-24-a-2a-etapa-do-circuito-paulista\\\/#primaryimage\"},\"image\":{\"@id\":\"https:\\\/\\\/universoesportivo.net\\\/index.php\\\/2025\\\/05\\\/23\\\/campeao-europeu-kids-de-jiu-jitsu-atleta-de-catanduva-disputa-neste-sabado-24-a-2a-etapa-do-circuito-paulista\\\/#primaryimage\"},\"thumbnailUrl\":\"https:\\\/\\\/universoesportivo.net\\\/wp-content\\\/uploads\\\/2025\\\/05\\\/abremenino15.jpg\",\"datePublished\":\"2025-05-23T14:45:08+00:00\",\"dateModified\":\"2025-05-23T14:45:09+00:00\",\"breadcrumb\":{\"@id\":\"https:\\\/\\\/universoesportivo.net\\\/index.php\\\/2025\\\/05\\\/23\\\/campeao-europeu-kids-de-jiu-jitsu-atleta-de-catanduva-disputa-neste-sabado-24-a-2a-etapa-do-circuito-paulista\\\/#breadcrumb\"},\"inLanguage\":\"pt-BR\",\"potentialAction\":[{\"@type\":\"ReadAction\",\"target\":[\"https:\\\/\\\/universoesportivo.net\\\/index.php\\\/2025\\\/05\\\/23\\\/campeao-europeu-kids-de-jiu-jitsu-atleta-de-catanduva-disputa-neste-sabado-24-a-2a-etapa-do-circuito-paulista\\\/\"]}]},{\"@type\":\"ImageObject\",\"inLanguage\":\"pt-BR\",\"@id\":\"https:\\\/\\\/universoesportivo.net\\\/index.php\\\/2025\\\/05\\\/23\\\/campeao-europeu-kids-de-jiu-jitsu-atleta-de-catanduva-disputa-neste-sabado-24-a-2a-etapa-do-circuito-paulista\\\/#primaryimage\",\"url\":\"https:\\\/\\\/universoesportivo.net\\\/wp-content\\\/uploads\\\/2025\\\/05\\\/abremenino15.jpg\",\"contentUrl\":\"https:\\\/\\\/universoesportivo.net\\\/wp-content\\\/uploads\\\/2025\\\/05\\\/abremenino15.jpg\",\"width\":400,\"height\":449},{\"@type\":\"BreadcrumbList\",\"@id\":\"https:\\\/\\\/universoesportivo.net\\\/index.php\\\/2025\\\/05\\\/23\\\/campeao-europeu-kids-de-jiu-jitsu-atleta-de-catanduva-disputa-neste-sabado-24-a-2a-etapa-do-circuito-paulista\\\/#breadcrumb\",\"itemListElement\":[{\"@type\":\"ListItem\",\"position\":1,\"name\":\"In\u00edcio\",\"item\":\"https:\\\/\\\/universoesportivo.net\\\/\"},{\"@type\":\"ListItem\",\"position\":2,\"name\":\"Campe\u00e3o Europeu Kids de Jiu-Jitsu, atleta de Catanduva disputa neste s\u00e1bado (24) a 2\u00aa Etapa do Circuito Paulista\"}]},{\"@type\":\"WebSite\",\"@id\":\"https:\\\/\\\/universoesportivo.net\\\/#website\",\"url\":\"https:\\\/\\\/universoesportivo.net\\\/\",\"name\":\"Universo Esportivo\",\"description\":\"O portal de todas as modalidades esportivas!\",\"publisher\":{\"@id\":\"https:\\\/\\\/universoesportivo.net\\\/#organization\"},\"alternateName\":\"Jornalista Tiago Contador Lotto\",\"potentialAction\":[{\"@type\":\"SearchAction\",\"target\":{\"@type\":\"EntryPoint\",\"urlTemplate\":\"https:\\\/\\\/universoesportivo.net\\\/?s={search_term_string}\"},\"query-input\":{\"@type\":\"PropertyValueSpecification\",\"valueRequired\":true,\"valueName\":\"search_term_string\"}}],\"inLanguage\":\"pt-BR\"},{\"@type\":\"Organization\",\"@id\":\"https:\\\/\\\/universoesportivo.net\\\/#organization\",\"name\":\"Universo Esportivo\",\"alternateName\":\"Tiago Lotto\",\"url\":\"https:\\\/\\\/universoesportivo.net\\\/\",\"logo\":{\"@type\":\"ImageObject\",\"inLanguage\":\"pt-BR\",\"@id\":\"https:\\\/\\\/universoesportivo.net\\\/#\\\/schema\\\/logo\\\/image\\\/\",\"url\":\"https:\\\/\\\/universoesportivo.net\\\/wp-content\\\/uploads\\\/2024\\\/05\\\/cropped-cropped-universo-6.png\",\"contentUrl\":\"https:\\\/\\\/universoesportivo.net\\\/wp-content\\\/uploads\\\/2024\\\/05\\\/cropped-cropped-universo-6.png\",\"width\":413,\"height\":295,\"caption\":\"Universo Esportivo\"},\"image\":{\"@id\":\"https:\\\/\\\/universoesportivo.net\\\/#\\\/schema\\\/logo\\\/image\\\/\"},\"sameAs\":[\"https:\\\/\\\/www.facebook.com\\\/universoesportivo.net\"]},{\"@type\":\"Person\",\"@id\":\"https:\\\/\\\/universoesportivo.net\\\/#\\\/schema\\\/person\\\/62bc311bc7def56a6bc83711536e74bd\",\"name\":\"Tiago Lotto\",\"image\":{\"@type\":\"ImageObject\",\"inLanguage\":\"pt-BR\",\"@id\":\"https:\\\/\\\/secure.gravatar.com\\\/avatar\\\/fd6891125b3fb6ba0b794cd20c3398d5bb0fa20d2b9963a95f19470e5a6192f7?s=96&d=mm&r=g\",\"url\":\"https:\\\/\\\/secure.gravatar.com\\\/avatar\\\/fd6891125b3fb6ba0b794cd20c3398d5bb0fa20d2b9963a95f19470e5a6192f7?s=96&d=mm&r=g\",\"contentUrl\":\"https:\\\/\\\/secure.gravatar.com\\\/avatar\\\/fd6891125b3fb6ba0b794cd20c3398d5bb0fa20d2b9963a95f19470e5a6192f7?s=96&d=mm&r=g\",\"caption\":\"Tiago Lotto\"},\"url\":\"https:\\\/\\\/universoesportivo.net\\\/index.php\\\/author\\\/tiago-lotto\\\/\"}]}<\/script>\n<!-- \/ Yoast SEO plugin. -->","yoast_head_json":{"title":"Campe\u00e3o Europeu Kids de Jiu-Jitsu, atleta de Catanduva disputa neste s\u00e1bado (24) a 2\u00aa Etapa do Circuito Paulista - Universo Esportivo","robots":{"index":"index","follow":"follow","max-snippet":"max-snippet:-1","max-image-preview":"max-image-preview:large","max-video-preview":"max-video-preview:-1"},"canonical":"https:\/\/universoesportivo.net\/index.php\/2025\/05\/23\/campeao-europeu-kids-de-jiu-jitsu-atleta-de-catanduva-disputa-neste-sabado-24-a-2a-etapa-do-circuito-paulista\/","og_locale":"pt_BR","og_type":"article","og_title":"Campe\u00e3o Europeu Kids de Jiu-Jitsu, atleta de Catanduva disputa neste s\u00e1bado (24) a 2\u00aa Etapa do Circuito Paulista - Universo Esportivo","og_description":"Guto Molinari chega como favorito na etapa, j\u00e1 que dia 17 de maio sagrou-se Campe\u00e3o Europeu Kids de Jiu-Jitsu 2025, ap\u00f3s competir em Roma, na It\u00e1lia.","og_url":"https:\/\/universoesportivo.net\/index.php\/2025\/05\/23\/campeao-europeu-kids-de-jiu-jitsu-atleta-de-catanduva-disputa-neste-sabado-24-a-2a-etapa-do-circuito-paulista\/","og_site_name":"Universo Esportivo","article_publisher":"https:\/\/www.facebook.com\/universoesportivo.net","article_published_time":"2025-05-23T14:45:08+00:00","article_modified_time":"2025-05-23T14:45:09+00:00","og_image":[{"width":400,"height":449,"url":"https:\/\/universoesportivo.net\/wp-content\/uploads\/2025\/05\/abremenino15.jpg","type":"image\/jpeg"}],"author":"Tiago Lotto","twitter_card":"summary_large_image","twitter_misc":{"Escrito por":"Tiago Lotto","Est. tempo de leitura":"2 minutos"},"schema":{"@context":"https:\/\/schema.org","@graph":[{"@type":"Article","@id":"https:\/\/universoesportivo.net\/index.php\/2025\/05\/23\/campeao-europeu-kids-de-jiu-jitsu-atleta-de-catanduva-disputa-neste-sabado-24-a-2a-etapa-do-circuito-paulista\/#article","isPartOf":{"@id":"https:\/\/universoesportivo.net\/index.php\/2025\/05\/23\/campeao-europeu-kids-de-jiu-jitsu-atleta-de-catanduva-disputa-neste-sabado-24-a-2a-etapa-do-circuito-paulista\/"},"author":{"name":"Tiago Lotto","@id":"https:\/\/universoesportivo.net\/#\/schema\/person\/62bc311bc7def56a6bc83711536e74bd"},"headline":"Campe\u00e3o Europeu Kids de Jiu-Jitsu, atleta de Catanduva disputa neste s\u00e1bado (24) a 2\u00aa Etapa do Circuito Paulista","datePublished":"2025-05-23T14:45:08+00:00","dateModified":"2025-05-23T14:45:09+00:00","mainEntityOfPage":{"@id":"https:\/\/universoesportivo.net\/index.php\/2025\/05\/23\/campeao-europeu-kids-de-jiu-jitsu-atleta-de-catanduva-disputa-neste-sabado-24-a-2a-etapa-do-circuito-paulista\/"},"wordCount":298,"publisher":{"@id":"https:\/\/universoesportivo.net\/#organization"},"image":{"@id":"https:\/\/universoesportivo.net\/index.php\/2025\/05\/23\/campeao-europeu-kids-de-jiu-jitsu-atleta-de-catanduva-disputa-neste-sabado-24-a-2a-etapa-do-circuito-paulista\/#primaryimage"},"thumbnailUrl":"https:\/\/universoesportivo.net\/wp-content\/uploads\/2025\/05\/abremenino15.jpg","articleSection":["Artes Marciais","ESPORTES"],"inLanguage":"pt-BR"},{"@type":"WebPage","@id":"https:\/\/universoesportivo.net\/index.php\/2025\/05\/23\/campeao-europeu-kids-de-jiu-jitsu-atleta-de-catanduva-disputa-neste-sabado-24-a-2a-etapa-do-circuito-paulista\/","url":"https:\/\/universoesportivo.net\/index.php\/2025\/05\/23\/campeao-europeu-kids-de-jiu-jitsu-atleta-de-catanduva-disputa-neste-sabado-24-a-2a-etapa-do-circuito-paulista\/","name":"Campe\u00e3o Europeu Kids de Jiu-Jitsu, atleta de Catanduva disputa neste s\u00e1bado (24) a 2\u00aa Etapa do Circuito Paulista - Universo Esportivo","isPartOf":{"@id":"https:\/\/universoesportivo.net\/#website"},"primaryImageOfPage":{"@id":"https:\/\/universoesportivo.net\/index.php\/2025\/05\/23\/campeao-europeu-kids-de-jiu-jitsu-atleta-de-catanduva-disputa-neste-sabado-24-a-2a-etapa-do-circuito-paulista\/#primaryimage"},"image":{"@id":"https:\/\/universoesportivo.net\/index.php\/2025\/05\/23\/campeao-europeu-kids-de-jiu-jitsu-atleta-de-catanduva-disputa-neste-sabado-24-a-2a-etapa-do-circuito-paulista\/#primaryimage"},"thumbnailUrl":"https:\/\/universoesportivo.net\/wp-content\/uploads\/2025\/05\/abremenino15.jpg","datePublished":"2025-05-23T14:45:08+00:00","dateModified":"2025-05-23T14:45:09+00:00","breadcrumb":{"@id":"https:\/\/universoesportivo.net\/index.php\/2025\/05\/23\/campeao-europeu-kids-de-jiu-jitsu-atleta-de-catanduva-disputa-neste-sabado-24-a-2a-etapa-do-circuito-paulista\/#breadcrumb"},"inLanguage":"pt-BR","potentialAction":[{"@type":"ReadAction","target":["https:\/\/universoesportivo.net\/index.php\/2025\/05\/23\/campeao-europeu-kids-de-jiu-jitsu-atleta-de-catanduva-disputa-neste-sabado-24-a-2a-etapa-do-circuito-paulista\/"]}]},{"@type":"ImageObject","inLanguage":"pt-BR","@id":"https:\/\/universoesportivo.net\/index.php\/2025\/05\/23\/campeao-europeu-kids-de-jiu-jitsu-atleta-de-catanduva-disputa-neste-sabado-24-a-2a-etapa-do-circuito-paulista\/#primaryimage","url":"https:\/\/universoesportivo.net\/wp-content\/uploads\/2025\/05\/abremenino15.jpg","contentUrl":"https:\/\/universoesportivo.net\/wp-content\/uploads\/2025\/05\/abremenino15.jpg","width":400,"height":449},{"@type":"BreadcrumbList","@id":"https:\/\/universoesportivo.net\/index.php\/2025\/05\/23\/campeao-europeu-kids-de-jiu-jitsu-atleta-de-catanduva-disputa-neste-sabado-24-a-2a-etapa-do-circuito-paulista\/#breadcrumb","itemListElement":[{"@type":"ListItem","position":1,"name":"In\u00edcio","item":"https:\/\/universoesportivo.net\/"},{"@type":"ListItem","position":2,"name":"Campe\u00e3o Europeu Kids de Jiu-Jitsu, atleta de Catanduva disputa neste s\u00e1bado (24) a 2\u00aa Etapa do Circuito Paulista"}]},{"@type":"WebSite","@id":"https:\/\/universoesportivo.net\/#website","url":"https:\/\/universoesportivo.net\/","name":"Universo Esportivo","description":"O portal de todas as modalidades esportivas!","publisher":{"@id":"https:\/\/universoesportivo.net\/#organization"},"alternateName":"Jornalista Tiago Contador Lotto","potentialAction":[{"@type":"SearchAction","target":{"@type":"EntryPoint","urlTemplate":"https:\/\/universoesportivo.net\/?s={search_term_string}"},"query-input":{"@type":"PropertyValueSpecification","valueRequired":true,"valueName":"search_term_string"}}],"inLanguage":"pt-BR"},{"@type":"Organization","@id":"https:\/\/universoesportivo.net\/#organization","name":"Universo Esportivo","alternateName":"Tiago Lotto","url":"https:\/\/universoesportivo.net\/","logo":{"@type":"ImageObject","inLanguage":"pt-BR","@id":"https:\/\/universoesportivo.net\/#\/schema\/logo\/image\/","url":"https:\/\/universoesportivo.net\/wp-content\/uploads\/2024\/05\/cropped-cropped-universo-6.png","contentUrl":"https:\/\/universoesportivo.net\/wp-content\/uploads\/2024\/05\/cropped-cropped-universo-6.png","width":413,"height":295,"caption":"Universo Esportivo"},"image":{"@id":"https:\/\/universoesportivo.net\/#\/schema\/logo\/image\/"},"sameAs":["https:\/\/www.facebook.com\/universoesportivo.net"]},{"@type":"Person","@id":"https:\/\/universoesportivo.net\/#\/schema\/person\/62bc311bc7def56a6bc83711536e74bd","name":"Tiago Lotto","image":{"@type":"ImageObject","inLanguage":"pt-BR","@id":"https:\/\/secure.gravatar.com\/avatar\/fd6891125b3fb6ba0b794cd20c3398d5bb0fa20d2b9963a95f19470e5a6192f7?s=96&d=mm&r=g","url":"https:\/\/secure.gravatar.com\/avatar\/fd6891125b3fb6ba0b794cd20c3398d5bb0fa20d2b9963a95f19470e5a6192f7?s=96&d=mm&r=g","contentUrl":"https:\/\/secure.gravatar.com\/avatar\/fd6891125b3fb6ba0b794cd20c3398d5bb0fa20d2b9963a95f19470e5a6192f7?s=96&d=mm&r=g","caption":"Tiago Lotto"},"url":"https:\/\/universoesportivo.net\/index.php\/author\/tiago-lotto\/"}]}},"jetpack_featured_media_url":"https:\/\/universoesportivo.net\/wp-content\/uploads\/2025\/05\/abremenino15.jpg","_links":{"self":[{"href":"https:\/\/universoesportivo.net\/index.php\/wp-json\/wp\/v2\/posts\/2137","targetHints":{"allow":["GET"]}}],"collection":[{"href":"https:\/\/universoesportivo.net\/index.php\/wp-json\/wp\/v2\/posts"}],"about":[{"href":"https:\/\/universoesportivo.net\/index.php\/wp-json\/wp\/v2\/types\/post"}],"author":[{"embeddable":true,"href":"https:\/\/universoesportivo.net\/index.php\/wp-json\/wp\/v2\/users\/2"}],"replies":[{"embeddable":true,"href":"https:\/\/universoesportivo.net\/index.php\/wp-json\/wp\/v2\/comments?post=2137"}],"version-history":[{"count":1,"href":"https:\/\/universoesportivo.net\/index.php\/wp-json\/wp\/v2\/posts\/2137\/revisions"}],"predecessor-version":[{"id":2141,"href":"https:\/\/universoesportivo.net\/index.php\/wp-json\/wp\/v2\/posts\/2137\/revisions\/2141"}],"wp:featuredmedia":[{"embeddable":true,"href":"https:\/\/universoesportivo.net\/index.php\/wp-json\/wp\/v2\/media\/2140"}],"wp:attachment":[{"href":"https:\/\/universoesportivo.net\/index.php\/wp-json\/wp\/v2\/media?parent=2137"}],"wp:term":[{"taxonomy":"category","embeddable":true,"href":"https:\/\/universoesportivo.net\/index.php\/wp-json\/wp\/v2\/categories?post=2137"},{"taxonomy":"post_tag","embeddable":true,"href":"https:\/\/universoesportivo.net\/index.php\/wp-json\/wp\/v2\/tags?post=2137"}],"curies":[{"name":"wp","href":"https:\/\/api.w.org\/{rel}","templated":true}]}}