{"id":2151,"date":"2025-06-05T11:20:08","date_gmt":"2025-06-05T14:20:08","guid":{"rendered":"https:\/\/universoesportivo.net\/?p=2151"},"modified":"2025-06-05T11:20:08","modified_gmt":"2025-06-05T14:20:08","slug":"jiu-jitsu-e-taekwondo-movimentaram-o-4o-festival-smel-petrotorque-de-artes-marciais-de-catanduva","status":"publish","type":"post","link":"https:\/\/universoesportivo.net\/index.php\/2025\/06\/05\/jiu-jitsu-e-taekwondo-movimentaram-o-4o-festival-smel-petrotorque-de-artes-marciais-de-catanduva\/","title":{"rendered":"Jiu-jitsu e taekwondo movimentaram o 4\u00ba Festival Smel\/Petrotorque de Artes Marciais de Catanduva"},"content":{"rendered":"\n<p class=\"has-medium-font-size\">Cerca de 200 atletas participaram do 4\u00ba Festival Smel\/Petrotorque de Artes Marciais de Catanduva, realizado no \u00faltimo dia 1\u00ba de junho, no Gin\u00e1sio do Gaviolli. A competi\u00e7\u00e3o esportiva teve abertura com apresenta\u00e7\u00e3o da equipe de \u201cKung Fu Tigres de Shaolin\u201d.<\/p>\n\n\n\n<p class=\"has-medium-font-size\">Segundo o professor e atleta Gustavo Gandra, um dos organizadores do evento, os grupos participantes eram formados por atletas da regi\u00e3o, que fazem parte de projetos sociais das duas modalidades, das cidades de Ariranha, Urup\u00eas, Pindorama, S\u00e3o Jos\u00e9 do Rio Preto e Engenheiro Schmidt, al\u00e9m de Catanduva.<\/p>\n\n\n\n<p class=\"has-medium-font-size\">No jiu-jitsu, as equipes de Catanduva eram Projeto Pequeno Davi, Projeto Jiu-Jitsu para Cristo e Equipe L\u00e9o Marques; de Urup\u00eas, Cardozo Team e, de Pindorama, Farpa Team.<\/p>\n\n\n\n<p class=\"has-medium-font-size\">J\u00e1 no taekwondo, estavam presentes as equipes de Rio Preto do Projeto Smel TKD, Gustavo Gandra Team e Equipe Hagnos. De Schmidt, a Tkd Schmidt e, de Ariranha, a equipe Bruno Flyer.<\/p>\n\n\n\n<p class=\"has-medium-font-size\">O professor Gustavo Gandra disse que o objetivo do festival para as crian\u00e7as foi para que elas tivessem uma experi\u00eancia de competi\u00e7\u00e3o. \u201cServe de prepara\u00e7\u00e3o para competi\u00e7\u00f5es futuras e faz com que a integra\u00e7\u00e3o e socializa\u00e7\u00e3o entre elas fosse prioridade\u201d, falou ela.<\/p>\n\n\n\n<p class=\"has-medium-font-size\">Texto: Tiago Lotto<\/p>\n\n\n\n<p class=\"has-medium-font-size\">Fotos: Divulga\u00e7\u00e3o<\/p>\n\n\n\n<figure class=\"wp-block-image\"><img fetchpriority=\"high\" decoding=\"async\" width=\"350\" height=\"233\" src=\"https:\/\/universoesportivo.net\/wp-content\/uploads\/2025\/06\/gandraabaixo.jpg\" alt=\"\" class=\"wp-image-2152\" srcset=\"https:\/\/universoesportivo.net\/wp-content\/uploads\/2025\/06\/gandraabaixo.jpg 350w, https:\/\/universoesportivo.net\/wp-content\/uploads\/2025\/06\/gandraabaixo-300x200.jpg 300w, https:\/\/universoesportivo.net\/wp-content\/uploads\/2025\/06\/gandraabaixo-18x12.jpg 18w\" sizes=\"(max-width: 350px) 100vw, 350px\" \/><\/figure>\n","protected":false},"excerpt":{"rendered":"<p>As equipes s\u00e3o atletas da regi\u00e3o, que fazem parte de projetos sociais das duas modalidades de Ariranha, Urup\u00eas, Pindorama, Rio Preto e Engenheiro Schmidt, al\u00e9m de Catanduva.<\/p>\n","protected":false},"author":2,"featured_media":2153,"comment_status":"closed","ping_status":"closed","sticky":false,"template":"","format":"standard","meta":{"colormag_page_container_layout":"default_layout","colormag_page_sidebar_layout":"default_layout","footnotes":""},"categories":[52,17],"tags":[],"class_list":["post-2151","post","type-post","status-publish","format-standard","has-post-thumbnail","hentry","category-artes-marciais","category-esportes"],"magazineBlocksPostFeaturedMedia":{"thumbnail":"https:\/\/universoesportivo.net\/wp-content\/uploads\/2025\/06\/abregandra-150x150.jpg","medium":"https:\/\/universoesportivo.net\/wp-content\/uploads\/2025\/06\/abregandra-300x200.jpg","medium_large":"https:\/\/universoesportivo.net\/wp-content\/uploads\/2025\/06\/abregandra.jpg","large":"https:\/\/universoesportivo.net\/wp-content\/uploads\/2025\/06\/abregandra.jpg","1536x1536":"https:\/\/universoesportivo.net\/wp-content\/uploads\/2025\/06\/abregandra.jpg","2048x2048":"https:\/\/universoesportivo.net\/wp-content\/uploads\/2025\/06\/abregandra.jpg","trp-custom-language-flag":"https:\/\/universoesportivo.net\/wp-content\/uploads\/2025\/06\/abregandra-18x12.jpg","colormag-highlighted-post":"https:\/\/universoesportivo.net\/wp-content\/uploads\/2025\/06\/abregandra-392x272.jpg","colormag-featured-post-medium":"https:\/\/universoesportivo.net\/wp-content\/uploads\/2025\/06\/abregandra-390x205.jpg","colormag-featured-post-small":"https:\/\/universoesportivo.net\/wp-content\/uploads\/2025\/06\/abregandra-130x90.jpg","colormag-featured-image":"https:\/\/universoesportivo.net\/wp-content\/uploads\/2025\/06\/abregandra.jpg","colormag-default-news":"https:\/\/universoesportivo.net\/wp-content\/uploads\/2025\/06\/abregandra-150x150.jpg","colormag-featured-image-large":"https:\/\/universoesportivo.net\/wp-content\/uploads\/2025\/06\/abregandra.jpg","colormag-elementor-block-extra-large-thumbnail":"https:\/\/universoesportivo.net\/wp-content\/uploads\/2025\/06\/abregandra.jpg","colormag-elementor-grid-large-thumbnail":"https:\/\/universoesportivo.net\/wp-content\/uploads\/2025\/06\/abregandra.jpg","colormag-elementor-grid-small-thumbnail":"https:\/\/universoesportivo.net\/wp-content\/uploads\/2025\/06\/abregandra-285x300.jpg","colormag-elementor-grid-medium-large-thumbnail":"https:\/\/universoesportivo.net\/wp-content\/uploads\/2025\/06\/abregandra-450x198.jpg"},"magazineBlocksPostAuthor":{"name":"Tiago Lotto","avatar":"https:\/\/secure.gravatar.com\/avatar\/fd6891125b3fb6ba0b794cd20c3398d5bb0fa20d2b9963a95f19470e5a6192f7?s=96&d=mm&r=g"},"magazineBlocksPostCommentsNumber":false,"magazineBlocksPostExcerpt":"As equipes s\u00e3o atletas da regi\u00e3o, que fazem parte de projetos sociais das duas modalidades de Ariranha, Urup\u00eas, Pindorama, Rio Preto e Engenheiro Schmidt, al\u00e9m de Catanduva.","magazineBlocksPostCategories":["Artes Marciais","ESPORTES"],"magazineBlocksPostViewCount":43,"magazineBlocksPostReadTime":2,"magazine_blocks_featured_image_url":{"full":["https:\/\/universoesportivo.net\/wp-content\/uploads\/2025\/06\/abregandra.jpg",450,300,false],"medium":["https:\/\/universoesportivo.net\/wp-content\/uploads\/2025\/06\/abregandra-300x200.jpg",300,200,true],"thumbnail":["https:\/\/universoesportivo.net\/wp-content\/uploads\/2025\/06\/abregandra-150x150.jpg",150,150,true]},"magazine_blocks_author":{"display_name":"Tiago Lotto","author_link":"https:\/\/universoesportivo.net\/index.php\/author\/tiago-lotto\/"},"magazine_blocks_comment":0,"magazine_blocks_author_image":"https:\/\/secure.gravatar.com\/avatar\/fd6891125b3fb6ba0b794cd20c3398d5bb0fa20d2b9963a95f19470e5a6192f7?s=96&d=mm&r=g","magazine_blocks_category":"<a href=\"#\" class=\"category-link category-link-52\">Artes Marciais<\/a> <a href=\"#\" class=\"category-link category-link-17\">ESPORTES<\/a>","yoast_head":"<!-- This site is optimized with the Yoast SEO plugin v27.4 - https:\/\/yoast.com\/product\/yoast-seo-wordpress\/ -->\n<title>Jiu-jitsu e taekwondo movimentaram o 4\u00ba Festival Smel\/Petrotorque de Artes Marciais de Catanduva - Universo Esportivo<\/title>\n<meta name=\"robots\" content=\"index, follow, max-snippet:-1, max-image-preview:large, max-video-preview:-1\" \/>\n<link rel=\"canonical\" href=\"https:\/\/universoesportivo.net\/index.php\/2025\/06\/05\/jiu-jitsu-e-taekwondo-movimentaram-o-4o-festival-smel-petrotorque-de-artes-marciais-de-catanduva\/\" \/>\n<meta property=\"og:locale\" content=\"pt_BR\" \/>\n<meta property=\"og:type\" content=\"article\" \/>\n<meta property=\"og:title\" content=\"Jiu-jitsu e taekwondo movimentaram o 4\u00ba Festival Smel\/Petrotorque de Artes Marciais de Catanduva - Universo Esportivo\" \/>\n<meta property=\"og:description\" content=\"As equipes s\u00e3o atletas da regi\u00e3o, que fazem parte de projetos sociais das duas modalidades de Ariranha, Urup\u00eas, Pindorama, Rio Preto e Engenheiro Schmidt, al\u00e9m de Catanduva.\" \/>\n<meta property=\"og:url\" content=\"https:\/\/universoesportivo.net\/index.php\/2025\/06\/05\/jiu-jitsu-e-taekwondo-movimentaram-o-4o-festival-smel-petrotorque-de-artes-marciais-de-catanduva\/\" \/>\n<meta property=\"og:site_name\" content=\"Universo Esportivo\" \/>\n<meta property=\"article:publisher\" content=\"https:\/\/www.facebook.com\/universoesportivo.net\" \/>\n<meta property=\"article:published_time\" content=\"2025-06-05T14:20:08+00:00\" \/>\n<meta property=\"og:image\" content=\"https:\/\/universoesportivo.net\/wp-content\/uploads\/2025\/06\/abregandra.jpg\" \/>\n\t<meta property=\"og:image:width\" content=\"450\" \/>\n\t<meta property=\"og:image:height\" content=\"300\" \/>\n\t<meta property=\"og:image:type\" content=\"image\/jpeg\" \/>\n<meta name=\"author\" content=\"Tiago Lotto\" \/>\n<meta name=\"twitter:card\" content=\"summary_large_image\" \/>\n<meta name=\"twitter:label1\" content=\"Escrito por\" \/>\n\t<meta name=\"twitter:data1\" content=\"Tiago Lotto\" \/>\n\t<meta name=\"twitter:label2\" content=\"Est. tempo de leitura\" \/>\n\t<meta name=\"twitter:data2\" content=\"2 minutos\" \/>\n<script type=\"application\/ld+json\" class=\"yoast-schema-graph\">{\"@context\":\"https:\\\/\\\/schema.org\",\"@graph\":[{\"@type\":\"Article\",\"@id\":\"https:\\\/\\\/universoesportivo.net\\\/index.php\\\/2025\\\/06\\\/05\\\/jiu-jitsu-e-taekwondo-movimentaram-o-4o-festival-smel-petrotorque-de-artes-marciais-de-catanduva\\\/#article\",\"isPartOf\":{\"@id\":\"https:\\\/\\\/universoesportivo.net\\\/index.php\\\/2025\\\/06\\\/05\\\/jiu-jitsu-e-taekwondo-movimentaram-o-4o-festival-smel-petrotorque-de-artes-marciais-de-catanduva\\\/\"},\"author\":{\"name\":\"Tiago Lotto\",\"@id\":\"https:\\\/\\\/universoesportivo.net\\\/#\\\/schema\\\/person\\\/62bc311bc7def56a6bc83711536e74bd\"},\"headline\":\"Jiu-jitsu e taekwondo movimentaram o 4\u00ba Festival Smel\\\/Petrotorque de Artes Marciais de Catanduva\",\"datePublished\":\"2025-06-05T14:20:08+00:00\",\"mainEntityOfPage\":{\"@id\":\"https:\\\/\\\/universoesportivo.net\\\/index.php\\\/2025\\\/06\\\/05\\\/jiu-jitsu-e-taekwondo-movimentaram-o-4o-festival-smel-petrotorque-de-artes-marciais-de-catanduva\\\/\"},\"wordCount\":221,\"publisher\":{\"@id\":\"https:\\\/\\\/universoesportivo.net\\\/#organization\"},\"image\":{\"@id\":\"https:\\\/\\\/universoesportivo.net\\\/index.php\\\/2025\\\/06\\\/05\\\/jiu-jitsu-e-taekwondo-movimentaram-o-4o-festival-smel-petrotorque-de-artes-marciais-de-catanduva\\\/#primaryimage\"},\"thumbnailUrl\":\"https:\\\/\\\/universoesportivo.net\\\/wp-content\\\/uploads\\\/2025\\\/06\\\/abregandra.jpg\",\"articleSection\":[\"Artes Marciais\",\"ESPORTES\"],\"inLanguage\":\"pt-BR\"},{\"@type\":\"WebPage\",\"@id\":\"https:\\\/\\\/universoesportivo.net\\\/index.php\\\/2025\\\/06\\\/05\\\/jiu-jitsu-e-taekwondo-movimentaram-o-4o-festival-smel-petrotorque-de-artes-marciais-de-catanduva\\\/\",\"url\":\"https:\\\/\\\/universoesportivo.net\\\/index.php\\\/2025\\\/06\\\/05\\\/jiu-jitsu-e-taekwondo-movimentaram-o-4o-festival-smel-petrotorque-de-artes-marciais-de-catanduva\\\/\",\"name\":\"Jiu-jitsu e taekwondo movimentaram o 4\u00ba Festival Smel\\\/Petrotorque de Artes Marciais de Catanduva - Universo Esportivo\",\"isPartOf\":{\"@id\":\"https:\\\/\\\/universoesportivo.net\\\/#website\"},\"primaryImageOfPage\":{\"@id\":\"https:\\\/\\\/universoesportivo.net\\\/index.php\\\/2025\\\/06\\\/05\\\/jiu-jitsu-e-taekwondo-movimentaram-o-4o-festival-smel-petrotorque-de-artes-marciais-de-catanduva\\\/#primaryimage\"},\"image\":{\"@id\":\"https:\\\/\\\/universoesportivo.net\\\/index.php\\\/2025\\\/06\\\/05\\\/jiu-jitsu-e-taekwondo-movimentaram-o-4o-festival-smel-petrotorque-de-artes-marciais-de-catanduva\\\/#primaryimage\"},\"thumbnailUrl\":\"https:\\\/\\\/universoesportivo.net\\\/wp-content\\\/uploads\\\/2025\\\/06\\\/abregandra.jpg\",\"datePublished\":\"2025-06-05T14:20:08+00:00\",\"breadcrumb\":{\"@id\":\"https:\\\/\\\/universoesportivo.net\\\/index.php\\\/2025\\\/06\\\/05\\\/jiu-jitsu-e-taekwondo-movimentaram-o-4o-festival-smel-petrotorque-de-artes-marciais-de-catanduva\\\/#breadcrumb\"},\"inLanguage\":\"pt-BR\",\"potentialAction\":[{\"@type\":\"ReadAction\",\"target\":[\"https:\\\/\\\/universoesportivo.net\\\/index.php\\\/2025\\\/06\\\/05\\\/jiu-jitsu-e-taekwondo-movimentaram-o-4o-festival-smel-petrotorque-de-artes-marciais-de-catanduva\\\/\"]}]},{\"@type\":\"ImageObject\",\"inLanguage\":\"pt-BR\",\"@id\":\"https:\\\/\\\/universoesportivo.net\\\/index.php\\\/2025\\\/06\\\/05\\\/jiu-jitsu-e-taekwondo-movimentaram-o-4o-festival-smel-petrotorque-de-artes-marciais-de-catanduva\\\/#primaryimage\",\"url\":\"https:\\\/\\\/universoesportivo.net\\\/wp-content\\\/uploads\\\/2025\\\/06\\\/abregandra.jpg\",\"contentUrl\":\"https:\\\/\\\/universoesportivo.net\\\/wp-content\\\/uploads\\\/2025\\\/06\\\/abregandra.jpg\",\"width\":450,\"height\":300},{\"@type\":\"BreadcrumbList\",\"@id\":\"https:\\\/\\\/universoesportivo.net\\\/index.php\\\/2025\\\/06\\\/05\\\/jiu-jitsu-e-taekwondo-movimentaram-o-4o-festival-smel-petrotorque-de-artes-marciais-de-catanduva\\\/#breadcrumb\",\"itemListElement\":[{\"@type\":\"ListItem\",\"position\":1,\"name\":\"In\u00edcio\",\"item\":\"https:\\\/\\\/universoesportivo.net\\\/\"},{\"@type\":\"ListItem\",\"position\":2,\"name\":\"Jiu-jitsu e taekwondo movimentaram o 4\u00ba Festival Smel\\\/Petrotorque de Artes Marciais de Catanduva\"}]},{\"@type\":\"WebSite\",\"@id\":\"https:\\\/\\\/universoesportivo.net\\\/#website\",\"url\":\"https:\\\/\\\/universoesportivo.net\\\/\",\"name\":\"Universo Esportivo\",\"description\":\"O portal de todas as modalidades esportivas!\",\"publisher\":{\"@id\":\"https:\\\/\\\/universoesportivo.net\\\/#organization\"},\"alternateName\":\"Jornalista Tiago Contador Lotto\",\"potentialAction\":[{\"@type\":\"SearchAction\",\"target\":{\"@type\":\"EntryPoint\",\"urlTemplate\":\"https:\\\/\\\/universoesportivo.net\\\/?s={search_term_string}\"},\"query-input\":{\"@type\":\"PropertyValueSpecification\",\"valueRequired\":true,\"valueName\":\"search_term_string\"}}],\"inLanguage\":\"pt-BR\"},{\"@type\":\"Organization\",\"@id\":\"https:\\\/\\\/universoesportivo.net\\\/#organization\",\"name\":\"Universo Esportivo\",\"alternateName\":\"Tiago Lotto\",\"url\":\"https:\\\/\\\/universoesportivo.net\\\/\",\"logo\":{\"@type\":\"ImageObject\",\"inLanguage\":\"pt-BR\",\"@id\":\"https:\\\/\\\/universoesportivo.net\\\/#\\\/schema\\\/logo\\\/image\\\/\",\"url\":\"https:\\\/\\\/universoesportivo.net\\\/wp-content\\\/uploads\\\/2024\\\/05\\\/cropped-cropped-universo-6.png\",\"contentUrl\":\"https:\\\/\\\/universoesportivo.net\\\/wp-content\\\/uploads\\\/2024\\\/05\\\/cropped-cropped-universo-6.png\",\"width\":413,\"height\":295,\"caption\":\"Universo Esportivo\"},\"image\":{\"@id\":\"https:\\\/\\\/universoesportivo.net\\\/#\\\/schema\\\/logo\\\/image\\\/\"},\"sameAs\":[\"https:\\\/\\\/www.facebook.com\\\/universoesportivo.net\"]},{\"@type\":\"Person\",\"@id\":\"https:\\\/\\\/universoesportivo.net\\\/#\\\/schema\\\/person\\\/62bc311bc7def56a6bc83711536e74bd\",\"name\":\"Tiago Lotto\",\"image\":{\"@type\":\"ImageObject\",\"inLanguage\":\"pt-BR\",\"@id\":\"https:\\\/\\\/secure.gravatar.com\\\/avatar\\\/fd6891125b3fb6ba0b794cd20c3398d5bb0fa20d2b9963a95f19470e5a6192f7?s=96&d=mm&r=g\",\"url\":\"https:\\\/\\\/secure.gravatar.com\\\/avatar\\\/fd6891125b3fb6ba0b794cd20c3398d5bb0fa20d2b9963a95f19470e5a6192f7?s=96&d=mm&r=g\",\"contentUrl\":\"https:\\\/\\\/secure.gravatar.com\\\/avatar\\\/fd6891125b3fb6ba0b794cd20c3398d5bb0fa20d2b9963a95f19470e5a6192f7?s=96&d=mm&r=g\",\"caption\":\"Tiago Lotto\"},\"url\":\"https:\\\/\\\/universoesportivo.net\\\/index.php\\\/author\\\/tiago-lotto\\\/\"}]}<\/script>\n<!-- \/ Yoast SEO plugin. -->","yoast_head_json":{"title":"Jiu-jitsu e taekwondo movimentaram o 4\u00ba Festival Smel\/Petrotorque de Artes Marciais de Catanduva - Universo Esportivo","robots":{"index":"index","follow":"follow","max-snippet":"max-snippet:-1","max-image-preview":"max-image-preview:large","max-video-preview":"max-video-preview:-1"},"canonical":"https:\/\/universoesportivo.net\/index.php\/2025\/06\/05\/jiu-jitsu-e-taekwondo-movimentaram-o-4o-festival-smel-petrotorque-de-artes-marciais-de-catanduva\/","og_locale":"pt_BR","og_type":"article","og_title":"Jiu-jitsu e taekwondo movimentaram o 4\u00ba Festival Smel\/Petrotorque de Artes Marciais de Catanduva - Universo Esportivo","og_description":"As equipes s\u00e3o atletas da regi\u00e3o, que fazem parte de projetos sociais das duas modalidades de Ariranha, Urup\u00eas, Pindorama, Rio Preto e Engenheiro Schmidt, al\u00e9m de Catanduva.","og_url":"https:\/\/universoesportivo.net\/index.php\/2025\/06\/05\/jiu-jitsu-e-taekwondo-movimentaram-o-4o-festival-smel-petrotorque-de-artes-marciais-de-catanduva\/","og_site_name":"Universo Esportivo","article_publisher":"https:\/\/www.facebook.com\/universoesportivo.net","article_published_time":"2025-06-05T14:20:08+00:00","og_image":[{"width":450,"height":300,"url":"https:\/\/universoesportivo.net\/wp-content\/uploads\/2025\/06\/abregandra.jpg","type":"image\/jpeg"}],"author":"Tiago Lotto","twitter_card":"summary_large_image","twitter_misc":{"Escrito por":"Tiago Lotto","Est. tempo de leitura":"2 minutos"},"schema":{"@context":"https:\/\/schema.org","@graph":[{"@type":"Article","@id":"https:\/\/universoesportivo.net\/index.php\/2025\/06\/05\/jiu-jitsu-e-taekwondo-movimentaram-o-4o-festival-smel-petrotorque-de-artes-marciais-de-catanduva\/#article","isPartOf":{"@id":"https:\/\/universoesportivo.net\/index.php\/2025\/06\/05\/jiu-jitsu-e-taekwondo-movimentaram-o-4o-festival-smel-petrotorque-de-artes-marciais-de-catanduva\/"},"author":{"name":"Tiago Lotto","@id":"https:\/\/universoesportivo.net\/#\/schema\/person\/62bc311bc7def56a6bc83711536e74bd"},"headline":"Jiu-jitsu e taekwondo movimentaram o 4\u00ba Festival Smel\/Petrotorque de Artes Marciais de Catanduva","datePublished":"2025-06-05T14:20:08+00:00","mainEntityOfPage":{"@id":"https:\/\/universoesportivo.net\/index.php\/2025\/06\/05\/jiu-jitsu-e-taekwondo-movimentaram-o-4o-festival-smel-petrotorque-de-artes-marciais-de-catanduva\/"},"wordCount":221,"publisher":{"@id":"https:\/\/universoesportivo.net\/#organization"},"image":{"@id":"https:\/\/universoesportivo.net\/index.php\/2025\/06\/05\/jiu-jitsu-e-taekwondo-movimentaram-o-4o-festival-smel-petrotorque-de-artes-marciais-de-catanduva\/#primaryimage"},"thumbnailUrl":"https:\/\/universoesportivo.net\/wp-content\/uploads\/2025\/06\/abregandra.jpg","articleSection":["Artes Marciais","ESPORTES"],"inLanguage":"pt-BR"},{"@type":"WebPage","@id":"https:\/\/universoesportivo.net\/index.php\/2025\/06\/05\/jiu-jitsu-e-taekwondo-movimentaram-o-4o-festival-smel-petrotorque-de-artes-marciais-de-catanduva\/","url":"https:\/\/universoesportivo.net\/index.php\/2025\/06\/05\/jiu-jitsu-e-taekwondo-movimentaram-o-4o-festival-smel-petrotorque-de-artes-marciais-de-catanduva\/","name":"Jiu-jitsu e taekwondo movimentaram o 4\u00ba Festival Smel\/Petrotorque de Artes Marciais de Catanduva - Universo Esportivo","isPartOf":{"@id":"https:\/\/universoesportivo.net\/#website"},"primaryImageOfPage":{"@id":"https:\/\/universoesportivo.net\/index.php\/2025\/06\/05\/jiu-jitsu-e-taekwondo-movimentaram-o-4o-festival-smel-petrotorque-de-artes-marciais-de-catanduva\/#primaryimage"},"image":{"@id":"https:\/\/universoesportivo.net\/index.php\/2025\/06\/05\/jiu-jitsu-e-taekwondo-movimentaram-o-4o-festival-smel-petrotorque-de-artes-marciais-de-catanduva\/#primaryimage"},"thumbnailUrl":"https:\/\/universoesportivo.net\/wp-content\/uploads\/2025\/06\/abregandra.jpg","datePublished":"2025-06-05T14:20:08+00:00","breadcrumb":{"@id":"https:\/\/universoesportivo.net\/index.php\/2025\/06\/05\/jiu-jitsu-e-taekwondo-movimentaram-o-4o-festival-smel-petrotorque-de-artes-marciais-de-catanduva\/#breadcrumb"},"inLanguage":"pt-BR","potentialAction":[{"@type":"ReadAction","target":["https:\/\/universoesportivo.net\/index.php\/2025\/06\/05\/jiu-jitsu-e-taekwondo-movimentaram-o-4o-festival-smel-petrotorque-de-artes-marciais-de-catanduva\/"]}]},{"@type":"ImageObject","inLanguage":"pt-BR","@id":"https:\/\/universoesportivo.net\/index.php\/2025\/06\/05\/jiu-jitsu-e-taekwondo-movimentaram-o-4o-festival-smel-petrotorque-de-artes-marciais-de-catanduva\/#primaryimage","url":"https:\/\/universoesportivo.net\/wp-content\/uploads\/2025\/06\/abregandra.jpg","contentUrl":"https:\/\/universoesportivo.net\/wp-content\/uploads\/2025\/06\/abregandra.jpg","width":450,"height":300},{"@type":"BreadcrumbList","@id":"https:\/\/universoesportivo.net\/index.php\/2025\/06\/05\/jiu-jitsu-e-taekwondo-movimentaram-o-4o-festival-smel-petrotorque-de-artes-marciais-de-catanduva\/#breadcrumb","itemListElement":[{"@type":"ListItem","position":1,"name":"In\u00edcio","item":"https:\/\/universoesportivo.net\/"},{"@type":"ListItem","position":2,"name":"Jiu-jitsu e taekwondo movimentaram o 4\u00ba Festival Smel\/Petrotorque de Artes Marciais de Catanduva"}]},{"@type":"WebSite","@id":"https:\/\/universoesportivo.net\/#website","url":"https:\/\/universoesportivo.net\/","name":"Universo Esportivo","description":"O portal de todas as modalidades esportivas!","publisher":{"@id":"https:\/\/universoesportivo.net\/#organization"},"alternateName":"Jornalista Tiago Contador Lotto","potentialAction":[{"@type":"SearchAction","target":{"@type":"EntryPoint","urlTemplate":"https:\/\/universoesportivo.net\/?s={search_term_string}"},"query-input":{"@type":"PropertyValueSpecification","valueRequired":true,"valueName":"search_term_string"}}],"inLanguage":"pt-BR"},{"@type":"Organization","@id":"https:\/\/universoesportivo.net\/#organization","name":"Universo Esportivo","alternateName":"Tiago Lotto","url":"https:\/\/universoesportivo.net\/","logo":{"@type":"ImageObject","inLanguage":"pt-BR","@id":"https:\/\/universoesportivo.net\/#\/schema\/logo\/image\/","url":"https:\/\/universoesportivo.net\/wp-content\/uploads\/2024\/05\/cropped-cropped-universo-6.png","contentUrl":"https:\/\/universoesportivo.net\/wp-content\/uploads\/2024\/05\/cropped-cropped-universo-6.png","width":413,"height":295,"caption":"Universo Esportivo"},"image":{"@id":"https:\/\/universoesportivo.net\/#\/schema\/logo\/image\/"},"sameAs":["https:\/\/www.facebook.com\/universoesportivo.net"]},{"@type":"Person","@id":"https:\/\/universoesportivo.net\/#\/schema\/person\/62bc311bc7def56a6bc83711536e74bd","name":"Tiago Lotto","image":{"@type":"ImageObject","inLanguage":"pt-BR","@id":"https:\/\/secure.gravatar.com\/avatar\/fd6891125b3fb6ba0b794cd20c3398d5bb0fa20d2b9963a95f19470e5a6192f7?s=96&d=mm&r=g","url":"https:\/\/secure.gravatar.com\/avatar\/fd6891125b3fb6ba0b794cd20c3398d5bb0fa20d2b9963a95f19470e5a6192f7?s=96&d=mm&r=g","contentUrl":"https:\/\/secure.gravatar.com\/avatar\/fd6891125b3fb6ba0b794cd20c3398d5bb0fa20d2b9963a95f19470e5a6192f7?s=96&d=mm&r=g","caption":"Tiago Lotto"},"url":"https:\/\/universoesportivo.net\/index.php\/author\/tiago-lotto\/"}]}},"jetpack_featured_media_url":"https:\/\/universoesportivo.net\/wp-content\/uploads\/2025\/06\/abregandra.jpg","_links":{"self":[{"href":"https:\/\/universoesportivo.net\/index.php\/wp-json\/wp\/v2\/posts\/2151","targetHints":{"allow":["GET"]}}],"collection":[{"href":"https:\/\/universoesportivo.net\/index.php\/wp-json\/wp\/v2\/posts"}],"about":[{"href":"https:\/\/universoesportivo.net\/index.php\/wp-json\/wp\/v2\/types\/post"}],"author":[{"embeddable":true,"href":"https:\/\/universoesportivo.net\/index.php\/wp-json\/wp\/v2\/users\/2"}],"replies":[{"embeddable":true,"href":"https:\/\/universoesportivo.net\/index.php\/wp-json\/wp\/v2\/comments?post=2151"}],"version-history":[{"count":1,"href":"https:\/\/universoesportivo.net\/index.php\/wp-json\/wp\/v2\/posts\/2151\/revisions"}],"predecessor-version":[{"id":2154,"href":"https:\/\/universoesportivo.net\/index.php\/wp-json\/wp\/v2\/posts\/2151\/revisions\/2154"}],"wp:featuredmedia":[{"embeddable":true,"href":"https:\/\/universoesportivo.net\/index.php\/wp-json\/wp\/v2\/media\/2153"}],"wp:attachment":[{"href":"https:\/\/universoesportivo.net\/index.php\/wp-json\/wp\/v2\/media?parent=2151"}],"wp:term":[{"taxonomy":"category","embeddable":true,"href":"https:\/\/universoesportivo.net\/index.php\/wp-json\/wp\/v2\/categories?post=2151"},{"taxonomy":"post_tag","embeddable":true,"href":"https:\/\/universoesportivo.net\/index.php\/wp-json\/wp\/v2\/tags?post=2151"}],"curies":[{"name":"wp","href":"https:\/\/api.w.org\/{rel}","templated":true}]}}