{"id":2164,"date":"2025-06-16T19:43:02","date_gmt":"2025-06-16T22:43:02","guid":{"rendered":"https:\/\/universoesportivo.net\/?p=2164"},"modified":"2025-06-16T19:43:03","modified_gmt":"2025-06-16T22:43:03","slug":"medalha-de-ouro-jiu-jitsu-de-catanduva-e-destaque-em-competicao-realizada-em-rio-preto","status":"publish","type":"post","link":"https:\/\/universoesportivo.net\/index.php\/2025\/06\/16\/medalha-de-ouro-jiu-jitsu-de-catanduva-e-destaque-em-competicao-realizada-em-rio-preto\/","title":{"rendered":"MEDALHA DE OURO: Jiu-Jitsu de Catanduva \u00e9 destaque em competi\u00e7\u00e3o realizada em Rio Preto"},"content":{"rendered":"\n<p class=\"has-medium-font-size\">O atleta Italo Carvalho, da cidade de Catanduva, disputou no \u00faltimo domingo, 15 de junho, a Etapa S\u00e3o Jos\u00e9 do Rio Preto do Circuito Interior de Jiu-Jitsu, competi\u00e7\u00e3o que reuniu mais de 1.400 atletas de diferentes cidades.<\/p>\n\n\n\n<p class=\"has-medium-font-size\">Com apenas 12 anos de idade, Italo conquistou ouro na categoria Infanto A \u2013 36.200 O jovem, que \u00e9 da Equipe de Jiu-Jitsu L\u00e9o Marque, de Catanduva, treina com o professor e tamb\u00e9m atleta Mateus Rodrigues, da SMEL \u2013 Secretaria Municipal de Esportes e Lazer de Catanduva.<\/p>\n\n\n\n<p class=\"has-medium-font-size\">\u201cO Italo vem se destacando em toda competi\u00e7\u00e3o que disputa e isso \u00e9 fruto de um trabalho que estamos fazendo aos poucos para conquistas ainda maiores\u201d, frisou Mateus, professor e t\u00e9cnico do atleta.<\/p>\n\n\n\n<p class=\"has-medium-font-size\">Texto: Tiago Lotto<\/p>\n\n\n\n<p class=\"has-medium-font-size\">Foto: Divulga\u00e7\u00e3o<\/p>\n","protected":false},"excerpt":{"rendered":"<p>O atleta Italo Carvalho, da cidade de Catanduva, disputou a Etapa S\u00e3o Jos\u00e9 do Rio Preto do Circuito Interior de Jiu-Jitsu, competi\u00e7\u00e3o que reuniu mais de 1.400 atletas.<\/p>\n","protected":false},"author":2,"featured_media":2165,"comment_status":"closed","ping_status":"closed","sticky":false,"template":"","format":"standard","meta":{"colormag_page_container_layout":"default_layout","colormag_page_sidebar_layout":"default_layout","footnotes":""},"categories":[52,17],"tags":[],"class_list":["post-2164","post","type-post","status-publish","format-standard","has-post-thumbnail","hentry","category-artes-marciais","category-esportes"],"magazineBlocksPostFeaturedMedia":{"thumbnail":"https:\/\/universoesportivo.net\/wp-content\/uploads\/2025\/06\/italo-150x150.jpg","medium":"https:\/\/universoesportivo.net\/wp-content\/uploads\/2025\/06\/italo-300x288.jpg","medium_large":"https:\/\/universoesportivo.net\/wp-content\/uploads\/2025\/06\/italo-768x737.jpg","large":"https:\/\/universoesportivo.net\/wp-content\/uploads\/2025\/06\/italo.jpg","1536x1536":"https:\/\/universoesportivo.net\/wp-content\/uploads\/2025\/06\/italo.jpg","2048x2048":"https:\/\/universoesportivo.net\/wp-content\/uploads\/2025\/06\/italo.jpg","trp-custom-language-flag":"https:\/\/universoesportivo.net\/wp-content\/uploads\/2025\/06\/italo-13x12.jpg","colormag-highlighted-post":"https:\/\/universoesportivo.net\/wp-content\/uploads\/2025\/06\/italo-392x272.jpg","colormag-featured-post-medium":"https:\/\/universoesportivo.net\/wp-content\/uploads\/2025\/06\/italo-390x205.jpg","colormag-featured-post-small":"https:\/\/universoesportivo.net\/wp-content\/uploads\/2025\/06\/italo-130x90.jpg","colormag-featured-image":"https:\/\/universoesportivo.net\/wp-content\/uploads\/2025\/06\/italo-783x445.jpg","colormag-default-news":"https:\/\/universoesportivo.net\/wp-content\/uploads\/2025\/06\/italo-150x150.jpg","colormag-featured-image-large":"https:\/\/universoesportivo.net\/wp-content\/uploads\/2025\/06\/italo-783x600.jpg","colormag-elementor-block-extra-large-thumbnail":"https:\/\/universoesportivo.net\/wp-content\/uploads\/2025\/06\/italo-783x480.jpg","colormag-elementor-grid-large-thumbnail":"https:\/\/universoesportivo.net\/wp-content\/uploads\/2025\/06\/italo-600x417.jpg","colormag-elementor-grid-small-thumbnail":"https:\/\/universoesportivo.net\/wp-content\/uploads\/2025\/06\/italo-285x450.jpg","colormag-elementor-grid-medium-large-thumbnail":"https:\/\/universoesportivo.net\/wp-content\/uploads\/2025\/06\/italo-575x198.jpg"},"magazineBlocksPostAuthor":{"name":"Tiago Lotto","avatar":"https:\/\/secure.gravatar.com\/avatar\/fd6891125b3fb6ba0b794cd20c3398d5bb0fa20d2b9963a95f19470e5a6192f7?s=96&d=mm&r=g"},"magazineBlocksPostCommentsNumber":false,"magazineBlocksPostExcerpt":"O atleta Italo Carvalho, da cidade de Catanduva, disputou a Etapa S\u00e3o Jos\u00e9 do Rio Preto do Circuito Interior de Jiu-Jitsu, competi\u00e7\u00e3o que reuniu mais de 1.400 atletas.","magazineBlocksPostCategories":["Artes Marciais","ESPORTES"],"magazineBlocksPostViewCount":92,"magazineBlocksPostReadTime":1,"magazine_blocks_featured_image_url":{"full":["https:\/\/universoesportivo.net\/wp-content\/uploads\/2025\/06\/italo.jpg",783,751,false],"medium":["https:\/\/universoesportivo.net\/wp-content\/uploads\/2025\/06\/italo-300x288.jpg",300,288,true],"thumbnail":["https:\/\/universoesportivo.net\/wp-content\/uploads\/2025\/06\/italo-150x150.jpg",150,150,true]},"magazine_blocks_author":{"display_name":"Tiago Lotto","author_link":"https:\/\/universoesportivo.net\/index.php\/author\/tiago-lotto\/"},"magazine_blocks_comment":0,"magazine_blocks_author_image":"https:\/\/secure.gravatar.com\/avatar\/fd6891125b3fb6ba0b794cd20c3398d5bb0fa20d2b9963a95f19470e5a6192f7?s=96&d=mm&r=g","magazine_blocks_category":"<a href=\"#\" class=\"category-link category-link-52\">Artes Marciais<\/a> <a href=\"#\" class=\"category-link category-link-17\">ESPORTES<\/a>","yoast_head":"<!-- This site is optimized with the Yoast SEO plugin v27.4 - https:\/\/yoast.com\/product\/yoast-seo-wordpress\/ -->\n<title>MEDALHA DE OURO: Jiu-Jitsu de Catanduva \u00e9 destaque em competi\u00e7\u00e3o realizada em Rio Preto - Universo Esportivo<\/title>\n<meta name=\"robots\" content=\"index, follow, max-snippet:-1, max-image-preview:large, max-video-preview:-1\" \/>\n<link rel=\"canonical\" href=\"https:\/\/universoesportivo.net\/index.php\/2025\/06\/16\/medalha-de-ouro-jiu-jitsu-de-catanduva-e-destaque-em-competicao-realizada-em-rio-preto\/\" \/>\n<meta property=\"og:locale\" content=\"pt_BR\" \/>\n<meta property=\"og:type\" content=\"article\" \/>\n<meta property=\"og:title\" content=\"MEDALHA DE OURO: Jiu-Jitsu de Catanduva \u00e9 destaque em competi\u00e7\u00e3o realizada em Rio Preto - Universo Esportivo\" \/>\n<meta property=\"og:description\" content=\"O atleta Italo Carvalho, da cidade de Catanduva, disputou a Etapa S\u00e3o Jos\u00e9 do Rio Preto do Circuito Interior de Jiu-Jitsu, competi\u00e7\u00e3o que reuniu mais de 1.400 atletas.\" \/>\n<meta property=\"og:url\" content=\"https:\/\/universoesportivo.net\/index.php\/2025\/06\/16\/medalha-de-ouro-jiu-jitsu-de-catanduva-e-destaque-em-competicao-realizada-em-rio-preto\/\" \/>\n<meta property=\"og:site_name\" content=\"Universo Esportivo\" \/>\n<meta property=\"article:publisher\" content=\"https:\/\/www.facebook.com\/universoesportivo.net\" \/>\n<meta property=\"article:published_time\" content=\"2025-06-16T22:43:02+00:00\" \/>\n<meta property=\"article:modified_time\" content=\"2025-06-16T22:43:03+00:00\" \/>\n<meta property=\"og:image\" content=\"https:\/\/universoesportivo.net\/wp-content\/uploads\/2025\/06\/italo.jpg\" \/>\n\t<meta property=\"og:image:width\" content=\"783\" \/>\n\t<meta property=\"og:image:height\" content=\"751\" \/>\n\t<meta property=\"og:image:type\" content=\"image\/jpeg\" \/>\n<meta name=\"author\" content=\"Tiago Lotto\" \/>\n<meta name=\"twitter:card\" content=\"summary_large_image\" \/>\n<meta name=\"twitter:label1\" content=\"Escrito por\" \/>\n\t<meta name=\"twitter:data1\" content=\"Tiago Lotto\" \/>\n\t<meta name=\"twitter:label2\" content=\"Est. tempo de leitura\" \/>\n\t<meta name=\"twitter:data2\" content=\"1 minuto\" \/>\n<script type=\"application\/ld+json\" class=\"yoast-schema-graph\">{\"@context\":\"https:\\\/\\\/schema.org\",\"@graph\":[{\"@type\":\"Article\",\"@id\":\"https:\\\/\\\/universoesportivo.net\\\/index.php\\\/2025\\\/06\\\/16\\\/medalha-de-ouro-jiu-jitsu-de-catanduva-e-destaque-em-competicao-realizada-em-rio-preto\\\/#article\",\"isPartOf\":{\"@id\":\"https:\\\/\\\/universoesportivo.net\\\/index.php\\\/2025\\\/06\\\/16\\\/medalha-de-ouro-jiu-jitsu-de-catanduva-e-destaque-em-competicao-realizada-em-rio-preto\\\/\"},\"author\":{\"name\":\"Tiago Lotto\",\"@id\":\"https:\\\/\\\/universoesportivo.net\\\/#\\\/schema\\\/person\\\/62bc311bc7def56a6bc83711536e74bd\"},\"headline\":\"MEDALHA DE OURO: Jiu-Jitsu de Catanduva \u00e9 destaque em competi\u00e7\u00e3o realizada em Rio Preto\",\"datePublished\":\"2025-06-16T22:43:02+00:00\",\"dateModified\":\"2025-06-16T22:43:03+00:00\",\"mainEntityOfPage\":{\"@id\":\"https:\\\/\\\/universoesportivo.net\\\/index.php\\\/2025\\\/06\\\/16\\\/medalha-de-ouro-jiu-jitsu-de-catanduva-e-destaque-em-competicao-realizada-em-rio-preto\\\/\"},\"wordCount\":135,\"publisher\":{\"@id\":\"https:\\\/\\\/universoesportivo.net\\\/#organization\"},\"image\":{\"@id\":\"https:\\\/\\\/universoesportivo.net\\\/index.php\\\/2025\\\/06\\\/16\\\/medalha-de-ouro-jiu-jitsu-de-catanduva-e-destaque-em-competicao-realizada-em-rio-preto\\\/#primaryimage\"},\"thumbnailUrl\":\"https:\\\/\\\/universoesportivo.net\\\/wp-content\\\/uploads\\\/2025\\\/06\\\/italo.jpg\",\"articleSection\":[\"Artes Marciais\",\"ESPORTES\"],\"inLanguage\":\"pt-BR\"},{\"@type\":\"WebPage\",\"@id\":\"https:\\\/\\\/universoesportivo.net\\\/index.php\\\/2025\\\/06\\\/16\\\/medalha-de-ouro-jiu-jitsu-de-catanduva-e-destaque-em-competicao-realizada-em-rio-preto\\\/\",\"url\":\"https:\\\/\\\/universoesportivo.net\\\/index.php\\\/2025\\\/06\\\/16\\\/medalha-de-ouro-jiu-jitsu-de-catanduva-e-destaque-em-competicao-realizada-em-rio-preto\\\/\",\"name\":\"MEDALHA DE OURO: Jiu-Jitsu de Catanduva \u00e9 destaque em competi\u00e7\u00e3o realizada em Rio Preto - Universo Esportivo\",\"isPartOf\":{\"@id\":\"https:\\\/\\\/universoesportivo.net\\\/#website\"},\"primaryImageOfPage\":{\"@id\":\"https:\\\/\\\/universoesportivo.net\\\/index.php\\\/2025\\\/06\\\/16\\\/medalha-de-ouro-jiu-jitsu-de-catanduva-e-destaque-em-competicao-realizada-em-rio-preto\\\/#primaryimage\"},\"image\":{\"@id\":\"https:\\\/\\\/universoesportivo.net\\\/index.php\\\/2025\\\/06\\\/16\\\/medalha-de-ouro-jiu-jitsu-de-catanduva-e-destaque-em-competicao-realizada-em-rio-preto\\\/#primaryimage\"},\"thumbnailUrl\":\"https:\\\/\\\/universoesportivo.net\\\/wp-content\\\/uploads\\\/2025\\\/06\\\/italo.jpg\",\"datePublished\":\"2025-06-16T22:43:02+00:00\",\"dateModified\":\"2025-06-16T22:43:03+00:00\",\"breadcrumb\":{\"@id\":\"https:\\\/\\\/universoesportivo.net\\\/index.php\\\/2025\\\/06\\\/16\\\/medalha-de-ouro-jiu-jitsu-de-catanduva-e-destaque-em-competicao-realizada-em-rio-preto\\\/#breadcrumb\"},\"inLanguage\":\"pt-BR\",\"potentialAction\":[{\"@type\":\"ReadAction\",\"target\":[\"https:\\\/\\\/universoesportivo.net\\\/index.php\\\/2025\\\/06\\\/16\\\/medalha-de-ouro-jiu-jitsu-de-catanduva-e-destaque-em-competicao-realizada-em-rio-preto\\\/\"]}]},{\"@type\":\"ImageObject\",\"inLanguage\":\"pt-BR\",\"@id\":\"https:\\\/\\\/universoesportivo.net\\\/index.php\\\/2025\\\/06\\\/16\\\/medalha-de-ouro-jiu-jitsu-de-catanduva-e-destaque-em-competicao-realizada-em-rio-preto\\\/#primaryimage\",\"url\":\"https:\\\/\\\/universoesportivo.net\\\/wp-content\\\/uploads\\\/2025\\\/06\\\/italo.jpg\",\"contentUrl\":\"https:\\\/\\\/universoesportivo.net\\\/wp-content\\\/uploads\\\/2025\\\/06\\\/italo.jpg\",\"width\":783,\"height\":751},{\"@type\":\"BreadcrumbList\",\"@id\":\"https:\\\/\\\/universoesportivo.net\\\/index.php\\\/2025\\\/06\\\/16\\\/medalha-de-ouro-jiu-jitsu-de-catanduva-e-destaque-em-competicao-realizada-em-rio-preto\\\/#breadcrumb\",\"itemListElement\":[{\"@type\":\"ListItem\",\"position\":1,\"name\":\"In\u00edcio\",\"item\":\"https:\\\/\\\/universoesportivo.net\\\/\"},{\"@type\":\"ListItem\",\"position\":2,\"name\":\"MEDALHA DE OURO: Jiu-Jitsu de Catanduva \u00e9 destaque em competi\u00e7\u00e3o realizada em Rio Preto\"}]},{\"@type\":\"WebSite\",\"@id\":\"https:\\\/\\\/universoesportivo.net\\\/#website\",\"url\":\"https:\\\/\\\/universoesportivo.net\\\/\",\"name\":\"Universo Esportivo\",\"description\":\"O portal de todas as modalidades esportivas!\",\"publisher\":{\"@id\":\"https:\\\/\\\/universoesportivo.net\\\/#organization\"},\"alternateName\":\"Jornalista Tiago Contador Lotto\",\"potentialAction\":[{\"@type\":\"SearchAction\",\"target\":{\"@type\":\"EntryPoint\",\"urlTemplate\":\"https:\\\/\\\/universoesportivo.net\\\/?s={search_term_string}\"},\"query-input\":{\"@type\":\"PropertyValueSpecification\",\"valueRequired\":true,\"valueName\":\"search_term_string\"}}],\"inLanguage\":\"pt-BR\"},{\"@type\":\"Organization\",\"@id\":\"https:\\\/\\\/universoesportivo.net\\\/#organization\",\"name\":\"Universo Esportivo\",\"alternateName\":\"Tiago Lotto\",\"url\":\"https:\\\/\\\/universoesportivo.net\\\/\",\"logo\":{\"@type\":\"ImageObject\",\"inLanguage\":\"pt-BR\",\"@id\":\"https:\\\/\\\/universoesportivo.net\\\/#\\\/schema\\\/logo\\\/image\\\/\",\"url\":\"https:\\\/\\\/universoesportivo.net\\\/wp-content\\\/uploads\\\/2024\\\/05\\\/cropped-cropped-universo-6.png\",\"contentUrl\":\"https:\\\/\\\/universoesportivo.net\\\/wp-content\\\/uploads\\\/2024\\\/05\\\/cropped-cropped-universo-6.png\",\"width\":413,\"height\":295,\"caption\":\"Universo Esportivo\"},\"image\":{\"@id\":\"https:\\\/\\\/universoesportivo.net\\\/#\\\/schema\\\/logo\\\/image\\\/\"},\"sameAs\":[\"https:\\\/\\\/www.facebook.com\\\/universoesportivo.net\"]},{\"@type\":\"Person\",\"@id\":\"https:\\\/\\\/universoesportivo.net\\\/#\\\/schema\\\/person\\\/62bc311bc7def56a6bc83711536e74bd\",\"name\":\"Tiago Lotto\",\"image\":{\"@type\":\"ImageObject\",\"inLanguage\":\"pt-BR\",\"@id\":\"https:\\\/\\\/secure.gravatar.com\\\/avatar\\\/fd6891125b3fb6ba0b794cd20c3398d5bb0fa20d2b9963a95f19470e5a6192f7?s=96&d=mm&r=g\",\"url\":\"https:\\\/\\\/secure.gravatar.com\\\/avatar\\\/fd6891125b3fb6ba0b794cd20c3398d5bb0fa20d2b9963a95f19470e5a6192f7?s=96&d=mm&r=g\",\"contentUrl\":\"https:\\\/\\\/secure.gravatar.com\\\/avatar\\\/fd6891125b3fb6ba0b794cd20c3398d5bb0fa20d2b9963a95f19470e5a6192f7?s=96&d=mm&r=g\",\"caption\":\"Tiago Lotto\"},\"url\":\"https:\\\/\\\/universoesportivo.net\\\/index.php\\\/author\\\/tiago-lotto\\\/\"}]}<\/script>\n<!-- \/ Yoast SEO plugin. -->","yoast_head_json":{"title":"MEDALHA DE OURO: Jiu-Jitsu de Catanduva \u00e9 destaque em competi\u00e7\u00e3o realizada em Rio Preto - Universo Esportivo","robots":{"index":"index","follow":"follow","max-snippet":"max-snippet:-1","max-image-preview":"max-image-preview:large","max-video-preview":"max-video-preview:-1"},"canonical":"https:\/\/universoesportivo.net\/index.php\/2025\/06\/16\/medalha-de-ouro-jiu-jitsu-de-catanduva-e-destaque-em-competicao-realizada-em-rio-preto\/","og_locale":"pt_BR","og_type":"article","og_title":"MEDALHA DE OURO: Jiu-Jitsu de Catanduva \u00e9 destaque em competi\u00e7\u00e3o realizada em Rio Preto - Universo Esportivo","og_description":"O atleta Italo Carvalho, da cidade de Catanduva, disputou a Etapa S\u00e3o Jos\u00e9 do Rio Preto do Circuito Interior de Jiu-Jitsu, competi\u00e7\u00e3o que reuniu mais de 1.400 atletas.","og_url":"https:\/\/universoesportivo.net\/index.php\/2025\/06\/16\/medalha-de-ouro-jiu-jitsu-de-catanduva-e-destaque-em-competicao-realizada-em-rio-preto\/","og_site_name":"Universo Esportivo","article_publisher":"https:\/\/www.facebook.com\/universoesportivo.net","article_published_time":"2025-06-16T22:43:02+00:00","article_modified_time":"2025-06-16T22:43:03+00:00","og_image":[{"width":783,"height":751,"url":"https:\/\/universoesportivo.net\/wp-content\/uploads\/2025\/06\/italo.jpg","type":"image\/jpeg"}],"author":"Tiago Lotto","twitter_card":"summary_large_image","twitter_misc":{"Escrito por":"Tiago Lotto","Est. tempo de leitura":"1 minuto"},"schema":{"@context":"https:\/\/schema.org","@graph":[{"@type":"Article","@id":"https:\/\/universoesportivo.net\/index.php\/2025\/06\/16\/medalha-de-ouro-jiu-jitsu-de-catanduva-e-destaque-em-competicao-realizada-em-rio-preto\/#article","isPartOf":{"@id":"https:\/\/universoesportivo.net\/index.php\/2025\/06\/16\/medalha-de-ouro-jiu-jitsu-de-catanduva-e-destaque-em-competicao-realizada-em-rio-preto\/"},"author":{"name":"Tiago Lotto","@id":"https:\/\/universoesportivo.net\/#\/schema\/person\/62bc311bc7def56a6bc83711536e74bd"},"headline":"MEDALHA DE OURO: Jiu-Jitsu de Catanduva \u00e9 destaque em competi\u00e7\u00e3o realizada em Rio Preto","datePublished":"2025-06-16T22:43:02+00:00","dateModified":"2025-06-16T22:43:03+00:00","mainEntityOfPage":{"@id":"https:\/\/universoesportivo.net\/index.php\/2025\/06\/16\/medalha-de-ouro-jiu-jitsu-de-catanduva-e-destaque-em-competicao-realizada-em-rio-preto\/"},"wordCount":135,"publisher":{"@id":"https:\/\/universoesportivo.net\/#organization"},"image":{"@id":"https:\/\/universoesportivo.net\/index.php\/2025\/06\/16\/medalha-de-ouro-jiu-jitsu-de-catanduva-e-destaque-em-competicao-realizada-em-rio-preto\/#primaryimage"},"thumbnailUrl":"https:\/\/universoesportivo.net\/wp-content\/uploads\/2025\/06\/italo.jpg","articleSection":["Artes Marciais","ESPORTES"],"inLanguage":"pt-BR"},{"@type":"WebPage","@id":"https:\/\/universoesportivo.net\/index.php\/2025\/06\/16\/medalha-de-ouro-jiu-jitsu-de-catanduva-e-destaque-em-competicao-realizada-em-rio-preto\/","url":"https:\/\/universoesportivo.net\/index.php\/2025\/06\/16\/medalha-de-ouro-jiu-jitsu-de-catanduva-e-destaque-em-competicao-realizada-em-rio-preto\/","name":"MEDALHA DE OURO: Jiu-Jitsu de Catanduva \u00e9 destaque em competi\u00e7\u00e3o realizada em Rio Preto - Universo Esportivo","isPartOf":{"@id":"https:\/\/universoesportivo.net\/#website"},"primaryImageOfPage":{"@id":"https:\/\/universoesportivo.net\/index.php\/2025\/06\/16\/medalha-de-ouro-jiu-jitsu-de-catanduva-e-destaque-em-competicao-realizada-em-rio-preto\/#primaryimage"},"image":{"@id":"https:\/\/universoesportivo.net\/index.php\/2025\/06\/16\/medalha-de-ouro-jiu-jitsu-de-catanduva-e-destaque-em-competicao-realizada-em-rio-preto\/#primaryimage"},"thumbnailUrl":"https:\/\/universoesportivo.net\/wp-content\/uploads\/2025\/06\/italo.jpg","datePublished":"2025-06-16T22:43:02+00:00","dateModified":"2025-06-16T22:43:03+00:00","breadcrumb":{"@id":"https:\/\/universoesportivo.net\/index.php\/2025\/06\/16\/medalha-de-ouro-jiu-jitsu-de-catanduva-e-destaque-em-competicao-realizada-em-rio-preto\/#breadcrumb"},"inLanguage":"pt-BR","potentialAction":[{"@type":"ReadAction","target":["https:\/\/universoesportivo.net\/index.php\/2025\/06\/16\/medalha-de-ouro-jiu-jitsu-de-catanduva-e-destaque-em-competicao-realizada-em-rio-preto\/"]}]},{"@type":"ImageObject","inLanguage":"pt-BR","@id":"https:\/\/universoesportivo.net\/index.php\/2025\/06\/16\/medalha-de-ouro-jiu-jitsu-de-catanduva-e-destaque-em-competicao-realizada-em-rio-preto\/#primaryimage","url":"https:\/\/universoesportivo.net\/wp-content\/uploads\/2025\/06\/italo.jpg","contentUrl":"https:\/\/universoesportivo.net\/wp-content\/uploads\/2025\/06\/italo.jpg","width":783,"height":751},{"@type":"BreadcrumbList","@id":"https:\/\/universoesportivo.net\/index.php\/2025\/06\/16\/medalha-de-ouro-jiu-jitsu-de-catanduva-e-destaque-em-competicao-realizada-em-rio-preto\/#breadcrumb","itemListElement":[{"@type":"ListItem","position":1,"name":"In\u00edcio","item":"https:\/\/universoesportivo.net\/"},{"@type":"ListItem","position":2,"name":"MEDALHA DE OURO: Jiu-Jitsu de Catanduva \u00e9 destaque em competi\u00e7\u00e3o realizada em Rio Preto"}]},{"@type":"WebSite","@id":"https:\/\/universoesportivo.net\/#website","url":"https:\/\/universoesportivo.net\/","name":"Universo Esportivo","description":"O portal de todas as modalidades esportivas!","publisher":{"@id":"https:\/\/universoesportivo.net\/#organization"},"alternateName":"Jornalista Tiago Contador Lotto","potentialAction":[{"@type":"SearchAction","target":{"@type":"EntryPoint","urlTemplate":"https:\/\/universoesportivo.net\/?s={search_term_string}"},"query-input":{"@type":"PropertyValueSpecification","valueRequired":true,"valueName":"search_term_string"}}],"inLanguage":"pt-BR"},{"@type":"Organization","@id":"https:\/\/universoesportivo.net\/#organization","name":"Universo Esportivo","alternateName":"Tiago Lotto","url":"https:\/\/universoesportivo.net\/","logo":{"@type":"ImageObject","inLanguage":"pt-BR","@id":"https:\/\/universoesportivo.net\/#\/schema\/logo\/image\/","url":"https:\/\/universoesportivo.net\/wp-content\/uploads\/2024\/05\/cropped-cropped-universo-6.png","contentUrl":"https:\/\/universoesportivo.net\/wp-content\/uploads\/2024\/05\/cropped-cropped-universo-6.png","width":413,"height":295,"caption":"Universo Esportivo"},"image":{"@id":"https:\/\/universoesportivo.net\/#\/schema\/logo\/image\/"},"sameAs":["https:\/\/www.facebook.com\/universoesportivo.net"]},{"@type":"Person","@id":"https:\/\/universoesportivo.net\/#\/schema\/person\/62bc311bc7def56a6bc83711536e74bd","name":"Tiago Lotto","image":{"@type":"ImageObject","inLanguage":"pt-BR","@id":"https:\/\/secure.gravatar.com\/avatar\/fd6891125b3fb6ba0b794cd20c3398d5bb0fa20d2b9963a95f19470e5a6192f7?s=96&d=mm&r=g","url":"https:\/\/secure.gravatar.com\/avatar\/fd6891125b3fb6ba0b794cd20c3398d5bb0fa20d2b9963a95f19470e5a6192f7?s=96&d=mm&r=g","contentUrl":"https:\/\/secure.gravatar.com\/avatar\/fd6891125b3fb6ba0b794cd20c3398d5bb0fa20d2b9963a95f19470e5a6192f7?s=96&d=mm&r=g","caption":"Tiago Lotto"},"url":"https:\/\/universoesportivo.net\/index.php\/author\/tiago-lotto\/"}]}},"jetpack_featured_media_url":"https:\/\/universoesportivo.net\/wp-content\/uploads\/2025\/06\/italo.jpg","_links":{"self":[{"href":"https:\/\/universoesportivo.net\/index.php\/wp-json\/wp\/v2\/posts\/2164","targetHints":{"allow":["GET"]}}],"collection":[{"href":"https:\/\/universoesportivo.net\/index.php\/wp-json\/wp\/v2\/posts"}],"about":[{"href":"https:\/\/universoesportivo.net\/index.php\/wp-json\/wp\/v2\/types\/post"}],"author":[{"embeddable":true,"href":"https:\/\/universoesportivo.net\/index.php\/wp-json\/wp\/v2\/users\/2"}],"replies":[{"embeddable":true,"href":"https:\/\/universoesportivo.net\/index.php\/wp-json\/wp\/v2\/comments?post=2164"}],"version-history":[{"count":1,"href":"https:\/\/universoesportivo.net\/index.php\/wp-json\/wp\/v2\/posts\/2164\/revisions"}],"predecessor-version":[{"id":2166,"href":"https:\/\/universoesportivo.net\/index.php\/wp-json\/wp\/v2\/posts\/2164\/revisions\/2166"}],"wp:featuredmedia":[{"embeddable":true,"href":"https:\/\/universoesportivo.net\/index.php\/wp-json\/wp\/v2\/media\/2165"}],"wp:attachment":[{"href":"https:\/\/universoesportivo.net\/index.php\/wp-json\/wp\/v2\/media?parent=2164"}],"wp:term":[{"taxonomy":"category","embeddable":true,"href":"https:\/\/universoesportivo.net\/index.php\/wp-json\/wp\/v2\/categories?post=2164"},{"taxonomy":"post_tag","embeddable":true,"href":"https:\/\/universoesportivo.net\/index.php\/wp-json\/wp\/v2\/tags?post=2164"}],"curies":[{"name":"wp","href":"https:\/\/api.w.org\/{rel}","templated":true}]}}