{"id":2174,"date":"2025-06-24T11:28:00","date_gmt":"2025-06-24T14:28:00","guid":{"rendered":"https:\/\/universoesportivo.net\/?p=2174"},"modified":"2025-06-24T11:38:09","modified_gmt":"2025-06-24T14:38:09","slug":"avaliacao-tecnica-do-club-athletico-paranaenseacontece-sabado-dia-28-de-junho-em-elisiario","status":"publish","type":"post","link":"https:\/\/universoesportivo.net\/index.php\/2025\/06\/24\/avaliacao-tecnica-do-club-athletico-paranaenseacontece-sabado-dia-28-de-junho-em-elisiario\/","title":{"rendered":"Avalia\u00e7\u00e3o T\u00e9cnica do Club Athletico Paranaense acontece s\u00e1bado, dia 28 de junho, em Elisi\u00e1rio"},"content":{"rendered":"\n<p class=\"has-medium-font-size\">Menores de 9 a 15 anos ser\u00e3o avaliados pelo Athletico Paranaense neste s\u00e1bado, dia 28 de junho, quando acontece uma avalia\u00e7\u00e3o t\u00e9cnica, o chamado \u2018peneir\u00e3o\u2019, na cidade de Elisi\u00e1rio, munic\u00edpio vizinho de Catanduva, interior de S\u00e3o Paulo.<\/p>\n\n\n\n<p class=\"has-medium-font-size\">A avalia\u00e7\u00e3o ser\u00e1 no Est\u00e1dio Municipal L\u00e1zaro Cabral, a partir das 8h. A inscri\u00e7\u00e3o \u00e9 gratuita e a \u2018peneira\u2019 \u00e9 para crian\u00e7as nascidas a partir de 2010 at\u00e9 2016.<\/p>\n\n\n\n<p class=\"has-medium-font-size\">\u201cEssa peneira \u00e9 sua chance de mostrar todo o seu talento e dar o primeiro passo rumo a uma carreira profissional no futebol. O Athletico PR conta com uma excelente estrutura, principalmente em suas categorias de base\u201d, disse o Diretor de Esportes da Prefeitura de Elisi\u00e1rio, Adimar Alves de Morais, o Duma.<\/p>\n\n\n\n<p class=\"has-medium-font-size\">\u201cTemos um ex-jogador do Fluminense, o Matheus Ferraz, que tem sua fam\u00edlia em Elisi\u00e1rio. O Matheus tem contato com v\u00e1rios clubes e nos procurou para oferecer essa oportunidade aos jovens de Elisi\u00e1rio e regi\u00e3o\u201d, explicou Duma, um dos apoiadores da avalia\u00e7\u00e3o ao lado de Marcos Pedroso, coordenador de esportes da Prefeitura de Elisi\u00e1rio.<\/p>\n\n\n\n<p class=\"has-medium-font-size\">O peneir\u00e3o que ocorre no pr\u00f3ximo dia 28 de junho tem apoio da Prefeitura Municipal de Elisi\u00e1rio e da J2MSportes. Outras informa\u00e7\u00f5es podem ser obtidas pelo fone (17) 99762-7562 (falar com Duma).<\/p>\n\n\n\n<p class=\"has-medium-font-size\">Fique atendo com os hor\u00e1rios:<\/p>\n\n\n\n<p class=\"has-medium-font-size\">8h \u2013 nascidos em 2015 e 2026<\/p>\n\n\n\n<p class=\"has-medium-font-size\">9h \u2013 nascidos em 2014<\/p>\n\n\n\n<p class=\"has-medium-font-size\">10h \u2013 nascidos em 2013<\/p>\n\n\n\n<p class=\"has-medium-font-size\">11h \u2013 nascidos em 2012<\/p>\n\n\n\n<p class=\"has-medium-font-size\">12h \u2013 nascidos em 2011<\/p>\n\n\n\n<p class=\"has-medium-font-size\">13h \u2013 nascidos em 2010<\/p>\n\n\n\n<p class=\"has-medium-font-size\">Texto: Tiago Lotto<\/p>\n\n\n\n<p class=\"has-medium-font-size\">Imagem: Divulga\u00e7\u00e3o<\/p>\n\n\n\n<figure class=\"wp-block-image\"><img fetchpriority=\"high\" decoding=\"async\" width=\"350\" height=\"437\" src=\"https:\/\/universoesportivo.net\/wp-content\/uploads\/2025\/06\/peneiraorigem1.jpg\" alt=\"\" class=\"wp-image-2175\" srcset=\"https:\/\/universoesportivo.net\/wp-content\/uploads\/2025\/06\/peneiraorigem1.jpg 350w, https:\/\/universoesportivo.net\/wp-content\/uploads\/2025\/06\/peneiraorigem1-240x300.jpg 240w, https:\/\/universoesportivo.net\/wp-content\/uploads\/2025\/06\/peneiraorigem1-10x12.jpg 10w\" sizes=\"(max-width: 350px) 100vw, 350px\" \/><\/figure>\n","protected":false},"excerpt":{"rendered":"<p>A avalia\u00e7\u00e3o ser\u00e1 no Est\u00e1dio Municipal L\u00e1zaro Cabral, em Elisi\u00e1rio, a partir das 8h. A inscri\u00e7\u00e3o \u00e9 gratuita e a \u2018peneira\u2019 \u00e9 para crian\u00e7as nascidas a partir de 2010 at\u00e9 2016. Os atletas dever\u00e3o levar chuteira e roupa de treino.<\/p>\n","protected":false},"author":2,"featured_media":2176,"comment_status":"closed","ping_status":"closed","sticky":false,"template":"","format":"standard","meta":{"colormag_page_container_layout":"default_layout","colormag_page_sidebar_layout":"default_layout","footnotes":""},"categories":[17,70],"tags":[],"class_list":["post-2174","post","type-post","status-publish","format-standard","has-post-thumbnail","hentry","category-esportes","category-futebol-de-base"],"magazineBlocksPostFeaturedMedia":{"thumbnail":"https:\/\/universoesportivo.net\/wp-content\/uploads\/2025\/06\/peneiraabre-150x150.jpg","medium":"https:\/\/universoesportivo.net\/wp-content\/uploads\/2025\/06\/peneiraabre-300x195.jpg","medium_large":"https:\/\/universoesportivo.net\/wp-content\/uploads\/2025\/06\/peneiraabre.jpg","large":"https:\/\/universoesportivo.net\/wp-content\/uploads\/2025\/06\/peneiraabre.jpg","1536x1536":"https:\/\/universoesportivo.net\/wp-content\/uploads\/2025\/06\/peneiraabre.jpg","2048x2048":"https:\/\/universoesportivo.net\/wp-content\/uploads\/2025\/06\/peneiraabre.jpg","trp-custom-language-flag":"https:\/\/universoesportivo.net\/wp-content\/uploads\/2025\/06\/peneiraabre-18x12.jpg","colormag-highlighted-post":"https:\/\/universoesportivo.net\/wp-content\/uploads\/2025\/06\/peneiraabre-392x260.jpg","colormag-featured-post-medium":"https:\/\/universoesportivo.net\/wp-content\/uploads\/2025\/06\/peneiraabre-390x205.jpg","colormag-featured-post-small":"https:\/\/universoesportivo.net\/wp-content\/uploads\/2025\/06\/peneiraabre-130x90.jpg","colormag-featured-image":"https:\/\/universoesportivo.net\/wp-content\/uploads\/2025\/06\/peneiraabre.jpg","colormag-default-news":"https:\/\/universoesportivo.net\/wp-content\/uploads\/2025\/06\/peneiraabre-150x150.jpg","colormag-featured-image-large":"https:\/\/universoesportivo.net\/wp-content\/uploads\/2025\/06\/peneiraabre.jpg","colormag-elementor-block-extra-large-thumbnail":"https:\/\/universoesportivo.net\/wp-content\/uploads\/2025\/06\/peneiraabre.jpg","colormag-elementor-grid-large-thumbnail":"https:\/\/universoesportivo.net\/wp-content\/uploads\/2025\/06\/peneiraabre.jpg","colormag-elementor-grid-small-thumbnail":"https:\/\/universoesportivo.net\/wp-content\/uploads\/2025\/06\/peneiraabre-285x260.jpg","colormag-elementor-grid-medium-large-thumbnail":"https:\/\/universoesportivo.net\/wp-content\/uploads\/2025\/06\/peneiraabre-400x198.jpg"},"magazineBlocksPostAuthor":{"name":"Tiago Lotto","avatar":"https:\/\/secure.gravatar.com\/avatar\/fd6891125b3fb6ba0b794cd20c3398d5bb0fa20d2b9963a95f19470e5a6192f7?s=96&d=mm&r=g"},"magazineBlocksPostCommentsNumber":false,"magazineBlocksPostExcerpt":"A avalia\u00e7\u00e3o ser\u00e1 no Est\u00e1dio Municipal L\u00e1zaro Cabral, em Elisi\u00e1rio, a partir das 8h. A inscri\u00e7\u00e3o \u00e9 gratuita e a \u2018peneira\u2019 \u00e9 para crian\u00e7as nascidas a partir de 2010 at\u00e9 2016. Os atletas dever\u00e3o levar chuteira e roupa de treino.\n","magazineBlocksPostCategories":["ESPORTES","Futebol de base"],"magazineBlocksPostViewCount":91,"magazineBlocksPostReadTime":2,"magazine_blocks_featured_image_url":{"full":["https:\/\/universoesportivo.net\/wp-content\/uploads\/2025\/06\/peneiraabre.jpg",400,260,false],"medium":["https:\/\/universoesportivo.net\/wp-content\/uploads\/2025\/06\/peneiraabre-300x195.jpg",300,195,true],"thumbnail":["https:\/\/universoesportivo.net\/wp-content\/uploads\/2025\/06\/peneiraabre-150x150.jpg",150,150,true]},"magazine_blocks_author":{"display_name":"Tiago Lotto","author_link":"https:\/\/universoesportivo.net\/index.php\/author\/tiago-lotto\/"},"magazine_blocks_comment":0,"magazine_blocks_author_image":"https:\/\/secure.gravatar.com\/avatar\/fd6891125b3fb6ba0b794cd20c3398d5bb0fa20d2b9963a95f19470e5a6192f7?s=96&d=mm&r=g","magazine_blocks_category":"<a href=\"#\" class=\"category-link category-link-17\">ESPORTES<\/a> <a href=\"#\" class=\"category-link category-link-70\">Futebol de base<\/a>","yoast_head":"<!-- This site is optimized with the Yoast SEO plugin v27.4 - https:\/\/yoast.com\/product\/yoast-seo-wordpress\/ -->\n<title>Avalia\u00e7\u00e3o T\u00e9cnica do Club Athletico Paranaense acontece s\u00e1bado, dia 28 de junho, em Elisi\u00e1rio - Universo Esportivo<\/title>\n<meta name=\"robots\" content=\"index, follow, max-snippet:-1, max-image-preview:large, max-video-preview:-1\" \/>\n<link rel=\"canonical\" href=\"https:\/\/universoesportivo.net\/index.php\/2025\/06\/24\/avaliacao-tecnica-do-club-athletico-paranaenseacontece-sabado-dia-28-de-junho-em-elisiario\/\" \/>\n<meta property=\"og:locale\" content=\"pt_BR\" \/>\n<meta property=\"og:type\" content=\"article\" \/>\n<meta property=\"og:title\" content=\"Avalia\u00e7\u00e3o T\u00e9cnica do Club Athletico Paranaense acontece s\u00e1bado, dia 28 de junho, em Elisi\u00e1rio - Universo Esportivo\" \/>\n<meta property=\"og:description\" content=\"A avalia\u00e7\u00e3o ser\u00e1 no Est\u00e1dio Municipal L\u00e1zaro Cabral, em Elisi\u00e1rio, a partir das 8h. A inscri\u00e7\u00e3o \u00e9 gratuita e a \u2018peneira\u2019 \u00e9 para crian\u00e7as nascidas a partir de 2010 at\u00e9 2016. Os atletas dever\u00e3o levar chuteira e roupa de treino.\" \/>\n<meta property=\"og:url\" content=\"https:\/\/universoesportivo.net\/index.php\/2025\/06\/24\/avaliacao-tecnica-do-club-athletico-paranaenseacontece-sabado-dia-28-de-junho-em-elisiario\/\" \/>\n<meta property=\"og:site_name\" content=\"Universo Esportivo\" \/>\n<meta property=\"article:publisher\" content=\"https:\/\/www.facebook.com\/universoesportivo.net\" \/>\n<meta property=\"article:published_time\" content=\"2025-06-24T14:28:00+00:00\" \/>\n<meta property=\"article:modified_time\" content=\"2025-06-24T14:38:09+00:00\" \/>\n<meta property=\"og:image\" content=\"https:\/\/universoesportivo.net\/wp-content\/uploads\/2025\/06\/peneiraabre.jpg\" \/>\n\t<meta property=\"og:image:width\" content=\"400\" \/>\n\t<meta property=\"og:image:height\" content=\"260\" \/>\n\t<meta property=\"og:image:type\" content=\"image\/jpeg\" \/>\n<meta name=\"author\" content=\"Tiago Lotto\" \/>\n<meta name=\"twitter:card\" content=\"summary_large_image\" \/>\n<meta name=\"twitter:label1\" content=\"Escrito por\" \/>\n\t<meta name=\"twitter:data1\" content=\"Tiago Lotto\" \/>\n\t<meta name=\"twitter:label2\" content=\"Est. tempo de leitura\" \/>\n\t<meta name=\"twitter:data2\" content=\"2 minutos\" \/>\n<script type=\"application\/ld+json\" class=\"yoast-schema-graph\">{\"@context\":\"https:\\\/\\\/schema.org\",\"@graph\":[{\"@type\":\"Article\",\"@id\":\"https:\\\/\\\/universoesportivo.net\\\/index.php\\\/2025\\\/06\\\/24\\\/avaliacao-tecnica-do-club-athletico-paranaenseacontece-sabado-dia-28-de-junho-em-elisiario\\\/#article\",\"isPartOf\":{\"@id\":\"https:\\\/\\\/universoesportivo.net\\\/index.php\\\/2025\\\/06\\\/24\\\/avaliacao-tecnica-do-club-athletico-paranaenseacontece-sabado-dia-28-de-junho-em-elisiario\\\/\"},\"author\":{\"name\":\"Tiago Lotto\",\"@id\":\"https:\\\/\\\/universoesportivo.net\\\/#\\\/schema\\\/person\\\/62bc311bc7def56a6bc83711536e74bd\"},\"headline\":\"Avalia\u00e7\u00e3o T\u00e9cnica do Club Athletico Paranaense acontece s\u00e1bado, dia 28 de junho, em Elisi\u00e1rio\",\"datePublished\":\"2025-06-24T14:28:00+00:00\",\"dateModified\":\"2025-06-24T14:38:09+00:00\",\"mainEntityOfPage\":{\"@id\":\"https:\\\/\\\/universoesportivo.net\\\/index.php\\\/2025\\\/06\\\/24\\\/avaliacao-tecnica-do-club-athletico-paranaenseacontece-sabado-dia-28-de-junho-em-elisiario\\\/\"},\"wordCount\":267,\"publisher\":{\"@id\":\"https:\\\/\\\/universoesportivo.net\\\/#organization\"},\"image\":{\"@id\":\"https:\\\/\\\/universoesportivo.net\\\/index.php\\\/2025\\\/06\\\/24\\\/avaliacao-tecnica-do-club-athletico-paranaenseacontece-sabado-dia-28-de-junho-em-elisiario\\\/#primaryimage\"},\"thumbnailUrl\":\"https:\\\/\\\/universoesportivo.net\\\/wp-content\\\/uploads\\\/2025\\\/06\\\/peneiraabre.jpg\",\"articleSection\":[\"ESPORTES\",\"Futebol de base\"],\"inLanguage\":\"pt-BR\"},{\"@type\":\"WebPage\",\"@id\":\"https:\\\/\\\/universoesportivo.net\\\/index.php\\\/2025\\\/06\\\/24\\\/avaliacao-tecnica-do-club-athletico-paranaenseacontece-sabado-dia-28-de-junho-em-elisiario\\\/\",\"url\":\"https:\\\/\\\/universoesportivo.net\\\/index.php\\\/2025\\\/06\\\/24\\\/avaliacao-tecnica-do-club-athletico-paranaenseacontece-sabado-dia-28-de-junho-em-elisiario\\\/\",\"name\":\"Avalia\u00e7\u00e3o T\u00e9cnica do Club Athletico Paranaense acontece s\u00e1bado, dia 28 de junho, em Elisi\u00e1rio - Universo Esportivo\",\"isPartOf\":{\"@id\":\"https:\\\/\\\/universoesportivo.net\\\/#website\"},\"primaryImageOfPage\":{\"@id\":\"https:\\\/\\\/universoesportivo.net\\\/index.php\\\/2025\\\/06\\\/24\\\/avaliacao-tecnica-do-club-athletico-paranaenseacontece-sabado-dia-28-de-junho-em-elisiario\\\/#primaryimage\"},\"image\":{\"@id\":\"https:\\\/\\\/universoesportivo.net\\\/index.php\\\/2025\\\/06\\\/24\\\/avaliacao-tecnica-do-club-athletico-paranaenseacontece-sabado-dia-28-de-junho-em-elisiario\\\/#primaryimage\"},\"thumbnailUrl\":\"https:\\\/\\\/universoesportivo.net\\\/wp-content\\\/uploads\\\/2025\\\/06\\\/peneiraabre.jpg\",\"datePublished\":\"2025-06-24T14:28:00+00:00\",\"dateModified\":\"2025-06-24T14:38:09+00:00\",\"breadcrumb\":{\"@id\":\"https:\\\/\\\/universoesportivo.net\\\/index.php\\\/2025\\\/06\\\/24\\\/avaliacao-tecnica-do-club-athletico-paranaenseacontece-sabado-dia-28-de-junho-em-elisiario\\\/#breadcrumb\"},\"inLanguage\":\"pt-BR\",\"potentialAction\":[{\"@type\":\"ReadAction\",\"target\":[\"https:\\\/\\\/universoesportivo.net\\\/index.php\\\/2025\\\/06\\\/24\\\/avaliacao-tecnica-do-club-athletico-paranaenseacontece-sabado-dia-28-de-junho-em-elisiario\\\/\"]}]},{\"@type\":\"ImageObject\",\"inLanguage\":\"pt-BR\",\"@id\":\"https:\\\/\\\/universoesportivo.net\\\/index.php\\\/2025\\\/06\\\/24\\\/avaliacao-tecnica-do-club-athletico-paranaenseacontece-sabado-dia-28-de-junho-em-elisiario\\\/#primaryimage\",\"url\":\"https:\\\/\\\/universoesportivo.net\\\/wp-content\\\/uploads\\\/2025\\\/06\\\/peneiraabre.jpg\",\"contentUrl\":\"https:\\\/\\\/universoesportivo.net\\\/wp-content\\\/uploads\\\/2025\\\/06\\\/peneiraabre.jpg\",\"width\":400,\"height\":260},{\"@type\":\"BreadcrumbList\",\"@id\":\"https:\\\/\\\/universoesportivo.net\\\/index.php\\\/2025\\\/06\\\/24\\\/avaliacao-tecnica-do-club-athletico-paranaenseacontece-sabado-dia-28-de-junho-em-elisiario\\\/#breadcrumb\",\"itemListElement\":[{\"@type\":\"ListItem\",\"position\":1,\"name\":\"In\u00edcio\",\"item\":\"https:\\\/\\\/universoesportivo.net\\\/\"},{\"@type\":\"ListItem\",\"position\":2,\"name\":\"Avalia\u00e7\u00e3o T\u00e9cnica do Club Athletico Paranaense acontece s\u00e1bado, dia 28 de junho, em Elisi\u00e1rio\"}]},{\"@type\":\"WebSite\",\"@id\":\"https:\\\/\\\/universoesportivo.net\\\/#website\",\"url\":\"https:\\\/\\\/universoesportivo.net\\\/\",\"name\":\"Universo Esportivo\",\"description\":\"O portal de todas as modalidades esportivas!\",\"publisher\":{\"@id\":\"https:\\\/\\\/universoesportivo.net\\\/#organization\"},\"alternateName\":\"Jornalista Tiago Contador Lotto\",\"potentialAction\":[{\"@type\":\"SearchAction\",\"target\":{\"@type\":\"EntryPoint\",\"urlTemplate\":\"https:\\\/\\\/universoesportivo.net\\\/?s={search_term_string}\"},\"query-input\":{\"@type\":\"PropertyValueSpecification\",\"valueRequired\":true,\"valueName\":\"search_term_string\"}}],\"inLanguage\":\"pt-BR\"},{\"@type\":\"Organization\",\"@id\":\"https:\\\/\\\/universoesportivo.net\\\/#organization\",\"name\":\"Universo Esportivo\",\"alternateName\":\"Tiago Lotto\",\"url\":\"https:\\\/\\\/universoesportivo.net\\\/\",\"logo\":{\"@type\":\"ImageObject\",\"inLanguage\":\"pt-BR\",\"@id\":\"https:\\\/\\\/universoesportivo.net\\\/#\\\/schema\\\/logo\\\/image\\\/\",\"url\":\"https:\\\/\\\/universoesportivo.net\\\/wp-content\\\/uploads\\\/2024\\\/05\\\/cropped-cropped-universo-6.png\",\"contentUrl\":\"https:\\\/\\\/universoesportivo.net\\\/wp-content\\\/uploads\\\/2024\\\/05\\\/cropped-cropped-universo-6.png\",\"width\":413,\"height\":295,\"caption\":\"Universo Esportivo\"},\"image\":{\"@id\":\"https:\\\/\\\/universoesportivo.net\\\/#\\\/schema\\\/logo\\\/image\\\/\"},\"sameAs\":[\"https:\\\/\\\/www.facebook.com\\\/universoesportivo.net\"]},{\"@type\":\"Person\",\"@id\":\"https:\\\/\\\/universoesportivo.net\\\/#\\\/schema\\\/person\\\/62bc311bc7def56a6bc83711536e74bd\",\"name\":\"Tiago Lotto\",\"image\":{\"@type\":\"ImageObject\",\"inLanguage\":\"pt-BR\",\"@id\":\"https:\\\/\\\/secure.gravatar.com\\\/avatar\\\/fd6891125b3fb6ba0b794cd20c3398d5bb0fa20d2b9963a95f19470e5a6192f7?s=96&d=mm&r=g\",\"url\":\"https:\\\/\\\/secure.gravatar.com\\\/avatar\\\/fd6891125b3fb6ba0b794cd20c3398d5bb0fa20d2b9963a95f19470e5a6192f7?s=96&d=mm&r=g\",\"contentUrl\":\"https:\\\/\\\/secure.gravatar.com\\\/avatar\\\/fd6891125b3fb6ba0b794cd20c3398d5bb0fa20d2b9963a95f19470e5a6192f7?s=96&d=mm&r=g\",\"caption\":\"Tiago Lotto\"},\"url\":\"https:\\\/\\\/universoesportivo.net\\\/index.php\\\/author\\\/tiago-lotto\\\/\"}]}<\/script>\n<!-- \/ Yoast SEO plugin. -->","yoast_head_json":{"title":"Avalia\u00e7\u00e3o T\u00e9cnica do Club Athletico Paranaense acontece s\u00e1bado, dia 28 de junho, em Elisi\u00e1rio - Universo Esportivo","robots":{"index":"index","follow":"follow","max-snippet":"max-snippet:-1","max-image-preview":"max-image-preview:large","max-video-preview":"max-video-preview:-1"},"canonical":"https:\/\/universoesportivo.net\/index.php\/2025\/06\/24\/avaliacao-tecnica-do-club-athletico-paranaenseacontece-sabado-dia-28-de-junho-em-elisiario\/","og_locale":"pt_BR","og_type":"article","og_title":"Avalia\u00e7\u00e3o T\u00e9cnica do Club Athletico Paranaense acontece s\u00e1bado, dia 28 de junho, em Elisi\u00e1rio - Universo Esportivo","og_description":"A avalia\u00e7\u00e3o ser\u00e1 no Est\u00e1dio Municipal L\u00e1zaro Cabral, em Elisi\u00e1rio, a partir das 8h. A inscri\u00e7\u00e3o \u00e9 gratuita e a \u2018peneira\u2019 \u00e9 para crian\u00e7as nascidas a partir de 2010 at\u00e9 2016. Os atletas dever\u00e3o levar chuteira e roupa de treino.","og_url":"https:\/\/universoesportivo.net\/index.php\/2025\/06\/24\/avaliacao-tecnica-do-club-athletico-paranaenseacontece-sabado-dia-28-de-junho-em-elisiario\/","og_site_name":"Universo Esportivo","article_publisher":"https:\/\/www.facebook.com\/universoesportivo.net","article_published_time":"2025-06-24T14:28:00+00:00","article_modified_time":"2025-06-24T14:38:09+00:00","og_image":[{"width":400,"height":260,"url":"https:\/\/universoesportivo.net\/wp-content\/uploads\/2025\/06\/peneiraabre.jpg","type":"image\/jpeg"}],"author":"Tiago Lotto","twitter_card":"summary_large_image","twitter_misc":{"Escrito por":"Tiago Lotto","Est. tempo de leitura":"2 minutos"},"schema":{"@context":"https:\/\/schema.org","@graph":[{"@type":"Article","@id":"https:\/\/universoesportivo.net\/index.php\/2025\/06\/24\/avaliacao-tecnica-do-club-athletico-paranaenseacontece-sabado-dia-28-de-junho-em-elisiario\/#article","isPartOf":{"@id":"https:\/\/universoesportivo.net\/index.php\/2025\/06\/24\/avaliacao-tecnica-do-club-athletico-paranaenseacontece-sabado-dia-28-de-junho-em-elisiario\/"},"author":{"name":"Tiago Lotto","@id":"https:\/\/universoesportivo.net\/#\/schema\/person\/62bc311bc7def56a6bc83711536e74bd"},"headline":"Avalia\u00e7\u00e3o T\u00e9cnica do Club Athletico Paranaense acontece s\u00e1bado, dia 28 de junho, em Elisi\u00e1rio","datePublished":"2025-06-24T14:28:00+00:00","dateModified":"2025-06-24T14:38:09+00:00","mainEntityOfPage":{"@id":"https:\/\/universoesportivo.net\/index.php\/2025\/06\/24\/avaliacao-tecnica-do-club-athletico-paranaenseacontece-sabado-dia-28-de-junho-em-elisiario\/"},"wordCount":267,"publisher":{"@id":"https:\/\/universoesportivo.net\/#organization"},"image":{"@id":"https:\/\/universoesportivo.net\/index.php\/2025\/06\/24\/avaliacao-tecnica-do-club-athletico-paranaenseacontece-sabado-dia-28-de-junho-em-elisiario\/#primaryimage"},"thumbnailUrl":"https:\/\/universoesportivo.net\/wp-content\/uploads\/2025\/06\/peneiraabre.jpg","articleSection":["ESPORTES","Futebol de base"],"inLanguage":"pt-BR"},{"@type":"WebPage","@id":"https:\/\/universoesportivo.net\/index.php\/2025\/06\/24\/avaliacao-tecnica-do-club-athletico-paranaenseacontece-sabado-dia-28-de-junho-em-elisiario\/","url":"https:\/\/universoesportivo.net\/index.php\/2025\/06\/24\/avaliacao-tecnica-do-club-athletico-paranaenseacontece-sabado-dia-28-de-junho-em-elisiario\/","name":"Avalia\u00e7\u00e3o T\u00e9cnica do Club Athletico Paranaense acontece s\u00e1bado, dia 28 de junho, em Elisi\u00e1rio - Universo Esportivo","isPartOf":{"@id":"https:\/\/universoesportivo.net\/#website"},"primaryImageOfPage":{"@id":"https:\/\/universoesportivo.net\/index.php\/2025\/06\/24\/avaliacao-tecnica-do-club-athletico-paranaenseacontece-sabado-dia-28-de-junho-em-elisiario\/#primaryimage"},"image":{"@id":"https:\/\/universoesportivo.net\/index.php\/2025\/06\/24\/avaliacao-tecnica-do-club-athletico-paranaenseacontece-sabado-dia-28-de-junho-em-elisiario\/#primaryimage"},"thumbnailUrl":"https:\/\/universoesportivo.net\/wp-content\/uploads\/2025\/06\/peneiraabre.jpg","datePublished":"2025-06-24T14:28:00+00:00","dateModified":"2025-06-24T14:38:09+00:00","breadcrumb":{"@id":"https:\/\/universoesportivo.net\/index.php\/2025\/06\/24\/avaliacao-tecnica-do-club-athletico-paranaenseacontece-sabado-dia-28-de-junho-em-elisiario\/#breadcrumb"},"inLanguage":"pt-BR","potentialAction":[{"@type":"ReadAction","target":["https:\/\/universoesportivo.net\/index.php\/2025\/06\/24\/avaliacao-tecnica-do-club-athletico-paranaenseacontece-sabado-dia-28-de-junho-em-elisiario\/"]}]},{"@type":"ImageObject","inLanguage":"pt-BR","@id":"https:\/\/universoesportivo.net\/index.php\/2025\/06\/24\/avaliacao-tecnica-do-club-athletico-paranaenseacontece-sabado-dia-28-de-junho-em-elisiario\/#primaryimage","url":"https:\/\/universoesportivo.net\/wp-content\/uploads\/2025\/06\/peneiraabre.jpg","contentUrl":"https:\/\/universoesportivo.net\/wp-content\/uploads\/2025\/06\/peneiraabre.jpg","width":400,"height":260},{"@type":"BreadcrumbList","@id":"https:\/\/universoesportivo.net\/index.php\/2025\/06\/24\/avaliacao-tecnica-do-club-athletico-paranaenseacontece-sabado-dia-28-de-junho-em-elisiario\/#breadcrumb","itemListElement":[{"@type":"ListItem","position":1,"name":"In\u00edcio","item":"https:\/\/universoesportivo.net\/"},{"@type":"ListItem","position":2,"name":"Avalia\u00e7\u00e3o T\u00e9cnica do Club Athletico Paranaense acontece s\u00e1bado, dia 28 de junho, em Elisi\u00e1rio"}]},{"@type":"WebSite","@id":"https:\/\/universoesportivo.net\/#website","url":"https:\/\/universoesportivo.net\/","name":"Universo Esportivo","description":"O portal de todas as modalidades esportivas!","publisher":{"@id":"https:\/\/universoesportivo.net\/#organization"},"alternateName":"Jornalista Tiago Contador Lotto","potentialAction":[{"@type":"SearchAction","target":{"@type":"EntryPoint","urlTemplate":"https:\/\/universoesportivo.net\/?s={search_term_string}"},"query-input":{"@type":"PropertyValueSpecification","valueRequired":true,"valueName":"search_term_string"}}],"inLanguage":"pt-BR"},{"@type":"Organization","@id":"https:\/\/universoesportivo.net\/#organization","name":"Universo Esportivo","alternateName":"Tiago Lotto","url":"https:\/\/universoesportivo.net\/","logo":{"@type":"ImageObject","inLanguage":"pt-BR","@id":"https:\/\/universoesportivo.net\/#\/schema\/logo\/image\/","url":"https:\/\/universoesportivo.net\/wp-content\/uploads\/2024\/05\/cropped-cropped-universo-6.png","contentUrl":"https:\/\/universoesportivo.net\/wp-content\/uploads\/2024\/05\/cropped-cropped-universo-6.png","width":413,"height":295,"caption":"Universo Esportivo"},"image":{"@id":"https:\/\/universoesportivo.net\/#\/schema\/logo\/image\/"},"sameAs":["https:\/\/www.facebook.com\/universoesportivo.net"]},{"@type":"Person","@id":"https:\/\/universoesportivo.net\/#\/schema\/person\/62bc311bc7def56a6bc83711536e74bd","name":"Tiago Lotto","image":{"@type":"ImageObject","inLanguage":"pt-BR","@id":"https:\/\/secure.gravatar.com\/avatar\/fd6891125b3fb6ba0b794cd20c3398d5bb0fa20d2b9963a95f19470e5a6192f7?s=96&d=mm&r=g","url":"https:\/\/secure.gravatar.com\/avatar\/fd6891125b3fb6ba0b794cd20c3398d5bb0fa20d2b9963a95f19470e5a6192f7?s=96&d=mm&r=g","contentUrl":"https:\/\/secure.gravatar.com\/avatar\/fd6891125b3fb6ba0b794cd20c3398d5bb0fa20d2b9963a95f19470e5a6192f7?s=96&d=mm&r=g","caption":"Tiago Lotto"},"url":"https:\/\/universoesportivo.net\/index.php\/author\/tiago-lotto\/"}]}},"jetpack_featured_media_url":"https:\/\/universoesportivo.net\/wp-content\/uploads\/2025\/06\/peneiraabre.jpg","_links":{"self":[{"href":"https:\/\/universoesportivo.net\/index.php\/wp-json\/wp\/v2\/posts\/2174","targetHints":{"allow":["GET"]}}],"collection":[{"href":"https:\/\/universoesportivo.net\/index.php\/wp-json\/wp\/v2\/posts"}],"about":[{"href":"https:\/\/universoesportivo.net\/index.php\/wp-json\/wp\/v2\/types\/post"}],"author":[{"embeddable":true,"href":"https:\/\/universoesportivo.net\/index.php\/wp-json\/wp\/v2\/users\/2"}],"replies":[{"embeddable":true,"href":"https:\/\/universoesportivo.net\/index.php\/wp-json\/wp\/v2\/comments?post=2174"}],"version-history":[{"count":2,"href":"https:\/\/universoesportivo.net\/index.php\/wp-json\/wp\/v2\/posts\/2174\/revisions"}],"predecessor-version":[{"id":2178,"href":"https:\/\/universoesportivo.net\/index.php\/wp-json\/wp\/v2\/posts\/2174\/revisions\/2178"}],"wp:featuredmedia":[{"embeddable":true,"href":"https:\/\/universoesportivo.net\/index.php\/wp-json\/wp\/v2\/media\/2176"}],"wp:attachment":[{"href":"https:\/\/universoesportivo.net\/index.php\/wp-json\/wp\/v2\/media?parent=2174"}],"wp:term":[{"taxonomy":"category","embeddable":true,"href":"https:\/\/universoesportivo.net\/index.php\/wp-json\/wp\/v2\/categories?post=2174"},{"taxonomy":"post_tag","embeddable":true,"href":"https:\/\/universoesportivo.net\/index.php\/wp-json\/wp\/v2\/tags?post=2174"}],"curies":[{"name":"wp","href":"https:\/\/api.w.org\/{rel}","templated":true}]}}