{"id":2183,"date":"2025-07-01T12:24:47","date_gmt":"2025-07-01T15:24:47","guid":{"rendered":"https:\/\/universoesportivo.net\/?p=2183"},"modified":"2025-07-01T17:26:51","modified_gmt":"2025-07-01T20:26:51","slug":"copa-sao-paulo-de-natacao-acontece-de-4-a-6-de-julho-em-catanduva-no-clube-de-tenis","status":"publish","type":"post","link":"https:\/\/universoesportivo.net\/index.php\/2025\/07\/01\/copa-sao-paulo-de-natacao-acontece-de-4-a-6-de-julho-em-catanduva-no-clube-de-tenis\/","title":{"rendered":"Copa S\u00e3o Paulo de Nata\u00e7\u00e3o acontece de 4 a 6 de julho em Catanduva, no Clube de T\u00eanis"},"content":{"rendered":"\n<p class=\"has-medium-font-size\">A Federa\u00e7\u00e3o Aqu\u00e1tica Paulista realiza nos dias 4, 5 e 6 de julho mais uma Copa S\u00e3o Paulo de Nata\u00e7\u00e3o, competi\u00e7\u00e3o que ser\u00e1 realizada no interior de S\u00e3o Paulo, na cidade de Catanduva, regi\u00e3o de S\u00e3o Jos\u00e9 do Rio Preto.<\/p>\n\n\n\n<p class=\"has-medium-font-size\">Com a presen\u00e7a de aproximadamente 900 atletas, o evento esportivo ser\u00e1 no Clube de T\u00eanis de Catanduva (CTC), que pela primeira vez ser\u00e1 sede da Copa, uma das competi\u00e7\u00f5es mais relevantes da modalidade para os atletas vinculados. O CTC conta com uma piscina semiol\u00edmpica.<\/p>\n\n\n\n<p class=\"has-medium-font-size\">\u201cUm evento dessa magnitude projeta nosso clube para um novo patamar no cen\u00e1rio esportivo estadual, reafirmando o compromisso do CTC com o esporte, com a excel\u00eancia e com o futuro\u201d, falou a gerente de esportes do Clube de T\u00eanis Catanduva, Mery Borsilo.<\/p>\n\n\n\n<p class=\"has-medium-font-size\">Atletas a partir de 6 anos at\u00e9 a categoria s\u00eanior ir\u00e3o competir. \u201cEstamos orgulhosos em sediar este evento, que traz muitos benef\u00edcios n\u00e3o s\u00f3 para o clube, como para a cidade. Nossos jovens atletas poder\u00e3o ver de perto grandes nadadores em a\u00e7\u00e3o, fortalecendo o esporte e incentivando os novos talentos. Haver\u00e1, ainda, uma movimenta\u00e7\u00e3o econ\u00f4mica na cidade, nos hot\u00e9is e restaurantes\u201d, frisou Mery.<\/p>\n\n\n\n<p class=\"has-medium-font-size\">As provas acontecem a partir das 8h30 de sexta-feira (4), com transmiss\u00e3o ao vivo pelo canal da FAP no Youtube. \u201cEstamos organizando tudo com muito empenho, para entregar uma competi\u00e7\u00e3o de alto n\u00edvel e mostrar a grandiosidade do nosso clube e a for\u00e7a que o esporte tem. Esperamos todos que quiserem prestigiar o evento e acompanhar nossos atletas na piscina do CTC\u201d, completou a gerente de esportes do T\u00eanis.<\/p>\n\n\n\n<p class=\"has-medium-font-size\">Informa\u00e7\u00f5es e foto: Clube de T\u00eanis de Catanduva (CTC)<\/p>\n","protected":false},"excerpt":{"rendered":"<p>Com a presen\u00e7a de aproximadamente 900 atletas, o evento esportivo ser\u00e1 no Clube de T\u00eanis de Catanduva, que pela primeira vez ser\u00e1 sede da Copa.<\/p>\n","protected":false},"author":2,"featured_media":2184,"comment_status":"closed","ping_status":"closed","sticky":false,"template":"","format":"standard","meta":{"colormag_page_container_layout":"default_layout","colormag_page_sidebar_layout":"default_layout","footnotes":""},"categories":[17,50],"tags":[],"class_list":["post-2183","post","type-post","status-publish","format-standard","has-post-thumbnail","hentry","category-esportes","category-natacao"],"magazineBlocksPostFeaturedMedia":{"thumbnail":"https:\/\/universoesportivo.net\/wp-content\/uploads\/2025\/07\/tenisdecima1-150x150.jpg","medium":"https:\/\/universoesportivo.net\/wp-content\/uploads\/2025\/07\/tenisdecima1-300x169.jpg","medium_large":"https:\/\/universoesportivo.net\/wp-content\/uploads\/2025\/07\/tenisdecima1.jpg","large":"https:\/\/universoesportivo.net\/wp-content\/uploads\/2025\/07\/tenisdecima1.jpg","1536x1536":"https:\/\/universoesportivo.net\/wp-content\/uploads\/2025\/07\/tenisdecima1.jpg","2048x2048":"https:\/\/universoesportivo.net\/wp-content\/uploads\/2025\/07\/tenisdecima1.jpg","trp-custom-language-flag":"https:\/\/universoesportivo.net\/wp-content\/uploads\/2025\/07\/tenisdecima1-18x10.jpg","colormag-highlighted-post":"https:\/\/universoesportivo.net\/wp-content\/uploads\/2025\/07\/tenisdecima1-392x253.jpg","colormag-featured-post-medium":"https:\/\/universoesportivo.net\/wp-content\/uploads\/2025\/07\/tenisdecima1-390x205.jpg","colormag-featured-post-small":"https:\/\/universoesportivo.net\/wp-content\/uploads\/2025\/07\/tenisdecima1-130x90.jpg","colormag-featured-image":"https:\/\/universoesportivo.net\/wp-content\/uploads\/2025\/07\/tenisdecima1.jpg","colormag-default-news":"https:\/\/universoesportivo.net\/wp-content\/uploads\/2025\/07\/tenisdecima1-150x150.jpg","colormag-featured-image-large":"https:\/\/universoesportivo.net\/wp-content\/uploads\/2025\/07\/tenisdecima1.jpg","colormag-elementor-block-extra-large-thumbnail":"https:\/\/universoesportivo.net\/wp-content\/uploads\/2025\/07\/tenisdecima1.jpg","colormag-elementor-grid-large-thumbnail":"https:\/\/universoesportivo.net\/wp-content\/uploads\/2025\/07\/tenisdecima1.jpg","colormag-elementor-grid-small-thumbnail":"https:\/\/universoesportivo.net\/wp-content\/uploads\/2025\/07\/tenisdecima1-285x253.jpg","colormag-elementor-grid-medium-large-thumbnail":"https:\/\/universoesportivo.net\/wp-content\/uploads\/2025\/07\/tenisdecima1-450x198.jpg"},"magazineBlocksPostAuthor":{"name":"Tiago Lotto","avatar":"https:\/\/secure.gravatar.com\/avatar\/fd6891125b3fb6ba0b794cd20c3398d5bb0fa20d2b9963a95f19470e5a6192f7?s=96&d=mm&r=g"},"magazineBlocksPostCommentsNumber":false,"magazineBlocksPostExcerpt":"Com a presen\u00e7a de aproximadamente 900 atletas, o evento esportivo ser\u00e1 no Clube de T\u00eanis de Catanduva, que pela primeira vez ser\u00e1 sede da Copa.","magazineBlocksPostCategories":["ESPORTES","Nata\u00e7\u00e3o"],"magazineBlocksPostViewCount":50,"magazineBlocksPostReadTime":2,"magazine_blocks_featured_image_url":{"full":["https:\/\/universoesportivo.net\/wp-content\/uploads\/2025\/07\/tenisdecima1.jpg",450,253,false],"medium":["https:\/\/universoesportivo.net\/wp-content\/uploads\/2025\/07\/tenisdecima1-300x169.jpg",300,169,true],"thumbnail":["https:\/\/universoesportivo.net\/wp-content\/uploads\/2025\/07\/tenisdecima1-150x150.jpg",150,150,true]},"magazine_blocks_author":{"display_name":"Tiago Lotto","author_link":"https:\/\/universoesportivo.net\/index.php\/author\/tiago-lotto\/"},"magazine_blocks_comment":0,"magazine_blocks_author_image":"https:\/\/secure.gravatar.com\/avatar\/fd6891125b3fb6ba0b794cd20c3398d5bb0fa20d2b9963a95f19470e5a6192f7?s=96&d=mm&r=g","magazine_blocks_category":"<a href=\"#\" class=\"category-link category-link-17\">ESPORTES<\/a> <a href=\"#\" class=\"category-link category-link-50\">Nata\u00e7\u00e3o<\/a>","yoast_head":"<!-- This site is optimized with the Yoast SEO plugin v27.4 - https:\/\/yoast.com\/product\/yoast-seo-wordpress\/ -->\n<title>Copa S\u00e3o Paulo de Nata\u00e7\u00e3o acontece de 4 a 6 de julho em Catanduva, no Clube de T\u00eanis - Universo Esportivo<\/title>\n<meta name=\"robots\" content=\"index, follow, max-snippet:-1, max-image-preview:large, max-video-preview:-1\" \/>\n<link rel=\"canonical\" href=\"https:\/\/universoesportivo.net\/index.php\/2025\/07\/01\/copa-sao-paulo-de-natacao-acontece-de-4-a-6-de-julho-em-catanduva-no-clube-de-tenis\/\" \/>\n<meta property=\"og:locale\" content=\"pt_BR\" \/>\n<meta property=\"og:type\" content=\"article\" \/>\n<meta property=\"og:title\" content=\"Copa S\u00e3o Paulo de Nata\u00e7\u00e3o acontece de 4 a 6 de julho em Catanduva, no Clube de T\u00eanis - Universo Esportivo\" \/>\n<meta property=\"og:description\" content=\"Com a presen\u00e7a de aproximadamente 900 atletas, o evento esportivo ser\u00e1 no Clube de T\u00eanis de Catanduva, que pela primeira vez ser\u00e1 sede da Copa.\" \/>\n<meta property=\"og:url\" content=\"https:\/\/universoesportivo.net\/index.php\/2025\/07\/01\/copa-sao-paulo-de-natacao-acontece-de-4-a-6-de-julho-em-catanduva-no-clube-de-tenis\/\" \/>\n<meta property=\"og:site_name\" content=\"Universo Esportivo\" \/>\n<meta property=\"article:publisher\" content=\"https:\/\/www.facebook.com\/universoesportivo.net\" \/>\n<meta property=\"article:published_time\" content=\"2025-07-01T15:24:47+00:00\" \/>\n<meta property=\"article:modified_time\" content=\"2025-07-01T20:26:51+00:00\" \/>\n<meta property=\"og:image\" content=\"https:\/\/universoesportivo.net\/wp-content\/uploads\/2025\/07\/tenisdecima1.jpg\" \/>\n\t<meta property=\"og:image:width\" content=\"450\" \/>\n\t<meta property=\"og:image:height\" content=\"253\" \/>\n\t<meta property=\"og:image:type\" content=\"image\/jpeg\" \/>\n<meta name=\"author\" content=\"Tiago Lotto\" \/>\n<meta name=\"twitter:card\" content=\"summary_large_image\" \/>\n<meta name=\"twitter:label1\" content=\"Escrito por\" \/>\n\t<meta name=\"twitter:data1\" content=\"Tiago Lotto\" \/>\n\t<meta name=\"twitter:label2\" content=\"Est. tempo de leitura\" \/>\n\t<meta name=\"twitter:data2\" content=\"2 minutos\" \/>\n<script type=\"application\/ld+json\" class=\"yoast-schema-graph\">{\"@context\":\"https:\\\/\\\/schema.org\",\"@graph\":[{\"@type\":\"Article\",\"@id\":\"https:\\\/\\\/universoesportivo.net\\\/index.php\\\/2025\\\/07\\\/01\\\/copa-sao-paulo-de-natacao-acontece-de-4-a-6-de-julho-em-catanduva-no-clube-de-tenis\\\/#article\",\"isPartOf\":{\"@id\":\"https:\\\/\\\/universoesportivo.net\\\/index.php\\\/2025\\\/07\\\/01\\\/copa-sao-paulo-de-natacao-acontece-de-4-a-6-de-julho-em-catanduva-no-clube-de-tenis\\\/\"},\"author\":{\"name\":\"Tiago Lotto\",\"@id\":\"https:\\\/\\\/universoesportivo.net\\\/#\\\/schema\\\/person\\\/62bc311bc7def56a6bc83711536e74bd\"},\"headline\":\"Copa S\u00e3o Paulo de Nata\u00e7\u00e3o acontece de 4 a 6 de julho em Catanduva, no Clube de T\u00eanis\",\"datePublished\":\"2025-07-01T15:24:47+00:00\",\"dateModified\":\"2025-07-01T20:26:51+00:00\",\"mainEntityOfPage\":{\"@id\":\"https:\\\/\\\/universoesportivo.net\\\/index.php\\\/2025\\\/07\\\/01\\\/copa-sao-paulo-de-natacao-acontece-de-4-a-6-de-julho-em-catanduva-no-clube-de-tenis\\\/\"},\"wordCount\":311,\"publisher\":{\"@id\":\"https:\\\/\\\/universoesportivo.net\\\/#organization\"},\"image\":{\"@id\":\"https:\\\/\\\/universoesportivo.net\\\/index.php\\\/2025\\\/07\\\/01\\\/copa-sao-paulo-de-natacao-acontece-de-4-a-6-de-julho-em-catanduva-no-clube-de-tenis\\\/#primaryimage\"},\"thumbnailUrl\":\"https:\\\/\\\/universoesportivo.net\\\/wp-content\\\/uploads\\\/2025\\\/07\\\/tenisdecima1.jpg\",\"articleSection\":[\"ESPORTES\",\"Nata\u00e7\u00e3o\"],\"inLanguage\":\"pt-BR\"},{\"@type\":\"WebPage\",\"@id\":\"https:\\\/\\\/universoesportivo.net\\\/index.php\\\/2025\\\/07\\\/01\\\/copa-sao-paulo-de-natacao-acontece-de-4-a-6-de-julho-em-catanduva-no-clube-de-tenis\\\/\",\"url\":\"https:\\\/\\\/universoesportivo.net\\\/index.php\\\/2025\\\/07\\\/01\\\/copa-sao-paulo-de-natacao-acontece-de-4-a-6-de-julho-em-catanduva-no-clube-de-tenis\\\/\",\"name\":\"Copa S\u00e3o Paulo de Nata\u00e7\u00e3o acontece de 4 a 6 de julho em Catanduva, no Clube de T\u00eanis - Universo Esportivo\",\"isPartOf\":{\"@id\":\"https:\\\/\\\/universoesportivo.net\\\/#website\"},\"primaryImageOfPage\":{\"@id\":\"https:\\\/\\\/universoesportivo.net\\\/index.php\\\/2025\\\/07\\\/01\\\/copa-sao-paulo-de-natacao-acontece-de-4-a-6-de-julho-em-catanduva-no-clube-de-tenis\\\/#primaryimage\"},\"image\":{\"@id\":\"https:\\\/\\\/universoesportivo.net\\\/index.php\\\/2025\\\/07\\\/01\\\/copa-sao-paulo-de-natacao-acontece-de-4-a-6-de-julho-em-catanduva-no-clube-de-tenis\\\/#primaryimage\"},\"thumbnailUrl\":\"https:\\\/\\\/universoesportivo.net\\\/wp-content\\\/uploads\\\/2025\\\/07\\\/tenisdecima1.jpg\",\"datePublished\":\"2025-07-01T15:24:47+00:00\",\"dateModified\":\"2025-07-01T20:26:51+00:00\",\"breadcrumb\":{\"@id\":\"https:\\\/\\\/universoesportivo.net\\\/index.php\\\/2025\\\/07\\\/01\\\/copa-sao-paulo-de-natacao-acontece-de-4-a-6-de-julho-em-catanduva-no-clube-de-tenis\\\/#breadcrumb\"},\"inLanguage\":\"pt-BR\",\"potentialAction\":[{\"@type\":\"ReadAction\",\"target\":[\"https:\\\/\\\/universoesportivo.net\\\/index.php\\\/2025\\\/07\\\/01\\\/copa-sao-paulo-de-natacao-acontece-de-4-a-6-de-julho-em-catanduva-no-clube-de-tenis\\\/\"]}]},{\"@type\":\"ImageObject\",\"inLanguage\":\"pt-BR\",\"@id\":\"https:\\\/\\\/universoesportivo.net\\\/index.php\\\/2025\\\/07\\\/01\\\/copa-sao-paulo-de-natacao-acontece-de-4-a-6-de-julho-em-catanduva-no-clube-de-tenis\\\/#primaryimage\",\"url\":\"https:\\\/\\\/universoesportivo.net\\\/wp-content\\\/uploads\\\/2025\\\/07\\\/tenisdecima1.jpg\",\"contentUrl\":\"https:\\\/\\\/universoesportivo.net\\\/wp-content\\\/uploads\\\/2025\\\/07\\\/tenisdecima1.jpg\",\"width\":450,\"height\":253},{\"@type\":\"BreadcrumbList\",\"@id\":\"https:\\\/\\\/universoesportivo.net\\\/index.php\\\/2025\\\/07\\\/01\\\/copa-sao-paulo-de-natacao-acontece-de-4-a-6-de-julho-em-catanduva-no-clube-de-tenis\\\/#breadcrumb\",\"itemListElement\":[{\"@type\":\"ListItem\",\"position\":1,\"name\":\"In\u00edcio\",\"item\":\"https:\\\/\\\/universoesportivo.net\\\/\"},{\"@type\":\"ListItem\",\"position\":2,\"name\":\"Copa S\u00e3o Paulo de Nata\u00e7\u00e3o acontece de 4 a 6 de julho em Catanduva, no Clube de T\u00eanis\"}]},{\"@type\":\"WebSite\",\"@id\":\"https:\\\/\\\/universoesportivo.net\\\/#website\",\"url\":\"https:\\\/\\\/universoesportivo.net\\\/\",\"name\":\"Universo Esportivo\",\"description\":\"O portal de todas as modalidades esportivas!\",\"publisher\":{\"@id\":\"https:\\\/\\\/universoesportivo.net\\\/#organization\"},\"alternateName\":\"Jornalista Tiago Contador Lotto\",\"potentialAction\":[{\"@type\":\"SearchAction\",\"target\":{\"@type\":\"EntryPoint\",\"urlTemplate\":\"https:\\\/\\\/universoesportivo.net\\\/?s={search_term_string}\"},\"query-input\":{\"@type\":\"PropertyValueSpecification\",\"valueRequired\":true,\"valueName\":\"search_term_string\"}}],\"inLanguage\":\"pt-BR\"},{\"@type\":\"Organization\",\"@id\":\"https:\\\/\\\/universoesportivo.net\\\/#organization\",\"name\":\"Universo Esportivo\",\"alternateName\":\"Tiago Lotto\",\"url\":\"https:\\\/\\\/universoesportivo.net\\\/\",\"logo\":{\"@type\":\"ImageObject\",\"inLanguage\":\"pt-BR\",\"@id\":\"https:\\\/\\\/universoesportivo.net\\\/#\\\/schema\\\/logo\\\/image\\\/\",\"url\":\"https:\\\/\\\/universoesportivo.net\\\/wp-content\\\/uploads\\\/2024\\\/05\\\/cropped-cropped-universo-6.png\",\"contentUrl\":\"https:\\\/\\\/universoesportivo.net\\\/wp-content\\\/uploads\\\/2024\\\/05\\\/cropped-cropped-universo-6.png\",\"width\":413,\"height\":295,\"caption\":\"Universo Esportivo\"},\"image\":{\"@id\":\"https:\\\/\\\/universoesportivo.net\\\/#\\\/schema\\\/logo\\\/image\\\/\"},\"sameAs\":[\"https:\\\/\\\/www.facebook.com\\\/universoesportivo.net\"]},{\"@type\":\"Person\",\"@id\":\"https:\\\/\\\/universoesportivo.net\\\/#\\\/schema\\\/person\\\/62bc311bc7def56a6bc83711536e74bd\",\"name\":\"Tiago Lotto\",\"image\":{\"@type\":\"ImageObject\",\"inLanguage\":\"pt-BR\",\"@id\":\"https:\\\/\\\/secure.gravatar.com\\\/avatar\\\/fd6891125b3fb6ba0b794cd20c3398d5bb0fa20d2b9963a95f19470e5a6192f7?s=96&d=mm&r=g\",\"url\":\"https:\\\/\\\/secure.gravatar.com\\\/avatar\\\/fd6891125b3fb6ba0b794cd20c3398d5bb0fa20d2b9963a95f19470e5a6192f7?s=96&d=mm&r=g\",\"contentUrl\":\"https:\\\/\\\/secure.gravatar.com\\\/avatar\\\/fd6891125b3fb6ba0b794cd20c3398d5bb0fa20d2b9963a95f19470e5a6192f7?s=96&d=mm&r=g\",\"caption\":\"Tiago Lotto\"},\"url\":\"https:\\\/\\\/universoesportivo.net\\\/index.php\\\/author\\\/tiago-lotto\\\/\"}]}<\/script>\n<!-- \/ Yoast SEO plugin. -->","yoast_head_json":{"title":"Copa S\u00e3o Paulo de Nata\u00e7\u00e3o acontece de 4 a 6 de julho em Catanduva, no Clube de T\u00eanis - Universo Esportivo","robots":{"index":"index","follow":"follow","max-snippet":"max-snippet:-1","max-image-preview":"max-image-preview:large","max-video-preview":"max-video-preview:-1"},"canonical":"https:\/\/universoesportivo.net\/index.php\/2025\/07\/01\/copa-sao-paulo-de-natacao-acontece-de-4-a-6-de-julho-em-catanduva-no-clube-de-tenis\/","og_locale":"pt_BR","og_type":"article","og_title":"Copa S\u00e3o Paulo de Nata\u00e7\u00e3o acontece de 4 a 6 de julho em Catanduva, no Clube de T\u00eanis - Universo Esportivo","og_description":"Com a presen\u00e7a de aproximadamente 900 atletas, o evento esportivo ser\u00e1 no Clube de T\u00eanis de Catanduva, que pela primeira vez ser\u00e1 sede da Copa.","og_url":"https:\/\/universoesportivo.net\/index.php\/2025\/07\/01\/copa-sao-paulo-de-natacao-acontece-de-4-a-6-de-julho-em-catanduva-no-clube-de-tenis\/","og_site_name":"Universo Esportivo","article_publisher":"https:\/\/www.facebook.com\/universoesportivo.net","article_published_time":"2025-07-01T15:24:47+00:00","article_modified_time":"2025-07-01T20:26:51+00:00","og_image":[{"width":450,"height":253,"url":"https:\/\/universoesportivo.net\/wp-content\/uploads\/2025\/07\/tenisdecima1.jpg","type":"image\/jpeg"}],"author":"Tiago Lotto","twitter_card":"summary_large_image","twitter_misc":{"Escrito por":"Tiago Lotto","Est. tempo de leitura":"2 minutos"},"schema":{"@context":"https:\/\/schema.org","@graph":[{"@type":"Article","@id":"https:\/\/universoesportivo.net\/index.php\/2025\/07\/01\/copa-sao-paulo-de-natacao-acontece-de-4-a-6-de-julho-em-catanduva-no-clube-de-tenis\/#article","isPartOf":{"@id":"https:\/\/universoesportivo.net\/index.php\/2025\/07\/01\/copa-sao-paulo-de-natacao-acontece-de-4-a-6-de-julho-em-catanduva-no-clube-de-tenis\/"},"author":{"name":"Tiago Lotto","@id":"https:\/\/universoesportivo.net\/#\/schema\/person\/62bc311bc7def56a6bc83711536e74bd"},"headline":"Copa S\u00e3o Paulo de Nata\u00e7\u00e3o acontece de 4 a 6 de julho em Catanduva, no Clube de T\u00eanis","datePublished":"2025-07-01T15:24:47+00:00","dateModified":"2025-07-01T20:26:51+00:00","mainEntityOfPage":{"@id":"https:\/\/universoesportivo.net\/index.php\/2025\/07\/01\/copa-sao-paulo-de-natacao-acontece-de-4-a-6-de-julho-em-catanduva-no-clube-de-tenis\/"},"wordCount":311,"publisher":{"@id":"https:\/\/universoesportivo.net\/#organization"},"image":{"@id":"https:\/\/universoesportivo.net\/index.php\/2025\/07\/01\/copa-sao-paulo-de-natacao-acontece-de-4-a-6-de-julho-em-catanduva-no-clube-de-tenis\/#primaryimage"},"thumbnailUrl":"https:\/\/universoesportivo.net\/wp-content\/uploads\/2025\/07\/tenisdecima1.jpg","articleSection":["ESPORTES","Nata\u00e7\u00e3o"],"inLanguage":"pt-BR"},{"@type":"WebPage","@id":"https:\/\/universoesportivo.net\/index.php\/2025\/07\/01\/copa-sao-paulo-de-natacao-acontece-de-4-a-6-de-julho-em-catanduva-no-clube-de-tenis\/","url":"https:\/\/universoesportivo.net\/index.php\/2025\/07\/01\/copa-sao-paulo-de-natacao-acontece-de-4-a-6-de-julho-em-catanduva-no-clube-de-tenis\/","name":"Copa S\u00e3o Paulo de Nata\u00e7\u00e3o acontece de 4 a 6 de julho em Catanduva, no Clube de T\u00eanis - Universo Esportivo","isPartOf":{"@id":"https:\/\/universoesportivo.net\/#website"},"primaryImageOfPage":{"@id":"https:\/\/universoesportivo.net\/index.php\/2025\/07\/01\/copa-sao-paulo-de-natacao-acontece-de-4-a-6-de-julho-em-catanduva-no-clube-de-tenis\/#primaryimage"},"image":{"@id":"https:\/\/universoesportivo.net\/index.php\/2025\/07\/01\/copa-sao-paulo-de-natacao-acontece-de-4-a-6-de-julho-em-catanduva-no-clube-de-tenis\/#primaryimage"},"thumbnailUrl":"https:\/\/universoesportivo.net\/wp-content\/uploads\/2025\/07\/tenisdecima1.jpg","datePublished":"2025-07-01T15:24:47+00:00","dateModified":"2025-07-01T20:26:51+00:00","breadcrumb":{"@id":"https:\/\/universoesportivo.net\/index.php\/2025\/07\/01\/copa-sao-paulo-de-natacao-acontece-de-4-a-6-de-julho-em-catanduva-no-clube-de-tenis\/#breadcrumb"},"inLanguage":"pt-BR","potentialAction":[{"@type":"ReadAction","target":["https:\/\/universoesportivo.net\/index.php\/2025\/07\/01\/copa-sao-paulo-de-natacao-acontece-de-4-a-6-de-julho-em-catanduva-no-clube-de-tenis\/"]}]},{"@type":"ImageObject","inLanguage":"pt-BR","@id":"https:\/\/universoesportivo.net\/index.php\/2025\/07\/01\/copa-sao-paulo-de-natacao-acontece-de-4-a-6-de-julho-em-catanduva-no-clube-de-tenis\/#primaryimage","url":"https:\/\/universoesportivo.net\/wp-content\/uploads\/2025\/07\/tenisdecima1.jpg","contentUrl":"https:\/\/universoesportivo.net\/wp-content\/uploads\/2025\/07\/tenisdecima1.jpg","width":450,"height":253},{"@type":"BreadcrumbList","@id":"https:\/\/universoesportivo.net\/index.php\/2025\/07\/01\/copa-sao-paulo-de-natacao-acontece-de-4-a-6-de-julho-em-catanduva-no-clube-de-tenis\/#breadcrumb","itemListElement":[{"@type":"ListItem","position":1,"name":"In\u00edcio","item":"https:\/\/universoesportivo.net\/"},{"@type":"ListItem","position":2,"name":"Copa S\u00e3o Paulo de Nata\u00e7\u00e3o acontece de 4 a 6 de julho em Catanduva, no Clube de T\u00eanis"}]},{"@type":"WebSite","@id":"https:\/\/universoesportivo.net\/#website","url":"https:\/\/universoesportivo.net\/","name":"Universo Esportivo","description":"O portal de todas as modalidades esportivas!","publisher":{"@id":"https:\/\/universoesportivo.net\/#organization"},"alternateName":"Jornalista Tiago Contador Lotto","potentialAction":[{"@type":"SearchAction","target":{"@type":"EntryPoint","urlTemplate":"https:\/\/universoesportivo.net\/?s={search_term_string}"},"query-input":{"@type":"PropertyValueSpecification","valueRequired":true,"valueName":"search_term_string"}}],"inLanguage":"pt-BR"},{"@type":"Organization","@id":"https:\/\/universoesportivo.net\/#organization","name":"Universo Esportivo","alternateName":"Tiago Lotto","url":"https:\/\/universoesportivo.net\/","logo":{"@type":"ImageObject","inLanguage":"pt-BR","@id":"https:\/\/universoesportivo.net\/#\/schema\/logo\/image\/","url":"https:\/\/universoesportivo.net\/wp-content\/uploads\/2024\/05\/cropped-cropped-universo-6.png","contentUrl":"https:\/\/universoesportivo.net\/wp-content\/uploads\/2024\/05\/cropped-cropped-universo-6.png","width":413,"height":295,"caption":"Universo Esportivo"},"image":{"@id":"https:\/\/universoesportivo.net\/#\/schema\/logo\/image\/"},"sameAs":["https:\/\/www.facebook.com\/universoesportivo.net"]},{"@type":"Person","@id":"https:\/\/universoesportivo.net\/#\/schema\/person\/62bc311bc7def56a6bc83711536e74bd","name":"Tiago Lotto","image":{"@type":"ImageObject","inLanguage":"pt-BR","@id":"https:\/\/secure.gravatar.com\/avatar\/fd6891125b3fb6ba0b794cd20c3398d5bb0fa20d2b9963a95f19470e5a6192f7?s=96&d=mm&r=g","url":"https:\/\/secure.gravatar.com\/avatar\/fd6891125b3fb6ba0b794cd20c3398d5bb0fa20d2b9963a95f19470e5a6192f7?s=96&d=mm&r=g","contentUrl":"https:\/\/secure.gravatar.com\/avatar\/fd6891125b3fb6ba0b794cd20c3398d5bb0fa20d2b9963a95f19470e5a6192f7?s=96&d=mm&r=g","caption":"Tiago Lotto"},"url":"https:\/\/universoesportivo.net\/index.php\/author\/tiago-lotto\/"}]}},"jetpack_featured_media_url":"https:\/\/universoesportivo.net\/wp-content\/uploads\/2025\/07\/tenisdecima1.jpg","_links":{"self":[{"href":"https:\/\/universoesportivo.net\/index.php\/wp-json\/wp\/v2\/posts\/2183","targetHints":{"allow":["GET"]}}],"collection":[{"href":"https:\/\/universoesportivo.net\/index.php\/wp-json\/wp\/v2\/posts"}],"about":[{"href":"https:\/\/universoesportivo.net\/index.php\/wp-json\/wp\/v2\/types\/post"}],"author":[{"embeddable":true,"href":"https:\/\/universoesportivo.net\/index.php\/wp-json\/wp\/v2\/users\/2"}],"replies":[{"embeddable":true,"href":"https:\/\/universoesportivo.net\/index.php\/wp-json\/wp\/v2\/comments?post=2183"}],"version-history":[{"count":2,"href":"https:\/\/universoesportivo.net\/index.php\/wp-json\/wp\/v2\/posts\/2183\/revisions"}],"predecessor-version":[{"id":2186,"href":"https:\/\/universoesportivo.net\/index.php\/wp-json\/wp\/v2\/posts\/2183\/revisions\/2186"}],"wp:featuredmedia":[{"embeddable":true,"href":"https:\/\/universoesportivo.net\/index.php\/wp-json\/wp\/v2\/media\/2184"}],"wp:attachment":[{"href":"https:\/\/universoesportivo.net\/index.php\/wp-json\/wp\/v2\/media?parent=2183"}],"wp:term":[{"taxonomy":"category","embeddable":true,"href":"https:\/\/universoesportivo.net\/index.php\/wp-json\/wp\/v2\/categories?post=2183"},{"taxonomy":"post_tag","embeddable":true,"href":"https:\/\/universoesportivo.net\/index.php\/wp-json\/wp\/v2\/tags?post=2183"}],"curies":[{"name":"wp","href":"https:\/\/api.w.org\/{rel}","templated":true}]}}