{"id":2223,"date":"2025-09-03T12:16:21","date_gmt":"2025-09-03T15:16:21","guid":{"rendered":"https:\/\/universoesportivo.net\/?p=2223"},"modified":"2025-09-03T15:17:19","modified_gmt":"2025-09-03T18:17:19","slug":"com-apenas-10-anos-de-idade-atleta-de-catanduva-passa-por-avaliacao-no-club-athletico-paranaense","status":"publish","type":"post","link":"https:\/\/universoesportivo.net\/index.php\/2025\/09\/03\/com-apenas-10-anos-de-idade-atleta-de-catanduva-passa-por-avaliacao-no-club-athletico-paranaense\/","title":{"rendered":"Com apenas 10 anos de idade, atleta de Catanduva passa por avalia\u00e7\u00e3o no Club Athletico Paranaense"},"content":{"rendered":"\n<p class=\"has-medium-font-size\">O zagueiro de Catanduva Pietro Luan Santos da Silva, de 10 anos, participou recentemente de uma avalia\u00e7\u00e3o t\u00e9cnica no Club Athletico Paranaense, equipe de Curitiba\/PR. Pietro foi selecionado em uma peneira que ocorreu junho, em Elisi\u00e1rio\/SP, sendo chamado para ficar uma semana no centro de treinamento do clube.<\/p>\n\n\n\n<p class=\"has-medium-font-size\">Atleta da categoria sub-10, durante o peneir\u00e3o inicial Pietro chegou a ser apelidado de Milit\u00e3o, zagueiro que se destacou no S\u00e3o Paulo e atualmente joga no Real Madrid, da Espanha.<\/p>\n\n\n\n<p class=\"has-medium-font-size\">O sonho de Pietro n\u00e3o \u00e9 diferente do sonho de Milit\u00e3o, que nasceu e cresceu em Sert\u00e3ozinho e chegou at\u00e9 as categorias de base do S\u00e3o Paulo, onde sua carreira profissional come\u00e7ou.<\/p>\n\n\n\n<p class=\"has-medium-font-size\">Pietro, o Milit\u00e3o de Catanduva, tamb\u00e9m quer seguir esse caminho e, caso seja aprovado pelo Athletico, dever\u00e1 residir no alojamento do clube.<\/p>\n\n\n\n<p class=\"has-medium-font-size\">\u201cCaso ele (Pietro) n\u00e3o fique no Athletico, muito em breve um outro clube grande ir\u00e1 cham\u00e1-lo. Com muita habilidade, Pietro, apesar de pouca idade, sabe se posicionar em campo, tem boa vis\u00e3o de jogo e \u00e9 um l\u00edder dentro de campo. Esse menino tem futuro no futebol\u201d, comentou seu \u00faltimo treinador, Manoel Gol de Ouro, idealizador da Associa\u00e7\u00e3o Crian\u00e7a de Ouro.<\/p>\n\n\n\n<p class=\"has-medium-font-size\">Acompanhando seu pai em jogos recreativos de futebol e jogando bola na rua &#8211; desde os 2 anos de idade &#8211; que a paix\u00e3o pelo esporte surgiu. Pietro joga futebol desde os 6 anos de idade, sempre se destacando por onde passou.<\/p>\n\n\n\n<p class=\"has-medium-font-size\">Seu primeiro time foi a Escola de Futebol P\u00e3o Nosso, passando depois pela Escola Bola na Rede e, depois, pela Associa\u00e7\u00e3o Crian\u00e7a de Ouro.<\/p>\n\n\n\n<p class=\"has-medium-font-size\">Ao lado de sua m\u00e3e Monique Fernanda Silva e seu pai Ant\u00f4nio Carlos, o Bil, Pietro viajou quase 800 quil\u00f4metros em busca do sonho.<\/p>\n\n\n\n<p class=\"has-medium-font-size\">\u201cFoi um momento marcante, pois, entre tantos sonhadores, consegui ser chamado para uma grande oportunidade. Com f\u00e9 em Deus e muita dedica\u00e7\u00e3o, espero em breve estar vestindo a camisa do Atl\u00e9tico na base, representando n\u00e3o apenas o meu sonho, mas tamb\u00e9m o esfor\u00e7o da minha fam\u00edlia e todos que acreditam em&nbsp;mim\u201d, comentou o jovem atleta.<\/p>\n\n\n\n<p class=\"has-medium-font-size\">Texto: Tiago Lotto<\/p>\n\n\n\n<p class=\"has-medium-font-size\">Fotos: Arquivo de fam\u00edlia<\/p>\n\n\n\n<p><\/p>\n\n\n\n<figure class=\"wp-block-image\"><img fetchpriority=\"high\" decoding=\"async\" width=\"450\" height=\"492\" src=\"https:\/\/universoesportivo.net\/wp-content\/uploads\/2025\/09\/militao22.jpg\" alt=\"\" class=\"wp-image-2224\" srcset=\"https:\/\/universoesportivo.net\/wp-content\/uploads\/2025\/09\/militao22.jpg 450w, https:\/\/universoesportivo.net\/wp-content\/uploads\/2025\/09\/militao22-274x300.jpg 274w, https:\/\/universoesportivo.net\/wp-content\/uploads\/2025\/09\/militao22-11x12.jpg 11w\" sizes=\"(max-width: 450px) 100vw, 450px\" \/><\/figure>\n","protected":false},"excerpt":{"rendered":"<p>Atleta da categoria sub-10, durante o peneir\u00e3o inicial Pietro chegou a ser apelidado de Milit\u00e3o, zagueiro que se destacou no S\u00e3o Paulo e atualmente joga no Real Madrid.<\/p>\n","protected":false},"author":2,"featured_media":2225,"comment_status":"closed","ping_status":"closed","sticky":false,"template":"","format":"standard","meta":{"colormag_page_container_layout":"default_layout","colormag_page_sidebar_layout":"default_layout","footnotes":""},"categories":[17,70],"tags":[],"class_list":["post-2223","post","type-post","status-publish","format-standard","has-post-thumbnail","hentry","category-esportes","category-futebol-de-base"],"magazineBlocksPostFeaturedMedia":{"thumbnail":"https:\/\/universoesportivo.net\/wp-content\/uploads\/2025\/09\/abremilitao-150x150.jpg","medium":"https:\/\/universoesportivo.net\/wp-content\/uploads\/2025\/09\/abremilitao-264x300.jpg","medium_large":"https:\/\/universoesportivo.net\/wp-content\/uploads\/2025\/09\/abremilitao.jpg","large":"https:\/\/universoesportivo.net\/wp-content\/uploads\/2025\/09\/abremilitao.jpg","1536x1536":"https:\/\/universoesportivo.net\/wp-content\/uploads\/2025\/09\/abremilitao.jpg","2048x2048":"https:\/\/universoesportivo.net\/wp-content\/uploads\/2025\/09\/abremilitao.jpg","trp-custom-language-flag":"https:\/\/universoesportivo.net\/wp-content\/uploads\/2025\/09\/abremilitao-11x12.jpg","colormag-highlighted-post":"https:\/\/universoesportivo.net\/wp-content\/uploads\/2025\/09\/abremilitao-392x272.jpg","colormag-featured-post-medium":"https:\/\/universoesportivo.net\/wp-content\/uploads\/2025\/09\/abremilitao-390x205.jpg","colormag-featured-post-small":"https:\/\/universoesportivo.net\/wp-content\/uploads\/2025\/09\/abremilitao-130x90.jpg","colormag-featured-image":"https:\/\/universoesportivo.net\/wp-content\/uploads\/2025\/09\/abremilitao-450x445.jpg","colormag-default-news":"https:\/\/universoesportivo.net\/wp-content\/uploads\/2025\/09\/abremilitao-150x150.jpg","colormag-featured-image-large":"https:\/\/universoesportivo.net\/wp-content\/uploads\/2025\/09\/abremilitao.jpg","colormag-elementor-block-extra-large-thumbnail":"https:\/\/universoesportivo.net\/wp-content\/uploads\/2025\/09\/abremilitao-450x480.jpg","colormag-elementor-grid-large-thumbnail":"https:\/\/universoesportivo.net\/wp-content\/uploads\/2025\/09\/abremilitao-450x417.jpg","colormag-elementor-grid-small-thumbnail":"https:\/\/universoesportivo.net\/wp-content\/uploads\/2025\/09\/abremilitao-285x450.jpg","colormag-elementor-grid-medium-large-thumbnail":"https:\/\/universoesportivo.net\/wp-content\/uploads\/2025\/09\/abremilitao-450x198.jpg"},"magazineBlocksPostAuthor":{"name":"Tiago Lotto","avatar":"https:\/\/secure.gravatar.com\/avatar\/fd6891125b3fb6ba0b794cd20c3398d5bb0fa20d2b9963a95f19470e5a6192f7?s=96&d=mm&r=g"},"magazineBlocksPostCommentsNumber":false,"magazineBlocksPostExcerpt":"Atleta da categoria sub-10, durante o peneir\u00e3o inicial Pietro chegou a ser apelidado de Milit\u00e3o, zagueiro que se destacou no S\u00e3o Paulo e atualmente joga no Real Madrid.","magazineBlocksPostCategories":["ESPORTES","Futebol de base"],"magazineBlocksPostViewCount":53,"magazineBlocksPostReadTime":2,"magazine_blocks_featured_image_url":{"full":["https:\/\/universoesportivo.net\/wp-content\/uploads\/2025\/09\/abremilitao.jpg",450,512,false],"medium":["https:\/\/universoesportivo.net\/wp-content\/uploads\/2025\/09\/abremilitao-264x300.jpg",264,300,true],"thumbnail":["https:\/\/universoesportivo.net\/wp-content\/uploads\/2025\/09\/abremilitao-150x150.jpg",150,150,true]},"magazine_blocks_author":{"display_name":"Tiago Lotto","author_link":"https:\/\/universoesportivo.net\/index.php\/author\/tiago-lotto\/"},"magazine_blocks_comment":0,"magazine_blocks_author_image":"https:\/\/secure.gravatar.com\/avatar\/fd6891125b3fb6ba0b794cd20c3398d5bb0fa20d2b9963a95f19470e5a6192f7?s=96&d=mm&r=g","magazine_blocks_category":"<a href=\"#\" class=\"category-link category-link-17\">ESPORTES<\/a> <a href=\"#\" class=\"category-link category-link-70\">Futebol de base<\/a>","yoast_head":"<!-- This site is optimized with the Yoast SEO plugin v27.4 - https:\/\/yoast.com\/product\/yoast-seo-wordpress\/ -->\n<title>Com apenas 10 anos de idade, atleta de Catanduva passa por avalia\u00e7\u00e3o no Club Athletico Paranaense - Universo Esportivo<\/title>\n<meta name=\"robots\" content=\"index, follow, max-snippet:-1, max-image-preview:large, max-video-preview:-1\" \/>\n<link rel=\"canonical\" href=\"https:\/\/universoesportivo.net\/index.php\/2025\/09\/03\/com-apenas-10-anos-de-idade-atleta-de-catanduva-passa-por-avaliacao-no-club-athletico-paranaense\/\" \/>\n<meta property=\"og:locale\" content=\"pt_BR\" \/>\n<meta property=\"og:type\" content=\"article\" \/>\n<meta property=\"og:title\" content=\"Com apenas 10 anos de idade, atleta de Catanduva passa por avalia\u00e7\u00e3o no Club Athletico Paranaense - Universo Esportivo\" \/>\n<meta property=\"og:description\" content=\"Atleta da categoria sub-10, durante o peneir\u00e3o inicial Pietro chegou a ser apelidado de Milit\u00e3o, zagueiro que se destacou no S\u00e3o Paulo e atualmente joga no Real Madrid.\" \/>\n<meta property=\"og:url\" content=\"https:\/\/universoesportivo.net\/index.php\/2025\/09\/03\/com-apenas-10-anos-de-idade-atleta-de-catanduva-passa-por-avaliacao-no-club-athletico-paranaense\/\" \/>\n<meta property=\"og:site_name\" content=\"Universo Esportivo\" \/>\n<meta property=\"article:publisher\" content=\"https:\/\/www.facebook.com\/universoesportivo.net\" \/>\n<meta property=\"article:published_time\" content=\"2025-09-03T15:16:21+00:00\" \/>\n<meta property=\"article:modified_time\" content=\"2025-09-03T18:17:19+00:00\" \/>\n<meta property=\"og:image\" content=\"https:\/\/universoesportivo.net\/wp-content\/uploads\/2025\/09\/abremilitao.jpg\" \/>\n\t<meta property=\"og:image:width\" content=\"450\" \/>\n\t<meta property=\"og:image:height\" content=\"512\" \/>\n\t<meta property=\"og:image:type\" content=\"image\/jpeg\" \/>\n<meta name=\"author\" content=\"Tiago Lotto\" \/>\n<meta name=\"twitter:card\" content=\"summary_large_image\" \/>\n<meta name=\"twitter:label1\" content=\"Escrito por\" \/>\n\t<meta name=\"twitter:data1\" content=\"Tiago Lotto\" \/>\n\t<meta name=\"twitter:label2\" content=\"Est. tempo de leitura\" \/>\n\t<meta name=\"twitter:data2\" content=\"3 minutos\" \/>\n<script type=\"application\/ld+json\" class=\"yoast-schema-graph\">{\"@context\":\"https:\\\/\\\/schema.org\",\"@graph\":[{\"@type\":\"Article\",\"@id\":\"https:\\\/\\\/universoesportivo.net\\\/index.php\\\/2025\\\/09\\\/03\\\/com-apenas-10-anos-de-idade-atleta-de-catanduva-passa-por-avaliacao-no-club-athletico-paranaense\\\/#article\",\"isPartOf\":{\"@id\":\"https:\\\/\\\/universoesportivo.net\\\/index.php\\\/2025\\\/09\\\/03\\\/com-apenas-10-anos-de-idade-atleta-de-catanduva-passa-por-avaliacao-no-club-athletico-paranaense\\\/\"},\"author\":{\"name\":\"Tiago Lotto\",\"@id\":\"https:\\\/\\\/universoesportivo.net\\\/#\\\/schema\\\/person\\\/62bc311bc7def56a6bc83711536e74bd\"},\"headline\":\"Com apenas 10 anos de idade, atleta de Catanduva passa por avalia\u00e7\u00e3o no Club Athletico Paranaense\",\"datePublished\":\"2025-09-03T15:16:21+00:00\",\"dateModified\":\"2025-09-03T18:17:19+00:00\",\"mainEntityOfPage\":{\"@id\":\"https:\\\/\\\/universoesportivo.net\\\/index.php\\\/2025\\\/09\\\/03\\\/com-apenas-10-anos-de-idade-atleta-de-catanduva-passa-por-avaliacao-no-club-athletico-paranaense\\\/\"},\"wordCount\":392,\"publisher\":{\"@id\":\"https:\\\/\\\/universoesportivo.net\\\/#organization\"},\"image\":{\"@id\":\"https:\\\/\\\/universoesportivo.net\\\/index.php\\\/2025\\\/09\\\/03\\\/com-apenas-10-anos-de-idade-atleta-de-catanduva-passa-por-avaliacao-no-club-athletico-paranaense\\\/#primaryimage\"},\"thumbnailUrl\":\"https:\\\/\\\/universoesportivo.net\\\/wp-content\\\/uploads\\\/2025\\\/09\\\/abremilitao.jpg\",\"articleSection\":[\"ESPORTES\",\"Futebol de base\"],\"inLanguage\":\"pt-BR\"},{\"@type\":\"WebPage\",\"@id\":\"https:\\\/\\\/universoesportivo.net\\\/index.php\\\/2025\\\/09\\\/03\\\/com-apenas-10-anos-de-idade-atleta-de-catanduva-passa-por-avaliacao-no-club-athletico-paranaense\\\/\",\"url\":\"https:\\\/\\\/universoesportivo.net\\\/index.php\\\/2025\\\/09\\\/03\\\/com-apenas-10-anos-de-idade-atleta-de-catanduva-passa-por-avaliacao-no-club-athletico-paranaense\\\/\",\"name\":\"Com apenas 10 anos de idade, atleta de Catanduva passa por avalia\u00e7\u00e3o no Club Athletico Paranaense - Universo Esportivo\",\"isPartOf\":{\"@id\":\"https:\\\/\\\/universoesportivo.net\\\/#website\"},\"primaryImageOfPage\":{\"@id\":\"https:\\\/\\\/universoesportivo.net\\\/index.php\\\/2025\\\/09\\\/03\\\/com-apenas-10-anos-de-idade-atleta-de-catanduva-passa-por-avaliacao-no-club-athletico-paranaense\\\/#primaryimage\"},\"image\":{\"@id\":\"https:\\\/\\\/universoesportivo.net\\\/index.php\\\/2025\\\/09\\\/03\\\/com-apenas-10-anos-de-idade-atleta-de-catanduva-passa-por-avaliacao-no-club-athletico-paranaense\\\/#primaryimage\"},\"thumbnailUrl\":\"https:\\\/\\\/universoesportivo.net\\\/wp-content\\\/uploads\\\/2025\\\/09\\\/abremilitao.jpg\",\"datePublished\":\"2025-09-03T15:16:21+00:00\",\"dateModified\":\"2025-09-03T18:17:19+00:00\",\"breadcrumb\":{\"@id\":\"https:\\\/\\\/universoesportivo.net\\\/index.php\\\/2025\\\/09\\\/03\\\/com-apenas-10-anos-de-idade-atleta-de-catanduva-passa-por-avaliacao-no-club-athletico-paranaense\\\/#breadcrumb\"},\"inLanguage\":\"pt-BR\",\"potentialAction\":[{\"@type\":\"ReadAction\",\"target\":[\"https:\\\/\\\/universoesportivo.net\\\/index.php\\\/2025\\\/09\\\/03\\\/com-apenas-10-anos-de-idade-atleta-de-catanduva-passa-por-avaliacao-no-club-athletico-paranaense\\\/\"]}]},{\"@type\":\"ImageObject\",\"inLanguage\":\"pt-BR\",\"@id\":\"https:\\\/\\\/universoesportivo.net\\\/index.php\\\/2025\\\/09\\\/03\\\/com-apenas-10-anos-de-idade-atleta-de-catanduva-passa-por-avaliacao-no-club-athletico-paranaense\\\/#primaryimage\",\"url\":\"https:\\\/\\\/universoesportivo.net\\\/wp-content\\\/uploads\\\/2025\\\/09\\\/abremilitao.jpg\",\"contentUrl\":\"https:\\\/\\\/universoesportivo.net\\\/wp-content\\\/uploads\\\/2025\\\/09\\\/abremilitao.jpg\",\"width\":450,\"height\":512},{\"@type\":\"BreadcrumbList\",\"@id\":\"https:\\\/\\\/universoesportivo.net\\\/index.php\\\/2025\\\/09\\\/03\\\/com-apenas-10-anos-de-idade-atleta-de-catanduva-passa-por-avaliacao-no-club-athletico-paranaense\\\/#breadcrumb\",\"itemListElement\":[{\"@type\":\"ListItem\",\"position\":1,\"name\":\"In\u00edcio\",\"item\":\"https:\\\/\\\/universoesportivo.net\\\/\"},{\"@type\":\"ListItem\",\"position\":2,\"name\":\"Com apenas 10 anos de idade, atleta de Catanduva passa por avalia\u00e7\u00e3o no Club Athletico Paranaense\"}]},{\"@type\":\"WebSite\",\"@id\":\"https:\\\/\\\/universoesportivo.net\\\/#website\",\"url\":\"https:\\\/\\\/universoesportivo.net\\\/\",\"name\":\"Universo Esportivo\",\"description\":\"O portal de todas as modalidades esportivas!\",\"publisher\":{\"@id\":\"https:\\\/\\\/universoesportivo.net\\\/#organization\"},\"alternateName\":\"Jornalista Tiago Contador Lotto\",\"potentialAction\":[{\"@type\":\"SearchAction\",\"target\":{\"@type\":\"EntryPoint\",\"urlTemplate\":\"https:\\\/\\\/universoesportivo.net\\\/?s={search_term_string}\"},\"query-input\":{\"@type\":\"PropertyValueSpecification\",\"valueRequired\":true,\"valueName\":\"search_term_string\"}}],\"inLanguage\":\"pt-BR\"},{\"@type\":\"Organization\",\"@id\":\"https:\\\/\\\/universoesportivo.net\\\/#organization\",\"name\":\"Universo Esportivo\",\"alternateName\":\"Tiago Lotto\",\"url\":\"https:\\\/\\\/universoesportivo.net\\\/\",\"logo\":{\"@type\":\"ImageObject\",\"inLanguage\":\"pt-BR\",\"@id\":\"https:\\\/\\\/universoesportivo.net\\\/#\\\/schema\\\/logo\\\/image\\\/\",\"url\":\"https:\\\/\\\/universoesportivo.net\\\/wp-content\\\/uploads\\\/2024\\\/05\\\/cropped-cropped-universo-6.png\",\"contentUrl\":\"https:\\\/\\\/universoesportivo.net\\\/wp-content\\\/uploads\\\/2024\\\/05\\\/cropped-cropped-universo-6.png\",\"width\":413,\"height\":295,\"caption\":\"Universo Esportivo\"},\"image\":{\"@id\":\"https:\\\/\\\/universoesportivo.net\\\/#\\\/schema\\\/logo\\\/image\\\/\"},\"sameAs\":[\"https:\\\/\\\/www.facebook.com\\\/universoesportivo.net\"]},{\"@type\":\"Person\",\"@id\":\"https:\\\/\\\/universoesportivo.net\\\/#\\\/schema\\\/person\\\/62bc311bc7def56a6bc83711536e74bd\",\"name\":\"Tiago Lotto\",\"image\":{\"@type\":\"ImageObject\",\"inLanguage\":\"pt-BR\",\"@id\":\"https:\\\/\\\/secure.gravatar.com\\\/avatar\\\/fd6891125b3fb6ba0b794cd20c3398d5bb0fa20d2b9963a95f19470e5a6192f7?s=96&d=mm&r=g\",\"url\":\"https:\\\/\\\/secure.gravatar.com\\\/avatar\\\/fd6891125b3fb6ba0b794cd20c3398d5bb0fa20d2b9963a95f19470e5a6192f7?s=96&d=mm&r=g\",\"contentUrl\":\"https:\\\/\\\/secure.gravatar.com\\\/avatar\\\/fd6891125b3fb6ba0b794cd20c3398d5bb0fa20d2b9963a95f19470e5a6192f7?s=96&d=mm&r=g\",\"caption\":\"Tiago Lotto\"},\"url\":\"https:\\\/\\\/universoesportivo.net\\\/index.php\\\/author\\\/tiago-lotto\\\/\"}]}<\/script>\n<!-- \/ Yoast SEO plugin. -->","yoast_head_json":{"title":"Com apenas 10 anos de idade, atleta de Catanduva passa por avalia\u00e7\u00e3o no Club Athletico Paranaense - Universo Esportivo","robots":{"index":"index","follow":"follow","max-snippet":"max-snippet:-1","max-image-preview":"max-image-preview:large","max-video-preview":"max-video-preview:-1"},"canonical":"https:\/\/universoesportivo.net\/index.php\/2025\/09\/03\/com-apenas-10-anos-de-idade-atleta-de-catanduva-passa-por-avaliacao-no-club-athletico-paranaense\/","og_locale":"pt_BR","og_type":"article","og_title":"Com apenas 10 anos de idade, atleta de Catanduva passa por avalia\u00e7\u00e3o no Club Athletico Paranaense - Universo Esportivo","og_description":"Atleta da categoria sub-10, durante o peneir\u00e3o inicial Pietro chegou a ser apelidado de Milit\u00e3o, zagueiro que se destacou no S\u00e3o Paulo e atualmente joga no Real Madrid.","og_url":"https:\/\/universoesportivo.net\/index.php\/2025\/09\/03\/com-apenas-10-anos-de-idade-atleta-de-catanduva-passa-por-avaliacao-no-club-athletico-paranaense\/","og_site_name":"Universo Esportivo","article_publisher":"https:\/\/www.facebook.com\/universoesportivo.net","article_published_time":"2025-09-03T15:16:21+00:00","article_modified_time":"2025-09-03T18:17:19+00:00","og_image":[{"width":450,"height":512,"url":"https:\/\/universoesportivo.net\/wp-content\/uploads\/2025\/09\/abremilitao.jpg","type":"image\/jpeg"}],"author":"Tiago Lotto","twitter_card":"summary_large_image","twitter_misc":{"Escrito por":"Tiago Lotto","Est. tempo de leitura":"3 minutos"},"schema":{"@context":"https:\/\/schema.org","@graph":[{"@type":"Article","@id":"https:\/\/universoesportivo.net\/index.php\/2025\/09\/03\/com-apenas-10-anos-de-idade-atleta-de-catanduva-passa-por-avaliacao-no-club-athletico-paranaense\/#article","isPartOf":{"@id":"https:\/\/universoesportivo.net\/index.php\/2025\/09\/03\/com-apenas-10-anos-de-idade-atleta-de-catanduva-passa-por-avaliacao-no-club-athletico-paranaense\/"},"author":{"name":"Tiago Lotto","@id":"https:\/\/universoesportivo.net\/#\/schema\/person\/62bc311bc7def56a6bc83711536e74bd"},"headline":"Com apenas 10 anos de idade, atleta de Catanduva passa por avalia\u00e7\u00e3o no Club Athletico Paranaense","datePublished":"2025-09-03T15:16:21+00:00","dateModified":"2025-09-03T18:17:19+00:00","mainEntityOfPage":{"@id":"https:\/\/universoesportivo.net\/index.php\/2025\/09\/03\/com-apenas-10-anos-de-idade-atleta-de-catanduva-passa-por-avaliacao-no-club-athletico-paranaense\/"},"wordCount":392,"publisher":{"@id":"https:\/\/universoesportivo.net\/#organization"},"image":{"@id":"https:\/\/universoesportivo.net\/index.php\/2025\/09\/03\/com-apenas-10-anos-de-idade-atleta-de-catanduva-passa-por-avaliacao-no-club-athletico-paranaense\/#primaryimage"},"thumbnailUrl":"https:\/\/universoesportivo.net\/wp-content\/uploads\/2025\/09\/abremilitao.jpg","articleSection":["ESPORTES","Futebol de base"],"inLanguage":"pt-BR"},{"@type":"WebPage","@id":"https:\/\/universoesportivo.net\/index.php\/2025\/09\/03\/com-apenas-10-anos-de-idade-atleta-de-catanduva-passa-por-avaliacao-no-club-athletico-paranaense\/","url":"https:\/\/universoesportivo.net\/index.php\/2025\/09\/03\/com-apenas-10-anos-de-idade-atleta-de-catanduva-passa-por-avaliacao-no-club-athletico-paranaense\/","name":"Com apenas 10 anos de idade, atleta de Catanduva passa por avalia\u00e7\u00e3o no Club Athletico Paranaense - Universo Esportivo","isPartOf":{"@id":"https:\/\/universoesportivo.net\/#website"},"primaryImageOfPage":{"@id":"https:\/\/universoesportivo.net\/index.php\/2025\/09\/03\/com-apenas-10-anos-de-idade-atleta-de-catanduva-passa-por-avaliacao-no-club-athletico-paranaense\/#primaryimage"},"image":{"@id":"https:\/\/universoesportivo.net\/index.php\/2025\/09\/03\/com-apenas-10-anos-de-idade-atleta-de-catanduva-passa-por-avaliacao-no-club-athletico-paranaense\/#primaryimage"},"thumbnailUrl":"https:\/\/universoesportivo.net\/wp-content\/uploads\/2025\/09\/abremilitao.jpg","datePublished":"2025-09-03T15:16:21+00:00","dateModified":"2025-09-03T18:17:19+00:00","breadcrumb":{"@id":"https:\/\/universoesportivo.net\/index.php\/2025\/09\/03\/com-apenas-10-anos-de-idade-atleta-de-catanduva-passa-por-avaliacao-no-club-athletico-paranaense\/#breadcrumb"},"inLanguage":"pt-BR","potentialAction":[{"@type":"ReadAction","target":["https:\/\/universoesportivo.net\/index.php\/2025\/09\/03\/com-apenas-10-anos-de-idade-atleta-de-catanduva-passa-por-avaliacao-no-club-athletico-paranaense\/"]}]},{"@type":"ImageObject","inLanguage":"pt-BR","@id":"https:\/\/universoesportivo.net\/index.php\/2025\/09\/03\/com-apenas-10-anos-de-idade-atleta-de-catanduva-passa-por-avaliacao-no-club-athletico-paranaense\/#primaryimage","url":"https:\/\/universoesportivo.net\/wp-content\/uploads\/2025\/09\/abremilitao.jpg","contentUrl":"https:\/\/universoesportivo.net\/wp-content\/uploads\/2025\/09\/abremilitao.jpg","width":450,"height":512},{"@type":"BreadcrumbList","@id":"https:\/\/universoesportivo.net\/index.php\/2025\/09\/03\/com-apenas-10-anos-de-idade-atleta-de-catanduva-passa-por-avaliacao-no-club-athletico-paranaense\/#breadcrumb","itemListElement":[{"@type":"ListItem","position":1,"name":"In\u00edcio","item":"https:\/\/universoesportivo.net\/"},{"@type":"ListItem","position":2,"name":"Com apenas 10 anos de idade, atleta de Catanduva passa por avalia\u00e7\u00e3o no Club Athletico Paranaense"}]},{"@type":"WebSite","@id":"https:\/\/universoesportivo.net\/#website","url":"https:\/\/universoesportivo.net\/","name":"Universo Esportivo","description":"O portal de todas as modalidades esportivas!","publisher":{"@id":"https:\/\/universoesportivo.net\/#organization"},"alternateName":"Jornalista Tiago Contador Lotto","potentialAction":[{"@type":"SearchAction","target":{"@type":"EntryPoint","urlTemplate":"https:\/\/universoesportivo.net\/?s={search_term_string}"},"query-input":{"@type":"PropertyValueSpecification","valueRequired":true,"valueName":"search_term_string"}}],"inLanguage":"pt-BR"},{"@type":"Organization","@id":"https:\/\/universoesportivo.net\/#organization","name":"Universo Esportivo","alternateName":"Tiago Lotto","url":"https:\/\/universoesportivo.net\/","logo":{"@type":"ImageObject","inLanguage":"pt-BR","@id":"https:\/\/universoesportivo.net\/#\/schema\/logo\/image\/","url":"https:\/\/universoesportivo.net\/wp-content\/uploads\/2024\/05\/cropped-cropped-universo-6.png","contentUrl":"https:\/\/universoesportivo.net\/wp-content\/uploads\/2024\/05\/cropped-cropped-universo-6.png","width":413,"height":295,"caption":"Universo Esportivo"},"image":{"@id":"https:\/\/universoesportivo.net\/#\/schema\/logo\/image\/"},"sameAs":["https:\/\/www.facebook.com\/universoesportivo.net"]},{"@type":"Person","@id":"https:\/\/universoesportivo.net\/#\/schema\/person\/62bc311bc7def56a6bc83711536e74bd","name":"Tiago Lotto","image":{"@type":"ImageObject","inLanguage":"pt-BR","@id":"https:\/\/secure.gravatar.com\/avatar\/fd6891125b3fb6ba0b794cd20c3398d5bb0fa20d2b9963a95f19470e5a6192f7?s=96&d=mm&r=g","url":"https:\/\/secure.gravatar.com\/avatar\/fd6891125b3fb6ba0b794cd20c3398d5bb0fa20d2b9963a95f19470e5a6192f7?s=96&d=mm&r=g","contentUrl":"https:\/\/secure.gravatar.com\/avatar\/fd6891125b3fb6ba0b794cd20c3398d5bb0fa20d2b9963a95f19470e5a6192f7?s=96&d=mm&r=g","caption":"Tiago Lotto"},"url":"https:\/\/universoesportivo.net\/index.php\/author\/tiago-lotto\/"}]}},"jetpack_featured_media_url":"https:\/\/universoesportivo.net\/wp-content\/uploads\/2025\/09\/abremilitao.jpg","_links":{"self":[{"href":"https:\/\/universoesportivo.net\/index.php\/wp-json\/wp\/v2\/posts\/2223","targetHints":{"allow":["GET"]}}],"collection":[{"href":"https:\/\/universoesportivo.net\/index.php\/wp-json\/wp\/v2\/posts"}],"about":[{"href":"https:\/\/universoesportivo.net\/index.php\/wp-json\/wp\/v2\/types\/post"}],"author":[{"embeddable":true,"href":"https:\/\/universoesportivo.net\/index.php\/wp-json\/wp\/v2\/users\/2"}],"replies":[{"embeddable":true,"href":"https:\/\/universoesportivo.net\/index.php\/wp-json\/wp\/v2\/comments?post=2223"}],"version-history":[{"count":1,"href":"https:\/\/universoesportivo.net\/index.php\/wp-json\/wp\/v2\/posts\/2223\/revisions"}],"predecessor-version":[{"id":2226,"href":"https:\/\/universoesportivo.net\/index.php\/wp-json\/wp\/v2\/posts\/2223\/revisions\/2226"}],"wp:featuredmedia":[{"embeddable":true,"href":"https:\/\/universoesportivo.net\/index.php\/wp-json\/wp\/v2\/media\/2225"}],"wp:attachment":[{"href":"https:\/\/universoesportivo.net\/index.php\/wp-json\/wp\/v2\/media?parent=2223"}],"wp:term":[{"taxonomy":"category","embeddable":true,"href":"https:\/\/universoesportivo.net\/index.php\/wp-json\/wp\/v2\/categories?post=2223"},{"taxonomy":"post_tag","embeddable":true,"href":"https:\/\/universoesportivo.net\/index.php\/wp-json\/wp\/v2\/tags?post=2223"}],"curies":[{"name":"wp","href":"https:\/\/api.w.org\/{rel}","templated":true}]}}