{"id":2261,"date":"2025-09-29T12:49:20","date_gmt":"2025-09-29T15:49:20","guid":{"rendered":"https:\/\/universoesportivo.net\/?p=2261"},"modified":"2025-09-29T17:18:56","modified_gmt":"2025-09-29T20:18:56","slug":"futebol-de-catanduva-em-luto-morre-tercio-lateral-que-foi-do-gremio-catanduvense","status":"publish","type":"post","link":"https:\/\/universoesportivo.net\/index.php\/2025\/09\/29\/futebol-de-catanduva-em-luto-morre-tercio-lateral-que-foi-do-gremio-catanduvense\/","title":{"rendered":"Futebol de Catanduva em luto: morre T\u00e9rcio, lateral que foi do Gr\u00eamio Catanduvense"},"content":{"rendered":"\n<p class=\"has-medium-font-size\">O ex-jogador profissional T\u00e9rsio, lateral direito que jogou no Gr\u00eamio Catanduvense, no Mar\u00edlia e no Cear\u00e1 faleceu nesta segunda-feira (29). A informa\u00e7\u00e3o \u00e9 do radialista Carlos Bertim, de Catanduva, que ficou amigo de T\u00e9rsio ap\u00f3s v\u00e1rios anos cobrindo os jogos do Gr\u00eamio como rep\u00f3rter.<\/p>\n\n\n\n<p class=\"has-medium-font-size\">T\u00e9rsio tinha 72 anos e a causa da morte ainda n\u00e3o foi divulgada pelos familiares. Ele \u00e9 nascido em Brodowski, regi\u00e3o de Ribeir\u00e3o Preto. O radialista Carlos Bertim lembra que T\u00e9rsio fez parte de uma verdadeiro esquadr\u00e3o do Gr\u00eamio Catanduva, que contava em seu elenco com Naves, China, Jesu\u00edno, Nunes, Paulo Mois\u00e9s, Moreno, Sabar\u00e1, Birola e Jo\u00e3ozinho, nas d\u00e9cadas de 1970 e 1980.<\/p>\n\n\n\n<p class=\"has-medium-font-size\">Ap\u00f3s encerrar sua carreira de jogador de futebol, T\u00e9rsio trabalhou na Sabesp e se aposentou em S\u00e3o Jos\u00e9 dos Campos, onde faleceu na manh\u00e3 desta segunda-feira (29). Na foto abaixo, T\u00e9rsio com 70 anos. Na foto principal, T\u00e9rsio com o time do Cear\u00e1, tri-campe\u00e3o estadual. O enterro do ex-jogador ser\u00e1 nesta ter\u00e7a-feira, dia 30, no cemit\u00e9rio de Brodowski. <\/p>\n\n\n\n<p class=\"has-medium-font-size\">O site Universo Esportivo registra seus sentimentos aos familiares e amigos em luto.<\/p>\n\n\n\n<p class=\"has-medium-font-size\">Da reda\u00e7\u00e3o \u2013 Universo Esportivo<\/p>\n\n\n\n<p class=\"has-medium-font-size\">Fotos: Arquivo de fam\u00edlia fornecido pelo radialista Carlos Bertim<\/p>\n\n\n\n<figure class=\"wp-block-image\"><img fetchpriority=\"high\" decoding=\"async\" width=\"538\" height=\"686\" src=\"https:\/\/universoesportivo.net\/wp-content\/uploads\/2025\/09\/tersio2.jpeg\" alt=\"\" class=\"wp-image-2263\" srcset=\"https:\/\/universoesportivo.net\/wp-content\/uploads\/2025\/09\/tersio2.jpeg 538w, https:\/\/universoesportivo.net\/wp-content\/uploads\/2025\/09\/tersio2-235x300.jpeg 235w, https:\/\/universoesportivo.net\/wp-content\/uploads\/2025\/09\/tersio2-9x12.jpeg 9w\" sizes=\"(max-width: 538px) 100vw, 538px\" \/><\/figure>\n","protected":false},"excerpt":{"rendered":"<p>Lateral direito jogou no Gr\u00eamio Catanduvense nas d\u00e9cadas de 1970 e 1980. Tamb\u00e9m passou pelo Mar\u00edlia e chegou a ser campe\u00e3o pelo Cear\u00e1.<\/p>\n","protected":false},"author":2,"featured_media":2262,"comment_status":"closed","ping_status":"closed","sticky":false,"template":"","format":"standard","meta":{"colormag_page_container_layout":"default_layout","colormag_page_sidebar_layout":"default_layout","footnotes":""},"categories":[17,55],"tags":[],"class_list":["post-2261","post","type-post","status-publish","format-standard","has-post-thumbnail","hentry","category-esportes","category-luto"],"magazineBlocksPostFeaturedMedia":{"thumbnail":"https:\/\/universoesportivo.net\/wp-content\/uploads\/2025\/09\/abretersio-150x150.jpg","medium":"https:\/\/universoesportivo.net\/wp-content\/uploads\/2025\/09\/abretersio-300x211.jpg","medium_large":"https:\/\/universoesportivo.net\/wp-content\/uploads\/2025\/09\/abretersio.jpg","large":"https:\/\/universoesportivo.net\/wp-content\/uploads\/2025\/09\/abretersio.jpg","1536x1536":"https:\/\/universoesportivo.net\/wp-content\/uploads\/2025\/09\/abretersio.jpg","2048x2048":"https:\/\/universoesportivo.net\/wp-content\/uploads\/2025\/09\/abretersio.jpg","trp-custom-language-flag":"https:\/\/universoesportivo.net\/wp-content\/uploads\/2025\/09\/abretersio-18x12.jpg","colormag-highlighted-post":"https:\/\/universoesportivo.net\/wp-content\/uploads\/2025\/09\/abretersio-392x272.jpg","colormag-featured-post-medium":"https:\/\/universoesportivo.net\/wp-content\/uploads\/2025\/09\/abretersio-390x205.jpg","colormag-featured-post-small":"https:\/\/universoesportivo.net\/wp-content\/uploads\/2025\/09\/abretersio-130x90.jpg","colormag-featured-image":"https:\/\/universoesportivo.net\/wp-content\/uploads\/2025\/09\/abretersio.jpg","colormag-default-news":"https:\/\/universoesportivo.net\/wp-content\/uploads\/2025\/09\/abretersio-150x150.jpg","colormag-featured-image-large":"https:\/\/universoesportivo.net\/wp-content\/uploads\/2025\/09\/abretersio.jpg","colormag-elementor-block-extra-large-thumbnail":"https:\/\/universoesportivo.net\/wp-content\/uploads\/2025\/09\/abretersio.jpg","colormag-elementor-grid-large-thumbnail":"https:\/\/universoesportivo.net\/wp-content\/uploads\/2025\/09\/abretersio.jpg","colormag-elementor-grid-small-thumbnail":"https:\/\/universoesportivo.net\/wp-content\/uploads\/2025\/09\/abretersio-285x281.jpg","colormag-elementor-grid-medium-large-thumbnail":"https:\/\/universoesportivo.net\/wp-content\/uploads\/2025\/09\/abretersio-400x198.jpg"},"magazineBlocksPostAuthor":{"name":"Tiago Lotto","avatar":"https:\/\/secure.gravatar.com\/avatar\/fd6891125b3fb6ba0b794cd20c3398d5bb0fa20d2b9963a95f19470e5a6192f7?s=96&d=mm&r=g"},"magazineBlocksPostCommentsNumber":false,"magazineBlocksPostExcerpt":"Lateral direito jogou no Gr\u00eamio Catanduvense nas d\u00e9cadas de 1970 e 1980. Tamb\u00e9m passou pelo Mar\u00edlia e chegou a ser campe\u00e3o pelo Cear\u00e1.","magazineBlocksPostCategories":["ESPORTES","LUTO"],"magazineBlocksPostViewCount":80,"magazineBlocksPostReadTime":2,"magazine_blocks_featured_image_url":{"full":["https:\/\/universoesportivo.net\/wp-content\/uploads\/2025\/09\/abretersio.jpg",400,281,false],"medium":["https:\/\/universoesportivo.net\/wp-content\/uploads\/2025\/09\/abretersio-300x211.jpg",300,211,true],"thumbnail":["https:\/\/universoesportivo.net\/wp-content\/uploads\/2025\/09\/abretersio-150x150.jpg",150,150,true]},"magazine_blocks_author":{"display_name":"Tiago Lotto","author_link":"https:\/\/universoesportivo.net\/index.php\/author\/tiago-lotto\/"},"magazine_blocks_comment":0,"magazine_blocks_author_image":"https:\/\/secure.gravatar.com\/avatar\/fd6891125b3fb6ba0b794cd20c3398d5bb0fa20d2b9963a95f19470e5a6192f7?s=96&d=mm&r=g","magazine_blocks_category":"<a href=\"#\" class=\"category-link category-link-17\">ESPORTES<\/a> <a href=\"#\" class=\"category-link category-link-55\">LUTO<\/a>","yoast_head":"<!-- This site is optimized with the Yoast SEO plugin v27.4 - https:\/\/yoast.com\/product\/yoast-seo-wordpress\/ -->\n<title>Futebol de Catanduva em luto: morre T\u00e9rcio, lateral que foi do Gr\u00eamio Catanduvense - Universo Esportivo<\/title>\n<meta name=\"robots\" content=\"index, follow, max-snippet:-1, max-image-preview:large, max-video-preview:-1\" \/>\n<link rel=\"canonical\" href=\"https:\/\/universoesportivo.net\/index.php\/2025\/09\/29\/futebol-de-catanduva-em-luto-morre-tercio-lateral-que-foi-do-gremio-catanduvense\/\" \/>\n<meta property=\"og:locale\" content=\"pt_BR\" \/>\n<meta property=\"og:type\" content=\"article\" \/>\n<meta property=\"og:title\" content=\"Futebol de Catanduva em luto: morre T\u00e9rcio, lateral que foi do Gr\u00eamio Catanduvense - Universo Esportivo\" \/>\n<meta property=\"og:description\" content=\"Lateral direito jogou no Gr\u00eamio Catanduvense nas d\u00e9cadas de 1970 e 1980. Tamb\u00e9m passou pelo Mar\u00edlia e chegou a ser campe\u00e3o pelo Cear\u00e1.\" \/>\n<meta property=\"og:url\" content=\"https:\/\/universoesportivo.net\/index.php\/2025\/09\/29\/futebol-de-catanduva-em-luto-morre-tercio-lateral-que-foi-do-gremio-catanduvense\/\" \/>\n<meta property=\"og:site_name\" content=\"Universo Esportivo\" \/>\n<meta property=\"article:publisher\" content=\"https:\/\/www.facebook.com\/universoesportivo.net\" \/>\n<meta property=\"article:published_time\" content=\"2025-09-29T15:49:20+00:00\" \/>\n<meta property=\"article:modified_time\" content=\"2025-09-29T20:18:56+00:00\" \/>\n<meta property=\"og:image\" content=\"https:\/\/universoesportivo.net\/wp-content\/uploads\/2025\/09\/abretersio.jpg\" \/>\n\t<meta property=\"og:image:width\" content=\"400\" \/>\n\t<meta property=\"og:image:height\" content=\"281\" \/>\n\t<meta property=\"og:image:type\" content=\"image\/jpeg\" \/>\n<meta name=\"author\" content=\"Tiago Lotto\" \/>\n<meta name=\"twitter:card\" content=\"summary_large_image\" \/>\n<meta name=\"twitter:label1\" content=\"Escrito por\" \/>\n\t<meta name=\"twitter:data1\" content=\"Tiago Lotto\" \/>\n\t<meta name=\"twitter:label2\" content=\"Est. tempo de leitura\" \/>\n\t<meta name=\"twitter:data2\" content=\"2 minutos\" \/>\n<script type=\"application\/ld+json\" class=\"yoast-schema-graph\">{\"@context\":\"https:\\\/\\\/schema.org\",\"@graph\":[{\"@type\":\"Article\",\"@id\":\"https:\\\/\\\/universoesportivo.net\\\/index.php\\\/2025\\\/09\\\/29\\\/futebol-de-catanduva-em-luto-morre-tercio-lateral-que-foi-do-gremio-catanduvense\\\/#article\",\"isPartOf\":{\"@id\":\"https:\\\/\\\/universoesportivo.net\\\/index.php\\\/2025\\\/09\\\/29\\\/futebol-de-catanduva-em-luto-morre-tercio-lateral-que-foi-do-gremio-catanduvense\\\/\"},\"author\":{\"name\":\"Tiago Lotto\",\"@id\":\"https:\\\/\\\/universoesportivo.net\\\/#\\\/schema\\\/person\\\/62bc311bc7def56a6bc83711536e74bd\"},\"headline\":\"Futebol de Catanduva em luto: morre T\u00e9rcio, lateral que foi do Gr\u00eamio Catanduvense\",\"datePublished\":\"2025-09-29T15:49:20+00:00\",\"dateModified\":\"2025-09-29T20:18:56+00:00\",\"mainEntityOfPage\":{\"@id\":\"https:\\\/\\\/universoesportivo.net\\\/index.php\\\/2025\\\/09\\\/29\\\/futebol-de-catanduva-em-luto-morre-tercio-lateral-que-foi-do-gremio-catanduvense\\\/\"},\"wordCount\":227,\"publisher\":{\"@id\":\"https:\\\/\\\/universoesportivo.net\\\/#organization\"},\"image\":{\"@id\":\"https:\\\/\\\/universoesportivo.net\\\/index.php\\\/2025\\\/09\\\/29\\\/futebol-de-catanduva-em-luto-morre-tercio-lateral-que-foi-do-gremio-catanduvense\\\/#primaryimage\"},\"thumbnailUrl\":\"https:\\\/\\\/universoesportivo.net\\\/wp-content\\\/uploads\\\/2025\\\/09\\\/abretersio.jpg\",\"articleSection\":[\"ESPORTES\",\"LUTO\"],\"inLanguage\":\"pt-BR\"},{\"@type\":\"WebPage\",\"@id\":\"https:\\\/\\\/universoesportivo.net\\\/index.php\\\/2025\\\/09\\\/29\\\/futebol-de-catanduva-em-luto-morre-tercio-lateral-que-foi-do-gremio-catanduvense\\\/\",\"url\":\"https:\\\/\\\/universoesportivo.net\\\/index.php\\\/2025\\\/09\\\/29\\\/futebol-de-catanduva-em-luto-morre-tercio-lateral-que-foi-do-gremio-catanduvense\\\/\",\"name\":\"Futebol de Catanduva em luto: morre T\u00e9rcio, lateral que foi do Gr\u00eamio Catanduvense - Universo Esportivo\",\"isPartOf\":{\"@id\":\"https:\\\/\\\/universoesportivo.net\\\/#website\"},\"primaryImageOfPage\":{\"@id\":\"https:\\\/\\\/universoesportivo.net\\\/index.php\\\/2025\\\/09\\\/29\\\/futebol-de-catanduva-em-luto-morre-tercio-lateral-que-foi-do-gremio-catanduvense\\\/#primaryimage\"},\"image\":{\"@id\":\"https:\\\/\\\/universoesportivo.net\\\/index.php\\\/2025\\\/09\\\/29\\\/futebol-de-catanduva-em-luto-morre-tercio-lateral-que-foi-do-gremio-catanduvense\\\/#primaryimage\"},\"thumbnailUrl\":\"https:\\\/\\\/universoesportivo.net\\\/wp-content\\\/uploads\\\/2025\\\/09\\\/abretersio.jpg\",\"datePublished\":\"2025-09-29T15:49:20+00:00\",\"dateModified\":\"2025-09-29T20:18:56+00:00\",\"breadcrumb\":{\"@id\":\"https:\\\/\\\/universoesportivo.net\\\/index.php\\\/2025\\\/09\\\/29\\\/futebol-de-catanduva-em-luto-morre-tercio-lateral-que-foi-do-gremio-catanduvense\\\/#breadcrumb\"},\"inLanguage\":\"pt-BR\",\"potentialAction\":[{\"@type\":\"ReadAction\",\"target\":[\"https:\\\/\\\/universoesportivo.net\\\/index.php\\\/2025\\\/09\\\/29\\\/futebol-de-catanduva-em-luto-morre-tercio-lateral-que-foi-do-gremio-catanduvense\\\/\"]}]},{\"@type\":\"ImageObject\",\"inLanguage\":\"pt-BR\",\"@id\":\"https:\\\/\\\/universoesportivo.net\\\/index.php\\\/2025\\\/09\\\/29\\\/futebol-de-catanduva-em-luto-morre-tercio-lateral-que-foi-do-gremio-catanduvense\\\/#primaryimage\",\"url\":\"https:\\\/\\\/universoesportivo.net\\\/wp-content\\\/uploads\\\/2025\\\/09\\\/abretersio.jpg\",\"contentUrl\":\"https:\\\/\\\/universoesportivo.net\\\/wp-content\\\/uploads\\\/2025\\\/09\\\/abretersio.jpg\",\"width\":400,\"height\":281},{\"@type\":\"BreadcrumbList\",\"@id\":\"https:\\\/\\\/universoesportivo.net\\\/index.php\\\/2025\\\/09\\\/29\\\/futebol-de-catanduva-em-luto-morre-tercio-lateral-que-foi-do-gremio-catanduvense\\\/#breadcrumb\",\"itemListElement\":[{\"@type\":\"ListItem\",\"position\":1,\"name\":\"In\u00edcio\",\"item\":\"https:\\\/\\\/universoesportivo.net\\\/\"},{\"@type\":\"ListItem\",\"position\":2,\"name\":\"Futebol de Catanduva em luto: morre T\u00e9rcio, lateral que foi do Gr\u00eamio Catanduvense\"}]},{\"@type\":\"WebSite\",\"@id\":\"https:\\\/\\\/universoesportivo.net\\\/#website\",\"url\":\"https:\\\/\\\/universoesportivo.net\\\/\",\"name\":\"Universo Esportivo\",\"description\":\"O portal de todas as modalidades esportivas!\",\"publisher\":{\"@id\":\"https:\\\/\\\/universoesportivo.net\\\/#organization\"},\"alternateName\":\"Jornalista Tiago Contador Lotto\",\"potentialAction\":[{\"@type\":\"SearchAction\",\"target\":{\"@type\":\"EntryPoint\",\"urlTemplate\":\"https:\\\/\\\/universoesportivo.net\\\/?s={search_term_string}\"},\"query-input\":{\"@type\":\"PropertyValueSpecification\",\"valueRequired\":true,\"valueName\":\"search_term_string\"}}],\"inLanguage\":\"pt-BR\"},{\"@type\":\"Organization\",\"@id\":\"https:\\\/\\\/universoesportivo.net\\\/#organization\",\"name\":\"Universo Esportivo\",\"alternateName\":\"Tiago Lotto\",\"url\":\"https:\\\/\\\/universoesportivo.net\\\/\",\"logo\":{\"@type\":\"ImageObject\",\"inLanguage\":\"pt-BR\",\"@id\":\"https:\\\/\\\/universoesportivo.net\\\/#\\\/schema\\\/logo\\\/image\\\/\",\"url\":\"https:\\\/\\\/universoesportivo.net\\\/wp-content\\\/uploads\\\/2024\\\/05\\\/cropped-cropped-universo-6.png\",\"contentUrl\":\"https:\\\/\\\/universoesportivo.net\\\/wp-content\\\/uploads\\\/2024\\\/05\\\/cropped-cropped-universo-6.png\",\"width\":413,\"height\":295,\"caption\":\"Universo Esportivo\"},\"image\":{\"@id\":\"https:\\\/\\\/universoesportivo.net\\\/#\\\/schema\\\/logo\\\/image\\\/\"},\"sameAs\":[\"https:\\\/\\\/www.facebook.com\\\/universoesportivo.net\"]},{\"@type\":\"Person\",\"@id\":\"https:\\\/\\\/universoesportivo.net\\\/#\\\/schema\\\/person\\\/62bc311bc7def56a6bc83711536e74bd\",\"name\":\"Tiago Lotto\",\"image\":{\"@type\":\"ImageObject\",\"inLanguage\":\"pt-BR\",\"@id\":\"https:\\\/\\\/secure.gravatar.com\\\/avatar\\\/fd6891125b3fb6ba0b794cd20c3398d5bb0fa20d2b9963a95f19470e5a6192f7?s=96&d=mm&r=g\",\"url\":\"https:\\\/\\\/secure.gravatar.com\\\/avatar\\\/fd6891125b3fb6ba0b794cd20c3398d5bb0fa20d2b9963a95f19470e5a6192f7?s=96&d=mm&r=g\",\"contentUrl\":\"https:\\\/\\\/secure.gravatar.com\\\/avatar\\\/fd6891125b3fb6ba0b794cd20c3398d5bb0fa20d2b9963a95f19470e5a6192f7?s=96&d=mm&r=g\",\"caption\":\"Tiago Lotto\"},\"url\":\"https:\\\/\\\/universoesportivo.net\\\/index.php\\\/author\\\/tiago-lotto\\\/\"}]}<\/script>\n<!-- \/ Yoast SEO plugin. -->","yoast_head_json":{"title":"Futebol de Catanduva em luto: morre T\u00e9rcio, lateral que foi do Gr\u00eamio Catanduvense - Universo Esportivo","robots":{"index":"index","follow":"follow","max-snippet":"max-snippet:-1","max-image-preview":"max-image-preview:large","max-video-preview":"max-video-preview:-1"},"canonical":"https:\/\/universoesportivo.net\/index.php\/2025\/09\/29\/futebol-de-catanduva-em-luto-morre-tercio-lateral-que-foi-do-gremio-catanduvense\/","og_locale":"pt_BR","og_type":"article","og_title":"Futebol de Catanduva em luto: morre T\u00e9rcio, lateral que foi do Gr\u00eamio Catanduvense - Universo Esportivo","og_description":"Lateral direito jogou no Gr\u00eamio Catanduvense nas d\u00e9cadas de 1970 e 1980. Tamb\u00e9m passou pelo Mar\u00edlia e chegou a ser campe\u00e3o pelo Cear\u00e1.","og_url":"https:\/\/universoesportivo.net\/index.php\/2025\/09\/29\/futebol-de-catanduva-em-luto-morre-tercio-lateral-que-foi-do-gremio-catanduvense\/","og_site_name":"Universo Esportivo","article_publisher":"https:\/\/www.facebook.com\/universoesportivo.net","article_published_time":"2025-09-29T15:49:20+00:00","article_modified_time":"2025-09-29T20:18:56+00:00","og_image":[{"width":400,"height":281,"url":"https:\/\/universoesportivo.net\/wp-content\/uploads\/2025\/09\/abretersio.jpg","type":"image\/jpeg"}],"author":"Tiago Lotto","twitter_card":"summary_large_image","twitter_misc":{"Escrito por":"Tiago Lotto","Est. tempo de leitura":"2 minutos"},"schema":{"@context":"https:\/\/schema.org","@graph":[{"@type":"Article","@id":"https:\/\/universoesportivo.net\/index.php\/2025\/09\/29\/futebol-de-catanduva-em-luto-morre-tercio-lateral-que-foi-do-gremio-catanduvense\/#article","isPartOf":{"@id":"https:\/\/universoesportivo.net\/index.php\/2025\/09\/29\/futebol-de-catanduva-em-luto-morre-tercio-lateral-que-foi-do-gremio-catanduvense\/"},"author":{"name":"Tiago Lotto","@id":"https:\/\/universoesportivo.net\/#\/schema\/person\/62bc311bc7def56a6bc83711536e74bd"},"headline":"Futebol de Catanduva em luto: morre T\u00e9rcio, lateral que foi do Gr\u00eamio Catanduvense","datePublished":"2025-09-29T15:49:20+00:00","dateModified":"2025-09-29T20:18:56+00:00","mainEntityOfPage":{"@id":"https:\/\/universoesportivo.net\/index.php\/2025\/09\/29\/futebol-de-catanduva-em-luto-morre-tercio-lateral-que-foi-do-gremio-catanduvense\/"},"wordCount":227,"publisher":{"@id":"https:\/\/universoesportivo.net\/#organization"},"image":{"@id":"https:\/\/universoesportivo.net\/index.php\/2025\/09\/29\/futebol-de-catanduva-em-luto-morre-tercio-lateral-que-foi-do-gremio-catanduvense\/#primaryimage"},"thumbnailUrl":"https:\/\/universoesportivo.net\/wp-content\/uploads\/2025\/09\/abretersio.jpg","articleSection":["ESPORTES","LUTO"],"inLanguage":"pt-BR"},{"@type":"WebPage","@id":"https:\/\/universoesportivo.net\/index.php\/2025\/09\/29\/futebol-de-catanduva-em-luto-morre-tercio-lateral-que-foi-do-gremio-catanduvense\/","url":"https:\/\/universoesportivo.net\/index.php\/2025\/09\/29\/futebol-de-catanduva-em-luto-morre-tercio-lateral-que-foi-do-gremio-catanduvense\/","name":"Futebol de Catanduva em luto: morre T\u00e9rcio, lateral que foi do Gr\u00eamio Catanduvense - Universo Esportivo","isPartOf":{"@id":"https:\/\/universoesportivo.net\/#website"},"primaryImageOfPage":{"@id":"https:\/\/universoesportivo.net\/index.php\/2025\/09\/29\/futebol-de-catanduva-em-luto-morre-tercio-lateral-que-foi-do-gremio-catanduvense\/#primaryimage"},"image":{"@id":"https:\/\/universoesportivo.net\/index.php\/2025\/09\/29\/futebol-de-catanduva-em-luto-morre-tercio-lateral-que-foi-do-gremio-catanduvense\/#primaryimage"},"thumbnailUrl":"https:\/\/universoesportivo.net\/wp-content\/uploads\/2025\/09\/abretersio.jpg","datePublished":"2025-09-29T15:49:20+00:00","dateModified":"2025-09-29T20:18:56+00:00","breadcrumb":{"@id":"https:\/\/universoesportivo.net\/index.php\/2025\/09\/29\/futebol-de-catanduva-em-luto-morre-tercio-lateral-que-foi-do-gremio-catanduvense\/#breadcrumb"},"inLanguage":"pt-BR","potentialAction":[{"@type":"ReadAction","target":["https:\/\/universoesportivo.net\/index.php\/2025\/09\/29\/futebol-de-catanduva-em-luto-morre-tercio-lateral-que-foi-do-gremio-catanduvense\/"]}]},{"@type":"ImageObject","inLanguage":"pt-BR","@id":"https:\/\/universoesportivo.net\/index.php\/2025\/09\/29\/futebol-de-catanduva-em-luto-morre-tercio-lateral-que-foi-do-gremio-catanduvense\/#primaryimage","url":"https:\/\/universoesportivo.net\/wp-content\/uploads\/2025\/09\/abretersio.jpg","contentUrl":"https:\/\/universoesportivo.net\/wp-content\/uploads\/2025\/09\/abretersio.jpg","width":400,"height":281},{"@type":"BreadcrumbList","@id":"https:\/\/universoesportivo.net\/index.php\/2025\/09\/29\/futebol-de-catanduva-em-luto-morre-tercio-lateral-que-foi-do-gremio-catanduvense\/#breadcrumb","itemListElement":[{"@type":"ListItem","position":1,"name":"In\u00edcio","item":"https:\/\/universoesportivo.net\/"},{"@type":"ListItem","position":2,"name":"Futebol de Catanduva em luto: morre T\u00e9rcio, lateral que foi do Gr\u00eamio Catanduvense"}]},{"@type":"WebSite","@id":"https:\/\/universoesportivo.net\/#website","url":"https:\/\/universoesportivo.net\/","name":"Universo Esportivo","description":"O portal de todas as modalidades esportivas!","publisher":{"@id":"https:\/\/universoesportivo.net\/#organization"},"alternateName":"Jornalista Tiago Contador Lotto","potentialAction":[{"@type":"SearchAction","target":{"@type":"EntryPoint","urlTemplate":"https:\/\/universoesportivo.net\/?s={search_term_string}"},"query-input":{"@type":"PropertyValueSpecification","valueRequired":true,"valueName":"search_term_string"}}],"inLanguage":"pt-BR"},{"@type":"Organization","@id":"https:\/\/universoesportivo.net\/#organization","name":"Universo Esportivo","alternateName":"Tiago Lotto","url":"https:\/\/universoesportivo.net\/","logo":{"@type":"ImageObject","inLanguage":"pt-BR","@id":"https:\/\/universoesportivo.net\/#\/schema\/logo\/image\/","url":"https:\/\/universoesportivo.net\/wp-content\/uploads\/2024\/05\/cropped-cropped-universo-6.png","contentUrl":"https:\/\/universoesportivo.net\/wp-content\/uploads\/2024\/05\/cropped-cropped-universo-6.png","width":413,"height":295,"caption":"Universo Esportivo"},"image":{"@id":"https:\/\/universoesportivo.net\/#\/schema\/logo\/image\/"},"sameAs":["https:\/\/www.facebook.com\/universoesportivo.net"]},{"@type":"Person","@id":"https:\/\/universoesportivo.net\/#\/schema\/person\/62bc311bc7def56a6bc83711536e74bd","name":"Tiago Lotto","image":{"@type":"ImageObject","inLanguage":"pt-BR","@id":"https:\/\/secure.gravatar.com\/avatar\/fd6891125b3fb6ba0b794cd20c3398d5bb0fa20d2b9963a95f19470e5a6192f7?s=96&d=mm&r=g","url":"https:\/\/secure.gravatar.com\/avatar\/fd6891125b3fb6ba0b794cd20c3398d5bb0fa20d2b9963a95f19470e5a6192f7?s=96&d=mm&r=g","contentUrl":"https:\/\/secure.gravatar.com\/avatar\/fd6891125b3fb6ba0b794cd20c3398d5bb0fa20d2b9963a95f19470e5a6192f7?s=96&d=mm&r=g","caption":"Tiago Lotto"},"url":"https:\/\/universoesportivo.net\/index.php\/author\/tiago-lotto\/"}]}},"jetpack_featured_media_url":"https:\/\/universoesportivo.net\/wp-content\/uploads\/2025\/09\/abretersio.jpg","_links":{"self":[{"href":"https:\/\/universoesportivo.net\/index.php\/wp-json\/wp\/v2\/posts\/2261","targetHints":{"allow":["GET"]}}],"collection":[{"href":"https:\/\/universoesportivo.net\/index.php\/wp-json\/wp\/v2\/posts"}],"about":[{"href":"https:\/\/universoesportivo.net\/index.php\/wp-json\/wp\/v2\/types\/post"}],"author":[{"embeddable":true,"href":"https:\/\/universoesportivo.net\/index.php\/wp-json\/wp\/v2\/users\/2"}],"replies":[{"embeddable":true,"href":"https:\/\/universoesportivo.net\/index.php\/wp-json\/wp\/v2\/comments?post=2261"}],"version-history":[{"count":3,"href":"https:\/\/universoesportivo.net\/index.php\/wp-json\/wp\/v2\/posts\/2261\/revisions"}],"predecessor-version":[{"id":2267,"href":"https:\/\/universoesportivo.net\/index.php\/wp-json\/wp\/v2\/posts\/2261\/revisions\/2267"}],"wp:featuredmedia":[{"embeddable":true,"href":"https:\/\/universoesportivo.net\/index.php\/wp-json\/wp\/v2\/media\/2262"}],"wp:attachment":[{"href":"https:\/\/universoesportivo.net\/index.php\/wp-json\/wp\/v2\/media?parent=2261"}],"wp:term":[{"taxonomy":"category","embeddable":true,"href":"https:\/\/universoesportivo.net\/index.php\/wp-json\/wp\/v2\/categories?post=2261"},{"taxonomy":"post_tag","embeddable":true,"href":"https:\/\/universoesportivo.net\/index.php\/wp-json\/wp\/v2\/tags?post=2261"}],"curies":[{"name":"wp","href":"https:\/\/api.w.org\/{rel}","templated":true}]}}